{"id":3437,"date":"2026-08-25T12:00:00","date_gmt":"2026-08-25T10:00:00","guid":{"rendered":"https:\/\/pans.krosno.pl\/zarzadzanie\/?p=3437"},"modified":"2026-08-26T09:49:20","modified_gmt":"2026-08-26T07:49:20","slug":"zaklad-zarzadzania-podczas-karpackich-klimatow-2026","status":"publish","type":"post","link":"https:\/\/pans.krosno.pl\/zarzadzanie\/zaklad-zarzadzania-podczas-karpackich-klimatow-2026\/","title":{"rendered":"Zak\u0142ad Zarz\u0105dzania podczas Karpackich Klimat\u00f3w 2026"},"content":{"rendered":"\n<p class=\"wp-block-paragraph\">W ubieg\u0142\u0105 niedziel\u0119 Zak\u0142ad Zarz\u0105dzania PANS Krosno uczestniczy\u0142 w kolejnej edycji Karpackich Klimat\u00f3w.<\/p>\n\n\n\n<div class=\"wp-block-group is-nowrap is-layout-flex wp-container-core-group-is-layout-002ffff5 wp-block-group-is-layout-flex\">\n<figure class=\"wp-block-image size-large\"><img loading=\"lazy\" decoding=\"async\" width=\"1024\" height=\"683\" src=\"https:\/\/pans.krosno.pl\/zarzadzanie\/wp-content\/uploads\/sites\/31\/2026\/08\/780388996_28310894735170507_1809304118034408482_n-1024x683.jpg\" alt=\"\" class=\"wp-image-3440\" srcset=\"https:\/\/pans.krosno.pl\/zarzadzanie\/wp-content\/uploads\/sites\/31\/2026\/08\/780388996_28310894735170507_1809304118034408482_n-1024x683.jpg 1024w, https:\/\/pans.krosno.pl\/zarzadzanie\/wp-content\/uploads\/sites\/31\/2026\/08\/780388996_28310894735170507_1809304118034408482_n-300x200.jpg 300w, https:\/\/pans.krosno.pl\/zarzadzanie\/wp-content\/uploads\/sites\/31\/2026\/08\/780388996_28310894735170507_1809304118034408482_n-768x512.jpg 768w, https:\/\/pans.krosno.pl\/zarzadzanie\/wp-content\/uploads\/sites\/31\/2026\/08\/780388996_28310894735170507_1809304118034408482_n-1536x1024.jpg 1536w, https:\/\/pans.krosno.pl\/zarzadzanie\/wp-content\/uploads\/sites\/31\/2026\/08\/780388996_28310894735170507_1809304118034408482_n-2000x1333.jpg 2000w, https:\/\/pans.krosno.pl\/zarzadzanie\/wp-content\/uploads\/sites\/31\/2026\/08\/780388996_28310894735170507_1809304118034408482_n-800x533.jpg 800w, https:\/\/pans.krosno.pl\/zarzadzanie\/wp-content\/uploads\/sites\/31\/2026\/08\/780388996_28310894735170507_1809304118034408482_n-580x387.jpg 580w, https:\/\/pans.krosno.pl\/zarzadzanie\/wp-content\/uploads\/sites\/31\/2026\/08\/780388996_28310894735170507_1809304118034408482_n.jpg 2048w\" sizes=\"auto, (max-width: 1024px) 100vw, 1024px\" \/><\/figure>\n<\/div>\n\n\n\n<p class=\"wp-block-paragraph\">Na przygotowanym stoisku uczestnicy mogli spr\u00f3bowa\u0107 swoich si\u0142 w trzech aktywno\u015bciach nawi\u0105zuj\u0105cych do r\u00f3\u017cnych obszar\u00f3w zarz\u0105dzania. Budowa Wie\u017cy Mened\u017cera wymaga\u0142a kreatywno\u015bci, pomys\u0142owo\u015bci i planowania. Misja Logistyczna pozwala\u0142a zmierzy\u0107 si\u0119 z wyborem trasy oraz reagowaniem na pojawiaj\u0105ce si\u0119 utrudnienia i ryzyko. Z kolei Ko\u0142o Decyzji \u0142\u0105czy\u0142o kr\u00f3tkie pytania i zadania z elementem niespodzianki.<\/p>\n\n\n\n<p class=\"wp-block-paragraph\">Dzi\u0119kujemy wszystkim uczestnikom za odwiedzenie naszego stoiska i wsp\u00f3ln\u0105 zabaw\u0119. Do zobaczenia podczas kolejnej edycji Karpackich Klimat\u00f3w.<\/p>\n\n\n\n<figure class=\"wp-block-gallery has-nested-images columns-default is-cropped wp-block-gallery-1 is-layout-flex wp-block-gallery-is-layout-flex\">\n<figure class=\"wp-block-image size-large\"><img loading=\"lazy\" decoding=\"async\" width=\"768\" height=\"1024\" data-id=\"3442\" src=\"https:\/\/pans.krosno.pl\/zarzadzanie\/wp-content\/uploads\/sites\/31\/2026\/08\/Messenger_creation_2509D69F-78FD-45E9-A9EA-DDFCD69AF72A-768x1024.jpg\" alt=\"\" class=\"wp-image-3442\" srcset=\"https:\/\/pans.krosno.pl\/zarzadzanie\/wp-content\/uploads\/sites\/31\/2026\/08\/Messenger_creation_2509D69F-78FD-45E9-A9EA-DDFCD69AF72A-768x1024.jpg 768w, https:\/\/pans.krosno.pl\/zarzadzanie\/wp-content\/uploads\/sites\/31\/2026\/08\/Messenger_creation_2509D69F-78FD-45E9-A9EA-DDFCD69AF72A-225x300.jpg 225w, https:\/\/pans.krosno.pl\/zarzadzanie\/wp-content\/uploads\/sites\/31\/2026\/08\/Messenger_creation_2509D69F-78FD-45E9-A9EA-DDFCD69AF72A-1152x1536.jpg 1152w, https:\/\/pans.krosno.pl\/zarzadzanie\/wp-content\/uploads\/sites\/31\/2026\/08\/Messenger_creation_2509D69F-78FD-45E9-A9EA-DDFCD69AF72A-800x1067.jpg 800w, https:\/\/pans.krosno.pl\/zarzadzanie\/wp-content\/uploads\/sites\/31\/2026\/08\/Messenger_creation_2509D69F-78FD-45E9-A9EA-DDFCD69AF72A-580x773.jpg 580w, https:\/\/pans.krosno.pl\/zarzadzanie\/wp-content\/uploads\/sites\/31\/2026\/08\/Messenger_creation_2509D69F-78FD-45E9-A9EA-DDFCD69AF72A.jpg 1536w\" sizes=\"auto, (max-width: 768px) 100vw, 768px\" \/><\/figure>\n\n\n\n<figure class=\"wp-block-image size-large\"><img loading=\"lazy\" decoding=\"async\" width=\"768\" height=\"1024\" data-id=\"3452\" src=\"https:\/\/pans.krosno.pl\/zarzadzanie\/wp-content\/uploads\/sites\/31\/2026\/08\/20260823_155311-3-768x1024.jpg\" alt=\"\" class=\"wp-image-3452\" srcset=\"https:\/\/pans.krosno.pl\/zarzadzanie\/wp-content\/uploads\/sites\/31\/2026\/08\/20260823_155311-3-768x1024.jpg 768w, https:\/\/pans.krosno.pl\/zarzadzanie\/wp-content\/uploads\/sites\/31\/2026\/08\/20260823_155311-3-225x300.jpg 225w, https:\/\/pans.krosno.pl\/zarzadzanie\/wp-content\/uploads\/sites\/31\/2026\/08\/20260823_155311-3-1152x1536.jpg 1152w, https:\/\/pans.krosno.pl\/zarzadzanie\/wp-content\/uploads\/sites\/31\/2026\/08\/20260823_155311-3-1536x2048.jpg 1536w, https:\/\/pans.krosno.pl\/zarzadzanie\/wp-content\/uploads\/sites\/31\/2026\/08\/20260823_155311-3-2000x2667.jpg 2000w, https:\/\/pans.krosno.pl\/zarzadzanie\/wp-content\/uploads\/sites\/31\/2026\/08\/20260823_155311-3-800x1067.jpg 800w, https:\/\/pans.krosno.pl\/zarzadzanie\/wp-content\/uploads\/sites\/31\/2026\/08\/20260823_155311-3-580x773.jpg 580w, https:\/\/pans.krosno.pl\/zarzadzanie\/wp-content\/uploads\/sites\/31\/2026\/08\/20260823_155311-3-scaled.jpg 1920w\" sizes=\"auto, (max-width: 768px) 100vw, 768px\" \/><\/figure>\n\n\n\n<figure class=\"wp-block-image size-large\"><img loading=\"lazy\" decoding=\"async\" width=\"576\" height=\"1024\" data-id=\"3444\" src=\"https:\/\/pans.krosno.pl\/zarzadzanie\/wp-content\/uploads\/sites\/31\/2026\/08\/Messenger_creation_83FD5049-683A-4525-B26B-8811E8AE044F-576x1024.jpg\" alt=\"\" class=\"wp-image-3444\" srcset=\"https:\/\/pans.krosno.pl\/zarzadzanie\/wp-content\/uploads\/sites\/31\/2026\/08\/Messenger_creation_83FD5049-683A-4525-B26B-8811E8AE044F-576x1024.jpg 576w, https:\/\/pans.krosno.pl\/zarzadzanie\/wp-content\/uploads\/sites\/31\/2026\/08\/Messenger_creation_83FD5049-683A-4525-B26B-8811E8AE044F-169x300.jpg 169w, https:\/\/pans.krosno.pl\/zarzadzanie\/wp-content\/uploads\/sites\/31\/2026\/08\/Messenger_creation_83FD5049-683A-4525-B26B-8811E8AE044F-768x1365.jpg 768w, https:\/\/pans.krosno.pl\/zarzadzanie\/wp-content\/uploads\/sites\/31\/2026\/08\/Messenger_creation_83FD5049-683A-4525-B26B-8811E8AE044F-864x1536.jpg 864w, https:\/\/pans.krosno.pl\/zarzadzanie\/wp-content\/uploads\/sites\/31\/2026\/08\/Messenger_creation_83FD5049-683A-4525-B26B-8811E8AE044F-800x1422.jpg 800w, https:\/\/pans.krosno.pl\/zarzadzanie\/wp-content\/uploads\/sites\/31\/2026\/08\/Messenger_creation_83FD5049-683A-4525-B26B-8811E8AE044F-580x1031.jpg 580w, https:\/\/pans.krosno.pl\/zarzadzanie\/wp-content\/uploads\/sites\/31\/2026\/08\/Messenger_creation_83FD5049-683A-4525-B26B-8811E8AE044F.jpg 1152w\" sizes=\"auto, (max-width: 576px) 100vw, 576px\" \/><\/figure>\n<\/figure>\n\n\n\n<p class=\"wp-block-paragraph\"><\/p>\n\n\n\n<figure class=\"wp-block-gallery has-nested-images columns-default is-cropped wp-block-gallery-2 is-layout-flex wp-block-gallery-is-layout-flex\">\n<figure class=\"wp-block-image size-large\"><img loading=\"lazy\" decoding=\"async\" width=\"1024\" height=\"768\" data-id=\"3455\" src=\"https:\/\/pans.krosno.pl\/zarzadzanie\/wp-content\/uploads\/sites\/31\/2026\/08\/20260823_134320-1-1024x768.jpg\" alt=\"\" class=\"wp-image-3455\" srcset=\"https:\/\/pans.krosno.pl\/zarzadzanie\/wp-content\/uploads\/sites\/31\/2026\/08\/20260823_134320-1-1024x768.jpg 1024w, https:\/\/pans.krosno.pl\/zarzadzanie\/wp-content\/uploads\/sites\/31\/2026\/08\/20260823_134320-1-300x225.jpg 300w, https:\/\/pans.krosno.pl\/zarzadzanie\/wp-content\/uploads\/sites\/31\/2026\/08\/20260823_134320-1-768x576.jpg 768w, https:\/\/pans.krosno.pl\/zarzadzanie\/wp-content\/uploads\/sites\/31\/2026\/08\/20260823_134320-1-1536x1152.jpg 1536w, https:\/\/pans.krosno.pl\/zarzadzanie\/wp-content\/uploads\/sites\/31\/2026\/08\/20260823_134320-1-2048x1536.jpg 2048w, https:\/\/pans.krosno.pl\/zarzadzanie\/wp-content\/uploads\/sites\/31\/2026\/08\/20260823_134320-1-2000x1500.jpg 2000w, https:\/\/pans.krosno.pl\/zarzadzanie\/wp-content\/uploads\/sites\/31\/2026\/08\/20260823_134320-1-800x600.jpg 800w, https:\/\/pans.krosno.pl\/zarzadzanie\/wp-content\/uploads\/sites\/31\/2026\/08\/20260823_134320-1-580x435.jpg 580w\" sizes=\"auto, (max-width: 1024px) 100vw, 1024px\" \/><\/figure>\n\n\n\n<figure class=\"wp-block-image size-large\"><img loading=\"lazy\" decoding=\"async\" width=\"1024\" height=\"683\" data-id=\"3453\" src=\"https:\/\/pans.krosno.pl\/zarzadzanie\/wp-content\/uploads\/sites\/31\/2026\/08\/782489533_1004959159233725_5328606397618650887_n-1024x683.jpg\" alt=\"\" class=\"wp-image-3453\" srcset=\"https:\/\/pans.krosno.pl\/zarzadzanie\/wp-content\/uploads\/sites\/31\/2026\/08\/782489533_1004959159233725_5328606397618650887_n-1024x683.jpg 1024w, https:\/\/pans.krosno.pl\/zarzadzanie\/wp-content\/uploads\/sites\/31\/2026\/08\/782489533_1004959159233725_5328606397618650887_n-300x200.jpg 300w, https:\/\/pans.krosno.pl\/zarzadzanie\/wp-content\/uploads\/sites\/31\/2026\/08\/782489533_1004959159233725_5328606397618650887_n-768x512.jpg 768w, https:\/\/pans.krosno.pl\/zarzadzanie\/wp-content\/uploads\/sites\/31\/2026\/08\/782489533_1004959159233725_5328606397618650887_n-1536x1024.jpg 1536w, https:\/\/pans.krosno.pl\/zarzadzanie\/wp-content\/uploads\/sites\/31\/2026\/08\/782489533_1004959159233725_5328606397618650887_n-2000x1333.jpg 2000w, https:\/\/pans.krosno.pl\/zarzadzanie\/wp-content\/uploads\/sites\/31\/2026\/08\/782489533_1004959159233725_5328606397618650887_n-800x533.jpg 800w, https:\/\/pans.krosno.pl\/zarzadzanie\/wp-content\/uploads\/sites\/31\/2026\/08\/782489533_1004959159233725_5328606397618650887_n-580x387.jpg 580w, https:\/\/pans.krosno.pl\/zarzadzanie\/wp-content\/uploads\/sites\/31\/2026\/08\/782489533_1004959159233725_5328606397618650887_n.jpg 2048w\" sizes=\"auto, (max-width: 1024px) 100vw, 1024px\" \/><\/figure>\n<\/figure>\n\n\n\n<p class=\"wp-block-paragraph\"><\/p>\n","protected":false},"excerpt":{"rendered":"<p>W ubieg\u0142\u0105 niedziel\u0119 Zak\u0142ad Zarz\u0105dzania PANS Krosno uczestniczy\u0142 w kolejnej edycji Karpackich Klimat\u00f3w. Na przygotowanym stoisku uczestnicy mogli spr\u00f3bowa\u0107 swoich si\u0142 w trzech aktywno\u015bciach nawi\u0105zuj\u0105cych do r\u00f3\u017cnych obszar\u00f3w zarz\u0105dzania. Budowa Wie\u017cy Mened\u017cera wymaga\u0142a kreatywno\u015bci, pomys\u0142owo\u015bci i planowania. Misja Logistyczna pozwala\u0142a zmierzy\u0107 si\u0119 z wyborem trasy oraz reagowaniem na pojawiaj\u0105ce si\u0119 [\u2026] <\/p>\n<div class=\"clear\"><\/div>\n<p><a class=\"more_link clearfix\" href=\"https:\/\/pans.krosno.pl\/zarzadzanie\/zaklad-zarzadzania-podczas-karpackich-klimatow-2026\/\" rel=\"nofollow\">Read More<\/a><\/p>\n","protected":false},"author":115,"featured_media":3440,"comment_status":"open","ping_status":"open","sticky":false,"template":"","format":"standard","meta":{"ngg_post_thumbnail":0,"footnotes":""},"categories":[1],"tags":[57,58,41],"class_list":["post-3437","post","type-post","status-publish","format-standard","has-post-thumbnail","hentry","category-bez-kategorii","tag-karpackieklimaty","tag-panskrosno-2","tag-zarzadzanie-3"],"yoast_head":"<!-- This site is optimized with the Yoast SEO Premium plugin v28.3 (Yoast SEO v28.3) - https:\/\/yoast.com\/product\/yoast-seo-premium-wordpress\/ -->\n<title>Zak\u0142ad Zarz\u0105dzania podczas Karpackich Klimat\u00f3w 2026 - Zarz\u0105dzanie PANS w Kro\u015bnie<\/title>\n<meta name=\"robots\" content=\"index, follow, max-snippet:-1, max-image-preview:large, max-video-preview:-1\" \/>\n<link rel=\"canonical\" href=\"https:\/\/pans.krosno.pl\/zarzadzanie\/zaklad-zarzadzania-podczas-karpackich-klimatow-2026\/\" \/>\n<meta property=\"og:locale\" content=\"pl_PL\" \/>\n<meta property=\"og:type\" content=\"article\" \/>\n<meta property=\"og:title\" content=\"Zak\u0142ad Zarz\u0105dzania podczas Karpackich Klimat\u00f3w 2026\" \/>\n<meta property=\"og:description\" content=\"W ubieg\u0142\u0105 niedziel\u0119 Zak\u0142ad Zarz\u0105dzania PANS Krosno uczestniczy\u0142 w kolejnej edycji Karpackich Klimat\u00f3w. Na przygotowanym stoisku uczestnicy mogli spr\u00f3bowa\u0107 swoich si\u0142 w trzech aktywno\u015bciach nawi\u0105zuj\u0105cych do r\u00f3\u017cnych obszar\u00f3w zarz\u0105dzania. Budowa Wie\u017cy Mened\u017cera wymaga\u0142a kreatywno\u015bci, pomys\u0142owo\u015bci i planowania. Misja Logistyczna pozwala\u0142a zmierzy\u0107 si\u0119 z wyborem trasy oraz reagowaniem na pojawiaj\u0105ce si\u0119 [\u2026] Read More\" \/>\n<meta property=\"og:url\" content=\"https:\/\/pans.krosno.pl\/zarzadzanie\/zaklad-zarzadzania-podczas-karpackich-klimatow-2026\/\" \/>\n<meta property=\"og:site_name\" content=\"Zarz\u0105dzanie PANS w Kro\u015bnie\" \/>\n<meta property=\"article:published_time\" content=\"2026-08-25T10:00:00+00:00\" \/>\n<meta property=\"article:modified_time\" content=\"2026-08-26T07:49:20+00:00\" \/>\n<meta property=\"og:image\" content=\"https:\/\/pans.krosno.pl\/zarzadzanie\/wp-content\/uploads\/sites\/31\/2026\/08\/780388996_28310894735170507_1809304118034408482_n.jpg\" \/>\n\t<meta property=\"og:image:width\" content=\"2048\" \/>\n\t<meta property=\"og:image:height\" content=\"1365\" \/>\n\t<meta property=\"og:image:type\" content=\"image\/jpeg\" \/>\n<meta name=\"author\" content=\"mateusznowak\" \/>\n<meta name=\"twitter:card\" content=\"summary_large_image\" \/>\n<meta name=\"twitter:label1\" content=\"Napisane przez\" \/>\n\t<meta name=\"twitter:data1\" content=\"mateusznowak\" \/>\n\t<meta name=\"twitter:label2\" content=\"Szacowany czas czytania\" \/>\n\t<meta name=\"twitter:data2\" content=\"2 minuty\" \/>\n<script type=\"application\/ld+json\" class=\"yoast-schema-graph\">{\"@context\":\"https:\\\/\\\/schema.org\",\"@graph\":[{\"@type\":\"Article\",\"@id\":\"https:\\\/\\\/pans.krosno.pl\\\/zarzadzanie\\\/zaklad-zarzadzania-podczas-karpackich-klimatow-2026\\\/#article\",\"isPartOf\":{\"@id\":\"https:\\\/\\\/pans.krosno.pl\\\/zarzadzanie\\\/zaklad-zarzadzania-podczas-karpackich-klimatow-2026\\\/\"},\"author\":{\"name\":\"mateusznowak\",\"@id\":\"https:\\\/\\\/pans.krosno.pl\\\/zarzadzanie\\\/#\\\/schema\\\/person\\\/bc4ad2c67033e66c694ea0943df9f35f\"},\"headline\":\"Zak\u0142ad Zarz\u0105dzania podczas Karpackich Klimat\u00f3w 2026\",\"datePublished\":\"2026-08-25T10:00:00+00:00\",\"dateModified\":\"2026-08-26T07:49:20+00:00\",\"mainEntityOfPage\":{\"@id\":\"https:\\\/\\\/pans.krosno.pl\\\/zarzadzanie\\\/zaklad-zarzadzania-podczas-karpackich-klimatow-2026\\\/\"},\"wordCount\":114,\"commentCount\":0,\"publisher\":{\"@id\":\"https:\\\/\\\/pans.krosno.pl\\\/zarzadzanie\\\/#organization\"},\"image\":{\"@id\":\"https:\\\/\\\/pans.krosno.pl\\\/zarzadzanie\\\/zaklad-zarzadzania-podczas-karpackich-klimatow-2026\\\/#primaryimage\"},\"thumbnailUrl\":\"https:\\\/\\\/pans.krosno.pl\\\/zarzadzanie\\\/wp-content\\\/uploads\\\/sites\\\/31\\\/2026\\\/08\\\/780388996_28310894735170507_1809304118034408482_n.jpg\",\"keywords\":[\"#karpackieklimaty\",\"#PANSKrosno\",\"#Zarzadzanie\"],\"inLanguage\":\"pl-PL\",\"potentialAction\":[{\"@type\":\"CommentAction\",\"name\":\"Comment\",\"target\":[\"https:\\\/\\\/pans.krosno.pl\\\/zarzadzanie\\\/zaklad-zarzadzania-podczas-karpackich-klimatow-2026\\\/#respond\"]}]},{\"@type\":\"WebPage\",\"@id\":\"https:\\\/\\\/pans.krosno.pl\\\/zarzadzanie\\\/zaklad-zarzadzania-podczas-karpackich-klimatow-2026\\\/\",\"url\":\"https:\\\/\\\/pans.krosno.pl\\\/zarzadzanie\\\/zaklad-zarzadzania-podczas-karpackich-klimatow-2026\\\/\",\"name\":\"Zak\u0142ad Zarz\u0105dzania podczas Karpackich Klimat\u00f3w 2026 - Zarz\u0105dzanie PANS w Kro\u015bnie\",\"isPartOf\":{\"@id\":\"https:\\\/\\\/pans.krosno.pl\\\/zarzadzanie\\\/#website\"},\"primaryImageOfPage\":{\"@id\":\"https:\\\/\\\/pans.krosno.pl\\\/zarzadzanie\\\/zaklad-zarzadzania-podczas-karpackich-klimatow-2026\\\/#primaryimage\"},\"image\":{\"@id\":\"https:\\\/\\\/pans.krosno.pl\\\/zarzadzanie\\\/zaklad-zarzadzania-podczas-karpackich-klimatow-2026\\\/#primaryimage\"},\"thumbnailUrl\":\"https:\\\/\\\/pans.krosno.pl\\\/zarzadzanie\\\/wp-content\\\/uploads\\\/sites\\\/31\\\/2026\\\/08\\\/780388996_28310894735170507_1809304118034408482_n.jpg\",\"datePublished\":\"2026-08-25T10:00:00+00:00\",\"dateModified\":\"2026-08-26T07:49:20+00:00\",\"breadcrumb\":{\"@id\":\"https:\\\/\\\/pans.krosno.pl\\\/zarzadzanie\\\/zaklad-zarzadzania-podczas-karpackich-klimatow-2026\\\/#breadcrumb\"},\"inLanguage\":\"pl-PL\",\"potentialAction\":[{\"@type\":\"ReadAction\",\"target\":[\"https:\\\/\\\/pans.krosno.pl\\\/zarzadzanie\\\/zaklad-zarzadzania-podczas-karpackich-klimatow-2026\\\/\"]}]},{\"@type\":\"ImageObject\",\"inLanguage\":\"pl-PL\",\"@id\":\"https:\\\/\\\/pans.krosno.pl\\\/zarzadzanie\\\/zaklad-zarzadzania-podczas-karpackich-klimatow-2026\\\/#primaryimage\",\"url\":\"https:\\\/\\\/pans.krosno.pl\\\/zarzadzanie\\\/wp-content\\\/uploads\\\/sites\\\/31\\\/2026\\\/08\\\/780388996_28310894735170507_1809304118034408482_n.jpg\",\"contentUrl\":\"https:\\\/\\\/pans.krosno.pl\\\/zarzadzanie\\\/wp-content\\\/uploads\\\/sites\\\/31\\\/2026\\\/08\\\/780388996_28310894735170507_1809304118034408482_n.jpg\",\"width\":2048,\"height\":1365},{\"@type\":\"BreadcrumbList\",\"@id\":\"https:\\\/\\\/pans.krosno.pl\\\/zarzadzanie\\\/zaklad-zarzadzania-podczas-karpackich-klimatow-2026\\\/#breadcrumb\",\"itemListElement\":[{\"@type\":\"ListItem\",\"position\":1,\"name\":\"Strona g\u0142\u00f3wna\",\"item\":\"https:\\\/\\\/pans.krosno.pl\\\/zarzadzanie\\\/\"},{\"@type\":\"ListItem\",\"position\":2,\"name\":\"Zak\u0142ad Zarz\u0105dzania podczas Karpackich Klimat\u00f3w 2026\"}]},{\"@type\":\"WebSite\",\"@id\":\"https:\\\/\\\/pans.krosno.pl\\\/zarzadzanie\\\/#website\",\"url\":\"https:\\\/\\\/pans.krosno.pl\\\/zarzadzanie\\\/\",\"name\":\"Zarz\u0105dzanie PANS w Kro\u015bnie\",\"description\":\"Zarz\u0105dzanie - Pa\u0144stwowa Akademia Nauk Stosowanych\",\"publisher\":{\"@id\":\"https:\\\/\\\/pans.krosno.pl\\\/zarzadzanie\\\/#organization\"},\"potentialAction\":[{\"@type\":\"SearchAction\",\"target\":{\"@type\":\"EntryPoint\",\"urlTemplate\":\"https:\\\/\\\/pans.krosno.pl\\\/zarzadzanie\\\/?s={search_term_string}\"},\"query-input\":{\"@type\":\"PropertyValueSpecification\",\"valueRequired\":true,\"valueName\":\"search_term_string\"}}],\"inLanguage\":\"pl-PL\"},{\"@type\":\"Organization\",\"@id\":\"https:\\\/\\\/pans.krosno.pl\\\/zarzadzanie\\\/#organization\",\"name\":\"Zarz\u0105dzanie PANS w Kro\u015bnie\",\"url\":\"https:\\\/\\\/pans.krosno.pl\\\/zarzadzanie\\\/\",\"logo\":{\"@type\":\"ImageObject\",\"inLanguage\":\"pl-PL\",\"@id\":\"https:\\\/\\\/pans.krosno.pl\\\/zarzadzanie\\\/#\\\/schema\\\/logo\\\/image\\\/\",\"url\":\"https:\\\/\\\/pans.krosno.pl\\\/zarzadzanie\\\/wp-content\\\/uploads\\\/sites\\\/31\\\/2023\\\/01\\\/Logo-PANS-2022-pelne.png\",\"contentUrl\":\"https:\\\/\\\/pans.krosno.pl\\\/zarzadzanie\\\/wp-content\\\/uploads\\\/sites\\\/31\\\/2023\\\/01\\\/Logo-PANS-2022-pelne.png\",\"width\":3096,\"height\":696,\"caption\":\"Zarz\u0105dzanie PANS w Kro\u015bnie\"},\"image\":{\"@id\":\"https:\\\/\\\/pans.krosno.pl\\\/zarzadzanie\\\/#\\\/schema\\\/logo\\\/image\\\/\"}},{\"@type\":\"Person\",\"@id\":\"https:\\\/\\\/pans.krosno.pl\\\/zarzadzanie\\\/#\\\/schema\\\/person\\\/bc4ad2c67033e66c694ea0943df9f35f\",\"name\":\"mateusznowak\",\"image\":{\"@type\":\"ImageObject\",\"inLanguage\":\"pl-PL\",\"@id\":\"https:\\\/\\\/secure.gravatar.com\\\/avatar\\\/de24ad611a30c6299c7ba4d513d650384dbab9d933e1e4790c93b0d43518cce7?s=96&d=mm&r=g\",\"url\":\"https:\\\/\\\/secure.gravatar.com\\\/avatar\\\/de24ad611a30c6299c7ba4d513d650384dbab9d933e1e4790c93b0d43518cce7?s=96&d=mm&r=g\",\"contentUrl\":\"https:\\\/\\\/secure.gravatar.com\\\/avatar\\\/de24ad611a30c6299c7ba4d513d650384dbab9d933e1e4790c93b0d43518cce7?s=96&d=mm&r=g\",\"caption\":\"mateusznowak\"},\"url\":\"https:\\\/\\\/pans.krosno.pl\\\/zarzadzanie\\\/author\\\/mateusznowak\\\/\"}]}<\/script>\n<!-- \/ Yoast SEO Premium plugin. -->","yoast_head_json":{"title":"Zak\u0142ad Zarz\u0105dzania podczas Karpackich Klimat\u00f3w 2026 - Zarz\u0105dzanie PANS w Kro\u015bnie","robots":{"index":"index","follow":"follow","max-snippet":"max-snippet:-1","max-image-preview":"max-image-preview:large","max-video-preview":"max-video-preview:-1"},"canonical":"https:\/\/pans.krosno.pl\/zarzadzanie\/zaklad-zarzadzania-podczas-karpackich-klimatow-2026\/","og_locale":"pl_PL","og_type":"article","og_title":"Zak\u0142ad Zarz\u0105dzania podczas Karpackich Klimat\u00f3w 2026","og_description":"W ubieg\u0142\u0105 niedziel\u0119 Zak\u0142ad Zarz\u0105dzania PANS Krosno uczestniczy\u0142 w kolejnej edycji Karpackich Klimat\u00f3w. Na przygotowanym stoisku uczestnicy mogli spr\u00f3bowa\u0107 swoich si\u0142 w trzech aktywno\u015bciach nawi\u0105zuj\u0105cych do r\u00f3\u017cnych obszar\u00f3w zarz\u0105dzania. Budowa Wie\u017cy Mened\u017cera wymaga\u0142a kreatywno\u015bci, pomys\u0142owo\u015bci i planowania. Misja Logistyczna pozwala\u0142a zmierzy\u0107 si\u0119 z wyborem trasy oraz reagowaniem na pojawiaj\u0105ce si\u0119 [\u2026] Read More","og_url":"https:\/\/pans.krosno.pl\/zarzadzanie\/zaklad-zarzadzania-podczas-karpackich-klimatow-2026\/","og_site_name":"Zarz\u0105dzanie PANS w Kro\u015bnie","article_published_time":"2026-08-25T10:00:00+00:00","article_modified_time":"2026-08-26T07:49:20+00:00","og_image":[{"width":2048,"height":1365,"url":"https:\/\/pans.krosno.pl\/zarzadzanie\/wp-content\/uploads\/sites\/31\/2026\/08\/780388996_28310894735170507_1809304118034408482_n.jpg","type":"image\/jpeg"}],"author":"mateusznowak","twitter_card":"summary_large_image","twitter_misc":{"Napisane przez":"mateusznowak","Szacowany czas czytania":"2 minuty"},"schema":{"@context":"https:\/\/schema.org","@graph":[{"@type":"Article","@id":"https:\/\/pans.krosno.pl\/zarzadzanie\/zaklad-zarzadzania-podczas-karpackich-klimatow-2026\/#article","isPartOf":{"@id":"https:\/\/pans.krosno.pl\/zarzadzanie\/zaklad-zarzadzania-podczas-karpackich-klimatow-2026\/"},"author":{"name":"mateusznowak","@id":"https:\/\/pans.krosno.pl\/zarzadzanie\/#\/schema\/person\/bc4ad2c67033e66c694ea0943df9f35f"},"headline":"Zak\u0142ad Zarz\u0105dzania podczas Karpackich Klimat\u00f3w 2026","datePublished":"2026-08-25T10:00:00+00:00","dateModified":"2026-08-26T07:49:20+00:00","mainEntityOfPage":{"@id":"https:\/\/pans.krosno.pl\/zarzadzanie\/zaklad-zarzadzania-podczas-karpackich-klimatow-2026\/"},"wordCount":114,"commentCount":0,"publisher":{"@id":"https:\/\/pans.krosno.pl\/zarzadzanie\/#organization"},"image":{"@id":"https:\/\/pans.krosno.pl\/zarzadzanie\/zaklad-zarzadzania-podczas-karpackich-klimatow-2026\/#primaryimage"},"thumbnailUrl":"https:\/\/pans.krosno.pl\/zarzadzanie\/wp-content\/uploads\/sites\/31\/2026\/08\/780388996_28310894735170507_1809304118034408482_n.jpg","keywords":["#karpackieklimaty","#PANSKrosno","#Zarzadzanie"],"inLanguage":"pl-PL","potentialAction":[{"@type":"CommentAction","name":"Comment","target":["https:\/\/pans.krosno.pl\/zarzadzanie\/zaklad-zarzadzania-podczas-karpackich-klimatow-2026\/#respond"]}]},{"@type":"WebPage","@id":"https:\/\/pans.krosno.pl\/zarzadzanie\/zaklad-zarzadzania-podczas-karpackich-klimatow-2026\/","url":"https:\/\/pans.krosno.pl\/zarzadzanie\/zaklad-zarzadzania-podczas-karpackich-klimatow-2026\/","name":"Zak\u0142ad Zarz\u0105dzania podczas Karpackich Klimat\u00f3w 2026 - Zarz\u0105dzanie PANS w Kro\u015bnie","isPartOf":{"@id":"https:\/\/pans.krosno.pl\/zarzadzanie\/#website"},"primaryImageOfPage":{"@id":"https:\/\/pans.krosno.pl\/zarzadzanie\/zaklad-zarzadzania-podczas-karpackich-klimatow-2026\/#primaryimage"},"image":{"@id":"https:\/\/pans.krosno.pl\/zarzadzanie\/zaklad-zarzadzania-podczas-karpackich-klimatow-2026\/#primaryimage"},"thumbnailUrl":"https:\/\/pans.krosno.pl\/zarzadzanie\/wp-content\/uploads\/sites\/31\/2026\/08\/780388996_28310894735170507_1809304118034408482_n.jpg","datePublished":"2026-08-25T10:00:00+00:00","dateModified":"2026-08-26T07:49:20+00:00","breadcrumb":{"@id":"https:\/\/pans.krosno.pl\/zarzadzanie\/zaklad-zarzadzania-podczas-karpackich-klimatow-2026\/#breadcrumb"},"inLanguage":"pl-PL","potentialAction":[{"@type":"ReadAction","target":["https:\/\/pans.krosno.pl\/zarzadzanie\/zaklad-zarzadzania-podczas-karpackich-klimatow-2026\/"]}]},{"@type":"ImageObject","inLanguage":"pl-PL","@id":"https:\/\/pans.krosno.pl\/zarzadzanie\/zaklad-zarzadzania-podczas-karpackich-klimatow-2026\/#primaryimage","url":"https:\/\/pans.krosno.pl\/zarzadzanie\/wp-content\/uploads\/sites\/31\/2026\/08\/780388996_28310894735170507_1809304118034408482_n.jpg","contentUrl":"https:\/\/pans.krosno.pl\/zarzadzanie\/wp-content\/uploads\/sites\/31\/2026\/08\/780388996_28310894735170507_1809304118034408482_n.jpg","width":2048,"height":1365},{"@type":"BreadcrumbList","@id":"https:\/\/pans.krosno.pl\/zarzadzanie\/zaklad-zarzadzania-podczas-karpackich-klimatow-2026\/#breadcrumb","itemListElement":[{"@type":"ListItem","position":1,"name":"Strona g\u0142\u00f3wna","item":"https:\/\/pans.krosno.pl\/zarzadzanie\/"},{"@type":"ListItem","position":2,"name":"Zak\u0142ad Zarz\u0105dzania podczas Karpackich Klimat\u00f3w 2026"}]},{"@type":"WebSite","@id":"https:\/\/pans.krosno.pl\/zarzadzanie\/#website","url":"https:\/\/pans.krosno.pl\/zarzadzanie\/","name":"Zarz\u0105dzanie PANS w Kro\u015bnie","description":"Zarz\u0105dzanie - Pa\u0144stwowa Akademia Nauk Stosowanych","publisher":{"@id":"https:\/\/pans.krosno.pl\/zarzadzanie\/#organization"},"potentialAction":[{"@type":"SearchAction","target":{"@type":"EntryPoint","urlTemplate":"https:\/\/pans.krosno.pl\/zarzadzanie\/?s={search_term_string}"},"query-input":{"@type":"PropertyValueSpecification","valueRequired":true,"valueName":"search_term_string"}}],"inLanguage":"pl-PL"},{"@type":"Organization","@id":"https:\/\/pans.krosno.pl\/zarzadzanie\/#organization","name":"Zarz\u0105dzanie PANS w Kro\u015bnie","url":"https:\/\/pans.krosno.pl\/zarzadzanie\/","logo":{"@type":"ImageObject","inLanguage":"pl-PL","@id":"https:\/\/pans.krosno.pl\/zarzadzanie\/#\/schema\/logo\/image\/","url":"https:\/\/pans.krosno.pl\/zarzadzanie\/wp-content\/uploads\/sites\/31\/2023\/01\/Logo-PANS-2022-pelne.png","contentUrl":"https:\/\/pans.krosno.pl\/zarzadzanie\/wp-content\/uploads\/sites\/31\/2023\/01\/Logo-PANS-2022-pelne.png","width":3096,"height":696,"caption":"Zarz\u0105dzanie PANS w Kro\u015bnie"},"image":{"@id":"https:\/\/pans.krosno.pl\/zarzadzanie\/#\/schema\/logo\/image\/"}},{"@type":"Person","@id":"https:\/\/pans.krosno.pl\/zarzadzanie\/#\/schema\/person\/bc4ad2c67033e66c694ea0943df9f35f","name":"mateusznowak","image":{"@type":"ImageObject","inLanguage":"pl-PL","@id":"https:\/\/secure.gravatar.com\/avatar\/de24ad611a30c6299c7ba4d513d650384dbab9d933e1e4790c93b0d43518cce7?s=96&d=mm&r=g","url":"https:\/\/secure.gravatar.com\/avatar\/de24ad611a30c6299c7ba4d513d650384dbab9d933e1e4790c93b0d43518cce7?s=96&d=mm&r=g","contentUrl":"https:\/\/secure.gravatar.com\/avatar\/de24ad611a30c6299c7ba4d513d650384dbab9d933e1e4790c93b0d43518cce7?s=96&d=mm&r=g","caption":"mateusznowak"},"url":"https:\/\/pans.krosno.pl\/zarzadzanie\/author\/mateusznowak\/"}]}},"_links":{"self":[{"href":"https:\/\/pans.krosno.pl\/zarzadzanie\/wp-json\/wp\/v2\/posts\/3437","targetHints":{"allow":["GET"]}}],"collection":[{"href":"https:\/\/pans.krosno.pl\/zarzadzanie\/wp-json\/wp\/v2\/posts"}],"about":[{"href":"https:\/\/pans.krosno.pl\/zarzadzanie\/wp-json\/wp\/v2\/types\/post"}],"author":[{"embeddable":true,"href":"https:\/\/pans.krosno.pl\/zarzadzanie\/wp-json\/wp\/v2\/users\/115"}],"replies":[{"embeddable":true,"href":"https:\/\/pans.krosno.pl\/zarzadzanie\/wp-json\/wp\/v2\/comments?post=3437"}],"version-history":[{"count":4,"href":"https:\/\/pans.krosno.pl\/zarzadzanie\/wp-json\/wp\/v2\/posts\/3437\/revisions"}],"predecessor-version":[{"id":3459,"href":"https:\/\/pans.krosno.pl\/zarzadzanie\/wp-json\/wp\/v2\/posts\/3437\/revisions\/3459"}],"wp:featuredmedia":[{"embeddable":true,"href":"https:\/\/pans.krosno.pl\/zarzadzanie\/wp-json\/wp\/v2\/media\/3440"}],"wp:attachment":[{"href":"https:\/\/pans.krosno.pl\/zarzadzanie\/wp-json\/wp\/v2\/media?parent=3437"}],"wp:term":[{"taxonomy":"category","embeddable":true,"href":"https:\/\/pans.krosno.pl\/zarzadzanie\/wp-json\/wp\/v2\/categories?post=3437"},{"taxonomy":"post_tag","embeddable":true,"href":"https:\/\/pans.krosno.pl\/zarzadzanie\/wp-json\/wp\/v2\/tags?post=3437"}],"curies":[{"name":"wp","href":"https:\/\/api.w.org\/{rel}","templated":true}]}}