{"id":3307,"date":"2026-04-24T12:00:00","date_gmt":"2026-04-24T10:00:00","guid":{"rendered":"https:\/\/pans.krosno.pl\/zarzadzanie\/?p=3307"},"modified":"2026-04-24T10:37:13","modified_gmt":"2026-04-24T08:37:13","slug":"zaklad-zarzadzania-pans-na-miedzynarodowej-konferencji-naukowej-radom-2026","status":"publish","type":"post","link":"https:\/\/pans.krosno.pl\/zarzadzanie\/zaklad-zarzadzania-pans-na-miedzynarodowej-konferencji-naukowej-radom-2026\/","title":{"rendered":"Zak\u0142ad Zarz\u0105dzania PANS na Mi\u0119dzynarodowej Konferencji Naukowej \u2013 Radom 2026"},"content":{"rendered":"\n<div class=\"wp-block-group is-nowrap is-layout-flex wp-container-core-group-is-layout-6c531013 wp-block-group-is-layout-flex\">\n<p>W dniu 17 kwietnia 2026 r. w Akademii Handlowej Nauk Stosowanych w Radomiu odby\u0142a si\u0119 Mi\u0119dzynarodowa Konferencja Naukowa pt. \u201eSpo\u0142ecze\u0144stwo Przysz\u0142o\u015bci \u2013 Interdyscyplinarne Scenariusze Rozwoju. Celem konferencji by\u0142a integracja \u015brodowisk naukowych i praktyk\u00f3w oraz wymiana wiedzy, a tak\u017ce wsparcie innowacji i rozwoju kompetencji m\u0142odych badaczy.<\/p>\n<\/div>\n\n\n\n<figure class=\"wp-block-image size-large\"><img loading=\"lazy\" decoding=\"async\" width=\"1024\" height=\"683\" src=\"https:\/\/pans.krosno.pl\/zarzadzanie\/wp-content\/uploads\/sites\/31\/2026\/04\/image-1024x683.png\" alt=\"\" class=\"wp-image-3308\" srcset=\"https:\/\/pans.krosno.pl\/zarzadzanie\/wp-content\/uploads\/sites\/31\/2026\/04\/image-1024x683.png 1024w, https:\/\/pans.krosno.pl\/zarzadzanie\/wp-content\/uploads\/sites\/31\/2026\/04\/image-300x200.png 300w, https:\/\/pans.krosno.pl\/zarzadzanie\/wp-content\/uploads\/sites\/31\/2026\/04\/image-768x512.png 768w, https:\/\/pans.krosno.pl\/zarzadzanie\/wp-content\/uploads\/sites\/31\/2026\/04\/image-800x533.png 800w, https:\/\/pans.krosno.pl\/zarzadzanie\/wp-content\/uploads\/sites\/31\/2026\/04\/image-580x387.png 580w, https:\/\/pans.krosno.pl\/zarzadzanie\/wp-content\/uploads\/sites\/31\/2026\/04\/image.png 1080w\" sizes=\"auto, (max-width: 1024px) 100vw, 1024px\" \/><\/figure>\n\n\n\n<p>Zak\u0142ad Zarz\u0105dzania PANS w Kro\u015bnie reprezentowa\u0142 mgr \u0141ukasz Szerl\u0105g, kt\u00f3ry w trakcie konferencji wyg\u0142osi\u0142 referat pt. \u201eOd zagro\u017cenia do bezpiecze\u0144stwa: zarz\u0105dzanie cyberbezpiecze\u0144stwem w organizacjach\u201d.<\/p>\n\n\n\n<figure class=\"wp-block-gallery has-nested-images columns-default is-cropped wp-block-gallery-1 is-layout-flex wp-block-gallery-is-layout-flex\">\n<figure class=\"wp-block-image size-large\"><img loading=\"lazy\" decoding=\"async\" width=\"1024\" height=\"683\" data-id=\"3310\" src=\"https:\/\/pans.krosno.pl\/zarzadzanie\/wp-content\/uploads\/sites\/31\/2026\/04\/image-2-1024x683.png\" alt=\"\" class=\"wp-image-3310\" srcset=\"https:\/\/pans.krosno.pl\/zarzadzanie\/wp-content\/uploads\/sites\/31\/2026\/04\/image-2-1024x683.png 1024w, https:\/\/pans.krosno.pl\/zarzadzanie\/wp-content\/uploads\/sites\/31\/2026\/04\/image-2-300x200.png 300w, https:\/\/pans.krosno.pl\/zarzadzanie\/wp-content\/uploads\/sites\/31\/2026\/04\/image-2-768x512.png 768w, https:\/\/pans.krosno.pl\/zarzadzanie\/wp-content\/uploads\/sites\/31\/2026\/04\/image-2-1536x1024.png 1536w, https:\/\/pans.krosno.pl\/zarzadzanie\/wp-content\/uploads\/sites\/31\/2026\/04\/image-2-2000x1333.png 2000w, https:\/\/pans.krosno.pl\/zarzadzanie\/wp-content\/uploads\/sites\/31\/2026\/04\/image-2-800x533.png 800w, https:\/\/pans.krosno.pl\/zarzadzanie\/wp-content\/uploads\/sites\/31\/2026\/04\/image-2-580x387.png 580w, https:\/\/pans.krosno.pl\/zarzadzanie\/wp-content\/uploads\/sites\/31\/2026\/04\/image-2.png 2048w\" sizes=\"auto, (max-width: 1024px) 100vw, 1024px\" \/><\/figure>\n\n\n\n<figure class=\"wp-block-image size-large\"><img loading=\"lazy\" decoding=\"async\" width=\"746\" height=\"1024\" data-id=\"3309\" src=\"https:\/\/pans.krosno.pl\/zarzadzanie\/wp-content\/uploads\/sites\/31\/2026\/04\/image-1-746x1024.png\" alt=\"\" class=\"wp-image-3309\" srcset=\"https:\/\/pans.krosno.pl\/zarzadzanie\/wp-content\/uploads\/sites\/31\/2026\/04\/image-1-746x1024.png 746w, https:\/\/pans.krosno.pl\/zarzadzanie\/wp-content\/uploads\/sites\/31\/2026\/04\/image-1-219x300.png 219w, https:\/\/pans.krosno.pl\/zarzadzanie\/wp-content\/uploads\/sites\/31\/2026\/04\/image-1-768x1054.png 768w, https:\/\/pans.krosno.pl\/zarzadzanie\/wp-content\/uploads\/sites\/31\/2026\/04\/image-1-1120x1536.png 1120w, https:\/\/pans.krosno.pl\/zarzadzanie\/wp-content\/uploads\/sites\/31\/2026\/04\/image-1-800x1098.png 800w, https:\/\/pans.krosno.pl\/zarzadzanie\/wp-content\/uploads\/sites\/31\/2026\/04\/image-1-580x796.png 580w, https:\/\/pans.krosno.pl\/zarzadzanie\/wp-content\/uploads\/sites\/31\/2026\/04\/image-1.png 1492w\" sizes=\"auto, (max-width: 746px) 100vw, 746px\" \/><\/figure>\n<\/figure>\n\n\n\n<p>Udzia\u0142 w konferencji stanowi\u0142 wa\u017cny element rozwoju naukowego oraz okazj\u0119 do wymiany do\u015bwiadcze\u0144 i prezentacji wynik\u00f3w bada\u0144 w mi\u0119dzynarodowym gronie.<\/p>\n","protected":false},"excerpt":{"rendered":"<p>W dniu 17 kwietnia 2026 r. w Akademii Handlowej Nauk Stosowanych w Radomiu odby\u0142a si\u0119 Mi\u0119dzynarodowa Konferencja Naukowa pt. \u201eSpo\u0142ecze\u0144stwo Przysz\u0142o\u015bci \u2013 Interdyscyplinarne Scenariusze Rozwoju. Celem konferencji by\u0142a integracja \u015brodowisk naukowych i praktyk\u00f3w oraz wymiana wiedzy, a tak\u017ce wsparcie innowacji i rozwoju kompetencji m\u0142odych badaczy. Zak\u0142ad Zarz\u0105dzania PANS w Kro\u015bnie [\u2026] <\/p>\n<div class=\"clear\"><\/div>\n<p><a class=\"more_link clearfix\" href=\"https:\/\/pans.krosno.pl\/zarzadzanie\/zaklad-zarzadzania-pans-na-miedzynarodowej-konferencji-naukowej-radom-2026\/\" rel=\"nofollow\">Read More<\/a><\/p>\n","protected":false},"author":115,"featured_media":3310,"comment_status":"open","ping_status":"open","sticky":false,"template":"","format":"standard","meta":{"ngg_post_thumbnail":0,"footnotes":""},"categories":[36],"tags":[51,41,31],"class_list":["post-3307","post","type-post","status-publish","format-standard","has-post-thumbnail","hentry","category-konferencja","tag-konferencja","tag-zarzadzanie-3","tag-panskrosno"],"yoast_head":"<!-- This site is optimized with the Yoast SEO Premium plugin v27.4 (Yoast SEO v27.4) - https:\/\/yoast.com\/product\/yoast-seo-premium-wordpress\/ -->\n<title>Zak\u0142ad Zarz\u0105dzania PANS na Mi\u0119dzynarodowej Konferencji Naukowej \u2013 Radom 2026 - Zarz\u0105dzanie PANS w Kro\u015bnie<\/title>\n<meta name=\"robots\" content=\"index, follow, max-snippet:-1, max-image-preview:large, max-video-preview:-1\" \/>\n<link rel=\"canonical\" href=\"https:\/\/pans.krosno.pl\/zarzadzanie\/zaklad-zarzadzania-pans-na-miedzynarodowej-konferencji-naukowej-radom-2026\/\" \/>\n<meta property=\"og:locale\" content=\"pl_PL\" \/>\n<meta property=\"og:type\" content=\"article\" \/>\n<meta property=\"og:title\" content=\"Zak\u0142ad Zarz\u0105dzania PANS na Mi\u0119dzynarodowej Konferencji Naukowej \u2013 Radom 2026\" \/>\n<meta property=\"og:description\" content=\"W dniu 17 kwietnia 2026 r. w Akademii Handlowej Nauk Stosowanych w Radomiu odby\u0142a si\u0119 Mi\u0119dzynarodowa Konferencja Naukowa pt. \u201eSpo\u0142ecze\u0144stwo Przysz\u0142o\u015bci \u2013 Interdyscyplinarne Scenariusze Rozwoju. Celem konferencji by\u0142a integracja \u015brodowisk naukowych i praktyk\u00f3w oraz wymiana wiedzy, a tak\u017ce wsparcie innowacji i rozwoju kompetencji m\u0142odych badaczy. Zak\u0142ad Zarz\u0105dzania PANS w Kro\u015bnie [\u2026] Read More\" \/>\n<meta property=\"og:url\" content=\"https:\/\/pans.krosno.pl\/zarzadzanie\/zaklad-zarzadzania-pans-na-miedzynarodowej-konferencji-naukowej-radom-2026\/\" \/>\n<meta property=\"og:site_name\" content=\"Zarz\u0105dzanie PANS w Kro\u015bnie\" \/>\n<meta property=\"article:published_time\" content=\"2026-04-24T10:00:00+00:00\" \/>\n<meta property=\"og:image\" content=\"https:\/\/pans.krosno.pl\/zarzadzanie\/wp-content\/uploads\/sites\/31\/2026\/04\/image-2-1024x683.png\" \/>\n\t<meta property=\"og:image:width\" content=\"1024\" \/>\n\t<meta property=\"og:image:height\" content=\"683\" \/>\n\t<meta property=\"og:image:type\" content=\"image\/png\" \/>\n<meta name=\"author\" content=\"mateusznowak\" \/>\n<meta name=\"twitter:card\" content=\"summary_large_image\" \/>\n<meta name=\"twitter:label1\" content=\"Napisane przez\" \/>\n\t<meta name=\"twitter:data1\" content=\"mateusznowak\" \/>\n\t<meta name=\"twitter:label2\" content=\"Szacowany czas czytania\" \/>\n\t<meta name=\"twitter:data2\" content=\"2 minuty\" \/>\n<script type=\"application\/ld+json\" class=\"yoast-schema-graph\">{\"@context\":\"https:\\\/\\\/schema.org\",\"@graph\":[{\"@type\":\"Article\",\"@id\":\"https:\\\/\\\/pans.krosno.pl\\\/zarzadzanie\\\/zaklad-zarzadzania-pans-na-miedzynarodowej-konferencji-naukowej-radom-2026\\\/#article\",\"isPartOf\":{\"@id\":\"https:\\\/\\\/pans.krosno.pl\\\/zarzadzanie\\\/zaklad-zarzadzania-pans-na-miedzynarodowej-konferencji-naukowej-radom-2026\\\/\"},\"author\":{\"name\":\"mateusznowak\",\"@id\":\"https:\\\/\\\/pans.krosno.pl\\\/zarzadzanie\\\/#\\\/schema\\\/person\\\/bc4ad2c67033e66c694ea0943df9f35f\"},\"headline\":\"Zak\u0142ad Zarz\u0105dzania PANS na Mi\u0119dzynarodowej Konferencji Naukowej \u2013 Radom 2026\",\"datePublished\":\"2026-04-24T10:00:00+00:00\",\"mainEntityOfPage\":{\"@id\":\"https:\\\/\\\/pans.krosno.pl\\\/zarzadzanie\\\/zaklad-zarzadzania-pans-na-miedzynarodowej-konferencji-naukowej-radom-2026\\\/\"},\"wordCount\":121,\"commentCount\":0,\"publisher\":{\"@id\":\"https:\\\/\\\/pans.krosno.pl\\\/zarzadzanie\\\/#organization\"},\"image\":{\"@id\":\"https:\\\/\\\/pans.krosno.pl\\\/zarzadzanie\\\/zaklad-zarzadzania-pans-na-miedzynarodowej-konferencji-naukowej-radom-2026\\\/#primaryimage\"},\"thumbnailUrl\":\"https:\\\/\\\/pans.krosno.pl\\\/zarzadzanie\\\/wp-content\\\/uploads\\\/sites\\\/31\\\/2026\\\/04\\\/image-2.png\",\"keywords\":[\"#konferencja\",\"#Zarzadzanie\",\"PANSKrosno\"],\"articleSection\":[\"konferencja\"],\"inLanguage\":\"pl-PL\",\"potentialAction\":[{\"@type\":\"CommentAction\",\"name\":\"Comment\",\"target\":[\"https:\\\/\\\/pans.krosno.pl\\\/zarzadzanie\\\/zaklad-zarzadzania-pans-na-miedzynarodowej-konferencji-naukowej-radom-2026\\\/#respond\"]}]},{\"@type\":\"WebPage\",\"@id\":\"https:\\\/\\\/pans.krosno.pl\\\/zarzadzanie\\\/zaklad-zarzadzania-pans-na-miedzynarodowej-konferencji-naukowej-radom-2026\\\/\",\"url\":\"https:\\\/\\\/pans.krosno.pl\\\/zarzadzanie\\\/zaklad-zarzadzania-pans-na-miedzynarodowej-konferencji-naukowej-radom-2026\\\/\",\"name\":\"Zak\u0142ad Zarz\u0105dzania PANS na Mi\u0119dzynarodowej Konferencji Naukowej \u2013 Radom 2026 - Zarz\u0105dzanie PANS w Kro\u015bnie\",\"isPartOf\":{\"@id\":\"https:\\\/\\\/pans.krosno.pl\\\/zarzadzanie\\\/#website\"},\"primaryImageOfPage\":{\"@id\":\"https:\\\/\\\/pans.krosno.pl\\\/zarzadzanie\\\/zaklad-zarzadzania-pans-na-miedzynarodowej-konferencji-naukowej-radom-2026\\\/#primaryimage\"},\"image\":{\"@id\":\"https:\\\/\\\/pans.krosno.pl\\\/zarzadzanie\\\/zaklad-zarzadzania-pans-na-miedzynarodowej-konferencji-naukowej-radom-2026\\\/#primaryimage\"},\"thumbnailUrl\":\"https:\\\/\\\/pans.krosno.pl\\\/zarzadzanie\\\/wp-content\\\/uploads\\\/sites\\\/31\\\/2026\\\/04\\\/image-2.png\",\"datePublished\":\"2026-04-24T10:00:00+00:00\",\"breadcrumb\":{\"@id\":\"https:\\\/\\\/pans.krosno.pl\\\/zarzadzanie\\\/zaklad-zarzadzania-pans-na-miedzynarodowej-konferencji-naukowej-radom-2026\\\/#breadcrumb\"},\"inLanguage\":\"pl-PL\",\"potentialAction\":[{\"@type\":\"ReadAction\",\"target\":[\"https:\\\/\\\/pans.krosno.pl\\\/zarzadzanie\\\/zaklad-zarzadzania-pans-na-miedzynarodowej-konferencji-naukowej-radom-2026\\\/\"]}]},{\"@type\":\"ImageObject\",\"inLanguage\":\"pl-PL\",\"@id\":\"https:\\\/\\\/pans.krosno.pl\\\/zarzadzanie\\\/zaklad-zarzadzania-pans-na-miedzynarodowej-konferencji-naukowej-radom-2026\\\/#primaryimage\",\"url\":\"https:\\\/\\\/pans.krosno.pl\\\/zarzadzanie\\\/wp-content\\\/uploads\\\/sites\\\/31\\\/2026\\\/04\\\/image-2.png\",\"contentUrl\":\"https:\\\/\\\/pans.krosno.pl\\\/zarzadzanie\\\/wp-content\\\/uploads\\\/sites\\\/31\\\/2026\\\/04\\\/image-2.png\",\"width\":2048,\"height\":1365},{\"@type\":\"BreadcrumbList\",\"@id\":\"https:\\\/\\\/pans.krosno.pl\\\/zarzadzanie\\\/zaklad-zarzadzania-pans-na-miedzynarodowej-konferencji-naukowej-radom-2026\\\/#breadcrumb\",\"itemListElement\":[{\"@type\":\"ListItem\",\"position\":1,\"name\":\"Strona g\u0142\u00f3wna\",\"item\":\"https:\\\/\\\/pans.krosno.pl\\\/zarzadzanie\\\/\"},{\"@type\":\"ListItem\",\"position\":2,\"name\":\"Zak\u0142ad Zarz\u0105dzania PANS na Mi\u0119dzynarodowej Konferencji Naukowej \u2013 Radom 2026\"}]},{\"@type\":\"WebSite\",\"@id\":\"https:\\\/\\\/pans.krosno.pl\\\/zarzadzanie\\\/#website\",\"url\":\"https:\\\/\\\/pans.krosno.pl\\\/zarzadzanie\\\/\",\"name\":\"Zarz\u0105dzanie PANS w Kro\u015bnie\",\"description\":\"Zarz\u0105dzanie - Pa\u0144stwowa Akademia Nauk Stosowanych\",\"publisher\":{\"@id\":\"https:\\\/\\\/pans.krosno.pl\\\/zarzadzanie\\\/#organization\"},\"potentialAction\":[{\"@type\":\"SearchAction\",\"target\":{\"@type\":\"EntryPoint\",\"urlTemplate\":\"https:\\\/\\\/pans.krosno.pl\\\/zarzadzanie\\\/?s={search_term_string}\"},\"query-input\":{\"@type\":\"PropertyValueSpecification\",\"valueRequired\":true,\"valueName\":\"search_term_string\"}}],\"inLanguage\":\"pl-PL\"},{\"@type\":\"Organization\",\"@id\":\"https:\\\/\\\/pans.krosno.pl\\\/zarzadzanie\\\/#organization\",\"name\":\"Zarz\u0105dzanie PANS w Kro\u015bnie\",\"url\":\"https:\\\/\\\/pans.krosno.pl\\\/zarzadzanie\\\/\",\"logo\":{\"@type\":\"ImageObject\",\"inLanguage\":\"pl-PL\",\"@id\":\"https:\\\/\\\/pans.krosno.pl\\\/zarzadzanie\\\/#\\\/schema\\\/logo\\\/image\\\/\",\"url\":\"https:\\\/\\\/pans.krosno.pl\\\/zarzadzanie\\\/wp-content\\\/uploads\\\/sites\\\/31\\\/2023\\\/01\\\/Logo-PANS-2022-pelne.png\",\"contentUrl\":\"https:\\\/\\\/pans.krosno.pl\\\/zarzadzanie\\\/wp-content\\\/uploads\\\/sites\\\/31\\\/2023\\\/01\\\/Logo-PANS-2022-pelne.png\",\"width\":3096,\"height\":696,\"caption\":\"Zarz\u0105dzanie PANS w Kro\u015bnie\"},\"image\":{\"@id\":\"https:\\\/\\\/pans.krosno.pl\\\/zarzadzanie\\\/#\\\/schema\\\/logo\\\/image\\\/\"}},{\"@type\":\"Person\",\"@id\":\"https:\\\/\\\/pans.krosno.pl\\\/zarzadzanie\\\/#\\\/schema\\\/person\\\/bc4ad2c67033e66c694ea0943df9f35f\",\"name\":\"mateusznowak\",\"image\":{\"@type\":\"ImageObject\",\"inLanguage\":\"pl-PL\",\"@id\":\"https:\\\/\\\/secure.gravatar.com\\\/avatar\\\/de24ad611a30c6299c7ba4d513d650384dbab9d933e1e4790c93b0d43518cce7?s=96&d=mm&r=g\",\"url\":\"https:\\\/\\\/secure.gravatar.com\\\/avatar\\\/de24ad611a30c6299c7ba4d513d650384dbab9d933e1e4790c93b0d43518cce7?s=96&d=mm&r=g\",\"contentUrl\":\"https:\\\/\\\/secure.gravatar.com\\\/avatar\\\/de24ad611a30c6299c7ba4d513d650384dbab9d933e1e4790c93b0d43518cce7?s=96&d=mm&r=g\",\"caption\":\"mateusznowak\"},\"url\":\"https:\\\/\\\/pans.krosno.pl\\\/zarzadzanie\\\/author\\\/mateusznowak\\\/\"}]}<\/script>\n<!-- \/ Yoast SEO Premium plugin. -->","yoast_head_json":{"title":"Zak\u0142ad Zarz\u0105dzania PANS na Mi\u0119dzynarodowej Konferencji Naukowej \u2013 Radom 2026 - Zarz\u0105dzanie PANS w Kro\u015bnie","robots":{"index":"index","follow":"follow","max-snippet":"max-snippet:-1","max-image-preview":"max-image-preview:large","max-video-preview":"max-video-preview:-1"},"canonical":"https:\/\/pans.krosno.pl\/zarzadzanie\/zaklad-zarzadzania-pans-na-miedzynarodowej-konferencji-naukowej-radom-2026\/","og_locale":"pl_PL","og_type":"article","og_title":"Zak\u0142ad Zarz\u0105dzania PANS na Mi\u0119dzynarodowej Konferencji Naukowej \u2013 Radom 2026","og_description":"W dniu 17 kwietnia 2026 r. w Akademii Handlowej Nauk Stosowanych w Radomiu odby\u0142a si\u0119 Mi\u0119dzynarodowa Konferencja Naukowa pt. \u201eSpo\u0142ecze\u0144stwo Przysz\u0142o\u015bci \u2013 Interdyscyplinarne Scenariusze Rozwoju. Celem konferencji by\u0142a integracja \u015brodowisk naukowych i praktyk\u00f3w oraz wymiana wiedzy, a tak\u017ce wsparcie innowacji i rozwoju kompetencji m\u0142odych badaczy. Zak\u0142ad Zarz\u0105dzania PANS w Kro\u015bnie [\u2026] Read More","og_url":"https:\/\/pans.krosno.pl\/zarzadzanie\/zaklad-zarzadzania-pans-na-miedzynarodowej-konferencji-naukowej-radom-2026\/","og_site_name":"Zarz\u0105dzanie PANS w Kro\u015bnie","article_published_time":"2026-04-24T10:00:00+00:00","og_image":[{"width":1024,"height":683,"url":"https:\/\/pans.krosno.pl\/zarzadzanie\/wp-content\/uploads\/sites\/31\/2026\/04\/image-2-1024x683.png","type":"image\/png"}],"author":"mateusznowak","twitter_card":"summary_large_image","twitter_misc":{"Napisane przez":"mateusznowak","Szacowany czas czytania":"2 minuty"},"schema":{"@context":"https:\/\/schema.org","@graph":[{"@type":"Article","@id":"https:\/\/pans.krosno.pl\/zarzadzanie\/zaklad-zarzadzania-pans-na-miedzynarodowej-konferencji-naukowej-radom-2026\/#article","isPartOf":{"@id":"https:\/\/pans.krosno.pl\/zarzadzanie\/zaklad-zarzadzania-pans-na-miedzynarodowej-konferencji-naukowej-radom-2026\/"},"author":{"name":"mateusznowak","@id":"https:\/\/pans.krosno.pl\/zarzadzanie\/#\/schema\/person\/bc4ad2c67033e66c694ea0943df9f35f"},"headline":"Zak\u0142ad Zarz\u0105dzania PANS na Mi\u0119dzynarodowej Konferencji Naukowej \u2013 Radom 2026","datePublished":"2026-04-24T10:00:00+00:00","mainEntityOfPage":{"@id":"https:\/\/pans.krosno.pl\/zarzadzanie\/zaklad-zarzadzania-pans-na-miedzynarodowej-konferencji-naukowej-radom-2026\/"},"wordCount":121,"commentCount":0,"publisher":{"@id":"https:\/\/pans.krosno.pl\/zarzadzanie\/#organization"},"image":{"@id":"https:\/\/pans.krosno.pl\/zarzadzanie\/zaklad-zarzadzania-pans-na-miedzynarodowej-konferencji-naukowej-radom-2026\/#primaryimage"},"thumbnailUrl":"https:\/\/pans.krosno.pl\/zarzadzanie\/wp-content\/uploads\/sites\/31\/2026\/04\/image-2.png","keywords":["#konferencja","#Zarzadzanie","PANSKrosno"],"articleSection":["konferencja"],"inLanguage":"pl-PL","potentialAction":[{"@type":"CommentAction","name":"Comment","target":["https:\/\/pans.krosno.pl\/zarzadzanie\/zaklad-zarzadzania-pans-na-miedzynarodowej-konferencji-naukowej-radom-2026\/#respond"]}]},{"@type":"WebPage","@id":"https:\/\/pans.krosno.pl\/zarzadzanie\/zaklad-zarzadzania-pans-na-miedzynarodowej-konferencji-naukowej-radom-2026\/","url":"https:\/\/pans.krosno.pl\/zarzadzanie\/zaklad-zarzadzania-pans-na-miedzynarodowej-konferencji-naukowej-radom-2026\/","name":"Zak\u0142ad Zarz\u0105dzania PANS na Mi\u0119dzynarodowej Konferencji Naukowej \u2013 Radom 2026 - Zarz\u0105dzanie PANS w Kro\u015bnie","isPartOf":{"@id":"https:\/\/pans.krosno.pl\/zarzadzanie\/#website"},"primaryImageOfPage":{"@id":"https:\/\/pans.krosno.pl\/zarzadzanie\/zaklad-zarzadzania-pans-na-miedzynarodowej-konferencji-naukowej-radom-2026\/#primaryimage"},"image":{"@id":"https:\/\/pans.krosno.pl\/zarzadzanie\/zaklad-zarzadzania-pans-na-miedzynarodowej-konferencji-naukowej-radom-2026\/#primaryimage"},"thumbnailUrl":"https:\/\/pans.krosno.pl\/zarzadzanie\/wp-content\/uploads\/sites\/31\/2026\/04\/image-2.png","datePublished":"2026-04-24T10:00:00+00:00","breadcrumb":{"@id":"https:\/\/pans.krosno.pl\/zarzadzanie\/zaklad-zarzadzania-pans-na-miedzynarodowej-konferencji-naukowej-radom-2026\/#breadcrumb"},"inLanguage":"pl-PL","potentialAction":[{"@type":"ReadAction","target":["https:\/\/pans.krosno.pl\/zarzadzanie\/zaklad-zarzadzania-pans-na-miedzynarodowej-konferencji-naukowej-radom-2026\/"]}]},{"@type":"ImageObject","inLanguage":"pl-PL","@id":"https:\/\/pans.krosno.pl\/zarzadzanie\/zaklad-zarzadzania-pans-na-miedzynarodowej-konferencji-naukowej-radom-2026\/#primaryimage","url":"https:\/\/pans.krosno.pl\/zarzadzanie\/wp-content\/uploads\/sites\/31\/2026\/04\/image-2.png","contentUrl":"https:\/\/pans.krosno.pl\/zarzadzanie\/wp-content\/uploads\/sites\/31\/2026\/04\/image-2.png","width":2048,"height":1365},{"@type":"BreadcrumbList","@id":"https:\/\/pans.krosno.pl\/zarzadzanie\/zaklad-zarzadzania-pans-na-miedzynarodowej-konferencji-naukowej-radom-2026\/#breadcrumb","itemListElement":[{"@type":"ListItem","position":1,"name":"Strona g\u0142\u00f3wna","item":"https:\/\/pans.krosno.pl\/zarzadzanie\/"},{"@type":"ListItem","position":2,"name":"Zak\u0142ad Zarz\u0105dzania PANS na Mi\u0119dzynarodowej Konferencji Naukowej \u2013 Radom 2026"}]},{"@type":"WebSite","@id":"https:\/\/pans.krosno.pl\/zarzadzanie\/#website","url":"https:\/\/pans.krosno.pl\/zarzadzanie\/","name":"Zarz\u0105dzanie PANS w Kro\u015bnie","description":"Zarz\u0105dzanie - Pa\u0144stwowa Akademia Nauk Stosowanych","publisher":{"@id":"https:\/\/pans.krosno.pl\/zarzadzanie\/#organization"},"potentialAction":[{"@type":"SearchAction","target":{"@type":"EntryPoint","urlTemplate":"https:\/\/pans.krosno.pl\/zarzadzanie\/?s={search_term_string}"},"query-input":{"@type":"PropertyValueSpecification","valueRequired":true,"valueName":"search_term_string"}}],"inLanguage":"pl-PL"},{"@type":"Organization","@id":"https:\/\/pans.krosno.pl\/zarzadzanie\/#organization","name":"Zarz\u0105dzanie PANS w Kro\u015bnie","url":"https:\/\/pans.krosno.pl\/zarzadzanie\/","logo":{"@type":"ImageObject","inLanguage":"pl-PL","@id":"https:\/\/pans.krosno.pl\/zarzadzanie\/#\/schema\/logo\/image\/","url":"https:\/\/pans.krosno.pl\/zarzadzanie\/wp-content\/uploads\/sites\/31\/2023\/01\/Logo-PANS-2022-pelne.png","contentUrl":"https:\/\/pans.krosno.pl\/zarzadzanie\/wp-content\/uploads\/sites\/31\/2023\/01\/Logo-PANS-2022-pelne.png","width":3096,"height":696,"caption":"Zarz\u0105dzanie PANS w Kro\u015bnie"},"image":{"@id":"https:\/\/pans.krosno.pl\/zarzadzanie\/#\/schema\/logo\/image\/"}},{"@type":"Person","@id":"https:\/\/pans.krosno.pl\/zarzadzanie\/#\/schema\/person\/bc4ad2c67033e66c694ea0943df9f35f","name":"mateusznowak","image":{"@type":"ImageObject","inLanguage":"pl-PL","@id":"https:\/\/secure.gravatar.com\/avatar\/de24ad611a30c6299c7ba4d513d650384dbab9d933e1e4790c93b0d43518cce7?s=96&d=mm&r=g","url":"https:\/\/secure.gravatar.com\/avatar\/de24ad611a30c6299c7ba4d513d650384dbab9d933e1e4790c93b0d43518cce7?s=96&d=mm&r=g","contentUrl":"https:\/\/secure.gravatar.com\/avatar\/de24ad611a30c6299c7ba4d513d650384dbab9d933e1e4790c93b0d43518cce7?s=96&d=mm&r=g","caption":"mateusznowak"},"url":"https:\/\/pans.krosno.pl\/zarzadzanie\/author\/mateusznowak\/"}]}},"_links":{"self":[{"href":"https:\/\/pans.krosno.pl\/zarzadzanie\/wp-json\/wp\/v2\/posts\/3307","targetHints":{"allow":["GET"]}}],"collection":[{"href":"https:\/\/pans.krosno.pl\/zarzadzanie\/wp-json\/wp\/v2\/posts"}],"about":[{"href":"https:\/\/pans.krosno.pl\/zarzadzanie\/wp-json\/wp\/v2\/types\/post"}],"author":[{"embeddable":true,"href":"https:\/\/pans.krosno.pl\/zarzadzanie\/wp-json\/wp\/v2\/users\/115"}],"replies":[{"embeddable":true,"href":"https:\/\/pans.krosno.pl\/zarzadzanie\/wp-json\/wp\/v2\/comments?post=3307"}],"version-history":[{"count":1,"href":"https:\/\/pans.krosno.pl\/zarzadzanie\/wp-json\/wp\/v2\/posts\/3307\/revisions"}],"predecessor-version":[{"id":3311,"href":"https:\/\/pans.krosno.pl\/zarzadzanie\/wp-json\/wp\/v2\/posts\/3307\/revisions\/3311"}],"wp:featuredmedia":[{"embeddable":true,"href":"https:\/\/pans.krosno.pl\/zarzadzanie\/wp-json\/wp\/v2\/media\/3310"}],"wp:attachment":[{"href":"https:\/\/pans.krosno.pl\/zarzadzanie\/wp-json\/wp\/v2\/media?parent=3307"}],"wp:term":[{"taxonomy":"category","embeddable":true,"href":"https:\/\/pans.krosno.pl\/zarzadzanie\/wp-json\/wp\/v2\/categories?post=3307"},{"taxonomy":"post_tag","embeddable":true,"href":"https:\/\/pans.krosno.pl\/zarzadzanie\/wp-json\/wp\/v2\/tags?post=3307"}],"curies":[{"name":"wp","href":"https:\/\/api.w.org\/{rel}","templated":true}]}}