{"id":59,"date":"2019-10-01T14:20:51","date_gmt":"2019-10-01T12:20:51","guid":{"rendered":"https:\/\/pans.krosno.pl\/zarzadzanie-magisterskie\/?p=59"},"modified":"2020-03-28T14:21:45","modified_gmt":"2020-03-28T13:21:45","slug":"magisterskie-studia-menedzerskie-juz-od-pazdziernika-2019-roku-w-krosnie","status":"publish","type":"post","link":"https:\/\/pans.krosno.pl\/zarzadzanie-magisterskie\/magisterskie-studia-menedzerskie-juz-od-pazdziernika-2019-roku-w-krosnie\/","title":{"rendered":"Magisterskie studia mened\u017cerskie ju\u017c od pa\u017adziernika 2019 roku w Kro\u015bnie"},"content":{"rendered":"<p>Od pa\u017adziernika 2019 roku w Pa\u0144stwowej Wy\u017cszej Szkole Zawodowej im. S. Pigonia w Kro\u015bnie, na podstawie pozytywnej decyzji Ministerstwa Nauki i Szkolnictwa Wy\u017cszego, uruchamiane s\u0105 4-semestralne magisterskie studia drugiego stopnia na kierunku Zarz\u0105dzanie (zar\u00f3wno w systemie nieodp\u0142atnych studi\u00f3w stacjonarnych, jak i p\u0142atnych studi\u00f3w niestacjonarnych).<br \/>\n&nbsp;&nbsp;&nbsp; Studia adresowane s\u0105 do absolwent\u00f3w studi\u00f3w pierwszego stopnia kierunku zarz\u0105dzanie oraz innych pokrewnych kierunk\u00f3w ekonomicznych, ale mog\u0105 si\u0119 tak\u017ce wi\u0105za\u0107 z podj\u0119ciem zupe\u0142nie nowych studi\u00f3w \u2013 dotyczy to absolwent\u00f3w studi\u00f3w humanistycznych, technicznych oraz innych. Przeznaczone s\u0105 dla os\u00f3b, kt\u00f3re posiadaj\u0105 ju\u017c dyplom licencjata, in\u017cyniera, magistra lub inny r\u00f3wnowa\u017cny dokument zagraniczny.<br \/>\n&nbsp;&nbsp;&nbsp; Kszta\u0142cenie na studiach magisterskich b\u0119dzie realizowane w trzech specjalno\u015bciach: Zarz\u0105dzanie inwestycjami i nieruchomo\u015bciami, Zarz\u0105dzanie kapita\u0142em ludzkim, a tak\u017ce Zarz\u0105dzanie przedsi\u0119biorstwem. Nab\u00f3r kandydat\u00f3w ju\u017c od lipca bie\u017c\u0105cego roku.<\/p>\n<p>&nbsp;&nbsp;&nbsp; Studia na kierunku Zarz\u0105dzanie realizowane s\u0105 w kro\u015bnie\u0144skiej uczelni od 2013 roku na poziomie studi\u00f3w licencjackich. Od najbli\u017cszego roku akademickiego oferta b\u0119dzie obejmowa\u0142a na tym kierunku zar\u00f3wno studiowanie na poziomie licencjackim, jak i kontynuacj\u0119 nauki na poziomie studi\u00f3w magisterskich.<br \/>\n&nbsp;&nbsp;&nbsp; Zarz\u0105dzanie od wielu lat stanowi jeden z najstabilniejszych, a tak\u017ce najcz\u0119\u015bciej wybieranych przez kandydat\u00f3w kierunk\u00f3w studi\u00f3w w Polsce (dotyczy to zar\u00f3wno studi\u00f3w pierwszego stopnia, jak i studi\u00f3w magisterskich). Wed\u0142ug danych Departamentu Szkolnictwa Wy\u017cszego Ministerstwa Nauki i Szkolnictwa Wy\u017cszego, Zarz\u0105dzanie w ostatnich dziesi\u0119ciu latach plasowa\u0142o si\u0119 nieprzerwanie na jednym z trzech najcz\u0119\u015bciej wybieranych przez kandydat\u00f3w kierunk\u00f3w studi\u00f3w w Polsce. Corocznie ten kierunek chce studiowa\u0107 blisko trzydzie\u015bci tysi\u0119cy kandydat\u00f3w.<\/p>\n<p>Studia II stopnia na kierunku Zarz\u0105dzanie trwaj\u0105 cztery semestry i ko\u0144cz\u0105 si\u0119 nadaniem tytu\u0142u zawodowego magistra. Adresowane s\u0105 zar\u00f3wno do kandydat\u00f3w pragn\u0105cych studiowa\u0107 Zarz\u0105dzanie jako pierwszy, podstawowy kierunek studi\u00f3w, jak r\u00f3wnie\u017c absolwent\u00f3w PWSZ w Kro\u015bnie oraz innych Uczelni, posiadaj\u0105cych uko\u0144czone studia I stopnia (licencjackich i in\u017cynierskich) lub magisterskich, kt\u00f3rzy chcieliby uzyska\u0107 kwalifikacje mened\u017cerskie, niezb\u0119dne w efektywnym wykonywaniu r\u00f3l kierowniczych (w tym Zarz\u0105dzanie traktowane jako drugi kierunek studi\u00f3w). Uko\u0144czenie studi\u00f3w na kierunku Zarz\u0105dzanie stwarza perspektywy zatrudnienia we wszystkich dzia\u0142ach gospodarki, a jego absolwenci posiadaj\u0105 umiej\u0119tno\u015bci rozpoznawania, diagnozowania i rozwi\u0105zywania problem\u00f3w zwi\u0105zanych z gospodarowaniem zasobami (ludzkimi, rzeczowymi, finansowymi i informacyjnymi), zarz\u0105dzania procesami, a tak\u017ce umiej\u0119tno\u015bci pracy w zespo\u0142ach oraz kierowania nimi.<\/p>\n<p>Absolwent studi\u00f3w magisterskich tego kierunku posiada wiedz\u0119 teoretyczn\u0105 i praktyczn\u0105 w obszarze nauk o zarz\u0105dzaniu i nauk pokrewnych z zakresu istoty, prawid\u0142owo\u015bci i problem\u00f3w funkcjonowania r\u00f3\u017cnych typ\u00f3w organizacji oraz sposob\u00f3w skutecznego i efektywnego rozwi\u0105zywania r\u00f3\u017cnorodnych dylemat\u00f3w mened\u017cerskich. Magister posiada umiej\u0119tno\u015bci: krytycznej analizy, interpretacji oraz oceny zjawisk i proces\u00f3w zarz\u0105dzania w r\u00f3\u017cnej skali, oceny wp\u0142ywu otoczenia na te zjawiska (procesy) oraz opracowywania i podejmowania decyzji zarz\u0105dczych, w tym strategicznych. Ko\u0144cz\u0105cy studia magisterskie na kierunku Zarz\u0105dzanie posiada umiej\u0119tno\u015bci organizowania pracy zespo\u0142owej, a tak\u017ce kierowania zespo\u0142ami oraz skutecznego komunikowania, negocjowania i przekonywania. Absolwent studi\u00f3w jest przygotowany do pracy na stanowiskach: specjalisty w r\u00f3\u017cnorodnych systemach zarz\u0105dczych, mened\u017cera, w tym \u015bredniego i wy\u017cszego szczebla, doradcy i konsultanta w organizacjach o charakterze gospodarczym lub publicznym, a tak\u017ce do prowadzenia w\u0142asnej dzia\u0142alno\u015bci gospodarczej. Jest r\u00f3wnie\u017c przygotowany do podejmowania wyzwa\u0144 badawczych, a tak\u017ce podj\u0119cia studi\u00f3w trzeciego stopnia (doktoranckich). Studia drugiego stopnia na kierunku Zarz\u0105dzanie wyposa\u017caj\u0105 absolwent\u00f3w w kompetencje niezb\u0119dne do podejmowania pracy zawodowej na stanowiskach specjalistycznych i kierowniczych, doradc\u00f3w w przedsi\u0119biorstwach, grupach kapita\u0142owych, instytucjach non profit, ale r\u00f3wnie\u017c jednostkach administracji pa\u0144stwowej i samorz\u0105dowej r\u00f3\u017cnych szczebli.<\/p>\n<p>Kszta\u0142cenie b\u0119dzie realizowane w nast\u0119puj\u0105cych specjalno\u015bciach:<br \/>\n&#8211; Zarz\u0105dzanie inwestycjami i nieruchomo\u015bciami<br \/>\n&#8211; Zarz\u0105dzanie kapita\u0142em ludzkim<br \/>\n&#8211; Zarz\u0105dzanie przedsi\u0119biorstwem<\/p>\n<p>Absolwenci specjalno\u015bci&nbsp;<strong>Zarz\u0105dzanie inwestycjami i nieruchomo\u015bciami<\/strong>&nbsp;nabywaj\u0105 umiej\u0119tno\u015bci w zakresie zarz\u0105dzania nieruchomo\u015bciami mieszkalnymi, publicznymi oraz komercyjnymi (w tym biurowymi i handlowymi), doradztwa na rynku nieruchomo\u015bci, wyceny nieruchomo\u015bci, zarz\u0105dzania i realizacji budowlanych przedsi\u0119wzi\u0119\u0107 inwestycyjnych, analizy rynku nieruchomo\u015bci itp. Potencjalnymi miejscami pracy absolwent\u00f3w ko\u0144cz\u0105cych t\u0105 specjalno\u015b\u0107 s\u0105 firmy zarz\u0105dzaj\u0105ce lub administruj\u0105ce nieruchomo\u015bciami (w tym wsp\u00f3lnoty i sp\u00f3\u0142dzielnie mieszkaniowe oraz deweloperzy), firmy po\u015brednicz\u0105ce w obrocie nieruchomo\u015bciami rynku pierwotnego i wt\u00f3rnego, przedsi\u0119biorstwa budowlane, banki (m.in. departamenty kredyt\u00f3w hipotecznych), firmy doradcze (m.in. badaj\u0105ce koniunktur\u0119 rynkow\u0105 lub analizuj\u0105ce op\u0142acalno\u015b\u0107 projekt\u00f3w inwestycyjnych), a tak\u017ce praktycznie wszystkie organizacje administruj\u0105ce nieruchomo\u015bciami, realizuj\u0105ce przedsi\u0119wzi\u0119cia remontowo-budowlane oraz posiadaj\u0105ce w swojej strukturze piony zarz\u0105dzania maj\u0105tkiem trwa\u0142ym i inwestycyjnym. Studiami powinni by\u0107 r\u00f3wnie\u017c zainteresowani wykonuj\u0105cy wolne zawody rzeczoznawcy maj\u0105tkowi, po\u015brednicy w obrocie nieruchomo\u015bci, czy te\u017c zarz\u0105dcy nieruchomo\u015bci.<br \/>\nAbsolwenci specjalno\u015bci&nbsp;<strong>Zarz\u0105dzanie kapita\u0142em ludzkim<\/strong>&nbsp;nabywaj\u0105 umiej\u0119tno\u015bci rozpoznawania, diagnozowania i rozwi\u0105zywania problem\u00f3w zwi\u0105zanych z gospodarowaniem czynnikiem ludzkim, zarz\u0105dzania procesami, a tak\u017ce pracy w zespole oraz kierowania nim. Studia na tej specjalno\u015bci dostarczaj\u0105 aktualnej wiedzy z zakresu zarz\u0105dzania kapita\u0142em ludzkim, kszta\u0142tuj\u0105 umiej\u0119tno\u015bci diagnozowania, projektowania i stosowania nowoczesnych narz\u0119dzi zarz\u0105dzania prac\u0105, rozwijaj\u0105 umiej\u0119tno\u015bci kierowania zespo\u0142em, przygotowuj\u0105 do rozwi\u0105zywania wyzwa\u0144 dotycz\u0105cych zarz\u0105dzania pracownikami, a tak\u017ce inspiruj\u0105 do stosowania nowoczesnych metod zarz\u0105dzania lud\u017ami. Przygotowuj\u0105 one do podejmowania dzia\u0142a\u0144 wzgl\u0119dem najwa\u017cniejszego potencja\u0142u organizacji, jakim s\u0105 pracownicy &#8211; pocz\u0105wszy od opracowania strategii personalnej, poprzez planowanie i dob\u00f3r kadr, motywowanie pracownik\u00f3w, ich ocen\u0119 &#8211; po doskonalenie i rozw\u00f3j ludzi, inwestowanie w kapita\u0142 ludzki oraz tworzenie i integrowanie zespo\u0142\u00f3w pracowniczych. Magistrowie ko\u0144cz\u0105cy t\u0105 specjalno\u015b\u0107 dysponuj\u0105 interdyscyplinarnym wykszta\u0142ceniem z zakresu zarz\u0105dzania og\u00f3lnego oraz kapita\u0142em ludzkim. Mog\u0105 sprawowa\u0107 funkcje top mened\u017cer\u00f3w, a tak\u017ce mened\u017cer\u00f3w pion\u00f3w i dzia\u0142\u00f3w personalnych, specjalist\u00f3w ds. organizacji i zarz\u0105dzania, specjalist\u00f3w ds. szkole\u0144 zawodowych i rozwoju kadr, trener\u00f3w, lider\u00f3w Project Management, konsultant\u00f3w w zakresie zarz\u0105dzania zasobami pracy, specjalist\u00f3w ds. planowania rekrutacji, selekcji oraz system\u00f3w motywacyjnych. Potencjalnymi miejscami pracy absolwent\u00f3w tej specjalno\u015bci mog\u0105 by\u0107 m.in.: kom\u00f3rki personalne i liniowe przedsi\u0119biorstw gospodarczych oraz instytucji publicznych i urz\u0119d\u00f3w \u2013 centralnych i lokalnych, urz\u0119dy pracy, agencje po\u015brednictwa pracy, firmy konsultingowe, agencje oraz biura doradztwa personalnego, firmy uczestnicz\u0105ce w programach restrukturyzacyjnych r\u00f3\u017cnych typ\u00f3w organizacji. Studia zainteresuj\u0105 r\u00f3wnie\u017c samodzielnych doradc\u00f3w i konsultant\u00f3w personalnych oraz mened\u017cer\u00f3w najwy\u017cszego szczebla (w tym jako dodatkowy fakultet) identyfikuj\u0105cych potrzeb\u0119 uzupe\u0142niania w\u0142asnych kwalifikacji o najnowsz\u0105 wiedz\u0119 z zakresu zarz\u0105dzania najwa\u017cniejszym kapita\u0142em organizacyjnym.<br \/>\nAbsolwenci specjalno\u015bci&nbsp;<strong>Zarz\u0105dzanie przedsi\u0119biorstwem<\/strong>&nbsp;zdobywaj\u0105 interdyscyplinarn\u0105 wiedz\u0119 i praktyczne umiej\u0119tno\u015bci pozwalaj\u0105ce m.in. na podejmowanie decyzji, tworzenie plan\u00f3w, realizacj\u0119 i nadzorowanie dzia\u0142a\u0144 zarz\u0105dczych. Ko\u0144cz\u0105cy t\u0105 specjalno\u015b\u0107 s\u0105 tak\u017ce kompetentni w zakresie zarz\u0105dzania zespo\u0142ami pracowniczymi, ma\u0142ych, \u015brednich i du\u017cych przedsi\u0119biorstw zajmuj\u0105cych si\u0119 produkcj\u0105, ale r\u00f3wnie\u017c handlem i us\u0142ugami, kom\u00f3rkach projektowych i doradczych, jednostkach gospodarczych oraz administracyjnych, w kt\u00f3rych wymagany jest brikola\u017c w obszarze zarz\u0105dzania, wiedzy ekonomicznej, w pewnych aspektach r\u00f3wnie\u017c technicznej, a tak\u017ce umiej\u0119tno\u015bci organizacyjnych. Ta specjalno\u015b\u0107 uwzgl\u0119dnia zagadnienia z zakresu funkcjonowania przedsi\u0119biorstwa w wielu r\u00f3\u017cnych obszarach, w szczeg\u00f3lno\u015bci ukierunkowanych na procesy i funkcje zarz\u0105dcze w sferze funkcjonowania przedsi\u0119biorstw produkcyjnych, handlowych i us\u0142ugowych. Szerokie uj\u0119cie problematyki zwi\u0105zanej z zarz\u0105dzaniem przedsi\u0119biorstwem na niepewnym, turbulentnym oraz wysoko konkurencyjnym rynku, pozwala na w\u0142a\u015bciw\u0105 identyfikacj\u0119 mo\u017cliwo\u015bci i ogranicze\u0144 rynkowych oraz elastyczne reagowanie na zmiany w koniunkturze gospodarczej w wymiarze globalnym i krajowym. Program kszta\u0142cenia tej specjalno\u015bci pozwala na nabycie szczeg\u00f3lnie wysokich umiej\u0119tno\u015bci w zakresie rozpoznawania, diagnozowania i rozwi\u0105zywania r\u00f3\u017cnorodnych, w tym z\u0142o\u017conych problem\u00f3w zwi\u0105zanych z gospodarowaniem zasobami (ludzkimi, rzeczowymi, finansowymi i informacyjnymi), zarz\u0105dzania procesami, a tak\u017ce umiej\u0119tno\u015bci pracy w zespole. Absolwent tej specjalno\u015bci posiada kompetencje do aktywnego uczestniczenia w procesie zarz\u0105dzania przedsi\u0119biorstwem, posiada wiedz\u0119 i umiej\u0119tno\u015bci umo\u017cliwiaj\u0105ce zarz\u0105dzanie podmiotami gospodarczymi na stanowiskach kierowniczych najni\u017cszego i \u015bredniego szczebla, jak r\u00f3wnie\u017c prowadzenie w\u0142asnej dzia\u0142alno\u015bci gospodarczej. Specjalno\u015b\u0107 ta polecana jest r\u00f3wnie\u017c studentom i absolwentom innych kierunk\u00f3w studi\u00f3w, w tym technicznych, zainteresowanych nabyciem kwalifikacji mened\u017cerskich.<\/p>\n","protected":false},"excerpt":{"rendered":"<p>Od pa\u017adziernika 2019 roku w Pa\u0144stwowej Wy\u017cszej Szkole Zawodowej im. S. Pigonia w Kro\u015bnie, na podstawie pozytywnej decyzji Ministerstwa Nauki i Szkolnictwa Wy\u017cszego, uruchamiane s\u0105 4-semestralne magisterskie studia drugiego stopnia na kierunku Zarz\u0105dzanie (zar\u00f3wno w systemie nieodp\u0142atnych studi\u00f3w stacjonarnych, jak i p\u0142atnych studi\u00f3w niestacjonarnych). &nbsp;&nbsp;&nbsp; Studia adresowane s\u0105 do absolwent\u00f3w [\u2026] <\/p>\n<div class=\"clear\"><\/div>\n<p><a class=\"more_link clearfix\" href=\"https:\/\/pans.krosno.pl\/zarzadzanie-magisterskie\/magisterskie-studia-menedzerskie-juz-od-pazdziernika-2019-roku-w-krosnie\/\" rel=\"nofollow\">Read More<\/a><\/p>\n","protected":false},"author":27,"featured_media":60,"comment_status":"open","ping_status":"open","sticky":false,"template":"","format":"standard","meta":{"ngg_post_thumbnail":0,"footnotes":""},"categories":[1],"tags":[],"class_list":["post-59","post","type-post","status-publish","format-standard","has-post-thumbnail","hentry","category-bez-kategorii"],"yoast_head":"<!-- This site is optimized with the Yoast SEO Premium plugin v27.4 (Yoast SEO v27.4) - https:\/\/yoast.com\/product\/yoast-seo-premium-wordpress\/ -->\n<title>Magisterskie studia mened\u017cerskie ju\u017c od pa\u017adziernika 2019 roku w Kro\u015bnie - Zarz\u0105dzanie - Studia II Stopnia PANS w Kro\u015bnie<\/title>\n<meta name=\"robots\" content=\"index, follow, max-snippet:-1, max-image-preview:large, max-video-preview:-1\" \/>\n<link rel=\"canonical\" href=\"https:\/\/pans.krosno.pl\/zarzadzanie-magisterskie\/magisterskie-studia-menedzerskie-juz-od-pazdziernika-2019-roku-w-krosnie\/\" \/>\n<meta property=\"og:locale\" content=\"pl_PL\" \/>\n<meta property=\"og:type\" content=\"article\" \/>\n<meta property=\"og:title\" content=\"Magisterskie studia mened\u017cerskie ju\u017c od pa\u017adziernika 2019 roku w Kro\u015bnie\" \/>\n<meta property=\"og:description\" content=\"Od pa\u017adziernika 2019 roku w Pa\u0144stwowej Wy\u017cszej Szkole Zawodowej im. S. Pigonia w Kro\u015bnie, na podstawie pozytywnej decyzji Ministerstwa Nauki i Szkolnictwa Wy\u017cszego, uruchamiane s\u0105 4-semestralne magisterskie studia drugiego stopnia na kierunku Zarz\u0105dzanie (zar\u00f3wno w systemie nieodp\u0142atnych studi\u00f3w stacjonarnych, jak i p\u0142atnych studi\u00f3w niestacjonarnych). &nbsp;&nbsp;&nbsp; Studia adresowane s\u0105 do absolwent\u00f3w [\u2026] Read More\" \/>\n<meta property=\"og:url\" content=\"https:\/\/pans.krosno.pl\/zarzadzanie-magisterskie\/magisterskie-studia-menedzerskie-juz-od-pazdziernika-2019-roku-w-krosnie\/\" \/>\n<meta property=\"og:site_name\" content=\"Zarz\u0105dzanie - Studia II Stopnia PANS w Kro\u015bnie\" \/>\n<meta property=\"article:published_time\" content=\"2019-10-01T12:20:51+00:00\" \/>\n<meta property=\"article:modified_time\" content=\"2020-03-28T13:21:45+00:00\" \/>\n<meta property=\"og:image\" content=\"https:\/\/pans.krosno.pl\/wp-content\/uploads\/sites\/42\/2020\/03\/l3uW3JumZVWqkYlkZAksiazki.jpg\" \/>\n\t<meta property=\"og:image:width\" content=\"134\" \/>\n\t<meta property=\"og:image:height\" content=\"90\" \/>\n\t<meta property=\"og:image:type\" content=\"image\/jpeg\" \/>\n<meta name=\"author\" content=\"maciejpolchlopek\" \/>\n<meta name=\"twitter:card\" content=\"summary_large_image\" \/>\n<meta name=\"twitter:label1\" content=\"Napisane przez\" \/>\n\t<meta name=\"twitter:data1\" content=\"maciejpolchlopek\" \/>\n\t<meta name=\"twitter:label2\" content=\"Szacowany czas czytania\" \/>\n\t<meta name=\"twitter:data2\" content=\"8 minut\" \/>\n<script type=\"application\/ld+json\" class=\"yoast-schema-graph\">{\"@context\":\"https:\\\/\\\/schema.org\",\"@graph\":[{\"@type\":\"Article\",\"@id\":\"https:\\\/\\\/pans.krosno.pl\\\/zarzadzanie-magisterskie\\\/magisterskie-studia-menedzerskie-juz-od-pazdziernika-2019-roku-w-krosnie\\\/#article\",\"isPartOf\":{\"@id\":\"https:\\\/\\\/pans.krosno.pl\\\/zarzadzanie-magisterskie\\\/magisterskie-studia-menedzerskie-juz-od-pazdziernika-2019-roku-w-krosnie\\\/\"},\"author\":{\"name\":\"maciejpolchlopek\",\"@id\":\"https:\\\/\\\/pans.krosno.pl\\\/zarzadzanie-magisterskie\\\/#\\\/schema\\\/person\\\/c1c9d6d593d357f87d9a7d7e44daa34e\"},\"headline\":\"Magisterskie studia mened\u017cerskie ju\u017c od pa\u017adziernika 2019 roku w Kro\u015bnie\",\"datePublished\":\"2019-10-01T12:20:51+00:00\",\"dateModified\":\"2020-03-28T13:21:45+00:00\",\"mainEntityOfPage\":{\"@id\":\"https:\\\/\\\/pans.krosno.pl\\\/zarzadzanie-magisterskie\\\/magisterskie-studia-menedzerskie-juz-od-pazdziernika-2019-roku-w-krosnie\\\/\"},\"wordCount\":1524,\"commentCount\":0,\"publisher\":{\"@id\":\"https:\\\/\\\/pans.krosno.pl\\\/zarzadzanie-magisterskie\\\/#organization\"},\"image\":{\"@id\":\"https:\\\/\\\/pans.krosno.pl\\\/zarzadzanie-magisterskie\\\/magisterskie-studia-menedzerskie-juz-od-pazdziernika-2019-roku-w-krosnie\\\/#primaryimage\"},\"thumbnailUrl\":\"https:\\\/\\\/pans.krosno.pl\\\/zarzadzanie-magisterskie\\\/wp-content\\\/uploads\\\/sites\\\/42\\\/2020\\\/03\\\/l3uW3JumZVWqkYlkZAksiazki.jpg\",\"inLanguage\":\"pl-PL\",\"potentialAction\":[{\"@type\":\"CommentAction\",\"name\":\"Comment\",\"target\":[\"https:\\\/\\\/pans.krosno.pl\\\/zarzadzanie-magisterskie\\\/magisterskie-studia-menedzerskie-juz-od-pazdziernika-2019-roku-w-krosnie\\\/#respond\"]}]},{\"@type\":\"WebPage\",\"@id\":\"https:\\\/\\\/pans.krosno.pl\\\/zarzadzanie-magisterskie\\\/magisterskie-studia-menedzerskie-juz-od-pazdziernika-2019-roku-w-krosnie\\\/\",\"url\":\"https:\\\/\\\/pans.krosno.pl\\\/zarzadzanie-magisterskie\\\/magisterskie-studia-menedzerskie-juz-od-pazdziernika-2019-roku-w-krosnie\\\/\",\"name\":\"Magisterskie studia mened\u017cerskie ju\u017c od pa\u017adziernika 2019 roku w Kro\u015bnie - Zarz\u0105dzanie - Studia II Stopnia PANS w Kro\u015bnie\",\"isPartOf\":{\"@id\":\"https:\\\/\\\/pans.krosno.pl\\\/zarzadzanie-magisterskie\\\/#website\"},\"primaryImageOfPage\":{\"@id\":\"https:\\\/\\\/pans.krosno.pl\\\/zarzadzanie-magisterskie\\\/magisterskie-studia-menedzerskie-juz-od-pazdziernika-2019-roku-w-krosnie\\\/#primaryimage\"},\"image\":{\"@id\":\"https:\\\/\\\/pans.krosno.pl\\\/zarzadzanie-magisterskie\\\/magisterskie-studia-menedzerskie-juz-od-pazdziernika-2019-roku-w-krosnie\\\/#primaryimage\"},\"thumbnailUrl\":\"https:\\\/\\\/pans.krosno.pl\\\/zarzadzanie-magisterskie\\\/wp-content\\\/uploads\\\/sites\\\/42\\\/2020\\\/03\\\/l3uW3JumZVWqkYlkZAksiazki.jpg\",\"datePublished\":\"2019-10-01T12:20:51+00:00\",\"dateModified\":\"2020-03-28T13:21:45+00:00\",\"breadcrumb\":{\"@id\":\"https:\\\/\\\/pans.krosno.pl\\\/zarzadzanie-magisterskie\\\/magisterskie-studia-menedzerskie-juz-od-pazdziernika-2019-roku-w-krosnie\\\/#breadcrumb\"},\"inLanguage\":\"pl-PL\",\"potentialAction\":[{\"@type\":\"ReadAction\",\"target\":[\"https:\\\/\\\/pans.krosno.pl\\\/zarzadzanie-magisterskie\\\/magisterskie-studia-menedzerskie-juz-od-pazdziernika-2019-roku-w-krosnie\\\/\"]}]},{\"@type\":\"ImageObject\",\"inLanguage\":\"pl-PL\",\"@id\":\"https:\\\/\\\/pans.krosno.pl\\\/zarzadzanie-magisterskie\\\/magisterskie-studia-menedzerskie-juz-od-pazdziernika-2019-roku-w-krosnie\\\/#primaryimage\",\"url\":\"https:\\\/\\\/pans.krosno.pl\\\/zarzadzanie-magisterskie\\\/wp-content\\\/uploads\\\/sites\\\/42\\\/2020\\\/03\\\/l3uW3JumZVWqkYlkZAksiazki.jpg\",\"contentUrl\":\"https:\\\/\\\/pans.krosno.pl\\\/zarzadzanie-magisterskie\\\/wp-content\\\/uploads\\\/sites\\\/42\\\/2020\\\/03\\\/l3uW3JumZVWqkYlkZAksiazki.jpg\",\"width\":134,\"height\":90},{\"@type\":\"BreadcrumbList\",\"@id\":\"https:\\\/\\\/pans.krosno.pl\\\/zarzadzanie-magisterskie\\\/magisterskie-studia-menedzerskie-juz-od-pazdziernika-2019-roku-w-krosnie\\\/#breadcrumb\",\"itemListElement\":[{\"@type\":\"ListItem\",\"position\":1,\"name\":\"Strona g\u0142\u00f3wna\",\"item\":\"https:\\\/\\\/pans.krosno.pl\\\/zarzadzanie-magisterskie\\\/\"},{\"@type\":\"ListItem\",\"position\":2,\"name\":\"Magisterskie studia mened\u017cerskie ju\u017c od pa\u017adziernika 2019 roku w Kro\u015bnie\"}]},{\"@type\":\"WebSite\",\"@id\":\"https:\\\/\\\/pans.krosno.pl\\\/zarzadzanie-magisterskie\\\/#website\",\"url\":\"https:\\\/\\\/pans.krosno.pl\\\/zarzadzanie-magisterskie\\\/\",\"name\":\"Zarz\u0105dzanie - Studia II Stopnia PANS w Kro\u015bnie\",\"description\":\"Zarz\u0105dzanie - Studia II Stopnia - Pa\u0144stwowa Akademia Nauk Stosowanych\",\"publisher\":{\"@id\":\"https:\\\/\\\/pans.krosno.pl\\\/zarzadzanie-magisterskie\\\/#organization\"},\"potentialAction\":[{\"@type\":\"SearchAction\",\"target\":{\"@type\":\"EntryPoint\",\"urlTemplate\":\"https:\\\/\\\/pans.krosno.pl\\\/zarzadzanie-magisterskie\\\/?s={search_term_string}\"},\"query-input\":{\"@type\":\"PropertyValueSpecification\",\"valueRequired\":true,\"valueName\":\"search_term_string\"}}],\"inLanguage\":\"pl-PL\"},{\"@type\":\"Organization\",\"@id\":\"https:\\\/\\\/pans.krosno.pl\\\/zarzadzanie-magisterskie\\\/#organization\",\"name\":\"Zarz\u0105dzanie - Studia II Stopnia PANS w Kro\u015bnie\",\"url\":\"https:\\\/\\\/pans.krosno.pl\\\/zarzadzanie-magisterskie\\\/\",\"logo\":{\"@type\":\"ImageObject\",\"inLanguage\":\"pl-PL\",\"@id\":\"https:\\\/\\\/pans.krosno.pl\\\/zarzadzanie-magisterskie\\\/#\\\/schema\\\/logo\\\/image\\\/\",\"url\":\"https:\\\/\\\/pans.krosno.pl\\\/zarzadzanie-magisterskie\\\/wp-content\\\/uploads\\\/sites\\\/42\\\/2023\\\/01\\\/Logo-PANS-2022-pelne.png\",\"contentUrl\":\"https:\\\/\\\/pans.krosno.pl\\\/zarzadzanie-magisterskie\\\/wp-content\\\/uploads\\\/sites\\\/42\\\/2023\\\/01\\\/Logo-PANS-2022-pelne.png\",\"width\":3096,\"height\":696,\"caption\":\"Zarz\u0105dzanie - Studia II Stopnia PANS w Kro\u015bnie\"},\"image\":{\"@id\":\"https:\\\/\\\/pans.krosno.pl\\\/zarzadzanie-magisterskie\\\/#\\\/schema\\\/logo\\\/image\\\/\"}},{\"@type\":\"Person\",\"@id\":\"https:\\\/\\\/pans.krosno.pl\\\/zarzadzanie-magisterskie\\\/#\\\/schema\\\/person\\\/c1c9d6d593d357f87d9a7d7e44daa34e\",\"name\":\"maciejpolchlopek\",\"image\":{\"@type\":\"ImageObject\",\"inLanguage\":\"pl-PL\",\"@id\":\"https:\\\/\\\/secure.gravatar.com\\\/avatar\\\/2fadd549eeed4871c9aa96e96d8519cac8006657ce091e11a5f0ba8a8f5dca66?s=96&d=mm&r=g\",\"url\":\"https:\\\/\\\/secure.gravatar.com\\\/avatar\\\/2fadd549eeed4871c9aa96e96d8519cac8006657ce091e11a5f0ba8a8f5dca66?s=96&d=mm&r=g\",\"contentUrl\":\"https:\\\/\\\/secure.gravatar.com\\\/avatar\\\/2fadd549eeed4871c9aa96e96d8519cac8006657ce091e11a5f0ba8a8f5dca66?s=96&d=mm&r=g\",\"caption\":\"maciejpolchlopek\"},\"url\":\"https:\\\/\\\/pans.krosno.pl\\\/zarzadzanie-magisterskie\\\/author\\\/maciejpolchlopek\\\/\"}]}<\/script>\n<!-- \/ Yoast SEO Premium plugin. -->","yoast_head_json":{"title":"Magisterskie studia mened\u017cerskie ju\u017c od pa\u017adziernika 2019 roku w Kro\u015bnie - Zarz\u0105dzanie - Studia II Stopnia PANS w Kro\u015bnie","robots":{"index":"index","follow":"follow","max-snippet":"max-snippet:-1","max-image-preview":"max-image-preview:large","max-video-preview":"max-video-preview:-1"},"canonical":"https:\/\/pans.krosno.pl\/zarzadzanie-magisterskie\/magisterskie-studia-menedzerskie-juz-od-pazdziernika-2019-roku-w-krosnie\/","og_locale":"pl_PL","og_type":"article","og_title":"Magisterskie studia mened\u017cerskie ju\u017c od pa\u017adziernika 2019 roku w Kro\u015bnie","og_description":"Od pa\u017adziernika 2019 roku w Pa\u0144stwowej Wy\u017cszej Szkole Zawodowej im. S. Pigonia w Kro\u015bnie, na podstawie pozytywnej decyzji Ministerstwa Nauki i Szkolnictwa Wy\u017cszego, uruchamiane s\u0105 4-semestralne magisterskie studia drugiego stopnia na kierunku Zarz\u0105dzanie (zar\u00f3wno w systemie nieodp\u0142atnych studi\u00f3w stacjonarnych, jak i p\u0142atnych studi\u00f3w niestacjonarnych). &nbsp;&nbsp;&nbsp; Studia adresowane s\u0105 do absolwent\u00f3w [\u2026] Read More","og_url":"https:\/\/pans.krosno.pl\/zarzadzanie-magisterskie\/magisterskie-studia-menedzerskie-juz-od-pazdziernika-2019-roku-w-krosnie\/","og_site_name":"Zarz\u0105dzanie - Studia II Stopnia PANS w Kro\u015bnie","article_published_time":"2019-10-01T12:20:51+00:00","article_modified_time":"2020-03-28T13:21:45+00:00","og_image":[{"width":134,"height":90,"url":"https:\/\/pans.krosno.pl\/wp-content\/uploads\/sites\/42\/2020\/03\/l3uW3JumZVWqkYlkZAksiazki.jpg","type":"image\/jpeg"}],"author":"maciejpolchlopek","twitter_card":"summary_large_image","twitter_misc":{"Napisane przez":"maciejpolchlopek","Szacowany czas czytania":"8 minut"},"schema":{"@context":"https:\/\/schema.org","@graph":[{"@type":"Article","@id":"https:\/\/pans.krosno.pl\/zarzadzanie-magisterskie\/magisterskie-studia-menedzerskie-juz-od-pazdziernika-2019-roku-w-krosnie\/#article","isPartOf":{"@id":"https:\/\/pans.krosno.pl\/zarzadzanie-magisterskie\/magisterskie-studia-menedzerskie-juz-od-pazdziernika-2019-roku-w-krosnie\/"},"author":{"name":"maciejpolchlopek","@id":"https:\/\/pans.krosno.pl\/zarzadzanie-magisterskie\/#\/schema\/person\/c1c9d6d593d357f87d9a7d7e44daa34e"},"headline":"Magisterskie studia mened\u017cerskie ju\u017c od pa\u017adziernika 2019 roku w Kro\u015bnie","datePublished":"2019-10-01T12:20:51+00:00","dateModified":"2020-03-28T13:21:45+00:00","mainEntityOfPage":{"@id":"https:\/\/pans.krosno.pl\/zarzadzanie-magisterskie\/magisterskie-studia-menedzerskie-juz-od-pazdziernika-2019-roku-w-krosnie\/"},"wordCount":1524,"commentCount":0,"publisher":{"@id":"https:\/\/pans.krosno.pl\/zarzadzanie-magisterskie\/#organization"},"image":{"@id":"https:\/\/pans.krosno.pl\/zarzadzanie-magisterskie\/magisterskie-studia-menedzerskie-juz-od-pazdziernika-2019-roku-w-krosnie\/#primaryimage"},"thumbnailUrl":"https:\/\/pans.krosno.pl\/zarzadzanie-magisterskie\/wp-content\/uploads\/sites\/42\/2020\/03\/l3uW3JumZVWqkYlkZAksiazki.jpg","inLanguage":"pl-PL","potentialAction":[{"@type":"CommentAction","name":"Comment","target":["https:\/\/pans.krosno.pl\/zarzadzanie-magisterskie\/magisterskie-studia-menedzerskie-juz-od-pazdziernika-2019-roku-w-krosnie\/#respond"]}]},{"@type":"WebPage","@id":"https:\/\/pans.krosno.pl\/zarzadzanie-magisterskie\/magisterskie-studia-menedzerskie-juz-od-pazdziernika-2019-roku-w-krosnie\/","url":"https:\/\/pans.krosno.pl\/zarzadzanie-magisterskie\/magisterskie-studia-menedzerskie-juz-od-pazdziernika-2019-roku-w-krosnie\/","name":"Magisterskie studia mened\u017cerskie ju\u017c od pa\u017adziernika 2019 roku w Kro\u015bnie - Zarz\u0105dzanie - Studia II Stopnia PANS w Kro\u015bnie","isPartOf":{"@id":"https:\/\/pans.krosno.pl\/zarzadzanie-magisterskie\/#website"},"primaryImageOfPage":{"@id":"https:\/\/pans.krosno.pl\/zarzadzanie-magisterskie\/magisterskie-studia-menedzerskie-juz-od-pazdziernika-2019-roku-w-krosnie\/#primaryimage"},"image":{"@id":"https:\/\/pans.krosno.pl\/zarzadzanie-magisterskie\/magisterskie-studia-menedzerskie-juz-od-pazdziernika-2019-roku-w-krosnie\/#primaryimage"},"thumbnailUrl":"https:\/\/pans.krosno.pl\/zarzadzanie-magisterskie\/wp-content\/uploads\/sites\/42\/2020\/03\/l3uW3JumZVWqkYlkZAksiazki.jpg","datePublished":"2019-10-01T12:20:51+00:00","dateModified":"2020-03-28T13:21:45+00:00","breadcrumb":{"@id":"https:\/\/pans.krosno.pl\/zarzadzanie-magisterskie\/magisterskie-studia-menedzerskie-juz-od-pazdziernika-2019-roku-w-krosnie\/#breadcrumb"},"inLanguage":"pl-PL","potentialAction":[{"@type":"ReadAction","target":["https:\/\/pans.krosno.pl\/zarzadzanie-magisterskie\/magisterskie-studia-menedzerskie-juz-od-pazdziernika-2019-roku-w-krosnie\/"]}]},{"@type":"ImageObject","inLanguage":"pl-PL","@id":"https:\/\/pans.krosno.pl\/zarzadzanie-magisterskie\/magisterskie-studia-menedzerskie-juz-od-pazdziernika-2019-roku-w-krosnie\/#primaryimage","url":"https:\/\/pans.krosno.pl\/zarzadzanie-magisterskie\/wp-content\/uploads\/sites\/42\/2020\/03\/l3uW3JumZVWqkYlkZAksiazki.jpg","contentUrl":"https:\/\/pans.krosno.pl\/zarzadzanie-magisterskie\/wp-content\/uploads\/sites\/42\/2020\/03\/l3uW3JumZVWqkYlkZAksiazki.jpg","width":134,"height":90},{"@type":"BreadcrumbList","@id":"https:\/\/pans.krosno.pl\/zarzadzanie-magisterskie\/magisterskie-studia-menedzerskie-juz-od-pazdziernika-2019-roku-w-krosnie\/#breadcrumb","itemListElement":[{"@type":"ListItem","position":1,"name":"Strona g\u0142\u00f3wna","item":"https:\/\/pans.krosno.pl\/zarzadzanie-magisterskie\/"},{"@type":"ListItem","position":2,"name":"Magisterskie studia mened\u017cerskie ju\u017c od pa\u017adziernika 2019 roku w Kro\u015bnie"}]},{"@type":"WebSite","@id":"https:\/\/pans.krosno.pl\/zarzadzanie-magisterskie\/#website","url":"https:\/\/pans.krosno.pl\/zarzadzanie-magisterskie\/","name":"Zarz\u0105dzanie - Studia II Stopnia PANS w Kro\u015bnie","description":"Zarz\u0105dzanie - Studia II Stopnia - Pa\u0144stwowa Akademia Nauk Stosowanych","publisher":{"@id":"https:\/\/pans.krosno.pl\/zarzadzanie-magisterskie\/#organization"},"potentialAction":[{"@type":"SearchAction","target":{"@type":"EntryPoint","urlTemplate":"https:\/\/pans.krosno.pl\/zarzadzanie-magisterskie\/?s={search_term_string}"},"query-input":{"@type":"PropertyValueSpecification","valueRequired":true,"valueName":"search_term_string"}}],"inLanguage":"pl-PL"},{"@type":"Organization","@id":"https:\/\/pans.krosno.pl\/zarzadzanie-magisterskie\/#organization","name":"Zarz\u0105dzanie - Studia II Stopnia PANS w Kro\u015bnie","url":"https:\/\/pans.krosno.pl\/zarzadzanie-magisterskie\/","logo":{"@type":"ImageObject","inLanguage":"pl-PL","@id":"https:\/\/pans.krosno.pl\/zarzadzanie-magisterskie\/#\/schema\/logo\/image\/","url":"https:\/\/pans.krosno.pl\/zarzadzanie-magisterskie\/wp-content\/uploads\/sites\/42\/2023\/01\/Logo-PANS-2022-pelne.png","contentUrl":"https:\/\/pans.krosno.pl\/zarzadzanie-magisterskie\/wp-content\/uploads\/sites\/42\/2023\/01\/Logo-PANS-2022-pelne.png","width":3096,"height":696,"caption":"Zarz\u0105dzanie - Studia II Stopnia PANS w Kro\u015bnie"},"image":{"@id":"https:\/\/pans.krosno.pl\/zarzadzanie-magisterskie\/#\/schema\/logo\/image\/"}},{"@type":"Person","@id":"https:\/\/pans.krosno.pl\/zarzadzanie-magisterskie\/#\/schema\/person\/c1c9d6d593d357f87d9a7d7e44daa34e","name":"maciejpolchlopek","image":{"@type":"ImageObject","inLanguage":"pl-PL","@id":"https:\/\/secure.gravatar.com\/avatar\/2fadd549eeed4871c9aa96e96d8519cac8006657ce091e11a5f0ba8a8f5dca66?s=96&d=mm&r=g","url":"https:\/\/secure.gravatar.com\/avatar\/2fadd549eeed4871c9aa96e96d8519cac8006657ce091e11a5f0ba8a8f5dca66?s=96&d=mm&r=g","contentUrl":"https:\/\/secure.gravatar.com\/avatar\/2fadd549eeed4871c9aa96e96d8519cac8006657ce091e11a5f0ba8a8f5dca66?s=96&d=mm&r=g","caption":"maciejpolchlopek"},"url":"https:\/\/pans.krosno.pl\/zarzadzanie-magisterskie\/author\/maciejpolchlopek\/"}]}},"_links":{"self":[{"href":"https:\/\/pans.krosno.pl\/zarzadzanie-magisterskie\/wp-json\/wp\/v2\/posts\/59","targetHints":{"allow":["GET"]}}],"collection":[{"href":"https:\/\/pans.krosno.pl\/zarzadzanie-magisterskie\/wp-json\/wp\/v2\/posts"}],"about":[{"href":"https:\/\/pans.krosno.pl\/zarzadzanie-magisterskie\/wp-json\/wp\/v2\/types\/post"}],"author":[{"embeddable":true,"href":"https:\/\/pans.krosno.pl\/zarzadzanie-magisterskie\/wp-json\/wp\/v2\/users\/27"}],"replies":[{"embeddable":true,"href":"https:\/\/pans.krosno.pl\/zarzadzanie-magisterskie\/wp-json\/wp\/v2\/comments?post=59"}],"version-history":[{"count":1,"href":"https:\/\/pans.krosno.pl\/zarzadzanie-magisterskie\/wp-json\/wp\/v2\/posts\/59\/revisions"}],"predecessor-version":[{"id":61,"href":"https:\/\/pans.krosno.pl\/zarzadzanie-magisterskie\/wp-json\/wp\/v2\/posts\/59\/revisions\/61"}],"wp:featuredmedia":[{"embeddable":true,"href":"https:\/\/pans.krosno.pl\/zarzadzanie-magisterskie\/wp-json\/wp\/v2\/media\/60"}],"wp:attachment":[{"href":"https:\/\/pans.krosno.pl\/zarzadzanie-magisterskie\/wp-json\/wp\/v2\/media?parent=59"}],"wp:term":[{"taxonomy":"category","embeddable":true,"href":"https:\/\/pans.krosno.pl\/zarzadzanie-magisterskie\/wp-json\/wp\/v2\/categories?post=59"},{"taxonomy":"post_tag","embeddable":true,"href":"https:\/\/pans.krosno.pl\/zarzadzanie-magisterskie\/wp-json\/wp\/v2\/tags?post=59"}],"curies":[{"name":"wp","href":"https:\/\/api.w.org\/{rel}","templated":true}]}}