{"id":3873,"date":"2026-04-28T10:01:42","date_gmt":"2026-04-28T08:01:42","guid":{"rendered":"https:\/\/pans.krosno.pl\/tir\/?p=3873"},"modified":"2026-04-29T08:55:46","modified_gmt":"2026-04-29T06:55:46","slug":"cwiczenia-terenowe-z-obslugi-ruchu-turystycznego-w-sudetach-i-w-pradze-2","status":"publish","type":"post","link":"https:\/\/pans.krosno.pl\/tir\/cwiczenia-terenowe-z-obslugi-ruchu-turystycznego-w-sudetach-i-w-pradze-2\/","title":{"rendered":"\u0106wiczenia terenowe z Obs\u0142ugi ruchu turystycznego w Sudetach i w Pradze\u00a0\u00a0\u00a0\u00a0\u00a0"},"content":{"rendered":"\n<p>W dniach 23-26 kwietnia 2026 roku studenci II roku Turystyki i rekreacji, wspierani przez niewielk\u0105 grup\u0119 student\u00f3w III roku ze Studenckiego Ko\u0142a Zabytkoznawc\u00f3w i Krajoznawc\u00f3w, pod naukow\u0105 opiek\u0105&nbsp;<strong>dra hab. Piotra \u0141opatkiewicza, prof. PANS<\/strong>&nbsp;oraz&nbsp;<strong>dra Rafa\u0142a Kapicy<\/strong>, odbyli czterodniowe&nbsp;programowe&nbsp;<strong>\u0106wiczenia z Obs\u0142ugi ruchu turystycznego w Sudetach i Pradze.<\/strong>&nbsp;Zaliczenie \u0106wicze\u0144 jest niezb\u0119dne do uzyskania certyfikatu potwierdzaj\u0105cego uzyskanie kwalifikacji Pilota wycieczek zagranicznych<\/p>\n\n\n\n<p>W ramach pierwszego dnia zaj\u0119\u0107, po przyje\u017adzie do Kar\u0142owa, w godzinach popo\u0142udniowych, weszli\u015bmy na <strong>Szczeliniec Wielki 919 m n.p.m.&nbsp;<\/strong>\u2013 kluczowej i bardzo spektakularnej atrakcji Parku Narodowego G\u00f3r Sto\u0142owych.<\/p>\n\n\n\n<p><strong>Dzie\u0144 drugi to intensywne zaj\u0119cia i zwiedzanie Pragi \u2013 stolicy Republiki Czeskiej, jednego z najpi\u0119kniejszych miast Europy, wpisanego na List\u0119 \u015awiatowego Dziedzictwa Kulturalnego UNESCO.<\/strong><\/p>\n\n\n\n<p>Praga przywita\u0142a nas pi\u0119kn\u0105 s\u0142oneczn\u0105 pogod\u0105. Program rozpocz\u0119li\u015bmy obok klasztoru&nbsp;<strong>Premonstratens\u00f3w na Strahovie<\/strong>&nbsp;i&nbsp;&nbsp;przez&nbsp;<strong>Hradcza\u0144skie Namesti<\/strong>, obok renesansowego&nbsp;<strong>pa\u0142acu Schwarcenberg\u00f3w<\/strong>, udali\u015bmy si\u0119&nbsp; na<strong>&nbsp;Hradczany, gdzie z<\/strong>obaczyli\u015bmy ogrody kr\u00f3lewskie i renesansowy&nbsp;<strong>pa\u0142ac letni kr\u00f3lowej Anny Jagiellonki (c\u00f3rki W\u0142adys\u0142awa Jagiello\u0144czyka)<\/strong>, trzy dziedzi\u0144ce&nbsp;<strong>zamku Kr\u00f3lewskiego<\/strong>, wn\u0119trze&nbsp;<strong>katedry \u015bw. Wita<\/strong>, wn\u0119trza najstarszej cz\u0119\u015bci zamku kr\u00f3lewskiego z tzw.&nbsp;<strong>sal\u0105 W\u0142adys\u0142awowsk\u0105<\/strong>, dziedziniec &nbsp;\u015bw. Jerzego, wn\u0119trze roma\u0144skiej&nbsp;<strong>bazyliki \u015bw. Jerzego<\/strong>, nast\u0119pnie:&nbsp;<strong>Zlat\u0105 Uliczk\u0119<\/strong>,&nbsp;<strong>wie\u017c\u0119 Dalibork\u0119<\/strong>&nbsp;i&nbsp;<strong>wie\u017c\u0119 Czarn\u0105<\/strong>. Nast\u0119pnie ul. Nerudov\u0105, zeszli\u015bmy w kierunku tzw.&nbsp;<strong>Malej Strany<\/strong>, gdzie zobaczyli\u015bmy p\u00f3\u017anobarokowy&nbsp;<strong>ko\u015bci\u00f3\u0142 \u015bw. Mikulasza na Malej Stranie<\/strong>&nbsp;i&nbsp;<strong>Malostra\u0144skie Namesti<\/strong>. St\u0105d Traktem kr\u00f3lewskim ruszyli\u015bmy przez&nbsp;<strong>most Karola<\/strong>, w kierunku&nbsp;<strong>Starego Miasta (Stare Mesto)<\/strong>. Z mostu Karola, zobaczyli\u015bmy&nbsp;<strong>Kamp\u0119<\/strong>&nbsp;(tzw. prask\u0105 Wenecj\u0119),&nbsp;<strong>Klementinum z ko\u015bcio\u0142em \u015bw. Salwatora<\/strong>, nast\u0119pnie&nbsp;<strong>ulic\u0105 Karlov\u0105<\/strong>&nbsp;dotarli\u015bmy do&nbsp;<strong>Staromestkiego Namesti<\/strong>&nbsp;z gmachem&nbsp;<strong>Ratusza<\/strong>,&nbsp;<strong>pomnikiem Jana Husa<\/strong>,&nbsp;<strong>gotyckim domem pod Kamiennym dzwonem<\/strong>&nbsp;i&nbsp;<strong>ko\u015bcio\u0142em Panny Marii przed Tynem<\/strong>&nbsp;(tzw. Ty\u0144ski Chram). Kolejny punkt programu to przej\u015bcie pod&nbsp;<strong>Karolinum<\/strong>&nbsp;(najstarszy gmach Uniwersytetu Praskiego za\u0142o\u017conego w 1348 roku) i&nbsp;zwi\u0105zany z Wolfgangiem Amadeuszem Mozartem&nbsp;<strong>Teatr Stanowy&nbsp;<\/strong>(tu w roku 1771 mia\u0142a miejsce prapremiera opery&nbsp;<em>Don Giovani<\/em>&nbsp;Mozarta). W godzinach p\u00f3\u017anopopo\u0142udniowych udali\u015bmy si\u0119 w stron\u0119&nbsp;<strong>Nowego Miasta<\/strong>&nbsp;(Nove Mesto), gdzie zobaczyli\u015bmy gotyck\u0105&nbsp;<strong>Bram\u0119 Prochow\u0105<\/strong>&nbsp;i secesyjny&nbsp;<strong>Dom Miejski<\/strong>, sk\u0105d&nbsp;<strong>ulic\u0105 Na Prikope<\/strong>&nbsp;udali\u015bmy si\u0119 w stron\u0119&nbsp;<strong>Waclawskiego Namesti<\/strong>. Tu zobaczyli\u015bmy&nbsp;<strong>gmach Muzeum Narodowego<\/strong>, nast\u0119pnie udali\u015bmy si\u0119 Alej\u0105 Narodow\u0105 pod&nbsp;<strong>gotycki ko\u015bci\u00f3\u0142 Matki Boskiej \u015anie\u017cnej<\/strong>,&nbsp;<strong>gmach Teatru Narodowego<\/strong>&nbsp;(Narodni Divadlo), a w godzinach wieczornych, z&nbsp;<strong>mostu Leg<\/strong>ii na We\u0142tawie, podziwiali\u015bmy Prag\u0119 o zachodzie s\u0142o\u0144ca.<\/p>\n\n\n\n<p>Dzie\u0144 trzeci ponowny przejazd z Kar\u0142owa w stron\u0119 czeskiego Brumova i Teplic. Celem naszych \u0107wicze\u0144 by\u0142y&nbsp;<strong>Adr\u0161pa\u0161skoteplick\u00e9 Sk\u00e1ly<\/strong>&nbsp;\u2013 kluczowy i bardzo spektakularny fragment rozleg\u0142ego&nbsp;<strong>Narodowego Rezerwatu Brumovske Steny<\/strong>. Przez kilka godzin, w przepi\u0119knej wiosennej pogodzie, podziwiali\u015bmy g\u0142\u0119bokie kaniony i monumentalne formacje skalne, kt\u00f3re w wymiarze geologicznym stanowi\u0105 przed\u0142u\u017cenie G\u00f3r Sto\u0142owych po stronie polskiej. Popo\u0142udnie sp\u0119dzili\u015bmy w pobliskim Brumovie, gdzie po obiedzie zobaczyli\u015bmy Klasztor Benedyktyn\u00f3w z ko\u015bcio\u0142em \u015bw. Wojciecha z pocz. XVIII wieku (dzie\u0142o Kiliana Ignaza Deitzenhofera oraz drewniany ko\u015bci\u00f3\u0142 Naj\u015bwi\u0119tszej Marii Panny, konstrukcji s\u0142upowo-ramowej, z po\u0142. wieku XV).<\/p>\n\n\n\n<p>Dzie\u0144 czwarty to zwiedzanie rozleg\u0142ej<strong>&nbsp;Twierdzy Srebrnog\u00f3rskiej<\/strong>&nbsp;w G\u00f3rach Sowich \u2013 najwi\u0119kszej twierdzy g\u00f3rskiej w Europie z 2. po\u0142. XVIII wieku,&nbsp; nast\u0119pnie za\u015b przejazd do Kamie\u0144ca Z\u0105bkowickiego, gdzie mogli\u015bmy ogl\u0105da\u0107 monumentalne&nbsp;<strong>za\u0142o\u017cenie pa\u0142acowo-ogrodowee kr\u00f3lewny Marianny Ora\u0144skiej&nbsp;<\/strong>z po\u0142. XIX wieku \u2013 najwi\u0119kszy pa\u0142ac neogotycki w Europie (dzie\u0142o wybitnego niemieckiego architekta Karla Fridricha Schinkel\u2019a) oraz po\u0142o\u017cony w s\u0105siedztwie&nbsp;<strong>gotycki ko\u015bci\u00f3\u0142 cysters\u00f3w<\/strong>&nbsp;z prze\u0142omu XIII i XIV wieku (najstarszy ko\u015bci\u00f3\u0142 halowy na ziemiach polskich). &nbsp;Ostatnim punktem programu by\u0142 przejazd do&nbsp;<strong>Paczkowa<\/strong>, zwiedzanie starego miasta, przede wszystkim przej\u015bcie wzd\u0142u\u017c pier\u015bcienia bardzo dobrze zachowanych \u015bredniowiecznych fortyfikacji miejskich. W godzinach p\u00f3\u017anowieczornych powr\u00f3cili\u015bmy do Krosna.<\/p>\n\n\n\n<p>Za nami cztery dni bardzo intensywnej, ale niezapomnianej wyprawy, zrealizowanej w pi\u0119knej s\u0142onecznej pogodzie. Wszystkim studentom dzi\u0119kuj\u0119 za dyscyplin\u0119 i dobre przygotowanie do \u0106wicze\u0144.<\/p>\n\n\n\n<p>Relacja:&nbsp;<strong>Piotr \u0141opatkiewicz<\/strong><\/p>\n\n\n\n<p>Fotorelacja:&nbsp;<strong>Piotr \u0141opatkiewicz, Rafa\u0142 Kapica, Julia Capko<\/strong><\/p>\n\n\n\n<figure class=\"wp-block-image size-large\"><img loading=\"lazy\" decoding=\"async\" width=\"1024\" height=\"768\" src=\"https:\/\/pans.krosno.pl\/tir\/wp-content\/uploads\/sites\/34\/2026\/04\/Messenger_creation_16622B70-9D79-4419-A94D-E7BBFF989137-1024x768.jpeg\" alt=\"\" class=\"wp-image-3926\" srcset=\"https:\/\/pans.krosno.pl\/tir\/wp-content\/uploads\/sites\/34\/2026\/04\/Messenger_creation_16622B70-9D79-4419-A94D-E7BBFF989137-1024x768.jpeg 1024w, https:\/\/pans.krosno.pl\/tir\/wp-content\/uploads\/sites\/34\/2026\/04\/Messenger_creation_16622B70-9D79-4419-A94D-E7BBFF989137-300x225.jpeg 300w, https:\/\/pans.krosno.pl\/tir\/wp-content\/uploads\/sites\/34\/2026\/04\/Messenger_creation_16622B70-9D79-4419-A94D-E7BBFF989137-768x576.jpeg 768w, https:\/\/pans.krosno.pl\/tir\/wp-content\/uploads\/sites\/34\/2026\/04\/Messenger_creation_16622B70-9D79-4419-A94D-E7BBFF989137-1536x1152.jpeg 1536w, https:\/\/pans.krosno.pl\/tir\/wp-content\/uploads\/sites\/34\/2026\/04\/Messenger_creation_16622B70-9D79-4419-A94D-E7BBFF989137-2000x1500.jpeg 2000w, https:\/\/pans.krosno.pl\/tir\/wp-content\/uploads\/sites\/34\/2026\/04\/Messenger_creation_16622B70-9D79-4419-A94D-E7BBFF989137-800x600.jpeg 800w, https:\/\/pans.krosno.pl\/tir\/wp-content\/uploads\/sites\/34\/2026\/04\/Messenger_creation_16622B70-9D79-4419-A94D-E7BBFF989137-580x435.jpeg 580w, https:\/\/pans.krosno.pl\/tir\/wp-content\/uploads\/sites\/34\/2026\/04\/Messenger_creation_16622B70-9D79-4419-A94D-E7BBFF989137.jpeg 2048w\" sizes=\"auto, (max-width: 1024px) 100vw, 1024px\" \/><figcaption class=\"wp-element-caption\">No to w drog\u0119!<\/figcaption><\/figure>\n\n\n\n<figure class=\"wp-block-image size-large\"><img loading=\"lazy\" decoding=\"async\" width=\"1024\" height=\"680\" src=\"https:\/\/pans.krosno.pl\/tir\/wp-content\/uploads\/sites\/34\/2026\/04\/DSC0075-1024x680.jpg\" alt=\"\" class=\"wp-image-3875\" srcset=\"https:\/\/pans.krosno.pl\/tir\/wp-content\/uploads\/sites\/34\/2026\/04\/DSC0075-1024x680.jpg 1024w, https:\/\/pans.krosno.pl\/tir\/wp-content\/uploads\/sites\/34\/2026\/04\/DSC0075-300x200.jpg 300w, https:\/\/pans.krosno.pl\/tir\/wp-content\/uploads\/sites\/34\/2026\/04\/DSC0075-768x510.jpg 768w, https:\/\/pans.krosno.pl\/tir\/wp-content\/uploads\/sites\/34\/2026\/04\/DSC0075-1536x1020.jpg 1536w, https:\/\/pans.krosno.pl\/tir\/wp-content\/uploads\/sites\/34\/2026\/04\/DSC0075-2048x1360.jpg 2048w, https:\/\/pans.krosno.pl\/tir\/wp-content\/uploads\/sites\/34\/2026\/04\/DSC0075-2000x1328.jpg 2000w, https:\/\/pans.krosno.pl\/tir\/wp-content\/uploads\/sites\/34\/2026\/04\/DSC0075-800x531.jpg 800w, https:\/\/pans.krosno.pl\/tir\/wp-content\/uploads\/sites\/34\/2026\/04\/DSC0075-580x385.jpg 580w\" sizes=\"auto, (max-width: 1024px) 100vw, 1024px\" \/><figcaption class=\"wp-element-caption\">Na Szczeli\u0144cu Wielkim, w g\u0142\u0119bi Karkonosze<\/figcaption><\/figure>\n\n\n\n<figure class=\"wp-block-image size-large\"><img loading=\"lazy\" decoding=\"async\" width=\"1024\" height=\"680\" src=\"https:\/\/pans.krosno.pl\/tir\/wp-content\/uploads\/sites\/34\/2026\/04\/DSC0093-1024x680.jpg\" alt=\"\" class=\"wp-image-3876\" srcset=\"https:\/\/pans.krosno.pl\/tir\/wp-content\/uploads\/sites\/34\/2026\/04\/DSC0093-1024x680.jpg 1024w, https:\/\/pans.krosno.pl\/tir\/wp-content\/uploads\/sites\/34\/2026\/04\/DSC0093-300x200.jpg 300w, https:\/\/pans.krosno.pl\/tir\/wp-content\/uploads\/sites\/34\/2026\/04\/DSC0093-768x510.jpg 768w, https:\/\/pans.krosno.pl\/tir\/wp-content\/uploads\/sites\/34\/2026\/04\/DSC0093-1536x1020.jpg 1536w, https:\/\/pans.krosno.pl\/tir\/wp-content\/uploads\/sites\/34\/2026\/04\/DSC0093-2048x1360.jpg 2048w, https:\/\/pans.krosno.pl\/tir\/wp-content\/uploads\/sites\/34\/2026\/04\/DSC0093-2000x1328.jpg 2000w, https:\/\/pans.krosno.pl\/tir\/wp-content\/uploads\/sites\/34\/2026\/04\/DSC0093-800x531.jpg 800w, https:\/\/pans.krosno.pl\/tir\/wp-content\/uploads\/sites\/34\/2026\/04\/DSC0093-580x385.jpg 580w\" sizes=\"auto, (max-width: 1024px) 100vw, 1024px\" \/><figcaption class=\"wp-element-caption\">Tzw. Fotel Pradziadka, najwy\u017cszy punkt Szczeli\u0144ca Wielkiego<\/figcaption><\/figure>\n\n\n\n<figure class=\"wp-block-image size-large\"><img loading=\"lazy\" decoding=\"async\" width=\"1024\" height=\"680\" src=\"https:\/\/pans.krosno.pl\/tir\/wp-content\/uploads\/sites\/34\/2026\/04\/DSC0102-1024x680.jpg\" alt=\"\" class=\"wp-image-3877\" srcset=\"https:\/\/pans.krosno.pl\/tir\/wp-content\/uploads\/sites\/34\/2026\/04\/DSC0102-1024x680.jpg 1024w, https:\/\/pans.krosno.pl\/tir\/wp-content\/uploads\/sites\/34\/2026\/04\/DSC0102-300x200.jpg 300w, https:\/\/pans.krosno.pl\/tir\/wp-content\/uploads\/sites\/34\/2026\/04\/DSC0102-768x510.jpg 768w, https:\/\/pans.krosno.pl\/tir\/wp-content\/uploads\/sites\/34\/2026\/04\/DSC0102-1536x1020.jpg 1536w, https:\/\/pans.krosno.pl\/tir\/wp-content\/uploads\/sites\/34\/2026\/04\/DSC0102-2048x1360.jpg 2048w, https:\/\/pans.krosno.pl\/tir\/wp-content\/uploads\/sites\/34\/2026\/04\/DSC0102-2000x1328.jpg 2000w, https:\/\/pans.krosno.pl\/tir\/wp-content\/uploads\/sites\/34\/2026\/04\/DSC0102-800x531.jpg 800w, https:\/\/pans.krosno.pl\/tir\/wp-content\/uploads\/sites\/34\/2026\/04\/DSC0102-580x385.jpg 580w\" sizes=\"auto, (max-width: 1024px) 100vw, 1024px\" \/><figcaption class=\"wp-element-caption\">W g\u0142\u0119bi g\u0142owa Ma\u0142poluda<\/figcaption><\/figure>\n\n\n\n<figure class=\"wp-block-image size-large\"><img loading=\"lazy\" decoding=\"async\" width=\"1024\" height=\"680\" src=\"https:\/\/pans.krosno.pl\/tir\/wp-content\/uploads\/sites\/34\/2026\/04\/DSC0119-1024x680.jpg\" alt=\"\" class=\"wp-image-3879\" srcset=\"https:\/\/pans.krosno.pl\/tir\/wp-content\/uploads\/sites\/34\/2026\/04\/DSC0119-1024x680.jpg 1024w, https:\/\/pans.krosno.pl\/tir\/wp-content\/uploads\/sites\/34\/2026\/04\/DSC0119-300x200.jpg 300w, https:\/\/pans.krosno.pl\/tir\/wp-content\/uploads\/sites\/34\/2026\/04\/DSC0119-768x510.jpg 768w, https:\/\/pans.krosno.pl\/tir\/wp-content\/uploads\/sites\/34\/2026\/04\/DSC0119-1536x1020.jpg 1536w, https:\/\/pans.krosno.pl\/tir\/wp-content\/uploads\/sites\/34\/2026\/04\/DSC0119-2048x1360.jpg 2048w, https:\/\/pans.krosno.pl\/tir\/wp-content\/uploads\/sites\/34\/2026\/04\/DSC0119-2000x1328.jpg 2000w, https:\/\/pans.krosno.pl\/tir\/wp-content\/uploads\/sites\/34\/2026\/04\/DSC0119-800x531.jpg 800w, https:\/\/pans.krosno.pl\/tir\/wp-content\/uploads\/sites\/34\/2026\/04\/DSC0119-580x385.jpg 580w\" sizes=\"auto, (max-width: 1024px) 100vw, 1024px\" \/><figcaption class=\"wp-element-caption\">Na kraw\u0119dzi zachodniej Szczeli\u0144ca<\/figcaption><\/figure>\n\n\n\n<figure class=\"wp-block-image size-full\"><img loading=\"lazy\" decoding=\"async\" width=\"973\" height=\"763\" src=\"https:\/\/pans.krosno.pl\/tir\/wp-content\/uploads\/sites\/34\/2026\/04\/DSC0126.jpg\" alt=\"\" class=\"wp-image-3880\" srcset=\"https:\/\/pans.krosno.pl\/tir\/wp-content\/uploads\/sites\/34\/2026\/04\/DSC0126.jpg 973w, https:\/\/pans.krosno.pl\/tir\/wp-content\/uploads\/sites\/34\/2026\/04\/DSC0126-300x235.jpg 300w, https:\/\/pans.krosno.pl\/tir\/wp-content\/uploads\/sites\/34\/2026\/04\/DSC0126-768x602.jpg 768w, https:\/\/pans.krosno.pl\/tir\/wp-content\/uploads\/sites\/34\/2026\/04\/DSC0126-800x627.jpg 800w, https:\/\/pans.krosno.pl\/tir\/wp-content\/uploads\/sites\/34\/2026\/04\/DSC0126-580x455.jpg 580w\" sizes=\"auto, (max-width: 973px) 100vw, 973px\" \/><figcaption class=\"wp-element-caption\">Sok\u00f3\u0142 pustu\u0142ka (chyba?)<\/figcaption><\/figure>\n\n\n\n<figure class=\"wp-block-image size-large\"><img loading=\"lazy\" decoding=\"async\" width=\"1024\" height=\"680\" src=\"https:\/\/pans.krosno.pl\/tir\/wp-content\/uploads\/sites\/34\/2026\/04\/DSC0133-1024x680.jpg\" alt=\"\" class=\"wp-image-3881\" srcset=\"https:\/\/pans.krosno.pl\/tir\/wp-content\/uploads\/sites\/34\/2026\/04\/DSC0133-1024x680.jpg 1024w, https:\/\/pans.krosno.pl\/tir\/wp-content\/uploads\/sites\/34\/2026\/04\/DSC0133-300x200.jpg 300w, https:\/\/pans.krosno.pl\/tir\/wp-content\/uploads\/sites\/34\/2026\/04\/DSC0133-768x510.jpg 768w, https:\/\/pans.krosno.pl\/tir\/wp-content\/uploads\/sites\/34\/2026\/04\/DSC0133-1536x1020.jpg 1536w, https:\/\/pans.krosno.pl\/tir\/wp-content\/uploads\/sites\/34\/2026\/04\/DSC0133-2048x1360.jpg 2048w, https:\/\/pans.krosno.pl\/tir\/wp-content\/uploads\/sites\/34\/2026\/04\/DSC0133-2000x1328.jpg 2000w, https:\/\/pans.krosno.pl\/tir\/wp-content\/uploads\/sites\/34\/2026\/04\/DSC0133-800x531.jpg 800w, https:\/\/pans.krosno.pl\/tir\/wp-content\/uploads\/sites\/34\/2026\/04\/DSC0133-580x385.jpg 580w\" sizes=\"auto, (max-width: 1024px) 100vw, 1024px\" \/><figcaption class=\"wp-element-caption\">Praskie Hradczany widziane ze Strahova<\/figcaption><\/figure>\n\n\n\n<figure class=\"wp-block-image size-large\"><img loading=\"lazy\" decoding=\"async\" width=\"1024\" height=\"680\" src=\"https:\/\/pans.krosno.pl\/tir\/wp-content\/uploads\/sites\/34\/2026\/04\/DSC0140-1024x680.jpg\" alt=\"\" class=\"wp-image-3882\" srcset=\"https:\/\/pans.krosno.pl\/tir\/wp-content\/uploads\/sites\/34\/2026\/04\/DSC0140-1024x680.jpg 1024w, https:\/\/pans.krosno.pl\/tir\/wp-content\/uploads\/sites\/34\/2026\/04\/DSC0140-300x200.jpg 300w, https:\/\/pans.krosno.pl\/tir\/wp-content\/uploads\/sites\/34\/2026\/04\/DSC0140-768x510.jpg 768w, https:\/\/pans.krosno.pl\/tir\/wp-content\/uploads\/sites\/34\/2026\/04\/DSC0140-1536x1020.jpg 1536w, https:\/\/pans.krosno.pl\/tir\/wp-content\/uploads\/sites\/34\/2026\/04\/DSC0140-2048x1360.jpg 2048w, https:\/\/pans.krosno.pl\/tir\/wp-content\/uploads\/sites\/34\/2026\/04\/DSC0140-2000x1328.jpg 2000w, https:\/\/pans.krosno.pl\/tir\/wp-content\/uploads\/sites\/34\/2026\/04\/DSC0140-800x531.jpg 800w, https:\/\/pans.krosno.pl\/tir\/wp-content\/uploads\/sites\/34\/2026\/04\/DSC0140-580x385.jpg 580w\" sizes=\"auto, (max-width: 1024px) 100vw, 1024px\" \/><figcaption class=\"wp-element-caption\">Na Strahovie<\/figcaption><\/figure>\n\n\n\n<figure class=\"wp-block-image size-large\"><img loading=\"lazy\" decoding=\"async\" width=\"1024\" height=\"680\" src=\"https:\/\/pans.krosno.pl\/tir\/wp-content\/uploads\/sites\/34\/2026\/04\/DSC0152-1024x680.jpg\" alt=\"\" class=\"wp-image-3883\" srcset=\"https:\/\/pans.krosno.pl\/tir\/wp-content\/uploads\/sites\/34\/2026\/04\/DSC0152-1024x680.jpg 1024w, https:\/\/pans.krosno.pl\/tir\/wp-content\/uploads\/sites\/34\/2026\/04\/DSC0152-300x200.jpg 300w, https:\/\/pans.krosno.pl\/tir\/wp-content\/uploads\/sites\/34\/2026\/04\/DSC0152-768x510.jpg 768w, https:\/\/pans.krosno.pl\/tir\/wp-content\/uploads\/sites\/34\/2026\/04\/DSC0152-1536x1020.jpg 1536w, https:\/\/pans.krosno.pl\/tir\/wp-content\/uploads\/sites\/34\/2026\/04\/DSC0152-2048x1360.jpg 2048w, https:\/\/pans.krosno.pl\/tir\/wp-content\/uploads\/sites\/34\/2026\/04\/DSC0152-2000x1328.jpg 2000w, https:\/\/pans.krosno.pl\/tir\/wp-content\/uploads\/sites\/34\/2026\/04\/DSC0152-800x531.jpg 800w, https:\/\/pans.krosno.pl\/tir\/wp-content\/uploads\/sites\/34\/2026\/04\/DSC0152-580x385.jpg 580w\" sizes=\"auto, (max-width: 1024px) 100vw, 1024px\" \/><\/figure>\n\n\n\n<p>Hradcza\u0144skie Namesti<\/p>\n\n\n\n<figure class=\"wp-block-image size-large\"><img loading=\"lazy\" decoding=\"async\" width=\"1024\" height=\"680\" src=\"https:\/\/pans.krosno.pl\/tir\/wp-content\/uploads\/sites\/34\/2026\/04\/DSC0158-1024x680.jpg\" alt=\"\" class=\"wp-image-3884\" srcset=\"https:\/\/pans.krosno.pl\/tir\/wp-content\/uploads\/sites\/34\/2026\/04\/DSC0158-1024x680.jpg 1024w, https:\/\/pans.krosno.pl\/tir\/wp-content\/uploads\/sites\/34\/2026\/04\/DSC0158-300x200.jpg 300w, https:\/\/pans.krosno.pl\/tir\/wp-content\/uploads\/sites\/34\/2026\/04\/DSC0158-768x510.jpg 768w, https:\/\/pans.krosno.pl\/tir\/wp-content\/uploads\/sites\/34\/2026\/04\/DSC0158-1536x1020.jpg 1536w, https:\/\/pans.krosno.pl\/tir\/wp-content\/uploads\/sites\/34\/2026\/04\/DSC0158-2048x1360.jpg 2048w, https:\/\/pans.krosno.pl\/tir\/wp-content\/uploads\/sites\/34\/2026\/04\/DSC0158-2000x1328.jpg 2000w, https:\/\/pans.krosno.pl\/tir\/wp-content\/uploads\/sites\/34\/2026\/04\/DSC0158-800x531.jpg 800w, https:\/\/pans.krosno.pl\/tir\/wp-content\/uploads\/sites\/34\/2026\/04\/DSC0158-580x385.jpg 580w\" sizes=\"auto, (max-width: 1024px) 100vw, 1024px\" \/><\/figure>\n\n\n\n<p>Pod renesansowym pa\u0142acem Anny Jagiellonki<\/p>\n\n\n\n<figure class=\"wp-block-image size-large\"><img loading=\"lazy\" decoding=\"async\" width=\"1024\" height=\"680\" src=\"https:\/\/pans.krosno.pl\/tir\/wp-content\/uploads\/sites\/34\/2026\/04\/DSC0162-1024x680.jpg\" alt=\"\" class=\"wp-image-3885\" srcset=\"https:\/\/pans.krosno.pl\/tir\/wp-content\/uploads\/sites\/34\/2026\/04\/DSC0162-1024x680.jpg 1024w, https:\/\/pans.krosno.pl\/tir\/wp-content\/uploads\/sites\/34\/2026\/04\/DSC0162-300x200.jpg 300w, https:\/\/pans.krosno.pl\/tir\/wp-content\/uploads\/sites\/34\/2026\/04\/DSC0162-768x510.jpg 768w, https:\/\/pans.krosno.pl\/tir\/wp-content\/uploads\/sites\/34\/2026\/04\/DSC0162-1536x1020.jpg 1536w, https:\/\/pans.krosno.pl\/tir\/wp-content\/uploads\/sites\/34\/2026\/04\/DSC0162-2048x1360.jpg 2048w, https:\/\/pans.krosno.pl\/tir\/wp-content\/uploads\/sites\/34\/2026\/04\/DSC0162-2000x1328.jpg 2000w, https:\/\/pans.krosno.pl\/tir\/wp-content\/uploads\/sites\/34\/2026\/04\/DSC0162-800x531.jpg 800w, https:\/\/pans.krosno.pl\/tir\/wp-content\/uploads\/sites\/34\/2026\/04\/DSC0162-580x385.jpg 580w\" sizes=\"auto, (max-width: 1024px) 100vw, 1024px\" \/><figcaption class=\"wp-element-caption\">Widok na Hradczany z ogrod\u00f3w kr\u00f3lewskich<\/figcaption><\/figure>\n\n\n\n<figure class=\"wp-block-image size-large\"><img loading=\"lazy\" decoding=\"async\" width=\"1024\" height=\"577\" src=\"https:\/\/pans.krosno.pl\/tir\/wp-content\/uploads\/sites\/34\/2026\/04\/20260424_134813-1024x577.jpg\" alt=\"\" class=\"wp-image-3925\" srcset=\"https:\/\/pans.krosno.pl\/tir\/wp-content\/uploads\/sites\/34\/2026\/04\/20260424_134813-1024x577.jpg 1024w, https:\/\/pans.krosno.pl\/tir\/wp-content\/uploads\/sites\/34\/2026\/04\/20260424_134813-300x169.jpg 300w, https:\/\/pans.krosno.pl\/tir\/wp-content\/uploads\/sites\/34\/2026\/04\/20260424_134813-768x432.jpg 768w, https:\/\/pans.krosno.pl\/tir\/wp-content\/uploads\/sites\/34\/2026\/04\/20260424_134813-1536x865.jpg 1536w, https:\/\/pans.krosno.pl\/tir\/wp-content\/uploads\/sites\/34\/2026\/04\/20260424_134813-2048x1153.jpg 2048w, https:\/\/pans.krosno.pl\/tir\/wp-content\/uploads\/sites\/34\/2026\/04\/20260424_134813-2000x1126.jpg 2000w, https:\/\/pans.krosno.pl\/tir\/wp-content\/uploads\/sites\/34\/2026\/04\/20260424_134813-800x450.jpg 800w, https:\/\/pans.krosno.pl\/tir\/wp-content\/uploads\/sites\/34\/2026\/04\/20260424_134813-270x152.jpg 270w, https:\/\/pans.krosno.pl\/tir\/wp-content\/uploads\/sites\/34\/2026\/04\/20260424_134813-580x327.jpg 580w\" sizes=\"auto, (max-width: 1024px) 100vw, 1024px\" \/><\/figure>\n\n\n\n<figure class=\"wp-block-image size-large\"><img loading=\"lazy\" decoding=\"async\" width=\"1024\" height=\"680\" src=\"https:\/\/pans.krosno.pl\/tir\/wp-content\/uploads\/sites\/34\/2026\/04\/DSC0167-1024x680.jpg\" alt=\"\" class=\"wp-image-3886\" srcset=\"https:\/\/pans.krosno.pl\/tir\/wp-content\/uploads\/sites\/34\/2026\/04\/DSC0167-1024x680.jpg 1024w, https:\/\/pans.krosno.pl\/tir\/wp-content\/uploads\/sites\/34\/2026\/04\/DSC0167-300x200.jpg 300w, https:\/\/pans.krosno.pl\/tir\/wp-content\/uploads\/sites\/34\/2026\/04\/DSC0167-768x510.jpg 768w, https:\/\/pans.krosno.pl\/tir\/wp-content\/uploads\/sites\/34\/2026\/04\/DSC0167-1536x1020.jpg 1536w, https:\/\/pans.krosno.pl\/tir\/wp-content\/uploads\/sites\/34\/2026\/04\/DSC0167-2048x1360.jpg 2048w, https:\/\/pans.krosno.pl\/tir\/wp-content\/uploads\/sites\/34\/2026\/04\/DSC0167-2000x1328.jpg 2000w, https:\/\/pans.krosno.pl\/tir\/wp-content\/uploads\/sites\/34\/2026\/04\/DSC0167-800x531.jpg 800w, https:\/\/pans.krosno.pl\/tir\/wp-content\/uploads\/sites\/34\/2026\/04\/DSC0167-580x385.jpg 580w\" sizes=\"auto, (max-width: 1024px) 100vw, 1024px\" \/><\/figure>\n\n\n\n<p>W g\u0142\u0119bi katedra \u015bw. Wita<\/p>\n\n\n\n<figure class=\"wp-block-image size-large\"><img loading=\"lazy\" decoding=\"async\" width=\"1024\" height=\"648\" src=\"https:\/\/pans.krosno.pl\/tir\/wp-content\/uploads\/sites\/34\/2026\/04\/DSC0184-1024x648.jpg\" alt=\"\" class=\"wp-image-3887\" srcset=\"https:\/\/pans.krosno.pl\/tir\/wp-content\/uploads\/sites\/34\/2026\/04\/DSC0184-1024x648.jpg 1024w, https:\/\/pans.krosno.pl\/tir\/wp-content\/uploads\/sites\/34\/2026\/04\/DSC0184-300x190.jpg 300w, https:\/\/pans.krosno.pl\/tir\/wp-content\/uploads\/sites\/34\/2026\/04\/DSC0184-768x486.jpg 768w, https:\/\/pans.krosno.pl\/tir\/wp-content\/uploads\/sites\/34\/2026\/04\/DSC0184-1536x971.jpg 1536w, https:\/\/pans.krosno.pl\/tir\/wp-content\/uploads\/sites\/34\/2026\/04\/DSC0184-2048x1295.jpg 2048w, https:\/\/pans.krosno.pl\/tir\/wp-content\/uploads\/sites\/34\/2026\/04\/DSC0184-2000x1265.jpg 2000w, https:\/\/pans.krosno.pl\/tir\/wp-content\/uploads\/sites\/34\/2026\/04\/DSC0184-800x506.jpg 800w, https:\/\/pans.krosno.pl\/tir\/wp-content\/uploads\/sites\/34\/2026\/04\/DSC0184-580x367.jpg 580w\" sizes=\"auto, (max-width: 1024px) 100vw, 1024px\" \/><figcaption class=\"wp-element-caption\">Pod Z\u0142ot\u0105 Bram\u0105 katedry \u015bw. Wita<\/figcaption><\/figure>\n\n\n\n<figure class=\"wp-block-image size-large\"><img loading=\"lazy\" decoding=\"async\" width=\"1024\" height=\"588\" src=\"https:\/\/pans.krosno.pl\/tir\/wp-content\/uploads\/sites\/34\/2026\/04\/DSC0190-1024x588.jpg\" alt=\"\" class=\"wp-image-3888\" srcset=\"https:\/\/pans.krosno.pl\/tir\/wp-content\/uploads\/sites\/34\/2026\/04\/DSC0190-1024x588.jpg 1024w, https:\/\/pans.krosno.pl\/tir\/wp-content\/uploads\/sites\/34\/2026\/04\/DSC0190-300x172.jpg 300w, https:\/\/pans.krosno.pl\/tir\/wp-content\/uploads\/sites\/34\/2026\/04\/DSC0190-768x441.jpg 768w, https:\/\/pans.krosno.pl\/tir\/wp-content\/uploads\/sites\/34\/2026\/04\/DSC0190-1536x882.jpg 1536w, https:\/\/pans.krosno.pl\/tir\/wp-content\/uploads\/sites\/34\/2026\/04\/DSC0190-2048x1176.jpg 2048w, https:\/\/pans.krosno.pl\/tir\/wp-content\/uploads\/sites\/34\/2026\/04\/DSC0190-2000x1149.jpg 2000w, https:\/\/pans.krosno.pl\/tir\/wp-content\/uploads\/sites\/34\/2026\/04\/DSC0190-800x459.jpg 800w, https:\/\/pans.krosno.pl\/tir\/wp-content\/uploads\/sites\/34\/2026\/04\/DSC0190-580x333.jpg 580w\" sizes=\"auto, (max-width: 1024px) 100vw, 1024px\" \/><figcaption class=\"wp-element-caption\">We wn\u0119trzu sali W\u0142adys\u0142awowskiej<\/figcaption><\/figure>\n\n\n\n<figure class=\"wp-block-image size-large\"><img loading=\"lazy\" decoding=\"async\" width=\"1024\" height=\"680\" src=\"https:\/\/pans.krosno.pl\/tir\/wp-content\/uploads\/sites\/34\/2026\/04\/DSC0192-1024x680.jpg\" alt=\"\" class=\"wp-image-3889\" srcset=\"https:\/\/pans.krosno.pl\/tir\/wp-content\/uploads\/sites\/34\/2026\/04\/DSC0192-1024x680.jpg 1024w, https:\/\/pans.krosno.pl\/tir\/wp-content\/uploads\/sites\/34\/2026\/04\/DSC0192-300x200.jpg 300w, https:\/\/pans.krosno.pl\/tir\/wp-content\/uploads\/sites\/34\/2026\/04\/DSC0192-768x510.jpg 768w, https:\/\/pans.krosno.pl\/tir\/wp-content\/uploads\/sites\/34\/2026\/04\/DSC0192-1536x1020.jpg 1536w, https:\/\/pans.krosno.pl\/tir\/wp-content\/uploads\/sites\/34\/2026\/04\/DSC0192-2048x1360.jpg 2048w, https:\/\/pans.krosno.pl\/tir\/wp-content\/uploads\/sites\/34\/2026\/04\/DSC0192-2000x1328.jpg 2000w, https:\/\/pans.krosno.pl\/tir\/wp-content\/uploads\/sites\/34\/2026\/04\/DSC0192-800x531.jpg 800w, https:\/\/pans.krosno.pl\/tir\/wp-content\/uploads\/sites\/34\/2026\/04\/DSC0192-580x385.jpg 580w\" sizes=\"auto, (max-width: 1024px) 100vw, 1024px\" \/><figcaption class=\"wp-element-caption\">Sklepienie sali W\u0142adys\u0142awowskiej zamku praskiego<\/figcaption><\/figure>\n\n\n\n<figure class=\"wp-block-image size-large\"><img loading=\"lazy\" decoding=\"async\" width=\"1024\" height=\"651\" src=\"https:\/\/pans.krosno.pl\/tir\/wp-content\/uploads\/sites\/34\/2026\/04\/DSC0195-1024x651.jpg\" alt=\"\" class=\"wp-image-3890\" srcset=\"https:\/\/pans.krosno.pl\/tir\/wp-content\/uploads\/sites\/34\/2026\/04\/DSC0195-1024x651.jpg 1024w, https:\/\/pans.krosno.pl\/tir\/wp-content\/uploads\/sites\/34\/2026\/04\/DSC0195-300x191.jpg 300w, https:\/\/pans.krosno.pl\/tir\/wp-content\/uploads\/sites\/34\/2026\/04\/DSC0195-768x488.jpg 768w, https:\/\/pans.krosno.pl\/tir\/wp-content\/uploads\/sites\/34\/2026\/04\/DSC0195-1536x976.jpg 1536w, https:\/\/pans.krosno.pl\/tir\/wp-content\/uploads\/sites\/34\/2026\/04\/DSC0195-2048x1302.jpg 2048w, https:\/\/pans.krosno.pl\/tir\/wp-content\/uploads\/sites\/34\/2026\/04\/DSC0195-2000x1271.jpg 2000w, https:\/\/pans.krosno.pl\/tir\/wp-content\/uploads\/sites\/34\/2026\/04\/DSC0195-800x508.jpg 800w, https:\/\/pans.krosno.pl\/tir\/wp-content\/uploads\/sites\/34\/2026\/04\/DSC0195-580x369.jpg 580w\" sizes=\"auto, (max-width: 1024px) 100vw, 1024px\" \/><figcaption class=\"wp-element-caption\">Na dziedzi\u0144cu pod katedr\u0105 \u015bw. Wita<\/figcaption><\/figure>\n\n\n\n<figure class=\"wp-block-image size-large\"><img loading=\"lazy\" decoding=\"async\" width=\"1024\" height=\"917\" src=\"https:\/\/pans.krosno.pl\/tir\/wp-content\/uploads\/sites\/34\/2026\/04\/DSC0200-1024x917.jpg\" alt=\"\" class=\"wp-image-3891\" srcset=\"https:\/\/pans.krosno.pl\/tir\/wp-content\/uploads\/sites\/34\/2026\/04\/DSC0200-1024x917.jpg 1024w, https:\/\/pans.krosno.pl\/tir\/wp-content\/uploads\/sites\/34\/2026\/04\/DSC0200-300x269.jpg 300w, https:\/\/pans.krosno.pl\/tir\/wp-content\/uploads\/sites\/34\/2026\/04\/DSC0200-768x688.jpg 768w, https:\/\/pans.krosno.pl\/tir\/wp-content\/uploads\/sites\/34\/2026\/04\/DSC0200-1536x1376.jpg 1536w, https:\/\/pans.krosno.pl\/tir\/wp-content\/uploads\/sites\/34\/2026\/04\/DSC0200-2048x1834.jpg 2048w, https:\/\/pans.krosno.pl\/tir\/wp-content\/uploads\/sites\/34\/2026\/04\/DSC0200-2000x1791.jpg 2000w, https:\/\/pans.krosno.pl\/tir\/wp-content\/uploads\/sites\/34\/2026\/04\/DSC0200-800x717.jpg 800w, https:\/\/pans.krosno.pl\/tir\/wp-content\/uploads\/sites\/34\/2026\/04\/DSC0200-580x519.jpg 580w\" sizes=\"auto, (max-width: 1024px) 100vw, 1024px\" \/><figcaption class=\"wp-element-caption\">Zlata uliczka<\/figcaption><\/figure>\n\n\n\n<figure class=\"wp-block-image size-large\"><img loading=\"lazy\" decoding=\"async\" width=\"1024\" height=\"680\" src=\"https:\/\/pans.krosno.pl\/tir\/wp-content\/uploads\/sites\/34\/2026\/04\/DSC0208-1024x680.jpg\" alt=\"\" class=\"wp-image-3892\" srcset=\"https:\/\/pans.krosno.pl\/tir\/wp-content\/uploads\/sites\/34\/2026\/04\/DSC0208-1024x680.jpg 1024w, https:\/\/pans.krosno.pl\/tir\/wp-content\/uploads\/sites\/34\/2026\/04\/DSC0208-300x200.jpg 300w, https:\/\/pans.krosno.pl\/tir\/wp-content\/uploads\/sites\/34\/2026\/04\/DSC0208-768x510.jpg 768w, https:\/\/pans.krosno.pl\/tir\/wp-content\/uploads\/sites\/34\/2026\/04\/DSC0208-1536x1020.jpg 1536w, https:\/\/pans.krosno.pl\/tir\/wp-content\/uploads\/sites\/34\/2026\/04\/DSC0208-2048x1360.jpg 2048w, https:\/\/pans.krosno.pl\/tir\/wp-content\/uploads\/sites\/34\/2026\/04\/DSC0208-2000x1328.jpg 2000w, https:\/\/pans.krosno.pl\/tir\/wp-content\/uploads\/sites\/34\/2026\/04\/DSC0208-800x531.jpg 800w, https:\/\/pans.krosno.pl\/tir\/wp-content\/uploads\/sites\/34\/2026\/04\/DSC0208-580x385.jpg 580w\" sizes=\"auto, (max-width: 1024px) 100vw, 1024px\" \/><figcaption class=\"wp-element-caption\">We wn\u0119trzu katedry \u015bw. Wita<\/figcaption><\/figure>\n\n\n\n<figure class=\"wp-block-image size-large\"><img loading=\"lazy\" decoding=\"async\" width=\"1024\" height=\"680\" src=\"https:\/\/pans.krosno.pl\/tir\/wp-content\/uploads\/sites\/34\/2026\/04\/DSC0204-1024x680.jpg\" alt=\"\" class=\"wp-image-3893\" srcset=\"https:\/\/pans.krosno.pl\/tir\/wp-content\/uploads\/sites\/34\/2026\/04\/DSC0204-1024x680.jpg 1024w, https:\/\/pans.krosno.pl\/tir\/wp-content\/uploads\/sites\/34\/2026\/04\/DSC0204-300x200.jpg 300w, https:\/\/pans.krosno.pl\/tir\/wp-content\/uploads\/sites\/34\/2026\/04\/DSC0204-768x510.jpg 768w, https:\/\/pans.krosno.pl\/tir\/wp-content\/uploads\/sites\/34\/2026\/04\/DSC0204-1536x1020.jpg 1536w, https:\/\/pans.krosno.pl\/tir\/wp-content\/uploads\/sites\/34\/2026\/04\/DSC0204-2048x1360.jpg 2048w, https:\/\/pans.krosno.pl\/tir\/wp-content\/uploads\/sites\/34\/2026\/04\/DSC0204-2000x1328.jpg 2000w, https:\/\/pans.krosno.pl\/tir\/wp-content\/uploads\/sites\/34\/2026\/04\/DSC0204-800x531.jpg 800w, https:\/\/pans.krosno.pl\/tir\/wp-content\/uploads\/sites\/34\/2026\/04\/DSC0204-580x385.jpg 580w\" sizes=\"auto, (max-width: 1024px) 100vw, 1024px\" \/><figcaption class=\"wp-element-caption\">W katedrze pod oratorium kr\u00f3la W\u0142adys\u0142awa Jagiello\u0144czyka<\/figcaption><\/figure>\n\n\n\n<figure class=\"wp-block-image size-large\"><img loading=\"lazy\" decoding=\"async\" width=\"1024\" height=\"680\" src=\"https:\/\/pans.krosno.pl\/tir\/wp-content\/uploads\/sites\/34\/2026\/04\/DSC0210-1024x680.jpg\" alt=\"\" class=\"wp-image-3894\" srcset=\"https:\/\/pans.krosno.pl\/tir\/wp-content\/uploads\/sites\/34\/2026\/04\/DSC0210-1024x680.jpg 1024w, https:\/\/pans.krosno.pl\/tir\/wp-content\/uploads\/sites\/34\/2026\/04\/DSC0210-300x200.jpg 300w, https:\/\/pans.krosno.pl\/tir\/wp-content\/uploads\/sites\/34\/2026\/04\/DSC0210-768x510.jpg 768w, https:\/\/pans.krosno.pl\/tir\/wp-content\/uploads\/sites\/34\/2026\/04\/DSC0210-1536x1020.jpg 1536w, https:\/\/pans.krosno.pl\/tir\/wp-content\/uploads\/sites\/34\/2026\/04\/DSC0210-2048x1360.jpg 2048w, https:\/\/pans.krosno.pl\/tir\/wp-content\/uploads\/sites\/34\/2026\/04\/DSC0210-2000x1328.jpg 2000w, https:\/\/pans.krosno.pl\/tir\/wp-content\/uploads\/sites\/34\/2026\/04\/DSC0210-800x531.jpg 800w, https:\/\/pans.krosno.pl\/tir\/wp-content\/uploads\/sites\/34\/2026\/04\/DSC0210-580x385.jpg 580w\" sizes=\"auto, (max-width: 1024px) 100vw, 1024px\" \/><figcaption class=\"wp-element-caption\">Pierwszy dziedziniec zamku praskiego<\/figcaption><\/figure>\n\n\n\n<figure class=\"wp-block-image size-large\"><img loading=\"lazy\" decoding=\"async\" width=\"1024\" height=\"680\" src=\"https:\/\/pans.krosno.pl\/tir\/wp-content\/uploads\/sites\/34\/2026\/04\/DSC0212-1024x680.jpg\" alt=\"\" class=\"wp-image-3895\" srcset=\"https:\/\/pans.krosno.pl\/tir\/wp-content\/uploads\/sites\/34\/2026\/04\/DSC0212-1024x680.jpg 1024w, https:\/\/pans.krosno.pl\/tir\/wp-content\/uploads\/sites\/34\/2026\/04\/DSC0212-300x200.jpg 300w, https:\/\/pans.krosno.pl\/tir\/wp-content\/uploads\/sites\/34\/2026\/04\/DSC0212-768x510.jpg 768w, https:\/\/pans.krosno.pl\/tir\/wp-content\/uploads\/sites\/34\/2026\/04\/DSC0212-1536x1020.jpg 1536w, https:\/\/pans.krosno.pl\/tir\/wp-content\/uploads\/sites\/34\/2026\/04\/DSC0212-2048x1360.jpg 2048w, https:\/\/pans.krosno.pl\/tir\/wp-content\/uploads\/sites\/34\/2026\/04\/DSC0212-2000x1328.jpg 2000w, https:\/\/pans.krosno.pl\/tir\/wp-content\/uploads\/sites\/34\/2026\/04\/DSC0212-800x531.jpg 800w, https:\/\/pans.krosno.pl\/tir\/wp-content\/uploads\/sites\/34\/2026\/04\/DSC0212-580x385.jpg 580w\" sizes=\"auto, (max-width: 1024px) 100vw, 1024px\" \/><figcaption class=\"wp-element-caption\">Mala Strana z ko\u015bcio\u0142em \u015bw. Mikulasza<\/figcaption><\/figure>\n\n\n\n<figure class=\"wp-block-image size-large\"><img loading=\"lazy\" decoding=\"async\" width=\"1024\" height=\"680\" src=\"https:\/\/pans.krosno.pl\/tir\/wp-content\/uploads\/sites\/34\/2026\/04\/DSC0218-1024x680.jpg\" alt=\"\" class=\"wp-image-3896\" srcset=\"https:\/\/pans.krosno.pl\/tir\/wp-content\/uploads\/sites\/34\/2026\/04\/DSC0218-1024x680.jpg 1024w, https:\/\/pans.krosno.pl\/tir\/wp-content\/uploads\/sites\/34\/2026\/04\/DSC0218-300x200.jpg 300w, https:\/\/pans.krosno.pl\/tir\/wp-content\/uploads\/sites\/34\/2026\/04\/DSC0218-768x510.jpg 768w, https:\/\/pans.krosno.pl\/tir\/wp-content\/uploads\/sites\/34\/2026\/04\/DSC0218-1536x1020.jpg 1536w, https:\/\/pans.krosno.pl\/tir\/wp-content\/uploads\/sites\/34\/2026\/04\/DSC0218-2048x1360.jpg 2048w, https:\/\/pans.krosno.pl\/tir\/wp-content\/uploads\/sites\/34\/2026\/04\/DSC0218-2000x1328.jpg 2000w, https:\/\/pans.krosno.pl\/tir\/wp-content\/uploads\/sites\/34\/2026\/04\/DSC0218-800x531.jpg 800w, https:\/\/pans.krosno.pl\/tir\/wp-content\/uploads\/sites\/34\/2026\/04\/DSC0218-580x385.jpg 580w\" sizes=\"auto, (max-width: 1024px) 100vw, 1024px\" \/><figcaption class=\"wp-element-caption\">Fasada ko\u015bcio\u0142a \u015bw. Mikulasza na Malej Stranie<\/figcaption><\/figure>\n\n\n\n<figure class=\"wp-block-image size-large\"><img loading=\"lazy\" decoding=\"async\" width=\"1024\" height=\"719\" src=\"https:\/\/pans.krosno.pl\/tir\/wp-content\/uploads\/sites\/34\/2026\/04\/DSC0221-1024x719.jpg\" alt=\"\" class=\"wp-image-3897\" srcset=\"https:\/\/pans.krosno.pl\/tir\/wp-content\/uploads\/sites\/34\/2026\/04\/DSC0221-1024x719.jpg 1024w, https:\/\/pans.krosno.pl\/tir\/wp-content\/uploads\/sites\/34\/2026\/04\/DSC0221-300x211.jpg 300w, https:\/\/pans.krosno.pl\/tir\/wp-content\/uploads\/sites\/34\/2026\/04\/DSC0221-768x539.jpg 768w, https:\/\/pans.krosno.pl\/tir\/wp-content\/uploads\/sites\/34\/2026\/04\/DSC0221-1536x1079.jpg 1536w, https:\/\/pans.krosno.pl\/tir\/wp-content\/uploads\/sites\/34\/2026\/04\/DSC0221-2048x1438.jpg 2048w, https:\/\/pans.krosno.pl\/tir\/wp-content\/uploads\/sites\/34\/2026\/04\/DSC0221-2000x1405.jpg 2000w, https:\/\/pans.krosno.pl\/tir\/wp-content\/uploads\/sites\/34\/2026\/04\/DSC0221-800x562.jpg 800w, https:\/\/pans.krosno.pl\/tir\/wp-content\/uploads\/sites\/34\/2026\/04\/DSC0221-580x407.jpg 580w\" sizes=\"auto, (max-width: 1024px) 100vw, 1024px\" \/><figcaption class=\"wp-element-caption\">Na mo\u015bcie Karola, w g\u0142\u0119bi Hradczany<\/figcaption><\/figure>\n\n\n\n<figure class=\"wp-block-image size-large\"><img loading=\"lazy\" decoding=\"async\" width=\"1024\" height=\"719\" src=\"https:\/\/pans.krosno.pl\/tir\/wp-content\/uploads\/sites\/34\/2026\/04\/DSC0232-1024x719.jpg\" alt=\"\" class=\"wp-image-3898\" srcset=\"https:\/\/pans.krosno.pl\/tir\/wp-content\/uploads\/sites\/34\/2026\/04\/DSC0232-1024x719.jpg 1024w, https:\/\/pans.krosno.pl\/tir\/wp-content\/uploads\/sites\/34\/2026\/04\/DSC0232-300x211.jpg 300w, https:\/\/pans.krosno.pl\/tir\/wp-content\/uploads\/sites\/34\/2026\/04\/DSC0232-768x539.jpg 768w, https:\/\/pans.krosno.pl\/tir\/wp-content\/uploads\/sites\/34\/2026\/04\/DSC0232-1536x1079.jpg 1536w, https:\/\/pans.krosno.pl\/tir\/wp-content\/uploads\/sites\/34\/2026\/04\/DSC0232-2048x1439.jpg 2048w, https:\/\/pans.krosno.pl\/tir\/wp-content\/uploads\/sites\/34\/2026\/04\/DSC0232-2000x1405.jpg 2000w, https:\/\/pans.krosno.pl\/tir\/wp-content\/uploads\/sites\/34\/2026\/04\/DSC0232-800x562.jpg 800w, https:\/\/pans.krosno.pl\/tir\/wp-content\/uploads\/sites\/34\/2026\/04\/DSC0232-580x407.jpg 580w\" sizes=\"auto, (max-width: 1024px) 100vw, 1024px\" \/><figcaption class=\"wp-element-caption\">Pod ratuszem Starego Miasta, w g\u0142\u0119bi Pa\u0142ac Goltz-Ki\u0144skich, dom Pod Kamiennym Dzwonem i ko\u015bci\u00f3\u0142 Panny Marii przed Tynen<\/figcaption><\/figure>\n\n\n\n<figure class=\"wp-block-image size-large\"><img loading=\"lazy\" decoding=\"async\" width=\"763\" height=\"1024\" src=\"https:\/\/pans.krosno.pl\/tir\/wp-content\/uploads\/sites\/34\/2026\/04\/DSC0241-763x1024.jpg\" alt=\"\" class=\"wp-image-3901\" srcset=\"https:\/\/pans.krosno.pl\/tir\/wp-content\/uploads\/sites\/34\/2026\/04\/DSC0241-763x1024.jpg 763w, https:\/\/pans.krosno.pl\/tir\/wp-content\/uploads\/sites\/34\/2026\/04\/DSC0241-224x300.jpg 224w, https:\/\/pans.krosno.pl\/tir\/wp-content\/uploads\/sites\/34\/2026\/04\/DSC0241-768x1030.jpg 768w, https:\/\/pans.krosno.pl\/tir\/wp-content\/uploads\/sites\/34\/2026\/04\/DSC0241-1145x1536.jpg 1145w, https:\/\/pans.krosno.pl\/tir\/wp-content\/uploads\/sites\/34\/2026\/04\/DSC0241-1526x2048.jpg 1526w, https:\/\/pans.krosno.pl\/tir\/wp-content\/uploads\/sites\/34\/2026\/04\/DSC0241-2000x2684.jpg 2000w, https:\/\/pans.krosno.pl\/tir\/wp-content\/uploads\/sites\/34\/2026\/04\/DSC0241-800x1073.jpg 800w, https:\/\/pans.krosno.pl\/tir\/wp-content\/uploads\/sites\/34\/2026\/04\/DSC0241-580x778.jpg 580w, https:\/\/pans.krosno.pl\/tir\/wp-content\/uploads\/sites\/34\/2026\/04\/DSC0241-scaled.jpg 1908w\" sizes=\"auto, (max-width: 763px) 100vw, 763px\" \/><figcaption class=\"wp-element-caption\">Pod gmachem Praskiego Uniwersytetu <\/figcaption><\/figure>\n\n\n\n<figure class=\"wp-block-image size-large\"><img loading=\"lazy\" decoding=\"async\" width=\"1024\" height=\"680\" src=\"https:\/\/pans.krosno.pl\/tir\/wp-content\/uploads\/sites\/34\/2026\/04\/DSC0251-1024x680.jpg\" alt=\"\" class=\"wp-image-3902\" srcset=\"https:\/\/pans.krosno.pl\/tir\/wp-content\/uploads\/sites\/34\/2026\/04\/DSC0251-1024x680.jpg 1024w, https:\/\/pans.krosno.pl\/tir\/wp-content\/uploads\/sites\/34\/2026\/04\/DSC0251-300x200.jpg 300w, https:\/\/pans.krosno.pl\/tir\/wp-content\/uploads\/sites\/34\/2026\/04\/DSC0251-768x510.jpg 768w, https:\/\/pans.krosno.pl\/tir\/wp-content\/uploads\/sites\/34\/2026\/04\/DSC0251-1536x1020.jpg 1536w, https:\/\/pans.krosno.pl\/tir\/wp-content\/uploads\/sites\/34\/2026\/04\/DSC0251-2048x1360.jpg 2048w, https:\/\/pans.krosno.pl\/tir\/wp-content\/uploads\/sites\/34\/2026\/04\/DSC0251-2000x1328.jpg 2000w, https:\/\/pans.krosno.pl\/tir\/wp-content\/uploads\/sites\/34\/2026\/04\/DSC0251-800x531.jpg 800w, https:\/\/pans.krosno.pl\/tir\/wp-content\/uploads\/sites\/34\/2026\/04\/DSC0251-580x385.jpg 580w\" sizes=\"auto, (max-width: 1024px) 100vw, 1024px\" \/><figcaption class=\"wp-element-caption\">Na Waclavskim Namesti<\/figcaption><\/figure>\n\n\n\n<figure class=\"wp-block-image size-large\"><img loading=\"lazy\" decoding=\"async\" width=\"1024\" height=\"473\" src=\"https:\/\/pans.krosno.pl\/tir\/wp-content\/uploads\/sites\/34\/2026\/04\/DSC0257-1024x473.jpg\" alt=\"\" class=\"wp-image-3903\" srcset=\"https:\/\/pans.krosno.pl\/tir\/wp-content\/uploads\/sites\/34\/2026\/04\/DSC0257-1024x473.jpg 1024w, https:\/\/pans.krosno.pl\/tir\/wp-content\/uploads\/sites\/34\/2026\/04\/DSC0257-300x139.jpg 300w, https:\/\/pans.krosno.pl\/tir\/wp-content\/uploads\/sites\/34\/2026\/04\/DSC0257-768x355.jpg 768w, https:\/\/pans.krosno.pl\/tir\/wp-content\/uploads\/sites\/34\/2026\/04\/DSC0257-1536x710.jpg 1536w, https:\/\/pans.krosno.pl\/tir\/wp-content\/uploads\/sites\/34\/2026\/04\/DSC0257-2048x947.jpg 2048w, https:\/\/pans.krosno.pl\/tir\/wp-content\/uploads\/sites\/34\/2026\/04\/DSC0257-2000x925.jpg 2000w, https:\/\/pans.krosno.pl\/tir\/wp-content\/uploads\/sites\/34\/2026\/04\/DSC0257-800x370.jpg 800w, https:\/\/pans.krosno.pl\/tir\/wp-content\/uploads\/sites\/34\/2026\/04\/DSC0257-580x268.jpg 580w\" sizes=\"auto, (max-width: 1024px) 100vw, 1024px\" \/><figcaption class=\"wp-element-caption\">Most Karola o zachodzie s\u0142o\u0144ca widziany z mostu Legii<\/figcaption><\/figure>\n\n\n\n<figure class=\"wp-block-image size-large\"><img loading=\"lazy\" decoding=\"async\" width=\"1024\" height=\"680\" src=\"https:\/\/pans.krosno.pl\/tir\/wp-content\/uploads\/sites\/34\/2026\/04\/DSC0271-1024x680.jpg\" alt=\"\" class=\"wp-image-3904\" srcset=\"https:\/\/pans.krosno.pl\/tir\/wp-content\/uploads\/sites\/34\/2026\/04\/DSC0271-1024x680.jpg 1024w, https:\/\/pans.krosno.pl\/tir\/wp-content\/uploads\/sites\/34\/2026\/04\/DSC0271-300x200.jpg 300w, https:\/\/pans.krosno.pl\/tir\/wp-content\/uploads\/sites\/34\/2026\/04\/DSC0271-768x510.jpg 768w, https:\/\/pans.krosno.pl\/tir\/wp-content\/uploads\/sites\/34\/2026\/04\/DSC0271-1536x1020.jpg 1536w, https:\/\/pans.krosno.pl\/tir\/wp-content\/uploads\/sites\/34\/2026\/04\/DSC0271-2048x1360.jpg 2048w, https:\/\/pans.krosno.pl\/tir\/wp-content\/uploads\/sites\/34\/2026\/04\/DSC0271-2000x1328.jpg 2000w, https:\/\/pans.krosno.pl\/tir\/wp-content\/uploads\/sites\/34\/2026\/04\/DSC0271-800x531.jpg 800w, https:\/\/pans.krosno.pl\/tir\/wp-content\/uploads\/sites\/34\/2026\/04\/DSC0271-580x385.jpg 580w\" sizes=\"auto, (max-width: 1024px) 100vw, 1024px\" \/><figcaption class=\"wp-element-caption\">W rezerwacie Adrspaske Ska\u0142y<\/figcaption><\/figure>\n\n\n\n<figure class=\"wp-block-image size-large\"><img loading=\"lazy\" decoding=\"async\" width=\"1024\" height=\"680\" src=\"https:\/\/pans.krosno.pl\/tir\/wp-content\/uploads\/sites\/34\/2026\/04\/DSC0293-1024x680.jpg\" alt=\"\" class=\"wp-image-3905\" srcset=\"https:\/\/pans.krosno.pl\/tir\/wp-content\/uploads\/sites\/34\/2026\/04\/DSC0293-1024x680.jpg 1024w, https:\/\/pans.krosno.pl\/tir\/wp-content\/uploads\/sites\/34\/2026\/04\/DSC0293-300x200.jpg 300w, https:\/\/pans.krosno.pl\/tir\/wp-content\/uploads\/sites\/34\/2026\/04\/DSC0293-768x510.jpg 768w, https:\/\/pans.krosno.pl\/tir\/wp-content\/uploads\/sites\/34\/2026\/04\/DSC0293-1536x1020.jpg 1536w, https:\/\/pans.krosno.pl\/tir\/wp-content\/uploads\/sites\/34\/2026\/04\/DSC0293-2048x1360.jpg 2048w, https:\/\/pans.krosno.pl\/tir\/wp-content\/uploads\/sites\/34\/2026\/04\/DSC0293-2000x1328.jpg 2000w, https:\/\/pans.krosno.pl\/tir\/wp-content\/uploads\/sites\/34\/2026\/04\/DSC0293-800x531.jpg 800w, https:\/\/pans.krosno.pl\/tir\/wp-content\/uploads\/sites\/34\/2026\/04\/DSC0293-580x385.jpg 580w\" sizes=\"auto, (max-width: 1024px) 100vw, 1024px\" \/><figcaption class=\"wp-element-caption\">Formacje skalne<\/figcaption><\/figure>\n\n\n\n<figure class=\"wp-block-image size-large\"><img loading=\"lazy\" decoding=\"async\" width=\"1024\" height=\"680\" src=\"https:\/\/pans.krosno.pl\/tir\/wp-content\/uploads\/sites\/34\/2026\/04\/DSC0310-1024x680.jpg\" alt=\"\" class=\"wp-image-3906\" srcset=\"https:\/\/pans.krosno.pl\/tir\/wp-content\/uploads\/sites\/34\/2026\/04\/DSC0310-1024x680.jpg 1024w, https:\/\/pans.krosno.pl\/tir\/wp-content\/uploads\/sites\/34\/2026\/04\/DSC0310-300x200.jpg 300w, https:\/\/pans.krosno.pl\/tir\/wp-content\/uploads\/sites\/34\/2026\/04\/DSC0310-768x510.jpg 768w, https:\/\/pans.krosno.pl\/tir\/wp-content\/uploads\/sites\/34\/2026\/04\/DSC0310-1536x1020.jpg 1536w, https:\/\/pans.krosno.pl\/tir\/wp-content\/uploads\/sites\/34\/2026\/04\/DSC0310-2048x1360.jpg 2048w, https:\/\/pans.krosno.pl\/tir\/wp-content\/uploads\/sites\/34\/2026\/04\/DSC0310-2000x1328.jpg 2000w, https:\/\/pans.krosno.pl\/tir\/wp-content\/uploads\/sites\/34\/2026\/04\/DSC0310-800x531.jpg 800w, https:\/\/pans.krosno.pl\/tir\/wp-content\/uploads\/sites\/34\/2026\/04\/DSC0310-580x385.jpg 580w\" sizes=\"auto, (max-width: 1024px) 100vw, 1024px\" \/><figcaption class=\"wp-element-caption\">Pod pomnikiem Goethego<\/figcaption><\/figure>\n\n\n\n<figure class=\"wp-block-image size-large\"><img loading=\"lazy\" decoding=\"async\" width=\"1024\" height=\"577\" src=\"https:\/\/pans.krosno.pl\/tir\/wp-content\/uploads\/sites\/34\/2026\/04\/20260425_113001-2-1024x577.jpg\" alt=\"\" class=\"wp-image-3930\" srcset=\"https:\/\/pans.krosno.pl\/tir\/wp-content\/uploads\/sites\/34\/2026\/04\/20260425_113001-2-1024x577.jpg 1024w, https:\/\/pans.krosno.pl\/tir\/wp-content\/uploads\/sites\/34\/2026\/04\/20260425_113001-2-300x169.jpg 300w, https:\/\/pans.krosno.pl\/tir\/wp-content\/uploads\/sites\/34\/2026\/04\/20260425_113001-2-768x432.jpg 768w, https:\/\/pans.krosno.pl\/tir\/wp-content\/uploads\/sites\/34\/2026\/04\/20260425_113001-2-1536x865.jpg 1536w, https:\/\/pans.krosno.pl\/tir\/wp-content\/uploads\/sites\/34\/2026\/04\/20260425_113001-2-2048x1153.jpg 2048w, https:\/\/pans.krosno.pl\/tir\/wp-content\/uploads\/sites\/34\/2026\/04\/20260425_113001-2-2000x1126.jpg 2000w, https:\/\/pans.krosno.pl\/tir\/wp-content\/uploads\/sites\/34\/2026\/04\/20260425_113001-2-800x450.jpg 800w, https:\/\/pans.krosno.pl\/tir\/wp-content\/uploads\/sites\/34\/2026\/04\/20260425_113001-2-270x152.jpg 270w, https:\/\/pans.krosno.pl\/tir\/wp-content\/uploads\/sites\/34\/2026\/04\/20260425_113001-2-580x327.jpg 580w\" sizes=\"auto, (max-width: 1024px) 100vw, 1024px\" \/><\/figure>\n\n\n\n<figure class=\"wp-block-image size-large\"><img loading=\"lazy\" decoding=\"async\" width=\"680\" height=\"1024\" src=\"https:\/\/pans.krosno.pl\/tir\/wp-content\/uploads\/sites\/34\/2026\/04\/DSC0276-680x1024.jpg\" alt=\"\" class=\"wp-image-3913\" srcset=\"https:\/\/pans.krosno.pl\/tir\/wp-content\/uploads\/sites\/34\/2026\/04\/DSC0276-680x1024.jpg 680w, https:\/\/pans.krosno.pl\/tir\/wp-content\/uploads\/sites\/34\/2026\/04\/DSC0276-199x300.jpg 199w, https:\/\/pans.krosno.pl\/tir\/wp-content\/uploads\/sites\/34\/2026\/04\/DSC0276-768x1156.jpg 768w, https:\/\/pans.krosno.pl\/tir\/wp-content\/uploads\/sites\/34\/2026\/04\/DSC0276-1020x1536.jpg 1020w, https:\/\/pans.krosno.pl\/tir\/wp-content\/uploads\/sites\/34\/2026\/04\/DSC0276-1360x2048.jpg 1360w, https:\/\/pans.krosno.pl\/tir\/wp-content\/uploads\/sites\/34\/2026\/04\/DSC0276-2000x3011.jpg 2000w, https:\/\/pans.krosno.pl\/tir\/wp-content\/uploads\/sites\/34\/2026\/04\/DSC0276-800x1204.jpg 800w, https:\/\/pans.krosno.pl\/tir\/wp-content\/uploads\/sites\/34\/2026\/04\/DSC0276-580x873.jpg 580w, https:\/\/pans.krosno.pl\/tir\/wp-content\/uploads\/sites\/34\/2026\/04\/DSC0276-scaled.jpg 1700w\" sizes=\"auto, (max-width: 680px) 100vw, 680px\" \/><figcaption class=\"wp-element-caption\">Adrspaske Ska\u0142y<\/figcaption><\/figure>\n\n\n\n<figure class=\"wp-block-image size-large\"><img loading=\"lazy\" decoding=\"async\" width=\"781\" height=\"1024\" src=\"https:\/\/pans.krosno.pl\/tir\/wp-content\/uploads\/sites\/34\/2026\/04\/DSC0280-781x1024.jpg\" alt=\"\" class=\"wp-image-3908\" srcset=\"https:\/\/pans.krosno.pl\/tir\/wp-content\/uploads\/sites\/34\/2026\/04\/DSC0280-781x1024.jpg 781w, https:\/\/pans.krosno.pl\/tir\/wp-content\/uploads\/sites\/34\/2026\/04\/DSC0280-229x300.jpg 229w, https:\/\/pans.krosno.pl\/tir\/wp-content\/uploads\/sites\/34\/2026\/04\/DSC0280-768x1006.jpg 768w, https:\/\/pans.krosno.pl\/tir\/wp-content\/uploads\/sites\/34\/2026\/04\/DSC0280-1172x1536.jpg 1172w, https:\/\/pans.krosno.pl\/tir\/wp-content\/uploads\/sites\/34\/2026\/04\/DSC0280-1563x2048.jpg 1563w, https:\/\/pans.krosno.pl\/tir\/wp-content\/uploads\/sites\/34\/2026\/04\/DSC0280-2000x2621.jpg 2000w, https:\/\/pans.krosno.pl\/tir\/wp-content\/uploads\/sites\/34\/2026\/04\/DSC0280-800x1048.jpg 800w, https:\/\/pans.krosno.pl\/tir\/wp-content\/uploads\/sites\/34\/2026\/04\/DSC0280-580x760.jpg 580w, https:\/\/pans.krosno.pl\/tir\/wp-content\/uploads\/sites\/34\/2026\/04\/DSC0280-scaled.jpg 1954w\" sizes=\"auto, (max-width: 781px) 100vw, 781px\" \/><figcaption class=\"wp-element-caption\">Brama do Rezerwatu<\/figcaption><\/figure>\n\n\n\n<figure class=\"wp-block-image size-large\"><img loading=\"lazy\" decoding=\"async\" width=\"1024\" height=\"680\" src=\"https:\/\/pans.krosno.pl\/tir\/wp-content\/uploads\/sites\/34\/2026\/04\/DSC0337-1024x680.jpg\" alt=\"\" class=\"wp-image-3909\" srcset=\"https:\/\/pans.krosno.pl\/tir\/wp-content\/uploads\/sites\/34\/2026\/04\/DSC0337-1024x680.jpg 1024w, https:\/\/pans.krosno.pl\/tir\/wp-content\/uploads\/sites\/34\/2026\/04\/DSC0337-300x200.jpg 300w, https:\/\/pans.krosno.pl\/tir\/wp-content\/uploads\/sites\/34\/2026\/04\/DSC0337-768x510.jpg 768w, https:\/\/pans.krosno.pl\/tir\/wp-content\/uploads\/sites\/34\/2026\/04\/DSC0337-1536x1020.jpg 1536w, https:\/\/pans.krosno.pl\/tir\/wp-content\/uploads\/sites\/34\/2026\/04\/DSC0337-2048x1360.jpg 2048w, https:\/\/pans.krosno.pl\/tir\/wp-content\/uploads\/sites\/34\/2026\/04\/DSC0337-2000x1328.jpg 2000w, https:\/\/pans.krosno.pl\/tir\/wp-content\/uploads\/sites\/34\/2026\/04\/DSC0337-800x531.jpg 800w, https:\/\/pans.krosno.pl\/tir\/wp-content\/uploads\/sites\/34\/2026\/04\/DSC0337-580x385.jpg 580w\" sizes=\"auto, (max-width: 1024px) 100vw, 1024px\" \/><figcaption class=\"wp-element-caption\">Pod klasztorem Benedyktyn\u00f3w w Brumovie<\/figcaption><\/figure>\n\n\n\n<figure class=\"wp-block-image size-large\"><img loading=\"lazy\" decoding=\"async\" width=\"1024\" height=\"680\" src=\"https:\/\/pans.krosno.pl\/tir\/wp-content\/uploads\/sites\/34\/2026\/04\/DSC0350-1024x680.jpg\" alt=\"\" class=\"wp-image-3910\" srcset=\"https:\/\/pans.krosno.pl\/tir\/wp-content\/uploads\/sites\/34\/2026\/04\/DSC0350-1024x680.jpg 1024w, https:\/\/pans.krosno.pl\/tir\/wp-content\/uploads\/sites\/34\/2026\/04\/DSC0350-300x200.jpg 300w, https:\/\/pans.krosno.pl\/tir\/wp-content\/uploads\/sites\/34\/2026\/04\/DSC0350-768x510.jpg 768w, https:\/\/pans.krosno.pl\/tir\/wp-content\/uploads\/sites\/34\/2026\/04\/DSC0350-1536x1020.jpg 1536w, https:\/\/pans.krosno.pl\/tir\/wp-content\/uploads\/sites\/34\/2026\/04\/DSC0350-2048x1360.jpg 2048w, https:\/\/pans.krosno.pl\/tir\/wp-content\/uploads\/sites\/34\/2026\/04\/DSC0350-2000x1328.jpg 2000w, https:\/\/pans.krosno.pl\/tir\/wp-content\/uploads\/sites\/34\/2026\/04\/DSC0350-800x531.jpg 800w, https:\/\/pans.krosno.pl\/tir\/wp-content\/uploads\/sites\/34\/2026\/04\/DSC0350-580x385.jpg 580w\" sizes=\"auto, (max-width: 1024px) 100vw, 1024px\" \/><figcaption class=\"wp-element-caption\">Klasztor Benedyktyn\u00f3w w Brumovie<\/figcaption><\/figure>\n\n\n\n<figure class=\"wp-block-image size-large\"><img loading=\"lazy\" decoding=\"async\" width=\"1024\" height=\"680\" src=\"https:\/\/pans.krosno.pl\/tir\/wp-content\/uploads\/sites\/34\/2026\/04\/DSC0345-1024x680.jpg\" alt=\"\" class=\"wp-image-3911\" srcset=\"https:\/\/pans.krosno.pl\/tir\/wp-content\/uploads\/sites\/34\/2026\/04\/DSC0345-1024x680.jpg 1024w, https:\/\/pans.krosno.pl\/tir\/wp-content\/uploads\/sites\/34\/2026\/04\/DSC0345-300x200.jpg 300w, https:\/\/pans.krosno.pl\/tir\/wp-content\/uploads\/sites\/34\/2026\/04\/DSC0345-768x510.jpg 768w, https:\/\/pans.krosno.pl\/tir\/wp-content\/uploads\/sites\/34\/2026\/04\/DSC0345-1536x1020.jpg 1536w, https:\/\/pans.krosno.pl\/tir\/wp-content\/uploads\/sites\/34\/2026\/04\/DSC0345-2048x1360.jpg 2048w, https:\/\/pans.krosno.pl\/tir\/wp-content\/uploads\/sites\/34\/2026\/04\/DSC0345-2000x1328.jpg 2000w, https:\/\/pans.krosno.pl\/tir\/wp-content\/uploads\/sites\/34\/2026\/04\/DSC0345-800x531.jpg 800w, https:\/\/pans.krosno.pl\/tir\/wp-content\/uploads\/sites\/34\/2026\/04\/DSC0345-580x385.jpg 580w\" sizes=\"auto, (max-width: 1024px) 100vw, 1024px\" \/><figcaption class=\"wp-element-caption\">Na dziedzi\u0144cu klasztornym w Brumovie<\/figcaption><\/figure>\n\n\n\n<figure class=\"wp-block-image size-large\"><img loading=\"lazy\" decoding=\"async\" width=\"1024\" height=\"680\" src=\"https:\/\/pans.krosno.pl\/tir\/wp-content\/uploads\/sites\/34\/2026\/04\/DSC0378-1024x680.jpg\" alt=\"\" class=\"wp-image-3912\" srcset=\"https:\/\/pans.krosno.pl\/tir\/wp-content\/uploads\/sites\/34\/2026\/04\/DSC0378-1024x680.jpg 1024w, https:\/\/pans.krosno.pl\/tir\/wp-content\/uploads\/sites\/34\/2026\/04\/DSC0378-300x200.jpg 300w, https:\/\/pans.krosno.pl\/tir\/wp-content\/uploads\/sites\/34\/2026\/04\/DSC0378-768x510.jpg 768w, https:\/\/pans.krosno.pl\/tir\/wp-content\/uploads\/sites\/34\/2026\/04\/DSC0378-1536x1020.jpg 1536w, https:\/\/pans.krosno.pl\/tir\/wp-content\/uploads\/sites\/34\/2026\/04\/DSC0378-2048x1360.jpg 2048w, https:\/\/pans.krosno.pl\/tir\/wp-content\/uploads\/sites\/34\/2026\/04\/DSC0378-2000x1328.jpg 2000w, https:\/\/pans.krosno.pl\/tir\/wp-content\/uploads\/sites\/34\/2026\/04\/DSC0378-800x531.jpg 800w, https:\/\/pans.krosno.pl\/tir\/wp-content\/uploads\/sites\/34\/2026\/04\/DSC0378-580x385.jpg 580w\" sizes=\"auto, (max-width: 1024px) 100vw, 1024px\" \/><figcaption class=\"wp-element-caption\">Przy drewnianym ko\u015bciele Panny Marii z po\u0142. XV wieku w Brumovie<\/figcaption><\/figure>\n\n\n\n<figure class=\"wp-block-image size-large\"><img loading=\"lazy\" decoding=\"async\" width=\"1024\" height=\"680\" src=\"https:\/\/pans.krosno.pl\/tir\/wp-content\/uploads\/sites\/34\/2026\/04\/DSC0386-1024x680.jpg\" alt=\"\" class=\"wp-image-3914\" srcset=\"https:\/\/pans.krosno.pl\/tir\/wp-content\/uploads\/sites\/34\/2026\/04\/DSC0386-1024x680.jpg 1024w, https:\/\/pans.krosno.pl\/tir\/wp-content\/uploads\/sites\/34\/2026\/04\/DSC0386-300x200.jpg 300w, https:\/\/pans.krosno.pl\/tir\/wp-content\/uploads\/sites\/34\/2026\/04\/DSC0386-768x510.jpg 768w, https:\/\/pans.krosno.pl\/tir\/wp-content\/uploads\/sites\/34\/2026\/04\/DSC0386-1536x1020.jpg 1536w, https:\/\/pans.krosno.pl\/tir\/wp-content\/uploads\/sites\/34\/2026\/04\/DSC0386-2048x1360.jpg 2048w, https:\/\/pans.krosno.pl\/tir\/wp-content\/uploads\/sites\/34\/2026\/04\/DSC0386-2000x1328.jpg 2000w, https:\/\/pans.krosno.pl\/tir\/wp-content\/uploads\/sites\/34\/2026\/04\/DSC0386-800x531.jpg 800w, https:\/\/pans.krosno.pl\/tir\/wp-content\/uploads\/sites\/34\/2026\/04\/DSC0386-580x385.jpg 580w\" sizes=\"auto, (max-width: 1024px) 100vw, 1024px\" \/><figcaption class=\"wp-element-caption\">Twierdza Srebrnog\u00f3rska<\/figcaption><\/figure>\n\n\n\n<figure class=\"wp-block-image size-large\"><img loading=\"lazy\" decoding=\"async\" width=\"1024\" height=\"680\" src=\"https:\/\/pans.krosno.pl\/tir\/wp-content\/uploads\/sites\/34\/2026\/04\/DSC0393-1024x680.jpg\" alt=\"\" class=\"wp-image-3915\" srcset=\"https:\/\/pans.krosno.pl\/tir\/wp-content\/uploads\/sites\/34\/2026\/04\/DSC0393-1024x680.jpg 1024w, https:\/\/pans.krosno.pl\/tir\/wp-content\/uploads\/sites\/34\/2026\/04\/DSC0393-300x200.jpg 300w, https:\/\/pans.krosno.pl\/tir\/wp-content\/uploads\/sites\/34\/2026\/04\/DSC0393-768x510.jpg 768w, https:\/\/pans.krosno.pl\/tir\/wp-content\/uploads\/sites\/34\/2026\/04\/DSC0393-1536x1020.jpg 1536w, https:\/\/pans.krosno.pl\/tir\/wp-content\/uploads\/sites\/34\/2026\/04\/DSC0393-2048x1360.jpg 2048w, https:\/\/pans.krosno.pl\/tir\/wp-content\/uploads\/sites\/34\/2026\/04\/DSC0393-2000x1328.jpg 2000w, https:\/\/pans.krosno.pl\/tir\/wp-content\/uploads\/sites\/34\/2026\/04\/DSC0393-800x531.jpg 800w, https:\/\/pans.krosno.pl\/tir\/wp-content\/uploads\/sites\/34\/2026\/04\/DSC0393-580x385.jpg 580w\" sizes=\"auto, (max-width: 1024px) 100vw, 1024px\" \/><figcaption class=\"wp-element-caption\">Po wyj\u015bciu z Twierdzy Srebrnog\u00f3rskiej<\/figcaption><\/figure>\n\n\n\n<figure class=\"wp-block-image size-large\"><img loading=\"lazy\" decoding=\"async\" width=\"1024\" height=\"680\" src=\"https:\/\/pans.krosno.pl\/tir\/wp-content\/uploads\/sites\/34\/2026\/04\/DSC0403-1024x680.jpg\" alt=\"\" class=\"wp-image-3916\" srcset=\"https:\/\/pans.krosno.pl\/tir\/wp-content\/uploads\/sites\/34\/2026\/04\/DSC0403-1024x680.jpg 1024w, https:\/\/pans.krosno.pl\/tir\/wp-content\/uploads\/sites\/34\/2026\/04\/DSC0403-300x200.jpg 300w, https:\/\/pans.krosno.pl\/tir\/wp-content\/uploads\/sites\/34\/2026\/04\/DSC0403-768x510.jpg 768w, https:\/\/pans.krosno.pl\/tir\/wp-content\/uploads\/sites\/34\/2026\/04\/DSC0403-1536x1020.jpg 1536w, https:\/\/pans.krosno.pl\/tir\/wp-content\/uploads\/sites\/34\/2026\/04\/DSC0403-2048x1360.jpg 2048w, https:\/\/pans.krosno.pl\/tir\/wp-content\/uploads\/sites\/34\/2026\/04\/DSC0403-2000x1328.jpg 2000w, https:\/\/pans.krosno.pl\/tir\/wp-content\/uploads\/sites\/34\/2026\/04\/DSC0403-800x531.jpg 800w, https:\/\/pans.krosno.pl\/tir\/wp-content\/uploads\/sites\/34\/2026\/04\/DSC0403-580x385.jpg 580w\" sizes=\"auto, (max-width: 1024px) 100vw, 1024px\" \/><figcaption class=\"wp-element-caption\">Pod pa\u0142acem Marianny Ora\u0144skiej z Kamie\u0144cu Z\u0105bkowickim<\/figcaption><\/figure>\n\n\n\n<figure class=\"wp-block-image size-large\"><img loading=\"lazy\" decoding=\"async\" width=\"1024\" height=\"680\" src=\"https:\/\/pans.krosno.pl\/tir\/wp-content\/uploads\/sites\/34\/2026\/04\/DSC0413-1024x680.jpg\" alt=\"\" class=\"wp-image-3917\" srcset=\"https:\/\/pans.krosno.pl\/tir\/wp-content\/uploads\/sites\/34\/2026\/04\/DSC0413-1024x680.jpg 1024w, https:\/\/pans.krosno.pl\/tir\/wp-content\/uploads\/sites\/34\/2026\/04\/DSC0413-300x200.jpg 300w, https:\/\/pans.krosno.pl\/tir\/wp-content\/uploads\/sites\/34\/2026\/04\/DSC0413-768x510.jpg 768w, https:\/\/pans.krosno.pl\/tir\/wp-content\/uploads\/sites\/34\/2026\/04\/DSC0413-1536x1020.jpg 1536w, https:\/\/pans.krosno.pl\/tir\/wp-content\/uploads\/sites\/34\/2026\/04\/DSC0413-2048x1360.jpg 2048w, https:\/\/pans.krosno.pl\/tir\/wp-content\/uploads\/sites\/34\/2026\/04\/DSC0413-2000x1328.jpg 2000w, https:\/\/pans.krosno.pl\/tir\/wp-content\/uploads\/sites\/34\/2026\/04\/DSC0413-800x531.jpg 800w, https:\/\/pans.krosno.pl\/tir\/wp-content\/uploads\/sites\/34\/2026\/04\/DSC0413-580x385.jpg 580w\" sizes=\"auto, (max-width: 1024px) 100vw, 1024px\" \/><figcaption class=\"wp-element-caption\">Na dziedzi\u0144cu pa\u0142acu w Kamie\u0144cu Z\u0105bkowickim<\/figcaption><\/figure>\n\n\n\n<figure class=\"wp-block-image size-large\"><img loading=\"lazy\" decoding=\"async\" width=\"1024\" height=\"680\" src=\"https:\/\/pans.krosno.pl\/tir\/wp-content\/uploads\/sites\/34\/2026\/04\/DSC0409-1024x680.jpg\" alt=\"\" class=\"wp-image-3918\" srcset=\"https:\/\/pans.krosno.pl\/tir\/wp-content\/uploads\/sites\/34\/2026\/04\/DSC0409-1024x680.jpg 1024w, https:\/\/pans.krosno.pl\/tir\/wp-content\/uploads\/sites\/34\/2026\/04\/DSC0409-300x200.jpg 300w, https:\/\/pans.krosno.pl\/tir\/wp-content\/uploads\/sites\/34\/2026\/04\/DSC0409-768x510.jpg 768w, https:\/\/pans.krosno.pl\/tir\/wp-content\/uploads\/sites\/34\/2026\/04\/DSC0409-1536x1020.jpg 1536w, https:\/\/pans.krosno.pl\/tir\/wp-content\/uploads\/sites\/34\/2026\/04\/DSC0409-2048x1360.jpg 2048w, https:\/\/pans.krosno.pl\/tir\/wp-content\/uploads\/sites\/34\/2026\/04\/DSC0409-2000x1328.jpg 2000w, https:\/\/pans.krosno.pl\/tir\/wp-content\/uploads\/sites\/34\/2026\/04\/DSC0409-800x531.jpg 800w, https:\/\/pans.krosno.pl\/tir\/wp-content\/uploads\/sites\/34\/2026\/04\/DSC0409-580x385.jpg 580w\" sizes=\"auto, (max-width: 1024px) 100vw, 1024px\" \/><figcaption class=\"wp-element-caption\">Pa\u0142ac w ca\u0142ej okaza\u0142o\u015bci<\/figcaption><\/figure>\n\n\n\n<figure class=\"wp-block-image size-large\"><img loading=\"lazy\" decoding=\"async\" width=\"1024\" height=\"680\" src=\"https:\/\/pans.krosno.pl\/tir\/wp-content\/uploads\/sites\/34\/2026\/04\/DSC0440-1024x680.jpg\" alt=\"\" class=\"wp-image-3919\" srcset=\"https:\/\/pans.krosno.pl\/tir\/wp-content\/uploads\/sites\/34\/2026\/04\/DSC0440-1024x680.jpg 1024w, https:\/\/pans.krosno.pl\/tir\/wp-content\/uploads\/sites\/34\/2026\/04\/DSC0440-300x200.jpg 300w, https:\/\/pans.krosno.pl\/tir\/wp-content\/uploads\/sites\/34\/2026\/04\/DSC0440-768x510.jpg 768w, https:\/\/pans.krosno.pl\/tir\/wp-content\/uploads\/sites\/34\/2026\/04\/DSC0440-1536x1020.jpg 1536w, https:\/\/pans.krosno.pl\/tir\/wp-content\/uploads\/sites\/34\/2026\/04\/DSC0440-2048x1360.jpg 2048w, https:\/\/pans.krosno.pl\/tir\/wp-content\/uploads\/sites\/34\/2026\/04\/DSC0440-2000x1328.jpg 2000w, https:\/\/pans.krosno.pl\/tir\/wp-content\/uploads\/sites\/34\/2026\/04\/DSC0440-800x531.jpg 800w, https:\/\/pans.krosno.pl\/tir\/wp-content\/uploads\/sites\/34\/2026\/04\/DSC0440-580x385.jpg 580w\" sizes=\"auto, (max-width: 1024px) 100vw, 1024px\" \/><figcaption class=\"wp-element-caption\">Ko\u015bci\u00f3\u0142 cysters\u00f3w w Kamie\u0144cu Z\u0105bkowickim<\/figcaption><\/figure>\n\n\n\n<figure class=\"wp-block-image size-large\"><img loading=\"lazy\" decoding=\"async\" width=\"1024\" height=\"680\" src=\"https:\/\/pans.krosno.pl\/tir\/wp-content\/uploads\/sites\/34\/2026\/04\/DSC0444-1024x680.jpg\" alt=\"\" class=\"wp-image-3920\" srcset=\"https:\/\/pans.krosno.pl\/tir\/wp-content\/uploads\/sites\/34\/2026\/04\/DSC0444-1024x680.jpg 1024w, https:\/\/pans.krosno.pl\/tir\/wp-content\/uploads\/sites\/34\/2026\/04\/DSC0444-300x200.jpg 300w, https:\/\/pans.krosno.pl\/tir\/wp-content\/uploads\/sites\/34\/2026\/04\/DSC0444-768x510.jpg 768w, https:\/\/pans.krosno.pl\/tir\/wp-content\/uploads\/sites\/34\/2026\/04\/DSC0444-1536x1020.jpg 1536w, https:\/\/pans.krosno.pl\/tir\/wp-content\/uploads\/sites\/34\/2026\/04\/DSC0444-2048x1360.jpg 2048w, https:\/\/pans.krosno.pl\/tir\/wp-content\/uploads\/sites\/34\/2026\/04\/DSC0444-2000x1328.jpg 2000w, https:\/\/pans.krosno.pl\/tir\/wp-content\/uploads\/sites\/34\/2026\/04\/DSC0444-800x531.jpg 800w, https:\/\/pans.krosno.pl\/tir\/wp-content\/uploads\/sites\/34\/2026\/04\/DSC0444-580x385.jpg 580w\" sizes=\"auto, (max-width: 1024px) 100vw, 1024px\" \/><figcaption class=\"wp-element-caption\">Przy murach obronnych Paczkowa<\/figcaption><\/figure>\n\n\n\n<figure class=\"wp-block-image size-large\"><img loading=\"lazy\" decoding=\"async\" width=\"748\" height=\"1024\" src=\"https:\/\/pans.krosno.pl\/tir\/wp-content\/uploads\/sites\/34\/2026\/04\/DSC0446-748x1024.jpg\" alt=\"\" class=\"wp-image-3921\" srcset=\"https:\/\/pans.krosno.pl\/tir\/wp-content\/uploads\/sites\/34\/2026\/04\/DSC0446-748x1024.jpg 748w, https:\/\/pans.krosno.pl\/tir\/wp-content\/uploads\/sites\/34\/2026\/04\/DSC0446-219x300.jpg 219w, https:\/\/pans.krosno.pl\/tir\/wp-content\/uploads\/sites\/34\/2026\/04\/DSC0446-768x1051.jpg 768w, https:\/\/pans.krosno.pl\/tir\/wp-content\/uploads\/sites\/34\/2026\/04\/DSC0446-1122x1536.jpg 1122w, https:\/\/pans.krosno.pl\/tir\/wp-content\/uploads\/sites\/34\/2026\/04\/DSC0446-1497x2048.jpg 1497w, https:\/\/pans.krosno.pl\/tir\/wp-content\/uploads\/sites\/34\/2026\/04\/DSC0446-2000x2737.jpg 2000w, https:\/\/pans.krosno.pl\/tir\/wp-content\/uploads\/sites\/34\/2026\/04\/DSC0446-800x1095.jpg 800w, https:\/\/pans.krosno.pl\/tir\/wp-content\/uploads\/sites\/34\/2026\/04\/DSC0446-580x794.jpg 580w, https:\/\/pans.krosno.pl\/tir\/wp-content\/uploads\/sites\/34\/2026\/04\/DSC0446-scaled.jpg 1871w\" sizes=\"auto, (max-width: 748px) 100vw, 748px\" \/><figcaption class=\"wp-element-caption\">Pod ko\u015bcio\u0142em parafialnym w Paczkowie<\/figcaption><\/figure>\n\n\n\n<figure class=\"wp-block-image size-large\"><img loading=\"lazy\" decoding=\"async\" width=\"787\" height=\"1024\" src=\"https:\/\/pans.krosno.pl\/tir\/wp-content\/uploads\/sites\/34\/2026\/04\/DSC0450-787x1024.jpg\" alt=\"\" class=\"wp-image-3922\" srcset=\"https:\/\/pans.krosno.pl\/tir\/wp-content\/uploads\/sites\/34\/2026\/04\/DSC0450-787x1024.jpg 787w, https:\/\/pans.krosno.pl\/tir\/wp-content\/uploads\/sites\/34\/2026\/04\/DSC0450-231x300.jpg 231w, https:\/\/pans.krosno.pl\/tir\/wp-content\/uploads\/sites\/34\/2026\/04\/DSC0450-768x1000.jpg 768w, https:\/\/pans.krosno.pl\/tir\/wp-content\/uploads\/sites\/34\/2026\/04\/DSC0450-1180x1536.jpg 1180w, https:\/\/pans.krosno.pl\/tir\/wp-content\/uploads\/sites\/34\/2026\/04\/DSC0450-1574x2048.jpg 1574w, https:\/\/pans.krosno.pl\/tir\/wp-content\/uploads\/sites\/34\/2026\/04\/DSC0450-2000x2603.jpg 2000w, https:\/\/pans.krosno.pl\/tir\/wp-content\/uploads\/sites\/34\/2026\/04\/DSC0450-800x1041.jpg 800w, https:\/\/pans.krosno.pl\/tir\/wp-content\/uploads\/sites\/34\/2026\/04\/DSC0450-580x755.jpg 580w, https:\/\/pans.krosno.pl\/tir\/wp-content\/uploads\/sites\/34\/2026\/04\/DSC0450-scaled.jpg 1967w\" sizes=\"auto, (max-width: 787px) 100vw, 787px\" \/><figcaption class=\"wp-element-caption\">Po\u0142udniowa kurtyna mur\u00f3w obronnych Paczkowa<\/figcaption><\/figure>\n\n\n\n<p><\/p>\n\n\n\n<p><\/p>\n","protected":false},"excerpt":{"rendered":"<p>W dniach 23-26 kwietnia 2026 roku studenci II roku Turystyki i rekreacji, wspierani przez niewielk\u0105 grup\u0119 student\u00f3w III roku ze Studenckiego Ko\u0142a Zabytkoznawc\u00f3w i Krajoznawc\u00f3w, pod naukow\u0105 opiek\u0105&nbsp;dra hab. Piotra \u0141opatkiewicza, prof. PANS&nbsp;oraz&nbsp;dra Rafa\u0142a Kapicy, odbyli czterodniowe&nbsp;programowe&nbsp;\u0106wiczenia z Obs\u0142ugi ruchu turystycznego w Sudetach i Pradze.&nbsp;Zaliczenie \u0106wicze\u0144 jest niezb\u0119dne do uzyskania [\u2026] <\/p>\n<div class=\"clear\"><\/div>\n<p><a class=\"more_link clearfix\" href=\"https:\/\/pans.krosno.pl\/tir\/cwiczenia-terenowe-z-obslugi-ruchu-turystycznego-w-sudetach-i-w-pradze-2\/\" rel=\"nofollow\">Read More<\/a><\/p>\n","protected":false},"author":16,"featured_media":3898,"comment_status":"open","ping_status":"open","sticky":false,"template":"","format":"standard","meta":{"ngg_post_thumbnail":0,"footnotes":""},"categories":[1],"tags":[],"class_list":["post-3873","post","type-post","status-publish","format-standard","has-post-thumbnail","hentry","category-bez-kategorii"],"yoast_head":"<!-- This site is optimized with the Yoast SEO Premium plugin v27.4 (Yoast SEO v27.4) - https:\/\/yoast.com\/product\/yoast-seo-premium-wordpress\/ -->\n<title>\u0106wiczenia terenowe z Obs\u0142ugi ruchu turystycznego w Sudetach i w Pradze\u00a0\u00a0\u00a0\u00a0\u00a0 - Turystyka i Rekreacja PANS w Kro\u015bnie<\/title>\n<meta name=\"robots\" content=\"index, follow, max-snippet:-1, max-image-preview:large, max-video-preview:-1\" \/>\n<link rel=\"canonical\" href=\"https:\/\/pans.krosno.pl\/tir\/cwiczenia-terenowe-z-obslugi-ruchu-turystycznego-w-sudetach-i-w-pradze-2\/\" \/>\n<meta property=\"og:locale\" content=\"pl_PL\" \/>\n<meta property=\"og:type\" content=\"article\" \/>\n<meta property=\"og:title\" content=\"\u0106wiczenia terenowe z Obs\u0142ugi ruchu turystycznego w Sudetach i w Pradze\u00a0\u00a0\u00a0\u00a0\u00a0\" \/>\n<meta property=\"og:description\" content=\"W dniach 23-26 kwietnia 2026 roku studenci II roku Turystyki i rekreacji, wspierani przez niewielk\u0105 grup\u0119 student\u00f3w III roku ze Studenckiego Ko\u0142a Zabytkoznawc\u00f3w i Krajoznawc\u00f3w, pod naukow\u0105 opiek\u0105&nbsp;dra hab. Piotra \u0141opatkiewicza, prof. PANS&nbsp;oraz&nbsp;dra Rafa\u0142a Kapicy, odbyli czterodniowe&nbsp;programowe&nbsp;\u0106wiczenia z Obs\u0142ugi ruchu turystycznego w Sudetach i Pradze.&nbsp;Zaliczenie \u0106wicze\u0144 jest niezb\u0119dne do uzyskania [\u2026] Read More\" \/>\n<meta property=\"og:url\" content=\"https:\/\/pans.krosno.pl\/tir\/cwiczenia-terenowe-z-obslugi-ruchu-turystycznego-w-sudetach-i-w-pradze-2\/\" \/>\n<meta property=\"og:site_name\" content=\"Turystyka i Rekreacja PANS w Kro\u015bnie\" \/>\n<meta property=\"article:published_time\" content=\"2026-04-28T08:01:42+00:00\" \/>\n<meta property=\"article:modified_time\" content=\"2026-04-29T06:55:46+00:00\" \/>\n<meta property=\"og:image\" content=\"https:\/\/pans.krosno.pl\/tir\/wp-content\/uploads\/sites\/34\/2026\/04\/DSC0232-scaled.jpg\" \/>\n\t<meta property=\"og:image:width\" content=\"2560\" \/>\n\t<meta property=\"og:image:height\" content=\"1798\" \/>\n\t<meta property=\"og:image:type\" content=\"image\/jpeg\" \/>\n<meta name=\"author\" content=\"piotrlopatkiewicz\" \/>\n<meta name=\"twitter:card\" content=\"summary_large_image\" \/>\n<meta name=\"twitter:label1\" content=\"Napisane przez\" \/>\n\t<meta name=\"twitter:data1\" content=\"piotrlopatkiewicz\" \/>\n\t<meta name=\"twitter:label2\" content=\"Szacowany czas czytania\" \/>\n\t<meta name=\"twitter:data2\" content=\"15 minut\" \/>\n<script type=\"application\/ld+json\" class=\"yoast-schema-graph\">{\"@context\":\"https:\\\/\\\/schema.org\",\"@graph\":[{\"@type\":\"Article\",\"@id\":\"https:\\\/\\\/pans.krosno.pl\\\/tir\\\/cwiczenia-terenowe-z-obslugi-ruchu-turystycznego-w-sudetach-i-w-pradze-2\\\/#article\",\"isPartOf\":{\"@id\":\"https:\\\/\\\/pans.krosno.pl\\\/tir\\\/cwiczenia-terenowe-z-obslugi-ruchu-turystycznego-w-sudetach-i-w-pradze-2\\\/\"},\"author\":{\"name\":\"piotrlopatkiewicz\",\"@id\":\"https:\\\/\\\/pans.krosno.pl\\\/tir\\\/#\\\/schema\\\/person\\\/73b25bcaa9d347f53d56c567065427ad\"},\"headline\":\"\u0106wiczenia terenowe z Obs\u0142ugi ruchu turystycznego w Sudetach i w Pradze\u00a0\u00a0\u00a0\u00a0\u00a0\",\"datePublished\":\"2026-04-28T08:01:42+00:00\",\"dateModified\":\"2026-04-29T06:55:46+00:00\",\"mainEntityOfPage\":{\"@id\":\"https:\\\/\\\/pans.krosno.pl\\\/tir\\\/cwiczenia-terenowe-z-obslugi-ruchu-turystycznego-w-sudetach-i-w-pradze-2\\\/\"},\"wordCount\":1103,\"commentCount\":0,\"publisher\":{\"@id\":\"https:\\\/\\\/pans.krosno.pl\\\/tir\\\/#organization\"},\"image\":{\"@id\":\"https:\\\/\\\/pans.krosno.pl\\\/tir\\\/cwiczenia-terenowe-z-obslugi-ruchu-turystycznego-w-sudetach-i-w-pradze-2\\\/#primaryimage\"},\"thumbnailUrl\":\"https:\\\/\\\/pans.krosno.pl\\\/tir\\\/wp-content\\\/uploads\\\/sites\\\/34\\\/2026\\\/04\\\/DSC0232-scaled.jpg\",\"inLanguage\":\"pl-PL\",\"potentialAction\":[{\"@type\":\"CommentAction\",\"name\":\"Comment\",\"target\":[\"https:\\\/\\\/pans.krosno.pl\\\/tir\\\/cwiczenia-terenowe-z-obslugi-ruchu-turystycznego-w-sudetach-i-w-pradze-2\\\/#respond\"]}]},{\"@type\":\"WebPage\",\"@id\":\"https:\\\/\\\/pans.krosno.pl\\\/tir\\\/cwiczenia-terenowe-z-obslugi-ruchu-turystycznego-w-sudetach-i-w-pradze-2\\\/\",\"url\":\"https:\\\/\\\/pans.krosno.pl\\\/tir\\\/cwiczenia-terenowe-z-obslugi-ruchu-turystycznego-w-sudetach-i-w-pradze-2\\\/\",\"name\":\"\u0106wiczenia terenowe z Obs\u0142ugi ruchu turystycznego w Sudetach i w Pradze\u00a0\u00a0\u00a0\u00a0\u00a0 - Turystyka i Rekreacja PANS w Kro\u015bnie\",\"isPartOf\":{\"@id\":\"https:\\\/\\\/pans.krosno.pl\\\/tir\\\/#website\"},\"primaryImageOfPage\":{\"@id\":\"https:\\\/\\\/pans.krosno.pl\\\/tir\\\/cwiczenia-terenowe-z-obslugi-ruchu-turystycznego-w-sudetach-i-w-pradze-2\\\/#primaryimage\"},\"image\":{\"@id\":\"https:\\\/\\\/pans.krosno.pl\\\/tir\\\/cwiczenia-terenowe-z-obslugi-ruchu-turystycznego-w-sudetach-i-w-pradze-2\\\/#primaryimage\"},\"thumbnailUrl\":\"https:\\\/\\\/pans.krosno.pl\\\/tir\\\/wp-content\\\/uploads\\\/sites\\\/34\\\/2026\\\/04\\\/DSC0232-scaled.jpg\",\"datePublished\":\"2026-04-28T08:01:42+00:00\",\"dateModified\":\"2026-04-29T06:55:46+00:00\",\"breadcrumb\":{\"@id\":\"https:\\\/\\\/pans.krosno.pl\\\/tir\\\/cwiczenia-terenowe-z-obslugi-ruchu-turystycznego-w-sudetach-i-w-pradze-2\\\/#breadcrumb\"},\"inLanguage\":\"pl-PL\",\"potentialAction\":[{\"@type\":\"ReadAction\",\"target\":[\"https:\\\/\\\/pans.krosno.pl\\\/tir\\\/cwiczenia-terenowe-z-obslugi-ruchu-turystycznego-w-sudetach-i-w-pradze-2\\\/\"]}]},{\"@type\":\"ImageObject\",\"inLanguage\":\"pl-PL\",\"@id\":\"https:\\\/\\\/pans.krosno.pl\\\/tir\\\/cwiczenia-terenowe-z-obslugi-ruchu-turystycznego-w-sudetach-i-w-pradze-2\\\/#primaryimage\",\"url\":\"https:\\\/\\\/pans.krosno.pl\\\/tir\\\/wp-content\\\/uploads\\\/sites\\\/34\\\/2026\\\/04\\\/DSC0232-scaled.jpg\",\"contentUrl\":\"https:\\\/\\\/pans.krosno.pl\\\/tir\\\/wp-content\\\/uploads\\\/sites\\\/34\\\/2026\\\/04\\\/DSC0232-scaled.jpg\",\"width\":2560,\"height\":1798,\"caption\":\"????????????????????????????????????\"},{\"@type\":\"BreadcrumbList\",\"@id\":\"https:\\\/\\\/pans.krosno.pl\\\/tir\\\/cwiczenia-terenowe-z-obslugi-ruchu-turystycznego-w-sudetach-i-w-pradze-2\\\/#breadcrumb\",\"itemListElement\":[{\"@type\":\"ListItem\",\"position\":1,\"name\":\"Strona g\u0142\u00f3wna\",\"item\":\"https:\\\/\\\/pans.krosno.pl\\\/tir\\\/\"},{\"@type\":\"ListItem\",\"position\":2,\"name\":\"\u0106wiczenia terenowe z Obs\u0142ugi ruchu turystycznego w Sudetach i w Pradze\u00a0\u00a0\u00a0\u00a0\u00a0\"}]},{\"@type\":\"WebSite\",\"@id\":\"https:\\\/\\\/pans.krosno.pl\\\/tir\\\/#website\",\"url\":\"https:\\\/\\\/pans.krosno.pl\\\/tir\\\/\",\"name\":\"Turystyka i Rekreacja PANS w Kro\u015bnie\",\"description\":\"Turystyka i Rekreacja - Pa\u0144stwowa Akademia Nauk Stosowanych\",\"publisher\":{\"@id\":\"https:\\\/\\\/pans.krosno.pl\\\/tir\\\/#organization\"},\"potentialAction\":[{\"@type\":\"SearchAction\",\"target\":{\"@type\":\"EntryPoint\",\"urlTemplate\":\"https:\\\/\\\/pans.krosno.pl\\\/tir\\\/?s={search_term_string}\"},\"query-input\":{\"@type\":\"PropertyValueSpecification\",\"valueRequired\":true,\"valueName\":\"search_term_string\"}}],\"inLanguage\":\"pl-PL\"},{\"@type\":\"Organization\",\"@id\":\"https:\\\/\\\/pans.krosno.pl\\\/tir\\\/#organization\",\"name\":\"Turystyka i Rekreacja PANS w Kro\u015bnie\",\"url\":\"https:\\\/\\\/pans.krosno.pl\\\/tir\\\/\",\"logo\":{\"@type\":\"ImageObject\",\"inLanguage\":\"pl-PL\",\"@id\":\"https:\\\/\\\/pans.krosno.pl\\\/tir\\\/#\\\/schema\\\/logo\\\/image\\\/\",\"url\":\"https:\\\/\\\/pans.krosno.pl\\\/tir\\\/wp-content\\\/uploads\\\/sites\\\/34\\\/2023\\\/01\\\/Logo-PANS-2022-pelne.png\",\"contentUrl\":\"https:\\\/\\\/pans.krosno.pl\\\/tir\\\/wp-content\\\/uploads\\\/sites\\\/34\\\/2023\\\/01\\\/Logo-PANS-2022-pelne.png\",\"width\":3096,\"height\":696,\"caption\":\"Turystyka i Rekreacja PANS w Kro\u015bnie\"},\"image\":{\"@id\":\"https:\\\/\\\/pans.krosno.pl\\\/tir\\\/#\\\/schema\\\/logo\\\/image\\\/\"}},{\"@type\":\"Person\",\"@id\":\"https:\\\/\\\/pans.krosno.pl\\\/tir\\\/#\\\/schema\\\/person\\\/73b25bcaa9d347f53d56c567065427ad\",\"name\":\"piotrlopatkiewicz\",\"image\":{\"@type\":\"ImageObject\",\"inLanguage\":\"pl-PL\",\"@id\":\"https:\\\/\\\/secure.gravatar.com\\\/avatar\\\/b8e1924da597a80924d3a2c1eb77eb45221e81a2816710462a0602a8769dce92?s=96&d=mm&r=g\",\"url\":\"https:\\\/\\\/secure.gravatar.com\\\/avatar\\\/b8e1924da597a80924d3a2c1eb77eb45221e81a2816710462a0602a8769dce92?s=96&d=mm&r=g\",\"contentUrl\":\"https:\\\/\\\/secure.gravatar.com\\\/avatar\\\/b8e1924da597a80924d3a2c1eb77eb45221e81a2816710462a0602a8769dce92?s=96&d=mm&r=g\",\"caption\":\"piotrlopatkiewicz\"},\"url\":\"https:\\\/\\\/pans.krosno.pl\\\/tir\\\/author\\\/piotrlopatkiewicz\\\/\"}]}<\/script>\n<!-- \/ Yoast SEO Premium plugin. -->","yoast_head_json":{"title":"\u0106wiczenia terenowe z Obs\u0142ugi ruchu turystycznego w Sudetach i w Pradze\u00a0\u00a0\u00a0\u00a0\u00a0 - Turystyka i Rekreacja PANS w Kro\u015bnie","robots":{"index":"index","follow":"follow","max-snippet":"max-snippet:-1","max-image-preview":"max-image-preview:large","max-video-preview":"max-video-preview:-1"},"canonical":"https:\/\/pans.krosno.pl\/tir\/cwiczenia-terenowe-z-obslugi-ruchu-turystycznego-w-sudetach-i-w-pradze-2\/","og_locale":"pl_PL","og_type":"article","og_title":"\u0106wiczenia terenowe z Obs\u0142ugi ruchu turystycznego w Sudetach i w Pradze\u00a0\u00a0\u00a0\u00a0\u00a0","og_description":"W dniach 23-26 kwietnia 2026 roku studenci II roku Turystyki i rekreacji, wspierani przez niewielk\u0105 grup\u0119 student\u00f3w III roku ze Studenckiego Ko\u0142a Zabytkoznawc\u00f3w i Krajoznawc\u00f3w, pod naukow\u0105 opiek\u0105&nbsp;dra hab. Piotra \u0141opatkiewicza, prof. PANS&nbsp;oraz&nbsp;dra Rafa\u0142a Kapicy, odbyli czterodniowe&nbsp;programowe&nbsp;\u0106wiczenia z Obs\u0142ugi ruchu turystycznego w Sudetach i Pradze.&nbsp;Zaliczenie \u0106wicze\u0144 jest niezb\u0119dne do uzyskania [\u2026] Read More","og_url":"https:\/\/pans.krosno.pl\/tir\/cwiczenia-terenowe-z-obslugi-ruchu-turystycznego-w-sudetach-i-w-pradze-2\/","og_site_name":"Turystyka i Rekreacja PANS w Kro\u015bnie","article_published_time":"2026-04-28T08:01:42+00:00","article_modified_time":"2026-04-29T06:55:46+00:00","og_image":[{"width":2560,"height":1798,"url":"https:\/\/pans.krosno.pl\/tir\/wp-content\/uploads\/sites\/34\/2026\/04\/DSC0232-scaled.jpg","type":"image\/jpeg"}],"author":"piotrlopatkiewicz","twitter_card":"summary_large_image","twitter_misc":{"Napisane przez":"piotrlopatkiewicz","Szacowany czas czytania":"15 minut"},"schema":{"@context":"https:\/\/schema.org","@graph":[{"@type":"Article","@id":"https:\/\/pans.krosno.pl\/tir\/cwiczenia-terenowe-z-obslugi-ruchu-turystycznego-w-sudetach-i-w-pradze-2\/#article","isPartOf":{"@id":"https:\/\/pans.krosno.pl\/tir\/cwiczenia-terenowe-z-obslugi-ruchu-turystycznego-w-sudetach-i-w-pradze-2\/"},"author":{"name":"piotrlopatkiewicz","@id":"https:\/\/pans.krosno.pl\/tir\/#\/schema\/person\/73b25bcaa9d347f53d56c567065427ad"},"headline":"\u0106wiczenia terenowe z Obs\u0142ugi ruchu turystycznego w Sudetach i w Pradze\u00a0\u00a0\u00a0\u00a0\u00a0","datePublished":"2026-04-28T08:01:42+00:00","dateModified":"2026-04-29T06:55:46+00:00","mainEntityOfPage":{"@id":"https:\/\/pans.krosno.pl\/tir\/cwiczenia-terenowe-z-obslugi-ruchu-turystycznego-w-sudetach-i-w-pradze-2\/"},"wordCount":1103,"commentCount":0,"publisher":{"@id":"https:\/\/pans.krosno.pl\/tir\/#organization"},"image":{"@id":"https:\/\/pans.krosno.pl\/tir\/cwiczenia-terenowe-z-obslugi-ruchu-turystycznego-w-sudetach-i-w-pradze-2\/#primaryimage"},"thumbnailUrl":"https:\/\/pans.krosno.pl\/tir\/wp-content\/uploads\/sites\/34\/2026\/04\/DSC0232-scaled.jpg","inLanguage":"pl-PL","potentialAction":[{"@type":"CommentAction","name":"Comment","target":["https:\/\/pans.krosno.pl\/tir\/cwiczenia-terenowe-z-obslugi-ruchu-turystycznego-w-sudetach-i-w-pradze-2\/#respond"]}]},{"@type":"WebPage","@id":"https:\/\/pans.krosno.pl\/tir\/cwiczenia-terenowe-z-obslugi-ruchu-turystycznego-w-sudetach-i-w-pradze-2\/","url":"https:\/\/pans.krosno.pl\/tir\/cwiczenia-terenowe-z-obslugi-ruchu-turystycznego-w-sudetach-i-w-pradze-2\/","name":"\u0106wiczenia terenowe z Obs\u0142ugi ruchu turystycznego w Sudetach i w Pradze\u00a0\u00a0\u00a0\u00a0\u00a0 - Turystyka i Rekreacja PANS w Kro\u015bnie","isPartOf":{"@id":"https:\/\/pans.krosno.pl\/tir\/#website"},"primaryImageOfPage":{"@id":"https:\/\/pans.krosno.pl\/tir\/cwiczenia-terenowe-z-obslugi-ruchu-turystycznego-w-sudetach-i-w-pradze-2\/#primaryimage"},"image":{"@id":"https:\/\/pans.krosno.pl\/tir\/cwiczenia-terenowe-z-obslugi-ruchu-turystycznego-w-sudetach-i-w-pradze-2\/#primaryimage"},"thumbnailUrl":"https:\/\/pans.krosno.pl\/tir\/wp-content\/uploads\/sites\/34\/2026\/04\/DSC0232-scaled.jpg","datePublished":"2026-04-28T08:01:42+00:00","dateModified":"2026-04-29T06:55:46+00:00","breadcrumb":{"@id":"https:\/\/pans.krosno.pl\/tir\/cwiczenia-terenowe-z-obslugi-ruchu-turystycznego-w-sudetach-i-w-pradze-2\/#breadcrumb"},"inLanguage":"pl-PL","potentialAction":[{"@type":"ReadAction","target":["https:\/\/pans.krosno.pl\/tir\/cwiczenia-terenowe-z-obslugi-ruchu-turystycznego-w-sudetach-i-w-pradze-2\/"]}]},{"@type":"ImageObject","inLanguage":"pl-PL","@id":"https:\/\/pans.krosno.pl\/tir\/cwiczenia-terenowe-z-obslugi-ruchu-turystycznego-w-sudetach-i-w-pradze-2\/#primaryimage","url":"https:\/\/pans.krosno.pl\/tir\/wp-content\/uploads\/sites\/34\/2026\/04\/DSC0232-scaled.jpg","contentUrl":"https:\/\/pans.krosno.pl\/tir\/wp-content\/uploads\/sites\/34\/2026\/04\/DSC0232-scaled.jpg","width":2560,"height":1798,"caption":"????????????????????????????????????"},{"@type":"BreadcrumbList","@id":"https:\/\/pans.krosno.pl\/tir\/cwiczenia-terenowe-z-obslugi-ruchu-turystycznego-w-sudetach-i-w-pradze-2\/#breadcrumb","itemListElement":[{"@type":"ListItem","position":1,"name":"Strona g\u0142\u00f3wna","item":"https:\/\/pans.krosno.pl\/tir\/"},{"@type":"ListItem","position":2,"name":"\u0106wiczenia terenowe z Obs\u0142ugi ruchu turystycznego w Sudetach i w Pradze\u00a0\u00a0\u00a0\u00a0\u00a0"}]},{"@type":"WebSite","@id":"https:\/\/pans.krosno.pl\/tir\/#website","url":"https:\/\/pans.krosno.pl\/tir\/","name":"Turystyka i Rekreacja PANS w Kro\u015bnie","description":"Turystyka i Rekreacja - Pa\u0144stwowa Akademia Nauk Stosowanych","publisher":{"@id":"https:\/\/pans.krosno.pl\/tir\/#organization"},"potentialAction":[{"@type":"SearchAction","target":{"@type":"EntryPoint","urlTemplate":"https:\/\/pans.krosno.pl\/tir\/?s={search_term_string}"},"query-input":{"@type":"PropertyValueSpecification","valueRequired":true,"valueName":"search_term_string"}}],"inLanguage":"pl-PL"},{"@type":"Organization","@id":"https:\/\/pans.krosno.pl\/tir\/#organization","name":"Turystyka i Rekreacja PANS w Kro\u015bnie","url":"https:\/\/pans.krosno.pl\/tir\/","logo":{"@type":"ImageObject","inLanguage":"pl-PL","@id":"https:\/\/pans.krosno.pl\/tir\/#\/schema\/logo\/image\/","url":"https:\/\/pans.krosno.pl\/tir\/wp-content\/uploads\/sites\/34\/2023\/01\/Logo-PANS-2022-pelne.png","contentUrl":"https:\/\/pans.krosno.pl\/tir\/wp-content\/uploads\/sites\/34\/2023\/01\/Logo-PANS-2022-pelne.png","width":3096,"height":696,"caption":"Turystyka i Rekreacja PANS w Kro\u015bnie"},"image":{"@id":"https:\/\/pans.krosno.pl\/tir\/#\/schema\/logo\/image\/"}},{"@type":"Person","@id":"https:\/\/pans.krosno.pl\/tir\/#\/schema\/person\/73b25bcaa9d347f53d56c567065427ad","name":"piotrlopatkiewicz","image":{"@type":"ImageObject","inLanguage":"pl-PL","@id":"https:\/\/secure.gravatar.com\/avatar\/b8e1924da597a80924d3a2c1eb77eb45221e81a2816710462a0602a8769dce92?s=96&d=mm&r=g","url":"https:\/\/secure.gravatar.com\/avatar\/b8e1924da597a80924d3a2c1eb77eb45221e81a2816710462a0602a8769dce92?s=96&d=mm&r=g","contentUrl":"https:\/\/secure.gravatar.com\/avatar\/b8e1924da597a80924d3a2c1eb77eb45221e81a2816710462a0602a8769dce92?s=96&d=mm&r=g","caption":"piotrlopatkiewicz"},"url":"https:\/\/pans.krosno.pl\/tir\/author\/piotrlopatkiewicz\/"}]}},"_links":{"self":[{"href":"https:\/\/pans.krosno.pl\/tir\/wp-json\/wp\/v2\/posts\/3873","targetHints":{"allow":["GET"]}}],"collection":[{"href":"https:\/\/pans.krosno.pl\/tir\/wp-json\/wp\/v2\/posts"}],"about":[{"href":"https:\/\/pans.krosno.pl\/tir\/wp-json\/wp\/v2\/types\/post"}],"author":[{"embeddable":true,"href":"https:\/\/pans.krosno.pl\/tir\/wp-json\/wp\/v2\/users\/16"}],"replies":[{"embeddable":true,"href":"https:\/\/pans.krosno.pl\/tir\/wp-json\/wp\/v2\/comments?post=3873"}],"version-history":[{"count":3,"href":"https:\/\/pans.krosno.pl\/tir\/wp-json\/wp\/v2\/posts\/3873\/revisions"}],"predecessor-version":[{"id":3931,"href":"https:\/\/pans.krosno.pl\/tir\/wp-json\/wp\/v2\/posts\/3873\/revisions\/3931"}],"wp:featuredmedia":[{"embeddable":true,"href":"https:\/\/pans.krosno.pl\/tir\/wp-json\/wp\/v2\/media\/3898"}],"wp:attachment":[{"href":"https:\/\/pans.krosno.pl\/tir\/wp-json\/wp\/v2\/media?parent=3873"}],"wp:term":[{"taxonomy":"category","embeddable":true,"href":"https:\/\/pans.krosno.pl\/tir\/wp-json\/wp\/v2\/categories?post=3873"},{"taxonomy":"post_tag","embeddable":true,"href":"https:\/\/pans.krosno.pl\/tir\/wp-json\/wp\/v2\/tags?post=3873"}],"curies":[{"name":"wp","href":"https:\/\/api.w.org\/{rel}","templated":true}]}}