{"id":3119,"date":"2023-12-28T15:57:04","date_gmt":"2023-12-28T14:57:04","guid":{"rendered":"https:\/\/pans.krosno.pl\/tir\/?p=3119"},"modified":"2023-12-28T16:03:28","modified_gmt":"2023-12-28T15:03:28","slug":"kierownik-zakladu-turystyki-i-rekreacji-dr-hab-piotr-lopatkiewicz-prof-pans-zostal-powolany-do-komitetu-redakcyjnego-rocznika-wierchy-renomowanego-cz","status":"publish","type":"post","link":"https:\/\/pans.krosno.pl\/tir\/kierownik-zakladu-turystyki-i-rekreacji-dr-hab-piotr-lopatkiewicz-prof-pans-zostal-powolany-do-komitetu-redakcyjnego-rocznika-wierchy-renomowanego-cz\/","title":{"rendered":"Kierownik Zak\u0142adu Turystyki i Rekreacji \u2013 dr hab. Piotr \u0141opatkiewicz, prof. PANS \u2013 zosta\u0142 powo\u0142any do Komitetu Redakcyjnego Rocznika \u201eWierchy\u201d \u2013 renomowanego czasopisma po\u015bwi\u0119conego tematyce g\u00f3rskiej"},"content":{"rendered":"\n<p>Rocznik \u201eWierchy\u201d \u2013 specjalistyczne czasopismo naukowe po\u015bwi\u0119cone tematyce g\u00f3rskiej, wydawany nieprzerwanie ju\u017c od 100 lat, czyli 1923 roku! \u201eWierchy\u201d stanowi\u0105 kontynuacj\u0119 \u201ePami\u0119tnika Towarzystwa Tatrza\u0144skiego\u201d, najstarszego polskiego czasopisma po\u015bwi\u0119conego tematyce g\u00f3rskiej, redagowanego w Krakowie w latach 1876-1920.<\/p>\n\n\n\n<p>Wydawanie rocznika rozpocz\u0119to we\u00a0Lwowie\u00a0w latach 1923\u20131926 (tomy 1\u20134), od 1927 w\u00a0Krakowie. Wydawc\u0105 \u201eWierch\u00f3w\u201d by\u0142o w latach 1927\u20131950\u00a0Polskie Towarzystwo Tatrza\u0144skie, od 1951 roku jest to organ\u00a0PTTK. Od roku 1974 wydawnictwo firmuje Centralny O\u015brodek Turystyki G\u00f3rskiej PTTK w Krakowie, a wydawc\u0105 jest Oficyna Wydawnicza \u201eWierchy\u201d. Do 2023 ukaza\u0142o si\u0119 85 tom\u00f3w, z czego 16 przed\u00a0II wojn\u0105 \u015bwiatow\u0105.<\/p>\n\n\n\n<p>W latach mi\u0119dzywojennych w roczniku dominowa\u0142y zagadnienia&nbsp;tatrza\u0144skie, lecz szereg artyku\u0142\u00f3w dotyczy\u0142 obszaru ca\u0142ych&nbsp;Karpat, w szczeg\u00f3lno\u015bci&nbsp;Karpat Wschodnich&nbsp;znajduj\u0105cych si\u0119 na terenie \u00f3wczesnej Polski, jak:&nbsp;Bieszczady Wschodnie,&nbsp;Czarnohora,&nbsp;czy&nbsp;Gorgany. W latach powojennych tematyka rozszerzy\u0142a si\u0119 o tereny&nbsp;Sudet\u00f3w&nbsp;oraz obszary zwi\u0105zane z polskimi wyprawami wysokog\u00f3rskimi, m.in. w&nbsp;Hindukusz,&nbsp;Kaukaz,&nbsp;Andy&nbsp;czy&nbsp;Himalaje.<\/p>\n\n\n\n<figure class=\"wp-block-image size-large\"><img loading=\"lazy\" decoding=\"async\" width=\"718\" height=\"1024\" src=\"https:\/\/pans.krosno.pl\/tir\/wp-content\/uploads\/sites\/34\/2023\/12\/DSC0468-718x1024.jpg\" alt=\"\" class=\"wp-image-3121\" srcset=\"https:\/\/pans.krosno.pl\/tir\/wp-content\/uploads\/sites\/34\/2023\/12\/DSC0468-718x1024.jpg 718w, https:\/\/pans.krosno.pl\/tir\/wp-content\/uploads\/sites\/34\/2023\/12\/DSC0468-210x300.jpg 210w, https:\/\/pans.krosno.pl\/tir\/wp-content\/uploads\/sites\/34\/2023\/12\/DSC0468-768x1095.jpg 768w, https:\/\/pans.krosno.pl\/tir\/wp-content\/uploads\/sites\/34\/2023\/12\/DSC0468-1077x1536.jpg 1077w, https:\/\/pans.krosno.pl\/tir\/wp-content\/uploads\/sites\/34\/2023\/12\/DSC0468-1436x2048.jpg 1436w, https:\/\/pans.krosno.pl\/tir\/wp-content\/uploads\/sites\/34\/2023\/12\/DSC0468-800x1141.jpg 800w, https:\/\/pans.krosno.pl\/tir\/wp-content\/uploads\/sites\/34\/2023\/12\/DSC0468-580x827.jpg 580w, https:\/\/pans.krosno.pl\/tir\/wp-content\/uploads\/sites\/34\/2023\/12\/DSC0468-rotated.jpg 1637w\" sizes=\"auto, (max-width: 718px) 100vw, 718px\" \/><\/figure>\n\n\n\n<p>Materia\u0142y prezentowane w roczniku dotycz\u0105 bardzo szerokiej tematyki: przyrody g\u00f3r i problem\u00f3w jej ochrony, historii teren\u00f3w g\u00f3rskich,&nbsp;etnografii, obrazu g\u00f3r w kulturze i sztuce, ochrony dziedzictwa kulturowego, a tak\u017ce historii i bie\u017c\u0105cych wydarze\u0144 w zakresie turystyki g\u00f3rskiej,&nbsp;alpinizmu oraz&nbsp;speleologii.<\/p>\n\n\n\n<figure class=\"wp-block-image size-large\"><img loading=\"lazy\" decoding=\"async\" width=\"715\" height=\"1024\" src=\"https:\/\/pans.krosno.pl\/tir\/wp-content\/uploads\/sites\/34\/2023\/12\/DSC0467-715x1024.jpg\" alt=\"\" class=\"wp-image-3122\" srcset=\"https:\/\/pans.krosno.pl\/tir\/wp-content\/uploads\/sites\/34\/2023\/12\/DSC0467-715x1024.jpg 715w, https:\/\/pans.krosno.pl\/tir\/wp-content\/uploads\/sites\/34\/2023\/12\/DSC0467-210x300.jpg 210w, https:\/\/pans.krosno.pl\/tir\/wp-content\/uploads\/sites\/34\/2023\/12\/DSC0467-768x1100.jpg 768w, https:\/\/pans.krosno.pl\/tir\/wp-content\/uploads\/sites\/34\/2023\/12\/DSC0467-1073x1536.jpg 1073w, https:\/\/pans.krosno.pl\/tir\/wp-content\/uploads\/sites\/34\/2023\/12\/DSC0467-1430x2048.jpg 1430w, https:\/\/pans.krosno.pl\/tir\/wp-content\/uploads\/sites\/34\/2023\/12\/DSC0467-800x1145.jpg 800w, https:\/\/pans.krosno.pl\/tir\/wp-content\/uploads\/sites\/34\/2023\/12\/DSC0467-580x830.jpg 580w, https:\/\/pans.krosno.pl\/tir\/wp-content\/uploads\/sites\/34\/2023\/12\/DSC0467.jpg 1566w\" sizes=\"auto, (max-width: 715px) 100vw, 715px\" \/><\/figure>\n\n\n\n<p>Komitet Redakcyjny \u201eWierch\u00f3w\u201d wsp\u00f3\u0142tworz\u0105 uczeni z najwa\u017cniejszych o\u015brodk\u00f3w akademickich w kraju. Na podstawie uchwa\u0142y Komisji Turystyki G\u00f3rskiej Zarz\u0105du G\u0142\u00f3wnego Polskiego Towarzystwa Turystyczno-Krajoznawczego, z dnia 3 grudnia 2023 roku, kilkunastoosobowy Komitet Redakcyjny Rocznika zosta\u0142 poszerzony o kilka nowych nazwisk:<\/p>\n\n\n\n<ul class=\"wp-block-list\">\n<li><strong>prof. dr hab. Jaros\u0142aw Balon <\/strong>(Uniwersytet Jagiello\u0144ski \u2013 specjalno\u015b\u0107 naukowa: geografia fizyczna, ekologia krajobrazu)<\/li>\n\n\n\n<li><strong>prof. dr hab. Krzysztof Kuku\u0142a<\/strong> (Uniwersytet Rzeszowski \u2013 specjalno\u015b\u0107 naukowa: ekologia, hydrobiologia, ochrona \u015brodowiska, ichtiologia)<\/li>\n\n\n\n<li><strong>prof. dr hab. Agnieszka Latocha-Wites<\/strong> (Uniwersytet Wroc\u0142awski \u2013 specjalno\u015b\u0107 naukowa: geomorfologia, antropogeomorfologia, ekologia krajobrazu, geografia historyczna)<\/li>\n\n\n\n<li><strong>dr hab. prof. PANS Piotr<\/strong> <strong>\u0141opatkiewicz<\/strong> (Pa\u0144stwowa Akademia Nauk Stosowanych w Kro\u015bnie \u2013 specjalno\u015b\u0107 naukowa: historia sztuki)<\/li>\n\n\n\n<li><strong>prof. dr hab. Tomasz W\u0119c\u0142awowicz<\/strong> (Uniwersytet Jagiello\u0144ski, obecnie Krakowska Akademia im. Andrzeja Frycza Modrzewskiego \u2013 specjalno\u015b\u0107 naukowa: historia sztuki)<\/li>\n\n\n\n<li><strong>dr Ditta Kici\u0144ska<\/strong> (Uniwersytet im. Adama Mickiewicza w Poznaniu \u2013 specjalno\u015b\u0107 naukowa: geologia dynamiczna, geologia regionalna)<\/li>\n\n\n\n<li><strong>dr Miko\u0142aj Majewski<\/strong> (Uniwersytet im. Adama Mickiewicza w Poznaniu \u2013 specjalno\u015b\u0107 naukowa: geomorfologia, monitoring \u015brodowiska przyrodniczego)<\/li>\n<\/ul>\n","protected":false},"excerpt":{"rendered":"<p>Rocznik \u201eWierchy\u201d \u2013 specjalistyczne czasopismo naukowe po\u015bwi\u0119cone tematyce g\u00f3rskiej, wydawany nieprzerwanie ju\u017c od 100 lat, czyli 1923 roku! \u201eWierchy\u201d stanowi\u0105 kontynuacj\u0119 \u201ePami\u0119tnika Towarzystwa Tatrza\u0144skiego\u201d, najstarszego polskiego czasopisma po\u015bwi\u0119conego tematyce g\u00f3rskiej, redagowanego w Krakowie w latach 1876-1920. Wydawanie rocznika rozpocz\u0119to we\u00a0Lwowie\u00a0w latach 1923\u20131926 (tomy 1\u20134), od 1927 w\u00a0Krakowie. Wydawc\u0105 \u201eWierch\u00f3w\u201d by\u0142o [\u2026] <\/p>\n<div class=\"clear\"><\/div>\n<p><a class=\"more_link clearfix\" href=\"https:\/\/pans.krosno.pl\/tir\/kierownik-zakladu-turystyki-i-rekreacji-dr-hab-piotr-lopatkiewicz-prof-pans-zostal-powolany-do-komitetu-redakcyjnego-rocznika-wierchy-renomowanego-cz\/\" rel=\"nofollow\">Read More<\/a><\/p>\n","protected":false},"author":16,"featured_media":3121,"comment_status":"open","ping_status":"open","sticky":false,"template":"","format":"standard","meta":{"ngg_post_thumbnail":0,"footnotes":""},"categories":[1],"tags":[],"class_list":["post-3119","post","type-post","status-publish","format-standard","has-post-thumbnail","hentry","category-bez-kategorii"],"yoast_head":"<!-- This site is optimized with the Yoast SEO Premium plugin v27.4 (Yoast SEO v27.4) - https:\/\/yoast.com\/product\/yoast-seo-premium-wordpress\/ -->\n<title>Kierownik Zak\u0142adu Turystyki i Rekreacji \u2013 dr hab. Piotr \u0141opatkiewicz, prof. PANS \u2013 zosta\u0142 powo\u0142any do Komitetu Redakcyjnego Rocznika \u201eWierchy\u201d \u2013 renomowanego czasopisma po\u015bwi\u0119conego tematyce g\u00f3rskiej - Turystyka i Rekreacja PANS w Kro\u015bnie<\/title>\n<meta name=\"robots\" content=\"index, follow, max-snippet:-1, max-image-preview:large, max-video-preview:-1\" \/>\n<link rel=\"canonical\" href=\"https:\/\/pans.krosno.pl\/tir\/kierownik-zakladu-turystyki-i-rekreacji-dr-hab-piotr-lopatkiewicz-prof-pans-zostal-powolany-do-komitetu-redakcyjnego-rocznika-wierchy-renomowanego-cz\/\" \/>\n<meta property=\"og:locale\" content=\"pl_PL\" \/>\n<meta property=\"og:type\" content=\"article\" \/>\n<meta property=\"og:title\" content=\"Kierownik Zak\u0142adu Turystyki i Rekreacji \u2013 dr hab. Piotr \u0141opatkiewicz, prof. PANS \u2013 zosta\u0142 powo\u0142any do Komitetu Redakcyjnego Rocznika \u201eWierchy\u201d \u2013 renomowanego czasopisma po\u015bwi\u0119conego tematyce g\u00f3rskiej\" \/>\n<meta property=\"og:description\" content=\"Rocznik \u201eWierchy\u201d \u2013 specjalistyczne czasopismo naukowe po\u015bwi\u0119cone tematyce g\u00f3rskiej, wydawany nieprzerwanie ju\u017c od 100 lat, czyli 1923 roku! \u201eWierchy\u201d stanowi\u0105 kontynuacj\u0119 \u201ePami\u0119tnika Towarzystwa Tatrza\u0144skiego\u201d, najstarszego polskiego czasopisma po\u015bwi\u0119conego tematyce g\u00f3rskiej, redagowanego w Krakowie w latach 1876-1920. Wydawanie rocznika rozpocz\u0119to we\u00a0Lwowie\u00a0w latach 1923\u20131926 (tomy 1\u20134), od 1927 w\u00a0Krakowie. Wydawc\u0105 \u201eWierch\u00f3w\u201d by\u0142o [\u2026] Read More\" \/>\n<meta property=\"og:url\" content=\"https:\/\/pans.krosno.pl\/tir\/kierownik-zakladu-turystyki-i-rekreacji-dr-hab-piotr-lopatkiewicz-prof-pans-zostal-powolany-do-komitetu-redakcyjnego-rocznika-wierchy-renomowanego-cz\/\" \/>\n<meta property=\"og:site_name\" content=\"Turystyka i Rekreacja PANS w Kro\u015bnie\" \/>\n<meta property=\"article:published_time\" content=\"2023-12-28T14:57:04+00:00\" \/>\n<meta property=\"article:modified_time\" content=\"2023-12-28T15:03:28+00:00\" \/>\n<meta property=\"og:image\" content=\"https:\/\/pans.krosno.pl\/wp-content\/uploads\/sites\/34\/2023\/12\/DSC0468-rotated.jpg\" \/>\n\t<meta property=\"og:image:width\" content=\"1637\" \/>\n\t<meta property=\"og:image:height\" content=\"2335\" \/>\n\t<meta property=\"og:image:type\" content=\"image\/jpeg\" \/>\n<meta name=\"author\" content=\"piotrlopatkiewicz\" \/>\n<meta name=\"twitter:card\" content=\"summary_large_image\" \/>\n<meta name=\"twitter:label1\" content=\"Napisane przez\" \/>\n\t<meta name=\"twitter:data1\" content=\"piotrlopatkiewicz\" \/>\n\t<meta name=\"twitter:label2\" content=\"Szacowany czas czytania\" \/>\n\t<meta name=\"twitter:data2\" content=\"3 minuty\" \/>\n<script type=\"application\/ld+json\" class=\"yoast-schema-graph\">{\"@context\":\"https:\\\/\\\/schema.org\",\"@graph\":[{\"@type\":\"Article\",\"@id\":\"https:\\\/\\\/pans.krosno.pl\\\/tir\\\/kierownik-zakladu-turystyki-i-rekreacji-dr-hab-piotr-lopatkiewicz-prof-pans-zostal-powolany-do-komitetu-redakcyjnego-rocznika-wierchy-renomowanego-cz\\\/#article\",\"isPartOf\":{\"@id\":\"https:\\\/\\\/pans.krosno.pl\\\/tir\\\/kierownik-zakladu-turystyki-i-rekreacji-dr-hab-piotr-lopatkiewicz-prof-pans-zostal-powolany-do-komitetu-redakcyjnego-rocznika-wierchy-renomowanego-cz\\\/\"},\"author\":{\"name\":\"piotrlopatkiewicz\",\"@id\":\"https:\\\/\\\/pans.krosno.pl\\\/tir\\\/#\\\/schema\\\/person\\\/73b25bcaa9d347f53d56c567065427ad\"},\"headline\":\"Kierownik Zak\u0142adu Turystyki i Rekreacji \u2013 dr hab. Piotr \u0141opatkiewicz, prof. PANS \u2013 zosta\u0142 powo\u0142any do Komitetu Redakcyjnego Rocznika \u201eWierchy\u201d \u2013 renomowanego czasopisma po\u015bwi\u0119conego tematyce g\u00f3rskiej\",\"datePublished\":\"2023-12-28T14:57:04+00:00\",\"dateModified\":\"2023-12-28T15:03:28+00:00\",\"mainEntityOfPage\":{\"@id\":\"https:\\\/\\\/pans.krosno.pl\\\/tir\\\/kierownik-zakladu-turystyki-i-rekreacji-dr-hab-piotr-lopatkiewicz-prof-pans-zostal-powolany-do-komitetu-redakcyjnego-rocznika-wierchy-renomowanego-cz\\\/\"},\"wordCount\":425,\"commentCount\":0,\"publisher\":{\"@id\":\"https:\\\/\\\/pans.krosno.pl\\\/tir\\\/#organization\"},\"image\":{\"@id\":\"https:\\\/\\\/pans.krosno.pl\\\/tir\\\/kierownik-zakladu-turystyki-i-rekreacji-dr-hab-piotr-lopatkiewicz-prof-pans-zostal-powolany-do-komitetu-redakcyjnego-rocznika-wierchy-renomowanego-cz\\\/#primaryimage\"},\"thumbnailUrl\":\"https:\\\/\\\/pans.krosno.pl\\\/tir\\\/wp-content\\\/uploads\\\/sites\\\/34\\\/2023\\\/12\\\/DSC0468-rotated.jpg\",\"inLanguage\":\"pl-PL\",\"potentialAction\":[{\"@type\":\"CommentAction\",\"name\":\"Comment\",\"target\":[\"https:\\\/\\\/pans.krosno.pl\\\/tir\\\/kierownik-zakladu-turystyki-i-rekreacji-dr-hab-piotr-lopatkiewicz-prof-pans-zostal-powolany-do-komitetu-redakcyjnego-rocznika-wierchy-renomowanego-cz\\\/#respond\"]}]},{\"@type\":\"WebPage\",\"@id\":\"https:\\\/\\\/pans.krosno.pl\\\/tir\\\/kierownik-zakladu-turystyki-i-rekreacji-dr-hab-piotr-lopatkiewicz-prof-pans-zostal-powolany-do-komitetu-redakcyjnego-rocznika-wierchy-renomowanego-cz\\\/\",\"url\":\"https:\\\/\\\/pans.krosno.pl\\\/tir\\\/kierownik-zakladu-turystyki-i-rekreacji-dr-hab-piotr-lopatkiewicz-prof-pans-zostal-powolany-do-komitetu-redakcyjnego-rocznika-wierchy-renomowanego-cz\\\/\",\"name\":\"Kierownik Zak\u0142adu Turystyki i Rekreacji \u2013 dr hab. Piotr \u0141opatkiewicz, prof. PANS \u2013 zosta\u0142 powo\u0142any do Komitetu Redakcyjnego Rocznika \u201eWierchy\u201d \u2013 renomowanego czasopisma po\u015bwi\u0119conego tematyce g\u00f3rskiej - Turystyka i Rekreacja PANS w Kro\u015bnie\",\"isPartOf\":{\"@id\":\"https:\\\/\\\/pans.krosno.pl\\\/tir\\\/#website\"},\"primaryImageOfPage\":{\"@id\":\"https:\\\/\\\/pans.krosno.pl\\\/tir\\\/kierownik-zakladu-turystyki-i-rekreacji-dr-hab-piotr-lopatkiewicz-prof-pans-zostal-powolany-do-komitetu-redakcyjnego-rocznika-wierchy-renomowanego-cz\\\/#primaryimage\"},\"image\":{\"@id\":\"https:\\\/\\\/pans.krosno.pl\\\/tir\\\/kierownik-zakladu-turystyki-i-rekreacji-dr-hab-piotr-lopatkiewicz-prof-pans-zostal-powolany-do-komitetu-redakcyjnego-rocznika-wierchy-renomowanego-cz\\\/#primaryimage\"},\"thumbnailUrl\":\"https:\\\/\\\/pans.krosno.pl\\\/tir\\\/wp-content\\\/uploads\\\/sites\\\/34\\\/2023\\\/12\\\/DSC0468-rotated.jpg\",\"datePublished\":\"2023-12-28T14:57:04+00:00\",\"dateModified\":\"2023-12-28T15:03:28+00:00\",\"breadcrumb\":{\"@id\":\"https:\\\/\\\/pans.krosno.pl\\\/tir\\\/kierownik-zakladu-turystyki-i-rekreacji-dr-hab-piotr-lopatkiewicz-prof-pans-zostal-powolany-do-komitetu-redakcyjnego-rocznika-wierchy-renomowanego-cz\\\/#breadcrumb\"},\"inLanguage\":\"pl-PL\",\"potentialAction\":[{\"@type\":\"ReadAction\",\"target\":[\"https:\\\/\\\/pans.krosno.pl\\\/tir\\\/kierownik-zakladu-turystyki-i-rekreacji-dr-hab-piotr-lopatkiewicz-prof-pans-zostal-powolany-do-komitetu-redakcyjnego-rocznika-wierchy-renomowanego-cz\\\/\"]}]},{\"@type\":\"ImageObject\",\"inLanguage\":\"pl-PL\",\"@id\":\"https:\\\/\\\/pans.krosno.pl\\\/tir\\\/kierownik-zakladu-turystyki-i-rekreacji-dr-hab-piotr-lopatkiewicz-prof-pans-zostal-powolany-do-komitetu-redakcyjnego-rocznika-wierchy-renomowanego-cz\\\/#primaryimage\",\"url\":\"https:\\\/\\\/pans.krosno.pl\\\/tir\\\/wp-content\\\/uploads\\\/sites\\\/34\\\/2023\\\/12\\\/DSC0468-rotated.jpg\",\"contentUrl\":\"https:\\\/\\\/pans.krosno.pl\\\/tir\\\/wp-content\\\/uploads\\\/sites\\\/34\\\/2023\\\/12\\\/DSC0468-rotated.jpg\",\"width\":1637,\"height\":2335,\"caption\":\"????????????????????????????????????\"},{\"@type\":\"BreadcrumbList\",\"@id\":\"https:\\\/\\\/pans.krosno.pl\\\/tir\\\/kierownik-zakladu-turystyki-i-rekreacji-dr-hab-piotr-lopatkiewicz-prof-pans-zostal-powolany-do-komitetu-redakcyjnego-rocznika-wierchy-renomowanego-cz\\\/#breadcrumb\",\"itemListElement\":[{\"@type\":\"ListItem\",\"position\":1,\"name\":\"Strona g\u0142\u00f3wna\",\"item\":\"https:\\\/\\\/pans.krosno.pl\\\/tir\\\/\"},{\"@type\":\"ListItem\",\"position\":2,\"name\":\"Kierownik Zak\u0142adu Turystyki i Rekreacji \u2013 dr hab. Piotr \u0141opatkiewicz, prof. PANS \u2013 zosta\u0142 powo\u0142any do Komitetu Redakcyjnego Rocznika \u201eWierchy\u201d \u2013 renomowanego czasopisma po\u015bwi\u0119conego tematyce g\u00f3rskiej\"}]},{\"@type\":\"WebSite\",\"@id\":\"https:\\\/\\\/pans.krosno.pl\\\/tir\\\/#website\",\"url\":\"https:\\\/\\\/pans.krosno.pl\\\/tir\\\/\",\"name\":\"Turystyka i Rekreacja PANS w Kro\u015bnie\",\"description\":\"Turystyka i Rekreacja - Pa\u0144stwowa Akademia Nauk Stosowanych\",\"publisher\":{\"@id\":\"https:\\\/\\\/pans.krosno.pl\\\/tir\\\/#organization\"},\"potentialAction\":[{\"@type\":\"SearchAction\",\"target\":{\"@type\":\"EntryPoint\",\"urlTemplate\":\"https:\\\/\\\/pans.krosno.pl\\\/tir\\\/?s={search_term_string}\"},\"query-input\":{\"@type\":\"PropertyValueSpecification\",\"valueRequired\":true,\"valueName\":\"search_term_string\"}}],\"inLanguage\":\"pl-PL\"},{\"@type\":\"Organization\",\"@id\":\"https:\\\/\\\/pans.krosno.pl\\\/tir\\\/#organization\",\"name\":\"Turystyka i Rekreacja PANS w Kro\u015bnie\",\"url\":\"https:\\\/\\\/pans.krosno.pl\\\/tir\\\/\",\"logo\":{\"@type\":\"ImageObject\",\"inLanguage\":\"pl-PL\",\"@id\":\"https:\\\/\\\/pans.krosno.pl\\\/tir\\\/#\\\/schema\\\/logo\\\/image\\\/\",\"url\":\"https:\\\/\\\/pans.krosno.pl\\\/tir\\\/wp-content\\\/uploads\\\/sites\\\/34\\\/2023\\\/01\\\/Logo-PANS-2022-pelne.png\",\"contentUrl\":\"https:\\\/\\\/pans.krosno.pl\\\/tir\\\/wp-content\\\/uploads\\\/sites\\\/34\\\/2023\\\/01\\\/Logo-PANS-2022-pelne.png\",\"width\":3096,\"height\":696,\"caption\":\"Turystyka i Rekreacja PANS w Kro\u015bnie\"},\"image\":{\"@id\":\"https:\\\/\\\/pans.krosno.pl\\\/tir\\\/#\\\/schema\\\/logo\\\/image\\\/\"}},{\"@type\":\"Person\",\"@id\":\"https:\\\/\\\/pans.krosno.pl\\\/tir\\\/#\\\/schema\\\/person\\\/73b25bcaa9d347f53d56c567065427ad\",\"name\":\"piotrlopatkiewicz\",\"image\":{\"@type\":\"ImageObject\",\"inLanguage\":\"pl-PL\",\"@id\":\"https:\\\/\\\/secure.gravatar.com\\\/avatar\\\/b8e1924da597a80924d3a2c1eb77eb45221e81a2816710462a0602a8769dce92?s=96&d=mm&r=g\",\"url\":\"https:\\\/\\\/secure.gravatar.com\\\/avatar\\\/b8e1924da597a80924d3a2c1eb77eb45221e81a2816710462a0602a8769dce92?s=96&d=mm&r=g\",\"contentUrl\":\"https:\\\/\\\/secure.gravatar.com\\\/avatar\\\/b8e1924da597a80924d3a2c1eb77eb45221e81a2816710462a0602a8769dce92?s=96&d=mm&r=g\",\"caption\":\"piotrlopatkiewicz\"},\"url\":\"https:\\\/\\\/pans.krosno.pl\\\/tir\\\/author\\\/piotrlopatkiewicz\\\/\"}]}<\/script>\n<!-- \/ Yoast SEO Premium plugin. -->","yoast_head_json":{"title":"Kierownik Zak\u0142adu Turystyki i Rekreacji \u2013 dr hab. Piotr \u0141opatkiewicz, prof. PANS \u2013 zosta\u0142 powo\u0142any do Komitetu Redakcyjnego Rocznika \u201eWierchy\u201d \u2013 renomowanego czasopisma po\u015bwi\u0119conego tematyce g\u00f3rskiej - Turystyka i Rekreacja PANS w Kro\u015bnie","robots":{"index":"index","follow":"follow","max-snippet":"max-snippet:-1","max-image-preview":"max-image-preview:large","max-video-preview":"max-video-preview:-1"},"canonical":"https:\/\/pans.krosno.pl\/tir\/kierownik-zakladu-turystyki-i-rekreacji-dr-hab-piotr-lopatkiewicz-prof-pans-zostal-powolany-do-komitetu-redakcyjnego-rocznika-wierchy-renomowanego-cz\/","og_locale":"pl_PL","og_type":"article","og_title":"Kierownik Zak\u0142adu Turystyki i Rekreacji \u2013 dr hab. Piotr \u0141opatkiewicz, prof. PANS \u2013 zosta\u0142 powo\u0142any do Komitetu Redakcyjnego Rocznika \u201eWierchy\u201d \u2013 renomowanego czasopisma po\u015bwi\u0119conego tematyce g\u00f3rskiej","og_description":"Rocznik \u201eWierchy\u201d \u2013 specjalistyczne czasopismo naukowe po\u015bwi\u0119cone tematyce g\u00f3rskiej, wydawany nieprzerwanie ju\u017c od 100 lat, czyli 1923 roku! \u201eWierchy\u201d stanowi\u0105 kontynuacj\u0119 \u201ePami\u0119tnika Towarzystwa Tatrza\u0144skiego\u201d, najstarszego polskiego czasopisma po\u015bwi\u0119conego tematyce g\u00f3rskiej, redagowanego w Krakowie w latach 1876-1920. Wydawanie rocznika rozpocz\u0119to we\u00a0Lwowie\u00a0w latach 1923\u20131926 (tomy 1\u20134), od 1927 w\u00a0Krakowie. Wydawc\u0105 \u201eWierch\u00f3w\u201d by\u0142o [\u2026] Read More","og_url":"https:\/\/pans.krosno.pl\/tir\/kierownik-zakladu-turystyki-i-rekreacji-dr-hab-piotr-lopatkiewicz-prof-pans-zostal-powolany-do-komitetu-redakcyjnego-rocznika-wierchy-renomowanego-cz\/","og_site_name":"Turystyka i Rekreacja PANS w Kro\u015bnie","article_published_time":"2023-12-28T14:57:04+00:00","article_modified_time":"2023-12-28T15:03:28+00:00","og_image":[{"width":1637,"height":2335,"url":"https:\/\/pans.krosno.pl\/wp-content\/uploads\/sites\/34\/2023\/12\/DSC0468-rotated.jpg","type":"image\/jpeg"}],"author":"piotrlopatkiewicz","twitter_card":"summary_large_image","twitter_misc":{"Napisane przez":"piotrlopatkiewicz","Szacowany czas czytania":"3 minuty"},"schema":{"@context":"https:\/\/schema.org","@graph":[{"@type":"Article","@id":"https:\/\/pans.krosno.pl\/tir\/kierownik-zakladu-turystyki-i-rekreacji-dr-hab-piotr-lopatkiewicz-prof-pans-zostal-powolany-do-komitetu-redakcyjnego-rocznika-wierchy-renomowanego-cz\/#article","isPartOf":{"@id":"https:\/\/pans.krosno.pl\/tir\/kierownik-zakladu-turystyki-i-rekreacji-dr-hab-piotr-lopatkiewicz-prof-pans-zostal-powolany-do-komitetu-redakcyjnego-rocznika-wierchy-renomowanego-cz\/"},"author":{"name":"piotrlopatkiewicz","@id":"https:\/\/pans.krosno.pl\/tir\/#\/schema\/person\/73b25bcaa9d347f53d56c567065427ad"},"headline":"Kierownik Zak\u0142adu Turystyki i Rekreacji \u2013 dr hab. Piotr \u0141opatkiewicz, prof. PANS \u2013 zosta\u0142 powo\u0142any do Komitetu Redakcyjnego Rocznika \u201eWierchy\u201d \u2013 renomowanego czasopisma po\u015bwi\u0119conego tematyce g\u00f3rskiej","datePublished":"2023-12-28T14:57:04+00:00","dateModified":"2023-12-28T15:03:28+00:00","mainEntityOfPage":{"@id":"https:\/\/pans.krosno.pl\/tir\/kierownik-zakladu-turystyki-i-rekreacji-dr-hab-piotr-lopatkiewicz-prof-pans-zostal-powolany-do-komitetu-redakcyjnego-rocznika-wierchy-renomowanego-cz\/"},"wordCount":425,"commentCount":0,"publisher":{"@id":"https:\/\/pans.krosno.pl\/tir\/#organization"},"image":{"@id":"https:\/\/pans.krosno.pl\/tir\/kierownik-zakladu-turystyki-i-rekreacji-dr-hab-piotr-lopatkiewicz-prof-pans-zostal-powolany-do-komitetu-redakcyjnego-rocznika-wierchy-renomowanego-cz\/#primaryimage"},"thumbnailUrl":"https:\/\/pans.krosno.pl\/tir\/wp-content\/uploads\/sites\/34\/2023\/12\/DSC0468-rotated.jpg","inLanguage":"pl-PL","potentialAction":[{"@type":"CommentAction","name":"Comment","target":["https:\/\/pans.krosno.pl\/tir\/kierownik-zakladu-turystyki-i-rekreacji-dr-hab-piotr-lopatkiewicz-prof-pans-zostal-powolany-do-komitetu-redakcyjnego-rocznika-wierchy-renomowanego-cz\/#respond"]}]},{"@type":"WebPage","@id":"https:\/\/pans.krosno.pl\/tir\/kierownik-zakladu-turystyki-i-rekreacji-dr-hab-piotr-lopatkiewicz-prof-pans-zostal-powolany-do-komitetu-redakcyjnego-rocznika-wierchy-renomowanego-cz\/","url":"https:\/\/pans.krosno.pl\/tir\/kierownik-zakladu-turystyki-i-rekreacji-dr-hab-piotr-lopatkiewicz-prof-pans-zostal-powolany-do-komitetu-redakcyjnego-rocznika-wierchy-renomowanego-cz\/","name":"Kierownik Zak\u0142adu Turystyki i Rekreacji \u2013 dr hab. Piotr \u0141opatkiewicz, prof. PANS \u2013 zosta\u0142 powo\u0142any do Komitetu Redakcyjnego Rocznika \u201eWierchy\u201d \u2013 renomowanego czasopisma po\u015bwi\u0119conego tematyce g\u00f3rskiej - Turystyka i Rekreacja PANS w Kro\u015bnie","isPartOf":{"@id":"https:\/\/pans.krosno.pl\/tir\/#website"},"primaryImageOfPage":{"@id":"https:\/\/pans.krosno.pl\/tir\/kierownik-zakladu-turystyki-i-rekreacji-dr-hab-piotr-lopatkiewicz-prof-pans-zostal-powolany-do-komitetu-redakcyjnego-rocznika-wierchy-renomowanego-cz\/#primaryimage"},"image":{"@id":"https:\/\/pans.krosno.pl\/tir\/kierownik-zakladu-turystyki-i-rekreacji-dr-hab-piotr-lopatkiewicz-prof-pans-zostal-powolany-do-komitetu-redakcyjnego-rocznika-wierchy-renomowanego-cz\/#primaryimage"},"thumbnailUrl":"https:\/\/pans.krosno.pl\/tir\/wp-content\/uploads\/sites\/34\/2023\/12\/DSC0468-rotated.jpg","datePublished":"2023-12-28T14:57:04+00:00","dateModified":"2023-12-28T15:03:28+00:00","breadcrumb":{"@id":"https:\/\/pans.krosno.pl\/tir\/kierownik-zakladu-turystyki-i-rekreacji-dr-hab-piotr-lopatkiewicz-prof-pans-zostal-powolany-do-komitetu-redakcyjnego-rocznika-wierchy-renomowanego-cz\/#breadcrumb"},"inLanguage":"pl-PL","potentialAction":[{"@type":"ReadAction","target":["https:\/\/pans.krosno.pl\/tir\/kierownik-zakladu-turystyki-i-rekreacji-dr-hab-piotr-lopatkiewicz-prof-pans-zostal-powolany-do-komitetu-redakcyjnego-rocznika-wierchy-renomowanego-cz\/"]}]},{"@type":"ImageObject","inLanguage":"pl-PL","@id":"https:\/\/pans.krosno.pl\/tir\/kierownik-zakladu-turystyki-i-rekreacji-dr-hab-piotr-lopatkiewicz-prof-pans-zostal-powolany-do-komitetu-redakcyjnego-rocznika-wierchy-renomowanego-cz\/#primaryimage","url":"https:\/\/pans.krosno.pl\/tir\/wp-content\/uploads\/sites\/34\/2023\/12\/DSC0468-rotated.jpg","contentUrl":"https:\/\/pans.krosno.pl\/tir\/wp-content\/uploads\/sites\/34\/2023\/12\/DSC0468-rotated.jpg","width":1637,"height":2335,"caption":"????????????????????????????????????"},{"@type":"BreadcrumbList","@id":"https:\/\/pans.krosno.pl\/tir\/kierownik-zakladu-turystyki-i-rekreacji-dr-hab-piotr-lopatkiewicz-prof-pans-zostal-powolany-do-komitetu-redakcyjnego-rocznika-wierchy-renomowanego-cz\/#breadcrumb","itemListElement":[{"@type":"ListItem","position":1,"name":"Strona g\u0142\u00f3wna","item":"https:\/\/pans.krosno.pl\/tir\/"},{"@type":"ListItem","position":2,"name":"Kierownik Zak\u0142adu Turystyki i Rekreacji \u2013 dr hab. Piotr \u0141opatkiewicz, prof. PANS \u2013 zosta\u0142 powo\u0142any do Komitetu Redakcyjnego Rocznika \u201eWierchy\u201d \u2013 renomowanego czasopisma po\u015bwi\u0119conego tematyce g\u00f3rskiej"}]},{"@type":"WebSite","@id":"https:\/\/pans.krosno.pl\/tir\/#website","url":"https:\/\/pans.krosno.pl\/tir\/","name":"Turystyka i Rekreacja PANS w Kro\u015bnie","description":"Turystyka i Rekreacja - Pa\u0144stwowa Akademia Nauk Stosowanych","publisher":{"@id":"https:\/\/pans.krosno.pl\/tir\/#organization"},"potentialAction":[{"@type":"SearchAction","target":{"@type":"EntryPoint","urlTemplate":"https:\/\/pans.krosno.pl\/tir\/?s={search_term_string}"},"query-input":{"@type":"PropertyValueSpecification","valueRequired":true,"valueName":"search_term_string"}}],"inLanguage":"pl-PL"},{"@type":"Organization","@id":"https:\/\/pans.krosno.pl\/tir\/#organization","name":"Turystyka i Rekreacja PANS w Kro\u015bnie","url":"https:\/\/pans.krosno.pl\/tir\/","logo":{"@type":"ImageObject","inLanguage":"pl-PL","@id":"https:\/\/pans.krosno.pl\/tir\/#\/schema\/logo\/image\/","url":"https:\/\/pans.krosno.pl\/tir\/wp-content\/uploads\/sites\/34\/2023\/01\/Logo-PANS-2022-pelne.png","contentUrl":"https:\/\/pans.krosno.pl\/tir\/wp-content\/uploads\/sites\/34\/2023\/01\/Logo-PANS-2022-pelne.png","width":3096,"height":696,"caption":"Turystyka i Rekreacja PANS w Kro\u015bnie"},"image":{"@id":"https:\/\/pans.krosno.pl\/tir\/#\/schema\/logo\/image\/"}},{"@type":"Person","@id":"https:\/\/pans.krosno.pl\/tir\/#\/schema\/person\/73b25bcaa9d347f53d56c567065427ad","name":"piotrlopatkiewicz","image":{"@type":"ImageObject","inLanguage":"pl-PL","@id":"https:\/\/secure.gravatar.com\/avatar\/b8e1924da597a80924d3a2c1eb77eb45221e81a2816710462a0602a8769dce92?s=96&d=mm&r=g","url":"https:\/\/secure.gravatar.com\/avatar\/b8e1924da597a80924d3a2c1eb77eb45221e81a2816710462a0602a8769dce92?s=96&d=mm&r=g","contentUrl":"https:\/\/secure.gravatar.com\/avatar\/b8e1924da597a80924d3a2c1eb77eb45221e81a2816710462a0602a8769dce92?s=96&d=mm&r=g","caption":"piotrlopatkiewicz"},"url":"https:\/\/pans.krosno.pl\/tir\/author\/piotrlopatkiewicz\/"}]}},"_links":{"self":[{"href":"https:\/\/pans.krosno.pl\/tir\/wp-json\/wp\/v2\/posts\/3119","targetHints":{"allow":["GET"]}}],"collection":[{"href":"https:\/\/pans.krosno.pl\/tir\/wp-json\/wp\/v2\/posts"}],"about":[{"href":"https:\/\/pans.krosno.pl\/tir\/wp-json\/wp\/v2\/types\/post"}],"author":[{"embeddable":true,"href":"https:\/\/pans.krosno.pl\/tir\/wp-json\/wp\/v2\/users\/16"}],"replies":[{"embeddable":true,"href":"https:\/\/pans.krosno.pl\/tir\/wp-json\/wp\/v2\/comments?post=3119"}],"version-history":[{"count":2,"href":"https:\/\/pans.krosno.pl\/tir\/wp-json\/wp\/v2\/posts\/3119\/revisions"}],"predecessor-version":[{"id":3124,"href":"https:\/\/pans.krosno.pl\/tir\/wp-json\/wp\/v2\/posts\/3119\/revisions\/3124"}],"wp:featuredmedia":[{"embeddable":true,"href":"https:\/\/pans.krosno.pl\/tir\/wp-json\/wp\/v2\/media\/3121"}],"wp:attachment":[{"href":"https:\/\/pans.krosno.pl\/tir\/wp-json\/wp\/v2\/media?parent=3119"}],"wp:term":[{"taxonomy":"category","embeddable":true,"href":"https:\/\/pans.krosno.pl\/tir\/wp-json\/wp\/v2\/categories?post=3119"},{"taxonomy":"post_tag","embeddable":true,"href":"https:\/\/pans.krosno.pl\/tir\/wp-json\/wp\/v2\/tags?post=3119"}],"curies":[{"name":"wp","href":"https:\/\/api.w.org\/{rel}","templated":true}]}}