{"id":1205,"date":"2021-10-18T12:51:27","date_gmt":"2021-10-18T10:51:27","guid":{"rendered":"https:\/\/pans.krosno.pl\/tir\/?p=1205"},"modified":"2021-10-18T12:51:29","modified_gmt":"2021-10-18T10:51:29","slug":"wyjazd-studentow-iii-roku-w-masyw-rzepedki-w-beskidzie-niskim","status":"publish","type":"post","link":"https:\/\/pans.krosno.pl\/tir\/wyjazd-studentow-iii-roku-w-masyw-rzepedki-w-beskidzie-niskim\/","title":{"rendered":"Wyjazd student\u00f3w III roku w masyw Rzepedki w Beskidzie Niskim"},"content":{"rendered":"\n<p>11. pa\u017adziernika 2021 roku grupa student\u00f3w III roku Turystyki i rekreacji, pod opiek\u0105 dra Rafa\u0142a Kapicy, wybra\u0142a si\u0119 na kilkugodzinn\u0105, towarzysk\u0105 wycieczk\u0119 w Beskidzie Niskim. Celem pieszej eksploracji by\u0142 masyw Rzepedki (708 m n.p.m.) wraz poblisk\u0105 wierzchowin\u0105 Po\u0142o\u0144skiego Wierchu (688 m n.p.m.).<\/p>\n\n\n\n<p>W\u0119dr\u00f3wka rozpocz\u0119\u0142a si\u0119 sprzed drewnianej cerkwi \u015bw. Miko\u0142aja Cudotw\u00f3rcy<br>w Rzepedzi z 1824 roku. Pod\u0105\u017cali\u015bmy utwardzon\u0105 drog\u0105 w kierunku p\u00f3\u0142nocnozachodnim, mijaj\u0105c nieliczne zabudowania wsi, a nast\u0119pnie skr\u0119ciwszy w prawo w polna drog\u0119, rozpocz\u0119li\u015bmy podej\u015bcie pod jedn\u0105 z kulminacji Rzepedki. Stamt\u0105d udali\u015bmy si\u0119 w kierunku Po\u0142o\u0144skiego Wierchu, gdzie podziwiali\u015bmy rozleg\u0142\u0105 panoram\u0119 na Tokarni\u0119 (778 m n.p.m.), po\u0142o\u017cony ni\u017cej teren dawnej wsi Przybysz\u00f3w oraz w dalszej perspektywie miejscowo\u015b\u0107 Bukowsko. Zobaczyli\u015bmy tak\u017ce po\u0142o\u017con\u0105 nieopodal szczytu g\u00f3rn\u0105 stacj\u0119 nieczynnego i niszczej\u0105cego wyci\u0105gu narciarskiego w Karlikowie,<br>a nast\u0119pnie udali\u015bmy si\u0119 w drog\u0119 powrotn\u0105 na g\u0142\u00f3wn\u0105 kulminacj\u0119 Rzepedki. Mimo, \u017ce jej wysoko\u015b\u0107 nie jest imponuj\u0105ca, z jej grzbietu rozci\u0105gaj\u0105 si\u0119 dalekie widoki, w tym na bieszczadzkie pasma. W tym pi\u0119knym miejscu postanowili\u015bmy zrobi\u0107 kr\u00f3tki odpoczynek na delektowanie si\u0119 krajobrazami. Po przerwie przeszli\u015bmy jeszcze 1,5 km szczytem Rzepedki, a nast\u0119pnie bezdro\u017cem przez \u0142\u0105ki powr\u00f3cili\u015bmy do punktu startu przy cerkwi ko\u0144cz\u0105c wycieczk\u0119.<\/p>\n\n\n\n<p>Ten kr\u00f3tki, cho\u0107 intensywny wyjazd by\u0142 okazj\u0105 do lepszego poznania tej rzadko odwiedzanej przez turyst\u00f3w cz\u0119\u015bci Beskidu Niskiego.<\/p>\n\n\n\n<p>Relacja i fotorelacja: Rafa\u0142 Kapica<\/p>\n\n\n\n<figure class=\"wp-block-image size-full\"><img loading=\"lazy\" decoding=\"async\" width=\"1024\" height=\"683\" src=\"https:\/\/pans.krosno.pl\/tir\/wp-content\/uploads\/sites\/34\/2021\/10\/IMG_3739.jpg\" alt=\"\" class=\"wp-image-1207\" srcset=\"https:\/\/pans.krosno.pl\/tir\/wp-content\/uploads\/sites\/34\/2021\/10\/IMG_3739.jpg 1024w, https:\/\/pans.krosno.pl\/tir\/wp-content\/uploads\/sites\/34\/2021\/10\/IMG_3739-300x200.jpg 300w, https:\/\/pans.krosno.pl\/tir\/wp-content\/uploads\/sites\/34\/2021\/10\/IMG_3739-768x512.jpg 768w, https:\/\/pans.krosno.pl\/tir\/wp-content\/uploads\/sites\/34\/2021\/10\/IMG_3739-800x534.jpg 800w, https:\/\/pans.krosno.pl\/tir\/wp-content\/uploads\/sites\/34\/2021\/10\/IMG_3739-580x387.jpg 580w\" sizes=\"auto, (max-width: 1024px) 100vw, 1024px\" \/><\/figure>\n\n\n\n<figure class=\"wp-block-image size-full\"><img loading=\"lazy\" decoding=\"async\" width=\"1024\" height=\"683\" src=\"https:\/\/pans.krosno.pl\/tir\/wp-content\/uploads\/sites\/34\/2021\/10\/IMG_3740.jpg\" alt=\"\" class=\"wp-image-1208\" srcset=\"https:\/\/pans.krosno.pl\/tir\/wp-content\/uploads\/sites\/34\/2021\/10\/IMG_3740.jpg 1024w, https:\/\/pans.krosno.pl\/tir\/wp-content\/uploads\/sites\/34\/2021\/10\/IMG_3740-300x200.jpg 300w, https:\/\/pans.krosno.pl\/tir\/wp-content\/uploads\/sites\/34\/2021\/10\/IMG_3740-768x512.jpg 768w, https:\/\/pans.krosno.pl\/tir\/wp-content\/uploads\/sites\/34\/2021\/10\/IMG_3740-800x534.jpg 800w, https:\/\/pans.krosno.pl\/tir\/wp-content\/uploads\/sites\/34\/2021\/10\/IMG_3740-580x387.jpg 580w\" sizes=\"auto, (max-width: 1024px) 100vw, 1024px\" \/><\/figure>\n\n\n\n<figure class=\"wp-block-image size-full\"><img loading=\"lazy\" decoding=\"async\" width=\"1024\" height=\"683\" src=\"https:\/\/pans.krosno.pl\/tir\/wp-content\/uploads\/sites\/34\/2021\/10\/IMG_3746.jpg\" alt=\"\" class=\"wp-image-1209\" srcset=\"https:\/\/pans.krosno.pl\/tir\/wp-content\/uploads\/sites\/34\/2021\/10\/IMG_3746.jpg 1024w, https:\/\/pans.krosno.pl\/tir\/wp-content\/uploads\/sites\/34\/2021\/10\/IMG_3746-300x200.jpg 300w, https:\/\/pans.krosno.pl\/tir\/wp-content\/uploads\/sites\/34\/2021\/10\/IMG_3746-768x512.jpg 768w, https:\/\/pans.krosno.pl\/tir\/wp-content\/uploads\/sites\/34\/2021\/10\/IMG_3746-800x534.jpg 800w, https:\/\/pans.krosno.pl\/tir\/wp-content\/uploads\/sites\/34\/2021\/10\/IMG_3746-580x387.jpg 580w\" sizes=\"auto, (max-width: 1024px) 100vw, 1024px\" \/><\/figure>\n\n\n\n<figure class=\"wp-block-image size-full\"><img loading=\"lazy\" decoding=\"async\" width=\"1024\" height=\"683\" src=\"https:\/\/pans.krosno.pl\/tir\/wp-content\/uploads\/sites\/34\/2021\/10\/IMG_3753.jpg\" alt=\"\" class=\"wp-image-1210\" srcset=\"https:\/\/pans.krosno.pl\/tir\/wp-content\/uploads\/sites\/34\/2021\/10\/IMG_3753.jpg 1024w, https:\/\/pans.krosno.pl\/tir\/wp-content\/uploads\/sites\/34\/2021\/10\/IMG_3753-300x200.jpg 300w, https:\/\/pans.krosno.pl\/tir\/wp-content\/uploads\/sites\/34\/2021\/10\/IMG_3753-768x512.jpg 768w, https:\/\/pans.krosno.pl\/tir\/wp-content\/uploads\/sites\/34\/2021\/10\/IMG_3753-800x534.jpg 800w, https:\/\/pans.krosno.pl\/tir\/wp-content\/uploads\/sites\/34\/2021\/10\/IMG_3753-580x387.jpg 580w\" sizes=\"auto, (max-width: 1024px) 100vw, 1024px\" \/><\/figure>\n\n\n\n<figure class=\"wp-block-image size-full\"><img loading=\"lazy\" decoding=\"async\" width=\"1024\" height=\"683\" src=\"https:\/\/pans.krosno.pl\/tir\/wp-content\/uploads\/sites\/34\/2021\/10\/IMG_3755.jpg\" alt=\"\" class=\"wp-image-1211\" srcset=\"https:\/\/pans.krosno.pl\/tir\/wp-content\/uploads\/sites\/34\/2021\/10\/IMG_3755.jpg 1024w, https:\/\/pans.krosno.pl\/tir\/wp-content\/uploads\/sites\/34\/2021\/10\/IMG_3755-300x200.jpg 300w, https:\/\/pans.krosno.pl\/tir\/wp-content\/uploads\/sites\/34\/2021\/10\/IMG_3755-768x512.jpg 768w, https:\/\/pans.krosno.pl\/tir\/wp-content\/uploads\/sites\/34\/2021\/10\/IMG_3755-800x534.jpg 800w, https:\/\/pans.krosno.pl\/tir\/wp-content\/uploads\/sites\/34\/2021\/10\/IMG_3755-580x387.jpg 580w\" sizes=\"auto, (max-width: 1024px) 100vw, 1024px\" \/><\/figure>\n\n\n\n<figure class=\"wp-block-image size-full\"><img loading=\"lazy\" decoding=\"async\" width=\"1024\" height=\"683\" src=\"https:\/\/pans.krosno.pl\/tir\/wp-content\/uploads\/sites\/34\/2021\/10\/IMG_3756.jpg\" alt=\"\" class=\"wp-image-1212\" srcset=\"https:\/\/pans.krosno.pl\/tir\/wp-content\/uploads\/sites\/34\/2021\/10\/IMG_3756.jpg 1024w, https:\/\/pans.krosno.pl\/tir\/wp-content\/uploads\/sites\/34\/2021\/10\/IMG_3756-300x200.jpg 300w, https:\/\/pans.krosno.pl\/tir\/wp-content\/uploads\/sites\/34\/2021\/10\/IMG_3756-768x512.jpg 768w, https:\/\/pans.krosno.pl\/tir\/wp-content\/uploads\/sites\/34\/2021\/10\/IMG_3756-800x534.jpg 800w, https:\/\/pans.krosno.pl\/tir\/wp-content\/uploads\/sites\/34\/2021\/10\/IMG_3756-580x387.jpg 580w\" sizes=\"auto, (max-width: 1024px) 100vw, 1024px\" \/><\/figure>\n\n\n\n<figure class=\"wp-block-image size-full\"><img loading=\"lazy\" decoding=\"async\" width=\"1024\" height=\"683\" src=\"https:\/\/pans.krosno.pl\/tir\/wp-content\/uploads\/sites\/34\/2021\/10\/IMG_3759.jpg\" alt=\"\" class=\"wp-image-1213\" srcset=\"https:\/\/pans.krosno.pl\/tir\/wp-content\/uploads\/sites\/34\/2021\/10\/IMG_3759.jpg 1024w, https:\/\/pans.krosno.pl\/tir\/wp-content\/uploads\/sites\/34\/2021\/10\/IMG_3759-300x200.jpg 300w, https:\/\/pans.krosno.pl\/tir\/wp-content\/uploads\/sites\/34\/2021\/10\/IMG_3759-768x512.jpg 768w, https:\/\/pans.krosno.pl\/tir\/wp-content\/uploads\/sites\/34\/2021\/10\/IMG_3759-800x534.jpg 800w, https:\/\/pans.krosno.pl\/tir\/wp-content\/uploads\/sites\/34\/2021\/10\/IMG_3759-580x387.jpg 580w\" sizes=\"auto, (max-width: 1024px) 100vw, 1024px\" \/><\/figure>\n\n\n\n<figure class=\"wp-block-image size-full\"><img loading=\"lazy\" decoding=\"async\" width=\"1024\" height=\"683\" src=\"https:\/\/pans.krosno.pl\/tir\/wp-content\/uploads\/sites\/34\/2021\/10\/IMG_3760-1.jpg\" alt=\"\" class=\"wp-image-1214\" srcset=\"https:\/\/pans.krosno.pl\/tir\/wp-content\/uploads\/sites\/34\/2021\/10\/IMG_3760-1.jpg 1024w, https:\/\/pans.krosno.pl\/tir\/wp-content\/uploads\/sites\/34\/2021\/10\/IMG_3760-1-300x200.jpg 300w, https:\/\/pans.krosno.pl\/tir\/wp-content\/uploads\/sites\/34\/2021\/10\/IMG_3760-1-768x512.jpg 768w, https:\/\/pans.krosno.pl\/tir\/wp-content\/uploads\/sites\/34\/2021\/10\/IMG_3760-1-800x534.jpg 800w, https:\/\/pans.krosno.pl\/tir\/wp-content\/uploads\/sites\/34\/2021\/10\/IMG_3760-1-580x387.jpg 580w\" sizes=\"auto, (max-width: 1024px) 100vw, 1024px\" \/><\/figure>\n\n\n\n<figure class=\"wp-block-image size-full\"><img loading=\"lazy\" decoding=\"async\" width=\"1024\" height=\"683\" src=\"https:\/\/pans.krosno.pl\/tir\/wp-content\/uploads\/sites\/34\/2021\/10\/IMG_3762.jpg\" alt=\"\" class=\"wp-image-1215\" srcset=\"https:\/\/pans.krosno.pl\/tir\/wp-content\/uploads\/sites\/34\/2021\/10\/IMG_3762.jpg 1024w, https:\/\/pans.krosno.pl\/tir\/wp-content\/uploads\/sites\/34\/2021\/10\/IMG_3762-300x200.jpg 300w, https:\/\/pans.krosno.pl\/tir\/wp-content\/uploads\/sites\/34\/2021\/10\/IMG_3762-768x512.jpg 768w, https:\/\/pans.krosno.pl\/tir\/wp-content\/uploads\/sites\/34\/2021\/10\/IMG_3762-800x534.jpg 800w, https:\/\/pans.krosno.pl\/tir\/wp-content\/uploads\/sites\/34\/2021\/10\/IMG_3762-580x387.jpg 580w\" sizes=\"auto, (max-width: 1024px) 100vw, 1024px\" \/><\/figure>\n\n\n\n<figure class=\"wp-block-image size-full\"><img loading=\"lazy\" decoding=\"async\" width=\"1024\" height=\"683\" src=\"https:\/\/pans.krosno.pl\/tir\/wp-content\/uploads\/sites\/34\/2021\/10\/IMG_3769.jpg\" alt=\"\" class=\"wp-image-1216\" srcset=\"https:\/\/pans.krosno.pl\/tir\/wp-content\/uploads\/sites\/34\/2021\/10\/IMG_3769.jpg 1024w, https:\/\/pans.krosno.pl\/tir\/wp-content\/uploads\/sites\/34\/2021\/10\/IMG_3769-300x200.jpg 300w, https:\/\/pans.krosno.pl\/tir\/wp-content\/uploads\/sites\/34\/2021\/10\/IMG_3769-768x512.jpg 768w, https:\/\/pans.krosno.pl\/tir\/wp-content\/uploads\/sites\/34\/2021\/10\/IMG_3769-800x534.jpg 800w, https:\/\/pans.krosno.pl\/tir\/wp-content\/uploads\/sites\/34\/2021\/10\/IMG_3769-580x387.jpg 580w\" sizes=\"auto, (max-width: 1024px) 100vw, 1024px\" \/><\/figure>\n\n\n\n<figure class=\"wp-block-image size-full\"><img loading=\"lazy\" decoding=\"async\" width=\"1024\" height=\"683\" src=\"https:\/\/pans.krosno.pl\/tir\/wp-content\/uploads\/sites\/34\/2021\/10\/IMG_3770.jpg\" alt=\"\" class=\"wp-image-1217\" srcset=\"https:\/\/pans.krosno.pl\/tir\/wp-content\/uploads\/sites\/34\/2021\/10\/IMG_3770.jpg 1024w, https:\/\/pans.krosno.pl\/tir\/wp-content\/uploads\/sites\/34\/2021\/10\/IMG_3770-300x200.jpg 300w, https:\/\/pans.krosno.pl\/tir\/wp-content\/uploads\/sites\/34\/2021\/10\/IMG_3770-768x512.jpg 768w, https:\/\/pans.krosno.pl\/tir\/wp-content\/uploads\/sites\/34\/2021\/10\/IMG_3770-800x534.jpg 800w, https:\/\/pans.krosno.pl\/tir\/wp-content\/uploads\/sites\/34\/2021\/10\/IMG_3770-580x387.jpg 580w\" sizes=\"auto, (max-width: 1024px) 100vw, 1024px\" \/><\/figure>\n\n\n\n<figure class=\"wp-block-image size-full\"><img loading=\"lazy\" decoding=\"async\" width=\"1024\" height=\"683\" src=\"https:\/\/pans.krosno.pl\/tir\/wp-content\/uploads\/sites\/34\/2021\/10\/IMG_3771.jpg\" alt=\"\" class=\"wp-image-1218\" srcset=\"https:\/\/pans.krosno.pl\/tir\/wp-content\/uploads\/sites\/34\/2021\/10\/IMG_3771.jpg 1024w, https:\/\/pans.krosno.pl\/tir\/wp-content\/uploads\/sites\/34\/2021\/10\/IMG_3771-300x200.jpg 300w, https:\/\/pans.krosno.pl\/tir\/wp-content\/uploads\/sites\/34\/2021\/10\/IMG_3771-768x512.jpg 768w, https:\/\/pans.krosno.pl\/tir\/wp-content\/uploads\/sites\/34\/2021\/10\/IMG_3771-800x534.jpg 800w, https:\/\/pans.krosno.pl\/tir\/wp-content\/uploads\/sites\/34\/2021\/10\/IMG_3771-580x387.jpg 580w\" sizes=\"auto, (max-width: 1024px) 100vw, 1024px\" \/><\/figure>\n\n\n\n<figure class=\"wp-block-image size-full\"><img loading=\"lazy\" decoding=\"async\" width=\"1024\" height=\"683\" src=\"https:\/\/pans.krosno.pl\/tir\/wp-content\/uploads\/sites\/34\/2021\/10\/IMG_3772.jpg\" alt=\"\" class=\"wp-image-1219\" srcset=\"https:\/\/pans.krosno.pl\/tir\/wp-content\/uploads\/sites\/34\/2021\/10\/IMG_3772.jpg 1024w, https:\/\/pans.krosno.pl\/tir\/wp-content\/uploads\/sites\/34\/2021\/10\/IMG_3772-300x200.jpg 300w, https:\/\/pans.krosno.pl\/tir\/wp-content\/uploads\/sites\/34\/2021\/10\/IMG_3772-768x512.jpg 768w, https:\/\/pans.krosno.pl\/tir\/wp-content\/uploads\/sites\/34\/2021\/10\/IMG_3772-800x534.jpg 800w, https:\/\/pans.krosno.pl\/tir\/wp-content\/uploads\/sites\/34\/2021\/10\/IMG_3772-580x387.jpg 580w\" sizes=\"auto, (max-width: 1024px) 100vw, 1024px\" \/><\/figure>\n\n\n\n<figure class=\"wp-block-image size-full\"><img loading=\"lazy\" decoding=\"async\" width=\"683\" height=\"1024\" src=\"https:\/\/pans.krosno.pl\/tir\/wp-content\/uploads\/sites\/34\/2021\/10\/IMG_3775.jpg\" alt=\"\" class=\"wp-image-1220\" srcset=\"https:\/\/pans.krosno.pl\/tir\/wp-content\/uploads\/sites\/34\/2021\/10\/IMG_3775.jpg 683w, https:\/\/pans.krosno.pl\/tir\/wp-content\/uploads\/sites\/34\/2021\/10\/IMG_3775-200x300.jpg 200w, https:\/\/pans.krosno.pl\/tir\/wp-content\/uploads\/sites\/34\/2021\/10\/IMG_3775-580x870.jpg 580w\" sizes=\"auto, (max-width: 683px) 100vw, 683px\" \/><\/figure>\n\n\n\n<figure class=\"wp-block-image size-full\"><img loading=\"lazy\" decoding=\"async\" width=\"1024\" height=\"683\" src=\"https:\/\/pans.krosno.pl\/tir\/wp-content\/uploads\/sites\/34\/2021\/10\/IMG_3788.jpg\" alt=\"\" class=\"wp-image-1221\" srcset=\"https:\/\/pans.krosno.pl\/tir\/wp-content\/uploads\/sites\/34\/2021\/10\/IMG_3788.jpg 1024w, https:\/\/pans.krosno.pl\/tir\/wp-content\/uploads\/sites\/34\/2021\/10\/IMG_3788-300x200.jpg 300w, https:\/\/pans.krosno.pl\/tir\/wp-content\/uploads\/sites\/34\/2021\/10\/IMG_3788-768x512.jpg 768w, https:\/\/pans.krosno.pl\/tir\/wp-content\/uploads\/sites\/34\/2021\/10\/IMG_3788-800x534.jpg 800w, https:\/\/pans.krosno.pl\/tir\/wp-content\/uploads\/sites\/34\/2021\/10\/IMG_3788-580x387.jpg 580w\" sizes=\"auto, (max-width: 1024px) 100vw, 1024px\" \/><\/figure>\n\n\n\n<figure class=\"wp-block-image size-full\"><img loading=\"lazy\" decoding=\"async\" width=\"1024\" height=\"683\" src=\"https:\/\/pans.krosno.pl\/tir\/wp-content\/uploads\/sites\/34\/2021\/10\/IMG_3789.jpg\" alt=\"\" class=\"wp-image-1222\" srcset=\"https:\/\/pans.krosno.pl\/tir\/wp-content\/uploads\/sites\/34\/2021\/10\/IMG_3789.jpg 1024w, https:\/\/pans.krosno.pl\/tir\/wp-content\/uploads\/sites\/34\/2021\/10\/IMG_3789-300x200.jpg 300w, https:\/\/pans.krosno.pl\/tir\/wp-content\/uploads\/sites\/34\/2021\/10\/IMG_3789-768x512.jpg 768w, https:\/\/pans.krosno.pl\/tir\/wp-content\/uploads\/sites\/34\/2021\/10\/IMG_3789-800x534.jpg 800w, https:\/\/pans.krosno.pl\/tir\/wp-content\/uploads\/sites\/34\/2021\/10\/IMG_3789-580x387.jpg 580w\" sizes=\"auto, (max-width: 1024px) 100vw, 1024px\" \/><\/figure>\n\n\n\n<figure class=\"wp-block-image size-full\"><img loading=\"lazy\" decoding=\"async\" width=\"1024\" height=\"683\" src=\"https:\/\/pans.krosno.pl\/tir\/wp-content\/uploads\/sites\/34\/2021\/10\/IMG_3790.jpg\" alt=\"\" class=\"wp-image-1223\" srcset=\"https:\/\/pans.krosno.pl\/tir\/wp-content\/uploads\/sites\/34\/2021\/10\/IMG_3790.jpg 1024w, https:\/\/pans.krosno.pl\/tir\/wp-content\/uploads\/sites\/34\/2021\/10\/IMG_3790-300x200.jpg 300w, https:\/\/pans.krosno.pl\/tir\/wp-content\/uploads\/sites\/34\/2021\/10\/IMG_3790-768x512.jpg 768w, https:\/\/pans.krosno.pl\/tir\/wp-content\/uploads\/sites\/34\/2021\/10\/IMG_3790-800x534.jpg 800w, https:\/\/pans.krosno.pl\/tir\/wp-content\/uploads\/sites\/34\/2021\/10\/IMG_3790-580x387.jpg 580w\" sizes=\"auto, (max-width: 1024px) 100vw, 1024px\" \/><\/figure>\n\n\n\n<figure class=\"wp-block-image size-full\"><img loading=\"lazy\" decoding=\"async\" width=\"1024\" height=\"683\" src=\"https:\/\/pans.krosno.pl\/tir\/wp-content\/uploads\/sites\/34\/2021\/10\/IMG_3791.jpg\" alt=\"\" class=\"wp-image-1224\" srcset=\"https:\/\/pans.krosno.pl\/tir\/wp-content\/uploads\/sites\/34\/2021\/10\/IMG_3791.jpg 1024w, https:\/\/pans.krosno.pl\/tir\/wp-content\/uploads\/sites\/34\/2021\/10\/IMG_3791-300x200.jpg 300w, https:\/\/pans.krosno.pl\/tir\/wp-content\/uploads\/sites\/34\/2021\/10\/IMG_3791-768x512.jpg 768w, https:\/\/pans.krosno.pl\/tir\/wp-content\/uploads\/sites\/34\/2021\/10\/IMG_3791-800x534.jpg 800w, https:\/\/pans.krosno.pl\/tir\/wp-content\/uploads\/sites\/34\/2021\/10\/IMG_3791-580x387.jpg 580w\" sizes=\"auto, (max-width: 1024px) 100vw, 1024px\" \/><\/figure>\n\n\n\n<figure class=\"wp-block-image size-full\"><img loading=\"lazy\" decoding=\"async\" width=\"1024\" height=\"683\" src=\"https:\/\/pans.krosno.pl\/tir\/wp-content\/uploads\/sites\/34\/2021\/10\/IMG_3793.jpg\" alt=\"\" class=\"wp-image-1226\" srcset=\"https:\/\/pans.krosno.pl\/tir\/wp-content\/uploads\/sites\/34\/2021\/10\/IMG_3793.jpg 1024w, https:\/\/pans.krosno.pl\/tir\/wp-content\/uploads\/sites\/34\/2021\/10\/IMG_3793-300x200.jpg 300w, https:\/\/pans.krosno.pl\/tir\/wp-content\/uploads\/sites\/34\/2021\/10\/IMG_3793-768x512.jpg 768w, https:\/\/pans.krosno.pl\/tir\/wp-content\/uploads\/sites\/34\/2021\/10\/IMG_3793-800x534.jpg 800w, https:\/\/pans.krosno.pl\/tir\/wp-content\/uploads\/sites\/34\/2021\/10\/IMG_3793-580x387.jpg 580w\" sizes=\"auto, (max-width: 1024px) 100vw, 1024px\" \/><\/figure>\n\n\n\n<figure class=\"wp-block-image size-full\"><img loading=\"lazy\" decoding=\"async\" width=\"1024\" height=\"683\" src=\"https:\/\/pans.krosno.pl\/tir\/wp-content\/uploads\/sites\/34\/2021\/10\/IMG_3794.jpg\" alt=\"\" class=\"wp-image-1227\" srcset=\"https:\/\/pans.krosno.pl\/tir\/wp-content\/uploads\/sites\/34\/2021\/10\/IMG_3794.jpg 1024w, https:\/\/pans.krosno.pl\/tir\/wp-content\/uploads\/sites\/34\/2021\/10\/IMG_3794-300x200.jpg 300w, https:\/\/pans.krosno.pl\/tir\/wp-content\/uploads\/sites\/34\/2021\/10\/IMG_3794-768x512.jpg 768w, https:\/\/pans.krosno.pl\/tir\/wp-content\/uploads\/sites\/34\/2021\/10\/IMG_3794-800x534.jpg 800w, https:\/\/pans.krosno.pl\/tir\/wp-content\/uploads\/sites\/34\/2021\/10\/IMG_3794-580x387.jpg 580w\" sizes=\"auto, (max-width: 1024px) 100vw, 1024px\" \/><\/figure>\n\n\n\n<figure class=\"wp-block-image size-full\"><img loading=\"lazy\" decoding=\"async\" width=\"1024\" height=\"576\" src=\"https:\/\/pans.krosno.pl\/tir\/wp-content\/uploads\/sites\/34\/2021\/10\/Screenshot_2021-10-18-09-54-45-896_cz.seznam.windymaps.jpg\" alt=\"\" class=\"wp-image-1228\" srcset=\"https:\/\/pans.krosno.pl\/tir\/wp-content\/uploads\/sites\/34\/2021\/10\/Screenshot_2021-10-18-09-54-45-896_cz.seznam.windymaps.jpg 1024w, https:\/\/pans.krosno.pl\/tir\/wp-content\/uploads\/sites\/34\/2021\/10\/Screenshot_2021-10-18-09-54-45-896_cz.seznam.windymaps-300x169.jpg 300w, https:\/\/pans.krosno.pl\/tir\/wp-content\/uploads\/sites\/34\/2021\/10\/Screenshot_2021-10-18-09-54-45-896_cz.seznam.windymaps-768x432.jpg 768w, https:\/\/pans.krosno.pl\/tir\/wp-content\/uploads\/sites\/34\/2021\/10\/Screenshot_2021-10-18-09-54-45-896_cz.seznam.windymaps-800x450.jpg 800w, https:\/\/pans.krosno.pl\/tir\/wp-content\/uploads\/sites\/34\/2021\/10\/Screenshot_2021-10-18-09-54-45-896_cz.seznam.windymaps-270x152.jpg 270w, https:\/\/pans.krosno.pl\/tir\/wp-content\/uploads\/sites\/34\/2021\/10\/Screenshot_2021-10-18-09-54-45-896_cz.seznam.windymaps-580x326.jpg 580w\" sizes=\"auto, (max-width: 1024px) 100vw, 1024px\" \/><\/figure>\n","protected":false},"excerpt":{"rendered":"<p>11. pa\u017adziernika 2021 roku grupa student\u00f3w III roku Turystyki i rekreacji, pod opiek\u0105 dra Rafa\u0142a Kapicy, wybra\u0142a si\u0119 na kilkugodzinn\u0105, towarzysk\u0105 wycieczk\u0119 w Beskidzie Niskim. Celem pieszej eksploracji by\u0142 masyw Rzepedki (708 m n.p.m.) wraz poblisk\u0105 wierzchowin\u0105 Po\u0142o\u0144skiego Wierchu (688 m n.p.m.). W\u0119dr\u00f3wka rozpocz\u0119\u0142a si\u0119 sprzed drewnianej cerkwi \u015bw. Miko\u0142aja [\u2026] <\/p>\n<div class=\"clear\"><\/div>\n<p><a class=\"more_link clearfix\" href=\"https:\/\/pans.krosno.pl\/tir\/wyjazd-studentow-iii-roku-w-masyw-rzepedki-w-beskidzie-niskim\/\" rel=\"nofollow\">Read More<\/a><\/p>\n","protected":false},"author":16,"featured_media":1206,"comment_status":"open","ping_status":"open","sticky":false,"template":"","format":"standard","meta":{"ngg_post_thumbnail":0,"footnotes":""},"categories":[1],"tags":[],"class_list":["post-1205","post","type-post","status-publish","format-standard","has-post-thumbnail","hentry","category-bez-kategorii"],"yoast_head":"<!-- This site is optimized with the Yoast SEO Premium plugin v27.4 (Yoast SEO v27.4) - https:\/\/yoast.com\/product\/yoast-seo-premium-wordpress\/ -->\n<title>Wyjazd student\u00f3w III roku w masyw Rzepedki w Beskidzie Niskim - Turystyka i Rekreacja PANS w Kro\u015bnie<\/title>\n<meta name=\"robots\" content=\"index, follow, max-snippet:-1, max-image-preview:large, max-video-preview:-1\" \/>\n<link rel=\"canonical\" href=\"https:\/\/pans.krosno.pl\/tir\/wyjazd-studentow-iii-roku-w-masyw-rzepedki-w-beskidzie-niskim\/\" \/>\n<meta property=\"og:locale\" content=\"pl_PL\" \/>\n<meta property=\"og:type\" content=\"article\" \/>\n<meta property=\"og:title\" content=\"Wyjazd student\u00f3w III roku w masyw Rzepedki w Beskidzie Niskim\" \/>\n<meta property=\"og:description\" content=\"11. pa\u017adziernika 2021 roku grupa student\u00f3w III roku Turystyki i rekreacji, pod opiek\u0105 dra Rafa\u0142a Kapicy, wybra\u0142a si\u0119 na kilkugodzinn\u0105, towarzysk\u0105 wycieczk\u0119 w Beskidzie Niskim. Celem pieszej eksploracji by\u0142 masyw Rzepedki (708 m n.p.m.) wraz poblisk\u0105 wierzchowin\u0105 Po\u0142o\u0144skiego Wierchu (688 m n.p.m.). W\u0119dr\u00f3wka rozpocz\u0119\u0142a si\u0119 sprzed drewnianej cerkwi \u015bw. Miko\u0142aja [\u2026] Read More\" \/>\n<meta property=\"og:url\" content=\"https:\/\/pans.krosno.pl\/tir\/wyjazd-studentow-iii-roku-w-masyw-rzepedki-w-beskidzie-niskim\/\" \/>\n<meta property=\"og:site_name\" content=\"Turystyka i Rekreacja PANS w Kro\u015bnie\" \/>\n<meta property=\"article:published_time\" content=\"2021-10-18T10:51:27+00:00\" \/>\n<meta property=\"article:modified_time\" content=\"2021-10-18T10:51:29+00:00\" \/>\n<meta property=\"og:image\" content=\"https:\/\/pans.krosno.pl\/wp-content\/uploads\/sites\/34\/2021\/10\/IMG_3760.jpg\" \/>\n\t<meta property=\"og:image:width\" content=\"1024\" \/>\n\t<meta property=\"og:image:height\" content=\"683\" \/>\n\t<meta property=\"og:image:type\" content=\"image\/jpeg\" \/>\n<meta name=\"author\" content=\"piotrlopatkiewicz\" \/>\n<meta name=\"twitter:card\" content=\"summary_large_image\" \/>\n<meta name=\"twitter:label1\" content=\"Napisane przez\" \/>\n\t<meta name=\"twitter:data1\" content=\"piotrlopatkiewicz\" \/>\n\t<meta name=\"twitter:label2\" content=\"Szacowany czas czytania\" \/>\n\t<meta name=\"twitter:data2\" content=\"6 minut\" \/>\n<script type=\"application\/ld+json\" class=\"yoast-schema-graph\">{\"@context\":\"https:\\\/\\\/schema.org\",\"@graph\":[{\"@type\":\"Article\",\"@id\":\"https:\\\/\\\/pans.krosno.pl\\\/tir\\\/wyjazd-studentow-iii-roku-w-masyw-rzepedki-w-beskidzie-niskim\\\/#article\",\"isPartOf\":{\"@id\":\"https:\\\/\\\/pans.krosno.pl\\\/tir\\\/wyjazd-studentow-iii-roku-w-masyw-rzepedki-w-beskidzie-niskim\\\/\"},\"author\":{\"name\":\"piotrlopatkiewicz\",\"@id\":\"https:\\\/\\\/pans.krosno.pl\\\/tir\\\/#\\\/schema\\\/person\\\/73b25bcaa9d347f53d56c567065427ad\"},\"headline\":\"Wyjazd student\u00f3w III roku w masyw Rzepedki w Beskidzie Niskim\",\"datePublished\":\"2021-10-18T10:51:27+00:00\",\"dateModified\":\"2021-10-18T10:51:29+00:00\",\"mainEntityOfPage\":{\"@id\":\"https:\\\/\\\/pans.krosno.pl\\\/tir\\\/wyjazd-studentow-iii-roku-w-masyw-rzepedki-w-beskidzie-niskim\\\/\"},\"wordCount\":272,\"commentCount\":0,\"publisher\":{\"@id\":\"https:\\\/\\\/pans.krosno.pl\\\/tir\\\/#organization\"},\"image\":{\"@id\":\"https:\\\/\\\/pans.krosno.pl\\\/tir\\\/wyjazd-studentow-iii-roku-w-masyw-rzepedki-w-beskidzie-niskim\\\/#primaryimage\"},\"thumbnailUrl\":\"https:\\\/\\\/pans.krosno.pl\\\/tir\\\/wp-content\\\/uploads\\\/sites\\\/34\\\/2021\\\/10\\\/IMG_3760.jpg\",\"inLanguage\":\"pl-PL\",\"potentialAction\":[{\"@type\":\"CommentAction\",\"name\":\"Comment\",\"target\":[\"https:\\\/\\\/pans.krosno.pl\\\/tir\\\/wyjazd-studentow-iii-roku-w-masyw-rzepedki-w-beskidzie-niskim\\\/#respond\"]}]},{\"@type\":\"WebPage\",\"@id\":\"https:\\\/\\\/pans.krosno.pl\\\/tir\\\/wyjazd-studentow-iii-roku-w-masyw-rzepedki-w-beskidzie-niskim\\\/\",\"url\":\"https:\\\/\\\/pans.krosno.pl\\\/tir\\\/wyjazd-studentow-iii-roku-w-masyw-rzepedki-w-beskidzie-niskim\\\/\",\"name\":\"Wyjazd student\u00f3w III roku w masyw Rzepedki w Beskidzie Niskim - Turystyka i Rekreacja PANS w Kro\u015bnie\",\"isPartOf\":{\"@id\":\"https:\\\/\\\/pans.krosno.pl\\\/tir\\\/#website\"},\"primaryImageOfPage\":{\"@id\":\"https:\\\/\\\/pans.krosno.pl\\\/tir\\\/wyjazd-studentow-iii-roku-w-masyw-rzepedki-w-beskidzie-niskim\\\/#primaryimage\"},\"image\":{\"@id\":\"https:\\\/\\\/pans.krosno.pl\\\/tir\\\/wyjazd-studentow-iii-roku-w-masyw-rzepedki-w-beskidzie-niskim\\\/#primaryimage\"},\"thumbnailUrl\":\"https:\\\/\\\/pans.krosno.pl\\\/tir\\\/wp-content\\\/uploads\\\/sites\\\/34\\\/2021\\\/10\\\/IMG_3760.jpg\",\"datePublished\":\"2021-10-18T10:51:27+00:00\",\"dateModified\":\"2021-10-18T10:51:29+00:00\",\"breadcrumb\":{\"@id\":\"https:\\\/\\\/pans.krosno.pl\\\/tir\\\/wyjazd-studentow-iii-roku-w-masyw-rzepedki-w-beskidzie-niskim\\\/#breadcrumb\"},\"inLanguage\":\"pl-PL\",\"potentialAction\":[{\"@type\":\"ReadAction\",\"target\":[\"https:\\\/\\\/pans.krosno.pl\\\/tir\\\/wyjazd-studentow-iii-roku-w-masyw-rzepedki-w-beskidzie-niskim\\\/\"]}]},{\"@type\":\"ImageObject\",\"inLanguage\":\"pl-PL\",\"@id\":\"https:\\\/\\\/pans.krosno.pl\\\/tir\\\/wyjazd-studentow-iii-roku-w-masyw-rzepedki-w-beskidzie-niskim\\\/#primaryimage\",\"url\":\"https:\\\/\\\/pans.krosno.pl\\\/tir\\\/wp-content\\\/uploads\\\/sites\\\/34\\\/2021\\\/10\\\/IMG_3760.jpg\",\"contentUrl\":\"https:\\\/\\\/pans.krosno.pl\\\/tir\\\/wp-content\\\/uploads\\\/sites\\\/34\\\/2021\\\/10\\\/IMG_3760.jpg\",\"width\":1024,\"height\":683},{\"@type\":\"BreadcrumbList\",\"@id\":\"https:\\\/\\\/pans.krosno.pl\\\/tir\\\/wyjazd-studentow-iii-roku-w-masyw-rzepedki-w-beskidzie-niskim\\\/#breadcrumb\",\"itemListElement\":[{\"@type\":\"ListItem\",\"position\":1,\"name\":\"Strona g\u0142\u00f3wna\",\"item\":\"https:\\\/\\\/pans.krosno.pl\\\/tir\\\/\"},{\"@type\":\"ListItem\",\"position\":2,\"name\":\"Wyjazd student\u00f3w III roku w masyw Rzepedki w Beskidzie Niskim\"}]},{\"@type\":\"WebSite\",\"@id\":\"https:\\\/\\\/pans.krosno.pl\\\/tir\\\/#website\",\"url\":\"https:\\\/\\\/pans.krosno.pl\\\/tir\\\/\",\"name\":\"Turystyka i Rekreacja PANS w Kro\u015bnie\",\"description\":\"Turystyka i Rekreacja - Pa\u0144stwowa Akademia Nauk Stosowanych\",\"publisher\":{\"@id\":\"https:\\\/\\\/pans.krosno.pl\\\/tir\\\/#organization\"},\"potentialAction\":[{\"@type\":\"SearchAction\",\"target\":{\"@type\":\"EntryPoint\",\"urlTemplate\":\"https:\\\/\\\/pans.krosno.pl\\\/tir\\\/?s={search_term_string}\"},\"query-input\":{\"@type\":\"PropertyValueSpecification\",\"valueRequired\":true,\"valueName\":\"search_term_string\"}}],\"inLanguage\":\"pl-PL\"},{\"@type\":\"Organization\",\"@id\":\"https:\\\/\\\/pans.krosno.pl\\\/tir\\\/#organization\",\"name\":\"Turystyka i Rekreacja PANS w Kro\u015bnie\",\"url\":\"https:\\\/\\\/pans.krosno.pl\\\/tir\\\/\",\"logo\":{\"@type\":\"ImageObject\",\"inLanguage\":\"pl-PL\",\"@id\":\"https:\\\/\\\/pans.krosno.pl\\\/tir\\\/#\\\/schema\\\/logo\\\/image\\\/\",\"url\":\"https:\\\/\\\/pans.krosno.pl\\\/tir\\\/wp-content\\\/uploads\\\/sites\\\/34\\\/2023\\\/01\\\/Logo-PANS-2022-pelne.png\",\"contentUrl\":\"https:\\\/\\\/pans.krosno.pl\\\/tir\\\/wp-content\\\/uploads\\\/sites\\\/34\\\/2023\\\/01\\\/Logo-PANS-2022-pelne.png\",\"width\":3096,\"height\":696,\"caption\":\"Turystyka i Rekreacja PANS w Kro\u015bnie\"},\"image\":{\"@id\":\"https:\\\/\\\/pans.krosno.pl\\\/tir\\\/#\\\/schema\\\/logo\\\/image\\\/\"}},{\"@type\":\"Person\",\"@id\":\"https:\\\/\\\/pans.krosno.pl\\\/tir\\\/#\\\/schema\\\/person\\\/73b25bcaa9d347f53d56c567065427ad\",\"name\":\"piotrlopatkiewicz\",\"image\":{\"@type\":\"ImageObject\",\"inLanguage\":\"pl-PL\",\"@id\":\"https:\\\/\\\/secure.gravatar.com\\\/avatar\\\/b8e1924da597a80924d3a2c1eb77eb45221e81a2816710462a0602a8769dce92?s=96&d=mm&r=g\",\"url\":\"https:\\\/\\\/secure.gravatar.com\\\/avatar\\\/b8e1924da597a80924d3a2c1eb77eb45221e81a2816710462a0602a8769dce92?s=96&d=mm&r=g\",\"contentUrl\":\"https:\\\/\\\/secure.gravatar.com\\\/avatar\\\/b8e1924da597a80924d3a2c1eb77eb45221e81a2816710462a0602a8769dce92?s=96&d=mm&r=g\",\"caption\":\"piotrlopatkiewicz\"},\"url\":\"https:\\\/\\\/pans.krosno.pl\\\/tir\\\/author\\\/piotrlopatkiewicz\\\/\"}]}<\/script>\n<!-- \/ Yoast SEO Premium plugin. -->","yoast_head_json":{"title":"Wyjazd student\u00f3w III roku w masyw Rzepedki w Beskidzie Niskim - Turystyka i Rekreacja PANS w Kro\u015bnie","robots":{"index":"index","follow":"follow","max-snippet":"max-snippet:-1","max-image-preview":"max-image-preview:large","max-video-preview":"max-video-preview:-1"},"canonical":"https:\/\/pans.krosno.pl\/tir\/wyjazd-studentow-iii-roku-w-masyw-rzepedki-w-beskidzie-niskim\/","og_locale":"pl_PL","og_type":"article","og_title":"Wyjazd student\u00f3w III roku w masyw Rzepedki w Beskidzie Niskim","og_description":"11. pa\u017adziernika 2021 roku grupa student\u00f3w III roku Turystyki i rekreacji, pod opiek\u0105 dra Rafa\u0142a Kapicy, wybra\u0142a si\u0119 na kilkugodzinn\u0105, towarzysk\u0105 wycieczk\u0119 w Beskidzie Niskim. Celem pieszej eksploracji by\u0142 masyw Rzepedki (708 m n.p.m.) wraz poblisk\u0105 wierzchowin\u0105 Po\u0142o\u0144skiego Wierchu (688 m n.p.m.). W\u0119dr\u00f3wka rozpocz\u0119\u0142a si\u0119 sprzed drewnianej cerkwi \u015bw. Miko\u0142aja [\u2026] Read More","og_url":"https:\/\/pans.krosno.pl\/tir\/wyjazd-studentow-iii-roku-w-masyw-rzepedki-w-beskidzie-niskim\/","og_site_name":"Turystyka i Rekreacja PANS w Kro\u015bnie","article_published_time":"2021-10-18T10:51:27+00:00","article_modified_time":"2021-10-18T10:51:29+00:00","og_image":[{"width":1024,"height":683,"url":"https:\/\/pans.krosno.pl\/wp-content\/uploads\/sites\/34\/2021\/10\/IMG_3760.jpg","type":"image\/jpeg"}],"author":"piotrlopatkiewicz","twitter_card":"summary_large_image","twitter_misc":{"Napisane przez":"piotrlopatkiewicz","Szacowany czas czytania":"6 minut"},"schema":{"@context":"https:\/\/schema.org","@graph":[{"@type":"Article","@id":"https:\/\/pans.krosno.pl\/tir\/wyjazd-studentow-iii-roku-w-masyw-rzepedki-w-beskidzie-niskim\/#article","isPartOf":{"@id":"https:\/\/pans.krosno.pl\/tir\/wyjazd-studentow-iii-roku-w-masyw-rzepedki-w-beskidzie-niskim\/"},"author":{"name":"piotrlopatkiewicz","@id":"https:\/\/pans.krosno.pl\/tir\/#\/schema\/person\/73b25bcaa9d347f53d56c567065427ad"},"headline":"Wyjazd student\u00f3w III roku w masyw Rzepedki w Beskidzie Niskim","datePublished":"2021-10-18T10:51:27+00:00","dateModified":"2021-10-18T10:51:29+00:00","mainEntityOfPage":{"@id":"https:\/\/pans.krosno.pl\/tir\/wyjazd-studentow-iii-roku-w-masyw-rzepedki-w-beskidzie-niskim\/"},"wordCount":272,"commentCount":0,"publisher":{"@id":"https:\/\/pans.krosno.pl\/tir\/#organization"},"image":{"@id":"https:\/\/pans.krosno.pl\/tir\/wyjazd-studentow-iii-roku-w-masyw-rzepedki-w-beskidzie-niskim\/#primaryimage"},"thumbnailUrl":"https:\/\/pans.krosno.pl\/tir\/wp-content\/uploads\/sites\/34\/2021\/10\/IMG_3760.jpg","inLanguage":"pl-PL","potentialAction":[{"@type":"CommentAction","name":"Comment","target":["https:\/\/pans.krosno.pl\/tir\/wyjazd-studentow-iii-roku-w-masyw-rzepedki-w-beskidzie-niskim\/#respond"]}]},{"@type":"WebPage","@id":"https:\/\/pans.krosno.pl\/tir\/wyjazd-studentow-iii-roku-w-masyw-rzepedki-w-beskidzie-niskim\/","url":"https:\/\/pans.krosno.pl\/tir\/wyjazd-studentow-iii-roku-w-masyw-rzepedki-w-beskidzie-niskim\/","name":"Wyjazd student\u00f3w III roku w masyw Rzepedki w Beskidzie Niskim - Turystyka i Rekreacja PANS w Kro\u015bnie","isPartOf":{"@id":"https:\/\/pans.krosno.pl\/tir\/#website"},"primaryImageOfPage":{"@id":"https:\/\/pans.krosno.pl\/tir\/wyjazd-studentow-iii-roku-w-masyw-rzepedki-w-beskidzie-niskim\/#primaryimage"},"image":{"@id":"https:\/\/pans.krosno.pl\/tir\/wyjazd-studentow-iii-roku-w-masyw-rzepedki-w-beskidzie-niskim\/#primaryimage"},"thumbnailUrl":"https:\/\/pans.krosno.pl\/tir\/wp-content\/uploads\/sites\/34\/2021\/10\/IMG_3760.jpg","datePublished":"2021-10-18T10:51:27+00:00","dateModified":"2021-10-18T10:51:29+00:00","breadcrumb":{"@id":"https:\/\/pans.krosno.pl\/tir\/wyjazd-studentow-iii-roku-w-masyw-rzepedki-w-beskidzie-niskim\/#breadcrumb"},"inLanguage":"pl-PL","potentialAction":[{"@type":"ReadAction","target":["https:\/\/pans.krosno.pl\/tir\/wyjazd-studentow-iii-roku-w-masyw-rzepedki-w-beskidzie-niskim\/"]}]},{"@type":"ImageObject","inLanguage":"pl-PL","@id":"https:\/\/pans.krosno.pl\/tir\/wyjazd-studentow-iii-roku-w-masyw-rzepedki-w-beskidzie-niskim\/#primaryimage","url":"https:\/\/pans.krosno.pl\/tir\/wp-content\/uploads\/sites\/34\/2021\/10\/IMG_3760.jpg","contentUrl":"https:\/\/pans.krosno.pl\/tir\/wp-content\/uploads\/sites\/34\/2021\/10\/IMG_3760.jpg","width":1024,"height":683},{"@type":"BreadcrumbList","@id":"https:\/\/pans.krosno.pl\/tir\/wyjazd-studentow-iii-roku-w-masyw-rzepedki-w-beskidzie-niskim\/#breadcrumb","itemListElement":[{"@type":"ListItem","position":1,"name":"Strona g\u0142\u00f3wna","item":"https:\/\/pans.krosno.pl\/tir\/"},{"@type":"ListItem","position":2,"name":"Wyjazd student\u00f3w III roku w masyw Rzepedki w Beskidzie Niskim"}]},{"@type":"WebSite","@id":"https:\/\/pans.krosno.pl\/tir\/#website","url":"https:\/\/pans.krosno.pl\/tir\/","name":"Turystyka i Rekreacja PANS w Kro\u015bnie","description":"Turystyka i Rekreacja - Pa\u0144stwowa Akademia Nauk Stosowanych","publisher":{"@id":"https:\/\/pans.krosno.pl\/tir\/#organization"},"potentialAction":[{"@type":"SearchAction","target":{"@type":"EntryPoint","urlTemplate":"https:\/\/pans.krosno.pl\/tir\/?s={search_term_string}"},"query-input":{"@type":"PropertyValueSpecification","valueRequired":true,"valueName":"search_term_string"}}],"inLanguage":"pl-PL"},{"@type":"Organization","@id":"https:\/\/pans.krosno.pl\/tir\/#organization","name":"Turystyka i Rekreacja PANS w Kro\u015bnie","url":"https:\/\/pans.krosno.pl\/tir\/","logo":{"@type":"ImageObject","inLanguage":"pl-PL","@id":"https:\/\/pans.krosno.pl\/tir\/#\/schema\/logo\/image\/","url":"https:\/\/pans.krosno.pl\/tir\/wp-content\/uploads\/sites\/34\/2023\/01\/Logo-PANS-2022-pelne.png","contentUrl":"https:\/\/pans.krosno.pl\/tir\/wp-content\/uploads\/sites\/34\/2023\/01\/Logo-PANS-2022-pelne.png","width":3096,"height":696,"caption":"Turystyka i Rekreacja PANS w Kro\u015bnie"},"image":{"@id":"https:\/\/pans.krosno.pl\/tir\/#\/schema\/logo\/image\/"}},{"@type":"Person","@id":"https:\/\/pans.krosno.pl\/tir\/#\/schema\/person\/73b25bcaa9d347f53d56c567065427ad","name":"piotrlopatkiewicz","image":{"@type":"ImageObject","inLanguage":"pl-PL","@id":"https:\/\/secure.gravatar.com\/avatar\/b8e1924da597a80924d3a2c1eb77eb45221e81a2816710462a0602a8769dce92?s=96&d=mm&r=g","url":"https:\/\/secure.gravatar.com\/avatar\/b8e1924da597a80924d3a2c1eb77eb45221e81a2816710462a0602a8769dce92?s=96&d=mm&r=g","contentUrl":"https:\/\/secure.gravatar.com\/avatar\/b8e1924da597a80924d3a2c1eb77eb45221e81a2816710462a0602a8769dce92?s=96&d=mm&r=g","caption":"piotrlopatkiewicz"},"url":"https:\/\/pans.krosno.pl\/tir\/author\/piotrlopatkiewicz\/"}]}},"_links":{"self":[{"href":"https:\/\/pans.krosno.pl\/tir\/wp-json\/wp\/v2\/posts\/1205","targetHints":{"allow":["GET"]}}],"collection":[{"href":"https:\/\/pans.krosno.pl\/tir\/wp-json\/wp\/v2\/posts"}],"about":[{"href":"https:\/\/pans.krosno.pl\/tir\/wp-json\/wp\/v2\/types\/post"}],"author":[{"embeddable":true,"href":"https:\/\/pans.krosno.pl\/tir\/wp-json\/wp\/v2\/users\/16"}],"replies":[{"embeddable":true,"href":"https:\/\/pans.krosno.pl\/tir\/wp-json\/wp\/v2\/comments?post=1205"}],"version-history":[{"count":1,"href":"https:\/\/pans.krosno.pl\/tir\/wp-json\/wp\/v2\/posts\/1205\/revisions"}],"predecessor-version":[{"id":1229,"href":"https:\/\/pans.krosno.pl\/tir\/wp-json\/wp\/v2\/posts\/1205\/revisions\/1229"}],"wp:featuredmedia":[{"embeddable":true,"href":"https:\/\/pans.krosno.pl\/tir\/wp-json\/wp\/v2\/media\/1206"}],"wp:attachment":[{"href":"https:\/\/pans.krosno.pl\/tir\/wp-json\/wp\/v2\/media?parent=1205"}],"wp:term":[{"taxonomy":"category","embeddable":true,"href":"https:\/\/pans.krosno.pl\/tir\/wp-json\/wp\/v2\/categories?post=1205"},{"taxonomy":"post_tag","embeddable":true,"href":"https:\/\/pans.krosno.pl\/tir\/wp-json\/wp\/v2\/tags?post=1205"}],"curies":[{"name":"wp","href":"https:\/\/api.w.org\/{rel}","templated":true}]}}