{"id":96,"date":"2020-11-28T11:42:00","date_gmt":"2020-11-28T10:42:00","guid":{"rendered":"https:\/\/pans.krosno.pl\/rotor\/?p=96"},"modified":"2022-11-28T11:43:16","modified_gmt":"2022-11-28T10:43:16","slug":"v-konferencja-osiagniec-studenckich-kol-naukowych-uczelni-technicznych-stuknut19","status":"publish","type":"post","link":"https:\/\/pans.krosno.pl\/rotor\/2020\/11\/28\/v-konferencja-osiagniec-studenckich-kol-naukowych-uczelni-technicznych-stuknut19\/","title":{"rendered":"V Konferencja Osi\u0105gni\u0119\u0107 Studenckich K\u00f3\u0142 Naukowych Uczelni Technicznych \u2013\u00a0STUKNUT\u201919"},"content":{"rendered":"\n<p>Studenci z\u00a0SKN\u00a0\u201eRotor\u201d wzi\u0119li udzia\u0142 w\u00a0V Konferencji \u201eOsi\u0105gni\u0119cia Studenckich K\u00f3\u0142 Naukowych Uczelni Technicznych\u201c \u2014\u00a0STUKNUT\u201919. Organizatorem by\u0142 Wydzia\u0142 Oceanotechniki i\u00a0Okr\u0119townictwa Politechnika Gda\u0144ska a\u00a0odby\u0142a si\u0119 ona na pok\u0142adzie \u017caglowca\u00a0STS\u00a0Pogoriaw dniach 26.10 \u2014 02.11. Konferencja ta po\u015bwi\u0119cona jest prezentacjom i\u00a0dyskusji nad osi\u0105gni\u0119ciami student\u00f3w zrzeszonych w\u00a0ko\u0142ach naukowych uczelni technicznych.<br>Swoje prace zaprezentowali studenci Politechnika Gda\u0144ska, Akademia G\u00f3rniczo-Hutnicza w\u00a0Krakowie, Akademia Morska w\u00a0Gdyni i\u00a0Uniwersytet Warszawski.<br>Pierwszego dnia uczestnicy rejsu zaokr\u0119towali si\u0119 na \u017caglowcu w\u00a0porcie w\u00a0Genui. Na morze \u201ePogoria\u201d wyp\u0142yn\u0119\u0142a drugiego dnia, a\u00a0celem by\u0142 port w\u00a0miejscowo\u015bci Civitavecchia. W\u00a0tym samym dniu uczestnicy zostali przeszkoleni z\u00a0zasad\u00a0BHP\u00a0i\u00a0podstaw obs\u0142ugi wyposa\u017cenia sprz\u0119tu znajduj\u0105cego si\u0119 na statku. Z\u00a0Genui \u017caglowiec pop\u0142yn\u0105\u0142 do parku narodowego Cinque Terre, w\u00a0kt\u00f3rym znajduj\u0119 si\u0119 5\u00a0historycznych miasteczek. Tego samego dnia wieczorem, \u201ePogoria\u201d opu\u015bci\u0142a port i\u00a0wyruszy\u0142a w\u00a0dalszy rejs, po czym nast\u0105pi\u0142o oficjalne otwarcie konferencji.<br>Nast\u0119pnego dnia statek zakotwiczy\u0142 w\u00a0porcie Bonifacio na wyspie Korsyka. Uczestnicy rejsu mieli ca\u0142y dzie\u0144, aby zwiedzi\u0107 okoliczne krajobrazy i\u00a0skosztowa\u0107 lokalnych da\u0144. Statek z\u00a0portu wyp\u0142yn\u0105\u0142 dopiero nast\u0119pnego dnia, a\u00a0kierunkiem by\u0142 port docelowy \u2013 Civitavecchia. Statek p\u0142yn\u0105\u0142 a\u017c dwa dni, a\u00a0w tym czasie odby\u0142y si\u0119 ostatnie dwa dni konferencji.<br>Podczas drugiej sesji swoj\u0105 prezentacj\u0119 pt. \u201eAnaliza uk\u0142adu korbowego mimo\u015brodowego silnika spalinowego ma\u0142ej mocy\u201d przestawi\u0142 opiekun\u00a0SKN\u00a0\u201eRotor\u201d mgr in\u017c. Tomasz Koszty\u0142a. Ostatniego dnia konferencji, swoj\u0105 prezentacj\u0119 wyg\u0142osi drugi opiekun\u00a0SKN\u00a0\u201eRotor\u201d oraz dw\u00f3ch cz\u0142onk\u00f3w zespo\u0142u. Jako pierwszy, Micha\u0142 Hebzda, student I\u00a0roku Towaroznawstwa, zaprezentowa\u0142 referat pt. \u201eStop Ti6Al4V jako materia\u0142 konstrukcyjny korbowodu i\u00a0wa\u0142u korbowego czterosuwowego silnika spalinowego\u201d. Nast\u0119pny w\u00a0kolejce by\u0142 mgr in\u017c. Krzysiek Ocha\u0142ek, kt\u00f3rego tematem pracy by\u0142 referat pt. \u201eWp\u0142yw parametr\u00f3w procesu na wytrzyma\u0142o\u015b\u0107 z\u0142\u0105cza wykonanego metod\u0105 zgrzewania tarciowego z\u00a0przemieszaniem \u2013\u00a0FSW\u201d. Jako ostatni z\u00a0naszych student\u00f3w, sw\u00f3j referat wyg\u0142osi\u0142 Damian Dura\u0142, student\u00a0VI\u00a0roku Mechaniki i\u00a0budowy maszyn, kt\u00f3rego tytu\u0142 brzmi \u201eModernizacja konstrukcji ramy pojazdu startuj\u0105cego w\u00a0zawodach Shell Eco-marathon\u201d.<br>Po dop\u0142yni\u0119ciu do portu w\u00a0Civitavecchia, uczestnicy rejsu mieli czas na zwiedzenie okolicznej pla\u017cy i\u00a0historycznych budynk\u00f3w. Tego samego dnia wieczorem, autokar z\u00a0uczestnikami konferencji wyruszy\u0142 w\u00a0stron\u0119 Polski.<br>W\u00a0czasie gdy \u201ePogoria\u201d znajdowa\u0142a si\u0119 na otwartym morzu przeprowadzane by\u0142y kolejne sesje konferencyjne po\u015bwi\u0119cone kolejno m.in. konstrukcji okr\u0119t\u00f3w oraz innymi zagadnieniami technicznymi. Nie oby\u0142o si\u0119 r\u00f3wnie\u017c bez sesji plenarnych, kt\u00f3re wyg\u0142aszali m.in. prof. dr hab. in\u017c. Marek Dzida, prof. dr hab. in\u017c. Stanis\u0142aw Pietrzyk, prof. dr hab. in\u017c. Wies\u0142aw Wszo\u0142ek, dr hab. in\u017c. Lech Rowi\u0144ski, prof. dr hab. in\u017c. Janusz Kozak . Komitet Naukowy, kt\u00f3ry nadzorowa\u0142 merytoryczne przygotowanie referat\u00f3w na zako\u0144czenie konferencji wyr\u00f3\u017cni\u0142 kilku student\u00f3w i\u00a0k\u00f3\u0142 naukowych.<br>Nagrod\u0119, za najlepsz\u0105 prezentacj\u0119 otrzyma\u0142 mgr in\u017c. Tomasz Koszty\u0142a.\u00a0SKN\u00a0\u201eRotor\u201d otrzyma\u0142 wyr\u00f3\u017cnienie spo\u015br\u00f3d wszystkich k\u00f3\u0142 naukowych, kt\u00f3rych przedstawiciele brali udzia\u0142 w\u00a0konferencji. Wszystkie artyku\u0142y, kt\u00f3rych autorami byli reprezentanci Studenckiego Ko\u0142a Naukowego \u201eRotor\u201d z\u00a0naszej uczelni, otrzyma\u0142y pozytywne recenzje i\u00a0zostan\u0105 opublikowana w\u00a0czasopismach naukowych.<\/p>\n\n\n\n<figure class=\"wp-block-image size-large\"><img loading=\"lazy\" decoding=\"async\" width=\"1024\" height=\"684\" src=\"https:\/\/pans.krosno.pl\/rotor\/wp-content\/uploads\/sites\/61\/2022\/11\/image-9-1024x684.png\" alt=\"\" class=\"wp-image-97\" srcset=\"https:\/\/pans.krosno.pl\/rotor\/wp-content\/uploads\/sites\/61\/2022\/11\/image-9-1024x684.png 1024w, https:\/\/pans.krosno.pl\/rotor\/wp-content\/uploads\/sites\/61\/2022\/11\/image-9-300x201.png 300w, https:\/\/pans.krosno.pl\/rotor\/wp-content\/uploads\/sites\/61\/2022\/11\/image-9-768x513.png 768w, https:\/\/pans.krosno.pl\/rotor\/wp-content\/uploads\/sites\/61\/2022\/11\/image-9-1536x1027.png 1536w, https:\/\/pans.krosno.pl\/rotor\/wp-content\/uploads\/sites\/61\/2022\/11\/image-9-800x535.png 800w, https:\/\/pans.krosno.pl\/rotor\/wp-content\/uploads\/sites\/61\/2022\/11\/image-9-580x388.png 580w, https:\/\/pans.krosno.pl\/rotor\/wp-content\/uploads\/sites\/61\/2022\/11\/image-9.png 1870w\" sizes=\"auto, (max-width: 1024px) 100vw, 1024px\" \/><\/figure>\n","protected":false},"excerpt":{"rendered":"<p>Studenci z\u00a0SKN\u00a0\u201eRotor\u201d wzi\u0119li udzia\u0142 w\u00a0V Konferencji \u201eOsi\u0105gni\u0119cia Studenckich K\u00f3\u0142 Naukowych Uczelni Technicznych\u201c \u2014\u00a0STUKNUT\u201919. Organizatorem by\u0142 Wydzia\u0142 Oceanotechniki i\u00a0Okr\u0119townictwa Politechnika Gda\u0144ska a\u00a0odby\u0142a si\u0119 ona na pok\u0142adzie \u017caglowca\u00a0STS\u00a0Pogoriaw dniach 26.10 \u2014 02.11. Konferencja ta po\u015bwi\u0119cona jest prezentacjom i\u00a0dyskusji nad osi\u0105gni\u0119ciami student\u00f3w zrzeszonych w\u00a0ko\u0142ach naukowych uczelni technicznych.Swoje prace zaprezentowali studenci Politechnika Gda\u0144ska, Akademia [\u2026] <\/p>\n<div class=\"clear\"><\/div>\n<p><a class=\"more_link clearfix\" href=\"https:\/\/pans.krosno.pl\/rotor\/2020\/11\/28\/v-konferencja-osiagniec-studenckich-kol-naukowych-uczelni-technicznych-stuknut19\/\" rel=\"nofollow\">Read More<\/a><\/p>\n","protected":false},"author":27,"featured_media":87,"comment_status":"open","ping_status":"open","sticky":false,"template":"","format":"standard","meta":{"ngg_post_thumbnail":0,"footnotes":""},"categories":[1],"tags":[],"class_list":["post-96","post","type-post","status-publish","format-standard","has-post-thumbnail","hentry","category-bez-kategorii"],"yoast_head":"<!-- This site is optimized with the Yoast SEO Premium plugin v27.4 (Yoast SEO v27.4) - https:\/\/yoast.com\/product\/yoast-seo-premium-wordpress\/ -->\n<title>V Konferencja Osi\u0105gni\u0119\u0107 Studenckich K\u00f3\u0142 Naukowych Uczelni Technicznych \u2013\u00a0STUKNUT\u201919 - Rotor - Ko\u0142o naukowe PANS w Kro\u015bnie<\/title>\n<meta name=\"robots\" content=\"index, follow, max-snippet:-1, max-image-preview:large, max-video-preview:-1\" \/>\n<link rel=\"canonical\" href=\"https:\/\/pans.krosno.pl\/rotor\/2020\/11\/28\/v-konferencja-osiagniec-studenckich-kol-naukowych-uczelni-technicznych-stuknut19\/\" \/>\n<meta property=\"og:locale\" content=\"pl_PL\" \/>\n<meta property=\"og:type\" content=\"article\" \/>\n<meta property=\"og:title\" content=\"V Konferencja Osi\u0105gni\u0119\u0107 Studenckich K\u00f3\u0142 Naukowych Uczelni Technicznych \u2013\u00a0STUKNUT\u201919\" \/>\n<meta property=\"og:description\" content=\"Studenci z\u00a0SKN\u00a0\u201eRotor\u201d wzi\u0119li udzia\u0142 w\u00a0V Konferencji \u201eOsi\u0105gni\u0119cia Studenckich K\u00f3\u0142 Naukowych Uczelni Technicznych\u201c \u2014\u00a0STUKNUT\u201919. Organizatorem by\u0142 Wydzia\u0142 Oceanotechniki i\u00a0Okr\u0119townictwa Politechnika Gda\u0144ska a\u00a0odby\u0142a si\u0119 ona na pok\u0142adzie \u017caglowca\u00a0STS\u00a0Pogoriaw dniach 26.10 \u2014 02.11. Konferencja ta po\u015bwi\u0119cona jest prezentacjom i\u00a0dyskusji nad osi\u0105gni\u0119ciami student\u00f3w zrzeszonych w\u00a0ko\u0142ach naukowych uczelni technicznych.Swoje prace zaprezentowali studenci Politechnika Gda\u0144ska, Akademia [\u2026] Read More\" \/>\n<meta property=\"og:url\" content=\"https:\/\/pans.krosno.pl\/rotor\/2020\/11\/28\/v-konferencja-osiagniec-studenckich-kol-naukowych-uczelni-technicznych-stuknut19\/\" \/>\n<meta property=\"og:site_name\" content=\"Rotor - Ko\u0142o naukowe PANS w Kro\u015bnie\" \/>\n<meta property=\"article:publisher\" content=\"https:\/\/www.facebook.com\/StudiaKrosno\/\" \/>\n<meta property=\"article:published_time\" content=\"2020-11-28T10:42:00+00:00\" \/>\n<meta property=\"article:modified_time\" content=\"2022-11-28T10:43:16+00:00\" \/>\n<meta property=\"og:image\" content=\"https:\/\/pans.krosno.pl\/wp-content\/uploads\/sites\/61\/2022\/11\/image-3.png\" \/>\n\t<meta property=\"og:image:width\" content=\"1200\" \/>\n\t<meta property=\"og:image:height\" content=\"671\" \/>\n\t<meta property=\"og:image:type\" content=\"image\/png\" \/>\n<meta name=\"author\" content=\"maciejpolchlopek\" \/>\n<meta name=\"twitter:card\" content=\"summary_large_image\" \/>\n<meta name=\"twitter:label1\" content=\"Napisane przez\" \/>\n\t<meta name=\"twitter:data1\" content=\"maciejpolchlopek\" \/>\n\t<meta name=\"twitter:label2\" content=\"Szacowany czas czytania\" \/>\n\t<meta name=\"twitter:data2\" content=\"4 minuty\" \/>\n<script type=\"application\/ld+json\" class=\"yoast-schema-graph\">{\"@context\":\"https:\\\/\\\/schema.org\",\"@graph\":[{\"@type\":\"Article\",\"@id\":\"https:\\\/\\\/pans.krosno.pl\\\/rotor\\\/2020\\\/11\\\/28\\\/v-konferencja-osiagniec-studenckich-kol-naukowych-uczelni-technicznych-stuknut19\\\/#article\",\"isPartOf\":{\"@id\":\"https:\\\/\\\/pans.krosno.pl\\\/rotor\\\/2020\\\/11\\\/28\\\/v-konferencja-osiagniec-studenckich-kol-naukowych-uczelni-technicznych-stuknut19\\\/\"},\"author\":{\"name\":\"maciejpolchlopek\",\"@id\":\"https:\\\/\\\/pans.krosno.pl\\\/rotor\\\/#\\\/schema\\\/person\\\/c1c9d6d593d357f87d9a7d7e44daa34e\"},\"headline\":\"V Konferencja Osi\u0105gni\u0119\u0107 Studenckich K\u00f3\u0142 Naukowych Uczelni Technicznych \u2013\u00a0STUKNUT\u201919\",\"datePublished\":\"2020-11-28T10:42:00+00:00\",\"dateModified\":\"2022-11-28T10:43:16+00:00\",\"mainEntityOfPage\":{\"@id\":\"https:\\\/\\\/pans.krosno.pl\\\/rotor\\\/2020\\\/11\\\/28\\\/v-konferencja-osiagniec-studenckich-kol-naukowych-uczelni-technicznych-stuknut19\\\/\"},\"wordCount\":566,\"commentCount\":0,\"publisher\":{\"@id\":\"https:\\\/\\\/pans.krosno.pl\\\/rotor\\\/#organization\"},\"image\":{\"@id\":\"https:\\\/\\\/pans.krosno.pl\\\/rotor\\\/2020\\\/11\\\/28\\\/v-konferencja-osiagniec-studenckich-kol-naukowych-uczelni-technicznych-stuknut19\\\/#primaryimage\"},\"thumbnailUrl\":\"https:\\\/\\\/pans.krosno.pl\\\/rotor\\\/wp-content\\\/uploads\\\/sites\\\/61\\\/2022\\\/11\\\/image-3.png\",\"inLanguage\":\"pl-PL\",\"potentialAction\":[{\"@type\":\"CommentAction\",\"name\":\"Comment\",\"target\":[\"https:\\\/\\\/pans.krosno.pl\\\/rotor\\\/2020\\\/11\\\/28\\\/v-konferencja-osiagniec-studenckich-kol-naukowych-uczelni-technicznych-stuknut19\\\/#respond\"]}]},{\"@type\":\"WebPage\",\"@id\":\"https:\\\/\\\/pans.krosno.pl\\\/rotor\\\/2020\\\/11\\\/28\\\/v-konferencja-osiagniec-studenckich-kol-naukowych-uczelni-technicznych-stuknut19\\\/\",\"url\":\"https:\\\/\\\/pans.krosno.pl\\\/rotor\\\/2020\\\/11\\\/28\\\/v-konferencja-osiagniec-studenckich-kol-naukowych-uczelni-technicznych-stuknut19\\\/\",\"name\":\"V Konferencja Osi\u0105gni\u0119\u0107 Studenckich K\u00f3\u0142 Naukowych Uczelni Technicznych \u2013\u00a0STUKNUT\u201919 - Rotor - Ko\u0142o naukowe PANS w Kro\u015bnie\",\"isPartOf\":{\"@id\":\"https:\\\/\\\/pans.krosno.pl\\\/rotor\\\/#website\"},\"primaryImageOfPage\":{\"@id\":\"https:\\\/\\\/pans.krosno.pl\\\/rotor\\\/2020\\\/11\\\/28\\\/v-konferencja-osiagniec-studenckich-kol-naukowych-uczelni-technicznych-stuknut19\\\/#primaryimage\"},\"image\":{\"@id\":\"https:\\\/\\\/pans.krosno.pl\\\/rotor\\\/2020\\\/11\\\/28\\\/v-konferencja-osiagniec-studenckich-kol-naukowych-uczelni-technicznych-stuknut19\\\/#primaryimage\"},\"thumbnailUrl\":\"https:\\\/\\\/pans.krosno.pl\\\/rotor\\\/wp-content\\\/uploads\\\/sites\\\/61\\\/2022\\\/11\\\/image-3.png\",\"datePublished\":\"2020-11-28T10:42:00+00:00\",\"dateModified\":\"2022-11-28T10:43:16+00:00\",\"breadcrumb\":{\"@id\":\"https:\\\/\\\/pans.krosno.pl\\\/rotor\\\/2020\\\/11\\\/28\\\/v-konferencja-osiagniec-studenckich-kol-naukowych-uczelni-technicznych-stuknut19\\\/#breadcrumb\"},\"inLanguage\":\"pl-PL\",\"potentialAction\":[{\"@type\":\"ReadAction\",\"target\":[\"https:\\\/\\\/pans.krosno.pl\\\/rotor\\\/2020\\\/11\\\/28\\\/v-konferencja-osiagniec-studenckich-kol-naukowych-uczelni-technicznych-stuknut19\\\/\"]}]},{\"@type\":\"ImageObject\",\"inLanguage\":\"pl-PL\",\"@id\":\"https:\\\/\\\/pans.krosno.pl\\\/rotor\\\/2020\\\/11\\\/28\\\/v-konferencja-osiagniec-studenckich-kol-naukowych-uczelni-technicznych-stuknut19\\\/#primaryimage\",\"url\":\"https:\\\/\\\/pans.krosno.pl\\\/rotor\\\/wp-content\\\/uploads\\\/sites\\\/61\\\/2022\\\/11\\\/image-3.png\",\"contentUrl\":\"https:\\\/\\\/pans.krosno.pl\\\/rotor\\\/wp-content\\\/uploads\\\/sites\\\/61\\\/2022\\\/11\\\/image-3.png\",\"width\":1200,\"height\":671},{\"@type\":\"BreadcrumbList\",\"@id\":\"https:\\\/\\\/pans.krosno.pl\\\/rotor\\\/2020\\\/11\\\/28\\\/v-konferencja-osiagniec-studenckich-kol-naukowych-uczelni-technicznych-stuknut19\\\/#breadcrumb\",\"itemListElement\":[{\"@type\":\"ListItem\",\"position\":1,\"name\":\"Strona g\u0142\u00f3wna\",\"item\":\"https:\\\/\\\/pans.krosno.pl\\\/rotor\\\/\"},{\"@type\":\"ListItem\",\"position\":2,\"name\":\"Bez kategorii\",\"item\":\"https:\\\/\\\/pans.krosno.pl\\\/rotor\\\/category\\\/bez-kategorii\\\/\"},{\"@type\":\"ListItem\",\"position\":3,\"name\":\"V Konferencja Osi\u0105gni\u0119\u0107 Studenckich K\u00f3\u0142 Naukowych Uczelni Technicznych \u2013\u00a0STUKNUT\u201919\"}]},{\"@type\":\"WebSite\",\"@id\":\"https:\\\/\\\/pans.krosno.pl\\\/rotor\\\/#website\",\"url\":\"https:\\\/\\\/pans.krosno.pl\\\/rotor\\\/\",\"name\":\"KPU w Kro\u015bnie\",\"description\":\"\",\"publisher\":{\"@id\":\"https:\\\/\\\/pans.krosno.pl\\\/rotor\\\/#organization\"},\"potentialAction\":[{\"@type\":\"SearchAction\",\"target\":{\"@type\":\"EntryPoint\",\"urlTemplate\":\"https:\\\/\\\/pans.krosno.pl\\\/rotor\\\/?s={search_term_string}\"},\"query-input\":{\"@type\":\"PropertyValueSpecification\",\"valueRequired\":true,\"valueName\":\"search_term_string\"}}],\"inLanguage\":\"pl-PL\"},{\"@type\":\"Organization\",\"@id\":\"https:\\\/\\\/pans.krosno.pl\\\/rotor\\\/#organization\",\"name\":\"Karpacka Pa\u0144stwowa Uczelnia w Kro\u015bnie\",\"url\":\"https:\\\/\\\/pans.krosno.pl\\\/rotor\\\/\",\"logo\":{\"@type\":\"ImageObject\",\"inLanguage\":\"pl-PL\",\"@id\":\"https:\\\/\\\/pans.krosno.pl\\\/rotor\\\/#\\\/schema\\\/logo\\\/image\\\/\",\"url\":\"https:\\\/\\\/pans.krosno.pl\\\/wp-content\\\/uploads\\\/2020\\\/04\\\/unnamed-1.png\",\"contentUrl\":\"https:\\\/\\\/pans.krosno.pl\\\/wp-content\\\/uploads\\\/2020\\\/04\\\/unnamed-1.png\",\"width\":2238,\"height\":372,\"caption\":\"Karpacka Pa\u0144stwowa Uczelnia w Kro\u015bnie\"},\"image\":{\"@id\":\"https:\\\/\\\/pans.krosno.pl\\\/rotor\\\/#\\\/schema\\\/logo\\\/image\\\/\"},\"sameAs\":[\"https:\\\/\\\/www.facebook.com\\\/StudiaKrosno\\\/\",\"https:\\\/\\\/www.instagram.com\\\/studia.krosno\",\"https:\\\/\\\/pl.linkedin.com\\\/company\\\/pwsz-krosno\",\"https:\\\/\\\/www.youtube.com\\\/user\\\/pwszkrosno\\\/\",\"https:\\\/\\\/pl.wikipedia.org\\\/wiki\\\/Pa\u0144stwowa_Wy\u017csza_Szko\u0142a_Zawodowa_im._Stanis\u0142awa_Pigonia_w_Kro\u015bnie\"]},{\"@type\":\"Person\",\"@id\":\"https:\\\/\\\/pans.krosno.pl\\\/rotor\\\/#\\\/schema\\\/person\\\/c1c9d6d593d357f87d9a7d7e44daa34e\",\"name\":\"maciejpolchlopek\",\"image\":{\"@type\":\"ImageObject\",\"inLanguage\":\"pl-PL\",\"@id\":\"https:\\\/\\\/secure.gravatar.com\\\/avatar\\\/2fadd549eeed4871c9aa96e96d8519cac8006657ce091e11a5f0ba8a8f5dca66?s=96&d=mm&r=g\",\"url\":\"https:\\\/\\\/secure.gravatar.com\\\/avatar\\\/2fadd549eeed4871c9aa96e96d8519cac8006657ce091e11a5f0ba8a8f5dca66?s=96&d=mm&r=g\",\"contentUrl\":\"https:\\\/\\\/secure.gravatar.com\\\/avatar\\\/2fadd549eeed4871c9aa96e96d8519cac8006657ce091e11a5f0ba8a8f5dca66?s=96&d=mm&r=g\",\"caption\":\"maciejpolchlopek\"},\"url\":\"https:\\\/\\\/pans.krosno.pl\\\/rotor\\\/author\\\/maciejpolchlopek\\\/\"}]}<\/script>\n<!-- \/ Yoast SEO Premium plugin. -->","yoast_head_json":{"title":"V Konferencja Osi\u0105gni\u0119\u0107 Studenckich K\u00f3\u0142 Naukowych Uczelni Technicznych \u2013\u00a0STUKNUT\u201919 - Rotor - Ko\u0142o naukowe PANS w Kro\u015bnie","robots":{"index":"index","follow":"follow","max-snippet":"max-snippet:-1","max-image-preview":"max-image-preview:large","max-video-preview":"max-video-preview:-1"},"canonical":"https:\/\/pans.krosno.pl\/rotor\/2020\/11\/28\/v-konferencja-osiagniec-studenckich-kol-naukowych-uczelni-technicznych-stuknut19\/","og_locale":"pl_PL","og_type":"article","og_title":"V Konferencja Osi\u0105gni\u0119\u0107 Studenckich K\u00f3\u0142 Naukowych Uczelni Technicznych \u2013\u00a0STUKNUT\u201919","og_description":"Studenci z\u00a0SKN\u00a0\u201eRotor\u201d wzi\u0119li udzia\u0142 w\u00a0V Konferencji \u201eOsi\u0105gni\u0119cia Studenckich K\u00f3\u0142 Naukowych Uczelni Technicznych\u201c \u2014\u00a0STUKNUT\u201919. Organizatorem by\u0142 Wydzia\u0142 Oceanotechniki i\u00a0Okr\u0119townictwa Politechnika Gda\u0144ska a\u00a0odby\u0142a si\u0119 ona na pok\u0142adzie \u017caglowca\u00a0STS\u00a0Pogoriaw dniach 26.10 \u2014 02.11. Konferencja ta po\u015bwi\u0119cona jest prezentacjom i\u00a0dyskusji nad osi\u0105gni\u0119ciami student\u00f3w zrzeszonych w\u00a0ko\u0142ach naukowych uczelni technicznych.Swoje prace zaprezentowali studenci Politechnika Gda\u0144ska, Akademia [\u2026] Read More","og_url":"https:\/\/pans.krosno.pl\/rotor\/2020\/11\/28\/v-konferencja-osiagniec-studenckich-kol-naukowych-uczelni-technicznych-stuknut19\/","og_site_name":"Rotor - Ko\u0142o naukowe PANS w Kro\u015bnie","article_publisher":"https:\/\/www.facebook.com\/StudiaKrosno\/","article_published_time":"2020-11-28T10:42:00+00:00","article_modified_time":"2022-11-28T10:43:16+00:00","og_image":[{"width":1200,"height":671,"url":"https:\/\/pans.krosno.pl\/wp-content\/uploads\/sites\/61\/2022\/11\/image-3.png","type":"image\/png"}],"author":"maciejpolchlopek","twitter_card":"summary_large_image","twitter_misc":{"Napisane przez":"maciejpolchlopek","Szacowany czas czytania":"4 minuty"},"schema":{"@context":"https:\/\/schema.org","@graph":[{"@type":"Article","@id":"https:\/\/pans.krosno.pl\/rotor\/2020\/11\/28\/v-konferencja-osiagniec-studenckich-kol-naukowych-uczelni-technicznych-stuknut19\/#article","isPartOf":{"@id":"https:\/\/pans.krosno.pl\/rotor\/2020\/11\/28\/v-konferencja-osiagniec-studenckich-kol-naukowych-uczelni-technicznych-stuknut19\/"},"author":{"name":"maciejpolchlopek","@id":"https:\/\/pans.krosno.pl\/rotor\/#\/schema\/person\/c1c9d6d593d357f87d9a7d7e44daa34e"},"headline":"V Konferencja Osi\u0105gni\u0119\u0107 Studenckich K\u00f3\u0142 Naukowych Uczelni Technicznych \u2013\u00a0STUKNUT\u201919","datePublished":"2020-11-28T10:42:00+00:00","dateModified":"2022-11-28T10:43:16+00:00","mainEntityOfPage":{"@id":"https:\/\/pans.krosno.pl\/rotor\/2020\/11\/28\/v-konferencja-osiagniec-studenckich-kol-naukowych-uczelni-technicznych-stuknut19\/"},"wordCount":566,"commentCount":0,"publisher":{"@id":"https:\/\/pans.krosno.pl\/rotor\/#organization"},"image":{"@id":"https:\/\/pans.krosno.pl\/rotor\/2020\/11\/28\/v-konferencja-osiagniec-studenckich-kol-naukowych-uczelni-technicznych-stuknut19\/#primaryimage"},"thumbnailUrl":"https:\/\/pans.krosno.pl\/rotor\/wp-content\/uploads\/sites\/61\/2022\/11\/image-3.png","inLanguage":"pl-PL","potentialAction":[{"@type":"CommentAction","name":"Comment","target":["https:\/\/pans.krosno.pl\/rotor\/2020\/11\/28\/v-konferencja-osiagniec-studenckich-kol-naukowych-uczelni-technicznych-stuknut19\/#respond"]}]},{"@type":"WebPage","@id":"https:\/\/pans.krosno.pl\/rotor\/2020\/11\/28\/v-konferencja-osiagniec-studenckich-kol-naukowych-uczelni-technicznych-stuknut19\/","url":"https:\/\/pans.krosno.pl\/rotor\/2020\/11\/28\/v-konferencja-osiagniec-studenckich-kol-naukowych-uczelni-technicznych-stuknut19\/","name":"V Konferencja Osi\u0105gni\u0119\u0107 Studenckich K\u00f3\u0142 Naukowych Uczelni Technicznych \u2013\u00a0STUKNUT\u201919 - Rotor - Ko\u0142o naukowe PANS w Kro\u015bnie","isPartOf":{"@id":"https:\/\/pans.krosno.pl\/rotor\/#website"},"primaryImageOfPage":{"@id":"https:\/\/pans.krosno.pl\/rotor\/2020\/11\/28\/v-konferencja-osiagniec-studenckich-kol-naukowych-uczelni-technicznych-stuknut19\/#primaryimage"},"image":{"@id":"https:\/\/pans.krosno.pl\/rotor\/2020\/11\/28\/v-konferencja-osiagniec-studenckich-kol-naukowych-uczelni-technicznych-stuknut19\/#primaryimage"},"thumbnailUrl":"https:\/\/pans.krosno.pl\/rotor\/wp-content\/uploads\/sites\/61\/2022\/11\/image-3.png","datePublished":"2020-11-28T10:42:00+00:00","dateModified":"2022-11-28T10:43:16+00:00","breadcrumb":{"@id":"https:\/\/pans.krosno.pl\/rotor\/2020\/11\/28\/v-konferencja-osiagniec-studenckich-kol-naukowych-uczelni-technicznych-stuknut19\/#breadcrumb"},"inLanguage":"pl-PL","potentialAction":[{"@type":"ReadAction","target":["https:\/\/pans.krosno.pl\/rotor\/2020\/11\/28\/v-konferencja-osiagniec-studenckich-kol-naukowych-uczelni-technicznych-stuknut19\/"]}]},{"@type":"ImageObject","inLanguage":"pl-PL","@id":"https:\/\/pans.krosno.pl\/rotor\/2020\/11\/28\/v-konferencja-osiagniec-studenckich-kol-naukowych-uczelni-technicznych-stuknut19\/#primaryimage","url":"https:\/\/pans.krosno.pl\/rotor\/wp-content\/uploads\/sites\/61\/2022\/11\/image-3.png","contentUrl":"https:\/\/pans.krosno.pl\/rotor\/wp-content\/uploads\/sites\/61\/2022\/11\/image-3.png","width":1200,"height":671},{"@type":"BreadcrumbList","@id":"https:\/\/pans.krosno.pl\/rotor\/2020\/11\/28\/v-konferencja-osiagniec-studenckich-kol-naukowych-uczelni-technicznych-stuknut19\/#breadcrumb","itemListElement":[{"@type":"ListItem","position":1,"name":"Strona g\u0142\u00f3wna","item":"https:\/\/pans.krosno.pl\/rotor\/"},{"@type":"ListItem","position":2,"name":"Bez kategorii","item":"https:\/\/pans.krosno.pl\/rotor\/category\/bez-kategorii\/"},{"@type":"ListItem","position":3,"name":"V Konferencja Osi\u0105gni\u0119\u0107 Studenckich K\u00f3\u0142 Naukowych Uczelni Technicznych \u2013\u00a0STUKNUT\u201919"}]},{"@type":"WebSite","@id":"https:\/\/pans.krosno.pl\/rotor\/#website","url":"https:\/\/pans.krosno.pl\/rotor\/","name":"KPU w Kro\u015bnie","description":"","publisher":{"@id":"https:\/\/pans.krosno.pl\/rotor\/#organization"},"potentialAction":[{"@type":"SearchAction","target":{"@type":"EntryPoint","urlTemplate":"https:\/\/pans.krosno.pl\/rotor\/?s={search_term_string}"},"query-input":{"@type":"PropertyValueSpecification","valueRequired":true,"valueName":"search_term_string"}}],"inLanguage":"pl-PL"},{"@type":"Organization","@id":"https:\/\/pans.krosno.pl\/rotor\/#organization","name":"Karpacka Pa\u0144stwowa Uczelnia w Kro\u015bnie","url":"https:\/\/pans.krosno.pl\/rotor\/","logo":{"@type":"ImageObject","inLanguage":"pl-PL","@id":"https:\/\/pans.krosno.pl\/rotor\/#\/schema\/logo\/image\/","url":"https:\/\/pans.krosno.pl\/wp-content\/uploads\/2020\/04\/unnamed-1.png","contentUrl":"https:\/\/pans.krosno.pl\/wp-content\/uploads\/2020\/04\/unnamed-1.png","width":2238,"height":372,"caption":"Karpacka Pa\u0144stwowa Uczelnia w Kro\u015bnie"},"image":{"@id":"https:\/\/pans.krosno.pl\/rotor\/#\/schema\/logo\/image\/"},"sameAs":["https:\/\/www.facebook.com\/StudiaKrosno\/","https:\/\/www.instagram.com\/studia.krosno","https:\/\/pl.linkedin.com\/company\/pwsz-krosno","https:\/\/www.youtube.com\/user\/pwszkrosno\/","https:\/\/pl.wikipedia.org\/wiki\/Pa\u0144stwowa_Wy\u017csza_Szko\u0142a_Zawodowa_im._Stanis\u0142awa_Pigonia_w_Kro\u015bnie"]},{"@type":"Person","@id":"https:\/\/pans.krosno.pl\/rotor\/#\/schema\/person\/c1c9d6d593d357f87d9a7d7e44daa34e","name":"maciejpolchlopek","image":{"@type":"ImageObject","inLanguage":"pl-PL","@id":"https:\/\/secure.gravatar.com\/avatar\/2fadd549eeed4871c9aa96e96d8519cac8006657ce091e11a5f0ba8a8f5dca66?s=96&d=mm&r=g","url":"https:\/\/secure.gravatar.com\/avatar\/2fadd549eeed4871c9aa96e96d8519cac8006657ce091e11a5f0ba8a8f5dca66?s=96&d=mm&r=g","contentUrl":"https:\/\/secure.gravatar.com\/avatar\/2fadd549eeed4871c9aa96e96d8519cac8006657ce091e11a5f0ba8a8f5dca66?s=96&d=mm&r=g","caption":"maciejpolchlopek"},"url":"https:\/\/pans.krosno.pl\/rotor\/author\/maciejpolchlopek\/"}]}},"_links":{"self":[{"href":"https:\/\/pans.krosno.pl\/rotor\/wp-json\/wp\/v2\/posts\/96","targetHints":{"allow":["GET"]}}],"collection":[{"href":"https:\/\/pans.krosno.pl\/rotor\/wp-json\/wp\/v2\/posts"}],"about":[{"href":"https:\/\/pans.krosno.pl\/rotor\/wp-json\/wp\/v2\/types\/post"}],"author":[{"embeddable":true,"href":"https:\/\/pans.krosno.pl\/rotor\/wp-json\/wp\/v2\/users\/27"}],"replies":[{"embeddable":true,"href":"https:\/\/pans.krosno.pl\/rotor\/wp-json\/wp\/v2\/comments?post=96"}],"version-history":[{"count":1,"href":"https:\/\/pans.krosno.pl\/rotor\/wp-json\/wp\/v2\/posts\/96\/revisions"}],"predecessor-version":[{"id":98,"href":"https:\/\/pans.krosno.pl\/rotor\/wp-json\/wp\/v2\/posts\/96\/revisions\/98"}],"wp:featuredmedia":[{"embeddable":true,"href":"https:\/\/pans.krosno.pl\/rotor\/wp-json\/wp\/v2\/media\/87"}],"wp:attachment":[{"href":"https:\/\/pans.krosno.pl\/rotor\/wp-json\/wp\/v2\/media?parent=96"}],"wp:term":[{"taxonomy":"category","embeddable":true,"href":"https:\/\/pans.krosno.pl\/rotor\/wp-json\/wp\/v2\/categories?post=96"},{"taxonomy":"post_tag","embeddable":true,"href":"https:\/\/pans.krosno.pl\/rotor\/wp-json\/wp\/v2\/tags?post=96"}],"curies":[{"name":"wp","href":"https:\/\/api.w.org\/{rel}","templated":true}]}}