{"id":889,"date":"2025-04-15T10:00:00","date_gmt":"2025-04-15T08:00:00","guid":{"rendered":"https:\/\/pans.krosno.pl\/poloznictwo\/?p=889"},"modified":"2025-04-17T11:38:08","modified_gmt":"2025-04-17T09:38:08","slug":"swiatowy-dzien-zdrowia-2025-zdrowe-poczatki-pelna-nadziei-przyszlosc","status":"publish","type":"post","link":"https:\/\/pans.krosno.pl\/poloznictwo\/2025\/04\/15\/swiatowy-dzien-zdrowia-2025-zdrowe-poczatki-pelna-nadziei-przyszlosc\/","title":{"rendered":"\u015awiatowy Dzie\u0144 Zdrowia 2025 \u2013 \u201eZdrowe pocz\u0105tki, pe\u0142na nadziei przysz\u0142o\u015b\u0107\u201d"},"content":{"rendered":"\n<p>Co roku, 7 kwietnia, w rocznic\u0119 powstania \u015awiatowej Organizacji Zdrowia (WHO), obchodzony jest \u015awiatowy Dzie\u0144 Zdrowia. Tematem przewodnim w 2025 roku jest has\u0142o: <strong>\u201eZdrowe pocz\u0105tki, pe\u0142na nadziei przysz\u0142o\u015b\u0107\u201d<\/strong>, kt\u00f3re podkre\u015bla znaczenie zdrowego startu w \u017cycie jako fundamentu dla przysz\u0142ego dobrostanu jednostek i spo\u0142ecze\u0144stw.<\/p>\n\n\n\n<p>Z tej okazji w pi\u0105tek, 11 kwietnia, w Pa\u0144stwowej Akademii Nauk Stosowanych w Kro\u015bnie odby\u0142a si\u0119 konferencja naukowo-edukacyjna, zorganizowana przez Zak\u0142ady: Piel\u0119gniarstwa, Po\u0142o\u017cnictwa, Ratownictwa Medycznego, Wychowania Fizycznego oraz Produkcji i Bezpiecze\u0144stwa \u017bywno\u015bci. Wydarzenie obejmowa\u0142o cykl wyk\u0142ad\u00f3w oraz warsztat\u00f3w tematycznych, prowadzonych przez ekspert\u00f3w z r\u00f3\u017cnych dziedzin zwi\u0105zanych ze zdrowiem.<\/p>\n\n\n\n<figure class=\"wp-block-image size-large\"><img loading=\"lazy\" decoding=\"async\" width=\"1024\" height=\"683\" src=\"https:\/\/pans.krosno.pl\/poloznictwo\/wp-content\/uploads\/sites\/59\/2025\/04\/490194589_1222021436214310_1137760442233213412_n-1024x683.jpg\" alt=\"\" class=\"wp-image-893\" srcset=\"https:\/\/pans.krosno.pl\/poloznictwo\/wp-content\/uploads\/sites\/59\/2025\/04\/490194589_1222021436214310_1137760442233213412_n-1024x683.jpg 1024w, https:\/\/pans.krosno.pl\/poloznictwo\/wp-content\/uploads\/sites\/59\/2025\/04\/490194589_1222021436214310_1137760442233213412_n-300x200.jpg 300w, https:\/\/pans.krosno.pl\/poloznictwo\/wp-content\/uploads\/sites\/59\/2025\/04\/490194589_1222021436214310_1137760442233213412_n-768x512.jpg 768w, https:\/\/pans.krosno.pl\/poloznictwo\/wp-content\/uploads\/sites\/59\/2025\/04\/490194589_1222021436214310_1137760442233213412_n-800x533.jpg 800w, https:\/\/pans.krosno.pl\/poloznictwo\/wp-content\/uploads\/sites\/59\/2025\/04\/490194589_1222021436214310_1137760442233213412_n-580x387.jpg 580w, https:\/\/pans.krosno.pl\/poloznictwo\/wp-content\/uploads\/sites\/59\/2025\/04\/490194589_1222021436214310_1137760442233213412_n.jpg 1080w\" sizes=\"auto, (max-width: 1024px) 100vw, 1024px\" \/><\/figure>\n\n\n\n<p>Konferencj\u0119 otworzyli: <strong>dr hab. Zbigniew Barabasz, prof. PANS, Rektor Pa\u0144stwowej Akademii Nauk Stosowanych w Kro\u015bnie<\/strong>, oraz <strong>dr Renata Dziubaszewska, Dyrektor Instytutu Zdrowia<\/strong>, kt\u00f3rzy powitali uczestnik\u00f3w i wprowadzili ich w tematyk\u0119 spotkania.<\/p>\n\n\n\n<p>W cz\u0119\u015bci wyk\u0142adowej swoje wyst\u0105pienia zaprezentowali:<\/p>\n\n\n\n<ul class=\"wp-block-list\">\n<li><strong>dr n. biol. Beata Niew\u0119g\u0142owska-Guzik<\/strong> \u2013 <em>\u201eB\u0105d\u017a nowoczesn\u0105 kobiet\u0105 \u2013 zadbaj o swoje zdrowie\u201d<\/em>,<\/li>\n\n\n\n<li><strong>dr n. med. Krystyna Krygowska<\/strong> \u2013 <em>\u201ePrzygotowanie do rodzicielstwa \u2013 rola opieki przedkoncepcyjnej\u201d<\/em>,<\/li>\n\n\n\n<li><strong>dr Monika Musijowska<\/strong> oraz <strong>mgr Paulina Prajsner-Adamczyk<\/strong> \u2013 <em>\u201eAktywna kobieta, zdrowa mama, szcz\u0119\u015bliwe dziecko \u2013 czyli o aktywno\u015bci fizycznej kobiet\u201d<\/em>.<\/li>\n<\/ul>\n\n\n\n<p>W wydarzeniu wzi\u0119li udzia\u0142 studenci, pracownicy uczelni oraz uczniowie zaproszonych szk\u00f3\u0142. Dzi\u0119ki zaanga\u017cowaniu poszczeg\u00f3lnych zak\u0142ad\u00f3w uczestnicy mieli mo\u017cliwo\u015b\u0107 zdobycia aktualnej wiedzy i praktycznych umiej\u0119tno\u015bci w zakresie profilaktyki zdrowotnej oraz promocji zdrowego stylu \u017cycia.<\/p>\n\n\n\n<p>Warto spojrze\u0107 r\u00f3wnie\u017c : <\/p>\n\n\n\n<p><a href=\"https:\/\/www.facebook.com\/share\/v\/14xoHiWPGD\">https:\/\/www.facebook.com\/share\/v\/14xoHiWPGD<\/a><\/p>\n\n\n\n<figure class=\"wp-block-image size-large\"><img loading=\"lazy\" decoding=\"async\" width=\"1024\" height=\"759\" src=\"https:\/\/pans.krosno.pl\/poloznictwo\/wp-content\/uploads\/sites\/59\/2025\/04\/20250411_100731-1024x759.jpg\" alt=\"\" class=\"wp-image-903\" srcset=\"https:\/\/pans.krosno.pl\/poloznictwo\/wp-content\/uploads\/sites\/59\/2025\/04\/20250411_100731-1024x759.jpg 1024w, https:\/\/pans.krosno.pl\/poloznictwo\/wp-content\/uploads\/sites\/59\/2025\/04\/20250411_100731-300x222.jpg 300w, https:\/\/pans.krosno.pl\/poloznictwo\/wp-content\/uploads\/sites\/59\/2025\/04\/20250411_100731-768x569.jpg 768w, https:\/\/pans.krosno.pl\/poloznictwo\/wp-content\/uploads\/sites\/59\/2025\/04\/20250411_100731-1536x1138.jpg 1536w, https:\/\/pans.krosno.pl\/poloznictwo\/wp-content\/uploads\/sites\/59\/2025\/04\/20250411_100731-2048x1517.jpg 2048w, https:\/\/pans.krosno.pl\/poloznictwo\/wp-content\/uploads\/sites\/59\/2025\/04\/20250411_100731-2000x1482.jpg 2000w, https:\/\/pans.krosno.pl\/poloznictwo\/wp-content\/uploads\/sites\/59\/2025\/04\/20250411_100731-800x593.jpg 800w, https:\/\/pans.krosno.pl\/poloznictwo\/wp-content\/uploads\/sites\/59\/2025\/04\/20250411_100731-580x430.jpg 580w\" sizes=\"auto, (max-width: 1024px) 100vw, 1024px\" \/><\/figure>\n\n\n\n<figure class=\"wp-block-image size-large\"><img loading=\"lazy\" decoding=\"async\" width=\"1024\" height=\"623\" src=\"https:\/\/pans.krosno.pl\/poloznictwo\/wp-content\/uploads\/sites\/59\/2025\/04\/20250411_105406-1024x623.jpg\" alt=\"\" class=\"wp-image-894\" srcset=\"https:\/\/pans.krosno.pl\/poloznictwo\/wp-content\/uploads\/sites\/59\/2025\/04\/20250411_105406-1024x623.jpg 1024w, https:\/\/pans.krosno.pl\/poloznictwo\/wp-content\/uploads\/sites\/59\/2025\/04\/20250411_105406-300x183.jpg 300w, https:\/\/pans.krosno.pl\/poloznictwo\/wp-content\/uploads\/sites\/59\/2025\/04\/20250411_105406-768x467.jpg 768w, https:\/\/pans.krosno.pl\/poloznictwo\/wp-content\/uploads\/sites\/59\/2025\/04\/20250411_105406-1536x934.jpg 1536w, https:\/\/pans.krosno.pl\/poloznictwo\/wp-content\/uploads\/sites\/59\/2025\/04\/20250411_105406-2048x1246.jpg 2048w, https:\/\/pans.krosno.pl\/poloznictwo\/wp-content\/uploads\/sites\/59\/2025\/04\/20250411_105406-2000x1217.jpg 2000w, https:\/\/pans.krosno.pl\/poloznictwo\/wp-content\/uploads\/sites\/59\/2025\/04\/20250411_105406-800x487.jpg 800w, https:\/\/pans.krosno.pl\/poloznictwo\/wp-content\/uploads\/sites\/59\/2025\/04\/20250411_105406-580x353.jpg 580w\" sizes=\"auto, (max-width: 1024px) 100vw, 1024px\" \/><\/figure>\n\n\n\n<figure class=\"wp-block-image size-large\"><img loading=\"lazy\" decoding=\"async\" width=\"1024\" height=\"561\" src=\"https:\/\/pans.krosno.pl\/poloznictwo\/wp-content\/uploads\/sites\/59\/2025\/04\/20250411_111345-1024x561.jpg\" alt=\"\" class=\"wp-image-895\" srcset=\"https:\/\/pans.krosno.pl\/poloznictwo\/wp-content\/uploads\/sites\/59\/2025\/04\/20250411_111345-1024x561.jpg 1024w, https:\/\/pans.krosno.pl\/poloznictwo\/wp-content\/uploads\/sites\/59\/2025\/04\/20250411_111345-300x164.jpg 300w, https:\/\/pans.krosno.pl\/poloznictwo\/wp-content\/uploads\/sites\/59\/2025\/04\/20250411_111345-768x421.jpg 768w, https:\/\/pans.krosno.pl\/poloznictwo\/wp-content\/uploads\/sites\/59\/2025\/04\/20250411_111345-1536x841.jpg 1536w, https:\/\/pans.krosno.pl\/poloznictwo\/wp-content\/uploads\/sites\/59\/2025\/04\/20250411_111345-2048x1122.jpg 2048w, https:\/\/pans.krosno.pl\/poloznictwo\/wp-content\/uploads\/sites\/59\/2025\/04\/20250411_111345-2000x1095.jpg 2000w, https:\/\/pans.krosno.pl\/poloznictwo\/wp-content\/uploads\/sites\/59\/2025\/04\/20250411_111345-800x438.jpg 800w, https:\/\/pans.krosno.pl\/poloznictwo\/wp-content\/uploads\/sites\/59\/2025\/04\/20250411_111345-580x318.jpg 580w\" sizes=\"auto, (max-width: 1024px) 100vw, 1024px\" \/><\/figure>\n\n\n\n<p>Cz\u0119\u015b\u0107 wyk\u0142adowa wzbogacona by\u0142a o warsztaty, w kt\u00f3rych uczestnicy mogli wzi\u0105\u0107 udzia\u0142 w takich zaj\u0119ciach jak:<\/p>\n\n\n\n<ul class=\"wp-block-list\">\n<li><em>Twoje zdrowie \u2013 Twoja przysz\u0142o\u015b\u0107<\/em> (studenci kierunku Piel\u0119gniarstwo, opiekun&nbsp;dr Agnieszka Kijowska),<\/li>\n\n\n\n<li><em>Bezpieczny start \u2013 pierwsza pomoc w opiece nad matk\u0105 i dzieckiem<\/em> (studenci kierunku Ratownictwo medyczne, opiekun mgr Katarzyna Barczentewicz), <\/li>\n\n\n\n<li><em>Czytam etykiety i dbam o swoje zdrowie<\/em> (dr hab. in\u017c. Barbara Krochmal-Marczak, mgr in\u017c. El\u017cbieta Br\u0105giel oraz studenci kierunku Produkcja i bezpiecze\u0144stwo \u017cywno\u015bci).<\/li>\n<\/ul>\n\n\n\n<p>Tak\u017ce studentki po\u0142o\u017cnictwa bra\u0142y czynny udzia\u0142 w cz\u0119\u015bci warsztatowej, kt\u00f3re w przyst\u0119pny i otwarty spos\u00f3b om\u00f3wi\u0142y temat: <strong>\u201eMenstruacja bez tabu\u201d<\/strong> \u2013 podejmuj\u0105c istotn\u0105 spo\u0142ecznie i cz\u0119sto pomijan\u0105 kwesti\u0119 edukacji menstruacyjnej w\u015br\u00f3d m\u0142odzie\u017cy. <\/p>\n\n\n\n<figure class=\"wp-block-image size-large\"><img loading=\"lazy\" decoding=\"async\" width=\"1024\" height=\"768\" src=\"https:\/\/pans.krosno.pl\/poloznictwo\/wp-content\/uploads\/sites\/59\/2025\/04\/20250411_115716-1024x768.jpg\" alt=\"\" class=\"wp-image-902\" srcset=\"https:\/\/pans.krosno.pl\/poloznictwo\/wp-content\/uploads\/sites\/59\/2025\/04\/20250411_115716-1024x768.jpg 1024w, https:\/\/pans.krosno.pl\/poloznictwo\/wp-content\/uploads\/sites\/59\/2025\/04\/20250411_115716-300x225.jpg 300w, https:\/\/pans.krosno.pl\/poloznictwo\/wp-content\/uploads\/sites\/59\/2025\/04\/20250411_115716-768x576.jpg 768w, https:\/\/pans.krosno.pl\/poloznictwo\/wp-content\/uploads\/sites\/59\/2025\/04\/20250411_115716-1536x1152.jpg 1536w, https:\/\/pans.krosno.pl\/poloznictwo\/wp-content\/uploads\/sites\/59\/2025\/04\/20250411_115716-2048x1536.jpg 2048w, https:\/\/pans.krosno.pl\/poloznictwo\/wp-content\/uploads\/sites\/59\/2025\/04\/20250411_115716-2000x1500.jpg 2000w, https:\/\/pans.krosno.pl\/poloznictwo\/wp-content\/uploads\/sites\/59\/2025\/04\/20250411_115716-800x600.jpg 800w, https:\/\/pans.krosno.pl\/poloznictwo\/wp-content\/uploads\/sites\/59\/2025\/04\/20250411_115716-580x435.jpg 580w\" sizes=\"auto, (max-width: 1024px) 100vw, 1024px\" \/><\/figure>\n\n\n\n<p>Has\u0142o tegorocznego Dnia Zdrowia przypomina, jak istotn\u0105 rol\u0119 w kszta\u0142towaniu zdrowego spo\u0142ecze\u0144stwa odgrywaj\u0105 specjali\u015bci pierwszego kontaktu, w szczeg\u00f3lno\u015bci po\u0142o\u017cne. Ich profesjonalna opieka zapewnia nie tylko bezpiecze\u0144stwo w okresie oko\u0142oporodowym, lecz tak\u017ce stanowi podstaw\u0119 dla zdrowego rozwoju dziecka i dobrostanu bio-psycho-spo\u0142ecznego ca\u0142ej rodziny.<\/p>\n","protected":false},"excerpt":{"rendered":"<p>Co roku, 7 kwietnia, w rocznic\u0119 powstania \u015awiatowej Organizacji Zdrowia (WHO), obchodzony jest \u015awiatowy Dzie\u0144 Zdrowia. Tematem przewodnim w 2025 roku jest has\u0142o: \u201eZdrowe pocz\u0105tki, pe\u0142na nadziei przysz\u0142o\u015b\u0107\u201d, kt\u00f3re podkre\u015bla znaczenie zdrowego startu w \u017cycie jako fundamentu dla przysz\u0142ego dobrostanu jednostek i spo\u0142ecze\u0144stw. Z tej okazji w pi\u0105tek, 11 kwietnia, [\u2026] <\/p>\n<div class=\"clear\"><\/div>\n<p><a class=\"more_link clearfix\" href=\"https:\/\/pans.krosno.pl\/poloznictwo\/2025\/04\/15\/swiatowy-dzien-zdrowia-2025-zdrowe-poczatki-pelna-nadziei-przyszlosc\/\" rel=\"nofollow\">Read More<\/a><\/p>\n","protected":false},"author":105,"featured_media":892,"comment_status":"open","ping_status":"open","sticky":false,"template":"","format":"standard","meta":{"ngg_post_thumbnail":0,"footnotes":""},"categories":[11],"tags":[],"class_list":["post-889","post","type-post","status-publish","format-standard","has-post-thumbnail","hentry","category-aktualnosci"],"yoast_head":"<!-- This site is optimized with the Yoast SEO Premium plugin v27.4 (Yoast SEO v27.4) - https:\/\/yoast.com\/product\/yoast-seo-premium-wordpress\/ -->\n<title>\u015awiatowy Dzie\u0144 Zdrowia 2025 \u2013 \u201eZdrowe pocz\u0105tki, pe\u0142na nadziei przysz\u0142o\u015b\u0107\u201d - Po\u0142o\u017cnictwo PANS w Kro\u015bnie<\/title>\n<meta name=\"robots\" content=\"index, follow, max-snippet:-1, max-image-preview:large, max-video-preview:-1\" \/>\n<link rel=\"canonical\" href=\"https:\/\/pans.krosno.pl\/poloznictwo\/2025\/04\/15\/swiatowy-dzien-zdrowia-2025-zdrowe-poczatki-pelna-nadziei-przyszlosc\/\" \/>\n<meta property=\"og:locale\" content=\"pl_PL\" \/>\n<meta property=\"og:type\" content=\"article\" \/>\n<meta property=\"og:title\" content=\"\u015awiatowy Dzie\u0144 Zdrowia 2025 \u2013 \u201eZdrowe pocz\u0105tki, pe\u0142na nadziei przysz\u0142o\u015b\u0107\u201d\" \/>\n<meta property=\"og:description\" content=\"Co roku, 7 kwietnia, w rocznic\u0119 powstania \u015awiatowej Organizacji Zdrowia (WHO), obchodzony jest \u015awiatowy Dzie\u0144 Zdrowia. Tematem przewodnim w 2025 roku jest has\u0142o: \u201eZdrowe pocz\u0105tki, pe\u0142na nadziei przysz\u0142o\u015b\u0107\u201d, kt\u00f3re podkre\u015bla znaczenie zdrowego startu w \u017cycie jako fundamentu dla przysz\u0142ego dobrostanu jednostek i spo\u0142ecze\u0144stw. Z tej okazji w pi\u0105tek, 11 kwietnia, [\u2026] Read More\" \/>\n<meta property=\"og:url\" content=\"https:\/\/pans.krosno.pl\/poloznictwo\/2025\/04\/15\/swiatowy-dzien-zdrowia-2025-zdrowe-poczatki-pelna-nadziei-przyszlosc\/\" \/>\n<meta property=\"og:site_name\" content=\"Po\u0142o\u017cnictwo PANS w Kro\u015bnie\" \/>\n<meta property=\"article:publisher\" content=\"https:\/\/www.facebook.com\/StudiaKrosno\/\" \/>\n<meta property=\"article:published_time\" content=\"2025-04-15T08:00:00+00:00\" \/>\n<meta property=\"article:modified_time\" content=\"2025-04-17T09:38:08+00:00\" \/>\n<meta property=\"og:image\" content=\"https:\/\/pans.krosno.pl\/poloznictwo\/wp-content\/uploads\/sites\/59\/2025\/04\/Swiatowy-dzien-zdrowia_3-1086x1536-1.jpg\" \/>\n\t<meta property=\"og:image:width\" content=\"1086\" \/>\n\t<meta property=\"og:image:height\" content=\"1536\" \/>\n\t<meta property=\"og:image:type\" content=\"image\/jpeg\" \/>\n<meta name=\"author\" content=\"iwonalisowska\" \/>\n<meta name=\"twitter:card\" content=\"summary_large_image\" \/>\n<meta name=\"twitter:label1\" content=\"Napisane przez\" \/>\n\t<meta name=\"twitter:data1\" content=\"iwonalisowska\" \/>\n\t<meta name=\"twitter:label2\" content=\"Szacowany czas czytania\" \/>\n\t<meta name=\"twitter:data2\" content=\"4 minuty\" \/>\n<script type=\"application\/ld+json\" class=\"yoast-schema-graph\">{\"@context\":\"https:\\\/\\\/schema.org\",\"@graph\":[{\"@type\":\"Article\",\"@id\":\"https:\\\/\\\/pans.krosno.pl\\\/poloznictwo\\\/2025\\\/04\\\/15\\\/swiatowy-dzien-zdrowia-2025-zdrowe-poczatki-pelna-nadziei-przyszlosc\\\/#article\",\"isPartOf\":{\"@id\":\"https:\\\/\\\/pans.krosno.pl\\\/poloznictwo\\\/2025\\\/04\\\/15\\\/swiatowy-dzien-zdrowia-2025-zdrowe-poczatki-pelna-nadziei-przyszlosc\\\/\"},\"author\":{\"name\":\"iwonalisowska\",\"@id\":\"https:\\\/\\\/pans.krosno.pl\\\/poloznictwo\\\/#\\\/schema\\\/person\\\/5ec8ff27c2b18779d45986f2bb030d18\"},\"headline\":\"\u015awiatowy Dzie\u0144 Zdrowia 2025 \u2013 \u201eZdrowe pocz\u0105tki, pe\u0142na nadziei przysz\u0142o\u015b\u0107\u201d\",\"datePublished\":\"2025-04-15T08:00:00+00:00\",\"dateModified\":\"2025-04-17T09:38:08+00:00\",\"mainEntityOfPage\":{\"@id\":\"https:\\\/\\\/pans.krosno.pl\\\/poloznictwo\\\/2025\\\/04\\\/15\\\/swiatowy-dzien-zdrowia-2025-zdrowe-poczatki-pelna-nadziei-przyszlosc\\\/\"},\"wordCount\":451,\"commentCount\":0,\"publisher\":{\"@id\":\"https:\\\/\\\/pans.krosno.pl\\\/poloznictwo\\\/#organization\"},\"image\":{\"@id\":\"https:\\\/\\\/pans.krosno.pl\\\/poloznictwo\\\/2025\\\/04\\\/15\\\/swiatowy-dzien-zdrowia-2025-zdrowe-poczatki-pelna-nadziei-przyszlosc\\\/#primaryimage\"},\"thumbnailUrl\":\"https:\\\/\\\/pans.krosno.pl\\\/poloznictwo\\\/wp-content\\\/uploads\\\/sites\\\/59\\\/2025\\\/04\\\/Swiatowy-dzien-zdrowia_3-1086x1536-1.jpg\",\"articleSection\":[\"Aktualno\u015bci\"],\"inLanguage\":\"pl-PL\",\"potentialAction\":[{\"@type\":\"CommentAction\",\"name\":\"Comment\",\"target\":[\"https:\\\/\\\/pans.krosno.pl\\\/poloznictwo\\\/2025\\\/04\\\/15\\\/swiatowy-dzien-zdrowia-2025-zdrowe-poczatki-pelna-nadziei-przyszlosc\\\/#respond\"]}]},{\"@type\":\"WebPage\",\"@id\":\"https:\\\/\\\/pans.krosno.pl\\\/poloznictwo\\\/2025\\\/04\\\/15\\\/swiatowy-dzien-zdrowia-2025-zdrowe-poczatki-pelna-nadziei-przyszlosc\\\/\",\"url\":\"https:\\\/\\\/pans.krosno.pl\\\/poloznictwo\\\/2025\\\/04\\\/15\\\/swiatowy-dzien-zdrowia-2025-zdrowe-poczatki-pelna-nadziei-przyszlosc\\\/\",\"name\":\"\u015awiatowy Dzie\u0144 Zdrowia 2025 \u2013 \u201eZdrowe pocz\u0105tki, pe\u0142na nadziei przysz\u0142o\u015b\u0107\u201d - Po\u0142o\u017cnictwo PANS w Kro\u015bnie\",\"isPartOf\":{\"@id\":\"https:\\\/\\\/pans.krosno.pl\\\/poloznictwo\\\/#website\"},\"primaryImageOfPage\":{\"@id\":\"https:\\\/\\\/pans.krosno.pl\\\/poloznictwo\\\/2025\\\/04\\\/15\\\/swiatowy-dzien-zdrowia-2025-zdrowe-poczatki-pelna-nadziei-przyszlosc\\\/#primaryimage\"},\"image\":{\"@id\":\"https:\\\/\\\/pans.krosno.pl\\\/poloznictwo\\\/2025\\\/04\\\/15\\\/swiatowy-dzien-zdrowia-2025-zdrowe-poczatki-pelna-nadziei-przyszlosc\\\/#primaryimage\"},\"thumbnailUrl\":\"https:\\\/\\\/pans.krosno.pl\\\/poloznictwo\\\/wp-content\\\/uploads\\\/sites\\\/59\\\/2025\\\/04\\\/Swiatowy-dzien-zdrowia_3-1086x1536-1.jpg\",\"datePublished\":\"2025-04-15T08:00:00+00:00\",\"dateModified\":\"2025-04-17T09:38:08+00:00\",\"breadcrumb\":{\"@id\":\"https:\\\/\\\/pans.krosno.pl\\\/poloznictwo\\\/2025\\\/04\\\/15\\\/swiatowy-dzien-zdrowia-2025-zdrowe-poczatki-pelna-nadziei-przyszlosc\\\/#breadcrumb\"},\"inLanguage\":\"pl-PL\",\"potentialAction\":[{\"@type\":\"ReadAction\",\"target\":[\"https:\\\/\\\/pans.krosno.pl\\\/poloznictwo\\\/2025\\\/04\\\/15\\\/swiatowy-dzien-zdrowia-2025-zdrowe-poczatki-pelna-nadziei-przyszlosc\\\/\"]}]},{\"@type\":\"ImageObject\",\"inLanguage\":\"pl-PL\",\"@id\":\"https:\\\/\\\/pans.krosno.pl\\\/poloznictwo\\\/2025\\\/04\\\/15\\\/swiatowy-dzien-zdrowia-2025-zdrowe-poczatki-pelna-nadziei-przyszlosc\\\/#primaryimage\",\"url\":\"https:\\\/\\\/pans.krosno.pl\\\/poloznictwo\\\/wp-content\\\/uploads\\\/sites\\\/59\\\/2025\\\/04\\\/Swiatowy-dzien-zdrowia_3-1086x1536-1.jpg\",\"contentUrl\":\"https:\\\/\\\/pans.krosno.pl\\\/poloznictwo\\\/wp-content\\\/uploads\\\/sites\\\/59\\\/2025\\\/04\\\/Swiatowy-dzien-zdrowia_3-1086x1536-1.jpg\",\"width\":1086,\"height\":1536},{\"@type\":\"BreadcrumbList\",\"@id\":\"https:\\\/\\\/pans.krosno.pl\\\/poloznictwo\\\/2025\\\/04\\\/15\\\/swiatowy-dzien-zdrowia-2025-zdrowe-poczatki-pelna-nadziei-przyszlosc\\\/#breadcrumb\",\"itemListElement\":[{\"@type\":\"ListItem\",\"position\":1,\"name\":\"Strona g\u0142\u00f3wna\",\"item\":\"https:\\\/\\\/pans.krosno.pl\\\/poloznictwo\\\/\"},{\"@type\":\"ListItem\",\"position\":2,\"name\":\"Aktualno\u015bci\",\"item\":\"https:\\\/\\\/pans.krosno.pl\\\/poloznictwo\\\/category\\\/aktualnosci\\\/\"},{\"@type\":\"ListItem\",\"position\":3,\"name\":\"\u015awiatowy Dzie\u0144 Zdrowia 2025 \u2013 \u201eZdrowe pocz\u0105tki, pe\u0142na nadziei przysz\u0142o\u015b\u0107\u201d\"}]},{\"@type\":\"WebSite\",\"@id\":\"https:\\\/\\\/pans.krosno.pl\\\/poloznictwo\\\/#website\",\"url\":\"https:\\\/\\\/pans.krosno.pl\\\/poloznictwo\\\/\",\"name\":\"KPU w Kro\u015bnie\",\"description\":\"Po\u0142o\u017cnictwo - Pa\u0144stwowa Akademia Nauk Stosowanych\",\"publisher\":{\"@id\":\"https:\\\/\\\/pans.krosno.pl\\\/poloznictwo\\\/#organization\"},\"potentialAction\":[{\"@type\":\"SearchAction\",\"target\":{\"@type\":\"EntryPoint\",\"urlTemplate\":\"https:\\\/\\\/pans.krosno.pl\\\/poloznictwo\\\/?s={search_term_string}\"},\"query-input\":{\"@type\":\"PropertyValueSpecification\",\"valueRequired\":true,\"valueName\":\"search_term_string\"}}],\"inLanguage\":\"pl-PL\"},{\"@type\":\"Organization\",\"@id\":\"https:\\\/\\\/pans.krosno.pl\\\/poloznictwo\\\/#organization\",\"name\":\"Karpacka Pa\u0144stwowa Uczelnia w Kro\u015bnie\",\"url\":\"https:\\\/\\\/pans.krosno.pl\\\/poloznictwo\\\/\",\"logo\":{\"@type\":\"ImageObject\",\"inLanguage\":\"pl-PL\",\"@id\":\"https:\\\/\\\/pans.krosno.pl\\\/poloznictwo\\\/#\\\/schema\\\/logo\\\/image\\\/\",\"url\":\"https:\\\/\\\/pans.krosno.pl\\\/wp-content\\\/uploads\\\/2020\\\/04\\\/unnamed-1.png\",\"contentUrl\":\"https:\\\/\\\/pans.krosno.pl\\\/wp-content\\\/uploads\\\/2020\\\/04\\\/unnamed-1.png\",\"width\":2238,\"height\":372,\"caption\":\"Karpacka Pa\u0144stwowa Uczelnia w Kro\u015bnie\"},\"image\":{\"@id\":\"https:\\\/\\\/pans.krosno.pl\\\/poloznictwo\\\/#\\\/schema\\\/logo\\\/image\\\/\"},\"sameAs\":[\"https:\\\/\\\/www.facebook.com\\\/StudiaKrosno\\\/\",\"https:\\\/\\\/www.instagram.com\\\/studia.krosno\",\"https:\\\/\\\/pl.linkedin.com\\\/company\\\/pwsz-krosno\",\"https:\\\/\\\/www.youtube.com\\\/user\\\/pwszkrosno\\\/\",\"https:\\\/\\\/pl.wikipedia.org\\\/wiki\\\/Pa\u0144stwowa_Wy\u017csza_Szko\u0142a_Zawodowa_im._Stanis\u0142awa_Pigonia_w_Kro\u015bnie\"]},{\"@type\":\"Person\",\"@id\":\"https:\\\/\\\/pans.krosno.pl\\\/poloznictwo\\\/#\\\/schema\\\/person\\\/5ec8ff27c2b18779d45986f2bb030d18\",\"name\":\"iwonalisowska\",\"image\":{\"@type\":\"ImageObject\",\"inLanguage\":\"pl-PL\",\"@id\":\"https:\\\/\\\/secure.gravatar.com\\\/avatar\\\/df66eee6175485d233aff13b2d852e7559dc34afa8f4267a8d53ef27e21574bd?s=96&d=mm&r=g\",\"url\":\"https:\\\/\\\/secure.gravatar.com\\\/avatar\\\/df66eee6175485d233aff13b2d852e7559dc34afa8f4267a8d53ef27e21574bd?s=96&d=mm&r=g\",\"contentUrl\":\"https:\\\/\\\/secure.gravatar.com\\\/avatar\\\/df66eee6175485d233aff13b2d852e7559dc34afa8f4267a8d53ef27e21574bd?s=96&d=mm&r=g\",\"caption\":\"iwonalisowska\"},\"url\":\"https:\\\/\\\/pans.krosno.pl\\\/poloznictwo\\\/author\\\/iwonalisowska\\\/\"}]}<\/script>\n<!-- \/ Yoast SEO Premium plugin. -->","yoast_head_json":{"title":"\u015awiatowy Dzie\u0144 Zdrowia 2025 \u2013 \u201eZdrowe pocz\u0105tki, pe\u0142na nadziei przysz\u0142o\u015b\u0107\u201d - Po\u0142o\u017cnictwo PANS w Kro\u015bnie","robots":{"index":"index","follow":"follow","max-snippet":"max-snippet:-1","max-image-preview":"max-image-preview:large","max-video-preview":"max-video-preview:-1"},"canonical":"https:\/\/pans.krosno.pl\/poloznictwo\/2025\/04\/15\/swiatowy-dzien-zdrowia-2025-zdrowe-poczatki-pelna-nadziei-przyszlosc\/","og_locale":"pl_PL","og_type":"article","og_title":"\u015awiatowy Dzie\u0144 Zdrowia 2025 \u2013 \u201eZdrowe pocz\u0105tki, pe\u0142na nadziei przysz\u0142o\u015b\u0107\u201d","og_description":"Co roku, 7 kwietnia, w rocznic\u0119 powstania \u015awiatowej Organizacji Zdrowia (WHO), obchodzony jest \u015awiatowy Dzie\u0144 Zdrowia. Tematem przewodnim w 2025 roku jest has\u0142o: \u201eZdrowe pocz\u0105tki, pe\u0142na nadziei przysz\u0142o\u015b\u0107\u201d, kt\u00f3re podkre\u015bla znaczenie zdrowego startu w \u017cycie jako fundamentu dla przysz\u0142ego dobrostanu jednostek i spo\u0142ecze\u0144stw. Z tej okazji w pi\u0105tek, 11 kwietnia, [\u2026] Read More","og_url":"https:\/\/pans.krosno.pl\/poloznictwo\/2025\/04\/15\/swiatowy-dzien-zdrowia-2025-zdrowe-poczatki-pelna-nadziei-przyszlosc\/","og_site_name":"Po\u0142o\u017cnictwo PANS w Kro\u015bnie","article_publisher":"https:\/\/www.facebook.com\/StudiaKrosno\/","article_published_time":"2025-04-15T08:00:00+00:00","article_modified_time":"2025-04-17T09:38:08+00:00","og_image":[{"width":1086,"height":1536,"url":"https:\/\/pans.krosno.pl\/poloznictwo\/wp-content\/uploads\/sites\/59\/2025\/04\/Swiatowy-dzien-zdrowia_3-1086x1536-1.jpg","type":"image\/jpeg"}],"author":"iwonalisowska","twitter_card":"summary_large_image","twitter_misc":{"Napisane przez":"iwonalisowska","Szacowany czas czytania":"4 minuty"},"schema":{"@context":"https:\/\/schema.org","@graph":[{"@type":"Article","@id":"https:\/\/pans.krosno.pl\/poloznictwo\/2025\/04\/15\/swiatowy-dzien-zdrowia-2025-zdrowe-poczatki-pelna-nadziei-przyszlosc\/#article","isPartOf":{"@id":"https:\/\/pans.krosno.pl\/poloznictwo\/2025\/04\/15\/swiatowy-dzien-zdrowia-2025-zdrowe-poczatki-pelna-nadziei-przyszlosc\/"},"author":{"name":"iwonalisowska","@id":"https:\/\/pans.krosno.pl\/poloznictwo\/#\/schema\/person\/5ec8ff27c2b18779d45986f2bb030d18"},"headline":"\u015awiatowy Dzie\u0144 Zdrowia 2025 \u2013 \u201eZdrowe pocz\u0105tki, pe\u0142na nadziei przysz\u0142o\u015b\u0107\u201d","datePublished":"2025-04-15T08:00:00+00:00","dateModified":"2025-04-17T09:38:08+00:00","mainEntityOfPage":{"@id":"https:\/\/pans.krosno.pl\/poloznictwo\/2025\/04\/15\/swiatowy-dzien-zdrowia-2025-zdrowe-poczatki-pelna-nadziei-przyszlosc\/"},"wordCount":451,"commentCount":0,"publisher":{"@id":"https:\/\/pans.krosno.pl\/poloznictwo\/#organization"},"image":{"@id":"https:\/\/pans.krosno.pl\/poloznictwo\/2025\/04\/15\/swiatowy-dzien-zdrowia-2025-zdrowe-poczatki-pelna-nadziei-przyszlosc\/#primaryimage"},"thumbnailUrl":"https:\/\/pans.krosno.pl\/poloznictwo\/wp-content\/uploads\/sites\/59\/2025\/04\/Swiatowy-dzien-zdrowia_3-1086x1536-1.jpg","articleSection":["Aktualno\u015bci"],"inLanguage":"pl-PL","potentialAction":[{"@type":"CommentAction","name":"Comment","target":["https:\/\/pans.krosno.pl\/poloznictwo\/2025\/04\/15\/swiatowy-dzien-zdrowia-2025-zdrowe-poczatki-pelna-nadziei-przyszlosc\/#respond"]}]},{"@type":"WebPage","@id":"https:\/\/pans.krosno.pl\/poloznictwo\/2025\/04\/15\/swiatowy-dzien-zdrowia-2025-zdrowe-poczatki-pelna-nadziei-przyszlosc\/","url":"https:\/\/pans.krosno.pl\/poloznictwo\/2025\/04\/15\/swiatowy-dzien-zdrowia-2025-zdrowe-poczatki-pelna-nadziei-przyszlosc\/","name":"\u015awiatowy Dzie\u0144 Zdrowia 2025 \u2013 \u201eZdrowe pocz\u0105tki, pe\u0142na nadziei przysz\u0142o\u015b\u0107\u201d - Po\u0142o\u017cnictwo PANS w Kro\u015bnie","isPartOf":{"@id":"https:\/\/pans.krosno.pl\/poloznictwo\/#website"},"primaryImageOfPage":{"@id":"https:\/\/pans.krosno.pl\/poloznictwo\/2025\/04\/15\/swiatowy-dzien-zdrowia-2025-zdrowe-poczatki-pelna-nadziei-przyszlosc\/#primaryimage"},"image":{"@id":"https:\/\/pans.krosno.pl\/poloznictwo\/2025\/04\/15\/swiatowy-dzien-zdrowia-2025-zdrowe-poczatki-pelna-nadziei-przyszlosc\/#primaryimage"},"thumbnailUrl":"https:\/\/pans.krosno.pl\/poloznictwo\/wp-content\/uploads\/sites\/59\/2025\/04\/Swiatowy-dzien-zdrowia_3-1086x1536-1.jpg","datePublished":"2025-04-15T08:00:00+00:00","dateModified":"2025-04-17T09:38:08+00:00","breadcrumb":{"@id":"https:\/\/pans.krosno.pl\/poloznictwo\/2025\/04\/15\/swiatowy-dzien-zdrowia-2025-zdrowe-poczatki-pelna-nadziei-przyszlosc\/#breadcrumb"},"inLanguage":"pl-PL","potentialAction":[{"@type":"ReadAction","target":["https:\/\/pans.krosno.pl\/poloznictwo\/2025\/04\/15\/swiatowy-dzien-zdrowia-2025-zdrowe-poczatki-pelna-nadziei-przyszlosc\/"]}]},{"@type":"ImageObject","inLanguage":"pl-PL","@id":"https:\/\/pans.krosno.pl\/poloznictwo\/2025\/04\/15\/swiatowy-dzien-zdrowia-2025-zdrowe-poczatki-pelna-nadziei-przyszlosc\/#primaryimage","url":"https:\/\/pans.krosno.pl\/poloznictwo\/wp-content\/uploads\/sites\/59\/2025\/04\/Swiatowy-dzien-zdrowia_3-1086x1536-1.jpg","contentUrl":"https:\/\/pans.krosno.pl\/poloznictwo\/wp-content\/uploads\/sites\/59\/2025\/04\/Swiatowy-dzien-zdrowia_3-1086x1536-1.jpg","width":1086,"height":1536},{"@type":"BreadcrumbList","@id":"https:\/\/pans.krosno.pl\/poloznictwo\/2025\/04\/15\/swiatowy-dzien-zdrowia-2025-zdrowe-poczatki-pelna-nadziei-przyszlosc\/#breadcrumb","itemListElement":[{"@type":"ListItem","position":1,"name":"Strona g\u0142\u00f3wna","item":"https:\/\/pans.krosno.pl\/poloznictwo\/"},{"@type":"ListItem","position":2,"name":"Aktualno\u015bci","item":"https:\/\/pans.krosno.pl\/poloznictwo\/category\/aktualnosci\/"},{"@type":"ListItem","position":3,"name":"\u015awiatowy Dzie\u0144 Zdrowia 2025 \u2013 \u201eZdrowe pocz\u0105tki, pe\u0142na nadziei przysz\u0142o\u015b\u0107\u201d"}]},{"@type":"WebSite","@id":"https:\/\/pans.krosno.pl\/poloznictwo\/#website","url":"https:\/\/pans.krosno.pl\/poloznictwo\/","name":"KPU w Kro\u015bnie","description":"Po\u0142o\u017cnictwo - Pa\u0144stwowa Akademia Nauk Stosowanych","publisher":{"@id":"https:\/\/pans.krosno.pl\/poloznictwo\/#organization"},"potentialAction":[{"@type":"SearchAction","target":{"@type":"EntryPoint","urlTemplate":"https:\/\/pans.krosno.pl\/poloznictwo\/?s={search_term_string}"},"query-input":{"@type":"PropertyValueSpecification","valueRequired":true,"valueName":"search_term_string"}}],"inLanguage":"pl-PL"},{"@type":"Organization","@id":"https:\/\/pans.krosno.pl\/poloznictwo\/#organization","name":"Karpacka Pa\u0144stwowa Uczelnia w Kro\u015bnie","url":"https:\/\/pans.krosno.pl\/poloznictwo\/","logo":{"@type":"ImageObject","inLanguage":"pl-PL","@id":"https:\/\/pans.krosno.pl\/poloznictwo\/#\/schema\/logo\/image\/","url":"https:\/\/pans.krosno.pl\/wp-content\/uploads\/2020\/04\/unnamed-1.png","contentUrl":"https:\/\/pans.krosno.pl\/wp-content\/uploads\/2020\/04\/unnamed-1.png","width":2238,"height":372,"caption":"Karpacka Pa\u0144stwowa Uczelnia w Kro\u015bnie"},"image":{"@id":"https:\/\/pans.krosno.pl\/poloznictwo\/#\/schema\/logo\/image\/"},"sameAs":["https:\/\/www.facebook.com\/StudiaKrosno\/","https:\/\/www.instagram.com\/studia.krosno","https:\/\/pl.linkedin.com\/company\/pwsz-krosno","https:\/\/www.youtube.com\/user\/pwszkrosno\/","https:\/\/pl.wikipedia.org\/wiki\/Pa\u0144stwowa_Wy\u017csza_Szko\u0142a_Zawodowa_im._Stanis\u0142awa_Pigonia_w_Kro\u015bnie"]},{"@type":"Person","@id":"https:\/\/pans.krosno.pl\/poloznictwo\/#\/schema\/person\/5ec8ff27c2b18779d45986f2bb030d18","name":"iwonalisowska","image":{"@type":"ImageObject","inLanguage":"pl-PL","@id":"https:\/\/secure.gravatar.com\/avatar\/df66eee6175485d233aff13b2d852e7559dc34afa8f4267a8d53ef27e21574bd?s=96&d=mm&r=g","url":"https:\/\/secure.gravatar.com\/avatar\/df66eee6175485d233aff13b2d852e7559dc34afa8f4267a8d53ef27e21574bd?s=96&d=mm&r=g","contentUrl":"https:\/\/secure.gravatar.com\/avatar\/df66eee6175485d233aff13b2d852e7559dc34afa8f4267a8d53ef27e21574bd?s=96&d=mm&r=g","caption":"iwonalisowska"},"url":"https:\/\/pans.krosno.pl\/poloznictwo\/author\/iwonalisowska\/"}]}},"_links":{"self":[{"href":"https:\/\/pans.krosno.pl\/poloznictwo\/wp-json\/wp\/v2\/posts\/889","targetHints":{"allow":["GET"]}}],"collection":[{"href":"https:\/\/pans.krosno.pl\/poloznictwo\/wp-json\/wp\/v2\/posts"}],"about":[{"href":"https:\/\/pans.krosno.pl\/poloznictwo\/wp-json\/wp\/v2\/types\/post"}],"author":[{"embeddable":true,"href":"https:\/\/pans.krosno.pl\/poloznictwo\/wp-json\/wp\/v2\/users\/105"}],"replies":[{"embeddable":true,"href":"https:\/\/pans.krosno.pl\/poloznictwo\/wp-json\/wp\/v2\/comments?post=889"}],"version-history":[{"count":6,"href":"https:\/\/pans.krosno.pl\/poloznictwo\/wp-json\/wp\/v2\/posts\/889\/revisions"}],"predecessor-version":[{"id":906,"href":"https:\/\/pans.krosno.pl\/poloznictwo\/wp-json\/wp\/v2\/posts\/889\/revisions\/906"}],"wp:featuredmedia":[{"embeddable":true,"href":"https:\/\/pans.krosno.pl\/poloznictwo\/wp-json\/wp\/v2\/media\/892"}],"wp:attachment":[{"href":"https:\/\/pans.krosno.pl\/poloznictwo\/wp-json\/wp\/v2\/media?parent=889"}],"wp:term":[{"taxonomy":"category","embeddable":true,"href":"https:\/\/pans.krosno.pl\/poloznictwo\/wp-json\/wp\/v2\/categories?post=889"},{"taxonomy":"post_tag","embeddable":true,"href":"https:\/\/pans.krosno.pl\/poloznictwo\/wp-json\/wp\/v2\/tags?post=889"}],"curies":[{"name":"wp","href":"https:\/\/api.w.org\/{rel}","templated":true}]}}