{"id":880,"date":"2025-03-30T10:56:00","date_gmt":"2025-03-30T08:56:00","guid":{"rendered":"https:\/\/pans.krosno.pl\/poloznictwo\/?p=880"},"modified":"2025-03-31T12:57:39","modified_gmt":"2025-03-31T10:57:39","slug":"30-marca-swiatowy-dzien-endometriozy","status":"publish","type":"post","link":"https:\/\/pans.krosno.pl\/poloznictwo\/2025\/03\/30\/30-marca-swiatowy-dzien-endometriozy\/","title":{"rendered":"30 marca \u2013 \u015awiatowy Dzie\u0144 Endometriozy"},"content":{"rendered":"\n<p>Endometrioza to przewlek\u0142a choroba, kt\u00f3ra dotyka miliony kobiet na ca\u0142ym \u015bwiecie, powoduj\u0105c dotkliwy b\u00f3l, zm\u0119czenie oraz trudno\u015bci z zaj\u015bciem w ci\u0105\u017c\u0119. Polega na nieprawid\u0142owym rozro\u015bcie b\u0142ony \u015bluzowej macicy (endometrium) poza jej naturalnym miejscem, co prowadzi do stan\u00f3w zapalnych i zrost\u00f3w w organizmie.<\/p>\n\n\n\n<p>Objawy endometriozy mog\u0105 obejmowa\u0107:<br>\u2714\ufe0f Silne b\u00f3le menstruacyjne i przewlek\u0142e b\u00f3le miednicy<br>\u2714\ufe0f Problemy trawienne i b\u00f3le przy wypr\u00f3\u017cnianiu<br>\u2714\ufe0f B\u00f3l podczas wsp\u00f3\u0142\u017cycia<br>\u2714\ufe0f Trudno\u015bci z zaj\u015bciem w ci\u0105\u017c\u0119<\/p>\n\n\n\n<figure class=\"wp-block-image size-full\"><img loading=\"lazy\" decoding=\"async\" width=\"826\" height=\"620\" src=\"https:\/\/pans.krosno.pl\/poloznictwo\/wp-content\/uploads\/sites\/59\/2025\/03\/projekt-plakatu-miesiaca-swiadomosci-endometriozy_533406-686.avif\" alt=\"\" class=\"wp-image-881\" srcset=\"https:\/\/pans.krosno.pl\/poloznictwo\/wp-content\/uploads\/sites\/59\/2025\/03\/projekt-plakatu-miesiaca-swiadomosci-endometriozy_533406-686.avif 826w, https:\/\/pans.krosno.pl\/poloznictwo\/wp-content\/uploads\/sites\/59\/2025\/03\/projekt-plakatu-miesiaca-swiadomosci-endometriozy_533406-686-300x225.jpg 300w, https:\/\/pans.krosno.pl\/poloznictwo\/wp-content\/uploads\/sites\/59\/2025\/03\/projekt-plakatu-miesiaca-swiadomosci-endometriozy_533406-686-768x576.jpg 768w, https:\/\/pans.krosno.pl\/poloznictwo\/wp-content\/uploads\/sites\/59\/2025\/03\/projekt-plakatu-miesiaca-swiadomosci-endometriozy_533406-686-800x600.jpg 800w, https:\/\/pans.krosno.pl\/poloznictwo\/wp-content\/uploads\/sites\/59\/2025\/03\/projekt-plakatu-miesiaca-swiadomosci-endometriozy_533406-686-580x435.jpg 580w\" sizes=\"auto, (max-width: 826px) 100vw, 826px\" \/><\/figure>\n\n\n\n<h3 class=\"wp-block-heading\" id=\"h-rola-poloznej-w-opiece-nad-pacjentka-z-endometrioza\">Rola po\u0142o\u017cnej w opiece nad pacjentk\u0105 z endometrioz\u0105<\/h3>\n\n\n\n<p>Po\u0142o\u017cna odgrywa kluczow\u0105 rol\u0119 w edukacji, wsparciu i opiece nad kobietami cierpi\u0105cymi na endometrioz\u0119. Jej zadania obejmuj\u0105:<br>\ud83d\udc69\u200d\u2695\ufe0f Edukowanie pacjentek o chorobie, jej objawach i mo\u017cliwo\u015bciach leczenia<br>\ud83d\udc9b Wsparcie emocjonalne i pomoc w radzeniu sobie z przewlek\u0142ym b\u00f3lem<br>\ud83d\udccb Monitorowanie objaw\u00f3w oraz kierowanie na dalsz\u0105 diagnostyk\u0119<br>\ud83e\udd30 Opieka nad kobietami planuj\u0105cymi ci\u0105\u017c\u0119 lub maj\u0105cymi trudno\u015bci z zaj\u015bciem w ci\u0105\u017c\u0119<\/p>\n\n\n\n<p>Niestety, diagnoza endometriozy cz\u0119sto zajmuje wiele lat, dlatego tak wa\u017cna jest \u015bwiadomo\u015b\u0107 tej choroby i wczesna diagnostyka. Je\u015bli zauwa\u017casz u siebie niepokoj\u0105ce objawy, skonsultuj si\u0119 z lekarzem \u2013 nie ignoruj swojego b\u00f3lu!<\/p>\n\n\n\n<p>Wychodz\u0105c naprzeciw potrzebom kobiet Minister Zdrowia powo\u0142a\u0142 specjalny zesp\u00f3\u0142 z\u0142o\u017cony z lekarzy i przedstawicieli stowarzysze\u0144 pacjentek. Prowadzone s\u0105 prace analityczne zwi\u0105zane z wprowadzeniem rozwi\u0105za\u0144 w zakresie diagnostyki i leczenia endometriozy oraz powo\u0142ania o\u015brodk\u00f3w specjalistycznych.<\/p>\n\n\n\n<p>Z okazji \u015awiatowego Dnia Endometriozy przypominamy, \u017ce nie jeste\u015b sama. Wspierajmy si\u0119 nawzajem, szerzmy wiedz\u0119 i walczmy o lepsz\u0105 opiek\u0119 medyczn\u0105 dla wszystkich kobiet dotkni\u0119tych t\u0105 chorob\u0105. \ud83d\udc9b<\/p>\n\n\n\n<figure class=\"wp-block-image size-full\"><img loading=\"lazy\" decoding=\"async\" width=\"712\" height=\"486\" src=\"https:\/\/pans.krosno.pl\/poloznictwo\/wp-content\/uploads\/sites\/59\/2025\/03\/image.png\" alt=\"\" class=\"wp-image-883\" srcset=\"https:\/\/pans.krosno.pl\/poloznictwo\/wp-content\/uploads\/sites\/59\/2025\/03\/image.png 712w, https:\/\/pans.krosno.pl\/poloznictwo\/wp-content\/uploads\/sites\/59\/2025\/03\/image-300x205.png 300w, https:\/\/pans.krosno.pl\/poloznictwo\/wp-content\/uploads\/sites\/59\/2025\/03\/image-580x396.png 580w\" sizes=\"auto, (max-width: 712px) 100vw, 712px\" \/><\/figure>\n","protected":false},"excerpt":{"rendered":"<p>Endometrioza to przewlek\u0142a choroba, kt\u00f3ra dotyka miliony kobiet na ca\u0142ym \u015bwiecie, powoduj\u0105c dotkliwy b\u00f3l, zm\u0119czenie oraz trudno\u015bci z zaj\u015bciem w ci\u0105\u017c\u0119. Polega na nieprawid\u0142owym rozro\u015bcie b\u0142ony \u015bluzowej macicy (endometrium) poza jej naturalnym miejscem, co prowadzi do stan\u00f3w zapalnych i zrost\u00f3w w organizmie. Objawy endometriozy mog\u0105 obejmowa\u0107:\u2714\ufe0f Silne b\u00f3le menstruacyjne i [\u2026] <\/p>\n<div class=\"clear\"><\/div>\n<p><a class=\"more_link clearfix\" href=\"https:\/\/pans.krosno.pl\/poloznictwo\/2025\/03\/30\/30-marca-swiatowy-dzien-endometriozy\/\" rel=\"nofollow\">Read More<\/a><\/p>\n","protected":false},"author":105,"featured_media":883,"comment_status":"open","ping_status":"open","sticky":false,"template":"","format":"standard","meta":{"ngg_post_thumbnail":0,"footnotes":""},"categories":[11,1],"tags":[],"class_list":["post-880","post","type-post","status-publish","format-standard","has-post-thumbnail","hentry","category-aktualnosci","category-bez-kategorii"],"yoast_head":"<!-- This site is optimized with the Yoast SEO Premium plugin v27.4 (Yoast SEO v27.4) - https:\/\/yoast.com\/product\/yoast-seo-premium-wordpress\/ -->\n<title>30 marca \u2013 \u015awiatowy Dzie\u0144 Endometriozy - Po\u0142o\u017cnictwo PANS w Kro\u015bnie<\/title>\n<meta name=\"robots\" content=\"index, follow, max-snippet:-1, max-image-preview:large, max-video-preview:-1\" \/>\n<link rel=\"canonical\" href=\"https:\/\/pans.krosno.pl\/poloznictwo\/2025\/03\/30\/30-marca-swiatowy-dzien-endometriozy\/\" \/>\n<meta property=\"og:locale\" content=\"pl_PL\" \/>\n<meta property=\"og:type\" content=\"article\" \/>\n<meta property=\"og:title\" content=\"30 marca \u2013 \u015awiatowy Dzie\u0144 Endometriozy\" \/>\n<meta property=\"og:description\" content=\"Endometrioza to przewlek\u0142a choroba, kt\u00f3ra dotyka miliony kobiet na ca\u0142ym \u015bwiecie, powoduj\u0105c dotkliwy b\u00f3l, zm\u0119czenie oraz trudno\u015bci z zaj\u015bciem w ci\u0105\u017c\u0119. Polega na nieprawid\u0142owym rozro\u015bcie b\u0142ony \u015bluzowej macicy (endometrium) poza jej naturalnym miejscem, co prowadzi do stan\u00f3w zapalnych i zrost\u00f3w w organizmie. Objawy endometriozy mog\u0105 obejmowa\u0107:\u2714\ufe0f Silne b\u00f3le menstruacyjne i [\u2026] Read More\" \/>\n<meta property=\"og:url\" content=\"https:\/\/pans.krosno.pl\/poloznictwo\/2025\/03\/30\/30-marca-swiatowy-dzien-endometriozy\/\" \/>\n<meta property=\"og:site_name\" content=\"Po\u0142o\u017cnictwo PANS w Kro\u015bnie\" \/>\n<meta property=\"article:publisher\" content=\"https:\/\/www.facebook.com\/StudiaKrosno\/\" \/>\n<meta property=\"article:published_time\" content=\"2025-03-30T08:56:00+00:00\" \/>\n<meta property=\"article:modified_time\" content=\"2025-03-31T10:57:39+00:00\" \/>\n<meta property=\"og:image\" content=\"https:\/\/pans.krosno.pl\/poloznictwo\/wp-content\/uploads\/sites\/59\/2025\/03\/image.png\" \/>\n\t<meta property=\"og:image:width\" content=\"712\" \/>\n\t<meta property=\"og:image:height\" content=\"486\" \/>\n\t<meta property=\"og:image:type\" content=\"image\/png\" \/>\n<meta name=\"author\" content=\"iwonalisowska\" \/>\n<meta name=\"twitter:card\" content=\"summary_large_image\" \/>\n<meta name=\"twitter:label1\" content=\"Napisane przez\" \/>\n\t<meta name=\"twitter:data1\" content=\"iwonalisowska\" \/>\n\t<meta name=\"twitter:label2\" content=\"Szacowany czas czytania\" \/>\n\t<meta name=\"twitter:data2\" content=\"2 minuty\" \/>\n<script type=\"application\/ld+json\" class=\"yoast-schema-graph\">{\"@context\":\"https:\\\/\\\/schema.org\",\"@graph\":[{\"@type\":\"Article\",\"@id\":\"https:\\\/\\\/pans.krosno.pl\\\/poloznictwo\\\/2025\\\/03\\\/30\\\/30-marca-swiatowy-dzien-endometriozy\\\/#article\",\"isPartOf\":{\"@id\":\"https:\\\/\\\/pans.krosno.pl\\\/poloznictwo\\\/2025\\\/03\\\/30\\\/30-marca-swiatowy-dzien-endometriozy\\\/\"},\"author\":{\"name\":\"iwonalisowska\",\"@id\":\"https:\\\/\\\/pans.krosno.pl\\\/poloznictwo\\\/#\\\/schema\\\/person\\\/5ec8ff27c2b18779d45986f2bb030d18\"},\"headline\":\"30 marca \u2013 \u015awiatowy Dzie\u0144 Endometriozy\",\"datePublished\":\"2025-03-30T08:56:00+00:00\",\"dateModified\":\"2025-03-31T10:57:39+00:00\",\"mainEntityOfPage\":{\"@id\":\"https:\\\/\\\/pans.krosno.pl\\\/poloznictwo\\\/2025\\\/03\\\/30\\\/30-marca-swiatowy-dzien-endometriozy\\\/\"},\"wordCount\":278,\"commentCount\":0,\"publisher\":{\"@id\":\"https:\\\/\\\/pans.krosno.pl\\\/poloznictwo\\\/#organization\"},\"image\":{\"@id\":\"https:\\\/\\\/pans.krosno.pl\\\/poloznictwo\\\/2025\\\/03\\\/30\\\/30-marca-swiatowy-dzien-endometriozy\\\/#primaryimage\"},\"thumbnailUrl\":\"https:\\\/\\\/pans.krosno.pl\\\/poloznictwo\\\/wp-content\\\/uploads\\\/sites\\\/59\\\/2025\\\/03\\\/image.png\",\"articleSection\":[\"Aktualno\u015bci\"],\"inLanguage\":\"pl-PL\",\"potentialAction\":[{\"@type\":\"CommentAction\",\"name\":\"Comment\",\"target\":[\"https:\\\/\\\/pans.krosno.pl\\\/poloznictwo\\\/2025\\\/03\\\/30\\\/30-marca-swiatowy-dzien-endometriozy\\\/#respond\"]}]},{\"@type\":\"WebPage\",\"@id\":\"https:\\\/\\\/pans.krosno.pl\\\/poloznictwo\\\/2025\\\/03\\\/30\\\/30-marca-swiatowy-dzien-endometriozy\\\/\",\"url\":\"https:\\\/\\\/pans.krosno.pl\\\/poloznictwo\\\/2025\\\/03\\\/30\\\/30-marca-swiatowy-dzien-endometriozy\\\/\",\"name\":\"30 marca \u2013 \u015awiatowy Dzie\u0144 Endometriozy - Po\u0142o\u017cnictwo PANS w Kro\u015bnie\",\"isPartOf\":{\"@id\":\"https:\\\/\\\/pans.krosno.pl\\\/poloznictwo\\\/#website\"},\"primaryImageOfPage\":{\"@id\":\"https:\\\/\\\/pans.krosno.pl\\\/poloznictwo\\\/2025\\\/03\\\/30\\\/30-marca-swiatowy-dzien-endometriozy\\\/#primaryimage\"},\"image\":{\"@id\":\"https:\\\/\\\/pans.krosno.pl\\\/poloznictwo\\\/2025\\\/03\\\/30\\\/30-marca-swiatowy-dzien-endometriozy\\\/#primaryimage\"},\"thumbnailUrl\":\"https:\\\/\\\/pans.krosno.pl\\\/poloznictwo\\\/wp-content\\\/uploads\\\/sites\\\/59\\\/2025\\\/03\\\/image.png\",\"datePublished\":\"2025-03-30T08:56:00+00:00\",\"dateModified\":\"2025-03-31T10:57:39+00:00\",\"breadcrumb\":{\"@id\":\"https:\\\/\\\/pans.krosno.pl\\\/poloznictwo\\\/2025\\\/03\\\/30\\\/30-marca-swiatowy-dzien-endometriozy\\\/#breadcrumb\"},\"inLanguage\":\"pl-PL\",\"potentialAction\":[{\"@type\":\"ReadAction\",\"target\":[\"https:\\\/\\\/pans.krosno.pl\\\/poloznictwo\\\/2025\\\/03\\\/30\\\/30-marca-swiatowy-dzien-endometriozy\\\/\"]}]},{\"@type\":\"ImageObject\",\"inLanguage\":\"pl-PL\",\"@id\":\"https:\\\/\\\/pans.krosno.pl\\\/poloznictwo\\\/2025\\\/03\\\/30\\\/30-marca-swiatowy-dzien-endometriozy\\\/#primaryimage\",\"url\":\"https:\\\/\\\/pans.krosno.pl\\\/poloznictwo\\\/wp-content\\\/uploads\\\/sites\\\/59\\\/2025\\\/03\\\/image.png\",\"contentUrl\":\"https:\\\/\\\/pans.krosno.pl\\\/poloznictwo\\\/wp-content\\\/uploads\\\/sites\\\/59\\\/2025\\\/03\\\/image.png\",\"width\":712,\"height\":486},{\"@type\":\"BreadcrumbList\",\"@id\":\"https:\\\/\\\/pans.krosno.pl\\\/poloznictwo\\\/2025\\\/03\\\/30\\\/30-marca-swiatowy-dzien-endometriozy\\\/#breadcrumb\",\"itemListElement\":[{\"@type\":\"ListItem\",\"position\":1,\"name\":\"Strona g\u0142\u00f3wna\",\"item\":\"https:\\\/\\\/pans.krosno.pl\\\/poloznictwo\\\/\"},{\"@type\":\"ListItem\",\"position\":2,\"name\":\"Bez kategorii\",\"item\":\"https:\\\/\\\/pans.krosno.pl\\\/poloznictwo\\\/category\\\/bez-kategorii\\\/\"},{\"@type\":\"ListItem\",\"position\":3,\"name\":\"30 marca \u2013 \u015awiatowy Dzie\u0144 Endometriozy\"}]},{\"@type\":\"WebSite\",\"@id\":\"https:\\\/\\\/pans.krosno.pl\\\/poloznictwo\\\/#website\",\"url\":\"https:\\\/\\\/pans.krosno.pl\\\/poloznictwo\\\/\",\"name\":\"KPU w Kro\u015bnie\",\"description\":\"Po\u0142o\u017cnictwo - Pa\u0144stwowa Akademia Nauk Stosowanych\",\"publisher\":{\"@id\":\"https:\\\/\\\/pans.krosno.pl\\\/poloznictwo\\\/#organization\"},\"potentialAction\":[{\"@type\":\"SearchAction\",\"target\":{\"@type\":\"EntryPoint\",\"urlTemplate\":\"https:\\\/\\\/pans.krosno.pl\\\/poloznictwo\\\/?s={search_term_string}\"},\"query-input\":{\"@type\":\"PropertyValueSpecification\",\"valueRequired\":true,\"valueName\":\"search_term_string\"}}],\"inLanguage\":\"pl-PL\"},{\"@type\":\"Organization\",\"@id\":\"https:\\\/\\\/pans.krosno.pl\\\/poloznictwo\\\/#organization\",\"name\":\"Karpacka Pa\u0144stwowa Uczelnia w Kro\u015bnie\",\"url\":\"https:\\\/\\\/pans.krosno.pl\\\/poloznictwo\\\/\",\"logo\":{\"@type\":\"ImageObject\",\"inLanguage\":\"pl-PL\",\"@id\":\"https:\\\/\\\/pans.krosno.pl\\\/poloznictwo\\\/#\\\/schema\\\/logo\\\/image\\\/\",\"url\":\"https:\\\/\\\/pans.krosno.pl\\\/wp-content\\\/uploads\\\/2020\\\/04\\\/unnamed-1.png\",\"contentUrl\":\"https:\\\/\\\/pans.krosno.pl\\\/wp-content\\\/uploads\\\/2020\\\/04\\\/unnamed-1.png\",\"width\":2238,\"height\":372,\"caption\":\"Karpacka Pa\u0144stwowa Uczelnia w Kro\u015bnie\"},\"image\":{\"@id\":\"https:\\\/\\\/pans.krosno.pl\\\/poloznictwo\\\/#\\\/schema\\\/logo\\\/image\\\/\"},\"sameAs\":[\"https:\\\/\\\/www.facebook.com\\\/StudiaKrosno\\\/\",\"https:\\\/\\\/www.instagram.com\\\/studia.krosno\",\"https:\\\/\\\/pl.linkedin.com\\\/company\\\/pwsz-krosno\",\"https:\\\/\\\/www.youtube.com\\\/user\\\/pwszkrosno\\\/\",\"https:\\\/\\\/pl.wikipedia.org\\\/wiki\\\/Pa\u0144stwowa_Wy\u017csza_Szko\u0142a_Zawodowa_im._Stanis\u0142awa_Pigonia_w_Kro\u015bnie\"]},{\"@type\":\"Person\",\"@id\":\"https:\\\/\\\/pans.krosno.pl\\\/poloznictwo\\\/#\\\/schema\\\/person\\\/5ec8ff27c2b18779d45986f2bb030d18\",\"name\":\"iwonalisowska\",\"image\":{\"@type\":\"ImageObject\",\"inLanguage\":\"pl-PL\",\"@id\":\"https:\\\/\\\/secure.gravatar.com\\\/avatar\\\/df66eee6175485d233aff13b2d852e7559dc34afa8f4267a8d53ef27e21574bd?s=96&d=mm&r=g\",\"url\":\"https:\\\/\\\/secure.gravatar.com\\\/avatar\\\/df66eee6175485d233aff13b2d852e7559dc34afa8f4267a8d53ef27e21574bd?s=96&d=mm&r=g\",\"contentUrl\":\"https:\\\/\\\/secure.gravatar.com\\\/avatar\\\/df66eee6175485d233aff13b2d852e7559dc34afa8f4267a8d53ef27e21574bd?s=96&d=mm&r=g\",\"caption\":\"iwonalisowska\"},\"url\":\"https:\\\/\\\/pans.krosno.pl\\\/poloznictwo\\\/author\\\/iwonalisowska\\\/\"}]}<\/script>\n<!-- \/ Yoast SEO Premium plugin. -->","yoast_head_json":{"title":"30 marca \u2013 \u015awiatowy Dzie\u0144 Endometriozy - Po\u0142o\u017cnictwo PANS w Kro\u015bnie","robots":{"index":"index","follow":"follow","max-snippet":"max-snippet:-1","max-image-preview":"max-image-preview:large","max-video-preview":"max-video-preview:-1"},"canonical":"https:\/\/pans.krosno.pl\/poloznictwo\/2025\/03\/30\/30-marca-swiatowy-dzien-endometriozy\/","og_locale":"pl_PL","og_type":"article","og_title":"30 marca \u2013 \u015awiatowy Dzie\u0144 Endometriozy","og_description":"Endometrioza to przewlek\u0142a choroba, kt\u00f3ra dotyka miliony kobiet na ca\u0142ym \u015bwiecie, powoduj\u0105c dotkliwy b\u00f3l, zm\u0119czenie oraz trudno\u015bci z zaj\u015bciem w ci\u0105\u017c\u0119. Polega na nieprawid\u0142owym rozro\u015bcie b\u0142ony \u015bluzowej macicy (endometrium) poza jej naturalnym miejscem, co prowadzi do stan\u00f3w zapalnych i zrost\u00f3w w organizmie. Objawy endometriozy mog\u0105 obejmowa\u0107:\u2714\ufe0f Silne b\u00f3le menstruacyjne i [\u2026] Read More","og_url":"https:\/\/pans.krosno.pl\/poloznictwo\/2025\/03\/30\/30-marca-swiatowy-dzien-endometriozy\/","og_site_name":"Po\u0142o\u017cnictwo PANS w Kro\u015bnie","article_publisher":"https:\/\/www.facebook.com\/StudiaKrosno\/","article_published_time":"2025-03-30T08:56:00+00:00","article_modified_time":"2025-03-31T10:57:39+00:00","og_image":[{"width":712,"height":486,"url":"https:\/\/pans.krosno.pl\/poloznictwo\/wp-content\/uploads\/sites\/59\/2025\/03\/image.png","type":"image\/png"}],"author":"iwonalisowska","twitter_card":"summary_large_image","twitter_misc":{"Napisane przez":"iwonalisowska","Szacowany czas czytania":"2 minuty"},"schema":{"@context":"https:\/\/schema.org","@graph":[{"@type":"Article","@id":"https:\/\/pans.krosno.pl\/poloznictwo\/2025\/03\/30\/30-marca-swiatowy-dzien-endometriozy\/#article","isPartOf":{"@id":"https:\/\/pans.krosno.pl\/poloznictwo\/2025\/03\/30\/30-marca-swiatowy-dzien-endometriozy\/"},"author":{"name":"iwonalisowska","@id":"https:\/\/pans.krosno.pl\/poloznictwo\/#\/schema\/person\/5ec8ff27c2b18779d45986f2bb030d18"},"headline":"30 marca \u2013 \u015awiatowy Dzie\u0144 Endometriozy","datePublished":"2025-03-30T08:56:00+00:00","dateModified":"2025-03-31T10:57:39+00:00","mainEntityOfPage":{"@id":"https:\/\/pans.krosno.pl\/poloznictwo\/2025\/03\/30\/30-marca-swiatowy-dzien-endometriozy\/"},"wordCount":278,"commentCount":0,"publisher":{"@id":"https:\/\/pans.krosno.pl\/poloznictwo\/#organization"},"image":{"@id":"https:\/\/pans.krosno.pl\/poloznictwo\/2025\/03\/30\/30-marca-swiatowy-dzien-endometriozy\/#primaryimage"},"thumbnailUrl":"https:\/\/pans.krosno.pl\/poloznictwo\/wp-content\/uploads\/sites\/59\/2025\/03\/image.png","articleSection":["Aktualno\u015bci"],"inLanguage":"pl-PL","potentialAction":[{"@type":"CommentAction","name":"Comment","target":["https:\/\/pans.krosno.pl\/poloznictwo\/2025\/03\/30\/30-marca-swiatowy-dzien-endometriozy\/#respond"]}]},{"@type":"WebPage","@id":"https:\/\/pans.krosno.pl\/poloznictwo\/2025\/03\/30\/30-marca-swiatowy-dzien-endometriozy\/","url":"https:\/\/pans.krosno.pl\/poloznictwo\/2025\/03\/30\/30-marca-swiatowy-dzien-endometriozy\/","name":"30 marca \u2013 \u015awiatowy Dzie\u0144 Endometriozy - Po\u0142o\u017cnictwo PANS w Kro\u015bnie","isPartOf":{"@id":"https:\/\/pans.krosno.pl\/poloznictwo\/#website"},"primaryImageOfPage":{"@id":"https:\/\/pans.krosno.pl\/poloznictwo\/2025\/03\/30\/30-marca-swiatowy-dzien-endometriozy\/#primaryimage"},"image":{"@id":"https:\/\/pans.krosno.pl\/poloznictwo\/2025\/03\/30\/30-marca-swiatowy-dzien-endometriozy\/#primaryimage"},"thumbnailUrl":"https:\/\/pans.krosno.pl\/poloznictwo\/wp-content\/uploads\/sites\/59\/2025\/03\/image.png","datePublished":"2025-03-30T08:56:00+00:00","dateModified":"2025-03-31T10:57:39+00:00","breadcrumb":{"@id":"https:\/\/pans.krosno.pl\/poloznictwo\/2025\/03\/30\/30-marca-swiatowy-dzien-endometriozy\/#breadcrumb"},"inLanguage":"pl-PL","potentialAction":[{"@type":"ReadAction","target":["https:\/\/pans.krosno.pl\/poloznictwo\/2025\/03\/30\/30-marca-swiatowy-dzien-endometriozy\/"]}]},{"@type":"ImageObject","inLanguage":"pl-PL","@id":"https:\/\/pans.krosno.pl\/poloznictwo\/2025\/03\/30\/30-marca-swiatowy-dzien-endometriozy\/#primaryimage","url":"https:\/\/pans.krosno.pl\/poloznictwo\/wp-content\/uploads\/sites\/59\/2025\/03\/image.png","contentUrl":"https:\/\/pans.krosno.pl\/poloznictwo\/wp-content\/uploads\/sites\/59\/2025\/03\/image.png","width":712,"height":486},{"@type":"BreadcrumbList","@id":"https:\/\/pans.krosno.pl\/poloznictwo\/2025\/03\/30\/30-marca-swiatowy-dzien-endometriozy\/#breadcrumb","itemListElement":[{"@type":"ListItem","position":1,"name":"Strona g\u0142\u00f3wna","item":"https:\/\/pans.krosno.pl\/poloznictwo\/"},{"@type":"ListItem","position":2,"name":"Bez kategorii","item":"https:\/\/pans.krosno.pl\/poloznictwo\/category\/bez-kategorii\/"},{"@type":"ListItem","position":3,"name":"30 marca \u2013 \u015awiatowy Dzie\u0144 Endometriozy"}]},{"@type":"WebSite","@id":"https:\/\/pans.krosno.pl\/poloznictwo\/#website","url":"https:\/\/pans.krosno.pl\/poloznictwo\/","name":"KPU w Kro\u015bnie","description":"Po\u0142o\u017cnictwo - Pa\u0144stwowa Akademia Nauk Stosowanych","publisher":{"@id":"https:\/\/pans.krosno.pl\/poloznictwo\/#organization"},"potentialAction":[{"@type":"SearchAction","target":{"@type":"EntryPoint","urlTemplate":"https:\/\/pans.krosno.pl\/poloznictwo\/?s={search_term_string}"},"query-input":{"@type":"PropertyValueSpecification","valueRequired":true,"valueName":"search_term_string"}}],"inLanguage":"pl-PL"},{"@type":"Organization","@id":"https:\/\/pans.krosno.pl\/poloznictwo\/#organization","name":"Karpacka Pa\u0144stwowa Uczelnia w Kro\u015bnie","url":"https:\/\/pans.krosno.pl\/poloznictwo\/","logo":{"@type":"ImageObject","inLanguage":"pl-PL","@id":"https:\/\/pans.krosno.pl\/poloznictwo\/#\/schema\/logo\/image\/","url":"https:\/\/pans.krosno.pl\/wp-content\/uploads\/2020\/04\/unnamed-1.png","contentUrl":"https:\/\/pans.krosno.pl\/wp-content\/uploads\/2020\/04\/unnamed-1.png","width":2238,"height":372,"caption":"Karpacka Pa\u0144stwowa Uczelnia w Kro\u015bnie"},"image":{"@id":"https:\/\/pans.krosno.pl\/poloznictwo\/#\/schema\/logo\/image\/"},"sameAs":["https:\/\/www.facebook.com\/StudiaKrosno\/","https:\/\/www.instagram.com\/studia.krosno","https:\/\/pl.linkedin.com\/company\/pwsz-krosno","https:\/\/www.youtube.com\/user\/pwszkrosno\/","https:\/\/pl.wikipedia.org\/wiki\/Pa\u0144stwowa_Wy\u017csza_Szko\u0142a_Zawodowa_im._Stanis\u0142awa_Pigonia_w_Kro\u015bnie"]},{"@type":"Person","@id":"https:\/\/pans.krosno.pl\/poloznictwo\/#\/schema\/person\/5ec8ff27c2b18779d45986f2bb030d18","name":"iwonalisowska","image":{"@type":"ImageObject","inLanguage":"pl-PL","@id":"https:\/\/secure.gravatar.com\/avatar\/df66eee6175485d233aff13b2d852e7559dc34afa8f4267a8d53ef27e21574bd?s=96&d=mm&r=g","url":"https:\/\/secure.gravatar.com\/avatar\/df66eee6175485d233aff13b2d852e7559dc34afa8f4267a8d53ef27e21574bd?s=96&d=mm&r=g","contentUrl":"https:\/\/secure.gravatar.com\/avatar\/df66eee6175485d233aff13b2d852e7559dc34afa8f4267a8d53ef27e21574bd?s=96&d=mm&r=g","caption":"iwonalisowska"},"url":"https:\/\/pans.krosno.pl\/poloznictwo\/author\/iwonalisowska\/"}]}},"_links":{"self":[{"href":"https:\/\/pans.krosno.pl\/poloznictwo\/wp-json\/wp\/v2\/posts\/880","targetHints":{"allow":["GET"]}}],"collection":[{"href":"https:\/\/pans.krosno.pl\/poloznictwo\/wp-json\/wp\/v2\/posts"}],"about":[{"href":"https:\/\/pans.krosno.pl\/poloznictwo\/wp-json\/wp\/v2\/types\/post"}],"author":[{"embeddable":true,"href":"https:\/\/pans.krosno.pl\/poloznictwo\/wp-json\/wp\/v2\/users\/105"}],"replies":[{"embeddable":true,"href":"https:\/\/pans.krosno.pl\/poloznictwo\/wp-json\/wp\/v2\/comments?post=880"}],"version-history":[{"count":3,"href":"https:\/\/pans.krosno.pl\/poloznictwo\/wp-json\/wp\/v2\/posts\/880\/revisions"}],"predecessor-version":[{"id":885,"href":"https:\/\/pans.krosno.pl\/poloznictwo\/wp-json\/wp\/v2\/posts\/880\/revisions\/885"}],"wp:featuredmedia":[{"embeddable":true,"href":"https:\/\/pans.krosno.pl\/poloznictwo\/wp-json\/wp\/v2\/media\/883"}],"wp:attachment":[{"href":"https:\/\/pans.krosno.pl\/poloznictwo\/wp-json\/wp\/v2\/media?parent=880"}],"wp:term":[{"taxonomy":"category","embeddable":true,"href":"https:\/\/pans.krosno.pl\/poloznictwo\/wp-json\/wp\/v2\/categories?post=880"},{"taxonomy":"post_tag","embeddable":true,"href":"https:\/\/pans.krosno.pl\/poloznictwo\/wp-json\/wp\/v2\/tags?post=880"}],"curies":[{"name":"wp","href":"https:\/\/api.w.org\/{rel}","templated":true}]}}