{"id":862,"date":"2025-03-28T09:38:28","date_gmt":"2025-03-28T08:38:28","guid":{"rendered":"https:\/\/pans.krosno.pl\/poloznictwo\/?p=862"},"modified":"2025-03-31T11:01:15","modified_gmt":"2025-03-31T09:01:15","slug":"juz-po-xii-targach-pracy-pans-w-krosnie-i-akademickim-dniu-nauki-bylo-fantastycznie","status":"publish","type":"post","link":"https:\/\/pans.krosno.pl\/poloznictwo\/2025\/03\/28\/juz-po-xii-targach-pracy-pans-w-krosnie-i-akademickim-dniu-nauki-bylo-fantastycznie\/","title":{"rendered":"Ju\u017c po XII Targach pracy PANS w Kro\u015bnie i Akademickim Dniu Nauki- by\u0142o fantastycznie!"},"content":{"rendered":"\n<p>21 marca 2025 roku w Kampusie Techniczno-Sportowym Pa\u0144stwowej Akademii Nauk Stosowanych w Kro\u015bnie odby\u0142y si\u0119 XII Targi Pracy oraz Akademicki Dzie\u0144 Nauki. Wydarzenie przyci\u0105gn\u0119\u0142o 40 wystawc\u00f3w oraz ponad 2000 uczestnik\u00f3w, w tym uczni\u00f3w szk\u00f3\u0142 ponadpodstawowych, student\u00f3w i absolwent\u00f3w.<\/p>\n\n\n\n<p>Dla naszych student\u00f3w kluczowym punktem targ\u00f3w by\u0142y spotkania z potencjalnymi pracodawcami, kt\u00f3rzy przedstawili ofert\u0119 zatrudnienia oraz mo\u017cliwo\u015bci sta\u017cy i praktyk zawodowych. <\/p>\n\n\n\n<p>Studenci podkre\u015blali, \u017ce targi by\u0142y nie tylko szans\u0105 na znalezienie pracy, ale tak\u017ce na zdobycie cennych informacji o realiach zawodu. Mo\u017cliwo\u015b\u0107 rozmowy z specjalistami r\u00f3\u017cnych dziedzin pomog\u0142a im lepiej zrozumie\u0107 oczekiwania rynku oraz dostosowa\u0107 swoje kompetencje do przysz\u0142ych wyzwa\u0144 zawodowych.<\/p>\n\n\n\n<figure class=\"wp-block-image size-large\"><img loading=\"lazy\" decoding=\"async\" width=\"1024\" height=\"685\" src=\"https:\/\/pans.krosno.pl\/poloznictwo\/wp-content\/uploads\/sites\/59\/2025\/03\/received_1035715194572868-1024x685.jpeg\" alt=\"\" class=\"wp-image-864\" srcset=\"https:\/\/pans.krosno.pl\/poloznictwo\/wp-content\/uploads\/sites\/59\/2025\/03\/received_1035715194572868-1024x685.jpeg 1024w, https:\/\/pans.krosno.pl\/poloznictwo\/wp-content\/uploads\/sites\/59\/2025\/03\/received_1035715194572868-300x201.jpeg 300w, https:\/\/pans.krosno.pl\/poloznictwo\/wp-content\/uploads\/sites\/59\/2025\/03\/received_1035715194572868-768x514.jpeg 768w, https:\/\/pans.krosno.pl\/poloznictwo\/wp-content\/uploads\/sites\/59\/2025\/03\/received_1035715194572868-800x535.jpeg 800w, https:\/\/pans.krosno.pl\/poloznictwo\/wp-content\/uploads\/sites\/59\/2025\/03\/received_1035715194572868-580x388.jpeg 580w, https:\/\/pans.krosno.pl\/poloznictwo\/wp-content\/uploads\/sites\/59\/2025\/03\/received_1035715194572868.jpeg 1530w\" sizes=\"auto, (max-width: 1024px) 100vw, 1024px\" \/><\/figure>\n\n\n\n<p>Podczas XII Targ\u00f3w Pracy w PANS Krosno uczniowie szk\u00f3\u0142 ponadpodstawowych mieli wyj\u0105tkow\u0105 okazj\u0119, aby zapozna\u0107 si\u0119 z ofert\u0105 edukacyjn\u0105 uczelni i odkry\u0107 kierunki, kt\u00f3re mog\u0105 sta\u0107 si\u0119 ich przysz\u0142o\u015bci\u0105 zawodow\u0105. <strong>Jednym z  wyr\u00f3\u017cniaj\u0105cych si\u0119 kierunk\u00f3w by\u0142o Po\u0142o\u017cnictwo \u2013 zaw\u00f3d pe\u0142en pasji, odpowiedzialno\u015bci i satysfakcji.<\/strong> A wszystko dzi\u0119ki naszym wspania\u0142ym Studentkom po\u0142o\u017cnictwa z Studenckiego Ko\u0142a Naukowego &#8222;PO\u0141O\u017bNICTWO&#8221;, kt\u00f3re nakre\u015bla\u0142y sylwetk\u0119 po\u0142o\u017cnej, jej znaczenie w opiece nad pacjentk\u0105 w ka\u017cdym okresie \u017cycia.<\/p>\n\n\n\n<p>Nasze studentki edukowa\u0142y na temat samobadania piersi, opieki nad noworodkiem. Pokazywa\u0142y jak wygl\u0105da por\u00f3d oraz wiele innych rzeczy. Odwiedzaj\u0105cy nasze stoisko mieli okazj\u0119 do\u015bwiadczy\u0107 jak to jest by\u0107 w ci\u0105\u017cy oraz ile wa\u017cy brzuch. <\/p>\n\n\n\n<p>W trakcie tak kr\u00f3tkiego dnia by\u0142o wiele \u015bmiechu, \u017cyczliwo\u015bci, ciekawo\u015bci, ogrom g\u0142odu wiedzy w m\u0142odych i tych starszych umys\u0142ach.<\/p>\n\n\n\n<p>Do zobaczenia wkr\u00f3tce \ud83d\udc99<\/p>\n\n\n\n<figure class=\"wp-block-image size-large is-resized\"><img loading=\"lazy\" decoding=\"async\" width=\"768\" height=\"1024\" src=\"https:\/\/pans.krosno.pl\/poloznictwo\/wp-content\/uploads\/sites\/59\/2025\/03\/received_9967716736586186-1-768x1024.jpeg\" alt=\"\" class=\"wp-image-871\" style=\"width:840px;height:auto\" srcset=\"https:\/\/pans.krosno.pl\/poloznictwo\/wp-content\/uploads\/sites\/59\/2025\/03\/received_9967716736586186-1-768x1024.jpeg 768w, https:\/\/pans.krosno.pl\/poloznictwo\/wp-content\/uploads\/sites\/59\/2025\/03\/received_9967716736586186-1-225x300.jpeg 225w, https:\/\/pans.krosno.pl\/poloznictwo\/wp-content\/uploads\/sites\/59\/2025\/03\/received_9967716736586186-1-1152x1536.jpeg 1152w, https:\/\/pans.krosno.pl\/poloznictwo\/wp-content\/uploads\/sites\/59\/2025\/03\/received_9967716736586186-1-800x1067.jpeg 800w, https:\/\/pans.krosno.pl\/poloznictwo\/wp-content\/uploads\/sites\/59\/2025\/03\/received_9967716736586186-1-580x773.jpeg 580w, https:\/\/pans.krosno.pl\/poloznictwo\/wp-content\/uploads\/sites\/59\/2025\/03\/received_9967716736586186-1.jpeg 1536w\" sizes=\"auto, (max-width: 768px) 100vw, 768px\" \/><\/figure>\n\n\n\n<figure class=\"wp-block-image size-large\"><img loading=\"lazy\" decoding=\"async\" width=\"1024\" height=\"683\" src=\"https:\/\/pans.krosno.pl\/poloznictwo\/wp-content\/uploads\/sites\/59\/2025\/03\/DSCF5022-1024x683.jpg\" alt=\"\" class=\"wp-image-863\" srcset=\"https:\/\/pans.krosno.pl\/poloznictwo\/wp-content\/uploads\/sites\/59\/2025\/03\/DSCF5022-1024x683.jpg 1024w, https:\/\/pans.krosno.pl\/poloznictwo\/wp-content\/uploads\/sites\/59\/2025\/03\/DSCF5022-300x200.jpg 300w, https:\/\/pans.krosno.pl\/poloznictwo\/wp-content\/uploads\/sites\/59\/2025\/03\/DSCF5022-768x512.jpg 768w, https:\/\/pans.krosno.pl\/poloznictwo\/wp-content\/uploads\/sites\/59\/2025\/03\/DSCF5022-1536x1024.jpg 1536w, https:\/\/pans.krosno.pl\/poloznictwo\/wp-content\/uploads\/sites\/59\/2025\/03\/DSCF5022-800x533.jpg 800w, https:\/\/pans.krosno.pl\/poloznictwo\/wp-content\/uploads\/sites\/59\/2025\/03\/DSCF5022-580x387.jpg 580w, https:\/\/pans.krosno.pl\/poloznictwo\/wp-content\/uploads\/sites\/59\/2025\/03\/DSCF5022.jpg 1800w\" sizes=\"auto, (max-width: 1024px) 100vw, 1024px\" \/><\/figure>\n\n\n\n<figure class=\"wp-block-gallery has-nested-images columns-default is-cropped wp-block-gallery-1 is-layout-flex wp-block-gallery-is-layout-flex\">\n<figure class=\"wp-block-image size-large\"><img loading=\"lazy\" decoding=\"async\" width=\"768\" height=\"1024\" data-id=\"866\" src=\"https:\/\/pans.krosno.pl\/poloznictwo\/wp-content\/uploads\/sites\/59\/2025\/03\/received_499578939888733-768x1024.jpeg\" alt=\"\" class=\"wp-image-866\" srcset=\"https:\/\/pans.krosno.pl\/poloznictwo\/wp-content\/uploads\/sites\/59\/2025\/03\/received_499578939888733-768x1024.jpeg 768w, https:\/\/pans.krosno.pl\/poloznictwo\/wp-content\/uploads\/sites\/59\/2025\/03\/received_499578939888733-225x300.jpeg 225w, https:\/\/pans.krosno.pl\/poloznictwo\/wp-content\/uploads\/sites\/59\/2025\/03\/received_499578939888733-1152x1536.jpeg 1152w, https:\/\/pans.krosno.pl\/poloznictwo\/wp-content\/uploads\/sites\/59\/2025\/03\/received_499578939888733-800x1067.jpeg 800w, https:\/\/pans.krosno.pl\/poloznictwo\/wp-content\/uploads\/sites\/59\/2025\/03\/received_499578939888733-580x773.jpeg 580w, https:\/\/pans.krosno.pl\/poloznictwo\/wp-content\/uploads\/sites\/59\/2025\/03\/received_499578939888733.jpeg 1500w\" sizes=\"auto, (max-width: 768px) 100vw, 768px\" \/><\/figure>\n<\/figure>\n\n\n\n<figure class=\"wp-block-image size-large\"><img loading=\"lazy\" decoding=\"async\" width=\"1024\" height=\"768\" src=\"https:\/\/pans.krosno.pl\/poloznictwo\/wp-content\/uploads\/sites\/59\/2025\/03\/received_657117083395046-1024x768.jpeg\" alt=\"\" class=\"wp-image-872\" srcset=\"https:\/\/pans.krosno.pl\/poloznictwo\/wp-content\/uploads\/sites\/59\/2025\/03\/received_657117083395046-1024x768.jpeg 1024w, https:\/\/pans.krosno.pl\/poloznictwo\/wp-content\/uploads\/sites\/59\/2025\/03\/received_657117083395046-300x225.jpeg 300w, https:\/\/pans.krosno.pl\/poloznictwo\/wp-content\/uploads\/sites\/59\/2025\/03\/received_657117083395046-768x576.jpeg 768w, https:\/\/pans.krosno.pl\/poloznictwo\/wp-content\/uploads\/sites\/59\/2025\/03\/received_657117083395046-1536x1152.jpeg 1536w, https:\/\/pans.krosno.pl\/poloznictwo\/wp-content\/uploads\/sites\/59\/2025\/03\/received_657117083395046-2000x1500.jpeg 2000w, https:\/\/pans.krosno.pl\/poloznictwo\/wp-content\/uploads\/sites\/59\/2025\/03\/received_657117083395046-800x600.jpeg 800w, https:\/\/pans.krosno.pl\/poloznictwo\/wp-content\/uploads\/sites\/59\/2025\/03\/received_657117083395046-580x435.jpeg 580w, https:\/\/pans.krosno.pl\/poloznictwo\/wp-content\/uploads\/sites\/59\/2025\/03\/received_657117083395046.jpeg 2048w\" sizes=\"auto, (max-width: 1024px) 100vw, 1024px\" \/><\/figure>\n\n\n\n<figure class=\"wp-block-gallery has-nested-images columns-default is-cropped wp-block-gallery-2 is-layout-flex wp-block-gallery-is-layout-flex\">\n<figure class=\"wp-block-image size-large\"><img loading=\"lazy\" decoding=\"async\" width=\"768\" height=\"1024\" data-id=\"869\" src=\"https:\/\/pans.krosno.pl\/poloznictwo\/wp-content\/uploads\/sites\/59\/2025\/03\/received_676534474728569-1-768x1024.jpeg\" alt=\"\" class=\"wp-image-869\" srcset=\"https:\/\/pans.krosno.pl\/poloznictwo\/wp-content\/uploads\/sites\/59\/2025\/03\/received_676534474728569-1-768x1024.jpeg 768w, https:\/\/pans.krosno.pl\/poloznictwo\/wp-content\/uploads\/sites\/59\/2025\/03\/received_676534474728569-1-225x300.jpeg 225w, https:\/\/pans.krosno.pl\/poloznictwo\/wp-content\/uploads\/sites\/59\/2025\/03\/received_676534474728569-1-1152x1536.jpeg 1152w, https:\/\/pans.krosno.pl\/poloznictwo\/wp-content\/uploads\/sites\/59\/2025\/03\/received_676534474728569-1-800x1067.jpeg 800w, https:\/\/pans.krosno.pl\/poloznictwo\/wp-content\/uploads\/sites\/59\/2025\/03\/received_676534474728569-1-580x773.jpeg 580w, https:\/\/pans.krosno.pl\/poloznictwo\/wp-content\/uploads\/sites\/59\/2025\/03\/received_676534474728569-1.jpeg 1500w\" sizes=\"auto, (max-width: 768px) 100vw, 768px\" \/><\/figure>\n\n\n\n<figure class=\"wp-block-image size-large\"><img loading=\"lazy\" decoding=\"async\" width=\"768\" height=\"1024\" data-id=\"868\" src=\"https:\/\/pans.krosno.pl\/poloznictwo\/wp-content\/uploads\/sites\/59\/2025\/03\/received_3960415047620137-768x1024.jpeg\" alt=\"\" class=\"wp-image-868\" srcset=\"https:\/\/pans.krosno.pl\/poloznictwo\/wp-content\/uploads\/sites\/59\/2025\/03\/received_3960415047620137-768x1024.jpeg 768w, https:\/\/pans.krosno.pl\/poloznictwo\/wp-content\/uploads\/sites\/59\/2025\/03\/received_3960415047620137-225x300.jpeg 225w, https:\/\/pans.krosno.pl\/poloznictwo\/wp-content\/uploads\/sites\/59\/2025\/03\/received_3960415047620137-1152x1536.jpeg 1152w, https:\/\/pans.krosno.pl\/poloznictwo\/wp-content\/uploads\/sites\/59\/2025\/03\/received_3960415047620137-800x1067.jpeg 800w, https:\/\/pans.krosno.pl\/poloznictwo\/wp-content\/uploads\/sites\/59\/2025\/03\/received_3960415047620137-580x773.jpeg 580w, https:\/\/pans.krosno.pl\/poloznictwo\/wp-content\/uploads\/sites\/59\/2025\/03\/received_3960415047620137.jpeg 1536w\" sizes=\"auto, (max-width: 768px) 100vw, 768px\" \/><\/figure>\n<\/figure>\n","protected":false},"excerpt":{"rendered":"<p>21 marca 2025 roku w Kampusie Techniczno-Sportowym Pa\u0144stwowej Akademii Nauk Stosowanych w Kro\u015bnie odby\u0142y si\u0119 XII Targi Pracy oraz Akademicki Dzie\u0144 Nauki. Wydarzenie przyci\u0105gn\u0119\u0142o 40 wystawc\u00f3w oraz ponad 2000 uczestnik\u00f3w, w tym uczni\u00f3w szk\u00f3\u0142 ponadpodstawowych, student\u00f3w i absolwent\u00f3w. Dla naszych student\u00f3w kluczowym punktem targ\u00f3w by\u0142y spotkania z potencjalnymi pracodawcami, kt\u00f3rzy [\u2026] <\/p>\n<div class=\"clear\"><\/div>\n<p><a class=\"more_link clearfix\" href=\"https:\/\/pans.krosno.pl\/poloznictwo\/2025\/03\/28\/juz-po-xii-targach-pracy-pans-w-krosnie-i-akademickim-dniu-nauki-bylo-fantastycznie\/\" rel=\"nofollow\">Read More<\/a><\/p>\n","protected":false},"author":105,"featured_media":864,"comment_status":"open","ping_status":"open","sticky":false,"template":"","format":"standard","meta":{"ngg_post_thumbnail":0,"footnotes":""},"categories":[11],"tags":[],"class_list":["post-862","post","type-post","status-publish","format-standard","has-post-thumbnail","hentry","category-aktualnosci"],"yoast_head":"<!-- This site is optimized with the Yoast SEO Premium plugin v27.4 (Yoast SEO v27.4) - https:\/\/yoast.com\/product\/yoast-seo-premium-wordpress\/ -->\n<title>Ju\u017c po XII Targach pracy PANS w Kro\u015bnie i Akademickim Dniu Nauki- by\u0142o fantastycznie! - Po\u0142o\u017cnictwo PANS w Kro\u015bnie<\/title>\n<meta name=\"robots\" content=\"index, follow, max-snippet:-1, max-image-preview:large, max-video-preview:-1\" \/>\n<link rel=\"canonical\" href=\"https:\/\/pans.krosno.pl\/poloznictwo\/2025\/03\/28\/juz-po-xii-targach-pracy-pans-w-krosnie-i-akademickim-dniu-nauki-bylo-fantastycznie\/\" \/>\n<meta property=\"og:locale\" content=\"pl_PL\" \/>\n<meta property=\"og:type\" content=\"article\" \/>\n<meta property=\"og:title\" content=\"Ju\u017c po XII Targach pracy PANS w Kro\u015bnie i Akademickim Dniu Nauki- by\u0142o fantastycznie!\" \/>\n<meta property=\"og:description\" content=\"21 marca 2025 roku w Kampusie Techniczno-Sportowym Pa\u0144stwowej Akademii Nauk Stosowanych w Kro\u015bnie odby\u0142y si\u0119 XII Targi Pracy oraz Akademicki Dzie\u0144 Nauki. Wydarzenie przyci\u0105gn\u0119\u0142o 40 wystawc\u00f3w oraz ponad 2000 uczestnik\u00f3w, w tym uczni\u00f3w szk\u00f3\u0142 ponadpodstawowych, student\u00f3w i absolwent\u00f3w. Dla naszych student\u00f3w kluczowym punktem targ\u00f3w by\u0142y spotkania z potencjalnymi pracodawcami, kt\u00f3rzy [\u2026] Read More\" \/>\n<meta property=\"og:url\" content=\"https:\/\/pans.krosno.pl\/poloznictwo\/2025\/03\/28\/juz-po-xii-targach-pracy-pans-w-krosnie-i-akademickim-dniu-nauki-bylo-fantastycznie\/\" \/>\n<meta property=\"og:site_name\" content=\"Po\u0142o\u017cnictwo PANS w Kro\u015bnie\" \/>\n<meta property=\"article:publisher\" content=\"https:\/\/www.facebook.com\/StudiaKrosno\/\" \/>\n<meta property=\"article:published_time\" content=\"2025-03-28T08:38:28+00:00\" \/>\n<meta property=\"article:modified_time\" content=\"2025-03-31T09:01:15+00:00\" \/>\n<meta property=\"og:image\" content=\"https:\/\/pans.krosno.pl\/poloznictwo\/wp-content\/uploads\/sites\/59\/2025\/03\/received_1035715194572868.jpeg\" \/>\n\t<meta property=\"og:image:width\" content=\"1530\" \/>\n\t<meta property=\"og:image:height\" content=\"1023\" \/>\n\t<meta property=\"og:image:type\" content=\"image\/jpeg\" \/>\n<meta name=\"author\" content=\"iwonalisowska\" \/>\n<meta name=\"twitter:card\" content=\"summary_large_image\" \/>\n<meta name=\"twitter:label1\" content=\"Napisane przez\" \/>\n\t<meta name=\"twitter:data1\" content=\"iwonalisowska\" \/>\n\t<meta name=\"twitter:label2\" content=\"Szacowany czas czytania\" \/>\n\t<meta name=\"twitter:data2\" content=\"3 minuty\" \/>\n<script type=\"application\/ld+json\" class=\"yoast-schema-graph\">{\"@context\":\"https:\\\/\\\/schema.org\",\"@graph\":[{\"@type\":\"Article\",\"@id\":\"https:\\\/\\\/pans.krosno.pl\\\/poloznictwo\\\/2025\\\/03\\\/28\\\/juz-po-xii-targach-pracy-pans-w-krosnie-i-akademickim-dniu-nauki-bylo-fantastycznie\\\/#article\",\"isPartOf\":{\"@id\":\"https:\\\/\\\/pans.krosno.pl\\\/poloznictwo\\\/2025\\\/03\\\/28\\\/juz-po-xii-targach-pracy-pans-w-krosnie-i-akademickim-dniu-nauki-bylo-fantastycznie\\\/\"},\"author\":{\"name\":\"iwonalisowska\",\"@id\":\"https:\\\/\\\/pans.krosno.pl\\\/poloznictwo\\\/#\\\/schema\\\/person\\\/5ec8ff27c2b18779d45986f2bb030d18\"},\"headline\":\"Ju\u017c po XII Targach pracy PANS w Kro\u015bnie i Akademickim Dniu Nauki- by\u0142o fantastycznie!\",\"datePublished\":\"2025-03-28T08:38:28+00:00\",\"dateModified\":\"2025-03-31T09:01:15+00:00\",\"mainEntityOfPage\":{\"@id\":\"https:\\\/\\\/pans.krosno.pl\\\/poloznictwo\\\/2025\\\/03\\\/28\\\/juz-po-xii-targach-pracy-pans-w-krosnie-i-akademickim-dniu-nauki-bylo-fantastycznie\\\/\"},\"wordCount\":303,\"commentCount\":0,\"publisher\":{\"@id\":\"https:\\\/\\\/pans.krosno.pl\\\/poloznictwo\\\/#organization\"},\"image\":{\"@id\":\"https:\\\/\\\/pans.krosno.pl\\\/poloznictwo\\\/2025\\\/03\\\/28\\\/juz-po-xii-targach-pracy-pans-w-krosnie-i-akademickim-dniu-nauki-bylo-fantastycznie\\\/#primaryimage\"},\"thumbnailUrl\":\"https:\\\/\\\/pans.krosno.pl\\\/poloznictwo\\\/wp-content\\\/uploads\\\/sites\\\/59\\\/2025\\\/03\\\/received_1035715194572868.jpeg\",\"articleSection\":[\"Aktualno\u015bci\"],\"inLanguage\":\"pl-PL\",\"potentialAction\":[{\"@type\":\"CommentAction\",\"name\":\"Comment\",\"target\":[\"https:\\\/\\\/pans.krosno.pl\\\/poloznictwo\\\/2025\\\/03\\\/28\\\/juz-po-xii-targach-pracy-pans-w-krosnie-i-akademickim-dniu-nauki-bylo-fantastycznie\\\/#respond\"]}]},{\"@type\":\"WebPage\",\"@id\":\"https:\\\/\\\/pans.krosno.pl\\\/poloznictwo\\\/2025\\\/03\\\/28\\\/juz-po-xii-targach-pracy-pans-w-krosnie-i-akademickim-dniu-nauki-bylo-fantastycznie\\\/\",\"url\":\"https:\\\/\\\/pans.krosno.pl\\\/poloznictwo\\\/2025\\\/03\\\/28\\\/juz-po-xii-targach-pracy-pans-w-krosnie-i-akademickim-dniu-nauki-bylo-fantastycznie\\\/\",\"name\":\"Ju\u017c po XII Targach pracy PANS w Kro\u015bnie i Akademickim Dniu Nauki- by\u0142o fantastycznie! - Po\u0142o\u017cnictwo PANS w Kro\u015bnie\",\"isPartOf\":{\"@id\":\"https:\\\/\\\/pans.krosno.pl\\\/poloznictwo\\\/#website\"},\"primaryImageOfPage\":{\"@id\":\"https:\\\/\\\/pans.krosno.pl\\\/poloznictwo\\\/2025\\\/03\\\/28\\\/juz-po-xii-targach-pracy-pans-w-krosnie-i-akademickim-dniu-nauki-bylo-fantastycznie\\\/#primaryimage\"},\"image\":{\"@id\":\"https:\\\/\\\/pans.krosno.pl\\\/poloznictwo\\\/2025\\\/03\\\/28\\\/juz-po-xii-targach-pracy-pans-w-krosnie-i-akademickim-dniu-nauki-bylo-fantastycznie\\\/#primaryimage\"},\"thumbnailUrl\":\"https:\\\/\\\/pans.krosno.pl\\\/poloznictwo\\\/wp-content\\\/uploads\\\/sites\\\/59\\\/2025\\\/03\\\/received_1035715194572868.jpeg\",\"datePublished\":\"2025-03-28T08:38:28+00:00\",\"dateModified\":\"2025-03-31T09:01:15+00:00\",\"breadcrumb\":{\"@id\":\"https:\\\/\\\/pans.krosno.pl\\\/poloznictwo\\\/2025\\\/03\\\/28\\\/juz-po-xii-targach-pracy-pans-w-krosnie-i-akademickim-dniu-nauki-bylo-fantastycznie\\\/#breadcrumb\"},\"inLanguage\":\"pl-PL\",\"potentialAction\":[{\"@type\":\"ReadAction\",\"target\":[\"https:\\\/\\\/pans.krosno.pl\\\/poloznictwo\\\/2025\\\/03\\\/28\\\/juz-po-xii-targach-pracy-pans-w-krosnie-i-akademickim-dniu-nauki-bylo-fantastycznie\\\/\"]}]},{\"@type\":\"ImageObject\",\"inLanguage\":\"pl-PL\",\"@id\":\"https:\\\/\\\/pans.krosno.pl\\\/poloznictwo\\\/2025\\\/03\\\/28\\\/juz-po-xii-targach-pracy-pans-w-krosnie-i-akademickim-dniu-nauki-bylo-fantastycznie\\\/#primaryimage\",\"url\":\"https:\\\/\\\/pans.krosno.pl\\\/poloznictwo\\\/wp-content\\\/uploads\\\/sites\\\/59\\\/2025\\\/03\\\/received_1035715194572868.jpeg\",\"contentUrl\":\"https:\\\/\\\/pans.krosno.pl\\\/poloznictwo\\\/wp-content\\\/uploads\\\/sites\\\/59\\\/2025\\\/03\\\/received_1035715194572868.jpeg\",\"width\":1530,\"height\":1023},{\"@type\":\"BreadcrumbList\",\"@id\":\"https:\\\/\\\/pans.krosno.pl\\\/poloznictwo\\\/2025\\\/03\\\/28\\\/juz-po-xii-targach-pracy-pans-w-krosnie-i-akademickim-dniu-nauki-bylo-fantastycznie\\\/#breadcrumb\",\"itemListElement\":[{\"@type\":\"ListItem\",\"position\":1,\"name\":\"Strona g\u0142\u00f3wna\",\"item\":\"https:\\\/\\\/pans.krosno.pl\\\/poloznictwo\\\/\"},{\"@type\":\"ListItem\",\"position\":2,\"name\":\"Aktualno\u015bci\",\"item\":\"https:\\\/\\\/pans.krosno.pl\\\/poloznictwo\\\/category\\\/aktualnosci\\\/\"},{\"@type\":\"ListItem\",\"position\":3,\"name\":\"Ju\u017c po XII Targach pracy PANS w Kro\u015bnie i Akademickim Dniu Nauki- by\u0142o fantastycznie!\"}]},{\"@type\":\"WebSite\",\"@id\":\"https:\\\/\\\/pans.krosno.pl\\\/poloznictwo\\\/#website\",\"url\":\"https:\\\/\\\/pans.krosno.pl\\\/poloznictwo\\\/\",\"name\":\"KPU w Kro\u015bnie\",\"description\":\"Po\u0142o\u017cnictwo - Pa\u0144stwowa Akademia Nauk Stosowanych\",\"publisher\":{\"@id\":\"https:\\\/\\\/pans.krosno.pl\\\/poloznictwo\\\/#organization\"},\"potentialAction\":[{\"@type\":\"SearchAction\",\"target\":{\"@type\":\"EntryPoint\",\"urlTemplate\":\"https:\\\/\\\/pans.krosno.pl\\\/poloznictwo\\\/?s={search_term_string}\"},\"query-input\":{\"@type\":\"PropertyValueSpecification\",\"valueRequired\":true,\"valueName\":\"search_term_string\"}}],\"inLanguage\":\"pl-PL\"},{\"@type\":\"Organization\",\"@id\":\"https:\\\/\\\/pans.krosno.pl\\\/poloznictwo\\\/#organization\",\"name\":\"Karpacka Pa\u0144stwowa Uczelnia w Kro\u015bnie\",\"url\":\"https:\\\/\\\/pans.krosno.pl\\\/poloznictwo\\\/\",\"logo\":{\"@type\":\"ImageObject\",\"inLanguage\":\"pl-PL\",\"@id\":\"https:\\\/\\\/pans.krosno.pl\\\/poloznictwo\\\/#\\\/schema\\\/logo\\\/image\\\/\",\"url\":\"https:\\\/\\\/pans.krosno.pl\\\/wp-content\\\/uploads\\\/2020\\\/04\\\/unnamed-1.png\",\"contentUrl\":\"https:\\\/\\\/pans.krosno.pl\\\/wp-content\\\/uploads\\\/2020\\\/04\\\/unnamed-1.png\",\"width\":2238,\"height\":372,\"caption\":\"Karpacka Pa\u0144stwowa Uczelnia w Kro\u015bnie\"},\"image\":{\"@id\":\"https:\\\/\\\/pans.krosno.pl\\\/poloznictwo\\\/#\\\/schema\\\/logo\\\/image\\\/\"},\"sameAs\":[\"https:\\\/\\\/www.facebook.com\\\/StudiaKrosno\\\/\",\"https:\\\/\\\/www.instagram.com\\\/studia.krosno\",\"https:\\\/\\\/pl.linkedin.com\\\/company\\\/pwsz-krosno\",\"https:\\\/\\\/www.youtube.com\\\/user\\\/pwszkrosno\\\/\",\"https:\\\/\\\/pl.wikipedia.org\\\/wiki\\\/Pa\u0144stwowa_Wy\u017csza_Szko\u0142a_Zawodowa_im._Stanis\u0142awa_Pigonia_w_Kro\u015bnie\"]},{\"@type\":\"Person\",\"@id\":\"https:\\\/\\\/pans.krosno.pl\\\/poloznictwo\\\/#\\\/schema\\\/person\\\/5ec8ff27c2b18779d45986f2bb030d18\",\"name\":\"iwonalisowska\",\"image\":{\"@type\":\"ImageObject\",\"inLanguage\":\"pl-PL\",\"@id\":\"https:\\\/\\\/secure.gravatar.com\\\/avatar\\\/df66eee6175485d233aff13b2d852e7559dc34afa8f4267a8d53ef27e21574bd?s=96&d=mm&r=g\",\"url\":\"https:\\\/\\\/secure.gravatar.com\\\/avatar\\\/df66eee6175485d233aff13b2d852e7559dc34afa8f4267a8d53ef27e21574bd?s=96&d=mm&r=g\",\"contentUrl\":\"https:\\\/\\\/secure.gravatar.com\\\/avatar\\\/df66eee6175485d233aff13b2d852e7559dc34afa8f4267a8d53ef27e21574bd?s=96&d=mm&r=g\",\"caption\":\"iwonalisowska\"},\"url\":\"https:\\\/\\\/pans.krosno.pl\\\/poloznictwo\\\/author\\\/iwonalisowska\\\/\"}]}<\/script>\n<!-- \/ Yoast SEO Premium plugin. -->","yoast_head_json":{"title":"Ju\u017c po XII Targach pracy PANS w Kro\u015bnie i Akademickim Dniu Nauki- by\u0142o fantastycznie! - Po\u0142o\u017cnictwo PANS w Kro\u015bnie","robots":{"index":"index","follow":"follow","max-snippet":"max-snippet:-1","max-image-preview":"max-image-preview:large","max-video-preview":"max-video-preview:-1"},"canonical":"https:\/\/pans.krosno.pl\/poloznictwo\/2025\/03\/28\/juz-po-xii-targach-pracy-pans-w-krosnie-i-akademickim-dniu-nauki-bylo-fantastycznie\/","og_locale":"pl_PL","og_type":"article","og_title":"Ju\u017c po XII Targach pracy PANS w Kro\u015bnie i Akademickim Dniu Nauki- by\u0142o fantastycznie!","og_description":"21 marca 2025 roku w Kampusie Techniczno-Sportowym Pa\u0144stwowej Akademii Nauk Stosowanych w Kro\u015bnie odby\u0142y si\u0119 XII Targi Pracy oraz Akademicki Dzie\u0144 Nauki. Wydarzenie przyci\u0105gn\u0119\u0142o 40 wystawc\u00f3w oraz ponad 2000 uczestnik\u00f3w, w tym uczni\u00f3w szk\u00f3\u0142 ponadpodstawowych, student\u00f3w i absolwent\u00f3w. Dla naszych student\u00f3w kluczowym punktem targ\u00f3w by\u0142y spotkania z potencjalnymi pracodawcami, kt\u00f3rzy [\u2026] Read More","og_url":"https:\/\/pans.krosno.pl\/poloznictwo\/2025\/03\/28\/juz-po-xii-targach-pracy-pans-w-krosnie-i-akademickim-dniu-nauki-bylo-fantastycznie\/","og_site_name":"Po\u0142o\u017cnictwo PANS w Kro\u015bnie","article_publisher":"https:\/\/www.facebook.com\/StudiaKrosno\/","article_published_time":"2025-03-28T08:38:28+00:00","article_modified_time":"2025-03-31T09:01:15+00:00","og_image":[{"width":1530,"height":1023,"url":"https:\/\/pans.krosno.pl\/poloznictwo\/wp-content\/uploads\/sites\/59\/2025\/03\/received_1035715194572868.jpeg","type":"image\/jpeg"}],"author":"iwonalisowska","twitter_card":"summary_large_image","twitter_misc":{"Napisane przez":"iwonalisowska","Szacowany czas czytania":"3 minuty"},"schema":{"@context":"https:\/\/schema.org","@graph":[{"@type":"Article","@id":"https:\/\/pans.krosno.pl\/poloznictwo\/2025\/03\/28\/juz-po-xii-targach-pracy-pans-w-krosnie-i-akademickim-dniu-nauki-bylo-fantastycznie\/#article","isPartOf":{"@id":"https:\/\/pans.krosno.pl\/poloznictwo\/2025\/03\/28\/juz-po-xii-targach-pracy-pans-w-krosnie-i-akademickim-dniu-nauki-bylo-fantastycznie\/"},"author":{"name":"iwonalisowska","@id":"https:\/\/pans.krosno.pl\/poloznictwo\/#\/schema\/person\/5ec8ff27c2b18779d45986f2bb030d18"},"headline":"Ju\u017c po XII Targach pracy PANS w Kro\u015bnie i Akademickim Dniu Nauki- by\u0142o fantastycznie!","datePublished":"2025-03-28T08:38:28+00:00","dateModified":"2025-03-31T09:01:15+00:00","mainEntityOfPage":{"@id":"https:\/\/pans.krosno.pl\/poloznictwo\/2025\/03\/28\/juz-po-xii-targach-pracy-pans-w-krosnie-i-akademickim-dniu-nauki-bylo-fantastycznie\/"},"wordCount":303,"commentCount":0,"publisher":{"@id":"https:\/\/pans.krosno.pl\/poloznictwo\/#organization"},"image":{"@id":"https:\/\/pans.krosno.pl\/poloznictwo\/2025\/03\/28\/juz-po-xii-targach-pracy-pans-w-krosnie-i-akademickim-dniu-nauki-bylo-fantastycznie\/#primaryimage"},"thumbnailUrl":"https:\/\/pans.krosno.pl\/poloznictwo\/wp-content\/uploads\/sites\/59\/2025\/03\/received_1035715194572868.jpeg","articleSection":["Aktualno\u015bci"],"inLanguage":"pl-PL","potentialAction":[{"@type":"CommentAction","name":"Comment","target":["https:\/\/pans.krosno.pl\/poloznictwo\/2025\/03\/28\/juz-po-xii-targach-pracy-pans-w-krosnie-i-akademickim-dniu-nauki-bylo-fantastycznie\/#respond"]}]},{"@type":"WebPage","@id":"https:\/\/pans.krosno.pl\/poloznictwo\/2025\/03\/28\/juz-po-xii-targach-pracy-pans-w-krosnie-i-akademickim-dniu-nauki-bylo-fantastycznie\/","url":"https:\/\/pans.krosno.pl\/poloznictwo\/2025\/03\/28\/juz-po-xii-targach-pracy-pans-w-krosnie-i-akademickim-dniu-nauki-bylo-fantastycznie\/","name":"Ju\u017c po XII Targach pracy PANS w Kro\u015bnie i Akademickim Dniu Nauki- by\u0142o fantastycznie! - Po\u0142o\u017cnictwo PANS w Kro\u015bnie","isPartOf":{"@id":"https:\/\/pans.krosno.pl\/poloznictwo\/#website"},"primaryImageOfPage":{"@id":"https:\/\/pans.krosno.pl\/poloznictwo\/2025\/03\/28\/juz-po-xii-targach-pracy-pans-w-krosnie-i-akademickim-dniu-nauki-bylo-fantastycznie\/#primaryimage"},"image":{"@id":"https:\/\/pans.krosno.pl\/poloznictwo\/2025\/03\/28\/juz-po-xii-targach-pracy-pans-w-krosnie-i-akademickim-dniu-nauki-bylo-fantastycznie\/#primaryimage"},"thumbnailUrl":"https:\/\/pans.krosno.pl\/poloznictwo\/wp-content\/uploads\/sites\/59\/2025\/03\/received_1035715194572868.jpeg","datePublished":"2025-03-28T08:38:28+00:00","dateModified":"2025-03-31T09:01:15+00:00","breadcrumb":{"@id":"https:\/\/pans.krosno.pl\/poloznictwo\/2025\/03\/28\/juz-po-xii-targach-pracy-pans-w-krosnie-i-akademickim-dniu-nauki-bylo-fantastycznie\/#breadcrumb"},"inLanguage":"pl-PL","potentialAction":[{"@type":"ReadAction","target":["https:\/\/pans.krosno.pl\/poloznictwo\/2025\/03\/28\/juz-po-xii-targach-pracy-pans-w-krosnie-i-akademickim-dniu-nauki-bylo-fantastycznie\/"]}]},{"@type":"ImageObject","inLanguage":"pl-PL","@id":"https:\/\/pans.krosno.pl\/poloznictwo\/2025\/03\/28\/juz-po-xii-targach-pracy-pans-w-krosnie-i-akademickim-dniu-nauki-bylo-fantastycznie\/#primaryimage","url":"https:\/\/pans.krosno.pl\/poloznictwo\/wp-content\/uploads\/sites\/59\/2025\/03\/received_1035715194572868.jpeg","contentUrl":"https:\/\/pans.krosno.pl\/poloznictwo\/wp-content\/uploads\/sites\/59\/2025\/03\/received_1035715194572868.jpeg","width":1530,"height":1023},{"@type":"BreadcrumbList","@id":"https:\/\/pans.krosno.pl\/poloznictwo\/2025\/03\/28\/juz-po-xii-targach-pracy-pans-w-krosnie-i-akademickim-dniu-nauki-bylo-fantastycznie\/#breadcrumb","itemListElement":[{"@type":"ListItem","position":1,"name":"Strona g\u0142\u00f3wna","item":"https:\/\/pans.krosno.pl\/poloznictwo\/"},{"@type":"ListItem","position":2,"name":"Aktualno\u015bci","item":"https:\/\/pans.krosno.pl\/poloznictwo\/category\/aktualnosci\/"},{"@type":"ListItem","position":3,"name":"Ju\u017c po XII Targach pracy PANS w Kro\u015bnie i Akademickim Dniu Nauki- by\u0142o fantastycznie!"}]},{"@type":"WebSite","@id":"https:\/\/pans.krosno.pl\/poloznictwo\/#website","url":"https:\/\/pans.krosno.pl\/poloznictwo\/","name":"KPU w Kro\u015bnie","description":"Po\u0142o\u017cnictwo - Pa\u0144stwowa Akademia Nauk Stosowanych","publisher":{"@id":"https:\/\/pans.krosno.pl\/poloznictwo\/#organization"},"potentialAction":[{"@type":"SearchAction","target":{"@type":"EntryPoint","urlTemplate":"https:\/\/pans.krosno.pl\/poloznictwo\/?s={search_term_string}"},"query-input":{"@type":"PropertyValueSpecification","valueRequired":true,"valueName":"search_term_string"}}],"inLanguage":"pl-PL"},{"@type":"Organization","@id":"https:\/\/pans.krosno.pl\/poloznictwo\/#organization","name":"Karpacka Pa\u0144stwowa Uczelnia w Kro\u015bnie","url":"https:\/\/pans.krosno.pl\/poloznictwo\/","logo":{"@type":"ImageObject","inLanguage":"pl-PL","@id":"https:\/\/pans.krosno.pl\/poloznictwo\/#\/schema\/logo\/image\/","url":"https:\/\/pans.krosno.pl\/wp-content\/uploads\/2020\/04\/unnamed-1.png","contentUrl":"https:\/\/pans.krosno.pl\/wp-content\/uploads\/2020\/04\/unnamed-1.png","width":2238,"height":372,"caption":"Karpacka Pa\u0144stwowa Uczelnia w Kro\u015bnie"},"image":{"@id":"https:\/\/pans.krosno.pl\/poloznictwo\/#\/schema\/logo\/image\/"},"sameAs":["https:\/\/www.facebook.com\/StudiaKrosno\/","https:\/\/www.instagram.com\/studia.krosno","https:\/\/pl.linkedin.com\/company\/pwsz-krosno","https:\/\/www.youtube.com\/user\/pwszkrosno\/","https:\/\/pl.wikipedia.org\/wiki\/Pa\u0144stwowa_Wy\u017csza_Szko\u0142a_Zawodowa_im._Stanis\u0142awa_Pigonia_w_Kro\u015bnie"]},{"@type":"Person","@id":"https:\/\/pans.krosno.pl\/poloznictwo\/#\/schema\/person\/5ec8ff27c2b18779d45986f2bb030d18","name":"iwonalisowska","image":{"@type":"ImageObject","inLanguage":"pl-PL","@id":"https:\/\/secure.gravatar.com\/avatar\/df66eee6175485d233aff13b2d852e7559dc34afa8f4267a8d53ef27e21574bd?s=96&d=mm&r=g","url":"https:\/\/secure.gravatar.com\/avatar\/df66eee6175485d233aff13b2d852e7559dc34afa8f4267a8d53ef27e21574bd?s=96&d=mm&r=g","contentUrl":"https:\/\/secure.gravatar.com\/avatar\/df66eee6175485d233aff13b2d852e7559dc34afa8f4267a8d53ef27e21574bd?s=96&d=mm&r=g","caption":"iwonalisowska"},"url":"https:\/\/pans.krosno.pl\/poloznictwo\/author\/iwonalisowska\/"}]}},"_links":{"self":[{"href":"https:\/\/pans.krosno.pl\/poloznictwo\/wp-json\/wp\/v2\/posts\/862","targetHints":{"allow":["GET"]}}],"collection":[{"href":"https:\/\/pans.krosno.pl\/poloznictwo\/wp-json\/wp\/v2\/posts"}],"about":[{"href":"https:\/\/pans.krosno.pl\/poloznictwo\/wp-json\/wp\/v2\/types\/post"}],"author":[{"embeddable":true,"href":"https:\/\/pans.krosno.pl\/poloznictwo\/wp-json\/wp\/v2\/users\/105"}],"replies":[{"embeddable":true,"href":"https:\/\/pans.krosno.pl\/poloznictwo\/wp-json\/wp\/v2\/comments?post=862"}],"version-history":[{"count":1,"href":"https:\/\/pans.krosno.pl\/poloznictwo\/wp-json\/wp\/v2\/posts\/862\/revisions"}],"predecessor-version":[{"id":873,"href":"https:\/\/pans.krosno.pl\/poloznictwo\/wp-json\/wp\/v2\/posts\/862\/revisions\/873"}],"wp:featuredmedia":[{"embeddable":true,"href":"https:\/\/pans.krosno.pl\/poloznictwo\/wp-json\/wp\/v2\/media\/864"}],"wp:attachment":[{"href":"https:\/\/pans.krosno.pl\/poloznictwo\/wp-json\/wp\/v2\/media?parent=862"}],"wp:term":[{"taxonomy":"category","embeddable":true,"href":"https:\/\/pans.krosno.pl\/poloznictwo\/wp-json\/wp\/v2\/categories?post=862"},{"taxonomy":"post_tag","embeddable":true,"href":"https:\/\/pans.krosno.pl\/poloznictwo\/wp-json\/wp\/v2\/tags?post=862"}],"curies":[{"name":"wp","href":"https:\/\/api.w.org\/{rel}","templated":true}]}}