{"id":847,"date":"2024-11-17T08:02:00","date_gmt":"2024-11-17T07:02:00","guid":{"rendered":"https:\/\/pans.krosno.pl\/poloznictwo\/?p=847"},"modified":"2025-03-31T11:07:23","modified_gmt":"2025-03-31T09:07:23","slug":"swiatowy-dzien-wczesniaka-swieto-najmlodszych-wojownikow","status":"publish","type":"post","link":"https:\/\/pans.krosno.pl\/poloznictwo\/2024\/11\/17\/swiatowy-dzien-wczesniaka-swieto-najmlodszych-wojownikow\/","title":{"rendered":"\u015awiatowy Dzie\u0144 Wcze\u015bniaka \u2013 \u015awi\u0119to Najm\u0142odszych Wojownik\u00f3w"},"content":{"rendered":"\n<figure class=\"wp-block-image size-full\"><img loading=\"lazy\" decoding=\"async\" width=\"896\" height=\"593\" src=\"https:\/\/pans.krosno.pl\/poloznictwo\/wp-content\/uploads\/sites\/59\/2025\/03\/freepic-wczesniak.jpg\" alt=\"\" class=\"wp-image-851\" srcset=\"https:\/\/pans.krosno.pl\/poloznictwo\/wp-content\/uploads\/sites\/59\/2025\/03\/freepic-wczesniak.jpg 896w, https:\/\/pans.krosno.pl\/poloznictwo\/wp-content\/uploads\/sites\/59\/2025\/03\/freepic-wczesniak-300x199.jpg 300w, https:\/\/pans.krosno.pl\/poloznictwo\/wp-content\/uploads\/sites\/59\/2025\/03\/freepic-wczesniak-768x508.jpg 768w, https:\/\/pans.krosno.pl\/poloznictwo\/wp-content\/uploads\/sites\/59\/2025\/03\/freepic-wczesniak-800x529.jpg 800w, https:\/\/pans.krosno.pl\/poloznictwo\/wp-content\/uploads\/sites\/59\/2025\/03\/freepic-wczesniak-580x384.jpg 580w\" sizes=\"auto, (max-width: 896px) 100vw, 896px\" \/><\/figure>\n\n\n\n<p>Ka\u017cdego roku 17 listopada obchodzimy \u015awiatowy Dzie\u0144 Wcze\u015bniaka \u2013 dzie\u0144 po\u015bwi\u0119cony najmniejszym <br>i najbardziej walecznym noworodkom. Przedwczesne narodziny, definiowane jako por\u00f3d przed uko\u0144czeniem 37 tygodnia ci\u0105\u017cy, stanowi\u0105 istotny problem zdrowia publicznego na ca\u0142ym \u015bwiecie. \u015awiatowy Dzie\u0144 Wcze\u015bniaka, ustanowiony 17 listopada, ma na celu zwr\u00f3cenie uwagi na wyzwania zwi\u0105zane z opiek\u0105 nad wcze\u015bniakami oraz promowanie dzia\u0142a\u0144 maj\u0105cych na celu popraw\u0119 ich zdrowia <br>i jako\u015bci \u017cycia. Wed\u0142ug \u015awiatowej Organizacji Zdrowia (WHO), ka\u017cdego roku na \u015bwiecie rodzi si\u0119 oko\u0142o 15 milion\u00f3w wcze\u015bniak\u00f3w, co stanowi ponad 10% wszystkich urodze\u0144, a dzi\u0119ki post\u0119powi medycyny <br>i zaanga\u017cowaniu personelu medycznego coraz wi\u0119cej wcze\u015bniak\u00f3w ma szans\u0119 na zdrowy rozw\u00f3j.<\/p>\n\n\n\n<p><strong>Do przyczyn przedwczesnych porod\u00f3w nale\u017c\u0105:<\/strong><\/p>\n\n\n\n<ul class=\"wp-block-list\">\n<li><strong>Czynniki matczyne<\/strong>: infekcje dr\u00f3g moczowych i p\u0142ciowych, nadci\u015bnienie t\u0119tnicze, cukrzyca, niewydolno\u015b\u0107 szyjki macicy, stres oraz niska masa cia\u0142a przed ci\u0105\u017c\u0105.<\/li>\n\n\n\n<li><strong>Czynniki p\u0142odowe<\/strong>: ci\u0105\u017ca mnoga, wady wrodzone oraz ograniczenie wzrastania wewn\u0105trzmacicznego.<\/li>\n\n\n\n<li><strong>Czynniki \u015brodowiskowe<\/strong>: niski status socjoekonomiczny, brak dost\u0119pu do opieki prenatalnej, palenie tytoniu oraz nara\u017cenie na zanieczyszczenia \u015brodowiskowe.<\/li>\n<\/ul>\n\n\n\n<p>Rozw\u00f3j wcze\u015bniaka mo\u017ce by\u0107 utrudniony przez r\u00f3\u017cnorodne powik\u0142ania zdrowotne, takie jak: zaburzenia neurologiczne \u2013 ryzyko m\u00f3zgowego pora\u017cenia dzieci\u0119cego, op\u00f3\u017aniony rozw\u00f3j motoryczny i sensoryczny, problemy oddechowe \u2013 przewlek\u0142a choroba p\u0142uc (dysplazja oskrzelowo-p\u0142ucna). Op\u00f3\u017anienia w rozwoju poznawczym i j\u0119zykowym \u2013 wcze\u015bniaki mog\u0105 mie\u0107 trudno\u015bci z koncentracj\u0105 i nauk\u0105 w p\u00f3\u017aniejszych latach. Zaburzenia emocjonalne i spo\u0142eczne \u2013 dzieci urodzone przedwcze\u015bnie cz\u0119\u015bciej wykazuj\u0105 trudno\u015bci <br>w interakcjach spo\u0142ecznych.<\/p>\n\n\n\n<figure class=\"wp-block-image size-full\"><img loading=\"lazy\" decoding=\"async\" width=\"896\" height=\"775\" src=\"https:\/\/pans.krosno.pl\/poloznictwo\/wp-content\/uploads\/sites\/59\/2025\/03\/freepik__wczesniak.jpg\" alt=\"\" class=\"wp-image-852\" srcset=\"https:\/\/pans.krosno.pl\/poloznictwo\/wp-content\/uploads\/sites\/59\/2025\/03\/freepik__wczesniak.jpg 896w, https:\/\/pans.krosno.pl\/poloznictwo\/wp-content\/uploads\/sites\/59\/2025\/03\/freepik__wczesniak-300x259.jpg 300w, https:\/\/pans.krosno.pl\/poloznictwo\/wp-content\/uploads\/sites\/59\/2025\/03\/freepik__wczesniak-768x664.jpg 768w, https:\/\/pans.krosno.pl\/poloznictwo\/wp-content\/uploads\/sites\/59\/2025\/03\/freepik__wczesniak-800x692.jpg 800w, https:\/\/pans.krosno.pl\/poloznictwo\/wp-content\/uploads\/sites\/59\/2025\/03\/freepik__wczesniak-580x502.jpg 580w\" sizes=\"auto, (max-width: 896px) 100vw, 896px\" \/><\/figure>\n\n\n\n<p>W jaki spos\u00f3b mo\u017cna pom\u00f3c najm\u0142odszym wojownikom ju\u017c od momentu pobytu w szpitalu? Poprzez kontakt \u201esk\u00f3ra do sk\u00f3ry\u201d- wspomaga regulacj\u0119 temperatury, stabilizuje rytm serca i oddech dziecka, wzmacnia wi\u0119\u017a rodzic-dziecko. Wspieranie karmienia mlekiem matki \u2013 zawiera ono czynniki odporno\u015bciowe i sk\u0142adniki od\u017cywcze kluczowe dla rozwoju wcze\u015bniaka. Mo\u017cna rozpocz\u0105\u0107 rehabilitacj\u0119, terapie zaj\u0119ciowe, logopedyczne i sensoryczne, kt\u00f3re pomagaj\u0105 w osi\u0105ganiu rozwojowych kamieni milowych. Terapia \u015bwiat\u0142em i d\u017awi\u0119kiem \u2013 ograniczenie bod\u017ac\u00f3w w \u015brodowisku szpitalnym zmniejsza stres dziecka i wspiera rozw\u00f3j neurologiczny.<\/p>\n\n\n\n<p class=\"has-vivid-purple-color has-text-color has-link-color wp-elements-9925bc298a60bd40349011cb8a068981\">W tym dniu szpitale, organizacje i spo\u0142eczno\u015bci solidaryzuj\u0105 si\u0119 z wcze\u015bniakami i ich rodzinami, a fioletowy kolor \u2013 symbol delikatno\u015bci, si\u0142y i nadziei \u2013 roz\u015bwietla budynki na ca\u0142ym \u015bwiecie.<\/p>\n\n\n\n<h4 class=\"wp-block-heading\" id=\"h-jak-mozemy-pomoc\"><a><\/a>Jak mo\u017cemy pom\u00f3c?<\/h4>\n\n\n\n<p>Ka\u017cdy mo\u017ce w\u0142\u0105czy\u0107 si\u0119 w obchody tego dnia! Mo\u017cemy okaza\u0107 solidarno\u015b\u0107, nosz\u0105c fioletowe elementy ubioru, udost\u0119pniaj\u0105c informacje w mediach spo\u0142eczno\u015bciowych czy wspieraj\u0105c organizacje pomagaj\u0105ce wcze\u015bniakom i ich rodzinom.<\/p>\n\n\n\n<p>Fundacja Wcze\u015bniak organizuje kampani\u0119 #NaFioletowo z okazji \u015awiatowego Dnia Wcze\u015bniaka 17 listopada. W Polsce odbywa si\u0119 ona ju\u017c po raz dziesi\u0105ty i obejmuje r\u00f3\u017cne wydarzenia \u2013 od noszenia fioletowej wst\u0105\u017cki po konferencje i pod\u015bwietlanie budynk\u00f3w. Fundacja zach\u0119ca do dzielenia si\u0119 zdj\u0119ciami <br>i relacjami z obchod\u00f3w. Wi\u0119cej informacji znajdziesz tutaj:<a href=\"https:\/\/wczesniak.pl\/swiatowy-dzien-wczesniaka-nafioletowo\/\"> \u015awiatowy Dzie\u0144 Wcze\u015bniaka #NaFioletowo<\/a>.<\/p>\n\n\n\n<p>Niech \u015awiatowy Dzie\u0144 Wcze\u015bniaka przypomina nam, \u017ce ka\u017cde \u017cycie jest cudem, a wsp\u00f3lnym wysi\u0142kiem mo\u017cemy da\u0107 wcze\u015bniakom najlepszy mo\u017cliwy start w przysz\u0142o\u015b\u0107. \ud83d\udc9c<\/p>\n\n\n\n<p><\/p>\n\n\n\n<p><\/p>\n","protected":false},"excerpt":{"rendered":"<p>Ka\u017cdego roku 17 listopada obchodzimy \u015awiatowy Dzie\u0144 Wcze\u015bniaka \u2013 dzie\u0144 po\u015bwi\u0119cony najmniejszym i najbardziej walecznym noworodkom. Przedwczesne narodziny, definiowane jako por\u00f3d przed uko\u0144czeniem 37 tygodnia ci\u0105\u017cy, stanowi\u0105 istotny problem zdrowia publicznego na ca\u0142ym \u015bwiecie. \u015awiatowy Dzie\u0144 Wcze\u015bniaka, ustanowiony 17 listopada, ma na celu zwr\u00f3cenie uwagi na wyzwania zwi\u0105zane z opiek\u0105 [\u2026] <\/p>\n<div class=\"clear\"><\/div>\n<p><a class=\"more_link clearfix\" href=\"https:\/\/pans.krosno.pl\/poloznictwo\/2024\/11\/17\/swiatowy-dzien-wczesniaka-swieto-najmlodszych-wojownikow\/\" rel=\"nofollow\">Read More<\/a><\/p>\n","protected":false},"author":105,"featured_media":851,"comment_status":"open","ping_status":"open","sticky":false,"template":"","format":"standard","meta":{"ngg_post_thumbnail":0,"footnotes":""},"categories":[11],"tags":[],"class_list":["post-847","post","type-post","status-publish","format-standard","has-post-thumbnail","hentry","category-aktualnosci"],"yoast_head":"<!-- This site is optimized with the Yoast SEO Premium plugin v27.4 (Yoast SEO v27.4) - https:\/\/yoast.com\/product\/yoast-seo-premium-wordpress\/ -->\n<title>\u015awiatowy Dzie\u0144 Wcze\u015bniaka \u2013 \u015awi\u0119to Najm\u0142odszych Wojownik\u00f3w - Po\u0142o\u017cnictwo PANS w Kro\u015bnie<\/title>\n<meta name=\"robots\" content=\"index, follow, max-snippet:-1, max-image-preview:large, max-video-preview:-1\" \/>\n<link rel=\"canonical\" href=\"https:\/\/pans.krosno.pl\/poloznictwo\/2024\/11\/17\/swiatowy-dzien-wczesniaka-swieto-najmlodszych-wojownikow\/\" \/>\n<meta property=\"og:locale\" content=\"pl_PL\" \/>\n<meta property=\"og:type\" content=\"article\" \/>\n<meta property=\"og:title\" content=\"\u015awiatowy Dzie\u0144 Wcze\u015bniaka \u2013 \u015awi\u0119to Najm\u0142odszych Wojownik\u00f3w\" \/>\n<meta property=\"og:description\" content=\"Ka\u017cdego roku 17 listopada obchodzimy \u015awiatowy Dzie\u0144 Wcze\u015bniaka \u2013 dzie\u0144 po\u015bwi\u0119cony najmniejszym i najbardziej walecznym noworodkom. Przedwczesne narodziny, definiowane jako por\u00f3d przed uko\u0144czeniem 37 tygodnia ci\u0105\u017cy, stanowi\u0105 istotny problem zdrowia publicznego na ca\u0142ym \u015bwiecie. \u015awiatowy Dzie\u0144 Wcze\u015bniaka, ustanowiony 17 listopada, ma na celu zwr\u00f3cenie uwagi na wyzwania zwi\u0105zane z opiek\u0105 [\u2026] Read More\" \/>\n<meta property=\"og:url\" content=\"https:\/\/pans.krosno.pl\/poloznictwo\/2024\/11\/17\/swiatowy-dzien-wczesniaka-swieto-najmlodszych-wojownikow\/\" \/>\n<meta property=\"og:site_name\" content=\"Po\u0142o\u017cnictwo PANS w Kro\u015bnie\" \/>\n<meta property=\"article:publisher\" content=\"https:\/\/www.facebook.com\/StudiaKrosno\/\" \/>\n<meta property=\"article:published_time\" content=\"2024-11-17T07:02:00+00:00\" \/>\n<meta property=\"article:modified_time\" content=\"2025-03-31T09:07:23+00:00\" \/>\n<meta property=\"og:image\" content=\"https:\/\/pans.krosno.pl\/poloznictwo\/wp-content\/uploads\/sites\/59\/2025\/03\/freepic-wczesniak.jpg\" \/>\n\t<meta property=\"og:image:width\" content=\"896\" \/>\n\t<meta property=\"og:image:height\" content=\"593\" \/>\n\t<meta property=\"og:image:type\" content=\"image\/jpeg\" \/>\n<meta name=\"author\" content=\"iwonalisowska\" \/>\n<meta name=\"twitter:card\" content=\"summary_large_image\" \/>\n<meta name=\"twitter:label1\" content=\"Napisane przez\" \/>\n\t<meta name=\"twitter:data1\" content=\"iwonalisowska\" \/>\n\t<meta name=\"twitter:label2\" content=\"Szacowany czas czytania\" \/>\n\t<meta name=\"twitter:data2\" content=\"4 minuty\" \/>\n<script type=\"application\/ld+json\" class=\"yoast-schema-graph\">{\"@context\":\"https:\\\/\\\/schema.org\",\"@graph\":[{\"@type\":\"Article\",\"@id\":\"https:\\\/\\\/pans.krosno.pl\\\/poloznictwo\\\/2024\\\/11\\\/17\\\/swiatowy-dzien-wczesniaka-swieto-najmlodszych-wojownikow\\\/#article\",\"isPartOf\":{\"@id\":\"https:\\\/\\\/pans.krosno.pl\\\/poloznictwo\\\/2024\\\/11\\\/17\\\/swiatowy-dzien-wczesniaka-swieto-najmlodszych-wojownikow\\\/\"},\"author\":{\"name\":\"iwonalisowska\",\"@id\":\"https:\\\/\\\/pans.krosno.pl\\\/poloznictwo\\\/#\\\/schema\\\/person\\\/5ec8ff27c2b18779d45986f2bb030d18\"},\"headline\":\"\u015awiatowy Dzie\u0144 Wcze\u015bniaka \u2013 \u015awi\u0119to Najm\u0142odszych Wojownik\u00f3w\",\"datePublished\":\"2024-11-17T07:02:00+00:00\",\"dateModified\":\"2025-03-31T09:07:23+00:00\",\"mainEntityOfPage\":{\"@id\":\"https:\\\/\\\/pans.krosno.pl\\\/poloznictwo\\\/2024\\\/11\\\/17\\\/swiatowy-dzien-wczesniaka-swieto-najmlodszych-wojownikow\\\/\"},\"wordCount\":547,\"commentCount\":0,\"publisher\":{\"@id\":\"https:\\\/\\\/pans.krosno.pl\\\/poloznictwo\\\/#organization\"},\"image\":{\"@id\":\"https:\\\/\\\/pans.krosno.pl\\\/poloznictwo\\\/2024\\\/11\\\/17\\\/swiatowy-dzien-wczesniaka-swieto-najmlodszych-wojownikow\\\/#primaryimage\"},\"thumbnailUrl\":\"https:\\\/\\\/pans.krosno.pl\\\/poloznictwo\\\/wp-content\\\/uploads\\\/sites\\\/59\\\/2025\\\/03\\\/freepic-wczesniak.jpg\",\"articleSection\":[\"Aktualno\u015bci\"],\"inLanguage\":\"pl-PL\",\"potentialAction\":[{\"@type\":\"CommentAction\",\"name\":\"Comment\",\"target\":[\"https:\\\/\\\/pans.krosno.pl\\\/poloznictwo\\\/2024\\\/11\\\/17\\\/swiatowy-dzien-wczesniaka-swieto-najmlodszych-wojownikow\\\/#respond\"]}]},{\"@type\":\"WebPage\",\"@id\":\"https:\\\/\\\/pans.krosno.pl\\\/poloznictwo\\\/2024\\\/11\\\/17\\\/swiatowy-dzien-wczesniaka-swieto-najmlodszych-wojownikow\\\/\",\"url\":\"https:\\\/\\\/pans.krosno.pl\\\/poloznictwo\\\/2024\\\/11\\\/17\\\/swiatowy-dzien-wczesniaka-swieto-najmlodszych-wojownikow\\\/\",\"name\":\"\u015awiatowy Dzie\u0144 Wcze\u015bniaka \u2013 \u015awi\u0119to Najm\u0142odszych Wojownik\u00f3w - Po\u0142o\u017cnictwo PANS w Kro\u015bnie\",\"isPartOf\":{\"@id\":\"https:\\\/\\\/pans.krosno.pl\\\/poloznictwo\\\/#website\"},\"primaryImageOfPage\":{\"@id\":\"https:\\\/\\\/pans.krosno.pl\\\/poloznictwo\\\/2024\\\/11\\\/17\\\/swiatowy-dzien-wczesniaka-swieto-najmlodszych-wojownikow\\\/#primaryimage\"},\"image\":{\"@id\":\"https:\\\/\\\/pans.krosno.pl\\\/poloznictwo\\\/2024\\\/11\\\/17\\\/swiatowy-dzien-wczesniaka-swieto-najmlodszych-wojownikow\\\/#primaryimage\"},\"thumbnailUrl\":\"https:\\\/\\\/pans.krosno.pl\\\/poloznictwo\\\/wp-content\\\/uploads\\\/sites\\\/59\\\/2025\\\/03\\\/freepic-wczesniak.jpg\",\"datePublished\":\"2024-11-17T07:02:00+00:00\",\"dateModified\":\"2025-03-31T09:07:23+00:00\",\"breadcrumb\":{\"@id\":\"https:\\\/\\\/pans.krosno.pl\\\/poloznictwo\\\/2024\\\/11\\\/17\\\/swiatowy-dzien-wczesniaka-swieto-najmlodszych-wojownikow\\\/#breadcrumb\"},\"inLanguage\":\"pl-PL\",\"potentialAction\":[{\"@type\":\"ReadAction\",\"target\":[\"https:\\\/\\\/pans.krosno.pl\\\/poloznictwo\\\/2024\\\/11\\\/17\\\/swiatowy-dzien-wczesniaka-swieto-najmlodszych-wojownikow\\\/\"]}]},{\"@type\":\"ImageObject\",\"inLanguage\":\"pl-PL\",\"@id\":\"https:\\\/\\\/pans.krosno.pl\\\/poloznictwo\\\/2024\\\/11\\\/17\\\/swiatowy-dzien-wczesniaka-swieto-najmlodszych-wojownikow\\\/#primaryimage\",\"url\":\"https:\\\/\\\/pans.krosno.pl\\\/poloznictwo\\\/wp-content\\\/uploads\\\/sites\\\/59\\\/2025\\\/03\\\/freepic-wczesniak.jpg\",\"contentUrl\":\"https:\\\/\\\/pans.krosno.pl\\\/poloznictwo\\\/wp-content\\\/uploads\\\/sites\\\/59\\\/2025\\\/03\\\/freepic-wczesniak.jpg\",\"width\":896,\"height\":593},{\"@type\":\"BreadcrumbList\",\"@id\":\"https:\\\/\\\/pans.krosno.pl\\\/poloznictwo\\\/2024\\\/11\\\/17\\\/swiatowy-dzien-wczesniaka-swieto-najmlodszych-wojownikow\\\/#breadcrumb\",\"itemListElement\":[{\"@type\":\"ListItem\",\"position\":1,\"name\":\"Strona g\u0142\u00f3wna\",\"item\":\"https:\\\/\\\/pans.krosno.pl\\\/poloznictwo\\\/\"},{\"@type\":\"ListItem\",\"position\":2,\"name\":\"Aktualno\u015bci\",\"item\":\"https:\\\/\\\/pans.krosno.pl\\\/poloznictwo\\\/category\\\/aktualnosci\\\/\"},{\"@type\":\"ListItem\",\"position\":3,\"name\":\"\u015awiatowy Dzie\u0144 Wcze\u015bniaka \u2013 \u015awi\u0119to Najm\u0142odszych Wojownik\u00f3w\"}]},{\"@type\":\"WebSite\",\"@id\":\"https:\\\/\\\/pans.krosno.pl\\\/poloznictwo\\\/#website\",\"url\":\"https:\\\/\\\/pans.krosno.pl\\\/poloznictwo\\\/\",\"name\":\"KPU w Kro\u015bnie\",\"description\":\"Po\u0142o\u017cnictwo - Pa\u0144stwowa Akademia Nauk Stosowanych\",\"publisher\":{\"@id\":\"https:\\\/\\\/pans.krosno.pl\\\/poloznictwo\\\/#organization\"},\"potentialAction\":[{\"@type\":\"SearchAction\",\"target\":{\"@type\":\"EntryPoint\",\"urlTemplate\":\"https:\\\/\\\/pans.krosno.pl\\\/poloznictwo\\\/?s={search_term_string}\"},\"query-input\":{\"@type\":\"PropertyValueSpecification\",\"valueRequired\":true,\"valueName\":\"search_term_string\"}}],\"inLanguage\":\"pl-PL\"},{\"@type\":\"Organization\",\"@id\":\"https:\\\/\\\/pans.krosno.pl\\\/poloznictwo\\\/#organization\",\"name\":\"Karpacka Pa\u0144stwowa Uczelnia w Kro\u015bnie\",\"url\":\"https:\\\/\\\/pans.krosno.pl\\\/poloznictwo\\\/\",\"logo\":{\"@type\":\"ImageObject\",\"inLanguage\":\"pl-PL\",\"@id\":\"https:\\\/\\\/pans.krosno.pl\\\/poloznictwo\\\/#\\\/schema\\\/logo\\\/image\\\/\",\"url\":\"https:\\\/\\\/pans.krosno.pl\\\/wp-content\\\/uploads\\\/2020\\\/04\\\/unnamed-1.png\",\"contentUrl\":\"https:\\\/\\\/pans.krosno.pl\\\/wp-content\\\/uploads\\\/2020\\\/04\\\/unnamed-1.png\",\"width\":2238,\"height\":372,\"caption\":\"Karpacka Pa\u0144stwowa Uczelnia w Kro\u015bnie\"},\"image\":{\"@id\":\"https:\\\/\\\/pans.krosno.pl\\\/poloznictwo\\\/#\\\/schema\\\/logo\\\/image\\\/\"},\"sameAs\":[\"https:\\\/\\\/www.facebook.com\\\/StudiaKrosno\\\/\",\"https:\\\/\\\/www.instagram.com\\\/studia.krosno\",\"https:\\\/\\\/pl.linkedin.com\\\/company\\\/pwsz-krosno\",\"https:\\\/\\\/www.youtube.com\\\/user\\\/pwszkrosno\\\/\",\"https:\\\/\\\/pl.wikipedia.org\\\/wiki\\\/Pa\u0144stwowa_Wy\u017csza_Szko\u0142a_Zawodowa_im._Stanis\u0142awa_Pigonia_w_Kro\u015bnie\"]},{\"@type\":\"Person\",\"@id\":\"https:\\\/\\\/pans.krosno.pl\\\/poloznictwo\\\/#\\\/schema\\\/person\\\/5ec8ff27c2b18779d45986f2bb030d18\",\"name\":\"iwonalisowska\",\"image\":{\"@type\":\"ImageObject\",\"inLanguage\":\"pl-PL\",\"@id\":\"https:\\\/\\\/secure.gravatar.com\\\/avatar\\\/df66eee6175485d233aff13b2d852e7559dc34afa8f4267a8d53ef27e21574bd?s=96&d=mm&r=g\",\"url\":\"https:\\\/\\\/secure.gravatar.com\\\/avatar\\\/df66eee6175485d233aff13b2d852e7559dc34afa8f4267a8d53ef27e21574bd?s=96&d=mm&r=g\",\"contentUrl\":\"https:\\\/\\\/secure.gravatar.com\\\/avatar\\\/df66eee6175485d233aff13b2d852e7559dc34afa8f4267a8d53ef27e21574bd?s=96&d=mm&r=g\",\"caption\":\"iwonalisowska\"},\"url\":\"https:\\\/\\\/pans.krosno.pl\\\/poloznictwo\\\/author\\\/iwonalisowska\\\/\"}]}<\/script>\n<!-- \/ Yoast SEO Premium plugin. -->","yoast_head_json":{"title":"\u015awiatowy Dzie\u0144 Wcze\u015bniaka \u2013 \u015awi\u0119to Najm\u0142odszych Wojownik\u00f3w - Po\u0142o\u017cnictwo PANS w Kro\u015bnie","robots":{"index":"index","follow":"follow","max-snippet":"max-snippet:-1","max-image-preview":"max-image-preview:large","max-video-preview":"max-video-preview:-1"},"canonical":"https:\/\/pans.krosno.pl\/poloznictwo\/2024\/11\/17\/swiatowy-dzien-wczesniaka-swieto-najmlodszych-wojownikow\/","og_locale":"pl_PL","og_type":"article","og_title":"\u015awiatowy Dzie\u0144 Wcze\u015bniaka \u2013 \u015awi\u0119to Najm\u0142odszych Wojownik\u00f3w","og_description":"Ka\u017cdego roku 17 listopada obchodzimy \u015awiatowy Dzie\u0144 Wcze\u015bniaka \u2013 dzie\u0144 po\u015bwi\u0119cony najmniejszym i najbardziej walecznym noworodkom. Przedwczesne narodziny, definiowane jako por\u00f3d przed uko\u0144czeniem 37 tygodnia ci\u0105\u017cy, stanowi\u0105 istotny problem zdrowia publicznego na ca\u0142ym \u015bwiecie. \u015awiatowy Dzie\u0144 Wcze\u015bniaka, ustanowiony 17 listopada, ma na celu zwr\u00f3cenie uwagi na wyzwania zwi\u0105zane z opiek\u0105 [\u2026] Read More","og_url":"https:\/\/pans.krosno.pl\/poloznictwo\/2024\/11\/17\/swiatowy-dzien-wczesniaka-swieto-najmlodszych-wojownikow\/","og_site_name":"Po\u0142o\u017cnictwo PANS w Kro\u015bnie","article_publisher":"https:\/\/www.facebook.com\/StudiaKrosno\/","article_published_time":"2024-11-17T07:02:00+00:00","article_modified_time":"2025-03-31T09:07:23+00:00","og_image":[{"width":896,"height":593,"url":"https:\/\/pans.krosno.pl\/poloznictwo\/wp-content\/uploads\/sites\/59\/2025\/03\/freepic-wczesniak.jpg","type":"image\/jpeg"}],"author":"iwonalisowska","twitter_card":"summary_large_image","twitter_misc":{"Napisane przez":"iwonalisowska","Szacowany czas czytania":"4 minuty"},"schema":{"@context":"https:\/\/schema.org","@graph":[{"@type":"Article","@id":"https:\/\/pans.krosno.pl\/poloznictwo\/2024\/11\/17\/swiatowy-dzien-wczesniaka-swieto-najmlodszych-wojownikow\/#article","isPartOf":{"@id":"https:\/\/pans.krosno.pl\/poloznictwo\/2024\/11\/17\/swiatowy-dzien-wczesniaka-swieto-najmlodszych-wojownikow\/"},"author":{"name":"iwonalisowska","@id":"https:\/\/pans.krosno.pl\/poloznictwo\/#\/schema\/person\/5ec8ff27c2b18779d45986f2bb030d18"},"headline":"\u015awiatowy Dzie\u0144 Wcze\u015bniaka \u2013 \u015awi\u0119to Najm\u0142odszych Wojownik\u00f3w","datePublished":"2024-11-17T07:02:00+00:00","dateModified":"2025-03-31T09:07:23+00:00","mainEntityOfPage":{"@id":"https:\/\/pans.krosno.pl\/poloznictwo\/2024\/11\/17\/swiatowy-dzien-wczesniaka-swieto-najmlodszych-wojownikow\/"},"wordCount":547,"commentCount":0,"publisher":{"@id":"https:\/\/pans.krosno.pl\/poloznictwo\/#organization"},"image":{"@id":"https:\/\/pans.krosno.pl\/poloznictwo\/2024\/11\/17\/swiatowy-dzien-wczesniaka-swieto-najmlodszych-wojownikow\/#primaryimage"},"thumbnailUrl":"https:\/\/pans.krosno.pl\/poloznictwo\/wp-content\/uploads\/sites\/59\/2025\/03\/freepic-wczesniak.jpg","articleSection":["Aktualno\u015bci"],"inLanguage":"pl-PL","potentialAction":[{"@type":"CommentAction","name":"Comment","target":["https:\/\/pans.krosno.pl\/poloznictwo\/2024\/11\/17\/swiatowy-dzien-wczesniaka-swieto-najmlodszych-wojownikow\/#respond"]}]},{"@type":"WebPage","@id":"https:\/\/pans.krosno.pl\/poloznictwo\/2024\/11\/17\/swiatowy-dzien-wczesniaka-swieto-najmlodszych-wojownikow\/","url":"https:\/\/pans.krosno.pl\/poloznictwo\/2024\/11\/17\/swiatowy-dzien-wczesniaka-swieto-najmlodszych-wojownikow\/","name":"\u015awiatowy Dzie\u0144 Wcze\u015bniaka \u2013 \u015awi\u0119to Najm\u0142odszych Wojownik\u00f3w - Po\u0142o\u017cnictwo PANS w Kro\u015bnie","isPartOf":{"@id":"https:\/\/pans.krosno.pl\/poloznictwo\/#website"},"primaryImageOfPage":{"@id":"https:\/\/pans.krosno.pl\/poloznictwo\/2024\/11\/17\/swiatowy-dzien-wczesniaka-swieto-najmlodszych-wojownikow\/#primaryimage"},"image":{"@id":"https:\/\/pans.krosno.pl\/poloznictwo\/2024\/11\/17\/swiatowy-dzien-wczesniaka-swieto-najmlodszych-wojownikow\/#primaryimage"},"thumbnailUrl":"https:\/\/pans.krosno.pl\/poloznictwo\/wp-content\/uploads\/sites\/59\/2025\/03\/freepic-wczesniak.jpg","datePublished":"2024-11-17T07:02:00+00:00","dateModified":"2025-03-31T09:07:23+00:00","breadcrumb":{"@id":"https:\/\/pans.krosno.pl\/poloznictwo\/2024\/11\/17\/swiatowy-dzien-wczesniaka-swieto-najmlodszych-wojownikow\/#breadcrumb"},"inLanguage":"pl-PL","potentialAction":[{"@type":"ReadAction","target":["https:\/\/pans.krosno.pl\/poloznictwo\/2024\/11\/17\/swiatowy-dzien-wczesniaka-swieto-najmlodszych-wojownikow\/"]}]},{"@type":"ImageObject","inLanguage":"pl-PL","@id":"https:\/\/pans.krosno.pl\/poloznictwo\/2024\/11\/17\/swiatowy-dzien-wczesniaka-swieto-najmlodszych-wojownikow\/#primaryimage","url":"https:\/\/pans.krosno.pl\/poloznictwo\/wp-content\/uploads\/sites\/59\/2025\/03\/freepic-wczesniak.jpg","contentUrl":"https:\/\/pans.krosno.pl\/poloznictwo\/wp-content\/uploads\/sites\/59\/2025\/03\/freepic-wczesniak.jpg","width":896,"height":593},{"@type":"BreadcrumbList","@id":"https:\/\/pans.krosno.pl\/poloznictwo\/2024\/11\/17\/swiatowy-dzien-wczesniaka-swieto-najmlodszych-wojownikow\/#breadcrumb","itemListElement":[{"@type":"ListItem","position":1,"name":"Strona g\u0142\u00f3wna","item":"https:\/\/pans.krosno.pl\/poloznictwo\/"},{"@type":"ListItem","position":2,"name":"Aktualno\u015bci","item":"https:\/\/pans.krosno.pl\/poloznictwo\/category\/aktualnosci\/"},{"@type":"ListItem","position":3,"name":"\u015awiatowy Dzie\u0144 Wcze\u015bniaka \u2013 \u015awi\u0119to Najm\u0142odszych Wojownik\u00f3w"}]},{"@type":"WebSite","@id":"https:\/\/pans.krosno.pl\/poloznictwo\/#website","url":"https:\/\/pans.krosno.pl\/poloznictwo\/","name":"KPU w Kro\u015bnie","description":"Po\u0142o\u017cnictwo - Pa\u0144stwowa Akademia Nauk Stosowanych","publisher":{"@id":"https:\/\/pans.krosno.pl\/poloznictwo\/#organization"},"potentialAction":[{"@type":"SearchAction","target":{"@type":"EntryPoint","urlTemplate":"https:\/\/pans.krosno.pl\/poloznictwo\/?s={search_term_string}"},"query-input":{"@type":"PropertyValueSpecification","valueRequired":true,"valueName":"search_term_string"}}],"inLanguage":"pl-PL"},{"@type":"Organization","@id":"https:\/\/pans.krosno.pl\/poloznictwo\/#organization","name":"Karpacka Pa\u0144stwowa Uczelnia w Kro\u015bnie","url":"https:\/\/pans.krosno.pl\/poloznictwo\/","logo":{"@type":"ImageObject","inLanguage":"pl-PL","@id":"https:\/\/pans.krosno.pl\/poloznictwo\/#\/schema\/logo\/image\/","url":"https:\/\/pans.krosno.pl\/wp-content\/uploads\/2020\/04\/unnamed-1.png","contentUrl":"https:\/\/pans.krosno.pl\/wp-content\/uploads\/2020\/04\/unnamed-1.png","width":2238,"height":372,"caption":"Karpacka Pa\u0144stwowa Uczelnia w Kro\u015bnie"},"image":{"@id":"https:\/\/pans.krosno.pl\/poloznictwo\/#\/schema\/logo\/image\/"},"sameAs":["https:\/\/www.facebook.com\/StudiaKrosno\/","https:\/\/www.instagram.com\/studia.krosno","https:\/\/pl.linkedin.com\/company\/pwsz-krosno","https:\/\/www.youtube.com\/user\/pwszkrosno\/","https:\/\/pl.wikipedia.org\/wiki\/Pa\u0144stwowa_Wy\u017csza_Szko\u0142a_Zawodowa_im._Stanis\u0142awa_Pigonia_w_Kro\u015bnie"]},{"@type":"Person","@id":"https:\/\/pans.krosno.pl\/poloznictwo\/#\/schema\/person\/5ec8ff27c2b18779d45986f2bb030d18","name":"iwonalisowska","image":{"@type":"ImageObject","inLanguage":"pl-PL","@id":"https:\/\/secure.gravatar.com\/avatar\/df66eee6175485d233aff13b2d852e7559dc34afa8f4267a8d53ef27e21574bd?s=96&d=mm&r=g","url":"https:\/\/secure.gravatar.com\/avatar\/df66eee6175485d233aff13b2d852e7559dc34afa8f4267a8d53ef27e21574bd?s=96&d=mm&r=g","contentUrl":"https:\/\/secure.gravatar.com\/avatar\/df66eee6175485d233aff13b2d852e7559dc34afa8f4267a8d53ef27e21574bd?s=96&d=mm&r=g","caption":"iwonalisowska"},"url":"https:\/\/pans.krosno.pl\/poloznictwo\/author\/iwonalisowska\/"}]}},"_links":{"self":[{"href":"https:\/\/pans.krosno.pl\/poloznictwo\/wp-json\/wp\/v2\/posts\/847","targetHints":{"allow":["GET"]}}],"collection":[{"href":"https:\/\/pans.krosno.pl\/poloznictwo\/wp-json\/wp\/v2\/posts"}],"about":[{"href":"https:\/\/pans.krosno.pl\/poloznictwo\/wp-json\/wp\/v2\/types\/post"}],"author":[{"embeddable":true,"href":"https:\/\/pans.krosno.pl\/poloznictwo\/wp-json\/wp\/v2\/users\/105"}],"replies":[{"embeddable":true,"href":"https:\/\/pans.krosno.pl\/poloznictwo\/wp-json\/wp\/v2\/comments?post=847"}],"version-history":[{"count":1,"href":"https:\/\/pans.krosno.pl\/poloznictwo\/wp-json\/wp\/v2\/posts\/847\/revisions"}],"predecessor-version":[{"id":853,"href":"https:\/\/pans.krosno.pl\/poloznictwo\/wp-json\/wp\/v2\/posts\/847\/revisions\/853"}],"wp:featuredmedia":[{"embeddable":true,"href":"https:\/\/pans.krosno.pl\/poloznictwo\/wp-json\/wp\/v2\/media\/851"}],"wp:attachment":[{"href":"https:\/\/pans.krosno.pl\/poloznictwo\/wp-json\/wp\/v2\/media?parent=847"}],"wp:term":[{"taxonomy":"category","embeddable":true,"href":"https:\/\/pans.krosno.pl\/poloznictwo\/wp-json\/wp\/v2\/categories?post=847"},{"taxonomy":"post_tag","embeddable":true,"href":"https:\/\/pans.krosno.pl\/poloznictwo\/wp-json\/wp\/v2\/tags?post=847"}],"curies":[{"name":"wp","href":"https:\/\/api.w.org\/{rel}","templated":true}]}}