{"id":839,"date":"2024-10-22T13:33:00","date_gmt":"2024-10-22T11:33:00","guid":{"rendered":"https:\/\/pans.krosno.pl\/poloznictwo\/?p=839"},"modified":"2025-03-31T11:03:19","modified_gmt":"2025-03-31T09:03:19","slug":"swietujemy-rozowy-pazdziernik-miesiac-walki-z-rakiem-piersi","status":"publish","type":"post","link":"https:\/\/pans.krosno.pl\/poloznictwo\/2024\/10\/22\/swietujemy-rozowy-pazdziernik-miesiac-walki-z-rakiem-piersi\/","title":{"rendered":"\u015aWI\u0118TUJEMY R\u00d3\u017bOWY PA\u0179DZIERNIK MIESI\u0104C WALKI Z RAKIEM PIERSI"},"content":{"rendered":"\n<p>Pa\u017adziernik jest od\u00a0wielu lat uznawanym na\u00a0ca\u0142ym \u015bwiecie za\u00a0Miesi\u0105c \u015awiadomo\u015bci Raka Piersi (ang.\u00a0Breast Cancer Awareness Month). W\u00a0tym szczeg\u00f3lnym okresie podejmujemy tematy zwi\u0105zane z\u00a0profilaktyk\u0105, diagnostyk\u0105 oraz\u00a0nowoczesnym leczeniem nowotwor\u00f3w piersi. W\u00a0ramach kampanii, 15 pa\u017adziernika 2024 roku przypada Europejski Dzie\u0144 Walki z\u00a0Rakiem Piersi, kt\u00f3rego\u00a0symbolem jest r\u00f3\u017cowa wst\u0105\u017cka.<br><\/p>\n\n\n\n<p>Poznajmy kilka Fakt\u00f3w:<\/p>\n\n\n\n<ul class=\"wp-block-list\">\n<li>Rak piersi jest najcz\u0119\u015bciej wyst\u0119puj\u0105cym nowotworem u kobiet na \u015bwiecie (25%) i najcz\u0119stsz\u0105 przyczyn\u0105 zgonu (14%), a chore na raka piersi stanowi\u0105 36% kobiet \u017cyj\u0105cych z nowotworami. Szacuje si\u0119, \u017ce co roku raka piersi rozpoznaje si\u0119 u blisko 1,7 miliona kobiet, a ponad 500 tysi\u0119cy umiera z tego powodu<\/li>\n\n\n\n<li>W Polsce rak piersi w ostatnim stuleciu sta\u0142 si\u0119 jednym z najwi\u0119kszych zagro\u017ce\u0144 przedwczesnej umieralno\u015bci kobiet. Rak piersi wyst\u0119puje r\u00f3wnie\u017c u m\u0119\u017cczyzn, cho\u0107 rzadziej. Szacuje si\u0119, \u017ce jeden na sto przypadk\u00f3w nowotwor\u00f3w z\u0142o\u015bliwych sutka, to w\u0142a\u015bnie rak piersi u m\u0119\u017cczyzn. Wszystkich nas dotyczy wi\u0119c bardzo wa\u017cna jest jego profilaktyka.<\/li>\n\n\n\n<li>Decyduj\u0105ce znaczenie w kontek\u015bcie profilaktyki i zapobiegania rozwojowi zaawansowanego nowotworu piersi ma jego diagnostyka i wczesne wykrycie (wt\u00f3rna profilaktyka) oparta na regularnie przeprowadzanych badaniach mammograficznych (screening).<\/li>\n\n\n\n<li>Czynniki ryzyka rozwoju choroby s\u0105 z\u0142o\u017cone, jednak kluczowy wp\u0142yw maj\u0105 czynniki zwi\u0105zane ze stanem hormonalnym kobiety (czynniki reprodukcyjne, wiek pokwitania i przekwitania, stosowanie preparat\u00f3w hormonalnych), wiek oraz ryzyko genetyczne: obecno\u015b\u0107 u danej osoby mutacji genu BRCA1 lub genu BRCA2<\/li>\n<\/ul>\n\n\n\n<figure class=\"wp-block-image size-large\"><img loading=\"lazy\" decoding=\"async\" width=\"1024\" height=\"683\" src=\"https:\/\/pans.krosno.pl\/poloznictwo\/wp-content\/uploads\/sites\/59\/2025\/02\/5823519-1024x683.jpg\" alt=\"\" class=\"wp-image-840\" srcset=\"https:\/\/pans.krosno.pl\/poloznictwo\/wp-content\/uploads\/sites\/59\/2025\/02\/5823519-1024x683.jpg 1024w, https:\/\/pans.krosno.pl\/poloznictwo\/wp-content\/uploads\/sites\/59\/2025\/02\/5823519-300x200.jpg 300w, https:\/\/pans.krosno.pl\/poloznictwo\/wp-content\/uploads\/sites\/59\/2025\/02\/5823519-768x512.jpg 768w, https:\/\/pans.krosno.pl\/poloznictwo\/wp-content\/uploads\/sites\/59\/2025\/02\/5823519-1536x1024.jpg 1536w, https:\/\/pans.krosno.pl\/poloznictwo\/wp-content\/uploads\/sites\/59\/2025\/02\/5823519-2048x1365.jpg 2048w, https:\/\/pans.krosno.pl\/poloznictwo\/wp-content\/uploads\/sites\/59\/2025\/02\/5823519-2000x1333.jpg 2000w, https:\/\/pans.krosno.pl\/poloznictwo\/wp-content\/uploads\/sites\/59\/2025\/02\/5823519-800x533.jpg 800w, https:\/\/pans.krosno.pl\/poloznictwo\/wp-content\/uploads\/sites\/59\/2025\/02\/5823519-580x387.jpg 580w\" sizes=\"auto, (max-width: 1024px) 100vw, 1024px\" \/><\/figure>\n\n\n\n<p>Samobadanie piersi ma kluczowe znaczenie we wczesnych stadiach wykrywalno\u015bci choroby. Cz\u0119sto przez przypadek mo\u017cna zauwa\u017cy\u0107 zmiany, na kt\u00f3re powinni\u015bmy zwr\u00f3ci\u0107 uwag\u0119 wi\u0119c\u2026 Badajmy si\u0119! I Ty Partnerze zwr\u00f3\u0107 uwag\u0119 na swoja kobiet\u0119.&nbsp; Poinformuj siostr\u0119 matk\u0119 przyjaci\u00f3\u0142k\u0119 masz szans\u0119 komu\u015b uratowa\u0107 \u017cycie!<\/p>\n\n\n\n<p>Zwr\u00f3\u0107 uwag\u0119 na:<\/p>\n\n\n\n<ol start=\"1\" class=\"wp-block-list\">\n<li>zmiany wielko\u015bci i kszta\u0142tu piersi nieust\u0119puj\u0105ce po miesi\u0105czce,<\/li>\n\n\n\n<li>guzki lub zgrubienia wyczuwalne w piersi lub pod pach\u0105,<\/li>\n\n\n\n<li>zmiany koloru sk\u00f3ry piersi,<\/li>\n\n\n\n<li>wci\u0105ganie sk\u00f3ry piersi,<\/li>\n\n\n\n<li>pomarszczenie lub \u0142uszczenie si\u0119\u0328\u00a0sk\u00f3ry piersi,<\/li>\n\n\n\n<li>Niesymetryczno\u015b\u0107 kt\u00f3rej wcze\u015bniej nie by\u0142o.<\/li>\n<\/ol>\n\n\n\n<p>Dla Bardziej dojrza\u0142ych Kobiet mamy Mammografi\u0119 oraz badanie Ultrasonograficzne<\/p>\n\n\n\n<p>W Polsce istnieje program finansowany przez NFZ dla Kobiet w wieku 45\u201374 lat<\/p>\n\n\n\n<p>Mammografia jest badaniem bezpiecznym, kt\u00f3re za pomoc\u0105 promieni rentgenowskich pozwala wykry\u0107 raka piersi w jego wczesnym stadium rozwoju. W czasie badania wykonuje si\u0119 dwa zdj\u0119cia ka\u017cdej piersi. Wykonanie mammografii trwa kilka minut.<\/p>\n\n\n\n<p>MAMMOGRAFIA UMO\u017bLIWIA WYKRYCIE ZMIAN NOWOTWOROWYCH WE WCZESNEJ FAZIE CHOROBY, CO POZWALA NA SKUTECZNIEJSZE LECZENIE.<\/p>\n\n\n\n<p>Powinna\u015b co dwa lata bada\u0107 swoje piersi. Zbyt p\u00f3\u017ano wykryty rak piersi zabija. Dlatego skorzystaj z bezp\u0142atnego programu NFZ i Ministerstwa Zdrowia.<\/p>\n\n\n\n<p>Pami\u0119taj! chcesz by\u0107 zdrowa dla Siebie i bliskich, a ka\u017cda z nas chcia\u0142aby zobaczy\u0107 i kocha\u0107 swoje wnuki !<\/p>\n","protected":false},"excerpt":{"rendered":"<p>Pa\u017adziernik jest od\u00a0wielu lat uznawanym na\u00a0ca\u0142ym \u015bwiecie za\u00a0Miesi\u0105c \u015awiadomo\u015bci Raka Piersi (ang.\u00a0Breast Cancer Awareness Month). W\u00a0tym szczeg\u00f3lnym okresie podejmujemy tematy zwi\u0105zane z\u00a0profilaktyk\u0105, diagnostyk\u0105 oraz\u00a0nowoczesnym leczeniem nowotwor\u00f3w piersi. W\u00a0ramach kampanii, 15 pa\u017adziernika 2024 roku przypada Europejski Dzie\u0144 Walki z\u00a0Rakiem Piersi, kt\u00f3rego\u00a0symbolem jest r\u00f3\u017cowa wst\u0105\u017cka. Poznajmy kilka Fakt\u00f3w: Samobadanie piersi ma kluczowe [\u2026] <\/p>\n<div class=\"clear\"><\/div>\n<p><a class=\"more_link clearfix\" href=\"https:\/\/pans.krosno.pl\/poloznictwo\/2024\/10\/22\/swietujemy-rozowy-pazdziernik-miesiac-walki-z-rakiem-piersi\/\" rel=\"nofollow\">Read More<\/a><\/p>\n","protected":false},"author":105,"featured_media":840,"comment_status":"open","ping_status":"open","sticky":false,"template":"","format":"standard","meta":{"ngg_post_thumbnail":0,"footnotes":""},"categories":[11],"tags":[],"class_list":["post-839","post","type-post","status-publish","format-standard","has-post-thumbnail","hentry","category-aktualnosci"],"yoast_head":"<!-- This site is optimized with the Yoast SEO Premium plugin v27.4 (Yoast SEO v27.4) - https:\/\/yoast.com\/product\/yoast-seo-premium-wordpress\/ -->\n<title>\u015aWI\u0118TUJEMY R\u00d3\u017bOWY PA\u0179DZIERNIK MIESI\u0104C WALKI Z RAKIEM PIERSI - Po\u0142o\u017cnictwo PANS w Kro\u015bnie<\/title>\n<meta name=\"robots\" content=\"index, follow, max-snippet:-1, max-image-preview:large, max-video-preview:-1\" \/>\n<link rel=\"canonical\" href=\"https:\/\/pans.krosno.pl\/poloznictwo\/2024\/10\/22\/swietujemy-rozowy-pazdziernik-miesiac-walki-z-rakiem-piersi\/\" \/>\n<meta property=\"og:locale\" content=\"pl_PL\" \/>\n<meta property=\"og:type\" content=\"article\" \/>\n<meta property=\"og:title\" content=\"\u015aWI\u0118TUJEMY R\u00d3\u017bOWY PA\u0179DZIERNIK MIESI\u0104C WALKI Z RAKIEM PIERSI\" \/>\n<meta property=\"og:description\" content=\"Pa\u017adziernik jest od\u00a0wielu lat uznawanym na\u00a0ca\u0142ym \u015bwiecie za\u00a0Miesi\u0105c \u015awiadomo\u015bci Raka Piersi (ang.\u00a0Breast Cancer Awareness Month). W\u00a0tym szczeg\u00f3lnym okresie podejmujemy tematy zwi\u0105zane z\u00a0profilaktyk\u0105, diagnostyk\u0105 oraz\u00a0nowoczesnym leczeniem nowotwor\u00f3w piersi. W\u00a0ramach kampanii, 15 pa\u017adziernika 2024 roku przypada Europejski Dzie\u0144 Walki z\u00a0Rakiem Piersi, kt\u00f3rego\u00a0symbolem jest r\u00f3\u017cowa wst\u0105\u017cka. Poznajmy kilka Fakt\u00f3w: Samobadanie piersi ma kluczowe [\u2026] Read More\" \/>\n<meta property=\"og:url\" content=\"https:\/\/pans.krosno.pl\/poloznictwo\/2024\/10\/22\/swietujemy-rozowy-pazdziernik-miesiac-walki-z-rakiem-piersi\/\" \/>\n<meta property=\"og:site_name\" content=\"Po\u0142o\u017cnictwo PANS w Kro\u015bnie\" \/>\n<meta property=\"article:publisher\" content=\"https:\/\/www.facebook.com\/StudiaKrosno\/\" \/>\n<meta property=\"article:published_time\" content=\"2024-10-22T11:33:00+00:00\" \/>\n<meta property=\"article:modified_time\" content=\"2025-03-31T09:03:19+00:00\" \/>\n<meta property=\"og:image\" content=\"https:\/\/pans.krosno.pl\/poloznictwo\/wp-content\/uploads\/sites\/59\/2025\/02\/5823519-scaled.jpg\" \/>\n\t<meta property=\"og:image:width\" content=\"2560\" \/>\n\t<meta property=\"og:image:height\" content=\"1707\" \/>\n\t<meta property=\"og:image:type\" content=\"image\/jpeg\" \/>\n<meta name=\"author\" content=\"iwonalisowska\" \/>\n<meta name=\"twitter:card\" content=\"summary_large_image\" \/>\n<meta name=\"twitter:label1\" content=\"Napisane przez\" \/>\n\t<meta name=\"twitter:data1\" content=\"iwonalisowska\" \/>\n\t<meta name=\"twitter:label2\" content=\"Szacowany czas czytania\" \/>\n\t<meta name=\"twitter:data2\" content=\"3 minuty\" \/>\n<script type=\"application\/ld+json\" class=\"yoast-schema-graph\">{\"@context\":\"https:\\\/\\\/schema.org\",\"@graph\":[{\"@type\":\"Article\",\"@id\":\"https:\\\/\\\/pans.krosno.pl\\\/poloznictwo\\\/2024\\\/10\\\/22\\\/swietujemy-rozowy-pazdziernik-miesiac-walki-z-rakiem-piersi\\\/#article\",\"isPartOf\":{\"@id\":\"https:\\\/\\\/pans.krosno.pl\\\/poloznictwo\\\/2024\\\/10\\\/22\\\/swietujemy-rozowy-pazdziernik-miesiac-walki-z-rakiem-piersi\\\/\"},\"author\":{\"name\":\"iwonalisowska\",\"@id\":\"https:\\\/\\\/pans.krosno.pl\\\/poloznictwo\\\/#\\\/schema\\\/person\\\/5ec8ff27c2b18779d45986f2bb030d18\"},\"headline\":\"\u015aWI\u0118TUJEMY R\u00d3\u017bOWY PA\u0179DZIERNIK MIESI\u0104C WALKI Z RAKIEM PIERSI\",\"datePublished\":\"2024-10-22T11:33:00+00:00\",\"dateModified\":\"2025-03-31T09:03:19+00:00\",\"mainEntityOfPage\":{\"@id\":\"https:\\\/\\\/pans.krosno.pl\\\/poloznictwo\\\/2024\\\/10\\\/22\\\/swietujemy-rozowy-pazdziernik-miesiac-walki-z-rakiem-piersi\\\/\"},\"wordCount\":483,\"commentCount\":0,\"publisher\":{\"@id\":\"https:\\\/\\\/pans.krosno.pl\\\/poloznictwo\\\/#organization\"},\"image\":{\"@id\":\"https:\\\/\\\/pans.krosno.pl\\\/poloznictwo\\\/2024\\\/10\\\/22\\\/swietujemy-rozowy-pazdziernik-miesiac-walki-z-rakiem-piersi\\\/#primaryimage\"},\"thumbnailUrl\":\"https:\\\/\\\/pans.krosno.pl\\\/poloznictwo\\\/wp-content\\\/uploads\\\/sites\\\/59\\\/2025\\\/02\\\/5823519-scaled.jpg\",\"articleSection\":[\"Aktualno\u015bci\"],\"inLanguage\":\"pl-PL\",\"potentialAction\":[{\"@type\":\"CommentAction\",\"name\":\"Comment\",\"target\":[\"https:\\\/\\\/pans.krosno.pl\\\/poloznictwo\\\/2024\\\/10\\\/22\\\/swietujemy-rozowy-pazdziernik-miesiac-walki-z-rakiem-piersi\\\/#respond\"]}]},{\"@type\":\"WebPage\",\"@id\":\"https:\\\/\\\/pans.krosno.pl\\\/poloznictwo\\\/2024\\\/10\\\/22\\\/swietujemy-rozowy-pazdziernik-miesiac-walki-z-rakiem-piersi\\\/\",\"url\":\"https:\\\/\\\/pans.krosno.pl\\\/poloznictwo\\\/2024\\\/10\\\/22\\\/swietujemy-rozowy-pazdziernik-miesiac-walki-z-rakiem-piersi\\\/\",\"name\":\"\u015aWI\u0118TUJEMY R\u00d3\u017bOWY PA\u0179DZIERNIK MIESI\u0104C WALKI Z RAKIEM PIERSI - Po\u0142o\u017cnictwo PANS w Kro\u015bnie\",\"isPartOf\":{\"@id\":\"https:\\\/\\\/pans.krosno.pl\\\/poloznictwo\\\/#website\"},\"primaryImageOfPage\":{\"@id\":\"https:\\\/\\\/pans.krosno.pl\\\/poloznictwo\\\/2024\\\/10\\\/22\\\/swietujemy-rozowy-pazdziernik-miesiac-walki-z-rakiem-piersi\\\/#primaryimage\"},\"image\":{\"@id\":\"https:\\\/\\\/pans.krosno.pl\\\/poloznictwo\\\/2024\\\/10\\\/22\\\/swietujemy-rozowy-pazdziernik-miesiac-walki-z-rakiem-piersi\\\/#primaryimage\"},\"thumbnailUrl\":\"https:\\\/\\\/pans.krosno.pl\\\/poloznictwo\\\/wp-content\\\/uploads\\\/sites\\\/59\\\/2025\\\/02\\\/5823519-scaled.jpg\",\"datePublished\":\"2024-10-22T11:33:00+00:00\",\"dateModified\":\"2025-03-31T09:03:19+00:00\",\"breadcrumb\":{\"@id\":\"https:\\\/\\\/pans.krosno.pl\\\/poloznictwo\\\/2024\\\/10\\\/22\\\/swietujemy-rozowy-pazdziernik-miesiac-walki-z-rakiem-piersi\\\/#breadcrumb\"},\"inLanguage\":\"pl-PL\",\"potentialAction\":[{\"@type\":\"ReadAction\",\"target\":[\"https:\\\/\\\/pans.krosno.pl\\\/poloznictwo\\\/2024\\\/10\\\/22\\\/swietujemy-rozowy-pazdziernik-miesiac-walki-z-rakiem-piersi\\\/\"]}]},{\"@type\":\"ImageObject\",\"inLanguage\":\"pl-PL\",\"@id\":\"https:\\\/\\\/pans.krosno.pl\\\/poloznictwo\\\/2024\\\/10\\\/22\\\/swietujemy-rozowy-pazdziernik-miesiac-walki-z-rakiem-piersi\\\/#primaryimage\",\"url\":\"https:\\\/\\\/pans.krosno.pl\\\/poloznictwo\\\/wp-content\\\/uploads\\\/sites\\\/59\\\/2025\\\/02\\\/5823519-scaled.jpg\",\"contentUrl\":\"https:\\\/\\\/pans.krosno.pl\\\/poloznictwo\\\/wp-content\\\/uploads\\\/sites\\\/59\\\/2025\\\/02\\\/5823519-scaled.jpg\",\"width\":2560,\"height\":1707},{\"@type\":\"BreadcrumbList\",\"@id\":\"https:\\\/\\\/pans.krosno.pl\\\/poloznictwo\\\/2024\\\/10\\\/22\\\/swietujemy-rozowy-pazdziernik-miesiac-walki-z-rakiem-piersi\\\/#breadcrumb\",\"itemListElement\":[{\"@type\":\"ListItem\",\"position\":1,\"name\":\"Strona g\u0142\u00f3wna\",\"item\":\"https:\\\/\\\/pans.krosno.pl\\\/poloznictwo\\\/\"},{\"@type\":\"ListItem\",\"position\":2,\"name\":\"Aktualno\u015bci\",\"item\":\"https:\\\/\\\/pans.krosno.pl\\\/poloznictwo\\\/category\\\/aktualnosci\\\/\"},{\"@type\":\"ListItem\",\"position\":3,\"name\":\"\u015aWI\u0118TUJEMY R\u00d3\u017bOWY PA\u0179DZIERNIK MIESI\u0104C WALKI Z RAKIEM PIERSI\"}]},{\"@type\":\"WebSite\",\"@id\":\"https:\\\/\\\/pans.krosno.pl\\\/poloznictwo\\\/#website\",\"url\":\"https:\\\/\\\/pans.krosno.pl\\\/poloznictwo\\\/\",\"name\":\"KPU w Kro\u015bnie\",\"description\":\"Po\u0142o\u017cnictwo - Pa\u0144stwowa Akademia Nauk Stosowanych\",\"publisher\":{\"@id\":\"https:\\\/\\\/pans.krosno.pl\\\/poloznictwo\\\/#organization\"},\"potentialAction\":[{\"@type\":\"SearchAction\",\"target\":{\"@type\":\"EntryPoint\",\"urlTemplate\":\"https:\\\/\\\/pans.krosno.pl\\\/poloznictwo\\\/?s={search_term_string}\"},\"query-input\":{\"@type\":\"PropertyValueSpecification\",\"valueRequired\":true,\"valueName\":\"search_term_string\"}}],\"inLanguage\":\"pl-PL\"},{\"@type\":\"Organization\",\"@id\":\"https:\\\/\\\/pans.krosno.pl\\\/poloznictwo\\\/#organization\",\"name\":\"Karpacka Pa\u0144stwowa Uczelnia w Kro\u015bnie\",\"url\":\"https:\\\/\\\/pans.krosno.pl\\\/poloznictwo\\\/\",\"logo\":{\"@type\":\"ImageObject\",\"inLanguage\":\"pl-PL\",\"@id\":\"https:\\\/\\\/pans.krosno.pl\\\/poloznictwo\\\/#\\\/schema\\\/logo\\\/image\\\/\",\"url\":\"https:\\\/\\\/pans.krosno.pl\\\/wp-content\\\/uploads\\\/2020\\\/04\\\/unnamed-1.png\",\"contentUrl\":\"https:\\\/\\\/pans.krosno.pl\\\/wp-content\\\/uploads\\\/2020\\\/04\\\/unnamed-1.png\",\"width\":2238,\"height\":372,\"caption\":\"Karpacka Pa\u0144stwowa Uczelnia w Kro\u015bnie\"},\"image\":{\"@id\":\"https:\\\/\\\/pans.krosno.pl\\\/poloznictwo\\\/#\\\/schema\\\/logo\\\/image\\\/\"},\"sameAs\":[\"https:\\\/\\\/www.facebook.com\\\/StudiaKrosno\\\/\",\"https:\\\/\\\/www.instagram.com\\\/studia.krosno\",\"https:\\\/\\\/pl.linkedin.com\\\/company\\\/pwsz-krosno\",\"https:\\\/\\\/www.youtube.com\\\/user\\\/pwszkrosno\\\/\",\"https:\\\/\\\/pl.wikipedia.org\\\/wiki\\\/Pa\u0144stwowa_Wy\u017csza_Szko\u0142a_Zawodowa_im._Stanis\u0142awa_Pigonia_w_Kro\u015bnie\"]},{\"@type\":\"Person\",\"@id\":\"https:\\\/\\\/pans.krosno.pl\\\/poloznictwo\\\/#\\\/schema\\\/person\\\/5ec8ff27c2b18779d45986f2bb030d18\",\"name\":\"iwonalisowska\",\"image\":{\"@type\":\"ImageObject\",\"inLanguage\":\"pl-PL\",\"@id\":\"https:\\\/\\\/secure.gravatar.com\\\/avatar\\\/df66eee6175485d233aff13b2d852e7559dc34afa8f4267a8d53ef27e21574bd?s=96&d=mm&r=g\",\"url\":\"https:\\\/\\\/secure.gravatar.com\\\/avatar\\\/df66eee6175485d233aff13b2d852e7559dc34afa8f4267a8d53ef27e21574bd?s=96&d=mm&r=g\",\"contentUrl\":\"https:\\\/\\\/secure.gravatar.com\\\/avatar\\\/df66eee6175485d233aff13b2d852e7559dc34afa8f4267a8d53ef27e21574bd?s=96&d=mm&r=g\",\"caption\":\"iwonalisowska\"},\"url\":\"https:\\\/\\\/pans.krosno.pl\\\/poloznictwo\\\/author\\\/iwonalisowska\\\/\"}]}<\/script>\n<!-- \/ Yoast SEO Premium plugin. -->","yoast_head_json":{"title":"\u015aWI\u0118TUJEMY R\u00d3\u017bOWY PA\u0179DZIERNIK MIESI\u0104C WALKI Z RAKIEM PIERSI - Po\u0142o\u017cnictwo PANS w Kro\u015bnie","robots":{"index":"index","follow":"follow","max-snippet":"max-snippet:-1","max-image-preview":"max-image-preview:large","max-video-preview":"max-video-preview:-1"},"canonical":"https:\/\/pans.krosno.pl\/poloznictwo\/2024\/10\/22\/swietujemy-rozowy-pazdziernik-miesiac-walki-z-rakiem-piersi\/","og_locale":"pl_PL","og_type":"article","og_title":"\u015aWI\u0118TUJEMY R\u00d3\u017bOWY PA\u0179DZIERNIK MIESI\u0104C WALKI Z RAKIEM PIERSI","og_description":"Pa\u017adziernik jest od\u00a0wielu lat uznawanym na\u00a0ca\u0142ym \u015bwiecie za\u00a0Miesi\u0105c \u015awiadomo\u015bci Raka Piersi (ang.\u00a0Breast Cancer Awareness Month). W\u00a0tym szczeg\u00f3lnym okresie podejmujemy tematy zwi\u0105zane z\u00a0profilaktyk\u0105, diagnostyk\u0105 oraz\u00a0nowoczesnym leczeniem nowotwor\u00f3w piersi. W\u00a0ramach kampanii, 15 pa\u017adziernika 2024 roku przypada Europejski Dzie\u0144 Walki z\u00a0Rakiem Piersi, kt\u00f3rego\u00a0symbolem jest r\u00f3\u017cowa wst\u0105\u017cka. Poznajmy kilka Fakt\u00f3w: Samobadanie piersi ma kluczowe [\u2026] Read More","og_url":"https:\/\/pans.krosno.pl\/poloznictwo\/2024\/10\/22\/swietujemy-rozowy-pazdziernik-miesiac-walki-z-rakiem-piersi\/","og_site_name":"Po\u0142o\u017cnictwo PANS w Kro\u015bnie","article_publisher":"https:\/\/www.facebook.com\/StudiaKrosno\/","article_published_time":"2024-10-22T11:33:00+00:00","article_modified_time":"2025-03-31T09:03:19+00:00","og_image":[{"width":2560,"height":1707,"url":"https:\/\/pans.krosno.pl\/poloznictwo\/wp-content\/uploads\/sites\/59\/2025\/02\/5823519-scaled.jpg","type":"image\/jpeg"}],"author":"iwonalisowska","twitter_card":"summary_large_image","twitter_misc":{"Napisane przez":"iwonalisowska","Szacowany czas czytania":"3 minuty"},"schema":{"@context":"https:\/\/schema.org","@graph":[{"@type":"Article","@id":"https:\/\/pans.krosno.pl\/poloznictwo\/2024\/10\/22\/swietujemy-rozowy-pazdziernik-miesiac-walki-z-rakiem-piersi\/#article","isPartOf":{"@id":"https:\/\/pans.krosno.pl\/poloznictwo\/2024\/10\/22\/swietujemy-rozowy-pazdziernik-miesiac-walki-z-rakiem-piersi\/"},"author":{"name":"iwonalisowska","@id":"https:\/\/pans.krosno.pl\/poloznictwo\/#\/schema\/person\/5ec8ff27c2b18779d45986f2bb030d18"},"headline":"\u015aWI\u0118TUJEMY R\u00d3\u017bOWY PA\u0179DZIERNIK MIESI\u0104C WALKI Z RAKIEM PIERSI","datePublished":"2024-10-22T11:33:00+00:00","dateModified":"2025-03-31T09:03:19+00:00","mainEntityOfPage":{"@id":"https:\/\/pans.krosno.pl\/poloznictwo\/2024\/10\/22\/swietujemy-rozowy-pazdziernik-miesiac-walki-z-rakiem-piersi\/"},"wordCount":483,"commentCount":0,"publisher":{"@id":"https:\/\/pans.krosno.pl\/poloznictwo\/#organization"},"image":{"@id":"https:\/\/pans.krosno.pl\/poloznictwo\/2024\/10\/22\/swietujemy-rozowy-pazdziernik-miesiac-walki-z-rakiem-piersi\/#primaryimage"},"thumbnailUrl":"https:\/\/pans.krosno.pl\/poloznictwo\/wp-content\/uploads\/sites\/59\/2025\/02\/5823519-scaled.jpg","articleSection":["Aktualno\u015bci"],"inLanguage":"pl-PL","potentialAction":[{"@type":"CommentAction","name":"Comment","target":["https:\/\/pans.krosno.pl\/poloznictwo\/2024\/10\/22\/swietujemy-rozowy-pazdziernik-miesiac-walki-z-rakiem-piersi\/#respond"]}]},{"@type":"WebPage","@id":"https:\/\/pans.krosno.pl\/poloznictwo\/2024\/10\/22\/swietujemy-rozowy-pazdziernik-miesiac-walki-z-rakiem-piersi\/","url":"https:\/\/pans.krosno.pl\/poloznictwo\/2024\/10\/22\/swietujemy-rozowy-pazdziernik-miesiac-walki-z-rakiem-piersi\/","name":"\u015aWI\u0118TUJEMY R\u00d3\u017bOWY PA\u0179DZIERNIK MIESI\u0104C WALKI Z RAKIEM PIERSI - Po\u0142o\u017cnictwo PANS w Kro\u015bnie","isPartOf":{"@id":"https:\/\/pans.krosno.pl\/poloznictwo\/#website"},"primaryImageOfPage":{"@id":"https:\/\/pans.krosno.pl\/poloznictwo\/2024\/10\/22\/swietujemy-rozowy-pazdziernik-miesiac-walki-z-rakiem-piersi\/#primaryimage"},"image":{"@id":"https:\/\/pans.krosno.pl\/poloznictwo\/2024\/10\/22\/swietujemy-rozowy-pazdziernik-miesiac-walki-z-rakiem-piersi\/#primaryimage"},"thumbnailUrl":"https:\/\/pans.krosno.pl\/poloznictwo\/wp-content\/uploads\/sites\/59\/2025\/02\/5823519-scaled.jpg","datePublished":"2024-10-22T11:33:00+00:00","dateModified":"2025-03-31T09:03:19+00:00","breadcrumb":{"@id":"https:\/\/pans.krosno.pl\/poloznictwo\/2024\/10\/22\/swietujemy-rozowy-pazdziernik-miesiac-walki-z-rakiem-piersi\/#breadcrumb"},"inLanguage":"pl-PL","potentialAction":[{"@type":"ReadAction","target":["https:\/\/pans.krosno.pl\/poloznictwo\/2024\/10\/22\/swietujemy-rozowy-pazdziernik-miesiac-walki-z-rakiem-piersi\/"]}]},{"@type":"ImageObject","inLanguage":"pl-PL","@id":"https:\/\/pans.krosno.pl\/poloznictwo\/2024\/10\/22\/swietujemy-rozowy-pazdziernik-miesiac-walki-z-rakiem-piersi\/#primaryimage","url":"https:\/\/pans.krosno.pl\/poloznictwo\/wp-content\/uploads\/sites\/59\/2025\/02\/5823519-scaled.jpg","contentUrl":"https:\/\/pans.krosno.pl\/poloznictwo\/wp-content\/uploads\/sites\/59\/2025\/02\/5823519-scaled.jpg","width":2560,"height":1707},{"@type":"BreadcrumbList","@id":"https:\/\/pans.krosno.pl\/poloznictwo\/2024\/10\/22\/swietujemy-rozowy-pazdziernik-miesiac-walki-z-rakiem-piersi\/#breadcrumb","itemListElement":[{"@type":"ListItem","position":1,"name":"Strona g\u0142\u00f3wna","item":"https:\/\/pans.krosno.pl\/poloznictwo\/"},{"@type":"ListItem","position":2,"name":"Aktualno\u015bci","item":"https:\/\/pans.krosno.pl\/poloznictwo\/category\/aktualnosci\/"},{"@type":"ListItem","position":3,"name":"\u015aWI\u0118TUJEMY R\u00d3\u017bOWY PA\u0179DZIERNIK MIESI\u0104C WALKI Z RAKIEM PIERSI"}]},{"@type":"WebSite","@id":"https:\/\/pans.krosno.pl\/poloznictwo\/#website","url":"https:\/\/pans.krosno.pl\/poloznictwo\/","name":"KPU w Kro\u015bnie","description":"Po\u0142o\u017cnictwo - Pa\u0144stwowa Akademia Nauk Stosowanych","publisher":{"@id":"https:\/\/pans.krosno.pl\/poloznictwo\/#organization"},"potentialAction":[{"@type":"SearchAction","target":{"@type":"EntryPoint","urlTemplate":"https:\/\/pans.krosno.pl\/poloznictwo\/?s={search_term_string}"},"query-input":{"@type":"PropertyValueSpecification","valueRequired":true,"valueName":"search_term_string"}}],"inLanguage":"pl-PL"},{"@type":"Organization","@id":"https:\/\/pans.krosno.pl\/poloznictwo\/#organization","name":"Karpacka Pa\u0144stwowa Uczelnia w Kro\u015bnie","url":"https:\/\/pans.krosno.pl\/poloznictwo\/","logo":{"@type":"ImageObject","inLanguage":"pl-PL","@id":"https:\/\/pans.krosno.pl\/poloznictwo\/#\/schema\/logo\/image\/","url":"https:\/\/pans.krosno.pl\/wp-content\/uploads\/2020\/04\/unnamed-1.png","contentUrl":"https:\/\/pans.krosno.pl\/wp-content\/uploads\/2020\/04\/unnamed-1.png","width":2238,"height":372,"caption":"Karpacka Pa\u0144stwowa Uczelnia w Kro\u015bnie"},"image":{"@id":"https:\/\/pans.krosno.pl\/poloznictwo\/#\/schema\/logo\/image\/"},"sameAs":["https:\/\/www.facebook.com\/StudiaKrosno\/","https:\/\/www.instagram.com\/studia.krosno","https:\/\/pl.linkedin.com\/company\/pwsz-krosno","https:\/\/www.youtube.com\/user\/pwszkrosno\/","https:\/\/pl.wikipedia.org\/wiki\/Pa\u0144stwowa_Wy\u017csza_Szko\u0142a_Zawodowa_im._Stanis\u0142awa_Pigonia_w_Kro\u015bnie"]},{"@type":"Person","@id":"https:\/\/pans.krosno.pl\/poloznictwo\/#\/schema\/person\/5ec8ff27c2b18779d45986f2bb030d18","name":"iwonalisowska","image":{"@type":"ImageObject","inLanguage":"pl-PL","@id":"https:\/\/secure.gravatar.com\/avatar\/df66eee6175485d233aff13b2d852e7559dc34afa8f4267a8d53ef27e21574bd?s=96&d=mm&r=g","url":"https:\/\/secure.gravatar.com\/avatar\/df66eee6175485d233aff13b2d852e7559dc34afa8f4267a8d53ef27e21574bd?s=96&d=mm&r=g","contentUrl":"https:\/\/secure.gravatar.com\/avatar\/df66eee6175485d233aff13b2d852e7559dc34afa8f4267a8d53ef27e21574bd?s=96&d=mm&r=g","caption":"iwonalisowska"},"url":"https:\/\/pans.krosno.pl\/poloznictwo\/author\/iwonalisowska\/"}]}},"_links":{"self":[{"href":"https:\/\/pans.krosno.pl\/poloznictwo\/wp-json\/wp\/v2\/posts\/839","targetHints":{"allow":["GET"]}}],"collection":[{"href":"https:\/\/pans.krosno.pl\/poloznictwo\/wp-json\/wp\/v2\/posts"}],"about":[{"href":"https:\/\/pans.krosno.pl\/poloznictwo\/wp-json\/wp\/v2\/types\/post"}],"author":[{"embeddable":true,"href":"https:\/\/pans.krosno.pl\/poloznictwo\/wp-json\/wp\/v2\/users\/105"}],"replies":[{"embeddable":true,"href":"https:\/\/pans.krosno.pl\/poloznictwo\/wp-json\/wp\/v2\/comments?post=839"}],"version-history":[{"count":2,"href":"https:\/\/pans.krosno.pl\/poloznictwo\/wp-json\/wp\/v2\/posts\/839\/revisions"}],"predecessor-version":[{"id":842,"href":"https:\/\/pans.krosno.pl\/poloznictwo\/wp-json\/wp\/v2\/posts\/839\/revisions\/842"}],"wp:featuredmedia":[{"embeddable":true,"href":"https:\/\/pans.krosno.pl\/poloznictwo\/wp-json\/wp\/v2\/media\/840"}],"wp:attachment":[{"href":"https:\/\/pans.krosno.pl\/poloznictwo\/wp-json\/wp\/v2\/media?parent=839"}],"wp:term":[{"taxonomy":"category","embeddable":true,"href":"https:\/\/pans.krosno.pl\/poloznictwo\/wp-json\/wp\/v2\/categories?post=839"},{"taxonomy":"post_tag","embeddable":true,"href":"https:\/\/pans.krosno.pl\/poloznictwo\/wp-json\/wp\/v2\/tags?post=839"}],"curies":[{"name":"wp","href":"https:\/\/api.w.org\/{rel}","templated":true}]}}