{"id":740,"date":"2023-09-18T13:48:30","date_gmt":"2023-09-18T11:48:30","guid":{"rendered":"https:\/\/pans.krosno.pl\/poloznictwo\/?p=740"},"modified":"2023-09-29T13:51:57","modified_gmt":"2023-09-29T11:51:57","slug":"harmonogram-dni-adaptacyjnych","status":"publish","type":"post","link":"https:\/\/pans.krosno.pl\/poloznictwo\/2023\/09\/18\/harmonogram-dni-adaptacyjnych\/","title":{"rendered":"Harmonogram dni adaptacyjnych"},"content":{"rendered":"\n<p><strong>Drodzy Studenci I roku studi\u00f3w!<\/strong><br>W dniach 2 i 3 pa\u017adziernika zapraszamy na Dni Adaptacyjne wed\u0142ug poni\u017cszego harmonogramu.<br>Ponadto na wszystkich kierunkach studi\u00f3w poza godzinami zaj\u0119\u0107 w ramach Dni Adaptacyjnych odbywa\u0107 si\u0119 b\u0119d\u0105 zaj\u0119cia dydaktyczne zgodnie z harmonogramem zaj\u0119\u0107 umieszczonym na stronach internetowych poszczeg\u00f3lnych kierunk\u00f3w.<\/p>\n\n\n\n<hr class=\"wp-block-separator has-alpha-channel-opacity\" \/>\n\n\n\n<p><strong>Automatyka i robotyka<\/strong><\/p>\n\n\n\n<p>2.10.2023 (poniedzia\u0142ek)<br>16.15 \u2013 18.30 Pedagogika studiowania \u2013 Turasz\u00f3wka, ul Wyspia\u0144skiego 20, s. 108B<br>3.10.2023 (wtorek)<br>9.00 \u2013 11.15 Spotkanie z kierownikiem zak\u0142adu i opiekunem roku \u2013 Turasz\u00f3wka, ul Wyspia\u0144skiego 20, s. 4A<br>11.30 \u2013 13.00 Spotkanie z samorz\u0105dem studenckim oraz spotkanie w sprawie zaj\u0119\u0107 WF\u2013 Turasz\u00f3wka, ul Wyspia\u0144skiego 20, s. 108B<\/p>\n\n\n\n<hr class=\"wp-block-separator has-alpha-channel-opacity\" \/>\n\n\n\n<p><strong>Bezpiecze\u0144stwo wewn\u0119trzne<\/strong><\/p>\n\n\n\n<p>2.10.2023 (poniedzia\u0142ek)<br>11.30 \u2013 13.45 Spotkanie z kierownikiem zak\u0142adu i opiekunem roku \u2013 Turasz\u00f3wka, ul Wyspia\u0144skiego 20, s. 101B<br>14.30 \u2013 16.00 Spotkanie z samorz\u0105dem studenckim oraz spotkanie w sprawie zaj\u0119\u0107 WF\u2013 Turasz\u00f3wka, ul Wyspia\u0144skiego 20, s. 108B<br>16.15 \u2013 18.30 Pedagogika studiowania \u2013 Turasz\u00f3wka, ul Wyspia\u0144skiego 20, s. 108B<\/p>\n\n\n\n<hr class=\"wp-block-separator has-alpha-channel-opacity\" \/>\n\n\n\n<p><strong>Budownictwo<\/strong><\/p>\n\n\n\n<p>2.10.2023 (poniedzia\u0142ek)<br>16.30 \u2013 18.00 Spotkanie z samorz\u0105dem studenckim oraz spotkanie w sprawie zaj\u0119\u0107 WF \u2013 Suchod\u00f3\u0142, ul. Dmochowskiego 12, Budynek A, s. 11<br>3.10.2023 (wtorek)<br>15.00 \u2013 17.15 Spotkanie z kierownikiem zak\u0142adu i opiekunem roku \u2013 Suchod\u00f3\u0142, ul. Dmochowskiego 12, Budynek D, s. 2<br>17.30 \u2013 19.45 Pedagogika studiowania \u2013 Suchod\u00f3\u0142, ul. Dmochowskiego 12, AULA<\/p>\n\n\n\n<hr class=\"wp-block-separator has-alpha-channel-opacity\" \/>\n\n\n\n<p><strong>Dwuj\u0119zykowe studia dla t\u0142umaczy<\/strong><\/p>\n\n\n\n<p>2.10.2023 (poniedzia\u0142ek)<br>9.00 \u2013 11.15 Spotkanie z kierownikiem zak\u0142adu i opiekunem roku \u2013 Krosno, ul. Kazimierza Wielkiego 8, s. 20<br>11.30 \u2013 13.00 Spotkanie z samorz\u0105dem studenckim oraz spotkanie w sprawie zaj\u0119\u0107 WF \u2013 Krosno, ul. Kazimierza Wielkiego 4, s.13 AULA<br>13.30 \u2013 15.45 Pedagogika studiowania \u2013 Krosno, ul. Kazimierza Wielkiego 4, s.13 AULA<\/p>\n\n\n\n<hr class=\"wp-block-separator has-alpha-channel-opacity\" \/>\n\n\n\n<p><strong>Filologia angielska<\/strong><\/p>\n\n\n\n<p>2.10.2023 (poniedzia\u0142ek)<br>9.00 \u2013 11.15 Spotkanie z kierownikiem zak\u0142adu i opiekunem roku \u2013 Krosno, ul. Kazimierza Wielkiego 8, s. 18<br>11.30 \u2013 13.00 Spotkanie z samorz\u0105dem studenckim oraz spotkanie w sprawie zaj\u0119\u0107 WF \u2013 Krosno, ul. Kazimierza Wielkiego 4, s.13 AULA<br>13.30 \u2013 15.45 Pedagogika studiowania \u2013 Krosno, ul. Kazimierza Wielkiego 4, s.13 AULA<\/p>\n\n\n\n<hr class=\"wp-block-separator has-alpha-channel-opacity\" \/>\n\n\n\n<p><strong>Informatyka<\/strong><\/p>\n\n\n\n<p>2.10.2023 (poniedzia\u0142ek)<br>16.15 \u2013 18.30 Pedagogika studiowania \u2013 Turasz\u00f3wka, ul Wyspia\u0144skiego 20, s. 108B<br>3.10.2023 (wtorek)<br>9.00 \u2013 11.15 Spotkanie z kierownikiem zak\u0142adu i opiekunem roku \u2013 Turasz\u00f3wka, ul Wyspia\u0144skiego 20, s. 108B<br>11.30 \u2013 13.00 Spotkanie z samorz\u0105dem studenckim oraz spotkanie w sprawie zaj\u0119\u0107 WF\u2013 Turasz\u00f3wka, ul Wyspia\u0144skiego 20, s. 108B<\/p>\n\n\n\n<hr class=\"wp-block-separator has-alpha-channel-opacity\" \/>\n\n\n\n<p><strong>In\u017cynieria jako\u015bci w przedsi\u0119biorstwie<\/strong><\/p>\n\n\n\n<p>2.10.2023 (poniedzia\u0142ek)<br>16.30 \u2013 18.00 Spotkanie z samorz\u0105dem studenckim oraz spotkanie w sprawie zaj\u0119\u0107 WF \u2013 Suchod\u00f3\u0142, ul. Dmochowskiego 12, Budynek A, s. 15<br>3.10.2023 (wtorek)<br>15.00 \u2013 17.15 Spotkanie z kierownikiem zak\u0142adu i opiekunem roku \u2013 Suchod\u00f3\u0142, ul. Dmochowskiego 12, Budynek E, s. 3<br>17.30 \u2013 19.45 Pedagogika studiowania \u2013 Suchod\u00f3\u0142, ul. Dmochowskiego 12, AULA<\/p>\n\n\n\n<hr class=\"wp-block-separator has-alpha-channel-opacity\" \/>\n\n\n\n<p><strong>In\u017cynieria \u015brodowiska<\/strong><\/p>\n\n\n\n<p>2.10.2023 (poniedzia\u0142ek)<br>16.30 \u2013 18.00 Spotkanie z samorz\u0105dem studenckim oraz spotkanie w sprawie zaj\u0119\u0107 WF \u2013 Suchod\u00f3\u0142, ul. Dmochowskiego 12, Budynek A, s. 11<br>3.10.2023 (wtorek)<br>15.00 \u2013 17.15 Spotkanie z kierownikiem zak\u0142adu i opiekunem roku \u2013 Suchod\u00f3\u0142, ul. Dmochowskiego 12, Budynek D, s. 2<br>17.30 \u2013 19.45 Pedagogika studiowania \u2013 Suchod\u00f3\u0142, ul. Dmochowskiego 12, AULA<\/p>\n\n\n\n<hr class=\"wp-block-separator has-alpha-channel-opacity\" \/>\n\n\n\n<p><strong>Marketing internetowy<\/strong><\/p>\n\n\n\n<p>2.10.2023 (poniedzia\u0142ek)<br>9.00 \u2013 11.15 Spotkanie z kierownikiem zak\u0142adu i opiekunem roku \u2013 Krosno, ul. Kazimierza Wielkiego 8, s. 24<br>11.30 \u2013 13.00 Spotkanie z samorz\u0105dem studenckim oraz spotkanie w sprawie zaj\u0119\u0107 WF \u2013 Krosno, ul. Kazimierza Wielkiego 4, s.13 AULA<br>13.30 \u2013 15.45 Pedagogika studiowania \u2013 Krosno, ul. Kazimierza Wielkiego 4, s.13 AULA<\/p>\n\n\n\n<hr class=\"wp-block-separator has-alpha-channel-opacity\" \/>\n\n\n\n<p><strong>Mechanika i budowa maszyn<\/strong><\/p>\n\n\n\n<p>2.10.2023 (poniedzia\u0142ek)<br>16.15 \u2013 18.30 Pedagogika studiowania \u2013 Turasz\u00f3wka, ul Wyspia\u0144skiego 20, s. 108B<br>3.10.2023 (wtorek)<br>9.00 \u2013 11.15 Spotkanie z kierownikiem zak\u0142adu i opiekunem roku \u2013 Turasz\u00f3wka, ul Wyspia\u0144skiego 20, s. 5A<br>11.30 \u2013 13.00 Spotkanie z samorz\u0105dem studenckim oraz spotkanie w sprawie zaj\u0119\u0107 WF\u2013 Turasz\u00f3wka, ul Wyspia\u0144skiego 20, s. 108B<\/p>\n\n\n\n<hr class=\"wp-block-separator has-alpha-channel-opacity\" \/>\n\n\n\n<p><strong>Pedagogika<\/strong><\/p>\n\n\n\n<p>2.10.2023 (poniedzia\u0142ek)<br>9.00 \u2013 11.15 Spotkanie z kierownikiem zak\u0142adu i opiekunem roku \u2013 Krosno, ul. Kazimierza Wielkiego 8, s. 25<br>11.30 \u2013 13.00 Spotkanie z samorz\u0105dem studenckim oraz spotkanie w sprawie zaj\u0119\u0107 WF \u2013 Krosno, ul. Kazimierza Wielkiego 4, s.13 AULA<br>13.30 \u2013 15.45 Pedagogika studiowania \u2013 Krosno, ul. Kazimierza Wielkiego 4, s.13 AULA<\/p>\n\n\n\n<hr class=\"wp-block-separator has-alpha-channel-opacity\" \/>\n\n\n\n<p><strong>Piel\u0119gniarstwo<\/strong><\/p>\n\n\n\n<p>2.10.2023 (poniedzia\u0142ek)<br>9.00 \u2013 11.15 Spotkanie z kierownikiem zak\u0142adu i opiekunem roku \u2013 Krosno, ul. Kazimierza Wielkiego 8, s. 13<br>11.30 \u2013 13.00 Spotkanie z samorz\u0105dem studenckim oraz spotkanie w sprawie zaj\u0119\u0107 WF \u2013 Krosno, ul. Kazimierza Wielkiego 4, s.13 AULA<br>13.30 \u2013 15.45 Pedagogika studiowania \u2013 Krosno, ul. Kazimierza Wielkiego 4, s.13 AULA<\/p>\n\n\n\n<hr class=\"wp-block-separator has-alpha-channel-opacity\" \/>\n\n\n\n<p><strong>Po\u0142o\u017cnictwo<\/strong><\/p>\n\n\n\n<p>2.10.2023 (poniedzia\u0142ek)<br>9.00 \u2013 11.15 Spotkanie z kierownikiem zak\u0142adu i opiekunem roku \u2013 Krosno, ul. Kazimierza Wielkiego 6A, s. 25<br>11.30 \u2013 13.00 Spotkanie z samorz\u0105dem studenckim oraz spotkanie w sprawie zaj\u0119\u0107 WF \u2013 Krosno, ul. Kazimierza Wielkiego 4, s.13 AULA<br>13.30 \u2013 15.45 Pedagogika studiowania \u2013 Krosno, ul. Kazimierza Wielkiego 4, s.13 AULA<\/p>\n\n\n\n<hr class=\"wp-block-separator has-alpha-channel-opacity\" \/>\n\n\n\n<p><strong>Produkcja i bezpiecze\u0144stwo \u017cywno\u015bci<\/strong><\/p>\n\n\n\n<p>2.10.2023 (poniedzia\u0142ek)<br>16.30 \u2013 18.00 Spotkanie z samorz\u0105dem studenckim oraz spotkanie w sprawie zaj\u0119\u0107 WF \u2013 Suchod\u00f3\u0142, ul. Dmochowskiego 12, Budynek A, s. 11<br>3.10.2023 (wtorek)<br>15.00 \u2013 17.15 Spotkanie z kierownikiem zak\u0142adu i opiekunem roku \u2013 Suchod\u00f3\u0142, ul. Dmochowskiego 12, Budynek D, s. 2<br>17.30 \u2013 19.45 Pedagogika studiowania \u2013 Suchod\u00f3\u0142, ul. Dmochowskiego 12, AULA<\/p>\n\n\n\n<hr class=\"wp-block-separator has-alpha-channel-opacity\" \/>\n\n\n\n<p><strong>Turystyka i rekreacja<\/strong><\/p>\n\n\n\n<p>2.10.2023 (poniedzia\u0142ek)<br>11.30 \u2013 13.45 Spotkanie z kierownikiem zak\u0142adu i opiekunem roku \u2013 Turasz\u00f3wka, ul Wyspia\u0144skiego 20, s. 4A<br>14.30 \u2013 16.00 Spotkanie z samorz\u0105dem studenckim oraz spotkanie w sprawie zaj\u0119\u0107 WF\u2013 Turasz\u00f3wka, ul Wyspia\u0144skiego 20, s. 108B<br>16.15 \u2013 18.30 Pedagogika studiowania \u2013 Turasz\u00f3wka, ul Wyspia\u0144skiego 20, s. 108B<\/p>\n\n\n\n<hr class=\"wp-block-separator has-alpha-channel-opacity\" \/>\n\n\n\n<p><strong>Wychowanie fizyczne<\/strong><\/p>\n\n\n\n<p>2.10.2023 (poniedzia\u0142ek)<br>11.30 \u2013 13.45 Spotkanie z kierownikiem zak\u0142adu i opiekunem roku \u2013 Turasz\u00f3wka, ul Wyspia\u0144skiego 20, s. 5A<br>14.30 \u2013 16.00 Spotkanie z samorz\u0105dem studenckim oraz spotkanie w sprawie zaj\u0119\u0107 WF\u2013 Turasz\u00f3wka, ul Wyspia\u0144skiego 20, s. 108B<br>16.15 \u2013 18.30 Pedagogika studiowania \u2013 Turasz\u00f3wka, ul Wyspia\u0144skiego 20, s. 108B<\/p>\n\n\n\n<hr class=\"wp-block-separator has-alpha-channel-opacity\" \/>\n\n\n\n<p><strong>Zarz\u0105dzanie<\/strong><\/p>\n\n\n\n<p>2.10.2023 (poniedzia\u0142ek)<br>11.30 \u2013 13.45 Spotkanie z kierownikiem zak\u0142adu i opiekunem roku \u2013 Turasz\u00f3wka, ul Wyspia\u0144skiego 20, s. 106A<br>14.30 \u2013 16.00 Spotkanie z samorz\u0105dem studenckim oraz spotkanie w sprawie zaj\u0119\u0107 WF\u2013 Turasz\u00f3wka, ul Wyspia\u0144skiego 20, s. 108B<br>16.15 \u2013 18.30 Pedagogika studiowania \u2013 Turasz\u00f3wka, ul Wyspia\u0144skiego 20, s. 108B<\/p>\n\n\n\n<hr class=\"wp-block-separator has-alpha-channel-opacity\" \/>\n\n\n\n<p><strong>Zielarstwo<\/strong><\/p>\n\n\n\n<p>2.10.2023 (poniedzia\u0142ek)<br>16.30 \u2013 18.00 Spotkanie z samorz\u0105dem studenckim oraz spotkanie w sprawie zaj\u0119\u0107 WF \u2013 Suchod\u00f3\u0142, ul. Dmochowskiego 12, Budynek A, s. 16<br>3.10.2023 (wtorek)<br>15.00 \u2013 17.15 Spotkanie z kierownikiem zak\u0142adu i opiekunem roku \u2013 Suchod\u00f3\u0142, ul. Dmochowskiego 12, Budynek D, s. 2<br>17.30 \u2013 19.45 Pedagogika studiowania \u2013 Suchod\u00f3\u0142, ul. Dmochowskiego 12, AULA<\/p>\n\n\n\n<hr class=\"wp-block-separator has-alpha-channel-opacity\" \/>\n","protected":false},"excerpt":{"rendered":"<p>Drodzy Studenci I roku studi\u00f3w!W dniach 2 i 3 pa\u017adziernika zapraszamy na Dni Adaptacyjne wed\u0142ug poni\u017cszego harmonogramu.Ponadto na wszystkich kierunkach studi\u00f3w poza godzinami zaj\u0119\u0107 w ramach Dni Adaptacyjnych odbywa\u0107 si\u0119 b\u0119d\u0105 zaj\u0119cia dydaktyczne zgodnie z harmonogramem zaj\u0119\u0107 umieszczonym na stronach internetowych poszczeg\u00f3lnych kierunk\u00f3w. Automatyka i robotyka 2.10.2023 (poniedzia\u0142ek)16.15 \u2013 18.30 [\u2026] <\/p>\n<div class=\"clear\"><\/div>\n<p><a class=\"more_link clearfix\" href=\"https:\/\/pans.krosno.pl\/poloznictwo\/2023\/09\/18\/harmonogram-dni-adaptacyjnych\/\" rel=\"nofollow\">Read More<\/a><\/p>\n","protected":false},"author":7,"featured_media":226,"comment_status":"open","ping_status":"open","sticky":false,"template":"","format":"standard","meta":{"ngg_post_thumbnail":0,"footnotes":""},"categories":[11],"tags":[],"class_list":["post-740","post","type-post","status-publish","format-standard","has-post-thumbnail","hentry","category-aktualnosci"],"yoast_head":"<!-- This site is optimized with the Yoast SEO Premium plugin v27.4 (Yoast SEO v27.4) - https:\/\/yoast.com\/product\/yoast-seo-premium-wordpress\/ -->\n<title>Harmonogram dni adaptacyjnych - Po\u0142o\u017cnictwo PANS w Kro\u015bnie<\/title>\n<meta name=\"robots\" content=\"index, follow, max-snippet:-1, max-image-preview:large, max-video-preview:-1\" \/>\n<link rel=\"canonical\" href=\"https:\/\/pans.krosno.pl\/poloznictwo\/2023\/09\/18\/harmonogram-dni-adaptacyjnych\/\" \/>\n<meta property=\"og:locale\" content=\"pl_PL\" \/>\n<meta property=\"og:type\" content=\"article\" \/>\n<meta property=\"og:title\" content=\"Harmonogram dni adaptacyjnych\" \/>\n<meta property=\"og:description\" content=\"Drodzy Studenci I roku studi\u00f3w!W dniach 2 i 3 pa\u017adziernika zapraszamy na Dni Adaptacyjne wed\u0142ug poni\u017cszego harmonogramu.Ponadto na wszystkich kierunkach studi\u00f3w poza godzinami zaj\u0119\u0107 w ramach Dni Adaptacyjnych odbywa\u0107 si\u0119 b\u0119d\u0105 zaj\u0119cia dydaktyczne zgodnie z harmonogramem zaj\u0119\u0107 umieszczonym na stronach internetowych poszczeg\u00f3lnych kierunk\u00f3w. Automatyka i robotyka 2.10.2023 (poniedzia\u0142ek)16.15 \u2013 18.30 [\u2026] Read More\" \/>\n<meta property=\"og:url\" content=\"https:\/\/pans.krosno.pl\/poloznictwo\/2023\/09\/18\/harmonogram-dni-adaptacyjnych\/\" \/>\n<meta property=\"og:site_name\" content=\"Po\u0142o\u017cnictwo PANS w Kro\u015bnie\" \/>\n<meta property=\"article:publisher\" content=\"https:\/\/www.facebook.com\/StudiaKrosno\/\" \/>\n<meta property=\"article:published_time\" content=\"2023-09-18T11:48:30+00:00\" \/>\n<meta property=\"article:modified_time\" content=\"2023-09-29T11:51:57+00:00\" \/>\n<meta property=\"og:image\" content=\"https:\/\/pans.krosno.pl\/wp-content\/uploads\/sites\/59\/2022\/01\/bitmapa.png\" \/>\n\t<meta property=\"og:image:width\" content=\"250\" \/>\n\t<meta property=\"og:image:height\" content=\"250\" \/>\n\t<meta property=\"og:image:type\" content=\"image\/png\" \/>\n<meta name=\"author\" content=\"piotrszubra\" \/>\n<meta name=\"twitter:card\" content=\"summary_large_image\" \/>\n<meta name=\"twitter:label1\" content=\"Napisane przez\" \/>\n\t<meta name=\"twitter:data1\" content=\"piotrszubra\" \/>\n\t<meta name=\"twitter:label2\" content=\"Szacowany czas czytania\" \/>\n\t<meta name=\"twitter:data2\" content=\"6 minut\" \/>\n<script type=\"application\/ld+json\" class=\"yoast-schema-graph\">{\"@context\":\"https:\\\/\\\/schema.org\",\"@graph\":[{\"@type\":\"Article\",\"@id\":\"https:\\\/\\\/pans.krosno.pl\\\/poloznictwo\\\/2023\\\/09\\\/18\\\/harmonogram-dni-adaptacyjnych\\\/#article\",\"isPartOf\":{\"@id\":\"https:\\\/\\\/pans.krosno.pl\\\/poloznictwo\\\/2023\\\/09\\\/18\\\/harmonogram-dni-adaptacyjnych\\\/\"},\"author\":{\"name\":\"piotrszubra\",\"@id\":\"https:\\\/\\\/pans.krosno.pl\\\/poloznictwo\\\/#\\\/schema\\\/person\\\/77d002af96727319aa1370a7bb73609e\"},\"headline\":\"Harmonogram dni adaptacyjnych\",\"datePublished\":\"2023-09-18T11:48:30+00:00\",\"dateModified\":\"2023-09-29T11:51:57+00:00\",\"mainEntityOfPage\":{\"@id\":\"https:\\\/\\\/pans.krosno.pl\\\/poloznictwo\\\/2023\\\/09\\\/18\\\/harmonogram-dni-adaptacyjnych\\\/\"},\"wordCount\":860,\"commentCount\":0,\"publisher\":{\"@id\":\"https:\\\/\\\/pans.krosno.pl\\\/poloznictwo\\\/#organization\"},\"image\":{\"@id\":\"https:\\\/\\\/pans.krosno.pl\\\/poloznictwo\\\/2023\\\/09\\\/18\\\/harmonogram-dni-adaptacyjnych\\\/#primaryimage\"},\"thumbnailUrl\":\"https:\\\/\\\/pans.krosno.pl\\\/poloznictwo\\\/wp-content\\\/uploads\\\/sites\\\/59\\\/2022\\\/01\\\/bitmapa.png\",\"articleSection\":[\"Aktualno\u015bci\"],\"inLanguage\":\"pl-PL\",\"potentialAction\":[{\"@type\":\"CommentAction\",\"name\":\"Comment\",\"target\":[\"https:\\\/\\\/pans.krosno.pl\\\/poloznictwo\\\/2023\\\/09\\\/18\\\/harmonogram-dni-adaptacyjnych\\\/#respond\"]}]},{\"@type\":\"WebPage\",\"@id\":\"https:\\\/\\\/pans.krosno.pl\\\/poloznictwo\\\/2023\\\/09\\\/18\\\/harmonogram-dni-adaptacyjnych\\\/\",\"url\":\"https:\\\/\\\/pans.krosno.pl\\\/poloznictwo\\\/2023\\\/09\\\/18\\\/harmonogram-dni-adaptacyjnych\\\/\",\"name\":\"Harmonogram dni adaptacyjnych - Po\u0142o\u017cnictwo PANS w Kro\u015bnie\",\"isPartOf\":{\"@id\":\"https:\\\/\\\/pans.krosno.pl\\\/poloznictwo\\\/#website\"},\"primaryImageOfPage\":{\"@id\":\"https:\\\/\\\/pans.krosno.pl\\\/poloznictwo\\\/2023\\\/09\\\/18\\\/harmonogram-dni-adaptacyjnych\\\/#primaryimage\"},\"image\":{\"@id\":\"https:\\\/\\\/pans.krosno.pl\\\/poloznictwo\\\/2023\\\/09\\\/18\\\/harmonogram-dni-adaptacyjnych\\\/#primaryimage\"},\"thumbnailUrl\":\"https:\\\/\\\/pans.krosno.pl\\\/poloznictwo\\\/wp-content\\\/uploads\\\/sites\\\/59\\\/2022\\\/01\\\/bitmapa.png\",\"datePublished\":\"2023-09-18T11:48:30+00:00\",\"dateModified\":\"2023-09-29T11:51:57+00:00\",\"breadcrumb\":{\"@id\":\"https:\\\/\\\/pans.krosno.pl\\\/poloznictwo\\\/2023\\\/09\\\/18\\\/harmonogram-dni-adaptacyjnych\\\/#breadcrumb\"},\"inLanguage\":\"pl-PL\",\"potentialAction\":[{\"@type\":\"ReadAction\",\"target\":[\"https:\\\/\\\/pans.krosno.pl\\\/poloznictwo\\\/2023\\\/09\\\/18\\\/harmonogram-dni-adaptacyjnych\\\/\"]}]},{\"@type\":\"ImageObject\",\"inLanguage\":\"pl-PL\",\"@id\":\"https:\\\/\\\/pans.krosno.pl\\\/poloznictwo\\\/2023\\\/09\\\/18\\\/harmonogram-dni-adaptacyjnych\\\/#primaryimage\",\"url\":\"https:\\\/\\\/pans.krosno.pl\\\/poloznictwo\\\/wp-content\\\/uploads\\\/sites\\\/59\\\/2022\\\/01\\\/bitmapa.png\",\"contentUrl\":\"https:\\\/\\\/pans.krosno.pl\\\/poloznictwo\\\/wp-content\\\/uploads\\\/sites\\\/59\\\/2022\\\/01\\\/bitmapa.png\",\"width\":250,\"height\":250},{\"@type\":\"BreadcrumbList\",\"@id\":\"https:\\\/\\\/pans.krosno.pl\\\/poloznictwo\\\/2023\\\/09\\\/18\\\/harmonogram-dni-adaptacyjnych\\\/#breadcrumb\",\"itemListElement\":[{\"@type\":\"ListItem\",\"position\":1,\"name\":\"Strona g\u0142\u00f3wna\",\"item\":\"https:\\\/\\\/pans.krosno.pl\\\/poloznictwo\\\/\"},{\"@type\":\"ListItem\",\"position\":2,\"name\":\"Aktualno\u015bci\",\"item\":\"https:\\\/\\\/pans.krosno.pl\\\/poloznictwo\\\/category\\\/aktualnosci\\\/\"},{\"@type\":\"ListItem\",\"position\":3,\"name\":\"Harmonogram dni adaptacyjnych\"}]},{\"@type\":\"WebSite\",\"@id\":\"https:\\\/\\\/pans.krosno.pl\\\/poloznictwo\\\/#website\",\"url\":\"https:\\\/\\\/pans.krosno.pl\\\/poloznictwo\\\/\",\"name\":\"KPU w Kro\u015bnie\",\"description\":\"Po\u0142o\u017cnictwo - Pa\u0144stwowa Akademia Nauk Stosowanych\",\"publisher\":{\"@id\":\"https:\\\/\\\/pans.krosno.pl\\\/poloznictwo\\\/#organization\"},\"potentialAction\":[{\"@type\":\"SearchAction\",\"target\":{\"@type\":\"EntryPoint\",\"urlTemplate\":\"https:\\\/\\\/pans.krosno.pl\\\/poloznictwo\\\/?s={search_term_string}\"},\"query-input\":{\"@type\":\"PropertyValueSpecification\",\"valueRequired\":true,\"valueName\":\"search_term_string\"}}],\"inLanguage\":\"pl-PL\"},{\"@type\":\"Organization\",\"@id\":\"https:\\\/\\\/pans.krosno.pl\\\/poloznictwo\\\/#organization\",\"name\":\"Karpacka Pa\u0144stwowa Uczelnia w Kro\u015bnie\",\"url\":\"https:\\\/\\\/pans.krosno.pl\\\/poloznictwo\\\/\",\"logo\":{\"@type\":\"ImageObject\",\"inLanguage\":\"pl-PL\",\"@id\":\"https:\\\/\\\/pans.krosno.pl\\\/poloznictwo\\\/#\\\/schema\\\/logo\\\/image\\\/\",\"url\":\"https:\\\/\\\/pans.krosno.pl\\\/wp-content\\\/uploads\\\/2020\\\/04\\\/unnamed-1.png\",\"contentUrl\":\"https:\\\/\\\/pans.krosno.pl\\\/wp-content\\\/uploads\\\/2020\\\/04\\\/unnamed-1.png\",\"width\":2238,\"height\":372,\"caption\":\"Karpacka Pa\u0144stwowa Uczelnia w Kro\u015bnie\"},\"image\":{\"@id\":\"https:\\\/\\\/pans.krosno.pl\\\/poloznictwo\\\/#\\\/schema\\\/logo\\\/image\\\/\"},\"sameAs\":[\"https:\\\/\\\/www.facebook.com\\\/StudiaKrosno\\\/\",\"https:\\\/\\\/www.instagram.com\\\/studia.krosno\",\"https:\\\/\\\/pl.linkedin.com\\\/company\\\/pwsz-krosno\",\"https:\\\/\\\/www.youtube.com\\\/user\\\/pwszkrosno\\\/\",\"https:\\\/\\\/pl.wikipedia.org\\\/wiki\\\/Pa\u0144stwowa_Wy\u017csza_Szko\u0142a_Zawodowa_im._Stanis\u0142awa_Pigonia_w_Kro\u015bnie\"]},{\"@type\":\"Person\",\"@id\":\"https:\\\/\\\/pans.krosno.pl\\\/poloznictwo\\\/#\\\/schema\\\/person\\\/77d002af96727319aa1370a7bb73609e\",\"name\":\"piotrszubra\",\"image\":{\"@type\":\"ImageObject\",\"inLanguage\":\"pl-PL\",\"@id\":\"https:\\\/\\\/secure.gravatar.com\\\/avatar\\\/5452f9898550f7c6b95ac71e792affe6bb1b19d0af94026beff8fb010aa10d3c?s=96&d=mm&r=g\",\"url\":\"https:\\\/\\\/secure.gravatar.com\\\/avatar\\\/5452f9898550f7c6b95ac71e792affe6bb1b19d0af94026beff8fb010aa10d3c?s=96&d=mm&r=g\",\"contentUrl\":\"https:\\\/\\\/secure.gravatar.com\\\/avatar\\\/5452f9898550f7c6b95ac71e792affe6bb1b19d0af94026beff8fb010aa10d3c?s=96&d=mm&r=g\",\"caption\":\"piotrszubra\"},\"url\":\"https:\\\/\\\/pans.krosno.pl\\\/poloznictwo\\\/author\\\/piotrszubra\\\/\"}]}<\/script>\n<!-- \/ Yoast SEO Premium plugin. -->","yoast_head_json":{"title":"Harmonogram dni adaptacyjnych - Po\u0142o\u017cnictwo PANS w Kro\u015bnie","robots":{"index":"index","follow":"follow","max-snippet":"max-snippet:-1","max-image-preview":"max-image-preview:large","max-video-preview":"max-video-preview:-1"},"canonical":"https:\/\/pans.krosno.pl\/poloznictwo\/2023\/09\/18\/harmonogram-dni-adaptacyjnych\/","og_locale":"pl_PL","og_type":"article","og_title":"Harmonogram dni adaptacyjnych","og_description":"Drodzy Studenci I roku studi\u00f3w!W dniach 2 i 3 pa\u017adziernika zapraszamy na Dni Adaptacyjne wed\u0142ug poni\u017cszego harmonogramu.Ponadto na wszystkich kierunkach studi\u00f3w poza godzinami zaj\u0119\u0107 w ramach Dni Adaptacyjnych odbywa\u0107 si\u0119 b\u0119d\u0105 zaj\u0119cia dydaktyczne zgodnie z harmonogramem zaj\u0119\u0107 umieszczonym na stronach internetowych poszczeg\u00f3lnych kierunk\u00f3w. Automatyka i robotyka 2.10.2023 (poniedzia\u0142ek)16.15 \u2013 18.30 [\u2026] Read More","og_url":"https:\/\/pans.krosno.pl\/poloznictwo\/2023\/09\/18\/harmonogram-dni-adaptacyjnych\/","og_site_name":"Po\u0142o\u017cnictwo PANS w Kro\u015bnie","article_publisher":"https:\/\/www.facebook.com\/StudiaKrosno\/","article_published_time":"2023-09-18T11:48:30+00:00","article_modified_time":"2023-09-29T11:51:57+00:00","og_image":[{"width":250,"height":250,"url":"https:\/\/pans.krosno.pl\/wp-content\/uploads\/sites\/59\/2022\/01\/bitmapa.png","type":"image\/png"}],"author":"piotrszubra","twitter_card":"summary_large_image","twitter_misc":{"Napisane przez":"piotrszubra","Szacowany czas czytania":"6 minut"},"schema":{"@context":"https:\/\/schema.org","@graph":[{"@type":"Article","@id":"https:\/\/pans.krosno.pl\/poloznictwo\/2023\/09\/18\/harmonogram-dni-adaptacyjnych\/#article","isPartOf":{"@id":"https:\/\/pans.krosno.pl\/poloznictwo\/2023\/09\/18\/harmonogram-dni-adaptacyjnych\/"},"author":{"name":"piotrszubra","@id":"https:\/\/pans.krosno.pl\/poloznictwo\/#\/schema\/person\/77d002af96727319aa1370a7bb73609e"},"headline":"Harmonogram dni adaptacyjnych","datePublished":"2023-09-18T11:48:30+00:00","dateModified":"2023-09-29T11:51:57+00:00","mainEntityOfPage":{"@id":"https:\/\/pans.krosno.pl\/poloznictwo\/2023\/09\/18\/harmonogram-dni-adaptacyjnych\/"},"wordCount":860,"commentCount":0,"publisher":{"@id":"https:\/\/pans.krosno.pl\/poloznictwo\/#organization"},"image":{"@id":"https:\/\/pans.krosno.pl\/poloznictwo\/2023\/09\/18\/harmonogram-dni-adaptacyjnych\/#primaryimage"},"thumbnailUrl":"https:\/\/pans.krosno.pl\/poloznictwo\/wp-content\/uploads\/sites\/59\/2022\/01\/bitmapa.png","articleSection":["Aktualno\u015bci"],"inLanguage":"pl-PL","potentialAction":[{"@type":"CommentAction","name":"Comment","target":["https:\/\/pans.krosno.pl\/poloznictwo\/2023\/09\/18\/harmonogram-dni-adaptacyjnych\/#respond"]}]},{"@type":"WebPage","@id":"https:\/\/pans.krosno.pl\/poloznictwo\/2023\/09\/18\/harmonogram-dni-adaptacyjnych\/","url":"https:\/\/pans.krosno.pl\/poloznictwo\/2023\/09\/18\/harmonogram-dni-adaptacyjnych\/","name":"Harmonogram dni adaptacyjnych - Po\u0142o\u017cnictwo PANS w Kro\u015bnie","isPartOf":{"@id":"https:\/\/pans.krosno.pl\/poloznictwo\/#website"},"primaryImageOfPage":{"@id":"https:\/\/pans.krosno.pl\/poloznictwo\/2023\/09\/18\/harmonogram-dni-adaptacyjnych\/#primaryimage"},"image":{"@id":"https:\/\/pans.krosno.pl\/poloznictwo\/2023\/09\/18\/harmonogram-dni-adaptacyjnych\/#primaryimage"},"thumbnailUrl":"https:\/\/pans.krosno.pl\/poloznictwo\/wp-content\/uploads\/sites\/59\/2022\/01\/bitmapa.png","datePublished":"2023-09-18T11:48:30+00:00","dateModified":"2023-09-29T11:51:57+00:00","breadcrumb":{"@id":"https:\/\/pans.krosno.pl\/poloznictwo\/2023\/09\/18\/harmonogram-dni-adaptacyjnych\/#breadcrumb"},"inLanguage":"pl-PL","potentialAction":[{"@type":"ReadAction","target":["https:\/\/pans.krosno.pl\/poloznictwo\/2023\/09\/18\/harmonogram-dni-adaptacyjnych\/"]}]},{"@type":"ImageObject","inLanguage":"pl-PL","@id":"https:\/\/pans.krosno.pl\/poloznictwo\/2023\/09\/18\/harmonogram-dni-adaptacyjnych\/#primaryimage","url":"https:\/\/pans.krosno.pl\/poloznictwo\/wp-content\/uploads\/sites\/59\/2022\/01\/bitmapa.png","contentUrl":"https:\/\/pans.krosno.pl\/poloznictwo\/wp-content\/uploads\/sites\/59\/2022\/01\/bitmapa.png","width":250,"height":250},{"@type":"BreadcrumbList","@id":"https:\/\/pans.krosno.pl\/poloznictwo\/2023\/09\/18\/harmonogram-dni-adaptacyjnych\/#breadcrumb","itemListElement":[{"@type":"ListItem","position":1,"name":"Strona g\u0142\u00f3wna","item":"https:\/\/pans.krosno.pl\/poloznictwo\/"},{"@type":"ListItem","position":2,"name":"Aktualno\u015bci","item":"https:\/\/pans.krosno.pl\/poloznictwo\/category\/aktualnosci\/"},{"@type":"ListItem","position":3,"name":"Harmonogram dni adaptacyjnych"}]},{"@type":"WebSite","@id":"https:\/\/pans.krosno.pl\/poloznictwo\/#website","url":"https:\/\/pans.krosno.pl\/poloznictwo\/","name":"KPU w Kro\u015bnie","description":"Po\u0142o\u017cnictwo - Pa\u0144stwowa Akademia Nauk Stosowanych","publisher":{"@id":"https:\/\/pans.krosno.pl\/poloznictwo\/#organization"},"potentialAction":[{"@type":"SearchAction","target":{"@type":"EntryPoint","urlTemplate":"https:\/\/pans.krosno.pl\/poloznictwo\/?s={search_term_string}"},"query-input":{"@type":"PropertyValueSpecification","valueRequired":true,"valueName":"search_term_string"}}],"inLanguage":"pl-PL"},{"@type":"Organization","@id":"https:\/\/pans.krosno.pl\/poloznictwo\/#organization","name":"Karpacka Pa\u0144stwowa Uczelnia w Kro\u015bnie","url":"https:\/\/pans.krosno.pl\/poloznictwo\/","logo":{"@type":"ImageObject","inLanguage":"pl-PL","@id":"https:\/\/pans.krosno.pl\/poloznictwo\/#\/schema\/logo\/image\/","url":"https:\/\/pans.krosno.pl\/wp-content\/uploads\/2020\/04\/unnamed-1.png","contentUrl":"https:\/\/pans.krosno.pl\/wp-content\/uploads\/2020\/04\/unnamed-1.png","width":2238,"height":372,"caption":"Karpacka Pa\u0144stwowa Uczelnia w Kro\u015bnie"},"image":{"@id":"https:\/\/pans.krosno.pl\/poloznictwo\/#\/schema\/logo\/image\/"},"sameAs":["https:\/\/www.facebook.com\/StudiaKrosno\/","https:\/\/www.instagram.com\/studia.krosno","https:\/\/pl.linkedin.com\/company\/pwsz-krosno","https:\/\/www.youtube.com\/user\/pwszkrosno\/","https:\/\/pl.wikipedia.org\/wiki\/Pa\u0144stwowa_Wy\u017csza_Szko\u0142a_Zawodowa_im._Stanis\u0142awa_Pigonia_w_Kro\u015bnie"]},{"@type":"Person","@id":"https:\/\/pans.krosno.pl\/poloznictwo\/#\/schema\/person\/77d002af96727319aa1370a7bb73609e","name":"piotrszubra","image":{"@type":"ImageObject","inLanguage":"pl-PL","@id":"https:\/\/secure.gravatar.com\/avatar\/5452f9898550f7c6b95ac71e792affe6bb1b19d0af94026beff8fb010aa10d3c?s=96&d=mm&r=g","url":"https:\/\/secure.gravatar.com\/avatar\/5452f9898550f7c6b95ac71e792affe6bb1b19d0af94026beff8fb010aa10d3c?s=96&d=mm&r=g","contentUrl":"https:\/\/secure.gravatar.com\/avatar\/5452f9898550f7c6b95ac71e792affe6bb1b19d0af94026beff8fb010aa10d3c?s=96&d=mm&r=g","caption":"piotrszubra"},"url":"https:\/\/pans.krosno.pl\/poloznictwo\/author\/piotrszubra\/"}]}},"_links":{"self":[{"href":"https:\/\/pans.krosno.pl\/poloznictwo\/wp-json\/wp\/v2\/posts\/740","targetHints":{"allow":["GET"]}}],"collection":[{"href":"https:\/\/pans.krosno.pl\/poloznictwo\/wp-json\/wp\/v2\/posts"}],"about":[{"href":"https:\/\/pans.krosno.pl\/poloznictwo\/wp-json\/wp\/v2\/types\/post"}],"author":[{"embeddable":true,"href":"https:\/\/pans.krosno.pl\/poloznictwo\/wp-json\/wp\/v2\/users\/7"}],"replies":[{"embeddable":true,"href":"https:\/\/pans.krosno.pl\/poloznictwo\/wp-json\/wp\/v2\/comments?post=740"}],"version-history":[{"count":1,"href":"https:\/\/pans.krosno.pl\/poloznictwo\/wp-json\/wp\/v2\/posts\/740\/revisions"}],"predecessor-version":[{"id":741,"href":"https:\/\/pans.krosno.pl\/poloznictwo\/wp-json\/wp\/v2\/posts\/740\/revisions\/741"}],"wp:featuredmedia":[{"embeddable":true,"href":"https:\/\/pans.krosno.pl\/poloznictwo\/wp-json\/wp\/v2\/media\/226"}],"wp:attachment":[{"href":"https:\/\/pans.krosno.pl\/poloznictwo\/wp-json\/wp\/v2\/media?parent=740"}],"wp:term":[{"taxonomy":"category","embeddable":true,"href":"https:\/\/pans.krosno.pl\/poloznictwo\/wp-json\/wp\/v2\/categories?post=740"},{"taxonomy":"post_tag","embeddable":true,"href":"https:\/\/pans.krosno.pl\/poloznictwo\/wp-json\/wp\/v2\/tags?post=740"}],"curies":[{"name":"wp","href":"https:\/\/api.w.org\/{rel}","templated":true}]}}