{"id":624,"date":"2023-03-20T15:08:00","date_gmt":"2023-03-20T14:08:00","guid":{"rendered":"https:\/\/pans.krosno.pl\/poloznictwo\/?p=624"},"modified":"2023-04-25T10:17:47","modified_gmt":"2023-04-25T08:17:47","slug":"poloznictwo-na-targach-pracy-w-krosnie","status":"publish","type":"post","link":"https:\/\/pans.krosno.pl\/poloznictwo\/2023\/03\/20\/poloznictwo-na-targach-pracy-w-krosnie\/","title":{"rendered":"Po\u0142o\u017cnictwo na Targach Pracy w Kro\u015bnie"},"content":{"rendered":"\n<p>Dnia 17 marca 2023 roku ju\u017c po raz dziesi\u0105ty odby\u0142y si\u0119 Targi Pracy organizowane przez Biuro Karier i Praktyk Pa\u0144stwowej Akademii Nauk Stosowanych w Kro\u015bnie. <\/p>\n\n\n\n<p>Zgodnie z za\u0142o\u017ceniami organizator\u00f3w wydarzenie mia\u0142o na celu u\u0142atwienie nawi\u0105zania kontakt\u00f3w z pracodawcami, umo\u017cliwienie uzyskania informacji na temat specyfiki pracy w danej firmie czy stworzenie okazji do bezpo\u015bredniego aplikowania na dane stanowisko pracy. By\u0142a to tak\u017ce doskona\u0142a okazja do pozyskania przez pracodawc\u00f3w przysz\u0142ych pracownik\u00f3w w\u015br\u00f3d student\u00f3w i absolwent\u00f3w uczelni wy\u017cszych.<\/p>\n\n\n\n<p>Stoiska wystawc\u00f3w cieszy\u0142y si\u0119 sporym zainteresowaniem student\u00f3w i uczni\u00f3w szk\u00f3\u0142 z Krosna i regionu. Targi odwiedzi\u0142o ponad 1100 uczestnik\u00f3w.<\/p>\n\n\n\n<p>W ramach wydarzenia umo\u017cliwiono tak\u017ce promocj\u0119 kierunk\u00f3w studi\u00f3w oraz Studenckich K\u00f3\u0142 Naukowych dzia\u0142aj\u0105cych w PANS w Kro\u015bnie. Nie zabrak\u0142o studentek kierunku Po\u0142o\u017cnictwo.<\/p>\n\n\n\n<p>SKN Po\u0142o\u017cnictwo stworzy\u0142o stanowisko zatytu\u0142owane&nbsp;<strong>Noworodek i jego \u015bwiat<\/strong>,<strong> <\/strong>na kt\u00f3rym zaprezentowano zasady piel\u0119gnacji noworodka oraz techniki chustonoszenia. Studentki przygotowa\u0142y tak\u017ce symulator odczu\u0107 kobiety ci\u0119\u017carnej, z kt\u00f3rym mogli zmierzy\u0107 si\u0119 tak\u017ce m\u0119\u017cczy\u017ani \ud83d\ude42<\/p>\n\n\n\n<p>Poni\u017cej kr\u00f3tka fotorelacja.<\/p>\n\n\n\n<figure class=\"wp-block-gallery has-nested-images columns-default is-cropped wp-block-gallery-1 is-layout-flex wp-block-gallery-is-layout-flex\">\n<figure class=\"wp-block-image size-large\"><img loading=\"lazy\" decoding=\"async\" width=\"1024\" height=\"768\" data-id=\"633\" src=\"https:\/\/pans.krosno.pl\/poloznictwo\/wp-content\/uploads\/sites\/59\/2023\/04\/1680614191603-1024x768.jpg\" alt=\"\" class=\"wp-image-633\" srcset=\"https:\/\/pans.krosno.pl\/poloznictwo\/wp-content\/uploads\/sites\/59\/2023\/04\/1680614191603-1024x768.jpg 1024w, https:\/\/pans.krosno.pl\/poloznictwo\/wp-content\/uploads\/sites\/59\/2023\/04\/1680614191603-300x225.jpg 300w, https:\/\/pans.krosno.pl\/poloznictwo\/wp-content\/uploads\/sites\/59\/2023\/04\/1680614191603-768x576.jpg 768w, https:\/\/pans.krosno.pl\/poloznictwo\/wp-content\/uploads\/sites\/59\/2023\/04\/1680614191603-1536x1152.jpg 1536w, https:\/\/pans.krosno.pl\/poloznictwo\/wp-content\/uploads\/sites\/59\/2023\/04\/1680614191603-2048x1536.jpg 2048w, https:\/\/pans.krosno.pl\/poloznictwo\/wp-content\/uploads\/sites\/59\/2023\/04\/1680614191603-2000x1500.jpg 2000w, https:\/\/pans.krosno.pl\/poloznictwo\/wp-content\/uploads\/sites\/59\/2023\/04\/1680614191603-800x600.jpg 800w, https:\/\/pans.krosno.pl\/poloznictwo\/wp-content\/uploads\/sites\/59\/2023\/04\/1680614191603-580x435.jpg 580w\" sizes=\"auto, (max-width: 1024px) 100vw, 1024px\" \/><\/figure>\n\n\n\n<figure class=\"wp-block-image size-large\"><img loading=\"lazy\" decoding=\"async\" width=\"1024\" height=\"768\" data-id=\"631\" src=\"https:\/\/pans.krosno.pl\/poloznictwo\/wp-content\/uploads\/sites\/59\/2023\/04\/1680614191616-1024x768.jpg\" alt=\"\" class=\"wp-image-631\" srcset=\"https:\/\/pans.krosno.pl\/poloznictwo\/wp-content\/uploads\/sites\/59\/2023\/04\/1680614191616-1024x768.jpg 1024w, https:\/\/pans.krosno.pl\/poloznictwo\/wp-content\/uploads\/sites\/59\/2023\/04\/1680614191616-300x225.jpg 300w, https:\/\/pans.krosno.pl\/poloznictwo\/wp-content\/uploads\/sites\/59\/2023\/04\/1680614191616-768x576.jpg 768w, https:\/\/pans.krosno.pl\/poloznictwo\/wp-content\/uploads\/sites\/59\/2023\/04\/1680614191616-1536x1152.jpg 1536w, https:\/\/pans.krosno.pl\/poloznictwo\/wp-content\/uploads\/sites\/59\/2023\/04\/1680614191616-2048x1536.jpg 2048w, https:\/\/pans.krosno.pl\/poloznictwo\/wp-content\/uploads\/sites\/59\/2023\/04\/1680614191616-2000x1500.jpg 2000w, https:\/\/pans.krosno.pl\/poloznictwo\/wp-content\/uploads\/sites\/59\/2023\/04\/1680614191616-800x600.jpg 800w, https:\/\/pans.krosno.pl\/poloznictwo\/wp-content\/uploads\/sites\/59\/2023\/04\/1680614191616-580x435.jpg 580w\" sizes=\"auto, (max-width: 1024px) 100vw, 1024px\" \/><\/figure>\n\n\n\n<figure class=\"wp-block-image size-large\"><img loading=\"lazy\" decoding=\"async\" width=\"768\" height=\"1024\" data-id=\"635\" src=\"https:\/\/pans.krosno.pl\/poloznictwo\/wp-content\/uploads\/sites\/59\/2023\/04\/1680614225210-768x1024.jpg\" alt=\"\" class=\"wp-image-635\" srcset=\"https:\/\/pans.krosno.pl\/poloznictwo\/wp-content\/uploads\/sites\/59\/2023\/04\/1680614225210-768x1024.jpg 768w, https:\/\/pans.krosno.pl\/poloznictwo\/wp-content\/uploads\/sites\/59\/2023\/04\/1680614225210-225x300.jpg 225w, https:\/\/pans.krosno.pl\/poloznictwo\/wp-content\/uploads\/sites\/59\/2023\/04\/1680614225210-1152x1536.jpg 1152w, https:\/\/pans.krosno.pl\/poloznictwo\/wp-content\/uploads\/sites\/59\/2023\/04\/1680614225210-1536x2048.jpg 1536w, https:\/\/pans.krosno.pl\/poloznictwo\/wp-content\/uploads\/sites\/59\/2023\/04\/1680614225210-2000x2667.jpg 2000w, https:\/\/pans.krosno.pl\/poloznictwo\/wp-content\/uploads\/sites\/59\/2023\/04\/1680614225210-800x1067.jpg 800w, https:\/\/pans.krosno.pl\/poloznictwo\/wp-content\/uploads\/sites\/59\/2023\/04\/1680614225210-580x773.jpg 580w, https:\/\/pans.krosno.pl\/poloznictwo\/wp-content\/uploads\/sites\/59\/2023\/04\/1680614225210-scaled.jpg 1920w\" sizes=\"auto, (max-width: 768px) 100vw, 768px\" \/><\/figure>\n\n\n\n<figure class=\"wp-block-image size-large\"><img loading=\"lazy\" decoding=\"async\" width=\"768\" height=\"1024\" data-id=\"629\" src=\"https:\/\/pans.krosno.pl\/poloznictwo\/wp-content\/uploads\/sites\/59\/2023\/04\/1680614225226-768x1024.jpg\" alt=\"\" class=\"wp-image-629\" srcset=\"https:\/\/pans.krosno.pl\/poloznictwo\/wp-content\/uploads\/sites\/59\/2023\/04\/1680614225226-768x1024.jpg 768w, https:\/\/pans.krosno.pl\/poloznictwo\/wp-content\/uploads\/sites\/59\/2023\/04\/1680614225226-225x300.jpg 225w, https:\/\/pans.krosno.pl\/poloznictwo\/wp-content\/uploads\/sites\/59\/2023\/04\/1680614225226-1152x1536.jpg 1152w, https:\/\/pans.krosno.pl\/poloznictwo\/wp-content\/uploads\/sites\/59\/2023\/04\/1680614225226-1536x2048.jpg 1536w, https:\/\/pans.krosno.pl\/poloznictwo\/wp-content\/uploads\/sites\/59\/2023\/04\/1680614225226-2000x2667.jpg 2000w, https:\/\/pans.krosno.pl\/poloznictwo\/wp-content\/uploads\/sites\/59\/2023\/04\/1680614225226-800x1067.jpg 800w, https:\/\/pans.krosno.pl\/poloznictwo\/wp-content\/uploads\/sites\/59\/2023\/04\/1680614225226-580x773.jpg 580w, https:\/\/pans.krosno.pl\/poloznictwo\/wp-content\/uploads\/sites\/59\/2023\/04\/1680614225226-scaled.jpg 1920w\" sizes=\"auto, (max-width: 768px) 100vw, 768px\" \/><\/figure>\n\n\n\n<figure class=\"wp-block-image size-large\"><img loading=\"lazy\" decoding=\"async\" width=\"768\" height=\"1024\" data-id=\"627\" src=\"https:\/\/pans.krosno.pl\/poloznictwo\/wp-content\/uploads\/sites\/59\/2023\/04\/1680614340132-768x1024.jpeg\" alt=\"\" class=\"wp-image-627\" srcset=\"https:\/\/pans.krosno.pl\/poloznictwo\/wp-content\/uploads\/sites\/59\/2023\/04\/1680614340132-768x1024.jpeg 768w, https:\/\/pans.krosno.pl\/poloznictwo\/wp-content\/uploads\/sites\/59\/2023\/04\/1680614340132-225x300.jpeg 225w, https:\/\/pans.krosno.pl\/poloznictwo\/wp-content\/uploads\/sites\/59\/2023\/04\/1680614340132-1152x1536.jpeg 1152w, https:\/\/pans.krosno.pl\/poloznictwo\/wp-content\/uploads\/sites\/59\/2023\/04\/1680614340132-800x1067.jpeg 800w, https:\/\/pans.krosno.pl\/poloznictwo\/wp-content\/uploads\/sites\/59\/2023\/04\/1680614340132-580x773.jpeg 580w, https:\/\/pans.krosno.pl\/poloznictwo\/wp-content\/uploads\/sites\/59\/2023\/04\/1680614340132.jpeg 1536w\" sizes=\"auto, (max-width: 768px) 100vw, 768px\" \/><\/figure>\n\n\n\n<figure class=\"wp-block-image size-large\"><img loading=\"lazy\" decoding=\"async\" width=\"768\" height=\"1024\" data-id=\"625\" src=\"https:\/\/pans.krosno.pl\/poloznictwo\/wp-content\/uploads\/sites\/59\/2023\/04\/1680614340143-768x1024.jpeg\" alt=\"\" class=\"wp-image-625\" srcset=\"https:\/\/pans.krosno.pl\/poloznictwo\/wp-content\/uploads\/sites\/59\/2023\/04\/1680614340143-768x1024.jpeg 768w, https:\/\/pans.krosno.pl\/poloznictwo\/wp-content\/uploads\/sites\/59\/2023\/04\/1680614340143-225x300.jpeg 225w, https:\/\/pans.krosno.pl\/poloznictwo\/wp-content\/uploads\/sites\/59\/2023\/04\/1680614340143-1152x1536.jpeg 1152w, https:\/\/pans.krosno.pl\/poloznictwo\/wp-content\/uploads\/sites\/59\/2023\/04\/1680614340143-800x1067.jpeg 800w, https:\/\/pans.krosno.pl\/poloznictwo\/wp-content\/uploads\/sites\/59\/2023\/04\/1680614340143-580x773.jpeg 580w, https:\/\/pans.krosno.pl\/poloznictwo\/wp-content\/uploads\/sites\/59\/2023\/04\/1680614340143.jpeg 1536w\" sizes=\"auto, (max-width: 768px) 100vw, 768px\" \/><\/figure>\n\n\n\n<figure class=\"wp-block-image size-large\"><img loading=\"lazy\" decoding=\"async\" width=\"768\" height=\"1024\" data-id=\"637\" src=\"https:\/\/pans.krosno.pl\/poloznictwo\/wp-content\/uploads\/sites\/59\/2023\/04\/1680614340159-768x1024.jpeg\" alt=\"\" class=\"wp-image-637\" srcset=\"https:\/\/pans.krosno.pl\/poloznictwo\/wp-content\/uploads\/sites\/59\/2023\/04\/1680614340159-768x1024.jpeg 768w, https:\/\/pans.krosno.pl\/poloznictwo\/wp-content\/uploads\/sites\/59\/2023\/04\/1680614340159-225x300.jpeg 225w, https:\/\/pans.krosno.pl\/poloznictwo\/wp-content\/uploads\/sites\/59\/2023\/04\/1680614340159-1152x1536.jpeg 1152w, https:\/\/pans.krosno.pl\/poloznictwo\/wp-content\/uploads\/sites\/59\/2023\/04\/1680614340159-800x1067.jpeg 800w, https:\/\/pans.krosno.pl\/poloznictwo\/wp-content\/uploads\/sites\/59\/2023\/04\/1680614340159-580x773.jpeg 580w, https:\/\/pans.krosno.pl\/poloznictwo\/wp-content\/uploads\/sites\/59\/2023\/04\/1680614340159.jpeg 1536w\" sizes=\"auto, (max-width: 768px) 100vw, 768px\" \/><\/figure>\n\n\n\n<figure class=\"wp-block-image size-large\"><img loading=\"lazy\" decoding=\"async\" width=\"768\" height=\"1024\" data-id=\"639\" src=\"https:\/\/pans.krosno.pl\/poloznictwo\/wp-content\/uploads\/sites\/59\/2023\/04\/1680614340175-768x1024.jpeg\" alt=\"\" class=\"wp-image-639\" srcset=\"https:\/\/pans.krosno.pl\/poloznictwo\/wp-content\/uploads\/sites\/59\/2023\/04\/1680614340175-768x1024.jpeg 768w, https:\/\/pans.krosno.pl\/poloznictwo\/wp-content\/uploads\/sites\/59\/2023\/04\/1680614340175-225x300.jpeg 225w, https:\/\/pans.krosno.pl\/poloznictwo\/wp-content\/uploads\/sites\/59\/2023\/04\/1680614340175-1152x1536.jpeg 1152w, https:\/\/pans.krosno.pl\/poloznictwo\/wp-content\/uploads\/sites\/59\/2023\/04\/1680614340175-800x1067.jpeg 800w, https:\/\/pans.krosno.pl\/poloznictwo\/wp-content\/uploads\/sites\/59\/2023\/04\/1680614340175-580x773.jpeg 580w, https:\/\/pans.krosno.pl\/poloznictwo\/wp-content\/uploads\/sites\/59\/2023\/04\/1680614340175.jpeg 1536w\" sizes=\"auto, (max-width: 768px) 100vw, 768px\" \/><\/figure>\n<\/figure>\n\n\n\n<p>Wi\u0119cej szczeg\u00f3\u0142\u00f3w: <a href=\"https:\/\/pans.krosno.pl\/x-targi-pracy-pans-w-krosnie-podsumowanie\/\">https:\/\/pans.krosno.pl\/x-targi-pracy-pans-w-krosnie-podsumowanie\/<\/a><\/p>\n","protected":false},"excerpt":{"rendered":"<p>Dnia 17 marca 2023 roku ju\u017c po raz dziesi\u0105ty odby\u0142y si\u0119 Targi Pracy organizowane przez Biuro Karier i Praktyk Pa\u0144stwowej Akademii Nauk Stosowanych w Kro\u015bnie. Zgodnie z za\u0142o\u017ceniami organizator\u00f3w wydarzenie mia\u0142o na celu u\u0142atwienie nawi\u0105zania kontakt\u00f3w z pracodawcami, umo\u017cliwienie uzyskania informacji na temat specyfiki pracy w danej firmie czy stworzenie [\u2026] <\/p>\n<div class=\"clear\"><\/div>\n<p><a class=\"more_link clearfix\" href=\"https:\/\/pans.krosno.pl\/poloznictwo\/2023\/03\/20\/poloznictwo-na-targach-pracy-w-krosnie\/\" rel=\"nofollow\">Read More<\/a><\/p>\n","protected":false},"author":82,"featured_media":645,"comment_status":"open","ping_status":"open","sticky":false,"template":"","format":"standard","meta":{"ngg_post_thumbnail":0,"footnotes":""},"categories":[11],"tags":[],"class_list":["post-624","post","type-post","status-publish","format-standard","has-post-thumbnail","hentry","category-aktualnosci"],"yoast_head":"<!-- This site is optimized with the Yoast SEO Premium plugin v27.4 (Yoast SEO v27.4) - https:\/\/yoast.com\/product\/yoast-seo-premium-wordpress\/ -->\n<title>Po\u0142o\u017cnictwo na Targach Pracy w Kro\u015bnie - Po\u0142o\u017cnictwo PANS w Kro\u015bnie<\/title>\n<meta name=\"robots\" content=\"index, follow, max-snippet:-1, max-image-preview:large, max-video-preview:-1\" \/>\n<link rel=\"canonical\" href=\"https:\/\/pans.krosno.pl\/poloznictwo\/2023\/03\/20\/poloznictwo-na-targach-pracy-w-krosnie\/\" \/>\n<meta property=\"og:locale\" content=\"pl_PL\" \/>\n<meta property=\"og:type\" content=\"article\" \/>\n<meta property=\"og:title\" content=\"Po\u0142o\u017cnictwo na Targach Pracy w Kro\u015bnie\" \/>\n<meta property=\"og:description\" content=\"Dnia 17 marca 2023 roku ju\u017c po raz dziesi\u0105ty odby\u0142y si\u0119 Targi Pracy organizowane przez Biuro Karier i Praktyk Pa\u0144stwowej Akademii Nauk Stosowanych w Kro\u015bnie. Zgodnie z za\u0142o\u017ceniami organizator\u00f3w wydarzenie mia\u0142o na celu u\u0142atwienie nawi\u0105zania kontakt\u00f3w z pracodawcami, umo\u017cliwienie uzyskania informacji na temat specyfiki pracy w danej firmie czy stworzenie [\u2026] Read More\" \/>\n<meta property=\"og:url\" content=\"https:\/\/pans.krosno.pl\/poloznictwo\/2023\/03\/20\/poloznictwo-na-targach-pracy-w-krosnie\/\" \/>\n<meta property=\"og:site_name\" content=\"Po\u0142o\u017cnictwo PANS w Kro\u015bnie\" \/>\n<meta property=\"article:publisher\" content=\"https:\/\/www.facebook.com\/StudiaKrosno\/\" \/>\n<meta property=\"article:published_time\" content=\"2023-03-20T14:08:00+00:00\" \/>\n<meta property=\"article:modified_time\" content=\"2023-04-25T08:17:47+00:00\" \/>\n<meta property=\"og:image\" content=\"https:\/\/pans.krosno.pl\/wp-content\/uploads\/sites\/59\/2023\/03\/Akademicki-Dzien-Nauki-772x1024-1-e1682410655517.jpg\" \/>\n\t<meta property=\"og:image:width\" content=\"772\" \/>\n\t<meta property=\"og:image:height\" content=\"463\" \/>\n\t<meta property=\"og:image:type\" content=\"image\/jpeg\" \/>\n<meta name=\"author\" content=\"joannagrzesikgasior\" \/>\n<meta name=\"twitter:card\" content=\"summary_large_image\" \/>\n<meta name=\"twitter:label1\" content=\"Napisane przez\" \/>\n\t<meta name=\"twitter:data1\" content=\"joannagrzesikgasior\" \/>\n\t<meta name=\"twitter:label2\" content=\"Szacowany czas czytania\" \/>\n\t<meta name=\"twitter:data2\" content=\"3 minuty\" \/>\n<script type=\"application\/ld+json\" class=\"yoast-schema-graph\">{\"@context\":\"https:\\\/\\\/schema.org\",\"@graph\":[{\"@type\":\"Article\",\"@id\":\"https:\\\/\\\/pans.krosno.pl\\\/poloznictwo\\\/2023\\\/03\\\/20\\\/poloznictwo-na-targach-pracy-w-krosnie\\\/#article\",\"isPartOf\":{\"@id\":\"https:\\\/\\\/pans.krosno.pl\\\/poloznictwo\\\/2023\\\/03\\\/20\\\/poloznictwo-na-targach-pracy-w-krosnie\\\/\"},\"author\":{\"name\":\"joannagrzesikgasior\",\"@id\":\"https:\\\/\\\/pans.krosno.pl\\\/poloznictwo\\\/#\\\/schema\\\/person\\\/a5bbd8bc44f824758170744fb6b4217c\"},\"headline\":\"Po\u0142o\u017cnictwo na Targach Pracy w Kro\u015bnie\",\"datePublished\":\"2023-03-20T14:08:00+00:00\",\"dateModified\":\"2023-04-25T08:17:47+00:00\",\"mainEntityOfPage\":{\"@id\":\"https:\\\/\\\/pans.krosno.pl\\\/poloznictwo\\\/2023\\\/03\\\/20\\\/poloznictwo-na-targach-pracy-w-krosnie\\\/\"},\"wordCount\":222,\"commentCount\":0,\"publisher\":{\"@id\":\"https:\\\/\\\/pans.krosno.pl\\\/poloznictwo\\\/#organization\"},\"image\":{\"@id\":\"https:\\\/\\\/pans.krosno.pl\\\/poloznictwo\\\/2023\\\/03\\\/20\\\/poloznictwo-na-targach-pracy-w-krosnie\\\/#primaryimage\"},\"thumbnailUrl\":\"https:\\\/\\\/pans.krosno.pl\\\/poloznictwo\\\/wp-content\\\/uploads\\\/sites\\\/59\\\/2023\\\/03\\\/Akademicki-Dzien-Nauki-772x1024-1-e1682410655517.jpg\",\"articleSection\":[\"Aktualno\u015bci\"],\"inLanguage\":\"pl-PL\",\"potentialAction\":[{\"@type\":\"CommentAction\",\"name\":\"Comment\",\"target\":[\"https:\\\/\\\/pans.krosno.pl\\\/poloznictwo\\\/2023\\\/03\\\/20\\\/poloznictwo-na-targach-pracy-w-krosnie\\\/#respond\"]}]},{\"@type\":\"WebPage\",\"@id\":\"https:\\\/\\\/pans.krosno.pl\\\/poloznictwo\\\/2023\\\/03\\\/20\\\/poloznictwo-na-targach-pracy-w-krosnie\\\/\",\"url\":\"https:\\\/\\\/pans.krosno.pl\\\/poloznictwo\\\/2023\\\/03\\\/20\\\/poloznictwo-na-targach-pracy-w-krosnie\\\/\",\"name\":\"Po\u0142o\u017cnictwo na Targach Pracy w Kro\u015bnie - Po\u0142o\u017cnictwo PANS w Kro\u015bnie\",\"isPartOf\":{\"@id\":\"https:\\\/\\\/pans.krosno.pl\\\/poloznictwo\\\/#website\"},\"primaryImageOfPage\":{\"@id\":\"https:\\\/\\\/pans.krosno.pl\\\/poloznictwo\\\/2023\\\/03\\\/20\\\/poloznictwo-na-targach-pracy-w-krosnie\\\/#primaryimage\"},\"image\":{\"@id\":\"https:\\\/\\\/pans.krosno.pl\\\/poloznictwo\\\/2023\\\/03\\\/20\\\/poloznictwo-na-targach-pracy-w-krosnie\\\/#primaryimage\"},\"thumbnailUrl\":\"https:\\\/\\\/pans.krosno.pl\\\/poloznictwo\\\/wp-content\\\/uploads\\\/sites\\\/59\\\/2023\\\/03\\\/Akademicki-Dzien-Nauki-772x1024-1-e1682410655517.jpg\",\"datePublished\":\"2023-03-20T14:08:00+00:00\",\"dateModified\":\"2023-04-25T08:17:47+00:00\",\"breadcrumb\":{\"@id\":\"https:\\\/\\\/pans.krosno.pl\\\/poloznictwo\\\/2023\\\/03\\\/20\\\/poloznictwo-na-targach-pracy-w-krosnie\\\/#breadcrumb\"},\"inLanguage\":\"pl-PL\",\"potentialAction\":[{\"@type\":\"ReadAction\",\"target\":[\"https:\\\/\\\/pans.krosno.pl\\\/poloznictwo\\\/2023\\\/03\\\/20\\\/poloznictwo-na-targach-pracy-w-krosnie\\\/\"]}]},{\"@type\":\"ImageObject\",\"inLanguage\":\"pl-PL\",\"@id\":\"https:\\\/\\\/pans.krosno.pl\\\/poloznictwo\\\/2023\\\/03\\\/20\\\/poloznictwo-na-targach-pracy-w-krosnie\\\/#primaryimage\",\"url\":\"https:\\\/\\\/pans.krosno.pl\\\/poloznictwo\\\/wp-content\\\/uploads\\\/sites\\\/59\\\/2023\\\/03\\\/Akademicki-Dzien-Nauki-772x1024-1-e1682410655517.jpg\",\"contentUrl\":\"https:\\\/\\\/pans.krosno.pl\\\/poloznictwo\\\/wp-content\\\/uploads\\\/sites\\\/59\\\/2023\\\/03\\\/Akademicki-Dzien-Nauki-772x1024-1-e1682410655517.jpg\",\"width\":772,\"height\":463},{\"@type\":\"BreadcrumbList\",\"@id\":\"https:\\\/\\\/pans.krosno.pl\\\/poloznictwo\\\/2023\\\/03\\\/20\\\/poloznictwo-na-targach-pracy-w-krosnie\\\/#breadcrumb\",\"itemListElement\":[{\"@type\":\"ListItem\",\"position\":1,\"name\":\"Strona g\u0142\u00f3wna\",\"item\":\"https:\\\/\\\/pans.krosno.pl\\\/poloznictwo\\\/\"},{\"@type\":\"ListItem\",\"position\":2,\"name\":\"Aktualno\u015bci\",\"item\":\"https:\\\/\\\/pans.krosno.pl\\\/poloznictwo\\\/category\\\/aktualnosci\\\/\"},{\"@type\":\"ListItem\",\"position\":3,\"name\":\"Po\u0142o\u017cnictwo na Targach Pracy w Kro\u015bnie\"}]},{\"@type\":\"WebSite\",\"@id\":\"https:\\\/\\\/pans.krosno.pl\\\/poloznictwo\\\/#website\",\"url\":\"https:\\\/\\\/pans.krosno.pl\\\/poloznictwo\\\/\",\"name\":\"KPU w Kro\u015bnie\",\"description\":\"Po\u0142o\u017cnictwo - Pa\u0144stwowa Akademia Nauk Stosowanych\",\"publisher\":{\"@id\":\"https:\\\/\\\/pans.krosno.pl\\\/poloznictwo\\\/#organization\"},\"potentialAction\":[{\"@type\":\"SearchAction\",\"target\":{\"@type\":\"EntryPoint\",\"urlTemplate\":\"https:\\\/\\\/pans.krosno.pl\\\/poloznictwo\\\/?s={search_term_string}\"},\"query-input\":{\"@type\":\"PropertyValueSpecification\",\"valueRequired\":true,\"valueName\":\"search_term_string\"}}],\"inLanguage\":\"pl-PL\"},{\"@type\":\"Organization\",\"@id\":\"https:\\\/\\\/pans.krosno.pl\\\/poloznictwo\\\/#organization\",\"name\":\"Karpacka Pa\u0144stwowa Uczelnia w Kro\u015bnie\",\"url\":\"https:\\\/\\\/pans.krosno.pl\\\/poloznictwo\\\/\",\"logo\":{\"@type\":\"ImageObject\",\"inLanguage\":\"pl-PL\",\"@id\":\"https:\\\/\\\/pans.krosno.pl\\\/poloznictwo\\\/#\\\/schema\\\/logo\\\/image\\\/\",\"url\":\"https:\\\/\\\/pans.krosno.pl\\\/wp-content\\\/uploads\\\/2020\\\/04\\\/unnamed-1.png\",\"contentUrl\":\"https:\\\/\\\/pans.krosno.pl\\\/wp-content\\\/uploads\\\/2020\\\/04\\\/unnamed-1.png\",\"width\":2238,\"height\":372,\"caption\":\"Karpacka Pa\u0144stwowa Uczelnia w Kro\u015bnie\"},\"image\":{\"@id\":\"https:\\\/\\\/pans.krosno.pl\\\/poloznictwo\\\/#\\\/schema\\\/logo\\\/image\\\/\"},\"sameAs\":[\"https:\\\/\\\/www.facebook.com\\\/StudiaKrosno\\\/\",\"https:\\\/\\\/www.instagram.com\\\/studia.krosno\",\"https:\\\/\\\/pl.linkedin.com\\\/company\\\/pwsz-krosno\",\"https:\\\/\\\/www.youtube.com\\\/user\\\/pwszkrosno\\\/\",\"https:\\\/\\\/pl.wikipedia.org\\\/wiki\\\/Pa\u0144stwowa_Wy\u017csza_Szko\u0142a_Zawodowa_im._Stanis\u0142awa_Pigonia_w_Kro\u015bnie\"]},{\"@type\":\"Person\",\"@id\":\"https:\\\/\\\/pans.krosno.pl\\\/poloznictwo\\\/#\\\/schema\\\/person\\\/a5bbd8bc44f824758170744fb6b4217c\",\"name\":\"joannagrzesikgasior\",\"image\":{\"@type\":\"ImageObject\",\"inLanguage\":\"pl-PL\",\"@id\":\"https:\\\/\\\/secure.gravatar.com\\\/avatar\\\/5a54d373549ff25fa1146e691198972fbf4200dc10310e872afc3af1b16b24db?s=96&d=mm&r=g\",\"url\":\"https:\\\/\\\/secure.gravatar.com\\\/avatar\\\/5a54d373549ff25fa1146e691198972fbf4200dc10310e872afc3af1b16b24db?s=96&d=mm&r=g\",\"contentUrl\":\"https:\\\/\\\/secure.gravatar.com\\\/avatar\\\/5a54d373549ff25fa1146e691198972fbf4200dc10310e872afc3af1b16b24db?s=96&d=mm&r=g\",\"caption\":\"joannagrzesikgasior\"},\"url\":\"https:\\\/\\\/pans.krosno.pl\\\/poloznictwo\\\/author\\\/joannagrzesikgasior\\\/\"}]}<\/script>\n<!-- \/ Yoast SEO Premium plugin. -->","yoast_head_json":{"title":"Po\u0142o\u017cnictwo na Targach Pracy w Kro\u015bnie - Po\u0142o\u017cnictwo PANS w Kro\u015bnie","robots":{"index":"index","follow":"follow","max-snippet":"max-snippet:-1","max-image-preview":"max-image-preview:large","max-video-preview":"max-video-preview:-1"},"canonical":"https:\/\/pans.krosno.pl\/poloznictwo\/2023\/03\/20\/poloznictwo-na-targach-pracy-w-krosnie\/","og_locale":"pl_PL","og_type":"article","og_title":"Po\u0142o\u017cnictwo na Targach Pracy w Kro\u015bnie","og_description":"Dnia 17 marca 2023 roku ju\u017c po raz dziesi\u0105ty odby\u0142y si\u0119 Targi Pracy organizowane przez Biuro Karier i Praktyk Pa\u0144stwowej Akademii Nauk Stosowanych w Kro\u015bnie. Zgodnie z za\u0142o\u017ceniami organizator\u00f3w wydarzenie mia\u0142o na celu u\u0142atwienie nawi\u0105zania kontakt\u00f3w z pracodawcami, umo\u017cliwienie uzyskania informacji na temat specyfiki pracy w danej firmie czy stworzenie [\u2026] Read More","og_url":"https:\/\/pans.krosno.pl\/poloznictwo\/2023\/03\/20\/poloznictwo-na-targach-pracy-w-krosnie\/","og_site_name":"Po\u0142o\u017cnictwo PANS w Kro\u015bnie","article_publisher":"https:\/\/www.facebook.com\/StudiaKrosno\/","article_published_time":"2023-03-20T14:08:00+00:00","article_modified_time":"2023-04-25T08:17:47+00:00","og_image":[{"width":772,"height":463,"url":"https:\/\/pans.krosno.pl\/wp-content\/uploads\/sites\/59\/2023\/03\/Akademicki-Dzien-Nauki-772x1024-1-e1682410655517.jpg","type":"image\/jpeg"}],"author":"joannagrzesikgasior","twitter_card":"summary_large_image","twitter_misc":{"Napisane przez":"joannagrzesikgasior","Szacowany czas czytania":"3 minuty"},"schema":{"@context":"https:\/\/schema.org","@graph":[{"@type":"Article","@id":"https:\/\/pans.krosno.pl\/poloznictwo\/2023\/03\/20\/poloznictwo-na-targach-pracy-w-krosnie\/#article","isPartOf":{"@id":"https:\/\/pans.krosno.pl\/poloznictwo\/2023\/03\/20\/poloznictwo-na-targach-pracy-w-krosnie\/"},"author":{"name":"joannagrzesikgasior","@id":"https:\/\/pans.krosno.pl\/poloznictwo\/#\/schema\/person\/a5bbd8bc44f824758170744fb6b4217c"},"headline":"Po\u0142o\u017cnictwo na Targach Pracy w Kro\u015bnie","datePublished":"2023-03-20T14:08:00+00:00","dateModified":"2023-04-25T08:17:47+00:00","mainEntityOfPage":{"@id":"https:\/\/pans.krosno.pl\/poloznictwo\/2023\/03\/20\/poloznictwo-na-targach-pracy-w-krosnie\/"},"wordCount":222,"commentCount":0,"publisher":{"@id":"https:\/\/pans.krosno.pl\/poloznictwo\/#organization"},"image":{"@id":"https:\/\/pans.krosno.pl\/poloznictwo\/2023\/03\/20\/poloznictwo-na-targach-pracy-w-krosnie\/#primaryimage"},"thumbnailUrl":"https:\/\/pans.krosno.pl\/poloznictwo\/wp-content\/uploads\/sites\/59\/2023\/03\/Akademicki-Dzien-Nauki-772x1024-1-e1682410655517.jpg","articleSection":["Aktualno\u015bci"],"inLanguage":"pl-PL","potentialAction":[{"@type":"CommentAction","name":"Comment","target":["https:\/\/pans.krosno.pl\/poloznictwo\/2023\/03\/20\/poloznictwo-na-targach-pracy-w-krosnie\/#respond"]}]},{"@type":"WebPage","@id":"https:\/\/pans.krosno.pl\/poloznictwo\/2023\/03\/20\/poloznictwo-na-targach-pracy-w-krosnie\/","url":"https:\/\/pans.krosno.pl\/poloznictwo\/2023\/03\/20\/poloznictwo-na-targach-pracy-w-krosnie\/","name":"Po\u0142o\u017cnictwo na Targach Pracy w Kro\u015bnie - Po\u0142o\u017cnictwo PANS w Kro\u015bnie","isPartOf":{"@id":"https:\/\/pans.krosno.pl\/poloznictwo\/#website"},"primaryImageOfPage":{"@id":"https:\/\/pans.krosno.pl\/poloznictwo\/2023\/03\/20\/poloznictwo-na-targach-pracy-w-krosnie\/#primaryimage"},"image":{"@id":"https:\/\/pans.krosno.pl\/poloznictwo\/2023\/03\/20\/poloznictwo-na-targach-pracy-w-krosnie\/#primaryimage"},"thumbnailUrl":"https:\/\/pans.krosno.pl\/poloznictwo\/wp-content\/uploads\/sites\/59\/2023\/03\/Akademicki-Dzien-Nauki-772x1024-1-e1682410655517.jpg","datePublished":"2023-03-20T14:08:00+00:00","dateModified":"2023-04-25T08:17:47+00:00","breadcrumb":{"@id":"https:\/\/pans.krosno.pl\/poloznictwo\/2023\/03\/20\/poloznictwo-na-targach-pracy-w-krosnie\/#breadcrumb"},"inLanguage":"pl-PL","potentialAction":[{"@type":"ReadAction","target":["https:\/\/pans.krosno.pl\/poloznictwo\/2023\/03\/20\/poloznictwo-na-targach-pracy-w-krosnie\/"]}]},{"@type":"ImageObject","inLanguage":"pl-PL","@id":"https:\/\/pans.krosno.pl\/poloznictwo\/2023\/03\/20\/poloznictwo-na-targach-pracy-w-krosnie\/#primaryimage","url":"https:\/\/pans.krosno.pl\/poloznictwo\/wp-content\/uploads\/sites\/59\/2023\/03\/Akademicki-Dzien-Nauki-772x1024-1-e1682410655517.jpg","contentUrl":"https:\/\/pans.krosno.pl\/poloznictwo\/wp-content\/uploads\/sites\/59\/2023\/03\/Akademicki-Dzien-Nauki-772x1024-1-e1682410655517.jpg","width":772,"height":463},{"@type":"BreadcrumbList","@id":"https:\/\/pans.krosno.pl\/poloznictwo\/2023\/03\/20\/poloznictwo-na-targach-pracy-w-krosnie\/#breadcrumb","itemListElement":[{"@type":"ListItem","position":1,"name":"Strona g\u0142\u00f3wna","item":"https:\/\/pans.krosno.pl\/poloznictwo\/"},{"@type":"ListItem","position":2,"name":"Aktualno\u015bci","item":"https:\/\/pans.krosno.pl\/poloznictwo\/category\/aktualnosci\/"},{"@type":"ListItem","position":3,"name":"Po\u0142o\u017cnictwo na Targach Pracy w Kro\u015bnie"}]},{"@type":"WebSite","@id":"https:\/\/pans.krosno.pl\/poloznictwo\/#website","url":"https:\/\/pans.krosno.pl\/poloznictwo\/","name":"KPU w Kro\u015bnie","description":"Po\u0142o\u017cnictwo - Pa\u0144stwowa Akademia Nauk Stosowanych","publisher":{"@id":"https:\/\/pans.krosno.pl\/poloznictwo\/#organization"},"potentialAction":[{"@type":"SearchAction","target":{"@type":"EntryPoint","urlTemplate":"https:\/\/pans.krosno.pl\/poloznictwo\/?s={search_term_string}"},"query-input":{"@type":"PropertyValueSpecification","valueRequired":true,"valueName":"search_term_string"}}],"inLanguage":"pl-PL"},{"@type":"Organization","@id":"https:\/\/pans.krosno.pl\/poloznictwo\/#organization","name":"Karpacka Pa\u0144stwowa Uczelnia w Kro\u015bnie","url":"https:\/\/pans.krosno.pl\/poloznictwo\/","logo":{"@type":"ImageObject","inLanguage":"pl-PL","@id":"https:\/\/pans.krosno.pl\/poloznictwo\/#\/schema\/logo\/image\/","url":"https:\/\/pans.krosno.pl\/wp-content\/uploads\/2020\/04\/unnamed-1.png","contentUrl":"https:\/\/pans.krosno.pl\/wp-content\/uploads\/2020\/04\/unnamed-1.png","width":2238,"height":372,"caption":"Karpacka Pa\u0144stwowa Uczelnia w Kro\u015bnie"},"image":{"@id":"https:\/\/pans.krosno.pl\/poloznictwo\/#\/schema\/logo\/image\/"},"sameAs":["https:\/\/www.facebook.com\/StudiaKrosno\/","https:\/\/www.instagram.com\/studia.krosno","https:\/\/pl.linkedin.com\/company\/pwsz-krosno","https:\/\/www.youtube.com\/user\/pwszkrosno\/","https:\/\/pl.wikipedia.org\/wiki\/Pa\u0144stwowa_Wy\u017csza_Szko\u0142a_Zawodowa_im._Stanis\u0142awa_Pigonia_w_Kro\u015bnie"]},{"@type":"Person","@id":"https:\/\/pans.krosno.pl\/poloznictwo\/#\/schema\/person\/a5bbd8bc44f824758170744fb6b4217c","name":"joannagrzesikgasior","image":{"@type":"ImageObject","inLanguage":"pl-PL","@id":"https:\/\/secure.gravatar.com\/avatar\/5a54d373549ff25fa1146e691198972fbf4200dc10310e872afc3af1b16b24db?s=96&d=mm&r=g","url":"https:\/\/secure.gravatar.com\/avatar\/5a54d373549ff25fa1146e691198972fbf4200dc10310e872afc3af1b16b24db?s=96&d=mm&r=g","contentUrl":"https:\/\/secure.gravatar.com\/avatar\/5a54d373549ff25fa1146e691198972fbf4200dc10310e872afc3af1b16b24db?s=96&d=mm&r=g","caption":"joannagrzesikgasior"},"url":"https:\/\/pans.krosno.pl\/poloznictwo\/author\/joannagrzesikgasior\/"}]}},"_links":{"self":[{"href":"https:\/\/pans.krosno.pl\/poloznictwo\/wp-json\/wp\/v2\/posts\/624","targetHints":{"allow":["GET"]}}],"collection":[{"href":"https:\/\/pans.krosno.pl\/poloznictwo\/wp-json\/wp\/v2\/posts"}],"about":[{"href":"https:\/\/pans.krosno.pl\/poloznictwo\/wp-json\/wp\/v2\/types\/post"}],"author":[{"embeddable":true,"href":"https:\/\/pans.krosno.pl\/poloznictwo\/wp-json\/wp\/v2\/users\/82"}],"replies":[{"embeddable":true,"href":"https:\/\/pans.krosno.pl\/poloznictwo\/wp-json\/wp\/v2\/comments?post=624"}],"version-history":[{"count":2,"href":"https:\/\/pans.krosno.pl\/poloznictwo\/wp-json\/wp\/v2\/posts\/624\/revisions"}],"predecessor-version":[{"id":647,"href":"https:\/\/pans.krosno.pl\/poloznictwo\/wp-json\/wp\/v2\/posts\/624\/revisions\/647"}],"wp:featuredmedia":[{"embeddable":true,"href":"https:\/\/pans.krosno.pl\/poloznictwo\/wp-json\/wp\/v2\/media\/645"}],"wp:attachment":[{"href":"https:\/\/pans.krosno.pl\/poloznictwo\/wp-json\/wp\/v2\/media?parent=624"}],"wp:term":[{"taxonomy":"category","embeddable":true,"href":"https:\/\/pans.krosno.pl\/poloznictwo\/wp-json\/wp\/v2\/categories?post=624"},{"taxonomy":"post_tag","embeddable":true,"href":"https:\/\/pans.krosno.pl\/poloznictwo\/wp-json\/wp\/v2\/tags?post=624"}],"curies":[{"name":"wp","href":"https:\/\/api.w.org\/{rel}","templated":true}]}}