{"id":5974,"date":"2025-06-03T18:41:25","date_gmt":"2025-06-03T16:41:25","guid":{"rendered":"https:\/\/pans.krosno.pl\/pielegniarstwo\/?p=5974"},"modified":"2025-06-03T18:41:26","modified_gmt":"2025-06-03T16:41:26","slug":"z-krosna-do-opola-po-srebro-wielki-sukces-w-olimpiadzie-pielegniarskiej","status":"publish","type":"post","link":"https:\/\/pans.krosno.pl\/pielegniarstwo\/z-krosna-do-opola-po-srebro-wielki-sukces-w-olimpiadzie-pielegniarskiej\/","title":{"rendered":"Z Krosna do Opola po srebro \u2013 wielki sukces w Olimpiadzie Piel\u0119gniarskiej"},"content":{"rendered":"\n<p>Z ogromn\u0105 rado\u015bci\u0105 informujemy, \u017ce <strong>Sabina Z\u0105bik<\/strong> \u2013 studentka III roku kierunku Piel\u0119gniarstwo z Pa\u0144stwowej Akademii Nauk Stosowanych w Kro\u015bnie \u2013 zdoby\u0142a <strong>II miejsce<\/strong> w Jubileuszowej XV Mi\u0119dzyuczelnianej Olimpiadzie Piel\u0119gniarskiej im. dr Janiny Fetli\u0144skiej!<\/p>\n\n\n\n<figure class=\"wp-block-image size-large\"><img loading=\"lazy\" decoding=\"async\" width=\"1024\" height=\"683\" src=\"https:\/\/pans.krosno.pl\/pielegniarstwo\/wp-content\/uploads\/sites\/8\/2025\/06\/54531452137_764c67c0b9_o-1024x683.jpg\" alt=\"\" class=\"wp-image-5977\" srcset=\"https:\/\/pans.krosno.pl\/pielegniarstwo\/wp-content\/uploads\/sites\/8\/2025\/06\/54531452137_764c67c0b9_o-1024x683.jpg 1024w, https:\/\/pans.krosno.pl\/pielegniarstwo\/wp-content\/uploads\/sites\/8\/2025\/06\/54531452137_764c67c0b9_o-300x200.jpg 300w, https:\/\/pans.krosno.pl\/pielegniarstwo\/wp-content\/uploads\/sites\/8\/2025\/06\/54531452137_764c67c0b9_o-768x512.jpg 768w, https:\/\/pans.krosno.pl\/pielegniarstwo\/wp-content\/uploads\/sites\/8\/2025\/06\/54531452137_764c67c0b9_o-1536x1024.jpg 1536w, https:\/\/pans.krosno.pl\/pielegniarstwo\/wp-content\/uploads\/sites\/8\/2025\/06\/54531452137_764c67c0b9_o-2000x1333.jpg 2000w, https:\/\/pans.krosno.pl\/pielegniarstwo\/wp-content\/uploads\/sites\/8\/2025\/06\/54531452137_764c67c0b9_o-800x533.jpg 800w, https:\/\/pans.krosno.pl\/pielegniarstwo\/wp-content\/uploads\/sites\/8\/2025\/06\/54531452137_764c67c0b9_o-580x387.jpg 580w, https:\/\/pans.krosno.pl\/pielegniarstwo\/wp-content\/uploads\/sites\/8\/2025\/06\/54531452137_764c67c0b9_o.jpg 2048w\" sizes=\"auto, (max-width: 1024px) 100vw, 1024px\" \/><\/figure>\n\n\n\n<p>Fina\u0142 wydarzenia odby\u0142 si\u0119 w dniu <strong>16 maja 2025 roku<\/strong> na Uniwersytecie Opolskim i zgromadzi\u0142 kilkunastu student\u00f3w kierunku Piel\u0119gniarstwo reprezentuj\u0105cych <strong>uczelnie z ca\u0142ej Polski<\/strong>. Sabina Z\u0105bik reprezentowa\u0142a nasz\u0105 Uczelni\u0119, prezentuj\u0105c prac\u0119 pt. \u201e<em>R\u00f3\u017cnice mi\u0119dzypokoleniowe w zespo\u0142ach piel\u0119gniarskich<\/em>\u201d. Jej profesjonalizm, wiedza oraz umiej\u0119tno\u015b\u0107 analizy zagadnie\u0144 praktyki klinicznej zosta\u0142y <strong>bardzo wysoko ocenione<\/strong> przez komisj\u0119 konkursow\u0105.<\/p>\n\n\n\n<figure class=\"wp-block-image size-large\"><img loading=\"lazy\" decoding=\"async\" width=\"1024\" height=\"576\" src=\"https:\/\/pans.krosno.pl\/pielegniarstwo\/wp-content\/uploads\/sites\/8\/2025\/06\/Bez-tytulu-1024x576.png\" alt=\"\" class=\"wp-image-5982\" srcset=\"https:\/\/pans.krosno.pl\/pielegniarstwo\/wp-content\/uploads\/sites\/8\/2025\/06\/Bez-tytulu-1024x576.png 1024w, https:\/\/pans.krosno.pl\/pielegniarstwo\/wp-content\/uploads\/sites\/8\/2025\/06\/Bez-tytulu-300x169.png 300w, https:\/\/pans.krosno.pl\/pielegniarstwo\/wp-content\/uploads\/sites\/8\/2025\/06\/Bez-tytulu-768x432.png 768w, https:\/\/pans.krosno.pl\/pielegniarstwo\/wp-content\/uploads\/sites\/8\/2025\/06\/Bez-tytulu-1536x864.png 1536w, https:\/\/pans.krosno.pl\/pielegniarstwo\/wp-content\/uploads\/sites\/8\/2025\/06\/Bez-tytulu-2048x1152.png 2048w, https:\/\/pans.krosno.pl\/pielegniarstwo\/wp-content\/uploads\/sites\/8\/2025\/06\/Bez-tytulu-2000x1125.png 2000w, https:\/\/pans.krosno.pl\/pielegniarstwo\/wp-content\/uploads\/sites\/8\/2025\/06\/Bez-tytulu-800x450.png 800w, https:\/\/pans.krosno.pl\/pielegniarstwo\/wp-content\/uploads\/sites\/8\/2025\/06\/Bez-tytulu-270x152.png 270w, https:\/\/pans.krosno.pl\/pielegniarstwo\/wp-content\/uploads\/sites\/8\/2025\/06\/Bez-tytulu-580x326.png 580w\" sizes=\"auto, (max-width: 1024px) 100vw, 1024px\" \/><\/figure>\n\n\n\n<p>Mi\u0119dzyuczelniana Olimpiada Piel\u0119gniarska im. dr Janiny Fetli\u0144skiej to <strong>presti\u017cowe wydarzenie<\/strong>, kt\u00f3re promuje rozw\u00f3j student\u00f3w Piel\u0119gniarstwa, integruje \u015brodowisko akademickie oraz tworzy przestrze\u0144 do wymiany do\u015bwiadcze\u0144. Udzia\u0142 w niej to nie tylko okazja do rywalizacji na <strong>wysokim poziomie<\/strong>, ale przede wszystkim \u2013 mo\u017cliwo\u015b\u0107 sprawdzenia swoich kompetencji i umiej\u0119tno\u015bci przed wej\u015bciem na rynek pracy. Tegoroczna edycja mia\u0142a wyj\u0105tkowy charakter \u2013 by\u0142a to jubileuszowa, <strong>pi\u0119tnasta<\/strong> ods\u0142ona wydarzenia, kt\u00f3rej towarzyszy\u0142y liczne inicjatywy towarzysz\u0105ce.<\/p>\n\n\n\n<figure class=\"wp-block-image size-large\"><img loading=\"lazy\" decoding=\"async\" width=\"1024\" height=\"611\" src=\"https:\/\/pans.krosno.pl\/pielegniarstwo\/wp-content\/uploads\/sites\/8\/2025\/06\/54532348446_bcf2da8638_o-1024x611.jpg\" alt=\"\" class=\"wp-image-5975\" srcset=\"https:\/\/pans.krosno.pl\/pielegniarstwo\/wp-content\/uploads\/sites\/8\/2025\/06\/54532348446_bcf2da8638_o-1024x611.jpg 1024w, https:\/\/pans.krosno.pl\/pielegniarstwo\/wp-content\/uploads\/sites\/8\/2025\/06\/54532348446_bcf2da8638_o-300x179.jpg 300w, https:\/\/pans.krosno.pl\/pielegniarstwo\/wp-content\/uploads\/sites\/8\/2025\/06\/54532348446_bcf2da8638_o-768x458.jpg 768w, https:\/\/pans.krosno.pl\/pielegniarstwo\/wp-content\/uploads\/sites\/8\/2025\/06\/54532348446_bcf2da8638_o-1536x916.jpg 1536w, https:\/\/pans.krosno.pl\/pielegniarstwo\/wp-content\/uploads\/sites\/8\/2025\/06\/54532348446_bcf2da8638_o-2048x1222.jpg 2048w, https:\/\/pans.krosno.pl\/pielegniarstwo\/wp-content\/uploads\/sites\/8\/2025\/06\/54532348446_bcf2da8638_o-2000x1193.jpg 2000w, https:\/\/pans.krosno.pl\/pielegniarstwo\/wp-content\/uploads\/sites\/8\/2025\/06\/54532348446_bcf2da8638_o-800x477.jpg 800w, https:\/\/pans.krosno.pl\/pielegniarstwo\/wp-content\/uploads\/sites\/8\/2025\/06\/54532348446_bcf2da8638_o-580x346.jpg 580w\" sizes=\"auto, (max-width: 1024px) 100vw, 1024px\" \/><\/figure>\n\n\n\n<p>To wyj\u0105tkowe osi\u0105gni\u0119cie wpisuje si\u0119 tak\u017ce w <strong>histori\u0119<\/strong> naszego kierunku \u2013 podczas VIII edycji Olimpiady w 2017 roku (fina\u0142 w Nowym S\u0105czu), studentka \u00f3wczesnej PWSZ w Kro\u015bnie, <strong>Natalia Frodyma<\/strong>, zaj\u0119\u0142a I miejsce. Historia zatoczy\u0142a wi\u0119c symboliczne ko\u0142o \u2013 <strong>po o\u015bmiu latach<\/strong> ponownie go\u015bcimy na podium tego og\u00f3lnopolskiego konkursu.<\/p>\n\n\n\n<figure class=\"wp-block-image size-large\"><img loading=\"lazy\" decoding=\"async\" width=\"1024\" height=\"684\" src=\"https:\/\/pans.krosno.pl\/pielegniarstwo\/wp-content\/uploads\/sites\/8\/2025\/06\/54532611668_75be347404_o-1024x684.jpg\" alt=\"\" class=\"wp-image-5976\" srcset=\"https:\/\/pans.krosno.pl\/pielegniarstwo\/wp-content\/uploads\/sites\/8\/2025\/06\/54532611668_75be347404_o-1024x684.jpg 1024w, https:\/\/pans.krosno.pl\/pielegniarstwo\/wp-content\/uploads\/sites\/8\/2025\/06\/54532611668_75be347404_o-300x200.jpg 300w, https:\/\/pans.krosno.pl\/pielegniarstwo\/wp-content\/uploads\/sites\/8\/2025\/06\/54532611668_75be347404_o-768x513.jpg 768w, https:\/\/pans.krosno.pl\/pielegniarstwo\/wp-content\/uploads\/sites\/8\/2025\/06\/54532611668_75be347404_o-1536x1026.jpg 1536w, https:\/\/pans.krosno.pl\/pielegniarstwo\/wp-content\/uploads\/sites\/8\/2025\/06\/54532611668_75be347404_o-2048x1368.jpg 2048w, https:\/\/pans.krosno.pl\/pielegniarstwo\/wp-content\/uploads\/sites\/8\/2025\/06\/54532611668_75be347404_o-2000x1336.jpg 2000w, https:\/\/pans.krosno.pl\/pielegniarstwo\/wp-content\/uploads\/sites\/8\/2025\/06\/54532611668_75be347404_o-800x534.jpg 800w, https:\/\/pans.krosno.pl\/pielegniarstwo\/wp-content\/uploads\/sites\/8\/2025\/06\/54532611668_75be347404_o-580x387.jpg 580w\" sizes=\"auto, (max-width: 1024px) 100vw, 1024px\" \/><\/figure>\n\n\n\n<p>Sk\u0142adamy <strong>serdeczne gratulacje<\/strong> Sabinie Z\u0105bik za godne reprezentowanie naszej Uczelni, ogrom pracy w\u0142o\u017conej w przygotowania oraz dojrza\u0142o\u015b\u0107 zaprezentowan\u0105 podczas wyst\u0105pienia fina\u0142owego. Dzi\u0119kujemy tak\u017ce opiekunom merytorycznym \u2013 dr Agnieszce Kijowskiej oraz mgr Micha\u0142owi Wojnarowi \u2013 za zaanga\u017cowanie, <strong>wsparcie dydaktyczne<\/strong> i pomoc w przygotowaniu prezentacji.<\/p>\n\n\n\n<figure class=\"wp-block-gallery has-nested-images columns-default is-cropped wp-block-gallery-1 is-layout-flex wp-block-gallery-is-layout-flex\">\n<figure class=\"wp-block-image size-large\"><img loading=\"lazy\" decoding=\"async\" width=\"577\" height=\"1024\" data-id=\"5980\" src=\"https:\/\/pans.krosno.pl\/pielegniarstwo\/wp-content\/uploads\/sites\/8\/2025\/06\/1748968647151-1-577x1024.jpg\" alt=\"\" class=\"wp-image-5980\" srcset=\"https:\/\/pans.krosno.pl\/pielegniarstwo\/wp-content\/uploads\/sites\/8\/2025\/06\/1748968647151-1-577x1024.jpg 577w, https:\/\/pans.krosno.pl\/pielegniarstwo\/wp-content\/uploads\/sites\/8\/2025\/06\/1748968647151-1-169x300.jpg 169w, https:\/\/pans.krosno.pl\/pielegniarstwo\/wp-content\/uploads\/sites\/8\/2025\/06\/1748968647151-1-768x1364.jpg 768w, https:\/\/pans.krosno.pl\/pielegniarstwo\/wp-content\/uploads\/sites\/8\/2025\/06\/1748968647151-1-865x1536.jpg 865w, https:\/\/pans.krosno.pl\/pielegniarstwo\/wp-content\/uploads\/sites\/8\/2025\/06\/1748968647151-1-1153x2048.jpg 1153w, https:\/\/pans.krosno.pl\/pielegniarstwo\/wp-content\/uploads\/sites\/8\/2025\/06\/1748968647151-1-800x1421.jpg 800w, https:\/\/pans.krosno.pl\/pielegniarstwo\/wp-content\/uploads\/sites\/8\/2025\/06\/1748968647151-1-580x1030.jpg 580w, https:\/\/pans.krosno.pl\/pielegniarstwo\/wp-content\/uploads\/sites\/8\/2025\/06\/1748968647151-1-scaled.jpg 1441w\" sizes=\"auto, (max-width: 577px) 100vw, 577px\" \/><\/figure>\n\n\n\n<figure class=\"wp-block-image size-large\"><img loading=\"lazy\" decoding=\"async\" width=\"577\" height=\"1024\" data-id=\"5981\" src=\"https:\/\/pans.krosno.pl\/pielegniarstwo\/wp-content\/uploads\/sites\/8\/2025\/06\/1748968687852-1-577x1024.jpg\" alt=\"\" class=\"wp-image-5981\" srcset=\"https:\/\/pans.krosno.pl\/pielegniarstwo\/wp-content\/uploads\/sites\/8\/2025\/06\/1748968687852-1-577x1024.jpg 577w, https:\/\/pans.krosno.pl\/pielegniarstwo\/wp-content\/uploads\/sites\/8\/2025\/06\/1748968687852-1-169x300.jpg 169w, https:\/\/pans.krosno.pl\/pielegniarstwo\/wp-content\/uploads\/sites\/8\/2025\/06\/1748968687852-1-768x1364.jpg 768w, https:\/\/pans.krosno.pl\/pielegniarstwo\/wp-content\/uploads\/sites\/8\/2025\/06\/1748968687852-1-865x1536.jpg 865w, https:\/\/pans.krosno.pl\/pielegniarstwo\/wp-content\/uploads\/sites\/8\/2025\/06\/1748968687852-1-1153x2048.jpg 1153w, https:\/\/pans.krosno.pl\/pielegniarstwo\/wp-content\/uploads\/sites\/8\/2025\/06\/1748968687852-1-2000x3552.jpg 2000w, https:\/\/pans.krosno.pl\/pielegniarstwo\/wp-content\/uploads\/sites\/8\/2025\/06\/1748968687852-1-800x1421.jpg 800w, https:\/\/pans.krosno.pl\/pielegniarstwo\/wp-content\/uploads\/sites\/8\/2025\/06\/1748968687852-1-580x1030.jpg 580w, https:\/\/pans.krosno.pl\/pielegniarstwo\/wp-content\/uploads\/sites\/8\/2025\/06\/1748968687852-1-scaled.jpg 1441w\" sizes=\"auto, (max-width: 577px) 100vw, 577px\" \/><\/figure>\n<\/figure>\n\n\n\n<p>Sukces Sabiny to pow\u00f3d do <strong>ogromnej dumy<\/strong> dla kierunku Piel\u0119gniarstwo oraz ca\u0142ej spo\u0142eczno\u015bci akademickiej PANS w Kro\u015bnie. Pokazuje, \u017ce <strong>wiedza, konsekwencja i pasja do zawodu<\/strong> s\u0105 drog\u0105 do osi\u0105gni\u0119\u0107, kt\u00f3re maj\u0105 realne znaczenie \u2013 nie tylko dla student\u00f3w, ale i dla ca\u0142ego \u015brodowiska piel\u0119gniarskiego.<\/p>\n","protected":false},"excerpt":{"rendered":"<p>Z ogromn\u0105 rado\u015bci\u0105 informujemy, \u017ce Sabina Z\u0105bik \u2013 studentka III roku kierunku Piel\u0119gniarstwo z Pa\u0144stwowej Akademii Nauk Stosowanych w Kro\u015bnie \u2013 zdoby\u0142a II miejsce w Jubileuszowej XV Mi\u0119dzyuczelnianej Olimpiadzie Piel\u0119gniarskiej im. dr Janiny Fetli\u0144skiej! Fina\u0142 wydarzenia odby\u0142 si\u0119 w dniu 16 maja 2025 roku na Uniwersytecie Opolskim i zgromadzi\u0142 kilkunastu [\u2026] <\/p>\n<div class=\"clear\"><\/div>\n<p><a class=\"more_link clearfix\" href=\"https:\/\/pans.krosno.pl\/pielegniarstwo\/z-krosna-do-opola-po-srebro-wielki-sukces-w-olimpiadzie-pielegniarskiej\/\" rel=\"nofollow\">Read More<\/a><\/p>\n","protected":false},"author":95,"featured_media":5976,"comment_status":"open","ping_status":"open","sticky":false,"template":"","format":"standard","meta":{"ngg_post_thumbnail":0,"footnotes":""},"categories":[1],"tags":[],"class_list":["post-5974","post","type-post","status-publish","format-standard","has-post-thumbnail","hentry","category-bez-kategorii"],"yoast_head":"<!-- This site is optimized with the Yoast SEO Premium plugin v27.4 (Yoast SEO v27.4) - https:\/\/yoast.com\/product\/yoast-seo-premium-wordpress\/ -->\n<title>Z Krosna do Opola po srebro \u2013 wielki sukces w Olimpiadzie Piel\u0119gniarskiej - Piel\u0119gniarstwo PANS w Kro\u015bnie<\/title>\n<meta name=\"robots\" content=\"index, follow, max-snippet:-1, max-image-preview:large, max-video-preview:-1\" \/>\n<link rel=\"canonical\" href=\"https:\/\/pans.krosno.pl\/pielegniarstwo\/z-krosna-do-opola-po-srebro-wielki-sukces-w-olimpiadzie-pielegniarskiej\/\" \/>\n<meta property=\"og:locale\" content=\"pl_PL\" \/>\n<meta property=\"og:type\" content=\"article\" \/>\n<meta property=\"og:title\" content=\"Z Krosna do Opola po srebro \u2013 wielki sukces w Olimpiadzie Piel\u0119gniarskiej\" \/>\n<meta property=\"og:description\" content=\"Z ogromn\u0105 rado\u015bci\u0105 informujemy, \u017ce Sabina Z\u0105bik \u2013 studentka III roku kierunku Piel\u0119gniarstwo z Pa\u0144stwowej Akademii Nauk Stosowanych w Kro\u015bnie \u2013 zdoby\u0142a II miejsce w Jubileuszowej XV Mi\u0119dzyuczelnianej Olimpiadzie Piel\u0119gniarskiej im. dr Janiny Fetli\u0144skiej! Fina\u0142 wydarzenia odby\u0142 si\u0119 w dniu 16 maja 2025 roku na Uniwersytecie Opolskim i zgromadzi\u0142 kilkunastu [\u2026] Read More\" \/>\n<meta property=\"og:url\" content=\"https:\/\/pans.krosno.pl\/pielegniarstwo\/z-krosna-do-opola-po-srebro-wielki-sukces-w-olimpiadzie-pielegniarskiej\/\" \/>\n<meta property=\"og:site_name\" content=\"Piel\u0119gniarstwo PANS w Kro\u015bnie\" \/>\n<meta property=\"article:published_time\" content=\"2025-06-03T16:41:25+00:00\" \/>\n<meta property=\"article:modified_time\" content=\"2025-06-03T16:41:26+00:00\" \/>\n<meta property=\"og:image\" content=\"https:\/\/pans.krosno.pl\/pielegniarstwo\/wp-content\/uploads\/sites\/8\/2025\/06\/54532611668_75be347404_o-scaled.jpg\" \/>\n\t<meta property=\"og:image:width\" content=\"2560\" \/>\n\t<meta property=\"og:image:height\" content=\"1710\" \/>\n\t<meta property=\"og:image:type\" content=\"image\/jpeg\" \/>\n<meta name=\"author\" content=\"Micha\u0142 Wojnar\" \/>\n<meta name=\"twitter:card\" content=\"summary_large_image\" \/>\n<meta name=\"twitter:label1\" content=\"Napisane przez\" \/>\n\t<meta name=\"twitter:data1\" content=\"Micha\u0142 Wojnar\" \/>\n\t<meta name=\"twitter:label2\" content=\"Szacowany czas czytania\" \/>\n\t<meta name=\"twitter:data2\" content=\"4 minuty\" \/>\n<script type=\"application\/ld+json\" class=\"yoast-schema-graph\">{\"@context\":\"https:\\\/\\\/schema.org\",\"@graph\":[{\"@type\":\"Article\",\"@id\":\"https:\\\/\\\/pans.krosno.pl\\\/pielegniarstwo\\\/z-krosna-do-opola-po-srebro-wielki-sukces-w-olimpiadzie-pielegniarskiej\\\/#article\",\"isPartOf\":{\"@id\":\"https:\\\/\\\/pans.krosno.pl\\\/pielegniarstwo\\\/z-krosna-do-opola-po-srebro-wielki-sukces-w-olimpiadzie-pielegniarskiej\\\/\"},\"author\":{\"name\":\"Micha\u0142 Wojnar\",\"@id\":\"https:\\\/\\\/pans.krosno.pl\\\/pielegniarstwo\\\/#\\\/schema\\\/person\\\/735ac1b19cc09a23600b926128459aae\"},\"headline\":\"Z Krosna do Opola po srebro \u2013 wielki sukces w Olimpiadzie Piel\u0119gniarskiej\",\"datePublished\":\"2025-06-03T16:41:25+00:00\",\"dateModified\":\"2025-06-03T16:41:26+00:00\",\"mainEntityOfPage\":{\"@id\":\"https:\\\/\\\/pans.krosno.pl\\\/pielegniarstwo\\\/z-krosna-do-opola-po-srebro-wielki-sukces-w-olimpiadzie-pielegniarskiej\\\/\"},\"wordCount\":368,\"commentCount\":0,\"publisher\":{\"@id\":\"https:\\\/\\\/pans.krosno.pl\\\/pielegniarstwo\\\/#organization\"},\"image\":{\"@id\":\"https:\\\/\\\/pans.krosno.pl\\\/pielegniarstwo\\\/z-krosna-do-opola-po-srebro-wielki-sukces-w-olimpiadzie-pielegniarskiej\\\/#primaryimage\"},\"thumbnailUrl\":\"https:\\\/\\\/pans.krosno.pl\\\/pielegniarstwo\\\/wp-content\\\/uploads\\\/sites\\\/8\\\/2025\\\/06\\\/54532611668_75be347404_o-scaled.jpg\",\"inLanguage\":\"pl-PL\",\"potentialAction\":[{\"@type\":\"CommentAction\",\"name\":\"Comment\",\"target\":[\"https:\\\/\\\/pans.krosno.pl\\\/pielegniarstwo\\\/z-krosna-do-opola-po-srebro-wielki-sukces-w-olimpiadzie-pielegniarskiej\\\/#respond\"]}]},{\"@type\":\"WebPage\",\"@id\":\"https:\\\/\\\/pans.krosno.pl\\\/pielegniarstwo\\\/z-krosna-do-opola-po-srebro-wielki-sukces-w-olimpiadzie-pielegniarskiej\\\/\",\"url\":\"https:\\\/\\\/pans.krosno.pl\\\/pielegniarstwo\\\/z-krosna-do-opola-po-srebro-wielki-sukces-w-olimpiadzie-pielegniarskiej\\\/\",\"name\":\"Z Krosna do Opola po srebro \u2013 wielki sukces w Olimpiadzie Piel\u0119gniarskiej - Piel\u0119gniarstwo PANS w Kro\u015bnie\",\"isPartOf\":{\"@id\":\"https:\\\/\\\/pans.krosno.pl\\\/pielegniarstwo\\\/#website\"},\"primaryImageOfPage\":{\"@id\":\"https:\\\/\\\/pans.krosno.pl\\\/pielegniarstwo\\\/z-krosna-do-opola-po-srebro-wielki-sukces-w-olimpiadzie-pielegniarskiej\\\/#primaryimage\"},\"image\":{\"@id\":\"https:\\\/\\\/pans.krosno.pl\\\/pielegniarstwo\\\/z-krosna-do-opola-po-srebro-wielki-sukces-w-olimpiadzie-pielegniarskiej\\\/#primaryimage\"},\"thumbnailUrl\":\"https:\\\/\\\/pans.krosno.pl\\\/pielegniarstwo\\\/wp-content\\\/uploads\\\/sites\\\/8\\\/2025\\\/06\\\/54532611668_75be347404_o-scaled.jpg\",\"datePublished\":\"2025-06-03T16:41:25+00:00\",\"dateModified\":\"2025-06-03T16:41:26+00:00\",\"breadcrumb\":{\"@id\":\"https:\\\/\\\/pans.krosno.pl\\\/pielegniarstwo\\\/z-krosna-do-opola-po-srebro-wielki-sukces-w-olimpiadzie-pielegniarskiej\\\/#breadcrumb\"},\"inLanguage\":\"pl-PL\",\"potentialAction\":[{\"@type\":\"ReadAction\",\"target\":[\"https:\\\/\\\/pans.krosno.pl\\\/pielegniarstwo\\\/z-krosna-do-opola-po-srebro-wielki-sukces-w-olimpiadzie-pielegniarskiej\\\/\"]}]},{\"@type\":\"ImageObject\",\"inLanguage\":\"pl-PL\",\"@id\":\"https:\\\/\\\/pans.krosno.pl\\\/pielegniarstwo\\\/z-krosna-do-opola-po-srebro-wielki-sukces-w-olimpiadzie-pielegniarskiej\\\/#primaryimage\",\"url\":\"https:\\\/\\\/pans.krosno.pl\\\/pielegniarstwo\\\/wp-content\\\/uploads\\\/sites\\\/8\\\/2025\\\/06\\\/54532611668_75be347404_o-scaled.jpg\",\"contentUrl\":\"https:\\\/\\\/pans.krosno.pl\\\/pielegniarstwo\\\/wp-content\\\/uploads\\\/sites\\\/8\\\/2025\\\/06\\\/54532611668_75be347404_o-scaled.jpg\",\"width\":2560,\"height\":1710},{\"@type\":\"BreadcrumbList\",\"@id\":\"https:\\\/\\\/pans.krosno.pl\\\/pielegniarstwo\\\/z-krosna-do-opola-po-srebro-wielki-sukces-w-olimpiadzie-pielegniarskiej\\\/#breadcrumb\",\"itemListElement\":[{\"@type\":\"ListItem\",\"position\":1,\"name\":\"Strona g\u0142\u00f3wna\",\"item\":\"https:\\\/\\\/pans.krosno.pl\\\/pielegniarstwo\\\/\"},{\"@type\":\"ListItem\",\"position\":2,\"name\":\"Z Krosna do Opola po srebro \u2013 wielki sukces w Olimpiadzie Piel\u0119gniarskiej\"}]},{\"@type\":\"WebSite\",\"@id\":\"https:\\\/\\\/pans.krosno.pl\\\/pielegniarstwo\\\/#website\",\"url\":\"https:\\\/\\\/pans.krosno.pl\\\/pielegniarstwo\\\/\",\"name\":\"Piel\u0119gniarstwo PANS w Kro\u015bnie\",\"description\":\"Piel\u0119gniarstwo - Pa\u0144stwowa Akademia Nauk Stosowanych\",\"publisher\":{\"@id\":\"https:\\\/\\\/pans.krosno.pl\\\/pielegniarstwo\\\/#organization\"},\"potentialAction\":[{\"@type\":\"SearchAction\",\"target\":{\"@type\":\"EntryPoint\",\"urlTemplate\":\"https:\\\/\\\/pans.krosno.pl\\\/pielegniarstwo\\\/?s={search_term_string}\"},\"query-input\":{\"@type\":\"PropertyValueSpecification\",\"valueRequired\":true,\"valueName\":\"search_term_string\"}}],\"inLanguage\":\"pl-PL\"},{\"@type\":\"Organization\",\"@id\":\"https:\\\/\\\/pans.krosno.pl\\\/pielegniarstwo\\\/#organization\",\"name\":\"Piel\u0119gniarstwo PANS w Kro\u015bnie\",\"url\":\"https:\\\/\\\/pans.krosno.pl\\\/pielegniarstwo\\\/\",\"logo\":{\"@type\":\"ImageObject\",\"inLanguage\":\"pl-PL\",\"@id\":\"https:\\\/\\\/pans.krosno.pl\\\/pielegniarstwo\\\/#\\\/schema\\\/logo\\\/image\\\/\",\"url\":\"https:\\\/\\\/pans.krosno.pl\\\/pielegniarstwo\\\/wp-content\\\/uploads\\\/sites\\\/8\\\/2023\\\/01\\\/Logo-PANS-2022-pelne.png\",\"contentUrl\":\"https:\\\/\\\/pans.krosno.pl\\\/pielegniarstwo\\\/wp-content\\\/uploads\\\/sites\\\/8\\\/2023\\\/01\\\/Logo-PANS-2022-pelne.png\",\"width\":3096,\"height\":696,\"caption\":\"Piel\u0119gniarstwo PANS w Kro\u015bnie\"},\"image\":{\"@id\":\"https:\\\/\\\/pans.krosno.pl\\\/pielegniarstwo\\\/#\\\/schema\\\/logo\\\/image\\\/\"}},{\"@type\":\"Person\",\"@id\":\"https:\\\/\\\/pans.krosno.pl\\\/pielegniarstwo\\\/#\\\/schema\\\/person\\\/735ac1b19cc09a23600b926128459aae\",\"name\":\"Micha\u0142 Wojnar\",\"image\":{\"@type\":\"ImageObject\",\"inLanguage\":\"pl-PL\",\"@id\":\"https:\\\/\\\/secure.gravatar.com\\\/avatar\\\/d51d1fe1774d1967596f6c33495b90e637258ef654efa0c46824a1eb595aac93?s=96&d=mm&r=g\",\"url\":\"https:\\\/\\\/secure.gravatar.com\\\/avatar\\\/d51d1fe1774d1967596f6c33495b90e637258ef654efa0c46824a1eb595aac93?s=96&d=mm&r=g\",\"contentUrl\":\"https:\\\/\\\/secure.gravatar.com\\\/avatar\\\/d51d1fe1774d1967596f6c33495b90e637258ef654efa0c46824a1eb595aac93?s=96&d=mm&r=g\",\"caption\":\"Micha\u0142 Wojnar\"},\"url\":\"https:\\\/\\\/pans.krosno.pl\\\/pielegniarstwo\\\/author\\\/michalwojnar\\\/\"}]}<\/script>\n<!-- \/ Yoast SEO Premium plugin. -->","yoast_head_json":{"title":"Z Krosna do Opola po srebro \u2013 wielki sukces w Olimpiadzie Piel\u0119gniarskiej - Piel\u0119gniarstwo PANS w Kro\u015bnie","robots":{"index":"index","follow":"follow","max-snippet":"max-snippet:-1","max-image-preview":"max-image-preview:large","max-video-preview":"max-video-preview:-1"},"canonical":"https:\/\/pans.krosno.pl\/pielegniarstwo\/z-krosna-do-opola-po-srebro-wielki-sukces-w-olimpiadzie-pielegniarskiej\/","og_locale":"pl_PL","og_type":"article","og_title":"Z Krosna do Opola po srebro \u2013 wielki sukces w Olimpiadzie Piel\u0119gniarskiej","og_description":"Z ogromn\u0105 rado\u015bci\u0105 informujemy, \u017ce Sabina Z\u0105bik \u2013 studentka III roku kierunku Piel\u0119gniarstwo z Pa\u0144stwowej Akademii Nauk Stosowanych w Kro\u015bnie \u2013 zdoby\u0142a II miejsce w Jubileuszowej XV Mi\u0119dzyuczelnianej Olimpiadzie Piel\u0119gniarskiej im. dr Janiny Fetli\u0144skiej! Fina\u0142 wydarzenia odby\u0142 si\u0119 w dniu 16 maja 2025 roku na Uniwersytecie Opolskim i zgromadzi\u0142 kilkunastu [\u2026] Read More","og_url":"https:\/\/pans.krosno.pl\/pielegniarstwo\/z-krosna-do-opola-po-srebro-wielki-sukces-w-olimpiadzie-pielegniarskiej\/","og_site_name":"Piel\u0119gniarstwo PANS w Kro\u015bnie","article_published_time":"2025-06-03T16:41:25+00:00","article_modified_time":"2025-06-03T16:41:26+00:00","og_image":[{"width":2560,"height":1710,"url":"https:\/\/pans.krosno.pl\/pielegniarstwo\/wp-content\/uploads\/sites\/8\/2025\/06\/54532611668_75be347404_o-scaled.jpg","type":"image\/jpeg"}],"author":"Micha\u0142 Wojnar","twitter_card":"summary_large_image","twitter_misc":{"Napisane przez":"Micha\u0142 Wojnar","Szacowany czas czytania":"4 minuty"},"schema":{"@context":"https:\/\/schema.org","@graph":[{"@type":"Article","@id":"https:\/\/pans.krosno.pl\/pielegniarstwo\/z-krosna-do-opola-po-srebro-wielki-sukces-w-olimpiadzie-pielegniarskiej\/#article","isPartOf":{"@id":"https:\/\/pans.krosno.pl\/pielegniarstwo\/z-krosna-do-opola-po-srebro-wielki-sukces-w-olimpiadzie-pielegniarskiej\/"},"author":{"name":"Micha\u0142 Wojnar","@id":"https:\/\/pans.krosno.pl\/pielegniarstwo\/#\/schema\/person\/735ac1b19cc09a23600b926128459aae"},"headline":"Z Krosna do Opola po srebro \u2013 wielki sukces w Olimpiadzie Piel\u0119gniarskiej","datePublished":"2025-06-03T16:41:25+00:00","dateModified":"2025-06-03T16:41:26+00:00","mainEntityOfPage":{"@id":"https:\/\/pans.krosno.pl\/pielegniarstwo\/z-krosna-do-opola-po-srebro-wielki-sukces-w-olimpiadzie-pielegniarskiej\/"},"wordCount":368,"commentCount":0,"publisher":{"@id":"https:\/\/pans.krosno.pl\/pielegniarstwo\/#organization"},"image":{"@id":"https:\/\/pans.krosno.pl\/pielegniarstwo\/z-krosna-do-opola-po-srebro-wielki-sukces-w-olimpiadzie-pielegniarskiej\/#primaryimage"},"thumbnailUrl":"https:\/\/pans.krosno.pl\/pielegniarstwo\/wp-content\/uploads\/sites\/8\/2025\/06\/54532611668_75be347404_o-scaled.jpg","inLanguage":"pl-PL","potentialAction":[{"@type":"CommentAction","name":"Comment","target":["https:\/\/pans.krosno.pl\/pielegniarstwo\/z-krosna-do-opola-po-srebro-wielki-sukces-w-olimpiadzie-pielegniarskiej\/#respond"]}]},{"@type":"WebPage","@id":"https:\/\/pans.krosno.pl\/pielegniarstwo\/z-krosna-do-opola-po-srebro-wielki-sukces-w-olimpiadzie-pielegniarskiej\/","url":"https:\/\/pans.krosno.pl\/pielegniarstwo\/z-krosna-do-opola-po-srebro-wielki-sukces-w-olimpiadzie-pielegniarskiej\/","name":"Z Krosna do Opola po srebro \u2013 wielki sukces w Olimpiadzie Piel\u0119gniarskiej - Piel\u0119gniarstwo PANS w Kro\u015bnie","isPartOf":{"@id":"https:\/\/pans.krosno.pl\/pielegniarstwo\/#website"},"primaryImageOfPage":{"@id":"https:\/\/pans.krosno.pl\/pielegniarstwo\/z-krosna-do-opola-po-srebro-wielki-sukces-w-olimpiadzie-pielegniarskiej\/#primaryimage"},"image":{"@id":"https:\/\/pans.krosno.pl\/pielegniarstwo\/z-krosna-do-opola-po-srebro-wielki-sukces-w-olimpiadzie-pielegniarskiej\/#primaryimage"},"thumbnailUrl":"https:\/\/pans.krosno.pl\/pielegniarstwo\/wp-content\/uploads\/sites\/8\/2025\/06\/54532611668_75be347404_o-scaled.jpg","datePublished":"2025-06-03T16:41:25+00:00","dateModified":"2025-06-03T16:41:26+00:00","breadcrumb":{"@id":"https:\/\/pans.krosno.pl\/pielegniarstwo\/z-krosna-do-opola-po-srebro-wielki-sukces-w-olimpiadzie-pielegniarskiej\/#breadcrumb"},"inLanguage":"pl-PL","potentialAction":[{"@type":"ReadAction","target":["https:\/\/pans.krosno.pl\/pielegniarstwo\/z-krosna-do-opola-po-srebro-wielki-sukces-w-olimpiadzie-pielegniarskiej\/"]}]},{"@type":"ImageObject","inLanguage":"pl-PL","@id":"https:\/\/pans.krosno.pl\/pielegniarstwo\/z-krosna-do-opola-po-srebro-wielki-sukces-w-olimpiadzie-pielegniarskiej\/#primaryimage","url":"https:\/\/pans.krosno.pl\/pielegniarstwo\/wp-content\/uploads\/sites\/8\/2025\/06\/54532611668_75be347404_o-scaled.jpg","contentUrl":"https:\/\/pans.krosno.pl\/pielegniarstwo\/wp-content\/uploads\/sites\/8\/2025\/06\/54532611668_75be347404_o-scaled.jpg","width":2560,"height":1710},{"@type":"BreadcrumbList","@id":"https:\/\/pans.krosno.pl\/pielegniarstwo\/z-krosna-do-opola-po-srebro-wielki-sukces-w-olimpiadzie-pielegniarskiej\/#breadcrumb","itemListElement":[{"@type":"ListItem","position":1,"name":"Strona g\u0142\u00f3wna","item":"https:\/\/pans.krosno.pl\/pielegniarstwo\/"},{"@type":"ListItem","position":2,"name":"Z Krosna do Opola po srebro \u2013 wielki sukces w Olimpiadzie Piel\u0119gniarskiej"}]},{"@type":"WebSite","@id":"https:\/\/pans.krosno.pl\/pielegniarstwo\/#website","url":"https:\/\/pans.krosno.pl\/pielegniarstwo\/","name":"Piel\u0119gniarstwo PANS w Kro\u015bnie","description":"Piel\u0119gniarstwo - Pa\u0144stwowa Akademia Nauk Stosowanych","publisher":{"@id":"https:\/\/pans.krosno.pl\/pielegniarstwo\/#organization"},"potentialAction":[{"@type":"SearchAction","target":{"@type":"EntryPoint","urlTemplate":"https:\/\/pans.krosno.pl\/pielegniarstwo\/?s={search_term_string}"},"query-input":{"@type":"PropertyValueSpecification","valueRequired":true,"valueName":"search_term_string"}}],"inLanguage":"pl-PL"},{"@type":"Organization","@id":"https:\/\/pans.krosno.pl\/pielegniarstwo\/#organization","name":"Piel\u0119gniarstwo PANS w Kro\u015bnie","url":"https:\/\/pans.krosno.pl\/pielegniarstwo\/","logo":{"@type":"ImageObject","inLanguage":"pl-PL","@id":"https:\/\/pans.krosno.pl\/pielegniarstwo\/#\/schema\/logo\/image\/","url":"https:\/\/pans.krosno.pl\/pielegniarstwo\/wp-content\/uploads\/sites\/8\/2023\/01\/Logo-PANS-2022-pelne.png","contentUrl":"https:\/\/pans.krosno.pl\/pielegniarstwo\/wp-content\/uploads\/sites\/8\/2023\/01\/Logo-PANS-2022-pelne.png","width":3096,"height":696,"caption":"Piel\u0119gniarstwo PANS w Kro\u015bnie"},"image":{"@id":"https:\/\/pans.krosno.pl\/pielegniarstwo\/#\/schema\/logo\/image\/"}},{"@type":"Person","@id":"https:\/\/pans.krosno.pl\/pielegniarstwo\/#\/schema\/person\/735ac1b19cc09a23600b926128459aae","name":"Micha\u0142 Wojnar","image":{"@type":"ImageObject","inLanguage":"pl-PL","@id":"https:\/\/secure.gravatar.com\/avatar\/d51d1fe1774d1967596f6c33495b90e637258ef654efa0c46824a1eb595aac93?s=96&d=mm&r=g","url":"https:\/\/secure.gravatar.com\/avatar\/d51d1fe1774d1967596f6c33495b90e637258ef654efa0c46824a1eb595aac93?s=96&d=mm&r=g","contentUrl":"https:\/\/secure.gravatar.com\/avatar\/d51d1fe1774d1967596f6c33495b90e637258ef654efa0c46824a1eb595aac93?s=96&d=mm&r=g","caption":"Micha\u0142 Wojnar"},"url":"https:\/\/pans.krosno.pl\/pielegniarstwo\/author\/michalwojnar\/"}]}},"_links":{"self":[{"href":"https:\/\/pans.krosno.pl\/pielegniarstwo\/wp-json\/wp\/v2\/posts\/5974","targetHints":{"allow":["GET"]}}],"collection":[{"href":"https:\/\/pans.krosno.pl\/pielegniarstwo\/wp-json\/wp\/v2\/posts"}],"about":[{"href":"https:\/\/pans.krosno.pl\/pielegniarstwo\/wp-json\/wp\/v2\/types\/post"}],"author":[{"embeddable":true,"href":"https:\/\/pans.krosno.pl\/pielegniarstwo\/wp-json\/wp\/v2\/users\/95"}],"replies":[{"embeddable":true,"href":"https:\/\/pans.krosno.pl\/pielegniarstwo\/wp-json\/wp\/v2\/comments?post=5974"}],"version-history":[{"count":1,"href":"https:\/\/pans.krosno.pl\/pielegniarstwo\/wp-json\/wp\/v2\/posts\/5974\/revisions"}],"predecessor-version":[{"id":5983,"href":"https:\/\/pans.krosno.pl\/pielegniarstwo\/wp-json\/wp\/v2\/posts\/5974\/revisions\/5983"}],"wp:featuredmedia":[{"embeddable":true,"href":"https:\/\/pans.krosno.pl\/pielegniarstwo\/wp-json\/wp\/v2\/media\/5976"}],"wp:attachment":[{"href":"https:\/\/pans.krosno.pl\/pielegniarstwo\/wp-json\/wp\/v2\/media?parent=5974"}],"wp:term":[{"taxonomy":"category","embeddable":true,"href":"https:\/\/pans.krosno.pl\/pielegniarstwo\/wp-json\/wp\/v2\/categories?post=5974"},{"taxonomy":"post_tag","embeddable":true,"href":"https:\/\/pans.krosno.pl\/pielegniarstwo\/wp-json\/wp\/v2\/tags?post=5974"}],"curies":[{"name":"wp","href":"https:\/\/api.w.org\/{rel}","templated":true}]}}