{"id":5853,"date":"2025-04-14T20:45:41","date_gmt":"2025-04-14T18:45:41","guid":{"rendered":"https:\/\/pans.krosno.pl\/pielegniarstwo\/?p=5853"},"modified":"2025-04-14T20:45:42","modified_gmt":"2025-04-14T18:45:42","slug":"pans-krosno-wspiera-mlodych-ratownikow-relacja-z-xvii-regionalnych-mistrzostw-pierwszej-pomocy","status":"publish","type":"post","link":"https:\/\/pans.krosno.pl\/pielegniarstwo\/pans-krosno-wspiera-mlodych-ratownikow-relacja-z-xvii-regionalnych-mistrzostw-pierwszej-pomocy\/","title":{"rendered":"PANS Krosno wspiera m\u0142odych ratownik\u00f3w \u2013 relacja z XVII Regionalnych Mistrzostw Pierwszej Pomocy"},"content":{"rendered":"\n<p>W dniu 10 kwietnia br.\u00a0w Zespole Szk\u00f3\u0142 Naftowo-Gazowniczych w Kro\u015bnie odby\u0142y si\u0119 XVII Regionalne Mistrzostwa Pierwszej Pomocy, skierowane do uczni\u00f3w szk\u00f3\u0142 podstawowych. W wydarzeniu uczestniczyli tak\u017ce przedstawiciele Instytutu Zdrowia Pa\u0144stwowej Akademii Nauk Stosowanych w Kro\u015bnie.<\/p>\n\n\n\n<figure class=\"wp-block-image aligncenter size-large\"><img loading=\"lazy\" decoding=\"async\" width=\"1024\" height=\"461\" src=\"https:\/\/pans.krosno.pl\/pielegniarstwo\/wp-content\/uploads\/sites\/8\/2025\/04\/490108817_1236548475146916_1799565428473392829_n-1-1024x461.jpg\" alt=\"\" class=\"wp-image-5855\" srcset=\"https:\/\/pans.krosno.pl\/pielegniarstwo\/wp-content\/uploads\/sites\/8\/2025\/04\/490108817_1236548475146916_1799565428473392829_n-1-1024x461.jpg 1024w, https:\/\/pans.krosno.pl\/pielegniarstwo\/wp-content\/uploads\/sites\/8\/2025\/04\/490108817_1236548475146916_1799565428473392829_n-1-300x135.jpg 300w, https:\/\/pans.krosno.pl\/pielegniarstwo\/wp-content\/uploads\/sites\/8\/2025\/04\/490108817_1236548475146916_1799565428473392829_n-1-768x346.jpg 768w, https:\/\/pans.krosno.pl\/pielegniarstwo\/wp-content\/uploads\/sites\/8\/2025\/04\/490108817_1236548475146916_1799565428473392829_n-1-1536x692.jpg 1536w, https:\/\/pans.krosno.pl\/pielegniarstwo\/wp-content\/uploads\/sites\/8\/2025\/04\/490108817_1236548475146916_1799565428473392829_n-1-2048x922.jpg 2048w, https:\/\/pans.krosno.pl\/pielegniarstwo\/wp-content\/uploads\/sites\/8\/2025\/04\/490108817_1236548475146916_1799565428473392829_n-1-2000x901.jpg 2000w, https:\/\/pans.krosno.pl\/pielegniarstwo\/wp-content\/uploads\/sites\/8\/2025\/04\/490108817_1236548475146916_1799565428473392829_n-1-800x360.jpg 800w, https:\/\/pans.krosno.pl\/pielegniarstwo\/wp-content\/uploads\/sites\/8\/2025\/04\/490108817_1236548475146916_1799565428473392829_n-1-580x261.jpg 580w\" sizes=\"auto, (max-width: 1024px) 100vw, 1024px\" \/><\/figure>\n\n\n\n<p>Kierownikiem stanowiska &#8222;Wypadek komunikacyjny&#8221; by\u0142 mgr Micha\u0142 Wojnar \u2013 pracownik Zak\u0142adu Piel\u0119gniarstwa, a rol\u0119 s\u0119dzi\u00f3w pe\u0142ni\u0142y studentki Instytutu Zdrowia: Daria Domin (Ratownictwo medyczne) oraz Natalia Papu\u017cy\u0144ska (Piel\u0119gniarstwo) \u2013 absolwentka Zespo\u0142u Szk\u00f3\u0142 Naftowo-Gazowniczych, co stanowi\u0142o szczeg\u00f3lnie symboliczny akcent tego wydarzenia.<\/p>\n\n\n\n<figure class=\"wp-block-image aligncenter size-large\"><img loading=\"lazy\" decoding=\"async\" width=\"1024\" height=\"461\" src=\"https:\/\/pans.krosno.pl\/pielegniarstwo\/wp-content\/uploads\/sites\/8\/2025\/04\/490294299_1236547568480340_8655089847362538036_n-1-1024x461.jpg\" alt=\"\" class=\"wp-image-5857\" srcset=\"https:\/\/pans.krosno.pl\/pielegniarstwo\/wp-content\/uploads\/sites\/8\/2025\/04\/490294299_1236547568480340_8655089847362538036_n-1-1024x461.jpg 1024w, https:\/\/pans.krosno.pl\/pielegniarstwo\/wp-content\/uploads\/sites\/8\/2025\/04\/490294299_1236547568480340_8655089847362538036_n-1-300x135.jpg 300w, https:\/\/pans.krosno.pl\/pielegniarstwo\/wp-content\/uploads\/sites\/8\/2025\/04\/490294299_1236547568480340_8655089847362538036_n-1-768x346.jpg 768w, https:\/\/pans.krosno.pl\/pielegniarstwo\/wp-content\/uploads\/sites\/8\/2025\/04\/490294299_1236547568480340_8655089847362538036_n-1-1536x692.jpg 1536w, https:\/\/pans.krosno.pl\/pielegniarstwo\/wp-content\/uploads\/sites\/8\/2025\/04\/490294299_1236547568480340_8655089847362538036_n-1-2048x922.jpg 2048w, https:\/\/pans.krosno.pl\/pielegniarstwo\/wp-content\/uploads\/sites\/8\/2025\/04\/490294299_1236547568480340_8655089847362538036_n-1-2000x901.jpg 2000w, https:\/\/pans.krosno.pl\/pielegniarstwo\/wp-content\/uploads\/sites\/8\/2025\/04\/490294299_1236547568480340_8655089847362538036_n-1-800x360.jpg 800w, https:\/\/pans.krosno.pl\/pielegniarstwo\/wp-content\/uploads\/sites\/8\/2025\/04\/490294299_1236547568480340_8655089847362538036_n-1-580x261.jpg 580w\" sizes=\"auto, (max-width: 1024px) 100vw, 1024px\" \/><\/figure>\n\n\n\n<p>Dodatkowo, studenci kierunku Ratownictwo Medyczne: Mateusz Wojnar, Karol Such oraz Bart\u0142omiej Wn\u0119k poprowadzili warsztaty, podczas kt\u00f3rych uczestnicy mogli zapozna\u0107 si\u0119 z technikami pierwszej pomocy, takimi jak: przyrz\u0105dowe udro\u017cnienie dr\u00f3g oddechowych, tamowanie krwotok\u00f3w, wk\u0142ucia domi\u0119\u015bniowe oraz resuscytacja kr\u0105\u017ceniowo-oddechowa. Pokazy te cieszy\u0142y si\u0119 du\u017cym zainteresowaniem i by\u0142y doskona\u0142\u0105 okazj\u0105 do edukacji poprzez praktyk\u0119.<\/p>\n\n\n\n<figure class=\"wp-block-image aligncenter size-large\"><img loading=\"lazy\" decoding=\"async\" width=\"1024\" height=\"461\" src=\"https:\/\/pans.krosno.pl\/pielegniarstwo\/wp-content\/uploads\/sites\/8\/2025\/04\/490346789_1236547051813725_5070833308596954975_n-1-1024x461.jpg\" alt=\"\" class=\"wp-image-5859\" srcset=\"https:\/\/pans.krosno.pl\/pielegniarstwo\/wp-content\/uploads\/sites\/8\/2025\/04\/490346789_1236547051813725_5070833308596954975_n-1-1024x461.jpg 1024w, https:\/\/pans.krosno.pl\/pielegniarstwo\/wp-content\/uploads\/sites\/8\/2025\/04\/490346789_1236547051813725_5070833308596954975_n-1-300x135.jpg 300w, https:\/\/pans.krosno.pl\/pielegniarstwo\/wp-content\/uploads\/sites\/8\/2025\/04\/490346789_1236547051813725_5070833308596954975_n-1-768x346.jpg 768w, https:\/\/pans.krosno.pl\/pielegniarstwo\/wp-content\/uploads\/sites\/8\/2025\/04\/490346789_1236547051813725_5070833308596954975_n-1-1536x692.jpg 1536w, https:\/\/pans.krosno.pl\/pielegniarstwo\/wp-content\/uploads\/sites\/8\/2025\/04\/490346789_1236547051813725_5070833308596954975_n-1-2048x922.jpg 2048w, https:\/\/pans.krosno.pl\/pielegniarstwo\/wp-content\/uploads\/sites\/8\/2025\/04\/490346789_1236547051813725_5070833308596954975_n-1-2000x901.jpg 2000w, https:\/\/pans.krosno.pl\/pielegniarstwo\/wp-content\/uploads\/sites\/8\/2025\/04\/490346789_1236547051813725_5070833308596954975_n-1-800x360.jpg 800w, https:\/\/pans.krosno.pl\/pielegniarstwo\/wp-content\/uploads\/sites\/8\/2025\/04\/490346789_1236547051813725_5070833308596954975_n-1-580x261.jpg 580w\" sizes=\"auto, (max-width: 1024px) 100vw, 1024px\" \/><\/figure>\n\n\n\n<p>W zawodach udzia\u0142 wzi\u0119\u0142o 18 zespo\u0142\u00f3w, w tym dwa zespo\u0142y z Gymn\u00e1zium duklianskych hrdinov w Svidniku (S\u0142owacja). Zwyci\u0119zc\u0105 mistrzostw zosta\u0142a Szko\u0142a Podstawowa nr 4 w Kro\u015bnie.<\/p>\n\n\n\n<figure class=\"wp-block-image aligncenter size-large\"><img loading=\"lazy\" decoding=\"async\" width=\"1024\" height=\"461\" src=\"https:\/\/pans.krosno.pl\/pielegniarstwo\/wp-content\/uploads\/sites\/8\/2025\/04\/490028666_1236548221813608_6750955773458895404_n-1-1024x461.jpg\" alt=\"\" class=\"wp-image-5861\" srcset=\"https:\/\/pans.krosno.pl\/pielegniarstwo\/wp-content\/uploads\/sites\/8\/2025\/04\/490028666_1236548221813608_6750955773458895404_n-1-1024x461.jpg 1024w, https:\/\/pans.krosno.pl\/pielegniarstwo\/wp-content\/uploads\/sites\/8\/2025\/04\/490028666_1236548221813608_6750955773458895404_n-1-300x135.jpg 300w, https:\/\/pans.krosno.pl\/pielegniarstwo\/wp-content\/uploads\/sites\/8\/2025\/04\/490028666_1236548221813608_6750955773458895404_n-1-768x346.jpg 768w, https:\/\/pans.krosno.pl\/pielegniarstwo\/wp-content\/uploads\/sites\/8\/2025\/04\/490028666_1236548221813608_6750955773458895404_n-1-1536x691.jpg 1536w, https:\/\/pans.krosno.pl\/pielegniarstwo\/wp-content\/uploads\/sites\/8\/2025\/04\/490028666_1236548221813608_6750955773458895404_n-1-2048x922.jpg 2048w, https:\/\/pans.krosno.pl\/pielegniarstwo\/wp-content\/uploads\/sites\/8\/2025\/04\/490028666_1236548221813608_6750955773458895404_n-1-2000x900.jpg 2000w, https:\/\/pans.krosno.pl\/pielegniarstwo\/wp-content\/uploads\/sites\/8\/2025\/04\/490028666_1236548221813608_6750955773458895404_n-1-800x360.jpg 800w, https:\/\/pans.krosno.pl\/pielegniarstwo\/wp-content\/uploads\/sites\/8\/2025\/04\/490028666_1236548221813608_6750955773458895404_n-1-580x261.jpg 580w\" sizes=\"auto, (max-width: 1024px) 100vw, 1024px\" \/><\/figure>\n\n\n\n<p>Udzia\u0142 PANS w Kro\u015bnie w tym wydarzeniu by\u0142 nie tylko wyrazem wsp\u00f3\u0142pracy z lokalnymi szko\u0142ami, ale r\u00f3wnie\u017c okazj\u0105 do promowania wiedzy z zakresu pierwszej pomocy i zainteresowania m\u0142odzie\u017cy tematyk\u0105 ratownictwa medycznego.<\/p>\n\n\n\n<p class=\"has-text-align-right\"><small>Zdj\u0119cia dzi\u0119ki uprzejmo\u015bci Naft\u00f3wki.<\/small><\/p>\n\n\n\n<p><\/p>\n","protected":false},"excerpt":{"rendered":"<p>W dniu 10 kwietnia br.\u00a0w Zespole Szk\u00f3\u0142 Naftowo-Gazowniczych w Kro\u015bnie odby\u0142y si\u0119 XVII Regionalne Mistrzostwa Pierwszej Pomocy, skierowane do uczni\u00f3w szk\u00f3\u0142 podstawowych. W wydarzeniu uczestniczyli tak\u017ce przedstawiciele Instytutu Zdrowia Pa\u0144stwowej Akademii Nauk Stosowanych w Kro\u015bnie. Kierownikiem stanowiska &#8222;Wypadek komunikacyjny&#8221; by\u0142 mgr Micha\u0142 Wojnar \u2013 pracownik Zak\u0142adu Piel\u0119gniarstwa, a rol\u0119 s\u0119dzi\u00f3w [\u2026] <\/p>\n<div class=\"clear\"><\/div>\n<p><a class=\"more_link clearfix\" href=\"https:\/\/pans.krosno.pl\/pielegniarstwo\/pans-krosno-wspiera-mlodych-ratownikow-relacja-z-xvii-regionalnych-mistrzostw-pierwszej-pomocy\/\" rel=\"nofollow\">Read More<\/a><\/p>\n","protected":false},"author":95,"featured_media":5862,"comment_status":"open","ping_status":"open","sticky":false,"template":"","format":"standard","meta":{"ngg_post_thumbnail":0,"footnotes":""},"categories":[1],"tags":[],"class_list":["post-5853","post","type-post","status-publish","format-standard","has-post-thumbnail","hentry","category-bez-kategorii"],"yoast_head":"<!-- This site is optimized with the Yoast SEO Premium plugin v27.4 (Yoast SEO v27.4) - https:\/\/yoast.com\/product\/yoast-seo-premium-wordpress\/ -->\n<title>PANS Krosno wspiera m\u0142odych ratownik\u00f3w \u2013 relacja z XVII Regionalnych Mistrzostw Pierwszej Pomocy - Piel\u0119gniarstwo PANS w Kro\u015bnie<\/title>\n<meta name=\"robots\" content=\"index, follow, max-snippet:-1, max-image-preview:large, max-video-preview:-1\" \/>\n<link rel=\"canonical\" href=\"https:\/\/pans.krosno.pl\/pielegniarstwo\/pans-krosno-wspiera-mlodych-ratownikow-relacja-z-xvii-regionalnych-mistrzostw-pierwszej-pomocy\/\" \/>\n<meta property=\"og:locale\" content=\"pl_PL\" \/>\n<meta property=\"og:type\" content=\"article\" \/>\n<meta property=\"og:title\" content=\"PANS Krosno wspiera m\u0142odych ratownik\u00f3w \u2013 relacja z XVII Regionalnych Mistrzostw Pierwszej Pomocy\" \/>\n<meta property=\"og:description\" content=\"W dniu 10 kwietnia br.\u00a0w Zespole Szk\u00f3\u0142 Naftowo-Gazowniczych w Kro\u015bnie odby\u0142y si\u0119 XVII Regionalne Mistrzostwa Pierwszej Pomocy, skierowane do uczni\u00f3w szk\u00f3\u0142 podstawowych. W wydarzeniu uczestniczyli tak\u017ce przedstawiciele Instytutu Zdrowia Pa\u0144stwowej Akademii Nauk Stosowanych w Kro\u015bnie. Kierownikiem stanowiska &#8222;Wypadek komunikacyjny&#8221; by\u0142 mgr Micha\u0142 Wojnar \u2013 pracownik Zak\u0142adu Piel\u0119gniarstwa, a rol\u0119 s\u0119dzi\u00f3w [\u2026] Read More\" \/>\n<meta property=\"og:url\" content=\"https:\/\/pans.krosno.pl\/pielegniarstwo\/pans-krosno-wspiera-mlodych-ratownikow-relacja-z-xvii-regionalnych-mistrzostw-pierwszej-pomocy\/\" \/>\n<meta property=\"og:site_name\" content=\"Piel\u0119gniarstwo PANS w Kro\u015bnie\" \/>\n<meta property=\"article:published_time\" content=\"2025-04-14T18:45:41+00:00\" \/>\n<meta property=\"article:modified_time\" content=\"2025-04-14T18:45:42+00:00\" \/>\n<meta property=\"og:image\" content=\"https:\/\/pans.krosno.pl\/pielegniarstwo\/wp-content\/uploads\/sites\/8\/2025\/04\/Bez-tytulu-1.png\" \/>\n\t<meta property=\"og:image:width\" content=\"1078\" \/>\n\t<meta property=\"og:image:height\" content=\"1078\" \/>\n\t<meta property=\"og:image:type\" content=\"image\/png\" \/>\n<meta name=\"author\" content=\"Micha\u0142 Wojnar\" \/>\n<meta name=\"twitter:card\" content=\"summary_large_image\" \/>\n<meta name=\"twitter:label1\" content=\"Napisane przez\" \/>\n\t<meta name=\"twitter:data1\" content=\"Micha\u0142 Wojnar\" \/>\n\t<meta name=\"twitter:label2\" content=\"Szacowany czas czytania\" \/>\n\t<meta name=\"twitter:data2\" content=\"3 minuty\" \/>\n<script type=\"application\/ld+json\" class=\"yoast-schema-graph\">{\"@context\":\"https:\\\/\\\/schema.org\",\"@graph\":[{\"@type\":\"Article\",\"@id\":\"https:\\\/\\\/pans.krosno.pl\\\/pielegniarstwo\\\/pans-krosno-wspiera-mlodych-ratownikow-relacja-z-xvii-regionalnych-mistrzostw-pierwszej-pomocy\\\/#article\",\"isPartOf\":{\"@id\":\"https:\\\/\\\/pans.krosno.pl\\\/pielegniarstwo\\\/pans-krosno-wspiera-mlodych-ratownikow-relacja-z-xvii-regionalnych-mistrzostw-pierwszej-pomocy\\\/\"},\"author\":{\"name\":\"Micha\u0142 Wojnar\",\"@id\":\"https:\\\/\\\/pans.krosno.pl\\\/pielegniarstwo\\\/#\\\/schema\\\/person\\\/735ac1b19cc09a23600b926128459aae\"},\"headline\":\"PANS Krosno wspiera m\u0142odych ratownik\u00f3w \u2013 relacja z XVII Regionalnych Mistrzostw Pierwszej Pomocy\",\"datePublished\":\"2025-04-14T18:45:41+00:00\",\"dateModified\":\"2025-04-14T18:45:42+00:00\",\"mainEntityOfPage\":{\"@id\":\"https:\\\/\\\/pans.krosno.pl\\\/pielegniarstwo\\\/pans-krosno-wspiera-mlodych-ratownikow-relacja-z-xvii-regionalnych-mistrzostw-pierwszej-pomocy\\\/\"},\"wordCount\":246,\"commentCount\":0,\"publisher\":{\"@id\":\"https:\\\/\\\/pans.krosno.pl\\\/pielegniarstwo\\\/#organization\"},\"image\":{\"@id\":\"https:\\\/\\\/pans.krosno.pl\\\/pielegniarstwo\\\/pans-krosno-wspiera-mlodych-ratownikow-relacja-z-xvii-regionalnych-mistrzostw-pierwszej-pomocy\\\/#primaryimage\"},\"thumbnailUrl\":\"https:\\\/\\\/pans.krosno.pl\\\/pielegniarstwo\\\/wp-content\\\/uploads\\\/sites\\\/8\\\/2025\\\/04\\\/Bez-tytulu-1.png\",\"inLanguage\":\"pl-PL\",\"potentialAction\":[{\"@type\":\"CommentAction\",\"name\":\"Comment\",\"target\":[\"https:\\\/\\\/pans.krosno.pl\\\/pielegniarstwo\\\/pans-krosno-wspiera-mlodych-ratownikow-relacja-z-xvii-regionalnych-mistrzostw-pierwszej-pomocy\\\/#respond\"]}]},{\"@type\":\"WebPage\",\"@id\":\"https:\\\/\\\/pans.krosno.pl\\\/pielegniarstwo\\\/pans-krosno-wspiera-mlodych-ratownikow-relacja-z-xvii-regionalnych-mistrzostw-pierwszej-pomocy\\\/\",\"url\":\"https:\\\/\\\/pans.krosno.pl\\\/pielegniarstwo\\\/pans-krosno-wspiera-mlodych-ratownikow-relacja-z-xvii-regionalnych-mistrzostw-pierwszej-pomocy\\\/\",\"name\":\"PANS Krosno wspiera m\u0142odych ratownik\u00f3w \u2013 relacja z XVII Regionalnych Mistrzostw Pierwszej Pomocy - Piel\u0119gniarstwo PANS w Kro\u015bnie\",\"isPartOf\":{\"@id\":\"https:\\\/\\\/pans.krosno.pl\\\/pielegniarstwo\\\/#website\"},\"primaryImageOfPage\":{\"@id\":\"https:\\\/\\\/pans.krosno.pl\\\/pielegniarstwo\\\/pans-krosno-wspiera-mlodych-ratownikow-relacja-z-xvii-regionalnych-mistrzostw-pierwszej-pomocy\\\/#primaryimage\"},\"image\":{\"@id\":\"https:\\\/\\\/pans.krosno.pl\\\/pielegniarstwo\\\/pans-krosno-wspiera-mlodych-ratownikow-relacja-z-xvii-regionalnych-mistrzostw-pierwszej-pomocy\\\/#primaryimage\"},\"thumbnailUrl\":\"https:\\\/\\\/pans.krosno.pl\\\/pielegniarstwo\\\/wp-content\\\/uploads\\\/sites\\\/8\\\/2025\\\/04\\\/Bez-tytulu-1.png\",\"datePublished\":\"2025-04-14T18:45:41+00:00\",\"dateModified\":\"2025-04-14T18:45:42+00:00\",\"breadcrumb\":{\"@id\":\"https:\\\/\\\/pans.krosno.pl\\\/pielegniarstwo\\\/pans-krosno-wspiera-mlodych-ratownikow-relacja-z-xvii-regionalnych-mistrzostw-pierwszej-pomocy\\\/#breadcrumb\"},\"inLanguage\":\"pl-PL\",\"potentialAction\":[{\"@type\":\"ReadAction\",\"target\":[\"https:\\\/\\\/pans.krosno.pl\\\/pielegniarstwo\\\/pans-krosno-wspiera-mlodych-ratownikow-relacja-z-xvii-regionalnych-mistrzostw-pierwszej-pomocy\\\/\"]}]},{\"@type\":\"ImageObject\",\"inLanguage\":\"pl-PL\",\"@id\":\"https:\\\/\\\/pans.krosno.pl\\\/pielegniarstwo\\\/pans-krosno-wspiera-mlodych-ratownikow-relacja-z-xvii-regionalnych-mistrzostw-pierwszej-pomocy\\\/#primaryimage\",\"url\":\"https:\\\/\\\/pans.krosno.pl\\\/pielegniarstwo\\\/wp-content\\\/uploads\\\/sites\\\/8\\\/2025\\\/04\\\/Bez-tytulu-1.png\",\"contentUrl\":\"https:\\\/\\\/pans.krosno.pl\\\/pielegniarstwo\\\/wp-content\\\/uploads\\\/sites\\\/8\\\/2025\\\/04\\\/Bez-tytulu-1.png\",\"width\":1078,\"height\":1078},{\"@type\":\"BreadcrumbList\",\"@id\":\"https:\\\/\\\/pans.krosno.pl\\\/pielegniarstwo\\\/pans-krosno-wspiera-mlodych-ratownikow-relacja-z-xvii-regionalnych-mistrzostw-pierwszej-pomocy\\\/#breadcrumb\",\"itemListElement\":[{\"@type\":\"ListItem\",\"position\":1,\"name\":\"Strona g\u0142\u00f3wna\",\"item\":\"https:\\\/\\\/pans.krosno.pl\\\/pielegniarstwo\\\/\"},{\"@type\":\"ListItem\",\"position\":2,\"name\":\"PANS Krosno wspiera m\u0142odych ratownik\u00f3w \u2013 relacja z XVII Regionalnych Mistrzostw Pierwszej Pomocy\"}]},{\"@type\":\"WebSite\",\"@id\":\"https:\\\/\\\/pans.krosno.pl\\\/pielegniarstwo\\\/#website\",\"url\":\"https:\\\/\\\/pans.krosno.pl\\\/pielegniarstwo\\\/\",\"name\":\"Piel\u0119gniarstwo PANS w Kro\u015bnie\",\"description\":\"Piel\u0119gniarstwo - Pa\u0144stwowa Akademia Nauk Stosowanych\",\"publisher\":{\"@id\":\"https:\\\/\\\/pans.krosno.pl\\\/pielegniarstwo\\\/#organization\"},\"potentialAction\":[{\"@type\":\"SearchAction\",\"target\":{\"@type\":\"EntryPoint\",\"urlTemplate\":\"https:\\\/\\\/pans.krosno.pl\\\/pielegniarstwo\\\/?s={search_term_string}\"},\"query-input\":{\"@type\":\"PropertyValueSpecification\",\"valueRequired\":true,\"valueName\":\"search_term_string\"}}],\"inLanguage\":\"pl-PL\"},{\"@type\":\"Organization\",\"@id\":\"https:\\\/\\\/pans.krosno.pl\\\/pielegniarstwo\\\/#organization\",\"name\":\"Piel\u0119gniarstwo PANS w Kro\u015bnie\",\"url\":\"https:\\\/\\\/pans.krosno.pl\\\/pielegniarstwo\\\/\",\"logo\":{\"@type\":\"ImageObject\",\"inLanguage\":\"pl-PL\",\"@id\":\"https:\\\/\\\/pans.krosno.pl\\\/pielegniarstwo\\\/#\\\/schema\\\/logo\\\/image\\\/\",\"url\":\"https:\\\/\\\/pans.krosno.pl\\\/pielegniarstwo\\\/wp-content\\\/uploads\\\/sites\\\/8\\\/2023\\\/01\\\/Logo-PANS-2022-pelne.png\",\"contentUrl\":\"https:\\\/\\\/pans.krosno.pl\\\/pielegniarstwo\\\/wp-content\\\/uploads\\\/sites\\\/8\\\/2023\\\/01\\\/Logo-PANS-2022-pelne.png\",\"width\":3096,\"height\":696,\"caption\":\"Piel\u0119gniarstwo PANS w Kro\u015bnie\"},\"image\":{\"@id\":\"https:\\\/\\\/pans.krosno.pl\\\/pielegniarstwo\\\/#\\\/schema\\\/logo\\\/image\\\/\"}},{\"@type\":\"Person\",\"@id\":\"https:\\\/\\\/pans.krosno.pl\\\/pielegniarstwo\\\/#\\\/schema\\\/person\\\/735ac1b19cc09a23600b926128459aae\",\"name\":\"Micha\u0142 Wojnar\",\"image\":{\"@type\":\"ImageObject\",\"inLanguage\":\"pl-PL\",\"@id\":\"https:\\\/\\\/secure.gravatar.com\\\/avatar\\\/d51d1fe1774d1967596f6c33495b90e637258ef654efa0c46824a1eb595aac93?s=96&d=mm&r=g\",\"url\":\"https:\\\/\\\/secure.gravatar.com\\\/avatar\\\/d51d1fe1774d1967596f6c33495b90e637258ef654efa0c46824a1eb595aac93?s=96&d=mm&r=g\",\"contentUrl\":\"https:\\\/\\\/secure.gravatar.com\\\/avatar\\\/d51d1fe1774d1967596f6c33495b90e637258ef654efa0c46824a1eb595aac93?s=96&d=mm&r=g\",\"caption\":\"Micha\u0142 Wojnar\"},\"url\":\"https:\\\/\\\/pans.krosno.pl\\\/pielegniarstwo\\\/author\\\/michalwojnar\\\/\"}]}<\/script>\n<!-- \/ Yoast SEO Premium plugin. -->","yoast_head_json":{"title":"PANS Krosno wspiera m\u0142odych ratownik\u00f3w \u2013 relacja z XVII Regionalnych Mistrzostw Pierwszej Pomocy - Piel\u0119gniarstwo PANS w Kro\u015bnie","robots":{"index":"index","follow":"follow","max-snippet":"max-snippet:-1","max-image-preview":"max-image-preview:large","max-video-preview":"max-video-preview:-1"},"canonical":"https:\/\/pans.krosno.pl\/pielegniarstwo\/pans-krosno-wspiera-mlodych-ratownikow-relacja-z-xvii-regionalnych-mistrzostw-pierwszej-pomocy\/","og_locale":"pl_PL","og_type":"article","og_title":"PANS Krosno wspiera m\u0142odych ratownik\u00f3w \u2013 relacja z XVII Regionalnych Mistrzostw Pierwszej Pomocy","og_description":"W dniu 10 kwietnia br.\u00a0w Zespole Szk\u00f3\u0142 Naftowo-Gazowniczych w Kro\u015bnie odby\u0142y si\u0119 XVII Regionalne Mistrzostwa Pierwszej Pomocy, skierowane do uczni\u00f3w szk\u00f3\u0142 podstawowych. W wydarzeniu uczestniczyli tak\u017ce przedstawiciele Instytutu Zdrowia Pa\u0144stwowej Akademii Nauk Stosowanych w Kro\u015bnie. Kierownikiem stanowiska &#8222;Wypadek komunikacyjny&#8221; by\u0142 mgr Micha\u0142 Wojnar \u2013 pracownik Zak\u0142adu Piel\u0119gniarstwa, a rol\u0119 s\u0119dzi\u00f3w [\u2026] Read More","og_url":"https:\/\/pans.krosno.pl\/pielegniarstwo\/pans-krosno-wspiera-mlodych-ratownikow-relacja-z-xvii-regionalnych-mistrzostw-pierwszej-pomocy\/","og_site_name":"Piel\u0119gniarstwo PANS w Kro\u015bnie","article_published_time":"2025-04-14T18:45:41+00:00","article_modified_time":"2025-04-14T18:45:42+00:00","og_image":[{"width":1078,"height":1078,"url":"https:\/\/pans.krosno.pl\/pielegniarstwo\/wp-content\/uploads\/sites\/8\/2025\/04\/Bez-tytulu-1.png","type":"image\/png"}],"author":"Micha\u0142 Wojnar","twitter_card":"summary_large_image","twitter_misc":{"Napisane przez":"Micha\u0142 Wojnar","Szacowany czas czytania":"3 minuty"},"schema":{"@context":"https:\/\/schema.org","@graph":[{"@type":"Article","@id":"https:\/\/pans.krosno.pl\/pielegniarstwo\/pans-krosno-wspiera-mlodych-ratownikow-relacja-z-xvii-regionalnych-mistrzostw-pierwszej-pomocy\/#article","isPartOf":{"@id":"https:\/\/pans.krosno.pl\/pielegniarstwo\/pans-krosno-wspiera-mlodych-ratownikow-relacja-z-xvii-regionalnych-mistrzostw-pierwszej-pomocy\/"},"author":{"name":"Micha\u0142 Wojnar","@id":"https:\/\/pans.krosno.pl\/pielegniarstwo\/#\/schema\/person\/735ac1b19cc09a23600b926128459aae"},"headline":"PANS Krosno wspiera m\u0142odych ratownik\u00f3w \u2013 relacja z XVII Regionalnych Mistrzostw Pierwszej Pomocy","datePublished":"2025-04-14T18:45:41+00:00","dateModified":"2025-04-14T18:45:42+00:00","mainEntityOfPage":{"@id":"https:\/\/pans.krosno.pl\/pielegniarstwo\/pans-krosno-wspiera-mlodych-ratownikow-relacja-z-xvii-regionalnych-mistrzostw-pierwszej-pomocy\/"},"wordCount":246,"commentCount":0,"publisher":{"@id":"https:\/\/pans.krosno.pl\/pielegniarstwo\/#organization"},"image":{"@id":"https:\/\/pans.krosno.pl\/pielegniarstwo\/pans-krosno-wspiera-mlodych-ratownikow-relacja-z-xvii-regionalnych-mistrzostw-pierwszej-pomocy\/#primaryimage"},"thumbnailUrl":"https:\/\/pans.krosno.pl\/pielegniarstwo\/wp-content\/uploads\/sites\/8\/2025\/04\/Bez-tytulu-1.png","inLanguage":"pl-PL","potentialAction":[{"@type":"CommentAction","name":"Comment","target":["https:\/\/pans.krosno.pl\/pielegniarstwo\/pans-krosno-wspiera-mlodych-ratownikow-relacja-z-xvii-regionalnych-mistrzostw-pierwszej-pomocy\/#respond"]}]},{"@type":"WebPage","@id":"https:\/\/pans.krosno.pl\/pielegniarstwo\/pans-krosno-wspiera-mlodych-ratownikow-relacja-z-xvii-regionalnych-mistrzostw-pierwszej-pomocy\/","url":"https:\/\/pans.krosno.pl\/pielegniarstwo\/pans-krosno-wspiera-mlodych-ratownikow-relacja-z-xvii-regionalnych-mistrzostw-pierwszej-pomocy\/","name":"PANS Krosno wspiera m\u0142odych ratownik\u00f3w \u2013 relacja z XVII Regionalnych Mistrzostw Pierwszej Pomocy - Piel\u0119gniarstwo PANS w Kro\u015bnie","isPartOf":{"@id":"https:\/\/pans.krosno.pl\/pielegniarstwo\/#website"},"primaryImageOfPage":{"@id":"https:\/\/pans.krosno.pl\/pielegniarstwo\/pans-krosno-wspiera-mlodych-ratownikow-relacja-z-xvii-regionalnych-mistrzostw-pierwszej-pomocy\/#primaryimage"},"image":{"@id":"https:\/\/pans.krosno.pl\/pielegniarstwo\/pans-krosno-wspiera-mlodych-ratownikow-relacja-z-xvii-regionalnych-mistrzostw-pierwszej-pomocy\/#primaryimage"},"thumbnailUrl":"https:\/\/pans.krosno.pl\/pielegniarstwo\/wp-content\/uploads\/sites\/8\/2025\/04\/Bez-tytulu-1.png","datePublished":"2025-04-14T18:45:41+00:00","dateModified":"2025-04-14T18:45:42+00:00","breadcrumb":{"@id":"https:\/\/pans.krosno.pl\/pielegniarstwo\/pans-krosno-wspiera-mlodych-ratownikow-relacja-z-xvii-regionalnych-mistrzostw-pierwszej-pomocy\/#breadcrumb"},"inLanguage":"pl-PL","potentialAction":[{"@type":"ReadAction","target":["https:\/\/pans.krosno.pl\/pielegniarstwo\/pans-krosno-wspiera-mlodych-ratownikow-relacja-z-xvii-regionalnych-mistrzostw-pierwszej-pomocy\/"]}]},{"@type":"ImageObject","inLanguage":"pl-PL","@id":"https:\/\/pans.krosno.pl\/pielegniarstwo\/pans-krosno-wspiera-mlodych-ratownikow-relacja-z-xvii-regionalnych-mistrzostw-pierwszej-pomocy\/#primaryimage","url":"https:\/\/pans.krosno.pl\/pielegniarstwo\/wp-content\/uploads\/sites\/8\/2025\/04\/Bez-tytulu-1.png","contentUrl":"https:\/\/pans.krosno.pl\/pielegniarstwo\/wp-content\/uploads\/sites\/8\/2025\/04\/Bez-tytulu-1.png","width":1078,"height":1078},{"@type":"BreadcrumbList","@id":"https:\/\/pans.krosno.pl\/pielegniarstwo\/pans-krosno-wspiera-mlodych-ratownikow-relacja-z-xvii-regionalnych-mistrzostw-pierwszej-pomocy\/#breadcrumb","itemListElement":[{"@type":"ListItem","position":1,"name":"Strona g\u0142\u00f3wna","item":"https:\/\/pans.krosno.pl\/pielegniarstwo\/"},{"@type":"ListItem","position":2,"name":"PANS Krosno wspiera m\u0142odych ratownik\u00f3w \u2013 relacja z XVII Regionalnych Mistrzostw Pierwszej Pomocy"}]},{"@type":"WebSite","@id":"https:\/\/pans.krosno.pl\/pielegniarstwo\/#website","url":"https:\/\/pans.krosno.pl\/pielegniarstwo\/","name":"Piel\u0119gniarstwo PANS w Kro\u015bnie","description":"Piel\u0119gniarstwo - Pa\u0144stwowa Akademia Nauk Stosowanych","publisher":{"@id":"https:\/\/pans.krosno.pl\/pielegniarstwo\/#organization"},"potentialAction":[{"@type":"SearchAction","target":{"@type":"EntryPoint","urlTemplate":"https:\/\/pans.krosno.pl\/pielegniarstwo\/?s={search_term_string}"},"query-input":{"@type":"PropertyValueSpecification","valueRequired":true,"valueName":"search_term_string"}}],"inLanguage":"pl-PL"},{"@type":"Organization","@id":"https:\/\/pans.krosno.pl\/pielegniarstwo\/#organization","name":"Piel\u0119gniarstwo PANS w Kro\u015bnie","url":"https:\/\/pans.krosno.pl\/pielegniarstwo\/","logo":{"@type":"ImageObject","inLanguage":"pl-PL","@id":"https:\/\/pans.krosno.pl\/pielegniarstwo\/#\/schema\/logo\/image\/","url":"https:\/\/pans.krosno.pl\/pielegniarstwo\/wp-content\/uploads\/sites\/8\/2023\/01\/Logo-PANS-2022-pelne.png","contentUrl":"https:\/\/pans.krosno.pl\/pielegniarstwo\/wp-content\/uploads\/sites\/8\/2023\/01\/Logo-PANS-2022-pelne.png","width":3096,"height":696,"caption":"Piel\u0119gniarstwo PANS w Kro\u015bnie"},"image":{"@id":"https:\/\/pans.krosno.pl\/pielegniarstwo\/#\/schema\/logo\/image\/"}},{"@type":"Person","@id":"https:\/\/pans.krosno.pl\/pielegniarstwo\/#\/schema\/person\/735ac1b19cc09a23600b926128459aae","name":"Micha\u0142 Wojnar","image":{"@type":"ImageObject","inLanguage":"pl-PL","@id":"https:\/\/secure.gravatar.com\/avatar\/d51d1fe1774d1967596f6c33495b90e637258ef654efa0c46824a1eb595aac93?s=96&d=mm&r=g","url":"https:\/\/secure.gravatar.com\/avatar\/d51d1fe1774d1967596f6c33495b90e637258ef654efa0c46824a1eb595aac93?s=96&d=mm&r=g","contentUrl":"https:\/\/secure.gravatar.com\/avatar\/d51d1fe1774d1967596f6c33495b90e637258ef654efa0c46824a1eb595aac93?s=96&d=mm&r=g","caption":"Micha\u0142 Wojnar"},"url":"https:\/\/pans.krosno.pl\/pielegniarstwo\/author\/michalwojnar\/"}]}},"_links":{"self":[{"href":"https:\/\/pans.krosno.pl\/pielegniarstwo\/wp-json\/wp\/v2\/posts\/5853","targetHints":{"allow":["GET"]}}],"collection":[{"href":"https:\/\/pans.krosno.pl\/pielegniarstwo\/wp-json\/wp\/v2\/posts"}],"about":[{"href":"https:\/\/pans.krosno.pl\/pielegniarstwo\/wp-json\/wp\/v2\/types\/post"}],"author":[{"embeddable":true,"href":"https:\/\/pans.krosno.pl\/pielegniarstwo\/wp-json\/wp\/v2\/users\/95"}],"replies":[{"embeddable":true,"href":"https:\/\/pans.krosno.pl\/pielegniarstwo\/wp-json\/wp\/v2\/comments?post=5853"}],"version-history":[{"count":1,"href":"https:\/\/pans.krosno.pl\/pielegniarstwo\/wp-json\/wp\/v2\/posts\/5853\/revisions"}],"predecessor-version":[{"id":5863,"href":"https:\/\/pans.krosno.pl\/pielegniarstwo\/wp-json\/wp\/v2\/posts\/5853\/revisions\/5863"}],"wp:featuredmedia":[{"embeddable":true,"href":"https:\/\/pans.krosno.pl\/pielegniarstwo\/wp-json\/wp\/v2\/media\/5862"}],"wp:attachment":[{"href":"https:\/\/pans.krosno.pl\/pielegniarstwo\/wp-json\/wp\/v2\/media?parent=5853"}],"wp:term":[{"taxonomy":"category","embeddable":true,"href":"https:\/\/pans.krosno.pl\/pielegniarstwo\/wp-json\/wp\/v2\/categories?post=5853"},{"taxonomy":"post_tag","embeddable":true,"href":"https:\/\/pans.krosno.pl\/pielegniarstwo\/wp-json\/wp\/v2\/tags?post=5853"}],"curies":[{"name":"wp","href":"https:\/\/api.w.org\/{rel}","templated":true}]}}