{"id":5829,"date":"2025-04-04T12:44:03","date_gmt":"2025-04-04T10:44:03","guid":{"rendered":"https:\/\/pans.krosno.pl\/pielegniarstwo\/?p=5829"},"modified":"2025-04-04T12:44:37","modified_gmt":"2025-04-04T10:44:37","slug":"pracownicy-zakladu-pielegniarstwa-na-konferencji-w-rzeszowie","status":"publish","type":"post","link":"https:\/\/pans.krosno.pl\/pielegniarstwo\/pracownicy-zakladu-pielegniarstwa-na-konferencji-w-rzeszowie\/","title":{"rendered":"Zak\u0142ad Piel\u0119gniarstwa na konferencji w Rzeszowie"},"content":{"rendered":"\n<p>W dniu 2 kwietnia br. pracownicy Pa\u0144stwowej Akademii Nauk Stosowanych w Kro\u015bnie uczestniczyli w konferencji naukowo-szkoleniowej <em>Nowe wyzwania etyczne w dobie przemian spo\u0142eczno-demograficznych<\/em>, organizowanej przez Okr\u0119gow\u0105 Izb\u0119 Piel\u0119gniarek i Po\u0142o\u017cnych w Rzeszowie.<\/p>\n\n\n\n<figure class=\"wp-block-image aligncenter size-full\"><img loading=\"lazy\" decoding=\"async\" width=\"831\" height=\"831\" src=\"https:\/\/pans.krosno.pl\/pielegniarstwo\/wp-content\/uploads\/sites\/8\/2025\/04\/5575186585959448839.jpg\" alt=\"\" class=\"wp-image-5830\" srcset=\"https:\/\/pans.krosno.pl\/pielegniarstwo\/wp-content\/uploads\/sites\/8\/2025\/04\/5575186585959448839.jpg 831w, https:\/\/pans.krosno.pl\/pielegniarstwo\/wp-content\/uploads\/sites\/8\/2025\/04\/5575186585959448839-300x300.jpg 300w, https:\/\/pans.krosno.pl\/pielegniarstwo\/wp-content\/uploads\/sites\/8\/2025\/04\/5575186585959448839-150x150.jpg 150w, https:\/\/pans.krosno.pl\/pielegniarstwo\/wp-content\/uploads\/sites\/8\/2025\/04\/5575186585959448839-768x768.jpg 768w, https:\/\/pans.krosno.pl\/pielegniarstwo\/wp-content\/uploads\/sites\/8\/2025\/04\/5575186585959448839-800x800.jpg 800w, https:\/\/pans.krosno.pl\/pielegniarstwo\/wp-content\/uploads\/sites\/8\/2025\/04\/5575186585959448839-580x580.jpg 580w, https:\/\/pans.krosno.pl\/pielegniarstwo\/wp-content\/uploads\/sites\/8\/2025\/04\/5575186585959448839-80x80.jpg 80w\" sizes=\"auto, (max-width: 831px) 100vw, 831px\" \/><\/figure>\n\n\n\n<p>Wydarzenie to by\u0142o okazj\u0105 do pog\u0142\u0119bienia wiedzy i wymiany do\u015bwiadcze\u0144 w zakresie etyki zawodowej.<\/p>\n\n\n\n<p>Tematyka wyk\u0142ad\u00f3w obejmowa\u0142a zagadnienia zwi\u0105zane z m.in.:<\/p>\n\n\n\n<ul class=\"wp-block-list\">\n<li>Zdarzeniami niepo\u017c\u0105danymi i b\u0142\u0119dami medycznymi<\/li>\n\n\n\n<li>Prawami pacjenta<\/li>\n\n\n\n<li>Aspektami etycznymi w opiece nad pacjentami z odmiennych kultur<\/li>\n\n\n\n<li>Zagadnieniami etycznymi w donacji i transplantacji<\/li>\n\n\n\n<li>Dylematami w opiece paliatywnej w pediatrii<\/li>\n\n\n\n<li>Klauzul\u0105 sumienia w zawodzie piel\u0119gniarki i po\u0142o\u017cnej<\/li>\n<\/ul>\n\n\n\n<p>Jednym z wyk\u0142adowc\u00f3w by\u0142 Pan <strong>prof. dr hab. n. med. Romuald Krajewski<\/strong> \u2013 cz\u0142onek Odwo\u0142awczej Komisji Bioetycznej przy Ministrze Zdrowia, cz\u0142onek Komitetu Bioetyki przy Prezydium PAN, prezes Europejskiej Unii Lekarzy Specjalist\u00f3w, konsultant i kierownik oddzia\u0142u neurochirurgii i neurologii w Trypolisie w Libii, profesor w Centrum Onkologii w Warszawie, a tak\u017ce profesor w Wydziale Medycznym Uniwersytetu Rzeszowskiego.<\/p>\n\n\n\n<p>Od 2005 roku prof. Romuald Krajewski zwi\u0105zany jest z Pa\u0144stwow\u0105 Akademi\u0105 Nauk Stosowanych w Kro\u015bnie, prowadz\u0105c zaj\u0119cia wyk\u0142adowe dla student\u00f3w kierunku Piel\u0119gniarstwo.<\/p>\n","protected":false},"excerpt":{"rendered":"<p>W dniu 2 kwietnia br. pracownicy Pa\u0144stwowej Akademii Nauk Stosowanych w Kro\u015bnie uczestniczyli w konferencji naukowo-szkoleniowej Nowe wyzwania etyczne w dobie przemian spo\u0142eczno-demograficznych, organizowanej przez Okr\u0119gow\u0105 Izb\u0119 Piel\u0119gniarek i Po\u0142o\u017cnych w Rzeszowie. Wydarzenie to by\u0142o okazj\u0105 do pog\u0142\u0119bienia wiedzy i wymiany do\u015bwiadcze\u0144 w zakresie etyki zawodowej. Tematyka wyk\u0142ad\u00f3w obejmowa\u0142a zagadnienia [\u2026] <\/p>\n<div class=\"clear\"><\/div>\n<p><a class=\"more_link clearfix\" href=\"https:\/\/pans.krosno.pl\/pielegniarstwo\/pracownicy-zakladu-pielegniarstwa-na-konferencji-w-rzeszowie\/\" rel=\"nofollow\">Read More<\/a><\/p>\n","protected":false},"author":95,"featured_media":5830,"comment_status":"open","ping_status":"open","sticky":false,"template":"","format":"standard","meta":{"ngg_post_thumbnail":0,"footnotes":""},"categories":[1],"tags":[],"class_list":["post-5829","post","type-post","status-publish","format-standard","has-post-thumbnail","hentry","category-bez-kategorii"],"yoast_head":"<!-- This site is optimized with the Yoast SEO Premium plugin v27.4 (Yoast SEO v27.4) - https:\/\/yoast.com\/product\/yoast-seo-premium-wordpress\/ -->\n<title>Zak\u0142ad Piel\u0119gniarstwa na konferencji w Rzeszowie - Piel\u0119gniarstwo PANS w Kro\u015bnie<\/title>\n<meta name=\"robots\" content=\"index, follow, max-snippet:-1, max-image-preview:large, max-video-preview:-1\" \/>\n<link rel=\"canonical\" href=\"https:\/\/pans.krosno.pl\/pielegniarstwo\/pracownicy-zakladu-pielegniarstwa-na-konferencji-w-rzeszowie\/\" \/>\n<meta property=\"og:locale\" content=\"pl_PL\" \/>\n<meta property=\"og:type\" content=\"article\" \/>\n<meta property=\"og:title\" content=\"Zak\u0142ad Piel\u0119gniarstwa na konferencji w Rzeszowie\" \/>\n<meta property=\"og:description\" content=\"W dniu 2 kwietnia br. pracownicy Pa\u0144stwowej Akademii Nauk Stosowanych w Kro\u015bnie uczestniczyli w konferencji naukowo-szkoleniowej Nowe wyzwania etyczne w dobie przemian spo\u0142eczno-demograficznych, organizowanej przez Okr\u0119gow\u0105 Izb\u0119 Piel\u0119gniarek i Po\u0142o\u017cnych w Rzeszowie. Wydarzenie to by\u0142o okazj\u0105 do pog\u0142\u0119bienia wiedzy i wymiany do\u015bwiadcze\u0144 w zakresie etyki zawodowej. Tematyka wyk\u0142ad\u00f3w obejmowa\u0142a zagadnienia [\u2026] Read More\" \/>\n<meta property=\"og:url\" content=\"https:\/\/pans.krosno.pl\/pielegniarstwo\/pracownicy-zakladu-pielegniarstwa-na-konferencji-w-rzeszowie\/\" \/>\n<meta property=\"og:site_name\" content=\"Piel\u0119gniarstwo PANS w Kro\u015bnie\" \/>\n<meta property=\"article:published_time\" content=\"2025-04-04T10:44:03+00:00\" \/>\n<meta property=\"article:modified_time\" content=\"2025-04-04T10:44:37+00:00\" \/>\n<meta property=\"og:image\" content=\"https:\/\/pans.krosno.pl\/pielegniarstwo\/wp-content\/uploads\/sites\/8\/2025\/04\/5575186585959448839.jpg\" \/>\n\t<meta property=\"og:image:width\" content=\"831\" \/>\n\t<meta property=\"og:image:height\" content=\"831\" \/>\n\t<meta property=\"og:image:type\" content=\"image\/jpeg\" \/>\n<meta name=\"author\" content=\"Micha\u0142 Wojnar\" \/>\n<meta name=\"twitter:card\" content=\"summary_large_image\" \/>\n<meta name=\"twitter:label1\" content=\"Napisane przez\" \/>\n\t<meta name=\"twitter:data1\" content=\"Micha\u0142 Wojnar\" \/>\n\t<meta name=\"twitter:label2\" content=\"Szacowany czas czytania\" \/>\n\t<meta name=\"twitter:data2\" content=\"2 minuty\" \/>\n<script type=\"application\/ld+json\" class=\"yoast-schema-graph\">{\"@context\":\"https:\\\/\\\/schema.org\",\"@graph\":[{\"@type\":\"Article\",\"@id\":\"https:\\\/\\\/pans.krosno.pl\\\/pielegniarstwo\\\/pracownicy-zakladu-pielegniarstwa-na-konferencji-w-rzeszowie\\\/#article\",\"isPartOf\":{\"@id\":\"https:\\\/\\\/pans.krosno.pl\\\/pielegniarstwo\\\/pracownicy-zakladu-pielegniarstwa-na-konferencji-w-rzeszowie\\\/\"},\"author\":{\"name\":\"Micha\u0142 Wojnar\",\"@id\":\"https:\\\/\\\/pans.krosno.pl\\\/pielegniarstwo\\\/#\\\/schema\\\/person\\\/735ac1b19cc09a23600b926128459aae\"},\"headline\":\"Zak\u0142ad Piel\u0119gniarstwa na konferencji w Rzeszowie\",\"datePublished\":\"2025-04-04T10:44:03+00:00\",\"dateModified\":\"2025-04-04T10:44:37+00:00\",\"mainEntityOfPage\":{\"@id\":\"https:\\\/\\\/pans.krosno.pl\\\/pielegniarstwo\\\/pracownicy-zakladu-pielegniarstwa-na-konferencji-w-rzeszowie\\\/\"},\"wordCount\":207,\"commentCount\":0,\"publisher\":{\"@id\":\"https:\\\/\\\/pans.krosno.pl\\\/pielegniarstwo\\\/#organization\"},\"image\":{\"@id\":\"https:\\\/\\\/pans.krosno.pl\\\/pielegniarstwo\\\/pracownicy-zakladu-pielegniarstwa-na-konferencji-w-rzeszowie\\\/#primaryimage\"},\"thumbnailUrl\":\"https:\\\/\\\/pans.krosno.pl\\\/pielegniarstwo\\\/wp-content\\\/uploads\\\/sites\\\/8\\\/2025\\\/04\\\/5575186585959448839.jpg\",\"inLanguage\":\"pl-PL\",\"potentialAction\":[{\"@type\":\"CommentAction\",\"name\":\"Comment\",\"target\":[\"https:\\\/\\\/pans.krosno.pl\\\/pielegniarstwo\\\/pracownicy-zakladu-pielegniarstwa-na-konferencji-w-rzeszowie\\\/#respond\"]}]},{\"@type\":\"WebPage\",\"@id\":\"https:\\\/\\\/pans.krosno.pl\\\/pielegniarstwo\\\/pracownicy-zakladu-pielegniarstwa-na-konferencji-w-rzeszowie\\\/\",\"url\":\"https:\\\/\\\/pans.krosno.pl\\\/pielegniarstwo\\\/pracownicy-zakladu-pielegniarstwa-na-konferencji-w-rzeszowie\\\/\",\"name\":\"Zak\u0142ad Piel\u0119gniarstwa na konferencji w Rzeszowie - Piel\u0119gniarstwo PANS w Kro\u015bnie\",\"isPartOf\":{\"@id\":\"https:\\\/\\\/pans.krosno.pl\\\/pielegniarstwo\\\/#website\"},\"primaryImageOfPage\":{\"@id\":\"https:\\\/\\\/pans.krosno.pl\\\/pielegniarstwo\\\/pracownicy-zakladu-pielegniarstwa-na-konferencji-w-rzeszowie\\\/#primaryimage\"},\"image\":{\"@id\":\"https:\\\/\\\/pans.krosno.pl\\\/pielegniarstwo\\\/pracownicy-zakladu-pielegniarstwa-na-konferencji-w-rzeszowie\\\/#primaryimage\"},\"thumbnailUrl\":\"https:\\\/\\\/pans.krosno.pl\\\/pielegniarstwo\\\/wp-content\\\/uploads\\\/sites\\\/8\\\/2025\\\/04\\\/5575186585959448839.jpg\",\"datePublished\":\"2025-04-04T10:44:03+00:00\",\"dateModified\":\"2025-04-04T10:44:37+00:00\",\"breadcrumb\":{\"@id\":\"https:\\\/\\\/pans.krosno.pl\\\/pielegniarstwo\\\/pracownicy-zakladu-pielegniarstwa-na-konferencji-w-rzeszowie\\\/#breadcrumb\"},\"inLanguage\":\"pl-PL\",\"potentialAction\":[{\"@type\":\"ReadAction\",\"target\":[\"https:\\\/\\\/pans.krosno.pl\\\/pielegniarstwo\\\/pracownicy-zakladu-pielegniarstwa-na-konferencji-w-rzeszowie\\\/\"]}]},{\"@type\":\"ImageObject\",\"inLanguage\":\"pl-PL\",\"@id\":\"https:\\\/\\\/pans.krosno.pl\\\/pielegniarstwo\\\/pracownicy-zakladu-pielegniarstwa-na-konferencji-w-rzeszowie\\\/#primaryimage\",\"url\":\"https:\\\/\\\/pans.krosno.pl\\\/pielegniarstwo\\\/wp-content\\\/uploads\\\/sites\\\/8\\\/2025\\\/04\\\/5575186585959448839.jpg\",\"contentUrl\":\"https:\\\/\\\/pans.krosno.pl\\\/pielegniarstwo\\\/wp-content\\\/uploads\\\/sites\\\/8\\\/2025\\\/04\\\/5575186585959448839.jpg\",\"width\":831,\"height\":831},{\"@type\":\"BreadcrumbList\",\"@id\":\"https:\\\/\\\/pans.krosno.pl\\\/pielegniarstwo\\\/pracownicy-zakladu-pielegniarstwa-na-konferencji-w-rzeszowie\\\/#breadcrumb\",\"itemListElement\":[{\"@type\":\"ListItem\",\"position\":1,\"name\":\"Strona g\u0142\u00f3wna\",\"item\":\"https:\\\/\\\/pans.krosno.pl\\\/pielegniarstwo\\\/\"},{\"@type\":\"ListItem\",\"position\":2,\"name\":\"Zak\u0142ad Piel\u0119gniarstwa na konferencji w Rzeszowie\"}]},{\"@type\":\"WebSite\",\"@id\":\"https:\\\/\\\/pans.krosno.pl\\\/pielegniarstwo\\\/#website\",\"url\":\"https:\\\/\\\/pans.krosno.pl\\\/pielegniarstwo\\\/\",\"name\":\"Piel\u0119gniarstwo PANS w Kro\u015bnie\",\"description\":\"Piel\u0119gniarstwo - Pa\u0144stwowa Akademia Nauk Stosowanych\",\"publisher\":{\"@id\":\"https:\\\/\\\/pans.krosno.pl\\\/pielegniarstwo\\\/#organization\"},\"potentialAction\":[{\"@type\":\"SearchAction\",\"target\":{\"@type\":\"EntryPoint\",\"urlTemplate\":\"https:\\\/\\\/pans.krosno.pl\\\/pielegniarstwo\\\/?s={search_term_string}\"},\"query-input\":{\"@type\":\"PropertyValueSpecification\",\"valueRequired\":true,\"valueName\":\"search_term_string\"}}],\"inLanguage\":\"pl-PL\"},{\"@type\":\"Organization\",\"@id\":\"https:\\\/\\\/pans.krosno.pl\\\/pielegniarstwo\\\/#organization\",\"name\":\"Piel\u0119gniarstwo PANS w Kro\u015bnie\",\"url\":\"https:\\\/\\\/pans.krosno.pl\\\/pielegniarstwo\\\/\",\"logo\":{\"@type\":\"ImageObject\",\"inLanguage\":\"pl-PL\",\"@id\":\"https:\\\/\\\/pans.krosno.pl\\\/pielegniarstwo\\\/#\\\/schema\\\/logo\\\/image\\\/\",\"url\":\"https:\\\/\\\/pans.krosno.pl\\\/pielegniarstwo\\\/wp-content\\\/uploads\\\/sites\\\/8\\\/2023\\\/01\\\/Logo-PANS-2022-pelne.png\",\"contentUrl\":\"https:\\\/\\\/pans.krosno.pl\\\/pielegniarstwo\\\/wp-content\\\/uploads\\\/sites\\\/8\\\/2023\\\/01\\\/Logo-PANS-2022-pelne.png\",\"width\":3096,\"height\":696,\"caption\":\"Piel\u0119gniarstwo PANS w Kro\u015bnie\"},\"image\":{\"@id\":\"https:\\\/\\\/pans.krosno.pl\\\/pielegniarstwo\\\/#\\\/schema\\\/logo\\\/image\\\/\"}},{\"@type\":\"Person\",\"@id\":\"https:\\\/\\\/pans.krosno.pl\\\/pielegniarstwo\\\/#\\\/schema\\\/person\\\/735ac1b19cc09a23600b926128459aae\",\"name\":\"Micha\u0142 Wojnar\",\"image\":{\"@type\":\"ImageObject\",\"inLanguage\":\"pl-PL\",\"@id\":\"https:\\\/\\\/secure.gravatar.com\\\/avatar\\\/d51d1fe1774d1967596f6c33495b90e637258ef654efa0c46824a1eb595aac93?s=96&d=mm&r=g\",\"url\":\"https:\\\/\\\/secure.gravatar.com\\\/avatar\\\/d51d1fe1774d1967596f6c33495b90e637258ef654efa0c46824a1eb595aac93?s=96&d=mm&r=g\",\"contentUrl\":\"https:\\\/\\\/secure.gravatar.com\\\/avatar\\\/d51d1fe1774d1967596f6c33495b90e637258ef654efa0c46824a1eb595aac93?s=96&d=mm&r=g\",\"caption\":\"Micha\u0142 Wojnar\"},\"url\":\"https:\\\/\\\/pans.krosno.pl\\\/pielegniarstwo\\\/author\\\/michalwojnar\\\/\"}]}<\/script>\n<!-- \/ Yoast SEO Premium plugin. -->","yoast_head_json":{"title":"Zak\u0142ad Piel\u0119gniarstwa na konferencji w Rzeszowie - Piel\u0119gniarstwo PANS w Kro\u015bnie","robots":{"index":"index","follow":"follow","max-snippet":"max-snippet:-1","max-image-preview":"max-image-preview:large","max-video-preview":"max-video-preview:-1"},"canonical":"https:\/\/pans.krosno.pl\/pielegniarstwo\/pracownicy-zakladu-pielegniarstwa-na-konferencji-w-rzeszowie\/","og_locale":"pl_PL","og_type":"article","og_title":"Zak\u0142ad Piel\u0119gniarstwa na konferencji w Rzeszowie","og_description":"W dniu 2 kwietnia br. pracownicy Pa\u0144stwowej Akademii Nauk Stosowanych w Kro\u015bnie uczestniczyli w konferencji naukowo-szkoleniowej Nowe wyzwania etyczne w dobie przemian spo\u0142eczno-demograficznych, organizowanej przez Okr\u0119gow\u0105 Izb\u0119 Piel\u0119gniarek i Po\u0142o\u017cnych w Rzeszowie. Wydarzenie to by\u0142o okazj\u0105 do pog\u0142\u0119bienia wiedzy i wymiany do\u015bwiadcze\u0144 w zakresie etyki zawodowej. Tematyka wyk\u0142ad\u00f3w obejmowa\u0142a zagadnienia [\u2026] Read More","og_url":"https:\/\/pans.krosno.pl\/pielegniarstwo\/pracownicy-zakladu-pielegniarstwa-na-konferencji-w-rzeszowie\/","og_site_name":"Piel\u0119gniarstwo PANS w Kro\u015bnie","article_published_time":"2025-04-04T10:44:03+00:00","article_modified_time":"2025-04-04T10:44:37+00:00","og_image":[{"width":831,"height":831,"url":"https:\/\/pans.krosno.pl\/pielegniarstwo\/wp-content\/uploads\/sites\/8\/2025\/04\/5575186585959448839.jpg","type":"image\/jpeg"}],"author":"Micha\u0142 Wojnar","twitter_card":"summary_large_image","twitter_misc":{"Napisane przez":"Micha\u0142 Wojnar","Szacowany czas czytania":"2 minuty"},"schema":{"@context":"https:\/\/schema.org","@graph":[{"@type":"Article","@id":"https:\/\/pans.krosno.pl\/pielegniarstwo\/pracownicy-zakladu-pielegniarstwa-na-konferencji-w-rzeszowie\/#article","isPartOf":{"@id":"https:\/\/pans.krosno.pl\/pielegniarstwo\/pracownicy-zakladu-pielegniarstwa-na-konferencji-w-rzeszowie\/"},"author":{"name":"Micha\u0142 Wojnar","@id":"https:\/\/pans.krosno.pl\/pielegniarstwo\/#\/schema\/person\/735ac1b19cc09a23600b926128459aae"},"headline":"Zak\u0142ad Piel\u0119gniarstwa na konferencji w Rzeszowie","datePublished":"2025-04-04T10:44:03+00:00","dateModified":"2025-04-04T10:44:37+00:00","mainEntityOfPage":{"@id":"https:\/\/pans.krosno.pl\/pielegniarstwo\/pracownicy-zakladu-pielegniarstwa-na-konferencji-w-rzeszowie\/"},"wordCount":207,"commentCount":0,"publisher":{"@id":"https:\/\/pans.krosno.pl\/pielegniarstwo\/#organization"},"image":{"@id":"https:\/\/pans.krosno.pl\/pielegniarstwo\/pracownicy-zakladu-pielegniarstwa-na-konferencji-w-rzeszowie\/#primaryimage"},"thumbnailUrl":"https:\/\/pans.krosno.pl\/pielegniarstwo\/wp-content\/uploads\/sites\/8\/2025\/04\/5575186585959448839.jpg","inLanguage":"pl-PL","potentialAction":[{"@type":"CommentAction","name":"Comment","target":["https:\/\/pans.krosno.pl\/pielegniarstwo\/pracownicy-zakladu-pielegniarstwa-na-konferencji-w-rzeszowie\/#respond"]}]},{"@type":"WebPage","@id":"https:\/\/pans.krosno.pl\/pielegniarstwo\/pracownicy-zakladu-pielegniarstwa-na-konferencji-w-rzeszowie\/","url":"https:\/\/pans.krosno.pl\/pielegniarstwo\/pracownicy-zakladu-pielegniarstwa-na-konferencji-w-rzeszowie\/","name":"Zak\u0142ad Piel\u0119gniarstwa na konferencji w Rzeszowie - Piel\u0119gniarstwo PANS w Kro\u015bnie","isPartOf":{"@id":"https:\/\/pans.krosno.pl\/pielegniarstwo\/#website"},"primaryImageOfPage":{"@id":"https:\/\/pans.krosno.pl\/pielegniarstwo\/pracownicy-zakladu-pielegniarstwa-na-konferencji-w-rzeszowie\/#primaryimage"},"image":{"@id":"https:\/\/pans.krosno.pl\/pielegniarstwo\/pracownicy-zakladu-pielegniarstwa-na-konferencji-w-rzeszowie\/#primaryimage"},"thumbnailUrl":"https:\/\/pans.krosno.pl\/pielegniarstwo\/wp-content\/uploads\/sites\/8\/2025\/04\/5575186585959448839.jpg","datePublished":"2025-04-04T10:44:03+00:00","dateModified":"2025-04-04T10:44:37+00:00","breadcrumb":{"@id":"https:\/\/pans.krosno.pl\/pielegniarstwo\/pracownicy-zakladu-pielegniarstwa-na-konferencji-w-rzeszowie\/#breadcrumb"},"inLanguage":"pl-PL","potentialAction":[{"@type":"ReadAction","target":["https:\/\/pans.krosno.pl\/pielegniarstwo\/pracownicy-zakladu-pielegniarstwa-na-konferencji-w-rzeszowie\/"]}]},{"@type":"ImageObject","inLanguage":"pl-PL","@id":"https:\/\/pans.krosno.pl\/pielegniarstwo\/pracownicy-zakladu-pielegniarstwa-na-konferencji-w-rzeszowie\/#primaryimage","url":"https:\/\/pans.krosno.pl\/pielegniarstwo\/wp-content\/uploads\/sites\/8\/2025\/04\/5575186585959448839.jpg","contentUrl":"https:\/\/pans.krosno.pl\/pielegniarstwo\/wp-content\/uploads\/sites\/8\/2025\/04\/5575186585959448839.jpg","width":831,"height":831},{"@type":"BreadcrumbList","@id":"https:\/\/pans.krosno.pl\/pielegniarstwo\/pracownicy-zakladu-pielegniarstwa-na-konferencji-w-rzeszowie\/#breadcrumb","itemListElement":[{"@type":"ListItem","position":1,"name":"Strona g\u0142\u00f3wna","item":"https:\/\/pans.krosno.pl\/pielegniarstwo\/"},{"@type":"ListItem","position":2,"name":"Zak\u0142ad Piel\u0119gniarstwa na konferencji w Rzeszowie"}]},{"@type":"WebSite","@id":"https:\/\/pans.krosno.pl\/pielegniarstwo\/#website","url":"https:\/\/pans.krosno.pl\/pielegniarstwo\/","name":"Piel\u0119gniarstwo PANS w Kro\u015bnie","description":"Piel\u0119gniarstwo - Pa\u0144stwowa Akademia Nauk Stosowanych","publisher":{"@id":"https:\/\/pans.krosno.pl\/pielegniarstwo\/#organization"},"potentialAction":[{"@type":"SearchAction","target":{"@type":"EntryPoint","urlTemplate":"https:\/\/pans.krosno.pl\/pielegniarstwo\/?s={search_term_string}"},"query-input":{"@type":"PropertyValueSpecification","valueRequired":true,"valueName":"search_term_string"}}],"inLanguage":"pl-PL"},{"@type":"Organization","@id":"https:\/\/pans.krosno.pl\/pielegniarstwo\/#organization","name":"Piel\u0119gniarstwo PANS w Kro\u015bnie","url":"https:\/\/pans.krosno.pl\/pielegniarstwo\/","logo":{"@type":"ImageObject","inLanguage":"pl-PL","@id":"https:\/\/pans.krosno.pl\/pielegniarstwo\/#\/schema\/logo\/image\/","url":"https:\/\/pans.krosno.pl\/pielegniarstwo\/wp-content\/uploads\/sites\/8\/2023\/01\/Logo-PANS-2022-pelne.png","contentUrl":"https:\/\/pans.krosno.pl\/pielegniarstwo\/wp-content\/uploads\/sites\/8\/2023\/01\/Logo-PANS-2022-pelne.png","width":3096,"height":696,"caption":"Piel\u0119gniarstwo PANS w Kro\u015bnie"},"image":{"@id":"https:\/\/pans.krosno.pl\/pielegniarstwo\/#\/schema\/logo\/image\/"}},{"@type":"Person","@id":"https:\/\/pans.krosno.pl\/pielegniarstwo\/#\/schema\/person\/735ac1b19cc09a23600b926128459aae","name":"Micha\u0142 Wojnar","image":{"@type":"ImageObject","inLanguage":"pl-PL","@id":"https:\/\/secure.gravatar.com\/avatar\/d51d1fe1774d1967596f6c33495b90e637258ef654efa0c46824a1eb595aac93?s=96&d=mm&r=g","url":"https:\/\/secure.gravatar.com\/avatar\/d51d1fe1774d1967596f6c33495b90e637258ef654efa0c46824a1eb595aac93?s=96&d=mm&r=g","contentUrl":"https:\/\/secure.gravatar.com\/avatar\/d51d1fe1774d1967596f6c33495b90e637258ef654efa0c46824a1eb595aac93?s=96&d=mm&r=g","caption":"Micha\u0142 Wojnar"},"url":"https:\/\/pans.krosno.pl\/pielegniarstwo\/author\/michalwojnar\/"}]}},"_links":{"self":[{"href":"https:\/\/pans.krosno.pl\/pielegniarstwo\/wp-json\/wp\/v2\/posts\/5829","targetHints":{"allow":["GET"]}}],"collection":[{"href":"https:\/\/pans.krosno.pl\/pielegniarstwo\/wp-json\/wp\/v2\/posts"}],"about":[{"href":"https:\/\/pans.krosno.pl\/pielegniarstwo\/wp-json\/wp\/v2\/types\/post"}],"author":[{"embeddable":true,"href":"https:\/\/pans.krosno.pl\/pielegniarstwo\/wp-json\/wp\/v2\/users\/95"}],"replies":[{"embeddable":true,"href":"https:\/\/pans.krosno.pl\/pielegniarstwo\/wp-json\/wp\/v2\/comments?post=5829"}],"version-history":[{"count":2,"href":"https:\/\/pans.krosno.pl\/pielegniarstwo\/wp-json\/wp\/v2\/posts\/5829\/revisions"}],"predecessor-version":[{"id":5832,"href":"https:\/\/pans.krosno.pl\/pielegniarstwo\/wp-json\/wp\/v2\/posts\/5829\/revisions\/5832"}],"wp:featuredmedia":[{"embeddable":true,"href":"https:\/\/pans.krosno.pl\/pielegniarstwo\/wp-json\/wp\/v2\/media\/5830"}],"wp:attachment":[{"href":"https:\/\/pans.krosno.pl\/pielegniarstwo\/wp-json\/wp\/v2\/media?parent=5829"}],"wp:term":[{"taxonomy":"category","embeddable":true,"href":"https:\/\/pans.krosno.pl\/pielegniarstwo\/wp-json\/wp\/v2\/categories?post=5829"},{"taxonomy":"post_tag","embeddable":true,"href":"https:\/\/pans.krosno.pl\/pielegniarstwo\/wp-json\/wp\/v2\/tags?post=5829"}],"curies":[{"name":"wp","href":"https:\/\/api.w.org\/{rel}","templated":true}]}}