{"id":5820,"date":"2025-03-31T15:59:30","date_gmt":"2025-03-31T13:59:30","guid":{"rendered":"https:\/\/pans.krosno.pl\/pielegniarstwo\/?p=5820"},"modified":"2025-03-31T15:59:31","modified_gmt":"2025-03-31T13:59:31","slug":"zaklad-pielegniarstwa-na-konferencji-w-katowicach","status":"publish","type":"post","link":"https:\/\/pans.krosno.pl\/pielegniarstwo\/zaklad-pielegniarstwa-na-konferencji-w-katowicach\/","title":{"rendered":"Zak\u0142ad Piel\u0119gniarstwa na konferencji w Katowicach"},"content":{"rendered":"\n<p>W dniu 28 marca br. pracownicy Zak\u0142adu Piel\u0119gniarstwa z Pa\u0144stwowej Akademii Nauk Stosowanych w Kro\u015bnie uczestniczyli w Konferencji pt. &#8222;Przysz\u0142o\u015b\u0107 nauczania piel\u0119gniarstwa &#8211; wyzwania i mo\u017cliwo\u015bci&#8221;. Organizatorami konferencji byli \u015al\u0105ski Uniwersytet Medyczny, OIPiP w Katowicach oraz Polskie Towarzystwo Piel\u0119gniarskie w Katowicach. Wydarzenie zgromadzi\u0142o ekspert\u00f3w, wyk\u0142adowc\u00f3w oraz praktyk\u00f3w zawodu, kt\u00f3rzy wsp\u00f3lnie omawiali kluczowe zagadnienia zwi\u0105zane z kszta\u0142ceniem przysz\u0142ych pokole\u0144 piel\u0119gniarek i piel\u0119gniarzy.<\/p>\n\n\n\n<figure class=\"wp-block-image aligncenter size-large\"><img loading=\"lazy\" decoding=\"async\" width=\"1024\" height=\"574\" src=\"https:\/\/pans.krosno.pl\/pielegniarstwo\/wp-content\/uploads\/sites\/8\/2025\/03\/Messenger_creation_9A81C7A5-92B8-4C52-A334-E905C3A041F6-1024x574.jpeg\" alt=\"\" class=\"wp-image-5821\" srcset=\"https:\/\/pans.krosno.pl\/pielegniarstwo\/wp-content\/uploads\/sites\/8\/2025\/03\/Messenger_creation_9A81C7A5-92B8-4C52-A334-E905C3A041F6-1024x574.jpeg 1024w, https:\/\/pans.krosno.pl\/pielegniarstwo\/wp-content\/uploads\/sites\/8\/2025\/03\/Messenger_creation_9A81C7A5-92B8-4C52-A334-E905C3A041F6-300x168.jpeg 300w, https:\/\/pans.krosno.pl\/pielegniarstwo\/wp-content\/uploads\/sites\/8\/2025\/03\/Messenger_creation_9A81C7A5-92B8-4C52-A334-E905C3A041F6-768x431.jpeg 768w, https:\/\/pans.krosno.pl\/pielegniarstwo\/wp-content\/uploads\/sites\/8\/2025\/03\/Messenger_creation_9A81C7A5-92B8-4C52-A334-E905C3A041F6-1536x861.jpeg 1536w, https:\/\/pans.krosno.pl\/pielegniarstwo\/wp-content\/uploads\/sites\/8\/2025\/03\/Messenger_creation_9A81C7A5-92B8-4C52-A334-E905C3A041F6-2000x1121.jpeg 2000w, https:\/\/pans.krosno.pl\/pielegniarstwo\/wp-content\/uploads\/sites\/8\/2025\/03\/Messenger_creation_9A81C7A5-92B8-4C52-A334-E905C3A041F6-800x448.jpeg 800w, https:\/\/pans.krosno.pl\/pielegniarstwo\/wp-content\/uploads\/sites\/8\/2025\/03\/Messenger_creation_9A81C7A5-92B8-4C52-A334-E905C3A041F6-270x152.jpeg 270w, https:\/\/pans.krosno.pl\/pielegniarstwo\/wp-content\/uploads\/sites\/8\/2025\/03\/Messenger_creation_9A81C7A5-92B8-4C52-A334-E905C3A041F6-580x325.jpeg 580w, https:\/\/pans.krosno.pl\/pielegniarstwo\/wp-content\/uploads\/sites\/8\/2025\/03\/Messenger_creation_9A81C7A5-92B8-4C52-A334-E905C3A041F6.jpeg 2048w\" sizes=\"auto, (max-width: 1024px) 100vw, 1024px\" \/><\/figure>\n\n\n\n<p>Podczas konferencji poruszono tematy zwi\u0105zane z nowoczesnymi metodami nauczania, wdra\u017caniem technologii cyfrowych w edukacji medycznej oraz wyzwaniami wynikaj\u0105cymi z rosn\u0105cego zapotrzebowania na wykwalifikowan\u0105 kadr\u0119 piel\u0119gniarsk\u0105. Dyskutowano tak\u017ce o konieczno\u015bci dostosowania program\u00f3w nauczania do zmieniaj\u0105cych si\u0119 reali\u00f3w systemu opieki zdrowotnej oraz o roli kszta\u0142cenia ustawicznego w zawodzie piel\u0119gniarki.<\/p>\n\n\n\n<figure class=\"wp-block-image aligncenter size-large\"><img loading=\"lazy\" decoding=\"async\" width=\"574\" height=\"1024\" src=\"https:\/\/pans.krosno.pl\/pielegniarstwo\/wp-content\/uploads\/sites\/8\/2025\/03\/Messenger_creation_75BD4547-ACE4-4383-B507-D2154158DF4A-574x1024.jpeg\" alt=\"\" class=\"wp-image-5822\" srcset=\"https:\/\/pans.krosno.pl\/pielegniarstwo\/wp-content\/uploads\/sites\/8\/2025\/03\/Messenger_creation_75BD4547-ACE4-4383-B507-D2154158DF4A-574x1024.jpeg 574w, https:\/\/pans.krosno.pl\/pielegniarstwo\/wp-content\/uploads\/sites\/8\/2025\/03\/Messenger_creation_75BD4547-ACE4-4383-B507-D2154158DF4A-168x300.jpeg 168w, https:\/\/pans.krosno.pl\/pielegniarstwo\/wp-content\/uploads\/sites\/8\/2025\/03\/Messenger_creation_75BD4547-ACE4-4383-B507-D2154158DF4A-768x1369.jpeg 768w, https:\/\/pans.krosno.pl\/pielegniarstwo\/wp-content\/uploads\/sites\/8\/2025\/03\/Messenger_creation_75BD4547-ACE4-4383-B507-D2154158DF4A-861x1536.jpeg 861w, https:\/\/pans.krosno.pl\/pielegniarstwo\/wp-content\/uploads\/sites\/8\/2025\/03\/Messenger_creation_75BD4547-ACE4-4383-B507-D2154158DF4A-800x1426.jpeg 800w, https:\/\/pans.krosno.pl\/pielegniarstwo\/wp-content\/uploads\/sites\/8\/2025\/03\/Messenger_creation_75BD4547-ACE4-4383-B507-D2154158DF4A-580x1034.jpeg 580w, https:\/\/pans.krosno.pl\/pielegniarstwo\/wp-content\/uploads\/sites\/8\/2025\/03\/Messenger_creation_75BD4547-ACE4-4383-B507-D2154158DF4A.jpeg 1074w\" sizes=\"auto, (max-width: 574px) 100vw, 574px\" \/><\/figure>\n\n\n\n<p>Udzia\u0142 delegacji Pa\u0144stwowej Akademii Nauk Stosowanych w Kro\u015bnie w tym wydarzeniu by\u0142 okazj\u0105 do wymiany do\u015bwiadcze\u0144 oraz nawi\u0105zania kontakt\u00f3w z przedstawicielami innych o\u015brodk\u00f3w akademickich. Konferencja dostarczy\u0142a cennych inspiracji do dalszego rozwijania program\u00f3w edukacyjnych i podnoszenia jako\u015bci kszta\u0142cenia przysz\u0142ych profesjonalist\u00f3w w dziedzinie piel\u0119gniarstwa.<\/p>\n","protected":false},"excerpt":{"rendered":"<p>W dniu 28 marca br. pracownicy Zak\u0142adu Piel\u0119gniarstwa z Pa\u0144stwowej Akademii Nauk Stosowanych w Kro\u015bnie uczestniczyli w Konferencji pt. &#8222;Przysz\u0142o\u015b\u0107 nauczania piel\u0119gniarstwa &#8211; wyzwania i mo\u017cliwo\u015bci&#8221;. Organizatorami konferencji byli \u015al\u0105ski Uniwersytet Medyczny, OIPiP w Katowicach oraz Polskie Towarzystwo Piel\u0119gniarskie w Katowicach. Wydarzenie zgromadzi\u0142o ekspert\u00f3w, wyk\u0142adowc\u00f3w oraz praktyk\u00f3w zawodu, kt\u00f3rzy wsp\u00f3lnie [\u2026] <\/p>\n<div class=\"clear\"><\/div>\n<p><a class=\"more_link clearfix\" href=\"https:\/\/pans.krosno.pl\/pielegniarstwo\/zaklad-pielegniarstwa-na-konferencji-w-katowicach\/\" rel=\"nofollow\">Read More<\/a><\/p>\n","protected":false},"author":95,"featured_media":5822,"comment_status":"open","ping_status":"open","sticky":false,"template":"","format":"standard","meta":{"ngg_post_thumbnail":0,"footnotes":""},"categories":[1],"tags":[],"class_list":["post-5820","post","type-post","status-publish","format-standard","has-post-thumbnail","hentry","category-bez-kategorii"],"yoast_head":"<!-- This site is optimized with the Yoast SEO Premium plugin v27.4 (Yoast SEO v27.4) - https:\/\/yoast.com\/product\/yoast-seo-premium-wordpress\/ -->\n<title>Zak\u0142ad Piel\u0119gniarstwa na konferencji w Katowicach - Piel\u0119gniarstwo PANS w Kro\u015bnie<\/title>\n<meta name=\"robots\" content=\"index, follow, max-snippet:-1, max-image-preview:large, max-video-preview:-1\" \/>\n<link rel=\"canonical\" href=\"https:\/\/pans.krosno.pl\/pielegniarstwo\/zaklad-pielegniarstwa-na-konferencji-w-katowicach\/\" \/>\n<meta property=\"og:locale\" content=\"pl_PL\" \/>\n<meta property=\"og:type\" content=\"article\" \/>\n<meta property=\"og:title\" content=\"Zak\u0142ad Piel\u0119gniarstwa na konferencji w Katowicach\" \/>\n<meta property=\"og:description\" content=\"W dniu 28 marca br. pracownicy Zak\u0142adu Piel\u0119gniarstwa z Pa\u0144stwowej Akademii Nauk Stosowanych w Kro\u015bnie uczestniczyli w Konferencji pt. &#8222;Przysz\u0142o\u015b\u0107 nauczania piel\u0119gniarstwa &#8211; wyzwania i mo\u017cliwo\u015bci&#8221;. Organizatorami konferencji byli \u015al\u0105ski Uniwersytet Medyczny, OIPiP w Katowicach oraz Polskie Towarzystwo Piel\u0119gniarskie w Katowicach. Wydarzenie zgromadzi\u0142o ekspert\u00f3w, wyk\u0142adowc\u00f3w oraz praktyk\u00f3w zawodu, kt\u00f3rzy wsp\u00f3lnie [\u2026] Read More\" \/>\n<meta property=\"og:url\" content=\"https:\/\/pans.krosno.pl\/pielegniarstwo\/zaklad-pielegniarstwa-na-konferencji-w-katowicach\/\" \/>\n<meta property=\"og:site_name\" content=\"Piel\u0119gniarstwo PANS w Kro\u015bnie\" \/>\n<meta property=\"article:published_time\" content=\"2025-03-31T13:59:30+00:00\" \/>\n<meta property=\"article:modified_time\" content=\"2025-03-31T13:59:31+00:00\" \/>\n<meta property=\"og:image\" content=\"https:\/\/pans.krosno.pl\/pielegniarstwo\/wp-content\/uploads\/sites\/8\/2025\/03\/Messenger_creation_75BD4547-ACE4-4383-B507-D2154158DF4A.jpeg\" \/>\n\t<meta property=\"og:image:width\" content=\"1074\" \/>\n\t<meta property=\"og:image:height\" content=\"1915\" \/>\n\t<meta property=\"og:image:type\" content=\"image\/jpeg\" \/>\n<meta name=\"author\" content=\"Micha\u0142 Wojnar\" \/>\n<meta name=\"twitter:card\" content=\"summary_large_image\" \/>\n<meta name=\"twitter:label1\" content=\"Napisane przez\" \/>\n\t<meta name=\"twitter:data1\" content=\"Micha\u0142 Wojnar\" \/>\n\t<meta name=\"twitter:label2\" content=\"Szacowany czas czytania\" \/>\n\t<meta name=\"twitter:data2\" content=\"2 minuty\" \/>\n<script type=\"application\/ld+json\" class=\"yoast-schema-graph\">{\"@context\":\"https:\\\/\\\/schema.org\",\"@graph\":[{\"@type\":\"Article\",\"@id\":\"https:\\\/\\\/pans.krosno.pl\\\/pielegniarstwo\\\/zaklad-pielegniarstwa-na-konferencji-w-katowicach\\\/#article\",\"isPartOf\":{\"@id\":\"https:\\\/\\\/pans.krosno.pl\\\/pielegniarstwo\\\/zaklad-pielegniarstwa-na-konferencji-w-katowicach\\\/\"},\"author\":{\"name\":\"Micha\u0142 Wojnar\",\"@id\":\"https:\\\/\\\/pans.krosno.pl\\\/pielegniarstwo\\\/#\\\/schema\\\/person\\\/735ac1b19cc09a23600b926128459aae\"},\"headline\":\"Zak\u0142ad Piel\u0119gniarstwa na konferencji w Katowicach\",\"datePublished\":\"2025-03-31T13:59:30+00:00\",\"dateModified\":\"2025-03-31T13:59:31+00:00\",\"mainEntityOfPage\":{\"@id\":\"https:\\\/\\\/pans.krosno.pl\\\/pielegniarstwo\\\/zaklad-pielegniarstwa-na-konferencji-w-katowicach\\\/\"},\"wordCount\":205,\"commentCount\":0,\"publisher\":{\"@id\":\"https:\\\/\\\/pans.krosno.pl\\\/pielegniarstwo\\\/#organization\"},\"image\":{\"@id\":\"https:\\\/\\\/pans.krosno.pl\\\/pielegniarstwo\\\/zaklad-pielegniarstwa-na-konferencji-w-katowicach\\\/#primaryimage\"},\"thumbnailUrl\":\"https:\\\/\\\/pans.krosno.pl\\\/pielegniarstwo\\\/wp-content\\\/uploads\\\/sites\\\/8\\\/2025\\\/03\\\/Messenger_creation_75BD4547-ACE4-4383-B507-D2154158DF4A.jpeg\",\"inLanguage\":\"pl-PL\",\"potentialAction\":[{\"@type\":\"CommentAction\",\"name\":\"Comment\",\"target\":[\"https:\\\/\\\/pans.krosno.pl\\\/pielegniarstwo\\\/zaklad-pielegniarstwa-na-konferencji-w-katowicach\\\/#respond\"]}]},{\"@type\":\"WebPage\",\"@id\":\"https:\\\/\\\/pans.krosno.pl\\\/pielegniarstwo\\\/zaklad-pielegniarstwa-na-konferencji-w-katowicach\\\/\",\"url\":\"https:\\\/\\\/pans.krosno.pl\\\/pielegniarstwo\\\/zaklad-pielegniarstwa-na-konferencji-w-katowicach\\\/\",\"name\":\"Zak\u0142ad Piel\u0119gniarstwa na konferencji w Katowicach - Piel\u0119gniarstwo PANS w Kro\u015bnie\",\"isPartOf\":{\"@id\":\"https:\\\/\\\/pans.krosno.pl\\\/pielegniarstwo\\\/#website\"},\"primaryImageOfPage\":{\"@id\":\"https:\\\/\\\/pans.krosno.pl\\\/pielegniarstwo\\\/zaklad-pielegniarstwa-na-konferencji-w-katowicach\\\/#primaryimage\"},\"image\":{\"@id\":\"https:\\\/\\\/pans.krosno.pl\\\/pielegniarstwo\\\/zaklad-pielegniarstwa-na-konferencji-w-katowicach\\\/#primaryimage\"},\"thumbnailUrl\":\"https:\\\/\\\/pans.krosno.pl\\\/pielegniarstwo\\\/wp-content\\\/uploads\\\/sites\\\/8\\\/2025\\\/03\\\/Messenger_creation_75BD4547-ACE4-4383-B507-D2154158DF4A.jpeg\",\"datePublished\":\"2025-03-31T13:59:30+00:00\",\"dateModified\":\"2025-03-31T13:59:31+00:00\",\"breadcrumb\":{\"@id\":\"https:\\\/\\\/pans.krosno.pl\\\/pielegniarstwo\\\/zaklad-pielegniarstwa-na-konferencji-w-katowicach\\\/#breadcrumb\"},\"inLanguage\":\"pl-PL\",\"potentialAction\":[{\"@type\":\"ReadAction\",\"target\":[\"https:\\\/\\\/pans.krosno.pl\\\/pielegniarstwo\\\/zaklad-pielegniarstwa-na-konferencji-w-katowicach\\\/\"]}]},{\"@type\":\"ImageObject\",\"inLanguage\":\"pl-PL\",\"@id\":\"https:\\\/\\\/pans.krosno.pl\\\/pielegniarstwo\\\/zaklad-pielegniarstwa-na-konferencji-w-katowicach\\\/#primaryimage\",\"url\":\"https:\\\/\\\/pans.krosno.pl\\\/pielegniarstwo\\\/wp-content\\\/uploads\\\/sites\\\/8\\\/2025\\\/03\\\/Messenger_creation_75BD4547-ACE4-4383-B507-D2154158DF4A.jpeg\",\"contentUrl\":\"https:\\\/\\\/pans.krosno.pl\\\/pielegniarstwo\\\/wp-content\\\/uploads\\\/sites\\\/8\\\/2025\\\/03\\\/Messenger_creation_75BD4547-ACE4-4383-B507-D2154158DF4A.jpeg\",\"width\":1074,\"height\":1915},{\"@type\":\"BreadcrumbList\",\"@id\":\"https:\\\/\\\/pans.krosno.pl\\\/pielegniarstwo\\\/zaklad-pielegniarstwa-na-konferencji-w-katowicach\\\/#breadcrumb\",\"itemListElement\":[{\"@type\":\"ListItem\",\"position\":1,\"name\":\"Strona g\u0142\u00f3wna\",\"item\":\"https:\\\/\\\/pans.krosno.pl\\\/pielegniarstwo\\\/\"},{\"@type\":\"ListItem\",\"position\":2,\"name\":\"Zak\u0142ad Piel\u0119gniarstwa na konferencji w Katowicach\"}]},{\"@type\":\"WebSite\",\"@id\":\"https:\\\/\\\/pans.krosno.pl\\\/pielegniarstwo\\\/#website\",\"url\":\"https:\\\/\\\/pans.krosno.pl\\\/pielegniarstwo\\\/\",\"name\":\"Piel\u0119gniarstwo PANS w Kro\u015bnie\",\"description\":\"Piel\u0119gniarstwo - Pa\u0144stwowa Akademia Nauk Stosowanych\",\"publisher\":{\"@id\":\"https:\\\/\\\/pans.krosno.pl\\\/pielegniarstwo\\\/#organization\"},\"potentialAction\":[{\"@type\":\"SearchAction\",\"target\":{\"@type\":\"EntryPoint\",\"urlTemplate\":\"https:\\\/\\\/pans.krosno.pl\\\/pielegniarstwo\\\/?s={search_term_string}\"},\"query-input\":{\"@type\":\"PropertyValueSpecification\",\"valueRequired\":true,\"valueName\":\"search_term_string\"}}],\"inLanguage\":\"pl-PL\"},{\"@type\":\"Organization\",\"@id\":\"https:\\\/\\\/pans.krosno.pl\\\/pielegniarstwo\\\/#organization\",\"name\":\"Piel\u0119gniarstwo PANS w Kro\u015bnie\",\"url\":\"https:\\\/\\\/pans.krosno.pl\\\/pielegniarstwo\\\/\",\"logo\":{\"@type\":\"ImageObject\",\"inLanguage\":\"pl-PL\",\"@id\":\"https:\\\/\\\/pans.krosno.pl\\\/pielegniarstwo\\\/#\\\/schema\\\/logo\\\/image\\\/\",\"url\":\"https:\\\/\\\/pans.krosno.pl\\\/pielegniarstwo\\\/wp-content\\\/uploads\\\/sites\\\/8\\\/2023\\\/01\\\/Logo-PANS-2022-pelne.png\",\"contentUrl\":\"https:\\\/\\\/pans.krosno.pl\\\/pielegniarstwo\\\/wp-content\\\/uploads\\\/sites\\\/8\\\/2023\\\/01\\\/Logo-PANS-2022-pelne.png\",\"width\":3096,\"height\":696,\"caption\":\"Piel\u0119gniarstwo PANS w Kro\u015bnie\"},\"image\":{\"@id\":\"https:\\\/\\\/pans.krosno.pl\\\/pielegniarstwo\\\/#\\\/schema\\\/logo\\\/image\\\/\"}},{\"@type\":\"Person\",\"@id\":\"https:\\\/\\\/pans.krosno.pl\\\/pielegniarstwo\\\/#\\\/schema\\\/person\\\/735ac1b19cc09a23600b926128459aae\",\"name\":\"Micha\u0142 Wojnar\",\"image\":{\"@type\":\"ImageObject\",\"inLanguage\":\"pl-PL\",\"@id\":\"https:\\\/\\\/secure.gravatar.com\\\/avatar\\\/d51d1fe1774d1967596f6c33495b90e637258ef654efa0c46824a1eb595aac93?s=96&d=mm&r=g\",\"url\":\"https:\\\/\\\/secure.gravatar.com\\\/avatar\\\/d51d1fe1774d1967596f6c33495b90e637258ef654efa0c46824a1eb595aac93?s=96&d=mm&r=g\",\"contentUrl\":\"https:\\\/\\\/secure.gravatar.com\\\/avatar\\\/d51d1fe1774d1967596f6c33495b90e637258ef654efa0c46824a1eb595aac93?s=96&d=mm&r=g\",\"caption\":\"Micha\u0142 Wojnar\"},\"url\":\"https:\\\/\\\/pans.krosno.pl\\\/pielegniarstwo\\\/author\\\/michalwojnar\\\/\"}]}<\/script>\n<!-- \/ Yoast SEO Premium plugin. -->","yoast_head_json":{"title":"Zak\u0142ad Piel\u0119gniarstwa na konferencji w Katowicach - Piel\u0119gniarstwo PANS w Kro\u015bnie","robots":{"index":"index","follow":"follow","max-snippet":"max-snippet:-1","max-image-preview":"max-image-preview:large","max-video-preview":"max-video-preview:-1"},"canonical":"https:\/\/pans.krosno.pl\/pielegniarstwo\/zaklad-pielegniarstwa-na-konferencji-w-katowicach\/","og_locale":"pl_PL","og_type":"article","og_title":"Zak\u0142ad Piel\u0119gniarstwa na konferencji w Katowicach","og_description":"W dniu 28 marca br. pracownicy Zak\u0142adu Piel\u0119gniarstwa z Pa\u0144stwowej Akademii Nauk Stosowanych w Kro\u015bnie uczestniczyli w Konferencji pt. &#8222;Przysz\u0142o\u015b\u0107 nauczania piel\u0119gniarstwa &#8211; wyzwania i mo\u017cliwo\u015bci&#8221;. Organizatorami konferencji byli \u015al\u0105ski Uniwersytet Medyczny, OIPiP w Katowicach oraz Polskie Towarzystwo Piel\u0119gniarskie w Katowicach. Wydarzenie zgromadzi\u0142o ekspert\u00f3w, wyk\u0142adowc\u00f3w oraz praktyk\u00f3w zawodu, kt\u00f3rzy wsp\u00f3lnie [\u2026] Read More","og_url":"https:\/\/pans.krosno.pl\/pielegniarstwo\/zaklad-pielegniarstwa-na-konferencji-w-katowicach\/","og_site_name":"Piel\u0119gniarstwo PANS w Kro\u015bnie","article_published_time":"2025-03-31T13:59:30+00:00","article_modified_time":"2025-03-31T13:59:31+00:00","og_image":[{"width":1074,"height":1915,"url":"https:\/\/pans.krosno.pl\/pielegniarstwo\/wp-content\/uploads\/sites\/8\/2025\/03\/Messenger_creation_75BD4547-ACE4-4383-B507-D2154158DF4A.jpeg","type":"image\/jpeg"}],"author":"Micha\u0142 Wojnar","twitter_card":"summary_large_image","twitter_misc":{"Napisane przez":"Micha\u0142 Wojnar","Szacowany czas czytania":"2 minuty"},"schema":{"@context":"https:\/\/schema.org","@graph":[{"@type":"Article","@id":"https:\/\/pans.krosno.pl\/pielegniarstwo\/zaklad-pielegniarstwa-na-konferencji-w-katowicach\/#article","isPartOf":{"@id":"https:\/\/pans.krosno.pl\/pielegniarstwo\/zaklad-pielegniarstwa-na-konferencji-w-katowicach\/"},"author":{"name":"Micha\u0142 Wojnar","@id":"https:\/\/pans.krosno.pl\/pielegniarstwo\/#\/schema\/person\/735ac1b19cc09a23600b926128459aae"},"headline":"Zak\u0142ad Piel\u0119gniarstwa na konferencji w Katowicach","datePublished":"2025-03-31T13:59:30+00:00","dateModified":"2025-03-31T13:59:31+00:00","mainEntityOfPage":{"@id":"https:\/\/pans.krosno.pl\/pielegniarstwo\/zaklad-pielegniarstwa-na-konferencji-w-katowicach\/"},"wordCount":205,"commentCount":0,"publisher":{"@id":"https:\/\/pans.krosno.pl\/pielegniarstwo\/#organization"},"image":{"@id":"https:\/\/pans.krosno.pl\/pielegniarstwo\/zaklad-pielegniarstwa-na-konferencji-w-katowicach\/#primaryimage"},"thumbnailUrl":"https:\/\/pans.krosno.pl\/pielegniarstwo\/wp-content\/uploads\/sites\/8\/2025\/03\/Messenger_creation_75BD4547-ACE4-4383-B507-D2154158DF4A.jpeg","inLanguage":"pl-PL","potentialAction":[{"@type":"CommentAction","name":"Comment","target":["https:\/\/pans.krosno.pl\/pielegniarstwo\/zaklad-pielegniarstwa-na-konferencji-w-katowicach\/#respond"]}]},{"@type":"WebPage","@id":"https:\/\/pans.krosno.pl\/pielegniarstwo\/zaklad-pielegniarstwa-na-konferencji-w-katowicach\/","url":"https:\/\/pans.krosno.pl\/pielegniarstwo\/zaklad-pielegniarstwa-na-konferencji-w-katowicach\/","name":"Zak\u0142ad Piel\u0119gniarstwa na konferencji w Katowicach - Piel\u0119gniarstwo PANS w Kro\u015bnie","isPartOf":{"@id":"https:\/\/pans.krosno.pl\/pielegniarstwo\/#website"},"primaryImageOfPage":{"@id":"https:\/\/pans.krosno.pl\/pielegniarstwo\/zaklad-pielegniarstwa-na-konferencji-w-katowicach\/#primaryimage"},"image":{"@id":"https:\/\/pans.krosno.pl\/pielegniarstwo\/zaklad-pielegniarstwa-na-konferencji-w-katowicach\/#primaryimage"},"thumbnailUrl":"https:\/\/pans.krosno.pl\/pielegniarstwo\/wp-content\/uploads\/sites\/8\/2025\/03\/Messenger_creation_75BD4547-ACE4-4383-B507-D2154158DF4A.jpeg","datePublished":"2025-03-31T13:59:30+00:00","dateModified":"2025-03-31T13:59:31+00:00","breadcrumb":{"@id":"https:\/\/pans.krosno.pl\/pielegniarstwo\/zaklad-pielegniarstwa-na-konferencji-w-katowicach\/#breadcrumb"},"inLanguage":"pl-PL","potentialAction":[{"@type":"ReadAction","target":["https:\/\/pans.krosno.pl\/pielegniarstwo\/zaklad-pielegniarstwa-na-konferencji-w-katowicach\/"]}]},{"@type":"ImageObject","inLanguage":"pl-PL","@id":"https:\/\/pans.krosno.pl\/pielegniarstwo\/zaklad-pielegniarstwa-na-konferencji-w-katowicach\/#primaryimage","url":"https:\/\/pans.krosno.pl\/pielegniarstwo\/wp-content\/uploads\/sites\/8\/2025\/03\/Messenger_creation_75BD4547-ACE4-4383-B507-D2154158DF4A.jpeg","contentUrl":"https:\/\/pans.krosno.pl\/pielegniarstwo\/wp-content\/uploads\/sites\/8\/2025\/03\/Messenger_creation_75BD4547-ACE4-4383-B507-D2154158DF4A.jpeg","width":1074,"height":1915},{"@type":"BreadcrumbList","@id":"https:\/\/pans.krosno.pl\/pielegniarstwo\/zaklad-pielegniarstwa-na-konferencji-w-katowicach\/#breadcrumb","itemListElement":[{"@type":"ListItem","position":1,"name":"Strona g\u0142\u00f3wna","item":"https:\/\/pans.krosno.pl\/pielegniarstwo\/"},{"@type":"ListItem","position":2,"name":"Zak\u0142ad Piel\u0119gniarstwa na konferencji w Katowicach"}]},{"@type":"WebSite","@id":"https:\/\/pans.krosno.pl\/pielegniarstwo\/#website","url":"https:\/\/pans.krosno.pl\/pielegniarstwo\/","name":"Piel\u0119gniarstwo PANS w Kro\u015bnie","description":"Piel\u0119gniarstwo - Pa\u0144stwowa Akademia Nauk Stosowanych","publisher":{"@id":"https:\/\/pans.krosno.pl\/pielegniarstwo\/#organization"},"potentialAction":[{"@type":"SearchAction","target":{"@type":"EntryPoint","urlTemplate":"https:\/\/pans.krosno.pl\/pielegniarstwo\/?s={search_term_string}"},"query-input":{"@type":"PropertyValueSpecification","valueRequired":true,"valueName":"search_term_string"}}],"inLanguage":"pl-PL"},{"@type":"Organization","@id":"https:\/\/pans.krosno.pl\/pielegniarstwo\/#organization","name":"Piel\u0119gniarstwo PANS w Kro\u015bnie","url":"https:\/\/pans.krosno.pl\/pielegniarstwo\/","logo":{"@type":"ImageObject","inLanguage":"pl-PL","@id":"https:\/\/pans.krosno.pl\/pielegniarstwo\/#\/schema\/logo\/image\/","url":"https:\/\/pans.krosno.pl\/pielegniarstwo\/wp-content\/uploads\/sites\/8\/2023\/01\/Logo-PANS-2022-pelne.png","contentUrl":"https:\/\/pans.krosno.pl\/pielegniarstwo\/wp-content\/uploads\/sites\/8\/2023\/01\/Logo-PANS-2022-pelne.png","width":3096,"height":696,"caption":"Piel\u0119gniarstwo PANS w Kro\u015bnie"},"image":{"@id":"https:\/\/pans.krosno.pl\/pielegniarstwo\/#\/schema\/logo\/image\/"}},{"@type":"Person","@id":"https:\/\/pans.krosno.pl\/pielegniarstwo\/#\/schema\/person\/735ac1b19cc09a23600b926128459aae","name":"Micha\u0142 Wojnar","image":{"@type":"ImageObject","inLanguage":"pl-PL","@id":"https:\/\/secure.gravatar.com\/avatar\/d51d1fe1774d1967596f6c33495b90e637258ef654efa0c46824a1eb595aac93?s=96&d=mm&r=g","url":"https:\/\/secure.gravatar.com\/avatar\/d51d1fe1774d1967596f6c33495b90e637258ef654efa0c46824a1eb595aac93?s=96&d=mm&r=g","contentUrl":"https:\/\/secure.gravatar.com\/avatar\/d51d1fe1774d1967596f6c33495b90e637258ef654efa0c46824a1eb595aac93?s=96&d=mm&r=g","caption":"Micha\u0142 Wojnar"},"url":"https:\/\/pans.krosno.pl\/pielegniarstwo\/author\/michalwojnar\/"}]}},"_links":{"self":[{"href":"https:\/\/pans.krosno.pl\/pielegniarstwo\/wp-json\/wp\/v2\/posts\/5820","targetHints":{"allow":["GET"]}}],"collection":[{"href":"https:\/\/pans.krosno.pl\/pielegniarstwo\/wp-json\/wp\/v2\/posts"}],"about":[{"href":"https:\/\/pans.krosno.pl\/pielegniarstwo\/wp-json\/wp\/v2\/types\/post"}],"author":[{"embeddable":true,"href":"https:\/\/pans.krosno.pl\/pielegniarstwo\/wp-json\/wp\/v2\/users\/95"}],"replies":[{"embeddable":true,"href":"https:\/\/pans.krosno.pl\/pielegniarstwo\/wp-json\/wp\/v2\/comments?post=5820"}],"version-history":[{"count":1,"href":"https:\/\/pans.krosno.pl\/pielegniarstwo\/wp-json\/wp\/v2\/posts\/5820\/revisions"}],"predecessor-version":[{"id":5823,"href":"https:\/\/pans.krosno.pl\/pielegniarstwo\/wp-json\/wp\/v2\/posts\/5820\/revisions\/5823"}],"wp:featuredmedia":[{"embeddable":true,"href":"https:\/\/pans.krosno.pl\/pielegniarstwo\/wp-json\/wp\/v2\/media\/5822"}],"wp:attachment":[{"href":"https:\/\/pans.krosno.pl\/pielegniarstwo\/wp-json\/wp\/v2\/media?parent=5820"}],"wp:term":[{"taxonomy":"category","embeddable":true,"href":"https:\/\/pans.krosno.pl\/pielegniarstwo\/wp-json\/wp\/v2\/categories?post=5820"},{"taxonomy":"post_tag","embeddable":true,"href":"https:\/\/pans.krosno.pl\/pielegniarstwo\/wp-json\/wp\/v2\/tags?post=5820"}],"curies":[{"name":"wp","href":"https:\/\/api.w.org\/{rel}","templated":true}]}}