{"id":5764,"date":"2025-03-13T23:39:40","date_gmt":"2025-03-13T22:39:40","guid":{"rendered":"https:\/\/pans.krosno.pl\/pielegniarstwo\/?p=5764"},"modified":"2025-03-13T23:39:41","modified_gmt":"2025-03-13T22:39:41","slug":"i-etap-olimpiady-pielegniarskiej-im-janiny-fetlinskiej-za-nami","status":"publish","type":"post","link":"https:\/\/pans.krosno.pl\/pielegniarstwo\/i-etap-olimpiady-pielegniarskiej-im-janiny-fetlinskiej-za-nami\/","title":{"rendered":"I etap Olimpiady Piel\u0119gniarskiej im. Janiny Fetli\u0144skiej za nami"},"content":{"rendered":"\n<p>Dnia 4 marca 2025 r. w naszej uczelni odby\u0142 si\u0119 I etap <strong>XV Mi\u0119dzyuczelnianej Olimpiady Piel\u0119gniarskiej im. dr Janiny Fetli\u0144skiej. <\/strong>W bie\u017c\u0105cym roku do olimpiady piel\u0119gniarskiej przyst\u0105pi\u0142o 14 uczelni. Olimpiada skierowana jest do student\u00f3w III roku piel\u0119gniarstwa.<\/p>\n\n\n\n<figure class=\"wp-block-image size-large\"><img loading=\"lazy\" decoding=\"async\" width=\"1024\" height=\"576\" src=\"https:\/\/pans.krosno.pl\/pielegniarstwo\/wp-content\/uploads\/sites\/8\/2025\/03\/4c3b6f07-5cc4-4ae3-99fe-a0bbdc5671cf_upscayl_4x_digital-art-4x1-1-1024x576.png\" alt=\"\" class=\"wp-image-5765\" srcset=\"https:\/\/pans.krosno.pl\/pielegniarstwo\/wp-content\/uploads\/sites\/8\/2025\/03\/4c3b6f07-5cc4-4ae3-99fe-a0bbdc5671cf_upscayl_4x_digital-art-4x1-1-1024x576.png 1024w, https:\/\/pans.krosno.pl\/pielegniarstwo\/wp-content\/uploads\/sites\/8\/2025\/03\/4c3b6f07-5cc4-4ae3-99fe-a0bbdc5671cf_upscayl_4x_digital-art-4x1-1-300x169.png 300w, https:\/\/pans.krosno.pl\/pielegniarstwo\/wp-content\/uploads\/sites\/8\/2025\/03\/4c3b6f07-5cc4-4ae3-99fe-a0bbdc5671cf_upscayl_4x_digital-art-4x1-1-768x432.png 768w, https:\/\/pans.krosno.pl\/pielegniarstwo\/wp-content\/uploads\/sites\/8\/2025\/03\/4c3b6f07-5cc4-4ae3-99fe-a0bbdc5671cf_upscayl_4x_digital-art-4x1-1-1536x864.png 1536w\" sizes=\"auto, (max-width: 1024px) 100vw, 1024px\" \/><\/figure>\n\n\n\n<p>I etap Olimpiady polega\u0142 na napisaniu testu sk\u0142adaj\u0105cego si\u0119 z 60 pyta\u0144 zamkni\u0119tych z obszaru tematycznego odpowiadaj\u0105cego efektom uczenia si\u0119 z przedmiot\u00f3w:<\/p>\n\n\n\n<ul class=\"wp-block-list\">\n<li>Podstawy piel\u0119gniarstwa\u00a0<\/li>\n\n\n\n<li>Choroby wewn\u0119trzne i piel\u0119gniarstwo internistyczne<\/li>\n\n\n\n<li>Chirurgia i piel\u0119gniarstwo chirurgiczne<\/li>\n\n\n\n<li>Pediatria i piel\u0119gniarstwo pediatryczne<\/li>\n\n\n\n<li>Podstawowa opieka zdrowotna<\/li>\n\n\n\n<li>Geriatria i piel\u0119gniarstwo geriatryczne<\/li>\n<\/ul>\n\n\n\n<p>Do II etapu zakwalifikowa\u0142o si\u0119 5 studentek, kt\u00f3re otrzyma\u0142y najwy\u017csz\u0105 liczb\u0119 punkt\u00f3w z testu.<\/p>\n\n\n\n<hr class=\"wp-block-separator has-alpha-channel-opacity\" \/>\n\n\n\n<p><strong>II etap Olimpiady Piel\u0119gniarskiej <\/strong>b\u0119dzie odbywa\u0142 si\u0119 r\u00f3wnocze\u015bnie we wszystkich uczelniach bior\u0105cych udzia\u0142 w XV Olimpiadzie Piel\u0119gniarskiej w dniu 8 kwietnia 2025 r. Etap ten realizowany b\u0119dzie w Centrum Symulacji Medycznej i polega na wykonaniu jednej z podstawowych, najbardziej uniwersalnych procedur piel\u0119gniarskich w oparciu o wylosowane studium przypadku z jednej z dziedzin piel\u0119gniarstwa, w tym: piel\u0119gniarstwa chirurgicznego, piel\u0119gniarstwa internistycznego, piel\u0119gniarstwa pediatrycznego, piel\u0119gniarstwa geriatrycznego oraz na opracowaniu procesu piel\u0119gnowania do wylosowanego opisu przypadku klinicznego pacjenta.<\/p>\n\n\n\n<p class=\"has-text-align-right\"><strong>\u017byczymy powodzenia!<\/strong><\/p>\n","protected":false},"excerpt":{"rendered":"<p>Dnia 4 marca 2025 r. w naszej uczelni odby\u0142 si\u0119 I etap XV Mi\u0119dzyuczelnianej Olimpiady Piel\u0119gniarskiej im. dr Janiny Fetli\u0144skiej. W bie\u017c\u0105cym roku do olimpiady piel\u0119gniarskiej przyst\u0105pi\u0142o 14 uczelni. Olimpiada skierowana jest do student\u00f3w III roku piel\u0119gniarstwa. I etap Olimpiady polega\u0142 na napisaniu testu sk\u0142adaj\u0105cego si\u0119 z 60 pyta\u0144 zamkni\u0119tych [\u2026] <\/p>\n<div class=\"clear\"><\/div>\n<p><a class=\"more_link clearfix\" href=\"https:\/\/pans.krosno.pl\/pielegniarstwo\/i-etap-olimpiady-pielegniarskiej-im-janiny-fetlinskiej-za-nami\/\" rel=\"nofollow\">Read More<\/a><\/p>\n","protected":false},"author":95,"featured_media":5766,"comment_status":"open","ping_status":"open","sticky":false,"template":"","format":"standard","meta":{"ngg_post_thumbnail":0,"footnotes":""},"categories":[1],"tags":[],"class_list":["post-5764","post","type-post","status-publish","format-standard","has-post-thumbnail","hentry","category-bez-kategorii"],"yoast_head":"<!-- This site is optimized with the Yoast SEO Premium plugin v27.4 (Yoast SEO v27.4) - https:\/\/yoast.com\/product\/yoast-seo-premium-wordpress\/ -->\n<title>I etap Olimpiady Piel\u0119gniarskiej im. Janiny Fetli\u0144skiej za nami - Piel\u0119gniarstwo PANS w Kro\u015bnie<\/title>\n<meta name=\"robots\" content=\"index, follow, max-snippet:-1, max-image-preview:large, max-video-preview:-1\" \/>\n<link rel=\"canonical\" href=\"https:\/\/pans.krosno.pl\/pielegniarstwo\/i-etap-olimpiady-pielegniarskiej-im-janiny-fetlinskiej-za-nami\/\" \/>\n<meta property=\"og:locale\" content=\"pl_PL\" \/>\n<meta property=\"og:type\" content=\"article\" \/>\n<meta property=\"og:title\" content=\"I etap Olimpiady Piel\u0119gniarskiej im. Janiny Fetli\u0144skiej za nami\" \/>\n<meta property=\"og:description\" content=\"Dnia 4 marca 2025 r. w naszej uczelni odby\u0142 si\u0119 I etap XV Mi\u0119dzyuczelnianej Olimpiady Piel\u0119gniarskiej im. dr Janiny Fetli\u0144skiej. W bie\u017c\u0105cym roku do olimpiady piel\u0119gniarskiej przyst\u0105pi\u0142o 14 uczelni. Olimpiada skierowana jest do student\u00f3w III roku piel\u0119gniarstwa. I etap Olimpiady polega\u0142 na napisaniu testu sk\u0142adaj\u0105cego si\u0119 z 60 pyta\u0144 zamkni\u0119tych [\u2026] Read More\" \/>\n<meta property=\"og:url\" content=\"https:\/\/pans.krosno.pl\/pielegniarstwo\/i-etap-olimpiady-pielegniarskiej-im-janiny-fetlinskiej-za-nami\/\" \/>\n<meta property=\"og:site_name\" content=\"Piel\u0119gniarstwo PANS w Kro\u015bnie\" \/>\n<meta property=\"article:published_time\" content=\"2025-03-13T22:39:40+00:00\" \/>\n<meta property=\"article:modified_time\" content=\"2025-03-13T22:39:41+00:00\" \/>\n<meta property=\"og:image\" content=\"https:\/\/pans.krosno.pl\/pielegniarstwo\/wp-content\/uploads\/sites\/8\/2025\/03\/4c3b6f07-5cc4-4ae3-99fe-a0bbdc5671cf_upscayl_4x_digital-art-4x1-2-1024x576.png\" \/>\n\t<meta property=\"og:image:width\" content=\"1024\" \/>\n\t<meta property=\"og:image:height\" content=\"576\" \/>\n\t<meta property=\"og:image:type\" content=\"image\/png\" \/>\n<meta name=\"author\" content=\"Micha\u0142 Wojnar\" \/>\n<meta name=\"twitter:card\" content=\"summary_large_image\" \/>\n<meta name=\"twitter:label1\" content=\"Napisane przez\" \/>\n\t<meta name=\"twitter:data1\" content=\"Micha\u0142 Wojnar\" \/>\n<script type=\"application\/ld+json\" class=\"yoast-schema-graph\">{\"@context\":\"https:\\\/\\\/schema.org\",\"@graph\":[{\"@type\":\"Article\",\"@id\":\"https:\\\/\\\/pans.krosno.pl\\\/pielegniarstwo\\\/i-etap-olimpiady-pielegniarskiej-im-janiny-fetlinskiej-za-nami\\\/#article\",\"isPartOf\":{\"@id\":\"https:\\\/\\\/pans.krosno.pl\\\/pielegniarstwo\\\/i-etap-olimpiady-pielegniarskiej-im-janiny-fetlinskiej-za-nami\\\/\"},\"author\":{\"name\":\"Micha\u0142 Wojnar\",\"@id\":\"https:\\\/\\\/pans.krosno.pl\\\/pielegniarstwo\\\/#\\\/schema\\\/person\\\/735ac1b19cc09a23600b926128459aae\"},\"headline\":\"I etap Olimpiady Piel\u0119gniarskiej im. Janiny Fetli\u0144skiej za nami\",\"datePublished\":\"2025-03-13T22:39:40+00:00\",\"dateModified\":\"2025-03-13T22:39:41+00:00\",\"mainEntityOfPage\":{\"@id\":\"https:\\\/\\\/pans.krosno.pl\\\/pielegniarstwo\\\/i-etap-olimpiady-pielegniarskiej-im-janiny-fetlinskiej-za-nami\\\/\"},\"wordCount\":214,\"commentCount\":0,\"publisher\":{\"@id\":\"https:\\\/\\\/pans.krosno.pl\\\/pielegniarstwo\\\/#organization\"},\"image\":{\"@id\":\"https:\\\/\\\/pans.krosno.pl\\\/pielegniarstwo\\\/i-etap-olimpiady-pielegniarskiej-im-janiny-fetlinskiej-za-nami\\\/#primaryimage\"},\"thumbnailUrl\":\"https:\\\/\\\/pans.krosno.pl\\\/pielegniarstwo\\\/wp-content\\\/uploads\\\/sites\\\/8\\\/2025\\\/03\\\/4c3b6f07-5cc4-4ae3-99fe-a0bbdc5671cf_upscayl_4x_digital-art-4x1-2.png\",\"inLanguage\":\"pl-PL\",\"potentialAction\":[{\"@type\":\"CommentAction\",\"name\":\"Comment\",\"target\":[\"https:\\\/\\\/pans.krosno.pl\\\/pielegniarstwo\\\/i-etap-olimpiady-pielegniarskiej-im-janiny-fetlinskiej-za-nami\\\/#respond\"]}]},{\"@type\":\"WebPage\",\"@id\":\"https:\\\/\\\/pans.krosno.pl\\\/pielegniarstwo\\\/i-etap-olimpiady-pielegniarskiej-im-janiny-fetlinskiej-za-nami\\\/\",\"url\":\"https:\\\/\\\/pans.krosno.pl\\\/pielegniarstwo\\\/i-etap-olimpiady-pielegniarskiej-im-janiny-fetlinskiej-za-nami\\\/\",\"name\":\"I etap Olimpiady Piel\u0119gniarskiej im. Janiny Fetli\u0144skiej za nami - Piel\u0119gniarstwo PANS w Kro\u015bnie\",\"isPartOf\":{\"@id\":\"https:\\\/\\\/pans.krosno.pl\\\/pielegniarstwo\\\/#website\"},\"primaryImageOfPage\":{\"@id\":\"https:\\\/\\\/pans.krosno.pl\\\/pielegniarstwo\\\/i-etap-olimpiady-pielegniarskiej-im-janiny-fetlinskiej-za-nami\\\/#primaryimage\"},\"image\":{\"@id\":\"https:\\\/\\\/pans.krosno.pl\\\/pielegniarstwo\\\/i-etap-olimpiady-pielegniarskiej-im-janiny-fetlinskiej-za-nami\\\/#primaryimage\"},\"thumbnailUrl\":\"https:\\\/\\\/pans.krosno.pl\\\/pielegniarstwo\\\/wp-content\\\/uploads\\\/sites\\\/8\\\/2025\\\/03\\\/4c3b6f07-5cc4-4ae3-99fe-a0bbdc5671cf_upscayl_4x_digital-art-4x1-2.png\",\"datePublished\":\"2025-03-13T22:39:40+00:00\",\"dateModified\":\"2025-03-13T22:39:41+00:00\",\"breadcrumb\":{\"@id\":\"https:\\\/\\\/pans.krosno.pl\\\/pielegniarstwo\\\/i-etap-olimpiady-pielegniarskiej-im-janiny-fetlinskiej-za-nami\\\/#breadcrumb\"},\"inLanguage\":\"pl-PL\",\"potentialAction\":[{\"@type\":\"ReadAction\",\"target\":[\"https:\\\/\\\/pans.krosno.pl\\\/pielegniarstwo\\\/i-etap-olimpiady-pielegniarskiej-im-janiny-fetlinskiej-za-nami\\\/\"]}]},{\"@type\":\"ImageObject\",\"inLanguage\":\"pl-PL\",\"@id\":\"https:\\\/\\\/pans.krosno.pl\\\/pielegniarstwo\\\/i-etap-olimpiady-pielegniarskiej-im-janiny-fetlinskiej-za-nami\\\/#primaryimage\",\"url\":\"https:\\\/\\\/pans.krosno.pl\\\/pielegniarstwo\\\/wp-content\\\/uploads\\\/sites\\\/8\\\/2025\\\/03\\\/4c3b6f07-5cc4-4ae3-99fe-a0bbdc5671cf_upscayl_4x_digital-art-4x1-2.png\",\"contentUrl\":\"https:\\\/\\\/pans.krosno.pl\\\/pielegniarstwo\\\/wp-content\\\/uploads\\\/sites\\\/8\\\/2025\\\/03\\\/4c3b6f07-5cc4-4ae3-99fe-a0bbdc5671cf_upscayl_4x_digital-art-4x1-2.png\",\"width\":5789,\"height\":3257},{\"@type\":\"BreadcrumbList\",\"@id\":\"https:\\\/\\\/pans.krosno.pl\\\/pielegniarstwo\\\/i-etap-olimpiady-pielegniarskiej-im-janiny-fetlinskiej-za-nami\\\/#breadcrumb\",\"itemListElement\":[{\"@type\":\"ListItem\",\"position\":1,\"name\":\"Strona g\u0142\u00f3wna\",\"item\":\"https:\\\/\\\/pans.krosno.pl\\\/pielegniarstwo\\\/\"},{\"@type\":\"ListItem\",\"position\":2,\"name\":\"I etap Olimpiady Piel\u0119gniarskiej im. Janiny Fetli\u0144skiej za nami\"}]},{\"@type\":\"WebSite\",\"@id\":\"https:\\\/\\\/pans.krosno.pl\\\/pielegniarstwo\\\/#website\",\"url\":\"https:\\\/\\\/pans.krosno.pl\\\/pielegniarstwo\\\/\",\"name\":\"Piel\u0119gniarstwo PANS w Kro\u015bnie\",\"description\":\"Piel\u0119gniarstwo - Pa\u0144stwowa Akademia Nauk Stosowanych\",\"publisher\":{\"@id\":\"https:\\\/\\\/pans.krosno.pl\\\/pielegniarstwo\\\/#organization\"},\"potentialAction\":[{\"@type\":\"SearchAction\",\"target\":{\"@type\":\"EntryPoint\",\"urlTemplate\":\"https:\\\/\\\/pans.krosno.pl\\\/pielegniarstwo\\\/?s={search_term_string}\"},\"query-input\":{\"@type\":\"PropertyValueSpecification\",\"valueRequired\":true,\"valueName\":\"search_term_string\"}}],\"inLanguage\":\"pl-PL\"},{\"@type\":\"Organization\",\"@id\":\"https:\\\/\\\/pans.krosno.pl\\\/pielegniarstwo\\\/#organization\",\"name\":\"Piel\u0119gniarstwo PANS w Kro\u015bnie\",\"url\":\"https:\\\/\\\/pans.krosno.pl\\\/pielegniarstwo\\\/\",\"logo\":{\"@type\":\"ImageObject\",\"inLanguage\":\"pl-PL\",\"@id\":\"https:\\\/\\\/pans.krosno.pl\\\/pielegniarstwo\\\/#\\\/schema\\\/logo\\\/image\\\/\",\"url\":\"https:\\\/\\\/pans.krosno.pl\\\/pielegniarstwo\\\/wp-content\\\/uploads\\\/sites\\\/8\\\/2023\\\/01\\\/Logo-PANS-2022-pelne.png\",\"contentUrl\":\"https:\\\/\\\/pans.krosno.pl\\\/pielegniarstwo\\\/wp-content\\\/uploads\\\/sites\\\/8\\\/2023\\\/01\\\/Logo-PANS-2022-pelne.png\",\"width\":3096,\"height\":696,\"caption\":\"Piel\u0119gniarstwo PANS w Kro\u015bnie\"},\"image\":{\"@id\":\"https:\\\/\\\/pans.krosno.pl\\\/pielegniarstwo\\\/#\\\/schema\\\/logo\\\/image\\\/\"}},{\"@type\":\"Person\",\"@id\":\"https:\\\/\\\/pans.krosno.pl\\\/pielegniarstwo\\\/#\\\/schema\\\/person\\\/735ac1b19cc09a23600b926128459aae\",\"name\":\"Micha\u0142 Wojnar\",\"image\":{\"@type\":\"ImageObject\",\"inLanguage\":\"pl-PL\",\"@id\":\"https:\\\/\\\/secure.gravatar.com\\\/avatar\\\/d51d1fe1774d1967596f6c33495b90e637258ef654efa0c46824a1eb595aac93?s=96&d=mm&r=g\",\"url\":\"https:\\\/\\\/secure.gravatar.com\\\/avatar\\\/d51d1fe1774d1967596f6c33495b90e637258ef654efa0c46824a1eb595aac93?s=96&d=mm&r=g\",\"contentUrl\":\"https:\\\/\\\/secure.gravatar.com\\\/avatar\\\/d51d1fe1774d1967596f6c33495b90e637258ef654efa0c46824a1eb595aac93?s=96&d=mm&r=g\",\"caption\":\"Micha\u0142 Wojnar\"},\"url\":\"https:\\\/\\\/pans.krosno.pl\\\/pielegniarstwo\\\/author\\\/michalwojnar\\\/\"}]}<\/script>\n<!-- \/ Yoast SEO Premium plugin. -->","yoast_head_json":{"title":"I etap Olimpiady Piel\u0119gniarskiej im. Janiny Fetli\u0144skiej za nami - Piel\u0119gniarstwo PANS w Kro\u015bnie","robots":{"index":"index","follow":"follow","max-snippet":"max-snippet:-1","max-image-preview":"max-image-preview:large","max-video-preview":"max-video-preview:-1"},"canonical":"https:\/\/pans.krosno.pl\/pielegniarstwo\/i-etap-olimpiady-pielegniarskiej-im-janiny-fetlinskiej-za-nami\/","og_locale":"pl_PL","og_type":"article","og_title":"I etap Olimpiady Piel\u0119gniarskiej im. Janiny Fetli\u0144skiej za nami","og_description":"Dnia 4 marca 2025 r. w naszej uczelni odby\u0142 si\u0119 I etap XV Mi\u0119dzyuczelnianej Olimpiady Piel\u0119gniarskiej im. dr Janiny Fetli\u0144skiej. W bie\u017c\u0105cym roku do olimpiady piel\u0119gniarskiej przyst\u0105pi\u0142o 14 uczelni. Olimpiada skierowana jest do student\u00f3w III roku piel\u0119gniarstwa. I etap Olimpiady polega\u0142 na napisaniu testu sk\u0142adaj\u0105cego si\u0119 z 60 pyta\u0144 zamkni\u0119tych [\u2026] Read More","og_url":"https:\/\/pans.krosno.pl\/pielegniarstwo\/i-etap-olimpiady-pielegniarskiej-im-janiny-fetlinskiej-za-nami\/","og_site_name":"Piel\u0119gniarstwo PANS w Kro\u015bnie","article_published_time":"2025-03-13T22:39:40+00:00","article_modified_time":"2025-03-13T22:39:41+00:00","og_image":[{"width":1024,"height":576,"url":"https:\/\/pans.krosno.pl\/pielegniarstwo\/wp-content\/uploads\/sites\/8\/2025\/03\/4c3b6f07-5cc4-4ae3-99fe-a0bbdc5671cf_upscayl_4x_digital-art-4x1-2-1024x576.png","type":"image\/png"}],"author":"Micha\u0142 Wojnar","twitter_card":"summary_large_image","twitter_misc":{"Napisane przez":"Micha\u0142 Wojnar"},"schema":{"@context":"https:\/\/schema.org","@graph":[{"@type":"Article","@id":"https:\/\/pans.krosno.pl\/pielegniarstwo\/i-etap-olimpiady-pielegniarskiej-im-janiny-fetlinskiej-za-nami\/#article","isPartOf":{"@id":"https:\/\/pans.krosno.pl\/pielegniarstwo\/i-etap-olimpiady-pielegniarskiej-im-janiny-fetlinskiej-za-nami\/"},"author":{"name":"Micha\u0142 Wojnar","@id":"https:\/\/pans.krosno.pl\/pielegniarstwo\/#\/schema\/person\/735ac1b19cc09a23600b926128459aae"},"headline":"I etap Olimpiady Piel\u0119gniarskiej im. Janiny Fetli\u0144skiej za nami","datePublished":"2025-03-13T22:39:40+00:00","dateModified":"2025-03-13T22:39:41+00:00","mainEntityOfPage":{"@id":"https:\/\/pans.krosno.pl\/pielegniarstwo\/i-etap-olimpiady-pielegniarskiej-im-janiny-fetlinskiej-za-nami\/"},"wordCount":214,"commentCount":0,"publisher":{"@id":"https:\/\/pans.krosno.pl\/pielegniarstwo\/#organization"},"image":{"@id":"https:\/\/pans.krosno.pl\/pielegniarstwo\/i-etap-olimpiady-pielegniarskiej-im-janiny-fetlinskiej-za-nami\/#primaryimage"},"thumbnailUrl":"https:\/\/pans.krosno.pl\/pielegniarstwo\/wp-content\/uploads\/sites\/8\/2025\/03\/4c3b6f07-5cc4-4ae3-99fe-a0bbdc5671cf_upscayl_4x_digital-art-4x1-2.png","inLanguage":"pl-PL","potentialAction":[{"@type":"CommentAction","name":"Comment","target":["https:\/\/pans.krosno.pl\/pielegniarstwo\/i-etap-olimpiady-pielegniarskiej-im-janiny-fetlinskiej-za-nami\/#respond"]}]},{"@type":"WebPage","@id":"https:\/\/pans.krosno.pl\/pielegniarstwo\/i-etap-olimpiady-pielegniarskiej-im-janiny-fetlinskiej-za-nami\/","url":"https:\/\/pans.krosno.pl\/pielegniarstwo\/i-etap-olimpiady-pielegniarskiej-im-janiny-fetlinskiej-za-nami\/","name":"I etap Olimpiady Piel\u0119gniarskiej im. Janiny Fetli\u0144skiej za nami - Piel\u0119gniarstwo PANS w Kro\u015bnie","isPartOf":{"@id":"https:\/\/pans.krosno.pl\/pielegniarstwo\/#website"},"primaryImageOfPage":{"@id":"https:\/\/pans.krosno.pl\/pielegniarstwo\/i-etap-olimpiady-pielegniarskiej-im-janiny-fetlinskiej-za-nami\/#primaryimage"},"image":{"@id":"https:\/\/pans.krosno.pl\/pielegniarstwo\/i-etap-olimpiady-pielegniarskiej-im-janiny-fetlinskiej-za-nami\/#primaryimage"},"thumbnailUrl":"https:\/\/pans.krosno.pl\/pielegniarstwo\/wp-content\/uploads\/sites\/8\/2025\/03\/4c3b6f07-5cc4-4ae3-99fe-a0bbdc5671cf_upscayl_4x_digital-art-4x1-2.png","datePublished":"2025-03-13T22:39:40+00:00","dateModified":"2025-03-13T22:39:41+00:00","breadcrumb":{"@id":"https:\/\/pans.krosno.pl\/pielegniarstwo\/i-etap-olimpiady-pielegniarskiej-im-janiny-fetlinskiej-za-nami\/#breadcrumb"},"inLanguage":"pl-PL","potentialAction":[{"@type":"ReadAction","target":["https:\/\/pans.krosno.pl\/pielegniarstwo\/i-etap-olimpiady-pielegniarskiej-im-janiny-fetlinskiej-za-nami\/"]}]},{"@type":"ImageObject","inLanguage":"pl-PL","@id":"https:\/\/pans.krosno.pl\/pielegniarstwo\/i-etap-olimpiady-pielegniarskiej-im-janiny-fetlinskiej-za-nami\/#primaryimage","url":"https:\/\/pans.krosno.pl\/pielegniarstwo\/wp-content\/uploads\/sites\/8\/2025\/03\/4c3b6f07-5cc4-4ae3-99fe-a0bbdc5671cf_upscayl_4x_digital-art-4x1-2.png","contentUrl":"https:\/\/pans.krosno.pl\/pielegniarstwo\/wp-content\/uploads\/sites\/8\/2025\/03\/4c3b6f07-5cc4-4ae3-99fe-a0bbdc5671cf_upscayl_4x_digital-art-4x1-2.png","width":5789,"height":3257},{"@type":"BreadcrumbList","@id":"https:\/\/pans.krosno.pl\/pielegniarstwo\/i-etap-olimpiady-pielegniarskiej-im-janiny-fetlinskiej-za-nami\/#breadcrumb","itemListElement":[{"@type":"ListItem","position":1,"name":"Strona g\u0142\u00f3wna","item":"https:\/\/pans.krosno.pl\/pielegniarstwo\/"},{"@type":"ListItem","position":2,"name":"I etap Olimpiady Piel\u0119gniarskiej im. Janiny Fetli\u0144skiej za nami"}]},{"@type":"WebSite","@id":"https:\/\/pans.krosno.pl\/pielegniarstwo\/#website","url":"https:\/\/pans.krosno.pl\/pielegniarstwo\/","name":"Piel\u0119gniarstwo PANS w Kro\u015bnie","description":"Piel\u0119gniarstwo - Pa\u0144stwowa Akademia Nauk Stosowanych","publisher":{"@id":"https:\/\/pans.krosno.pl\/pielegniarstwo\/#organization"},"potentialAction":[{"@type":"SearchAction","target":{"@type":"EntryPoint","urlTemplate":"https:\/\/pans.krosno.pl\/pielegniarstwo\/?s={search_term_string}"},"query-input":{"@type":"PropertyValueSpecification","valueRequired":true,"valueName":"search_term_string"}}],"inLanguage":"pl-PL"},{"@type":"Organization","@id":"https:\/\/pans.krosno.pl\/pielegniarstwo\/#organization","name":"Piel\u0119gniarstwo PANS w Kro\u015bnie","url":"https:\/\/pans.krosno.pl\/pielegniarstwo\/","logo":{"@type":"ImageObject","inLanguage":"pl-PL","@id":"https:\/\/pans.krosno.pl\/pielegniarstwo\/#\/schema\/logo\/image\/","url":"https:\/\/pans.krosno.pl\/pielegniarstwo\/wp-content\/uploads\/sites\/8\/2023\/01\/Logo-PANS-2022-pelne.png","contentUrl":"https:\/\/pans.krosno.pl\/pielegniarstwo\/wp-content\/uploads\/sites\/8\/2023\/01\/Logo-PANS-2022-pelne.png","width":3096,"height":696,"caption":"Piel\u0119gniarstwo PANS w Kro\u015bnie"},"image":{"@id":"https:\/\/pans.krosno.pl\/pielegniarstwo\/#\/schema\/logo\/image\/"}},{"@type":"Person","@id":"https:\/\/pans.krosno.pl\/pielegniarstwo\/#\/schema\/person\/735ac1b19cc09a23600b926128459aae","name":"Micha\u0142 Wojnar","image":{"@type":"ImageObject","inLanguage":"pl-PL","@id":"https:\/\/secure.gravatar.com\/avatar\/d51d1fe1774d1967596f6c33495b90e637258ef654efa0c46824a1eb595aac93?s=96&d=mm&r=g","url":"https:\/\/secure.gravatar.com\/avatar\/d51d1fe1774d1967596f6c33495b90e637258ef654efa0c46824a1eb595aac93?s=96&d=mm&r=g","contentUrl":"https:\/\/secure.gravatar.com\/avatar\/d51d1fe1774d1967596f6c33495b90e637258ef654efa0c46824a1eb595aac93?s=96&d=mm&r=g","caption":"Micha\u0142 Wojnar"},"url":"https:\/\/pans.krosno.pl\/pielegniarstwo\/author\/michalwojnar\/"}]}},"_links":{"self":[{"href":"https:\/\/pans.krosno.pl\/pielegniarstwo\/wp-json\/wp\/v2\/posts\/5764","targetHints":{"allow":["GET"]}}],"collection":[{"href":"https:\/\/pans.krosno.pl\/pielegniarstwo\/wp-json\/wp\/v2\/posts"}],"about":[{"href":"https:\/\/pans.krosno.pl\/pielegniarstwo\/wp-json\/wp\/v2\/types\/post"}],"author":[{"embeddable":true,"href":"https:\/\/pans.krosno.pl\/pielegniarstwo\/wp-json\/wp\/v2\/users\/95"}],"replies":[{"embeddable":true,"href":"https:\/\/pans.krosno.pl\/pielegniarstwo\/wp-json\/wp\/v2\/comments?post=5764"}],"version-history":[{"count":2,"href":"https:\/\/pans.krosno.pl\/pielegniarstwo\/wp-json\/wp\/v2\/posts\/5764\/revisions"}],"predecessor-version":[{"id":5768,"href":"https:\/\/pans.krosno.pl\/pielegniarstwo\/wp-json\/wp\/v2\/posts\/5764\/revisions\/5768"}],"wp:featuredmedia":[{"embeddable":true,"href":"https:\/\/pans.krosno.pl\/pielegniarstwo\/wp-json\/wp\/v2\/media\/5766"}],"wp:attachment":[{"href":"https:\/\/pans.krosno.pl\/pielegniarstwo\/wp-json\/wp\/v2\/media?parent=5764"}],"wp:term":[{"taxonomy":"category","embeddable":true,"href":"https:\/\/pans.krosno.pl\/pielegniarstwo\/wp-json\/wp\/v2\/categories?post=5764"},{"taxonomy":"post_tag","embeddable":true,"href":"https:\/\/pans.krosno.pl\/pielegniarstwo\/wp-json\/wp\/v2\/tags?post=5764"}],"curies":[{"name":"wp","href":"https:\/\/api.w.org\/{rel}","templated":true}]}}