{"id":5761,"date":"2025-03-13T09:37:41","date_gmt":"2025-03-13T08:37:41","guid":{"rendered":"https:\/\/pans.krosno.pl\/pielegniarstwo\/?p=5761"},"modified":"2025-03-13T09:37:42","modified_gmt":"2025-03-13T08:37:42","slug":"pracownicy-pans-w-krosnie-uczestnikami-konferencji-uprzedz-depresje","status":"publish","type":"post","link":"https:\/\/pans.krosno.pl\/pielegniarstwo\/pracownicy-pans-w-krosnie-uczestnikami-konferencji-uprzedz-depresje\/","title":{"rendered":"Pracownicy PANS w Kro\u015bnie uczestnikami konferencji \u201eUprzed\u017a depresj\u0119\u201d"},"content":{"rendered":"\n<p>26 lutego 2025 r. <strong>nauczyciele<\/strong> PANS w Kro\u015bnie z kierunk\u00f3w Piel\u0119gniarstwo i Pedagogika oraz <strong>pracownicy<\/strong> Biura ds. Os\u00f3b z Niepe\u0142nosprawno\u015bciami wzi\u0119li udzia\u0142 w konferencji popularnonaukowej <em>\u201eUprzed\u017a depresj\u0119\u201d<\/em><strong> <\/strong>organizowanej w Akademii Nauk Stosowanych w Nowym Targu. Konferencja odby\u0142a si\u0119 z okazji <strong>Og\u00f3lnopolskiego Dnia Walki z\u00a0Depresj\u0105<\/strong>.<\/p>\n\n\n\n<figure class=\"wp-block-image is-style-default\"><img decoding=\"async\" src=\"https:\/\/pans.krosno.pl\/wp-content\/uploads\/2025\/03\/IMG-20250305-WA0003-1024x768.jpg\" alt=\"\" class=\"wp-image-54544\" \/><\/figure>\n\n\n\n<p>Organizatorem konferencji by\u0142 <strong>Podhala\u0144ski Szpital Specjalistyczny<\/strong> im. Jana Paw\u0142a II \u2013 Centrum Zdrowia Psychicznego \u201eZohylina Nadziei\u201d oraz Akademia Nauk Stosowanych, a\u00a0honorowy patronat nad wydarzeniem obj\u0119\u0142o <strong>Kuratorium O\u015bwiaty w\u00a0Krakowie<\/strong>. W spotkaniu wzi\u0119li udzia\u0142 eksperci, psychologowie, terapeuci oraz studenci.<\/p>\n\n\n\n<p>W trakcie konferencji <em>\u201eUprzed\u017a depresj\u0119\u201d<\/em> uczestnicy mieli okazj\u0119 wys\u0142ucha\u0107 <strong>wyk\u0142ad\u00f3w<\/strong> do\u015bwiadczonych specjalist\u00f3w, kt\u00f3rzy przedstawili <strong>r\u00f3\u017cne aspekty<\/strong> profilaktyki, diagnozy, leczenia depresji oraz znaczenia wsparcia psychologicznego i terapeutycznego.<\/p>\n\n\n\n<p>Specjali\u015bci podczas konferencji zwr\u00f3cili uwag\u0119 na konieczno\u015b\u0107 <strong>otwartej rozmowy<\/strong> o\u00a0problemach psychicznych i\u00a0dost\u0119pno\u015bci profesjonalnej pomocy. Wskazali, i\u017c depresja to choroba, kt\u00f3r\u0105 <strong>mo\u017cna leczy\u0107<\/strong> \u2013 kluczowe jest wczesne rozpoznanie i\u00a0dost\u0119p do odpowiedniej pomocy.<\/p>\n\n\n\n<p><strong>Nie czekaj, a\u017c problem si\u0119 pog\u0142\u0119bi \u2013 uprzed\u017a depresj\u0119!&nbsp;<\/strong><\/p>\n","protected":false},"excerpt":{"rendered":"<p>26 lutego 2025 r. nauczyciele PANS w Kro\u015bnie z kierunk\u00f3w Piel\u0119gniarstwo i Pedagogika oraz pracownicy Biura ds. Os\u00f3b z Niepe\u0142nosprawno\u015bciami wzi\u0119li udzia\u0142 w konferencji popularnonaukowej \u201eUprzed\u017a depresj\u0119\u201d organizowanej w Akademii Nauk Stosowanych w Nowym Targu. Konferencja odby\u0142a si\u0119 z okazji Og\u00f3lnopolskiego Dnia Walki z\u00a0Depresj\u0105. Organizatorem konferencji by\u0142 Podhala\u0144ski Szpital Specjalistyczny [\u2026] <\/p>\n<div class=\"clear\"><\/div>\n<p><a class=\"more_link clearfix\" href=\"https:\/\/pans.krosno.pl\/pielegniarstwo\/pracownicy-pans-w-krosnie-uczestnikami-konferencji-uprzedz-depresje\/\" rel=\"nofollow\">Read More<\/a><\/p>\n","protected":false},"author":95,"featured_media":5762,"comment_status":"open","ping_status":"open","sticky":false,"template":"","format":"standard","meta":{"ngg_post_thumbnail":0,"footnotes":""},"categories":[1],"tags":[],"class_list":["post-5761","post","type-post","status-publish","format-standard","has-post-thumbnail","hentry","category-bez-kategorii"],"yoast_head":"<!-- This site is optimized with the Yoast SEO Premium plugin v27.4 (Yoast SEO v27.4) - https:\/\/yoast.com\/product\/yoast-seo-premium-wordpress\/ -->\n<title>Pracownicy PANS w Kro\u015bnie uczestnikami konferencji \u201eUprzed\u017a depresj\u0119\u201d - Piel\u0119gniarstwo PANS w Kro\u015bnie<\/title>\n<meta name=\"robots\" content=\"index, follow, max-snippet:-1, max-image-preview:large, max-video-preview:-1\" \/>\n<link rel=\"canonical\" href=\"https:\/\/pans.krosno.pl\/pielegniarstwo\/pracownicy-pans-w-krosnie-uczestnikami-konferencji-uprzedz-depresje\/\" \/>\n<meta property=\"og:locale\" content=\"pl_PL\" \/>\n<meta property=\"og:type\" content=\"article\" \/>\n<meta property=\"og:title\" content=\"Pracownicy PANS w Kro\u015bnie uczestnikami konferencji \u201eUprzed\u017a depresj\u0119\u201d\" \/>\n<meta property=\"og:description\" content=\"26 lutego 2025 r. nauczyciele PANS w Kro\u015bnie z kierunk\u00f3w Piel\u0119gniarstwo i Pedagogika oraz pracownicy Biura ds. Os\u00f3b z Niepe\u0142nosprawno\u015bciami wzi\u0119li udzia\u0142 w konferencji popularnonaukowej \u201eUprzed\u017a depresj\u0119\u201d organizowanej w Akademii Nauk Stosowanych w Nowym Targu. Konferencja odby\u0142a si\u0119 z okazji Og\u00f3lnopolskiego Dnia Walki z\u00a0Depresj\u0105. Organizatorem konferencji by\u0142 Podhala\u0144ski Szpital Specjalistyczny [\u2026] Read More\" \/>\n<meta property=\"og:url\" content=\"https:\/\/pans.krosno.pl\/pielegniarstwo\/pracownicy-pans-w-krosnie-uczestnikami-konferencji-uprzedz-depresje\/\" \/>\n<meta property=\"og:site_name\" content=\"Piel\u0119gniarstwo PANS w Kro\u015bnie\" \/>\n<meta property=\"article:published_time\" content=\"2025-03-13T08:37:41+00:00\" \/>\n<meta property=\"article:modified_time\" content=\"2025-03-13T08:37:42+00:00\" \/>\n<meta property=\"og:image\" content=\"https:\/\/pans.krosno.pl\/pielegniarstwo\/wp-content\/uploads\/sites\/8\/2025\/03\/IMG-20250305-WA0003-1024x768-1-e1741854888379.jpg\" \/>\n\t<meta property=\"og:image:width\" content=\"877\" \/>\n\t<meta property=\"og:image:height\" content=\"768\" \/>\n\t<meta property=\"og:image:type\" content=\"image\/jpeg\" \/>\n<meta name=\"author\" content=\"Micha\u0142 Wojnar\" \/>\n<meta name=\"twitter:card\" content=\"summary_large_image\" \/>\n<meta name=\"twitter:label1\" content=\"Napisane przez\" \/>\n\t<meta name=\"twitter:data1\" content=\"Micha\u0142 Wojnar\" \/>\n\t<meta name=\"twitter:label2\" content=\"Szacowany czas czytania\" \/>\n\t<meta name=\"twitter:data2\" content=\"2 minuty\" \/>\n<script type=\"application\/ld+json\" class=\"yoast-schema-graph\">{\"@context\":\"https:\\\/\\\/schema.org\",\"@graph\":[{\"@type\":\"Article\",\"@id\":\"https:\\\/\\\/pans.krosno.pl\\\/pielegniarstwo\\\/pracownicy-pans-w-krosnie-uczestnikami-konferencji-uprzedz-depresje\\\/#article\",\"isPartOf\":{\"@id\":\"https:\\\/\\\/pans.krosno.pl\\\/pielegniarstwo\\\/pracownicy-pans-w-krosnie-uczestnikami-konferencji-uprzedz-depresje\\\/\"},\"author\":{\"name\":\"Micha\u0142 Wojnar\",\"@id\":\"https:\\\/\\\/pans.krosno.pl\\\/pielegniarstwo\\\/#\\\/schema\\\/person\\\/735ac1b19cc09a23600b926128459aae\"},\"headline\":\"Pracownicy PANS w Kro\u015bnie uczestnikami konferencji \u201eUprzed\u017a depresj\u0119\u201d\",\"datePublished\":\"2025-03-13T08:37:41+00:00\",\"dateModified\":\"2025-03-13T08:37:42+00:00\",\"mainEntityOfPage\":{\"@id\":\"https:\\\/\\\/pans.krosno.pl\\\/pielegniarstwo\\\/pracownicy-pans-w-krosnie-uczestnikami-konferencji-uprzedz-depresje\\\/\"},\"wordCount\":187,\"commentCount\":0,\"publisher\":{\"@id\":\"https:\\\/\\\/pans.krosno.pl\\\/pielegniarstwo\\\/#organization\"},\"image\":{\"@id\":\"https:\\\/\\\/pans.krosno.pl\\\/pielegniarstwo\\\/pracownicy-pans-w-krosnie-uczestnikami-konferencji-uprzedz-depresje\\\/#primaryimage\"},\"thumbnailUrl\":\"https:\\\/\\\/pans.krosno.pl\\\/pielegniarstwo\\\/wp-content\\\/uploads\\\/sites\\\/8\\\/2025\\\/03\\\/IMG-20250305-WA0003-1024x768-1-e1741854888379.jpg\",\"inLanguage\":\"pl-PL\",\"potentialAction\":[{\"@type\":\"CommentAction\",\"name\":\"Comment\",\"target\":[\"https:\\\/\\\/pans.krosno.pl\\\/pielegniarstwo\\\/pracownicy-pans-w-krosnie-uczestnikami-konferencji-uprzedz-depresje\\\/#respond\"]}]},{\"@type\":\"WebPage\",\"@id\":\"https:\\\/\\\/pans.krosno.pl\\\/pielegniarstwo\\\/pracownicy-pans-w-krosnie-uczestnikami-konferencji-uprzedz-depresje\\\/\",\"url\":\"https:\\\/\\\/pans.krosno.pl\\\/pielegniarstwo\\\/pracownicy-pans-w-krosnie-uczestnikami-konferencji-uprzedz-depresje\\\/\",\"name\":\"Pracownicy PANS w Kro\u015bnie uczestnikami konferencji \u201eUprzed\u017a depresj\u0119\u201d - Piel\u0119gniarstwo PANS w Kro\u015bnie\",\"isPartOf\":{\"@id\":\"https:\\\/\\\/pans.krosno.pl\\\/pielegniarstwo\\\/#website\"},\"primaryImageOfPage\":{\"@id\":\"https:\\\/\\\/pans.krosno.pl\\\/pielegniarstwo\\\/pracownicy-pans-w-krosnie-uczestnikami-konferencji-uprzedz-depresje\\\/#primaryimage\"},\"image\":{\"@id\":\"https:\\\/\\\/pans.krosno.pl\\\/pielegniarstwo\\\/pracownicy-pans-w-krosnie-uczestnikami-konferencji-uprzedz-depresje\\\/#primaryimage\"},\"thumbnailUrl\":\"https:\\\/\\\/pans.krosno.pl\\\/pielegniarstwo\\\/wp-content\\\/uploads\\\/sites\\\/8\\\/2025\\\/03\\\/IMG-20250305-WA0003-1024x768-1-e1741854888379.jpg\",\"datePublished\":\"2025-03-13T08:37:41+00:00\",\"dateModified\":\"2025-03-13T08:37:42+00:00\",\"breadcrumb\":{\"@id\":\"https:\\\/\\\/pans.krosno.pl\\\/pielegniarstwo\\\/pracownicy-pans-w-krosnie-uczestnikami-konferencji-uprzedz-depresje\\\/#breadcrumb\"},\"inLanguage\":\"pl-PL\",\"potentialAction\":[{\"@type\":\"ReadAction\",\"target\":[\"https:\\\/\\\/pans.krosno.pl\\\/pielegniarstwo\\\/pracownicy-pans-w-krosnie-uczestnikami-konferencji-uprzedz-depresje\\\/\"]}]},{\"@type\":\"ImageObject\",\"inLanguage\":\"pl-PL\",\"@id\":\"https:\\\/\\\/pans.krosno.pl\\\/pielegniarstwo\\\/pracownicy-pans-w-krosnie-uczestnikami-konferencji-uprzedz-depresje\\\/#primaryimage\",\"url\":\"https:\\\/\\\/pans.krosno.pl\\\/pielegniarstwo\\\/wp-content\\\/uploads\\\/sites\\\/8\\\/2025\\\/03\\\/IMG-20250305-WA0003-1024x768-1-e1741854888379.jpg\",\"contentUrl\":\"https:\\\/\\\/pans.krosno.pl\\\/pielegniarstwo\\\/wp-content\\\/uploads\\\/sites\\\/8\\\/2025\\\/03\\\/IMG-20250305-WA0003-1024x768-1-e1741854888379.jpg\",\"width\":877,\"height\":768},{\"@type\":\"BreadcrumbList\",\"@id\":\"https:\\\/\\\/pans.krosno.pl\\\/pielegniarstwo\\\/pracownicy-pans-w-krosnie-uczestnikami-konferencji-uprzedz-depresje\\\/#breadcrumb\",\"itemListElement\":[{\"@type\":\"ListItem\",\"position\":1,\"name\":\"Strona g\u0142\u00f3wna\",\"item\":\"https:\\\/\\\/pans.krosno.pl\\\/pielegniarstwo\\\/\"},{\"@type\":\"ListItem\",\"position\":2,\"name\":\"Pracownicy PANS w Kro\u015bnie uczestnikami konferencji \u201eUprzed\u017a depresj\u0119\u201d\"}]},{\"@type\":\"WebSite\",\"@id\":\"https:\\\/\\\/pans.krosno.pl\\\/pielegniarstwo\\\/#website\",\"url\":\"https:\\\/\\\/pans.krosno.pl\\\/pielegniarstwo\\\/\",\"name\":\"Piel\u0119gniarstwo PANS w Kro\u015bnie\",\"description\":\"Piel\u0119gniarstwo - Pa\u0144stwowa Akademia Nauk Stosowanych\",\"publisher\":{\"@id\":\"https:\\\/\\\/pans.krosno.pl\\\/pielegniarstwo\\\/#organization\"},\"potentialAction\":[{\"@type\":\"SearchAction\",\"target\":{\"@type\":\"EntryPoint\",\"urlTemplate\":\"https:\\\/\\\/pans.krosno.pl\\\/pielegniarstwo\\\/?s={search_term_string}\"},\"query-input\":{\"@type\":\"PropertyValueSpecification\",\"valueRequired\":true,\"valueName\":\"search_term_string\"}}],\"inLanguage\":\"pl-PL\"},{\"@type\":\"Organization\",\"@id\":\"https:\\\/\\\/pans.krosno.pl\\\/pielegniarstwo\\\/#organization\",\"name\":\"Piel\u0119gniarstwo PANS w Kro\u015bnie\",\"url\":\"https:\\\/\\\/pans.krosno.pl\\\/pielegniarstwo\\\/\",\"logo\":{\"@type\":\"ImageObject\",\"inLanguage\":\"pl-PL\",\"@id\":\"https:\\\/\\\/pans.krosno.pl\\\/pielegniarstwo\\\/#\\\/schema\\\/logo\\\/image\\\/\",\"url\":\"https:\\\/\\\/pans.krosno.pl\\\/pielegniarstwo\\\/wp-content\\\/uploads\\\/sites\\\/8\\\/2023\\\/01\\\/Logo-PANS-2022-pelne.png\",\"contentUrl\":\"https:\\\/\\\/pans.krosno.pl\\\/pielegniarstwo\\\/wp-content\\\/uploads\\\/sites\\\/8\\\/2023\\\/01\\\/Logo-PANS-2022-pelne.png\",\"width\":3096,\"height\":696,\"caption\":\"Piel\u0119gniarstwo PANS w Kro\u015bnie\"},\"image\":{\"@id\":\"https:\\\/\\\/pans.krosno.pl\\\/pielegniarstwo\\\/#\\\/schema\\\/logo\\\/image\\\/\"}},{\"@type\":\"Person\",\"@id\":\"https:\\\/\\\/pans.krosno.pl\\\/pielegniarstwo\\\/#\\\/schema\\\/person\\\/735ac1b19cc09a23600b926128459aae\",\"name\":\"Micha\u0142 Wojnar\",\"image\":{\"@type\":\"ImageObject\",\"inLanguage\":\"pl-PL\",\"@id\":\"https:\\\/\\\/secure.gravatar.com\\\/avatar\\\/d51d1fe1774d1967596f6c33495b90e637258ef654efa0c46824a1eb595aac93?s=96&d=mm&r=g\",\"url\":\"https:\\\/\\\/secure.gravatar.com\\\/avatar\\\/d51d1fe1774d1967596f6c33495b90e637258ef654efa0c46824a1eb595aac93?s=96&d=mm&r=g\",\"contentUrl\":\"https:\\\/\\\/secure.gravatar.com\\\/avatar\\\/d51d1fe1774d1967596f6c33495b90e637258ef654efa0c46824a1eb595aac93?s=96&d=mm&r=g\",\"caption\":\"Micha\u0142 Wojnar\"},\"url\":\"https:\\\/\\\/pans.krosno.pl\\\/pielegniarstwo\\\/author\\\/michalwojnar\\\/\"}]}<\/script>\n<!-- \/ Yoast SEO Premium plugin. -->","yoast_head_json":{"title":"Pracownicy PANS w Kro\u015bnie uczestnikami konferencji \u201eUprzed\u017a depresj\u0119\u201d - Piel\u0119gniarstwo PANS w Kro\u015bnie","robots":{"index":"index","follow":"follow","max-snippet":"max-snippet:-1","max-image-preview":"max-image-preview:large","max-video-preview":"max-video-preview:-1"},"canonical":"https:\/\/pans.krosno.pl\/pielegniarstwo\/pracownicy-pans-w-krosnie-uczestnikami-konferencji-uprzedz-depresje\/","og_locale":"pl_PL","og_type":"article","og_title":"Pracownicy PANS w Kro\u015bnie uczestnikami konferencji \u201eUprzed\u017a depresj\u0119\u201d","og_description":"26 lutego 2025 r. nauczyciele PANS w Kro\u015bnie z kierunk\u00f3w Piel\u0119gniarstwo i Pedagogika oraz pracownicy Biura ds. Os\u00f3b z Niepe\u0142nosprawno\u015bciami wzi\u0119li udzia\u0142 w konferencji popularnonaukowej \u201eUprzed\u017a depresj\u0119\u201d organizowanej w Akademii Nauk Stosowanych w Nowym Targu. Konferencja odby\u0142a si\u0119 z okazji Og\u00f3lnopolskiego Dnia Walki z\u00a0Depresj\u0105. Organizatorem konferencji by\u0142 Podhala\u0144ski Szpital Specjalistyczny [\u2026] Read More","og_url":"https:\/\/pans.krosno.pl\/pielegniarstwo\/pracownicy-pans-w-krosnie-uczestnikami-konferencji-uprzedz-depresje\/","og_site_name":"Piel\u0119gniarstwo PANS w Kro\u015bnie","article_published_time":"2025-03-13T08:37:41+00:00","article_modified_time":"2025-03-13T08:37:42+00:00","og_image":[{"width":877,"height":768,"url":"https:\/\/pans.krosno.pl\/pielegniarstwo\/wp-content\/uploads\/sites\/8\/2025\/03\/IMG-20250305-WA0003-1024x768-1-e1741854888379.jpg","type":"image\/jpeg"}],"author":"Micha\u0142 Wojnar","twitter_card":"summary_large_image","twitter_misc":{"Napisane przez":"Micha\u0142 Wojnar","Szacowany czas czytania":"2 minuty"},"schema":{"@context":"https:\/\/schema.org","@graph":[{"@type":"Article","@id":"https:\/\/pans.krosno.pl\/pielegniarstwo\/pracownicy-pans-w-krosnie-uczestnikami-konferencji-uprzedz-depresje\/#article","isPartOf":{"@id":"https:\/\/pans.krosno.pl\/pielegniarstwo\/pracownicy-pans-w-krosnie-uczestnikami-konferencji-uprzedz-depresje\/"},"author":{"name":"Micha\u0142 Wojnar","@id":"https:\/\/pans.krosno.pl\/pielegniarstwo\/#\/schema\/person\/735ac1b19cc09a23600b926128459aae"},"headline":"Pracownicy PANS w Kro\u015bnie uczestnikami konferencji \u201eUprzed\u017a depresj\u0119\u201d","datePublished":"2025-03-13T08:37:41+00:00","dateModified":"2025-03-13T08:37:42+00:00","mainEntityOfPage":{"@id":"https:\/\/pans.krosno.pl\/pielegniarstwo\/pracownicy-pans-w-krosnie-uczestnikami-konferencji-uprzedz-depresje\/"},"wordCount":187,"commentCount":0,"publisher":{"@id":"https:\/\/pans.krosno.pl\/pielegniarstwo\/#organization"},"image":{"@id":"https:\/\/pans.krosno.pl\/pielegniarstwo\/pracownicy-pans-w-krosnie-uczestnikami-konferencji-uprzedz-depresje\/#primaryimage"},"thumbnailUrl":"https:\/\/pans.krosno.pl\/pielegniarstwo\/wp-content\/uploads\/sites\/8\/2025\/03\/IMG-20250305-WA0003-1024x768-1-e1741854888379.jpg","inLanguage":"pl-PL","potentialAction":[{"@type":"CommentAction","name":"Comment","target":["https:\/\/pans.krosno.pl\/pielegniarstwo\/pracownicy-pans-w-krosnie-uczestnikami-konferencji-uprzedz-depresje\/#respond"]}]},{"@type":"WebPage","@id":"https:\/\/pans.krosno.pl\/pielegniarstwo\/pracownicy-pans-w-krosnie-uczestnikami-konferencji-uprzedz-depresje\/","url":"https:\/\/pans.krosno.pl\/pielegniarstwo\/pracownicy-pans-w-krosnie-uczestnikami-konferencji-uprzedz-depresje\/","name":"Pracownicy PANS w Kro\u015bnie uczestnikami konferencji \u201eUprzed\u017a depresj\u0119\u201d - Piel\u0119gniarstwo PANS w Kro\u015bnie","isPartOf":{"@id":"https:\/\/pans.krosno.pl\/pielegniarstwo\/#website"},"primaryImageOfPage":{"@id":"https:\/\/pans.krosno.pl\/pielegniarstwo\/pracownicy-pans-w-krosnie-uczestnikami-konferencji-uprzedz-depresje\/#primaryimage"},"image":{"@id":"https:\/\/pans.krosno.pl\/pielegniarstwo\/pracownicy-pans-w-krosnie-uczestnikami-konferencji-uprzedz-depresje\/#primaryimage"},"thumbnailUrl":"https:\/\/pans.krosno.pl\/pielegniarstwo\/wp-content\/uploads\/sites\/8\/2025\/03\/IMG-20250305-WA0003-1024x768-1-e1741854888379.jpg","datePublished":"2025-03-13T08:37:41+00:00","dateModified":"2025-03-13T08:37:42+00:00","breadcrumb":{"@id":"https:\/\/pans.krosno.pl\/pielegniarstwo\/pracownicy-pans-w-krosnie-uczestnikami-konferencji-uprzedz-depresje\/#breadcrumb"},"inLanguage":"pl-PL","potentialAction":[{"@type":"ReadAction","target":["https:\/\/pans.krosno.pl\/pielegniarstwo\/pracownicy-pans-w-krosnie-uczestnikami-konferencji-uprzedz-depresje\/"]}]},{"@type":"ImageObject","inLanguage":"pl-PL","@id":"https:\/\/pans.krosno.pl\/pielegniarstwo\/pracownicy-pans-w-krosnie-uczestnikami-konferencji-uprzedz-depresje\/#primaryimage","url":"https:\/\/pans.krosno.pl\/pielegniarstwo\/wp-content\/uploads\/sites\/8\/2025\/03\/IMG-20250305-WA0003-1024x768-1-e1741854888379.jpg","contentUrl":"https:\/\/pans.krosno.pl\/pielegniarstwo\/wp-content\/uploads\/sites\/8\/2025\/03\/IMG-20250305-WA0003-1024x768-1-e1741854888379.jpg","width":877,"height":768},{"@type":"BreadcrumbList","@id":"https:\/\/pans.krosno.pl\/pielegniarstwo\/pracownicy-pans-w-krosnie-uczestnikami-konferencji-uprzedz-depresje\/#breadcrumb","itemListElement":[{"@type":"ListItem","position":1,"name":"Strona g\u0142\u00f3wna","item":"https:\/\/pans.krosno.pl\/pielegniarstwo\/"},{"@type":"ListItem","position":2,"name":"Pracownicy PANS w Kro\u015bnie uczestnikami konferencji \u201eUprzed\u017a depresj\u0119\u201d"}]},{"@type":"WebSite","@id":"https:\/\/pans.krosno.pl\/pielegniarstwo\/#website","url":"https:\/\/pans.krosno.pl\/pielegniarstwo\/","name":"Piel\u0119gniarstwo PANS w Kro\u015bnie","description":"Piel\u0119gniarstwo - Pa\u0144stwowa Akademia Nauk Stosowanych","publisher":{"@id":"https:\/\/pans.krosno.pl\/pielegniarstwo\/#organization"},"potentialAction":[{"@type":"SearchAction","target":{"@type":"EntryPoint","urlTemplate":"https:\/\/pans.krosno.pl\/pielegniarstwo\/?s={search_term_string}"},"query-input":{"@type":"PropertyValueSpecification","valueRequired":true,"valueName":"search_term_string"}}],"inLanguage":"pl-PL"},{"@type":"Organization","@id":"https:\/\/pans.krosno.pl\/pielegniarstwo\/#organization","name":"Piel\u0119gniarstwo PANS w Kro\u015bnie","url":"https:\/\/pans.krosno.pl\/pielegniarstwo\/","logo":{"@type":"ImageObject","inLanguage":"pl-PL","@id":"https:\/\/pans.krosno.pl\/pielegniarstwo\/#\/schema\/logo\/image\/","url":"https:\/\/pans.krosno.pl\/pielegniarstwo\/wp-content\/uploads\/sites\/8\/2023\/01\/Logo-PANS-2022-pelne.png","contentUrl":"https:\/\/pans.krosno.pl\/pielegniarstwo\/wp-content\/uploads\/sites\/8\/2023\/01\/Logo-PANS-2022-pelne.png","width":3096,"height":696,"caption":"Piel\u0119gniarstwo PANS w Kro\u015bnie"},"image":{"@id":"https:\/\/pans.krosno.pl\/pielegniarstwo\/#\/schema\/logo\/image\/"}},{"@type":"Person","@id":"https:\/\/pans.krosno.pl\/pielegniarstwo\/#\/schema\/person\/735ac1b19cc09a23600b926128459aae","name":"Micha\u0142 Wojnar","image":{"@type":"ImageObject","inLanguage":"pl-PL","@id":"https:\/\/secure.gravatar.com\/avatar\/d51d1fe1774d1967596f6c33495b90e637258ef654efa0c46824a1eb595aac93?s=96&d=mm&r=g","url":"https:\/\/secure.gravatar.com\/avatar\/d51d1fe1774d1967596f6c33495b90e637258ef654efa0c46824a1eb595aac93?s=96&d=mm&r=g","contentUrl":"https:\/\/secure.gravatar.com\/avatar\/d51d1fe1774d1967596f6c33495b90e637258ef654efa0c46824a1eb595aac93?s=96&d=mm&r=g","caption":"Micha\u0142 Wojnar"},"url":"https:\/\/pans.krosno.pl\/pielegniarstwo\/author\/michalwojnar\/"}]}},"_links":{"self":[{"href":"https:\/\/pans.krosno.pl\/pielegniarstwo\/wp-json\/wp\/v2\/posts\/5761","targetHints":{"allow":["GET"]}}],"collection":[{"href":"https:\/\/pans.krosno.pl\/pielegniarstwo\/wp-json\/wp\/v2\/posts"}],"about":[{"href":"https:\/\/pans.krosno.pl\/pielegniarstwo\/wp-json\/wp\/v2\/types\/post"}],"author":[{"embeddable":true,"href":"https:\/\/pans.krosno.pl\/pielegniarstwo\/wp-json\/wp\/v2\/users\/95"}],"replies":[{"embeddable":true,"href":"https:\/\/pans.krosno.pl\/pielegniarstwo\/wp-json\/wp\/v2\/comments?post=5761"}],"version-history":[{"count":1,"href":"https:\/\/pans.krosno.pl\/pielegniarstwo\/wp-json\/wp\/v2\/posts\/5761\/revisions"}],"predecessor-version":[{"id":5763,"href":"https:\/\/pans.krosno.pl\/pielegniarstwo\/wp-json\/wp\/v2\/posts\/5761\/revisions\/5763"}],"wp:featuredmedia":[{"embeddable":true,"href":"https:\/\/pans.krosno.pl\/pielegniarstwo\/wp-json\/wp\/v2\/media\/5762"}],"wp:attachment":[{"href":"https:\/\/pans.krosno.pl\/pielegniarstwo\/wp-json\/wp\/v2\/media?parent=5761"}],"wp:term":[{"taxonomy":"category","embeddable":true,"href":"https:\/\/pans.krosno.pl\/pielegniarstwo\/wp-json\/wp\/v2\/categories?post=5761"},{"taxonomy":"post_tag","embeddable":true,"href":"https:\/\/pans.krosno.pl\/pielegniarstwo\/wp-json\/wp\/v2\/tags?post=5761"}],"curies":[{"name":"wp","href":"https:\/\/api.w.org\/{rel}","templated":true}]}}