{"id":5600,"date":"2025-01-29T20:41:21","date_gmt":"2025-01-29T19:41:21","guid":{"rendered":"https:\/\/pans.krosno.pl\/pielegniarstwo\/?p=5600"},"modified":"2025-02-02T19:45:55","modified_gmt":"2025-02-02T18:45:55","slug":"xv-olimpiada-pielegniarska-im-dr-janiny-fetlinskiej","status":"publish","type":"post","link":"https:\/\/pans.krosno.pl\/pielegniarstwo\/xv-olimpiada-pielegniarska-im-dr-janiny-fetlinskiej\/","title":{"rendered":"XV Olimpiada Piel\u0119gniarska im. dr Janiny Fetli\u0144skiej"},"content":{"rendered":"\n<p>Serdecznie zapraszamy <strong>student\u00f3w III roku piel\u0119gniarstwa<\/strong><strong>,<\/strong> studi\u00f3w stacjonarnych pierwszego stopnia, do udzia\u0142u w <strong>XV Olimpiadzie Piel\u0119gniarskiej im. dr Janiny Fetli\u0144skiej.<\/strong><\/p>\n\n\n\n<figure class=\"wp-block-image aligncenter size-large\"><img loading=\"lazy\" decoding=\"async\" width=\"724\" height=\"1024\" src=\"https:\/\/pans.krosno.pl\/pielegniarstwo\/wp-content\/uploads\/sites\/8\/2025\/01\/PLAKAT_Olimpiada-Pielegniarska-2025_page-0001-1-724x1024.jpg\" alt=\"\" class=\"wp-image-5680\" srcset=\"https:\/\/pans.krosno.pl\/pielegniarstwo\/wp-content\/uploads\/sites\/8\/2025\/01\/PLAKAT_Olimpiada-Pielegniarska-2025_page-0001-1-724x1024.jpg 724w, https:\/\/pans.krosno.pl\/pielegniarstwo\/wp-content\/uploads\/sites\/8\/2025\/01\/PLAKAT_Olimpiada-Pielegniarska-2025_page-0001-1-212x300.jpg 212w, https:\/\/pans.krosno.pl\/pielegniarstwo\/wp-content\/uploads\/sites\/8\/2025\/01\/PLAKAT_Olimpiada-Pielegniarska-2025_page-0001-1-768x1086.jpg 768w, https:\/\/pans.krosno.pl\/pielegniarstwo\/wp-content\/uploads\/sites\/8\/2025\/01\/PLAKAT_Olimpiada-Pielegniarska-2025_page-0001-1-1086x1536.jpg 1086w, https:\/\/pans.krosno.pl\/pielegniarstwo\/wp-content\/uploads\/sites\/8\/2025\/01\/PLAKAT_Olimpiada-Pielegniarska-2025_page-0001-1-800x1131.jpg 800w, https:\/\/pans.krosno.pl\/pielegniarstwo\/wp-content\/uploads\/sites\/8\/2025\/01\/PLAKAT_Olimpiada-Pielegniarska-2025_page-0001-1-580x820.jpg 580w, https:\/\/pans.krosno.pl\/pielegniarstwo\/wp-content\/uploads\/sites\/8\/2025\/01\/PLAKAT_Olimpiada-Pielegniarska-2025_page-0001-1.jpg 1241w\" sizes=\"auto, (max-width: 724px) 100vw, 724px\" \/><\/figure>\n\n\n\n<p><strong>Olimpiada Piel\u0119gniarska przebiega w trzech etapach:<\/strong><\/p>\n\n\n\n<ol style=\"list-style-type:lower-alpha\" class=\"wp-block-list\">\n<li>I etap w formie pisemnej &#8211; test jednokrotnego wyboru<\/li>\n\n\n\n<li>II etap w formie praktycznej \u2013 wykonanie procedury piel\u0119gniarskiej w warunkach symulowanych oraz przedstawienie diagnoz piel\u0119gniarskich i zaproponowanie odpowiednich interwencji adekwatnych do wylosowanego opisu przypadku klinicznego pacjenta<\/li>\n\n\n\n<li>III etap \u2013 prezentacja multimedialna.&nbsp;&nbsp;<\/li>\n<\/ol>\n\n\n\n<hr class=\"wp-block-separator has-alpha-channel-opacity\" \/>\n\n\n\n<p><strong>I etap Olimpiady Piel\u0119gniarskiej odbywa si\u0119<\/strong> r\u00f3wnocze\u015bnie we wszystkich uczelniach bior\u0105cych udzia\u0142 w XV Jubileuszowej Olimpiadzie Piel\u0119gniarskiej <strong>w dniu 04.03.2025 r., godz. 8.30 \u2013 9.30.<\/strong><\/p>\n\n\n\n<p>Test sk\u0142ada si\u0119 z 60 pyta\u0144 zamkni\u0119tych z czterema dystraktorami.<\/p>\n\n\n\n<p>Zakres tematyczny testu odpowiada efektom uczenia si\u0119 z przedmiot\u00f3w:<\/p>\n\n\n\n<ul class=\"wp-block-list\">\n<li>Podstawy piel\u0119gniarstwa<\/li>\n\n\n\n<li>Choroby wewn\u0119trzne i piel\u0119gniarstwo internistyczne<\/li>\n\n\n\n<li>Chirurgia i piel\u0119gniarstwo chirurgiczne<\/li>\n\n\n\n<li>Pediatria i piel\u0119gniarstwo pediatryczne<\/li>\n\n\n\n<li>Podstawowa opieka zdrowotna<\/li>\n\n\n\n<li>Geriatria i piel\u0119gniarstwo geriatryczne<\/li>\n<\/ul>\n\n\n\n<hr class=\"wp-block-separator has-alpha-channel-opacity\" \/>\n\n\n\n<p><strong>II etap Olimpiady odbywa si\u0119<\/strong> r\u00f3wnocze\u015bnie we wszystkich uczelniach bior\u0105cych udzia\u0142 w Olimpiadzie <strong>w dniu 08.04.2025 r., godz. 10.00.<\/strong><\/p>\n\n\n\n<p>II etap polega na wykonaniu jednej z podstawowych, najbardziej uniwersalnych procedur piel\u0119gniarskich w oparciu o wylosowane studium przypadku z jednej z dziedzin piel\u0119gniarstwa, w tym: piel\u0119gniarstwa chirurgicznego, internistycznego, pediatrycznego, geriatrycznego oraz przedstawieniu diagnoz piel\u0119gniarskich i zaproponowaniu interwencji adekwatnych do wylosowanego opisu przypadku klinicznego pacjenta.<br>II etap realizowany jest w Centrum Symulacji Medycznej.<\/p>\n\n\n\n<hr class=\"wp-block-separator has-alpha-channel-opacity\" \/>\n\n\n\n<p>III etap Olimpiady Piel\u0119gniarskiej \u2013 fina\u0142 \u2013 odb\u0119dzie si\u0119 w <strong>dniu 16.05.2025 r.<\/strong><\/p>\n\n\n\n<p>Za organizacj\u0119 III etapu XV Jubileuszowej Olimpiady Piel\u0119gniarskiej odpowiada Instytut Nauk o Zdrowiu Collegium Salutis Humanae Uniwersytet Opolski. Fina\u0142owy etap Olimpiady Piel\u0119gniarskiej polega na przedstawieniu przez uczestnik\u00f3w prezentacji multimedialnej.<\/p>\n\n\n\n<p>Szczeg\u00f3\u0142owe informacje dotycz\u0105ce Olimpiady zawiera za\u0142\u0105czony<br><a href=\"https:\/\/pans.krosno.pl\/pielegniarstwo\/wp-content\/uploads\/sites\/8\/2025\/01\/Regulamin-XV-Jubileuszowa-Olimpiada-Pielegniarska_2025.pdf\"><strong>Regulamin XV Jubileuszowej Mi\u0119dzyuczelnianej Olimpiady Piel\u0119gniarskiej<\/strong> <strong>im. dr Janiny Fetli\u0144skiej<\/strong><\/a><strong>.<\/strong><\/p>\n","protected":false},"excerpt":{"rendered":"<p>Serdecznie zapraszamy student\u00f3w III roku piel\u0119gniarstwa, studi\u00f3w stacjonarnych pierwszego stopnia, do udzia\u0142u w XV Olimpiadzie Piel\u0119gniarskiej im. dr Janiny Fetli\u0144skiej. Olimpiada Piel\u0119gniarska przebiega w trzech etapach: I etap Olimpiady Piel\u0119gniarskiej odbywa si\u0119 r\u00f3wnocze\u015bnie we wszystkich uczelniach bior\u0105cych udzia\u0142 w XV Jubileuszowej Olimpiadzie Piel\u0119gniarskiej w dniu 04.03.2025 r., godz. 8.30 \u2013 [\u2026] <\/p>\n<div class=\"clear\"><\/div>\n<p><a class=\"more_link clearfix\" href=\"https:\/\/pans.krosno.pl\/pielegniarstwo\/xv-olimpiada-pielegniarska-im-dr-janiny-fetlinskiej\/\" rel=\"nofollow\">Read More<\/a><\/p>\n","protected":false},"author":95,"featured_media":5602,"comment_status":"open","ping_status":"open","sticky":false,"template":"","format":"standard","meta":{"ngg_post_thumbnail":0,"footnotes":""},"categories":[1],"tags":[],"class_list":["post-5600","post","type-post","status-publish","format-standard","has-post-thumbnail","hentry","category-bez-kategorii"],"yoast_head":"<!-- This site is optimized with the Yoast SEO Premium plugin v27.4 (Yoast SEO v27.4) - https:\/\/yoast.com\/product\/yoast-seo-premium-wordpress\/ -->\n<title>XV Olimpiada Piel\u0119gniarska im. dr Janiny Fetli\u0144skiej - Piel\u0119gniarstwo PANS w Kro\u015bnie<\/title>\n<meta name=\"robots\" content=\"index, follow, max-snippet:-1, max-image-preview:large, max-video-preview:-1\" \/>\n<link rel=\"canonical\" href=\"https:\/\/pans.krosno.pl\/pielegniarstwo\/xv-olimpiada-pielegniarska-im-dr-janiny-fetlinskiej\/\" \/>\n<meta property=\"og:locale\" content=\"pl_PL\" \/>\n<meta property=\"og:type\" content=\"article\" \/>\n<meta property=\"og:title\" content=\"XV Olimpiada Piel\u0119gniarska im. dr Janiny Fetli\u0144skiej\" \/>\n<meta property=\"og:description\" content=\"Serdecznie zapraszamy student\u00f3w III roku piel\u0119gniarstwa, studi\u00f3w stacjonarnych pierwszego stopnia, do udzia\u0142u w XV Olimpiadzie Piel\u0119gniarskiej im. dr Janiny Fetli\u0144skiej. Olimpiada Piel\u0119gniarska przebiega w trzech etapach: I etap Olimpiady Piel\u0119gniarskiej odbywa si\u0119 r\u00f3wnocze\u015bnie we wszystkich uczelniach bior\u0105cych udzia\u0142 w XV Jubileuszowej Olimpiadzie Piel\u0119gniarskiej w dniu 04.03.2025 r., godz. 8.30 \u2013 [\u2026] Read More\" \/>\n<meta property=\"og:url\" content=\"https:\/\/pans.krosno.pl\/pielegniarstwo\/xv-olimpiada-pielegniarska-im-dr-janiny-fetlinskiej\/\" \/>\n<meta property=\"og:site_name\" content=\"Piel\u0119gniarstwo PANS w Kro\u015bnie\" \/>\n<meta property=\"article:published_time\" content=\"2025-01-29T19:41:21+00:00\" \/>\n<meta property=\"article:modified_time\" content=\"2025-02-02T18:45:55+00:00\" \/>\n<meta property=\"og:image\" content=\"https:\/\/pans.krosno.pl\/pielegniarstwo\/wp-content\/uploads\/sites\/8\/2025\/01\/PLAKAT_Olimpiada-Pielegniarska-2025_page-0001.jpg\" \/>\n\t<meta property=\"og:image:width\" content=\"1241\" \/>\n\t<meta property=\"og:image:height\" content=\"1755\" \/>\n\t<meta property=\"og:image:type\" content=\"image\/jpeg\" \/>\n<meta name=\"author\" content=\"Micha\u0142 Wojnar\" \/>\n<meta name=\"twitter:card\" content=\"summary_large_image\" \/>\n<meta name=\"twitter:label1\" content=\"Napisane przez\" \/>\n\t<meta name=\"twitter:data1\" content=\"Micha\u0142 Wojnar\" \/>\n\t<meta name=\"twitter:label2\" content=\"Szacowany czas czytania\" \/>\n\t<meta name=\"twitter:data2\" content=\"2 minuty\" \/>\n<script type=\"application\/ld+json\" class=\"yoast-schema-graph\">{\"@context\":\"https:\\\/\\\/schema.org\",\"@graph\":[{\"@type\":\"Article\",\"@id\":\"https:\\\/\\\/pans.krosno.pl\\\/pielegniarstwo\\\/xv-olimpiada-pielegniarska-im-dr-janiny-fetlinskiej\\\/#article\",\"isPartOf\":{\"@id\":\"https:\\\/\\\/pans.krosno.pl\\\/pielegniarstwo\\\/xv-olimpiada-pielegniarska-im-dr-janiny-fetlinskiej\\\/\"},\"author\":{\"name\":\"Micha\u0142 Wojnar\",\"@id\":\"https:\\\/\\\/pans.krosno.pl\\\/pielegniarstwo\\\/#\\\/schema\\\/person\\\/735ac1b19cc09a23600b926128459aae\"},\"headline\":\"XV Olimpiada Piel\u0119gniarska im. dr Janiny Fetli\u0144skiej\",\"datePublished\":\"2025-01-29T19:41:21+00:00\",\"dateModified\":\"2025-02-02T18:45:55+00:00\",\"mainEntityOfPage\":{\"@id\":\"https:\\\/\\\/pans.krosno.pl\\\/pielegniarstwo\\\/xv-olimpiada-pielegniarska-im-dr-janiny-fetlinskiej\\\/\"},\"wordCount\":303,\"commentCount\":0,\"publisher\":{\"@id\":\"https:\\\/\\\/pans.krosno.pl\\\/pielegniarstwo\\\/#organization\"},\"image\":{\"@id\":\"https:\\\/\\\/pans.krosno.pl\\\/pielegniarstwo\\\/xv-olimpiada-pielegniarska-im-dr-janiny-fetlinskiej\\\/#primaryimage\"},\"thumbnailUrl\":\"https:\\\/\\\/pans.krosno.pl\\\/pielegniarstwo\\\/wp-content\\\/uploads\\\/sites\\\/8\\\/2025\\\/01\\\/PLAKAT_Olimpiada-Pielegniarska-2025_page-0001.jpg\",\"inLanguage\":\"pl-PL\",\"potentialAction\":[{\"@type\":\"CommentAction\",\"name\":\"Comment\",\"target\":[\"https:\\\/\\\/pans.krosno.pl\\\/pielegniarstwo\\\/xv-olimpiada-pielegniarska-im-dr-janiny-fetlinskiej\\\/#respond\"]}]},{\"@type\":\"WebPage\",\"@id\":\"https:\\\/\\\/pans.krosno.pl\\\/pielegniarstwo\\\/xv-olimpiada-pielegniarska-im-dr-janiny-fetlinskiej\\\/\",\"url\":\"https:\\\/\\\/pans.krosno.pl\\\/pielegniarstwo\\\/xv-olimpiada-pielegniarska-im-dr-janiny-fetlinskiej\\\/\",\"name\":\"XV Olimpiada Piel\u0119gniarska im. dr Janiny Fetli\u0144skiej - Piel\u0119gniarstwo PANS w Kro\u015bnie\",\"isPartOf\":{\"@id\":\"https:\\\/\\\/pans.krosno.pl\\\/pielegniarstwo\\\/#website\"},\"primaryImageOfPage\":{\"@id\":\"https:\\\/\\\/pans.krosno.pl\\\/pielegniarstwo\\\/xv-olimpiada-pielegniarska-im-dr-janiny-fetlinskiej\\\/#primaryimage\"},\"image\":{\"@id\":\"https:\\\/\\\/pans.krosno.pl\\\/pielegniarstwo\\\/xv-olimpiada-pielegniarska-im-dr-janiny-fetlinskiej\\\/#primaryimage\"},\"thumbnailUrl\":\"https:\\\/\\\/pans.krosno.pl\\\/pielegniarstwo\\\/wp-content\\\/uploads\\\/sites\\\/8\\\/2025\\\/01\\\/PLAKAT_Olimpiada-Pielegniarska-2025_page-0001.jpg\",\"datePublished\":\"2025-01-29T19:41:21+00:00\",\"dateModified\":\"2025-02-02T18:45:55+00:00\",\"breadcrumb\":{\"@id\":\"https:\\\/\\\/pans.krosno.pl\\\/pielegniarstwo\\\/xv-olimpiada-pielegniarska-im-dr-janiny-fetlinskiej\\\/#breadcrumb\"},\"inLanguage\":\"pl-PL\",\"potentialAction\":[{\"@type\":\"ReadAction\",\"target\":[\"https:\\\/\\\/pans.krosno.pl\\\/pielegniarstwo\\\/xv-olimpiada-pielegniarska-im-dr-janiny-fetlinskiej\\\/\"]}]},{\"@type\":\"ImageObject\",\"inLanguage\":\"pl-PL\",\"@id\":\"https:\\\/\\\/pans.krosno.pl\\\/pielegniarstwo\\\/xv-olimpiada-pielegniarska-im-dr-janiny-fetlinskiej\\\/#primaryimage\",\"url\":\"https:\\\/\\\/pans.krosno.pl\\\/pielegniarstwo\\\/wp-content\\\/uploads\\\/sites\\\/8\\\/2025\\\/01\\\/PLAKAT_Olimpiada-Pielegniarska-2025_page-0001.jpg\",\"contentUrl\":\"https:\\\/\\\/pans.krosno.pl\\\/pielegniarstwo\\\/wp-content\\\/uploads\\\/sites\\\/8\\\/2025\\\/01\\\/PLAKAT_Olimpiada-Pielegniarska-2025_page-0001.jpg\",\"width\":1241,\"height\":1755},{\"@type\":\"BreadcrumbList\",\"@id\":\"https:\\\/\\\/pans.krosno.pl\\\/pielegniarstwo\\\/xv-olimpiada-pielegniarska-im-dr-janiny-fetlinskiej\\\/#breadcrumb\",\"itemListElement\":[{\"@type\":\"ListItem\",\"position\":1,\"name\":\"Strona g\u0142\u00f3wna\",\"item\":\"https:\\\/\\\/pans.krosno.pl\\\/pielegniarstwo\\\/\"},{\"@type\":\"ListItem\",\"position\":2,\"name\":\"XV Olimpiada Piel\u0119gniarska im. dr Janiny Fetli\u0144skiej\"}]},{\"@type\":\"WebSite\",\"@id\":\"https:\\\/\\\/pans.krosno.pl\\\/pielegniarstwo\\\/#website\",\"url\":\"https:\\\/\\\/pans.krosno.pl\\\/pielegniarstwo\\\/\",\"name\":\"Piel\u0119gniarstwo PANS w Kro\u015bnie\",\"description\":\"Piel\u0119gniarstwo - Pa\u0144stwowa Akademia Nauk Stosowanych\",\"publisher\":{\"@id\":\"https:\\\/\\\/pans.krosno.pl\\\/pielegniarstwo\\\/#organization\"},\"potentialAction\":[{\"@type\":\"SearchAction\",\"target\":{\"@type\":\"EntryPoint\",\"urlTemplate\":\"https:\\\/\\\/pans.krosno.pl\\\/pielegniarstwo\\\/?s={search_term_string}\"},\"query-input\":{\"@type\":\"PropertyValueSpecification\",\"valueRequired\":true,\"valueName\":\"search_term_string\"}}],\"inLanguage\":\"pl-PL\"},{\"@type\":\"Organization\",\"@id\":\"https:\\\/\\\/pans.krosno.pl\\\/pielegniarstwo\\\/#organization\",\"name\":\"Piel\u0119gniarstwo PANS w Kro\u015bnie\",\"url\":\"https:\\\/\\\/pans.krosno.pl\\\/pielegniarstwo\\\/\",\"logo\":{\"@type\":\"ImageObject\",\"inLanguage\":\"pl-PL\",\"@id\":\"https:\\\/\\\/pans.krosno.pl\\\/pielegniarstwo\\\/#\\\/schema\\\/logo\\\/image\\\/\",\"url\":\"https:\\\/\\\/pans.krosno.pl\\\/pielegniarstwo\\\/wp-content\\\/uploads\\\/sites\\\/8\\\/2023\\\/01\\\/Logo-PANS-2022-pelne.png\",\"contentUrl\":\"https:\\\/\\\/pans.krosno.pl\\\/pielegniarstwo\\\/wp-content\\\/uploads\\\/sites\\\/8\\\/2023\\\/01\\\/Logo-PANS-2022-pelne.png\",\"width\":3096,\"height\":696,\"caption\":\"Piel\u0119gniarstwo PANS w Kro\u015bnie\"},\"image\":{\"@id\":\"https:\\\/\\\/pans.krosno.pl\\\/pielegniarstwo\\\/#\\\/schema\\\/logo\\\/image\\\/\"}},{\"@type\":\"Person\",\"@id\":\"https:\\\/\\\/pans.krosno.pl\\\/pielegniarstwo\\\/#\\\/schema\\\/person\\\/735ac1b19cc09a23600b926128459aae\",\"name\":\"Micha\u0142 Wojnar\",\"image\":{\"@type\":\"ImageObject\",\"inLanguage\":\"pl-PL\",\"@id\":\"https:\\\/\\\/secure.gravatar.com\\\/avatar\\\/d51d1fe1774d1967596f6c33495b90e637258ef654efa0c46824a1eb595aac93?s=96&d=mm&r=g\",\"url\":\"https:\\\/\\\/secure.gravatar.com\\\/avatar\\\/d51d1fe1774d1967596f6c33495b90e637258ef654efa0c46824a1eb595aac93?s=96&d=mm&r=g\",\"contentUrl\":\"https:\\\/\\\/secure.gravatar.com\\\/avatar\\\/d51d1fe1774d1967596f6c33495b90e637258ef654efa0c46824a1eb595aac93?s=96&d=mm&r=g\",\"caption\":\"Micha\u0142 Wojnar\"},\"url\":\"https:\\\/\\\/pans.krosno.pl\\\/pielegniarstwo\\\/author\\\/michalwojnar\\\/\"}]}<\/script>\n<!-- \/ Yoast SEO Premium plugin. -->","yoast_head_json":{"title":"XV Olimpiada Piel\u0119gniarska im. dr Janiny Fetli\u0144skiej - Piel\u0119gniarstwo PANS w Kro\u015bnie","robots":{"index":"index","follow":"follow","max-snippet":"max-snippet:-1","max-image-preview":"max-image-preview:large","max-video-preview":"max-video-preview:-1"},"canonical":"https:\/\/pans.krosno.pl\/pielegniarstwo\/xv-olimpiada-pielegniarska-im-dr-janiny-fetlinskiej\/","og_locale":"pl_PL","og_type":"article","og_title":"XV Olimpiada Piel\u0119gniarska im. dr Janiny Fetli\u0144skiej","og_description":"Serdecznie zapraszamy student\u00f3w III roku piel\u0119gniarstwa, studi\u00f3w stacjonarnych pierwszego stopnia, do udzia\u0142u w XV Olimpiadzie Piel\u0119gniarskiej im. dr Janiny Fetli\u0144skiej. Olimpiada Piel\u0119gniarska przebiega w trzech etapach: I etap Olimpiady Piel\u0119gniarskiej odbywa si\u0119 r\u00f3wnocze\u015bnie we wszystkich uczelniach bior\u0105cych udzia\u0142 w XV Jubileuszowej Olimpiadzie Piel\u0119gniarskiej w dniu 04.03.2025 r., godz. 8.30 \u2013 [\u2026] Read More","og_url":"https:\/\/pans.krosno.pl\/pielegniarstwo\/xv-olimpiada-pielegniarska-im-dr-janiny-fetlinskiej\/","og_site_name":"Piel\u0119gniarstwo PANS w Kro\u015bnie","article_published_time":"2025-01-29T19:41:21+00:00","article_modified_time":"2025-02-02T18:45:55+00:00","og_image":[{"width":1241,"height":1755,"url":"https:\/\/pans.krosno.pl\/pielegniarstwo\/wp-content\/uploads\/sites\/8\/2025\/01\/PLAKAT_Olimpiada-Pielegniarska-2025_page-0001.jpg","type":"image\/jpeg"}],"author":"Micha\u0142 Wojnar","twitter_card":"summary_large_image","twitter_misc":{"Napisane przez":"Micha\u0142 Wojnar","Szacowany czas czytania":"2 minuty"},"schema":{"@context":"https:\/\/schema.org","@graph":[{"@type":"Article","@id":"https:\/\/pans.krosno.pl\/pielegniarstwo\/xv-olimpiada-pielegniarska-im-dr-janiny-fetlinskiej\/#article","isPartOf":{"@id":"https:\/\/pans.krosno.pl\/pielegniarstwo\/xv-olimpiada-pielegniarska-im-dr-janiny-fetlinskiej\/"},"author":{"name":"Micha\u0142 Wojnar","@id":"https:\/\/pans.krosno.pl\/pielegniarstwo\/#\/schema\/person\/735ac1b19cc09a23600b926128459aae"},"headline":"XV Olimpiada Piel\u0119gniarska im. dr Janiny Fetli\u0144skiej","datePublished":"2025-01-29T19:41:21+00:00","dateModified":"2025-02-02T18:45:55+00:00","mainEntityOfPage":{"@id":"https:\/\/pans.krosno.pl\/pielegniarstwo\/xv-olimpiada-pielegniarska-im-dr-janiny-fetlinskiej\/"},"wordCount":303,"commentCount":0,"publisher":{"@id":"https:\/\/pans.krosno.pl\/pielegniarstwo\/#organization"},"image":{"@id":"https:\/\/pans.krosno.pl\/pielegniarstwo\/xv-olimpiada-pielegniarska-im-dr-janiny-fetlinskiej\/#primaryimage"},"thumbnailUrl":"https:\/\/pans.krosno.pl\/pielegniarstwo\/wp-content\/uploads\/sites\/8\/2025\/01\/PLAKAT_Olimpiada-Pielegniarska-2025_page-0001.jpg","inLanguage":"pl-PL","potentialAction":[{"@type":"CommentAction","name":"Comment","target":["https:\/\/pans.krosno.pl\/pielegniarstwo\/xv-olimpiada-pielegniarska-im-dr-janiny-fetlinskiej\/#respond"]}]},{"@type":"WebPage","@id":"https:\/\/pans.krosno.pl\/pielegniarstwo\/xv-olimpiada-pielegniarska-im-dr-janiny-fetlinskiej\/","url":"https:\/\/pans.krosno.pl\/pielegniarstwo\/xv-olimpiada-pielegniarska-im-dr-janiny-fetlinskiej\/","name":"XV Olimpiada Piel\u0119gniarska im. dr Janiny Fetli\u0144skiej - Piel\u0119gniarstwo PANS w Kro\u015bnie","isPartOf":{"@id":"https:\/\/pans.krosno.pl\/pielegniarstwo\/#website"},"primaryImageOfPage":{"@id":"https:\/\/pans.krosno.pl\/pielegniarstwo\/xv-olimpiada-pielegniarska-im-dr-janiny-fetlinskiej\/#primaryimage"},"image":{"@id":"https:\/\/pans.krosno.pl\/pielegniarstwo\/xv-olimpiada-pielegniarska-im-dr-janiny-fetlinskiej\/#primaryimage"},"thumbnailUrl":"https:\/\/pans.krosno.pl\/pielegniarstwo\/wp-content\/uploads\/sites\/8\/2025\/01\/PLAKAT_Olimpiada-Pielegniarska-2025_page-0001.jpg","datePublished":"2025-01-29T19:41:21+00:00","dateModified":"2025-02-02T18:45:55+00:00","breadcrumb":{"@id":"https:\/\/pans.krosno.pl\/pielegniarstwo\/xv-olimpiada-pielegniarska-im-dr-janiny-fetlinskiej\/#breadcrumb"},"inLanguage":"pl-PL","potentialAction":[{"@type":"ReadAction","target":["https:\/\/pans.krosno.pl\/pielegniarstwo\/xv-olimpiada-pielegniarska-im-dr-janiny-fetlinskiej\/"]}]},{"@type":"ImageObject","inLanguage":"pl-PL","@id":"https:\/\/pans.krosno.pl\/pielegniarstwo\/xv-olimpiada-pielegniarska-im-dr-janiny-fetlinskiej\/#primaryimage","url":"https:\/\/pans.krosno.pl\/pielegniarstwo\/wp-content\/uploads\/sites\/8\/2025\/01\/PLAKAT_Olimpiada-Pielegniarska-2025_page-0001.jpg","contentUrl":"https:\/\/pans.krosno.pl\/pielegniarstwo\/wp-content\/uploads\/sites\/8\/2025\/01\/PLAKAT_Olimpiada-Pielegniarska-2025_page-0001.jpg","width":1241,"height":1755},{"@type":"BreadcrumbList","@id":"https:\/\/pans.krosno.pl\/pielegniarstwo\/xv-olimpiada-pielegniarska-im-dr-janiny-fetlinskiej\/#breadcrumb","itemListElement":[{"@type":"ListItem","position":1,"name":"Strona g\u0142\u00f3wna","item":"https:\/\/pans.krosno.pl\/pielegniarstwo\/"},{"@type":"ListItem","position":2,"name":"XV Olimpiada Piel\u0119gniarska im. dr Janiny Fetli\u0144skiej"}]},{"@type":"WebSite","@id":"https:\/\/pans.krosno.pl\/pielegniarstwo\/#website","url":"https:\/\/pans.krosno.pl\/pielegniarstwo\/","name":"Piel\u0119gniarstwo PANS w Kro\u015bnie","description":"Piel\u0119gniarstwo - Pa\u0144stwowa Akademia Nauk Stosowanych","publisher":{"@id":"https:\/\/pans.krosno.pl\/pielegniarstwo\/#organization"},"potentialAction":[{"@type":"SearchAction","target":{"@type":"EntryPoint","urlTemplate":"https:\/\/pans.krosno.pl\/pielegniarstwo\/?s={search_term_string}"},"query-input":{"@type":"PropertyValueSpecification","valueRequired":true,"valueName":"search_term_string"}}],"inLanguage":"pl-PL"},{"@type":"Organization","@id":"https:\/\/pans.krosno.pl\/pielegniarstwo\/#organization","name":"Piel\u0119gniarstwo PANS w Kro\u015bnie","url":"https:\/\/pans.krosno.pl\/pielegniarstwo\/","logo":{"@type":"ImageObject","inLanguage":"pl-PL","@id":"https:\/\/pans.krosno.pl\/pielegniarstwo\/#\/schema\/logo\/image\/","url":"https:\/\/pans.krosno.pl\/pielegniarstwo\/wp-content\/uploads\/sites\/8\/2023\/01\/Logo-PANS-2022-pelne.png","contentUrl":"https:\/\/pans.krosno.pl\/pielegniarstwo\/wp-content\/uploads\/sites\/8\/2023\/01\/Logo-PANS-2022-pelne.png","width":3096,"height":696,"caption":"Piel\u0119gniarstwo PANS w Kro\u015bnie"},"image":{"@id":"https:\/\/pans.krosno.pl\/pielegniarstwo\/#\/schema\/logo\/image\/"}},{"@type":"Person","@id":"https:\/\/pans.krosno.pl\/pielegniarstwo\/#\/schema\/person\/735ac1b19cc09a23600b926128459aae","name":"Micha\u0142 Wojnar","image":{"@type":"ImageObject","inLanguage":"pl-PL","@id":"https:\/\/secure.gravatar.com\/avatar\/d51d1fe1774d1967596f6c33495b90e637258ef654efa0c46824a1eb595aac93?s=96&d=mm&r=g","url":"https:\/\/secure.gravatar.com\/avatar\/d51d1fe1774d1967596f6c33495b90e637258ef654efa0c46824a1eb595aac93?s=96&d=mm&r=g","contentUrl":"https:\/\/secure.gravatar.com\/avatar\/d51d1fe1774d1967596f6c33495b90e637258ef654efa0c46824a1eb595aac93?s=96&d=mm&r=g","caption":"Micha\u0142 Wojnar"},"url":"https:\/\/pans.krosno.pl\/pielegniarstwo\/author\/michalwojnar\/"}]}},"_links":{"self":[{"href":"https:\/\/pans.krosno.pl\/pielegniarstwo\/wp-json\/wp\/v2\/posts\/5600","targetHints":{"allow":["GET"]}}],"collection":[{"href":"https:\/\/pans.krosno.pl\/pielegniarstwo\/wp-json\/wp\/v2\/posts"}],"about":[{"href":"https:\/\/pans.krosno.pl\/pielegniarstwo\/wp-json\/wp\/v2\/types\/post"}],"author":[{"embeddable":true,"href":"https:\/\/pans.krosno.pl\/pielegniarstwo\/wp-json\/wp\/v2\/users\/95"}],"replies":[{"embeddable":true,"href":"https:\/\/pans.krosno.pl\/pielegniarstwo\/wp-json\/wp\/v2\/comments?post=5600"}],"version-history":[{"count":2,"href":"https:\/\/pans.krosno.pl\/pielegniarstwo\/wp-json\/wp\/v2\/posts\/5600\/revisions"}],"predecessor-version":[{"id":5681,"href":"https:\/\/pans.krosno.pl\/pielegniarstwo\/wp-json\/wp\/v2\/posts\/5600\/revisions\/5681"}],"wp:featuredmedia":[{"embeddable":true,"href":"https:\/\/pans.krosno.pl\/pielegniarstwo\/wp-json\/wp\/v2\/media\/5602"}],"wp:attachment":[{"href":"https:\/\/pans.krosno.pl\/pielegniarstwo\/wp-json\/wp\/v2\/media?parent=5600"}],"wp:term":[{"taxonomy":"category","embeddable":true,"href":"https:\/\/pans.krosno.pl\/pielegniarstwo\/wp-json\/wp\/v2\/categories?post=5600"},{"taxonomy":"post_tag","embeddable":true,"href":"https:\/\/pans.krosno.pl\/pielegniarstwo\/wp-json\/wp\/v2\/tags?post=5600"}],"curies":[{"name":"wp","href":"https:\/\/api.w.org\/{rel}","templated":true}]}}