{"id":5567,"date":"2025-01-10T13:17:09","date_gmt":"2025-01-10T12:17:09","guid":{"rendered":"https:\/\/pans.krosno.pl\/pielegniarstwo\/?p=5567"},"modified":"2025-01-13T13:44:02","modified_gmt":"2025-01-13T12:44:02","slug":"z-glebokim-smutkiem-zawiadamiamy","status":"publish","type":"post","link":"https:\/\/pans.krosno.pl\/pielegniarstwo\/z-glebokim-smutkiem-zawiadamiamy\/","title":{"rendered":"Z g\u0142\u0119bokim smutkiem zawiadamiamy\u2026"},"content":{"rendered":"\n<figure class=\"wp-block-image\"><img decoding=\"async\" src=\"https:\/\/pans.krosno.pl\/wp-content\/uploads\/2025\/01\/Kacper_M_2-1024x761.jpg\" alt=\"\" class=\"wp-image-53212\" \/><\/figure>\n\n\n\n<p>Z\u00a0ogromnym\u00a0smutkiem\u00a0przekazujemy\u00a0informacj\u0119,\u00a0\u017ce\u00a07\u00a0stycznia\u00a02025 r.\u00a0zmar\u0142 \u015bp. Kacper\u00a0Musia\u0142, student III roku kierunku Piel\u0119gniarstwo Pa\u0144stwowej Akademii Nauk Stosowanych w Kro\u015bnie.<\/p>\n\n\n\n<p>Ta&nbsp;\u015bmier\u0107&nbsp;przysz\u0142a&nbsp;za&nbsp;szybko,&nbsp;zbyt&nbsp;nagle.&nbsp;Mia\u0142&nbsp;zaledwie&nbsp;21&nbsp;lat\u2026<br>Da\u0142 si\u0119 zapami\u0119ta\u0107 jako wyj\u0105tkowy cz\u0142owiek o dobrym sercu, niezwyk\u0142ej wra\u017cliwo\u015bci &nbsp;i ogromnej empatii.<\/p>\n\n\n\n<p>Jako starosta roku by\u0142 nie tylko liderem, ale i prawdziwym przyjacielem, na kt\u00f3rego zawsze mo\u017cna by\u0142o liczy\u0107. Zawsze rzetelnie i z po\u015bwi\u0119ceniem \u00a0wywi\u0105zywa\u0142 si\u0119 ze swoich zada\u0144 i obowi\u0105zk\u00f3w, nios\u0105c pomoc tam, gdzie by\u0142a ona potrzebna.<\/p>\n\n\n\n<p>By\u0142 wzorowym studentem, dzia\u0142a\u0142 aktywnie w studenckich ko\u0142ach naukowych, wykazywa\u0142 si\u0119 oddaniem i pasj\u0105 do osobistego rozwoju. Tak bardzo chcia\u0142 by\u0107 piel\u0119gniarzem\u2026<\/p>\n\n\n\n<p>\u0141\u0105czy\u0142\u00a0swoj\u0105\u00a0pasj\u0119\u00a0do\u00a0nauki\u00a0z\u00a0prac\u0105\u00a0jako\u00a0wolontariusz. Jego zaanga\u017cowanie, \u017cyczliwo\u015b\u0107 i pomocna d\u0142o\u0144 na zawsze pozostan\u0105 w naszych my\u015blach i pami\u0119ci.<\/p>\n\n\n\n<p>Rodzinie i bliskim sk\u0142adamy kondolencje i wyrazy g\u0142\u0119bokiego wsp\u00f3\u0142czucia z powodu utraty ukochanej osoby.<\/p>\n\n\n\n<p>Ceremonia pogrzebowa rozpocznie si\u0119 15 stycznia 2025 roku o godz. 13.00 Msz\u0105 \u015awi\u0119t\u0105 \u017ca\u0142obn\u0105 w ko\u015bciele parafialnym w G\u0142ojscach.<br>Po nabo\u017ce\u0144stwie \u017ca\u0142obnym nast\u0105pi odprowadzenie Zmar\u0142ego na miejsce wiecznego spoczynku.<br>Wystawienie Zmar\u0142ego w ko\u015bciele o godz. 12.15, r\u00f3\u017caniec o godz. 12.30.<\/p>\n","protected":false},"excerpt":{"rendered":"<p>Z\u00a0ogromnym\u00a0smutkiem\u00a0przekazujemy\u00a0informacj\u0119,\u00a0\u017ce\u00a07\u00a0stycznia\u00a02025 r.\u00a0zmar\u0142 \u015bp. Kacper\u00a0Musia\u0142, student III roku kierunku Piel\u0119gniarstwo Pa\u0144stwowej Akademii Nauk Stosowanych w Kro\u015bnie. Ta&nbsp;\u015bmier\u0107&nbsp;przysz\u0142a&nbsp;za&nbsp;szybko,&nbsp;zbyt&nbsp;nagle.&nbsp;Mia\u0142&nbsp;zaledwie&nbsp;21&nbsp;lat\u2026Da\u0142 si\u0119 zapami\u0119ta\u0107 jako wyj\u0105tkowy cz\u0142owiek o dobrym sercu, niezwyk\u0142ej wra\u017cliwo\u015bci &nbsp;i ogromnej empatii. Jako starosta roku by\u0142 nie tylko liderem, ale i prawdziwym przyjacielem, na kt\u00f3rego zawsze mo\u017cna by\u0142o liczy\u0107. Zawsze rzetelnie i z [\u2026] <\/p>\n<div class=\"clear\"><\/div>\n<p><a class=\"more_link clearfix\" href=\"https:\/\/pans.krosno.pl\/pielegniarstwo\/z-glebokim-smutkiem-zawiadamiamy\/\" rel=\"nofollow\">Read More<\/a><\/p>\n","protected":false},"author":95,"featured_media":5570,"comment_status":"open","ping_status":"open","sticky":false,"template":"","format":"standard","meta":{"ngg_post_thumbnail":0,"footnotes":""},"categories":[1],"tags":[],"class_list":["post-5567","post","type-post","status-publish","format-standard","has-post-thumbnail","hentry","category-bez-kategorii"],"yoast_head":"<!-- This site is optimized with the Yoast SEO Premium plugin v27.4 (Yoast SEO v27.4) - https:\/\/yoast.com\/product\/yoast-seo-premium-wordpress\/ -->\n<title>Z g\u0142\u0119bokim smutkiem zawiadamiamy\u2026 - Piel\u0119gniarstwo PANS w Kro\u015bnie<\/title>\n<meta name=\"robots\" content=\"index, follow, max-snippet:-1, max-image-preview:large, max-video-preview:-1\" \/>\n<link rel=\"canonical\" href=\"https:\/\/pans.krosno.pl\/pielegniarstwo\/z-glebokim-smutkiem-zawiadamiamy\/\" \/>\n<meta property=\"og:locale\" content=\"pl_PL\" \/>\n<meta property=\"og:type\" content=\"article\" \/>\n<meta property=\"og:title\" content=\"Z g\u0142\u0119bokim smutkiem zawiadamiamy\u2026\" \/>\n<meta property=\"og:description\" content=\"Z\u00a0ogromnym\u00a0smutkiem\u00a0przekazujemy\u00a0informacj\u0119,\u00a0\u017ce\u00a07\u00a0stycznia\u00a02025 r.\u00a0zmar\u0142 \u015bp. Kacper\u00a0Musia\u0142, student III roku kierunku Piel\u0119gniarstwo Pa\u0144stwowej Akademii Nauk Stosowanych w Kro\u015bnie. Ta&nbsp;\u015bmier\u0107&nbsp;przysz\u0142a&nbsp;za&nbsp;szybko,&nbsp;zbyt&nbsp;nagle.&nbsp;Mia\u0142&nbsp;zaledwie&nbsp;21&nbsp;lat\u2026Da\u0142 si\u0119 zapami\u0119ta\u0107 jako wyj\u0105tkowy cz\u0142owiek o dobrym sercu, niezwyk\u0142ej wra\u017cliwo\u015bci &nbsp;i ogromnej empatii. Jako starosta roku by\u0142 nie tylko liderem, ale i prawdziwym przyjacielem, na kt\u00f3rego zawsze mo\u017cna by\u0142o liczy\u0107. Zawsze rzetelnie i z [\u2026] Read More\" \/>\n<meta property=\"og:url\" content=\"https:\/\/pans.krosno.pl\/pielegniarstwo\/z-glebokim-smutkiem-zawiadamiamy\/\" \/>\n<meta property=\"og:site_name\" content=\"Piel\u0119gniarstwo PANS w Kro\u015bnie\" \/>\n<meta property=\"article:published_time\" content=\"2025-01-10T12:17:09+00:00\" \/>\n<meta property=\"article:modified_time\" content=\"2025-01-13T12:44:02+00:00\" \/>\n<meta property=\"og:image\" content=\"https:\/\/pans.krosno.pl\/pielegniarstwo\/wp-content\/uploads\/sites\/8\/2025\/01\/facebook_1736511497397_72834571195821713851.jpg\" \/>\n\t<meta property=\"og:image:width\" content=\"1035\" \/>\n\t<meta property=\"og:image:height\" content=\"1552\" \/>\n\t<meta property=\"og:image:type\" content=\"image\/jpeg\" \/>\n<meta name=\"author\" content=\"Micha\u0142 Wojnar\" \/>\n<meta name=\"twitter:card\" content=\"summary_large_image\" \/>\n<meta name=\"twitter:label1\" content=\"Napisane przez\" \/>\n\t<meta name=\"twitter:data1\" content=\"Micha\u0142 Wojnar\" \/>\n\t<meta name=\"twitter:label2\" content=\"Szacowany czas czytania\" \/>\n\t<meta name=\"twitter:data2\" content=\"2 minuty\" \/>\n<script type=\"application\/ld+json\" class=\"yoast-schema-graph\">{\"@context\":\"https:\\\/\\\/schema.org\",\"@graph\":[{\"@type\":\"Article\",\"@id\":\"https:\\\/\\\/pans.krosno.pl\\\/pielegniarstwo\\\/z-glebokim-smutkiem-zawiadamiamy\\\/#article\",\"isPartOf\":{\"@id\":\"https:\\\/\\\/pans.krosno.pl\\\/pielegniarstwo\\\/z-glebokim-smutkiem-zawiadamiamy\\\/\"},\"author\":{\"name\":\"Micha\u0142 Wojnar\",\"@id\":\"https:\\\/\\\/pans.krosno.pl\\\/pielegniarstwo\\\/#\\\/schema\\\/person\\\/735ac1b19cc09a23600b926128459aae\"},\"headline\":\"Z g\u0142\u0119bokim smutkiem zawiadamiamy\u2026\",\"datePublished\":\"2025-01-10T12:17:09+00:00\",\"dateModified\":\"2025-01-13T12:44:02+00:00\",\"mainEntityOfPage\":{\"@id\":\"https:\\\/\\\/pans.krosno.pl\\\/pielegniarstwo\\\/z-glebokim-smutkiem-zawiadamiamy\\\/\"},\"wordCount\":235,\"commentCount\":0,\"publisher\":{\"@id\":\"https:\\\/\\\/pans.krosno.pl\\\/pielegniarstwo\\\/#organization\"},\"image\":{\"@id\":\"https:\\\/\\\/pans.krosno.pl\\\/pielegniarstwo\\\/z-glebokim-smutkiem-zawiadamiamy\\\/#primaryimage\"},\"thumbnailUrl\":\"https:\\\/\\\/pans.krosno.pl\\\/pielegniarstwo\\\/wp-content\\\/uploads\\\/sites\\\/8\\\/2025\\\/01\\\/facebook_1736511497397_72834571195821713851.jpg\",\"inLanguage\":\"pl-PL\",\"potentialAction\":[{\"@type\":\"CommentAction\",\"name\":\"Comment\",\"target\":[\"https:\\\/\\\/pans.krosno.pl\\\/pielegniarstwo\\\/z-glebokim-smutkiem-zawiadamiamy\\\/#respond\"]}]},{\"@type\":\"WebPage\",\"@id\":\"https:\\\/\\\/pans.krosno.pl\\\/pielegniarstwo\\\/z-glebokim-smutkiem-zawiadamiamy\\\/\",\"url\":\"https:\\\/\\\/pans.krosno.pl\\\/pielegniarstwo\\\/z-glebokim-smutkiem-zawiadamiamy\\\/\",\"name\":\"Z g\u0142\u0119bokim smutkiem zawiadamiamy\u2026 - Piel\u0119gniarstwo PANS w Kro\u015bnie\",\"isPartOf\":{\"@id\":\"https:\\\/\\\/pans.krosno.pl\\\/pielegniarstwo\\\/#website\"},\"primaryImageOfPage\":{\"@id\":\"https:\\\/\\\/pans.krosno.pl\\\/pielegniarstwo\\\/z-glebokim-smutkiem-zawiadamiamy\\\/#primaryimage\"},\"image\":{\"@id\":\"https:\\\/\\\/pans.krosno.pl\\\/pielegniarstwo\\\/z-glebokim-smutkiem-zawiadamiamy\\\/#primaryimage\"},\"thumbnailUrl\":\"https:\\\/\\\/pans.krosno.pl\\\/pielegniarstwo\\\/wp-content\\\/uploads\\\/sites\\\/8\\\/2025\\\/01\\\/facebook_1736511497397_72834571195821713851.jpg\",\"datePublished\":\"2025-01-10T12:17:09+00:00\",\"dateModified\":\"2025-01-13T12:44:02+00:00\",\"breadcrumb\":{\"@id\":\"https:\\\/\\\/pans.krosno.pl\\\/pielegniarstwo\\\/z-glebokim-smutkiem-zawiadamiamy\\\/#breadcrumb\"},\"inLanguage\":\"pl-PL\",\"potentialAction\":[{\"@type\":\"ReadAction\",\"target\":[\"https:\\\/\\\/pans.krosno.pl\\\/pielegniarstwo\\\/z-glebokim-smutkiem-zawiadamiamy\\\/\"]}]},{\"@type\":\"ImageObject\",\"inLanguage\":\"pl-PL\",\"@id\":\"https:\\\/\\\/pans.krosno.pl\\\/pielegniarstwo\\\/z-glebokim-smutkiem-zawiadamiamy\\\/#primaryimage\",\"url\":\"https:\\\/\\\/pans.krosno.pl\\\/pielegniarstwo\\\/wp-content\\\/uploads\\\/sites\\\/8\\\/2025\\\/01\\\/facebook_1736511497397_72834571195821713851.jpg\",\"contentUrl\":\"https:\\\/\\\/pans.krosno.pl\\\/pielegniarstwo\\\/wp-content\\\/uploads\\\/sites\\\/8\\\/2025\\\/01\\\/facebook_1736511497397_72834571195821713851.jpg\",\"width\":1035,\"height\":1552},{\"@type\":\"BreadcrumbList\",\"@id\":\"https:\\\/\\\/pans.krosno.pl\\\/pielegniarstwo\\\/z-glebokim-smutkiem-zawiadamiamy\\\/#breadcrumb\",\"itemListElement\":[{\"@type\":\"ListItem\",\"position\":1,\"name\":\"Strona g\u0142\u00f3wna\",\"item\":\"https:\\\/\\\/pans.krosno.pl\\\/pielegniarstwo\\\/\"},{\"@type\":\"ListItem\",\"position\":2,\"name\":\"Z g\u0142\u0119bokim smutkiem zawiadamiamy\u2026\"}]},{\"@type\":\"WebSite\",\"@id\":\"https:\\\/\\\/pans.krosno.pl\\\/pielegniarstwo\\\/#website\",\"url\":\"https:\\\/\\\/pans.krosno.pl\\\/pielegniarstwo\\\/\",\"name\":\"Piel\u0119gniarstwo PANS w Kro\u015bnie\",\"description\":\"Piel\u0119gniarstwo - Pa\u0144stwowa Akademia Nauk Stosowanych\",\"publisher\":{\"@id\":\"https:\\\/\\\/pans.krosno.pl\\\/pielegniarstwo\\\/#organization\"},\"potentialAction\":[{\"@type\":\"SearchAction\",\"target\":{\"@type\":\"EntryPoint\",\"urlTemplate\":\"https:\\\/\\\/pans.krosno.pl\\\/pielegniarstwo\\\/?s={search_term_string}\"},\"query-input\":{\"@type\":\"PropertyValueSpecification\",\"valueRequired\":true,\"valueName\":\"search_term_string\"}}],\"inLanguage\":\"pl-PL\"},{\"@type\":\"Organization\",\"@id\":\"https:\\\/\\\/pans.krosno.pl\\\/pielegniarstwo\\\/#organization\",\"name\":\"Piel\u0119gniarstwo PANS w Kro\u015bnie\",\"url\":\"https:\\\/\\\/pans.krosno.pl\\\/pielegniarstwo\\\/\",\"logo\":{\"@type\":\"ImageObject\",\"inLanguage\":\"pl-PL\",\"@id\":\"https:\\\/\\\/pans.krosno.pl\\\/pielegniarstwo\\\/#\\\/schema\\\/logo\\\/image\\\/\",\"url\":\"https:\\\/\\\/pans.krosno.pl\\\/pielegniarstwo\\\/wp-content\\\/uploads\\\/sites\\\/8\\\/2023\\\/01\\\/Logo-PANS-2022-pelne.png\",\"contentUrl\":\"https:\\\/\\\/pans.krosno.pl\\\/pielegniarstwo\\\/wp-content\\\/uploads\\\/sites\\\/8\\\/2023\\\/01\\\/Logo-PANS-2022-pelne.png\",\"width\":3096,\"height\":696,\"caption\":\"Piel\u0119gniarstwo PANS w Kro\u015bnie\"},\"image\":{\"@id\":\"https:\\\/\\\/pans.krosno.pl\\\/pielegniarstwo\\\/#\\\/schema\\\/logo\\\/image\\\/\"}},{\"@type\":\"Person\",\"@id\":\"https:\\\/\\\/pans.krosno.pl\\\/pielegniarstwo\\\/#\\\/schema\\\/person\\\/735ac1b19cc09a23600b926128459aae\",\"name\":\"Micha\u0142 Wojnar\",\"image\":{\"@type\":\"ImageObject\",\"inLanguage\":\"pl-PL\",\"@id\":\"https:\\\/\\\/secure.gravatar.com\\\/avatar\\\/d51d1fe1774d1967596f6c33495b90e637258ef654efa0c46824a1eb595aac93?s=96&d=mm&r=g\",\"url\":\"https:\\\/\\\/secure.gravatar.com\\\/avatar\\\/d51d1fe1774d1967596f6c33495b90e637258ef654efa0c46824a1eb595aac93?s=96&d=mm&r=g\",\"contentUrl\":\"https:\\\/\\\/secure.gravatar.com\\\/avatar\\\/d51d1fe1774d1967596f6c33495b90e637258ef654efa0c46824a1eb595aac93?s=96&d=mm&r=g\",\"caption\":\"Micha\u0142 Wojnar\"},\"url\":\"https:\\\/\\\/pans.krosno.pl\\\/pielegniarstwo\\\/author\\\/michalwojnar\\\/\"}]}<\/script>\n<!-- \/ Yoast SEO Premium plugin. -->","yoast_head_json":{"title":"Z g\u0142\u0119bokim smutkiem zawiadamiamy\u2026 - Piel\u0119gniarstwo PANS w Kro\u015bnie","robots":{"index":"index","follow":"follow","max-snippet":"max-snippet:-1","max-image-preview":"max-image-preview:large","max-video-preview":"max-video-preview:-1"},"canonical":"https:\/\/pans.krosno.pl\/pielegniarstwo\/z-glebokim-smutkiem-zawiadamiamy\/","og_locale":"pl_PL","og_type":"article","og_title":"Z g\u0142\u0119bokim smutkiem zawiadamiamy\u2026","og_description":"Z\u00a0ogromnym\u00a0smutkiem\u00a0przekazujemy\u00a0informacj\u0119,\u00a0\u017ce\u00a07\u00a0stycznia\u00a02025 r.\u00a0zmar\u0142 \u015bp. Kacper\u00a0Musia\u0142, student III roku kierunku Piel\u0119gniarstwo Pa\u0144stwowej Akademii Nauk Stosowanych w Kro\u015bnie. Ta&nbsp;\u015bmier\u0107&nbsp;przysz\u0142a&nbsp;za&nbsp;szybko,&nbsp;zbyt&nbsp;nagle.&nbsp;Mia\u0142&nbsp;zaledwie&nbsp;21&nbsp;lat\u2026Da\u0142 si\u0119 zapami\u0119ta\u0107 jako wyj\u0105tkowy cz\u0142owiek o dobrym sercu, niezwyk\u0142ej wra\u017cliwo\u015bci &nbsp;i ogromnej empatii. Jako starosta roku by\u0142 nie tylko liderem, ale i prawdziwym przyjacielem, na kt\u00f3rego zawsze mo\u017cna by\u0142o liczy\u0107. Zawsze rzetelnie i z [\u2026] Read More","og_url":"https:\/\/pans.krosno.pl\/pielegniarstwo\/z-glebokim-smutkiem-zawiadamiamy\/","og_site_name":"Piel\u0119gniarstwo PANS w Kro\u015bnie","article_published_time":"2025-01-10T12:17:09+00:00","article_modified_time":"2025-01-13T12:44:02+00:00","og_image":[{"width":1035,"height":1552,"url":"https:\/\/pans.krosno.pl\/pielegniarstwo\/wp-content\/uploads\/sites\/8\/2025\/01\/facebook_1736511497397_72834571195821713851.jpg","type":"image\/jpeg"}],"author":"Micha\u0142 Wojnar","twitter_card":"summary_large_image","twitter_misc":{"Napisane przez":"Micha\u0142 Wojnar","Szacowany czas czytania":"2 minuty"},"schema":{"@context":"https:\/\/schema.org","@graph":[{"@type":"Article","@id":"https:\/\/pans.krosno.pl\/pielegniarstwo\/z-glebokim-smutkiem-zawiadamiamy\/#article","isPartOf":{"@id":"https:\/\/pans.krosno.pl\/pielegniarstwo\/z-glebokim-smutkiem-zawiadamiamy\/"},"author":{"name":"Micha\u0142 Wojnar","@id":"https:\/\/pans.krosno.pl\/pielegniarstwo\/#\/schema\/person\/735ac1b19cc09a23600b926128459aae"},"headline":"Z g\u0142\u0119bokim smutkiem zawiadamiamy\u2026","datePublished":"2025-01-10T12:17:09+00:00","dateModified":"2025-01-13T12:44:02+00:00","mainEntityOfPage":{"@id":"https:\/\/pans.krosno.pl\/pielegniarstwo\/z-glebokim-smutkiem-zawiadamiamy\/"},"wordCount":235,"commentCount":0,"publisher":{"@id":"https:\/\/pans.krosno.pl\/pielegniarstwo\/#organization"},"image":{"@id":"https:\/\/pans.krosno.pl\/pielegniarstwo\/z-glebokim-smutkiem-zawiadamiamy\/#primaryimage"},"thumbnailUrl":"https:\/\/pans.krosno.pl\/pielegniarstwo\/wp-content\/uploads\/sites\/8\/2025\/01\/facebook_1736511497397_72834571195821713851.jpg","inLanguage":"pl-PL","potentialAction":[{"@type":"CommentAction","name":"Comment","target":["https:\/\/pans.krosno.pl\/pielegniarstwo\/z-glebokim-smutkiem-zawiadamiamy\/#respond"]}]},{"@type":"WebPage","@id":"https:\/\/pans.krosno.pl\/pielegniarstwo\/z-glebokim-smutkiem-zawiadamiamy\/","url":"https:\/\/pans.krosno.pl\/pielegniarstwo\/z-glebokim-smutkiem-zawiadamiamy\/","name":"Z g\u0142\u0119bokim smutkiem zawiadamiamy\u2026 - Piel\u0119gniarstwo PANS w Kro\u015bnie","isPartOf":{"@id":"https:\/\/pans.krosno.pl\/pielegniarstwo\/#website"},"primaryImageOfPage":{"@id":"https:\/\/pans.krosno.pl\/pielegniarstwo\/z-glebokim-smutkiem-zawiadamiamy\/#primaryimage"},"image":{"@id":"https:\/\/pans.krosno.pl\/pielegniarstwo\/z-glebokim-smutkiem-zawiadamiamy\/#primaryimage"},"thumbnailUrl":"https:\/\/pans.krosno.pl\/pielegniarstwo\/wp-content\/uploads\/sites\/8\/2025\/01\/facebook_1736511497397_72834571195821713851.jpg","datePublished":"2025-01-10T12:17:09+00:00","dateModified":"2025-01-13T12:44:02+00:00","breadcrumb":{"@id":"https:\/\/pans.krosno.pl\/pielegniarstwo\/z-glebokim-smutkiem-zawiadamiamy\/#breadcrumb"},"inLanguage":"pl-PL","potentialAction":[{"@type":"ReadAction","target":["https:\/\/pans.krosno.pl\/pielegniarstwo\/z-glebokim-smutkiem-zawiadamiamy\/"]}]},{"@type":"ImageObject","inLanguage":"pl-PL","@id":"https:\/\/pans.krosno.pl\/pielegniarstwo\/z-glebokim-smutkiem-zawiadamiamy\/#primaryimage","url":"https:\/\/pans.krosno.pl\/pielegniarstwo\/wp-content\/uploads\/sites\/8\/2025\/01\/facebook_1736511497397_72834571195821713851.jpg","contentUrl":"https:\/\/pans.krosno.pl\/pielegniarstwo\/wp-content\/uploads\/sites\/8\/2025\/01\/facebook_1736511497397_72834571195821713851.jpg","width":1035,"height":1552},{"@type":"BreadcrumbList","@id":"https:\/\/pans.krosno.pl\/pielegniarstwo\/z-glebokim-smutkiem-zawiadamiamy\/#breadcrumb","itemListElement":[{"@type":"ListItem","position":1,"name":"Strona g\u0142\u00f3wna","item":"https:\/\/pans.krosno.pl\/pielegniarstwo\/"},{"@type":"ListItem","position":2,"name":"Z g\u0142\u0119bokim smutkiem zawiadamiamy\u2026"}]},{"@type":"WebSite","@id":"https:\/\/pans.krosno.pl\/pielegniarstwo\/#website","url":"https:\/\/pans.krosno.pl\/pielegniarstwo\/","name":"Piel\u0119gniarstwo PANS w Kro\u015bnie","description":"Piel\u0119gniarstwo - Pa\u0144stwowa Akademia Nauk Stosowanych","publisher":{"@id":"https:\/\/pans.krosno.pl\/pielegniarstwo\/#organization"},"potentialAction":[{"@type":"SearchAction","target":{"@type":"EntryPoint","urlTemplate":"https:\/\/pans.krosno.pl\/pielegniarstwo\/?s={search_term_string}"},"query-input":{"@type":"PropertyValueSpecification","valueRequired":true,"valueName":"search_term_string"}}],"inLanguage":"pl-PL"},{"@type":"Organization","@id":"https:\/\/pans.krosno.pl\/pielegniarstwo\/#organization","name":"Piel\u0119gniarstwo PANS w Kro\u015bnie","url":"https:\/\/pans.krosno.pl\/pielegniarstwo\/","logo":{"@type":"ImageObject","inLanguage":"pl-PL","@id":"https:\/\/pans.krosno.pl\/pielegniarstwo\/#\/schema\/logo\/image\/","url":"https:\/\/pans.krosno.pl\/pielegniarstwo\/wp-content\/uploads\/sites\/8\/2023\/01\/Logo-PANS-2022-pelne.png","contentUrl":"https:\/\/pans.krosno.pl\/pielegniarstwo\/wp-content\/uploads\/sites\/8\/2023\/01\/Logo-PANS-2022-pelne.png","width":3096,"height":696,"caption":"Piel\u0119gniarstwo PANS w Kro\u015bnie"},"image":{"@id":"https:\/\/pans.krosno.pl\/pielegniarstwo\/#\/schema\/logo\/image\/"}},{"@type":"Person","@id":"https:\/\/pans.krosno.pl\/pielegniarstwo\/#\/schema\/person\/735ac1b19cc09a23600b926128459aae","name":"Micha\u0142 Wojnar","image":{"@type":"ImageObject","inLanguage":"pl-PL","@id":"https:\/\/secure.gravatar.com\/avatar\/d51d1fe1774d1967596f6c33495b90e637258ef654efa0c46824a1eb595aac93?s=96&d=mm&r=g","url":"https:\/\/secure.gravatar.com\/avatar\/d51d1fe1774d1967596f6c33495b90e637258ef654efa0c46824a1eb595aac93?s=96&d=mm&r=g","contentUrl":"https:\/\/secure.gravatar.com\/avatar\/d51d1fe1774d1967596f6c33495b90e637258ef654efa0c46824a1eb595aac93?s=96&d=mm&r=g","caption":"Micha\u0142 Wojnar"},"url":"https:\/\/pans.krosno.pl\/pielegniarstwo\/author\/michalwojnar\/"}]}},"_links":{"self":[{"href":"https:\/\/pans.krosno.pl\/pielegniarstwo\/wp-json\/wp\/v2\/posts\/5567","targetHints":{"allow":["GET"]}}],"collection":[{"href":"https:\/\/pans.krosno.pl\/pielegniarstwo\/wp-json\/wp\/v2\/posts"}],"about":[{"href":"https:\/\/pans.krosno.pl\/pielegniarstwo\/wp-json\/wp\/v2\/types\/post"}],"author":[{"embeddable":true,"href":"https:\/\/pans.krosno.pl\/pielegniarstwo\/wp-json\/wp\/v2\/users\/95"}],"replies":[{"embeddable":true,"href":"https:\/\/pans.krosno.pl\/pielegniarstwo\/wp-json\/wp\/v2\/comments?post=5567"}],"version-history":[{"count":2,"href":"https:\/\/pans.krosno.pl\/pielegniarstwo\/wp-json\/wp\/v2\/posts\/5567\/revisions"}],"predecessor-version":[{"id":5572,"href":"https:\/\/pans.krosno.pl\/pielegniarstwo\/wp-json\/wp\/v2\/posts\/5567\/revisions\/5572"}],"wp:featuredmedia":[{"embeddable":true,"href":"https:\/\/pans.krosno.pl\/pielegniarstwo\/wp-json\/wp\/v2\/media\/5570"}],"wp:attachment":[{"href":"https:\/\/pans.krosno.pl\/pielegniarstwo\/wp-json\/wp\/v2\/media?parent=5567"}],"wp:term":[{"taxonomy":"category","embeddable":true,"href":"https:\/\/pans.krosno.pl\/pielegniarstwo\/wp-json\/wp\/v2\/categories?post=5567"},{"taxonomy":"post_tag","embeddable":true,"href":"https:\/\/pans.krosno.pl\/pielegniarstwo\/wp-json\/wp\/v2\/tags?post=5567"}],"curies":[{"name":"wp","href":"https:\/\/api.w.org\/{rel}","templated":true}]}}