{"id":5546,"date":"2024-11-20T16:32:52","date_gmt":"2024-11-20T15:32:52","guid":{"rendered":"https:\/\/pans.krosno.pl\/pielegniarstwo\/?p=5546"},"modified":"2024-12-02T16:35:05","modified_gmt":"2024-12-02T15:35:05","slug":"komisja-bioetyczna-zainaugurowala-swoja-dzialalnosc","status":"publish","type":"post","link":"https:\/\/pans.krosno.pl\/pielegniarstwo\/komisja-bioetyczna-zainaugurowala-swoja-dzialalnosc\/","title":{"rendered":"Komisja Bioetyczna zainaugurowa\u0142a swoj\u0105 dzia\u0142alno\u015b\u0107"},"content":{"rendered":"\n<p>15 listopada 2024 roku odby\u0142o si\u0119 pierwsze posiedzenie Komisji Bioetycznej dzia\u0142aj\u0105cej przy Pa\u0144stwowej Akademii Nauk Stosowanych w Kro\u015bnie. Przed rozpocz\u0119ciem obrad, JM Rektor Uczelni powita\u0142 cz\u0142on\u00f3w Komisji i wr\u0119czy\u0142 im uroczyste po\u015bwiadczenia powo\u0142ania do Komisji Bioetycznej.<\/p>\n\n\n\n<p>&nbsp;W sk\u0142adzie Komisji Bioetycznej zasiadaj\u0105:<\/p>\n\n\n\n<ol class=\"wp-block-list\">\n<li>prof. dr hab. n. med. J\u00f3zef Ry\u017cko<\/li>\n\n\n\n<li>dr n. med. i n. o zdr. Kinga Bernat<\/li>\n\n\n\n<li>dr n. med. Janusz S\u0142owik<\/li>\n\n\n\n<li>lek. med. Agata Nowak<\/li>\n\n\n\n<li>lek. med. Dariusz Dubis<\/li>\n\n\n\n<li>lek. med. Andrzej Guzik<\/li>\n\n\n\n<li>dr ks. Leszek Przybylski<\/li>\n\n\n\n<li>dr Grzegorz Szklarski<\/li>\n\n\n\n<li>mgr Zenona Radwa\u0144ska<\/li>\n<\/ol>\n\n\n\n<p>W czasie obrad wybrano przewodnicz\u0105cego Komisji Bioetycznej, pani\u0105 dr n. med. i n. o zdr. King\u0119 Bernat, na zast\u0119pc\u0119 przewodnicz\u0105cego zosta\u0142a wybrana pani mgr piel\u0119gniarstwa Zenona Radwa\u0144ska, za\u015b sekretarzem zosta\u0142a osoba spoza komisji dr n. med. Renata Dziubaszewska.<\/p>\n\n\n\n<figure class=\"wp-block-image aligncenter\"><img decoding=\"async\" src=\"https:\/\/pans.krosno.pl\/wp-content\/uploads\/2024\/11\/17.jpg\" alt=\"\" class=\"wp-image-52446\" \/><\/figure>\n\n\n\n<p>Gratulujemy serdecznie i \u017cyczymy satysfakcji oraz zadowolenia z pe\u0142nienia tej wa\u017cnej dla Uczelni funkcji.<\/p>\n\n\n\n<figure class=\"wp-block-gallery has-nested-images columns-default is-cropped wp-block-gallery-1 is-layout-flex wp-block-gallery-is-layout-flex\">\n<figure class=\"wp-block-image size-large\"><img loading=\"lazy\" decoding=\"async\" width=\"480\" height=\"640\" data-id=\"5549\" src=\"https:\/\/pans.krosno.pl\/pielegniarstwo\/wp-content\/uploads\/sites\/8\/2024\/12\/1_n.jpg\" alt=\"\" class=\"wp-image-5549\" srcset=\"https:\/\/pans.krosno.pl\/pielegniarstwo\/wp-content\/uploads\/sites\/8\/2024\/12\/1_n.jpg 480w, https:\/\/pans.krosno.pl\/pielegniarstwo\/wp-content\/uploads\/sites\/8\/2024\/12\/1_n-225x300.jpg 225w\" sizes=\"auto, (max-width: 480px) 100vw, 480px\" \/><\/figure>\n\n\n\n<figure class=\"wp-block-image size-large\"><img loading=\"lazy\" decoding=\"async\" width=\"480\" height=\"640\" data-id=\"5548\" src=\"https:\/\/pans.krosno.pl\/pielegniarstwo\/wp-content\/uploads\/sites\/8\/2024\/12\/3.jpg\" alt=\"\" class=\"wp-image-5548\" srcset=\"https:\/\/pans.krosno.pl\/pielegniarstwo\/wp-content\/uploads\/sites\/8\/2024\/12\/3.jpg 480w, https:\/\/pans.krosno.pl\/pielegniarstwo\/wp-content\/uploads\/sites\/8\/2024\/12\/3-225x300.jpg 225w\" sizes=\"auto, (max-width: 480px) 100vw, 480px\" \/><\/figure>\n\n\n\n<figure class=\"wp-block-image size-large\"><img loading=\"lazy\" decoding=\"async\" width=\"480\" height=\"640\" data-id=\"5547\" src=\"https:\/\/pans.krosno.pl\/pielegniarstwo\/wp-content\/uploads\/sites\/8\/2024\/12\/6.jpg\" alt=\"\" class=\"wp-image-5547\" srcset=\"https:\/\/pans.krosno.pl\/pielegniarstwo\/wp-content\/uploads\/sites\/8\/2024\/12\/6.jpg 480w, https:\/\/pans.krosno.pl\/pielegniarstwo\/wp-content\/uploads\/sites\/8\/2024\/12\/6-225x300.jpg 225w\" sizes=\"auto, (max-width: 480px) 100vw, 480px\" \/><\/figure>\n<\/figure>\n\n\n\n<figure class=\"wp-block-gallery has-nested-images columns-default is-cropped wp-block-gallery-2 is-layout-flex wp-block-gallery-is-layout-flex\">\n<figure class=\"wp-block-image size-large\"><img loading=\"lazy\" decoding=\"async\" width=\"480\" height=\"640\" data-id=\"5550\" src=\"https:\/\/pans.krosno.pl\/pielegniarstwo\/wp-content\/uploads\/sites\/8\/2024\/12\/7.jpg\" alt=\"\" class=\"wp-image-5550\" srcset=\"https:\/\/pans.krosno.pl\/pielegniarstwo\/wp-content\/uploads\/sites\/8\/2024\/12\/7.jpg 480w, https:\/\/pans.krosno.pl\/pielegniarstwo\/wp-content\/uploads\/sites\/8\/2024\/12\/7-225x300.jpg 225w\" sizes=\"auto, (max-width: 480px) 100vw, 480px\" \/><\/figure>\n\n\n\n<figure class=\"wp-block-image size-large\"><img loading=\"lazy\" decoding=\"async\" width=\"480\" height=\"640\" data-id=\"5552\" src=\"https:\/\/pans.krosno.pl\/pielegniarstwo\/wp-content\/uploads\/sites\/8\/2024\/12\/10.jpg\" alt=\"\" class=\"wp-image-5552\" srcset=\"https:\/\/pans.krosno.pl\/pielegniarstwo\/wp-content\/uploads\/sites\/8\/2024\/12\/10.jpg 480w, https:\/\/pans.krosno.pl\/pielegniarstwo\/wp-content\/uploads\/sites\/8\/2024\/12\/10-225x300.jpg 225w\" sizes=\"auto, (max-width: 480px) 100vw, 480px\" \/><\/figure>\n\n\n\n<figure class=\"wp-block-image size-large\"><img loading=\"lazy\" decoding=\"async\" width=\"480\" height=\"640\" data-id=\"5551\" src=\"https:\/\/pans.krosno.pl\/pielegniarstwo\/wp-content\/uploads\/sites\/8\/2024\/12\/12.jpg\" alt=\"\" class=\"wp-image-5551\" srcset=\"https:\/\/pans.krosno.pl\/pielegniarstwo\/wp-content\/uploads\/sites\/8\/2024\/12\/12.jpg 480w, https:\/\/pans.krosno.pl\/pielegniarstwo\/wp-content\/uploads\/sites\/8\/2024\/12\/12-225x300.jpg 225w\" sizes=\"auto, (max-width: 480px) 100vw, 480px\" \/><\/figure>\n<\/figure>\n\n\n\n<figure class=\"wp-block-image size-full is-resized\"><img loading=\"lazy\" decoding=\"async\" width=\"480\" height=\"640\" src=\"https:\/\/pans.krosno.pl\/pielegniarstwo\/wp-content\/uploads\/sites\/8\/2024\/12\/13.jpg\" alt=\"\" class=\"wp-image-5553\" style=\"width:839px;height:auto\" srcset=\"https:\/\/pans.krosno.pl\/pielegniarstwo\/wp-content\/uploads\/sites\/8\/2024\/12\/13.jpg 480w, https:\/\/pans.krosno.pl\/pielegniarstwo\/wp-content\/uploads\/sites\/8\/2024\/12\/13-225x300.jpg 225w\" sizes=\"auto, (max-width: 480px) 100vw, 480px\" \/><\/figure>\n","protected":false},"excerpt":{"rendered":"<p>15 listopada 2024 roku odby\u0142o si\u0119 pierwsze posiedzenie Komisji Bioetycznej dzia\u0142aj\u0105cej przy Pa\u0144stwowej Akademii Nauk Stosowanych w Kro\u015bnie. Przed rozpocz\u0119ciem obrad, JM Rektor Uczelni powita\u0142 cz\u0142on\u00f3w Komisji i wr\u0119czy\u0142 im uroczyste po\u015bwiadczenia powo\u0142ania do Komisji Bioetycznej. &nbsp;W sk\u0142adzie Komisji Bioetycznej zasiadaj\u0105: W czasie obrad wybrano przewodnicz\u0105cego Komisji Bioetycznej, pani\u0105 dr [\u2026] <\/p>\n<div class=\"clear\"><\/div>\n<p><a class=\"more_link clearfix\" href=\"https:\/\/pans.krosno.pl\/pielegniarstwo\/komisja-bioetyczna-zainaugurowala-swoja-dzialalnosc\/\" rel=\"nofollow\">Read More<\/a><\/p>\n","protected":false},"author":95,"featured_media":5557,"comment_status":"open","ping_status":"open","sticky":false,"template":"","format":"standard","meta":{"ngg_post_thumbnail":0,"footnotes":""},"categories":[1],"tags":[],"class_list":["post-5546","post","type-post","status-publish","format-standard","has-post-thumbnail","hentry","category-bez-kategorii"],"yoast_head":"<!-- This site is optimized with the Yoast SEO Premium plugin v27.4 (Yoast SEO v27.4) - https:\/\/yoast.com\/product\/yoast-seo-premium-wordpress\/ -->\n<title>Komisja Bioetyczna zainaugurowa\u0142a swoj\u0105 dzia\u0142alno\u015b\u0107 - Piel\u0119gniarstwo PANS w Kro\u015bnie<\/title>\n<meta name=\"robots\" content=\"index, follow, max-snippet:-1, max-image-preview:large, max-video-preview:-1\" \/>\n<link rel=\"canonical\" href=\"https:\/\/pans.krosno.pl\/pielegniarstwo\/komisja-bioetyczna-zainaugurowala-swoja-dzialalnosc\/\" \/>\n<meta property=\"og:locale\" content=\"pl_PL\" \/>\n<meta property=\"og:type\" content=\"article\" \/>\n<meta property=\"og:title\" content=\"Komisja Bioetyczna zainaugurowa\u0142a swoj\u0105 dzia\u0142alno\u015b\u0107\" \/>\n<meta property=\"og:description\" content=\"15 listopada 2024 roku odby\u0142o si\u0119 pierwsze posiedzenie Komisji Bioetycznej dzia\u0142aj\u0105cej przy Pa\u0144stwowej Akademii Nauk Stosowanych w Kro\u015bnie. Przed rozpocz\u0119ciem obrad, JM Rektor Uczelni powita\u0142 cz\u0142on\u00f3w Komisji i wr\u0119czy\u0142 im uroczyste po\u015bwiadczenia powo\u0142ania do Komisji Bioetycznej. &nbsp;W sk\u0142adzie Komisji Bioetycznej zasiadaj\u0105: W czasie obrad wybrano przewodnicz\u0105cego Komisji Bioetycznej, pani\u0105 dr [\u2026] Read More\" \/>\n<meta property=\"og:url\" content=\"https:\/\/pans.krosno.pl\/pielegniarstwo\/komisja-bioetyczna-zainaugurowala-swoja-dzialalnosc\/\" \/>\n<meta property=\"og:site_name\" content=\"Piel\u0119gniarstwo PANS w Kro\u015bnie\" \/>\n<meta property=\"article:published_time\" content=\"2024-11-20T15:32:52+00:00\" \/>\n<meta property=\"article:modified_time\" content=\"2024-12-02T15:35:05+00:00\" \/>\n<meta property=\"og:image\" content=\"https:\/\/pans.krosno.pl\/pielegniarstwo\/wp-content\/uploads\/sites\/8\/2024\/12\/17.jpg\" \/>\n\t<meta property=\"og:image:width\" content=\"480\" \/>\n\t<meta property=\"og:image:height\" content=\"360\" \/>\n\t<meta property=\"og:image:type\" content=\"image\/jpeg\" \/>\n<meta name=\"author\" content=\"Micha\u0142 Wojnar\" \/>\n<meta name=\"twitter:card\" content=\"summary_large_image\" \/>\n<meta name=\"twitter:label1\" content=\"Napisane przez\" \/>\n\t<meta name=\"twitter:data1\" content=\"Micha\u0142 Wojnar\" \/>\n\t<meta name=\"twitter:label2\" content=\"Szacowany czas czytania\" \/>\n\t<meta name=\"twitter:data2\" content=\"3 minuty\" \/>\n<script type=\"application\/ld+json\" class=\"yoast-schema-graph\">{\"@context\":\"https:\\\/\\\/schema.org\",\"@graph\":[{\"@type\":\"Article\",\"@id\":\"https:\\\/\\\/pans.krosno.pl\\\/pielegniarstwo\\\/komisja-bioetyczna-zainaugurowala-swoja-dzialalnosc\\\/#article\",\"isPartOf\":{\"@id\":\"https:\\\/\\\/pans.krosno.pl\\\/pielegniarstwo\\\/komisja-bioetyczna-zainaugurowala-swoja-dzialalnosc\\\/\"},\"author\":{\"name\":\"Micha\u0142 Wojnar\",\"@id\":\"https:\\\/\\\/pans.krosno.pl\\\/pielegniarstwo\\\/#\\\/schema\\\/person\\\/735ac1b19cc09a23600b926128459aae\"},\"headline\":\"Komisja Bioetyczna zainaugurowa\u0142a swoj\u0105 dzia\u0142alno\u015b\u0107\",\"datePublished\":\"2024-11-20T15:32:52+00:00\",\"dateModified\":\"2024-12-02T15:35:05+00:00\",\"mainEntityOfPage\":{\"@id\":\"https:\\\/\\\/pans.krosno.pl\\\/pielegniarstwo\\\/komisja-bioetyczna-zainaugurowala-swoja-dzialalnosc\\\/\"},\"wordCount\":167,\"commentCount\":0,\"publisher\":{\"@id\":\"https:\\\/\\\/pans.krosno.pl\\\/pielegniarstwo\\\/#organization\"},\"image\":{\"@id\":\"https:\\\/\\\/pans.krosno.pl\\\/pielegniarstwo\\\/komisja-bioetyczna-zainaugurowala-swoja-dzialalnosc\\\/#primaryimage\"},\"thumbnailUrl\":\"https:\\\/\\\/pans.krosno.pl\\\/pielegniarstwo\\\/wp-content\\\/uploads\\\/sites\\\/8\\\/2024\\\/12\\\/17.jpg\",\"inLanguage\":\"pl-PL\",\"potentialAction\":[{\"@type\":\"CommentAction\",\"name\":\"Comment\",\"target\":[\"https:\\\/\\\/pans.krosno.pl\\\/pielegniarstwo\\\/komisja-bioetyczna-zainaugurowala-swoja-dzialalnosc\\\/#respond\"]}]},{\"@type\":\"WebPage\",\"@id\":\"https:\\\/\\\/pans.krosno.pl\\\/pielegniarstwo\\\/komisja-bioetyczna-zainaugurowala-swoja-dzialalnosc\\\/\",\"url\":\"https:\\\/\\\/pans.krosno.pl\\\/pielegniarstwo\\\/komisja-bioetyczna-zainaugurowala-swoja-dzialalnosc\\\/\",\"name\":\"Komisja Bioetyczna zainaugurowa\u0142a swoj\u0105 dzia\u0142alno\u015b\u0107 - Piel\u0119gniarstwo PANS w Kro\u015bnie\",\"isPartOf\":{\"@id\":\"https:\\\/\\\/pans.krosno.pl\\\/pielegniarstwo\\\/#website\"},\"primaryImageOfPage\":{\"@id\":\"https:\\\/\\\/pans.krosno.pl\\\/pielegniarstwo\\\/komisja-bioetyczna-zainaugurowala-swoja-dzialalnosc\\\/#primaryimage\"},\"image\":{\"@id\":\"https:\\\/\\\/pans.krosno.pl\\\/pielegniarstwo\\\/komisja-bioetyczna-zainaugurowala-swoja-dzialalnosc\\\/#primaryimage\"},\"thumbnailUrl\":\"https:\\\/\\\/pans.krosno.pl\\\/pielegniarstwo\\\/wp-content\\\/uploads\\\/sites\\\/8\\\/2024\\\/12\\\/17.jpg\",\"datePublished\":\"2024-11-20T15:32:52+00:00\",\"dateModified\":\"2024-12-02T15:35:05+00:00\",\"breadcrumb\":{\"@id\":\"https:\\\/\\\/pans.krosno.pl\\\/pielegniarstwo\\\/komisja-bioetyczna-zainaugurowala-swoja-dzialalnosc\\\/#breadcrumb\"},\"inLanguage\":\"pl-PL\",\"potentialAction\":[{\"@type\":\"ReadAction\",\"target\":[\"https:\\\/\\\/pans.krosno.pl\\\/pielegniarstwo\\\/komisja-bioetyczna-zainaugurowala-swoja-dzialalnosc\\\/\"]}]},{\"@type\":\"ImageObject\",\"inLanguage\":\"pl-PL\",\"@id\":\"https:\\\/\\\/pans.krosno.pl\\\/pielegniarstwo\\\/komisja-bioetyczna-zainaugurowala-swoja-dzialalnosc\\\/#primaryimage\",\"url\":\"https:\\\/\\\/pans.krosno.pl\\\/pielegniarstwo\\\/wp-content\\\/uploads\\\/sites\\\/8\\\/2024\\\/12\\\/17.jpg\",\"contentUrl\":\"https:\\\/\\\/pans.krosno.pl\\\/pielegniarstwo\\\/wp-content\\\/uploads\\\/sites\\\/8\\\/2024\\\/12\\\/17.jpg\",\"width\":480,\"height\":360},{\"@type\":\"BreadcrumbList\",\"@id\":\"https:\\\/\\\/pans.krosno.pl\\\/pielegniarstwo\\\/komisja-bioetyczna-zainaugurowala-swoja-dzialalnosc\\\/#breadcrumb\",\"itemListElement\":[{\"@type\":\"ListItem\",\"position\":1,\"name\":\"Strona g\u0142\u00f3wna\",\"item\":\"https:\\\/\\\/pans.krosno.pl\\\/pielegniarstwo\\\/\"},{\"@type\":\"ListItem\",\"position\":2,\"name\":\"Komisja Bioetyczna zainaugurowa\u0142a swoj\u0105 dzia\u0142alno\u015b\u0107\"}]},{\"@type\":\"WebSite\",\"@id\":\"https:\\\/\\\/pans.krosno.pl\\\/pielegniarstwo\\\/#website\",\"url\":\"https:\\\/\\\/pans.krosno.pl\\\/pielegniarstwo\\\/\",\"name\":\"Piel\u0119gniarstwo PANS w Kro\u015bnie\",\"description\":\"Piel\u0119gniarstwo - Pa\u0144stwowa Akademia Nauk Stosowanych\",\"publisher\":{\"@id\":\"https:\\\/\\\/pans.krosno.pl\\\/pielegniarstwo\\\/#organization\"},\"potentialAction\":[{\"@type\":\"SearchAction\",\"target\":{\"@type\":\"EntryPoint\",\"urlTemplate\":\"https:\\\/\\\/pans.krosno.pl\\\/pielegniarstwo\\\/?s={search_term_string}\"},\"query-input\":{\"@type\":\"PropertyValueSpecification\",\"valueRequired\":true,\"valueName\":\"search_term_string\"}}],\"inLanguage\":\"pl-PL\"},{\"@type\":\"Organization\",\"@id\":\"https:\\\/\\\/pans.krosno.pl\\\/pielegniarstwo\\\/#organization\",\"name\":\"Piel\u0119gniarstwo PANS w Kro\u015bnie\",\"url\":\"https:\\\/\\\/pans.krosno.pl\\\/pielegniarstwo\\\/\",\"logo\":{\"@type\":\"ImageObject\",\"inLanguage\":\"pl-PL\",\"@id\":\"https:\\\/\\\/pans.krosno.pl\\\/pielegniarstwo\\\/#\\\/schema\\\/logo\\\/image\\\/\",\"url\":\"https:\\\/\\\/pans.krosno.pl\\\/pielegniarstwo\\\/wp-content\\\/uploads\\\/sites\\\/8\\\/2023\\\/01\\\/Logo-PANS-2022-pelne.png\",\"contentUrl\":\"https:\\\/\\\/pans.krosno.pl\\\/pielegniarstwo\\\/wp-content\\\/uploads\\\/sites\\\/8\\\/2023\\\/01\\\/Logo-PANS-2022-pelne.png\",\"width\":3096,\"height\":696,\"caption\":\"Piel\u0119gniarstwo PANS w Kro\u015bnie\"},\"image\":{\"@id\":\"https:\\\/\\\/pans.krosno.pl\\\/pielegniarstwo\\\/#\\\/schema\\\/logo\\\/image\\\/\"}},{\"@type\":\"Person\",\"@id\":\"https:\\\/\\\/pans.krosno.pl\\\/pielegniarstwo\\\/#\\\/schema\\\/person\\\/735ac1b19cc09a23600b926128459aae\",\"name\":\"Micha\u0142 Wojnar\",\"image\":{\"@type\":\"ImageObject\",\"inLanguage\":\"pl-PL\",\"@id\":\"https:\\\/\\\/secure.gravatar.com\\\/avatar\\\/d51d1fe1774d1967596f6c33495b90e637258ef654efa0c46824a1eb595aac93?s=96&d=mm&r=g\",\"url\":\"https:\\\/\\\/secure.gravatar.com\\\/avatar\\\/d51d1fe1774d1967596f6c33495b90e637258ef654efa0c46824a1eb595aac93?s=96&d=mm&r=g\",\"contentUrl\":\"https:\\\/\\\/secure.gravatar.com\\\/avatar\\\/d51d1fe1774d1967596f6c33495b90e637258ef654efa0c46824a1eb595aac93?s=96&d=mm&r=g\",\"caption\":\"Micha\u0142 Wojnar\"},\"url\":\"https:\\\/\\\/pans.krosno.pl\\\/pielegniarstwo\\\/author\\\/michalwojnar\\\/\"}]}<\/script>\n<!-- \/ Yoast SEO Premium plugin. -->","yoast_head_json":{"title":"Komisja Bioetyczna zainaugurowa\u0142a swoj\u0105 dzia\u0142alno\u015b\u0107 - Piel\u0119gniarstwo PANS w Kro\u015bnie","robots":{"index":"index","follow":"follow","max-snippet":"max-snippet:-1","max-image-preview":"max-image-preview:large","max-video-preview":"max-video-preview:-1"},"canonical":"https:\/\/pans.krosno.pl\/pielegniarstwo\/komisja-bioetyczna-zainaugurowala-swoja-dzialalnosc\/","og_locale":"pl_PL","og_type":"article","og_title":"Komisja Bioetyczna zainaugurowa\u0142a swoj\u0105 dzia\u0142alno\u015b\u0107","og_description":"15 listopada 2024 roku odby\u0142o si\u0119 pierwsze posiedzenie Komisji Bioetycznej dzia\u0142aj\u0105cej przy Pa\u0144stwowej Akademii Nauk Stosowanych w Kro\u015bnie. Przed rozpocz\u0119ciem obrad, JM Rektor Uczelni powita\u0142 cz\u0142on\u00f3w Komisji i wr\u0119czy\u0142 im uroczyste po\u015bwiadczenia powo\u0142ania do Komisji Bioetycznej. &nbsp;W sk\u0142adzie Komisji Bioetycznej zasiadaj\u0105: W czasie obrad wybrano przewodnicz\u0105cego Komisji Bioetycznej, pani\u0105 dr [\u2026] Read More","og_url":"https:\/\/pans.krosno.pl\/pielegniarstwo\/komisja-bioetyczna-zainaugurowala-swoja-dzialalnosc\/","og_site_name":"Piel\u0119gniarstwo PANS w Kro\u015bnie","article_published_time":"2024-11-20T15:32:52+00:00","article_modified_time":"2024-12-02T15:35:05+00:00","og_image":[{"width":480,"height":360,"url":"https:\/\/pans.krosno.pl\/pielegniarstwo\/wp-content\/uploads\/sites\/8\/2024\/12\/17.jpg","type":"image\/jpeg"}],"author":"Micha\u0142 Wojnar","twitter_card":"summary_large_image","twitter_misc":{"Napisane przez":"Micha\u0142 Wojnar","Szacowany czas czytania":"3 minuty"},"schema":{"@context":"https:\/\/schema.org","@graph":[{"@type":"Article","@id":"https:\/\/pans.krosno.pl\/pielegniarstwo\/komisja-bioetyczna-zainaugurowala-swoja-dzialalnosc\/#article","isPartOf":{"@id":"https:\/\/pans.krosno.pl\/pielegniarstwo\/komisja-bioetyczna-zainaugurowala-swoja-dzialalnosc\/"},"author":{"name":"Micha\u0142 Wojnar","@id":"https:\/\/pans.krosno.pl\/pielegniarstwo\/#\/schema\/person\/735ac1b19cc09a23600b926128459aae"},"headline":"Komisja Bioetyczna zainaugurowa\u0142a swoj\u0105 dzia\u0142alno\u015b\u0107","datePublished":"2024-11-20T15:32:52+00:00","dateModified":"2024-12-02T15:35:05+00:00","mainEntityOfPage":{"@id":"https:\/\/pans.krosno.pl\/pielegniarstwo\/komisja-bioetyczna-zainaugurowala-swoja-dzialalnosc\/"},"wordCount":167,"commentCount":0,"publisher":{"@id":"https:\/\/pans.krosno.pl\/pielegniarstwo\/#organization"},"image":{"@id":"https:\/\/pans.krosno.pl\/pielegniarstwo\/komisja-bioetyczna-zainaugurowala-swoja-dzialalnosc\/#primaryimage"},"thumbnailUrl":"https:\/\/pans.krosno.pl\/pielegniarstwo\/wp-content\/uploads\/sites\/8\/2024\/12\/17.jpg","inLanguage":"pl-PL","potentialAction":[{"@type":"CommentAction","name":"Comment","target":["https:\/\/pans.krosno.pl\/pielegniarstwo\/komisja-bioetyczna-zainaugurowala-swoja-dzialalnosc\/#respond"]}]},{"@type":"WebPage","@id":"https:\/\/pans.krosno.pl\/pielegniarstwo\/komisja-bioetyczna-zainaugurowala-swoja-dzialalnosc\/","url":"https:\/\/pans.krosno.pl\/pielegniarstwo\/komisja-bioetyczna-zainaugurowala-swoja-dzialalnosc\/","name":"Komisja Bioetyczna zainaugurowa\u0142a swoj\u0105 dzia\u0142alno\u015b\u0107 - Piel\u0119gniarstwo PANS w Kro\u015bnie","isPartOf":{"@id":"https:\/\/pans.krosno.pl\/pielegniarstwo\/#website"},"primaryImageOfPage":{"@id":"https:\/\/pans.krosno.pl\/pielegniarstwo\/komisja-bioetyczna-zainaugurowala-swoja-dzialalnosc\/#primaryimage"},"image":{"@id":"https:\/\/pans.krosno.pl\/pielegniarstwo\/komisja-bioetyczna-zainaugurowala-swoja-dzialalnosc\/#primaryimage"},"thumbnailUrl":"https:\/\/pans.krosno.pl\/pielegniarstwo\/wp-content\/uploads\/sites\/8\/2024\/12\/17.jpg","datePublished":"2024-11-20T15:32:52+00:00","dateModified":"2024-12-02T15:35:05+00:00","breadcrumb":{"@id":"https:\/\/pans.krosno.pl\/pielegniarstwo\/komisja-bioetyczna-zainaugurowala-swoja-dzialalnosc\/#breadcrumb"},"inLanguage":"pl-PL","potentialAction":[{"@type":"ReadAction","target":["https:\/\/pans.krosno.pl\/pielegniarstwo\/komisja-bioetyczna-zainaugurowala-swoja-dzialalnosc\/"]}]},{"@type":"ImageObject","inLanguage":"pl-PL","@id":"https:\/\/pans.krosno.pl\/pielegniarstwo\/komisja-bioetyczna-zainaugurowala-swoja-dzialalnosc\/#primaryimage","url":"https:\/\/pans.krosno.pl\/pielegniarstwo\/wp-content\/uploads\/sites\/8\/2024\/12\/17.jpg","contentUrl":"https:\/\/pans.krosno.pl\/pielegniarstwo\/wp-content\/uploads\/sites\/8\/2024\/12\/17.jpg","width":480,"height":360},{"@type":"BreadcrumbList","@id":"https:\/\/pans.krosno.pl\/pielegniarstwo\/komisja-bioetyczna-zainaugurowala-swoja-dzialalnosc\/#breadcrumb","itemListElement":[{"@type":"ListItem","position":1,"name":"Strona g\u0142\u00f3wna","item":"https:\/\/pans.krosno.pl\/pielegniarstwo\/"},{"@type":"ListItem","position":2,"name":"Komisja Bioetyczna zainaugurowa\u0142a swoj\u0105 dzia\u0142alno\u015b\u0107"}]},{"@type":"WebSite","@id":"https:\/\/pans.krosno.pl\/pielegniarstwo\/#website","url":"https:\/\/pans.krosno.pl\/pielegniarstwo\/","name":"Piel\u0119gniarstwo PANS w Kro\u015bnie","description":"Piel\u0119gniarstwo - Pa\u0144stwowa Akademia Nauk Stosowanych","publisher":{"@id":"https:\/\/pans.krosno.pl\/pielegniarstwo\/#organization"},"potentialAction":[{"@type":"SearchAction","target":{"@type":"EntryPoint","urlTemplate":"https:\/\/pans.krosno.pl\/pielegniarstwo\/?s={search_term_string}"},"query-input":{"@type":"PropertyValueSpecification","valueRequired":true,"valueName":"search_term_string"}}],"inLanguage":"pl-PL"},{"@type":"Organization","@id":"https:\/\/pans.krosno.pl\/pielegniarstwo\/#organization","name":"Piel\u0119gniarstwo PANS w Kro\u015bnie","url":"https:\/\/pans.krosno.pl\/pielegniarstwo\/","logo":{"@type":"ImageObject","inLanguage":"pl-PL","@id":"https:\/\/pans.krosno.pl\/pielegniarstwo\/#\/schema\/logo\/image\/","url":"https:\/\/pans.krosno.pl\/pielegniarstwo\/wp-content\/uploads\/sites\/8\/2023\/01\/Logo-PANS-2022-pelne.png","contentUrl":"https:\/\/pans.krosno.pl\/pielegniarstwo\/wp-content\/uploads\/sites\/8\/2023\/01\/Logo-PANS-2022-pelne.png","width":3096,"height":696,"caption":"Piel\u0119gniarstwo PANS w Kro\u015bnie"},"image":{"@id":"https:\/\/pans.krosno.pl\/pielegniarstwo\/#\/schema\/logo\/image\/"}},{"@type":"Person","@id":"https:\/\/pans.krosno.pl\/pielegniarstwo\/#\/schema\/person\/735ac1b19cc09a23600b926128459aae","name":"Micha\u0142 Wojnar","image":{"@type":"ImageObject","inLanguage":"pl-PL","@id":"https:\/\/secure.gravatar.com\/avatar\/d51d1fe1774d1967596f6c33495b90e637258ef654efa0c46824a1eb595aac93?s=96&d=mm&r=g","url":"https:\/\/secure.gravatar.com\/avatar\/d51d1fe1774d1967596f6c33495b90e637258ef654efa0c46824a1eb595aac93?s=96&d=mm&r=g","contentUrl":"https:\/\/secure.gravatar.com\/avatar\/d51d1fe1774d1967596f6c33495b90e637258ef654efa0c46824a1eb595aac93?s=96&d=mm&r=g","caption":"Micha\u0142 Wojnar"},"url":"https:\/\/pans.krosno.pl\/pielegniarstwo\/author\/michalwojnar\/"}]}},"_links":{"self":[{"href":"https:\/\/pans.krosno.pl\/pielegniarstwo\/wp-json\/wp\/v2\/posts\/5546","targetHints":{"allow":["GET"]}}],"collection":[{"href":"https:\/\/pans.krosno.pl\/pielegniarstwo\/wp-json\/wp\/v2\/posts"}],"about":[{"href":"https:\/\/pans.krosno.pl\/pielegniarstwo\/wp-json\/wp\/v2\/types\/post"}],"author":[{"embeddable":true,"href":"https:\/\/pans.krosno.pl\/pielegniarstwo\/wp-json\/wp\/v2\/users\/95"}],"replies":[{"embeddable":true,"href":"https:\/\/pans.krosno.pl\/pielegniarstwo\/wp-json\/wp\/v2\/comments?post=5546"}],"version-history":[{"count":4,"href":"https:\/\/pans.krosno.pl\/pielegniarstwo\/wp-json\/wp\/v2\/posts\/5546\/revisions"}],"predecessor-version":[{"id":5558,"href":"https:\/\/pans.krosno.pl\/pielegniarstwo\/wp-json\/wp\/v2\/posts\/5546\/revisions\/5558"}],"wp:featuredmedia":[{"embeddable":true,"href":"https:\/\/pans.krosno.pl\/pielegniarstwo\/wp-json\/wp\/v2\/media\/5557"}],"wp:attachment":[{"href":"https:\/\/pans.krosno.pl\/pielegniarstwo\/wp-json\/wp\/v2\/media?parent=5546"}],"wp:term":[{"taxonomy":"category","embeddable":true,"href":"https:\/\/pans.krosno.pl\/pielegniarstwo\/wp-json\/wp\/v2\/categories?post=5546"},{"taxonomy":"post_tag","embeddable":true,"href":"https:\/\/pans.krosno.pl\/pielegniarstwo\/wp-json\/wp\/v2\/tags?post=5546"}],"curies":[{"name":"wp","href":"https:\/\/api.w.org\/{rel}","templated":true}]}}