{"id":5353,"date":"2024-06-24T14:00:56","date_gmt":"2024-06-24T12:00:56","guid":{"rendered":"https:\/\/pans.krosno.pl\/pielegniarstwo\/?p=5353"},"modified":"2024-07-12T13:16:24","modified_gmt":"2024-07-12T11:16:24","slug":"dawid-makowicz-w-plebiscycie-osobowosc-roku-2023","status":"publish","type":"post","link":"https:\/\/pans.krosno.pl\/pielegniarstwo\/dawid-makowicz-w-plebiscycie-osobowosc-roku-2023\/","title":{"rendered":"Dawid Makowicz w plebiscycie Osobowo\u015b\u0107 Roku 2023"},"content":{"rendered":"\n<p>Z przyjemno\u015bci\u0105 pragniemy poinformowa\u0107, \u017ce <strong>mgr Dawid Makowicz<\/strong> &#8211; pracownik Zak\u0142adu Piel\u0119gniarstwa Pa\u0144stwowej Akademii Nauk Stosowanych w Kro\u015bnie &#8211; zdoby\u0142 1 116 g\u0142os\u00f3w, a tym samym zaj\u0105\u0142 <strong>II miejsce<\/strong> w kategorii Dzia\u0142alno\u015b\u0107 spo\u0142eczna i charytatywna w plebiscycie <em><strong>Osobowo\u015b\u0107 Roku 2023<\/strong><\/em>, organizowanym przez redakcj\u0119 portalu Nowiny24.<\/p>\n\n\n\n<figure class=\"wp-block-image size-large\"><img loading=\"lazy\" decoding=\"async\" width=\"1024\" height=\"1024\" src=\"https:\/\/pans.krosno.pl\/pielegniarstwo\/wp-content\/uploads\/sites\/8\/2024\/06\/pixelcut-export-1024x1024.png\" alt=\"\" class=\"wp-image-5354\" srcset=\"https:\/\/pans.krosno.pl\/pielegniarstwo\/wp-content\/uploads\/sites\/8\/2024\/06\/pixelcut-export-1024x1024.png 1024w, https:\/\/pans.krosno.pl\/pielegniarstwo\/wp-content\/uploads\/sites\/8\/2024\/06\/pixelcut-export-300x300.png 300w, https:\/\/pans.krosno.pl\/pielegniarstwo\/wp-content\/uploads\/sites\/8\/2024\/06\/pixelcut-export-150x150.png 150w, https:\/\/pans.krosno.pl\/pielegniarstwo\/wp-content\/uploads\/sites\/8\/2024\/06\/pixelcut-export-768x768.png 768w, https:\/\/pans.krosno.pl\/pielegniarstwo\/wp-content\/uploads\/sites\/8\/2024\/06\/pixelcut-export-800x800.png 800w, https:\/\/pans.krosno.pl\/pielegniarstwo\/wp-content\/uploads\/sites\/8\/2024\/06\/pixelcut-export-580x580.png 580w, https:\/\/pans.krosno.pl\/pielegniarstwo\/wp-content\/uploads\/sites\/8\/2024\/06\/pixelcut-export-80x80.png 80w, https:\/\/pans.krosno.pl\/pielegniarstwo\/wp-content\/uploads\/sites\/8\/2024\/06\/pixelcut-export.png 1200w\" sizes=\"auto, (max-width: 1024px) 100vw, 1024px\" \/><\/figure>\n\n\n\n<p>Redakcja nominowa\u0142a mgr. Makowicza za <strong>organizacj\u0119 akcji honorowego krwiodawstwa<\/strong> oraz <strong>popularyzacj\u0119 pierwszej pomocy przedmedycznej<\/strong>, w tym <strong>bicie rekordu jednoczesnego wykonywania resuscytacji kr\u0105\u017ceniowo-oddechowej<\/strong>.<\/p>\n\n\n\n<p>Mgr Dawid Makowicz jest kierownikiem Centrum Symulacji Medycznej oraz wsp\u00f3\u0142opiekunem <strong>Studenckiego Ko\u0142a Naukowego Honorowych Dawc\u00f3w Krwi i Potencjalnych Dawc\u00f3w Szpiku<\/strong>. Zosta\u0142 wyr\u00f3\u017cniony przez Prezydenta Miasta Krosna jako <em><strong>Zas\u0142u\u017cony dla Wolontariatu<\/strong><\/em> oraz odznaczony medalem <em><strong>Zas\u0142u\u017cony dla Zdrowia Narodu<\/strong><\/em>, przyznanym przez Ministra Zdrowia RP. Ponadto, jest <strong>honorowym dawc\u0105 krwi<\/strong>, g\u0142\u00f3wnym organizatorem <strong>Kro\u015bnie\u0144skiej Wampiriady Student\u00f3w<\/strong>, <strong>Wakacyjnej Kropli Krwi<\/strong>, <strong>Przyjazdu Krwiobusa na Kro\u015bnie\u0144ski Rynek<\/strong> oraz <strong>Rejestracji Potencjalnych Dawc\u00f3w Szpiku<\/strong>. Jest r\u00f3wnie\u017c wsp\u00f3\u0142organizatorem <strong>Regionalnych Zawod\u00f3w Pierwszej Pomocy PCK<\/strong> oraz <strong>Akcji Podpisywania O\u015bwiadcze\u0144 Woli<\/strong>.<\/p>\n\n\n\n<p>Serdecznie gratulujemy!<\/p>\n","protected":false},"excerpt":{"rendered":"<p>Z przyjemno\u015bci\u0105 pragniemy poinformowa\u0107, \u017ce mgr Dawid Makowicz &#8211; pracownik Zak\u0142adu Piel\u0119gniarstwa Pa\u0144stwowej Akademii Nauk Stosowanych w Kro\u015bnie &#8211; zdoby\u0142 1 116 g\u0142os\u00f3w, a tym samym zaj\u0105\u0142 II miejsce w kategorii Dzia\u0142alno\u015b\u0107 spo\u0142eczna i charytatywna w plebiscycie Osobowo\u015b\u0107 Roku 2023, organizowanym przez redakcj\u0119 portalu Nowiny24. Redakcja nominowa\u0142a mgr. Makowicza za [\u2026] <\/p>\n<div class=\"clear\"><\/div>\n<p><a class=\"more_link clearfix\" href=\"https:\/\/pans.krosno.pl\/pielegniarstwo\/dawid-makowicz-w-plebiscycie-osobowosc-roku-2023\/\" rel=\"nofollow\">Read More<\/a><\/p>\n","protected":false},"author":95,"featured_media":5354,"comment_status":"open","ping_status":"open","sticky":false,"template":"","format":"standard","meta":{"ngg_post_thumbnail":0,"footnotes":""},"categories":[1],"tags":[],"class_list":["post-5353","post","type-post","status-publish","format-standard","has-post-thumbnail","hentry","category-bez-kategorii"],"yoast_head":"<!-- This site is optimized with the Yoast SEO Premium plugin v27.4 (Yoast SEO v27.4) - https:\/\/yoast.com\/product\/yoast-seo-premium-wordpress\/ -->\n<title>Dawid Makowicz w plebiscycie Osobowo\u015b\u0107 Roku 2023 - Piel\u0119gniarstwo PANS w Kro\u015bnie<\/title>\n<meta name=\"robots\" content=\"index, follow, max-snippet:-1, max-image-preview:large, max-video-preview:-1\" \/>\n<link rel=\"canonical\" href=\"https:\/\/pans.krosno.pl\/pielegniarstwo\/dawid-makowicz-w-plebiscycie-osobowosc-roku-2023\/\" \/>\n<meta property=\"og:locale\" content=\"pl_PL\" \/>\n<meta property=\"og:type\" content=\"article\" \/>\n<meta property=\"og:title\" content=\"Dawid Makowicz w plebiscycie Osobowo\u015b\u0107 Roku 2023\" \/>\n<meta property=\"og:description\" content=\"Z przyjemno\u015bci\u0105 pragniemy poinformowa\u0107, \u017ce mgr Dawid Makowicz &#8211; pracownik Zak\u0142adu Piel\u0119gniarstwa Pa\u0144stwowej Akademii Nauk Stosowanych w Kro\u015bnie &#8211; zdoby\u0142 1 116 g\u0142os\u00f3w, a tym samym zaj\u0105\u0142 II miejsce w kategorii Dzia\u0142alno\u015b\u0107 spo\u0142eczna i charytatywna w plebiscycie Osobowo\u015b\u0107 Roku 2023, organizowanym przez redakcj\u0119 portalu Nowiny24. Redakcja nominowa\u0142a mgr. Makowicza za [\u2026] Read More\" \/>\n<meta property=\"og:url\" content=\"https:\/\/pans.krosno.pl\/pielegniarstwo\/dawid-makowicz-w-plebiscycie-osobowosc-roku-2023\/\" \/>\n<meta property=\"og:site_name\" content=\"Piel\u0119gniarstwo PANS w Kro\u015bnie\" \/>\n<meta property=\"article:published_time\" content=\"2024-06-24T12:00:56+00:00\" \/>\n<meta property=\"article:modified_time\" content=\"2024-07-12T11:16:24+00:00\" \/>\n<meta property=\"og:image\" content=\"https:\/\/pans.krosno.pl\/pielegniarstwo\/wp-content\/uploads\/sites\/8\/2024\/06\/pixelcut-export.png\" \/>\n\t<meta property=\"og:image:width\" content=\"1200\" \/>\n\t<meta property=\"og:image:height\" content=\"1200\" \/>\n\t<meta property=\"og:image:type\" content=\"image\/png\" \/>\n<meta name=\"author\" content=\"Micha\u0142 Wojnar\" \/>\n<meta name=\"twitter:card\" content=\"summary_large_image\" \/>\n<meta name=\"twitter:label1\" content=\"Napisane przez\" \/>\n\t<meta name=\"twitter:data1\" content=\"Micha\u0142 Wojnar\" \/>\n\t<meta name=\"twitter:label2\" content=\"Szacowany czas czytania\" \/>\n\t<meta name=\"twitter:data2\" content=\"2 minuty\" \/>\n<script type=\"application\/ld+json\" class=\"yoast-schema-graph\">{\"@context\":\"https:\\\/\\\/schema.org\",\"@graph\":[{\"@type\":\"Article\",\"@id\":\"https:\\\/\\\/pans.krosno.pl\\\/pielegniarstwo\\\/dawid-makowicz-w-plebiscycie-osobowosc-roku-2023\\\/#article\",\"isPartOf\":{\"@id\":\"https:\\\/\\\/pans.krosno.pl\\\/pielegniarstwo\\\/dawid-makowicz-w-plebiscycie-osobowosc-roku-2023\\\/\"},\"author\":{\"name\":\"Micha\u0142 Wojnar\",\"@id\":\"https:\\\/\\\/pans.krosno.pl\\\/pielegniarstwo\\\/#\\\/schema\\\/person\\\/735ac1b19cc09a23600b926128459aae\"},\"headline\":\"Dawid Makowicz w plebiscycie Osobowo\u015b\u0107 Roku 2023\",\"datePublished\":\"2024-06-24T12:00:56+00:00\",\"dateModified\":\"2024-07-12T11:16:24+00:00\",\"mainEntityOfPage\":{\"@id\":\"https:\\\/\\\/pans.krosno.pl\\\/pielegniarstwo\\\/dawid-makowicz-w-plebiscycie-osobowosc-roku-2023\\\/\"},\"wordCount\":181,\"commentCount\":0,\"publisher\":{\"@id\":\"https:\\\/\\\/pans.krosno.pl\\\/pielegniarstwo\\\/#organization\"},\"image\":{\"@id\":\"https:\\\/\\\/pans.krosno.pl\\\/pielegniarstwo\\\/dawid-makowicz-w-plebiscycie-osobowosc-roku-2023\\\/#primaryimage\"},\"thumbnailUrl\":\"https:\\\/\\\/pans.krosno.pl\\\/pielegniarstwo\\\/wp-content\\\/uploads\\\/sites\\\/8\\\/2024\\\/06\\\/pixelcut-export.png\",\"inLanguage\":\"pl-PL\",\"potentialAction\":[{\"@type\":\"CommentAction\",\"name\":\"Comment\",\"target\":[\"https:\\\/\\\/pans.krosno.pl\\\/pielegniarstwo\\\/dawid-makowicz-w-plebiscycie-osobowosc-roku-2023\\\/#respond\"]}]},{\"@type\":\"WebPage\",\"@id\":\"https:\\\/\\\/pans.krosno.pl\\\/pielegniarstwo\\\/dawid-makowicz-w-plebiscycie-osobowosc-roku-2023\\\/\",\"url\":\"https:\\\/\\\/pans.krosno.pl\\\/pielegniarstwo\\\/dawid-makowicz-w-plebiscycie-osobowosc-roku-2023\\\/\",\"name\":\"Dawid Makowicz w plebiscycie Osobowo\u015b\u0107 Roku 2023 - Piel\u0119gniarstwo PANS w Kro\u015bnie\",\"isPartOf\":{\"@id\":\"https:\\\/\\\/pans.krosno.pl\\\/pielegniarstwo\\\/#website\"},\"primaryImageOfPage\":{\"@id\":\"https:\\\/\\\/pans.krosno.pl\\\/pielegniarstwo\\\/dawid-makowicz-w-plebiscycie-osobowosc-roku-2023\\\/#primaryimage\"},\"image\":{\"@id\":\"https:\\\/\\\/pans.krosno.pl\\\/pielegniarstwo\\\/dawid-makowicz-w-plebiscycie-osobowosc-roku-2023\\\/#primaryimage\"},\"thumbnailUrl\":\"https:\\\/\\\/pans.krosno.pl\\\/pielegniarstwo\\\/wp-content\\\/uploads\\\/sites\\\/8\\\/2024\\\/06\\\/pixelcut-export.png\",\"datePublished\":\"2024-06-24T12:00:56+00:00\",\"dateModified\":\"2024-07-12T11:16:24+00:00\",\"breadcrumb\":{\"@id\":\"https:\\\/\\\/pans.krosno.pl\\\/pielegniarstwo\\\/dawid-makowicz-w-plebiscycie-osobowosc-roku-2023\\\/#breadcrumb\"},\"inLanguage\":\"pl-PL\",\"potentialAction\":[{\"@type\":\"ReadAction\",\"target\":[\"https:\\\/\\\/pans.krosno.pl\\\/pielegniarstwo\\\/dawid-makowicz-w-plebiscycie-osobowosc-roku-2023\\\/\"]}]},{\"@type\":\"ImageObject\",\"inLanguage\":\"pl-PL\",\"@id\":\"https:\\\/\\\/pans.krosno.pl\\\/pielegniarstwo\\\/dawid-makowicz-w-plebiscycie-osobowosc-roku-2023\\\/#primaryimage\",\"url\":\"https:\\\/\\\/pans.krosno.pl\\\/pielegniarstwo\\\/wp-content\\\/uploads\\\/sites\\\/8\\\/2024\\\/06\\\/pixelcut-export.png\",\"contentUrl\":\"https:\\\/\\\/pans.krosno.pl\\\/pielegniarstwo\\\/wp-content\\\/uploads\\\/sites\\\/8\\\/2024\\\/06\\\/pixelcut-export.png\",\"width\":1200,\"height\":1200},{\"@type\":\"BreadcrumbList\",\"@id\":\"https:\\\/\\\/pans.krosno.pl\\\/pielegniarstwo\\\/dawid-makowicz-w-plebiscycie-osobowosc-roku-2023\\\/#breadcrumb\",\"itemListElement\":[{\"@type\":\"ListItem\",\"position\":1,\"name\":\"Strona g\u0142\u00f3wna\",\"item\":\"https:\\\/\\\/pans.krosno.pl\\\/pielegniarstwo\\\/\"},{\"@type\":\"ListItem\",\"position\":2,\"name\":\"Dawid Makowicz w plebiscycie Osobowo\u015b\u0107 Roku 2023\"}]},{\"@type\":\"WebSite\",\"@id\":\"https:\\\/\\\/pans.krosno.pl\\\/pielegniarstwo\\\/#website\",\"url\":\"https:\\\/\\\/pans.krosno.pl\\\/pielegniarstwo\\\/\",\"name\":\"Piel\u0119gniarstwo PANS w Kro\u015bnie\",\"description\":\"Piel\u0119gniarstwo - Pa\u0144stwowa Akademia Nauk Stosowanych\",\"publisher\":{\"@id\":\"https:\\\/\\\/pans.krosno.pl\\\/pielegniarstwo\\\/#organization\"},\"potentialAction\":[{\"@type\":\"SearchAction\",\"target\":{\"@type\":\"EntryPoint\",\"urlTemplate\":\"https:\\\/\\\/pans.krosno.pl\\\/pielegniarstwo\\\/?s={search_term_string}\"},\"query-input\":{\"@type\":\"PropertyValueSpecification\",\"valueRequired\":true,\"valueName\":\"search_term_string\"}}],\"inLanguage\":\"pl-PL\"},{\"@type\":\"Organization\",\"@id\":\"https:\\\/\\\/pans.krosno.pl\\\/pielegniarstwo\\\/#organization\",\"name\":\"Piel\u0119gniarstwo PANS w Kro\u015bnie\",\"url\":\"https:\\\/\\\/pans.krosno.pl\\\/pielegniarstwo\\\/\",\"logo\":{\"@type\":\"ImageObject\",\"inLanguage\":\"pl-PL\",\"@id\":\"https:\\\/\\\/pans.krosno.pl\\\/pielegniarstwo\\\/#\\\/schema\\\/logo\\\/image\\\/\",\"url\":\"https:\\\/\\\/pans.krosno.pl\\\/pielegniarstwo\\\/wp-content\\\/uploads\\\/sites\\\/8\\\/2023\\\/01\\\/Logo-PANS-2022-pelne.png\",\"contentUrl\":\"https:\\\/\\\/pans.krosno.pl\\\/pielegniarstwo\\\/wp-content\\\/uploads\\\/sites\\\/8\\\/2023\\\/01\\\/Logo-PANS-2022-pelne.png\",\"width\":3096,\"height\":696,\"caption\":\"Piel\u0119gniarstwo PANS w Kro\u015bnie\"},\"image\":{\"@id\":\"https:\\\/\\\/pans.krosno.pl\\\/pielegniarstwo\\\/#\\\/schema\\\/logo\\\/image\\\/\"}},{\"@type\":\"Person\",\"@id\":\"https:\\\/\\\/pans.krosno.pl\\\/pielegniarstwo\\\/#\\\/schema\\\/person\\\/735ac1b19cc09a23600b926128459aae\",\"name\":\"Micha\u0142 Wojnar\",\"image\":{\"@type\":\"ImageObject\",\"inLanguage\":\"pl-PL\",\"@id\":\"https:\\\/\\\/secure.gravatar.com\\\/avatar\\\/d51d1fe1774d1967596f6c33495b90e637258ef654efa0c46824a1eb595aac93?s=96&d=mm&r=g\",\"url\":\"https:\\\/\\\/secure.gravatar.com\\\/avatar\\\/d51d1fe1774d1967596f6c33495b90e637258ef654efa0c46824a1eb595aac93?s=96&d=mm&r=g\",\"contentUrl\":\"https:\\\/\\\/secure.gravatar.com\\\/avatar\\\/d51d1fe1774d1967596f6c33495b90e637258ef654efa0c46824a1eb595aac93?s=96&d=mm&r=g\",\"caption\":\"Micha\u0142 Wojnar\"},\"url\":\"https:\\\/\\\/pans.krosno.pl\\\/pielegniarstwo\\\/author\\\/michalwojnar\\\/\"}]}<\/script>\n<!-- \/ Yoast SEO Premium plugin. -->","yoast_head_json":{"title":"Dawid Makowicz w plebiscycie Osobowo\u015b\u0107 Roku 2023 - Piel\u0119gniarstwo PANS w Kro\u015bnie","robots":{"index":"index","follow":"follow","max-snippet":"max-snippet:-1","max-image-preview":"max-image-preview:large","max-video-preview":"max-video-preview:-1"},"canonical":"https:\/\/pans.krosno.pl\/pielegniarstwo\/dawid-makowicz-w-plebiscycie-osobowosc-roku-2023\/","og_locale":"pl_PL","og_type":"article","og_title":"Dawid Makowicz w plebiscycie Osobowo\u015b\u0107 Roku 2023","og_description":"Z przyjemno\u015bci\u0105 pragniemy poinformowa\u0107, \u017ce mgr Dawid Makowicz &#8211; pracownik Zak\u0142adu Piel\u0119gniarstwa Pa\u0144stwowej Akademii Nauk Stosowanych w Kro\u015bnie &#8211; zdoby\u0142 1 116 g\u0142os\u00f3w, a tym samym zaj\u0105\u0142 II miejsce w kategorii Dzia\u0142alno\u015b\u0107 spo\u0142eczna i charytatywna w plebiscycie Osobowo\u015b\u0107 Roku 2023, organizowanym przez redakcj\u0119 portalu Nowiny24. Redakcja nominowa\u0142a mgr. Makowicza za [\u2026] Read More","og_url":"https:\/\/pans.krosno.pl\/pielegniarstwo\/dawid-makowicz-w-plebiscycie-osobowosc-roku-2023\/","og_site_name":"Piel\u0119gniarstwo PANS w Kro\u015bnie","article_published_time":"2024-06-24T12:00:56+00:00","article_modified_time":"2024-07-12T11:16:24+00:00","og_image":[{"width":1200,"height":1200,"url":"https:\/\/pans.krosno.pl\/pielegniarstwo\/wp-content\/uploads\/sites\/8\/2024\/06\/pixelcut-export.png","type":"image\/png"}],"author":"Micha\u0142 Wojnar","twitter_card":"summary_large_image","twitter_misc":{"Napisane przez":"Micha\u0142 Wojnar","Szacowany czas czytania":"2 minuty"},"schema":{"@context":"https:\/\/schema.org","@graph":[{"@type":"Article","@id":"https:\/\/pans.krosno.pl\/pielegniarstwo\/dawid-makowicz-w-plebiscycie-osobowosc-roku-2023\/#article","isPartOf":{"@id":"https:\/\/pans.krosno.pl\/pielegniarstwo\/dawid-makowicz-w-plebiscycie-osobowosc-roku-2023\/"},"author":{"name":"Micha\u0142 Wojnar","@id":"https:\/\/pans.krosno.pl\/pielegniarstwo\/#\/schema\/person\/735ac1b19cc09a23600b926128459aae"},"headline":"Dawid Makowicz w plebiscycie Osobowo\u015b\u0107 Roku 2023","datePublished":"2024-06-24T12:00:56+00:00","dateModified":"2024-07-12T11:16:24+00:00","mainEntityOfPage":{"@id":"https:\/\/pans.krosno.pl\/pielegniarstwo\/dawid-makowicz-w-plebiscycie-osobowosc-roku-2023\/"},"wordCount":181,"commentCount":0,"publisher":{"@id":"https:\/\/pans.krosno.pl\/pielegniarstwo\/#organization"},"image":{"@id":"https:\/\/pans.krosno.pl\/pielegniarstwo\/dawid-makowicz-w-plebiscycie-osobowosc-roku-2023\/#primaryimage"},"thumbnailUrl":"https:\/\/pans.krosno.pl\/pielegniarstwo\/wp-content\/uploads\/sites\/8\/2024\/06\/pixelcut-export.png","inLanguage":"pl-PL","potentialAction":[{"@type":"CommentAction","name":"Comment","target":["https:\/\/pans.krosno.pl\/pielegniarstwo\/dawid-makowicz-w-plebiscycie-osobowosc-roku-2023\/#respond"]}]},{"@type":"WebPage","@id":"https:\/\/pans.krosno.pl\/pielegniarstwo\/dawid-makowicz-w-plebiscycie-osobowosc-roku-2023\/","url":"https:\/\/pans.krosno.pl\/pielegniarstwo\/dawid-makowicz-w-plebiscycie-osobowosc-roku-2023\/","name":"Dawid Makowicz w plebiscycie Osobowo\u015b\u0107 Roku 2023 - Piel\u0119gniarstwo PANS w Kro\u015bnie","isPartOf":{"@id":"https:\/\/pans.krosno.pl\/pielegniarstwo\/#website"},"primaryImageOfPage":{"@id":"https:\/\/pans.krosno.pl\/pielegniarstwo\/dawid-makowicz-w-plebiscycie-osobowosc-roku-2023\/#primaryimage"},"image":{"@id":"https:\/\/pans.krosno.pl\/pielegniarstwo\/dawid-makowicz-w-plebiscycie-osobowosc-roku-2023\/#primaryimage"},"thumbnailUrl":"https:\/\/pans.krosno.pl\/pielegniarstwo\/wp-content\/uploads\/sites\/8\/2024\/06\/pixelcut-export.png","datePublished":"2024-06-24T12:00:56+00:00","dateModified":"2024-07-12T11:16:24+00:00","breadcrumb":{"@id":"https:\/\/pans.krosno.pl\/pielegniarstwo\/dawid-makowicz-w-plebiscycie-osobowosc-roku-2023\/#breadcrumb"},"inLanguage":"pl-PL","potentialAction":[{"@type":"ReadAction","target":["https:\/\/pans.krosno.pl\/pielegniarstwo\/dawid-makowicz-w-plebiscycie-osobowosc-roku-2023\/"]}]},{"@type":"ImageObject","inLanguage":"pl-PL","@id":"https:\/\/pans.krosno.pl\/pielegniarstwo\/dawid-makowicz-w-plebiscycie-osobowosc-roku-2023\/#primaryimage","url":"https:\/\/pans.krosno.pl\/pielegniarstwo\/wp-content\/uploads\/sites\/8\/2024\/06\/pixelcut-export.png","contentUrl":"https:\/\/pans.krosno.pl\/pielegniarstwo\/wp-content\/uploads\/sites\/8\/2024\/06\/pixelcut-export.png","width":1200,"height":1200},{"@type":"BreadcrumbList","@id":"https:\/\/pans.krosno.pl\/pielegniarstwo\/dawid-makowicz-w-plebiscycie-osobowosc-roku-2023\/#breadcrumb","itemListElement":[{"@type":"ListItem","position":1,"name":"Strona g\u0142\u00f3wna","item":"https:\/\/pans.krosno.pl\/pielegniarstwo\/"},{"@type":"ListItem","position":2,"name":"Dawid Makowicz w plebiscycie Osobowo\u015b\u0107 Roku 2023"}]},{"@type":"WebSite","@id":"https:\/\/pans.krosno.pl\/pielegniarstwo\/#website","url":"https:\/\/pans.krosno.pl\/pielegniarstwo\/","name":"Piel\u0119gniarstwo PANS w Kro\u015bnie","description":"Piel\u0119gniarstwo - Pa\u0144stwowa Akademia Nauk Stosowanych","publisher":{"@id":"https:\/\/pans.krosno.pl\/pielegniarstwo\/#organization"},"potentialAction":[{"@type":"SearchAction","target":{"@type":"EntryPoint","urlTemplate":"https:\/\/pans.krosno.pl\/pielegniarstwo\/?s={search_term_string}"},"query-input":{"@type":"PropertyValueSpecification","valueRequired":true,"valueName":"search_term_string"}}],"inLanguage":"pl-PL"},{"@type":"Organization","@id":"https:\/\/pans.krosno.pl\/pielegniarstwo\/#organization","name":"Piel\u0119gniarstwo PANS w Kro\u015bnie","url":"https:\/\/pans.krosno.pl\/pielegniarstwo\/","logo":{"@type":"ImageObject","inLanguage":"pl-PL","@id":"https:\/\/pans.krosno.pl\/pielegniarstwo\/#\/schema\/logo\/image\/","url":"https:\/\/pans.krosno.pl\/pielegniarstwo\/wp-content\/uploads\/sites\/8\/2023\/01\/Logo-PANS-2022-pelne.png","contentUrl":"https:\/\/pans.krosno.pl\/pielegniarstwo\/wp-content\/uploads\/sites\/8\/2023\/01\/Logo-PANS-2022-pelne.png","width":3096,"height":696,"caption":"Piel\u0119gniarstwo PANS w Kro\u015bnie"},"image":{"@id":"https:\/\/pans.krosno.pl\/pielegniarstwo\/#\/schema\/logo\/image\/"}},{"@type":"Person","@id":"https:\/\/pans.krosno.pl\/pielegniarstwo\/#\/schema\/person\/735ac1b19cc09a23600b926128459aae","name":"Micha\u0142 Wojnar","image":{"@type":"ImageObject","inLanguage":"pl-PL","@id":"https:\/\/secure.gravatar.com\/avatar\/d51d1fe1774d1967596f6c33495b90e637258ef654efa0c46824a1eb595aac93?s=96&d=mm&r=g","url":"https:\/\/secure.gravatar.com\/avatar\/d51d1fe1774d1967596f6c33495b90e637258ef654efa0c46824a1eb595aac93?s=96&d=mm&r=g","contentUrl":"https:\/\/secure.gravatar.com\/avatar\/d51d1fe1774d1967596f6c33495b90e637258ef654efa0c46824a1eb595aac93?s=96&d=mm&r=g","caption":"Micha\u0142 Wojnar"},"url":"https:\/\/pans.krosno.pl\/pielegniarstwo\/author\/michalwojnar\/"}]}},"_links":{"self":[{"href":"https:\/\/pans.krosno.pl\/pielegniarstwo\/wp-json\/wp\/v2\/posts\/5353","targetHints":{"allow":["GET"]}}],"collection":[{"href":"https:\/\/pans.krosno.pl\/pielegniarstwo\/wp-json\/wp\/v2\/posts"}],"about":[{"href":"https:\/\/pans.krosno.pl\/pielegniarstwo\/wp-json\/wp\/v2\/types\/post"}],"author":[{"embeddable":true,"href":"https:\/\/pans.krosno.pl\/pielegniarstwo\/wp-json\/wp\/v2\/users\/95"}],"replies":[{"embeddable":true,"href":"https:\/\/pans.krosno.pl\/pielegniarstwo\/wp-json\/wp\/v2\/comments?post=5353"}],"version-history":[{"count":6,"href":"https:\/\/pans.krosno.pl\/pielegniarstwo\/wp-json\/wp\/v2\/posts\/5353\/revisions"}],"predecessor-version":[{"id":5399,"href":"https:\/\/pans.krosno.pl\/pielegniarstwo\/wp-json\/wp\/v2\/posts\/5353\/revisions\/5399"}],"wp:featuredmedia":[{"embeddable":true,"href":"https:\/\/pans.krosno.pl\/pielegniarstwo\/wp-json\/wp\/v2\/media\/5354"}],"wp:attachment":[{"href":"https:\/\/pans.krosno.pl\/pielegniarstwo\/wp-json\/wp\/v2\/media?parent=5353"}],"wp:term":[{"taxonomy":"category","embeddable":true,"href":"https:\/\/pans.krosno.pl\/pielegniarstwo\/wp-json\/wp\/v2\/categories?post=5353"},{"taxonomy":"post_tag","embeddable":true,"href":"https:\/\/pans.krosno.pl\/pielegniarstwo\/wp-json\/wp\/v2\/tags?post=5353"}],"curies":[{"name":"wp","href":"https:\/\/api.w.org\/{rel}","templated":true}]}}