{"id":5212,"date":"2024-04-15T09:30:25","date_gmt":"2024-04-15T07:30:25","guid":{"rendered":"https:\/\/pans.krosno.pl\/pielegniarstwo\/?p=5212"},"modified":"2024-04-15T09:40:07","modified_gmt":"2024-04-15T07:40:07","slug":"swiatowy-dzien-zdrowia-2024","status":"publish","type":"post","link":"https:\/\/pans.krosno.pl\/pielegniarstwo\/swiatowy-dzien-zdrowia-2024\/","title":{"rendered":"\u015awiatowy Dzie\u0144 Zdrowia 2024"},"content":{"rendered":"\n<p>7 kwietnia corocznie obchodzimy <strong>\u015awiatowy Dzie\u0144 Zdrowia<\/strong>, ustanowiony przez \u015awiatow\u0105 Organizacj\u0119 Zdrowia (WHO) aby mobilizowa\u0107 ludzi na ca\u0142ym \u015bwiecie do podejmowania dzia\u0142a\u0144 zmierzaj\u0105cych do poprawy zdrowia. Ten dzie\u0144, to r\u00f3wnie\u017c \u015bwi\u0119to wszystkich Pracownik\u00f3w Ochrony Zdrowia.<\/p>\n\n\n\n<p>W ramach obchod\u00f3w \u015awiatowego Dnia Zdrowia 2024, kt\u00f3rego has\u0142o brzmi\u00a0<strong><em>Moje zdrowie, moje prawo<\/em><\/strong>, w dniu 8 kwietnia br. Pa\u0144stwowa Akademia Nauk Stosowanych w Kro\u015bnie zorganizowa\u0142a wyk\u0142ady i szkolenia, kt\u00f3re mia\u0142y pokaza\u0107, \u017ce zdrowie jest najwa\u017cniejsze i warto podejmowa\u0107 wszelkie dzia\u0142ania, aby je zachowa\u0107 i poprawi\u0107.<\/p>\n\n\n\n<p>By\u0142o to wsp\u00f3lne przedsi\u0119wzi\u0119cie kilku kierunk\u00f3w Instytutu Zdrowia i Gospodarki, tj.: Piel\u0119gniarstwa, Po\u0142o\u017cnictwa, Ratownictwa Medycznego, Wychowania Fizycznego, Zielarstwa oraz Produkcji i Bezpiecze\u0144stwa \u017bywno\u015bci.<\/p>\n\n\n\n<p>Uroczystego otwarcia tegorocznego Dnia Zdrowia dokonali <strong>dr hab. Zbigniew Barabasz, prof. PANS<\/strong> \u2013 Rektor oraz <strong>dr Renata Dziubaszewska<\/strong> \u2013 Dyrektor Instytutu Zdrowia i Gospodarki.<\/p>\n\n\n\n<figure class=\"wp-block-image size-full\"><img loading=\"lazy\" decoding=\"async\" width=\"1024\" height=\"683\" src=\"https:\/\/pans.krosno.pl\/pielegniarstwo\/wp-content\/uploads\/sites\/8\/2024\/04\/DSCF3304-1024x683-1.jpg\" alt=\"\" class=\"wp-image-5214\" srcset=\"https:\/\/pans.krosno.pl\/pielegniarstwo\/wp-content\/uploads\/sites\/8\/2024\/04\/DSCF3304-1024x683-1.jpg 1024w, https:\/\/pans.krosno.pl\/pielegniarstwo\/wp-content\/uploads\/sites\/8\/2024\/04\/DSCF3304-1024x683-1-300x200.jpg 300w, https:\/\/pans.krosno.pl\/pielegniarstwo\/wp-content\/uploads\/sites\/8\/2024\/04\/DSCF3304-1024x683-1-768x512.jpg 768w, https:\/\/pans.krosno.pl\/pielegniarstwo\/wp-content\/uploads\/sites\/8\/2024\/04\/DSCF3304-1024x683-1-800x534.jpg 800w, https:\/\/pans.krosno.pl\/pielegniarstwo\/wp-content\/uploads\/sites\/8\/2024\/04\/DSCF3304-1024x683-1-580x387.jpg 580w\" sizes=\"auto, (max-width: 1024px) 100vw, 1024px\" \/><\/figure>\n\n\n\n<figure class=\"wp-block-image size-full\"><img loading=\"lazy\" decoding=\"async\" width=\"1024\" height=\"683\" src=\"https:\/\/pans.krosno.pl\/pielegniarstwo\/wp-content\/uploads\/sites\/8\/2024\/04\/DSCF3251-1024x683-1.jpg\" alt=\"\" class=\"wp-image-5213\" srcset=\"https:\/\/pans.krosno.pl\/pielegniarstwo\/wp-content\/uploads\/sites\/8\/2024\/04\/DSCF3251-1024x683-1.jpg 1024w, https:\/\/pans.krosno.pl\/pielegniarstwo\/wp-content\/uploads\/sites\/8\/2024\/04\/DSCF3251-1024x683-1-300x200.jpg 300w, https:\/\/pans.krosno.pl\/pielegniarstwo\/wp-content\/uploads\/sites\/8\/2024\/04\/DSCF3251-1024x683-1-768x512.jpg 768w, https:\/\/pans.krosno.pl\/pielegniarstwo\/wp-content\/uploads\/sites\/8\/2024\/04\/DSCF3251-1024x683-1-800x534.jpg 800w, https:\/\/pans.krosno.pl\/pielegniarstwo\/wp-content\/uploads\/sites\/8\/2024\/04\/DSCF3251-1024x683-1-580x387.jpg 580w\" sizes=\"auto, (max-width: 1024px) 100vw, 1024px\" \/><\/figure>\n\n\n\n<p>Wydarzenie poprowadzili <strong>mgr Micha\u0142 Wojnar<\/strong>, pracownik Zak\u0142adu Piel\u0119gniarstwa oraz <strong>Agata Fio\u0142ek<\/strong>, studentka II roku kierunku Po\u0142o\u017cnictwo.<\/p>\n\n\n\n<p>Do udzia\u0142u w nim zaproszono uczni\u00f3w wraz z nauczycielami z I Liceum Og\u00f3lnokszta\u0142c\u0105cego im. Miko\u0142aja Kopernika w Kro\u015bnie, Zespo\u0142u Szk\u00f3\u0142 Elektrycznych i Og\u00f3lnokszta\u0142c\u0105cych w Kro\u015bnie, a tak\u017ce pracownik\u00f3w i student\u00f3w Pa\u0144stwowej Akademii Nauk Stosowanych w Kro\u015bnie.<\/p>\n\n\n\n<figure class=\"wp-block-image size-full\"><img loading=\"lazy\" decoding=\"async\" width=\"1024\" height=\"683\" src=\"https:\/\/pans.krosno.pl\/pielegniarstwo\/wp-content\/uploads\/sites\/8\/2024\/04\/DSCF3778-1024x683-1.jpg\" alt=\"\" class=\"wp-image-5215\" srcset=\"https:\/\/pans.krosno.pl\/pielegniarstwo\/wp-content\/uploads\/sites\/8\/2024\/04\/DSCF3778-1024x683-1.jpg 1024w, https:\/\/pans.krosno.pl\/pielegniarstwo\/wp-content\/uploads\/sites\/8\/2024\/04\/DSCF3778-1024x683-1-300x200.jpg 300w, https:\/\/pans.krosno.pl\/pielegniarstwo\/wp-content\/uploads\/sites\/8\/2024\/04\/DSCF3778-1024x683-1-768x512.jpg 768w, https:\/\/pans.krosno.pl\/pielegniarstwo\/wp-content\/uploads\/sites\/8\/2024\/04\/DSCF3778-1024x683-1-800x534.jpg 800w, https:\/\/pans.krosno.pl\/pielegniarstwo\/wp-content\/uploads\/sites\/8\/2024\/04\/DSCF3778-1024x683-1-580x387.jpg 580w\" sizes=\"auto, (max-width: 1024px) 100vw, 1024px\" \/><\/figure>\n\n\n\n<figure class=\"wp-block-image size-full\"><img loading=\"lazy\" decoding=\"async\" width=\"1024\" height=\"683\" src=\"https:\/\/pans.krosno.pl\/pielegniarstwo\/wp-content\/uploads\/sites\/8\/2024\/04\/DSCF3510-1024x683-1.jpg\" alt=\"\" class=\"wp-image-5216\" srcset=\"https:\/\/pans.krosno.pl\/pielegniarstwo\/wp-content\/uploads\/sites\/8\/2024\/04\/DSCF3510-1024x683-1.jpg 1024w, https:\/\/pans.krosno.pl\/pielegniarstwo\/wp-content\/uploads\/sites\/8\/2024\/04\/DSCF3510-1024x683-1-300x200.jpg 300w, https:\/\/pans.krosno.pl\/pielegniarstwo\/wp-content\/uploads\/sites\/8\/2024\/04\/DSCF3510-1024x683-1-768x512.jpg 768w, https:\/\/pans.krosno.pl\/pielegniarstwo\/wp-content\/uploads\/sites\/8\/2024\/04\/DSCF3510-1024x683-1-800x534.jpg 800w, https:\/\/pans.krosno.pl\/pielegniarstwo\/wp-content\/uploads\/sites\/8\/2024\/04\/DSCF3510-1024x683-1-580x387.jpg 580w\" sizes=\"auto, (max-width: 1024px) 100vw, 1024px\" \/><\/figure>\n\n\n\n<p>W tematyk\u0119 tegorocznego dnia Zdrowia wprowadzi\u0142a <strong>prof. Teresa Bernadetta Kulik<\/strong>, konsultant wojew\u00f3dzki w dziedzinie Zdrowia publicznego, pracownik Zak\u0142adu Piel\u0119gniarstwa. Pani Profesor przypomnia\u0142a, \u017ce wszyscy mamy prawo do us\u0142ug zdrowotnych na najwy\u017cszym poziomie, edukacji i informacji, a tak\u017ce do czystej wody, \u015bwie\u017cego powietrza, dobrego po\u017cywienia; po prostu godnego \u017cycia bez dyskryminacji.<\/p>\n\n\n\n<figure class=\"wp-block-image size-full\"><img loading=\"lazy\" decoding=\"async\" width=\"1024\" height=\"683\" src=\"https:\/\/pans.krosno.pl\/pielegniarstwo\/wp-content\/uploads\/sites\/8\/2024\/04\/DSCF3457-1024x683-1.jpg\" alt=\"\" class=\"wp-image-5217\" srcset=\"https:\/\/pans.krosno.pl\/pielegniarstwo\/wp-content\/uploads\/sites\/8\/2024\/04\/DSCF3457-1024x683-1.jpg 1024w, https:\/\/pans.krosno.pl\/pielegniarstwo\/wp-content\/uploads\/sites\/8\/2024\/04\/DSCF3457-1024x683-1-300x200.jpg 300w, https:\/\/pans.krosno.pl\/pielegniarstwo\/wp-content\/uploads\/sites\/8\/2024\/04\/DSCF3457-1024x683-1-768x512.jpg 768w, https:\/\/pans.krosno.pl\/pielegniarstwo\/wp-content\/uploads\/sites\/8\/2024\/04\/DSCF3457-1024x683-1-800x534.jpg 800w, https:\/\/pans.krosno.pl\/pielegniarstwo\/wp-content\/uploads\/sites\/8\/2024\/04\/DSCF3457-1024x683-1-580x387.jpg 580w\" sizes=\"auto, (max-width: 1024px) 100vw, 1024px\" \/><\/figure>\n\n\n\n<p>Wyk\u0142ad pt. <em>W poszukiwaniu r\u00f3wnowagi: przejrzyste spojrzenie na zdrowe od\u017cywianie. M\u00f3j talerz \u2013 moje prawo<\/em> zaprezentowa\u0142a <strong>mgr Agnieszka Momora<\/strong>, dietetyk kliniczny i psychodietetyk, kt\u00f3ra na co dzie\u0144 pracuje w Centrum Medycznym Medyk w Rzeszowie. Wyk\u0142ad ten by\u0142 okazj\u0105 do dyskusji o znaczeniu zr\u00f3wnowa\u017conej diety, bilansowaniu posi\u0142k\u00f3w oraz zasadach komponowania talerza zdrowia.<\/p>\n\n\n\n<figure class=\"wp-block-image size-full\"><img loading=\"lazy\" decoding=\"async\" width=\"1024\" height=\"683\" src=\"https:\/\/pans.krosno.pl\/pielegniarstwo\/wp-content\/uploads\/sites\/8\/2024\/04\/DSCF3690-1024x683-1.jpg\" alt=\"\" class=\"wp-image-5218\" srcset=\"https:\/\/pans.krosno.pl\/pielegniarstwo\/wp-content\/uploads\/sites\/8\/2024\/04\/DSCF3690-1024x683-1.jpg 1024w, https:\/\/pans.krosno.pl\/pielegniarstwo\/wp-content\/uploads\/sites\/8\/2024\/04\/DSCF3690-1024x683-1-300x200.jpg 300w, https:\/\/pans.krosno.pl\/pielegniarstwo\/wp-content\/uploads\/sites\/8\/2024\/04\/DSCF3690-1024x683-1-768x512.jpg 768w, https:\/\/pans.krosno.pl\/pielegniarstwo\/wp-content\/uploads\/sites\/8\/2024\/04\/DSCF3690-1024x683-1-800x534.jpg 800w, https:\/\/pans.krosno.pl\/pielegniarstwo\/wp-content\/uploads\/sites\/8\/2024\/04\/DSCF3690-1024x683-1-580x387.jpg 580w\" sizes=\"auto, (max-width: 1024px) 100vw, 1024px\" \/><\/figure>\n\n\n\n<p><strong>Zmobilizuj si\u0119 dla zdrowia! <\/strong>Zgodnie z tym has\u0142em wyk\u0142adowcy Zak\u0142adu Wychowania Fizycznego i Piel\u0119gniarstwa pr\u00f3bowali zach\u0119ci\u0107 uczni\u00f3w szk\u00f3\u0142 ponadpodstawowych oraz student\u00f3w PANS do regularnego podejmowania aktywno\u015bci fizycznej. Podczas trwania prelekcji <strong>dr Moniki Musijowskiej<\/strong>, studenci Wychowania fizycznego, do kt\u00f3rych do\u0142\u0105czyli studenci z I LO w Kro\u015bnie, pod okiem <strong>mgr Marzeny Szepieniec<\/strong> oraz <strong>mgr Dominika Stanis\u0142awczyka<\/strong> prezentowali \u0107wiczenia w formie obwodu stacyjnego. Dodatkowo ka\u017cdy z wyst\u0119puj\u0105cych mia\u0142 za\u0142o\u017con\u0105 na ramieniu opask\u0119 z pulsometrem Polar, dzi\u0119ki czemu wszyscy uczestnicy wydarzenia mogli na bie\u017c\u0105co obserwowa\u0107 na monitorze jak zmienia si\u0119 t\u0119tno, a tym samym intensywno\u015b\u0107 wysi\u0142ku os\u00f3b \u0107wicz\u0105cych. Jak podkre\u015bla\u0142a wielokrotnie prowadz\u0105ca prelekcj\u0119: <strong><em>Najwa\u017cniejsze jest to, \u017ceby si\u0119 po prostu rusza\u0107.<\/em><\/strong><\/p>\n\n\n\n<figure class=\"wp-block-image size-full\"><img loading=\"lazy\" decoding=\"async\" width=\"1024\" height=\"683\" src=\"https:\/\/pans.krosno.pl\/pielegniarstwo\/wp-content\/uploads\/sites\/8\/2024\/04\/DSCF3809-1024x683-1.jpg\" alt=\"\" class=\"wp-image-5219\" srcset=\"https:\/\/pans.krosno.pl\/pielegniarstwo\/wp-content\/uploads\/sites\/8\/2024\/04\/DSCF3809-1024x683-1.jpg 1024w, https:\/\/pans.krosno.pl\/pielegniarstwo\/wp-content\/uploads\/sites\/8\/2024\/04\/DSCF3809-1024x683-1-300x200.jpg 300w, https:\/\/pans.krosno.pl\/pielegniarstwo\/wp-content\/uploads\/sites\/8\/2024\/04\/DSCF3809-1024x683-1-768x512.jpg 768w, https:\/\/pans.krosno.pl\/pielegniarstwo\/wp-content\/uploads\/sites\/8\/2024\/04\/DSCF3809-1024x683-1-800x534.jpg 800w, https:\/\/pans.krosno.pl\/pielegniarstwo\/wp-content\/uploads\/sites\/8\/2024\/04\/DSCF3809-1024x683-1-580x387.jpg 580w\" sizes=\"auto, (max-width: 1024px) 100vw, 1024px\" \/><\/figure>\n\n\n\n<figure class=\"wp-block-image size-full\"><img loading=\"lazy\" decoding=\"async\" width=\"1024\" height=\"683\" src=\"https:\/\/pans.krosno.pl\/pielegniarstwo\/wp-content\/uploads\/sites\/8\/2024\/04\/DSCF3878-1024x683-1.jpg\" alt=\"\" class=\"wp-image-5220\" srcset=\"https:\/\/pans.krosno.pl\/pielegniarstwo\/wp-content\/uploads\/sites\/8\/2024\/04\/DSCF3878-1024x683-1.jpg 1024w, https:\/\/pans.krosno.pl\/pielegniarstwo\/wp-content\/uploads\/sites\/8\/2024\/04\/DSCF3878-1024x683-1-300x200.jpg 300w, https:\/\/pans.krosno.pl\/pielegniarstwo\/wp-content\/uploads\/sites\/8\/2024\/04\/DSCF3878-1024x683-1-768x512.jpg 768w, https:\/\/pans.krosno.pl\/pielegniarstwo\/wp-content\/uploads\/sites\/8\/2024\/04\/DSCF3878-1024x683-1-800x534.jpg 800w, https:\/\/pans.krosno.pl\/pielegniarstwo\/wp-content\/uploads\/sites\/8\/2024\/04\/DSCF3878-1024x683-1-580x387.jpg 580w\" sizes=\"auto, (max-width: 1024px) 100vw, 1024px\" \/><\/figure>\n\n\n\n<h3 class=\"wp-block-heading\" id=\"h-ogromnym-zainteresowaniem-cieszyly-sie-zorganizowane-warsztaty-tematyczne\"><strong>Ogromnym zainteresowaniem cieszy\u0142y si\u0119 zorganizowane warsztaty tematyczne<\/strong><\/h3>\n\n\n\n<p><strong>Kierunek Piel\u0119gniarstwo<\/strong> wsp\u00f3\u0142organizowa\u0142 warsztat <em>Jak odnale\u017a\u0107 harmoni\u0119 i zbudowa\u0107 dobre relacje z jedzeniem<\/em>, kt\u00f3ry poprowadzi\u0142a <strong>mgr Agnieszka Momora przy wsp\u00f3\u0142pracy z dr Agnieszk\u0105 Kijowsk\u0105. <\/strong>Uczestnicy mogli&nbsp;wymieni\u0107 si\u0119 do\u015bwiadczeniami i dyskutowa\u0107 o wyzwaniach zwi\u0105zanych ze zmian\u0105 nawyk\u00f3w \u017cywieniowych. Podczas warsztatu uczniowie pracowali nad wprowadzaniem zmian w swoich dietach, bazuj\u0105c na aktualnych nawykach. Zadania psychodietetyczne, takie jak ko\u0142o \u017cycia i planowanie rutyny, pomog\u0142y uczestnikom zrozumie\u0107, jak emocje i codzienne czynno\u015bci wp\u0142ywaj\u0105 na ich wybory \u017cywieniowe. Warsztat dostarczy\u0142 uczniom kompleksowej wiedzy na temat zdrowego od\u017cywiania i da\u0142 im narz\u0119dzia do \u015bwiadomego kszta\u0142towania swoich nawyk\u00f3w \u017cywieniowych, co ma kluczowe znaczenie dla utrzymania dobrego stanu zdrowia i samopoczucia.<\/p>\n\n\n\n<figure class=\"wp-block-image size-full\"><img loading=\"lazy\" decoding=\"async\" width=\"1024\" height=\"683\" src=\"https:\/\/pans.krosno.pl\/pielegniarstwo\/wp-content\/uploads\/sites\/8\/2024\/04\/DSCF4118-1024x683-1.jpg\" alt=\"\" class=\"wp-image-5221\" srcset=\"https:\/\/pans.krosno.pl\/pielegniarstwo\/wp-content\/uploads\/sites\/8\/2024\/04\/DSCF4118-1024x683-1.jpg 1024w, https:\/\/pans.krosno.pl\/pielegniarstwo\/wp-content\/uploads\/sites\/8\/2024\/04\/DSCF4118-1024x683-1-300x200.jpg 300w, https:\/\/pans.krosno.pl\/pielegniarstwo\/wp-content\/uploads\/sites\/8\/2024\/04\/DSCF4118-1024x683-1-768x512.jpg 768w, https:\/\/pans.krosno.pl\/pielegniarstwo\/wp-content\/uploads\/sites\/8\/2024\/04\/DSCF4118-1024x683-1-800x534.jpg 800w, https:\/\/pans.krosno.pl\/pielegniarstwo\/wp-content\/uploads\/sites\/8\/2024\/04\/DSCF4118-1024x683-1-580x387.jpg 580w\" sizes=\"auto, (max-width: 1024px) 100vw, 1024px\" \/><\/figure>\n\n\n\n<p><strong>Cz\u0142onkowie SKN Po\u0142o\u017cnictwo<\/strong> przedstawili warsztat <em>\u015awiat noworodka. <\/em>Uczestnicy mogli zapozna\u0107 si\u0119 z charakterystyk\u0105 okresu noworodkowego, schematami komunikacji ze \u015brodowiskiem oraz adaptacj\u0105 do warunk\u00f3w \u017cycia poza macic\u0105. Zaprezentowano tak\u017ce podstawowe zasady piel\u0119gnacji noworodka, a ka\u017cdy z uczni\u00f3w ochoczo uczestniczy\u0142 w przygotowanych zadaniach.<\/p>\n\n\n\n<figure class=\"wp-block-image size-full\"><img loading=\"lazy\" decoding=\"async\" width=\"1024\" height=\"683\" src=\"https:\/\/pans.krosno.pl\/pielegniarstwo\/wp-content\/uploads\/sites\/8\/2024\/04\/DSCF4455-1024x683-1.jpg\" alt=\"\" class=\"wp-image-5222\" srcset=\"https:\/\/pans.krosno.pl\/pielegniarstwo\/wp-content\/uploads\/sites\/8\/2024\/04\/DSCF4455-1024x683-1.jpg 1024w, https:\/\/pans.krosno.pl\/pielegniarstwo\/wp-content\/uploads\/sites\/8\/2024\/04\/DSCF4455-1024x683-1-300x200.jpg 300w, https:\/\/pans.krosno.pl\/pielegniarstwo\/wp-content\/uploads\/sites\/8\/2024\/04\/DSCF4455-1024x683-1-768x512.jpg 768w, https:\/\/pans.krosno.pl\/pielegniarstwo\/wp-content\/uploads\/sites\/8\/2024\/04\/DSCF4455-1024x683-1-800x534.jpg 800w, https:\/\/pans.krosno.pl\/pielegniarstwo\/wp-content\/uploads\/sites\/8\/2024\/04\/DSCF4455-1024x683-1-580x387.jpg 580w\" sizes=\"auto, (max-width: 1024px) 100vw, 1024px\" \/><\/figure>\n\n\n\n<p><strong>Cz\u0142onkowie SKN Medycyny Ratunkowej<\/strong> wraz z opiekunem <strong>mgr Jakubem Zalewskim<\/strong> przygotowali warsztat <em>Ratunkowe ABC\u2026 Reanimacja z przymru\u017ceniem oka.<\/em><\/p>\n\n\n\n<p>Uczniowie na pierwszym stanowisku wykonywali zaawansowane zabiegi reanimacyjne. Z pomoc\u0105 student\u00f3w kierunku Ratownictwo medyczne prowadzili dzia\u0142ania ratunkowe, u\u017cywaj\u0105c m.in. defibrylatora, respiratora czy pompy infuzyjnej. Mogli wykona\u0107 tak\u017ce intubacj\u0119 dotchawicz\u0105. W drugim zdarzeniu bra\u0142 udzia\u0142 poszkodowany, kt\u00f3ry w wyniku nieszcz\u0119\u015bliwego wypadku straci\u0142 ko\u0144czyn\u0119 g\u00f3rn\u0105 i doln\u0105, w wyniku czego dosz\u0142o u niego do masywnego krwawienia. Zadaniem uczestnik\u00f3w warsztatu by\u0142o zatamowanie krwotoku za pomoc\u0105 opasek uciskowych i opatrunk\u00f3w, zaopatrzenie obra\u017ce\u0144 i wdro\u017cenie czynno\u015bci stabilizuj\u0105cych u rannej osoby.<\/p>\n\n\n\n<figure class=\"wp-block-image size-full\"><img loading=\"lazy\" decoding=\"async\" width=\"1024\" height=\"683\" src=\"https:\/\/pans.krosno.pl\/pielegniarstwo\/wp-content\/uploads\/sites\/8\/2024\/04\/DSCF4250-1024x683-1.jpg\" alt=\"\" class=\"wp-image-5223\" srcset=\"https:\/\/pans.krosno.pl\/pielegniarstwo\/wp-content\/uploads\/sites\/8\/2024\/04\/DSCF4250-1024x683-1.jpg 1024w, https:\/\/pans.krosno.pl\/pielegniarstwo\/wp-content\/uploads\/sites\/8\/2024\/04\/DSCF4250-1024x683-1-300x200.jpg 300w, https:\/\/pans.krosno.pl\/pielegniarstwo\/wp-content\/uploads\/sites\/8\/2024\/04\/DSCF4250-1024x683-1-768x512.jpg 768w, https:\/\/pans.krosno.pl\/pielegniarstwo\/wp-content\/uploads\/sites\/8\/2024\/04\/DSCF4250-1024x683-1-800x534.jpg 800w, https:\/\/pans.krosno.pl\/pielegniarstwo\/wp-content\/uploads\/sites\/8\/2024\/04\/DSCF4250-1024x683-1-580x387.jpg 580w\" sizes=\"auto, (max-width: 1024px) 100vw, 1024px\" \/><\/figure>\n\n\n\n<figure class=\"wp-block-image size-full\"><img loading=\"lazy\" decoding=\"async\" width=\"1024\" height=\"683\" src=\"https:\/\/pans.krosno.pl\/pielegniarstwo\/wp-content\/uploads\/sites\/8\/2024\/04\/DSCF4319-1024x683-1.jpg\" alt=\"\" class=\"wp-image-5224\" srcset=\"https:\/\/pans.krosno.pl\/pielegniarstwo\/wp-content\/uploads\/sites\/8\/2024\/04\/DSCF4319-1024x683-1.jpg 1024w, https:\/\/pans.krosno.pl\/pielegniarstwo\/wp-content\/uploads\/sites\/8\/2024\/04\/DSCF4319-1024x683-1-300x200.jpg 300w, https:\/\/pans.krosno.pl\/pielegniarstwo\/wp-content\/uploads\/sites\/8\/2024\/04\/DSCF4319-1024x683-1-768x512.jpg 768w, https:\/\/pans.krosno.pl\/pielegniarstwo\/wp-content\/uploads\/sites\/8\/2024\/04\/DSCF4319-1024x683-1-800x534.jpg 800w, https:\/\/pans.krosno.pl\/pielegniarstwo\/wp-content\/uploads\/sites\/8\/2024\/04\/DSCF4319-1024x683-1-580x387.jpg 580w\" sizes=\"auto, (max-width: 1024px) 100vw, 1024px\" \/><\/figure>\n\n\n\n<p>Kierunek <strong>Wychowanie fizyczne <\/strong>zorganizowa\u0142 warsztat <em>Ruch to zdrowie, <\/em>kt\u00f3ry poprowadzi\u0142a <strong>mgr Paulina Fa\u0142at-Kosiek. <\/strong>Uczniowie mogli sprawdzi\u0107, jak zmienia si\u0119 ich t\u0119tno wraz ze wzrostem\u00a0wysi\u0142ku. Podczas pracy w grupach uczyli si\u0119, jak samodzielnie przygotowa\u0107 trening Tabaty, jak prawid\u0142owo wykonywa\u0107 \u0107wiczenia oraz jakie przybory mo\u017cna wykorzysta\u0107 podczas treningu. Na koniec wykonali \u0107wiczenia stretchingowe.<\/p>\n\n\n\n<figure class=\"wp-block-image size-full\"><img loading=\"lazy\" decoding=\"async\" width=\"1024\" height=\"683\" src=\"https:\/\/pans.krosno.pl\/pielegniarstwo\/wp-content\/uploads\/sites\/8\/2024\/04\/DSCF4152-1024x683-1.jpg\" alt=\"\" class=\"wp-image-5225\" srcset=\"https:\/\/pans.krosno.pl\/pielegniarstwo\/wp-content\/uploads\/sites\/8\/2024\/04\/DSCF4152-1024x683-1.jpg 1024w, https:\/\/pans.krosno.pl\/pielegniarstwo\/wp-content\/uploads\/sites\/8\/2024\/04\/DSCF4152-1024x683-1-300x200.jpg 300w, https:\/\/pans.krosno.pl\/pielegniarstwo\/wp-content\/uploads\/sites\/8\/2024\/04\/DSCF4152-1024x683-1-768x512.jpg 768w, https:\/\/pans.krosno.pl\/pielegniarstwo\/wp-content\/uploads\/sites\/8\/2024\/04\/DSCF4152-1024x683-1-800x534.jpg 800w, https:\/\/pans.krosno.pl\/pielegniarstwo\/wp-content\/uploads\/sites\/8\/2024\/04\/DSCF4152-1024x683-1-580x387.jpg 580w\" sizes=\"auto, (max-width: 1024px) 100vw, 1024px\" \/><\/figure>\n\n\n\n<figure class=\"wp-block-image size-full\"><img loading=\"lazy\" decoding=\"async\" width=\"1024\" height=\"683\" src=\"https:\/\/pans.krosno.pl\/pielegniarstwo\/wp-content\/uploads\/sites\/8\/2024\/04\/DSCF4218-1024x683-1.jpg\" alt=\"\" class=\"wp-image-5226\" srcset=\"https:\/\/pans.krosno.pl\/pielegniarstwo\/wp-content\/uploads\/sites\/8\/2024\/04\/DSCF4218-1024x683-1.jpg 1024w, https:\/\/pans.krosno.pl\/pielegniarstwo\/wp-content\/uploads\/sites\/8\/2024\/04\/DSCF4218-1024x683-1-300x200.jpg 300w, https:\/\/pans.krosno.pl\/pielegniarstwo\/wp-content\/uploads\/sites\/8\/2024\/04\/DSCF4218-1024x683-1-768x512.jpg 768w, https:\/\/pans.krosno.pl\/pielegniarstwo\/wp-content\/uploads\/sites\/8\/2024\/04\/DSCF4218-1024x683-1-800x534.jpg 800w, https:\/\/pans.krosno.pl\/pielegniarstwo\/wp-content\/uploads\/sites\/8\/2024\/04\/DSCF4218-1024x683-1-580x387.jpg 580w\" sizes=\"auto, (max-width: 1024px) 100vw, 1024px\" \/><\/figure>\n\n\n\n<p>Kierunek <strong>Produkcja i bezpiecze\u0144stwo \u017cywno\u015bci<\/strong> zorganizowa\u0142 warsztat pt. <em>Czy napoje izotoniczne s\u0105 szkodliwe dla zdrowia, kt\u00f3ry<\/em> poprowadzi\u0142a <strong>mgr in\u017c. El\u017cbieta Br\u0105giel<\/strong>. Uczniowie mieli mo\u017cliwo\u015b\u0107 nauczy\u0107 si\u0119, jak \u201erozkodowa\u0107\u201d etykiet\u0119 r\u00f3\u017cnych komercyjnych napoj\u00f3w izotonicznych. Poznali, co to s\u0105 napoje izotoniczne, kiedy je stosujemy, co w sobie kryj\u0105 \u201edobrego i z\u0142ego\u201d dla zdrowia, na co zwraca\u0107 uwag\u0119 przy wyborze napoj\u00f3w izotonicznych w sklepie. By\u0142 te\u017c przepis, jak samemu zrobi\u0107 nap\u00f3j izotoniczny.<\/p>\n\n\n\n<figure class=\"wp-block-image size-full\"><img loading=\"lazy\" decoding=\"async\" width=\"1024\" height=\"683\" src=\"https:\/\/pans.krosno.pl\/pielegniarstwo\/wp-content\/uploads\/sites\/8\/2024\/04\/DSCF4109-1024x683-1.jpg\" alt=\"\" class=\"wp-image-5227\" srcset=\"https:\/\/pans.krosno.pl\/pielegniarstwo\/wp-content\/uploads\/sites\/8\/2024\/04\/DSCF4109-1024x683-1.jpg 1024w, https:\/\/pans.krosno.pl\/pielegniarstwo\/wp-content\/uploads\/sites\/8\/2024\/04\/DSCF4109-1024x683-1-300x200.jpg 300w, https:\/\/pans.krosno.pl\/pielegniarstwo\/wp-content\/uploads\/sites\/8\/2024\/04\/DSCF4109-1024x683-1-768x512.jpg 768w, https:\/\/pans.krosno.pl\/pielegniarstwo\/wp-content\/uploads\/sites\/8\/2024\/04\/DSCF4109-1024x683-1-800x534.jpg 800w, https:\/\/pans.krosno.pl\/pielegniarstwo\/wp-content\/uploads\/sites\/8\/2024\/04\/DSCF4109-1024x683-1-580x387.jpg 580w\" sizes=\"auto, (max-width: 1024px) 100vw, 1024px\" \/><\/figure>\n\n\n\n<p><strong>Kierunek Zielarstwo <\/strong>zorganizowa\u0142 warsztat pt. <em>\u201eZdrowie tkwi w kolorach. Naturalne barwniki wyst\u0119puj\u0105ce w ro\u015blinach\u201d, <\/em>kt\u00f3ry poprowadzi\u0142a <strong>mgr in\u017c. Angelika Uram-Dudek<\/strong>. Uczestnicy warsztat\u00f3w mieli mo\u017cliwo\u015b\u0107 zapoznania si\u0119 z gatunkami ro\u015blin, z kt\u00f3rych mo\u017cna pozyska\u0107 naturalne barwniki o w\u0142a\u015bciwo\u015bciach prozdrowotnych, wykazuj\u0105cych pozytywne dla naszego organizmu dzia\u0142anie antyoksydacyjne. Druga cz\u0119\u015b\u0107 warsztat\u00f3w obfitowa\u0142a w kolory nadaj\u0105ce barw\u0119 ro\u015blinom od zielonych chlorofili przez \u017c\u00f3\u0142to-pomara\u0144czowe karotenoidy a\u017c po czerwono-fioletowe antocyjany. Uczestnicy przekonali si\u0119, \u017ce barwne zwi\u0105zki wyst\u0119puj\u0105ce w ro\u015blinach mog\u0105 przybiera\u0107 r\u00f3\u017cny kolor, a wszystko zale\u017cy od odczynu \u015brodowiska, w kt\u00f3rym si\u0119 znajduj\u0105.<\/p>\n\n\n\n<figure class=\"wp-block-image size-full\"><img loading=\"lazy\" decoding=\"async\" width=\"1024\" height=\"683\" src=\"https:\/\/pans.krosno.pl\/pielegniarstwo\/wp-content\/uploads\/sites\/8\/2024\/04\/DSCF4093-1024x683-1.jpg\" alt=\"\" class=\"wp-image-5228\" srcset=\"https:\/\/pans.krosno.pl\/pielegniarstwo\/wp-content\/uploads\/sites\/8\/2024\/04\/DSCF4093-1024x683-1.jpg 1024w, https:\/\/pans.krosno.pl\/pielegniarstwo\/wp-content\/uploads\/sites\/8\/2024\/04\/DSCF4093-1024x683-1-300x200.jpg 300w, https:\/\/pans.krosno.pl\/pielegniarstwo\/wp-content\/uploads\/sites\/8\/2024\/04\/DSCF4093-1024x683-1-768x512.jpg 768w, https:\/\/pans.krosno.pl\/pielegniarstwo\/wp-content\/uploads\/sites\/8\/2024\/04\/DSCF4093-1024x683-1-800x534.jpg 800w, https:\/\/pans.krosno.pl\/pielegniarstwo\/wp-content\/uploads\/sites\/8\/2024\/04\/DSCF4093-1024x683-1-580x387.jpg 580w\" sizes=\"auto, (max-width: 1024px) 100vw, 1024px\" \/><\/figure>\n\n\n\n<p><strong><em>Twoje zdrowie \u2013 masz na nie najwi\u0119kszy wp\u0142yw\u2026<\/em><\/strong><\/p>\n\n\n\n<p><a href=\"https:\/\/www.facebook.com\/media\/set\/?vanity=StudiaKrosno&amp;set=a.962631909202851&amp;__cft__[0]=AZXT74P9L0Fe3LLq82kZcUDdLnJZT-1n5u5fc0nS_rZEVqp-De5NClw3jFQ3O--wdh7fDxy4MaLSKSy9KgOJqLpbm2-44KYxbdudi2HLM4G2VaL1oDWrft45j064Y3uYEIWlkuo0o_MWPCt5CQQ2QZe6eJterOhrYsQt856b_Psd7sMhRVE_EBsrLxL_AWl9-Lg&amp;__tn__=-R\">Wi\u0119cej fotografii na FB<\/a><\/p>\n","protected":false},"excerpt":{"rendered":"<p>7 kwietnia corocznie obchodzimy \u015awiatowy Dzie\u0144 Zdrowia, ustanowiony przez \u015awiatow\u0105 Organizacj\u0119 Zdrowia (WHO) aby mobilizowa\u0107 ludzi na ca\u0142ym \u015bwiecie do podejmowania dzia\u0142a\u0144 zmierzaj\u0105cych do poprawy zdrowia. Ten dzie\u0144, to r\u00f3wnie\u017c \u015bwi\u0119to wszystkich Pracownik\u00f3w Ochrony Zdrowia. W ramach obchod\u00f3w \u015awiatowego Dnia Zdrowia 2024, kt\u00f3rego has\u0142o brzmi\u00a0Moje zdrowie, moje prawo, w dniu [\u2026] <\/p>\n<div class=\"clear\"><\/div>\n<p><a class=\"more_link clearfix\" href=\"https:\/\/pans.krosno.pl\/pielegniarstwo\/swiatowy-dzien-zdrowia-2024\/\" rel=\"nofollow\">Read More<\/a><\/p>\n","protected":false},"author":95,"featured_media":5230,"comment_status":"open","ping_status":"open","sticky":false,"template":"","format":"standard","meta":{"ngg_post_thumbnail":0,"footnotes":""},"categories":[1],"tags":[],"class_list":["post-5212","post","type-post","status-publish","format-standard","has-post-thumbnail","hentry","category-bez-kategorii"],"yoast_head":"<!-- This site is optimized with the Yoast SEO Premium plugin v27.4 (Yoast SEO v27.4) - https:\/\/yoast.com\/product\/yoast-seo-premium-wordpress\/ -->\n<title>\u015awiatowy Dzie\u0144 Zdrowia 2024 - Piel\u0119gniarstwo PANS w Kro\u015bnie<\/title>\n<meta name=\"robots\" content=\"index, follow, max-snippet:-1, max-image-preview:large, max-video-preview:-1\" \/>\n<link rel=\"canonical\" href=\"https:\/\/pans.krosno.pl\/pielegniarstwo\/swiatowy-dzien-zdrowia-2024\/\" \/>\n<meta property=\"og:locale\" content=\"pl_PL\" \/>\n<meta property=\"og:type\" content=\"article\" \/>\n<meta property=\"og:title\" content=\"\u015awiatowy Dzie\u0144 Zdrowia 2024\" \/>\n<meta property=\"og:description\" content=\"7 kwietnia corocznie obchodzimy \u015awiatowy Dzie\u0144 Zdrowia, ustanowiony przez \u015awiatow\u0105 Organizacj\u0119 Zdrowia (WHO) aby mobilizowa\u0107 ludzi na ca\u0142ym \u015bwiecie do podejmowania dzia\u0142a\u0144 zmierzaj\u0105cych do poprawy zdrowia. Ten dzie\u0144, to r\u00f3wnie\u017c \u015bwi\u0119to wszystkich Pracownik\u00f3w Ochrony Zdrowia. W ramach obchod\u00f3w \u015awiatowego Dnia Zdrowia 2024, kt\u00f3rego has\u0142o brzmi\u00a0Moje zdrowie, moje prawo, w dniu [\u2026] Read More\" \/>\n<meta property=\"og:url\" content=\"https:\/\/pans.krosno.pl\/pielegniarstwo\/swiatowy-dzien-zdrowia-2024\/\" \/>\n<meta property=\"og:site_name\" content=\"Piel\u0119gniarstwo PANS w Kro\u015bnie\" \/>\n<meta property=\"article:published_time\" content=\"2024-04-15T07:30:25+00:00\" \/>\n<meta property=\"article:modified_time\" content=\"2024-04-15T07:40:07+00:00\" \/>\n<meta property=\"og:image\" content=\"https:\/\/pans.krosno.pl\/wp-content\/uploads\/sites\/8\/2024\/04\/World-Health-Day-e1680641603624-1024x840-1.webp\" \/>\n\t<meta property=\"og:image:width\" content=\"1024\" \/>\n\t<meta property=\"og:image:height\" content=\"840\" \/>\n\t<meta property=\"og:image:type\" content=\"image\/webp\" \/>\n<meta name=\"author\" content=\"Micha\u0142 Wojnar\" \/>\n<meta name=\"twitter:card\" content=\"summary_large_image\" \/>\n<meta name=\"twitter:label1\" content=\"Napisane przez\" \/>\n\t<meta name=\"twitter:data1\" content=\"Micha\u0142 Wojnar\" \/>\n\t<meta name=\"twitter:label2\" content=\"Szacowany czas czytania\" \/>\n\t<meta name=\"twitter:data2\" content=\"9 minut\" \/>\n<script type=\"application\/ld+json\" class=\"yoast-schema-graph\">{\"@context\":\"https:\\\/\\\/schema.org\",\"@graph\":[{\"@type\":\"Article\",\"@id\":\"https:\\\/\\\/pans.krosno.pl\\\/pielegniarstwo\\\/swiatowy-dzien-zdrowia-2024\\\/#article\",\"isPartOf\":{\"@id\":\"https:\\\/\\\/pans.krosno.pl\\\/pielegniarstwo\\\/swiatowy-dzien-zdrowia-2024\\\/\"},\"author\":{\"name\":\"Micha\u0142 Wojnar\",\"@id\":\"https:\\\/\\\/pans.krosno.pl\\\/pielegniarstwo\\\/#\\\/schema\\\/person\\\/735ac1b19cc09a23600b926128459aae\"},\"headline\":\"\u015awiatowy Dzie\u0144 Zdrowia 2024\",\"datePublished\":\"2024-04-15T07:30:25+00:00\",\"dateModified\":\"2024-04-15T07:40:07+00:00\",\"mainEntityOfPage\":{\"@id\":\"https:\\\/\\\/pans.krosno.pl\\\/pielegniarstwo\\\/swiatowy-dzien-zdrowia-2024\\\/\"},\"wordCount\":1043,\"commentCount\":0,\"publisher\":{\"@id\":\"https:\\\/\\\/pans.krosno.pl\\\/pielegniarstwo\\\/#organization\"},\"image\":{\"@id\":\"https:\\\/\\\/pans.krosno.pl\\\/pielegniarstwo\\\/swiatowy-dzien-zdrowia-2024\\\/#primaryimage\"},\"thumbnailUrl\":\"https:\\\/\\\/pans.krosno.pl\\\/pielegniarstwo\\\/wp-content\\\/uploads\\\/sites\\\/8\\\/2024\\\/04\\\/World-Health-Day-e1680641603624-1024x840-1.webp\",\"inLanguage\":\"pl-PL\",\"potentialAction\":[{\"@type\":\"CommentAction\",\"name\":\"Comment\",\"target\":[\"https:\\\/\\\/pans.krosno.pl\\\/pielegniarstwo\\\/swiatowy-dzien-zdrowia-2024\\\/#respond\"]}]},{\"@type\":\"WebPage\",\"@id\":\"https:\\\/\\\/pans.krosno.pl\\\/pielegniarstwo\\\/swiatowy-dzien-zdrowia-2024\\\/\",\"url\":\"https:\\\/\\\/pans.krosno.pl\\\/pielegniarstwo\\\/swiatowy-dzien-zdrowia-2024\\\/\",\"name\":\"\u015awiatowy Dzie\u0144 Zdrowia 2024 - Piel\u0119gniarstwo PANS w Kro\u015bnie\",\"isPartOf\":{\"@id\":\"https:\\\/\\\/pans.krosno.pl\\\/pielegniarstwo\\\/#website\"},\"primaryImageOfPage\":{\"@id\":\"https:\\\/\\\/pans.krosno.pl\\\/pielegniarstwo\\\/swiatowy-dzien-zdrowia-2024\\\/#primaryimage\"},\"image\":{\"@id\":\"https:\\\/\\\/pans.krosno.pl\\\/pielegniarstwo\\\/swiatowy-dzien-zdrowia-2024\\\/#primaryimage\"},\"thumbnailUrl\":\"https:\\\/\\\/pans.krosno.pl\\\/pielegniarstwo\\\/wp-content\\\/uploads\\\/sites\\\/8\\\/2024\\\/04\\\/World-Health-Day-e1680641603624-1024x840-1.webp\",\"datePublished\":\"2024-04-15T07:30:25+00:00\",\"dateModified\":\"2024-04-15T07:40:07+00:00\",\"breadcrumb\":{\"@id\":\"https:\\\/\\\/pans.krosno.pl\\\/pielegniarstwo\\\/swiatowy-dzien-zdrowia-2024\\\/#breadcrumb\"},\"inLanguage\":\"pl-PL\",\"potentialAction\":[{\"@type\":\"ReadAction\",\"target\":[\"https:\\\/\\\/pans.krosno.pl\\\/pielegniarstwo\\\/swiatowy-dzien-zdrowia-2024\\\/\"]}]},{\"@type\":\"ImageObject\",\"inLanguage\":\"pl-PL\",\"@id\":\"https:\\\/\\\/pans.krosno.pl\\\/pielegniarstwo\\\/swiatowy-dzien-zdrowia-2024\\\/#primaryimage\",\"url\":\"https:\\\/\\\/pans.krosno.pl\\\/pielegniarstwo\\\/wp-content\\\/uploads\\\/sites\\\/8\\\/2024\\\/04\\\/World-Health-Day-e1680641603624-1024x840-1.webp\",\"contentUrl\":\"https:\\\/\\\/pans.krosno.pl\\\/pielegniarstwo\\\/wp-content\\\/uploads\\\/sites\\\/8\\\/2024\\\/04\\\/World-Health-Day-e1680641603624-1024x840-1.webp\",\"width\":1024,\"height\":840},{\"@type\":\"BreadcrumbList\",\"@id\":\"https:\\\/\\\/pans.krosno.pl\\\/pielegniarstwo\\\/swiatowy-dzien-zdrowia-2024\\\/#breadcrumb\",\"itemListElement\":[{\"@type\":\"ListItem\",\"position\":1,\"name\":\"Strona g\u0142\u00f3wna\",\"item\":\"https:\\\/\\\/pans.krosno.pl\\\/pielegniarstwo\\\/\"},{\"@type\":\"ListItem\",\"position\":2,\"name\":\"\u015awiatowy Dzie\u0144 Zdrowia 2024\"}]},{\"@type\":\"WebSite\",\"@id\":\"https:\\\/\\\/pans.krosno.pl\\\/pielegniarstwo\\\/#website\",\"url\":\"https:\\\/\\\/pans.krosno.pl\\\/pielegniarstwo\\\/\",\"name\":\"Piel\u0119gniarstwo PANS w Kro\u015bnie\",\"description\":\"Piel\u0119gniarstwo - Pa\u0144stwowa Akademia Nauk Stosowanych\",\"publisher\":{\"@id\":\"https:\\\/\\\/pans.krosno.pl\\\/pielegniarstwo\\\/#organization\"},\"potentialAction\":[{\"@type\":\"SearchAction\",\"target\":{\"@type\":\"EntryPoint\",\"urlTemplate\":\"https:\\\/\\\/pans.krosno.pl\\\/pielegniarstwo\\\/?s={search_term_string}\"},\"query-input\":{\"@type\":\"PropertyValueSpecification\",\"valueRequired\":true,\"valueName\":\"search_term_string\"}}],\"inLanguage\":\"pl-PL\"},{\"@type\":\"Organization\",\"@id\":\"https:\\\/\\\/pans.krosno.pl\\\/pielegniarstwo\\\/#organization\",\"name\":\"Piel\u0119gniarstwo PANS w Kro\u015bnie\",\"url\":\"https:\\\/\\\/pans.krosno.pl\\\/pielegniarstwo\\\/\",\"logo\":{\"@type\":\"ImageObject\",\"inLanguage\":\"pl-PL\",\"@id\":\"https:\\\/\\\/pans.krosno.pl\\\/pielegniarstwo\\\/#\\\/schema\\\/logo\\\/image\\\/\",\"url\":\"https:\\\/\\\/pans.krosno.pl\\\/pielegniarstwo\\\/wp-content\\\/uploads\\\/sites\\\/8\\\/2023\\\/01\\\/Logo-PANS-2022-pelne.png\",\"contentUrl\":\"https:\\\/\\\/pans.krosno.pl\\\/pielegniarstwo\\\/wp-content\\\/uploads\\\/sites\\\/8\\\/2023\\\/01\\\/Logo-PANS-2022-pelne.png\",\"width\":3096,\"height\":696,\"caption\":\"Piel\u0119gniarstwo PANS w Kro\u015bnie\"},\"image\":{\"@id\":\"https:\\\/\\\/pans.krosno.pl\\\/pielegniarstwo\\\/#\\\/schema\\\/logo\\\/image\\\/\"}},{\"@type\":\"Person\",\"@id\":\"https:\\\/\\\/pans.krosno.pl\\\/pielegniarstwo\\\/#\\\/schema\\\/person\\\/735ac1b19cc09a23600b926128459aae\",\"name\":\"Micha\u0142 Wojnar\",\"image\":{\"@type\":\"ImageObject\",\"inLanguage\":\"pl-PL\",\"@id\":\"https:\\\/\\\/secure.gravatar.com\\\/avatar\\\/d51d1fe1774d1967596f6c33495b90e637258ef654efa0c46824a1eb595aac93?s=96&d=mm&r=g\",\"url\":\"https:\\\/\\\/secure.gravatar.com\\\/avatar\\\/d51d1fe1774d1967596f6c33495b90e637258ef654efa0c46824a1eb595aac93?s=96&d=mm&r=g\",\"contentUrl\":\"https:\\\/\\\/secure.gravatar.com\\\/avatar\\\/d51d1fe1774d1967596f6c33495b90e637258ef654efa0c46824a1eb595aac93?s=96&d=mm&r=g\",\"caption\":\"Micha\u0142 Wojnar\"},\"url\":\"https:\\\/\\\/pans.krosno.pl\\\/pielegniarstwo\\\/author\\\/michalwojnar\\\/\"}]}<\/script>\n<!-- \/ Yoast SEO Premium plugin. -->","yoast_head_json":{"title":"\u015awiatowy Dzie\u0144 Zdrowia 2024 - Piel\u0119gniarstwo PANS w Kro\u015bnie","robots":{"index":"index","follow":"follow","max-snippet":"max-snippet:-1","max-image-preview":"max-image-preview:large","max-video-preview":"max-video-preview:-1"},"canonical":"https:\/\/pans.krosno.pl\/pielegniarstwo\/swiatowy-dzien-zdrowia-2024\/","og_locale":"pl_PL","og_type":"article","og_title":"\u015awiatowy Dzie\u0144 Zdrowia 2024","og_description":"7 kwietnia corocznie obchodzimy \u015awiatowy Dzie\u0144 Zdrowia, ustanowiony przez \u015awiatow\u0105 Organizacj\u0119 Zdrowia (WHO) aby mobilizowa\u0107 ludzi na ca\u0142ym \u015bwiecie do podejmowania dzia\u0142a\u0144 zmierzaj\u0105cych do poprawy zdrowia. Ten dzie\u0144, to r\u00f3wnie\u017c \u015bwi\u0119to wszystkich Pracownik\u00f3w Ochrony Zdrowia. W ramach obchod\u00f3w \u015awiatowego Dnia Zdrowia 2024, kt\u00f3rego has\u0142o brzmi\u00a0Moje zdrowie, moje prawo, w dniu [\u2026] Read More","og_url":"https:\/\/pans.krosno.pl\/pielegniarstwo\/swiatowy-dzien-zdrowia-2024\/","og_site_name":"Piel\u0119gniarstwo PANS w Kro\u015bnie","article_published_time":"2024-04-15T07:30:25+00:00","article_modified_time":"2024-04-15T07:40:07+00:00","og_image":[{"width":1024,"height":840,"url":"https:\/\/pans.krosno.pl\/wp-content\/uploads\/sites\/8\/2024\/04\/World-Health-Day-e1680641603624-1024x840-1.webp","type":"image\/webp"}],"author":"Micha\u0142 Wojnar","twitter_card":"summary_large_image","twitter_misc":{"Napisane przez":"Micha\u0142 Wojnar","Szacowany czas czytania":"9 minut"},"schema":{"@context":"https:\/\/schema.org","@graph":[{"@type":"Article","@id":"https:\/\/pans.krosno.pl\/pielegniarstwo\/swiatowy-dzien-zdrowia-2024\/#article","isPartOf":{"@id":"https:\/\/pans.krosno.pl\/pielegniarstwo\/swiatowy-dzien-zdrowia-2024\/"},"author":{"name":"Micha\u0142 Wojnar","@id":"https:\/\/pans.krosno.pl\/pielegniarstwo\/#\/schema\/person\/735ac1b19cc09a23600b926128459aae"},"headline":"\u015awiatowy Dzie\u0144 Zdrowia 2024","datePublished":"2024-04-15T07:30:25+00:00","dateModified":"2024-04-15T07:40:07+00:00","mainEntityOfPage":{"@id":"https:\/\/pans.krosno.pl\/pielegniarstwo\/swiatowy-dzien-zdrowia-2024\/"},"wordCount":1043,"commentCount":0,"publisher":{"@id":"https:\/\/pans.krosno.pl\/pielegniarstwo\/#organization"},"image":{"@id":"https:\/\/pans.krosno.pl\/pielegniarstwo\/swiatowy-dzien-zdrowia-2024\/#primaryimage"},"thumbnailUrl":"https:\/\/pans.krosno.pl\/pielegniarstwo\/wp-content\/uploads\/sites\/8\/2024\/04\/World-Health-Day-e1680641603624-1024x840-1.webp","inLanguage":"pl-PL","potentialAction":[{"@type":"CommentAction","name":"Comment","target":["https:\/\/pans.krosno.pl\/pielegniarstwo\/swiatowy-dzien-zdrowia-2024\/#respond"]}]},{"@type":"WebPage","@id":"https:\/\/pans.krosno.pl\/pielegniarstwo\/swiatowy-dzien-zdrowia-2024\/","url":"https:\/\/pans.krosno.pl\/pielegniarstwo\/swiatowy-dzien-zdrowia-2024\/","name":"\u015awiatowy Dzie\u0144 Zdrowia 2024 - Piel\u0119gniarstwo PANS w Kro\u015bnie","isPartOf":{"@id":"https:\/\/pans.krosno.pl\/pielegniarstwo\/#website"},"primaryImageOfPage":{"@id":"https:\/\/pans.krosno.pl\/pielegniarstwo\/swiatowy-dzien-zdrowia-2024\/#primaryimage"},"image":{"@id":"https:\/\/pans.krosno.pl\/pielegniarstwo\/swiatowy-dzien-zdrowia-2024\/#primaryimage"},"thumbnailUrl":"https:\/\/pans.krosno.pl\/pielegniarstwo\/wp-content\/uploads\/sites\/8\/2024\/04\/World-Health-Day-e1680641603624-1024x840-1.webp","datePublished":"2024-04-15T07:30:25+00:00","dateModified":"2024-04-15T07:40:07+00:00","breadcrumb":{"@id":"https:\/\/pans.krosno.pl\/pielegniarstwo\/swiatowy-dzien-zdrowia-2024\/#breadcrumb"},"inLanguage":"pl-PL","potentialAction":[{"@type":"ReadAction","target":["https:\/\/pans.krosno.pl\/pielegniarstwo\/swiatowy-dzien-zdrowia-2024\/"]}]},{"@type":"ImageObject","inLanguage":"pl-PL","@id":"https:\/\/pans.krosno.pl\/pielegniarstwo\/swiatowy-dzien-zdrowia-2024\/#primaryimage","url":"https:\/\/pans.krosno.pl\/pielegniarstwo\/wp-content\/uploads\/sites\/8\/2024\/04\/World-Health-Day-e1680641603624-1024x840-1.webp","contentUrl":"https:\/\/pans.krosno.pl\/pielegniarstwo\/wp-content\/uploads\/sites\/8\/2024\/04\/World-Health-Day-e1680641603624-1024x840-1.webp","width":1024,"height":840},{"@type":"BreadcrumbList","@id":"https:\/\/pans.krosno.pl\/pielegniarstwo\/swiatowy-dzien-zdrowia-2024\/#breadcrumb","itemListElement":[{"@type":"ListItem","position":1,"name":"Strona g\u0142\u00f3wna","item":"https:\/\/pans.krosno.pl\/pielegniarstwo\/"},{"@type":"ListItem","position":2,"name":"\u015awiatowy Dzie\u0144 Zdrowia 2024"}]},{"@type":"WebSite","@id":"https:\/\/pans.krosno.pl\/pielegniarstwo\/#website","url":"https:\/\/pans.krosno.pl\/pielegniarstwo\/","name":"Piel\u0119gniarstwo PANS w Kro\u015bnie","description":"Piel\u0119gniarstwo - Pa\u0144stwowa Akademia Nauk Stosowanych","publisher":{"@id":"https:\/\/pans.krosno.pl\/pielegniarstwo\/#organization"},"potentialAction":[{"@type":"SearchAction","target":{"@type":"EntryPoint","urlTemplate":"https:\/\/pans.krosno.pl\/pielegniarstwo\/?s={search_term_string}"},"query-input":{"@type":"PropertyValueSpecification","valueRequired":true,"valueName":"search_term_string"}}],"inLanguage":"pl-PL"},{"@type":"Organization","@id":"https:\/\/pans.krosno.pl\/pielegniarstwo\/#organization","name":"Piel\u0119gniarstwo PANS w Kro\u015bnie","url":"https:\/\/pans.krosno.pl\/pielegniarstwo\/","logo":{"@type":"ImageObject","inLanguage":"pl-PL","@id":"https:\/\/pans.krosno.pl\/pielegniarstwo\/#\/schema\/logo\/image\/","url":"https:\/\/pans.krosno.pl\/pielegniarstwo\/wp-content\/uploads\/sites\/8\/2023\/01\/Logo-PANS-2022-pelne.png","contentUrl":"https:\/\/pans.krosno.pl\/pielegniarstwo\/wp-content\/uploads\/sites\/8\/2023\/01\/Logo-PANS-2022-pelne.png","width":3096,"height":696,"caption":"Piel\u0119gniarstwo PANS w Kro\u015bnie"},"image":{"@id":"https:\/\/pans.krosno.pl\/pielegniarstwo\/#\/schema\/logo\/image\/"}},{"@type":"Person","@id":"https:\/\/pans.krosno.pl\/pielegniarstwo\/#\/schema\/person\/735ac1b19cc09a23600b926128459aae","name":"Micha\u0142 Wojnar","image":{"@type":"ImageObject","inLanguage":"pl-PL","@id":"https:\/\/secure.gravatar.com\/avatar\/d51d1fe1774d1967596f6c33495b90e637258ef654efa0c46824a1eb595aac93?s=96&d=mm&r=g","url":"https:\/\/secure.gravatar.com\/avatar\/d51d1fe1774d1967596f6c33495b90e637258ef654efa0c46824a1eb595aac93?s=96&d=mm&r=g","contentUrl":"https:\/\/secure.gravatar.com\/avatar\/d51d1fe1774d1967596f6c33495b90e637258ef654efa0c46824a1eb595aac93?s=96&d=mm&r=g","caption":"Micha\u0142 Wojnar"},"url":"https:\/\/pans.krosno.pl\/pielegniarstwo\/author\/michalwojnar\/"}]}},"_links":{"self":[{"href":"https:\/\/pans.krosno.pl\/pielegniarstwo\/wp-json\/wp\/v2\/posts\/5212","targetHints":{"allow":["GET"]}}],"collection":[{"href":"https:\/\/pans.krosno.pl\/pielegniarstwo\/wp-json\/wp\/v2\/posts"}],"about":[{"href":"https:\/\/pans.krosno.pl\/pielegniarstwo\/wp-json\/wp\/v2\/types\/post"}],"author":[{"embeddable":true,"href":"https:\/\/pans.krosno.pl\/pielegniarstwo\/wp-json\/wp\/v2\/users\/95"}],"replies":[{"embeddable":true,"href":"https:\/\/pans.krosno.pl\/pielegniarstwo\/wp-json\/wp\/v2\/comments?post=5212"}],"version-history":[{"count":3,"href":"https:\/\/pans.krosno.pl\/pielegniarstwo\/wp-json\/wp\/v2\/posts\/5212\/revisions"}],"predecessor-version":[{"id":5234,"href":"https:\/\/pans.krosno.pl\/pielegniarstwo\/wp-json\/wp\/v2\/posts\/5212\/revisions\/5234"}],"wp:featuredmedia":[{"embeddable":true,"href":"https:\/\/pans.krosno.pl\/pielegniarstwo\/wp-json\/wp\/v2\/media\/5230"}],"wp:attachment":[{"href":"https:\/\/pans.krosno.pl\/pielegniarstwo\/wp-json\/wp\/v2\/media?parent=5212"}],"wp:term":[{"taxonomy":"category","embeddable":true,"href":"https:\/\/pans.krosno.pl\/pielegniarstwo\/wp-json\/wp\/v2\/categories?post=5212"},{"taxonomy":"post_tag","embeddable":true,"href":"https:\/\/pans.krosno.pl\/pielegniarstwo\/wp-json\/wp\/v2\/tags?post=5212"}],"curies":[{"name":"wp","href":"https:\/\/api.w.org\/{rel}","templated":true}]}}