{"id":5179,"date":"2024-04-04T11:58:14","date_gmt":"2024-04-04T09:58:14","guid":{"rendered":"https:\/\/pans.krosno.pl\/pielegniarstwo\/?p=5179"},"modified":"2024-04-05T12:02:10","modified_gmt":"2024-04-05T10:02:10","slug":"swiatowy-dzien-zdrowia-2024-moje-zdrowie-moje-prawo","status":"publish","type":"post","link":"https:\/\/pans.krosno.pl\/pielegniarstwo\/swiatowy-dzien-zdrowia-2024-moje-zdrowie-moje-prawo\/","title":{"rendered":"\u015awiatowy Dzie\u0144 Zdrowia 2024 &#8211; Moje zdrowie, moje prawo"},"content":{"rendered":"\n<p>Co roku 7 kwietnia, w rocznic\u0119 powstania \u015awiatowej Organizacji Zdrowia (WHO), obchodzony jest <strong>\u015awiatowy Dzie\u0144 Zdrowia.<\/strong> W 2024 roku jego has\u0142o przewodnie brzmi &#8222;Moje zdrowie, moje prawo&#8221;.<\/p>\n\n\n\n<p>Z tej okazji w najbli\u017cszy poniedzia\u0142ek, <strong>8 kwietnia od godz. 10:30,<\/strong> w Pa\u0144stwowej Akademii Nauk Stosowanych w Kro\u015bnie odb\u0119d\u0105 si\u0119 wyk\u0142ady i warsztaty organizowane przez Zak\u0142ady Piel\u0119gniarstwa, Po\u0142o\u017cnictwa, Ratownictwa Medycznego, Wychowania Fizycznego, Produkcji i Bezpiecze\u0144stwa \u017bywno\u015bci oraz Zielarstwa.<\/p>\n\n\n\n<p>Wydarzenie&nbsp;b\u0119dzie doskona\u0142\u0105 okazj\u0105 do poszerzenia&nbsp;wiedzy na temat zdrowia. B\u0119dziemy rozmawia\u0107 o znaczeniu zdrowego od\u017cywiania oraz aktywno\u015bci fizycznej dla utrzymania r\u00f3wnowagi i dobrej kondycji zdrowotnej.<\/p>\n\n\n\n<p>Eksperci z r\u00f3\u017cnych dziedzin b\u0119d\u0105 dzieli\u0107 si\u0119 swoj\u0105 wiedz\u0105 i do\u015bwiadczeniem, a tak\u017ce odpowiada\u0107 na pytania zwi\u0105zane z tematyk\u0105 zdrowego stylu \u017cycia.<\/p>\n\n\n\n<p>Program wydarzenia znajduje si\u0119 na plakacie poni\u017cej.&nbsp;<\/p>\n\n\n\n<figure class=\"wp-block-image size-large\"><img loading=\"lazy\" decoding=\"async\" width=\"724\" height=\"1024\" src=\"https:\/\/pans.krosno.pl\/pielegniarstwo\/wp-content\/uploads\/sites\/8\/2024\/04\/nowe_plakat-724x1024.png\" alt=\"\" class=\"wp-image-5184\" srcset=\"https:\/\/pans.krosno.pl\/pielegniarstwo\/wp-content\/uploads\/sites\/8\/2024\/04\/nowe_plakat-724x1024.png 724w, https:\/\/pans.krosno.pl\/pielegniarstwo\/wp-content\/uploads\/sites\/8\/2024\/04\/nowe_plakat-212x300.png 212w, https:\/\/pans.krosno.pl\/pielegniarstwo\/wp-content\/uploads\/sites\/8\/2024\/04\/nowe_plakat-768x1086.png 768w, https:\/\/pans.krosno.pl\/pielegniarstwo\/wp-content\/uploads\/sites\/8\/2024\/04\/nowe_plakat-1086x1536.png 1086w, https:\/\/pans.krosno.pl\/pielegniarstwo\/wp-content\/uploads\/sites\/8\/2024\/04\/nowe_plakat-1448x2048.png 1448w, https:\/\/pans.krosno.pl\/pielegniarstwo\/wp-content\/uploads\/sites\/8\/2024\/04\/nowe_plakat-2000x2829.png 2000w, https:\/\/pans.krosno.pl\/pielegniarstwo\/wp-content\/uploads\/sites\/8\/2024\/04\/nowe_plakat-800x1132.png 800w, https:\/\/pans.krosno.pl\/pielegniarstwo\/wp-content\/uploads\/sites\/8\/2024\/04\/nowe_plakat-580x820.png 580w\" sizes=\"auto, (max-width: 724px) 100vw, 724px\" \/><\/figure>\n","protected":false},"excerpt":{"rendered":"<p>Co roku 7 kwietnia, w rocznic\u0119 powstania \u015awiatowej Organizacji Zdrowia (WHO), obchodzony jest \u015awiatowy Dzie\u0144 Zdrowia. W 2024 roku jego has\u0142o przewodnie brzmi &#8222;Moje zdrowie, moje prawo&#8221;. Z tej okazji w najbli\u017cszy poniedzia\u0142ek, 8 kwietnia od godz. 10:30, w Pa\u0144stwowej Akademii Nauk Stosowanych w Kro\u015bnie odb\u0119d\u0105 si\u0119 wyk\u0142ady i warsztaty [\u2026] <\/p>\n<div class=\"clear\"><\/div>\n<p><a class=\"more_link clearfix\" href=\"https:\/\/pans.krosno.pl\/pielegniarstwo\/swiatowy-dzien-zdrowia-2024-moje-zdrowie-moje-prawo\/\" rel=\"nofollow\">Read More<\/a><\/p>\n","protected":false},"author":95,"featured_media":5180,"comment_status":"open","ping_status":"open","sticky":false,"template":"","format":"standard","meta":{"ngg_post_thumbnail":0,"footnotes":""},"categories":[1],"tags":[],"class_list":["post-5179","post","type-post","status-publish","format-standard","has-post-thumbnail","hentry","category-bez-kategorii"],"yoast_head":"<!-- This site is optimized with the Yoast SEO Premium plugin v27.4 (Yoast SEO v27.4) - https:\/\/yoast.com\/product\/yoast-seo-premium-wordpress\/ -->\n<title>\u015awiatowy Dzie\u0144 Zdrowia 2024 - Moje zdrowie, moje prawo - Piel\u0119gniarstwo PANS w Kro\u015bnie<\/title>\n<meta name=\"robots\" content=\"index, follow, max-snippet:-1, max-image-preview:large, max-video-preview:-1\" \/>\n<link rel=\"canonical\" href=\"https:\/\/pans.krosno.pl\/pielegniarstwo\/swiatowy-dzien-zdrowia-2024-moje-zdrowie-moje-prawo\/\" \/>\n<meta property=\"og:locale\" content=\"pl_PL\" \/>\n<meta property=\"og:type\" content=\"article\" \/>\n<meta property=\"og:title\" content=\"\u015awiatowy Dzie\u0144 Zdrowia 2024 - Moje zdrowie, moje prawo\" \/>\n<meta property=\"og:description\" content=\"Co roku 7 kwietnia, w rocznic\u0119 powstania \u015awiatowej Organizacji Zdrowia (WHO), obchodzony jest \u015awiatowy Dzie\u0144 Zdrowia. W 2024 roku jego has\u0142o przewodnie brzmi &#8222;Moje zdrowie, moje prawo&#8221;. Z tej okazji w najbli\u017cszy poniedzia\u0142ek, 8 kwietnia od godz. 10:30, w Pa\u0144stwowej Akademii Nauk Stosowanych w Kro\u015bnie odb\u0119d\u0105 si\u0119 wyk\u0142ady i warsztaty [\u2026] Read More\" \/>\n<meta property=\"og:url\" content=\"https:\/\/pans.krosno.pl\/pielegniarstwo\/swiatowy-dzien-zdrowia-2024-moje-zdrowie-moje-prawo\/\" \/>\n<meta property=\"og:site_name\" content=\"Piel\u0119gniarstwo PANS w Kro\u015bnie\" \/>\n<meta property=\"article:published_time\" content=\"2024-04-04T09:58:14+00:00\" \/>\n<meta property=\"article:modified_time\" content=\"2024-04-05T10:02:10+00:00\" \/>\n<meta property=\"og:image\" content=\"https:\/\/pans.krosno.pl\/wp-content\/uploads\/sites\/8\/2024\/04\/Dzien-Zdrowia-724x1024.png\" \/>\n\t<meta property=\"og:image:width\" content=\"724\" \/>\n\t<meta property=\"og:image:height\" content=\"1024\" \/>\n\t<meta property=\"og:image:type\" content=\"image\/png\" \/>\n<meta name=\"author\" content=\"Micha\u0142 Wojnar\" \/>\n<meta name=\"twitter:card\" content=\"summary_large_image\" \/>\n<meta name=\"twitter:label1\" content=\"Napisane przez\" \/>\n\t<meta name=\"twitter:data1\" content=\"Micha\u0142 Wojnar\" \/>\n\t<meta name=\"twitter:label2\" content=\"Szacowany czas czytania\" \/>\n\t<meta name=\"twitter:data2\" content=\"2 minuty\" \/>\n<script type=\"application\/ld+json\" class=\"yoast-schema-graph\">{\"@context\":\"https:\\\/\\\/schema.org\",\"@graph\":[{\"@type\":\"Article\",\"@id\":\"https:\\\/\\\/pans.krosno.pl\\\/pielegniarstwo\\\/swiatowy-dzien-zdrowia-2024-moje-zdrowie-moje-prawo\\\/#article\",\"isPartOf\":{\"@id\":\"https:\\\/\\\/pans.krosno.pl\\\/pielegniarstwo\\\/swiatowy-dzien-zdrowia-2024-moje-zdrowie-moje-prawo\\\/\"},\"author\":{\"name\":\"Micha\u0142 Wojnar\",\"@id\":\"https:\\\/\\\/pans.krosno.pl\\\/pielegniarstwo\\\/#\\\/schema\\\/person\\\/735ac1b19cc09a23600b926128459aae\"},\"headline\":\"\u015awiatowy Dzie\u0144 Zdrowia 2024 &#8211; Moje zdrowie, moje prawo\",\"datePublished\":\"2024-04-04T09:58:14+00:00\",\"dateModified\":\"2024-04-05T10:02:10+00:00\",\"mainEntityOfPage\":{\"@id\":\"https:\\\/\\\/pans.krosno.pl\\\/pielegniarstwo\\\/swiatowy-dzien-zdrowia-2024-moje-zdrowie-moje-prawo\\\/\"},\"wordCount\":151,\"commentCount\":0,\"publisher\":{\"@id\":\"https:\\\/\\\/pans.krosno.pl\\\/pielegniarstwo\\\/#organization\"},\"image\":{\"@id\":\"https:\\\/\\\/pans.krosno.pl\\\/pielegniarstwo\\\/swiatowy-dzien-zdrowia-2024-moje-zdrowie-moje-prawo\\\/#primaryimage\"},\"thumbnailUrl\":\"https:\\\/\\\/pans.krosno.pl\\\/pielegniarstwo\\\/wp-content\\\/uploads\\\/sites\\\/8\\\/2024\\\/04\\\/Dzien-Zdrowia.png\",\"inLanguage\":\"pl-PL\",\"potentialAction\":[{\"@type\":\"CommentAction\",\"name\":\"Comment\",\"target\":[\"https:\\\/\\\/pans.krosno.pl\\\/pielegniarstwo\\\/swiatowy-dzien-zdrowia-2024-moje-zdrowie-moje-prawo\\\/#respond\"]}]},{\"@type\":\"WebPage\",\"@id\":\"https:\\\/\\\/pans.krosno.pl\\\/pielegniarstwo\\\/swiatowy-dzien-zdrowia-2024-moje-zdrowie-moje-prawo\\\/\",\"url\":\"https:\\\/\\\/pans.krosno.pl\\\/pielegniarstwo\\\/swiatowy-dzien-zdrowia-2024-moje-zdrowie-moje-prawo\\\/\",\"name\":\"\u015awiatowy Dzie\u0144 Zdrowia 2024 - Moje zdrowie, moje prawo - Piel\u0119gniarstwo PANS w Kro\u015bnie\",\"isPartOf\":{\"@id\":\"https:\\\/\\\/pans.krosno.pl\\\/pielegniarstwo\\\/#website\"},\"primaryImageOfPage\":{\"@id\":\"https:\\\/\\\/pans.krosno.pl\\\/pielegniarstwo\\\/swiatowy-dzien-zdrowia-2024-moje-zdrowie-moje-prawo\\\/#primaryimage\"},\"image\":{\"@id\":\"https:\\\/\\\/pans.krosno.pl\\\/pielegniarstwo\\\/swiatowy-dzien-zdrowia-2024-moje-zdrowie-moje-prawo\\\/#primaryimage\"},\"thumbnailUrl\":\"https:\\\/\\\/pans.krosno.pl\\\/pielegniarstwo\\\/wp-content\\\/uploads\\\/sites\\\/8\\\/2024\\\/04\\\/Dzien-Zdrowia.png\",\"datePublished\":\"2024-04-04T09:58:14+00:00\",\"dateModified\":\"2024-04-05T10:02:10+00:00\",\"breadcrumb\":{\"@id\":\"https:\\\/\\\/pans.krosno.pl\\\/pielegniarstwo\\\/swiatowy-dzien-zdrowia-2024-moje-zdrowie-moje-prawo\\\/#breadcrumb\"},\"inLanguage\":\"pl-PL\",\"potentialAction\":[{\"@type\":\"ReadAction\",\"target\":[\"https:\\\/\\\/pans.krosno.pl\\\/pielegniarstwo\\\/swiatowy-dzien-zdrowia-2024-moje-zdrowie-moje-prawo\\\/\"]}]},{\"@type\":\"ImageObject\",\"inLanguage\":\"pl-PL\",\"@id\":\"https:\\\/\\\/pans.krosno.pl\\\/pielegniarstwo\\\/swiatowy-dzien-zdrowia-2024-moje-zdrowie-moje-prawo\\\/#primaryimage\",\"url\":\"https:\\\/\\\/pans.krosno.pl\\\/pielegniarstwo\\\/wp-content\\\/uploads\\\/sites\\\/8\\\/2024\\\/04\\\/Dzien-Zdrowia.png\",\"contentUrl\":\"https:\\\/\\\/pans.krosno.pl\\\/pielegniarstwo\\\/wp-content\\\/uploads\\\/sites\\\/8\\\/2024\\\/04\\\/Dzien-Zdrowia.png\",\"width\":2480,\"height\":3508},{\"@type\":\"BreadcrumbList\",\"@id\":\"https:\\\/\\\/pans.krosno.pl\\\/pielegniarstwo\\\/swiatowy-dzien-zdrowia-2024-moje-zdrowie-moje-prawo\\\/#breadcrumb\",\"itemListElement\":[{\"@type\":\"ListItem\",\"position\":1,\"name\":\"Strona g\u0142\u00f3wna\",\"item\":\"https:\\\/\\\/pans.krosno.pl\\\/pielegniarstwo\\\/\"},{\"@type\":\"ListItem\",\"position\":2,\"name\":\"\u015awiatowy Dzie\u0144 Zdrowia 2024 &#8211; Moje zdrowie, moje prawo\"}]},{\"@type\":\"WebSite\",\"@id\":\"https:\\\/\\\/pans.krosno.pl\\\/pielegniarstwo\\\/#website\",\"url\":\"https:\\\/\\\/pans.krosno.pl\\\/pielegniarstwo\\\/\",\"name\":\"Piel\u0119gniarstwo PANS w Kro\u015bnie\",\"description\":\"Piel\u0119gniarstwo - Pa\u0144stwowa Akademia Nauk Stosowanych\",\"publisher\":{\"@id\":\"https:\\\/\\\/pans.krosno.pl\\\/pielegniarstwo\\\/#organization\"},\"potentialAction\":[{\"@type\":\"SearchAction\",\"target\":{\"@type\":\"EntryPoint\",\"urlTemplate\":\"https:\\\/\\\/pans.krosno.pl\\\/pielegniarstwo\\\/?s={search_term_string}\"},\"query-input\":{\"@type\":\"PropertyValueSpecification\",\"valueRequired\":true,\"valueName\":\"search_term_string\"}}],\"inLanguage\":\"pl-PL\"},{\"@type\":\"Organization\",\"@id\":\"https:\\\/\\\/pans.krosno.pl\\\/pielegniarstwo\\\/#organization\",\"name\":\"Piel\u0119gniarstwo PANS w Kro\u015bnie\",\"url\":\"https:\\\/\\\/pans.krosno.pl\\\/pielegniarstwo\\\/\",\"logo\":{\"@type\":\"ImageObject\",\"inLanguage\":\"pl-PL\",\"@id\":\"https:\\\/\\\/pans.krosno.pl\\\/pielegniarstwo\\\/#\\\/schema\\\/logo\\\/image\\\/\",\"url\":\"https:\\\/\\\/pans.krosno.pl\\\/pielegniarstwo\\\/wp-content\\\/uploads\\\/sites\\\/8\\\/2023\\\/01\\\/Logo-PANS-2022-pelne.png\",\"contentUrl\":\"https:\\\/\\\/pans.krosno.pl\\\/pielegniarstwo\\\/wp-content\\\/uploads\\\/sites\\\/8\\\/2023\\\/01\\\/Logo-PANS-2022-pelne.png\",\"width\":3096,\"height\":696,\"caption\":\"Piel\u0119gniarstwo PANS w Kro\u015bnie\"},\"image\":{\"@id\":\"https:\\\/\\\/pans.krosno.pl\\\/pielegniarstwo\\\/#\\\/schema\\\/logo\\\/image\\\/\"}},{\"@type\":\"Person\",\"@id\":\"https:\\\/\\\/pans.krosno.pl\\\/pielegniarstwo\\\/#\\\/schema\\\/person\\\/735ac1b19cc09a23600b926128459aae\",\"name\":\"Micha\u0142 Wojnar\",\"image\":{\"@type\":\"ImageObject\",\"inLanguage\":\"pl-PL\",\"@id\":\"https:\\\/\\\/secure.gravatar.com\\\/avatar\\\/d51d1fe1774d1967596f6c33495b90e637258ef654efa0c46824a1eb595aac93?s=96&d=mm&r=g\",\"url\":\"https:\\\/\\\/secure.gravatar.com\\\/avatar\\\/d51d1fe1774d1967596f6c33495b90e637258ef654efa0c46824a1eb595aac93?s=96&d=mm&r=g\",\"contentUrl\":\"https:\\\/\\\/secure.gravatar.com\\\/avatar\\\/d51d1fe1774d1967596f6c33495b90e637258ef654efa0c46824a1eb595aac93?s=96&d=mm&r=g\",\"caption\":\"Micha\u0142 Wojnar\"},\"url\":\"https:\\\/\\\/pans.krosno.pl\\\/pielegniarstwo\\\/author\\\/michalwojnar\\\/\"}]}<\/script>\n<!-- \/ Yoast SEO Premium plugin. -->","yoast_head_json":{"title":"\u015awiatowy Dzie\u0144 Zdrowia 2024 - Moje zdrowie, moje prawo - Piel\u0119gniarstwo PANS w Kro\u015bnie","robots":{"index":"index","follow":"follow","max-snippet":"max-snippet:-1","max-image-preview":"max-image-preview:large","max-video-preview":"max-video-preview:-1"},"canonical":"https:\/\/pans.krosno.pl\/pielegniarstwo\/swiatowy-dzien-zdrowia-2024-moje-zdrowie-moje-prawo\/","og_locale":"pl_PL","og_type":"article","og_title":"\u015awiatowy Dzie\u0144 Zdrowia 2024 - Moje zdrowie, moje prawo","og_description":"Co roku 7 kwietnia, w rocznic\u0119 powstania \u015awiatowej Organizacji Zdrowia (WHO), obchodzony jest \u015awiatowy Dzie\u0144 Zdrowia. W 2024 roku jego has\u0142o przewodnie brzmi &#8222;Moje zdrowie, moje prawo&#8221;. Z tej okazji w najbli\u017cszy poniedzia\u0142ek, 8 kwietnia od godz. 10:30, w Pa\u0144stwowej Akademii Nauk Stosowanych w Kro\u015bnie odb\u0119d\u0105 si\u0119 wyk\u0142ady i warsztaty [\u2026] Read More","og_url":"https:\/\/pans.krosno.pl\/pielegniarstwo\/swiatowy-dzien-zdrowia-2024-moje-zdrowie-moje-prawo\/","og_site_name":"Piel\u0119gniarstwo PANS w Kro\u015bnie","article_published_time":"2024-04-04T09:58:14+00:00","article_modified_time":"2024-04-05T10:02:10+00:00","og_image":[{"width":724,"height":1024,"url":"https:\/\/pans.krosno.pl\/wp-content\/uploads\/sites\/8\/2024\/04\/Dzien-Zdrowia-724x1024.png","type":"image\/png"}],"author":"Micha\u0142 Wojnar","twitter_card":"summary_large_image","twitter_misc":{"Napisane przez":"Micha\u0142 Wojnar","Szacowany czas czytania":"2 minuty"},"schema":{"@context":"https:\/\/schema.org","@graph":[{"@type":"Article","@id":"https:\/\/pans.krosno.pl\/pielegniarstwo\/swiatowy-dzien-zdrowia-2024-moje-zdrowie-moje-prawo\/#article","isPartOf":{"@id":"https:\/\/pans.krosno.pl\/pielegniarstwo\/swiatowy-dzien-zdrowia-2024-moje-zdrowie-moje-prawo\/"},"author":{"name":"Micha\u0142 Wojnar","@id":"https:\/\/pans.krosno.pl\/pielegniarstwo\/#\/schema\/person\/735ac1b19cc09a23600b926128459aae"},"headline":"\u015awiatowy Dzie\u0144 Zdrowia 2024 &#8211; Moje zdrowie, moje prawo","datePublished":"2024-04-04T09:58:14+00:00","dateModified":"2024-04-05T10:02:10+00:00","mainEntityOfPage":{"@id":"https:\/\/pans.krosno.pl\/pielegniarstwo\/swiatowy-dzien-zdrowia-2024-moje-zdrowie-moje-prawo\/"},"wordCount":151,"commentCount":0,"publisher":{"@id":"https:\/\/pans.krosno.pl\/pielegniarstwo\/#organization"},"image":{"@id":"https:\/\/pans.krosno.pl\/pielegniarstwo\/swiatowy-dzien-zdrowia-2024-moje-zdrowie-moje-prawo\/#primaryimage"},"thumbnailUrl":"https:\/\/pans.krosno.pl\/pielegniarstwo\/wp-content\/uploads\/sites\/8\/2024\/04\/Dzien-Zdrowia.png","inLanguage":"pl-PL","potentialAction":[{"@type":"CommentAction","name":"Comment","target":["https:\/\/pans.krosno.pl\/pielegniarstwo\/swiatowy-dzien-zdrowia-2024-moje-zdrowie-moje-prawo\/#respond"]}]},{"@type":"WebPage","@id":"https:\/\/pans.krosno.pl\/pielegniarstwo\/swiatowy-dzien-zdrowia-2024-moje-zdrowie-moje-prawo\/","url":"https:\/\/pans.krosno.pl\/pielegniarstwo\/swiatowy-dzien-zdrowia-2024-moje-zdrowie-moje-prawo\/","name":"\u015awiatowy Dzie\u0144 Zdrowia 2024 - Moje zdrowie, moje prawo - Piel\u0119gniarstwo PANS w Kro\u015bnie","isPartOf":{"@id":"https:\/\/pans.krosno.pl\/pielegniarstwo\/#website"},"primaryImageOfPage":{"@id":"https:\/\/pans.krosno.pl\/pielegniarstwo\/swiatowy-dzien-zdrowia-2024-moje-zdrowie-moje-prawo\/#primaryimage"},"image":{"@id":"https:\/\/pans.krosno.pl\/pielegniarstwo\/swiatowy-dzien-zdrowia-2024-moje-zdrowie-moje-prawo\/#primaryimage"},"thumbnailUrl":"https:\/\/pans.krosno.pl\/pielegniarstwo\/wp-content\/uploads\/sites\/8\/2024\/04\/Dzien-Zdrowia.png","datePublished":"2024-04-04T09:58:14+00:00","dateModified":"2024-04-05T10:02:10+00:00","breadcrumb":{"@id":"https:\/\/pans.krosno.pl\/pielegniarstwo\/swiatowy-dzien-zdrowia-2024-moje-zdrowie-moje-prawo\/#breadcrumb"},"inLanguage":"pl-PL","potentialAction":[{"@type":"ReadAction","target":["https:\/\/pans.krosno.pl\/pielegniarstwo\/swiatowy-dzien-zdrowia-2024-moje-zdrowie-moje-prawo\/"]}]},{"@type":"ImageObject","inLanguage":"pl-PL","@id":"https:\/\/pans.krosno.pl\/pielegniarstwo\/swiatowy-dzien-zdrowia-2024-moje-zdrowie-moje-prawo\/#primaryimage","url":"https:\/\/pans.krosno.pl\/pielegniarstwo\/wp-content\/uploads\/sites\/8\/2024\/04\/Dzien-Zdrowia.png","contentUrl":"https:\/\/pans.krosno.pl\/pielegniarstwo\/wp-content\/uploads\/sites\/8\/2024\/04\/Dzien-Zdrowia.png","width":2480,"height":3508},{"@type":"BreadcrumbList","@id":"https:\/\/pans.krosno.pl\/pielegniarstwo\/swiatowy-dzien-zdrowia-2024-moje-zdrowie-moje-prawo\/#breadcrumb","itemListElement":[{"@type":"ListItem","position":1,"name":"Strona g\u0142\u00f3wna","item":"https:\/\/pans.krosno.pl\/pielegniarstwo\/"},{"@type":"ListItem","position":2,"name":"\u015awiatowy Dzie\u0144 Zdrowia 2024 &#8211; Moje zdrowie, moje prawo"}]},{"@type":"WebSite","@id":"https:\/\/pans.krosno.pl\/pielegniarstwo\/#website","url":"https:\/\/pans.krosno.pl\/pielegniarstwo\/","name":"Piel\u0119gniarstwo PANS w Kro\u015bnie","description":"Piel\u0119gniarstwo - Pa\u0144stwowa Akademia Nauk Stosowanych","publisher":{"@id":"https:\/\/pans.krosno.pl\/pielegniarstwo\/#organization"},"potentialAction":[{"@type":"SearchAction","target":{"@type":"EntryPoint","urlTemplate":"https:\/\/pans.krosno.pl\/pielegniarstwo\/?s={search_term_string}"},"query-input":{"@type":"PropertyValueSpecification","valueRequired":true,"valueName":"search_term_string"}}],"inLanguage":"pl-PL"},{"@type":"Organization","@id":"https:\/\/pans.krosno.pl\/pielegniarstwo\/#organization","name":"Piel\u0119gniarstwo PANS w Kro\u015bnie","url":"https:\/\/pans.krosno.pl\/pielegniarstwo\/","logo":{"@type":"ImageObject","inLanguage":"pl-PL","@id":"https:\/\/pans.krosno.pl\/pielegniarstwo\/#\/schema\/logo\/image\/","url":"https:\/\/pans.krosno.pl\/pielegniarstwo\/wp-content\/uploads\/sites\/8\/2023\/01\/Logo-PANS-2022-pelne.png","contentUrl":"https:\/\/pans.krosno.pl\/pielegniarstwo\/wp-content\/uploads\/sites\/8\/2023\/01\/Logo-PANS-2022-pelne.png","width":3096,"height":696,"caption":"Piel\u0119gniarstwo PANS w Kro\u015bnie"},"image":{"@id":"https:\/\/pans.krosno.pl\/pielegniarstwo\/#\/schema\/logo\/image\/"}},{"@type":"Person","@id":"https:\/\/pans.krosno.pl\/pielegniarstwo\/#\/schema\/person\/735ac1b19cc09a23600b926128459aae","name":"Micha\u0142 Wojnar","image":{"@type":"ImageObject","inLanguage":"pl-PL","@id":"https:\/\/secure.gravatar.com\/avatar\/d51d1fe1774d1967596f6c33495b90e637258ef654efa0c46824a1eb595aac93?s=96&d=mm&r=g","url":"https:\/\/secure.gravatar.com\/avatar\/d51d1fe1774d1967596f6c33495b90e637258ef654efa0c46824a1eb595aac93?s=96&d=mm&r=g","contentUrl":"https:\/\/secure.gravatar.com\/avatar\/d51d1fe1774d1967596f6c33495b90e637258ef654efa0c46824a1eb595aac93?s=96&d=mm&r=g","caption":"Micha\u0142 Wojnar"},"url":"https:\/\/pans.krosno.pl\/pielegniarstwo\/author\/michalwojnar\/"}]}},"_links":{"self":[{"href":"https:\/\/pans.krosno.pl\/pielegniarstwo\/wp-json\/wp\/v2\/posts\/5179","targetHints":{"allow":["GET"]}}],"collection":[{"href":"https:\/\/pans.krosno.pl\/pielegniarstwo\/wp-json\/wp\/v2\/posts"}],"about":[{"href":"https:\/\/pans.krosno.pl\/pielegniarstwo\/wp-json\/wp\/v2\/types\/post"}],"author":[{"embeddable":true,"href":"https:\/\/pans.krosno.pl\/pielegniarstwo\/wp-json\/wp\/v2\/users\/95"}],"replies":[{"embeddable":true,"href":"https:\/\/pans.krosno.pl\/pielegniarstwo\/wp-json\/wp\/v2\/comments?post=5179"}],"version-history":[{"count":4,"href":"https:\/\/pans.krosno.pl\/pielegniarstwo\/wp-json\/wp\/v2\/posts\/5179\/revisions"}],"predecessor-version":[{"id":5186,"href":"https:\/\/pans.krosno.pl\/pielegniarstwo\/wp-json\/wp\/v2\/posts\/5179\/revisions\/5186"}],"wp:featuredmedia":[{"embeddable":true,"href":"https:\/\/pans.krosno.pl\/pielegniarstwo\/wp-json\/wp\/v2\/media\/5180"}],"wp:attachment":[{"href":"https:\/\/pans.krosno.pl\/pielegniarstwo\/wp-json\/wp\/v2\/media?parent=5179"}],"wp:term":[{"taxonomy":"category","embeddable":true,"href":"https:\/\/pans.krosno.pl\/pielegniarstwo\/wp-json\/wp\/v2\/categories?post=5179"},{"taxonomy":"post_tag","embeddable":true,"href":"https:\/\/pans.krosno.pl\/pielegniarstwo\/wp-json\/wp\/v2\/tags?post=5179"}],"curies":[{"name":"wp","href":"https:\/\/api.w.org\/{rel}","templated":true}]}}