{"id":5157,"date":"2024-03-21T14:05:48","date_gmt":"2024-03-21T13:05:48","guid":{"rendered":"https:\/\/pans.krosno.pl\/pielegniarstwo\/?p=5157"},"modified":"2024-04-10T11:09:16","modified_gmt":"2024-04-10T09:09:16","slug":"wykladowcy-zakladu-pielegniarstwa-w-ramach-wydarzenia-zdrowy-i-swiadomy-senior","status":"publish","type":"post","link":"https:\/\/pans.krosno.pl\/pielegniarstwo\/wykladowcy-zakladu-pielegniarstwa-w-ramach-wydarzenia-zdrowy-i-swiadomy-senior\/","title":{"rendered":"Wyk\u0142adowcy Zak\u0142adu Piel\u0119gniarstwa w ramach wydarzenia &#8222;Zdrowy i \u015awiadomy Senior&#8221;"},"content":{"rendered":"\n<p>W dniu 19 marca br. w siedzibie Miejskiego O\u015brodka Pomocy Rodzinie w Kro\u015bnie w ramach cyklicznego projektu socjalnego <em>Zdrowy i \u015awiadomy Senior<\/em> odby\u0142a si\u0119 seria wyk\u0142ad\u00f3w, w ramach kt\u00f3rych udzia\u0142 wzi\u0119li pracownicy Zak\u0142adu Piel\u0119gniarstwa Pa\u0144stwowej Akademii Nauk Stosowanych w Kro\u015bnie: <strong>dr Ewa Smole\u0144<\/strong> i <strong>mgr Jakub Zalewski<\/strong>.<\/p>\n\n\n\n<div class=\"wp-block-columns is-layout-flex wp-container-core-columns-is-layout-28f84493 wp-block-columns-is-layout-flex\">\n<div class=\"wp-block-column is-layout-flow wp-block-column-is-layout-flow\" style=\"flex-basis:100%\">\n<div class=\"wp-block-columns is-layout-flex wp-container-core-columns-is-layout-28f84493 wp-block-columns-is-layout-flex\">\n<div class=\"wp-block-column is-layout-flow wp-block-column-is-layout-flow\">\n<figure class=\"wp-block-image size-large\"><img loading=\"lazy\" decoding=\"async\" width=\"577\" height=\"1024\" src=\"https:\/\/pans.krosno.pl\/pielegniarstwo\/wp-content\/uploads\/sites\/8\/2024\/03\/432777960_817932197040913_798469789575233155_n-577x1024.jpg\" alt=\"\" class=\"wp-image-5158\" srcset=\"https:\/\/pans.krosno.pl\/pielegniarstwo\/wp-content\/uploads\/sites\/8\/2024\/03\/432777960_817932197040913_798469789575233155_n-577x1024.jpg 577w, https:\/\/pans.krosno.pl\/pielegniarstwo\/wp-content\/uploads\/sites\/8\/2024\/03\/432777960_817932197040913_798469789575233155_n-169x300.jpg 169w, https:\/\/pans.krosno.pl\/pielegniarstwo\/wp-content\/uploads\/sites\/8\/2024\/03\/432777960_817932197040913_798469789575233155_n-768x1364.jpg 768w, https:\/\/pans.krosno.pl\/pielegniarstwo\/wp-content\/uploads\/sites\/8\/2024\/03\/432777960_817932197040913_798469789575233155_n-865x1536.jpg 865w, https:\/\/pans.krosno.pl\/pielegniarstwo\/wp-content\/uploads\/sites\/8\/2024\/03\/432777960_817932197040913_798469789575233155_n-800x1421.jpg 800w, https:\/\/pans.krosno.pl\/pielegniarstwo\/wp-content\/uploads\/sites\/8\/2024\/03\/432777960_817932197040913_798469789575233155_n-580x1030.jpg 580w, https:\/\/pans.krosno.pl\/pielegniarstwo\/wp-content\/uploads\/sites\/8\/2024\/03\/432777960_817932197040913_798469789575233155_n.jpg 1153w\" sizes=\"auto, (max-width: 577px) 100vw, 577px\" \/><\/figure>\n<\/div>\n\n\n\n<div class=\"wp-block-column is-layout-flow wp-block-column-is-layout-flow\">\n<figure class=\"wp-block-image size-large\"><img loading=\"lazy\" decoding=\"async\" width=\"649\" height=\"1153\" src=\"https:\/\/pans.krosno.pl\/pielegniarstwo\/wp-content\/uploads\/sites\/8\/2024\/03\/432664802_817931897040943_3763531534997545595_n-1-edited-1.jpg\" alt=\"\" class=\"wp-image-5162\" srcset=\"https:\/\/pans.krosno.pl\/pielegniarstwo\/wp-content\/uploads\/sites\/8\/2024\/03\/432664802_817931897040943_3763531534997545595_n-1-edited-1.jpg 649w, https:\/\/pans.krosno.pl\/pielegniarstwo\/wp-content\/uploads\/sites\/8\/2024\/03\/432664802_817931897040943_3763531534997545595_n-1-edited-1-169x300.jpg 169w, https:\/\/pans.krosno.pl\/pielegniarstwo\/wp-content\/uploads\/sites\/8\/2024\/03\/432664802_817931897040943_3763531534997545595_n-1-edited-1-576x1024.jpg 576w, https:\/\/pans.krosno.pl\/pielegniarstwo\/wp-content\/uploads\/sites\/8\/2024\/03\/432664802_817931897040943_3763531534997545595_n-1-edited-1-580x1030.jpg 580w\" sizes=\"auto, (max-width: 649px) 100vw, 649px\" \/><\/figure>\n<\/div>\n<\/div>\n<\/div>\n<\/div>\n\n\n\n<p>W trakcie spotkania wyk\u0142adowcy om\u00f3wili istotne aspekty zdrowia oraz bezpiecze\u0144stwa os\u00f3b starszych. Om\u00f3wiono podstawowe zasady udzielania pierwszej pomocy oraz techniki ratunkowe, kt\u00f3re mog\u0105 by\u0107 \u017cyciodajne w nag\u0142ych sytuacjach. Nie zabrak\u0142o tak\u017ce tematu profilaktyki upadk\u00f3w, gdzie identyfikowano czynniki zwi\u0119kszaj\u0105ce ryzyko oraz omawiano sposoby eliminacji i minimalizacji tego zagro\u017cenia. Celem\u00a0 spotkania by\u0142o podniesienie \u015bwiadomo\u015bci na temat zdrowego stylu \u017cycia oraz profilaktyki w\u015br\u00f3d senior\u00f3w, aktualizacja ich wiedzy z zakresu bezpiecze\u0144stwa i zdrowia, a tak\u017ce wyposa\u017cenie ich w praktyczne umiej\u0119tno\u015bci i wiedz\u0119 w tym zakresie.<\/p>\n\n\n\n<figure class=\"wp-block-image size-large\"><img loading=\"lazy\" decoding=\"async\" width=\"1024\" height=\"577\" src=\"https:\/\/pans.krosno.pl\/pielegniarstwo\/wp-content\/uploads\/sites\/8\/2024\/03\/432744873_817932167040916_502254162631010821_n-1024x577.jpg\" alt=\"\" class=\"wp-image-5163\" srcset=\"https:\/\/pans.krosno.pl\/pielegniarstwo\/wp-content\/uploads\/sites\/8\/2024\/03\/432744873_817932167040916_502254162631010821_n-1024x577.jpg 1024w, https:\/\/pans.krosno.pl\/pielegniarstwo\/wp-content\/uploads\/sites\/8\/2024\/03\/432744873_817932167040916_502254162631010821_n-300x169.jpg 300w, https:\/\/pans.krosno.pl\/pielegniarstwo\/wp-content\/uploads\/sites\/8\/2024\/03\/432744873_817932167040916_502254162631010821_n-768x432.jpg 768w, https:\/\/pans.krosno.pl\/pielegniarstwo\/wp-content\/uploads\/sites\/8\/2024\/03\/432744873_817932167040916_502254162631010821_n-1536x865.jpg 1536w, https:\/\/pans.krosno.pl\/pielegniarstwo\/wp-content\/uploads\/sites\/8\/2024\/03\/432744873_817932167040916_502254162631010821_n-2000x1126.jpg 2000w, https:\/\/pans.krosno.pl\/pielegniarstwo\/wp-content\/uploads\/sites\/8\/2024\/03\/432744873_817932167040916_502254162631010821_n-800x450.jpg 800w, https:\/\/pans.krosno.pl\/pielegniarstwo\/wp-content\/uploads\/sites\/8\/2024\/03\/432744873_817932167040916_502254162631010821_n-270x152.jpg 270w, https:\/\/pans.krosno.pl\/pielegniarstwo\/wp-content\/uploads\/sites\/8\/2024\/03\/432744873_817932167040916_502254162631010821_n-580x327.jpg 580w, https:\/\/pans.krosno.pl\/pielegniarstwo\/wp-content\/uploads\/sites\/8\/2024\/03\/432744873_817932167040916_502254162631010821_n.jpg 2048w\" sizes=\"auto, (max-width: 1024px) 100vw, 1024px\" \/><\/figure>\n\n\n\n<div class=\"wp-block-columns is-layout-flex wp-container-core-columns-is-layout-28f84493 wp-block-columns-is-layout-flex\">\n<div class=\"wp-block-column is-layout-flow wp-block-column-is-layout-flow\">\n<figure class=\"wp-block-image size-large\"><img loading=\"lazy\" decoding=\"async\" width=\"577\" height=\"1024\" src=\"https:\/\/pans.krosno.pl\/pielegniarstwo\/wp-content\/uploads\/sites\/8\/2024\/03\/432058424_817932273707572_6402018051870689511_n-577x1024.jpg\" alt=\"\" class=\"wp-image-5164\" srcset=\"https:\/\/pans.krosno.pl\/pielegniarstwo\/wp-content\/uploads\/sites\/8\/2024\/03\/432058424_817932273707572_6402018051870689511_n-577x1024.jpg 577w, https:\/\/pans.krosno.pl\/pielegniarstwo\/wp-content\/uploads\/sites\/8\/2024\/03\/432058424_817932273707572_6402018051870689511_n-169x300.jpg 169w, https:\/\/pans.krosno.pl\/pielegniarstwo\/wp-content\/uploads\/sites\/8\/2024\/03\/432058424_817932273707572_6402018051870689511_n-768x1364.jpg 768w, https:\/\/pans.krosno.pl\/pielegniarstwo\/wp-content\/uploads\/sites\/8\/2024\/03\/432058424_817932273707572_6402018051870689511_n-865x1536.jpg 865w, https:\/\/pans.krosno.pl\/pielegniarstwo\/wp-content\/uploads\/sites\/8\/2024\/03\/432058424_817932273707572_6402018051870689511_n-800x1421.jpg 800w, https:\/\/pans.krosno.pl\/pielegniarstwo\/wp-content\/uploads\/sites\/8\/2024\/03\/432058424_817932273707572_6402018051870689511_n-580x1030.jpg 580w, https:\/\/pans.krosno.pl\/pielegniarstwo\/wp-content\/uploads\/sites\/8\/2024\/03\/432058424_817932273707572_6402018051870689511_n.jpg 1153w\" sizes=\"auto, (max-width: 577px) 100vw, 577px\" \/><\/figure>\n<\/div>\n\n\n\n<div class=\"wp-block-column is-layout-flow wp-block-column-is-layout-flow\">\n<figure class=\"wp-block-image size-large\"><img loading=\"lazy\" decoding=\"async\" width=\"577\" height=\"1024\" src=\"https:\/\/pans.krosno.pl\/pielegniarstwo\/wp-content\/uploads\/sites\/8\/2024\/03\/432683741_817931373707662_443638062670439366_n-577x1024.jpg\" alt=\"\" class=\"wp-image-5165\" srcset=\"https:\/\/pans.krosno.pl\/pielegniarstwo\/wp-content\/uploads\/sites\/8\/2024\/03\/432683741_817931373707662_443638062670439366_n-577x1024.jpg 577w, https:\/\/pans.krosno.pl\/pielegniarstwo\/wp-content\/uploads\/sites\/8\/2024\/03\/432683741_817931373707662_443638062670439366_n-169x300.jpg 169w, https:\/\/pans.krosno.pl\/pielegniarstwo\/wp-content\/uploads\/sites\/8\/2024\/03\/432683741_817931373707662_443638062670439366_n-768x1364.jpg 768w, https:\/\/pans.krosno.pl\/pielegniarstwo\/wp-content\/uploads\/sites\/8\/2024\/03\/432683741_817931373707662_443638062670439366_n-865x1536.jpg 865w, https:\/\/pans.krosno.pl\/pielegniarstwo\/wp-content\/uploads\/sites\/8\/2024\/03\/432683741_817931373707662_443638062670439366_n-800x1421.jpg 800w, https:\/\/pans.krosno.pl\/pielegniarstwo\/wp-content\/uploads\/sites\/8\/2024\/03\/432683741_817931373707662_443638062670439366_n-580x1030.jpg 580w, https:\/\/pans.krosno.pl\/pielegniarstwo\/wp-content\/uploads\/sites\/8\/2024\/03\/432683741_817931373707662_443638062670439366_n.jpg 1153w\" sizes=\"auto, (max-width: 577px) 100vw, 577px\" \/><\/figure>\n<\/div>\n<\/div>\n","protected":false},"excerpt":{"rendered":"<p>W dniu 19 marca br. w siedzibie Miejskiego O\u015brodka Pomocy Rodzinie w Kro\u015bnie w ramach cyklicznego projektu socjalnego Zdrowy i \u015awiadomy Senior odby\u0142a si\u0119 seria wyk\u0142ad\u00f3w, w ramach kt\u00f3rych udzia\u0142 wzi\u0119li pracownicy Zak\u0142adu Piel\u0119gniarstwa Pa\u0144stwowej Akademii Nauk Stosowanych w Kro\u015bnie: dr Ewa Smole\u0144 i mgr Jakub Zalewski. W trakcie spotkania [\u2026] <\/p>\n<div class=\"clear\"><\/div>\n<p><a class=\"more_link clearfix\" href=\"https:\/\/pans.krosno.pl\/pielegniarstwo\/wykladowcy-zakladu-pielegniarstwa-w-ramach-wydarzenia-zdrowy-i-swiadomy-senior\/\" rel=\"nofollow\">Read More<\/a><\/p>\n","protected":false},"author":95,"featured_media":5164,"comment_status":"open","ping_status":"open","sticky":false,"template":"","format":"standard","meta":{"ngg_post_thumbnail":0,"footnotes":""},"categories":[1],"tags":[],"class_list":["post-5157","post","type-post","status-publish","format-standard","has-post-thumbnail","hentry","category-bez-kategorii"],"yoast_head":"<!-- This site is optimized with the Yoast SEO Premium plugin v27.4 (Yoast SEO v27.4) - https:\/\/yoast.com\/product\/yoast-seo-premium-wordpress\/ -->\n<title>Wyk\u0142adowcy Zak\u0142adu Piel\u0119gniarstwa w ramach wydarzenia &quot;Zdrowy i \u015awiadomy Senior&quot; - Piel\u0119gniarstwo PANS w Kro\u015bnie<\/title>\n<meta name=\"robots\" content=\"index, follow, max-snippet:-1, max-image-preview:large, max-video-preview:-1\" \/>\n<link rel=\"canonical\" href=\"https:\/\/pans.krosno.pl\/pielegniarstwo\/wykladowcy-zakladu-pielegniarstwa-w-ramach-wydarzenia-zdrowy-i-swiadomy-senior\/\" \/>\n<meta property=\"og:locale\" content=\"pl_PL\" \/>\n<meta property=\"og:type\" content=\"article\" \/>\n<meta property=\"og:title\" content=\"Wyk\u0142adowcy Zak\u0142adu Piel\u0119gniarstwa w ramach wydarzenia &quot;Zdrowy i \u015awiadomy Senior&quot;\" \/>\n<meta property=\"og:description\" content=\"W dniu 19 marca br. w siedzibie Miejskiego O\u015brodka Pomocy Rodzinie w Kro\u015bnie w ramach cyklicznego projektu socjalnego Zdrowy i \u015awiadomy Senior odby\u0142a si\u0119 seria wyk\u0142ad\u00f3w, w ramach kt\u00f3rych udzia\u0142 wzi\u0119li pracownicy Zak\u0142adu Piel\u0119gniarstwa Pa\u0144stwowej Akademii Nauk Stosowanych w Kro\u015bnie: dr Ewa Smole\u0144 i mgr Jakub Zalewski. W trakcie spotkania [\u2026] Read More\" \/>\n<meta property=\"og:url\" content=\"https:\/\/pans.krosno.pl\/pielegniarstwo\/wykladowcy-zakladu-pielegniarstwa-w-ramach-wydarzenia-zdrowy-i-swiadomy-senior\/\" \/>\n<meta property=\"og:site_name\" content=\"Piel\u0119gniarstwo PANS w Kro\u015bnie\" \/>\n<meta property=\"article:published_time\" content=\"2024-03-21T13:05:48+00:00\" \/>\n<meta property=\"article:modified_time\" content=\"2024-04-10T09:09:16+00:00\" \/>\n<meta property=\"og:image\" content=\"https:\/\/pans.krosno.pl\/wp-content\/uploads\/sites\/8\/2024\/03\/432058424_817932273707572_6402018051870689511_n.jpg\" \/>\n\t<meta property=\"og:image:width\" content=\"1153\" \/>\n\t<meta property=\"og:image:height\" content=\"2048\" \/>\n\t<meta property=\"og:image:type\" content=\"image\/jpeg\" \/>\n<meta name=\"author\" content=\"Micha\u0142 Wojnar\" \/>\n<meta name=\"twitter:card\" content=\"summary_large_image\" \/>\n<meta name=\"twitter:label1\" content=\"Napisane przez\" \/>\n\t<meta name=\"twitter:data1\" content=\"Micha\u0142 Wojnar\" \/>\n\t<meta name=\"twitter:label2\" content=\"Szacowany czas czytania\" \/>\n\t<meta name=\"twitter:data2\" content=\"2 minuty\" \/>\n<script type=\"application\/ld+json\" class=\"yoast-schema-graph\">{\"@context\":\"https:\\\/\\\/schema.org\",\"@graph\":[{\"@type\":\"Article\",\"@id\":\"https:\\\/\\\/pans.krosno.pl\\\/pielegniarstwo\\\/wykladowcy-zakladu-pielegniarstwa-w-ramach-wydarzenia-zdrowy-i-swiadomy-senior\\\/#article\",\"isPartOf\":{\"@id\":\"https:\\\/\\\/pans.krosno.pl\\\/pielegniarstwo\\\/wykladowcy-zakladu-pielegniarstwa-w-ramach-wydarzenia-zdrowy-i-swiadomy-senior\\\/\"},\"author\":{\"name\":\"Micha\u0142 Wojnar\",\"@id\":\"https:\\\/\\\/pans.krosno.pl\\\/pielegniarstwo\\\/#\\\/schema\\\/person\\\/735ac1b19cc09a23600b926128459aae\"},\"headline\":\"Wyk\u0142adowcy Zak\u0142adu Piel\u0119gniarstwa w ramach wydarzenia &#8222;Zdrowy i \u015awiadomy Senior&#8221;\",\"datePublished\":\"2024-03-21T13:05:48+00:00\",\"dateModified\":\"2024-04-10T09:09:16+00:00\",\"mainEntityOfPage\":{\"@id\":\"https:\\\/\\\/pans.krosno.pl\\\/pielegniarstwo\\\/wykladowcy-zakladu-pielegniarstwa-w-ramach-wydarzenia-zdrowy-i-swiadomy-senior\\\/\"},\"wordCount\":174,\"commentCount\":0,\"publisher\":{\"@id\":\"https:\\\/\\\/pans.krosno.pl\\\/pielegniarstwo\\\/#organization\"},\"image\":{\"@id\":\"https:\\\/\\\/pans.krosno.pl\\\/pielegniarstwo\\\/wykladowcy-zakladu-pielegniarstwa-w-ramach-wydarzenia-zdrowy-i-swiadomy-senior\\\/#primaryimage\"},\"thumbnailUrl\":\"https:\\\/\\\/pans.krosno.pl\\\/pielegniarstwo\\\/wp-content\\\/uploads\\\/sites\\\/8\\\/2024\\\/03\\\/432058424_817932273707572_6402018051870689511_n.jpg\",\"inLanguage\":\"pl-PL\",\"potentialAction\":[{\"@type\":\"CommentAction\",\"name\":\"Comment\",\"target\":[\"https:\\\/\\\/pans.krosno.pl\\\/pielegniarstwo\\\/wykladowcy-zakladu-pielegniarstwa-w-ramach-wydarzenia-zdrowy-i-swiadomy-senior\\\/#respond\"]}]},{\"@type\":\"WebPage\",\"@id\":\"https:\\\/\\\/pans.krosno.pl\\\/pielegniarstwo\\\/wykladowcy-zakladu-pielegniarstwa-w-ramach-wydarzenia-zdrowy-i-swiadomy-senior\\\/\",\"url\":\"https:\\\/\\\/pans.krosno.pl\\\/pielegniarstwo\\\/wykladowcy-zakladu-pielegniarstwa-w-ramach-wydarzenia-zdrowy-i-swiadomy-senior\\\/\",\"name\":\"Wyk\u0142adowcy Zak\u0142adu Piel\u0119gniarstwa w ramach wydarzenia \\\"Zdrowy i \u015awiadomy Senior\\\" - Piel\u0119gniarstwo PANS w Kro\u015bnie\",\"isPartOf\":{\"@id\":\"https:\\\/\\\/pans.krosno.pl\\\/pielegniarstwo\\\/#website\"},\"primaryImageOfPage\":{\"@id\":\"https:\\\/\\\/pans.krosno.pl\\\/pielegniarstwo\\\/wykladowcy-zakladu-pielegniarstwa-w-ramach-wydarzenia-zdrowy-i-swiadomy-senior\\\/#primaryimage\"},\"image\":{\"@id\":\"https:\\\/\\\/pans.krosno.pl\\\/pielegniarstwo\\\/wykladowcy-zakladu-pielegniarstwa-w-ramach-wydarzenia-zdrowy-i-swiadomy-senior\\\/#primaryimage\"},\"thumbnailUrl\":\"https:\\\/\\\/pans.krosno.pl\\\/pielegniarstwo\\\/wp-content\\\/uploads\\\/sites\\\/8\\\/2024\\\/03\\\/432058424_817932273707572_6402018051870689511_n.jpg\",\"datePublished\":\"2024-03-21T13:05:48+00:00\",\"dateModified\":\"2024-04-10T09:09:16+00:00\",\"breadcrumb\":{\"@id\":\"https:\\\/\\\/pans.krosno.pl\\\/pielegniarstwo\\\/wykladowcy-zakladu-pielegniarstwa-w-ramach-wydarzenia-zdrowy-i-swiadomy-senior\\\/#breadcrumb\"},\"inLanguage\":\"pl-PL\",\"potentialAction\":[{\"@type\":\"ReadAction\",\"target\":[\"https:\\\/\\\/pans.krosno.pl\\\/pielegniarstwo\\\/wykladowcy-zakladu-pielegniarstwa-w-ramach-wydarzenia-zdrowy-i-swiadomy-senior\\\/\"]}]},{\"@type\":\"ImageObject\",\"inLanguage\":\"pl-PL\",\"@id\":\"https:\\\/\\\/pans.krosno.pl\\\/pielegniarstwo\\\/wykladowcy-zakladu-pielegniarstwa-w-ramach-wydarzenia-zdrowy-i-swiadomy-senior\\\/#primaryimage\",\"url\":\"https:\\\/\\\/pans.krosno.pl\\\/pielegniarstwo\\\/wp-content\\\/uploads\\\/sites\\\/8\\\/2024\\\/03\\\/432058424_817932273707572_6402018051870689511_n.jpg\",\"contentUrl\":\"https:\\\/\\\/pans.krosno.pl\\\/pielegniarstwo\\\/wp-content\\\/uploads\\\/sites\\\/8\\\/2024\\\/03\\\/432058424_817932273707572_6402018051870689511_n.jpg\",\"width\":1153,\"height\":2048},{\"@type\":\"BreadcrumbList\",\"@id\":\"https:\\\/\\\/pans.krosno.pl\\\/pielegniarstwo\\\/wykladowcy-zakladu-pielegniarstwa-w-ramach-wydarzenia-zdrowy-i-swiadomy-senior\\\/#breadcrumb\",\"itemListElement\":[{\"@type\":\"ListItem\",\"position\":1,\"name\":\"Strona g\u0142\u00f3wna\",\"item\":\"https:\\\/\\\/pans.krosno.pl\\\/pielegniarstwo\\\/\"},{\"@type\":\"ListItem\",\"position\":2,\"name\":\"Wyk\u0142adowcy Zak\u0142adu Piel\u0119gniarstwa w ramach wydarzenia &#8222;Zdrowy i \u015awiadomy Senior&#8221;\"}]},{\"@type\":\"WebSite\",\"@id\":\"https:\\\/\\\/pans.krosno.pl\\\/pielegniarstwo\\\/#website\",\"url\":\"https:\\\/\\\/pans.krosno.pl\\\/pielegniarstwo\\\/\",\"name\":\"Piel\u0119gniarstwo PANS w Kro\u015bnie\",\"description\":\"Piel\u0119gniarstwo - Pa\u0144stwowa Akademia Nauk Stosowanych\",\"publisher\":{\"@id\":\"https:\\\/\\\/pans.krosno.pl\\\/pielegniarstwo\\\/#organization\"},\"potentialAction\":[{\"@type\":\"SearchAction\",\"target\":{\"@type\":\"EntryPoint\",\"urlTemplate\":\"https:\\\/\\\/pans.krosno.pl\\\/pielegniarstwo\\\/?s={search_term_string}\"},\"query-input\":{\"@type\":\"PropertyValueSpecification\",\"valueRequired\":true,\"valueName\":\"search_term_string\"}}],\"inLanguage\":\"pl-PL\"},{\"@type\":\"Organization\",\"@id\":\"https:\\\/\\\/pans.krosno.pl\\\/pielegniarstwo\\\/#organization\",\"name\":\"Piel\u0119gniarstwo PANS w Kro\u015bnie\",\"url\":\"https:\\\/\\\/pans.krosno.pl\\\/pielegniarstwo\\\/\",\"logo\":{\"@type\":\"ImageObject\",\"inLanguage\":\"pl-PL\",\"@id\":\"https:\\\/\\\/pans.krosno.pl\\\/pielegniarstwo\\\/#\\\/schema\\\/logo\\\/image\\\/\",\"url\":\"https:\\\/\\\/pans.krosno.pl\\\/pielegniarstwo\\\/wp-content\\\/uploads\\\/sites\\\/8\\\/2023\\\/01\\\/Logo-PANS-2022-pelne.png\",\"contentUrl\":\"https:\\\/\\\/pans.krosno.pl\\\/pielegniarstwo\\\/wp-content\\\/uploads\\\/sites\\\/8\\\/2023\\\/01\\\/Logo-PANS-2022-pelne.png\",\"width\":3096,\"height\":696,\"caption\":\"Piel\u0119gniarstwo PANS w Kro\u015bnie\"},\"image\":{\"@id\":\"https:\\\/\\\/pans.krosno.pl\\\/pielegniarstwo\\\/#\\\/schema\\\/logo\\\/image\\\/\"}},{\"@type\":\"Person\",\"@id\":\"https:\\\/\\\/pans.krosno.pl\\\/pielegniarstwo\\\/#\\\/schema\\\/person\\\/735ac1b19cc09a23600b926128459aae\",\"name\":\"Micha\u0142 Wojnar\",\"image\":{\"@type\":\"ImageObject\",\"inLanguage\":\"pl-PL\",\"@id\":\"https:\\\/\\\/secure.gravatar.com\\\/avatar\\\/d51d1fe1774d1967596f6c33495b90e637258ef654efa0c46824a1eb595aac93?s=96&d=mm&r=g\",\"url\":\"https:\\\/\\\/secure.gravatar.com\\\/avatar\\\/d51d1fe1774d1967596f6c33495b90e637258ef654efa0c46824a1eb595aac93?s=96&d=mm&r=g\",\"contentUrl\":\"https:\\\/\\\/secure.gravatar.com\\\/avatar\\\/d51d1fe1774d1967596f6c33495b90e637258ef654efa0c46824a1eb595aac93?s=96&d=mm&r=g\",\"caption\":\"Micha\u0142 Wojnar\"},\"url\":\"https:\\\/\\\/pans.krosno.pl\\\/pielegniarstwo\\\/author\\\/michalwojnar\\\/\"}]}<\/script>\n<!-- \/ Yoast SEO Premium plugin. -->","yoast_head_json":{"title":"Wyk\u0142adowcy Zak\u0142adu Piel\u0119gniarstwa w ramach wydarzenia \"Zdrowy i \u015awiadomy Senior\" - Piel\u0119gniarstwo PANS w Kro\u015bnie","robots":{"index":"index","follow":"follow","max-snippet":"max-snippet:-1","max-image-preview":"max-image-preview:large","max-video-preview":"max-video-preview:-1"},"canonical":"https:\/\/pans.krosno.pl\/pielegniarstwo\/wykladowcy-zakladu-pielegniarstwa-w-ramach-wydarzenia-zdrowy-i-swiadomy-senior\/","og_locale":"pl_PL","og_type":"article","og_title":"Wyk\u0142adowcy Zak\u0142adu Piel\u0119gniarstwa w ramach wydarzenia \"Zdrowy i \u015awiadomy Senior\"","og_description":"W dniu 19 marca br. w siedzibie Miejskiego O\u015brodka Pomocy Rodzinie w Kro\u015bnie w ramach cyklicznego projektu socjalnego Zdrowy i \u015awiadomy Senior odby\u0142a si\u0119 seria wyk\u0142ad\u00f3w, w ramach kt\u00f3rych udzia\u0142 wzi\u0119li pracownicy Zak\u0142adu Piel\u0119gniarstwa Pa\u0144stwowej Akademii Nauk Stosowanych w Kro\u015bnie: dr Ewa Smole\u0144 i mgr Jakub Zalewski. W trakcie spotkania [\u2026] Read More","og_url":"https:\/\/pans.krosno.pl\/pielegniarstwo\/wykladowcy-zakladu-pielegniarstwa-w-ramach-wydarzenia-zdrowy-i-swiadomy-senior\/","og_site_name":"Piel\u0119gniarstwo PANS w Kro\u015bnie","article_published_time":"2024-03-21T13:05:48+00:00","article_modified_time":"2024-04-10T09:09:16+00:00","og_image":[{"width":1153,"height":2048,"url":"https:\/\/pans.krosno.pl\/wp-content\/uploads\/sites\/8\/2024\/03\/432058424_817932273707572_6402018051870689511_n.jpg","type":"image\/jpeg"}],"author":"Micha\u0142 Wojnar","twitter_card":"summary_large_image","twitter_misc":{"Napisane przez":"Micha\u0142 Wojnar","Szacowany czas czytania":"2 minuty"},"schema":{"@context":"https:\/\/schema.org","@graph":[{"@type":"Article","@id":"https:\/\/pans.krosno.pl\/pielegniarstwo\/wykladowcy-zakladu-pielegniarstwa-w-ramach-wydarzenia-zdrowy-i-swiadomy-senior\/#article","isPartOf":{"@id":"https:\/\/pans.krosno.pl\/pielegniarstwo\/wykladowcy-zakladu-pielegniarstwa-w-ramach-wydarzenia-zdrowy-i-swiadomy-senior\/"},"author":{"name":"Micha\u0142 Wojnar","@id":"https:\/\/pans.krosno.pl\/pielegniarstwo\/#\/schema\/person\/735ac1b19cc09a23600b926128459aae"},"headline":"Wyk\u0142adowcy Zak\u0142adu Piel\u0119gniarstwa w ramach wydarzenia &#8222;Zdrowy i \u015awiadomy Senior&#8221;","datePublished":"2024-03-21T13:05:48+00:00","dateModified":"2024-04-10T09:09:16+00:00","mainEntityOfPage":{"@id":"https:\/\/pans.krosno.pl\/pielegniarstwo\/wykladowcy-zakladu-pielegniarstwa-w-ramach-wydarzenia-zdrowy-i-swiadomy-senior\/"},"wordCount":174,"commentCount":0,"publisher":{"@id":"https:\/\/pans.krosno.pl\/pielegniarstwo\/#organization"},"image":{"@id":"https:\/\/pans.krosno.pl\/pielegniarstwo\/wykladowcy-zakladu-pielegniarstwa-w-ramach-wydarzenia-zdrowy-i-swiadomy-senior\/#primaryimage"},"thumbnailUrl":"https:\/\/pans.krosno.pl\/pielegniarstwo\/wp-content\/uploads\/sites\/8\/2024\/03\/432058424_817932273707572_6402018051870689511_n.jpg","inLanguage":"pl-PL","potentialAction":[{"@type":"CommentAction","name":"Comment","target":["https:\/\/pans.krosno.pl\/pielegniarstwo\/wykladowcy-zakladu-pielegniarstwa-w-ramach-wydarzenia-zdrowy-i-swiadomy-senior\/#respond"]}]},{"@type":"WebPage","@id":"https:\/\/pans.krosno.pl\/pielegniarstwo\/wykladowcy-zakladu-pielegniarstwa-w-ramach-wydarzenia-zdrowy-i-swiadomy-senior\/","url":"https:\/\/pans.krosno.pl\/pielegniarstwo\/wykladowcy-zakladu-pielegniarstwa-w-ramach-wydarzenia-zdrowy-i-swiadomy-senior\/","name":"Wyk\u0142adowcy Zak\u0142adu Piel\u0119gniarstwa w ramach wydarzenia \"Zdrowy i \u015awiadomy Senior\" - Piel\u0119gniarstwo PANS w Kro\u015bnie","isPartOf":{"@id":"https:\/\/pans.krosno.pl\/pielegniarstwo\/#website"},"primaryImageOfPage":{"@id":"https:\/\/pans.krosno.pl\/pielegniarstwo\/wykladowcy-zakladu-pielegniarstwa-w-ramach-wydarzenia-zdrowy-i-swiadomy-senior\/#primaryimage"},"image":{"@id":"https:\/\/pans.krosno.pl\/pielegniarstwo\/wykladowcy-zakladu-pielegniarstwa-w-ramach-wydarzenia-zdrowy-i-swiadomy-senior\/#primaryimage"},"thumbnailUrl":"https:\/\/pans.krosno.pl\/pielegniarstwo\/wp-content\/uploads\/sites\/8\/2024\/03\/432058424_817932273707572_6402018051870689511_n.jpg","datePublished":"2024-03-21T13:05:48+00:00","dateModified":"2024-04-10T09:09:16+00:00","breadcrumb":{"@id":"https:\/\/pans.krosno.pl\/pielegniarstwo\/wykladowcy-zakladu-pielegniarstwa-w-ramach-wydarzenia-zdrowy-i-swiadomy-senior\/#breadcrumb"},"inLanguage":"pl-PL","potentialAction":[{"@type":"ReadAction","target":["https:\/\/pans.krosno.pl\/pielegniarstwo\/wykladowcy-zakladu-pielegniarstwa-w-ramach-wydarzenia-zdrowy-i-swiadomy-senior\/"]}]},{"@type":"ImageObject","inLanguage":"pl-PL","@id":"https:\/\/pans.krosno.pl\/pielegniarstwo\/wykladowcy-zakladu-pielegniarstwa-w-ramach-wydarzenia-zdrowy-i-swiadomy-senior\/#primaryimage","url":"https:\/\/pans.krosno.pl\/pielegniarstwo\/wp-content\/uploads\/sites\/8\/2024\/03\/432058424_817932273707572_6402018051870689511_n.jpg","contentUrl":"https:\/\/pans.krosno.pl\/pielegniarstwo\/wp-content\/uploads\/sites\/8\/2024\/03\/432058424_817932273707572_6402018051870689511_n.jpg","width":1153,"height":2048},{"@type":"BreadcrumbList","@id":"https:\/\/pans.krosno.pl\/pielegniarstwo\/wykladowcy-zakladu-pielegniarstwa-w-ramach-wydarzenia-zdrowy-i-swiadomy-senior\/#breadcrumb","itemListElement":[{"@type":"ListItem","position":1,"name":"Strona g\u0142\u00f3wna","item":"https:\/\/pans.krosno.pl\/pielegniarstwo\/"},{"@type":"ListItem","position":2,"name":"Wyk\u0142adowcy Zak\u0142adu Piel\u0119gniarstwa w ramach wydarzenia &#8222;Zdrowy i \u015awiadomy Senior&#8221;"}]},{"@type":"WebSite","@id":"https:\/\/pans.krosno.pl\/pielegniarstwo\/#website","url":"https:\/\/pans.krosno.pl\/pielegniarstwo\/","name":"Piel\u0119gniarstwo PANS w Kro\u015bnie","description":"Piel\u0119gniarstwo - Pa\u0144stwowa Akademia Nauk Stosowanych","publisher":{"@id":"https:\/\/pans.krosno.pl\/pielegniarstwo\/#organization"},"potentialAction":[{"@type":"SearchAction","target":{"@type":"EntryPoint","urlTemplate":"https:\/\/pans.krosno.pl\/pielegniarstwo\/?s={search_term_string}"},"query-input":{"@type":"PropertyValueSpecification","valueRequired":true,"valueName":"search_term_string"}}],"inLanguage":"pl-PL"},{"@type":"Organization","@id":"https:\/\/pans.krosno.pl\/pielegniarstwo\/#organization","name":"Piel\u0119gniarstwo PANS w Kro\u015bnie","url":"https:\/\/pans.krosno.pl\/pielegniarstwo\/","logo":{"@type":"ImageObject","inLanguage":"pl-PL","@id":"https:\/\/pans.krosno.pl\/pielegniarstwo\/#\/schema\/logo\/image\/","url":"https:\/\/pans.krosno.pl\/pielegniarstwo\/wp-content\/uploads\/sites\/8\/2023\/01\/Logo-PANS-2022-pelne.png","contentUrl":"https:\/\/pans.krosno.pl\/pielegniarstwo\/wp-content\/uploads\/sites\/8\/2023\/01\/Logo-PANS-2022-pelne.png","width":3096,"height":696,"caption":"Piel\u0119gniarstwo PANS w Kro\u015bnie"},"image":{"@id":"https:\/\/pans.krosno.pl\/pielegniarstwo\/#\/schema\/logo\/image\/"}},{"@type":"Person","@id":"https:\/\/pans.krosno.pl\/pielegniarstwo\/#\/schema\/person\/735ac1b19cc09a23600b926128459aae","name":"Micha\u0142 Wojnar","image":{"@type":"ImageObject","inLanguage":"pl-PL","@id":"https:\/\/secure.gravatar.com\/avatar\/d51d1fe1774d1967596f6c33495b90e637258ef654efa0c46824a1eb595aac93?s=96&d=mm&r=g","url":"https:\/\/secure.gravatar.com\/avatar\/d51d1fe1774d1967596f6c33495b90e637258ef654efa0c46824a1eb595aac93?s=96&d=mm&r=g","contentUrl":"https:\/\/secure.gravatar.com\/avatar\/d51d1fe1774d1967596f6c33495b90e637258ef654efa0c46824a1eb595aac93?s=96&d=mm&r=g","caption":"Micha\u0142 Wojnar"},"url":"https:\/\/pans.krosno.pl\/pielegniarstwo\/author\/michalwojnar\/"}]}},"_links":{"self":[{"href":"https:\/\/pans.krosno.pl\/pielegniarstwo\/wp-json\/wp\/v2\/posts\/5157","targetHints":{"allow":["GET"]}}],"collection":[{"href":"https:\/\/pans.krosno.pl\/pielegniarstwo\/wp-json\/wp\/v2\/posts"}],"about":[{"href":"https:\/\/pans.krosno.pl\/pielegniarstwo\/wp-json\/wp\/v2\/types\/post"}],"author":[{"embeddable":true,"href":"https:\/\/pans.krosno.pl\/pielegniarstwo\/wp-json\/wp\/v2\/users\/95"}],"replies":[{"embeddable":true,"href":"https:\/\/pans.krosno.pl\/pielegniarstwo\/wp-json\/wp\/v2\/comments?post=5157"}],"version-history":[{"count":1,"href":"https:\/\/pans.krosno.pl\/pielegniarstwo\/wp-json\/wp\/v2\/posts\/5157\/revisions"}],"predecessor-version":[{"id":5166,"href":"https:\/\/pans.krosno.pl\/pielegniarstwo\/wp-json\/wp\/v2\/posts\/5157\/revisions\/5166"}],"wp:featuredmedia":[{"embeddable":true,"href":"https:\/\/pans.krosno.pl\/pielegniarstwo\/wp-json\/wp\/v2\/media\/5164"}],"wp:attachment":[{"href":"https:\/\/pans.krosno.pl\/pielegniarstwo\/wp-json\/wp\/v2\/media?parent=5157"}],"wp:term":[{"taxonomy":"category","embeddable":true,"href":"https:\/\/pans.krosno.pl\/pielegniarstwo\/wp-json\/wp\/v2\/categories?post=5157"},{"taxonomy":"post_tag","embeddable":true,"href":"https:\/\/pans.krosno.pl\/pielegniarstwo\/wp-json\/wp\/v2\/tags?post=5157"}],"curies":[{"name":"wp","href":"https:\/\/api.w.org\/{rel}","templated":true}]}}