{"id":4958,"date":"2023-12-08T15:54:39","date_gmt":"2023-12-08T14:54:39","guid":{"rendered":"https:\/\/pans.krosno.pl\/pielegniarstwo\/?p=4958"},"modified":"2023-12-08T16:01:49","modified_gmt":"2023-12-08T15:01:49","slug":"jestes-meski-daj-sie-zbadac-konferencja-naukowa-na-temat-profilaktyki-raka-jader-i-prostaty","status":"publish","type":"post","link":"https:\/\/pans.krosno.pl\/pielegniarstwo\/jestes-meski-daj-sie-zbadac-konferencja-naukowa-na-temat-profilaktyki-raka-jader-i-prostaty\/","title":{"rendered":"\u201eJeste\u015b m\u0119ski \u2013 Daj si\u0119 zbada\u0107\u201d konferencja naukowa na temat profilaktyki raka j\u0105der i prostaty"},"content":{"rendered":"\n<p>Pod has\u0142em \u201eJeste\u015b m\u0119ski \u2013 Daj si\u0119 zbada\u0107\u201d 5 grudnia w auli Pa\u0144stwowej Akademii Nauk Stosowanych w Kro\u015bnie odby\u0142a si\u0119 konferencja naukowa na temat profilaktyki raka j\u0105der i prostaty.<\/p>\n\n\n\n<p>Patronat nad konferencj\u0105 obj\u0119li dr hab. Zbigniew Barabasz, prof. PANS \u2013 Rektor Pa\u0144stwowej Akademii Nauk Stosowanych w Kro\u015bnie, Piotr Przytocki Prezydent Miasta Krosna i dr n. med. Dariusz Sobieraj \u2013 radny Sejmiku Wojew\u00f3dztwa Podkarpackiego oraz kierownik Oddzia\u0142u Urologii i Urologii Onkologicznej w kro\u015bnie\u0144skim szpitalu.<\/p>\n\n\n\n<figure class=\"wp-block-image\"><img decoding=\"async\" src=\"https:\/\/pans.krosno.pl\/wp-content\/uploads\/2023\/12\/DSCF0972-1024x683.jpg\" alt=\"\" class=\"wp-image-45363\"\/><\/figure>\n\n\n\n<p>O m\u0119skich problemach i o tym jak im zapobiega\u0107, rozpozna\u0107 i leczy\u0107 m\u00f3wili lekarze: dr n. med. Dariusz Sobieraj wraz ze swoim zespo\u0142em lek. Kacprem Krawczakiem oraz lek. Micha\u0142em Szcz\u0119chem.<\/p>\n\n\n\n<figure class=\"wp-block-image\"><img decoding=\"async\" src=\"https:\/\/pans.krosno.pl\/wp-content\/uploads\/2023\/12\/DSCF0944-1024x682.jpg\" alt=\"\" class=\"wp-image-45366\"\/><\/figure>\n\n\n\n<p>Listopad zosta\u0142 uznany na ca\u0142ym \u015bwiecie za miesi\u0105c solidarno\u015bci z m\u0119\u017cczyznami zmagaj\u0105cymi si\u0119 z nowotworami gruczo\u0142u krokowego oraz rakiem j\u0105der. Akcj\u0119 Movember zainicjowa\u0142a w Australii i Nowej Zelandii w 2004 roku Fundacja Movember. Has\u0142o kampanii powsta\u0142o z po\u0142\u0105czenia s\u0142\u00f3w moustache (w\u0105sy) oraz november (listopad).<\/p>\n\n\n\n<p>Rektor PANS w Kro\u015bnie zwr\u00f3ci\u0142 uwag\u0119, \u017ce pomimo tego, i\u017c w\u0105sy sta\u0142y si\u0119 w Europie zachodniej niemal ca\u0142kowicie passe, to wielu m\u0119\u017cczyzn zapuszcza je w okresie jesienno-zimowym.&nbsp;<\/p>\n\n\n\n<p><em>Pokazuj\u0105 w ten spos\u00f3b zaanga\u017cowanie w akcji po\u015bwi\u0119conej m\u0119\u017cczyznom i schorzeniom, na kt\u00f3re zapada coraz wi\u0119cej m\u0142odych ludzi, czyli nowotwory j\u0105der i nowotwory gruczo\u0142u krokowego.<\/em><\/p>\n\n\n\n<figure class=\"wp-block-image\"><img decoding=\"async\" src=\"https:\/\/pans.krosno.pl\/wp-content\/uploads\/2023\/12\/DSCF0929-1024x683.jpg\" alt=\"\" class=\"wp-image-45365\"\/><\/figure>\n\n\n\n<p>Konferencja zgromadzi\u0142a wielu uczestnik\u00f3w. Obecni byli samorz\u0105dowcy, dyrekcja kro\u015bnie\u0144skiego szpitala i pogotowia ratunkowego, studenci PANS oraz Uniwersytetu Trzeciego Wieku, m\u0142odzie\u017c z kro\u015bnie\u0144skich szk\u00f3\u0142 (I LO i ZSKU).<\/p>\n\n\n\n<p><em>Mam nadziej\u0119, \u017ce wszystko czego si\u0119 tu dowiecie przeka\u017cecie dalej i b\u0119dziecie namawia\u0107 do jak najwcze\u015bniejszych dzia\u0142a\u0144 \u2013 <\/em>powiedzia\u0142 Rektor PANS w Kro\u015bnie.<\/p>\n\n\n\n<p>W przerwach mo\u017cna by\u0142o skorzysta\u0107 z konsultacji urologicznych oraz wzi\u0105\u0107 udzia\u0142 w nauce samobadania j\u0105der z wykorzystaniem symulator\u00f3w medycznych.&nbsp;<\/p>\n\n\n\n<figure class=\"wp-block-image\"><img decoding=\"async\" src=\"https:\/\/pans.krosno.pl\/wp-content\/uploads\/2023\/12\/DSCF0946-1024x683.jpg\" alt=\"\" class=\"wp-image-45369\"\/><\/figure>\n\n\n\n<p><em>Ka\u017cdy z nas mo\u017ce zetkn\u0105\u0107 si\u0119 z nowotworem, je\u017celi nie osobi\u015bcie to w\u015br\u00f3d najbli\u017cszych \u2013 zaznacza <strong>dr n. med. Dariusz Sobieraj<\/strong>. \u2013 Badajmy si\u0119, profilaktyka to najlepszy spos\u00f3b na to, \u017ceby pom\u00f3c samemu sobie.&nbsp;<\/em><\/p>\n\n\n\n<p>O pocz\u0119stunek dla uczestnik\u00f3w Konferencji zadba\u0142a m\u0142odzie\u017c z Zespo\u0142u Szk\u00f3\u0142 Ponadpodstawowych nr 2 im. ks. Stanis\u0142awa Szpetnara w Kro\u015bnie. \u00a0<\/p>\n\n\n\n<p><a href=\"https:\/\/www.facebook.com\/media\/set\/?vanity=StudiaKrosno&amp;set=a.871919051607471&amp;__cft__[0]=AZWiMyY761cpIU8_xVTx8EQ1Ybc7HJvMkCN4zQnLnWNrynSpiGeEG0V67AWztgUrP1JnseDKLBvBlA6MkaVe614XR74h0T4oPjh0wQFg9tZCy2BpOYvIlnTGcwNcgGYn-PioxJ4Zbn9j4UnX16bAeFhQkeJA6Fd3tX_1-Tkquoj9fw&amp;__tn__=-R\" target=\"_blank\" rel=\"noreferrer noopener\">Wi\u0119cej fotografii w galerii<\/a><\/p>\n","protected":false},"excerpt":{"rendered":"<p>Pod has\u0142em \u201eJeste\u015b m\u0119ski \u2013 Daj si\u0119 zbada\u0107\u201d 5 grudnia w auli Pa\u0144stwowej Akademii Nauk Stosowanych w Kro\u015bnie odby\u0142a si\u0119 konferencja naukowa na temat profilaktyki raka j\u0105der i prostaty. Patronat nad konferencj\u0105 obj\u0119li dr hab. Zbigniew Barabasz, prof. PANS \u2013 Rektor Pa\u0144stwowej Akademii Nauk Stosowanych w Kro\u015bnie, Piotr Przytocki Prezydent [\u2026] <\/p>\n<div class=\"clear\"><\/div>\n<p><a class=\"more_link clearfix\" href=\"https:\/\/pans.krosno.pl\/pielegniarstwo\/jestes-meski-daj-sie-zbadac-konferencja-naukowa-na-temat-profilaktyki-raka-jader-i-prostaty\/\" rel=\"nofollow\">Read More<\/a><\/p>\n","protected":false},"author":7,"featured_media":4966,"comment_status":"open","ping_status":"open","sticky":false,"template":"","format":"standard","meta":{"ngg_post_thumbnail":0,"footnotes":""},"categories":[1],"tags":[],"class_list":["post-4958","post","type-post","status-publish","format-standard","has-post-thumbnail","hentry","category-bez-kategorii"],"yoast_head":"<!-- This site is optimized with the Yoast SEO Premium plugin v27.4 (Yoast SEO v27.4) - https:\/\/yoast.com\/product\/yoast-seo-premium-wordpress\/ -->\n<title>\u201eJeste\u015b m\u0119ski \u2013 Daj si\u0119 zbada\u0107\u201d konferencja naukowa na temat profilaktyki raka j\u0105der i prostaty - Piel\u0119gniarstwo PANS w Kro\u015bnie<\/title>\n<meta name=\"robots\" content=\"index, follow, max-snippet:-1, max-image-preview:large, max-video-preview:-1\" \/>\n<link rel=\"canonical\" href=\"https:\/\/pans.krosno.pl\/pielegniarstwo\/jestes-meski-daj-sie-zbadac-konferencja-naukowa-na-temat-profilaktyki-raka-jader-i-prostaty\/\" \/>\n<meta property=\"og:locale\" content=\"pl_PL\" \/>\n<meta property=\"og:type\" content=\"article\" \/>\n<meta property=\"og:title\" content=\"\u201eJeste\u015b m\u0119ski \u2013 Daj si\u0119 zbada\u0107\u201d konferencja naukowa na temat profilaktyki raka j\u0105der i prostaty\" \/>\n<meta property=\"og:description\" content=\"Pod has\u0142em \u201eJeste\u015b m\u0119ski \u2013 Daj si\u0119 zbada\u0107\u201d 5 grudnia w auli Pa\u0144stwowej Akademii Nauk Stosowanych w Kro\u015bnie odby\u0142a si\u0119 konferencja naukowa na temat profilaktyki raka j\u0105der i prostaty. Patronat nad konferencj\u0105 obj\u0119li dr hab. Zbigniew Barabasz, prof. PANS \u2013 Rektor Pa\u0144stwowej Akademii Nauk Stosowanych w Kro\u015bnie, Piotr Przytocki Prezydent [\u2026] Read More\" \/>\n<meta property=\"og:url\" content=\"https:\/\/pans.krosno.pl\/pielegniarstwo\/jestes-meski-daj-sie-zbadac-konferencja-naukowa-na-temat-profilaktyki-raka-jader-i-prostaty\/\" \/>\n<meta property=\"og:site_name\" content=\"Piel\u0119gniarstwo PANS w Kro\u015bnie\" \/>\n<meta property=\"article:published_time\" content=\"2023-12-08T14:54:39+00:00\" \/>\n<meta property=\"article:modified_time\" content=\"2023-12-08T15:01:49+00:00\" \/>\n<meta property=\"og:image\" content=\"https:\/\/pans.krosno.pl\/wp-content\/uploads\/sites\/8\/2023\/12\/DSCF0972-1024x683-1.jpg\" \/>\n\t<meta property=\"og:image:width\" content=\"1024\" \/>\n\t<meta property=\"og:image:height\" content=\"683\" \/>\n\t<meta property=\"og:image:type\" content=\"image\/jpeg\" \/>\n<meta name=\"author\" content=\"piotrszubra\" \/>\n<meta name=\"twitter:card\" content=\"summary_large_image\" \/>\n<meta name=\"twitter:label1\" content=\"Napisane przez\" \/>\n\t<meta name=\"twitter:data1\" content=\"piotrszubra\" \/>\n\t<meta name=\"twitter:label2\" content=\"Szacowany czas czytania\" \/>\n\t<meta name=\"twitter:data2\" content=\"3 minuty\" \/>\n<script type=\"application\/ld+json\" class=\"yoast-schema-graph\">{\"@context\":\"https:\\\/\\\/schema.org\",\"@graph\":[{\"@type\":\"Article\",\"@id\":\"https:\\\/\\\/pans.krosno.pl\\\/pielegniarstwo\\\/jestes-meski-daj-sie-zbadac-konferencja-naukowa-na-temat-profilaktyki-raka-jader-i-prostaty\\\/#article\",\"isPartOf\":{\"@id\":\"https:\\\/\\\/pans.krosno.pl\\\/pielegniarstwo\\\/jestes-meski-daj-sie-zbadac-konferencja-naukowa-na-temat-profilaktyki-raka-jader-i-prostaty\\\/\"},\"author\":{\"name\":\"piotrszubra\",\"@id\":\"https:\\\/\\\/pans.krosno.pl\\\/pielegniarstwo\\\/#\\\/schema\\\/person\\\/77d002af96727319aa1370a7bb73609e\"},\"headline\":\"\u201eJeste\u015b m\u0119ski \u2013 Daj si\u0119 zbada\u0107\u201d konferencja naukowa na temat profilaktyki raka j\u0105der i prostaty\",\"datePublished\":\"2023-12-08T14:54:39+00:00\",\"dateModified\":\"2023-12-08T15:01:49+00:00\",\"mainEntityOfPage\":{\"@id\":\"https:\\\/\\\/pans.krosno.pl\\\/pielegniarstwo\\\/jestes-meski-daj-sie-zbadac-konferencja-naukowa-na-temat-profilaktyki-raka-jader-i-prostaty\\\/\"},\"wordCount\":416,\"commentCount\":0,\"publisher\":{\"@id\":\"https:\\\/\\\/pans.krosno.pl\\\/pielegniarstwo\\\/#organization\"},\"image\":{\"@id\":\"https:\\\/\\\/pans.krosno.pl\\\/pielegniarstwo\\\/jestes-meski-daj-sie-zbadac-konferencja-naukowa-na-temat-profilaktyki-raka-jader-i-prostaty\\\/#primaryimage\"},\"thumbnailUrl\":\"https:\\\/\\\/pans.krosno.pl\\\/pielegniarstwo\\\/wp-content\\\/uploads\\\/sites\\\/8\\\/2023\\\/12\\\/DSCF0972-1024x683-1.jpg\",\"inLanguage\":\"pl-PL\",\"potentialAction\":[{\"@type\":\"CommentAction\",\"name\":\"Comment\",\"target\":[\"https:\\\/\\\/pans.krosno.pl\\\/pielegniarstwo\\\/jestes-meski-daj-sie-zbadac-konferencja-naukowa-na-temat-profilaktyki-raka-jader-i-prostaty\\\/#respond\"]}]},{\"@type\":\"WebPage\",\"@id\":\"https:\\\/\\\/pans.krosno.pl\\\/pielegniarstwo\\\/jestes-meski-daj-sie-zbadac-konferencja-naukowa-na-temat-profilaktyki-raka-jader-i-prostaty\\\/\",\"url\":\"https:\\\/\\\/pans.krosno.pl\\\/pielegniarstwo\\\/jestes-meski-daj-sie-zbadac-konferencja-naukowa-na-temat-profilaktyki-raka-jader-i-prostaty\\\/\",\"name\":\"\u201eJeste\u015b m\u0119ski \u2013 Daj si\u0119 zbada\u0107\u201d konferencja naukowa na temat profilaktyki raka j\u0105der i prostaty - Piel\u0119gniarstwo PANS w Kro\u015bnie\",\"isPartOf\":{\"@id\":\"https:\\\/\\\/pans.krosno.pl\\\/pielegniarstwo\\\/#website\"},\"primaryImageOfPage\":{\"@id\":\"https:\\\/\\\/pans.krosno.pl\\\/pielegniarstwo\\\/jestes-meski-daj-sie-zbadac-konferencja-naukowa-na-temat-profilaktyki-raka-jader-i-prostaty\\\/#primaryimage\"},\"image\":{\"@id\":\"https:\\\/\\\/pans.krosno.pl\\\/pielegniarstwo\\\/jestes-meski-daj-sie-zbadac-konferencja-naukowa-na-temat-profilaktyki-raka-jader-i-prostaty\\\/#primaryimage\"},\"thumbnailUrl\":\"https:\\\/\\\/pans.krosno.pl\\\/pielegniarstwo\\\/wp-content\\\/uploads\\\/sites\\\/8\\\/2023\\\/12\\\/DSCF0972-1024x683-1.jpg\",\"datePublished\":\"2023-12-08T14:54:39+00:00\",\"dateModified\":\"2023-12-08T15:01:49+00:00\",\"breadcrumb\":{\"@id\":\"https:\\\/\\\/pans.krosno.pl\\\/pielegniarstwo\\\/jestes-meski-daj-sie-zbadac-konferencja-naukowa-na-temat-profilaktyki-raka-jader-i-prostaty\\\/#breadcrumb\"},\"inLanguage\":\"pl-PL\",\"potentialAction\":[{\"@type\":\"ReadAction\",\"target\":[\"https:\\\/\\\/pans.krosno.pl\\\/pielegniarstwo\\\/jestes-meski-daj-sie-zbadac-konferencja-naukowa-na-temat-profilaktyki-raka-jader-i-prostaty\\\/\"]}]},{\"@type\":\"ImageObject\",\"inLanguage\":\"pl-PL\",\"@id\":\"https:\\\/\\\/pans.krosno.pl\\\/pielegniarstwo\\\/jestes-meski-daj-sie-zbadac-konferencja-naukowa-na-temat-profilaktyki-raka-jader-i-prostaty\\\/#primaryimage\",\"url\":\"https:\\\/\\\/pans.krosno.pl\\\/pielegniarstwo\\\/wp-content\\\/uploads\\\/sites\\\/8\\\/2023\\\/12\\\/DSCF0972-1024x683-1.jpg\",\"contentUrl\":\"https:\\\/\\\/pans.krosno.pl\\\/pielegniarstwo\\\/wp-content\\\/uploads\\\/sites\\\/8\\\/2023\\\/12\\\/DSCF0972-1024x683-1.jpg\",\"width\":1024,\"height\":683},{\"@type\":\"BreadcrumbList\",\"@id\":\"https:\\\/\\\/pans.krosno.pl\\\/pielegniarstwo\\\/jestes-meski-daj-sie-zbadac-konferencja-naukowa-na-temat-profilaktyki-raka-jader-i-prostaty\\\/#breadcrumb\",\"itemListElement\":[{\"@type\":\"ListItem\",\"position\":1,\"name\":\"Strona g\u0142\u00f3wna\",\"item\":\"https:\\\/\\\/pans.krosno.pl\\\/pielegniarstwo\\\/\"},{\"@type\":\"ListItem\",\"position\":2,\"name\":\"\u201eJeste\u015b m\u0119ski \u2013 Daj si\u0119 zbada\u0107\u201d konferencja naukowa na temat profilaktyki raka j\u0105der i prostaty\"}]},{\"@type\":\"WebSite\",\"@id\":\"https:\\\/\\\/pans.krosno.pl\\\/pielegniarstwo\\\/#website\",\"url\":\"https:\\\/\\\/pans.krosno.pl\\\/pielegniarstwo\\\/\",\"name\":\"Piel\u0119gniarstwo PANS w Kro\u015bnie\",\"description\":\"Piel\u0119gniarstwo - Pa\u0144stwowa Akademia Nauk Stosowanych\",\"publisher\":{\"@id\":\"https:\\\/\\\/pans.krosno.pl\\\/pielegniarstwo\\\/#organization\"},\"potentialAction\":[{\"@type\":\"SearchAction\",\"target\":{\"@type\":\"EntryPoint\",\"urlTemplate\":\"https:\\\/\\\/pans.krosno.pl\\\/pielegniarstwo\\\/?s={search_term_string}\"},\"query-input\":{\"@type\":\"PropertyValueSpecification\",\"valueRequired\":true,\"valueName\":\"search_term_string\"}}],\"inLanguage\":\"pl-PL\"},{\"@type\":\"Organization\",\"@id\":\"https:\\\/\\\/pans.krosno.pl\\\/pielegniarstwo\\\/#organization\",\"name\":\"Piel\u0119gniarstwo PANS w Kro\u015bnie\",\"url\":\"https:\\\/\\\/pans.krosno.pl\\\/pielegniarstwo\\\/\",\"logo\":{\"@type\":\"ImageObject\",\"inLanguage\":\"pl-PL\",\"@id\":\"https:\\\/\\\/pans.krosno.pl\\\/pielegniarstwo\\\/#\\\/schema\\\/logo\\\/image\\\/\",\"url\":\"https:\\\/\\\/pans.krosno.pl\\\/pielegniarstwo\\\/wp-content\\\/uploads\\\/sites\\\/8\\\/2023\\\/01\\\/Logo-PANS-2022-pelne.png\",\"contentUrl\":\"https:\\\/\\\/pans.krosno.pl\\\/pielegniarstwo\\\/wp-content\\\/uploads\\\/sites\\\/8\\\/2023\\\/01\\\/Logo-PANS-2022-pelne.png\",\"width\":3096,\"height\":696,\"caption\":\"Piel\u0119gniarstwo PANS w Kro\u015bnie\"},\"image\":{\"@id\":\"https:\\\/\\\/pans.krosno.pl\\\/pielegniarstwo\\\/#\\\/schema\\\/logo\\\/image\\\/\"}},{\"@type\":\"Person\",\"@id\":\"https:\\\/\\\/pans.krosno.pl\\\/pielegniarstwo\\\/#\\\/schema\\\/person\\\/77d002af96727319aa1370a7bb73609e\",\"name\":\"piotrszubra\",\"image\":{\"@type\":\"ImageObject\",\"inLanguage\":\"pl-PL\",\"@id\":\"https:\\\/\\\/secure.gravatar.com\\\/avatar\\\/5452f9898550f7c6b95ac71e792affe6bb1b19d0af94026beff8fb010aa10d3c?s=96&d=mm&r=g\",\"url\":\"https:\\\/\\\/secure.gravatar.com\\\/avatar\\\/5452f9898550f7c6b95ac71e792affe6bb1b19d0af94026beff8fb010aa10d3c?s=96&d=mm&r=g\",\"contentUrl\":\"https:\\\/\\\/secure.gravatar.com\\\/avatar\\\/5452f9898550f7c6b95ac71e792affe6bb1b19d0af94026beff8fb010aa10d3c?s=96&d=mm&r=g\",\"caption\":\"piotrszubra\"},\"url\":\"https:\\\/\\\/pans.krosno.pl\\\/pielegniarstwo\\\/author\\\/piotrszubra\\\/\"}]}<\/script>\n<!-- \/ Yoast SEO Premium plugin. -->","yoast_head_json":{"title":"\u201eJeste\u015b m\u0119ski \u2013 Daj si\u0119 zbada\u0107\u201d konferencja naukowa na temat profilaktyki raka j\u0105der i prostaty - Piel\u0119gniarstwo PANS w Kro\u015bnie","robots":{"index":"index","follow":"follow","max-snippet":"max-snippet:-1","max-image-preview":"max-image-preview:large","max-video-preview":"max-video-preview:-1"},"canonical":"https:\/\/pans.krosno.pl\/pielegniarstwo\/jestes-meski-daj-sie-zbadac-konferencja-naukowa-na-temat-profilaktyki-raka-jader-i-prostaty\/","og_locale":"pl_PL","og_type":"article","og_title":"\u201eJeste\u015b m\u0119ski \u2013 Daj si\u0119 zbada\u0107\u201d konferencja naukowa na temat profilaktyki raka j\u0105der i prostaty","og_description":"Pod has\u0142em \u201eJeste\u015b m\u0119ski \u2013 Daj si\u0119 zbada\u0107\u201d 5 grudnia w auli Pa\u0144stwowej Akademii Nauk Stosowanych w Kro\u015bnie odby\u0142a si\u0119 konferencja naukowa na temat profilaktyki raka j\u0105der i prostaty. Patronat nad konferencj\u0105 obj\u0119li dr hab. Zbigniew Barabasz, prof. PANS \u2013 Rektor Pa\u0144stwowej Akademii Nauk Stosowanych w Kro\u015bnie, Piotr Przytocki Prezydent [\u2026] Read More","og_url":"https:\/\/pans.krosno.pl\/pielegniarstwo\/jestes-meski-daj-sie-zbadac-konferencja-naukowa-na-temat-profilaktyki-raka-jader-i-prostaty\/","og_site_name":"Piel\u0119gniarstwo PANS w Kro\u015bnie","article_published_time":"2023-12-08T14:54:39+00:00","article_modified_time":"2023-12-08T15:01:49+00:00","og_image":[{"width":1024,"height":683,"url":"https:\/\/pans.krosno.pl\/wp-content\/uploads\/sites\/8\/2023\/12\/DSCF0972-1024x683-1.jpg","type":"image\/jpeg"}],"author":"piotrszubra","twitter_card":"summary_large_image","twitter_misc":{"Napisane przez":"piotrszubra","Szacowany czas czytania":"3 minuty"},"schema":{"@context":"https:\/\/schema.org","@graph":[{"@type":"Article","@id":"https:\/\/pans.krosno.pl\/pielegniarstwo\/jestes-meski-daj-sie-zbadac-konferencja-naukowa-na-temat-profilaktyki-raka-jader-i-prostaty\/#article","isPartOf":{"@id":"https:\/\/pans.krosno.pl\/pielegniarstwo\/jestes-meski-daj-sie-zbadac-konferencja-naukowa-na-temat-profilaktyki-raka-jader-i-prostaty\/"},"author":{"name":"piotrszubra","@id":"https:\/\/pans.krosno.pl\/pielegniarstwo\/#\/schema\/person\/77d002af96727319aa1370a7bb73609e"},"headline":"\u201eJeste\u015b m\u0119ski \u2013 Daj si\u0119 zbada\u0107\u201d konferencja naukowa na temat profilaktyki raka j\u0105der i prostaty","datePublished":"2023-12-08T14:54:39+00:00","dateModified":"2023-12-08T15:01:49+00:00","mainEntityOfPage":{"@id":"https:\/\/pans.krosno.pl\/pielegniarstwo\/jestes-meski-daj-sie-zbadac-konferencja-naukowa-na-temat-profilaktyki-raka-jader-i-prostaty\/"},"wordCount":416,"commentCount":0,"publisher":{"@id":"https:\/\/pans.krosno.pl\/pielegniarstwo\/#organization"},"image":{"@id":"https:\/\/pans.krosno.pl\/pielegniarstwo\/jestes-meski-daj-sie-zbadac-konferencja-naukowa-na-temat-profilaktyki-raka-jader-i-prostaty\/#primaryimage"},"thumbnailUrl":"https:\/\/pans.krosno.pl\/pielegniarstwo\/wp-content\/uploads\/sites\/8\/2023\/12\/DSCF0972-1024x683-1.jpg","inLanguage":"pl-PL","potentialAction":[{"@type":"CommentAction","name":"Comment","target":["https:\/\/pans.krosno.pl\/pielegniarstwo\/jestes-meski-daj-sie-zbadac-konferencja-naukowa-na-temat-profilaktyki-raka-jader-i-prostaty\/#respond"]}]},{"@type":"WebPage","@id":"https:\/\/pans.krosno.pl\/pielegniarstwo\/jestes-meski-daj-sie-zbadac-konferencja-naukowa-na-temat-profilaktyki-raka-jader-i-prostaty\/","url":"https:\/\/pans.krosno.pl\/pielegniarstwo\/jestes-meski-daj-sie-zbadac-konferencja-naukowa-na-temat-profilaktyki-raka-jader-i-prostaty\/","name":"\u201eJeste\u015b m\u0119ski \u2013 Daj si\u0119 zbada\u0107\u201d konferencja naukowa na temat profilaktyki raka j\u0105der i prostaty - Piel\u0119gniarstwo PANS w Kro\u015bnie","isPartOf":{"@id":"https:\/\/pans.krosno.pl\/pielegniarstwo\/#website"},"primaryImageOfPage":{"@id":"https:\/\/pans.krosno.pl\/pielegniarstwo\/jestes-meski-daj-sie-zbadac-konferencja-naukowa-na-temat-profilaktyki-raka-jader-i-prostaty\/#primaryimage"},"image":{"@id":"https:\/\/pans.krosno.pl\/pielegniarstwo\/jestes-meski-daj-sie-zbadac-konferencja-naukowa-na-temat-profilaktyki-raka-jader-i-prostaty\/#primaryimage"},"thumbnailUrl":"https:\/\/pans.krosno.pl\/pielegniarstwo\/wp-content\/uploads\/sites\/8\/2023\/12\/DSCF0972-1024x683-1.jpg","datePublished":"2023-12-08T14:54:39+00:00","dateModified":"2023-12-08T15:01:49+00:00","breadcrumb":{"@id":"https:\/\/pans.krosno.pl\/pielegniarstwo\/jestes-meski-daj-sie-zbadac-konferencja-naukowa-na-temat-profilaktyki-raka-jader-i-prostaty\/#breadcrumb"},"inLanguage":"pl-PL","potentialAction":[{"@type":"ReadAction","target":["https:\/\/pans.krosno.pl\/pielegniarstwo\/jestes-meski-daj-sie-zbadac-konferencja-naukowa-na-temat-profilaktyki-raka-jader-i-prostaty\/"]}]},{"@type":"ImageObject","inLanguage":"pl-PL","@id":"https:\/\/pans.krosno.pl\/pielegniarstwo\/jestes-meski-daj-sie-zbadac-konferencja-naukowa-na-temat-profilaktyki-raka-jader-i-prostaty\/#primaryimage","url":"https:\/\/pans.krosno.pl\/pielegniarstwo\/wp-content\/uploads\/sites\/8\/2023\/12\/DSCF0972-1024x683-1.jpg","contentUrl":"https:\/\/pans.krosno.pl\/pielegniarstwo\/wp-content\/uploads\/sites\/8\/2023\/12\/DSCF0972-1024x683-1.jpg","width":1024,"height":683},{"@type":"BreadcrumbList","@id":"https:\/\/pans.krosno.pl\/pielegniarstwo\/jestes-meski-daj-sie-zbadac-konferencja-naukowa-na-temat-profilaktyki-raka-jader-i-prostaty\/#breadcrumb","itemListElement":[{"@type":"ListItem","position":1,"name":"Strona g\u0142\u00f3wna","item":"https:\/\/pans.krosno.pl\/pielegniarstwo\/"},{"@type":"ListItem","position":2,"name":"\u201eJeste\u015b m\u0119ski \u2013 Daj si\u0119 zbada\u0107\u201d konferencja naukowa na temat profilaktyki raka j\u0105der i prostaty"}]},{"@type":"WebSite","@id":"https:\/\/pans.krosno.pl\/pielegniarstwo\/#website","url":"https:\/\/pans.krosno.pl\/pielegniarstwo\/","name":"Piel\u0119gniarstwo PANS w Kro\u015bnie","description":"Piel\u0119gniarstwo - Pa\u0144stwowa Akademia Nauk Stosowanych","publisher":{"@id":"https:\/\/pans.krosno.pl\/pielegniarstwo\/#organization"},"potentialAction":[{"@type":"SearchAction","target":{"@type":"EntryPoint","urlTemplate":"https:\/\/pans.krosno.pl\/pielegniarstwo\/?s={search_term_string}"},"query-input":{"@type":"PropertyValueSpecification","valueRequired":true,"valueName":"search_term_string"}}],"inLanguage":"pl-PL"},{"@type":"Organization","@id":"https:\/\/pans.krosno.pl\/pielegniarstwo\/#organization","name":"Piel\u0119gniarstwo PANS w Kro\u015bnie","url":"https:\/\/pans.krosno.pl\/pielegniarstwo\/","logo":{"@type":"ImageObject","inLanguage":"pl-PL","@id":"https:\/\/pans.krosno.pl\/pielegniarstwo\/#\/schema\/logo\/image\/","url":"https:\/\/pans.krosno.pl\/pielegniarstwo\/wp-content\/uploads\/sites\/8\/2023\/01\/Logo-PANS-2022-pelne.png","contentUrl":"https:\/\/pans.krosno.pl\/pielegniarstwo\/wp-content\/uploads\/sites\/8\/2023\/01\/Logo-PANS-2022-pelne.png","width":3096,"height":696,"caption":"Piel\u0119gniarstwo PANS w Kro\u015bnie"},"image":{"@id":"https:\/\/pans.krosno.pl\/pielegniarstwo\/#\/schema\/logo\/image\/"}},{"@type":"Person","@id":"https:\/\/pans.krosno.pl\/pielegniarstwo\/#\/schema\/person\/77d002af96727319aa1370a7bb73609e","name":"piotrszubra","image":{"@type":"ImageObject","inLanguage":"pl-PL","@id":"https:\/\/secure.gravatar.com\/avatar\/5452f9898550f7c6b95ac71e792affe6bb1b19d0af94026beff8fb010aa10d3c?s=96&d=mm&r=g","url":"https:\/\/secure.gravatar.com\/avatar\/5452f9898550f7c6b95ac71e792affe6bb1b19d0af94026beff8fb010aa10d3c?s=96&d=mm&r=g","contentUrl":"https:\/\/secure.gravatar.com\/avatar\/5452f9898550f7c6b95ac71e792affe6bb1b19d0af94026beff8fb010aa10d3c?s=96&d=mm&r=g","caption":"piotrszubra"},"url":"https:\/\/pans.krosno.pl\/pielegniarstwo\/author\/piotrszubra\/"}]}},"_links":{"self":[{"href":"https:\/\/pans.krosno.pl\/pielegniarstwo\/wp-json\/wp\/v2\/posts\/4958","targetHints":{"allow":["GET"]}}],"collection":[{"href":"https:\/\/pans.krosno.pl\/pielegniarstwo\/wp-json\/wp\/v2\/posts"}],"about":[{"href":"https:\/\/pans.krosno.pl\/pielegniarstwo\/wp-json\/wp\/v2\/types\/post"}],"author":[{"embeddable":true,"href":"https:\/\/pans.krosno.pl\/pielegniarstwo\/wp-json\/wp\/v2\/users\/7"}],"replies":[{"embeddable":true,"href":"https:\/\/pans.krosno.pl\/pielegniarstwo\/wp-json\/wp\/v2\/comments?post=4958"}],"version-history":[{"count":1,"href":"https:\/\/pans.krosno.pl\/pielegniarstwo\/wp-json\/wp\/v2\/posts\/4958\/revisions"}],"predecessor-version":[{"id":4959,"href":"https:\/\/pans.krosno.pl\/pielegniarstwo\/wp-json\/wp\/v2\/posts\/4958\/revisions\/4959"}],"wp:featuredmedia":[{"embeddable":true,"href":"https:\/\/pans.krosno.pl\/pielegniarstwo\/wp-json\/wp\/v2\/media\/4966"}],"wp:attachment":[{"href":"https:\/\/pans.krosno.pl\/pielegniarstwo\/wp-json\/wp\/v2\/media?parent=4958"}],"wp:term":[{"taxonomy":"category","embeddable":true,"href":"https:\/\/pans.krosno.pl\/pielegniarstwo\/wp-json\/wp\/v2\/categories?post=4958"},{"taxonomy":"post_tag","embeddable":true,"href":"https:\/\/pans.krosno.pl\/pielegniarstwo\/wp-json\/wp\/v2\/tags?post=4958"}],"curies":[{"name":"wp","href":"https:\/\/api.w.org\/{rel}","templated":true}]}}