{"id":4768,"date":"2023-07-28T09:37:07","date_gmt":"2023-07-28T07:37:07","guid":{"rendered":"https:\/\/pans.krosno.pl\/pielegniarstwo\/?p=4768"},"modified":"2023-09-13T09:44:08","modified_gmt":"2023-09-13T07:44:08","slug":"dyplomatorium-absolwentow-pierwszego-stopnia-kierunku-pielegniarstwo-2023","status":"publish","type":"post","link":"https:\/\/pans.krosno.pl\/pielegniarstwo\/dyplomatorium-absolwentow-pierwszego-stopnia-kierunku-pielegniarstwo-2023\/","title":{"rendered":"Dyplomatorium absolwent\u00f3w pierwszego stopnia kierunku Piel\u0119gniarstwo 2023"},"content":{"rendered":"\n<p>W dniu 24 lipca 2023 r. w Auli Pa\u0144stwowej Akademii Nauk Stosowanych w Kro\u015bnie odby\u0142o si\u0119 uroczyste&nbsp;<strong>Dyplomatorium absolwent\u00f3w pierwszego stopnia na kierunku Piel\u0119gniarstwo&nbsp;<\/strong>po\u0142\u0105czone z nadaniem symbolu czepka zawodowego.<\/p>\n\n\n\n<p>Wydarzenie poprowadzi\u0142a Kierownik Zak\u0142adu Piel\u0119gniarstwa \u2013 Ma\u0142gorzata Dziura, kt\u00f3ra powita\u0142a w\u0142adze uczelni, przyby\u0142ych go\u015bci oraz absolwent\u00f3w.<\/p>\n\n\n\n<figure class=\"wp-block-image\"><img decoding=\"async\" src=\"https:\/\/pans.krosno.pl\/wp-content\/uploads\/2023\/07\/363086248_777787034354007_6929720560426328450_n-1024x684.jpg\" alt=\"\" class=\"wp-image-43255\" \/><\/figure>\n\n\n\n<p>Uroczysto\u015b\u0107 rozpocz\u0119li swoimi przem\u00f3wieniami Prorektor ds. rozwoju \u2013 dr Agnieszka Wo\u017aniak oraz Prorektor ds. studi\u00f3w dr Krzysztof Fr\u0105czek, kt\u00f3rzy pogratulowali absolwentom osi\u0105gni\u0119tych wynik\u00f3w, zach\u0119cali do profesjonalnego wykonywania zawodu oraz motywowali do dalszego kszta\u0142cenia si\u0119 i podnoszenia kwalifikacji zawodowych. Podkre\u015blali cz\u0119sto w swoich wypowiedziach, \u017ce Piel\u0119gniarstwo to zaw\u00f3d wymagaj\u0105cy po\u015bwi\u0119cenia, determinacji i empatii.<\/p>\n\n\n\n<figure class=\"wp-block-image\"><img decoding=\"async\" src=\"https:\/\/pans.krosno.pl\/wp-content\/uploads\/2023\/07\/363349829_777786194354091_2257886322184270261_n-1024x684.jpg\" alt=\"\" class=\"wp-image-43256\" \/><\/figure>\n\n\n\n<figure class=\"wp-block-image\"><img decoding=\"async\" src=\"https:\/\/pans.krosno.pl\/wp-content\/uploads\/2023\/07\/362987762_777785344354176_6899207780877121570_n-1024x683.jpg\" alt=\"\" class=\"wp-image-43257\" \/><\/figure>\n\n\n\n<p>Wa\u017cnym punktem programu by\u0142o uroczyste wr\u0119czenie dyplom\u00f3w uko\u0144czenia studi\u00f3w pierwszego stopnia 48 absolwentom. W pierwszej kolejno\u015bci wr\u0119czone zosta\u0142y dyplomy z wyr\u00f3\u017cnieniem, kt\u00f3re otrzyma\u0142o&nbsp;<strong>16 absolwent\u00f3w<\/strong>.<\/p>\n\n\n\n<figure class=\"wp-block-image\"><img decoding=\"async\" src=\"https:\/\/pans.krosno.pl\/wp-content\/uploads\/2023\/07\/363363781_777784911020886_3018695836994479546_n-1024x683.jpg\" alt=\"\" class=\"wp-image-43258\" \/><\/figure>\n\n\n\n<figure class=\"wp-block-image\"><img decoding=\"async\" src=\"https:\/\/pans.krosno.pl\/wp-content\/uploads\/2023\/07\/363394928_777784881020889_8711442544235106055_n-1024x683.jpg\" alt=\"\" class=\"wp-image-43259\" \/><\/figure>\n\n\n\n<figure class=\"wp-block-image\"><img decoding=\"async\" src=\"https:\/\/pans.krosno.pl\/wp-content\/uploads\/2023\/07\/363290894_777787474353963_2859849521601316200_n-1024x684.jpg\" alt=\"\" class=\"wp-image-43260\" \/><\/figure>\n\n\n\n<figure class=\"wp-block-image\"><img decoding=\"async\" src=\"https:\/\/pans.krosno.pl\/wp-content\/uploads\/2023\/07\/363364540_777787111020666_6810693195324838989_n-1024x684.jpg\" alt=\"\" class=\"wp-image-43261\" \/><\/figure>\n\n\n\n<p>Podczas uroczysto\u015bci wr\u0119czono tak\u017ce dyplomy oraz nagrody rzeczowe za wyr\u00f3\u017cniaj\u0105ce si\u0119 prace dyplomowe nast\u0119puj\u0105cym absolwentom:<\/p>\n\n\n\n<p><strong>Promotor: mgr Dawid Makowicz<\/strong><br><strong>Recenzent: dr Katarzyna Zalewska<\/strong><\/p>\n\n\n\n<p>Wyr\u00f3\u017cnieni absolwenci:<\/p>\n\n\n\n<ol class=\"wp-block-list\" type=\"1\">\n<li>Angelika Jakie\u0142a<\/li>\n\n\n\n<li>Sabina Hejnar<\/li>\n\n\n\n<li>Julia Wo\u017anica<\/li>\n<\/ol>\n\n\n\n<figure class=\"wp-block-image\"><img decoding=\"async\" src=\"https:\/\/pans.krosno.pl\/wp-content\/uploads\/2023\/07\/363398516_777787637687280_3772292465810944146_n-1024x683.jpg\" alt=\"\" class=\"wp-image-43262\" \/><\/figure>\n\n\n\n<figure class=\"wp-block-image\"><img decoding=\"async\" src=\"https:\/\/pans.krosno.pl\/wp-content\/uploads\/2023\/07\/363395319_777786721020705_5858881029334648377_n-1024x683.jpg\" alt=\"\" class=\"wp-image-43263\" \/><\/figure>\n\n\n\n<p><strong>Promotor: mgr Stanis\u0142awa Olszyk<\/strong><br><strong>Recenzent: dr Ewa Smole\u0144<\/strong><\/p>\n\n\n\n<p>Wyr\u00f3\u017cnieni absolwenci:<\/p>\n\n\n\n<ol class=\"wp-block-list\" type=\"1\">\n<li>Joanna Kurowska<\/li>\n\n\n\n<li>Piotr Bazentkiewicz<\/li>\n<\/ol>\n\n\n\n<figure class=\"wp-block-image\"><img decoding=\"async\" src=\"https:\/\/pans.krosno.pl\/wp-content\/uploads\/2023\/07\/363389619_777787151020662_7563408591087318627_n-1024x683.jpg\" alt=\"\" class=\"wp-image-43264\" \/><\/figure>\n\n\n\n<figure class=\"wp-block-image\"><img decoding=\"async\" src=\"https:\/\/pans.krosno.pl\/wp-content\/uploads\/2023\/07\/363312472_777786734354037_7086917014387031000_n-1024x683.jpg\" alt=\"\" class=\"wp-image-43265\" \/><\/figure>\n\n\n\n<p><strong>Promotor: mgr Ma\u0142gorzata Moskal-Szybka<\/strong><br><strong>Recenzent: dr Renata Dziubaszewska<\/strong><\/p>\n\n\n\n<p>Wyr\u00f3\u017cniona absolwentka: Magdalena Eibin<\/p>\n\n\n\n<figure class=\"wp-block-image\"><img decoding=\"async\" src=\"https:\/\/pans.krosno.pl\/wp-content\/uploads\/2023\/07\/363290548_777786807687363_8144327642655701510_n-1024x683.jpg\" alt=\"\" class=\"wp-image-43266\" \/><\/figure>\n\n\n\n<p>Wszyscy absolwenci otrzymali symbol czepka piel\u0119gniarskiego, jako wyraz przyj\u0119cia do zawodu<strong>.\u00a0<\/strong>Noszony w klapie munduru ma symbolizowa\u0107 pokor\u0119 i ch\u0119\u0107 s\u0142u\u017cenia innym.<\/p>\n\n\n\n<p>Po otrzymaniu symbolicznego czepka absolwenci z\u0142o\u017cyli przyrzeczenie piel\u0119gniarskie, kt\u00f3re jest cz\u0119\u015bci\u0105 nowego Kodeksu etyki zawodowej piel\u0119gniarek i po\u0142o\u017cnych.<\/p>\n\n\n\n<p><em>Z szacunkiem i dum\u0105 przyjmuj\u0119 nadany mi tytu\u0142 zawodowy piel\u0119gniarki\/piel\u0119gniarza i uroczy\u015bcie przyrzekam:<\/em><\/p>\n\n\n\n<p><em>Sprawowa\u0107 profesjonaln\u0105 i troskliw\u0105 opiek\u0119 nad zdrowiem i \u017cyciem ludzkim na ka\u017cdym jego etapie.<\/em><\/p>\n\n\n\n<p><em>Promowa\u0107 zdrowie, zapobiega\u0107 chorobom, piel\u0119gnowa\u0107 chorych,<\/em><\/p>\n\n\n\n<p><em>uczestniczy\u0107 w procesie terapeutycznym, przeciwdzia\u0142a\u0107 cierpieniu i \u0142agodzi\u0107 jego skutki, zgodnie z aktualn\u0105 wiedz\u0105 medyczn\u0105\u2026\u2026<\/em><\/p>\n\n\n\n<p>tak zabrzmia\u0142y s\u0142owa \u015blubowania.<\/p>\n\n\n\n<figure class=\"wp-block-image\"><img decoding=\"async\" src=\"https:\/\/pans.krosno.pl\/wp-content\/uploads\/2023\/07\/363351156_777787377687306_5807321783370821627_n-1024x683.jpg\" alt=\"\" class=\"wp-image-43267\" \/><\/figure>\n\n\n\n<p>Dyplomatorium to okazja do nagrodzenia absolwent\u00f3w, kt\u00f3rzy szczeg\u00f3lnie wyr\u00f3\u017cniali si\u0119 podczas 3-letniego toku studi\u00f3w wiedz\u0105, postaw\u0105, podj\u0119tymi dzia\u0142aniami oraz osi\u0105gni\u0119tymi sukcesami.<\/p>\n\n\n\n<p>Najaktywniejsi studenci zostali nagrodzeni mi\u0119dzy innymi za dzia\u0142alno\u015b\u0107 w Studenckich Ko\u0142ach Naukowych, rozw\u00f3j naukowy, promowanie Uczelni czy inn\u0105 dzia\u0142alno\u015b\u0107 wykraczaj\u0105c\u0105 poza obowi\u0105zki studenta.<\/p>\n\n\n\n<p><strong>Za szczeg\u00f3ln\u0105 dzia\u0142alno\u015b\u0107 w SKN Wolontariatu studenckiego&nbsp;<\/strong>dyplom i nagrody ksi\u0105\u017ckowe otrzyma\u0142y:<\/p>\n\n\n\n<ol class=\"wp-block-list\" type=\"1\">\n<li>Agnieszka Ziemia\u0144ska<\/li>\n\n\n\n<li>Agnieszka Ziemia\u0144ska<\/li>\n\n\n\n<li>Julia Wo\u017anica<\/li>\n\n\n\n<li>Sabina Hejnar<\/li>\n<\/ol>\n\n\n\n<figure class=\"wp-block-image\"><img decoding=\"async\" src=\"https:\/\/pans.krosno.pl\/wp-content\/uploads\/2023\/07\/363367827_777784787687565_3104207601552463562_n-1024x683.jpg\" alt=\"\" class=\"wp-image-43268\" \/><\/figure>\n\n\n\n<p><strong>Za dzia\u0142alno\u015b\u0107 w SKN Honorowych dawc\u00f3w krwi dyplom i nagrody ksi\u0105\u017ckowe otrzyma\u0142y:<\/strong><\/p>\n\n\n\n<ol class=\"wp-block-list\" type=\"1\">\n<li>Adrianna Gudyka<\/li>\n\n\n\n<li>Dominika Dudu\u015b<\/li>\n\n\n\n<li>Ma\u0142gorzata Szary<\/li>\n\n\n\n<li>Klaudia Gierlasi\u0144ska<\/li>\n\n\n\n<li>Oliwia Wais<\/li>\n\n\n\n<li>Jagoda Prajzner<\/li>\n<\/ol>\n\n\n\n<figure class=\"wp-block-image\"><img decoding=\"async\" src=\"https:\/\/pans.krosno.pl\/wp-content\/uploads\/2023\/07\/363366541_777785017687542_3126524079566938933_n-1024x683.jpg\" alt=\"\" class=\"wp-image-43269\" \/><\/figure>\n\n\n\n<p>Za udzia\u0142 w Finale XIII Mi\u0119dzyuczelnianej Olimpiady Piel\u0119gniarskiej im. dr Janiny Fetli\u0144skiej wyr\u00f3\u017cnienie otrzyma\u0142a&nbsp;<strong>Sabina Hejnar oraz Adrianna Gudyka<\/strong>, kt\u00f3ra tak\u017ce jest tegoroczn\u0105 stypendystk\u0105 w konkursie im. Barbary Lali.<\/p>\n\n\n\n<figure class=\"wp-block-image\"><img decoding=\"async\" src=\"https:\/\/pans.krosno.pl\/wp-content\/uploads\/2023\/07\/363324587_777787217687322_8438269463255374351_n-1024x683.jpg\" alt=\"\" class=\"wp-image-43270\" \/><\/figure>\n\n\n\n<p>Za pe\u0142nienie funkcji starosty roku oraz szczeg\u00f3ln\u0105 dzia\u0142alno\u015b\u0107 wolontaryjn\u0105 dyplom oraz nagrod\u0119 ufundowan\u0105 przez Okr\u0119gow\u0105 Izb\u0119 Piel\u0119gniarek i Po\u0142o\u017cnych w Kro\u015bnie otrzyma\u0142 absolwent &#8211;\u00a0<strong>Maciej Jamroga.<\/strong><\/p>\n\n\n\n<figure class=\"wp-block-image\"><img decoding=\"async\" src=\"https:\/\/pans.krosno.pl\/wp-content\/uploads\/2023\/07\/363354701_777786667687377_6770100576991023300_n-1024x683.jpg\" alt=\"\" class=\"wp-image-43271\" \/><\/figure>\n\n\n\n<p>Za pe\u0142nienie funkcji zast\u0119pcy starosty roku oraz prace na rzecz rozwoju i promocji kierunku Piel\u0119gniarstwo dyplom, oraz nagrod\u0119 ksi\u0105\u017ckow\u0105 otrzyma\u0142 absolwent &#8211;\u00a0<strong>Piotr Bazentkiewicz<\/strong>.<\/p>\n\n\n\n<p>Nagrod\u0119 za zaanga\u017cowanie i wsparcie starosty roku oraz promocj\u0119 kierunku Piel\u0119gniarstwo otrzyma\u0142a tak\u017ce absolwentka &#8211;\u00a0<strong>Weronika Borek<\/strong>.<\/p>\n\n\n\n<figure class=\"wp-block-image\"><img decoding=\"async\" src=\"https:\/\/pans.krosno.pl\/wp-content\/uploads\/2023\/07\/363308798_777787797687264_942860034275915506_n-1024x683.jpg\" alt=\"\" class=\"wp-image-43272\" \/><\/figure>\n\n\n\n<p>Absolwenci ze wzruszeniem wspominali pi\u0119kne, ale nie\u0142atwe lata nauki zawodu, dzi\u0119kuj\u0105c tym samym w\u0142adzom Uczelni i kierunku, opiekunowi roku i wszystkim wyk\u0142adowcom.<\/p>\n\n\n\n<figure class=\"wp-block-image\"><img decoding=\"async\" src=\"https:\/\/pans.krosno.pl\/wp-content\/uploads\/2023\/07\/363342174_777787647687279_97615266135353215_n-1024x683.jpg\" alt=\"\" class=\"wp-image-43273\" \/><\/figure>\n\n\n\n<p>Na zako\u0144czenie uroczysto\u015bci g\u0142os zabra\u0142a Dyrektor Instytutu Zdrowia i Gospodarki&nbsp;<strong>dr Renata Dziubaszewska<\/strong>. W swoim przem\u00f3wieniu gratulowa\u0142a oraz \u017cyczy\u0142a absolwentom samych sukces\u00f3w, rado\u015bci i podj\u0119cia pracy, kt\u00f3ra b\u0119dzie ich inspirowa\u0142a ale tak\u017ce dawa\u0142a im bardzo du\u017co satysfakcji w ka\u017cdym aspekcie.<\/p>\n\n\n\n<figure class=\"wp-block-image\"><img decoding=\"async\" src=\"https:\/\/pans.krosno.pl\/wp-content\/uploads\/2023\/07\/363331295_777787914353919_6155145892320378876_n-1024x683.jpg\" alt=\"\" class=\"wp-image-43274\" \/><\/figure>\n\n\n\n<figure class=\"wp-block-image\"><img decoding=\"async\" src=\"https:\/\/pans.krosno.pl\/wp-content\/uploads\/2023\/07\/363335840_777786541020723_5871139294657232682_n-1024x683.jpg\" alt=\"\" class=\"wp-image-43275\" \/><\/figure>\n\n\n\n<p>Uroczysto\u015b\u0107 zosta\u0142a zako\u0144czona wsp\u00f3lnym od\u015bpiewaniem Hymnu Piel\u0119gniarskiego, kt\u00f3rego s\u0142owa:<\/p>\n\n\n\n<p><em>W \u015bwiat niesiemy swe serca gor\u0105ce najpi\u0119kniejsze g\u0142osimy idee<\/em><\/p>\n\n\n\n<p><em>aby ludziom da\u0107 pok\u00f3j i s\u0142o\u0144ce<\/em><\/p>\n\n\n\n<p><em>by cierpi\u0105cym przywr\u00f3ci\u0107 nadziej\u0119\u2026.<\/em><\/p>\n\n\n\n<p>podkre\u015bla\u0142y rol\u0119 i przysz\u0142e pos\u0142annictwo&nbsp;<strong>naszych absolwent\u00f3w\u2026.<\/strong><\/p>\n\n\n\n<figure class=\"wp-block-image\"><img decoding=\"async\" src=\"https:\/\/pans.krosno.pl\/wp-content\/uploads\/2023\/07\/363423694_777785251020852_1692987825292799025_n-1024x683.jpg\" alt=\"\" class=\"wp-image-43276\" \/><\/figure>\n\n\n\n<figure class=\"wp-block-image\"><img decoding=\"async\" src=\"https:\/\/pans.krosno.pl\/wp-content\/uploads\/2023\/07\/363310691_777784537687590_3199071423673111813_n-1024x683.jpg\" alt=\"\" class=\"wp-image-43277\" \/><\/figure>\n\n\n\n<figure class=\"wp-block-image\"><img decoding=\"async\" src=\"https:\/\/pans.krosno.pl\/wp-content\/uploads\/2023\/07\/363281038_777784844354226_6565865781210088755_n-1024x683.jpg\" alt=\"\" class=\"wp-image-43278\" \/><\/figure>\n\n\n\n<p><strong>\u201eJe\u015bli cz\u0142owiek rodzi si\u0119 ze skrzyd\u0142ami,<\/strong><br><strong>powinien zrobi\u0107 wszystko,<\/strong><br><strong>\u017ceby si\u0119 nimi pos\u0142u\u017cy\u0107 i lata\u0107\u2026\u201d<\/strong><\/p>\n\n\n\n<p><em>Florence Nightingale<\/em><\/p>\n\n\n\n<p>Opracowa\u0142a: mgr Ma\u0142gorzata Dziura \u2014 kierownik Zak\u0142adu Piel\u0119gniarstwo<\/p>\n","protected":false},"excerpt":{"rendered":"<p>W dniu 24 lipca 2023 r. w Auli Pa\u0144stwowej Akademii Nauk Stosowanych w Kro\u015bnie odby\u0142o si\u0119 uroczyste&nbsp;Dyplomatorium absolwent\u00f3w pierwszego stopnia na kierunku Piel\u0119gniarstwo&nbsp;po\u0142\u0105czone z nadaniem symbolu czepka zawodowego. Wydarzenie poprowadzi\u0142a Kierownik Zak\u0142adu Piel\u0119gniarstwa \u2013 Ma\u0142gorzata Dziura, kt\u00f3ra powita\u0142a w\u0142adze uczelni, przyby\u0142ych go\u015bci oraz absolwent\u00f3w. Uroczysto\u015b\u0107 rozpocz\u0119li swoimi przem\u00f3wieniami Prorektor ds. [\u2026] <\/p>\n<div class=\"clear\"><\/div>\n<p><a class=\"more_link clearfix\" href=\"https:\/\/pans.krosno.pl\/pielegniarstwo\/dyplomatorium-absolwentow-pierwszego-stopnia-kierunku-pielegniarstwo-2023\/\" rel=\"nofollow\">Read More<\/a><\/p>\n","protected":false},"author":60,"featured_media":4769,"comment_status":"open","ping_status":"open","sticky":false,"template":"","format":"standard","meta":{"ngg_post_thumbnail":0,"footnotes":""},"categories":[1],"tags":[],"class_list":["post-4768","post","type-post","status-publish","format-standard","has-post-thumbnail","hentry","category-bez-kategorii"],"yoast_head":"<!-- This site is optimized with the Yoast SEO Premium plugin v27.4 (Yoast SEO v27.4) - https:\/\/yoast.com\/product\/yoast-seo-premium-wordpress\/ -->\n<title>Dyplomatorium absolwent\u00f3w pierwszego stopnia kierunku Piel\u0119gniarstwo 2023 - Piel\u0119gniarstwo PANS w Kro\u015bnie<\/title>\n<meta name=\"robots\" content=\"index, follow, max-snippet:-1, max-image-preview:large, max-video-preview:-1\" \/>\n<link rel=\"canonical\" href=\"https:\/\/pans.krosno.pl\/pielegniarstwo\/dyplomatorium-absolwentow-pierwszego-stopnia-kierunku-pielegniarstwo-2023\/\" \/>\n<meta property=\"og:locale\" content=\"pl_PL\" \/>\n<meta property=\"og:type\" content=\"article\" \/>\n<meta property=\"og:title\" content=\"Dyplomatorium absolwent\u00f3w pierwszego stopnia kierunku Piel\u0119gniarstwo 2023\" \/>\n<meta property=\"og:description\" content=\"W dniu 24 lipca 2023 r. w Auli Pa\u0144stwowej Akademii Nauk Stosowanych w Kro\u015bnie odby\u0142o si\u0119 uroczyste&nbsp;Dyplomatorium absolwent\u00f3w pierwszego stopnia na kierunku Piel\u0119gniarstwo&nbsp;po\u0142\u0105czone z nadaniem symbolu czepka zawodowego. Wydarzenie poprowadzi\u0142a Kierownik Zak\u0142adu Piel\u0119gniarstwa \u2013 Ma\u0142gorzata Dziura, kt\u00f3ra powita\u0142a w\u0142adze uczelni, przyby\u0142ych go\u015bci oraz absolwent\u00f3w. Uroczysto\u015b\u0107 rozpocz\u0119li swoimi przem\u00f3wieniami Prorektor ds. [\u2026] Read More\" \/>\n<meta property=\"og:url\" content=\"https:\/\/pans.krosno.pl\/pielegniarstwo\/dyplomatorium-absolwentow-pierwszego-stopnia-kierunku-pielegniarstwo-2023\/\" \/>\n<meta property=\"og:site_name\" content=\"Piel\u0119gniarstwo PANS w Kro\u015bnie\" \/>\n<meta property=\"article:published_time\" content=\"2023-07-28T07:37:07+00:00\" \/>\n<meta property=\"article:modified_time\" content=\"2023-09-13T07:44:08+00:00\" \/>\n<meta property=\"og:image\" content=\"https:\/\/pans.krosno.pl\/wp-content\/uploads\/sites\/8\/2023\/09\/obraz-27-150x150-1.png\" \/>\n\t<meta property=\"og:image:width\" content=\"150\" \/>\n\t<meta property=\"og:image:height\" content=\"150\" \/>\n\t<meta property=\"og:image:type\" content=\"image\/png\" \/>\n<meta name=\"author\" content=\"dawidmakowicz\" \/>\n<meta name=\"twitter:card\" content=\"summary_large_image\" \/>\n<meta name=\"twitter:label1\" content=\"Napisane przez\" \/>\n\t<meta name=\"twitter:data1\" content=\"dawidmakowicz\" \/>\n\t<meta name=\"twitter:label2\" content=\"Szacowany czas czytania\" \/>\n\t<meta name=\"twitter:data2\" content=\"9 minut\" \/>\n<script type=\"application\/ld+json\" class=\"yoast-schema-graph\">{\"@context\":\"https:\\\/\\\/schema.org\",\"@graph\":[{\"@type\":\"Article\",\"@id\":\"https:\\\/\\\/pans.krosno.pl\\\/pielegniarstwo\\\/dyplomatorium-absolwentow-pierwszego-stopnia-kierunku-pielegniarstwo-2023\\\/#article\",\"isPartOf\":{\"@id\":\"https:\\\/\\\/pans.krosno.pl\\\/pielegniarstwo\\\/dyplomatorium-absolwentow-pierwszego-stopnia-kierunku-pielegniarstwo-2023\\\/\"},\"author\":{\"name\":\"dawidmakowicz\",\"@id\":\"https:\\\/\\\/pans.krosno.pl\\\/pielegniarstwo\\\/#\\\/schema\\\/person\\\/5baf49bd6bf43ec61d825d5d14ce5f40\"},\"headline\":\"Dyplomatorium absolwent\u00f3w pierwszego stopnia kierunku Piel\u0119gniarstwo 2023\",\"datePublished\":\"2023-07-28T07:37:07+00:00\",\"dateModified\":\"2023-09-13T07:44:08+00:00\",\"mainEntityOfPage\":{\"@id\":\"https:\\\/\\\/pans.krosno.pl\\\/pielegniarstwo\\\/dyplomatorium-absolwentow-pierwszego-stopnia-kierunku-pielegniarstwo-2023\\\/\"},\"wordCount\":772,\"commentCount\":0,\"publisher\":{\"@id\":\"https:\\\/\\\/pans.krosno.pl\\\/pielegniarstwo\\\/#organization\"},\"image\":{\"@id\":\"https:\\\/\\\/pans.krosno.pl\\\/pielegniarstwo\\\/dyplomatorium-absolwentow-pierwszego-stopnia-kierunku-pielegniarstwo-2023\\\/#primaryimage\"},\"thumbnailUrl\":\"https:\\\/\\\/pans.krosno.pl\\\/pielegniarstwo\\\/wp-content\\\/uploads\\\/sites\\\/8\\\/2023\\\/09\\\/obraz-27-150x150-1.png\",\"inLanguage\":\"pl-PL\",\"potentialAction\":[{\"@type\":\"CommentAction\",\"name\":\"Comment\",\"target\":[\"https:\\\/\\\/pans.krosno.pl\\\/pielegniarstwo\\\/dyplomatorium-absolwentow-pierwszego-stopnia-kierunku-pielegniarstwo-2023\\\/#respond\"]}]},{\"@type\":\"WebPage\",\"@id\":\"https:\\\/\\\/pans.krosno.pl\\\/pielegniarstwo\\\/dyplomatorium-absolwentow-pierwszego-stopnia-kierunku-pielegniarstwo-2023\\\/\",\"url\":\"https:\\\/\\\/pans.krosno.pl\\\/pielegniarstwo\\\/dyplomatorium-absolwentow-pierwszego-stopnia-kierunku-pielegniarstwo-2023\\\/\",\"name\":\"Dyplomatorium absolwent\u00f3w pierwszego stopnia kierunku Piel\u0119gniarstwo 2023 - Piel\u0119gniarstwo PANS w Kro\u015bnie\",\"isPartOf\":{\"@id\":\"https:\\\/\\\/pans.krosno.pl\\\/pielegniarstwo\\\/#website\"},\"primaryImageOfPage\":{\"@id\":\"https:\\\/\\\/pans.krosno.pl\\\/pielegniarstwo\\\/dyplomatorium-absolwentow-pierwszego-stopnia-kierunku-pielegniarstwo-2023\\\/#primaryimage\"},\"image\":{\"@id\":\"https:\\\/\\\/pans.krosno.pl\\\/pielegniarstwo\\\/dyplomatorium-absolwentow-pierwszego-stopnia-kierunku-pielegniarstwo-2023\\\/#primaryimage\"},\"thumbnailUrl\":\"https:\\\/\\\/pans.krosno.pl\\\/pielegniarstwo\\\/wp-content\\\/uploads\\\/sites\\\/8\\\/2023\\\/09\\\/obraz-27-150x150-1.png\",\"datePublished\":\"2023-07-28T07:37:07+00:00\",\"dateModified\":\"2023-09-13T07:44:08+00:00\",\"breadcrumb\":{\"@id\":\"https:\\\/\\\/pans.krosno.pl\\\/pielegniarstwo\\\/dyplomatorium-absolwentow-pierwszego-stopnia-kierunku-pielegniarstwo-2023\\\/#breadcrumb\"},\"inLanguage\":\"pl-PL\",\"potentialAction\":[{\"@type\":\"ReadAction\",\"target\":[\"https:\\\/\\\/pans.krosno.pl\\\/pielegniarstwo\\\/dyplomatorium-absolwentow-pierwszego-stopnia-kierunku-pielegniarstwo-2023\\\/\"]}]},{\"@type\":\"ImageObject\",\"inLanguage\":\"pl-PL\",\"@id\":\"https:\\\/\\\/pans.krosno.pl\\\/pielegniarstwo\\\/dyplomatorium-absolwentow-pierwszego-stopnia-kierunku-pielegniarstwo-2023\\\/#primaryimage\",\"url\":\"https:\\\/\\\/pans.krosno.pl\\\/pielegniarstwo\\\/wp-content\\\/uploads\\\/sites\\\/8\\\/2023\\\/09\\\/obraz-27-150x150-1.png\",\"contentUrl\":\"https:\\\/\\\/pans.krosno.pl\\\/pielegniarstwo\\\/wp-content\\\/uploads\\\/sites\\\/8\\\/2023\\\/09\\\/obraz-27-150x150-1.png\",\"width\":150,\"height\":150},{\"@type\":\"BreadcrumbList\",\"@id\":\"https:\\\/\\\/pans.krosno.pl\\\/pielegniarstwo\\\/dyplomatorium-absolwentow-pierwszego-stopnia-kierunku-pielegniarstwo-2023\\\/#breadcrumb\",\"itemListElement\":[{\"@type\":\"ListItem\",\"position\":1,\"name\":\"Strona g\u0142\u00f3wna\",\"item\":\"https:\\\/\\\/pans.krosno.pl\\\/pielegniarstwo\\\/\"},{\"@type\":\"ListItem\",\"position\":2,\"name\":\"Dyplomatorium absolwent\u00f3w pierwszego stopnia kierunku Piel\u0119gniarstwo 2023\"}]},{\"@type\":\"WebSite\",\"@id\":\"https:\\\/\\\/pans.krosno.pl\\\/pielegniarstwo\\\/#website\",\"url\":\"https:\\\/\\\/pans.krosno.pl\\\/pielegniarstwo\\\/\",\"name\":\"Piel\u0119gniarstwo PANS w Kro\u015bnie\",\"description\":\"Piel\u0119gniarstwo - Pa\u0144stwowa Akademia Nauk Stosowanych\",\"publisher\":{\"@id\":\"https:\\\/\\\/pans.krosno.pl\\\/pielegniarstwo\\\/#organization\"},\"potentialAction\":[{\"@type\":\"SearchAction\",\"target\":{\"@type\":\"EntryPoint\",\"urlTemplate\":\"https:\\\/\\\/pans.krosno.pl\\\/pielegniarstwo\\\/?s={search_term_string}\"},\"query-input\":{\"@type\":\"PropertyValueSpecification\",\"valueRequired\":true,\"valueName\":\"search_term_string\"}}],\"inLanguage\":\"pl-PL\"},{\"@type\":\"Organization\",\"@id\":\"https:\\\/\\\/pans.krosno.pl\\\/pielegniarstwo\\\/#organization\",\"name\":\"Piel\u0119gniarstwo PANS w Kro\u015bnie\",\"url\":\"https:\\\/\\\/pans.krosno.pl\\\/pielegniarstwo\\\/\",\"logo\":{\"@type\":\"ImageObject\",\"inLanguage\":\"pl-PL\",\"@id\":\"https:\\\/\\\/pans.krosno.pl\\\/pielegniarstwo\\\/#\\\/schema\\\/logo\\\/image\\\/\",\"url\":\"https:\\\/\\\/pans.krosno.pl\\\/pielegniarstwo\\\/wp-content\\\/uploads\\\/sites\\\/8\\\/2023\\\/01\\\/Logo-PANS-2022-pelne.png\",\"contentUrl\":\"https:\\\/\\\/pans.krosno.pl\\\/pielegniarstwo\\\/wp-content\\\/uploads\\\/sites\\\/8\\\/2023\\\/01\\\/Logo-PANS-2022-pelne.png\",\"width\":3096,\"height\":696,\"caption\":\"Piel\u0119gniarstwo PANS w Kro\u015bnie\"},\"image\":{\"@id\":\"https:\\\/\\\/pans.krosno.pl\\\/pielegniarstwo\\\/#\\\/schema\\\/logo\\\/image\\\/\"}},{\"@type\":\"Person\",\"@id\":\"https:\\\/\\\/pans.krosno.pl\\\/pielegniarstwo\\\/#\\\/schema\\\/person\\\/5baf49bd6bf43ec61d825d5d14ce5f40\",\"name\":\"dawidmakowicz\",\"image\":{\"@type\":\"ImageObject\",\"inLanguage\":\"pl-PL\",\"@id\":\"https:\\\/\\\/secure.gravatar.com\\\/avatar\\\/83e00f21c199947762184a6b9067c6b783fbddea24245862753ec73bc9258b03?s=96&d=mm&r=g\",\"url\":\"https:\\\/\\\/secure.gravatar.com\\\/avatar\\\/83e00f21c199947762184a6b9067c6b783fbddea24245862753ec73bc9258b03?s=96&d=mm&r=g\",\"contentUrl\":\"https:\\\/\\\/secure.gravatar.com\\\/avatar\\\/83e00f21c199947762184a6b9067c6b783fbddea24245862753ec73bc9258b03?s=96&d=mm&r=g\",\"caption\":\"dawidmakowicz\"},\"url\":\"https:\\\/\\\/pans.krosno.pl\\\/pielegniarstwo\\\/author\\\/dawidmakowicz\\\/\"}]}<\/script>\n<!-- \/ Yoast SEO Premium plugin. -->","yoast_head_json":{"title":"Dyplomatorium absolwent\u00f3w pierwszego stopnia kierunku Piel\u0119gniarstwo 2023 - Piel\u0119gniarstwo PANS w Kro\u015bnie","robots":{"index":"index","follow":"follow","max-snippet":"max-snippet:-1","max-image-preview":"max-image-preview:large","max-video-preview":"max-video-preview:-1"},"canonical":"https:\/\/pans.krosno.pl\/pielegniarstwo\/dyplomatorium-absolwentow-pierwszego-stopnia-kierunku-pielegniarstwo-2023\/","og_locale":"pl_PL","og_type":"article","og_title":"Dyplomatorium absolwent\u00f3w pierwszego stopnia kierunku Piel\u0119gniarstwo 2023","og_description":"W dniu 24 lipca 2023 r. w Auli Pa\u0144stwowej Akademii Nauk Stosowanych w Kro\u015bnie odby\u0142o si\u0119 uroczyste&nbsp;Dyplomatorium absolwent\u00f3w pierwszego stopnia na kierunku Piel\u0119gniarstwo&nbsp;po\u0142\u0105czone z nadaniem symbolu czepka zawodowego. Wydarzenie poprowadzi\u0142a Kierownik Zak\u0142adu Piel\u0119gniarstwa \u2013 Ma\u0142gorzata Dziura, kt\u00f3ra powita\u0142a w\u0142adze uczelni, przyby\u0142ych go\u015bci oraz absolwent\u00f3w. Uroczysto\u015b\u0107 rozpocz\u0119li swoimi przem\u00f3wieniami Prorektor ds. [\u2026] Read More","og_url":"https:\/\/pans.krosno.pl\/pielegniarstwo\/dyplomatorium-absolwentow-pierwszego-stopnia-kierunku-pielegniarstwo-2023\/","og_site_name":"Piel\u0119gniarstwo PANS w Kro\u015bnie","article_published_time":"2023-07-28T07:37:07+00:00","article_modified_time":"2023-09-13T07:44:08+00:00","og_image":[{"width":150,"height":150,"url":"https:\/\/pans.krosno.pl\/wp-content\/uploads\/sites\/8\/2023\/09\/obraz-27-150x150-1.png","type":"image\/png"}],"author":"dawidmakowicz","twitter_card":"summary_large_image","twitter_misc":{"Napisane przez":"dawidmakowicz","Szacowany czas czytania":"9 minut"},"schema":{"@context":"https:\/\/schema.org","@graph":[{"@type":"Article","@id":"https:\/\/pans.krosno.pl\/pielegniarstwo\/dyplomatorium-absolwentow-pierwszego-stopnia-kierunku-pielegniarstwo-2023\/#article","isPartOf":{"@id":"https:\/\/pans.krosno.pl\/pielegniarstwo\/dyplomatorium-absolwentow-pierwszego-stopnia-kierunku-pielegniarstwo-2023\/"},"author":{"name":"dawidmakowicz","@id":"https:\/\/pans.krosno.pl\/pielegniarstwo\/#\/schema\/person\/5baf49bd6bf43ec61d825d5d14ce5f40"},"headline":"Dyplomatorium absolwent\u00f3w pierwszego stopnia kierunku Piel\u0119gniarstwo 2023","datePublished":"2023-07-28T07:37:07+00:00","dateModified":"2023-09-13T07:44:08+00:00","mainEntityOfPage":{"@id":"https:\/\/pans.krosno.pl\/pielegniarstwo\/dyplomatorium-absolwentow-pierwszego-stopnia-kierunku-pielegniarstwo-2023\/"},"wordCount":772,"commentCount":0,"publisher":{"@id":"https:\/\/pans.krosno.pl\/pielegniarstwo\/#organization"},"image":{"@id":"https:\/\/pans.krosno.pl\/pielegniarstwo\/dyplomatorium-absolwentow-pierwszego-stopnia-kierunku-pielegniarstwo-2023\/#primaryimage"},"thumbnailUrl":"https:\/\/pans.krosno.pl\/pielegniarstwo\/wp-content\/uploads\/sites\/8\/2023\/09\/obraz-27-150x150-1.png","inLanguage":"pl-PL","potentialAction":[{"@type":"CommentAction","name":"Comment","target":["https:\/\/pans.krosno.pl\/pielegniarstwo\/dyplomatorium-absolwentow-pierwszego-stopnia-kierunku-pielegniarstwo-2023\/#respond"]}]},{"@type":"WebPage","@id":"https:\/\/pans.krosno.pl\/pielegniarstwo\/dyplomatorium-absolwentow-pierwszego-stopnia-kierunku-pielegniarstwo-2023\/","url":"https:\/\/pans.krosno.pl\/pielegniarstwo\/dyplomatorium-absolwentow-pierwszego-stopnia-kierunku-pielegniarstwo-2023\/","name":"Dyplomatorium absolwent\u00f3w pierwszego stopnia kierunku Piel\u0119gniarstwo 2023 - Piel\u0119gniarstwo PANS w Kro\u015bnie","isPartOf":{"@id":"https:\/\/pans.krosno.pl\/pielegniarstwo\/#website"},"primaryImageOfPage":{"@id":"https:\/\/pans.krosno.pl\/pielegniarstwo\/dyplomatorium-absolwentow-pierwszego-stopnia-kierunku-pielegniarstwo-2023\/#primaryimage"},"image":{"@id":"https:\/\/pans.krosno.pl\/pielegniarstwo\/dyplomatorium-absolwentow-pierwszego-stopnia-kierunku-pielegniarstwo-2023\/#primaryimage"},"thumbnailUrl":"https:\/\/pans.krosno.pl\/pielegniarstwo\/wp-content\/uploads\/sites\/8\/2023\/09\/obraz-27-150x150-1.png","datePublished":"2023-07-28T07:37:07+00:00","dateModified":"2023-09-13T07:44:08+00:00","breadcrumb":{"@id":"https:\/\/pans.krosno.pl\/pielegniarstwo\/dyplomatorium-absolwentow-pierwszego-stopnia-kierunku-pielegniarstwo-2023\/#breadcrumb"},"inLanguage":"pl-PL","potentialAction":[{"@type":"ReadAction","target":["https:\/\/pans.krosno.pl\/pielegniarstwo\/dyplomatorium-absolwentow-pierwszego-stopnia-kierunku-pielegniarstwo-2023\/"]}]},{"@type":"ImageObject","inLanguage":"pl-PL","@id":"https:\/\/pans.krosno.pl\/pielegniarstwo\/dyplomatorium-absolwentow-pierwszego-stopnia-kierunku-pielegniarstwo-2023\/#primaryimage","url":"https:\/\/pans.krosno.pl\/pielegniarstwo\/wp-content\/uploads\/sites\/8\/2023\/09\/obraz-27-150x150-1.png","contentUrl":"https:\/\/pans.krosno.pl\/pielegniarstwo\/wp-content\/uploads\/sites\/8\/2023\/09\/obraz-27-150x150-1.png","width":150,"height":150},{"@type":"BreadcrumbList","@id":"https:\/\/pans.krosno.pl\/pielegniarstwo\/dyplomatorium-absolwentow-pierwszego-stopnia-kierunku-pielegniarstwo-2023\/#breadcrumb","itemListElement":[{"@type":"ListItem","position":1,"name":"Strona g\u0142\u00f3wna","item":"https:\/\/pans.krosno.pl\/pielegniarstwo\/"},{"@type":"ListItem","position":2,"name":"Dyplomatorium absolwent\u00f3w pierwszego stopnia kierunku Piel\u0119gniarstwo 2023"}]},{"@type":"WebSite","@id":"https:\/\/pans.krosno.pl\/pielegniarstwo\/#website","url":"https:\/\/pans.krosno.pl\/pielegniarstwo\/","name":"Piel\u0119gniarstwo PANS w Kro\u015bnie","description":"Piel\u0119gniarstwo - Pa\u0144stwowa Akademia Nauk Stosowanych","publisher":{"@id":"https:\/\/pans.krosno.pl\/pielegniarstwo\/#organization"},"potentialAction":[{"@type":"SearchAction","target":{"@type":"EntryPoint","urlTemplate":"https:\/\/pans.krosno.pl\/pielegniarstwo\/?s={search_term_string}"},"query-input":{"@type":"PropertyValueSpecification","valueRequired":true,"valueName":"search_term_string"}}],"inLanguage":"pl-PL"},{"@type":"Organization","@id":"https:\/\/pans.krosno.pl\/pielegniarstwo\/#organization","name":"Piel\u0119gniarstwo PANS w Kro\u015bnie","url":"https:\/\/pans.krosno.pl\/pielegniarstwo\/","logo":{"@type":"ImageObject","inLanguage":"pl-PL","@id":"https:\/\/pans.krosno.pl\/pielegniarstwo\/#\/schema\/logo\/image\/","url":"https:\/\/pans.krosno.pl\/pielegniarstwo\/wp-content\/uploads\/sites\/8\/2023\/01\/Logo-PANS-2022-pelne.png","contentUrl":"https:\/\/pans.krosno.pl\/pielegniarstwo\/wp-content\/uploads\/sites\/8\/2023\/01\/Logo-PANS-2022-pelne.png","width":3096,"height":696,"caption":"Piel\u0119gniarstwo PANS w Kro\u015bnie"},"image":{"@id":"https:\/\/pans.krosno.pl\/pielegniarstwo\/#\/schema\/logo\/image\/"}},{"@type":"Person","@id":"https:\/\/pans.krosno.pl\/pielegniarstwo\/#\/schema\/person\/5baf49bd6bf43ec61d825d5d14ce5f40","name":"dawidmakowicz","image":{"@type":"ImageObject","inLanguage":"pl-PL","@id":"https:\/\/secure.gravatar.com\/avatar\/83e00f21c199947762184a6b9067c6b783fbddea24245862753ec73bc9258b03?s=96&d=mm&r=g","url":"https:\/\/secure.gravatar.com\/avatar\/83e00f21c199947762184a6b9067c6b783fbddea24245862753ec73bc9258b03?s=96&d=mm&r=g","contentUrl":"https:\/\/secure.gravatar.com\/avatar\/83e00f21c199947762184a6b9067c6b783fbddea24245862753ec73bc9258b03?s=96&d=mm&r=g","caption":"dawidmakowicz"},"url":"https:\/\/pans.krosno.pl\/pielegniarstwo\/author\/dawidmakowicz\/"}]}},"_links":{"self":[{"href":"https:\/\/pans.krosno.pl\/pielegniarstwo\/wp-json\/wp\/v2\/posts\/4768","targetHints":{"allow":["GET"]}}],"collection":[{"href":"https:\/\/pans.krosno.pl\/pielegniarstwo\/wp-json\/wp\/v2\/posts"}],"about":[{"href":"https:\/\/pans.krosno.pl\/pielegniarstwo\/wp-json\/wp\/v2\/types\/post"}],"author":[{"embeddable":true,"href":"https:\/\/pans.krosno.pl\/pielegniarstwo\/wp-json\/wp\/v2\/users\/60"}],"replies":[{"embeddable":true,"href":"https:\/\/pans.krosno.pl\/pielegniarstwo\/wp-json\/wp\/v2\/comments?post=4768"}],"version-history":[{"count":1,"href":"https:\/\/pans.krosno.pl\/pielegniarstwo\/wp-json\/wp\/v2\/posts\/4768\/revisions"}],"predecessor-version":[{"id":4770,"href":"https:\/\/pans.krosno.pl\/pielegniarstwo\/wp-json\/wp\/v2\/posts\/4768\/revisions\/4770"}],"wp:featuredmedia":[{"embeddable":true,"href":"https:\/\/pans.krosno.pl\/pielegniarstwo\/wp-json\/wp\/v2\/media\/4769"}],"wp:attachment":[{"href":"https:\/\/pans.krosno.pl\/pielegniarstwo\/wp-json\/wp\/v2\/media?parent=4768"}],"wp:term":[{"taxonomy":"category","embeddable":true,"href":"https:\/\/pans.krosno.pl\/pielegniarstwo\/wp-json\/wp\/v2\/categories?post=4768"},{"taxonomy":"post_tag","embeddable":true,"href":"https:\/\/pans.krosno.pl\/pielegniarstwo\/wp-json\/wp\/v2\/tags?post=4768"}],"curies":[{"name":"wp","href":"https:\/\/api.w.org\/{rel}","templated":true}]}}