{"id":4647,"date":"2023-01-20T17:28:00","date_gmt":"2023-01-20T16:28:00","guid":{"rendered":"https:\/\/pans.krosno.pl\/pielegniarstwo\/?p=4647"},"modified":"2024-06-13T15:28:07","modified_gmt":"2024-06-13T13:28:07","slug":"promocja-doktorska","status":"publish","type":"post","link":"https:\/\/pans.krosno.pl\/pielegniarstwo\/promocja-doktorska\/","title":{"rendered":"Promocja doktorska p. Edyty Szyd\u0142o"},"content":{"rendered":"\n<p>W dniu <strong>13.01.2023 r. <\/strong>w Sali Senackiej Collegium Novum Uniwersytetu Jagiello\u0144skiego odby\u0142y si\u0119 promocje doktorskie na Wydziale Nauk o Zdrowiu. Uroczysto\u015b\u0107 ta by\u0142a okazj\u0105 do wr\u0119czenia pami\u0105tkowych dyplom\u00f3w osobom, kt\u00f3re uzyska\u0142y stopnie naukowe oraz do z\u0142o\u017cenia\u00a0\u015blubowania\u00a0przez doktor\u00f3w.\u00a0<\/p>\n\n\n\n<p>Uroczysto\u015bci przewodniczy\u0142 Prorektor Uniwersytetu Jagiello\u0144skiego ds. Collegium Medicum prof. Tomasz Grodzicki oraz dziekan Wydzia\u0142u Nauk o Zdrowiu dr hab. Piotr Pierzchalski, prof. UJ i przewodnicz\u0105cy Rady Dyscypliny dr hab. Marcin Walig\u00f3ra, prof. UJ.<\/p>\n\n\n\n<p>W\u015br\u00f3d promowanych by\u0142a pani <strong>Edyta Szyd\u0142o<\/strong>, pracownik Pa\u0144stwowej Akademii Nauk Stosowanych w Kro\u015bnie, kt\u00f3ra z\u0142o\u017cy\u0142a uroczyst\u0105 przysi\u0119g\u0119 doktorsk\u0105 oraz odebra\u0142a dyplom doktora Uniwersytetu Jagiello\u0144skiego.<\/p>\n\n\n\n<figure class=\"wp-block-image aligncenter size-full\"><img loading=\"lazy\" decoding=\"async\" width=\"800\" height=\"533\" src=\"https:\/\/pans.krosno.pl\/pielegniarstwo\/wp-content\/uploads\/sites\/8\/2023\/04\/DSC4416.jpg\" alt=\"\" class=\"wp-image-4648\" srcset=\"https:\/\/pans.krosno.pl\/pielegniarstwo\/wp-content\/uploads\/sites\/8\/2023\/04\/DSC4416.jpg 800w, https:\/\/pans.krosno.pl\/pielegniarstwo\/wp-content\/uploads\/sites\/8\/2023\/04\/DSC4416-300x200.jpg 300w, https:\/\/pans.krosno.pl\/pielegniarstwo\/wp-content\/uploads\/sites\/8\/2023\/04\/DSC4416-768x512.jpg 768w, https:\/\/pans.krosno.pl\/pielegniarstwo\/wp-content\/uploads\/sites\/8\/2023\/04\/DSC4416-580x386.jpg 580w\" sizes=\"auto, (max-width: 800px) 100vw, 800px\" \/><\/figure>\n\n\n\n<p><strong>dr Edyta Szyd\u0142o<\/strong> \u2013 wyk\u0142adowca w Zak\u0142adzie Piel\u0119gniarstwa<\/p>\n\n\n\n<p>Praca: &nbsp;pt. Obci\u0105\u017cenie opiekun\u00f3w os\u00f3b chorych na stwardnienie rozsiane.<\/p>\n\n\n\n<p>Promotor dr hab. Agnieszka Gniadek, prof. UJ<\/p>\n\n\n\n<p>Promotor pomocniczy dr n. med. Katarzyna Wojtas<\/p>\n\n\n\n<p><em>Serdecznie gratulujemy, \u017cycz\u0105c dalszych sukces\u00f3w naukowych\u2026\u2026<\/em><\/p>\n\n\n\n<figure class=\"wp-block-image aligncenter size-full\"><img loading=\"lazy\" decoding=\"async\" width=\"800\" height=\"533\" src=\"https:\/\/pans.krosno.pl\/pielegniarstwo\/wp-content\/uploads\/sites\/8\/2023\/04\/DSC4420.jpg\" alt=\"\" class=\"wp-image-4650\" srcset=\"https:\/\/pans.krosno.pl\/pielegniarstwo\/wp-content\/uploads\/sites\/8\/2023\/04\/DSC4420.jpg 800w, https:\/\/pans.krosno.pl\/pielegniarstwo\/wp-content\/uploads\/sites\/8\/2023\/04\/DSC4420-300x200.jpg 300w, https:\/\/pans.krosno.pl\/pielegniarstwo\/wp-content\/uploads\/sites\/8\/2023\/04\/DSC4420-768x512.jpg 768w, https:\/\/pans.krosno.pl\/pielegniarstwo\/wp-content\/uploads\/sites\/8\/2023\/04\/DSC4420-580x386.jpg 580w\" sizes=\"auto, (max-width: 800px) 100vw, 800px\" \/><\/figure>\n","protected":false},"excerpt":{"rendered":"<p>W dniu 13.01.2023 r. w Sali Senackiej Collegium Novum Uniwersytetu Jagiello\u0144skiego odby\u0142y si\u0119 promocje doktorskie na Wydziale Nauk o Zdrowiu. Uroczysto\u015b\u0107 ta by\u0142a okazj\u0105 do wr\u0119czenia pami\u0105tkowych dyplom\u00f3w osobom, kt\u00f3re uzyska\u0142y stopnie naukowe oraz do z\u0142o\u017cenia\u00a0\u015blubowania\u00a0przez doktor\u00f3w.\u00a0 Uroczysto\u015bci przewodniczy\u0142 Prorektor Uniwersytetu Jagiello\u0144skiego ds. Collegium Medicum prof. Tomasz Grodzicki oraz dziekan [\u2026] <\/p>\n<div class=\"clear\"><\/div>\n<p><a class=\"more_link clearfix\" href=\"https:\/\/pans.krosno.pl\/pielegniarstwo\/promocja-doktorska\/\" rel=\"nofollow\">Read More<\/a><\/p>\n","protected":false},"author":60,"featured_media":4650,"comment_status":"open","ping_status":"open","sticky":false,"template":"","format":"standard","meta":{"ngg_post_thumbnail":0,"footnotes":""},"categories":[1],"tags":[],"class_list":["post-4647","post","type-post","status-publish","format-standard","has-post-thumbnail","hentry","category-bez-kategorii"],"yoast_head":"<!-- This site is optimized with the Yoast SEO Premium plugin v27.4 (Yoast SEO v27.4) - https:\/\/yoast.com\/product\/yoast-seo-premium-wordpress\/ -->\n<title>Promocja doktorska p. Edyty Szyd\u0142o - Piel\u0119gniarstwo PANS w Kro\u015bnie<\/title>\n<meta name=\"robots\" content=\"index, follow, max-snippet:-1, max-image-preview:large, max-video-preview:-1\" \/>\n<link rel=\"canonical\" href=\"https:\/\/pans.krosno.pl\/pielegniarstwo\/promocja-doktorska\/\" \/>\n<meta property=\"og:locale\" content=\"pl_PL\" \/>\n<meta property=\"og:type\" content=\"article\" \/>\n<meta property=\"og:title\" content=\"Promocja doktorska p. Edyty Szyd\u0142o\" \/>\n<meta property=\"og:description\" content=\"W dniu 13.01.2023 r. w Sali Senackiej Collegium Novum Uniwersytetu Jagiello\u0144skiego odby\u0142y si\u0119 promocje doktorskie na Wydziale Nauk o Zdrowiu. Uroczysto\u015b\u0107 ta by\u0142a okazj\u0105 do wr\u0119czenia pami\u0105tkowych dyplom\u00f3w osobom, kt\u00f3re uzyska\u0142y stopnie naukowe oraz do z\u0142o\u017cenia\u00a0\u015blubowania\u00a0przez doktor\u00f3w.\u00a0 Uroczysto\u015bci przewodniczy\u0142 Prorektor Uniwersytetu Jagiello\u0144skiego ds. Collegium Medicum prof. Tomasz Grodzicki oraz dziekan [\u2026] Read More\" \/>\n<meta property=\"og:url\" content=\"https:\/\/pans.krosno.pl\/pielegniarstwo\/promocja-doktorska\/\" \/>\n<meta property=\"og:site_name\" content=\"Piel\u0119gniarstwo PANS w Kro\u015bnie\" \/>\n<meta property=\"article:published_time\" content=\"2023-01-20T16:28:00+00:00\" \/>\n<meta property=\"article:modified_time\" content=\"2024-06-13T13:28:07+00:00\" \/>\n<meta property=\"og:image\" content=\"https:\/\/pans.krosno.pl\/pielegniarstwo\/wp-content\/uploads\/sites\/8\/2023\/04\/DSC4420.jpg\" \/>\n\t<meta property=\"og:image:width\" content=\"800\" \/>\n\t<meta property=\"og:image:height\" content=\"533\" \/>\n\t<meta property=\"og:image:type\" content=\"image\/jpeg\" \/>\n<meta name=\"author\" content=\"dawidmakowicz\" \/>\n<meta name=\"twitter:card\" content=\"summary_large_image\" \/>\n<meta name=\"twitter:label1\" content=\"Napisane przez\" \/>\n\t<meta name=\"twitter:data1\" content=\"dawidmakowicz\" \/>\n\t<meta name=\"twitter:label2\" content=\"Szacowany czas czytania\" \/>\n\t<meta name=\"twitter:data2\" content=\"2 minuty\" \/>\n<script type=\"application\/ld+json\" class=\"yoast-schema-graph\">{\"@context\":\"https:\\\/\\\/schema.org\",\"@graph\":[{\"@type\":\"Article\",\"@id\":\"https:\\\/\\\/pans.krosno.pl\\\/pielegniarstwo\\\/promocja-doktorska\\\/#article\",\"isPartOf\":{\"@id\":\"https:\\\/\\\/pans.krosno.pl\\\/pielegniarstwo\\\/promocja-doktorska\\\/\"},\"author\":{\"name\":\"dawidmakowicz\",\"@id\":\"https:\\\/\\\/pans.krosno.pl\\\/pielegniarstwo\\\/#\\\/schema\\\/person\\\/5baf49bd6bf43ec61d825d5d14ce5f40\"},\"headline\":\"Promocja doktorska p. Edyty Szyd\u0142o\",\"datePublished\":\"2023-01-20T16:28:00+00:00\",\"dateModified\":\"2024-06-13T13:28:07+00:00\",\"mainEntityOfPage\":{\"@id\":\"https:\\\/\\\/pans.krosno.pl\\\/pielegniarstwo\\\/promocja-doktorska\\\/\"},\"wordCount\":176,\"commentCount\":0,\"publisher\":{\"@id\":\"https:\\\/\\\/pans.krosno.pl\\\/pielegniarstwo\\\/#organization\"},\"image\":{\"@id\":\"https:\\\/\\\/pans.krosno.pl\\\/pielegniarstwo\\\/promocja-doktorska\\\/#primaryimage\"},\"thumbnailUrl\":\"https:\\\/\\\/pans.krosno.pl\\\/pielegniarstwo\\\/wp-content\\\/uploads\\\/sites\\\/8\\\/2023\\\/04\\\/DSC4420.jpg\",\"inLanguage\":\"pl-PL\",\"potentialAction\":[{\"@type\":\"CommentAction\",\"name\":\"Comment\",\"target\":[\"https:\\\/\\\/pans.krosno.pl\\\/pielegniarstwo\\\/promocja-doktorska\\\/#respond\"]}]},{\"@type\":\"WebPage\",\"@id\":\"https:\\\/\\\/pans.krosno.pl\\\/pielegniarstwo\\\/promocja-doktorska\\\/\",\"url\":\"https:\\\/\\\/pans.krosno.pl\\\/pielegniarstwo\\\/promocja-doktorska\\\/\",\"name\":\"Promocja doktorska p. Edyty Szyd\u0142o - Piel\u0119gniarstwo PANS w Kro\u015bnie\",\"isPartOf\":{\"@id\":\"https:\\\/\\\/pans.krosno.pl\\\/pielegniarstwo\\\/#website\"},\"primaryImageOfPage\":{\"@id\":\"https:\\\/\\\/pans.krosno.pl\\\/pielegniarstwo\\\/promocja-doktorska\\\/#primaryimage\"},\"image\":{\"@id\":\"https:\\\/\\\/pans.krosno.pl\\\/pielegniarstwo\\\/promocja-doktorska\\\/#primaryimage\"},\"thumbnailUrl\":\"https:\\\/\\\/pans.krosno.pl\\\/pielegniarstwo\\\/wp-content\\\/uploads\\\/sites\\\/8\\\/2023\\\/04\\\/DSC4420.jpg\",\"datePublished\":\"2023-01-20T16:28:00+00:00\",\"dateModified\":\"2024-06-13T13:28:07+00:00\",\"breadcrumb\":{\"@id\":\"https:\\\/\\\/pans.krosno.pl\\\/pielegniarstwo\\\/promocja-doktorska\\\/#breadcrumb\"},\"inLanguage\":\"pl-PL\",\"potentialAction\":[{\"@type\":\"ReadAction\",\"target\":[\"https:\\\/\\\/pans.krosno.pl\\\/pielegniarstwo\\\/promocja-doktorska\\\/\"]}]},{\"@type\":\"ImageObject\",\"inLanguage\":\"pl-PL\",\"@id\":\"https:\\\/\\\/pans.krosno.pl\\\/pielegniarstwo\\\/promocja-doktorska\\\/#primaryimage\",\"url\":\"https:\\\/\\\/pans.krosno.pl\\\/pielegniarstwo\\\/wp-content\\\/uploads\\\/sites\\\/8\\\/2023\\\/04\\\/DSC4420.jpg\",\"contentUrl\":\"https:\\\/\\\/pans.krosno.pl\\\/pielegniarstwo\\\/wp-content\\\/uploads\\\/sites\\\/8\\\/2023\\\/04\\\/DSC4420.jpg\",\"width\":800,\"height\":533},{\"@type\":\"BreadcrumbList\",\"@id\":\"https:\\\/\\\/pans.krosno.pl\\\/pielegniarstwo\\\/promocja-doktorska\\\/#breadcrumb\",\"itemListElement\":[{\"@type\":\"ListItem\",\"position\":1,\"name\":\"Strona g\u0142\u00f3wna\",\"item\":\"https:\\\/\\\/pans.krosno.pl\\\/pielegniarstwo\\\/\"},{\"@type\":\"ListItem\",\"position\":2,\"name\":\"Promocja doktorska p. Edyty Szyd\u0142o\"}]},{\"@type\":\"WebSite\",\"@id\":\"https:\\\/\\\/pans.krosno.pl\\\/pielegniarstwo\\\/#website\",\"url\":\"https:\\\/\\\/pans.krosno.pl\\\/pielegniarstwo\\\/\",\"name\":\"Piel\u0119gniarstwo PANS w Kro\u015bnie\",\"description\":\"Piel\u0119gniarstwo - Pa\u0144stwowa Akademia Nauk Stosowanych\",\"publisher\":{\"@id\":\"https:\\\/\\\/pans.krosno.pl\\\/pielegniarstwo\\\/#organization\"},\"potentialAction\":[{\"@type\":\"SearchAction\",\"target\":{\"@type\":\"EntryPoint\",\"urlTemplate\":\"https:\\\/\\\/pans.krosno.pl\\\/pielegniarstwo\\\/?s={search_term_string}\"},\"query-input\":{\"@type\":\"PropertyValueSpecification\",\"valueRequired\":true,\"valueName\":\"search_term_string\"}}],\"inLanguage\":\"pl-PL\"},{\"@type\":\"Organization\",\"@id\":\"https:\\\/\\\/pans.krosno.pl\\\/pielegniarstwo\\\/#organization\",\"name\":\"Piel\u0119gniarstwo PANS w Kro\u015bnie\",\"url\":\"https:\\\/\\\/pans.krosno.pl\\\/pielegniarstwo\\\/\",\"logo\":{\"@type\":\"ImageObject\",\"inLanguage\":\"pl-PL\",\"@id\":\"https:\\\/\\\/pans.krosno.pl\\\/pielegniarstwo\\\/#\\\/schema\\\/logo\\\/image\\\/\",\"url\":\"https:\\\/\\\/pans.krosno.pl\\\/pielegniarstwo\\\/wp-content\\\/uploads\\\/sites\\\/8\\\/2023\\\/01\\\/Logo-PANS-2022-pelne.png\",\"contentUrl\":\"https:\\\/\\\/pans.krosno.pl\\\/pielegniarstwo\\\/wp-content\\\/uploads\\\/sites\\\/8\\\/2023\\\/01\\\/Logo-PANS-2022-pelne.png\",\"width\":3096,\"height\":696,\"caption\":\"Piel\u0119gniarstwo PANS w Kro\u015bnie\"},\"image\":{\"@id\":\"https:\\\/\\\/pans.krosno.pl\\\/pielegniarstwo\\\/#\\\/schema\\\/logo\\\/image\\\/\"}},{\"@type\":\"Person\",\"@id\":\"https:\\\/\\\/pans.krosno.pl\\\/pielegniarstwo\\\/#\\\/schema\\\/person\\\/5baf49bd6bf43ec61d825d5d14ce5f40\",\"name\":\"dawidmakowicz\",\"image\":{\"@type\":\"ImageObject\",\"inLanguage\":\"pl-PL\",\"@id\":\"https:\\\/\\\/secure.gravatar.com\\\/avatar\\\/83e00f21c199947762184a6b9067c6b783fbddea24245862753ec73bc9258b03?s=96&d=mm&r=g\",\"url\":\"https:\\\/\\\/secure.gravatar.com\\\/avatar\\\/83e00f21c199947762184a6b9067c6b783fbddea24245862753ec73bc9258b03?s=96&d=mm&r=g\",\"contentUrl\":\"https:\\\/\\\/secure.gravatar.com\\\/avatar\\\/83e00f21c199947762184a6b9067c6b783fbddea24245862753ec73bc9258b03?s=96&d=mm&r=g\",\"caption\":\"dawidmakowicz\"},\"url\":\"https:\\\/\\\/pans.krosno.pl\\\/pielegniarstwo\\\/author\\\/dawidmakowicz\\\/\"}]}<\/script>\n<!-- \/ Yoast SEO Premium plugin. -->","yoast_head_json":{"title":"Promocja doktorska p. Edyty Szyd\u0142o - Piel\u0119gniarstwo PANS w Kro\u015bnie","robots":{"index":"index","follow":"follow","max-snippet":"max-snippet:-1","max-image-preview":"max-image-preview:large","max-video-preview":"max-video-preview:-1"},"canonical":"https:\/\/pans.krosno.pl\/pielegniarstwo\/promocja-doktorska\/","og_locale":"pl_PL","og_type":"article","og_title":"Promocja doktorska p. Edyty Szyd\u0142o","og_description":"W dniu 13.01.2023 r. w Sali Senackiej Collegium Novum Uniwersytetu Jagiello\u0144skiego odby\u0142y si\u0119 promocje doktorskie na Wydziale Nauk o Zdrowiu. Uroczysto\u015b\u0107 ta by\u0142a okazj\u0105 do wr\u0119czenia pami\u0105tkowych dyplom\u00f3w osobom, kt\u00f3re uzyska\u0142y stopnie naukowe oraz do z\u0142o\u017cenia\u00a0\u015blubowania\u00a0przez doktor\u00f3w.\u00a0 Uroczysto\u015bci przewodniczy\u0142 Prorektor Uniwersytetu Jagiello\u0144skiego ds. Collegium Medicum prof. Tomasz Grodzicki oraz dziekan [\u2026] Read More","og_url":"https:\/\/pans.krosno.pl\/pielegniarstwo\/promocja-doktorska\/","og_site_name":"Piel\u0119gniarstwo PANS w Kro\u015bnie","article_published_time":"2023-01-20T16:28:00+00:00","article_modified_time":"2024-06-13T13:28:07+00:00","og_image":[{"width":800,"height":533,"url":"https:\/\/pans.krosno.pl\/pielegniarstwo\/wp-content\/uploads\/sites\/8\/2023\/04\/DSC4420.jpg","type":"image\/jpeg"}],"author":"dawidmakowicz","twitter_card":"summary_large_image","twitter_misc":{"Napisane przez":"dawidmakowicz","Szacowany czas czytania":"2 minuty"},"schema":{"@context":"https:\/\/schema.org","@graph":[{"@type":"Article","@id":"https:\/\/pans.krosno.pl\/pielegniarstwo\/promocja-doktorska\/#article","isPartOf":{"@id":"https:\/\/pans.krosno.pl\/pielegniarstwo\/promocja-doktorska\/"},"author":{"name":"dawidmakowicz","@id":"https:\/\/pans.krosno.pl\/pielegniarstwo\/#\/schema\/person\/5baf49bd6bf43ec61d825d5d14ce5f40"},"headline":"Promocja doktorska p. Edyty Szyd\u0142o","datePublished":"2023-01-20T16:28:00+00:00","dateModified":"2024-06-13T13:28:07+00:00","mainEntityOfPage":{"@id":"https:\/\/pans.krosno.pl\/pielegniarstwo\/promocja-doktorska\/"},"wordCount":176,"commentCount":0,"publisher":{"@id":"https:\/\/pans.krosno.pl\/pielegniarstwo\/#organization"},"image":{"@id":"https:\/\/pans.krosno.pl\/pielegniarstwo\/promocja-doktorska\/#primaryimage"},"thumbnailUrl":"https:\/\/pans.krosno.pl\/pielegniarstwo\/wp-content\/uploads\/sites\/8\/2023\/04\/DSC4420.jpg","inLanguage":"pl-PL","potentialAction":[{"@type":"CommentAction","name":"Comment","target":["https:\/\/pans.krosno.pl\/pielegniarstwo\/promocja-doktorska\/#respond"]}]},{"@type":"WebPage","@id":"https:\/\/pans.krosno.pl\/pielegniarstwo\/promocja-doktorska\/","url":"https:\/\/pans.krosno.pl\/pielegniarstwo\/promocja-doktorska\/","name":"Promocja doktorska p. Edyty Szyd\u0142o - Piel\u0119gniarstwo PANS w Kro\u015bnie","isPartOf":{"@id":"https:\/\/pans.krosno.pl\/pielegniarstwo\/#website"},"primaryImageOfPage":{"@id":"https:\/\/pans.krosno.pl\/pielegniarstwo\/promocja-doktorska\/#primaryimage"},"image":{"@id":"https:\/\/pans.krosno.pl\/pielegniarstwo\/promocja-doktorska\/#primaryimage"},"thumbnailUrl":"https:\/\/pans.krosno.pl\/pielegniarstwo\/wp-content\/uploads\/sites\/8\/2023\/04\/DSC4420.jpg","datePublished":"2023-01-20T16:28:00+00:00","dateModified":"2024-06-13T13:28:07+00:00","breadcrumb":{"@id":"https:\/\/pans.krosno.pl\/pielegniarstwo\/promocja-doktorska\/#breadcrumb"},"inLanguage":"pl-PL","potentialAction":[{"@type":"ReadAction","target":["https:\/\/pans.krosno.pl\/pielegniarstwo\/promocja-doktorska\/"]}]},{"@type":"ImageObject","inLanguage":"pl-PL","@id":"https:\/\/pans.krosno.pl\/pielegniarstwo\/promocja-doktorska\/#primaryimage","url":"https:\/\/pans.krosno.pl\/pielegniarstwo\/wp-content\/uploads\/sites\/8\/2023\/04\/DSC4420.jpg","contentUrl":"https:\/\/pans.krosno.pl\/pielegniarstwo\/wp-content\/uploads\/sites\/8\/2023\/04\/DSC4420.jpg","width":800,"height":533},{"@type":"BreadcrumbList","@id":"https:\/\/pans.krosno.pl\/pielegniarstwo\/promocja-doktorska\/#breadcrumb","itemListElement":[{"@type":"ListItem","position":1,"name":"Strona g\u0142\u00f3wna","item":"https:\/\/pans.krosno.pl\/pielegniarstwo\/"},{"@type":"ListItem","position":2,"name":"Promocja doktorska p. Edyty Szyd\u0142o"}]},{"@type":"WebSite","@id":"https:\/\/pans.krosno.pl\/pielegniarstwo\/#website","url":"https:\/\/pans.krosno.pl\/pielegniarstwo\/","name":"Piel\u0119gniarstwo PANS w Kro\u015bnie","description":"Piel\u0119gniarstwo - Pa\u0144stwowa Akademia Nauk Stosowanych","publisher":{"@id":"https:\/\/pans.krosno.pl\/pielegniarstwo\/#organization"},"potentialAction":[{"@type":"SearchAction","target":{"@type":"EntryPoint","urlTemplate":"https:\/\/pans.krosno.pl\/pielegniarstwo\/?s={search_term_string}"},"query-input":{"@type":"PropertyValueSpecification","valueRequired":true,"valueName":"search_term_string"}}],"inLanguage":"pl-PL"},{"@type":"Organization","@id":"https:\/\/pans.krosno.pl\/pielegniarstwo\/#organization","name":"Piel\u0119gniarstwo PANS w Kro\u015bnie","url":"https:\/\/pans.krosno.pl\/pielegniarstwo\/","logo":{"@type":"ImageObject","inLanguage":"pl-PL","@id":"https:\/\/pans.krosno.pl\/pielegniarstwo\/#\/schema\/logo\/image\/","url":"https:\/\/pans.krosno.pl\/pielegniarstwo\/wp-content\/uploads\/sites\/8\/2023\/01\/Logo-PANS-2022-pelne.png","contentUrl":"https:\/\/pans.krosno.pl\/pielegniarstwo\/wp-content\/uploads\/sites\/8\/2023\/01\/Logo-PANS-2022-pelne.png","width":3096,"height":696,"caption":"Piel\u0119gniarstwo PANS w Kro\u015bnie"},"image":{"@id":"https:\/\/pans.krosno.pl\/pielegniarstwo\/#\/schema\/logo\/image\/"}},{"@type":"Person","@id":"https:\/\/pans.krosno.pl\/pielegniarstwo\/#\/schema\/person\/5baf49bd6bf43ec61d825d5d14ce5f40","name":"dawidmakowicz","image":{"@type":"ImageObject","inLanguage":"pl-PL","@id":"https:\/\/secure.gravatar.com\/avatar\/83e00f21c199947762184a6b9067c6b783fbddea24245862753ec73bc9258b03?s=96&d=mm&r=g","url":"https:\/\/secure.gravatar.com\/avatar\/83e00f21c199947762184a6b9067c6b783fbddea24245862753ec73bc9258b03?s=96&d=mm&r=g","contentUrl":"https:\/\/secure.gravatar.com\/avatar\/83e00f21c199947762184a6b9067c6b783fbddea24245862753ec73bc9258b03?s=96&d=mm&r=g","caption":"dawidmakowicz"},"url":"https:\/\/pans.krosno.pl\/pielegniarstwo\/author\/dawidmakowicz\/"}]}},"_links":{"self":[{"href":"https:\/\/pans.krosno.pl\/pielegniarstwo\/wp-json\/wp\/v2\/posts\/4647","targetHints":{"allow":["GET"]}}],"collection":[{"href":"https:\/\/pans.krosno.pl\/pielegniarstwo\/wp-json\/wp\/v2\/posts"}],"about":[{"href":"https:\/\/pans.krosno.pl\/pielegniarstwo\/wp-json\/wp\/v2\/types\/post"}],"author":[{"embeddable":true,"href":"https:\/\/pans.krosno.pl\/pielegniarstwo\/wp-json\/wp\/v2\/users\/60"}],"replies":[{"embeddable":true,"href":"https:\/\/pans.krosno.pl\/pielegniarstwo\/wp-json\/wp\/v2\/comments?post=4647"}],"version-history":[{"count":3,"href":"https:\/\/pans.krosno.pl\/pielegniarstwo\/wp-json\/wp\/v2\/posts\/4647\/revisions"}],"predecessor-version":[{"id":5329,"href":"https:\/\/pans.krosno.pl\/pielegniarstwo\/wp-json\/wp\/v2\/posts\/4647\/revisions\/5329"}],"wp:featuredmedia":[{"embeddable":true,"href":"https:\/\/pans.krosno.pl\/pielegniarstwo\/wp-json\/wp\/v2\/media\/4650"}],"wp:attachment":[{"href":"https:\/\/pans.krosno.pl\/pielegniarstwo\/wp-json\/wp\/v2\/media?parent=4647"}],"wp:term":[{"taxonomy":"category","embeddable":true,"href":"https:\/\/pans.krosno.pl\/pielegniarstwo\/wp-json\/wp\/v2\/categories?post=4647"},{"taxonomy":"post_tag","embeddable":true,"href":"https:\/\/pans.krosno.pl\/pielegniarstwo\/wp-json\/wp\/v2\/tags?post=4647"}],"curies":[{"name":"wp","href":"https:\/\/api.w.org\/{rel}","templated":true}]}}