{"id":4637,"date":"2023-04-21T21:03:00","date_gmt":"2023-04-21T19:03:00","guid":{"rendered":"https:\/\/pans.krosno.pl\/pielegniarstwo\/?p=4637"},"modified":"2023-04-26T21:19:18","modified_gmt":"2023-04-26T19:19:18","slug":"ii-etap-xiii-miedzyuczelnianej-olimpiady-pielegniarskiej-im-dr-janiny-fetlinskiej","status":"publish","type":"post","link":"https:\/\/pans.krosno.pl\/pielegniarstwo\/ii-etap-xiii-miedzyuczelnianej-olimpiady-pielegniarskiej-im-dr-janiny-fetlinskiej\/","title":{"rendered":"II etap XIII Mi\u0119dzyuczelnianej Olimpiady Piel\u0119gniarskiej im. dr Janiny Fetli\u0144skiej"},"content":{"rendered":"\n<p>Mi\u0142o nam poinformowa\u0107, \u017ce do fina\u0142u <strong>XIII Mi\u0119dzyuczelnianej Olimpiady Piel\u0119gniarskiej im. dr Janiny Fetli\u0144skiej <\/strong>zakwalifikowa\u0142y si\u0119 dwie studentki III roku kierunku piel\u0119gniarstwo PANS w Kro\u015bnie \u2013 <strong>Adrianna Gudyka i Sabina Hejnar.<\/strong><\/p>\n\n\n\n<p>Studentki otrzyma\u0142y najwy\u017csz\u0105 liczb\u0119 punkt\u00f3w w II etapie olimpiady, kt\u00f3ry mia\u0142 miejsce 18 kwietnia w murach naszej Uczelni i&nbsp;polega\u0142 na pisemnym opracowaniu procesu piel\u0119gnowania pacjenta oraz om\u00f3wieniu go przed cz\u0142onkami Zak\u0142adowego Komitetu Organizacyjnego.<\/p>\n\n\n\n<p>III etap olimpiady tj. FINA\u0141, odb\u0119dzie si\u0119 <strong>22 maja 2023 r. w Collegium Witelona &#8211; Uczelnia Pa\u0144stwowa w Legnicy.<\/strong><\/p>\n\n\n\n<p><strong>Gratulujemy !!!&nbsp; \u017cyczymy powodzenia i sukcesu w finale.<\/strong><\/p>\n\n\n\n<p class=\"has-text-align-right\"><em>Ma\u0142gorzata Moskal-Szybka<\/em><\/p>\n\n\n\n<p class=\"has-text-align-right\"><em>Koordynator Olimpiad<\/em>y<\/p>\n","protected":false},"excerpt":{"rendered":"<p>Mi\u0142o nam poinformowa\u0107, \u017ce do fina\u0142u XIII Mi\u0119dzyuczelnianej Olimpiady Piel\u0119gniarskiej im. dr Janiny Fetli\u0144skiej zakwalifikowa\u0142y si\u0119 dwie studentki III roku kierunku piel\u0119gniarstwo PANS w Kro\u015bnie \u2013 Adrianna Gudyka i Sabina Hejnar. Studentki otrzyma\u0142y najwy\u017csz\u0105 liczb\u0119 punkt\u00f3w w II etapie olimpiady, kt\u00f3ry mia\u0142 miejsce 18 kwietnia w murach naszej Uczelni i&nbsp;polega\u0142 [\u2026] <\/p>\n<div class=\"clear\"><\/div>\n<p><a class=\"more_link clearfix\" href=\"https:\/\/pans.krosno.pl\/pielegniarstwo\/ii-etap-xiii-miedzyuczelnianej-olimpiady-pielegniarskiej-im-dr-janiny-fetlinskiej\/\" rel=\"nofollow\">Read More<\/a><\/p>\n","protected":false},"author":60,"featured_media":4643,"comment_status":"open","ping_status":"open","sticky":false,"template":"","format":"standard","meta":{"ngg_post_thumbnail":0,"footnotes":""},"categories":[1],"tags":[],"class_list":["post-4637","post","type-post","status-publish","format-standard","has-post-thumbnail","hentry","category-bez-kategorii"],"yoast_head":"<!-- This site is optimized with the Yoast SEO Premium plugin v27.4 (Yoast SEO v27.4) - https:\/\/yoast.com\/product\/yoast-seo-premium-wordpress\/ -->\n<title>II etap XIII Mi\u0119dzyuczelnianej Olimpiady Piel\u0119gniarskiej im. dr Janiny Fetli\u0144skiej - Piel\u0119gniarstwo PANS w Kro\u015bnie<\/title>\n<meta name=\"robots\" content=\"index, follow, max-snippet:-1, max-image-preview:large, max-video-preview:-1\" \/>\n<link rel=\"canonical\" href=\"https:\/\/pans.krosno.pl\/pielegniarstwo\/ii-etap-xiii-miedzyuczelnianej-olimpiady-pielegniarskiej-im-dr-janiny-fetlinskiej\/\" \/>\n<meta property=\"og:locale\" content=\"pl_PL\" \/>\n<meta property=\"og:type\" content=\"article\" \/>\n<meta property=\"og:title\" content=\"II etap XIII Mi\u0119dzyuczelnianej Olimpiady Piel\u0119gniarskiej im. dr Janiny Fetli\u0144skiej\" \/>\n<meta property=\"og:description\" content=\"Mi\u0142o nam poinformowa\u0107, \u017ce do fina\u0142u XIII Mi\u0119dzyuczelnianej Olimpiady Piel\u0119gniarskiej im. dr Janiny Fetli\u0144skiej zakwalifikowa\u0142y si\u0119 dwie studentki III roku kierunku piel\u0119gniarstwo PANS w Kro\u015bnie \u2013 Adrianna Gudyka i Sabina Hejnar. Studentki otrzyma\u0142y najwy\u017csz\u0105 liczb\u0119 punkt\u00f3w w II etapie olimpiady, kt\u00f3ry mia\u0142 miejsce 18 kwietnia w murach naszej Uczelni i&nbsp;polega\u0142 [\u2026] Read More\" \/>\n<meta property=\"og:url\" content=\"https:\/\/pans.krosno.pl\/pielegniarstwo\/ii-etap-xiii-miedzyuczelnianej-olimpiady-pielegniarskiej-im-dr-janiny-fetlinskiej\/\" \/>\n<meta property=\"og:site_name\" content=\"Piel\u0119gniarstwo PANS w Kro\u015bnie\" \/>\n<meta property=\"article:published_time\" content=\"2023-04-21T19:03:00+00:00\" \/>\n<meta property=\"article:modified_time\" content=\"2023-04-26T19:19:18+00:00\" \/>\n<meta property=\"og:image\" content=\"https:\/\/pans.krosno.pl\/wp-content\/uploads\/sites\/8\/2023\/04\/Plakat_Olimpiada-Pielegniarska-2023-1-800x1132-2.png\" \/>\n\t<meta property=\"og:image:width\" content=\"292\" \/>\n\t<meta property=\"og:image:height\" content=\"354\" \/>\n\t<meta property=\"og:image:type\" content=\"image\/png\" \/>\n<meta name=\"author\" content=\"dawidmakowicz\" \/>\n<meta name=\"twitter:card\" content=\"summary_large_image\" \/>\n<meta name=\"twitter:label1\" content=\"Napisane przez\" \/>\n\t<meta name=\"twitter:data1\" content=\"dawidmakowicz\" \/>\n\t<meta name=\"twitter:label2\" content=\"Szacowany czas czytania\" \/>\n\t<meta name=\"twitter:data2\" content=\"1 minuta\" \/>\n<script type=\"application\/ld+json\" class=\"yoast-schema-graph\">{\"@context\":\"https:\\\/\\\/schema.org\",\"@graph\":[{\"@type\":\"Article\",\"@id\":\"https:\\\/\\\/pans.krosno.pl\\\/pielegniarstwo\\\/ii-etap-xiii-miedzyuczelnianej-olimpiady-pielegniarskiej-im-dr-janiny-fetlinskiej\\\/#article\",\"isPartOf\":{\"@id\":\"https:\\\/\\\/pans.krosno.pl\\\/pielegniarstwo\\\/ii-etap-xiii-miedzyuczelnianej-olimpiady-pielegniarskiej-im-dr-janiny-fetlinskiej\\\/\"},\"author\":{\"name\":\"dawidmakowicz\",\"@id\":\"https:\\\/\\\/pans.krosno.pl\\\/pielegniarstwo\\\/#\\\/schema\\\/person\\\/5baf49bd6bf43ec61d825d5d14ce5f40\"},\"headline\":\"II etap XIII Mi\u0119dzyuczelnianej Olimpiady Piel\u0119gniarskiej im. dr Janiny Fetli\u0144skiej\",\"datePublished\":\"2023-04-21T19:03:00+00:00\",\"dateModified\":\"2023-04-26T19:19:18+00:00\",\"mainEntityOfPage\":{\"@id\":\"https:\\\/\\\/pans.krosno.pl\\\/pielegniarstwo\\\/ii-etap-xiii-miedzyuczelnianej-olimpiady-pielegniarskiej-im-dr-janiny-fetlinskiej\\\/\"},\"wordCount\":125,\"commentCount\":0,\"publisher\":{\"@id\":\"https:\\\/\\\/pans.krosno.pl\\\/pielegniarstwo\\\/#organization\"},\"image\":{\"@id\":\"https:\\\/\\\/pans.krosno.pl\\\/pielegniarstwo\\\/ii-etap-xiii-miedzyuczelnianej-olimpiady-pielegniarskiej-im-dr-janiny-fetlinskiej\\\/#primaryimage\"},\"thumbnailUrl\":\"https:\\\/\\\/pans.krosno.pl\\\/pielegniarstwo\\\/wp-content\\\/uploads\\\/sites\\\/8\\\/2023\\\/04\\\/Plakat_Olimpiada-Pielegniarska-2023-1-800x1132-2.png\",\"inLanguage\":\"pl-PL\",\"potentialAction\":[{\"@type\":\"CommentAction\",\"name\":\"Comment\",\"target\":[\"https:\\\/\\\/pans.krosno.pl\\\/pielegniarstwo\\\/ii-etap-xiii-miedzyuczelnianej-olimpiady-pielegniarskiej-im-dr-janiny-fetlinskiej\\\/#respond\"]}]},{\"@type\":\"WebPage\",\"@id\":\"https:\\\/\\\/pans.krosno.pl\\\/pielegniarstwo\\\/ii-etap-xiii-miedzyuczelnianej-olimpiady-pielegniarskiej-im-dr-janiny-fetlinskiej\\\/\",\"url\":\"https:\\\/\\\/pans.krosno.pl\\\/pielegniarstwo\\\/ii-etap-xiii-miedzyuczelnianej-olimpiady-pielegniarskiej-im-dr-janiny-fetlinskiej\\\/\",\"name\":\"II etap XIII Mi\u0119dzyuczelnianej Olimpiady Piel\u0119gniarskiej im. dr Janiny Fetli\u0144skiej - Piel\u0119gniarstwo PANS w Kro\u015bnie\",\"isPartOf\":{\"@id\":\"https:\\\/\\\/pans.krosno.pl\\\/pielegniarstwo\\\/#website\"},\"primaryImageOfPage\":{\"@id\":\"https:\\\/\\\/pans.krosno.pl\\\/pielegniarstwo\\\/ii-etap-xiii-miedzyuczelnianej-olimpiady-pielegniarskiej-im-dr-janiny-fetlinskiej\\\/#primaryimage\"},\"image\":{\"@id\":\"https:\\\/\\\/pans.krosno.pl\\\/pielegniarstwo\\\/ii-etap-xiii-miedzyuczelnianej-olimpiady-pielegniarskiej-im-dr-janiny-fetlinskiej\\\/#primaryimage\"},\"thumbnailUrl\":\"https:\\\/\\\/pans.krosno.pl\\\/pielegniarstwo\\\/wp-content\\\/uploads\\\/sites\\\/8\\\/2023\\\/04\\\/Plakat_Olimpiada-Pielegniarska-2023-1-800x1132-2.png\",\"datePublished\":\"2023-04-21T19:03:00+00:00\",\"dateModified\":\"2023-04-26T19:19:18+00:00\",\"breadcrumb\":{\"@id\":\"https:\\\/\\\/pans.krosno.pl\\\/pielegniarstwo\\\/ii-etap-xiii-miedzyuczelnianej-olimpiady-pielegniarskiej-im-dr-janiny-fetlinskiej\\\/#breadcrumb\"},\"inLanguage\":\"pl-PL\",\"potentialAction\":[{\"@type\":\"ReadAction\",\"target\":[\"https:\\\/\\\/pans.krosno.pl\\\/pielegniarstwo\\\/ii-etap-xiii-miedzyuczelnianej-olimpiady-pielegniarskiej-im-dr-janiny-fetlinskiej\\\/\"]}]},{\"@type\":\"ImageObject\",\"inLanguage\":\"pl-PL\",\"@id\":\"https:\\\/\\\/pans.krosno.pl\\\/pielegniarstwo\\\/ii-etap-xiii-miedzyuczelnianej-olimpiady-pielegniarskiej-im-dr-janiny-fetlinskiej\\\/#primaryimage\",\"url\":\"https:\\\/\\\/pans.krosno.pl\\\/pielegniarstwo\\\/wp-content\\\/uploads\\\/sites\\\/8\\\/2023\\\/04\\\/Plakat_Olimpiada-Pielegniarska-2023-1-800x1132-2.png\",\"contentUrl\":\"https:\\\/\\\/pans.krosno.pl\\\/pielegniarstwo\\\/wp-content\\\/uploads\\\/sites\\\/8\\\/2023\\\/04\\\/Plakat_Olimpiada-Pielegniarska-2023-1-800x1132-2.png\",\"width\":292,\"height\":354},{\"@type\":\"BreadcrumbList\",\"@id\":\"https:\\\/\\\/pans.krosno.pl\\\/pielegniarstwo\\\/ii-etap-xiii-miedzyuczelnianej-olimpiady-pielegniarskiej-im-dr-janiny-fetlinskiej\\\/#breadcrumb\",\"itemListElement\":[{\"@type\":\"ListItem\",\"position\":1,\"name\":\"Strona g\u0142\u00f3wna\",\"item\":\"https:\\\/\\\/pans.krosno.pl\\\/pielegniarstwo\\\/\"},{\"@type\":\"ListItem\",\"position\":2,\"name\":\"II etap XIII Mi\u0119dzyuczelnianej Olimpiady Piel\u0119gniarskiej im. dr Janiny Fetli\u0144skiej\"}]},{\"@type\":\"WebSite\",\"@id\":\"https:\\\/\\\/pans.krosno.pl\\\/pielegniarstwo\\\/#website\",\"url\":\"https:\\\/\\\/pans.krosno.pl\\\/pielegniarstwo\\\/\",\"name\":\"Piel\u0119gniarstwo PANS w Kro\u015bnie\",\"description\":\"Piel\u0119gniarstwo - Pa\u0144stwowa Akademia Nauk Stosowanych\",\"publisher\":{\"@id\":\"https:\\\/\\\/pans.krosno.pl\\\/pielegniarstwo\\\/#organization\"},\"potentialAction\":[{\"@type\":\"SearchAction\",\"target\":{\"@type\":\"EntryPoint\",\"urlTemplate\":\"https:\\\/\\\/pans.krosno.pl\\\/pielegniarstwo\\\/?s={search_term_string}\"},\"query-input\":{\"@type\":\"PropertyValueSpecification\",\"valueRequired\":true,\"valueName\":\"search_term_string\"}}],\"inLanguage\":\"pl-PL\"},{\"@type\":\"Organization\",\"@id\":\"https:\\\/\\\/pans.krosno.pl\\\/pielegniarstwo\\\/#organization\",\"name\":\"Piel\u0119gniarstwo PANS w Kro\u015bnie\",\"url\":\"https:\\\/\\\/pans.krosno.pl\\\/pielegniarstwo\\\/\",\"logo\":{\"@type\":\"ImageObject\",\"inLanguage\":\"pl-PL\",\"@id\":\"https:\\\/\\\/pans.krosno.pl\\\/pielegniarstwo\\\/#\\\/schema\\\/logo\\\/image\\\/\",\"url\":\"https:\\\/\\\/pans.krosno.pl\\\/pielegniarstwo\\\/wp-content\\\/uploads\\\/sites\\\/8\\\/2023\\\/01\\\/Logo-PANS-2022-pelne.png\",\"contentUrl\":\"https:\\\/\\\/pans.krosno.pl\\\/pielegniarstwo\\\/wp-content\\\/uploads\\\/sites\\\/8\\\/2023\\\/01\\\/Logo-PANS-2022-pelne.png\",\"width\":3096,\"height\":696,\"caption\":\"Piel\u0119gniarstwo PANS w Kro\u015bnie\"},\"image\":{\"@id\":\"https:\\\/\\\/pans.krosno.pl\\\/pielegniarstwo\\\/#\\\/schema\\\/logo\\\/image\\\/\"}},{\"@type\":\"Person\",\"@id\":\"https:\\\/\\\/pans.krosno.pl\\\/pielegniarstwo\\\/#\\\/schema\\\/person\\\/5baf49bd6bf43ec61d825d5d14ce5f40\",\"name\":\"dawidmakowicz\",\"image\":{\"@type\":\"ImageObject\",\"inLanguage\":\"pl-PL\",\"@id\":\"https:\\\/\\\/secure.gravatar.com\\\/avatar\\\/83e00f21c199947762184a6b9067c6b783fbddea24245862753ec73bc9258b03?s=96&d=mm&r=g\",\"url\":\"https:\\\/\\\/secure.gravatar.com\\\/avatar\\\/83e00f21c199947762184a6b9067c6b783fbddea24245862753ec73bc9258b03?s=96&d=mm&r=g\",\"contentUrl\":\"https:\\\/\\\/secure.gravatar.com\\\/avatar\\\/83e00f21c199947762184a6b9067c6b783fbddea24245862753ec73bc9258b03?s=96&d=mm&r=g\",\"caption\":\"dawidmakowicz\"},\"url\":\"https:\\\/\\\/pans.krosno.pl\\\/pielegniarstwo\\\/author\\\/dawidmakowicz\\\/\"}]}<\/script>\n<!-- \/ Yoast SEO Premium plugin. -->","yoast_head_json":{"title":"II etap XIII Mi\u0119dzyuczelnianej Olimpiady Piel\u0119gniarskiej im. dr Janiny Fetli\u0144skiej - Piel\u0119gniarstwo PANS w Kro\u015bnie","robots":{"index":"index","follow":"follow","max-snippet":"max-snippet:-1","max-image-preview":"max-image-preview:large","max-video-preview":"max-video-preview:-1"},"canonical":"https:\/\/pans.krosno.pl\/pielegniarstwo\/ii-etap-xiii-miedzyuczelnianej-olimpiady-pielegniarskiej-im-dr-janiny-fetlinskiej\/","og_locale":"pl_PL","og_type":"article","og_title":"II etap XIII Mi\u0119dzyuczelnianej Olimpiady Piel\u0119gniarskiej im. dr Janiny Fetli\u0144skiej","og_description":"Mi\u0142o nam poinformowa\u0107, \u017ce do fina\u0142u XIII Mi\u0119dzyuczelnianej Olimpiady Piel\u0119gniarskiej im. dr Janiny Fetli\u0144skiej zakwalifikowa\u0142y si\u0119 dwie studentki III roku kierunku piel\u0119gniarstwo PANS w Kro\u015bnie \u2013 Adrianna Gudyka i Sabina Hejnar. Studentki otrzyma\u0142y najwy\u017csz\u0105 liczb\u0119 punkt\u00f3w w II etapie olimpiady, kt\u00f3ry mia\u0142 miejsce 18 kwietnia w murach naszej Uczelni i&nbsp;polega\u0142 [\u2026] Read More","og_url":"https:\/\/pans.krosno.pl\/pielegniarstwo\/ii-etap-xiii-miedzyuczelnianej-olimpiady-pielegniarskiej-im-dr-janiny-fetlinskiej\/","og_site_name":"Piel\u0119gniarstwo PANS w Kro\u015bnie","article_published_time":"2023-04-21T19:03:00+00:00","article_modified_time":"2023-04-26T19:19:18+00:00","og_image":[{"width":292,"height":354,"url":"https:\/\/pans.krosno.pl\/wp-content\/uploads\/sites\/8\/2023\/04\/Plakat_Olimpiada-Pielegniarska-2023-1-800x1132-2.png","type":"image\/png"}],"author":"dawidmakowicz","twitter_card":"summary_large_image","twitter_misc":{"Napisane przez":"dawidmakowicz","Szacowany czas czytania":"1 minuta"},"schema":{"@context":"https:\/\/schema.org","@graph":[{"@type":"Article","@id":"https:\/\/pans.krosno.pl\/pielegniarstwo\/ii-etap-xiii-miedzyuczelnianej-olimpiady-pielegniarskiej-im-dr-janiny-fetlinskiej\/#article","isPartOf":{"@id":"https:\/\/pans.krosno.pl\/pielegniarstwo\/ii-etap-xiii-miedzyuczelnianej-olimpiady-pielegniarskiej-im-dr-janiny-fetlinskiej\/"},"author":{"name":"dawidmakowicz","@id":"https:\/\/pans.krosno.pl\/pielegniarstwo\/#\/schema\/person\/5baf49bd6bf43ec61d825d5d14ce5f40"},"headline":"II etap XIII Mi\u0119dzyuczelnianej Olimpiady Piel\u0119gniarskiej im. dr Janiny Fetli\u0144skiej","datePublished":"2023-04-21T19:03:00+00:00","dateModified":"2023-04-26T19:19:18+00:00","mainEntityOfPage":{"@id":"https:\/\/pans.krosno.pl\/pielegniarstwo\/ii-etap-xiii-miedzyuczelnianej-olimpiady-pielegniarskiej-im-dr-janiny-fetlinskiej\/"},"wordCount":125,"commentCount":0,"publisher":{"@id":"https:\/\/pans.krosno.pl\/pielegniarstwo\/#organization"},"image":{"@id":"https:\/\/pans.krosno.pl\/pielegniarstwo\/ii-etap-xiii-miedzyuczelnianej-olimpiady-pielegniarskiej-im-dr-janiny-fetlinskiej\/#primaryimage"},"thumbnailUrl":"https:\/\/pans.krosno.pl\/pielegniarstwo\/wp-content\/uploads\/sites\/8\/2023\/04\/Plakat_Olimpiada-Pielegniarska-2023-1-800x1132-2.png","inLanguage":"pl-PL","potentialAction":[{"@type":"CommentAction","name":"Comment","target":["https:\/\/pans.krosno.pl\/pielegniarstwo\/ii-etap-xiii-miedzyuczelnianej-olimpiady-pielegniarskiej-im-dr-janiny-fetlinskiej\/#respond"]}]},{"@type":"WebPage","@id":"https:\/\/pans.krosno.pl\/pielegniarstwo\/ii-etap-xiii-miedzyuczelnianej-olimpiady-pielegniarskiej-im-dr-janiny-fetlinskiej\/","url":"https:\/\/pans.krosno.pl\/pielegniarstwo\/ii-etap-xiii-miedzyuczelnianej-olimpiady-pielegniarskiej-im-dr-janiny-fetlinskiej\/","name":"II etap XIII Mi\u0119dzyuczelnianej Olimpiady Piel\u0119gniarskiej im. dr Janiny Fetli\u0144skiej - Piel\u0119gniarstwo PANS w Kro\u015bnie","isPartOf":{"@id":"https:\/\/pans.krosno.pl\/pielegniarstwo\/#website"},"primaryImageOfPage":{"@id":"https:\/\/pans.krosno.pl\/pielegniarstwo\/ii-etap-xiii-miedzyuczelnianej-olimpiady-pielegniarskiej-im-dr-janiny-fetlinskiej\/#primaryimage"},"image":{"@id":"https:\/\/pans.krosno.pl\/pielegniarstwo\/ii-etap-xiii-miedzyuczelnianej-olimpiady-pielegniarskiej-im-dr-janiny-fetlinskiej\/#primaryimage"},"thumbnailUrl":"https:\/\/pans.krosno.pl\/pielegniarstwo\/wp-content\/uploads\/sites\/8\/2023\/04\/Plakat_Olimpiada-Pielegniarska-2023-1-800x1132-2.png","datePublished":"2023-04-21T19:03:00+00:00","dateModified":"2023-04-26T19:19:18+00:00","breadcrumb":{"@id":"https:\/\/pans.krosno.pl\/pielegniarstwo\/ii-etap-xiii-miedzyuczelnianej-olimpiady-pielegniarskiej-im-dr-janiny-fetlinskiej\/#breadcrumb"},"inLanguage":"pl-PL","potentialAction":[{"@type":"ReadAction","target":["https:\/\/pans.krosno.pl\/pielegniarstwo\/ii-etap-xiii-miedzyuczelnianej-olimpiady-pielegniarskiej-im-dr-janiny-fetlinskiej\/"]}]},{"@type":"ImageObject","inLanguage":"pl-PL","@id":"https:\/\/pans.krosno.pl\/pielegniarstwo\/ii-etap-xiii-miedzyuczelnianej-olimpiady-pielegniarskiej-im-dr-janiny-fetlinskiej\/#primaryimage","url":"https:\/\/pans.krosno.pl\/pielegniarstwo\/wp-content\/uploads\/sites\/8\/2023\/04\/Plakat_Olimpiada-Pielegniarska-2023-1-800x1132-2.png","contentUrl":"https:\/\/pans.krosno.pl\/pielegniarstwo\/wp-content\/uploads\/sites\/8\/2023\/04\/Plakat_Olimpiada-Pielegniarska-2023-1-800x1132-2.png","width":292,"height":354},{"@type":"BreadcrumbList","@id":"https:\/\/pans.krosno.pl\/pielegniarstwo\/ii-etap-xiii-miedzyuczelnianej-olimpiady-pielegniarskiej-im-dr-janiny-fetlinskiej\/#breadcrumb","itemListElement":[{"@type":"ListItem","position":1,"name":"Strona g\u0142\u00f3wna","item":"https:\/\/pans.krosno.pl\/pielegniarstwo\/"},{"@type":"ListItem","position":2,"name":"II etap XIII Mi\u0119dzyuczelnianej Olimpiady Piel\u0119gniarskiej im. dr Janiny Fetli\u0144skiej"}]},{"@type":"WebSite","@id":"https:\/\/pans.krosno.pl\/pielegniarstwo\/#website","url":"https:\/\/pans.krosno.pl\/pielegniarstwo\/","name":"Piel\u0119gniarstwo PANS w Kro\u015bnie","description":"Piel\u0119gniarstwo - Pa\u0144stwowa Akademia Nauk Stosowanych","publisher":{"@id":"https:\/\/pans.krosno.pl\/pielegniarstwo\/#organization"},"potentialAction":[{"@type":"SearchAction","target":{"@type":"EntryPoint","urlTemplate":"https:\/\/pans.krosno.pl\/pielegniarstwo\/?s={search_term_string}"},"query-input":{"@type":"PropertyValueSpecification","valueRequired":true,"valueName":"search_term_string"}}],"inLanguage":"pl-PL"},{"@type":"Organization","@id":"https:\/\/pans.krosno.pl\/pielegniarstwo\/#organization","name":"Piel\u0119gniarstwo PANS w Kro\u015bnie","url":"https:\/\/pans.krosno.pl\/pielegniarstwo\/","logo":{"@type":"ImageObject","inLanguage":"pl-PL","@id":"https:\/\/pans.krosno.pl\/pielegniarstwo\/#\/schema\/logo\/image\/","url":"https:\/\/pans.krosno.pl\/pielegniarstwo\/wp-content\/uploads\/sites\/8\/2023\/01\/Logo-PANS-2022-pelne.png","contentUrl":"https:\/\/pans.krosno.pl\/pielegniarstwo\/wp-content\/uploads\/sites\/8\/2023\/01\/Logo-PANS-2022-pelne.png","width":3096,"height":696,"caption":"Piel\u0119gniarstwo PANS w Kro\u015bnie"},"image":{"@id":"https:\/\/pans.krosno.pl\/pielegniarstwo\/#\/schema\/logo\/image\/"}},{"@type":"Person","@id":"https:\/\/pans.krosno.pl\/pielegniarstwo\/#\/schema\/person\/5baf49bd6bf43ec61d825d5d14ce5f40","name":"dawidmakowicz","image":{"@type":"ImageObject","inLanguage":"pl-PL","@id":"https:\/\/secure.gravatar.com\/avatar\/83e00f21c199947762184a6b9067c6b783fbddea24245862753ec73bc9258b03?s=96&d=mm&r=g","url":"https:\/\/secure.gravatar.com\/avatar\/83e00f21c199947762184a6b9067c6b783fbddea24245862753ec73bc9258b03?s=96&d=mm&r=g","contentUrl":"https:\/\/secure.gravatar.com\/avatar\/83e00f21c199947762184a6b9067c6b783fbddea24245862753ec73bc9258b03?s=96&d=mm&r=g","caption":"dawidmakowicz"},"url":"https:\/\/pans.krosno.pl\/pielegniarstwo\/author\/dawidmakowicz\/"}]}},"_links":{"self":[{"href":"https:\/\/pans.krosno.pl\/pielegniarstwo\/wp-json\/wp\/v2\/posts\/4637","targetHints":{"allow":["GET"]}}],"collection":[{"href":"https:\/\/pans.krosno.pl\/pielegniarstwo\/wp-json\/wp\/v2\/posts"}],"about":[{"href":"https:\/\/pans.krosno.pl\/pielegniarstwo\/wp-json\/wp\/v2\/types\/post"}],"author":[{"embeddable":true,"href":"https:\/\/pans.krosno.pl\/pielegniarstwo\/wp-json\/wp\/v2\/users\/60"}],"replies":[{"embeddable":true,"href":"https:\/\/pans.krosno.pl\/pielegniarstwo\/wp-json\/wp\/v2\/comments?post=4637"}],"version-history":[{"count":3,"href":"https:\/\/pans.krosno.pl\/pielegniarstwo\/wp-json\/wp\/v2\/posts\/4637\/revisions"}],"predecessor-version":[{"id":4645,"href":"https:\/\/pans.krosno.pl\/pielegniarstwo\/wp-json\/wp\/v2\/posts\/4637\/revisions\/4645"}],"wp:featuredmedia":[{"embeddable":true,"href":"https:\/\/pans.krosno.pl\/pielegniarstwo\/wp-json\/wp\/v2\/media\/4643"}],"wp:attachment":[{"href":"https:\/\/pans.krosno.pl\/pielegniarstwo\/wp-json\/wp\/v2\/media?parent=4637"}],"wp:term":[{"taxonomy":"category","embeddable":true,"href":"https:\/\/pans.krosno.pl\/pielegniarstwo\/wp-json\/wp\/v2\/categories?post=4637"},{"taxonomy":"post_tag","embeddable":true,"href":"https:\/\/pans.krosno.pl\/pielegniarstwo\/wp-json\/wp\/v2\/tags?post=4637"}],"curies":[{"name":"wp","href":"https:\/\/api.w.org\/{rel}","templated":true}]}}