{"id":4303,"date":"2023-02-03T09:32:58","date_gmt":"2023-02-03T08:32:58","guid":{"rendered":"https:\/\/pans.krosno.pl\/pielegniarstwo\/?p=4303"},"modified":"2023-02-17T09:36:35","modified_gmt":"2023-02-17T08:36:35","slug":"studencka-konferencja-naukowo-dydaktyczna-first-aid-responder","status":"publish","type":"post","link":"https:\/\/pans.krosno.pl\/pielegniarstwo\/studencka-konferencja-naukowo-dydaktyczna-first-aid-responder\/","title":{"rendered":"<strong><em>Studencka Konferencja Naukowo- Dydaktyczna \u201eFIRST AID RESPONDER<\/em><\/strong>"},"content":{"rendered":"\n<p>W dniu 28 stycznia 2023 roku odby\u0142a si\u0119 <strong><em>Studencka Konferencja Naukowo- Dydaktyczna \u201eFIRST AID RESPONDER\u201d.<\/em><\/strong> Organizatorami wydarzenia by\u0142o Studenckie Ko\u0142o Naukowe Pierwszej Pomocy Uniwersytetu Medycznego w Lublinie.\u00a0 Spotkanie zosta\u0142o przeprowadzone w formie zdalnej na platformie Zoom. Zaprezentowano 18 prac o tematyce pierwszej pomocy. W konferencji wzi\u0119\u0142y udzia\u0142 m.in. Uniwersytet Medyczny w Lublinie, Warszawski Uniwersytet Medyczny, Podhala\u0144ska Pa\u0144stwowa Uczelnia Zawodowa w Nowym Targu oraz Pa\u0144stwowa Akademia Nauk Stosowanych w Kro\u015bnie, kt\u00f3rej reprezentantkami by\u0142y cz\u0142onkinie Studenckiego Ko\u0142a Naukowego Symulacji Medycznej \u201eSimulus\u201d: Aleksandra K\u0119dra, Izabela Zygarowicz, Agata Sitar i Gabriela Gerlach pod opiek\u0105 naukow\u0105 Pani mgr Katarzyny Zalewskiej. Tytu\u0142 zaprezentowanej pracy brzmia\u0142: \u201eWiedza mieszka\u0144c\u00f3w wojew\u00f3dztwa podkarpackiego na temat zasad udzielania pierwszej pomocy przy u\u017cyciu AED\u201d. Poruszono w niej problematyk\u0119 znajomo\u015bci zagadnie\u0144 dotycz\u0105cych automatycznego defibrylatora zewn\u0119trznego (AED) przez mieszka\u0144c\u00f3w wojew\u00f3dztwa podkarpackiego. Praca mia\u0142a charakter badawczy. Grupa badana liczy\u0142a 195 respondent\u00f3w. Jak wynika z przeprowadzonych bada\u0144, uczestnicy w wi\u0119kszo\u015bci znali powody, w jakich mog\u0105 skorzysta\u0107 z AED oraz jego lokalizacj\u0119 w najbli\u017cszym miejscu, ale nie u\u017cyli by go w kobiet w ci\u0105\u017cy, dziecka i u os\u00f3b z rozrusznikiem serca, co ukazuje konieczno\u015b\u0107 prowadzenia dalszej edukacji spo\u0142ecze\u0144stwa oraz wi\u0119ksz\u0105 popularyzacj\u0119 AED.<\/p>\n\n\n\n<figure class=\"wp-block-image aligncenter size-large\"><img loading=\"lazy\" decoding=\"async\" width=\"724\" height=\"1024\" src=\"https:\/\/pans.krosno.pl\/pielegniarstwo\/wp-content\/uploads\/sites\/8\/2023\/02\/konferencja_first_aid_responder_1-724x1024.png\" alt=\"\" class=\"wp-image-4304\" srcset=\"https:\/\/pans.krosno.pl\/pielegniarstwo\/wp-content\/uploads\/sites\/8\/2023\/02\/konferencja_first_aid_responder_1-724x1024.png 724w, https:\/\/pans.krosno.pl\/pielegniarstwo\/wp-content\/uploads\/sites\/8\/2023\/02\/konferencja_first_aid_responder_1-212x300.png 212w, https:\/\/pans.krosno.pl\/pielegniarstwo\/wp-content\/uploads\/sites\/8\/2023\/02\/konferencja_first_aid_responder_1-768x1086.png 768w, https:\/\/pans.krosno.pl\/pielegniarstwo\/wp-content\/uploads\/sites\/8\/2023\/02\/konferencja_first_aid_responder_1-1086x1536.png 1086w, https:\/\/pans.krosno.pl\/pielegniarstwo\/wp-content\/uploads\/sites\/8\/2023\/02\/konferencja_first_aid_responder_1-1448x2048.png 1448w, https:\/\/pans.krosno.pl\/pielegniarstwo\/wp-content\/uploads\/sites\/8\/2023\/02\/konferencja_first_aid_responder_1-800x1132.png 800w, https:\/\/pans.krosno.pl\/pielegniarstwo\/wp-content\/uploads\/sites\/8\/2023\/02\/konferencja_first_aid_responder_1-580x820.png 580w, https:\/\/pans.krosno.pl\/pielegniarstwo\/wp-content\/uploads\/sites\/8\/2023\/02\/konferencja_first_aid_responder_1.png 1587w\" sizes=\"auto, (max-width: 724px) 100vw, 724px\" \/><\/figure>\n","protected":false},"excerpt":{"rendered":"<p>W dniu 28 stycznia 2023 roku odby\u0142a si\u0119 Studencka Konferencja Naukowo- Dydaktyczna \u201eFIRST AID RESPONDER\u201d. Organizatorami wydarzenia by\u0142o Studenckie Ko\u0142o Naukowe Pierwszej Pomocy Uniwersytetu Medycznego w Lublinie.\u00a0 Spotkanie zosta\u0142o przeprowadzone w formie zdalnej na platformie Zoom. Zaprezentowano 18 prac o tematyce pierwszej pomocy. W konferencji wzi\u0119\u0142y udzia\u0142 m.in. Uniwersytet Medyczny [\u2026] <\/p>\n<div class=\"clear\"><\/div>\n<p><a class=\"more_link clearfix\" href=\"https:\/\/pans.krosno.pl\/pielegniarstwo\/studencka-konferencja-naukowo-dydaktyczna-first-aid-responder\/\" rel=\"nofollow\">Read More<\/a><\/p>\n","protected":false},"author":60,"featured_media":4304,"comment_status":"open","ping_status":"open","sticky":false,"template":"","format":"standard","meta":{"ngg_post_thumbnail":0,"footnotes":""},"categories":[1],"tags":[],"class_list":["post-4303","post","type-post","status-publish","format-standard","has-post-thumbnail","hentry","category-bez-kategorii"],"yoast_head":"<!-- This site is optimized with the Yoast SEO Premium plugin v27.4 (Yoast SEO v27.4) - https:\/\/yoast.com\/product\/yoast-seo-premium-wordpress\/ -->\n<title>Studencka Konferencja Naukowo- Dydaktyczna \u201eFIRST AID RESPONDER - Piel\u0119gniarstwo PANS w Kro\u015bnie<\/title>\n<meta name=\"robots\" content=\"index, follow, max-snippet:-1, max-image-preview:large, max-video-preview:-1\" \/>\n<link rel=\"canonical\" href=\"https:\/\/pans.krosno.pl\/pielegniarstwo\/studencka-konferencja-naukowo-dydaktyczna-first-aid-responder\/\" \/>\n<meta property=\"og:locale\" content=\"pl_PL\" \/>\n<meta property=\"og:type\" content=\"article\" \/>\n<meta property=\"og:title\" content=\"Studencka Konferencja Naukowo- Dydaktyczna \u201eFIRST AID RESPONDER\" \/>\n<meta property=\"og:description\" content=\"W dniu 28 stycznia 2023 roku odby\u0142a si\u0119 Studencka Konferencja Naukowo- Dydaktyczna \u201eFIRST AID RESPONDER\u201d. Organizatorami wydarzenia by\u0142o Studenckie Ko\u0142o Naukowe Pierwszej Pomocy Uniwersytetu Medycznego w Lublinie.\u00a0 Spotkanie zosta\u0142o przeprowadzone w formie zdalnej na platformie Zoom. Zaprezentowano 18 prac o tematyce pierwszej pomocy. W konferencji wzi\u0119\u0142y udzia\u0142 m.in. Uniwersytet Medyczny [\u2026] Read More\" \/>\n<meta property=\"og:url\" content=\"https:\/\/pans.krosno.pl\/pielegniarstwo\/studencka-konferencja-naukowo-dydaktyczna-first-aid-responder\/\" \/>\n<meta property=\"og:site_name\" content=\"Piel\u0119gniarstwo PANS w Kro\u015bnie\" \/>\n<meta property=\"article:published_time\" content=\"2023-02-03T08:32:58+00:00\" \/>\n<meta property=\"article:modified_time\" content=\"2023-02-17T08:36:35+00:00\" \/>\n<meta property=\"og:image\" content=\"https:\/\/pans.krosno.pl\/wp-content\/uploads\/sites\/8\/2023\/02\/konferencja_first_aid_responder_1.png\" \/>\n\t<meta property=\"og:image:width\" content=\"1587\" \/>\n\t<meta property=\"og:image:height\" content=\"2245\" \/>\n\t<meta property=\"og:image:type\" content=\"image\/png\" \/>\n<meta name=\"author\" content=\"dawidmakowicz\" \/>\n<meta name=\"twitter:card\" content=\"summary_large_image\" \/>\n<meta name=\"twitter:label1\" content=\"Napisane przez\" \/>\n\t<meta name=\"twitter:data1\" content=\"dawidmakowicz\" \/>\n\t<meta name=\"twitter:label2\" content=\"Szacowany czas czytania\" \/>\n\t<meta name=\"twitter:data2\" content=\"2 minuty\" \/>\n<script type=\"application\/ld+json\" class=\"yoast-schema-graph\">{\"@context\":\"https:\\\/\\\/schema.org\",\"@graph\":[{\"@type\":\"Article\",\"@id\":\"https:\\\/\\\/pans.krosno.pl\\\/pielegniarstwo\\\/studencka-konferencja-naukowo-dydaktyczna-first-aid-responder\\\/#article\",\"isPartOf\":{\"@id\":\"https:\\\/\\\/pans.krosno.pl\\\/pielegniarstwo\\\/studencka-konferencja-naukowo-dydaktyczna-first-aid-responder\\\/\"},\"author\":{\"name\":\"dawidmakowicz\",\"@id\":\"https:\\\/\\\/pans.krosno.pl\\\/pielegniarstwo\\\/#\\\/schema\\\/person\\\/5baf49bd6bf43ec61d825d5d14ce5f40\"},\"headline\":\"Studencka Konferencja Naukowo- Dydaktyczna \u201eFIRST AID RESPONDER\",\"datePublished\":\"2023-02-03T08:32:58+00:00\",\"dateModified\":\"2023-02-17T08:36:35+00:00\",\"mainEntityOfPage\":{\"@id\":\"https:\\\/\\\/pans.krosno.pl\\\/pielegniarstwo\\\/studencka-konferencja-naukowo-dydaktyczna-first-aid-responder\\\/\"},\"wordCount\":225,\"commentCount\":0,\"publisher\":{\"@id\":\"https:\\\/\\\/pans.krosno.pl\\\/pielegniarstwo\\\/#organization\"},\"image\":{\"@id\":\"https:\\\/\\\/pans.krosno.pl\\\/pielegniarstwo\\\/studencka-konferencja-naukowo-dydaktyczna-first-aid-responder\\\/#primaryimage\"},\"thumbnailUrl\":\"https:\\\/\\\/pans.krosno.pl\\\/pielegniarstwo\\\/wp-content\\\/uploads\\\/sites\\\/8\\\/2023\\\/02\\\/konferencja_first_aid_responder_1.png\",\"inLanguage\":\"pl-PL\",\"potentialAction\":[{\"@type\":\"CommentAction\",\"name\":\"Comment\",\"target\":[\"https:\\\/\\\/pans.krosno.pl\\\/pielegniarstwo\\\/studencka-konferencja-naukowo-dydaktyczna-first-aid-responder\\\/#respond\"]}]},{\"@type\":\"WebPage\",\"@id\":\"https:\\\/\\\/pans.krosno.pl\\\/pielegniarstwo\\\/studencka-konferencja-naukowo-dydaktyczna-first-aid-responder\\\/\",\"url\":\"https:\\\/\\\/pans.krosno.pl\\\/pielegniarstwo\\\/studencka-konferencja-naukowo-dydaktyczna-first-aid-responder\\\/\",\"name\":\"Studencka Konferencja Naukowo- Dydaktyczna \u201eFIRST AID RESPONDER - Piel\u0119gniarstwo PANS w Kro\u015bnie\",\"isPartOf\":{\"@id\":\"https:\\\/\\\/pans.krosno.pl\\\/pielegniarstwo\\\/#website\"},\"primaryImageOfPage\":{\"@id\":\"https:\\\/\\\/pans.krosno.pl\\\/pielegniarstwo\\\/studencka-konferencja-naukowo-dydaktyczna-first-aid-responder\\\/#primaryimage\"},\"image\":{\"@id\":\"https:\\\/\\\/pans.krosno.pl\\\/pielegniarstwo\\\/studencka-konferencja-naukowo-dydaktyczna-first-aid-responder\\\/#primaryimage\"},\"thumbnailUrl\":\"https:\\\/\\\/pans.krosno.pl\\\/pielegniarstwo\\\/wp-content\\\/uploads\\\/sites\\\/8\\\/2023\\\/02\\\/konferencja_first_aid_responder_1.png\",\"datePublished\":\"2023-02-03T08:32:58+00:00\",\"dateModified\":\"2023-02-17T08:36:35+00:00\",\"breadcrumb\":{\"@id\":\"https:\\\/\\\/pans.krosno.pl\\\/pielegniarstwo\\\/studencka-konferencja-naukowo-dydaktyczna-first-aid-responder\\\/#breadcrumb\"},\"inLanguage\":\"pl-PL\",\"potentialAction\":[{\"@type\":\"ReadAction\",\"target\":[\"https:\\\/\\\/pans.krosno.pl\\\/pielegniarstwo\\\/studencka-konferencja-naukowo-dydaktyczna-first-aid-responder\\\/\"]}]},{\"@type\":\"ImageObject\",\"inLanguage\":\"pl-PL\",\"@id\":\"https:\\\/\\\/pans.krosno.pl\\\/pielegniarstwo\\\/studencka-konferencja-naukowo-dydaktyczna-first-aid-responder\\\/#primaryimage\",\"url\":\"https:\\\/\\\/pans.krosno.pl\\\/pielegniarstwo\\\/wp-content\\\/uploads\\\/sites\\\/8\\\/2023\\\/02\\\/konferencja_first_aid_responder_1.png\",\"contentUrl\":\"https:\\\/\\\/pans.krosno.pl\\\/pielegniarstwo\\\/wp-content\\\/uploads\\\/sites\\\/8\\\/2023\\\/02\\\/konferencja_first_aid_responder_1.png\",\"width\":1587,\"height\":2245},{\"@type\":\"BreadcrumbList\",\"@id\":\"https:\\\/\\\/pans.krosno.pl\\\/pielegniarstwo\\\/studencka-konferencja-naukowo-dydaktyczna-first-aid-responder\\\/#breadcrumb\",\"itemListElement\":[{\"@type\":\"ListItem\",\"position\":1,\"name\":\"Strona g\u0142\u00f3wna\",\"item\":\"https:\\\/\\\/pans.krosno.pl\\\/pielegniarstwo\\\/\"},{\"@type\":\"ListItem\",\"position\":2,\"name\":\"Studencka Konferencja Naukowo- Dydaktyczna \u201eFIRST AID RESPONDER\"}]},{\"@type\":\"WebSite\",\"@id\":\"https:\\\/\\\/pans.krosno.pl\\\/pielegniarstwo\\\/#website\",\"url\":\"https:\\\/\\\/pans.krosno.pl\\\/pielegniarstwo\\\/\",\"name\":\"Piel\u0119gniarstwo PANS w Kro\u015bnie\",\"description\":\"Piel\u0119gniarstwo - Pa\u0144stwowa Akademia Nauk Stosowanych\",\"publisher\":{\"@id\":\"https:\\\/\\\/pans.krosno.pl\\\/pielegniarstwo\\\/#organization\"},\"potentialAction\":[{\"@type\":\"SearchAction\",\"target\":{\"@type\":\"EntryPoint\",\"urlTemplate\":\"https:\\\/\\\/pans.krosno.pl\\\/pielegniarstwo\\\/?s={search_term_string}\"},\"query-input\":{\"@type\":\"PropertyValueSpecification\",\"valueRequired\":true,\"valueName\":\"search_term_string\"}}],\"inLanguage\":\"pl-PL\"},{\"@type\":\"Organization\",\"@id\":\"https:\\\/\\\/pans.krosno.pl\\\/pielegniarstwo\\\/#organization\",\"name\":\"Piel\u0119gniarstwo PANS w Kro\u015bnie\",\"url\":\"https:\\\/\\\/pans.krosno.pl\\\/pielegniarstwo\\\/\",\"logo\":{\"@type\":\"ImageObject\",\"inLanguage\":\"pl-PL\",\"@id\":\"https:\\\/\\\/pans.krosno.pl\\\/pielegniarstwo\\\/#\\\/schema\\\/logo\\\/image\\\/\",\"url\":\"https:\\\/\\\/pans.krosno.pl\\\/pielegniarstwo\\\/wp-content\\\/uploads\\\/sites\\\/8\\\/2023\\\/01\\\/Logo-PANS-2022-pelne.png\",\"contentUrl\":\"https:\\\/\\\/pans.krosno.pl\\\/pielegniarstwo\\\/wp-content\\\/uploads\\\/sites\\\/8\\\/2023\\\/01\\\/Logo-PANS-2022-pelne.png\",\"width\":3096,\"height\":696,\"caption\":\"Piel\u0119gniarstwo PANS w Kro\u015bnie\"},\"image\":{\"@id\":\"https:\\\/\\\/pans.krosno.pl\\\/pielegniarstwo\\\/#\\\/schema\\\/logo\\\/image\\\/\"}},{\"@type\":\"Person\",\"@id\":\"https:\\\/\\\/pans.krosno.pl\\\/pielegniarstwo\\\/#\\\/schema\\\/person\\\/5baf49bd6bf43ec61d825d5d14ce5f40\",\"name\":\"dawidmakowicz\",\"image\":{\"@type\":\"ImageObject\",\"inLanguage\":\"pl-PL\",\"@id\":\"https:\\\/\\\/secure.gravatar.com\\\/avatar\\\/83e00f21c199947762184a6b9067c6b783fbddea24245862753ec73bc9258b03?s=96&d=mm&r=g\",\"url\":\"https:\\\/\\\/secure.gravatar.com\\\/avatar\\\/83e00f21c199947762184a6b9067c6b783fbddea24245862753ec73bc9258b03?s=96&d=mm&r=g\",\"contentUrl\":\"https:\\\/\\\/secure.gravatar.com\\\/avatar\\\/83e00f21c199947762184a6b9067c6b783fbddea24245862753ec73bc9258b03?s=96&d=mm&r=g\",\"caption\":\"dawidmakowicz\"},\"url\":\"https:\\\/\\\/pans.krosno.pl\\\/pielegniarstwo\\\/author\\\/dawidmakowicz\\\/\"}]}<\/script>\n<!-- \/ Yoast SEO Premium plugin. -->","yoast_head_json":{"title":"Studencka Konferencja Naukowo- Dydaktyczna \u201eFIRST AID RESPONDER - Piel\u0119gniarstwo PANS w Kro\u015bnie","robots":{"index":"index","follow":"follow","max-snippet":"max-snippet:-1","max-image-preview":"max-image-preview:large","max-video-preview":"max-video-preview:-1"},"canonical":"https:\/\/pans.krosno.pl\/pielegniarstwo\/studencka-konferencja-naukowo-dydaktyczna-first-aid-responder\/","og_locale":"pl_PL","og_type":"article","og_title":"Studencka Konferencja Naukowo- Dydaktyczna \u201eFIRST AID RESPONDER","og_description":"W dniu 28 stycznia 2023 roku odby\u0142a si\u0119 Studencka Konferencja Naukowo- Dydaktyczna \u201eFIRST AID RESPONDER\u201d. Organizatorami wydarzenia by\u0142o Studenckie Ko\u0142o Naukowe Pierwszej Pomocy Uniwersytetu Medycznego w Lublinie.\u00a0 Spotkanie zosta\u0142o przeprowadzone w formie zdalnej na platformie Zoom. Zaprezentowano 18 prac o tematyce pierwszej pomocy. W konferencji wzi\u0119\u0142y udzia\u0142 m.in. Uniwersytet Medyczny [\u2026] Read More","og_url":"https:\/\/pans.krosno.pl\/pielegniarstwo\/studencka-konferencja-naukowo-dydaktyczna-first-aid-responder\/","og_site_name":"Piel\u0119gniarstwo PANS w Kro\u015bnie","article_published_time":"2023-02-03T08:32:58+00:00","article_modified_time":"2023-02-17T08:36:35+00:00","og_image":[{"width":1587,"height":2245,"url":"https:\/\/pans.krosno.pl\/wp-content\/uploads\/sites\/8\/2023\/02\/konferencja_first_aid_responder_1.png","type":"image\/png"}],"author":"dawidmakowicz","twitter_card":"summary_large_image","twitter_misc":{"Napisane przez":"dawidmakowicz","Szacowany czas czytania":"2 minuty"},"schema":{"@context":"https:\/\/schema.org","@graph":[{"@type":"Article","@id":"https:\/\/pans.krosno.pl\/pielegniarstwo\/studencka-konferencja-naukowo-dydaktyczna-first-aid-responder\/#article","isPartOf":{"@id":"https:\/\/pans.krosno.pl\/pielegniarstwo\/studencka-konferencja-naukowo-dydaktyczna-first-aid-responder\/"},"author":{"name":"dawidmakowicz","@id":"https:\/\/pans.krosno.pl\/pielegniarstwo\/#\/schema\/person\/5baf49bd6bf43ec61d825d5d14ce5f40"},"headline":"Studencka Konferencja Naukowo- Dydaktyczna \u201eFIRST AID RESPONDER","datePublished":"2023-02-03T08:32:58+00:00","dateModified":"2023-02-17T08:36:35+00:00","mainEntityOfPage":{"@id":"https:\/\/pans.krosno.pl\/pielegniarstwo\/studencka-konferencja-naukowo-dydaktyczna-first-aid-responder\/"},"wordCount":225,"commentCount":0,"publisher":{"@id":"https:\/\/pans.krosno.pl\/pielegniarstwo\/#organization"},"image":{"@id":"https:\/\/pans.krosno.pl\/pielegniarstwo\/studencka-konferencja-naukowo-dydaktyczna-first-aid-responder\/#primaryimage"},"thumbnailUrl":"https:\/\/pans.krosno.pl\/pielegniarstwo\/wp-content\/uploads\/sites\/8\/2023\/02\/konferencja_first_aid_responder_1.png","inLanguage":"pl-PL","potentialAction":[{"@type":"CommentAction","name":"Comment","target":["https:\/\/pans.krosno.pl\/pielegniarstwo\/studencka-konferencja-naukowo-dydaktyczna-first-aid-responder\/#respond"]}]},{"@type":"WebPage","@id":"https:\/\/pans.krosno.pl\/pielegniarstwo\/studencka-konferencja-naukowo-dydaktyczna-first-aid-responder\/","url":"https:\/\/pans.krosno.pl\/pielegniarstwo\/studencka-konferencja-naukowo-dydaktyczna-first-aid-responder\/","name":"Studencka Konferencja Naukowo- Dydaktyczna \u201eFIRST AID RESPONDER - Piel\u0119gniarstwo PANS w Kro\u015bnie","isPartOf":{"@id":"https:\/\/pans.krosno.pl\/pielegniarstwo\/#website"},"primaryImageOfPage":{"@id":"https:\/\/pans.krosno.pl\/pielegniarstwo\/studencka-konferencja-naukowo-dydaktyczna-first-aid-responder\/#primaryimage"},"image":{"@id":"https:\/\/pans.krosno.pl\/pielegniarstwo\/studencka-konferencja-naukowo-dydaktyczna-first-aid-responder\/#primaryimage"},"thumbnailUrl":"https:\/\/pans.krosno.pl\/pielegniarstwo\/wp-content\/uploads\/sites\/8\/2023\/02\/konferencja_first_aid_responder_1.png","datePublished":"2023-02-03T08:32:58+00:00","dateModified":"2023-02-17T08:36:35+00:00","breadcrumb":{"@id":"https:\/\/pans.krosno.pl\/pielegniarstwo\/studencka-konferencja-naukowo-dydaktyczna-first-aid-responder\/#breadcrumb"},"inLanguage":"pl-PL","potentialAction":[{"@type":"ReadAction","target":["https:\/\/pans.krosno.pl\/pielegniarstwo\/studencka-konferencja-naukowo-dydaktyczna-first-aid-responder\/"]}]},{"@type":"ImageObject","inLanguage":"pl-PL","@id":"https:\/\/pans.krosno.pl\/pielegniarstwo\/studencka-konferencja-naukowo-dydaktyczna-first-aid-responder\/#primaryimage","url":"https:\/\/pans.krosno.pl\/pielegniarstwo\/wp-content\/uploads\/sites\/8\/2023\/02\/konferencja_first_aid_responder_1.png","contentUrl":"https:\/\/pans.krosno.pl\/pielegniarstwo\/wp-content\/uploads\/sites\/8\/2023\/02\/konferencja_first_aid_responder_1.png","width":1587,"height":2245},{"@type":"BreadcrumbList","@id":"https:\/\/pans.krosno.pl\/pielegniarstwo\/studencka-konferencja-naukowo-dydaktyczna-first-aid-responder\/#breadcrumb","itemListElement":[{"@type":"ListItem","position":1,"name":"Strona g\u0142\u00f3wna","item":"https:\/\/pans.krosno.pl\/pielegniarstwo\/"},{"@type":"ListItem","position":2,"name":"Studencka Konferencja Naukowo- Dydaktyczna \u201eFIRST AID RESPONDER"}]},{"@type":"WebSite","@id":"https:\/\/pans.krosno.pl\/pielegniarstwo\/#website","url":"https:\/\/pans.krosno.pl\/pielegniarstwo\/","name":"Piel\u0119gniarstwo PANS w Kro\u015bnie","description":"Piel\u0119gniarstwo - Pa\u0144stwowa Akademia Nauk Stosowanych","publisher":{"@id":"https:\/\/pans.krosno.pl\/pielegniarstwo\/#organization"},"potentialAction":[{"@type":"SearchAction","target":{"@type":"EntryPoint","urlTemplate":"https:\/\/pans.krosno.pl\/pielegniarstwo\/?s={search_term_string}"},"query-input":{"@type":"PropertyValueSpecification","valueRequired":true,"valueName":"search_term_string"}}],"inLanguage":"pl-PL"},{"@type":"Organization","@id":"https:\/\/pans.krosno.pl\/pielegniarstwo\/#organization","name":"Piel\u0119gniarstwo PANS w Kro\u015bnie","url":"https:\/\/pans.krosno.pl\/pielegniarstwo\/","logo":{"@type":"ImageObject","inLanguage":"pl-PL","@id":"https:\/\/pans.krosno.pl\/pielegniarstwo\/#\/schema\/logo\/image\/","url":"https:\/\/pans.krosno.pl\/pielegniarstwo\/wp-content\/uploads\/sites\/8\/2023\/01\/Logo-PANS-2022-pelne.png","contentUrl":"https:\/\/pans.krosno.pl\/pielegniarstwo\/wp-content\/uploads\/sites\/8\/2023\/01\/Logo-PANS-2022-pelne.png","width":3096,"height":696,"caption":"Piel\u0119gniarstwo PANS w Kro\u015bnie"},"image":{"@id":"https:\/\/pans.krosno.pl\/pielegniarstwo\/#\/schema\/logo\/image\/"}},{"@type":"Person","@id":"https:\/\/pans.krosno.pl\/pielegniarstwo\/#\/schema\/person\/5baf49bd6bf43ec61d825d5d14ce5f40","name":"dawidmakowicz","image":{"@type":"ImageObject","inLanguage":"pl-PL","@id":"https:\/\/secure.gravatar.com\/avatar\/83e00f21c199947762184a6b9067c6b783fbddea24245862753ec73bc9258b03?s=96&d=mm&r=g","url":"https:\/\/secure.gravatar.com\/avatar\/83e00f21c199947762184a6b9067c6b783fbddea24245862753ec73bc9258b03?s=96&d=mm&r=g","contentUrl":"https:\/\/secure.gravatar.com\/avatar\/83e00f21c199947762184a6b9067c6b783fbddea24245862753ec73bc9258b03?s=96&d=mm&r=g","caption":"dawidmakowicz"},"url":"https:\/\/pans.krosno.pl\/pielegniarstwo\/author\/dawidmakowicz\/"}]}},"_links":{"self":[{"href":"https:\/\/pans.krosno.pl\/pielegniarstwo\/wp-json\/wp\/v2\/posts\/4303","targetHints":{"allow":["GET"]}}],"collection":[{"href":"https:\/\/pans.krosno.pl\/pielegniarstwo\/wp-json\/wp\/v2\/posts"}],"about":[{"href":"https:\/\/pans.krosno.pl\/pielegniarstwo\/wp-json\/wp\/v2\/types\/post"}],"author":[{"embeddable":true,"href":"https:\/\/pans.krosno.pl\/pielegniarstwo\/wp-json\/wp\/v2\/users\/60"}],"replies":[{"embeddable":true,"href":"https:\/\/pans.krosno.pl\/pielegniarstwo\/wp-json\/wp\/v2\/comments?post=4303"}],"version-history":[{"count":1,"href":"https:\/\/pans.krosno.pl\/pielegniarstwo\/wp-json\/wp\/v2\/posts\/4303\/revisions"}],"predecessor-version":[{"id":4306,"href":"https:\/\/pans.krosno.pl\/pielegniarstwo\/wp-json\/wp\/v2\/posts\/4303\/revisions\/4306"}],"wp:featuredmedia":[{"embeddable":true,"href":"https:\/\/pans.krosno.pl\/pielegniarstwo\/wp-json\/wp\/v2\/media\/4304"}],"wp:attachment":[{"href":"https:\/\/pans.krosno.pl\/pielegniarstwo\/wp-json\/wp\/v2\/media?parent=4303"}],"wp:term":[{"taxonomy":"category","embeddable":true,"href":"https:\/\/pans.krosno.pl\/pielegniarstwo\/wp-json\/wp\/v2\/categories?post=4303"},{"taxonomy":"post_tag","embeddable":true,"href":"https:\/\/pans.krosno.pl\/pielegniarstwo\/wp-json\/wp\/v2\/tags?post=4303"}],"curies":[{"name":"wp","href":"https:\/\/api.w.org\/{rel}","templated":true}]}}