{"id":4265,"date":"2022-08-31T16:53:58","date_gmt":"2022-08-31T14:53:58","guid":{"rendered":"https:\/\/pans.krosno.pl\/pielegniarstwo\/?p=4265"},"modified":"2023-01-30T17:02:08","modified_gmt":"2023-01-30T16:02:08","slug":"relacje-z-wyjazdu-w-ramach-programu-erasmus","status":"publish","type":"post","link":"https:\/\/pans.krosno.pl\/pielegniarstwo\/relacje-z-wyjazdu-w-ramach-programu-erasmus\/","title":{"rendered":"<strong>Relacje z wyjazdu w ramach programu Erasmus+<\/strong>"},"content":{"rendered":"\n<p>W pierwszych dniach gor\u0105cego lipca 2022 roku, w nadmorskim mie\u015bcie Rimini we W\u0142oszech, rozpocz\u0105\u0142em piel\u0119gniarskie praktyki zawodowe Erasmus realizowane we wsp\u00f3\u0142pracy z Uniwersytetem w Bolonii.<\/p>\n\n\n\n<p>Na wst\u0119pie zosta\u0142em powitany przez mojego w\u0142oskiego koordynatora, z ramienia uczelni, a nast\u0119pnie zosta\u0142a mi przekazana indywidualna specjalistyczna karta szpitalna.\u00a0 Dzi\u0119ki niej: odnotowywane by\u0142o moje ka\u017cdorazowe wej\u015bcie i wyj\u015bcie ze szpitala, korzystanie z bezp\u0142atnych posi\u0142k\u00f3w w sto\u0142\u00f3wce oraz u\u017cytkowanie zapewnionej odzie\u017cy medycznej, a tak\u017ce pranie jej przez szpitaln\u0105 pralni\u0119.<\/p>\n\n\n\n<figure class=\"wp-block-image aligncenter size-full\"><img loading=\"lazy\" decoding=\"async\" width=\"1024\" height=\"680\" src=\"https:\/\/pans.krosno.pl\/pielegniarstwo\/wp-content\/uploads\/sites\/8\/2023\/01\/szpital.jpg\" alt=\"\" class=\"wp-image-4270\" srcset=\"https:\/\/pans.krosno.pl\/pielegniarstwo\/wp-content\/uploads\/sites\/8\/2023\/01\/szpital.jpg 1024w, https:\/\/pans.krosno.pl\/pielegniarstwo\/wp-content\/uploads\/sites\/8\/2023\/01\/szpital-300x199.jpg 300w, https:\/\/pans.krosno.pl\/pielegniarstwo\/wp-content\/uploads\/sites\/8\/2023\/01\/szpital-768x510.jpg 768w, https:\/\/pans.krosno.pl\/pielegniarstwo\/wp-content\/uploads\/sites\/8\/2023\/01\/szpital-800x531.jpg 800w, https:\/\/pans.krosno.pl\/pielegniarstwo\/wp-content\/uploads\/sites\/8\/2023\/01\/szpital-580x385.jpg 580w\" sizes=\"auto, (max-width: 1024px) 100vw, 1024px\" \/><\/figure>\n\n\n\n<p>Moja piel\u0119gniarska przygoda rozpocz\u0119\u0142a si\u0119 od oddzia\u0142u chirurgii og\u00f3lnej, w kt\u00f3rym procedury zorganizowane s\u0105 wed\u0142ug protoko\u0142u ERAS. Moim osobistym tutorem okaza\u0142a si\u0119 40 letnia Agnese, pracownik szpitala, kt\u00f3ra od 15 lat jest zwi\u0105zana z chirurgi\u0105. Przez ca\u0142y lipiec m\u00f3j harmonogram praktyk by\u0142 u\u0142o\u017cony wed\u0142ug grafiku Agnese. W zwi\u0105zku z tym by\u0142y one realizowane w trakcie trzech r\u00f3\u017cnych zmian w godzinach: 7.00-14.00, 14.00-21.00 i 21.00-7.00, 7 dni w tygodniu. By\u0142em traktowany jak ka\u017cdy student piel\u0119gniarstwa Uniwersytetu w Bolonii, co wi\u0105za\u0142o si\u0119 z zaliczeniem praktyk w formie sp\u0119dzenia minimum 4 tygodni na danym oddziale.<\/p>\n\n\n\n<p>Ju\u017c w pierwszym dniu pozytywne zaskoczy\u0142 mnie fakt, i\u017c wszystkie grupy zawodowe w szpitalu mia\u0142y ujednolicony str\u00f3j, do tego automaty z prawdziwym w\u0142oskim espresso sta\u0142y na ka\u017cdym kroku, a poza tym opiekunowie medyczni stanowili bardzo liczn\u0105 zbiorowo\u015b\u0107 szpitala.<\/p>\n\n\n\n<p>Na oddziale chirurgii okaza\u0142o si\u0119, \u017ce jednym z podstawowych narz\u0119dzi dla piel\u0119gniarki \/ piel\u0119gniarza jest laptop (s\u0142u\u017c\u0105cy do wype\u0142niania dokumentacji, zlecenia oraz prowadzenia terapii w formie cyfrowej). Warto zaznaczy\u0107, \u017ce oddzia\u0142 podzielony zosta\u0142 na strefy wed\u0142ug priorytetu pacjent\u00f3w. Ponad to zmiany piel\u0119gniarskie realizowany by\u0142y w trybie tygodniowym na danej strefie, a piel\u0119gniarka odpowiedzialna za dan\u0105 stref\u0119, podczas ka\u017cdej zmiany omawia\u0142a ka\u017cdego pacjenta z lekarzem odpowiedzialnym za dy\u017cur. \u00a0Zaskoczy\u0142y mnie: czas przekazywania raport\u00f3w piel\u0119gniarskich, bo \u015brednio by\u0142o to 20-30 minut oraz \u015brednia wieku piel\u0119gniarek, kt\u00f3ra wynosi oko\u0142o 35 lat.<\/p>\n\n\n\n<figure class=\"wp-block-image aligncenter size-large\"><img loading=\"lazy\" decoding=\"async\" width=\"1024\" height=\"768\" src=\"https:\/\/pans.krosno.pl\/pielegniarstwo\/wp-content\/uploads\/sites\/8\/2023\/01\/zespol-1-1024x768.jpg\" alt=\"\" class=\"wp-image-4268\" srcset=\"https:\/\/pans.krosno.pl\/pielegniarstwo\/wp-content\/uploads\/sites\/8\/2023\/01\/zespol-1-1024x768.jpg 1024w, https:\/\/pans.krosno.pl\/pielegniarstwo\/wp-content\/uploads\/sites\/8\/2023\/01\/zespol-1-300x225.jpg 300w, https:\/\/pans.krosno.pl\/pielegniarstwo\/wp-content\/uploads\/sites\/8\/2023\/01\/zespol-1-768x576.jpg 768w, https:\/\/pans.krosno.pl\/pielegniarstwo\/wp-content\/uploads\/sites\/8\/2023\/01\/zespol-1-1536x1152.jpg 1536w, https:\/\/pans.krosno.pl\/pielegniarstwo\/wp-content\/uploads\/sites\/8\/2023\/01\/zespol-1-2048x1536.jpg 2048w, https:\/\/pans.krosno.pl\/pielegniarstwo\/wp-content\/uploads\/sites\/8\/2023\/01\/zespol-1-2000x1500.jpg 2000w, https:\/\/pans.krosno.pl\/pielegniarstwo\/wp-content\/uploads\/sites\/8\/2023\/01\/zespol-1-800x600.jpg 800w, https:\/\/pans.krosno.pl\/pielegniarstwo\/wp-content\/uploads\/sites\/8\/2023\/01\/zespol-1-580x435.jpg 580w\" sizes=\"auto, (max-width: 1024px) 100vw, 1024px\" \/><\/figure>\n\n\n\n<p>Opr\u00f3cz dy\u017cur\u00f3w w oddziale chirurgii mia\u0142em okazj\u0119 r\u00f3wnie\u017c uczy\u0107 si\u0119 w ambulatoryjnym centrum stomii oraz poradni leczenia trudnych ran.<\/p>\n\n\n\n<p>Po 4 tygodniach praktyk zosta\u0142em oceniony wed\u0142ug tych samych zasad, co inni miejscowi studenci, a podstawowym kryterium ewaluacji by\u0142 uzyskany przeze mnie post\u0119p.<\/p>\n\n\n\n<figure class=\"wp-block-image aligncenter size-large\"><img loading=\"lazy\" decoding=\"async\" width=\"768\" height=\"1024\" src=\"https:\/\/pans.krosno.pl\/pielegniarstwo\/wp-content\/uploads\/sites\/8\/2023\/01\/IMG-20220823-WA0011-768x1024.jpg\" alt=\"\" class=\"wp-image-4272\" srcset=\"https:\/\/pans.krosno.pl\/pielegniarstwo\/wp-content\/uploads\/sites\/8\/2023\/01\/IMG-20220823-WA0011-768x1023.jpg 768w, https:\/\/pans.krosno.pl\/pielegniarstwo\/wp-content\/uploads\/sites\/8\/2023\/01\/IMG-20220823-WA0011-225x300.jpg 225w, https:\/\/pans.krosno.pl\/pielegniarstwo\/wp-content\/uploads\/sites\/8\/2023\/01\/IMG-20220823-WA0011-1153x1536.jpg 1153w, https:\/\/pans.krosno.pl\/pielegniarstwo\/wp-content\/uploads\/sites\/8\/2023\/01\/IMG-20220823-WA0011-800x1066.jpg 800w, https:\/\/pans.krosno.pl\/pielegniarstwo\/wp-content\/uploads\/sites\/8\/2023\/01\/IMG-20220823-WA0011-580x773.jpg 580w, https:\/\/pans.krosno.pl\/pielegniarstwo\/wp-content\/uploads\/sites\/8\/2023\/01\/IMG-20220823-WA0011.jpg 1200w\" sizes=\"auto, (max-width: 768px) 100vw, 768px\" \/><\/figure>\n\n\n\n<p>Po odbyciu praktyk zawodowych z chirurgii przyszed\u0142 czas na oddzia\u0142 pediatryczny po\u0142\u0105czony z o\u015brodkiem referencyjnym nowotwor\u00f3w dzieci\u0119cych. W tzw. zabieg\u00f3wce piel\u0119gniarek bardzo zainteresowa\u0142a mnie stworzona przez cz\u0142onk\u00f3w oddzia\u0142u ksi\u0105\u017cka z protoko\u0142em rozpuszczania i\u00a0 podawania lek\u00f3w u\u017cywanych na oddziale. Ze wzgl\u0119du na specyfik\u0119 pacjent\u00f3w, oddzia\u0142 posiada specjalnie wygospodarowana przestrze\u0144 do zabaw i rekreacji dla dzieci, a tak\u017ce du\u017c\u0105 kuchni\u0119 pozostawion\u0105 do u\u017cytku przez rodzic\u00f3w. Warto doda\u0107, \u017ce cotygodniowym go\u015bciem na oddziale by\u0142 klaun. Oddzia\u0142 ten znajdywa\u0142 si\u0119 na IV pi\u0119trze z widokiem na morze w oddali, tak wi\u0119c podczas nocnych dy\u017cur\u00f3w mia\u0142em okazj\u0119 obserwowa\u0107 wschodz\u0105ce s\u0142once.\u00a0<\/p>\n\n\n\n<figure class=\"wp-block-image aligncenter size-large\"><img loading=\"lazy\" decoding=\"async\" width=\"1024\" height=\"581\" src=\"https:\/\/pans.krosno.pl\/pielegniarstwo\/wp-content\/uploads\/sites\/8\/2023\/01\/20220823_062312-1024x581.jpg\" alt=\"\" class=\"wp-image-4274\" srcset=\"https:\/\/pans.krosno.pl\/pielegniarstwo\/wp-content\/uploads\/sites\/8\/2023\/01\/20220823_062312-1024x581.jpg 1024w, https:\/\/pans.krosno.pl\/pielegniarstwo\/wp-content\/uploads\/sites\/8\/2023\/01\/20220823_062312-300x170.jpg 300w, https:\/\/pans.krosno.pl\/pielegniarstwo\/wp-content\/uploads\/sites\/8\/2023\/01\/20220823_062312-768x436.jpg 768w, https:\/\/pans.krosno.pl\/pielegniarstwo\/wp-content\/uploads\/sites\/8\/2023\/01\/20220823_062312-1536x872.jpg 1536w, https:\/\/pans.krosno.pl\/pielegniarstwo\/wp-content\/uploads\/sites\/8\/2023\/01\/20220823_062312-2048x1163.jpg 2048w, https:\/\/pans.krosno.pl\/pielegniarstwo\/wp-content\/uploads\/sites\/8\/2023\/01\/20220823_062312-2000x1135.jpg 2000w, https:\/\/pans.krosno.pl\/pielegniarstwo\/wp-content\/uploads\/sites\/8\/2023\/01\/20220823_062312-800x454.jpg 800w, https:\/\/pans.krosno.pl\/pielegniarstwo\/wp-content\/uploads\/sites\/8\/2023\/01\/20220823_062312-270x152.jpg 270w, https:\/\/pans.krosno.pl\/pielegniarstwo\/wp-content\/uploads\/sites\/8\/2023\/01\/20220823_062312-580x329.jpg 580w\" sizes=\"auto, (max-width: 1024px) 100vw, 1024px\" \/><\/figure>\n\n\n\n<p>Bardzo cennym do\u015bwiadczeniem by\u0142o dla mnie poznanie rzeczywisto\u015bci piel\u0119gniarstwa w\u0142oskiego i konfrontacja z tym, czego nauczy\u0142em si\u0119 wcze\u015bniej w Polsce. Ten wyjazd dodatkowo stanowi\u0142 dla mnie r\u00f3wnie\u017c mo\u017cliwo\u015b\u0107 do rozwoju umiej\u0119tno\u015bci j\u0119zykowych i spo\u0142ecznych.\u00a0 Indywidualna nauka i relacja z w\u0142oskim tutorem da\u0142a mi dodatkow\u0105 przestrze\u0144 i czas na sw\u00f3j w\u0142asny rozw\u00f3j i poznawanie tajnik\u00f3w piel\u0119gniarstwa. Wr\u00f3ci\u0142em do Polski z dodatkow\u0105 motywacj\u0105 do dalszego studiowania. Wszystkich student\u00f3w piel\u0119gniarstwa, znaj\u0105cych j\u0119zyk angielski lub w\u0142oski na poziomie B2 gor\u0105co zach\u0119cam do odbycia praktyk w szpitalu w Rimini. Z ca\u0142\u0105 pewno\u015bci\u0105 miejsce to jest warte polecenia. \u00a0\u00a0\u00a0\u00a0\u00a0\u00a0\u00a0\u00a0\u00a0\u00a0\u00a0\u00a0\u00a0\u00a0\u00a0\u00a0\u00a0\u00a0\u00a0\u00a0\u00a0<\/p>\n\n\n\n<p>&nbsp;&nbsp;&nbsp;&nbsp;&nbsp;&nbsp;&nbsp;&nbsp;&nbsp;&nbsp;&nbsp;&nbsp;&nbsp;&nbsp;&nbsp;&nbsp;&nbsp;&nbsp;&nbsp;&nbsp;&nbsp;&nbsp;&nbsp;&nbsp;&nbsp;&nbsp;&nbsp;&nbsp;&nbsp;&nbsp;&nbsp;&nbsp;&nbsp;&nbsp;&nbsp;&nbsp;&nbsp;&nbsp;&nbsp;&nbsp;&nbsp;&nbsp;&nbsp;&nbsp;&nbsp;&nbsp;&nbsp;&nbsp;&nbsp;&nbsp;&nbsp;&nbsp;&nbsp;&nbsp;&nbsp;&nbsp;&nbsp;&nbsp;&nbsp;&nbsp;&nbsp;&nbsp;&nbsp;&nbsp;&nbsp;&nbsp;&nbsp;&nbsp;&nbsp;&nbsp;&nbsp;&nbsp;&nbsp;&nbsp;&nbsp;&nbsp;&nbsp;&nbsp;&nbsp;&nbsp;&nbsp;&nbsp;&nbsp;&nbsp;&nbsp;&nbsp;&nbsp;&nbsp;&nbsp;&nbsp;&nbsp;&nbsp;&nbsp;&nbsp;&nbsp;&nbsp;&nbsp;&nbsp;&nbsp;&nbsp; <em>Mateusz Cepielik<\/em><\/p>\n","protected":false},"excerpt":{"rendered":"<p>W pierwszych dniach gor\u0105cego lipca 2022 roku, w nadmorskim mie\u015bcie Rimini we W\u0142oszech, rozpocz\u0105\u0142em piel\u0119gniarskie praktyki zawodowe Erasmus realizowane we wsp\u00f3\u0142pracy z Uniwersytetem w Bolonii. Na wst\u0119pie zosta\u0142em powitany przez mojego w\u0142oskiego koordynatora, z ramienia uczelni, a nast\u0119pnie zosta\u0142a mi przekazana indywidualna specjalistyczna karta szpitalna.\u00a0 Dzi\u0119ki niej: odnotowywane by\u0142o moje [\u2026] <\/p>\n<div class=\"clear\"><\/div>\n<p><a class=\"more_link clearfix\" href=\"https:\/\/pans.krosno.pl\/pielegniarstwo\/relacje-z-wyjazdu-w-ramach-programu-erasmus\/\" rel=\"nofollow\">Read More<\/a><\/p>\n","protected":false},"author":60,"featured_media":4268,"comment_status":"open","ping_status":"open","sticky":false,"template":"","format":"standard","meta":{"ngg_post_thumbnail":0,"footnotes":""},"categories":[1],"tags":[],"class_list":["post-4265","post","type-post","status-publish","format-standard","has-post-thumbnail","hentry","category-bez-kategorii"],"yoast_head":"<!-- This site is optimized with the Yoast SEO Premium plugin v27.4 (Yoast SEO v27.4) - https:\/\/yoast.com\/product\/yoast-seo-premium-wordpress\/ -->\n<title>Relacje z wyjazdu w ramach programu Erasmus+ - Piel\u0119gniarstwo PANS w Kro\u015bnie<\/title>\n<meta name=\"robots\" content=\"index, follow, max-snippet:-1, max-image-preview:large, max-video-preview:-1\" \/>\n<link rel=\"canonical\" href=\"https:\/\/pans.krosno.pl\/pielegniarstwo\/relacje-z-wyjazdu-w-ramach-programu-erasmus\/\" \/>\n<meta property=\"og:locale\" content=\"pl_PL\" \/>\n<meta property=\"og:type\" content=\"article\" \/>\n<meta property=\"og:title\" content=\"Relacje z wyjazdu w ramach programu Erasmus+\" \/>\n<meta property=\"og:description\" content=\"W pierwszych dniach gor\u0105cego lipca 2022 roku, w nadmorskim mie\u015bcie Rimini we W\u0142oszech, rozpocz\u0105\u0142em piel\u0119gniarskie praktyki zawodowe Erasmus realizowane we wsp\u00f3\u0142pracy z Uniwersytetem w Bolonii. Na wst\u0119pie zosta\u0142em powitany przez mojego w\u0142oskiego koordynatora, z ramienia uczelni, a nast\u0119pnie zosta\u0142a mi przekazana indywidualna specjalistyczna karta szpitalna.\u00a0 Dzi\u0119ki niej: odnotowywane by\u0142o moje [\u2026] Read More\" \/>\n<meta property=\"og:url\" content=\"https:\/\/pans.krosno.pl\/pielegniarstwo\/relacje-z-wyjazdu-w-ramach-programu-erasmus\/\" \/>\n<meta property=\"og:site_name\" content=\"Piel\u0119gniarstwo PANS w Kro\u015bnie\" \/>\n<meta property=\"article:published_time\" content=\"2022-08-31T14:53:58+00:00\" \/>\n<meta property=\"article:modified_time\" content=\"2023-01-30T16:02:08+00:00\" \/>\n<meta property=\"og:image\" content=\"https:\/\/pans.krosno.pl\/wp-content\/uploads\/sites\/8\/2023\/01\/zespol-1-scaled.jpg\" \/>\n\t<meta property=\"og:image:width\" content=\"2560\" \/>\n\t<meta property=\"og:image:height\" content=\"1920\" \/>\n\t<meta property=\"og:image:type\" content=\"image\/jpeg\" \/>\n<meta name=\"author\" content=\"dawidmakowicz\" \/>\n<meta name=\"twitter:card\" content=\"summary_large_image\" \/>\n<meta name=\"twitter:label1\" content=\"Napisane przez\" \/>\n\t<meta name=\"twitter:data1\" content=\"dawidmakowicz\" \/>\n\t<meta name=\"twitter:label2\" content=\"Szacowany czas czytania\" \/>\n\t<meta name=\"twitter:data2\" content=\"4 minuty\" \/>\n<script type=\"application\/ld+json\" class=\"yoast-schema-graph\">{\"@context\":\"https:\\\/\\\/schema.org\",\"@graph\":[{\"@type\":\"Article\",\"@id\":\"https:\\\/\\\/pans.krosno.pl\\\/pielegniarstwo\\\/relacje-z-wyjazdu-w-ramach-programu-erasmus\\\/#article\",\"isPartOf\":{\"@id\":\"https:\\\/\\\/pans.krosno.pl\\\/pielegniarstwo\\\/relacje-z-wyjazdu-w-ramach-programu-erasmus\\\/\"},\"author\":{\"name\":\"dawidmakowicz\",\"@id\":\"https:\\\/\\\/pans.krosno.pl\\\/pielegniarstwo\\\/#\\\/schema\\\/person\\\/5baf49bd6bf43ec61d825d5d14ce5f40\"},\"headline\":\"Relacje z wyjazdu w ramach programu Erasmus+\",\"datePublished\":\"2022-08-31T14:53:58+00:00\",\"dateModified\":\"2023-01-30T16:02:08+00:00\",\"mainEntityOfPage\":{\"@id\":\"https:\\\/\\\/pans.krosno.pl\\\/pielegniarstwo\\\/relacje-z-wyjazdu-w-ramach-programu-erasmus\\\/\"},\"wordCount\":762,\"commentCount\":0,\"publisher\":{\"@id\":\"https:\\\/\\\/pans.krosno.pl\\\/pielegniarstwo\\\/#organization\"},\"image\":{\"@id\":\"https:\\\/\\\/pans.krosno.pl\\\/pielegniarstwo\\\/relacje-z-wyjazdu-w-ramach-programu-erasmus\\\/#primaryimage\"},\"thumbnailUrl\":\"https:\\\/\\\/pans.krosno.pl\\\/pielegniarstwo\\\/wp-content\\\/uploads\\\/sites\\\/8\\\/2023\\\/01\\\/zespol-1-scaled.jpg\",\"inLanguage\":\"pl-PL\",\"potentialAction\":[{\"@type\":\"CommentAction\",\"name\":\"Comment\",\"target\":[\"https:\\\/\\\/pans.krosno.pl\\\/pielegniarstwo\\\/relacje-z-wyjazdu-w-ramach-programu-erasmus\\\/#respond\"]}]},{\"@type\":\"WebPage\",\"@id\":\"https:\\\/\\\/pans.krosno.pl\\\/pielegniarstwo\\\/relacje-z-wyjazdu-w-ramach-programu-erasmus\\\/\",\"url\":\"https:\\\/\\\/pans.krosno.pl\\\/pielegniarstwo\\\/relacje-z-wyjazdu-w-ramach-programu-erasmus\\\/\",\"name\":\"Relacje z wyjazdu w ramach programu Erasmus+ - Piel\u0119gniarstwo PANS w Kro\u015bnie\",\"isPartOf\":{\"@id\":\"https:\\\/\\\/pans.krosno.pl\\\/pielegniarstwo\\\/#website\"},\"primaryImageOfPage\":{\"@id\":\"https:\\\/\\\/pans.krosno.pl\\\/pielegniarstwo\\\/relacje-z-wyjazdu-w-ramach-programu-erasmus\\\/#primaryimage\"},\"image\":{\"@id\":\"https:\\\/\\\/pans.krosno.pl\\\/pielegniarstwo\\\/relacje-z-wyjazdu-w-ramach-programu-erasmus\\\/#primaryimage\"},\"thumbnailUrl\":\"https:\\\/\\\/pans.krosno.pl\\\/pielegniarstwo\\\/wp-content\\\/uploads\\\/sites\\\/8\\\/2023\\\/01\\\/zespol-1-scaled.jpg\",\"datePublished\":\"2022-08-31T14:53:58+00:00\",\"dateModified\":\"2023-01-30T16:02:08+00:00\",\"breadcrumb\":{\"@id\":\"https:\\\/\\\/pans.krosno.pl\\\/pielegniarstwo\\\/relacje-z-wyjazdu-w-ramach-programu-erasmus\\\/#breadcrumb\"},\"inLanguage\":\"pl-PL\",\"potentialAction\":[{\"@type\":\"ReadAction\",\"target\":[\"https:\\\/\\\/pans.krosno.pl\\\/pielegniarstwo\\\/relacje-z-wyjazdu-w-ramach-programu-erasmus\\\/\"]}]},{\"@type\":\"ImageObject\",\"inLanguage\":\"pl-PL\",\"@id\":\"https:\\\/\\\/pans.krosno.pl\\\/pielegniarstwo\\\/relacje-z-wyjazdu-w-ramach-programu-erasmus\\\/#primaryimage\",\"url\":\"https:\\\/\\\/pans.krosno.pl\\\/pielegniarstwo\\\/wp-content\\\/uploads\\\/sites\\\/8\\\/2023\\\/01\\\/zespol-1-scaled.jpg\",\"contentUrl\":\"https:\\\/\\\/pans.krosno.pl\\\/pielegniarstwo\\\/wp-content\\\/uploads\\\/sites\\\/8\\\/2023\\\/01\\\/zespol-1-scaled.jpg\",\"width\":2560,\"height\":1920},{\"@type\":\"BreadcrumbList\",\"@id\":\"https:\\\/\\\/pans.krosno.pl\\\/pielegniarstwo\\\/relacje-z-wyjazdu-w-ramach-programu-erasmus\\\/#breadcrumb\",\"itemListElement\":[{\"@type\":\"ListItem\",\"position\":1,\"name\":\"Strona g\u0142\u00f3wna\",\"item\":\"https:\\\/\\\/pans.krosno.pl\\\/pielegniarstwo\\\/\"},{\"@type\":\"ListItem\",\"position\":2,\"name\":\"Relacje z wyjazdu w ramach programu Erasmus+\"}]},{\"@type\":\"WebSite\",\"@id\":\"https:\\\/\\\/pans.krosno.pl\\\/pielegniarstwo\\\/#website\",\"url\":\"https:\\\/\\\/pans.krosno.pl\\\/pielegniarstwo\\\/\",\"name\":\"Piel\u0119gniarstwo PANS w Kro\u015bnie\",\"description\":\"Piel\u0119gniarstwo - Pa\u0144stwowa Akademia Nauk Stosowanych\",\"publisher\":{\"@id\":\"https:\\\/\\\/pans.krosno.pl\\\/pielegniarstwo\\\/#organization\"},\"potentialAction\":[{\"@type\":\"SearchAction\",\"target\":{\"@type\":\"EntryPoint\",\"urlTemplate\":\"https:\\\/\\\/pans.krosno.pl\\\/pielegniarstwo\\\/?s={search_term_string}\"},\"query-input\":{\"@type\":\"PropertyValueSpecification\",\"valueRequired\":true,\"valueName\":\"search_term_string\"}}],\"inLanguage\":\"pl-PL\"},{\"@type\":\"Organization\",\"@id\":\"https:\\\/\\\/pans.krosno.pl\\\/pielegniarstwo\\\/#organization\",\"name\":\"Piel\u0119gniarstwo PANS w Kro\u015bnie\",\"url\":\"https:\\\/\\\/pans.krosno.pl\\\/pielegniarstwo\\\/\",\"logo\":{\"@type\":\"ImageObject\",\"inLanguage\":\"pl-PL\",\"@id\":\"https:\\\/\\\/pans.krosno.pl\\\/pielegniarstwo\\\/#\\\/schema\\\/logo\\\/image\\\/\",\"url\":\"https:\\\/\\\/pans.krosno.pl\\\/pielegniarstwo\\\/wp-content\\\/uploads\\\/sites\\\/8\\\/2023\\\/01\\\/Logo-PANS-2022-pelne.png\",\"contentUrl\":\"https:\\\/\\\/pans.krosno.pl\\\/pielegniarstwo\\\/wp-content\\\/uploads\\\/sites\\\/8\\\/2023\\\/01\\\/Logo-PANS-2022-pelne.png\",\"width\":3096,\"height\":696,\"caption\":\"Piel\u0119gniarstwo PANS w Kro\u015bnie\"},\"image\":{\"@id\":\"https:\\\/\\\/pans.krosno.pl\\\/pielegniarstwo\\\/#\\\/schema\\\/logo\\\/image\\\/\"}},{\"@type\":\"Person\",\"@id\":\"https:\\\/\\\/pans.krosno.pl\\\/pielegniarstwo\\\/#\\\/schema\\\/person\\\/5baf49bd6bf43ec61d825d5d14ce5f40\",\"name\":\"dawidmakowicz\",\"image\":{\"@type\":\"ImageObject\",\"inLanguage\":\"pl-PL\",\"@id\":\"https:\\\/\\\/secure.gravatar.com\\\/avatar\\\/83e00f21c199947762184a6b9067c6b783fbddea24245862753ec73bc9258b03?s=96&d=mm&r=g\",\"url\":\"https:\\\/\\\/secure.gravatar.com\\\/avatar\\\/83e00f21c199947762184a6b9067c6b783fbddea24245862753ec73bc9258b03?s=96&d=mm&r=g\",\"contentUrl\":\"https:\\\/\\\/secure.gravatar.com\\\/avatar\\\/83e00f21c199947762184a6b9067c6b783fbddea24245862753ec73bc9258b03?s=96&d=mm&r=g\",\"caption\":\"dawidmakowicz\"},\"url\":\"https:\\\/\\\/pans.krosno.pl\\\/pielegniarstwo\\\/author\\\/dawidmakowicz\\\/\"}]}<\/script>\n<!-- \/ Yoast SEO Premium plugin. -->","yoast_head_json":{"title":"Relacje z wyjazdu w ramach programu Erasmus+ - Piel\u0119gniarstwo PANS w Kro\u015bnie","robots":{"index":"index","follow":"follow","max-snippet":"max-snippet:-1","max-image-preview":"max-image-preview:large","max-video-preview":"max-video-preview:-1"},"canonical":"https:\/\/pans.krosno.pl\/pielegniarstwo\/relacje-z-wyjazdu-w-ramach-programu-erasmus\/","og_locale":"pl_PL","og_type":"article","og_title":"Relacje z wyjazdu w ramach programu Erasmus+","og_description":"W pierwszych dniach gor\u0105cego lipca 2022 roku, w nadmorskim mie\u015bcie Rimini we W\u0142oszech, rozpocz\u0105\u0142em piel\u0119gniarskie praktyki zawodowe Erasmus realizowane we wsp\u00f3\u0142pracy z Uniwersytetem w Bolonii. Na wst\u0119pie zosta\u0142em powitany przez mojego w\u0142oskiego koordynatora, z ramienia uczelni, a nast\u0119pnie zosta\u0142a mi przekazana indywidualna specjalistyczna karta szpitalna.\u00a0 Dzi\u0119ki niej: odnotowywane by\u0142o moje [\u2026] Read More","og_url":"https:\/\/pans.krosno.pl\/pielegniarstwo\/relacje-z-wyjazdu-w-ramach-programu-erasmus\/","og_site_name":"Piel\u0119gniarstwo PANS w Kro\u015bnie","article_published_time":"2022-08-31T14:53:58+00:00","article_modified_time":"2023-01-30T16:02:08+00:00","og_image":[{"width":2560,"height":1920,"url":"https:\/\/pans.krosno.pl\/wp-content\/uploads\/sites\/8\/2023\/01\/zespol-1-scaled.jpg","type":"image\/jpeg"}],"author":"dawidmakowicz","twitter_card":"summary_large_image","twitter_misc":{"Napisane przez":"dawidmakowicz","Szacowany czas czytania":"4 minuty"},"schema":{"@context":"https:\/\/schema.org","@graph":[{"@type":"Article","@id":"https:\/\/pans.krosno.pl\/pielegniarstwo\/relacje-z-wyjazdu-w-ramach-programu-erasmus\/#article","isPartOf":{"@id":"https:\/\/pans.krosno.pl\/pielegniarstwo\/relacje-z-wyjazdu-w-ramach-programu-erasmus\/"},"author":{"name":"dawidmakowicz","@id":"https:\/\/pans.krosno.pl\/pielegniarstwo\/#\/schema\/person\/5baf49bd6bf43ec61d825d5d14ce5f40"},"headline":"Relacje z wyjazdu w ramach programu Erasmus+","datePublished":"2022-08-31T14:53:58+00:00","dateModified":"2023-01-30T16:02:08+00:00","mainEntityOfPage":{"@id":"https:\/\/pans.krosno.pl\/pielegniarstwo\/relacje-z-wyjazdu-w-ramach-programu-erasmus\/"},"wordCount":762,"commentCount":0,"publisher":{"@id":"https:\/\/pans.krosno.pl\/pielegniarstwo\/#organization"},"image":{"@id":"https:\/\/pans.krosno.pl\/pielegniarstwo\/relacje-z-wyjazdu-w-ramach-programu-erasmus\/#primaryimage"},"thumbnailUrl":"https:\/\/pans.krosno.pl\/pielegniarstwo\/wp-content\/uploads\/sites\/8\/2023\/01\/zespol-1-scaled.jpg","inLanguage":"pl-PL","potentialAction":[{"@type":"CommentAction","name":"Comment","target":["https:\/\/pans.krosno.pl\/pielegniarstwo\/relacje-z-wyjazdu-w-ramach-programu-erasmus\/#respond"]}]},{"@type":"WebPage","@id":"https:\/\/pans.krosno.pl\/pielegniarstwo\/relacje-z-wyjazdu-w-ramach-programu-erasmus\/","url":"https:\/\/pans.krosno.pl\/pielegniarstwo\/relacje-z-wyjazdu-w-ramach-programu-erasmus\/","name":"Relacje z wyjazdu w ramach programu Erasmus+ - Piel\u0119gniarstwo PANS w Kro\u015bnie","isPartOf":{"@id":"https:\/\/pans.krosno.pl\/pielegniarstwo\/#website"},"primaryImageOfPage":{"@id":"https:\/\/pans.krosno.pl\/pielegniarstwo\/relacje-z-wyjazdu-w-ramach-programu-erasmus\/#primaryimage"},"image":{"@id":"https:\/\/pans.krosno.pl\/pielegniarstwo\/relacje-z-wyjazdu-w-ramach-programu-erasmus\/#primaryimage"},"thumbnailUrl":"https:\/\/pans.krosno.pl\/pielegniarstwo\/wp-content\/uploads\/sites\/8\/2023\/01\/zespol-1-scaled.jpg","datePublished":"2022-08-31T14:53:58+00:00","dateModified":"2023-01-30T16:02:08+00:00","breadcrumb":{"@id":"https:\/\/pans.krosno.pl\/pielegniarstwo\/relacje-z-wyjazdu-w-ramach-programu-erasmus\/#breadcrumb"},"inLanguage":"pl-PL","potentialAction":[{"@type":"ReadAction","target":["https:\/\/pans.krosno.pl\/pielegniarstwo\/relacje-z-wyjazdu-w-ramach-programu-erasmus\/"]}]},{"@type":"ImageObject","inLanguage":"pl-PL","@id":"https:\/\/pans.krosno.pl\/pielegniarstwo\/relacje-z-wyjazdu-w-ramach-programu-erasmus\/#primaryimage","url":"https:\/\/pans.krosno.pl\/pielegniarstwo\/wp-content\/uploads\/sites\/8\/2023\/01\/zespol-1-scaled.jpg","contentUrl":"https:\/\/pans.krosno.pl\/pielegniarstwo\/wp-content\/uploads\/sites\/8\/2023\/01\/zespol-1-scaled.jpg","width":2560,"height":1920},{"@type":"BreadcrumbList","@id":"https:\/\/pans.krosno.pl\/pielegniarstwo\/relacje-z-wyjazdu-w-ramach-programu-erasmus\/#breadcrumb","itemListElement":[{"@type":"ListItem","position":1,"name":"Strona g\u0142\u00f3wna","item":"https:\/\/pans.krosno.pl\/pielegniarstwo\/"},{"@type":"ListItem","position":2,"name":"Relacje z wyjazdu w ramach programu Erasmus+"}]},{"@type":"WebSite","@id":"https:\/\/pans.krosno.pl\/pielegniarstwo\/#website","url":"https:\/\/pans.krosno.pl\/pielegniarstwo\/","name":"Piel\u0119gniarstwo PANS w Kro\u015bnie","description":"Piel\u0119gniarstwo - Pa\u0144stwowa Akademia Nauk Stosowanych","publisher":{"@id":"https:\/\/pans.krosno.pl\/pielegniarstwo\/#organization"},"potentialAction":[{"@type":"SearchAction","target":{"@type":"EntryPoint","urlTemplate":"https:\/\/pans.krosno.pl\/pielegniarstwo\/?s={search_term_string}"},"query-input":{"@type":"PropertyValueSpecification","valueRequired":true,"valueName":"search_term_string"}}],"inLanguage":"pl-PL"},{"@type":"Organization","@id":"https:\/\/pans.krosno.pl\/pielegniarstwo\/#organization","name":"Piel\u0119gniarstwo PANS w Kro\u015bnie","url":"https:\/\/pans.krosno.pl\/pielegniarstwo\/","logo":{"@type":"ImageObject","inLanguage":"pl-PL","@id":"https:\/\/pans.krosno.pl\/pielegniarstwo\/#\/schema\/logo\/image\/","url":"https:\/\/pans.krosno.pl\/pielegniarstwo\/wp-content\/uploads\/sites\/8\/2023\/01\/Logo-PANS-2022-pelne.png","contentUrl":"https:\/\/pans.krosno.pl\/pielegniarstwo\/wp-content\/uploads\/sites\/8\/2023\/01\/Logo-PANS-2022-pelne.png","width":3096,"height":696,"caption":"Piel\u0119gniarstwo PANS w Kro\u015bnie"},"image":{"@id":"https:\/\/pans.krosno.pl\/pielegniarstwo\/#\/schema\/logo\/image\/"}},{"@type":"Person","@id":"https:\/\/pans.krosno.pl\/pielegniarstwo\/#\/schema\/person\/5baf49bd6bf43ec61d825d5d14ce5f40","name":"dawidmakowicz","image":{"@type":"ImageObject","inLanguage":"pl-PL","@id":"https:\/\/secure.gravatar.com\/avatar\/83e00f21c199947762184a6b9067c6b783fbddea24245862753ec73bc9258b03?s=96&d=mm&r=g","url":"https:\/\/secure.gravatar.com\/avatar\/83e00f21c199947762184a6b9067c6b783fbddea24245862753ec73bc9258b03?s=96&d=mm&r=g","contentUrl":"https:\/\/secure.gravatar.com\/avatar\/83e00f21c199947762184a6b9067c6b783fbddea24245862753ec73bc9258b03?s=96&d=mm&r=g","caption":"dawidmakowicz"},"url":"https:\/\/pans.krosno.pl\/pielegniarstwo\/author\/dawidmakowicz\/"}]}},"_links":{"self":[{"href":"https:\/\/pans.krosno.pl\/pielegniarstwo\/wp-json\/wp\/v2\/posts\/4265","targetHints":{"allow":["GET"]}}],"collection":[{"href":"https:\/\/pans.krosno.pl\/pielegniarstwo\/wp-json\/wp\/v2\/posts"}],"about":[{"href":"https:\/\/pans.krosno.pl\/pielegniarstwo\/wp-json\/wp\/v2\/types\/post"}],"author":[{"embeddable":true,"href":"https:\/\/pans.krosno.pl\/pielegniarstwo\/wp-json\/wp\/v2\/users\/60"}],"replies":[{"embeddable":true,"href":"https:\/\/pans.krosno.pl\/pielegniarstwo\/wp-json\/wp\/v2\/comments?post=4265"}],"version-history":[{"count":1,"href":"https:\/\/pans.krosno.pl\/pielegniarstwo\/wp-json\/wp\/v2\/posts\/4265\/revisions"}],"predecessor-version":[{"id":4276,"href":"https:\/\/pans.krosno.pl\/pielegniarstwo\/wp-json\/wp\/v2\/posts\/4265\/revisions\/4276"}],"wp:featuredmedia":[{"embeddable":true,"href":"https:\/\/pans.krosno.pl\/pielegniarstwo\/wp-json\/wp\/v2\/media\/4268"}],"wp:attachment":[{"href":"https:\/\/pans.krosno.pl\/pielegniarstwo\/wp-json\/wp\/v2\/media?parent=4265"}],"wp:term":[{"taxonomy":"category","embeddable":true,"href":"https:\/\/pans.krosno.pl\/pielegniarstwo\/wp-json\/wp\/v2\/categories?post=4265"},{"taxonomy":"post_tag","embeddable":true,"href":"https:\/\/pans.krosno.pl\/pielegniarstwo\/wp-json\/wp\/v2\/tags?post=4265"}],"curies":[{"name":"wp","href":"https:\/\/api.w.org\/{rel}","templated":true}]}}