{"id":4207,"date":"2022-12-05T19:10:00","date_gmt":"2022-12-05T18:10:00","guid":{"rendered":"https:\/\/pans.krosno.pl\/pielegniarstwo\/?p=4207"},"modified":"2022-12-30T12:16:54","modified_gmt":"2022-12-30T11:16:54","slug":"szkolenie-pracownikow-z-komunikacji-interpersonalnej","status":"publish","type":"post","link":"https:\/\/pans.krosno.pl\/pielegniarstwo\/szkolenie-pracownikow-z-komunikacji-interpersonalnej\/","title":{"rendered":"Szkolenie pracownik\u00f3w z komunikacji interpersonalnej"},"content":{"rendered":"\n<p>W terminie od <strong>29 wrze\u015bnia&nbsp; do 28 listopada 2022r.<\/strong> pracownicy Zak\u0142adu Piel\u0119gniarstwa i Zak\u0142adu Po\u0142o\u017cnictwa tj.:<\/p>\n\n\n\n<ul class=\"wp-block-list\">\n<li>mgr Ma\u0142gorzata Dziura- kierownik Zak\u0142adu Piel\u0119gniarstwa<\/li>\n\n\n\n<li>dr Joanna Grzesik &#8211; G\u0105sior- kierownik Zak\u0142adu Po\u0142o\u017cnictwa<\/li>\n\n\n\n<li>dr Edyta Kwilosz- p.o. kierownik Centrum Symulacji Medycznej<\/li>\n\n\n\n<li>oraz mgr Ma\u0142gorzata Sieniawska i mgr Renata Muszy\u0144ska \u2013 instruktorzy w Zak\u0142adzie Piel\u0119gniarstwa<\/li>\n<\/ul>\n\n\n\n<p>uczestniczyli w kursie specjalistycznym <em>Komunikowanie interpersonalne w piel\u0119gniarstwie dla piel\u0119gniarek i po\u0142o\u017cnych<\/em> realizowanego w ramach projektu nr POWR.07.01.00-00-0004\/22 pn. Wsparcie kszta\u0142cenia podyplomowego piel\u0119gniarek i po\u0142o\u017cnych w&nbsp;ramach Dzia\u0142ania 7.1 O\u015b priorytetowa VII Wsparcie REACT-EU dla obszaru zdrowia Programu Operacyjnego Wiedza Edukacja Rozw\u00f3j 2014-2020 wsp\u00f3\u0142finansowanego ze \u015brodk\u00f3w Europejskiego Funduszu Spo\u0142ecznego.<\/p>\n\n\n\n<figure class=\"wp-block-image aligncenter size-full\"><img loading=\"lazy\" decoding=\"async\" width=\"321\" height=\"428\" src=\"https:\/\/pans.krosno.pl\/pielegniarstwo\/wp-content\/uploads\/sites\/8\/2022\/12\/image000000003.jpg\" alt=\"\" class=\"wp-image-4208\" srcset=\"https:\/\/pans.krosno.pl\/pielegniarstwo\/wp-content\/uploads\/sites\/8\/2022\/12\/image000000003.jpg 321w, https:\/\/pans.krosno.pl\/pielegniarstwo\/wp-content\/uploads\/sites\/8\/2022\/12\/image000000003-225x300.jpg 225w\" sizes=\"auto, (max-width: 321px) 100vw, 321px\" \/><\/figure>\n\n\n\n<p>Miejscem realizacji zaj\u0119\u0107 by\u0142a Okr\u0119gowa Izba Piel\u0119gniarek i Po\u0142o\u017cnych w Kro\u015bnie.<\/p>\n\n\n\n<p>Trening umiej\u0119tno\u015bci interpersonalnych i spo\u0142ecznych&nbsp; czy superwizja kliniczna w piel\u0119gniarstwie mia\u0142a na celu przygotowa\u0107 uczestnik\u00f3w do samodzielnego udzielania \u015bwiadcze\u0144 zdrowotnych w zakresie komunikowania interpersonalnego z pacjentem, jego rodzin\u0105 i zespo\u0142em terapeutycznym oraz przeprowadzania negocjacji w celu rozwi\u0105zania problem\u00f3w i konflikt\u00f3w.<\/p>\n\n\n\n<p>Pod okiem do\u015bwiadczonego psychologa, certyfikowanego specjalisty ds. psychoterapii uzale\u017cnie\u0144 oraz certyfikowanego superwizora,&nbsp; podczas kursu uczestnicy doskonalili umiej\u0119tno\u015bci wyra\u017cania swoich uczu\u0107, emocji, wykorzystywania swoich mocnych stron, stosowania r\u00f3\u017cnych sposob\u00f3w radzenia sobie ze strachem i l\u0119kiem w relacjach mi\u0119dzyludzkich, prowadzenia trudnych rozm\u00f3w.<\/p>\n\n\n\n<p>Zdobyta podczas 100 godzinnego szkolenia wiedza, umiej\u0119tno\u015bci praktyczne i kompetencje spo\u0142eczne &nbsp;zostan\u0105 wykorzystane w nauczaniu student\u00f3w, bowiem wsp\u00f3\u0142czesna piel\u0119gniarka czy po\u0142o\u017cna nie mo\u017ce by\u0107 prawdziw\u0105 profesjonalistk\u0105 bez umiej\u0119tno\u015bci w\u0142a\u015bciwego przekazywania swojej wiedzy, pogl\u0105d\u00f3w, emocji, uczu\u0107 oraz odpowiedniej interpretacji wiadomo\u015bci przesy\u0142anych jej przez pacjenta.<\/p>\n\n\n\n<p>Organizatorom bardzo serdecznie dzi\u0119kujemy za profesjonalnie przygotowany i przeprowadzony na bardzo wysokim poziomie merytorycznym i praktycznym kurs.<\/p>\n\n\n\n<p>Profesjonalizm prowadz\u0105cych szkolenie oraz przekazana podczas szkolenia wiedza i umiej\u0119tno\u015bci b\u0119d\u0105 bardzo pomocne w wykonywaniu naszej codziennej pracy zawodowej.<\/p>\n\n\n\n<p>&nbsp;&nbsp;&nbsp;&nbsp;&nbsp;&nbsp;&nbsp;&nbsp;&nbsp;&nbsp;&nbsp;&nbsp;&nbsp;&nbsp;&nbsp;&nbsp;&nbsp;&nbsp;&nbsp;&nbsp;&nbsp;&nbsp;&nbsp;&nbsp;&nbsp;&nbsp;&nbsp;&nbsp;&nbsp;&nbsp;&nbsp;&nbsp;&nbsp;&nbsp;&nbsp;&nbsp;&nbsp;&nbsp;&nbsp;&nbsp;&nbsp;&nbsp;&nbsp;&nbsp;&nbsp;&nbsp;&nbsp;&nbsp;&nbsp;&nbsp;&nbsp;&nbsp;&nbsp;&nbsp;&nbsp;&nbsp;&nbsp;&nbsp;&nbsp;&nbsp;&nbsp;&nbsp;&nbsp;&nbsp;&nbsp;&nbsp;&nbsp;&nbsp;&nbsp;&nbsp;&nbsp;&nbsp;&nbsp;&nbsp;&nbsp;&nbsp;&nbsp;&nbsp;&nbsp;&nbsp;&nbsp;&nbsp;&nbsp;&nbsp;&nbsp;&nbsp;&nbsp;&nbsp;&nbsp;&nbsp;&nbsp;&nbsp;&nbsp;&nbsp; Kierownik Zak\u0142adu Piel\u0119gniarstwa<\/p>\n","protected":false},"excerpt":{"rendered":"<p>W terminie od 29 wrze\u015bnia&nbsp; do 28 listopada 2022r. pracownicy Zak\u0142adu Piel\u0119gniarstwa i Zak\u0142adu Po\u0142o\u017cnictwa tj.: uczestniczyli w kursie specjalistycznym Komunikowanie interpersonalne w piel\u0119gniarstwie dla piel\u0119gniarek i po\u0142o\u017cnych realizowanego w ramach projektu nr POWR.07.01.00-00-0004\/22 pn. Wsparcie kszta\u0142cenia podyplomowego piel\u0119gniarek i po\u0142o\u017cnych w&nbsp;ramach Dzia\u0142ania 7.1 O\u015b priorytetowa VII Wsparcie REACT-EU dla [\u2026] <\/p>\n<div class=\"clear\"><\/div>\n<p><a class=\"more_link clearfix\" href=\"https:\/\/pans.krosno.pl\/pielegniarstwo\/szkolenie-pracownikow-z-komunikacji-interpersonalnej\/\" rel=\"nofollow\">Read More<\/a><\/p>\n","protected":false},"author":60,"featured_media":4208,"comment_status":"open","ping_status":"open","sticky":false,"template":"","format":"standard","meta":{"ngg_post_thumbnail":0,"footnotes":""},"categories":[1],"tags":[],"class_list":["post-4207","post","type-post","status-publish","format-standard","has-post-thumbnail","hentry","category-bez-kategorii"],"yoast_head":"<!-- This site is optimized with the Yoast SEO Premium plugin v27.4 (Yoast SEO v27.4) - https:\/\/yoast.com\/product\/yoast-seo-premium-wordpress\/ -->\n<title>Szkolenie pracownik\u00f3w z komunikacji interpersonalnej - Piel\u0119gniarstwo PANS w Kro\u015bnie<\/title>\n<meta name=\"robots\" content=\"index, follow, max-snippet:-1, max-image-preview:large, max-video-preview:-1\" \/>\n<link rel=\"canonical\" href=\"https:\/\/pans.krosno.pl\/pielegniarstwo\/szkolenie-pracownikow-z-komunikacji-interpersonalnej\/\" \/>\n<meta property=\"og:locale\" content=\"pl_PL\" \/>\n<meta property=\"og:type\" content=\"article\" \/>\n<meta property=\"og:title\" content=\"Szkolenie pracownik\u00f3w z komunikacji interpersonalnej\" \/>\n<meta property=\"og:description\" content=\"W terminie od 29 wrze\u015bnia&nbsp; do 28 listopada 2022r. pracownicy Zak\u0142adu Piel\u0119gniarstwa i Zak\u0142adu Po\u0142o\u017cnictwa tj.: uczestniczyli w kursie specjalistycznym Komunikowanie interpersonalne w piel\u0119gniarstwie dla piel\u0119gniarek i po\u0142o\u017cnych realizowanego w ramach projektu nr POWR.07.01.00-00-0004\/22 pn. Wsparcie kszta\u0142cenia podyplomowego piel\u0119gniarek i po\u0142o\u017cnych w&nbsp;ramach Dzia\u0142ania 7.1 O\u015b priorytetowa VII Wsparcie REACT-EU dla [\u2026] Read More\" \/>\n<meta property=\"og:url\" content=\"https:\/\/pans.krosno.pl\/pielegniarstwo\/szkolenie-pracownikow-z-komunikacji-interpersonalnej\/\" \/>\n<meta property=\"og:site_name\" content=\"Piel\u0119gniarstwo PANS w Kro\u015bnie\" \/>\n<meta property=\"article:published_time\" content=\"2022-12-05T18:10:00+00:00\" \/>\n<meta property=\"article:modified_time\" content=\"2022-12-30T11:16:54+00:00\" \/>\n<meta property=\"og:image\" content=\"https:\/\/pans.krosno.pl\/wp-content\/uploads\/sites\/8\/2022\/12\/image000000003.jpg\" \/>\n\t<meta property=\"og:image:width\" content=\"321\" \/>\n\t<meta property=\"og:image:height\" content=\"428\" \/>\n\t<meta property=\"og:image:type\" content=\"image\/jpeg\" \/>\n<meta name=\"author\" content=\"dawidmakowicz\" \/>\n<meta name=\"twitter:card\" content=\"summary_large_image\" \/>\n<meta name=\"twitter:label1\" content=\"Napisane przez\" \/>\n\t<meta name=\"twitter:data1\" content=\"dawidmakowicz\" \/>\n\t<meta name=\"twitter:label2\" content=\"Szacowany czas czytania\" \/>\n\t<meta name=\"twitter:data2\" content=\"2 minuty\" \/>\n<script type=\"application\/ld+json\" class=\"yoast-schema-graph\">{\"@context\":\"https:\\\/\\\/schema.org\",\"@graph\":[{\"@type\":\"Article\",\"@id\":\"https:\\\/\\\/pans.krosno.pl\\\/pielegniarstwo\\\/szkolenie-pracownikow-z-komunikacji-interpersonalnej\\\/#article\",\"isPartOf\":{\"@id\":\"https:\\\/\\\/pans.krosno.pl\\\/pielegniarstwo\\\/szkolenie-pracownikow-z-komunikacji-interpersonalnej\\\/\"},\"author\":{\"name\":\"dawidmakowicz\",\"@id\":\"https:\\\/\\\/pans.krosno.pl\\\/pielegniarstwo\\\/#\\\/schema\\\/person\\\/5baf49bd6bf43ec61d825d5d14ce5f40\"},\"headline\":\"Szkolenie pracownik\u00f3w z komunikacji interpersonalnej\",\"datePublished\":\"2022-12-05T18:10:00+00:00\",\"dateModified\":\"2022-12-30T11:16:54+00:00\",\"mainEntityOfPage\":{\"@id\":\"https:\\\/\\\/pans.krosno.pl\\\/pielegniarstwo\\\/szkolenie-pracownikow-z-komunikacji-interpersonalnej\\\/\"},\"wordCount\":456,\"commentCount\":0,\"publisher\":{\"@id\":\"https:\\\/\\\/pans.krosno.pl\\\/pielegniarstwo\\\/#organization\"},\"image\":{\"@id\":\"https:\\\/\\\/pans.krosno.pl\\\/pielegniarstwo\\\/szkolenie-pracownikow-z-komunikacji-interpersonalnej\\\/#primaryimage\"},\"thumbnailUrl\":\"https:\\\/\\\/pans.krosno.pl\\\/pielegniarstwo\\\/wp-content\\\/uploads\\\/sites\\\/8\\\/2022\\\/12\\\/image000000003.jpg\",\"inLanguage\":\"pl-PL\",\"potentialAction\":[{\"@type\":\"CommentAction\",\"name\":\"Comment\",\"target\":[\"https:\\\/\\\/pans.krosno.pl\\\/pielegniarstwo\\\/szkolenie-pracownikow-z-komunikacji-interpersonalnej\\\/#respond\"]}]},{\"@type\":\"WebPage\",\"@id\":\"https:\\\/\\\/pans.krosno.pl\\\/pielegniarstwo\\\/szkolenie-pracownikow-z-komunikacji-interpersonalnej\\\/\",\"url\":\"https:\\\/\\\/pans.krosno.pl\\\/pielegniarstwo\\\/szkolenie-pracownikow-z-komunikacji-interpersonalnej\\\/\",\"name\":\"Szkolenie pracownik\u00f3w z komunikacji interpersonalnej - Piel\u0119gniarstwo PANS w Kro\u015bnie\",\"isPartOf\":{\"@id\":\"https:\\\/\\\/pans.krosno.pl\\\/pielegniarstwo\\\/#website\"},\"primaryImageOfPage\":{\"@id\":\"https:\\\/\\\/pans.krosno.pl\\\/pielegniarstwo\\\/szkolenie-pracownikow-z-komunikacji-interpersonalnej\\\/#primaryimage\"},\"image\":{\"@id\":\"https:\\\/\\\/pans.krosno.pl\\\/pielegniarstwo\\\/szkolenie-pracownikow-z-komunikacji-interpersonalnej\\\/#primaryimage\"},\"thumbnailUrl\":\"https:\\\/\\\/pans.krosno.pl\\\/pielegniarstwo\\\/wp-content\\\/uploads\\\/sites\\\/8\\\/2022\\\/12\\\/image000000003.jpg\",\"datePublished\":\"2022-12-05T18:10:00+00:00\",\"dateModified\":\"2022-12-30T11:16:54+00:00\",\"breadcrumb\":{\"@id\":\"https:\\\/\\\/pans.krosno.pl\\\/pielegniarstwo\\\/szkolenie-pracownikow-z-komunikacji-interpersonalnej\\\/#breadcrumb\"},\"inLanguage\":\"pl-PL\",\"potentialAction\":[{\"@type\":\"ReadAction\",\"target\":[\"https:\\\/\\\/pans.krosno.pl\\\/pielegniarstwo\\\/szkolenie-pracownikow-z-komunikacji-interpersonalnej\\\/\"]}]},{\"@type\":\"ImageObject\",\"inLanguage\":\"pl-PL\",\"@id\":\"https:\\\/\\\/pans.krosno.pl\\\/pielegniarstwo\\\/szkolenie-pracownikow-z-komunikacji-interpersonalnej\\\/#primaryimage\",\"url\":\"https:\\\/\\\/pans.krosno.pl\\\/pielegniarstwo\\\/wp-content\\\/uploads\\\/sites\\\/8\\\/2022\\\/12\\\/image000000003.jpg\",\"contentUrl\":\"https:\\\/\\\/pans.krosno.pl\\\/pielegniarstwo\\\/wp-content\\\/uploads\\\/sites\\\/8\\\/2022\\\/12\\\/image000000003.jpg\",\"width\":321,\"height\":428},{\"@type\":\"BreadcrumbList\",\"@id\":\"https:\\\/\\\/pans.krosno.pl\\\/pielegniarstwo\\\/szkolenie-pracownikow-z-komunikacji-interpersonalnej\\\/#breadcrumb\",\"itemListElement\":[{\"@type\":\"ListItem\",\"position\":1,\"name\":\"Strona g\u0142\u00f3wna\",\"item\":\"https:\\\/\\\/pans.krosno.pl\\\/pielegniarstwo\\\/\"},{\"@type\":\"ListItem\",\"position\":2,\"name\":\"Szkolenie pracownik\u00f3w z komunikacji interpersonalnej\"}]},{\"@type\":\"WebSite\",\"@id\":\"https:\\\/\\\/pans.krosno.pl\\\/pielegniarstwo\\\/#website\",\"url\":\"https:\\\/\\\/pans.krosno.pl\\\/pielegniarstwo\\\/\",\"name\":\"Piel\u0119gniarstwo PANS w Kro\u015bnie\",\"description\":\"Piel\u0119gniarstwo - Pa\u0144stwowa Akademia Nauk Stosowanych\",\"publisher\":{\"@id\":\"https:\\\/\\\/pans.krosno.pl\\\/pielegniarstwo\\\/#organization\"},\"potentialAction\":[{\"@type\":\"SearchAction\",\"target\":{\"@type\":\"EntryPoint\",\"urlTemplate\":\"https:\\\/\\\/pans.krosno.pl\\\/pielegniarstwo\\\/?s={search_term_string}\"},\"query-input\":{\"@type\":\"PropertyValueSpecification\",\"valueRequired\":true,\"valueName\":\"search_term_string\"}}],\"inLanguage\":\"pl-PL\"},{\"@type\":\"Organization\",\"@id\":\"https:\\\/\\\/pans.krosno.pl\\\/pielegniarstwo\\\/#organization\",\"name\":\"Piel\u0119gniarstwo PANS w Kro\u015bnie\",\"url\":\"https:\\\/\\\/pans.krosno.pl\\\/pielegniarstwo\\\/\",\"logo\":{\"@type\":\"ImageObject\",\"inLanguage\":\"pl-PL\",\"@id\":\"https:\\\/\\\/pans.krosno.pl\\\/pielegniarstwo\\\/#\\\/schema\\\/logo\\\/image\\\/\",\"url\":\"https:\\\/\\\/pans.krosno.pl\\\/pielegniarstwo\\\/wp-content\\\/uploads\\\/sites\\\/8\\\/2023\\\/01\\\/Logo-PANS-2022-pelne.png\",\"contentUrl\":\"https:\\\/\\\/pans.krosno.pl\\\/pielegniarstwo\\\/wp-content\\\/uploads\\\/sites\\\/8\\\/2023\\\/01\\\/Logo-PANS-2022-pelne.png\",\"width\":3096,\"height\":696,\"caption\":\"Piel\u0119gniarstwo PANS w Kro\u015bnie\"},\"image\":{\"@id\":\"https:\\\/\\\/pans.krosno.pl\\\/pielegniarstwo\\\/#\\\/schema\\\/logo\\\/image\\\/\"}},{\"@type\":\"Person\",\"@id\":\"https:\\\/\\\/pans.krosno.pl\\\/pielegniarstwo\\\/#\\\/schema\\\/person\\\/5baf49bd6bf43ec61d825d5d14ce5f40\",\"name\":\"dawidmakowicz\",\"image\":{\"@type\":\"ImageObject\",\"inLanguage\":\"pl-PL\",\"@id\":\"https:\\\/\\\/secure.gravatar.com\\\/avatar\\\/83e00f21c199947762184a6b9067c6b783fbddea24245862753ec73bc9258b03?s=96&d=mm&r=g\",\"url\":\"https:\\\/\\\/secure.gravatar.com\\\/avatar\\\/83e00f21c199947762184a6b9067c6b783fbddea24245862753ec73bc9258b03?s=96&d=mm&r=g\",\"contentUrl\":\"https:\\\/\\\/secure.gravatar.com\\\/avatar\\\/83e00f21c199947762184a6b9067c6b783fbddea24245862753ec73bc9258b03?s=96&d=mm&r=g\",\"caption\":\"dawidmakowicz\"},\"url\":\"https:\\\/\\\/pans.krosno.pl\\\/pielegniarstwo\\\/author\\\/dawidmakowicz\\\/\"}]}<\/script>\n<!-- \/ Yoast SEO Premium plugin. -->","yoast_head_json":{"title":"Szkolenie pracownik\u00f3w z komunikacji interpersonalnej - Piel\u0119gniarstwo PANS w Kro\u015bnie","robots":{"index":"index","follow":"follow","max-snippet":"max-snippet:-1","max-image-preview":"max-image-preview:large","max-video-preview":"max-video-preview:-1"},"canonical":"https:\/\/pans.krosno.pl\/pielegniarstwo\/szkolenie-pracownikow-z-komunikacji-interpersonalnej\/","og_locale":"pl_PL","og_type":"article","og_title":"Szkolenie pracownik\u00f3w z komunikacji interpersonalnej","og_description":"W terminie od 29 wrze\u015bnia&nbsp; do 28 listopada 2022r. pracownicy Zak\u0142adu Piel\u0119gniarstwa i Zak\u0142adu Po\u0142o\u017cnictwa tj.: uczestniczyli w kursie specjalistycznym Komunikowanie interpersonalne w piel\u0119gniarstwie dla piel\u0119gniarek i po\u0142o\u017cnych realizowanego w ramach projektu nr POWR.07.01.00-00-0004\/22 pn. Wsparcie kszta\u0142cenia podyplomowego piel\u0119gniarek i po\u0142o\u017cnych w&nbsp;ramach Dzia\u0142ania 7.1 O\u015b priorytetowa VII Wsparcie REACT-EU dla [\u2026] Read More","og_url":"https:\/\/pans.krosno.pl\/pielegniarstwo\/szkolenie-pracownikow-z-komunikacji-interpersonalnej\/","og_site_name":"Piel\u0119gniarstwo PANS w Kro\u015bnie","article_published_time":"2022-12-05T18:10:00+00:00","article_modified_time":"2022-12-30T11:16:54+00:00","og_image":[{"width":321,"height":428,"url":"https:\/\/pans.krosno.pl\/wp-content\/uploads\/sites\/8\/2022\/12\/image000000003.jpg","type":"image\/jpeg"}],"author":"dawidmakowicz","twitter_card":"summary_large_image","twitter_misc":{"Napisane przez":"dawidmakowicz","Szacowany czas czytania":"2 minuty"},"schema":{"@context":"https:\/\/schema.org","@graph":[{"@type":"Article","@id":"https:\/\/pans.krosno.pl\/pielegniarstwo\/szkolenie-pracownikow-z-komunikacji-interpersonalnej\/#article","isPartOf":{"@id":"https:\/\/pans.krosno.pl\/pielegniarstwo\/szkolenie-pracownikow-z-komunikacji-interpersonalnej\/"},"author":{"name":"dawidmakowicz","@id":"https:\/\/pans.krosno.pl\/pielegniarstwo\/#\/schema\/person\/5baf49bd6bf43ec61d825d5d14ce5f40"},"headline":"Szkolenie pracownik\u00f3w z komunikacji interpersonalnej","datePublished":"2022-12-05T18:10:00+00:00","dateModified":"2022-12-30T11:16:54+00:00","mainEntityOfPage":{"@id":"https:\/\/pans.krosno.pl\/pielegniarstwo\/szkolenie-pracownikow-z-komunikacji-interpersonalnej\/"},"wordCount":456,"commentCount":0,"publisher":{"@id":"https:\/\/pans.krosno.pl\/pielegniarstwo\/#organization"},"image":{"@id":"https:\/\/pans.krosno.pl\/pielegniarstwo\/szkolenie-pracownikow-z-komunikacji-interpersonalnej\/#primaryimage"},"thumbnailUrl":"https:\/\/pans.krosno.pl\/pielegniarstwo\/wp-content\/uploads\/sites\/8\/2022\/12\/image000000003.jpg","inLanguage":"pl-PL","potentialAction":[{"@type":"CommentAction","name":"Comment","target":["https:\/\/pans.krosno.pl\/pielegniarstwo\/szkolenie-pracownikow-z-komunikacji-interpersonalnej\/#respond"]}]},{"@type":"WebPage","@id":"https:\/\/pans.krosno.pl\/pielegniarstwo\/szkolenie-pracownikow-z-komunikacji-interpersonalnej\/","url":"https:\/\/pans.krosno.pl\/pielegniarstwo\/szkolenie-pracownikow-z-komunikacji-interpersonalnej\/","name":"Szkolenie pracownik\u00f3w z komunikacji interpersonalnej - Piel\u0119gniarstwo PANS w Kro\u015bnie","isPartOf":{"@id":"https:\/\/pans.krosno.pl\/pielegniarstwo\/#website"},"primaryImageOfPage":{"@id":"https:\/\/pans.krosno.pl\/pielegniarstwo\/szkolenie-pracownikow-z-komunikacji-interpersonalnej\/#primaryimage"},"image":{"@id":"https:\/\/pans.krosno.pl\/pielegniarstwo\/szkolenie-pracownikow-z-komunikacji-interpersonalnej\/#primaryimage"},"thumbnailUrl":"https:\/\/pans.krosno.pl\/pielegniarstwo\/wp-content\/uploads\/sites\/8\/2022\/12\/image000000003.jpg","datePublished":"2022-12-05T18:10:00+00:00","dateModified":"2022-12-30T11:16:54+00:00","breadcrumb":{"@id":"https:\/\/pans.krosno.pl\/pielegniarstwo\/szkolenie-pracownikow-z-komunikacji-interpersonalnej\/#breadcrumb"},"inLanguage":"pl-PL","potentialAction":[{"@type":"ReadAction","target":["https:\/\/pans.krosno.pl\/pielegniarstwo\/szkolenie-pracownikow-z-komunikacji-interpersonalnej\/"]}]},{"@type":"ImageObject","inLanguage":"pl-PL","@id":"https:\/\/pans.krosno.pl\/pielegniarstwo\/szkolenie-pracownikow-z-komunikacji-interpersonalnej\/#primaryimage","url":"https:\/\/pans.krosno.pl\/pielegniarstwo\/wp-content\/uploads\/sites\/8\/2022\/12\/image000000003.jpg","contentUrl":"https:\/\/pans.krosno.pl\/pielegniarstwo\/wp-content\/uploads\/sites\/8\/2022\/12\/image000000003.jpg","width":321,"height":428},{"@type":"BreadcrumbList","@id":"https:\/\/pans.krosno.pl\/pielegniarstwo\/szkolenie-pracownikow-z-komunikacji-interpersonalnej\/#breadcrumb","itemListElement":[{"@type":"ListItem","position":1,"name":"Strona g\u0142\u00f3wna","item":"https:\/\/pans.krosno.pl\/pielegniarstwo\/"},{"@type":"ListItem","position":2,"name":"Szkolenie pracownik\u00f3w z komunikacji interpersonalnej"}]},{"@type":"WebSite","@id":"https:\/\/pans.krosno.pl\/pielegniarstwo\/#website","url":"https:\/\/pans.krosno.pl\/pielegniarstwo\/","name":"Piel\u0119gniarstwo PANS w Kro\u015bnie","description":"Piel\u0119gniarstwo - Pa\u0144stwowa Akademia Nauk Stosowanych","publisher":{"@id":"https:\/\/pans.krosno.pl\/pielegniarstwo\/#organization"},"potentialAction":[{"@type":"SearchAction","target":{"@type":"EntryPoint","urlTemplate":"https:\/\/pans.krosno.pl\/pielegniarstwo\/?s={search_term_string}"},"query-input":{"@type":"PropertyValueSpecification","valueRequired":true,"valueName":"search_term_string"}}],"inLanguage":"pl-PL"},{"@type":"Organization","@id":"https:\/\/pans.krosno.pl\/pielegniarstwo\/#organization","name":"Piel\u0119gniarstwo PANS w Kro\u015bnie","url":"https:\/\/pans.krosno.pl\/pielegniarstwo\/","logo":{"@type":"ImageObject","inLanguage":"pl-PL","@id":"https:\/\/pans.krosno.pl\/pielegniarstwo\/#\/schema\/logo\/image\/","url":"https:\/\/pans.krosno.pl\/pielegniarstwo\/wp-content\/uploads\/sites\/8\/2023\/01\/Logo-PANS-2022-pelne.png","contentUrl":"https:\/\/pans.krosno.pl\/pielegniarstwo\/wp-content\/uploads\/sites\/8\/2023\/01\/Logo-PANS-2022-pelne.png","width":3096,"height":696,"caption":"Piel\u0119gniarstwo PANS w Kro\u015bnie"},"image":{"@id":"https:\/\/pans.krosno.pl\/pielegniarstwo\/#\/schema\/logo\/image\/"}},{"@type":"Person","@id":"https:\/\/pans.krosno.pl\/pielegniarstwo\/#\/schema\/person\/5baf49bd6bf43ec61d825d5d14ce5f40","name":"dawidmakowicz","image":{"@type":"ImageObject","inLanguage":"pl-PL","@id":"https:\/\/secure.gravatar.com\/avatar\/83e00f21c199947762184a6b9067c6b783fbddea24245862753ec73bc9258b03?s=96&d=mm&r=g","url":"https:\/\/secure.gravatar.com\/avatar\/83e00f21c199947762184a6b9067c6b783fbddea24245862753ec73bc9258b03?s=96&d=mm&r=g","contentUrl":"https:\/\/secure.gravatar.com\/avatar\/83e00f21c199947762184a6b9067c6b783fbddea24245862753ec73bc9258b03?s=96&d=mm&r=g","caption":"dawidmakowicz"},"url":"https:\/\/pans.krosno.pl\/pielegniarstwo\/author\/dawidmakowicz\/"}]}},"_links":{"self":[{"href":"https:\/\/pans.krosno.pl\/pielegniarstwo\/wp-json\/wp\/v2\/posts\/4207","targetHints":{"allow":["GET"]}}],"collection":[{"href":"https:\/\/pans.krosno.pl\/pielegniarstwo\/wp-json\/wp\/v2\/posts"}],"about":[{"href":"https:\/\/pans.krosno.pl\/pielegniarstwo\/wp-json\/wp\/v2\/types\/post"}],"author":[{"embeddable":true,"href":"https:\/\/pans.krosno.pl\/pielegniarstwo\/wp-json\/wp\/v2\/users\/60"}],"replies":[{"embeddable":true,"href":"https:\/\/pans.krosno.pl\/pielegniarstwo\/wp-json\/wp\/v2\/comments?post=4207"}],"version-history":[{"count":2,"href":"https:\/\/pans.krosno.pl\/pielegniarstwo\/wp-json\/wp\/v2\/posts\/4207\/revisions"}],"predecessor-version":[{"id":4211,"href":"https:\/\/pans.krosno.pl\/pielegniarstwo\/wp-json\/wp\/v2\/posts\/4207\/revisions\/4211"}],"wp:featuredmedia":[{"embeddable":true,"href":"https:\/\/pans.krosno.pl\/pielegniarstwo\/wp-json\/wp\/v2\/media\/4208"}],"wp:attachment":[{"href":"https:\/\/pans.krosno.pl\/pielegniarstwo\/wp-json\/wp\/v2\/media?parent=4207"}],"wp:term":[{"taxonomy":"category","embeddable":true,"href":"https:\/\/pans.krosno.pl\/pielegniarstwo\/wp-json\/wp\/v2\/categories?post=4207"},{"taxonomy":"post_tag","embeddable":true,"href":"https:\/\/pans.krosno.pl\/pielegniarstwo\/wp-json\/wp\/v2\/tags?post=4207"}],"curies":[{"name":"wp","href":"https:\/\/api.w.org\/{rel}","templated":true}]}}