{"id":2518,"date":"2021-11-01T08:32:00","date_gmt":"2021-11-01T07:32:00","guid":{"rendered":"https:\/\/pans.krosno.pl\/pielegniarstwo\/?p=2518"},"modified":"2021-11-02T08:42:44","modified_gmt":"2021-11-02T07:42:44","slug":"czas-zadumy-refleksji-i-wspomnien-o-tych-ktorzy-odeszli","status":"publish","type":"post","link":"https:\/\/pans.krosno.pl\/pielegniarstwo\/czas-zadumy-refleksji-i-wspomnien-o-tych-ktorzy-odeszli\/","title":{"rendered":"Czas zadumy, refleksji i wspomnie\u0144 o tych, kt\u00f3rzy odeszli\u2026"},"content":{"rendered":"\n<p>Pierwsze dni listopada to szczeg\u00f3lne chwile. Przed nami dni pe\u0142ne ciszy, przemy\u015ble\u0144 i t\u0119sknoty za tymi, kt\u00f3rych z nami nie ma. Uroczysto\u015b\u0107 Wszystkich \u015awi\u0119tych i Dzie\u0144 Zaduszny pozwalaj\u0105 zatrzyma\u0107 si\u0119 cho\u0107by na moment, a pochylenie si\u0119 nad miejscem poch\u00f3wku zmar\u0142ych wzbudza w nas refleksje nad sensem istnienia i czasem odchodzenia. W ten trudny i zarazem wyj\u0105tkowy czas Zak\u0142ad Piel\u0119gniarstwa Karpackiej Pa\u0144stwowej Uczelni w Kro\u015bnie wspomina swoich pracownik\u00f3w, wyk\u0142adowc\u00f3w, mentor\u00f3w, kt\u00f3rzy przez lata stanowili cz\u0119\u015b\u0107 naszej spo\u0142eczno\u015bci, a odeszli od nas w ostatnim czasie.<\/p>\n\n\n\n<div class=\"wp-block-image\"><figure class=\"aligncenter size-large\"><img loading=\"lazy\" decoding=\"async\" width=\"1024\" height=\"1024\" src=\"https:\/\/pans.krosno.pl\/pielegniarstwo\/wp-content\/uploads\/sites\/8\/2021\/11\/Prof.-Piontek-1024x1024-2-1024x1024.jpg\" alt=\"\" class=\"wp-image-2524\" srcset=\"https:\/\/pans.krosno.pl\/pielegniarstwo\/wp-content\/uploads\/sites\/8\/2021\/11\/Prof.-Piontek-1024x1024-2.jpg 1024w, https:\/\/pans.krosno.pl\/pielegniarstwo\/wp-content\/uploads\/sites\/8\/2021\/11\/Prof.-Piontek-1024x1024-2-300x300.jpg 300w, https:\/\/pans.krosno.pl\/pielegniarstwo\/wp-content\/uploads\/sites\/8\/2021\/11\/Prof.-Piontek-1024x1024-2-150x150.jpg 150w, https:\/\/pans.krosno.pl\/pielegniarstwo\/wp-content\/uploads\/sites\/8\/2021\/11\/Prof.-Piontek-1024x1024-2-768x768.jpg 768w, https:\/\/pans.krosno.pl\/pielegniarstwo\/wp-content\/uploads\/sites\/8\/2021\/11\/Prof.-Piontek-1024x1024-2-800x800.jpg 800w, https:\/\/pans.krosno.pl\/pielegniarstwo\/wp-content\/uploads\/sites\/8\/2021\/11\/Prof.-Piontek-1024x1024-2-580x580.jpg 580w\" sizes=\"auto, (max-width: 1024px) 100vw, 1024px\" \/><\/figure><\/div>\n\n\n\n<p><strong>Prof. dr hab. n. med. El\u017cbieta Piontek \u2013 (ur. 21 wrze\u015bnia 1941 r.\u2013 zm. 14 sierpnia 2021 r.) Pani Profesor do\u0142\u0105czy\u0142a do kadry dydaktycznej Uczelni w 2005 roku,<\/strong>&nbsp;gdzie w Zak\u0142adzie Piel\u0119gniarstwa kszta\u0142ci\u0142a<br>i przekazywa\u0142a ogrom wiedzy, empatii i umiej\u0119tno\u015bci m\u0142odym ludziom, kt\u00f3rzy swoj\u0105 przysz\u0142o\u015b\u0107 wi\u0105zali<br>z piel\u0119gniarstwem. Uko\u0144czy\u0142a Akademi\u0119 Medyczn\u0105 w Poznaniu. Od 1979 roku wsp\u00f3\u0142organizowa\u0142a Centrum Zdrowia Dziecka w Warszawie i obj\u0119\u0142a funkcj\u0119 kierownika Kliniki Pediatrii, Diabetologii<br>i Alergologii. Pani Profesor uzyska\u0142a liczne odznaczenia mi\u0119dzy innymi&nbsp;<em>Krzy\u017c Kawalerski Orderu Odrodzenia Polski<\/em>, (1997), tytu\u0142 honorowy&nbsp;<em>R\u00f3\u017cy Polskiej Pediatrii (2015)<\/em>, kt\u00f3ry by\u0142 wyrazem docenienia wk\u0142adu w rozw\u00f3j polskiej pediatrii. Wspania\u0142y wyk\u0142adowca, znakomity lekarz i przyjaciel, empatyczna i elegancka kobieta otwarta na potrzeby student\u00f3w, pacjent\u00f3w oraz koleg\u00f3w. Taki jej obraz pozostanie w naszej pami\u0119ci.<\/p>\n\n\n\n<hr class=\"wp-block-separator\" \/>\n\n\n\n<figure class=\"wp-block-image size-large\"><img loading=\"lazy\" decoding=\"async\" width=\"1024\" height=\"920\" src=\"https:\/\/pans.krosno.pl\/pielegniarstwo\/wp-content\/uploads\/sites\/8\/2021\/11\/W_2-1-1024x920.jpg\" alt=\"\" class=\"wp-image-2526\" srcset=\"https:\/\/pans.krosno.pl\/pielegniarstwo\/wp-content\/uploads\/sites\/8\/2021\/11\/W_2-1-1024x920.jpg 1024w, https:\/\/pans.krosno.pl\/pielegniarstwo\/wp-content\/uploads\/sites\/8\/2021\/11\/W_2-1-300x269.jpg 300w, https:\/\/pans.krosno.pl\/pielegniarstwo\/wp-content\/uploads\/sites\/8\/2021\/11\/W_2-1-768x690.jpg 768w, https:\/\/pans.krosno.pl\/pielegniarstwo\/wp-content\/uploads\/sites\/8\/2021\/11\/W_2-1-800x719.jpg 800w, https:\/\/pans.krosno.pl\/pielegniarstwo\/wp-content\/uploads\/sites\/8\/2021\/11\/W_2-1-580x521.jpg 580w, https:\/\/pans.krosno.pl\/pielegniarstwo\/wp-content\/uploads\/sites\/8\/2021\/11\/W_2-1.jpg 1188w\" sizes=\"auto, (max-width: 1024px) 100vw, 1024px\" \/><\/figure>\n\n\n\n<p><strong>Dr n. med. Tadeusz Pawe\u0142 Wasilewski \u2013 <\/strong>(ur. 2 grudnia 1967 r. \u2013 zm. 23 pa\u017adziernika 2021 r.) zwi\u0105zany z Uczelni\u0105 od 2005 roku. Prowadzi\u0142 zaj\u0119cia na kierunku Piel\u0119gniarstwo m. in. w zakresie Chirurgii<br>i piel\u0119gniarstwa chirurgicznego oraz&nbsp; Psychiatrii i piel\u0119gniarstwa psychiatrycznego. Konsultant krajowy w dziedzinie piel\u0119gniarstwa chirurgicznego i operacyjnego. Zapami\u0119tamy Go jako wspania\u0142ego wyk\u0142adowc\u0119 i koleg\u0119, wra\u017cliwego na potrzeby innych, obdarzonego niezwyk\u0142ym poczuciem humoru, pogod\u0105 ducha i potrafi\u0105cego zjedna\u0107 sobie zar\u00f3wno swoich student\u00f3w jak i wsp\u00f3\u0142pracownik\u00f3w.<\/p>\n\n\n\n<p><strong>Msza \u015bwi\u0119ta w intencji \u015bp. Tadeusza Paw\u0142a Wasilewskiego zostanie odprawiona w Bazylice Tr\u00f3jcy \u015awi\u0119tej w Kro\u015bnie (fara kro\u015bnie\u0144ska) w dniu 10 listopada 2021 r.&nbsp;o godz. 18.00.<\/strong><\/p>\n","protected":false},"excerpt":{"rendered":"<p>Pierwsze dni listopada to szczeg\u00f3lne chwile. Przed nami dni pe\u0142ne ciszy, przemy\u015ble\u0144 i t\u0119sknoty za tymi, kt\u00f3rych z nami nie ma. Uroczysto\u015b\u0107 Wszystkich \u015awi\u0119tych i Dzie\u0144 Zaduszny pozwalaj\u0105 zatrzyma\u0107 si\u0119 cho\u0107by na moment, a pochylenie si\u0119 nad miejscem poch\u00f3wku zmar\u0142ych wzbudza w nas refleksje nad sensem istnienia i czasem odchodzenia. [\u2026] <\/p>\n<div class=\"clear\"><\/div>\n<p><a class=\"more_link clearfix\" href=\"https:\/\/pans.krosno.pl\/pielegniarstwo\/czas-zadumy-refleksji-i-wspomnien-o-tych-ktorzy-odeszli\/\" rel=\"nofollow\">Read More<\/a><\/p>\n","protected":false},"author":60,"featured_media":2519,"comment_status":"open","ping_status":"open","sticky":false,"template":"","format":"standard","meta":{"ngg_post_thumbnail":0,"footnotes":""},"categories":[1],"tags":[],"class_list":["post-2518","post","type-post","status-publish","format-standard","has-post-thumbnail","hentry","category-bez-kategorii"],"yoast_head":"<!-- This site is optimized with the Yoast SEO Premium plugin v27.4 (Yoast SEO v27.4) - https:\/\/yoast.com\/product\/yoast-seo-premium-wordpress\/ -->\n<title>Czas zadumy, refleksji i wspomnie\u0144 o tych, kt\u00f3rzy odeszli\u2026 - Piel\u0119gniarstwo PANS w Kro\u015bnie<\/title>\n<meta name=\"robots\" content=\"index, follow, max-snippet:-1, max-image-preview:large, max-video-preview:-1\" \/>\n<link rel=\"canonical\" href=\"https:\/\/pans.krosno.pl\/pielegniarstwo\/czas-zadumy-refleksji-i-wspomnien-o-tych-ktorzy-odeszli\/\" \/>\n<meta property=\"og:locale\" content=\"pl_PL\" \/>\n<meta property=\"og:type\" content=\"article\" \/>\n<meta property=\"og:title\" content=\"Czas zadumy, refleksji i wspomnie\u0144 o tych, kt\u00f3rzy odeszli\u2026\" \/>\n<meta property=\"og:description\" content=\"Pierwsze dni listopada to szczeg\u00f3lne chwile. Przed nami dni pe\u0142ne ciszy, przemy\u015ble\u0144 i t\u0119sknoty za tymi, kt\u00f3rych z nami nie ma. Uroczysto\u015b\u0107 Wszystkich \u015awi\u0119tych i Dzie\u0144 Zaduszny pozwalaj\u0105 zatrzyma\u0107 si\u0119 cho\u0107by na moment, a pochylenie si\u0119 nad miejscem poch\u00f3wku zmar\u0142ych wzbudza w nas refleksje nad sensem istnienia i czasem odchodzenia. [\u2026] Read More\" \/>\n<meta property=\"og:url\" content=\"https:\/\/pans.krosno.pl\/pielegniarstwo\/czas-zadumy-refleksji-i-wspomnien-o-tych-ktorzy-odeszli\/\" \/>\n<meta property=\"og:site_name\" content=\"Piel\u0119gniarstwo PANS w Kro\u015bnie\" \/>\n<meta property=\"article:published_time\" content=\"2021-11-01T07:32:00+00:00\" \/>\n<meta property=\"article:modified_time\" content=\"2021-11-02T07:42:44+00:00\" \/>\n<meta property=\"og:image\" content=\"https:\/\/pans.krosno.pl\/wp-content\/uploads\/sites\/8\/2021\/11\/indeks.jpg\" \/>\n\t<meta property=\"og:image:width\" content=\"276\" \/>\n\t<meta property=\"og:image:height\" content=\"183\" \/>\n\t<meta property=\"og:image:type\" content=\"image\/jpeg\" \/>\n<meta name=\"author\" content=\"dawidmakowicz\" \/>\n<meta name=\"twitter:card\" content=\"summary_large_image\" \/>\n<meta name=\"twitter:label1\" content=\"Napisane przez\" \/>\n\t<meta name=\"twitter:data1\" content=\"dawidmakowicz\" \/>\n\t<meta name=\"twitter:label2\" content=\"Szacowany czas czytania\" \/>\n\t<meta name=\"twitter:data2\" content=\"2 minuty\" \/>\n<script type=\"application\/ld+json\" class=\"yoast-schema-graph\">{\"@context\":\"https:\\\/\\\/schema.org\",\"@graph\":[{\"@type\":\"Article\",\"@id\":\"https:\\\/\\\/pans.krosno.pl\\\/pielegniarstwo\\\/czas-zadumy-refleksji-i-wspomnien-o-tych-ktorzy-odeszli\\\/#article\",\"isPartOf\":{\"@id\":\"https:\\\/\\\/pans.krosno.pl\\\/pielegniarstwo\\\/czas-zadumy-refleksji-i-wspomnien-o-tych-ktorzy-odeszli\\\/\"},\"author\":{\"name\":\"dawidmakowicz\",\"@id\":\"https:\\\/\\\/pans.krosno.pl\\\/pielegniarstwo\\\/#\\\/schema\\\/person\\\/5baf49bd6bf43ec61d825d5d14ce5f40\"},\"headline\":\"Czas zadumy, refleksji i wspomnie\u0144 o tych, kt\u00f3rzy odeszli\u2026\",\"datePublished\":\"2021-11-01T07:32:00+00:00\",\"dateModified\":\"2021-11-02T07:42:44+00:00\",\"mainEntityOfPage\":{\"@id\":\"https:\\\/\\\/pans.krosno.pl\\\/pielegniarstwo\\\/czas-zadumy-refleksji-i-wspomnien-o-tych-ktorzy-odeszli\\\/\"},\"wordCount\":380,\"commentCount\":0,\"publisher\":{\"@id\":\"https:\\\/\\\/pans.krosno.pl\\\/pielegniarstwo\\\/#organization\"},\"image\":{\"@id\":\"https:\\\/\\\/pans.krosno.pl\\\/pielegniarstwo\\\/czas-zadumy-refleksji-i-wspomnien-o-tych-ktorzy-odeszli\\\/#primaryimage\"},\"thumbnailUrl\":\"https:\\\/\\\/pans.krosno.pl\\\/pielegniarstwo\\\/wp-content\\\/uploads\\\/sites\\\/8\\\/2021\\\/11\\\/indeks.jpg\",\"inLanguage\":\"pl-PL\",\"potentialAction\":[{\"@type\":\"CommentAction\",\"name\":\"Comment\",\"target\":[\"https:\\\/\\\/pans.krosno.pl\\\/pielegniarstwo\\\/czas-zadumy-refleksji-i-wspomnien-o-tych-ktorzy-odeszli\\\/#respond\"]}]},{\"@type\":\"WebPage\",\"@id\":\"https:\\\/\\\/pans.krosno.pl\\\/pielegniarstwo\\\/czas-zadumy-refleksji-i-wspomnien-o-tych-ktorzy-odeszli\\\/\",\"url\":\"https:\\\/\\\/pans.krosno.pl\\\/pielegniarstwo\\\/czas-zadumy-refleksji-i-wspomnien-o-tych-ktorzy-odeszli\\\/\",\"name\":\"Czas zadumy, refleksji i wspomnie\u0144 o tych, kt\u00f3rzy odeszli\u2026 - Piel\u0119gniarstwo PANS w Kro\u015bnie\",\"isPartOf\":{\"@id\":\"https:\\\/\\\/pans.krosno.pl\\\/pielegniarstwo\\\/#website\"},\"primaryImageOfPage\":{\"@id\":\"https:\\\/\\\/pans.krosno.pl\\\/pielegniarstwo\\\/czas-zadumy-refleksji-i-wspomnien-o-tych-ktorzy-odeszli\\\/#primaryimage\"},\"image\":{\"@id\":\"https:\\\/\\\/pans.krosno.pl\\\/pielegniarstwo\\\/czas-zadumy-refleksji-i-wspomnien-o-tych-ktorzy-odeszli\\\/#primaryimage\"},\"thumbnailUrl\":\"https:\\\/\\\/pans.krosno.pl\\\/pielegniarstwo\\\/wp-content\\\/uploads\\\/sites\\\/8\\\/2021\\\/11\\\/indeks.jpg\",\"datePublished\":\"2021-11-01T07:32:00+00:00\",\"dateModified\":\"2021-11-02T07:42:44+00:00\",\"breadcrumb\":{\"@id\":\"https:\\\/\\\/pans.krosno.pl\\\/pielegniarstwo\\\/czas-zadumy-refleksji-i-wspomnien-o-tych-ktorzy-odeszli\\\/#breadcrumb\"},\"inLanguage\":\"pl-PL\",\"potentialAction\":[{\"@type\":\"ReadAction\",\"target\":[\"https:\\\/\\\/pans.krosno.pl\\\/pielegniarstwo\\\/czas-zadumy-refleksji-i-wspomnien-o-tych-ktorzy-odeszli\\\/\"]}]},{\"@type\":\"ImageObject\",\"inLanguage\":\"pl-PL\",\"@id\":\"https:\\\/\\\/pans.krosno.pl\\\/pielegniarstwo\\\/czas-zadumy-refleksji-i-wspomnien-o-tych-ktorzy-odeszli\\\/#primaryimage\",\"url\":\"https:\\\/\\\/pans.krosno.pl\\\/pielegniarstwo\\\/wp-content\\\/uploads\\\/sites\\\/8\\\/2021\\\/11\\\/indeks.jpg\",\"contentUrl\":\"https:\\\/\\\/pans.krosno.pl\\\/pielegniarstwo\\\/wp-content\\\/uploads\\\/sites\\\/8\\\/2021\\\/11\\\/indeks.jpg\",\"width\":276,\"height\":183},{\"@type\":\"BreadcrumbList\",\"@id\":\"https:\\\/\\\/pans.krosno.pl\\\/pielegniarstwo\\\/czas-zadumy-refleksji-i-wspomnien-o-tych-ktorzy-odeszli\\\/#breadcrumb\",\"itemListElement\":[{\"@type\":\"ListItem\",\"position\":1,\"name\":\"Strona g\u0142\u00f3wna\",\"item\":\"https:\\\/\\\/pans.krosno.pl\\\/pielegniarstwo\\\/\"},{\"@type\":\"ListItem\",\"position\":2,\"name\":\"Czas zadumy, refleksji i wspomnie\u0144 o tych, kt\u00f3rzy odeszli\u2026\"}]},{\"@type\":\"WebSite\",\"@id\":\"https:\\\/\\\/pans.krosno.pl\\\/pielegniarstwo\\\/#website\",\"url\":\"https:\\\/\\\/pans.krosno.pl\\\/pielegniarstwo\\\/\",\"name\":\"Piel\u0119gniarstwo PANS w Kro\u015bnie\",\"description\":\"Piel\u0119gniarstwo - Pa\u0144stwowa Akademia Nauk Stosowanych\",\"publisher\":{\"@id\":\"https:\\\/\\\/pans.krosno.pl\\\/pielegniarstwo\\\/#organization\"},\"potentialAction\":[{\"@type\":\"SearchAction\",\"target\":{\"@type\":\"EntryPoint\",\"urlTemplate\":\"https:\\\/\\\/pans.krosno.pl\\\/pielegniarstwo\\\/?s={search_term_string}\"},\"query-input\":{\"@type\":\"PropertyValueSpecification\",\"valueRequired\":true,\"valueName\":\"search_term_string\"}}],\"inLanguage\":\"pl-PL\"},{\"@type\":\"Organization\",\"@id\":\"https:\\\/\\\/pans.krosno.pl\\\/pielegniarstwo\\\/#organization\",\"name\":\"Piel\u0119gniarstwo PANS w Kro\u015bnie\",\"url\":\"https:\\\/\\\/pans.krosno.pl\\\/pielegniarstwo\\\/\",\"logo\":{\"@type\":\"ImageObject\",\"inLanguage\":\"pl-PL\",\"@id\":\"https:\\\/\\\/pans.krosno.pl\\\/pielegniarstwo\\\/#\\\/schema\\\/logo\\\/image\\\/\",\"url\":\"https:\\\/\\\/pans.krosno.pl\\\/pielegniarstwo\\\/wp-content\\\/uploads\\\/sites\\\/8\\\/2023\\\/01\\\/Logo-PANS-2022-pelne.png\",\"contentUrl\":\"https:\\\/\\\/pans.krosno.pl\\\/pielegniarstwo\\\/wp-content\\\/uploads\\\/sites\\\/8\\\/2023\\\/01\\\/Logo-PANS-2022-pelne.png\",\"width\":3096,\"height\":696,\"caption\":\"Piel\u0119gniarstwo PANS w Kro\u015bnie\"},\"image\":{\"@id\":\"https:\\\/\\\/pans.krosno.pl\\\/pielegniarstwo\\\/#\\\/schema\\\/logo\\\/image\\\/\"}},{\"@type\":\"Person\",\"@id\":\"https:\\\/\\\/pans.krosno.pl\\\/pielegniarstwo\\\/#\\\/schema\\\/person\\\/5baf49bd6bf43ec61d825d5d14ce5f40\",\"name\":\"dawidmakowicz\",\"image\":{\"@type\":\"ImageObject\",\"inLanguage\":\"pl-PL\",\"@id\":\"https:\\\/\\\/secure.gravatar.com\\\/avatar\\\/83e00f21c199947762184a6b9067c6b783fbddea24245862753ec73bc9258b03?s=96&d=mm&r=g\",\"url\":\"https:\\\/\\\/secure.gravatar.com\\\/avatar\\\/83e00f21c199947762184a6b9067c6b783fbddea24245862753ec73bc9258b03?s=96&d=mm&r=g\",\"contentUrl\":\"https:\\\/\\\/secure.gravatar.com\\\/avatar\\\/83e00f21c199947762184a6b9067c6b783fbddea24245862753ec73bc9258b03?s=96&d=mm&r=g\",\"caption\":\"dawidmakowicz\"},\"url\":\"https:\\\/\\\/pans.krosno.pl\\\/pielegniarstwo\\\/author\\\/dawidmakowicz\\\/\"}]}<\/script>\n<!-- \/ Yoast SEO Premium plugin. -->","yoast_head_json":{"title":"Czas zadumy, refleksji i wspomnie\u0144 o tych, kt\u00f3rzy odeszli\u2026 - Piel\u0119gniarstwo PANS w Kro\u015bnie","robots":{"index":"index","follow":"follow","max-snippet":"max-snippet:-1","max-image-preview":"max-image-preview:large","max-video-preview":"max-video-preview:-1"},"canonical":"https:\/\/pans.krosno.pl\/pielegniarstwo\/czas-zadumy-refleksji-i-wspomnien-o-tych-ktorzy-odeszli\/","og_locale":"pl_PL","og_type":"article","og_title":"Czas zadumy, refleksji i wspomnie\u0144 o tych, kt\u00f3rzy odeszli\u2026","og_description":"Pierwsze dni listopada to szczeg\u00f3lne chwile. Przed nami dni pe\u0142ne ciszy, przemy\u015ble\u0144 i t\u0119sknoty za tymi, kt\u00f3rych z nami nie ma. Uroczysto\u015b\u0107 Wszystkich \u015awi\u0119tych i Dzie\u0144 Zaduszny pozwalaj\u0105 zatrzyma\u0107 si\u0119 cho\u0107by na moment, a pochylenie si\u0119 nad miejscem poch\u00f3wku zmar\u0142ych wzbudza w nas refleksje nad sensem istnienia i czasem odchodzenia. [\u2026] Read More","og_url":"https:\/\/pans.krosno.pl\/pielegniarstwo\/czas-zadumy-refleksji-i-wspomnien-o-tych-ktorzy-odeszli\/","og_site_name":"Piel\u0119gniarstwo PANS w Kro\u015bnie","article_published_time":"2021-11-01T07:32:00+00:00","article_modified_time":"2021-11-02T07:42:44+00:00","og_image":[{"width":276,"height":183,"url":"https:\/\/pans.krosno.pl\/wp-content\/uploads\/sites\/8\/2021\/11\/indeks.jpg","type":"image\/jpeg"}],"author":"dawidmakowicz","twitter_card":"summary_large_image","twitter_misc":{"Napisane przez":"dawidmakowicz","Szacowany czas czytania":"2 minuty"},"schema":{"@context":"https:\/\/schema.org","@graph":[{"@type":"Article","@id":"https:\/\/pans.krosno.pl\/pielegniarstwo\/czas-zadumy-refleksji-i-wspomnien-o-tych-ktorzy-odeszli\/#article","isPartOf":{"@id":"https:\/\/pans.krosno.pl\/pielegniarstwo\/czas-zadumy-refleksji-i-wspomnien-o-tych-ktorzy-odeszli\/"},"author":{"name":"dawidmakowicz","@id":"https:\/\/pans.krosno.pl\/pielegniarstwo\/#\/schema\/person\/5baf49bd6bf43ec61d825d5d14ce5f40"},"headline":"Czas zadumy, refleksji i wspomnie\u0144 o tych, kt\u00f3rzy odeszli\u2026","datePublished":"2021-11-01T07:32:00+00:00","dateModified":"2021-11-02T07:42:44+00:00","mainEntityOfPage":{"@id":"https:\/\/pans.krosno.pl\/pielegniarstwo\/czas-zadumy-refleksji-i-wspomnien-o-tych-ktorzy-odeszli\/"},"wordCount":380,"commentCount":0,"publisher":{"@id":"https:\/\/pans.krosno.pl\/pielegniarstwo\/#organization"},"image":{"@id":"https:\/\/pans.krosno.pl\/pielegniarstwo\/czas-zadumy-refleksji-i-wspomnien-o-tych-ktorzy-odeszli\/#primaryimage"},"thumbnailUrl":"https:\/\/pans.krosno.pl\/pielegniarstwo\/wp-content\/uploads\/sites\/8\/2021\/11\/indeks.jpg","inLanguage":"pl-PL","potentialAction":[{"@type":"CommentAction","name":"Comment","target":["https:\/\/pans.krosno.pl\/pielegniarstwo\/czas-zadumy-refleksji-i-wspomnien-o-tych-ktorzy-odeszli\/#respond"]}]},{"@type":"WebPage","@id":"https:\/\/pans.krosno.pl\/pielegniarstwo\/czas-zadumy-refleksji-i-wspomnien-o-tych-ktorzy-odeszli\/","url":"https:\/\/pans.krosno.pl\/pielegniarstwo\/czas-zadumy-refleksji-i-wspomnien-o-tych-ktorzy-odeszli\/","name":"Czas zadumy, refleksji i wspomnie\u0144 o tych, kt\u00f3rzy odeszli\u2026 - Piel\u0119gniarstwo PANS w Kro\u015bnie","isPartOf":{"@id":"https:\/\/pans.krosno.pl\/pielegniarstwo\/#website"},"primaryImageOfPage":{"@id":"https:\/\/pans.krosno.pl\/pielegniarstwo\/czas-zadumy-refleksji-i-wspomnien-o-tych-ktorzy-odeszli\/#primaryimage"},"image":{"@id":"https:\/\/pans.krosno.pl\/pielegniarstwo\/czas-zadumy-refleksji-i-wspomnien-o-tych-ktorzy-odeszli\/#primaryimage"},"thumbnailUrl":"https:\/\/pans.krosno.pl\/pielegniarstwo\/wp-content\/uploads\/sites\/8\/2021\/11\/indeks.jpg","datePublished":"2021-11-01T07:32:00+00:00","dateModified":"2021-11-02T07:42:44+00:00","breadcrumb":{"@id":"https:\/\/pans.krosno.pl\/pielegniarstwo\/czas-zadumy-refleksji-i-wspomnien-o-tych-ktorzy-odeszli\/#breadcrumb"},"inLanguage":"pl-PL","potentialAction":[{"@type":"ReadAction","target":["https:\/\/pans.krosno.pl\/pielegniarstwo\/czas-zadumy-refleksji-i-wspomnien-o-tych-ktorzy-odeszli\/"]}]},{"@type":"ImageObject","inLanguage":"pl-PL","@id":"https:\/\/pans.krosno.pl\/pielegniarstwo\/czas-zadumy-refleksji-i-wspomnien-o-tych-ktorzy-odeszli\/#primaryimage","url":"https:\/\/pans.krosno.pl\/pielegniarstwo\/wp-content\/uploads\/sites\/8\/2021\/11\/indeks.jpg","contentUrl":"https:\/\/pans.krosno.pl\/pielegniarstwo\/wp-content\/uploads\/sites\/8\/2021\/11\/indeks.jpg","width":276,"height":183},{"@type":"BreadcrumbList","@id":"https:\/\/pans.krosno.pl\/pielegniarstwo\/czas-zadumy-refleksji-i-wspomnien-o-tych-ktorzy-odeszli\/#breadcrumb","itemListElement":[{"@type":"ListItem","position":1,"name":"Strona g\u0142\u00f3wna","item":"https:\/\/pans.krosno.pl\/pielegniarstwo\/"},{"@type":"ListItem","position":2,"name":"Czas zadumy, refleksji i wspomnie\u0144 o tych, kt\u00f3rzy odeszli\u2026"}]},{"@type":"WebSite","@id":"https:\/\/pans.krosno.pl\/pielegniarstwo\/#website","url":"https:\/\/pans.krosno.pl\/pielegniarstwo\/","name":"Piel\u0119gniarstwo PANS w Kro\u015bnie","description":"Piel\u0119gniarstwo - Pa\u0144stwowa Akademia Nauk Stosowanych","publisher":{"@id":"https:\/\/pans.krosno.pl\/pielegniarstwo\/#organization"},"potentialAction":[{"@type":"SearchAction","target":{"@type":"EntryPoint","urlTemplate":"https:\/\/pans.krosno.pl\/pielegniarstwo\/?s={search_term_string}"},"query-input":{"@type":"PropertyValueSpecification","valueRequired":true,"valueName":"search_term_string"}}],"inLanguage":"pl-PL"},{"@type":"Organization","@id":"https:\/\/pans.krosno.pl\/pielegniarstwo\/#organization","name":"Piel\u0119gniarstwo PANS w Kro\u015bnie","url":"https:\/\/pans.krosno.pl\/pielegniarstwo\/","logo":{"@type":"ImageObject","inLanguage":"pl-PL","@id":"https:\/\/pans.krosno.pl\/pielegniarstwo\/#\/schema\/logo\/image\/","url":"https:\/\/pans.krosno.pl\/pielegniarstwo\/wp-content\/uploads\/sites\/8\/2023\/01\/Logo-PANS-2022-pelne.png","contentUrl":"https:\/\/pans.krosno.pl\/pielegniarstwo\/wp-content\/uploads\/sites\/8\/2023\/01\/Logo-PANS-2022-pelne.png","width":3096,"height":696,"caption":"Piel\u0119gniarstwo PANS w Kro\u015bnie"},"image":{"@id":"https:\/\/pans.krosno.pl\/pielegniarstwo\/#\/schema\/logo\/image\/"}},{"@type":"Person","@id":"https:\/\/pans.krosno.pl\/pielegniarstwo\/#\/schema\/person\/5baf49bd6bf43ec61d825d5d14ce5f40","name":"dawidmakowicz","image":{"@type":"ImageObject","inLanguage":"pl-PL","@id":"https:\/\/secure.gravatar.com\/avatar\/83e00f21c199947762184a6b9067c6b783fbddea24245862753ec73bc9258b03?s=96&d=mm&r=g","url":"https:\/\/secure.gravatar.com\/avatar\/83e00f21c199947762184a6b9067c6b783fbddea24245862753ec73bc9258b03?s=96&d=mm&r=g","contentUrl":"https:\/\/secure.gravatar.com\/avatar\/83e00f21c199947762184a6b9067c6b783fbddea24245862753ec73bc9258b03?s=96&d=mm&r=g","caption":"dawidmakowicz"},"url":"https:\/\/pans.krosno.pl\/pielegniarstwo\/author\/dawidmakowicz\/"}]}},"_links":{"self":[{"href":"https:\/\/pans.krosno.pl\/pielegniarstwo\/wp-json\/wp\/v2\/posts\/2518","targetHints":{"allow":["GET"]}}],"collection":[{"href":"https:\/\/pans.krosno.pl\/pielegniarstwo\/wp-json\/wp\/v2\/posts"}],"about":[{"href":"https:\/\/pans.krosno.pl\/pielegniarstwo\/wp-json\/wp\/v2\/types\/post"}],"author":[{"embeddable":true,"href":"https:\/\/pans.krosno.pl\/pielegniarstwo\/wp-json\/wp\/v2\/users\/60"}],"replies":[{"embeddable":true,"href":"https:\/\/pans.krosno.pl\/pielegniarstwo\/wp-json\/wp\/v2\/comments?post=2518"}],"version-history":[{"count":4,"href":"https:\/\/pans.krosno.pl\/pielegniarstwo\/wp-json\/wp\/v2\/posts\/2518\/revisions"}],"predecessor-version":[{"id":2529,"href":"https:\/\/pans.krosno.pl\/pielegniarstwo\/wp-json\/wp\/v2\/posts\/2518\/revisions\/2529"}],"wp:featuredmedia":[{"embeddable":true,"href":"https:\/\/pans.krosno.pl\/pielegniarstwo\/wp-json\/wp\/v2\/media\/2519"}],"wp:attachment":[{"href":"https:\/\/pans.krosno.pl\/pielegniarstwo\/wp-json\/wp\/v2\/media?parent=2518"}],"wp:term":[{"taxonomy":"category","embeddable":true,"href":"https:\/\/pans.krosno.pl\/pielegniarstwo\/wp-json\/wp\/v2\/categories?post=2518"},{"taxonomy":"post_tag","embeddable":true,"href":"https:\/\/pans.krosno.pl\/pielegniarstwo\/wp-json\/wp\/v2\/tags?post=2518"}],"curies":[{"name":"wp","href":"https:\/\/api.w.org\/{rel}","templated":true}]}}