{"id":3624,"date":"2023-12-16T12:04:55","date_gmt":"2023-12-16T11:04:55","guid":{"rendered":"https:\/\/pans.krosno.pl\/pibz\/?p=3624"},"modified":"2023-12-21T12:12:53","modified_gmt":"2023-12-21T11:12:53","slug":"akcja-charytatywna-dla-domu-dziecka-w-dlugim","status":"publish","type":"post","link":"https:\/\/pans.krosno.pl\/pibz\/akcja-charytatywna-dla-domu-dziecka-w-dlugim\/","title":{"rendered":"Akcja charytatywna dla Domu Dziecka w D\u0142ugim"},"content":{"rendered":"<div class=\"xdj266r x11i5rnm xat24cr x1mh8g0r x1vvkbs x126k92a\">\n<div dir=\"auto\">Studenci kierunku Produkcja i bezpiecze\u0144stwo \u017cywno\u015bci wraz z dr hab. in\u017c. Barbar\u0105 Krochmal-Marczak, prof. PANS zorganizowali zbi\u00f3rk\u0119 dar\u00f3w dla Ch\u0142opc\u00f3w z Domu Dziecka im. Janusza Korczaka w D\u0142ugiem.&nbsp; Podarowano m.in. przybory szkolne, kosmetyki i chemi\u0119 codziennego u\u017cytku oraz s\u0142odycze. W zamian Podopieczni DD w D\u0142ugiem przygotowali \u015bwi\u0105teczne stroiki. Dzi\u0119kujemy.<\/div>\n<\/div>\n<div class=\"x11i5rnm xat24cr x1mh8g0r x1vvkbs xtlvy1s x126k92a\">\n<div dir=\"auto\">&nbsp;<\/div>\n<\/div>\n\n\n<div class=\"wp-block-columns is-layout-flex wp-container-core-columns-is-layout-28f84493 wp-block-columns-is-layout-flex\">\n<div class=\"wp-block-column is-layout-flow wp-block-column-is-layout-flow\">\n<figure class=\"wp-block-image size-large\"><img loading=\"lazy\" decoding=\"async\" width=\"766\" height=\"1024\" src=\"https:\/\/pans.krosno.pl\/pibz\/wp-content\/uploads\/sites\/35\/2023\/12\/410946839_321912284133709_4780875172815962685_n-766x1024.jpg\" alt=\"stroik podarowany od dzieci\" class=\"wp-image-3625\" srcset=\"https:\/\/pans.krosno.pl\/pibz\/wp-content\/uploads\/sites\/35\/2023\/12\/410946839_321912284133709_4780875172815962685_n-766x1024.jpg 766w, https:\/\/pans.krosno.pl\/pibz\/wp-content\/uploads\/sites\/35\/2023\/12\/410946839_321912284133709_4780875172815962685_n-224x300.jpg 224w, https:\/\/pans.krosno.pl\/pibz\/wp-content\/uploads\/sites\/35\/2023\/12\/410946839_321912284133709_4780875172815962685_n-768x1027.jpg 768w, https:\/\/pans.krosno.pl\/pibz\/wp-content\/uploads\/sites\/35\/2023\/12\/410946839_321912284133709_4780875172815962685_n-1149x1536.jpg 1149w, https:\/\/pans.krosno.pl\/pibz\/wp-content\/uploads\/sites\/35\/2023\/12\/410946839_321912284133709_4780875172815962685_n-800x1069.jpg 800w, https:\/\/pans.krosno.pl\/pibz\/wp-content\/uploads\/sites\/35\/2023\/12\/410946839_321912284133709_4780875172815962685_n-580x775.jpg 580w, https:\/\/pans.krosno.pl\/pibz\/wp-content\/uploads\/sites\/35\/2023\/12\/410946839_321912284133709_4780875172815962685_n.jpg 1532w\" sizes=\"auto, (max-width: 766px) 100vw, 766px\" \/><\/figure>\n<\/div>\n\n\n\n<div class=\"wp-block-column is-layout-flow wp-block-column-is-layout-flow\">\n<figure class=\"wp-block-image size-large\"><img loading=\"lazy\" decoding=\"async\" width=\"766\" height=\"1024\" src=\"https:\/\/pans.krosno.pl\/pibz\/wp-content\/uploads\/sites\/35\/2023\/12\/411046082_321912197467051_7344682772660421772_n-766x1024.jpg\" alt=\"studenci z Pani\u0105 kierownik o darami\" class=\"wp-image-3626\" srcset=\"https:\/\/pans.krosno.pl\/pibz\/wp-content\/uploads\/sites\/35\/2023\/12\/411046082_321912197467051_7344682772660421772_n-766x1024.jpg 766w, https:\/\/pans.krosno.pl\/pibz\/wp-content\/uploads\/sites\/35\/2023\/12\/411046082_321912197467051_7344682772660421772_n-224x300.jpg 224w, https:\/\/pans.krosno.pl\/pibz\/wp-content\/uploads\/sites\/35\/2023\/12\/411046082_321912197467051_7344682772660421772_n-768x1027.jpg 768w, https:\/\/pans.krosno.pl\/pibz\/wp-content\/uploads\/sites\/35\/2023\/12\/411046082_321912197467051_7344682772660421772_n-1149x1536.jpg 1149w, https:\/\/pans.krosno.pl\/pibz\/wp-content\/uploads\/sites\/35\/2023\/12\/411046082_321912197467051_7344682772660421772_n-800x1069.jpg 800w, https:\/\/pans.krosno.pl\/pibz\/wp-content\/uploads\/sites\/35\/2023\/12\/411046082_321912197467051_7344682772660421772_n-580x775.jpg 580w, https:\/\/pans.krosno.pl\/pibz\/wp-content\/uploads\/sites\/35\/2023\/12\/411046082_321912197467051_7344682772660421772_n.jpg 1532w\" sizes=\"auto, (max-width: 766px) 100vw, 766px\" \/><\/figure>\n<\/div>\n\n\n\n<div class=\"wp-block-column is-layout-flow wp-block-column-is-layout-flow\">\n<figure class=\"wp-block-image size-large\"><img loading=\"lazy\" decoding=\"async\" width=\"766\" height=\"1024\" src=\"https:\/\/pans.krosno.pl\/pibz\/wp-content\/uploads\/sites\/35\/2023\/12\/410901651_321912130800391_5082164050543643570_n-766x1024.jpg\" alt=\"dary w pudle\" class=\"wp-image-3627\" srcset=\"https:\/\/pans.krosno.pl\/pibz\/wp-content\/uploads\/sites\/35\/2023\/12\/410901651_321912130800391_5082164050543643570_n-766x1024.jpg 766w, https:\/\/pans.krosno.pl\/pibz\/wp-content\/uploads\/sites\/35\/2023\/12\/410901651_321912130800391_5082164050543643570_n-224x300.jpg 224w, https:\/\/pans.krosno.pl\/pibz\/wp-content\/uploads\/sites\/35\/2023\/12\/410901651_321912130800391_5082164050543643570_n-768x1027.jpg 768w, https:\/\/pans.krosno.pl\/pibz\/wp-content\/uploads\/sites\/35\/2023\/12\/410901651_321912130800391_5082164050543643570_n-1149x1536.jpg 1149w, https:\/\/pans.krosno.pl\/pibz\/wp-content\/uploads\/sites\/35\/2023\/12\/410901651_321912130800391_5082164050543643570_n-800x1069.jpg 800w, https:\/\/pans.krosno.pl\/pibz\/wp-content\/uploads\/sites\/35\/2023\/12\/410901651_321912130800391_5082164050543643570_n-580x775.jpg 580w, https:\/\/pans.krosno.pl\/pibz\/wp-content\/uploads\/sites\/35\/2023\/12\/410901651_321912130800391_5082164050543643570_n.jpg 1532w\" sizes=\"auto, (max-width: 766px) 100vw, 766px\" \/><\/figure>\n<\/div>\n<\/div>\n\n\n\n<figure class=\"wp-block-image size-large is-resized\"><img loading=\"lazy\" decoding=\"async\" src=\"https:\/\/pans.krosno.pl\/pibz\/wp-content\/uploads\/sites\/35\/2023\/12\/410928512_321912420800362_8360964840627084727_n-1024x766.jpg\" alt=\"dary ze zbi\u00f3rki pod choink\u0105\" class=\"wp-image-3628\" width=\"839\" height=\"627\" srcset=\"https:\/\/pans.krosno.pl\/pibz\/wp-content\/uploads\/sites\/35\/2023\/12\/410928512_321912420800362_8360964840627084727_n-1024x766.jpg 1024w, https:\/\/pans.krosno.pl\/pibz\/wp-content\/uploads\/sites\/35\/2023\/12\/410928512_321912420800362_8360964840627084727_n-300x224.jpg 300w, https:\/\/pans.krosno.pl\/pibz\/wp-content\/uploads\/sites\/35\/2023\/12\/410928512_321912420800362_8360964840627084727_n-768x575.jpg 768w, https:\/\/pans.krosno.pl\/pibz\/wp-content\/uploads\/sites\/35\/2023\/12\/410928512_321912420800362_8360964840627084727_n-1536x1149.jpg 1536w, https:\/\/pans.krosno.pl\/pibz\/wp-content\/uploads\/sites\/35\/2023\/12\/410928512_321912420800362_8360964840627084727_n-2000x1496.jpg 2000w, https:\/\/pans.krosno.pl\/pibz\/wp-content\/uploads\/sites\/35\/2023\/12\/410928512_321912420800362_8360964840627084727_n-800x598.jpg 800w, https:\/\/pans.krosno.pl\/pibz\/wp-content\/uploads\/sites\/35\/2023\/12\/410928512_321912420800362_8360964840627084727_n-580x434.jpg 580w, https:\/\/pans.krosno.pl\/pibz\/wp-content\/uploads\/sites\/35\/2023\/12\/410928512_321912420800362_8360964840627084727_n.jpg 2048w\" sizes=\"auto, (max-width: 839px) 100vw, 839px\" \/><\/figure>\n","protected":false},"excerpt":{"rendered":"<p>Studenci kierunku Produkcja i bezpiecze\u0144stwo \u017cywno\u015bci wraz z dr hab. in\u017c. Barbar\u0105 Krochmal-Marczak, prof. PANS zorganizowali zbi\u00f3rk\u0119 dar\u00f3w dla Ch\u0142opc\u00f3w z Domu Dziecka im. Janusza Korczaka w D\u0142ugiem.&nbsp; Podarowano m.in. przybory szkolne, kosmetyki i chemi\u0119 codziennego u\u017cytku oraz s\u0142odycze. W zamian Podopieczni DD w D\u0142ugiem przygotowali \u015bwi\u0105teczne stroiki. Dzi\u0119kujemy. &nbsp;<\/p>\n","protected":false},"author":17,"featured_media":3626,"comment_status":"open","ping_status":"open","sticky":false,"template":"","format":"standard","meta":{"ngg_post_thumbnail":0,"footnotes":""},"categories":[1],"tags":[],"class_list":["post-3624","post","type-post","status-publish","format-standard","has-post-thumbnail","hentry","category-bez-kategorii"],"yoast_head":"<!-- This site is optimized with the Yoast SEO Premium plugin v27.4 (Yoast SEO v27.4) - https:\/\/yoast.com\/product\/yoast-seo-premium-wordpress\/ -->\n<title>Akcja charytatywna dla Domu Dziecka w D\u0142ugim - Ekonomika produkcji i bezpiecze\u0144stwo \u017cywno\u015bci PANS w Kro\u015bnie<\/title>\n<meta name=\"robots\" content=\"index, follow, max-snippet:-1, max-image-preview:large, max-video-preview:-1\" \/>\n<link rel=\"canonical\" href=\"https:\/\/pans.krosno.pl\/pibz\/akcja-charytatywna-dla-domu-dziecka-w-dlugim\/\" \/>\n<meta property=\"og:locale\" content=\"pl_PL\" \/>\n<meta property=\"og:type\" content=\"article\" \/>\n<meta property=\"og:title\" content=\"Akcja charytatywna dla Domu Dziecka w D\u0142ugim\" \/>\n<meta property=\"og:description\" content=\"Studenci kierunku Produkcja i bezpiecze\u0144stwo \u017cywno\u015bci wraz z dr hab. in\u017c. Barbar\u0105 Krochmal-Marczak, prof. PANS zorganizowali zbi\u00f3rk\u0119 dar\u00f3w dla Ch\u0142opc\u00f3w z Domu Dziecka im. Janusza Korczaka w D\u0142ugiem.&nbsp; Podarowano m.in. przybory szkolne, kosmetyki i chemi\u0119 codziennego u\u017cytku oraz s\u0142odycze. W zamian Podopieczni DD w D\u0142ugiem przygotowali \u015bwi\u0105teczne stroiki. Dzi\u0119kujemy. &nbsp;\" \/>\n<meta property=\"og:url\" content=\"https:\/\/pans.krosno.pl\/pibz\/akcja-charytatywna-dla-domu-dziecka-w-dlugim\/\" \/>\n<meta property=\"og:site_name\" content=\"Ekonomika produkcji i bezpiecze\u0144stwo \u017cywno\u015bci PANS w Kro\u015bnie\" \/>\n<meta property=\"article:published_time\" content=\"2023-12-16T11:04:55+00:00\" \/>\n<meta property=\"article:modified_time\" content=\"2023-12-21T11:12:53+00:00\" \/>\n<meta property=\"og:image\" content=\"https:\/\/pans.krosno.pl\/wp-content\/uploads\/sites\/35\/2023\/12\/411046082_321912197467051_7344682772660421772_n.jpg\" \/>\n\t<meta property=\"og:image:width\" content=\"1532\" \/>\n\t<meta property=\"og:image:height\" content=\"2048\" \/>\n\t<meta property=\"og:image:type\" content=\"image\/jpeg\" \/>\n<meta name=\"author\" content=\"elzbietabragiel\" \/>\n<meta name=\"twitter:card\" content=\"summary_large_image\" \/>\n<meta name=\"twitter:label1\" content=\"Napisane przez\" \/>\n\t<meta name=\"twitter:data1\" content=\"elzbietabragiel\" \/>\n\t<meta name=\"twitter:label2\" content=\"Szacowany czas czytania\" \/>\n\t<meta name=\"twitter:data2\" content=\"2 minuty\" \/>\n<script type=\"application\/ld+json\" class=\"yoast-schema-graph\">{\"@context\":\"https:\\\/\\\/schema.org\",\"@graph\":[{\"@type\":\"Article\",\"@id\":\"https:\\\/\\\/pans.krosno.pl\\\/pibz\\\/akcja-charytatywna-dla-domu-dziecka-w-dlugim\\\/#article\",\"isPartOf\":{\"@id\":\"https:\\\/\\\/pans.krosno.pl\\\/pibz\\\/akcja-charytatywna-dla-domu-dziecka-w-dlugim\\\/\"},\"author\":{\"name\":\"elzbietabragiel\",\"@id\":\"https:\\\/\\\/pans.krosno.pl\\\/pibz\\\/#\\\/schema\\\/person\\\/5234d538b37281133cebfcf174124540\"},\"headline\":\"Akcja charytatywna dla Domu Dziecka w D\u0142ugim\",\"datePublished\":\"2023-12-16T11:04:55+00:00\",\"dateModified\":\"2023-12-21T11:12:53+00:00\",\"mainEntityOfPage\":{\"@id\":\"https:\\\/\\\/pans.krosno.pl\\\/pibz\\\/akcja-charytatywna-dla-domu-dziecka-w-dlugim\\\/\"},\"wordCount\":72,\"commentCount\":0,\"publisher\":{\"@id\":\"https:\\\/\\\/pans.krosno.pl\\\/pibz\\\/#organization\"},\"image\":{\"@id\":\"https:\\\/\\\/pans.krosno.pl\\\/pibz\\\/akcja-charytatywna-dla-domu-dziecka-w-dlugim\\\/#primaryimage\"},\"thumbnailUrl\":\"https:\\\/\\\/pans.krosno.pl\\\/pibz\\\/wp-content\\\/uploads\\\/sites\\\/35\\\/2023\\\/12\\\/411046082_321912197467051_7344682772660421772_n.jpg\",\"inLanguage\":\"pl-PL\",\"potentialAction\":[{\"@type\":\"CommentAction\",\"name\":\"Comment\",\"target\":[\"https:\\\/\\\/pans.krosno.pl\\\/pibz\\\/akcja-charytatywna-dla-domu-dziecka-w-dlugim\\\/#respond\"]}]},{\"@type\":\"WebPage\",\"@id\":\"https:\\\/\\\/pans.krosno.pl\\\/pibz\\\/akcja-charytatywna-dla-domu-dziecka-w-dlugim\\\/\",\"url\":\"https:\\\/\\\/pans.krosno.pl\\\/pibz\\\/akcja-charytatywna-dla-domu-dziecka-w-dlugim\\\/\",\"name\":\"Akcja charytatywna dla Domu Dziecka w D\u0142ugim - Ekonomika produkcji i bezpiecze\u0144stwo \u017cywno\u015bci PANS w Kro\u015bnie\",\"isPartOf\":{\"@id\":\"https:\\\/\\\/pans.krosno.pl\\\/pibz\\\/#website\"},\"primaryImageOfPage\":{\"@id\":\"https:\\\/\\\/pans.krosno.pl\\\/pibz\\\/akcja-charytatywna-dla-domu-dziecka-w-dlugim\\\/#primaryimage\"},\"image\":{\"@id\":\"https:\\\/\\\/pans.krosno.pl\\\/pibz\\\/akcja-charytatywna-dla-domu-dziecka-w-dlugim\\\/#primaryimage\"},\"thumbnailUrl\":\"https:\\\/\\\/pans.krosno.pl\\\/pibz\\\/wp-content\\\/uploads\\\/sites\\\/35\\\/2023\\\/12\\\/411046082_321912197467051_7344682772660421772_n.jpg\",\"datePublished\":\"2023-12-16T11:04:55+00:00\",\"dateModified\":\"2023-12-21T11:12:53+00:00\",\"breadcrumb\":{\"@id\":\"https:\\\/\\\/pans.krosno.pl\\\/pibz\\\/akcja-charytatywna-dla-domu-dziecka-w-dlugim\\\/#breadcrumb\"},\"inLanguage\":\"pl-PL\",\"potentialAction\":[{\"@type\":\"ReadAction\",\"target\":[\"https:\\\/\\\/pans.krosno.pl\\\/pibz\\\/akcja-charytatywna-dla-domu-dziecka-w-dlugim\\\/\"]}]},{\"@type\":\"ImageObject\",\"inLanguage\":\"pl-PL\",\"@id\":\"https:\\\/\\\/pans.krosno.pl\\\/pibz\\\/akcja-charytatywna-dla-domu-dziecka-w-dlugim\\\/#primaryimage\",\"url\":\"https:\\\/\\\/pans.krosno.pl\\\/pibz\\\/wp-content\\\/uploads\\\/sites\\\/35\\\/2023\\\/12\\\/411046082_321912197467051_7344682772660421772_n.jpg\",\"contentUrl\":\"https:\\\/\\\/pans.krosno.pl\\\/pibz\\\/wp-content\\\/uploads\\\/sites\\\/35\\\/2023\\\/12\\\/411046082_321912197467051_7344682772660421772_n.jpg\",\"width\":1532,\"height\":2048},{\"@type\":\"BreadcrumbList\",\"@id\":\"https:\\\/\\\/pans.krosno.pl\\\/pibz\\\/akcja-charytatywna-dla-domu-dziecka-w-dlugim\\\/#breadcrumb\",\"itemListElement\":[{\"@type\":\"ListItem\",\"position\":1,\"name\":\"Strona g\u0142\u00f3wna\",\"item\":\"https:\\\/\\\/pans.krosno.pl\\\/pibz\\\/\"},{\"@type\":\"ListItem\",\"position\":2,\"name\":\"Akcja charytatywna dla Domu Dziecka w D\u0142ugim\"}]},{\"@type\":\"WebSite\",\"@id\":\"https:\\\/\\\/pans.krosno.pl\\\/pibz\\\/#website\",\"url\":\"https:\\\/\\\/pans.krosno.pl\\\/pibz\\\/\",\"name\":\"Ekonomika produkcji i bezpiecze\u0144stwo \u017cywno\u015bci PANS w Kro\u015bnie\",\"description\":\"Ekonomika produkcji i bezpiecze\u0144stwo \u017cywno\u015bci - Pa\u0144stwowa Akademia Nauk Stosowanych\",\"publisher\":{\"@id\":\"https:\\\/\\\/pans.krosno.pl\\\/pibz\\\/#organization\"},\"potentialAction\":[{\"@type\":\"SearchAction\",\"target\":{\"@type\":\"EntryPoint\",\"urlTemplate\":\"https:\\\/\\\/pans.krosno.pl\\\/pibz\\\/?s={search_term_string}\"},\"query-input\":{\"@type\":\"PropertyValueSpecification\",\"valueRequired\":true,\"valueName\":\"search_term_string\"}}],\"inLanguage\":\"pl-PL\"},{\"@type\":\"Organization\",\"@id\":\"https:\\\/\\\/pans.krosno.pl\\\/pibz\\\/#organization\",\"name\":\"Ekonomika produkcji i bezpiecze\u0144stwo \u017cywno\u015bci PANS w Kro\u015bnie\",\"url\":\"https:\\\/\\\/pans.krosno.pl\\\/pibz\\\/\",\"logo\":{\"@type\":\"ImageObject\",\"inLanguage\":\"pl-PL\",\"@id\":\"https:\\\/\\\/pans.krosno.pl\\\/pibz\\\/#\\\/schema\\\/logo\\\/image\\\/\",\"url\":\"https:\\\/\\\/pans.krosno.pl\\\/pibz\\\/wp-content\\\/uploads\\\/sites\\\/35\\\/2023\\\/01\\\/Logo-PANS-2022-pelne.png\",\"contentUrl\":\"https:\\\/\\\/pans.krosno.pl\\\/pibz\\\/wp-content\\\/uploads\\\/sites\\\/35\\\/2023\\\/01\\\/Logo-PANS-2022-pelne.png\",\"width\":3096,\"height\":696,\"caption\":\"Ekonomika produkcji i bezpiecze\u0144stwo \u017cywno\u015bci PANS w Kro\u015bnie\"},\"image\":{\"@id\":\"https:\\\/\\\/pans.krosno.pl\\\/pibz\\\/#\\\/schema\\\/logo\\\/image\\\/\"}},{\"@type\":\"Person\",\"@id\":\"https:\\\/\\\/pans.krosno.pl\\\/pibz\\\/#\\\/schema\\\/person\\\/5234d538b37281133cebfcf174124540\",\"name\":\"elzbietabragiel\",\"image\":{\"@type\":\"ImageObject\",\"inLanguage\":\"pl-PL\",\"@id\":\"https:\\\/\\\/secure.gravatar.com\\\/avatar\\\/bcc708f308dc4018a34d44dfaa286089751c22f62d1a00bda271b3333c84bc0b?s=96&d=mm&r=g\",\"url\":\"https:\\\/\\\/secure.gravatar.com\\\/avatar\\\/bcc708f308dc4018a34d44dfaa286089751c22f62d1a00bda271b3333c84bc0b?s=96&d=mm&r=g\",\"contentUrl\":\"https:\\\/\\\/secure.gravatar.com\\\/avatar\\\/bcc708f308dc4018a34d44dfaa286089751c22f62d1a00bda271b3333c84bc0b?s=96&d=mm&r=g\",\"caption\":\"elzbietabragiel\"},\"url\":\"https:\\\/\\\/pans.krosno.pl\\\/pibz\\\/author\\\/elzbietabragiel\\\/\"}]}<\/script>\n<!-- \/ Yoast SEO Premium plugin. -->","yoast_head_json":{"title":"Akcja charytatywna dla Domu Dziecka w D\u0142ugim - Ekonomika produkcji i bezpiecze\u0144stwo \u017cywno\u015bci PANS w Kro\u015bnie","robots":{"index":"index","follow":"follow","max-snippet":"max-snippet:-1","max-image-preview":"max-image-preview:large","max-video-preview":"max-video-preview:-1"},"canonical":"https:\/\/pans.krosno.pl\/pibz\/akcja-charytatywna-dla-domu-dziecka-w-dlugim\/","og_locale":"pl_PL","og_type":"article","og_title":"Akcja charytatywna dla Domu Dziecka w D\u0142ugim","og_description":"Studenci kierunku Produkcja i bezpiecze\u0144stwo \u017cywno\u015bci wraz z dr hab. in\u017c. Barbar\u0105 Krochmal-Marczak, prof. PANS zorganizowali zbi\u00f3rk\u0119 dar\u00f3w dla Ch\u0142opc\u00f3w z Domu Dziecka im. Janusza Korczaka w D\u0142ugiem.&nbsp; Podarowano m.in. przybory szkolne, kosmetyki i chemi\u0119 codziennego u\u017cytku oraz s\u0142odycze. W zamian Podopieczni DD w D\u0142ugiem przygotowali \u015bwi\u0105teczne stroiki. Dzi\u0119kujemy. &nbsp;","og_url":"https:\/\/pans.krosno.pl\/pibz\/akcja-charytatywna-dla-domu-dziecka-w-dlugim\/","og_site_name":"Ekonomika produkcji i bezpiecze\u0144stwo \u017cywno\u015bci PANS w Kro\u015bnie","article_published_time":"2023-12-16T11:04:55+00:00","article_modified_time":"2023-12-21T11:12:53+00:00","og_image":[{"width":1532,"height":2048,"url":"https:\/\/pans.krosno.pl\/wp-content\/uploads\/sites\/35\/2023\/12\/411046082_321912197467051_7344682772660421772_n.jpg","type":"image\/jpeg"}],"author":"elzbietabragiel","twitter_card":"summary_large_image","twitter_misc":{"Napisane przez":"elzbietabragiel","Szacowany czas czytania":"2 minuty"},"schema":{"@context":"https:\/\/schema.org","@graph":[{"@type":"Article","@id":"https:\/\/pans.krosno.pl\/pibz\/akcja-charytatywna-dla-domu-dziecka-w-dlugim\/#article","isPartOf":{"@id":"https:\/\/pans.krosno.pl\/pibz\/akcja-charytatywna-dla-domu-dziecka-w-dlugim\/"},"author":{"name":"elzbietabragiel","@id":"https:\/\/pans.krosno.pl\/pibz\/#\/schema\/person\/5234d538b37281133cebfcf174124540"},"headline":"Akcja charytatywna dla Domu Dziecka w D\u0142ugim","datePublished":"2023-12-16T11:04:55+00:00","dateModified":"2023-12-21T11:12:53+00:00","mainEntityOfPage":{"@id":"https:\/\/pans.krosno.pl\/pibz\/akcja-charytatywna-dla-domu-dziecka-w-dlugim\/"},"wordCount":72,"commentCount":0,"publisher":{"@id":"https:\/\/pans.krosno.pl\/pibz\/#organization"},"image":{"@id":"https:\/\/pans.krosno.pl\/pibz\/akcja-charytatywna-dla-domu-dziecka-w-dlugim\/#primaryimage"},"thumbnailUrl":"https:\/\/pans.krosno.pl\/pibz\/wp-content\/uploads\/sites\/35\/2023\/12\/411046082_321912197467051_7344682772660421772_n.jpg","inLanguage":"pl-PL","potentialAction":[{"@type":"CommentAction","name":"Comment","target":["https:\/\/pans.krosno.pl\/pibz\/akcja-charytatywna-dla-domu-dziecka-w-dlugim\/#respond"]}]},{"@type":"WebPage","@id":"https:\/\/pans.krosno.pl\/pibz\/akcja-charytatywna-dla-domu-dziecka-w-dlugim\/","url":"https:\/\/pans.krosno.pl\/pibz\/akcja-charytatywna-dla-domu-dziecka-w-dlugim\/","name":"Akcja charytatywna dla Domu Dziecka w D\u0142ugim - Ekonomika produkcji i bezpiecze\u0144stwo \u017cywno\u015bci PANS w Kro\u015bnie","isPartOf":{"@id":"https:\/\/pans.krosno.pl\/pibz\/#website"},"primaryImageOfPage":{"@id":"https:\/\/pans.krosno.pl\/pibz\/akcja-charytatywna-dla-domu-dziecka-w-dlugim\/#primaryimage"},"image":{"@id":"https:\/\/pans.krosno.pl\/pibz\/akcja-charytatywna-dla-domu-dziecka-w-dlugim\/#primaryimage"},"thumbnailUrl":"https:\/\/pans.krosno.pl\/pibz\/wp-content\/uploads\/sites\/35\/2023\/12\/411046082_321912197467051_7344682772660421772_n.jpg","datePublished":"2023-12-16T11:04:55+00:00","dateModified":"2023-12-21T11:12:53+00:00","breadcrumb":{"@id":"https:\/\/pans.krosno.pl\/pibz\/akcja-charytatywna-dla-domu-dziecka-w-dlugim\/#breadcrumb"},"inLanguage":"pl-PL","potentialAction":[{"@type":"ReadAction","target":["https:\/\/pans.krosno.pl\/pibz\/akcja-charytatywna-dla-domu-dziecka-w-dlugim\/"]}]},{"@type":"ImageObject","inLanguage":"pl-PL","@id":"https:\/\/pans.krosno.pl\/pibz\/akcja-charytatywna-dla-domu-dziecka-w-dlugim\/#primaryimage","url":"https:\/\/pans.krosno.pl\/pibz\/wp-content\/uploads\/sites\/35\/2023\/12\/411046082_321912197467051_7344682772660421772_n.jpg","contentUrl":"https:\/\/pans.krosno.pl\/pibz\/wp-content\/uploads\/sites\/35\/2023\/12\/411046082_321912197467051_7344682772660421772_n.jpg","width":1532,"height":2048},{"@type":"BreadcrumbList","@id":"https:\/\/pans.krosno.pl\/pibz\/akcja-charytatywna-dla-domu-dziecka-w-dlugim\/#breadcrumb","itemListElement":[{"@type":"ListItem","position":1,"name":"Strona g\u0142\u00f3wna","item":"https:\/\/pans.krosno.pl\/pibz\/"},{"@type":"ListItem","position":2,"name":"Akcja charytatywna dla Domu Dziecka w D\u0142ugim"}]},{"@type":"WebSite","@id":"https:\/\/pans.krosno.pl\/pibz\/#website","url":"https:\/\/pans.krosno.pl\/pibz\/","name":"Ekonomika produkcji i bezpiecze\u0144stwo \u017cywno\u015bci PANS w Kro\u015bnie","description":"Ekonomika produkcji i bezpiecze\u0144stwo \u017cywno\u015bci - Pa\u0144stwowa Akademia Nauk Stosowanych","publisher":{"@id":"https:\/\/pans.krosno.pl\/pibz\/#organization"},"potentialAction":[{"@type":"SearchAction","target":{"@type":"EntryPoint","urlTemplate":"https:\/\/pans.krosno.pl\/pibz\/?s={search_term_string}"},"query-input":{"@type":"PropertyValueSpecification","valueRequired":true,"valueName":"search_term_string"}}],"inLanguage":"pl-PL"},{"@type":"Organization","@id":"https:\/\/pans.krosno.pl\/pibz\/#organization","name":"Ekonomika produkcji i bezpiecze\u0144stwo \u017cywno\u015bci PANS w Kro\u015bnie","url":"https:\/\/pans.krosno.pl\/pibz\/","logo":{"@type":"ImageObject","inLanguage":"pl-PL","@id":"https:\/\/pans.krosno.pl\/pibz\/#\/schema\/logo\/image\/","url":"https:\/\/pans.krosno.pl\/pibz\/wp-content\/uploads\/sites\/35\/2023\/01\/Logo-PANS-2022-pelne.png","contentUrl":"https:\/\/pans.krosno.pl\/pibz\/wp-content\/uploads\/sites\/35\/2023\/01\/Logo-PANS-2022-pelne.png","width":3096,"height":696,"caption":"Ekonomika produkcji i bezpiecze\u0144stwo \u017cywno\u015bci PANS w Kro\u015bnie"},"image":{"@id":"https:\/\/pans.krosno.pl\/pibz\/#\/schema\/logo\/image\/"}},{"@type":"Person","@id":"https:\/\/pans.krosno.pl\/pibz\/#\/schema\/person\/5234d538b37281133cebfcf174124540","name":"elzbietabragiel","image":{"@type":"ImageObject","inLanguage":"pl-PL","@id":"https:\/\/secure.gravatar.com\/avatar\/bcc708f308dc4018a34d44dfaa286089751c22f62d1a00bda271b3333c84bc0b?s=96&d=mm&r=g","url":"https:\/\/secure.gravatar.com\/avatar\/bcc708f308dc4018a34d44dfaa286089751c22f62d1a00bda271b3333c84bc0b?s=96&d=mm&r=g","contentUrl":"https:\/\/secure.gravatar.com\/avatar\/bcc708f308dc4018a34d44dfaa286089751c22f62d1a00bda271b3333c84bc0b?s=96&d=mm&r=g","caption":"elzbietabragiel"},"url":"https:\/\/pans.krosno.pl\/pibz\/author\/elzbietabragiel\/"}]}},"_links":{"self":[{"href":"https:\/\/pans.krosno.pl\/pibz\/wp-json\/wp\/v2\/posts\/3624","targetHints":{"allow":["GET"]}}],"collection":[{"href":"https:\/\/pans.krosno.pl\/pibz\/wp-json\/wp\/v2\/posts"}],"about":[{"href":"https:\/\/pans.krosno.pl\/pibz\/wp-json\/wp\/v2\/types\/post"}],"author":[{"embeddable":true,"href":"https:\/\/pans.krosno.pl\/pibz\/wp-json\/wp\/v2\/users\/17"}],"replies":[{"embeddable":true,"href":"https:\/\/pans.krosno.pl\/pibz\/wp-json\/wp\/v2\/comments?post=3624"}],"version-history":[{"count":1,"href":"https:\/\/pans.krosno.pl\/pibz\/wp-json\/wp\/v2\/posts\/3624\/revisions"}],"predecessor-version":[{"id":3629,"href":"https:\/\/pans.krosno.pl\/pibz\/wp-json\/wp\/v2\/posts\/3624\/revisions\/3629"}],"wp:featuredmedia":[{"embeddable":true,"href":"https:\/\/pans.krosno.pl\/pibz\/wp-json\/wp\/v2\/media\/3626"}],"wp:attachment":[{"href":"https:\/\/pans.krosno.pl\/pibz\/wp-json\/wp\/v2\/media?parent=3624"}],"wp:term":[{"taxonomy":"category","embeddable":true,"href":"https:\/\/pans.krosno.pl\/pibz\/wp-json\/wp\/v2\/categories?post=3624"},{"taxonomy":"post_tag","embeddable":true,"href":"https:\/\/pans.krosno.pl\/pibz\/wp-json\/wp\/v2\/tags?post=3624"}],"curies":[{"name":"wp","href":"https:\/\/api.w.org\/{rel}","templated":true}]}}