{"id":1173,"date":"2021-06-08T09:37:37","date_gmt":"2021-06-08T07:37:37","guid":{"rendered":"https:\/\/pans.krosno.pl\/pibz\/?p=1173"},"modified":"2021-06-08T11:15:42","modified_gmt":"2021-06-08T09:15:42","slug":"pierwsze-wiosenne-targi-innowacji-w-boguchwale","status":"publish","type":"post","link":"https:\/\/pans.krosno.pl\/pibz\/pierwsze-wiosenne-targi-innowacji-w-boguchwale\/","title":{"rendered":"Pierwsze &#8222;Wiosenne targi innowacji&#8221; w Boguchwale"},"content":{"rendered":"<p>W dniu 6 czerwca 2021 roku studenci oraz nauczyciele akademiccy kierunk\u00f3w: \u201eProdukcja i bezpiecze\u0144stwo \u017cywno\u015bci&#8221; oraz \u201eTowaroznawstwo&#8221; w Karpackiej Pa\u0144stwowej Uczelni w Kro\u015bnie uczestniczyli w ,,Wiosennych targach innowacji&#8221;, przedstawiaj\u0105c ofert\u0119 studiowania na wszystkich kierunkach studi\u00f3w w KPU w Kro\u015bnie.<\/p>\n\n\n<figure class=\"wp-block-image size-large is-resized\"><img loading=\"lazy\" decoding=\"async\" src=\"https:\/\/pans.krosno.pl\/pibz\/wp-content\/uploads\/sites\/35\/2021\/06\/Pierwsze-Wiosenne-targi-innowacji-w-Boguchwale-1024x1024.png\" alt=\"\" class=\"wp-image-1178\" width=\"456\" height=\"456\" srcset=\"https:\/\/pans.krosno.pl\/pibz\/wp-content\/uploads\/sites\/35\/2021\/06\/Pierwsze-Wiosenne-targi-innowacji-w-Boguchwale-1024x1024.png 1024w, https:\/\/pans.krosno.pl\/pibz\/wp-content\/uploads\/sites\/35\/2021\/06\/Pierwsze-Wiosenne-targi-innowacji-w-Boguchwale-300x300.png 300w, https:\/\/pans.krosno.pl\/pibz\/wp-content\/uploads\/sites\/35\/2021\/06\/Pierwsze-Wiosenne-targi-innowacji-w-Boguchwale-150x150.png 150w, https:\/\/pans.krosno.pl\/pibz\/wp-content\/uploads\/sites\/35\/2021\/06\/Pierwsze-Wiosenne-targi-innowacji-w-Boguchwale-768x768.png 768w, https:\/\/pans.krosno.pl\/pibz\/wp-content\/uploads\/sites\/35\/2021\/06\/Pierwsze-Wiosenne-targi-innowacji-w-Boguchwale-800x800.png 800w, https:\/\/pans.krosno.pl\/pibz\/wp-content\/uploads\/sites\/35\/2021\/06\/Pierwsze-Wiosenne-targi-innowacji-w-Boguchwale-580x580.png 580w, https:\/\/pans.krosno.pl\/pibz\/wp-content\/uploads\/sites\/35\/2021\/06\/Pierwsze-Wiosenne-targi-innowacji-w-Boguchwale.png 1080w\" sizes=\"auto, (max-width: 456px) 100vw, 456px\" \/><\/figure>\n\n\n\n<figure class=\"wp-block-image size-large is-resized\"><img loading=\"lazy\" decoding=\"async\" src=\"https:\/\/pans.krosno.pl\/pibz\/wp-content\/uploads\/sites\/35\/2021\/06\/197687800_1790987747745577_9139660041602076503_n.jpg\" alt=\"\" class=\"wp-image-1176\" width=\"484\" height=\"340\" srcset=\"https:\/\/pans.krosno.pl\/pibz\/wp-content\/uploads\/sites\/35\/2021\/06\/197687800_1790987747745577_9139660041602076503_n.jpg 777w, https:\/\/pans.krosno.pl\/pibz\/wp-content\/uploads\/sites\/35\/2021\/06\/197687800_1790987747745577_9139660041602076503_n-300x211.jpg 300w, https:\/\/pans.krosno.pl\/pibz\/wp-content\/uploads\/sites\/35\/2021\/06\/197687800_1790987747745577_9139660041602076503_n-768x540.jpg 768w, https:\/\/pans.krosno.pl\/pibz\/wp-content\/uploads\/sites\/35\/2021\/06\/197687800_1790987747745577_9139660041602076503_n-580x408.jpg 580w\" sizes=\"auto, (max-width: 484px) 100vw, 484px\" \/><\/figure>\n\n\n\n<p>Celem tego wydarzenia by\u0142o przekazanie i upowszechnienie informacji o najnowszych rozwi\u0105zaniach stosowanych w produkcji ogrodniczej pod k\u0105tem technologicznym, organizacyjnym i marketingowym. Wydarzenie to by\u0142o tak\u017ce doskona\u0142\u0105 promocj\u0105 polskich oraz mi\u0119dzynarodowych firm, instytucji dzia\u0142aj\u0105cych w obszarze rolnictwa, a tak\u017ce doskona\u0142\u0105 okazj\u0105 do zaprezentowania szerokiemu gronu odbiorc\u00f3w w\u0142asnej oferty handlowej oraz nawi\u0105zania nowych kontakt\u00f3w.<\/p>\n\n\n\n<figure class=\"wp-block-image size-large is-resized\"><img loading=\"lazy\" decoding=\"async\" src=\"https:\/\/pans.krosno.pl\/pibz\/wp-content\/uploads\/sites\/35\/2021\/06\/196709790_915207315707912_1187204116656061171_n.jpg\" alt=\"\" class=\"wp-image-1175\" width=\"517\" height=\"609\" srcset=\"https:\/\/pans.krosno.pl\/pibz\/wp-content\/uploads\/sites\/35\/2021\/06\/196709790_915207315707912_1187204116656061171_n.jpg 611w, https:\/\/pans.krosno.pl\/pibz\/wp-content\/uploads\/sites\/35\/2021\/06\/196709790_915207315707912_1187204116656061171_n-255x300.jpg 255w, https:\/\/pans.krosno.pl\/pibz\/wp-content\/uploads\/sites\/35\/2021\/06\/196709790_915207315707912_1187204116656061171_n-580x683.jpg 580w\" sizes=\"auto, (max-width: 517px) 100vw, 517px\" \/><\/figure>\n\n\n\n<figure class=\"wp-block-image size-large is-resized\"><img loading=\"lazy\" decoding=\"async\" src=\"https:\/\/pans.krosno.pl\/pibz\/wp-content\/uploads\/sites\/35\/2021\/06\/196314764_915207339041243_462515946552951362_n.jpg\" alt=\"\" class=\"wp-image-1174\" width=\"517\" height=\"689\" srcset=\"https:\/\/pans.krosno.pl\/pibz\/wp-content\/uploads\/sites\/35\/2021\/06\/196314764_915207339041243_462515946552951362_n.jpg 720w, https:\/\/pans.krosno.pl\/pibz\/wp-content\/uploads\/sites\/35\/2021\/06\/196314764_915207339041243_462515946552951362_n-225x300.jpg 225w, https:\/\/pans.krosno.pl\/pibz\/wp-content\/uploads\/sites\/35\/2021\/06\/196314764_915207339041243_462515946552951362_n-580x773.jpg 580w\" sizes=\"auto, (max-width: 517px) 100vw, 517px\" \/><\/figure>\n","protected":false},"excerpt":{"rendered":"<p>W dniu 6 czerwca 2021 roku studenci oraz nauczyciele akademiccy kierunk\u00f3w: \u201eProdukcja i bezpiecze\u0144stwo \u017cywno\u015bci&#8221; oraz \u201eTowaroznawstwo&#8221; w Karpackiej Pa\u0144stwowej Uczelni w Kro\u015bnie uczestniczyli w ,,Wiosennych targach innowacji&#8221;, przedstawiaj\u0105c ofert\u0119 studiowania na wszystkich kierunkach studi\u00f3w w KPU w Kro\u015bnie. Celem tego wydarzenia by\u0142o przekazanie i upowszechnienie informacji o najnowszych rozwi\u0105zaniach [\u2026] <\/p>\n<div class=\"clear\"><\/div>\n<p><a class=\"more_link clearfix\" href=\"https:\/\/pans.krosno.pl\/pibz\/pierwsze-wiosenne-targi-innowacji-w-boguchwale\/\" rel=\"nofollow\">Read More<\/a><\/p>\n","protected":false},"author":17,"featured_media":1178,"comment_status":"open","ping_status":"open","sticky":false,"template":"","format":"standard","meta":{"ngg_post_thumbnail":0,"footnotes":""},"categories":[1],"tags":[],"class_list":["post-1173","post","type-post","status-publish","format-standard","has-post-thumbnail","hentry","category-bez-kategorii"],"yoast_head":"<!-- This site is optimized with the Yoast SEO Premium plugin v27.4 (Yoast SEO v27.4) - https:\/\/yoast.com\/product\/yoast-seo-premium-wordpress\/ -->\n<title>Pierwsze &quot;Wiosenne targi innowacji&quot; w Boguchwale - Ekonomika produkcji i bezpiecze\u0144stwo \u017cywno\u015bci PANS w Kro\u015bnie<\/title>\n<meta name=\"robots\" content=\"index, follow, max-snippet:-1, max-image-preview:large, max-video-preview:-1\" \/>\n<link rel=\"canonical\" href=\"https:\/\/pans.krosno.pl\/pibz\/pierwsze-wiosenne-targi-innowacji-w-boguchwale\/\" \/>\n<meta property=\"og:locale\" content=\"pl_PL\" \/>\n<meta property=\"og:type\" content=\"article\" \/>\n<meta property=\"og:title\" content=\"Pierwsze &quot;Wiosenne targi innowacji&quot; w Boguchwale\" \/>\n<meta property=\"og:description\" content=\"W dniu 6 czerwca 2021 roku studenci oraz nauczyciele akademiccy kierunk\u00f3w: \u201eProdukcja i bezpiecze\u0144stwo \u017cywno\u015bci&#8221; oraz \u201eTowaroznawstwo&#8221; w Karpackiej Pa\u0144stwowej Uczelni w Kro\u015bnie uczestniczyli w ,,Wiosennych targach innowacji&#8221;, przedstawiaj\u0105c ofert\u0119 studiowania na wszystkich kierunkach studi\u00f3w w KPU w Kro\u015bnie. Celem tego wydarzenia by\u0142o przekazanie i upowszechnienie informacji o najnowszych rozwi\u0105zaniach [\u2026] Read More\" \/>\n<meta property=\"og:url\" content=\"https:\/\/pans.krosno.pl\/pibz\/pierwsze-wiosenne-targi-innowacji-w-boguchwale\/\" \/>\n<meta property=\"og:site_name\" content=\"Ekonomika produkcji i bezpiecze\u0144stwo \u017cywno\u015bci PANS w Kro\u015bnie\" \/>\n<meta property=\"article:published_time\" content=\"2021-06-08T07:37:37+00:00\" \/>\n<meta property=\"article:modified_time\" content=\"2021-06-08T09:15:42+00:00\" \/>\n<meta property=\"og:image\" content=\"https:\/\/pans.krosno.pl\/wp-content\/uploads\/sites\/35\/2021\/06\/Pierwsze-Wiosenne-targi-innowacji-w-Boguchwale.png\" \/>\n\t<meta property=\"og:image:width\" content=\"1080\" \/>\n\t<meta property=\"og:image:height\" content=\"1080\" \/>\n\t<meta property=\"og:image:type\" content=\"image\/png\" \/>\n<meta name=\"author\" content=\"elzbietabragiel\" \/>\n<meta name=\"twitter:card\" content=\"summary_large_image\" \/>\n<meta name=\"twitter:label1\" content=\"Napisane przez\" \/>\n\t<meta name=\"twitter:data1\" content=\"elzbietabragiel\" \/>\n\t<meta name=\"twitter:label2\" content=\"Szacowany czas czytania\" \/>\n\t<meta name=\"twitter:data2\" content=\"1 minuta\" \/>\n<script type=\"application\/ld+json\" class=\"yoast-schema-graph\">{\"@context\":\"https:\\\/\\\/schema.org\",\"@graph\":[{\"@type\":\"Article\",\"@id\":\"https:\\\/\\\/pans.krosno.pl\\\/pibz\\\/pierwsze-wiosenne-targi-innowacji-w-boguchwale\\\/#article\",\"isPartOf\":{\"@id\":\"https:\\\/\\\/pans.krosno.pl\\\/pibz\\\/pierwsze-wiosenne-targi-innowacji-w-boguchwale\\\/\"},\"author\":{\"name\":\"elzbietabragiel\",\"@id\":\"https:\\\/\\\/pans.krosno.pl\\\/pibz\\\/#\\\/schema\\\/person\\\/5234d538b37281133cebfcf174124540\"},\"headline\":\"Pierwsze &#8222;Wiosenne targi innowacji&#8221; w Boguchwale\",\"datePublished\":\"2021-06-08T07:37:37+00:00\",\"dateModified\":\"2021-06-08T09:15:42+00:00\",\"mainEntityOfPage\":{\"@id\":\"https:\\\/\\\/pans.krosno.pl\\\/pibz\\\/pierwsze-wiosenne-targi-innowacji-w-boguchwale\\\/\"},\"wordCount\":116,\"commentCount\":0,\"publisher\":{\"@id\":\"https:\\\/\\\/pans.krosno.pl\\\/pibz\\\/#organization\"},\"image\":{\"@id\":\"https:\\\/\\\/pans.krosno.pl\\\/pibz\\\/pierwsze-wiosenne-targi-innowacji-w-boguchwale\\\/#primaryimage\"},\"thumbnailUrl\":\"https:\\\/\\\/pans.krosno.pl\\\/pibz\\\/wp-content\\\/uploads\\\/sites\\\/35\\\/2021\\\/06\\\/Pierwsze-Wiosenne-targi-innowacji-w-Boguchwale.png\",\"inLanguage\":\"pl-PL\",\"potentialAction\":[{\"@type\":\"CommentAction\",\"name\":\"Comment\",\"target\":[\"https:\\\/\\\/pans.krosno.pl\\\/pibz\\\/pierwsze-wiosenne-targi-innowacji-w-boguchwale\\\/#respond\"]}]},{\"@type\":\"WebPage\",\"@id\":\"https:\\\/\\\/pans.krosno.pl\\\/pibz\\\/pierwsze-wiosenne-targi-innowacji-w-boguchwale\\\/\",\"url\":\"https:\\\/\\\/pans.krosno.pl\\\/pibz\\\/pierwsze-wiosenne-targi-innowacji-w-boguchwale\\\/\",\"name\":\"Pierwsze \\\"Wiosenne targi innowacji\\\" w Boguchwale - Ekonomika produkcji i bezpiecze\u0144stwo \u017cywno\u015bci PANS w Kro\u015bnie\",\"isPartOf\":{\"@id\":\"https:\\\/\\\/pans.krosno.pl\\\/pibz\\\/#website\"},\"primaryImageOfPage\":{\"@id\":\"https:\\\/\\\/pans.krosno.pl\\\/pibz\\\/pierwsze-wiosenne-targi-innowacji-w-boguchwale\\\/#primaryimage\"},\"image\":{\"@id\":\"https:\\\/\\\/pans.krosno.pl\\\/pibz\\\/pierwsze-wiosenne-targi-innowacji-w-boguchwale\\\/#primaryimage\"},\"thumbnailUrl\":\"https:\\\/\\\/pans.krosno.pl\\\/pibz\\\/wp-content\\\/uploads\\\/sites\\\/35\\\/2021\\\/06\\\/Pierwsze-Wiosenne-targi-innowacji-w-Boguchwale.png\",\"datePublished\":\"2021-06-08T07:37:37+00:00\",\"dateModified\":\"2021-06-08T09:15:42+00:00\",\"breadcrumb\":{\"@id\":\"https:\\\/\\\/pans.krosno.pl\\\/pibz\\\/pierwsze-wiosenne-targi-innowacji-w-boguchwale\\\/#breadcrumb\"},\"inLanguage\":\"pl-PL\",\"potentialAction\":[{\"@type\":\"ReadAction\",\"target\":[\"https:\\\/\\\/pans.krosno.pl\\\/pibz\\\/pierwsze-wiosenne-targi-innowacji-w-boguchwale\\\/\"]}]},{\"@type\":\"ImageObject\",\"inLanguage\":\"pl-PL\",\"@id\":\"https:\\\/\\\/pans.krosno.pl\\\/pibz\\\/pierwsze-wiosenne-targi-innowacji-w-boguchwale\\\/#primaryimage\",\"url\":\"https:\\\/\\\/pans.krosno.pl\\\/pibz\\\/wp-content\\\/uploads\\\/sites\\\/35\\\/2021\\\/06\\\/Pierwsze-Wiosenne-targi-innowacji-w-Boguchwale.png\",\"contentUrl\":\"https:\\\/\\\/pans.krosno.pl\\\/pibz\\\/wp-content\\\/uploads\\\/sites\\\/35\\\/2021\\\/06\\\/Pierwsze-Wiosenne-targi-innowacji-w-Boguchwale.png\",\"width\":1080,\"height\":1080},{\"@type\":\"BreadcrumbList\",\"@id\":\"https:\\\/\\\/pans.krosno.pl\\\/pibz\\\/pierwsze-wiosenne-targi-innowacji-w-boguchwale\\\/#breadcrumb\",\"itemListElement\":[{\"@type\":\"ListItem\",\"position\":1,\"name\":\"Strona g\u0142\u00f3wna\",\"item\":\"https:\\\/\\\/pans.krosno.pl\\\/pibz\\\/\"},{\"@type\":\"ListItem\",\"position\":2,\"name\":\"Pierwsze &#8222;Wiosenne targi innowacji&#8221; w Boguchwale\"}]},{\"@type\":\"WebSite\",\"@id\":\"https:\\\/\\\/pans.krosno.pl\\\/pibz\\\/#website\",\"url\":\"https:\\\/\\\/pans.krosno.pl\\\/pibz\\\/\",\"name\":\"Ekonomika produkcji i bezpiecze\u0144stwo \u017cywno\u015bci PANS w Kro\u015bnie\",\"description\":\"Ekonomika produkcji i bezpiecze\u0144stwo \u017cywno\u015bci - Pa\u0144stwowa Akademia Nauk Stosowanych\",\"publisher\":{\"@id\":\"https:\\\/\\\/pans.krosno.pl\\\/pibz\\\/#organization\"},\"potentialAction\":[{\"@type\":\"SearchAction\",\"target\":{\"@type\":\"EntryPoint\",\"urlTemplate\":\"https:\\\/\\\/pans.krosno.pl\\\/pibz\\\/?s={search_term_string}\"},\"query-input\":{\"@type\":\"PropertyValueSpecification\",\"valueRequired\":true,\"valueName\":\"search_term_string\"}}],\"inLanguage\":\"pl-PL\"},{\"@type\":\"Organization\",\"@id\":\"https:\\\/\\\/pans.krosno.pl\\\/pibz\\\/#organization\",\"name\":\"Ekonomika produkcji i bezpiecze\u0144stwo \u017cywno\u015bci PANS w Kro\u015bnie\",\"url\":\"https:\\\/\\\/pans.krosno.pl\\\/pibz\\\/\",\"logo\":{\"@type\":\"ImageObject\",\"inLanguage\":\"pl-PL\",\"@id\":\"https:\\\/\\\/pans.krosno.pl\\\/pibz\\\/#\\\/schema\\\/logo\\\/image\\\/\",\"url\":\"https:\\\/\\\/pans.krosno.pl\\\/pibz\\\/wp-content\\\/uploads\\\/sites\\\/35\\\/2023\\\/01\\\/Logo-PANS-2022-pelne.png\",\"contentUrl\":\"https:\\\/\\\/pans.krosno.pl\\\/pibz\\\/wp-content\\\/uploads\\\/sites\\\/35\\\/2023\\\/01\\\/Logo-PANS-2022-pelne.png\",\"width\":3096,\"height\":696,\"caption\":\"Ekonomika produkcji i bezpiecze\u0144stwo \u017cywno\u015bci PANS w Kro\u015bnie\"},\"image\":{\"@id\":\"https:\\\/\\\/pans.krosno.pl\\\/pibz\\\/#\\\/schema\\\/logo\\\/image\\\/\"}},{\"@type\":\"Person\",\"@id\":\"https:\\\/\\\/pans.krosno.pl\\\/pibz\\\/#\\\/schema\\\/person\\\/5234d538b37281133cebfcf174124540\",\"name\":\"elzbietabragiel\",\"image\":{\"@type\":\"ImageObject\",\"inLanguage\":\"pl-PL\",\"@id\":\"https:\\\/\\\/secure.gravatar.com\\\/avatar\\\/bcc708f308dc4018a34d44dfaa286089751c22f62d1a00bda271b3333c84bc0b?s=96&d=mm&r=g\",\"url\":\"https:\\\/\\\/secure.gravatar.com\\\/avatar\\\/bcc708f308dc4018a34d44dfaa286089751c22f62d1a00bda271b3333c84bc0b?s=96&d=mm&r=g\",\"contentUrl\":\"https:\\\/\\\/secure.gravatar.com\\\/avatar\\\/bcc708f308dc4018a34d44dfaa286089751c22f62d1a00bda271b3333c84bc0b?s=96&d=mm&r=g\",\"caption\":\"elzbietabragiel\"},\"url\":\"https:\\\/\\\/pans.krosno.pl\\\/pibz\\\/author\\\/elzbietabragiel\\\/\"}]}<\/script>\n<!-- \/ Yoast SEO Premium plugin. -->","yoast_head_json":{"title":"Pierwsze \"Wiosenne targi innowacji\" w Boguchwale - Ekonomika produkcji i bezpiecze\u0144stwo \u017cywno\u015bci PANS w Kro\u015bnie","robots":{"index":"index","follow":"follow","max-snippet":"max-snippet:-1","max-image-preview":"max-image-preview:large","max-video-preview":"max-video-preview:-1"},"canonical":"https:\/\/pans.krosno.pl\/pibz\/pierwsze-wiosenne-targi-innowacji-w-boguchwale\/","og_locale":"pl_PL","og_type":"article","og_title":"Pierwsze \"Wiosenne targi innowacji\" w Boguchwale","og_description":"W dniu 6 czerwca 2021 roku studenci oraz nauczyciele akademiccy kierunk\u00f3w: \u201eProdukcja i bezpiecze\u0144stwo \u017cywno\u015bci&#8221; oraz \u201eTowaroznawstwo&#8221; w Karpackiej Pa\u0144stwowej Uczelni w Kro\u015bnie uczestniczyli w ,,Wiosennych targach innowacji&#8221;, przedstawiaj\u0105c ofert\u0119 studiowania na wszystkich kierunkach studi\u00f3w w KPU w Kro\u015bnie. Celem tego wydarzenia by\u0142o przekazanie i upowszechnienie informacji o najnowszych rozwi\u0105zaniach [\u2026] Read More","og_url":"https:\/\/pans.krosno.pl\/pibz\/pierwsze-wiosenne-targi-innowacji-w-boguchwale\/","og_site_name":"Ekonomika produkcji i bezpiecze\u0144stwo \u017cywno\u015bci PANS w Kro\u015bnie","article_published_time":"2021-06-08T07:37:37+00:00","article_modified_time":"2021-06-08T09:15:42+00:00","og_image":[{"width":1080,"height":1080,"url":"https:\/\/pans.krosno.pl\/wp-content\/uploads\/sites\/35\/2021\/06\/Pierwsze-Wiosenne-targi-innowacji-w-Boguchwale.png","type":"image\/png"}],"author":"elzbietabragiel","twitter_card":"summary_large_image","twitter_misc":{"Napisane przez":"elzbietabragiel","Szacowany czas czytania":"1 minuta"},"schema":{"@context":"https:\/\/schema.org","@graph":[{"@type":"Article","@id":"https:\/\/pans.krosno.pl\/pibz\/pierwsze-wiosenne-targi-innowacji-w-boguchwale\/#article","isPartOf":{"@id":"https:\/\/pans.krosno.pl\/pibz\/pierwsze-wiosenne-targi-innowacji-w-boguchwale\/"},"author":{"name":"elzbietabragiel","@id":"https:\/\/pans.krosno.pl\/pibz\/#\/schema\/person\/5234d538b37281133cebfcf174124540"},"headline":"Pierwsze &#8222;Wiosenne targi innowacji&#8221; w Boguchwale","datePublished":"2021-06-08T07:37:37+00:00","dateModified":"2021-06-08T09:15:42+00:00","mainEntityOfPage":{"@id":"https:\/\/pans.krosno.pl\/pibz\/pierwsze-wiosenne-targi-innowacji-w-boguchwale\/"},"wordCount":116,"commentCount":0,"publisher":{"@id":"https:\/\/pans.krosno.pl\/pibz\/#organization"},"image":{"@id":"https:\/\/pans.krosno.pl\/pibz\/pierwsze-wiosenne-targi-innowacji-w-boguchwale\/#primaryimage"},"thumbnailUrl":"https:\/\/pans.krosno.pl\/pibz\/wp-content\/uploads\/sites\/35\/2021\/06\/Pierwsze-Wiosenne-targi-innowacji-w-Boguchwale.png","inLanguage":"pl-PL","potentialAction":[{"@type":"CommentAction","name":"Comment","target":["https:\/\/pans.krosno.pl\/pibz\/pierwsze-wiosenne-targi-innowacji-w-boguchwale\/#respond"]}]},{"@type":"WebPage","@id":"https:\/\/pans.krosno.pl\/pibz\/pierwsze-wiosenne-targi-innowacji-w-boguchwale\/","url":"https:\/\/pans.krosno.pl\/pibz\/pierwsze-wiosenne-targi-innowacji-w-boguchwale\/","name":"Pierwsze \"Wiosenne targi innowacji\" w Boguchwale - Ekonomika produkcji i bezpiecze\u0144stwo \u017cywno\u015bci PANS w Kro\u015bnie","isPartOf":{"@id":"https:\/\/pans.krosno.pl\/pibz\/#website"},"primaryImageOfPage":{"@id":"https:\/\/pans.krosno.pl\/pibz\/pierwsze-wiosenne-targi-innowacji-w-boguchwale\/#primaryimage"},"image":{"@id":"https:\/\/pans.krosno.pl\/pibz\/pierwsze-wiosenne-targi-innowacji-w-boguchwale\/#primaryimage"},"thumbnailUrl":"https:\/\/pans.krosno.pl\/pibz\/wp-content\/uploads\/sites\/35\/2021\/06\/Pierwsze-Wiosenne-targi-innowacji-w-Boguchwale.png","datePublished":"2021-06-08T07:37:37+00:00","dateModified":"2021-06-08T09:15:42+00:00","breadcrumb":{"@id":"https:\/\/pans.krosno.pl\/pibz\/pierwsze-wiosenne-targi-innowacji-w-boguchwale\/#breadcrumb"},"inLanguage":"pl-PL","potentialAction":[{"@type":"ReadAction","target":["https:\/\/pans.krosno.pl\/pibz\/pierwsze-wiosenne-targi-innowacji-w-boguchwale\/"]}]},{"@type":"ImageObject","inLanguage":"pl-PL","@id":"https:\/\/pans.krosno.pl\/pibz\/pierwsze-wiosenne-targi-innowacji-w-boguchwale\/#primaryimage","url":"https:\/\/pans.krosno.pl\/pibz\/wp-content\/uploads\/sites\/35\/2021\/06\/Pierwsze-Wiosenne-targi-innowacji-w-Boguchwale.png","contentUrl":"https:\/\/pans.krosno.pl\/pibz\/wp-content\/uploads\/sites\/35\/2021\/06\/Pierwsze-Wiosenne-targi-innowacji-w-Boguchwale.png","width":1080,"height":1080},{"@type":"BreadcrumbList","@id":"https:\/\/pans.krosno.pl\/pibz\/pierwsze-wiosenne-targi-innowacji-w-boguchwale\/#breadcrumb","itemListElement":[{"@type":"ListItem","position":1,"name":"Strona g\u0142\u00f3wna","item":"https:\/\/pans.krosno.pl\/pibz\/"},{"@type":"ListItem","position":2,"name":"Pierwsze &#8222;Wiosenne targi innowacji&#8221; w Boguchwale"}]},{"@type":"WebSite","@id":"https:\/\/pans.krosno.pl\/pibz\/#website","url":"https:\/\/pans.krosno.pl\/pibz\/","name":"Ekonomika produkcji i bezpiecze\u0144stwo \u017cywno\u015bci PANS w Kro\u015bnie","description":"Ekonomika produkcji i bezpiecze\u0144stwo \u017cywno\u015bci - Pa\u0144stwowa Akademia Nauk Stosowanych","publisher":{"@id":"https:\/\/pans.krosno.pl\/pibz\/#organization"},"potentialAction":[{"@type":"SearchAction","target":{"@type":"EntryPoint","urlTemplate":"https:\/\/pans.krosno.pl\/pibz\/?s={search_term_string}"},"query-input":{"@type":"PropertyValueSpecification","valueRequired":true,"valueName":"search_term_string"}}],"inLanguage":"pl-PL"},{"@type":"Organization","@id":"https:\/\/pans.krosno.pl\/pibz\/#organization","name":"Ekonomika produkcji i bezpiecze\u0144stwo \u017cywno\u015bci PANS w Kro\u015bnie","url":"https:\/\/pans.krosno.pl\/pibz\/","logo":{"@type":"ImageObject","inLanguage":"pl-PL","@id":"https:\/\/pans.krosno.pl\/pibz\/#\/schema\/logo\/image\/","url":"https:\/\/pans.krosno.pl\/pibz\/wp-content\/uploads\/sites\/35\/2023\/01\/Logo-PANS-2022-pelne.png","contentUrl":"https:\/\/pans.krosno.pl\/pibz\/wp-content\/uploads\/sites\/35\/2023\/01\/Logo-PANS-2022-pelne.png","width":3096,"height":696,"caption":"Ekonomika produkcji i bezpiecze\u0144stwo \u017cywno\u015bci PANS w Kro\u015bnie"},"image":{"@id":"https:\/\/pans.krosno.pl\/pibz\/#\/schema\/logo\/image\/"}},{"@type":"Person","@id":"https:\/\/pans.krosno.pl\/pibz\/#\/schema\/person\/5234d538b37281133cebfcf174124540","name":"elzbietabragiel","image":{"@type":"ImageObject","inLanguage":"pl-PL","@id":"https:\/\/secure.gravatar.com\/avatar\/bcc708f308dc4018a34d44dfaa286089751c22f62d1a00bda271b3333c84bc0b?s=96&d=mm&r=g","url":"https:\/\/secure.gravatar.com\/avatar\/bcc708f308dc4018a34d44dfaa286089751c22f62d1a00bda271b3333c84bc0b?s=96&d=mm&r=g","contentUrl":"https:\/\/secure.gravatar.com\/avatar\/bcc708f308dc4018a34d44dfaa286089751c22f62d1a00bda271b3333c84bc0b?s=96&d=mm&r=g","caption":"elzbietabragiel"},"url":"https:\/\/pans.krosno.pl\/pibz\/author\/elzbietabragiel\/"}]}},"_links":{"self":[{"href":"https:\/\/pans.krosno.pl\/pibz\/wp-json\/wp\/v2\/posts\/1173","targetHints":{"allow":["GET"]}}],"collection":[{"href":"https:\/\/pans.krosno.pl\/pibz\/wp-json\/wp\/v2\/posts"}],"about":[{"href":"https:\/\/pans.krosno.pl\/pibz\/wp-json\/wp\/v2\/types\/post"}],"author":[{"embeddable":true,"href":"https:\/\/pans.krosno.pl\/pibz\/wp-json\/wp\/v2\/users\/17"}],"replies":[{"embeddable":true,"href":"https:\/\/pans.krosno.pl\/pibz\/wp-json\/wp\/v2\/comments?post=1173"}],"version-history":[{"count":9,"href":"https:\/\/pans.krosno.pl\/pibz\/wp-json\/wp\/v2\/posts\/1173\/revisions"}],"predecessor-version":[{"id":1191,"href":"https:\/\/pans.krosno.pl\/pibz\/wp-json\/wp\/v2\/posts\/1173\/revisions\/1191"}],"wp:featuredmedia":[{"embeddable":true,"href":"https:\/\/pans.krosno.pl\/pibz\/wp-json\/wp\/v2\/media\/1178"}],"wp:attachment":[{"href":"https:\/\/pans.krosno.pl\/pibz\/wp-json\/wp\/v2\/media?parent=1173"}],"wp:term":[{"taxonomy":"category","embeddable":true,"href":"https:\/\/pans.krosno.pl\/pibz\/wp-json\/wp\/v2\/categories?post=1173"},{"taxonomy":"post_tag","embeddable":true,"href":"https:\/\/pans.krosno.pl\/pibz\/wp-json\/wp\/v2\/tags?post=1173"}],"curies":[{"name":"wp","href":"https:\/\/api.w.org\/{rel}","templated":true}]}}