{"id":6145,"date":"2026-03-22T23:02:43","date_gmt":"2026-03-22T22:02:43","guid":{"rendered":"https:\/\/pans.krosno.pl\/pedagogika\/?p=6145"},"modified":"2026-03-22T23:04:28","modified_gmt":"2026-03-22T22:04:28","slug":"spotkanie-studentow-ii-roku-pedagogiki-z-pania-psycholog","status":"publish","type":"post","link":"https:\/\/pans.krosno.pl\/pedagogika\/spotkanie-studentow-ii-roku-pedagogiki-z-pania-psycholog\/","title":{"rendered":"Spotkanie Student\u00f3w II roku Pedagogiki z Pani\u0105 Psycholog"},"content":{"rendered":"\n<p class=\"has-text-align-left\">W dniu 10 marca br. odby\u0142y si\u0119 zaj\u0119cia dla student\u00f3w II roku Pedagogiki spo\u0142eczno &#8211; opieku\u0144czej z udzia\u0142em zaproszonego go\u015bcia, Pani mgr Marleny Wandas, doktorantki III roku psychologii na Uniwersytecie Ignatianum w Krakowie. Podczas zaj\u0119\u0107 psycholog poszerzy\u0142a wiedz\u0119 student\u00f3w na temat to\u017csamo\u015bci cz\u0142owieka. Celem spotkania by\u0142o przybli\u017cenie studentom zagadnie\u0144 zwi\u0105zanych z kszta\u0142towaniem si\u0119 to\u017csamo\u015bci. Pani psycholog om\u00f3wi\u0142a podstawowe poj\u0119cia zwi\u0105zane z to\u017csamo\u015bci\u0105 ze szczeg\u00f3lnym uwzgl\u0119dnieniem okresu adolescencji. W trakcie spotkania studenci mieli mo\u017cliwo\u015b\u0107 zadawania pyta\u0144, dzielenia si\u0119 w\u0142asnymi refleksjami i uczestnictwa w kr\u00f3tkiej dyskusji. Wyk\u0142ad przebiega\u0142 w przyjaznej atmosferze i sprzyja\u0142 aktywnemu uczestnictwu. Zaj\u0119cia pozwoli\u0142y studentom lepiej zrozumie\u0107 znaczenie to\u017csamo\u015bci w \u017cyciu cz\u0142owieka i poszerzy\u0142y wiedz\u0119, kt\u00f3ra pozwala lepiej zrozumie\u0107 istot\u0119 procesu budowania poczucia w\u0142asnego \u201eja\u201d.<\/p>\n\n\n\n<figure class=\"wp-block-image size-full\"><img loading=\"lazy\" decoding=\"async\" width=\"664\" height=\"449\" src=\"https:\/\/pans.krosno.pl\/pedagogika\/wp-content\/uploads\/sites\/7\/2026\/03\/2.jpg\" alt=\"\" class=\"wp-image-6146\" srcset=\"https:\/\/pans.krosno.pl\/pedagogika\/wp-content\/uploads\/sites\/7\/2026\/03\/2.jpg 664w, https:\/\/pans.krosno.pl\/pedagogika\/wp-content\/uploads\/sites\/7\/2026\/03\/2-300x203.jpg 300w, https:\/\/pans.krosno.pl\/pedagogika\/wp-content\/uploads\/sites\/7\/2026\/03\/2-580x392.jpg 580w\" sizes=\"auto, (max-width: 664px) 100vw, 664px\" \/><\/figure>\n","protected":false},"excerpt":{"rendered":"<p>W dniu 10 marca br. odby\u0142y si\u0119 zaj\u0119cia dla student\u00f3w II roku Pedagogiki spo\u0142eczno &#8211; opieku\u0144czej z udzia\u0142em zaproszonego go\u015bcia, Pani mgr Marleny Wandas, doktorantki III roku psychologii na Uniwersytecie Ignatianum w Krakowie. Podczas zaj\u0119\u0107 psycholog poszerzy\u0142a wiedz\u0119 student\u00f3w na temat to\u017csamo\u015bci cz\u0142owieka. Celem spotkania by\u0142o przybli\u017cenie studentom zagadnie\u0144 zwi\u0105zanych [\u2026] <\/p>\n<div class=\"clear\"><\/div>\n<p><a class=\"more_link clearfix\" href=\"https:\/\/pans.krosno.pl\/pedagogika\/spotkanie-studentow-ii-roku-pedagogiki-z-pania-psycholog\/\" rel=\"nofollow\">Read More<\/a><\/p>\n","protected":false},"author":43,"featured_media":6146,"comment_status":"open","ping_status":"open","sticky":false,"template":"","format":"standard","meta":{"ngg_post_thumbnail":0,"footnotes":""},"categories":[1],"tags":[],"class_list":["post-6145","post","type-post","status-publish","format-standard","has-post-thumbnail","hentry","category-bez-kategorii"],"yoast_head":"<!-- This site is optimized with the Yoast SEO Premium plugin v27.4 (Yoast SEO v27.4) - https:\/\/yoast.com\/product\/yoast-seo-premium-wordpress\/ -->\n<title>Spotkanie Student\u00f3w II roku Pedagogiki z Pani\u0105 Psycholog - Pedagogika PANS w Kro\u015bnie<\/title>\n<meta name=\"robots\" content=\"index, follow, max-snippet:-1, max-image-preview:large, max-video-preview:-1\" \/>\n<link rel=\"canonical\" href=\"https:\/\/pans.krosno.pl\/pedagogika\/spotkanie-studentow-ii-roku-pedagogiki-z-pania-psycholog\/\" \/>\n<meta property=\"og:locale\" content=\"pl_PL\" \/>\n<meta property=\"og:type\" content=\"article\" \/>\n<meta property=\"og:title\" content=\"Spotkanie Student\u00f3w II roku Pedagogiki z Pani\u0105 Psycholog\" \/>\n<meta property=\"og:description\" content=\"W dniu 10 marca br. odby\u0142y si\u0119 zaj\u0119cia dla student\u00f3w II roku Pedagogiki spo\u0142eczno &#8211; opieku\u0144czej z udzia\u0142em zaproszonego go\u015bcia, Pani mgr Marleny Wandas, doktorantki III roku psychologii na Uniwersytecie Ignatianum w Krakowie. Podczas zaj\u0119\u0107 psycholog poszerzy\u0142a wiedz\u0119 student\u00f3w na temat to\u017csamo\u015bci cz\u0142owieka. Celem spotkania by\u0142o przybli\u017cenie studentom zagadnie\u0144 zwi\u0105zanych [\u2026] Read More\" \/>\n<meta property=\"og:url\" content=\"https:\/\/pans.krosno.pl\/pedagogika\/spotkanie-studentow-ii-roku-pedagogiki-z-pania-psycholog\/\" \/>\n<meta property=\"og:site_name\" content=\"Pedagogika PANS w Kro\u015bnie\" \/>\n<meta property=\"article:published_time\" content=\"2026-03-22T22:02:43+00:00\" \/>\n<meta property=\"article:modified_time\" content=\"2026-03-22T22:04:28+00:00\" \/>\n<meta property=\"og:image\" content=\"https:\/\/pans.krosno.pl\/pedagogika\/wp-content\/uploads\/sites\/7\/2026\/03\/2.jpg\" \/>\n\t<meta property=\"og:image:width\" content=\"664\" \/>\n\t<meta property=\"og:image:height\" content=\"449\" \/>\n\t<meta property=\"og:image:type\" content=\"image\/jpeg\" \/>\n<meta name=\"author\" content=\"adamprzybysz\" \/>\n<meta name=\"twitter:card\" content=\"summary_large_image\" \/>\n<meta name=\"twitter:label1\" content=\"Napisane przez\" \/>\n\t<meta name=\"twitter:data1\" content=\"adamprzybysz\" \/>\n\t<meta name=\"twitter:label2\" content=\"Szacowany czas czytania\" \/>\n\t<meta name=\"twitter:data2\" content=\"2 minuty\" \/>\n<script type=\"application\/ld+json\" class=\"yoast-schema-graph\">{\"@context\":\"https:\\\/\\\/schema.org\",\"@graph\":[{\"@type\":\"Article\",\"@id\":\"https:\\\/\\\/pans.krosno.pl\\\/pedagogika\\\/spotkanie-studentow-ii-roku-pedagogiki-z-pania-psycholog\\\/#article\",\"isPartOf\":{\"@id\":\"https:\\\/\\\/pans.krosno.pl\\\/pedagogika\\\/spotkanie-studentow-ii-roku-pedagogiki-z-pania-psycholog\\\/\"},\"author\":{\"name\":\"adamprzybysz\",\"@id\":\"https:\\\/\\\/pans.krosno.pl\\\/pedagogika\\\/#\\\/schema\\\/person\\\/02afd779919c5d05dc90bea63b9cc9f8\"},\"headline\":\"Spotkanie Student\u00f3w II roku Pedagogiki z Pani\u0105 Psycholog\",\"datePublished\":\"2026-03-22T22:02:43+00:00\",\"dateModified\":\"2026-03-22T22:04:28+00:00\",\"mainEntityOfPage\":{\"@id\":\"https:\\\/\\\/pans.krosno.pl\\\/pedagogika\\\/spotkanie-studentow-ii-roku-pedagogiki-z-pania-psycholog\\\/\"},\"wordCount\":162,\"commentCount\":0,\"publisher\":{\"@id\":\"https:\\\/\\\/pans.krosno.pl\\\/pedagogika\\\/#organization\"},\"image\":{\"@id\":\"https:\\\/\\\/pans.krosno.pl\\\/pedagogika\\\/spotkanie-studentow-ii-roku-pedagogiki-z-pania-psycholog\\\/#primaryimage\"},\"thumbnailUrl\":\"https:\\\/\\\/pans.krosno.pl\\\/pedagogika\\\/wp-content\\\/uploads\\\/sites\\\/7\\\/2026\\\/03\\\/2.jpg\",\"inLanguage\":\"pl-PL\",\"potentialAction\":[{\"@type\":\"CommentAction\",\"name\":\"Comment\",\"target\":[\"https:\\\/\\\/pans.krosno.pl\\\/pedagogika\\\/spotkanie-studentow-ii-roku-pedagogiki-z-pania-psycholog\\\/#respond\"]}]},{\"@type\":\"WebPage\",\"@id\":\"https:\\\/\\\/pans.krosno.pl\\\/pedagogika\\\/spotkanie-studentow-ii-roku-pedagogiki-z-pania-psycholog\\\/\",\"url\":\"https:\\\/\\\/pans.krosno.pl\\\/pedagogika\\\/spotkanie-studentow-ii-roku-pedagogiki-z-pania-psycholog\\\/\",\"name\":\"Spotkanie Student\u00f3w II roku Pedagogiki z Pani\u0105 Psycholog - Pedagogika PANS w Kro\u015bnie\",\"isPartOf\":{\"@id\":\"https:\\\/\\\/pans.krosno.pl\\\/pedagogika\\\/#website\"},\"primaryImageOfPage\":{\"@id\":\"https:\\\/\\\/pans.krosno.pl\\\/pedagogika\\\/spotkanie-studentow-ii-roku-pedagogiki-z-pania-psycholog\\\/#primaryimage\"},\"image\":{\"@id\":\"https:\\\/\\\/pans.krosno.pl\\\/pedagogika\\\/spotkanie-studentow-ii-roku-pedagogiki-z-pania-psycholog\\\/#primaryimage\"},\"thumbnailUrl\":\"https:\\\/\\\/pans.krosno.pl\\\/pedagogika\\\/wp-content\\\/uploads\\\/sites\\\/7\\\/2026\\\/03\\\/2.jpg\",\"datePublished\":\"2026-03-22T22:02:43+00:00\",\"dateModified\":\"2026-03-22T22:04:28+00:00\",\"breadcrumb\":{\"@id\":\"https:\\\/\\\/pans.krosno.pl\\\/pedagogika\\\/spotkanie-studentow-ii-roku-pedagogiki-z-pania-psycholog\\\/#breadcrumb\"},\"inLanguage\":\"pl-PL\",\"potentialAction\":[{\"@type\":\"ReadAction\",\"target\":[\"https:\\\/\\\/pans.krosno.pl\\\/pedagogika\\\/spotkanie-studentow-ii-roku-pedagogiki-z-pania-psycholog\\\/\"]}]},{\"@type\":\"ImageObject\",\"inLanguage\":\"pl-PL\",\"@id\":\"https:\\\/\\\/pans.krosno.pl\\\/pedagogika\\\/spotkanie-studentow-ii-roku-pedagogiki-z-pania-psycholog\\\/#primaryimage\",\"url\":\"https:\\\/\\\/pans.krosno.pl\\\/pedagogika\\\/wp-content\\\/uploads\\\/sites\\\/7\\\/2026\\\/03\\\/2.jpg\",\"contentUrl\":\"https:\\\/\\\/pans.krosno.pl\\\/pedagogika\\\/wp-content\\\/uploads\\\/sites\\\/7\\\/2026\\\/03\\\/2.jpg\",\"width\":664,\"height\":449},{\"@type\":\"BreadcrumbList\",\"@id\":\"https:\\\/\\\/pans.krosno.pl\\\/pedagogika\\\/spotkanie-studentow-ii-roku-pedagogiki-z-pania-psycholog\\\/#breadcrumb\",\"itemListElement\":[{\"@type\":\"ListItem\",\"position\":1,\"name\":\"Strona g\u0142\u00f3wna\",\"item\":\"https:\\\/\\\/pans.krosno.pl\\\/pedagogika\\\/\"},{\"@type\":\"ListItem\",\"position\":2,\"name\":\"Spotkanie Student\u00f3w II roku Pedagogiki z Pani\u0105 Psycholog\"}]},{\"@type\":\"WebSite\",\"@id\":\"https:\\\/\\\/pans.krosno.pl\\\/pedagogika\\\/#website\",\"url\":\"https:\\\/\\\/pans.krosno.pl\\\/pedagogika\\\/\",\"name\":\"Pedagogika PANS w Kro\u015bnie\",\"description\":\"Pedagogika - Pa\u0144stwowa Akademia Nauk Stosowanych\",\"publisher\":{\"@id\":\"https:\\\/\\\/pans.krosno.pl\\\/pedagogika\\\/#organization\"},\"potentialAction\":[{\"@type\":\"SearchAction\",\"target\":{\"@type\":\"EntryPoint\",\"urlTemplate\":\"https:\\\/\\\/pans.krosno.pl\\\/pedagogika\\\/?s={search_term_string}\"},\"query-input\":{\"@type\":\"PropertyValueSpecification\",\"valueRequired\":true,\"valueName\":\"search_term_string\"}}],\"inLanguage\":\"pl-PL\"},{\"@type\":\"Organization\",\"@id\":\"https:\\\/\\\/pans.krosno.pl\\\/pedagogika\\\/#organization\",\"name\":\"Pedagogika PANS w Kro\u015bnie\",\"url\":\"https:\\\/\\\/pans.krosno.pl\\\/pedagogika\\\/\",\"logo\":{\"@type\":\"ImageObject\",\"inLanguage\":\"pl-PL\",\"@id\":\"https:\\\/\\\/pans.krosno.pl\\\/pedagogika\\\/#\\\/schema\\\/logo\\\/image\\\/\",\"url\":\"https:\\\/\\\/pans.krosno.pl\\\/pedagogika\\\/wp-content\\\/uploads\\\/sites\\\/7\\\/2023\\\/01\\\/Logo-PANS-2022-pelne.png\",\"contentUrl\":\"https:\\\/\\\/pans.krosno.pl\\\/pedagogika\\\/wp-content\\\/uploads\\\/sites\\\/7\\\/2023\\\/01\\\/Logo-PANS-2022-pelne.png\",\"width\":3096,\"height\":696,\"caption\":\"Pedagogika PANS w Kro\u015bnie\"},\"image\":{\"@id\":\"https:\\\/\\\/pans.krosno.pl\\\/pedagogika\\\/#\\\/schema\\\/logo\\\/image\\\/\"}},{\"@type\":\"Person\",\"@id\":\"https:\\\/\\\/pans.krosno.pl\\\/pedagogika\\\/#\\\/schema\\\/person\\\/02afd779919c5d05dc90bea63b9cc9f8\",\"name\":\"adamprzybysz\",\"image\":{\"@type\":\"ImageObject\",\"inLanguage\":\"pl-PL\",\"@id\":\"https:\\\/\\\/secure.gravatar.com\\\/avatar\\\/6bf2c126db6403561f7b72bc719866a3321bb706228c8ed702b579a60f7f33b5?s=96&d=mm&r=g\",\"url\":\"https:\\\/\\\/secure.gravatar.com\\\/avatar\\\/6bf2c126db6403561f7b72bc719866a3321bb706228c8ed702b579a60f7f33b5?s=96&d=mm&r=g\",\"contentUrl\":\"https:\\\/\\\/secure.gravatar.com\\\/avatar\\\/6bf2c126db6403561f7b72bc719866a3321bb706228c8ed702b579a60f7f33b5?s=96&d=mm&r=g\",\"caption\":\"adamprzybysz\"},\"url\":\"https:\\\/\\\/pans.krosno.pl\\\/pedagogika\\\/author\\\/adamprzybysz\\\/\"}]}<\/script>\n<!-- \/ Yoast SEO Premium plugin. -->","yoast_head_json":{"title":"Spotkanie Student\u00f3w II roku Pedagogiki z Pani\u0105 Psycholog - Pedagogika PANS w Kro\u015bnie","robots":{"index":"index","follow":"follow","max-snippet":"max-snippet:-1","max-image-preview":"max-image-preview:large","max-video-preview":"max-video-preview:-1"},"canonical":"https:\/\/pans.krosno.pl\/pedagogika\/spotkanie-studentow-ii-roku-pedagogiki-z-pania-psycholog\/","og_locale":"pl_PL","og_type":"article","og_title":"Spotkanie Student\u00f3w II roku Pedagogiki z Pani\u0105 Psycholog","og_description":"W dniu 10 marca br. odby\u0142y si\u0119 zaj\u0119cia dla student\u00f3w II roku Pedagogiki spo\u0142eczno &#8211; opieku\u0144czej z udzia\u0142em zaproszonego go\u015bcia, Pani mgr Marleny Wandas, doktorantki III roku psychologii na Uniwersytecie Ignatianum w Krakowie. Podczas zaj\u0119\u0107 psycholog poszerzy\u0142a wiedz\u0119 student\u00f3w na temat to\u017csamo\u015bci cz\u0142owieka. Celem spotkania by\u0142o przybli\u017cenie studentom zagadnie\u0144 zwi\u0105zanych [\u2026] Read More","og_url":"https:\/\/pans.krosno.pl\/pedagogika\/spotkanie-studentow-ii-roku-pedagogiki-z-pania-psycholog\/","og_site_name":"Pedagogika PANS w Kro\u015bnie","article_published_time":"2026-03-22T22:02:43+00:00","article_modified_time":"2026-03-22T22:04:28+00:00","og_image":[{"width":664,"height":449,"url":"https:\/\/pans.krosno.pl\/pedagogika\/wp-content\/uploads\/sites\/7\/2026\/03\/2.jpg","type":"image\/jpeg"}],"author":"adamprzybysz","twitter_card":"summary_large_image","twitter_misc":{"Napisane przez":"adamprzybysz","Szacowany czas czytania":"2 minuty"},"schema":{"@context":"https:\/\/schema.org","@graph":[{"@type":"Article","@id":"https:\/\/pans.krosno.pl\/pedagogika\/spotkanie-studentow-ii-roku-pedagogiki-z-pania-psycholog\/#article","isPartOf":{"@id":"https:\/\/pans.krosno.pl\/pedagogika\/spotkanie-studentow-ii-roku-pedagogiki-z-pania-psycholog\/"},"author":{"name":"adamprzybysz","@id":"https:\/\/pans.krosno.pl\/pedagogika\/#\/schema\/person\/02afd779919c5d05dc90bea63b9cc9f8"},"headline":"Spotkanie Student\u00f3w II roku Pedagogiki z Pani\u0105 Psycholog","datePublished":"2026-03-22T22:02:43+00:00","dateModified":"2026-03-22T22:04:28+00:00","mainEntityOfPage":{"@id":"https:\/\/pans.krosno.pl\/pedagogika\/spotkanie-studentow-ii-roku-pedagogiki-z-pania-psycholog\/"},"wordCount":162,"commentCount":0,"publisher":{"@id":"https:\/\/pans.krosno.pl\/pedagogika\/#organization"},"image":{"@id":"https:\/\/pans.krosno.pl\/pedagogika\/spotkanie-studentow-ii-roku-pedagogiki-z-pania-psycholog\/#primaryimage"},"thumbnailUrl":"https:\/\/pans.krosno.pl\/pedagogika\/wp-content\/uploads\/sites\/7\/2026\/03\/2.jpg","inLanguage":"pl-PL","potentialAction":[{"@type":"CommentAction","name":"Comment","target":["https:\/\/pans.krosno.pl\/pedagogika\/spotkanie-studentow-ii-roku-pedagogiki-z-pania-psycholog\/#respond"]}]},{"@type":"WebPage","@id":"https:\/\/pans.krosno.pl\/pedagogika\/spotkanie-studentow-ii-roku-pedagogiki-z-pania-psycholog\/","url":"https:\/\/pans.krosno.pl\/pedagogika\/spotkanie-studentow-ii-roku-pedagogiki-z-pania-psycholog\/","name":"Spotkanie Student\u00f3w II roku Pedagogiki z Pani\u0105 Psycholog - Pedagogika PANS w Kro\u015bnie","isPartOf":{"@id":"https:\/\/pans.krosno.pl\/pedagogika\/#website"},"primaryImageOfPage":{"@id":"https:\/\/pans.krosno.pl\/pedagogika\/spotkanie-studentow-ii-roku-pedagogiki-z-pania-psycholog\/#primaryimage"},"image":{"@id":"https:\/\/pans.krosno.pl\/pedagogika\/spotkanie-studentow-ii-roku-pedagogiki-z-pania-psycholog\/#primaryimage"},"thumbnailUrl":"https:\/\/pans.krosno.pl\/pedagogika\/wp-content\/uploads\/sites\/7\/2026\/03\/2.jpg","datePublished":"2026-03-22T22:02:43+00:00","dateModified":"2026-03-22T22:04:28+00:00","breadcrumb":{"@id":"https:\/\/pans.krosno.pl\/pedagogika\/spotkanie-studentow-ii-roku-pedagogiki-z-pania-psycholog\/#breadcrumb"},"inLanguage":"pl-PL","potentialAction":[{"@type":"ReadAction","target":["https:\/\/pans.krosno.pl\/pedagogika\/spotkanie-studentow-ii-roku-pedagogiki-z-pania-psycholog\/"]}]},{"@type":"ImageObject","inLanguage":"pl-PL","@id":"https:\/\/pans.krosno.pl\/pedagogika\/spotkanie-studentow-ii-roku-pedagogiki-z-pania-psycholog\/#primaryimage","url":"https:\/\/pans.krosno.pl\/pedagogika\/wp-content\/uploads\/sites\/7\/2026\/03\/2.jpg","contentUrl":"https:\/\/pans.krosno.pl\/pedagogika\/wp-content\/uploads\/sites\/7\/2026\/03\/2.jpg","width":664,"height":449},{"@type":"BreadcrumbList","@id":"https:\/\/pans.krosno.pl\/pedagogika\/spotkanie-studentow-ii-roku-pedagogiki-z-pania-psycholog\/#breadcrumb","itemListElement":[{"@type":"ListItem","position":1,"name":"Strona g\u0142\u00f3wna","item":"https:\/\/pans.krosno.pl\/pedagogika\/"},{"@type":"ListItem","position":2,"name":"Spotkanie Student\u00f3w II roku Pedagogiki z Pani\u0105 Psycholog"}]},{"@type":"WebSite","@id":"https:\/\/pans.krosno.pl\/pedagogika\/#website","url":"https:\/\/pans.krosno.pl\/pedagogika\/","name":"Pedagogika PANS w Kro\u015bnie","description":"Pedagogika - Pa\u0144stwowa Akademia Nauk Stosowanych","publisher":{"@id":"https:\/\/pans.krosno.pl\/pedagogika\/#organization"},"potentialAction":[{"@type":"SearchAction","target":{"@type":"EntryPoint","urlTemplate":"https:\/\/pans.krosno.pl\/pedagogika\/?s={search_term_string}"},"query-input":{"@type":"PropertyValueSpecification","valueRequired":true,"valueName":"search_term_string"}}],"inLanguage":"pl-PL"},{"@type":"Organization","@id":"https:\/\/pans.krosno.pl\/pedagogika\/#organization","name":"Pedagogika PANS w Kro\u015bnie","url":"https:\/\/pans.krosno.pl\/pedagogika\/","logo":{"@type":"ImageObject","inLanguage":"pl-PL","@id":"https:\/\/pans.krosno.pl\/pedagogika\/#\/schema\/logo\/image\/","url":"https:\/\/pans.krosno.pl\/pedagogika\/wp-content\/uploads\/sites\/7\/2023\/01\/Logo-PANS-2022-pelne.png","contentUrl":"https:\/\/pans.krosno.pl\/pedagogika\/wp-content\/uploads\/sites\/7\/2023\/01\/Logo-PANS-2022-pelne.png","width":3096,"height":696,"caption":"Pedagogika PANS w Kro\u015bnie"},"image":{"@id":"https:\/\/pans.krosno.pl\/pedagogika\/#\/schema\/logo\/image\/"}},{"@type":"Person","@id":"https:\/\/pans.krosno.pl\/pedagogika\/#\/schema\/person\/02afd779919c5d05dc90bea63b9cc9f8","name":"adamprzybysz","image":{"@type":"ImageObject","inLanguage":"pl-PL","@id":"https:\/\/secure.gravatar.com\/avatar\/6bf2c126db6403561f7b72bc719866a3321bb706228c8ed702b579a60f7f33b5?s=96&d=mm&r=g","url":"https:\/\/secure.gravatar.com\/avatar\/6bf2c126db6403561f7b72bc719866a3321bb706228c8ed702b579a60f7f33b5?s=96&d=mm&r=g","contentUrl":"https:\/\/secure.gravatar.com\/avatar\/6bf2c126db6403561f7b72bc719866a3321bb706228c8ed702b579a60f7f33b5?s=96&d=mm&r=g","caption":"adamprzybysz"},"url":"https:\/\/pans.krosno.pl\/pedagogika\/author\/adamprzybysz\/"}]}},"_links":{"self":[{"href":"https:\/\/pans.krosno.pl\/pedagogika\/wp-json\/wp\/v2\/posts\/6145","targetHints":{"allow":["GET"]}}],"collection":[{"href":"https:\/\/pans.krosno.pl\/pedagogika\/wp-json\/wp\/v2\/posts"}],"about":[{"href":"https:\/\/pans.krosno.pl\/pedagogika\/wp-json\/wp\/v2\/types\/post"}],"author":[{"embeddable":true,"href":"https:\/\/pans.krosno.pl\/pedagogika\/wp-json\/wp\/v2\/users\/43"}],"replies":[{"embeddable":true,"href":"https:\/\/pans.krosno.pl\/pedagogika\/wp-json\/wp\/v2\/comments?post=6145"}],"version-history":[{"count":1,"href":"https:\/\/pans.krosno.pl\/pedagogika\/wp-json\/wp\/v2\/posts\/6145\/revisions"}],"predecessor-version":[{"id":6147,"href":"https:\/\/pans.krosno.pl\/pedagogika\/wp-json\/wp\/v2\/posts\/6145\/revisions\/6147"}],"wp:featuredmedia":[{"embeddable":true,"href":"https:\/\/pans.krosno.pl\/pedagogika\/wp-json\/wp\/v2\/media\/6146"}],"wp:attachment":[{"href":"https:\/\/pans.krosno.pl\/pedagogika\/wp-json\/wp\/v2\/media?parent=6145"}],"wp:term":[{"taxonomy":"category","embeddable":true,"href":"https:\/\/pans.krosno.pl\/pedagogika\/wp-json\/wp\/v2\/categories?post=6145"},{"taxonomy":"post_tag","embeddable":true,"href":"https:\/\/pans.krosno.pl\/pedagogika\/wp-json\/wp\/v2\/tags?post=6145"}],"curies":[{"name":"wp","href":"https:\/\/api.w.org\/{rel}","templated":true}]}}