{"id":567,"date":"2020-12-07T23:34:49","date_gmt":"2020-12-07T22:34:49","guid":{"rendered":"https:\/\/pans.krosno.pl\/pedagogika\/?p=567"},"modified":"2020-12-09T23:07:29","modified_gmt":"2020-12-09T22:07:29","slug":"z-okazji-dnia-sw-mikolaja-studenci-pedagogiki-z-odwiedzinami-uczniow-specjalnego-osrodka-szkolno-wychowawczego-w-krosnie","status":"publish","type":"post","link":"https:\/\/pans.krosno.pl\/pedagogika\/z-okazji-dnia-sw-mikolaja-studenci-pedagogiki-z-odwiedzinami-uczniow-specjalnego-osrodka-szkolno-wychowawczego-w-krosnie\/","title":{"rendered":"Z okazji dnia \u015bw.  Miko\u0142aja  &#8211; studenci   pedagogiki z  odwiedzinami  uczni\u00f3w   w Specjalnym  O\u015brodku Szkolno &#8211; Wychowawczym   w  Kro\u015bnie"},"content":{"rendered":"\n<p><em>Spo\u015br\u00f3d wielu rzeczy, kt\u00f3re mo\u017cemy podarowa\u0107 innym,<br>najcenniejszy jest nasz czas<\/em><\/p>\n\n\n\n<p>Po kilu latach wsp\u00f3\u0142pracy Zak\u0142adu Pedagogiki ze Specjalnym O\u015brodkiem Szkolno &#8211; Wychowawczym w Kro\u015bnie &#8211; mo\u017cna \u015bmia\u0142o stwierdzi\u0107, i\u017c tradycj\u0105 sta\u0142o si\u0119 ju\u017c to, kiedy to studenci kierunku pedagogika odwiedzaj\u0105 uczni\u00f3w ww. o\u015brodka z okazji Dnia \u015bw. Miko\u0142aja czy Zabawy karnawa\u0142owej. Patrz\u0105c na obecnie panuj\u0105c\u0105 sytuacj\u0119 zdrowotn\u0105 &#8211; przy wielu w\u0105tpliwo\u015bciach za i przeciw, jednak by nie zwie\u015b\u0107 ca\u0142orocznego czekania dzieci na ten wyj\u0105tkowy dzie\u0144 &#8211; zawsze pe\u0142en ciep\u0142a, serdeczno\u015bci i u\u015bmiechu &#8211; w dniu 4 grudnia br. studenci III roku Edukacji wczesnoszkolnej z wychowaniem przedszkolnym w bardzo ,,okrojonym&#8221;, gdy\u017c dwuosobowym sk\u0142adzie tj. <strong>Ksena Dubis<\/strong> oraz<strong> Krystian Borek<\/strong> pod opiek\u0105 dr. <strong>Adam Przybysza<\/strong> udali si\u0119 do wspomnianej plac\u00f3wki szkolnej w Turasz\u00f3wce. Ju\u017c po przekroczeniu szkolnego progu &#8211; zreszt\u0105 jak co roku, mo\u017cna by\u0142o zauwa\u017cy\u0107 radosny i \u015bwi\u0105teczny nastr\u00f3j. Zgromadzonych w sali gimnastycznej uczni\u00f3w klas m\u0142odszych tj. I- VI , nauczycieli oraz student\u00f3w ciep\u0142ymi s\u0142owami przywita\u0142a dyrektor szko\u0142y pani <strong>mgr Katarzyna Bolanowska <\/strong>, m\u00f3wi\u0105c m. in. ,, Ja<em>k, co roku cieszymy si\u0119 bardzo, \u017ce znowu do nas przybywacie, a w tym roku z wyj\u0105tkow\u0105 wdzi\u0119czno\u015bci\u0105 was witamy, bowiem w obliczu panuj\u0105cej pandemii &#8211; przy zaostrzonych przepisach sanitarnych nie tylko w\u015br\u00f3d uczni\u00f3w, ale r\u00f3wnie\u017c i nauczycieli pojawi\u0142a si\u0119 ma\u0142a nuta niepewno\u015bci, czy aby<\/em><strong><em> <\/em><\/strong><em>na pewno w tym roku studenci wraz ze \u015bw. Miko\u0142ajem zawitaj\u0105 do naszej szko\u0142y<\/em>&#8221; (warto podkre\u015bli\u0107, \u017ce uczniowie od pocz\u0105tku roku szkolnego nieprzerwanie ucz\u0105 si\u0119 w szkole). W dalszej cz\u0119\u015bci spotkania &#8211; wspomniany duet student\u00f3w, wznosz\u0105c si\u0119 na wy\u017cyny swoich umiej\u0119tno\u015bci wokalno- muzycznych- pan Krystian gra\u0142 tak\u017ce  na gitarze, da\u0142 prawie 30 minutowy pokaz poprzez s\u0142owo \u015bpiewane i m\u00f3wione. Na pocz\u0105tku by\u0142y piosenki pt. ,,<em>Jest taki dzie\u0144&#8221;<\/em> oraz ,,<em>Kiedy mro\u017any grudzie\u0144 nadchodzi<\/em>&#8222;. Do g\u0142o\u015bnego \u015bpiewania w\u0142\u0105cza\u0142y si\u0119 dzieci (tak by\u0142o do samego ko\u0144ca). W dalszej kolejno\u015bci dzieci odpowiada\u0142y na pytania konkursowe przygotowane przez student\u00f3w, m. in. ,,Gdzie mieszka \u015bw. Miko\u0142aj, jakim porusza si\u0119 pojazdem, kim by\u0142, w czym przynosi prezenty&#8221;. Ka\u017cdy ucze\u0144 \u015bwietnie poradzi\u0142 sobie z udzielenie prawid\u0142owej odpowiedzi, za co otrzyma\u0142 upominek w postaci \u015bwi\u0105tecznej czekolady. Jeszcze przed wej\u015bciem do sali \u015bw. Miko\u0142aja &#8211; prowadz\u0105ca dw\u00f3jka student\u00f3w za\u015bpiewa\u0142a pastora\u0142k\u0119 ,,\u015awie\u0107 gwiazdeczko&#8221; oraz podj\u0119\u0142a si\u0119 pr\u00f3by nauczenia dzieci kr\u00f3tkiego wiersza na cze\u015b\u0107 wyczekiwanego z niecierpliwo\u015bci\u0105, a przynosz\u0105cego prezenty go\u015bcia, trzeba powiedzie\u0107, \u017ce uda\u0142o si\u0119 im to uczyni\u0107 w spos\u00f3b doskona\u0142y. Kiedy pojawi\u0142 si\u0119 \u015bwi\u0119ty Miko\u0142aj &#8211; wydaje si\u0119, \u017ce znany nauczycielom i  studentom, na szcz\u0119\u015bcie nieznany dzieciom,  w sali zapanowa\u0142a jeszcze wi\u0119ksza rado\u015b\u0107<br>i euforia, wszyscy uczniowie zostali obdarowani prezentami. \u015awi\u0119ty Miko\u0142aj skierowa\u0142 do wszystkich os\u00f3b \u015bwi\u0105teczne \u017cyczenia, m. in. &#8230;,, \u017b<em>yczy\u0142 by nikt nie zmarnowa\u0142 ani jednej minuty, godziny, dnia, kolejnych tygodni i miesi\u0119cy, by stawa\u0107 si\u0119 coraz lepszym i dobrym, by zauwa\u017ca\u0107 innych , pomaga\u0107 sobie nawzajem, zw\u0142aszcza w sytuacjach trudnych, chocia\u017cby takich , w jakich od kilkunastu miesi\u0119cy przysz\u0142o nam \u017cy\u0107&#8230;.&#8221;.  <\/em>Przed opuszczenie sali dzieci podzi\u0119kowa\u0142y Miko\u0142ajowi za otrzymane prezenty oraz wr\u0119czy\u0142y mu skromny upominek. Gor\u0105ce brawa mog\u0105 \u015bwiadczy\u0107 o rado\u015bci i zadowoleniu najm\u0142odszych. Na koniec ca\u0142a sala &#8211; na czele z naszymi studentami za\u015bpiewa\u0142a \u015bwi\u0105teczn\u0105 piosenk\u0119 pt. ,,Skrzypi w\u00f3z&#8221;. Podsumowuj\u0105c \u015bwi\u0119towanie z okazji \u015bw. Miko\u0142aja nale\u017cy w spos\u00f3b mocny podkre\u015bli\u0107, \u017ce w takich spotkaniach nie tylko o same prezenty chodzi- chocia\u017c one na pewno maj\u0105 du\u017c\u0105 warto\u015b\u0107 dodan\u0105 i s\u0105 jak najbardziej wskazane, ale wa\u017cniejsze jest po\u015bwi\u0119cony czas, wsp\u00f3lne przebywanie &#8211; tym bardziej w\u015br\u00f3d i z osobami niepe\u0142nosprawnymi. Przecie\u017c bez cienia w\u0105tpliwo\u015bci   mo\u017cna postawi\u0107 hipotez\u0119, \u017ce w tym rozp\u0119dzonym \u015bwiecie, w kt\u00f3rym brakuje czasu dla innych, w \u015bwiecie nastawionym na konsumpcj\u0119, w \u015bwiecie nie tyle braku mi\u0142o\u015bci, co ogromnej oboj\u0119tno\u015bci &#8211; te dzieci wi\u0119cej widz\u0105 i wi\u0119cej s\u0142ysz\u0105 na polu, gdzie mi\u0142o\u015b\u0107 i dobro\u0107,  \u017cyczliwo\u015b\u0107, u\u015bmiech, rado\u015b\u0107 , a miar\u0105 tego wszystkiego jest otwarte serce cz\u0142owieka dla innych- zw\u0142aszcza najbardziej potrzebuj\u0105cych. Na koniec nale\u017cy z uznaniem popatrze\u0107 na wk\u0142ad pracy, oraz spos\u00f3b prowadzenie tego\u017c spotkania przez wspomnianych student\u00f3w pani\u0105 <strong>Ksen\u0119<\/strong> oraz pana <strong>Krystiana<\/strong> &#8211; wszak w tak ,,uszczuplonym&#8221; sk\u0142adzie zaprezentowali si\u0119 tak jak trzeba. S\u0142owa podzi\u0119kowania kieruj\u0119  w stron\u0119 pani <strong>Ewy Gadza\u0142a<\/strong>, tak\u017ce studentki III roku Edukacji wczesnoszkolnej z wychowaniem przedszkolnym, kt\u00f3ra to przygotowa\u0142a scenariusz przedstawienia &#8211; jednak z powodu udzia\u0142u zdecydowanie mniejszej liczby student\u00f3w,   zosta\u0142 on w  ostatniej chwili znacznie zmodyfikowany. Wierz\u0119, a zarazem mam nadziej\u0119, do zobaczenia za rok podczas kolejnych Miko\u0142ajk\u00f3w.    A.P.<\/p>\n\n\n\n<figure class=\"wp-block-gallery columns-3 is-cropped wp-block-gallery-1 is-layout-flex wp-block-gallery-is-layout-flex\"><ul class=\"blocks-gallery-grid\"><li class=\"blocks-gallery-item\"><figure><img loading=\"lazy\" decoding=\"async\" width=\"1024\" height=\"576\" src=\"https:\/\/pans.krosno.pl\/pedagogika\/wp-content\/uploads\/sites\/7\/2020\/12\/129290658_1855654737915451_4369197497738364832_n-1-1-1024x576.jpg\" alt=\"\" data-id=\"582\" data-full-url=\"https:\/\/pans.krosno.pl\/pedagogika\/wp-content\/uploads\/sites\/7\/2020\/12\/129290658_1855654737915451_4369197497738364832_n-1-1.jpg\" data-link=\"https:\/\/pans.krosno.pl\/pedagogika\/z-okazji-dnia-sw-mikolaja-studenci-pedagogiki-z-odwiedzinami-uczniow-specjalnego-osrodka-szkolno-wychowawczego-w-krosnie\/129290658_1855654737915451_4369197497738364832_n-1-2\/\" class=\"wp-image-582\" srcset=\"https:\/\/pans.krosno.pl\/pedagogika\/wp-content\/uploads\/sites\/7\/2020\/12\/129290658_1855654737915451_4369197497738364832_n-1-1-1024x576.jpg 1024w, https:\/\/pans.krosno.pl\/pedagogika\/wp-content\/uploads\/sites\/7\/2020\/12\/129290658_1855654737915451_4369197497738364832_n-1-1-300x169.jpg 300w, https:\/\/pans.krosno.pl\/pedagogika\/wp-content\/uploads\/sites\/7\/2020\/12\/129290658_1855654737915451_4369197497738364832_n-1-1-768x432.jpg 768w, https:\/\/pans.krosno.pl\/pedagogika\/wp-content\/uploads\/sites\/7\/2020\/12\/129290658_1855654737915451_4369197497738364832_n-1-1-1536x864.jpg 1536w, https:\/\/pans.krosno.pl\/pedagogika\/wp-content\/uploads\/sites\/7\/2020\/12\/129290658_1855654737915451_4369197497738364832_n-1-1-800x450.jpg 800w, https:\/\/pans.krosno.pl\/pedagogika\/wp-content\/uploads\/sites\/7\/2020\/12\/129290658_1855654737915451_4369197497738364832_n-1-1-270x152.jpg 270w, https:\/\/pans.krosno.pl\/pedagogika\/wp-content\/uploads\/sites\/7\/2020\/12\/129290658_1855654737915451_4369197497738364832_n-1-1-580x326.jpg 580w, https:\/\/pans.krosno.pl\/pedagogika\/wp-content\/uploads\/sites\/7\/2020\/12\/129290658_1855654737915451_4369197497738364832_n-1-1.jpg 1992w\" sizes=\"auto, (max-width: 1024px) 100vw, 1024px\" \/><\/figure><\/li><li class=\"blocks-gallery-item\"><figure><img loading=\"lazy\" decoding=\"async\" width=\"1024\" height=\"576\" src=\"https:\/\/pans.krosno.pl\/pedagogika\/wp-content\/uploads\/sites\/7\/2020\/12\/129303962_401639824584566_7988044499901010740_n-1-1024x576.jpg\" alt=\"\" data-id=\"584\" data-full-url=\"https:\/\/pans.krosno.pl\/pedagogika\/wp-content\/uploads\/sites\/7\/2020\/12\/129303962_401639824584566_7988044499901010740_n-1.jpg\" data-link=\"https:\/\/pans.krosno.pl\/pedagogika\/z-okazji-dnia-sw-mikolaja-studenci-pedagogiki-z-odwiedzinami-uczniow-specjalnego-osrodka-szkolno-wychowawczego-w-krosnie\/129303962_401639824584566_7988044499901010740_n-2\/\" class=\"wp-image-584\" srcset=\"https:\/\/pans.krosno.pl\/pedagogika\/wp-content\/uploads\/sites\/7\/2020\/12\/129303962_401639824584566_7988044499901010740_n-1-1024x576.jpg 1024w, https:\/\/pans.krosno.pl\/pedagogika\/wp-content\/uploads\/sites\/7\/2020\/12\/129303962_401639824584566_7988044499901010740_n-1-300x169.jpg 300w, https:\/\/pans.krosno.pl\/pedagogika\/wp-content\/uploads\/sites\/7\/2020\/12\/129303962_401639824584566_7988044499901010740_n-1-768x432.jpg 768w, https:\/\/pans.krosno.pl\/pedagogika\/wp-content\/uploads\/sites\/7\/2020\/12\/129303962_401639824584566_7988044499901010740_n-1-1536x864.jpg 1536w, https:\/\/pans.krosno.pl\/pedagogika\/wp-content\/uploads\/sites\/7\/2020\/12\/129303962_401639824584566_7988044499901010740_n-1-800x450.jpg 800w, https:\/\/pans.krosno.pl\/pedagogika\/wp-content\/uploads\/sites\/7\/2020\/12\/129303962_401639824584566_7988044499901010740_n-1-270x152.jpg 270w, https:\/\/pans.krosno.pl\/pedagogika\/wp-content\/uploads\/sites\/7\/2020\/12\/129303962_401639824584566_7988044499901010740_n-1-580x326.jpg 580w, https:\/\/pans.krosno.pl\/pedagogika\/wp-content\/uploads\/sites\/7\/2020\/12\/129303962_401639824584566_7988044499901010740_n-1.jpg 1992w\" sizes=\"auto, (max-width: 1024px) 100vw, 1024px\" \/><\/figure><\/li><li class=\"blocks-gallery-item\"><figure><img loading=\"lazy\" decoding=\"async\" width=\"1024\" height=\"576\" src=\"https:\/\/pans.krosno.pl\/pedagogika\/wp-content\/uploads\/sites\/7\/2020\/12\/129898418_144115623772475_7005659191121908465_n-1-1024x576.jpg\" alt=\"\" data-id=\"585\" data-full-url=\"https:\/\/pans.krosno.pl\/pedagogika\/wp-content\/uploads\/sites\/7\/2020\/12\/129898418_144115623772475_7005659191121908465_n-1.jpg\" data-link=\"https:\/\/pans.krosno.pl\/pedagogika\/z-okazji-dnia-sw-mikolaja-studenci-pedagogiki-z-odwiedzinami-uczniow-specjalnego-osrodka-szkolno-wychowawczego-w-krosnie\/129898418_144115623772475_7005659191121908465_n-2\/\" class=\"wp-image-585\" srcset=\"https:\/\/pans.krosno.pl\/pedagogika\/wp-content\/uploads\/sites\/7\/2020\/12\/129898418_144115623772475_7005659191121908465_n-1-1024x576.jpg 1024w, https:\/\/pans.krosno.pl\/pedagogika\/wp-content\/uploads\/sites\/7\/2020\/12\/129898418_144115623772475_7005659191121908465_n-1-300x169.jpg 300w, https:\/\/pans.krosno.pl\/pedagogika\/wp-content\/uploads\/sites\/7\/2020\/12\/129898418_144115623772475_7005659191121908465_n-1-768x432.jpg 768w, https:\/\/pans.krosno.pl\/pedagogika\/wp-content\/uploads\/sites\/7\/2020\/12\/129898418_144115623772475_7005659191121908465_n-1-1536x864.jpg 1536w, https:\/\/pans.krosno.pl\/pedagogika\/wp-content\/uploads\/sites\/7\/2020\/12\/129898418_144115623772475_7005659191121908465_n-1-800x450.jpg 800w, https:\/\/pans.krosno.pl\/pedagogika\/wp-content\/uploads\/sites\/7\/2020\/12\/129898418_144115623772475_7005659191121908465_n-1-270x152.jpg 270w, https:\/\/pans.krosno.pl\/pedagogika\/wp-content\/uploads\/sites\/7\/2020\/12\/129898418_144115623772475_7005659191121908465_n-1-580x326.jpg 580w, https:\/\/pans.krosno.pl\/pedagogika\/wp-content\/uploads\/sites\/7\/2020\/12\/129898418_144115623772475_7005659191121908465_n-1.jpg 1992w\" sizes=\"auto, (max-width: 1024px) 100vw, 1024px\" \/><\/figure><\/li><li class=\"blocks-gallery-item\"><figure><img loading=\"lazy\" decoding=\"async\" width=\"1024\" height=\"576\" src=\"https:\/\/pans.krosno.pl\/pedagogika\/wp-content\/uploads\/sites\/7\/2020\/12\/129274104_934205510443562_6467959687985469004_n-2-1024x576.jpg\" alt=\"\" data-id=\"581\" data-full-url=\"https:\/\/pans.krosno.pl\/pedagogika\/wp-content\/uploads\/sites\/7\/2020\/12\/129274104_934205510443562_6467959687985469004_n-2.jpg\" data-link=\"https:\/\/pans.krosno.pl\/pedagogika\/z-okazji-dnia-sw-mikolaja-studenci-pedagogiki-z-odwiedzinami-uczniow-specjalnego-osrodka-szkolno-wychowawczego-w-krosnie\/129274104_934205510443562_6467959687985469004_n-2\/\" class=\"wp-image-581\" srcset=\"https:\/\/pans.krosno.pl\/pedagogika\/wp-content\/uploads\/sites\/7\/2020\/12\/129274104_934205510443562_6467959687985469004_n-2-1024x576.jpg 1024w, https:\/\/pans.krosno.pl\/pedagogika\/wp-content\/uploads\/sites\/7\/2020\/12\/129274104_934205510443562_6467959687985469004_n-2-300x169.jpg 300w, https:\/\/pans.krosno.pl\/pedagogika\/wp-content\/uploads\/sites\/7\/2020\/12\/129274104_934205510443562_6467959687985469004_n-2-768x432.jpg 768w, https:\/\/pans.krosno.pl\/pedagogika\/wp-content\/uploads\/sites\/7\/2020\/12\/129274104_934205510443562_6467959687985469004_n-2-1536x864.jpg 1536w, https:\/\/pans.krosno.pl\/pedagogika\/wp-content\/uploads\/sites\/7\/2020\/12\/129274104_934205510443562_6467959687985469004_n-2-800x450.jpg 800w, https:\/\/pans.krosno.pl\/pedagogika\/wp-content\/uploads\/sites\/7\/2020\/12\/129274104_934205510443562_6467959687985469004_n-2-270x152.jpg 270w, https:\/\/pans.krosno.pl\/pedagogika\/wp-content\/uploads\/sites\/7\/2020\/12\/129274104_934205510443562_6467959687985469004_n-2-580x326.jpg 580w, https:\/\/pans.krosno.pl\/pedagogika\/wp-content\/uploads\/sites\/7\/2020\/12\/129274104_934205510443562_6467959687985469004_n-2.jpg 1992w\" sizes=\"auto, (max-width: 1024px) 100vw, 1024px\" \/><\/figure><\/li><\/ul><\/figure>\n","protected":false},"excerpt":{"rendered":"<p>Spo\u015br\u00f3d wielu rzeczy, kt\u00f3re mo\u017cemy podarowa\u0107 innym,najcenniejszy jest nasz czas Po kilu latach wsp\u00f3\u0142pracy Zak\u0142adu Pedagogiki ze Specjalnym O\u015brodkiem Szkolno &#8211; Wychowawczym w Kro\u015bnie &#8211; mo\u017cna \u015bmia\u0142o stwierdzi\u0107, i\u017c tradycj\u0105 sta\u0142o si\u0119 ju\u017c to, kiedy to studenci kierunku pedagogika odwiedzaj\u0105 uczni\u00f3w ww. o\u015brodka z okazji Dnia \u015bw. Miko\u0142aja czy Zabawy [\u2026] <\/p>\n<div class=\"clear\"><\/div>\n<p><a class=\"more_link clearfix\" href=\"https:\/\/pans.krosno.pl\/pedagogika\/z-okazji-dnia-sw-mikolaja-studenci-pedagogiki-z-odwiedzinami-uczniow-specjalnego-osrodka-szkolno-wychowawczego-w-krosnie\/\" rel=\"nofollow\">Read More<\/a><\/p>\n","protected":false},"author":43,"featured_media":568,"comment_status":"open","ping_status":"open","sticky":false,"template":"","format":"standard","meta":{"ngg_post_thumbnail":0,"footnotes":""},"categories":[1],"tags":[],"class_list":["post-567","post","type-post","status-publish","format-standard","has-post-thumbnail","hentry","category-bez-kategorii"],"yoast_head":"<!-- This site is optimized with the Yoast SEO Premium plugin v27.4 (Yoast SEO v27.4) - https:\/\/yoast.com\/product\/yoast-seo-premium-wordpress\/ -->\n<title>Z okazji dnia \u015bw. Miko\u0142aja - studenci  pedagogiki z odwiedzinami uczni\u00f3w  w Specjalnym O\u015brodku Szkolno - Wychowawczym  w Kro\u015bnie - Pedagogika PANS w Kro\u015bnie<\/title>\n<meta name=\"robots\" content=\"index, follow, max-snippet:-1, max-image-preview:large, max-video-preview:-1\" \/>\n<link rel=\"canonical\" href=\"https:\/\/pans.krosno.pl\/pedagogika\/z-okazji-dnia-sw-mikolaja-studenci-pedagogiki-z-odwiedzinami-uczniow-specjalnego-osrodka-szkolno-wychowawczego-w-krosnie\/\" \/>\n<meta property=\"og:locale\" content=\"pl_PL\" \/>\n<meta property=\"og:type\" content=\"article\" \/>\n<meta property=\"og:title\" content=\"Z okazji dnia \u015bw. Miko\u0142aja - studenci  pedagogiki z odwiedzinami uczni\u00f3w  w Specjalnym O\u015brodku Szkolno - Wychowawczym  w Kro\u015bnie\" \/>\n<meta property=\"og:description\" content=\"Spo\u015br\u00f3d wielu rzeczy, kt\u00f3re mo\u017cemy podarowa\u0107 innym,najcenniejszy jest nasz czas Po kilu latach wsp\u00f3\u0142pracy Zak\u0142adu Pedagogiki ze Specjalnym O\u015brodkiem Szkolno &#8211; Wychowawczym w Kro\u015bnie &#8211; mo\u017cna \u015bmia\u0142o stwierdzi\u0107, i\u017c tradycj\u0105 sta\u0142o si\u0119 ju\u017c to, kiedy to studenci kierunku pedagogika odwiedzaj\u0105 uczni\u00f3w ww. o\u015brodka z okazji Dnia \u015bw. Miko\u0142aja czy Zabawy [\u2026] Read More\" \/>\n<meta property=\"og:url\" content=\"https:\/\/pans.krosno.pl\/pedagogika\/z-okazji-dnia-sw-mikolaja-studenci-pedagogiki-z-odwiedzinami-uczniow-specjalnego-osrodka-szkolno-wychowawczego-w-krosnie\/\" \/>\n<meta property=\"og:site_name\" content=\"Pedagogika PANS w Kro\u015bnie\" \/>\n<meta property=\"article:published_time\" content=\"2020-12-07T22:34:49+00:00\" \/>\n<meta property=\"article:modified_time\" content=\"2020-12-09T22:07:29+00:00\" \/>\n<meta property=\"og:image\" content=\"https:\/\/pans.krosno.pl\/wp-content\/uploads\/sites\/7\/2020\/12\/129265901_692589244982739_4455083648613350678_n.jpg\" \/>\n\t<meta property=\"og:image:width\" content=\"1992\" \/>\n\t<meta property=\"og:image:height\" content=\"1121\" \/>\n\t<meta property=\"og:image:type\" content=\"image\/jpeg\" \/>\n<meta name=\"author\" content=\"adamprzybysz\" \/>\n<meta name=\"twitter:card\" content=\"summary_large_image\" \/>\n<meta name=\"twitter:label1\" content=\"Napisane przez\" \/>\n\t<meta name=\"twitter:data1\" content=\"adamprzybysz\" \/>\n\t<meta name=\"twitter:label2\" content=\"Szacowany czas czytania\" \/>\n\t<meta name=\"twitter:data2\" content=\"4 minuty\" \/>\n<script type=\"application\/ld+json\" class=\"yoast-schema-graph\">{\"@context\":\"https:\\\/\\\/schema.org\",\"@graph\":[{\"@type\":\"Article\",\"@id\":\"https:\\\/\\\/pans.krosno.pl\\\/pedagogika\\\/z-okazji-dnia-sw-mikolaja-studenci-pedagogiki-z-odwiedzinami-uczniow-specjalnego-osrodka-szkolno-wychowawczego-w-krosnie\\\/#article\",\"isPartOf\":{\"@id\":\"https:\\\/\\\/pans.krosno.pl\\\/pedagogika\\\/z-okazji-dnia-sw-mikolaja-studenci-pedagogiki-z-odwiedzinami-uczniow-specjalnego-osrodka-szkolno-wychowawczego-w-krosnie\\\/\"},\"author\":{\"name\":\"adamprzybysz\",\"@id\":\"https:\\\/\\\/pans.krosno.pl\\\/pedagogika\\\/#\\\/schema\\\/person\\\/02afd779919c5d05dc90bea63b9cc9f8\"},\"headline\":\"Z okazji dnia \u015bw. Miko\u0142aja &#8211; studenci pedagogiki z odwiedzinami uczni\u00f3w w Specjalnym O\u015brodku Szkolno &#8211; Wychowawczym w Kro\u015bnie\",\"datePublished\":\"2020-12-07T22:34:49+00:00\",\"dateModified\":\"2020-12-09T22:07:29+00:00\",\"mainEntityOfPage\":{\"@id\":\"https:\\\/\\\/pans.krosno.pl\\\/pedagogika\\\/z-okazji-dnia-sw-mikolaja-studenci-pedagogiki-z-odwiedzinami-uczniow-specjalnego-osrodka-szkolno-wychowawczego-w-krosnie\\\/\"},\"wordCount\":888,\"commentCount\":0,\"publisher\":{\"@id\":\"https:\\\/\\\/pans.krosno.pl\\\/pedagogika\\\/#organization\"},\"image\":{\"@id\":\"https:\\\/\\\/pans.krosno.pl\\\/pedagogika\\\/z-okazji-dnia-sw-mikolaja-studenci-pedagogiki-z-odwiedzinami-uczniow-specjalnego-osrodka-szkolno-wychowawczego-w-krosnie\\\/#primaryimage\"},\"thumbnailUrl\":\"https:\\\/\\\/pans.krosno.pl\\\/pedagogika\\\/wp-content\\\/uploads\\\/sites\\\/7\\\/2020\\\/12\\\/129265901_692589244982739_4455083648613350678_n.jpg\",\"inLanguage\":\"pl-PL\",\"potentialAction\":[{\"@type\":\"CommentAction\",\"name\":\"Comment\",\"target\":[\"https:\\\/\\\/pans.krosno.pl\\\/pedagogika\\\/z-okazji-dnia-sw-mikolaja-studenci-pedagogiki-z-odwiedzinami-uczniow-specjalnego-osrodka-szkolno-wychowawczego-w-krosnie\\\/#respond\"]}]},{\"@type\":\"WebPage\",\"@id\":\"https:\\\/\\\/pans.krosno.pl\\\/pedagogika\\\/z-okazji-dnia-sw-mikolaja-studenci-pedagogiki-z-odwiedzinami-uczniow-specjalnego-osrodka-szkolno-wychowawczego-w-krosnie\\\/\",\"url\":\"https:\\\/\\\/pans.krosno.pl\\\/pedagogika\\\/z-okazji-dnia-sw-mikolaja-studenci-pedagogiki-z-odwiedzinami-uczniow-specjalnego-osrodka-szkolno-wychowawczego-w-krosnie\\\/\",\"name\":\"Z okazji dnia \u015bw. Miko\u0142aja - studenci pedagogiki z odwiedzinami uczni\u00f3w w Specjalnym O\u015brodku Szkolno - Wychowawczym w Kro\u015bnie - Pedagogika PANS w Kro\u015bnie\",\"isPartOf\":{\"@id\":\"https:\\\/\\\/pans.krosno.pl\\\/pedagogika\\\/#website\"},\"primaryImageOfPage\":{\"@id\":\"https:\\\/\\\/pans.krosno.pl\\\/pedagogika\\\/z-okazji-dnia-sw-mikolaja-studenci-pedagogiki-z-odwiedzinami-uczniow-specjalnego-osrodka-szkolno-wychowawczego-w-krosnie\\\/#primaryimage\"},\"image\":{\"@id\":\"https:\\\/\\\/pans.krosno.pl\\\/pedagogika\\\/z-okazji-dnia-sw-mikolaja-studenci-pedagogiki-z-odwiedzinami-uczniow-specjalnego-osrodka-szkolno-wychowawczego-w-krosnie\\\/#primaryimage\"},\"thumbnailUrl\":\"https:\\\/\\\/pans.krosno.pl\\\/pedagogika\\\/wp-content\\\/uploads\\\/sites\\\/7\\\/2020\\\/12\\\/129265901_692589244982739_4455083648613350678_n.jpg\",\"datePublished\":\"2020-12-07T22:34:49+00:00\",\"dateModified\":\"2020-12-09T22:07:29+00:00\",\"breadcrumb\":{\"@id\":\"https:\\\/\\\/pans.krosno.pl\\\/pedagogika\\\/z-okazji-dnia-sw-mikolaja-studenci-pedagogiki-z-odwiedzinami-uczniow-specjalnego-osrodka-szkolno-wychowawczego-w-krosnie\\\/#breadcrumb\"},\"inLanguage\":\"pl-PL\",\"potentialAction\":[{\"@type\":\"ReadAction\",\"target\":[\"https:\\\/\\\/pans.krosno.pl\\\/pedagogika\\\/z-okazji-dnia-sw-mikolaja-studenci-pedagogiki-z-odwiedzinami-uczniow-specjalnego-osrodka-szkolno-wychowawczego-w-krosnie\\\/\"]}]},{\"@type\":\"ImageObject\",\"inLanguage\":\"pl-PL\",\"@id\":\"https:\\\/\\\/pans.krosno.pl\\\/pedagogika\\\/z-okazji-dnia-sw-mikolaja-studenci-pedagogiki-z-odwiedzinami-uczniow-specjalnego-osrodka-szkolno-wychowawczego-w-krosnie\\\/#primaryimage\",\"url\":\"https:\\\/\\\/pans.krosno.pl\\\/pedagogika\\\/wp-content\\\/uploads\\\/sites\\\/7\\\/2020\\\/12\\\/129265901_692589244982739_4455083648613350678_n.jpg\",\"contentUrl\":\"https:\\\/\\\/pans.krosno.pl\\\/pedagogika\\\/wp-content\\\/uploads\\\/sites\\\/7\\\/2020\\\/12\\\/129265901_692589244982739_4455083648613350678_n.jpg\",\"width\":1992,\"height\":1121},{\"@type\":\"BreadcrumbList\",\"@id\":\"https:\\\/\\\/pans.krosno.pl\\\/pedagogika\\\/z-okazji-dnia-sw-mikolaja-studenci-pedagogiki-z-odwiedzinami-uczniow-specjalnego-osrodka-szkolno-wychowawczego-w-krosnie\\\/#breadcrumb\",\"itemListElement\":[{\"@type\":\"ListItem\",\"position\":1,\"name\":\"Strona g\u0142\u00f3wna\",\"item\":\"https:\\\/\\\/pans.krosno.pl\\\/pedagogika\\\/\"},{\"@type\":\"ListItem\",\"position\":2,\"name\":\"Z okazji dnia \u015bw. Miko\u0142aja &#8211; studenci pedagogiki z odwiedzinami uczni\u00f3w w Specjalnym O\u015brodku Szkolno &#8211; Wychowawczym w Kro\u015bnie\"}]},{\"@type\":\"WebSite\",\"@id\":\"https:\\\/\\\/pans.krosno.pl\\\/pedagogika\\\/#website\",\"url\":\"https:\\\/\\\/pans.krosno.pl\\\/pedagogika\\\/\",\"name\":\"Pedagogika PANS w Kro\u015bnie\",\"description\":\"Pedagogika - Pa\u0144stwowa Akademia Nauk Stosowanych\",\"publisher\":{\"@id\":\"https:\\\/\\\/pans.krosno.pl\\\/pedagogika\\\/#organization\"},\"potentialAction\":[{\"@type\":\"SearchAction\",\"target\":{\"@type\":\"EntryPoint\",\"urlTemplate\":\"https:\\\/\\\/pans.krosno.pl\\\/pedagogika\\\/?s={search_term_string}\"},\"query-input\":{\"@type\":\"PropertyValueSpecification\",\"valueRequired\":true,\"valueName\":\"search_term_string\"}}],\"inLanguage\":\"pl-PL\"},{\"@type\":\"Organization\",\"@id\":\"https:\\\/\\\/pans.krosno.pl\\\/pedagogika\\\/#organization\",\"name\":\"Pedagogika PANS w Kro\u015bnie\",\"url\":\"https:\\\/\\\/pans.krosno.pl\\\/pedagogika\\\/\",\"logo\":{\"@type\":\"ImageObject\",\"inLanguage\":\"pl-PL\",\"@id\":\"https:\\\/\\\/pans.krosno.pl\\\/pedagogika\\\/#\\\/schema\\\/logo\\\/image\\\/\",\"url\":\"https:\\\/\\\/pans.krosno.pl\\\/pedagogika\\\/wp-content\\\/uploads\\\/sites\\\/7\\\/2023\\\/01\\\/Logo-PANS-2022-pelne.png\",\"contentUrl\":\"https:\\\/\\\/pans.krosno.pl\\\/pedagogika\\\/wp-content\\\/uploads\\\/sites\\\/7\\\/2023\\\/01\\\/Logo-PANS-2022-pelne.png\",\"width\":3096,\"height\":696,\"caption\":\"Pedagogika PANS w Kro\u015bnie\"},\"image\":{\"@id\":\"https:\\\/\\\/pans.krosno.pl\\\/pedagogika\\\/#\\\/schema\\\/logo\\\/image\\\/\"}},{\"@type\":\"Person\",\"@id\":\"https:\\\/\\\/pans.krosno.pl\\\/pedagogika\\\/#\\\/schema\\\/person\\\/02afd779919c5d05dc90bea63b9cc9f8\",\"name\":\"adamprzybysz\",\"image\":{\"@type\":\"ImageObject\",\"inLanguage\":\"pl-PL\",\"@id\":\"https:\\\/\\\/secure.gravatar.com\\\/avatar\\\/6bf2c126db6403561f7b72bc719866a3321bb706228c8ed702b579a60f7f33b5?s=96&d=mm&r=g\",\"url\":\"https:\\\/\\\/secure.gravatar.com\\\/avatar\\\/6bf2c126db6403561f7b72bc719866a3321bb706228c8ed702b579a60f7f33b5?s=96&d=mm&r=g\",\"contentUrl\":\"https:\\\/\\\/secure.gravatar.com\\\/avatar\\\/6bf2c126db6403561f7b72bc719866a3321bb706228c8ed702b579a60f7f33b5?s=96&d=mm&r=g\",\"caption\":\"adamprzybysz\"},\"url\":\"https:\\\/\\\/pans.krosno.pl\\\/pedagogika\\\/author\\\/adamprzybysz\\\/\"}]}<\/script>\n<!-- \/ Yoast SEO Premium plugin. -->","yoast_head_json":{"title":"Z okazji dnia \u015bw. Miko\u0142aja - studenci  pedagogiki z odwiedzinami uczni\u00f3w  w Specjalnym O\u015brodku Szkolno - Wychowawczym  w Kro\u015bnie - Pedagogika PANS w Kro\u015bnie","robots":{"index":"index","follow":"follow","max-snippet":"max-snippet:-1","max-image-preview":"max-image-preview:large","max-video-preview":"max-video-preview:-1"},"canonical":"https:\/\/pans.krosno.pl\/pedagogika\/z-okazji-dnia-sw-mikolaja-studenci-pedagogiki-z-odwiedzinami-uczniow-specjalnego-osrodka-szkolno-wychowawczego-w-krosnie\/","og_locale":"pl_PL","og_type":"article","og_title":"Z okazji dnia \u015bw. Miko\u0142aja - studenci  pedagogiki z odwiedzinami uczni\u00f3w  w Specjalnym O\u015brodku Szkolno - Wychowawczym  w Kro\u015bnie","og_description":"Spo\u015br\u00f3d wielu rzeczy, kt\u00f3re mo\u017cemy podarowa\u0107 innym,najcenniejszy jest nasz czas Po kilu latach wsp\u00f3\u0142pracy Zak\u0142adu Pedagogiki ze Specjalnym O\u015brodkiem Szkolno &#8211; Wychowawczym w Kro\u015bnie &#8211; mo\u017cna \u015bmia\u0142o stwierdzi\u0107, i\u017c tradycj\u0105 sta\u0142o si\u0119 ju\u017c to, kiedy to studenci kierunku pedagogika odwiedzaj\u0105 uczni\u00f3w ww. o\u015brodka z okazji Dnia \u015bw. Miko\u0142aja czy Zabawy [\u2026] Read More","og_url":"https:\/\/pans.krosno.pl\/pedagogika\/z-okazji-dnia-sw-mikolaja-studenci-pedagogiki-z-odwiedzinami-uczniow-specjalnego-osrodka-szkolno-wychowawczego-w-krosnie\/","og_site_name":"Pedagogika PANS w Kro\u015bnie","article_published_time":"2020-12-07T22:34:49+00:00","article_modified_time":"2020-12-09T22:07:29+00:00","og_image":[{"width":1992,"height":1121,"url":"https:\/\/pans.krosno.pl\/wp-content\/uploads\/sites\/7\/2020\/12\/129265901_692589244982739_4455083648613350678_n.jpg","type":"image\/jpeg"}],"author":"adamprzybysz","twitter_card":"summary_large_image","twitter_misc":{"Napisane przez":"adamprzybysz","Szacowany czas czytania":"4 minuty"},"schema":{"@context":"https:\/\/schema.org","@graph":[{"@type":"Article","@id":"https:\/\/pans.krosno.pl\/pedagogika\/z-okazji-dnia-sw-mikolaja-studenci-pedagogiki-z-odwiedzinami-uczniow-specjalnego-osrodka-szkolno-wychowawczego-w-krosnie\/#article","isPartOf":{"@id":"https:\/\/pans.krosno.pl\/pedagogika\/z-okazji-dnia-sw-mikolaja-studenci-pedagogiki-z-odwiedzinami-uczniow-specjalnego-osrodka-szkolno-wychowawczego-w-krosnie\/"},"author":{"name":"adamprzybysz","@id":"https:\/\/pans.krosno.pl\/pedagogika\/#\/schema\/person\/02afd779919c5d05dc90bea63b9cc9f8"},"headline":"Z okazji dnia \u015bw. Miko\u0142aja &#8211; studenci pedagogiki z odwiedzinami uczni\u00f3w w Specjalnym O\u015brodku Szkolno &#8211; Wychowawczym w Kro\u015bnie","datePublished":"2020-12-07T22:34:49+00:00","dateModified":"2020-12-09T22:07:29+00:00","mainEntityOfPage":{"@id":"https:\/\/pans.krosno.pl\/pedagogika\/z-okazji-dnia-sw-mikolaja-studenci-pedagogiki-z-odwiedzinami-uczniow-specjalnego-osrodka-szkolno-wychowawczego-w-krosnie\/"},"wordCount":888,"commentCount":0,"publisher":{"@id":"https:\/\/pans.krosno.pl\/pedagogika\/#organization"},"image":{"@id":"https:\/\/pans.krosno.pl\/pedagogika\/z-okazji-dnia-sw-mikolaja-studenci-pedagogiki-z-odwiedzinami-uczniow-specjalnego-osrodka-szkolno-wychowawczego-w-krosnie\/#primaryimage"},"thumbnailUrl":"https:\/\/pans.krosno.pl\/pedagogika\/wp-content\/uploads\/sites\/7\/2020\/12\/129265901_692589244982739_4455083648613350678_n.jpg","inLanguage":"pl-PL","potentialAction":[{"@type":"CommentAction","name":"Comment","target":["https:\/\/pans.krosno.pl\/pedagogika\/z-okazji-dnia-sw-mikolaja-studenci-pedagogiki-z-odwiedzinami-uczniow-specjalnego-osrodka-szkolno-wychowawczego-w-krosnie\/#respond"]}]},{"@type":"WebPage","@id":"https:\/\/pans.krosno.pl\/pedagogika\/z-okazji-dnia-sw-mikolaja-studenci-pedagogiki-z-odwiedzinami-uczniow-specjalnego-osrodka-szkolno-wychowawczego-w-krosnie\/","url":"https:\/\/pans.krosno.pl\/pedagogika\/z-okazji-dnia-sw-mikolaja-studenci-pedagogiki-z-odwiedzinami-uczniow-specjalnego-osrodka-szkolno-wychowawczego-w-krosnie\/","name":"Z okazji dnia \u015bw. Miko\u0142aja - studenci pedagogiki z odwiedzinami uczni\u00f3w w Specjalnym O\u015brodku Szkolno - Wychowawczym w Kro\u015bnie - Pedagogika PANS w Kro\u015bnie","isPartOf":{"@id":"https:\/\/pans.krosno.pl\/pedagogika\/#website"},"primaryImageOfPage":{"@id":"https:\/\/pans.krosno.pl\/pedagogika\/z-okazji-dnia-sw-mikolaja-studenci-pedagogiki-z-odwiedzinami-uczniow-specjalnego-osrodka-szkolno-wychowawczego-w-krosnie\/#primaryimage"},"image":{"@id":"https:\/\/pans.krosno.pl\/pedagogika\/z-okazji-dnia-sw-mikolaja-studenci-pedagogiki-z-odwiedzinami-uczniow-specjalnego-osrodka-szkolno-wychowawczego-w-krosnie\/#primaryimage"},"thumbnailUrl":"https:\/\/pans.krosno.pl\/pedagogika\/wp-content\/uploads\/sites\/7\/2020\/12\/129265901_692589244982739_4455083648613350678_n.jpg","datePublished":"2020-12-07T22:34:49+00:00","dateModified":"2020-12-09T22:07:29+00:00","breadcrumb":{"@id":"https:\/\/pans.krosno.pl\/pedagogika\/z-okazji-dnia-sw-mikolaja-studenci-pedagogiki-z-odwiedzinami-uczniow-specjalnego-osrodka-szkolno-wychowawczego-w-krosnie\/#breadcrumb"},"inLanguage":"pl-PL","potentialAction":[{"@type":"ReadAction","target":["https:\/\/pans.krosno.pl\/pedagogika\/z-okazji-dnia-sw-mikolaja-studenci-pedagogiki-z-odwiedzinami-uczniow-specjalnego-osrodka-szkolno-wychowawczego-w-krosnie\/"]}]},{"@type":"ImageObject","inLanguage":"pl-PL","@id":"https:\/\/pans.krosno.pl\/pedagogika\/z-okazji-dnia-sw-mikolaja-studenci-pedagogiki-z-odwiedzinami-uczniow-specjalnego-osrodka-szkolno-wychowawczego-w-krosnie\/#primaryimage","url":"https:\/\/pans.krosno.pl\/pedagogika\/wp-content\/uploads\/sites\/7\/2020\/12\/129265901_692589244982739_4455083648613350678_n.jpg","contentUrl":"https:\/\/pans.krosno.pl\/pedagogika\/wp-content\/uploads\/sites\/7\/2020\/12\/129265901_692589244982739_4455083648613350678_n.jpg","width":1992,"height":1121},{"@type":"BreadcrumbList","@id":"https:\/\/pans.krosno.pl\/pedagogika\/z-okazji-dnia-sw-mikolaja-studenci-pedagogiki-z-odwiedzinami-uczniow-specjalnego-osrodka-szkolno-wychowawczego-w-krosnie\/#breadcrumb","itemListElement":[{"@type":"ListItem","position":1,"name":"Strona g\u0142\u00f3wna","item":"https:\/\/pans.krosno.pl\/pedagogika\/"},{"@type":"ListItem","position":2,"name":"Z okazji dnia \u015bw. Miko\u0142aja &#8211; studenci pedagogiki z odwiedzinami uczni\u00f3w w Specjalnym O\u015brodku Szkolno &#8211; Wychowawczym w Kro\u015bnie"}]},{"@type":"WebSite","@id":"https:\/\/pans.krosno.pl\/pedagogika\/#website","url":"https:\/\/pans.krosno.pl\/pedagogika\/","name":"Pedagogika PANS w Kro\u015bnie","description":"Pedagogika - Pa\u0144stwowa Akademia Nauk Stosowanych","publisher":{"@id":"https:\/\/pans.krosno.pl\/pedagogika\/#organization"},"potentialAction":[{"@type":"SearchAction","target":{"@type":"EntryPoint","urlTemplate":"https:\/\/pans.krosno.pl\/pedagogika\/?s={search_term_string}"},"query-input":{"@type":"PropertyValueSpecification","valueRequired":true,"valueName":"search_term_string"}}],"inLanguage":"pl-PL"},{"@type":"Organization","@id":"https:\/\/pans.krosno.pl\/pedagogika\/#organization","name":"Pedagogika PANS w Kro\u015bnie","url":"https:\/\/pans.krosno.pl\/pedagogika\/","logo":{"@type":"ImageObject","inLanguage":"pl-PL","@id":"https:\/\/pans.krosno.pl\/pedagogika\/#\/schema\/logo\/image\/","url":"https:\/\/pans.krosno.pl\/pedagogika\/wp-content\/uploads\/sites\/7\/2023\/01\/Logo-PANS-2022-pelne.png","contentUrl":"https:\/\/pans.krosno.pl\/pedagogika\/wp-content\/uploads\/sites\/7\/2023\/01\/Logo-PANS-2022-pelne.png","width":3096,"height":696,"caption":"Pedagogika PANS w Kro\u015bnie"},"image":{"@id":"https:\/\/pans.krosno.pl\/pedagogika\/#\/schema\/logo\/image\/"}},{"@type":"Person","@id":"https:\/\/pans.krosno.pl\/pedagogika\/#\/schema\/person\/02afd779919c5d05dc90bea63b9cc9f8","name":"adamprzybysz","image":{"@type":"ImageObject","inLanguage":"pl-PL","@id":"https:\/\/secure.gravatar.com\/avatar\/6bf2c126db6403561f7b72bc719866a3321bb706228c8ed702b579a60f7f33b5?s=96&d=mm&r=g","url":"https:\/\/secure.gravatar.com\/avatar\/6bf2c126db6403561f7b72bc719866a3321bb706228c8ed702b579a60f7f33b5?s=96&d=mm&r=g","contentUrl":"https:\/\/secure.gravatar.com\/avatar\/6bf2c126db6403561f7b72bc719866a3321bb706228c8ed702b579a60f7f33b5?s=96&d=mm&r=g","caption":"adamprzybysz"},"url":"https:\/\/pans.krosno.pl\/pedagogika\/author\/adamprzybysz\/"}]}},"_links":{"self":[{"href":"https:\/\/pans.krosno.pl\/pedagogika\/wp-json\/wp\/v2\/posts\/567","targetHints":{"allow":["GET"]}}],"collection":[{"href":"https:\/\/pans.krosno.pl\/pedagogika\/wp-json\/wp\/v2\/posts"}],"about":[{"href":"https:\/\/pans.krosno.pl\/pedagogika\/wp-json\/wp\/v2\/types\/post"}],"author":[{"embeddable":true,"href":"https:\/\/pans.krosno.pl\/pedagogika\/wp-json\/wp\/v2\/users\/43"}],"replies":[{"embeddable":true,"href":"https:\/\/pans.krosno.pl\/pedagogika\/wp-json\/wp\/v2\/comments?post=567"}],"version-history":[{"count":9,"href":"https:\/\/pans.krosno.pl\/pedagogika\/wp-json\/wp\/v2\/posts\/567\/revisions"}],"predecessor-version":[{"id":597,"href":"https:\/\/pans.krosno.pl\/pedagogika\/wp-json\/wp\/v2\/posts\/567\/revisions\/597"}],"wp:featuredmedia":[{"embeddable":true,"href":"https:\/\/pans.krosno.pl\/pedagogika\/wp-json\/wp\/v2\/media\/568"}],"wp:attachment":[{"href":"https:\/\/pans.krosno.pl\/pedagogika\/wp-json\/wp\/v2\/media?parent=567"}],"wp:term":[{"taxonomy":"category","embeddable":true,"href":"https:\/\/pans.krosno.pl\/pedagogika\/wp-json\/wp\/v2\/categories?post=567"},{"taxonomy":"post_tag","embeddable":true,"href":"https:\/\/pans.krosno.pl\/pedagogika\/wp-json\/wp\/v2\/tags?post=567"}],"curies":[{"name":"wp","href":"https:\/\/api.w.org\/{rel}","templated":true}]}}