{"id":497,"date":"2020-11-25T11:30:03","date_gmt":"2020-11-25T10:30:03","guid":{"rendered":"https:\/\/pans.krosno.pl\/pedagogika\/?p=497"},"modified":"2021-03-08T13:26:07","modified_gmt":"2021-03-08T12:26:07","slug":"o-wychowawczych-i-zdrowotnych-walorach-sportu","status":"publish","type":"post","link":"https:\/\/pans.krosno.pl\/pedagogika\/o-wychowawczych-i-zdrowotnych-walorach-sportu\/","title":{"rendered":"O wychowawczych i zdrowotnych walorach  sportu"},"content":{"rendered":"\n<p>,, <em>Sport jest z pewno\u015bci\u0105 jedn\u0105 z najbardziej popularnych dziedzin dzia\u0142alno\u015bci cz\u0142owieka i mo\u017ce wywiera\u0107 znaczy wp\u0142yw na zachowanie ludzi, zw\u0142aszcza m\u0142odych&#8221;<\/em>, papie\u017c, Jan Pawe\u0142 II.<\/p>\n\n\n\n<p class=\"has-text-align-left\">       23 listopada 2020 r., pracownik Zak\u0142adu Pedagogiki, <strong>dr Adam Przybysz<\/strong>, <br>na zaproszenie pani <strong>Agnieszki Bienia<\/strong> &#8211; wychowawcy klasy IV SP nr 3 im. Marii Konopnickiej w Kro\u015bnie- w ramach godziny wychowawczej spotka\u0142 si\u0119 w formie wirtualnej (wykorzystuj\u0105c platform\u0119 Microsoft Teams)<br>z uczniami. Temat zaj\u0119\u0107 dotyczy\u0142 aktywno\u015bci sportowej w \u017cyciu cz\u0142owieka. Poprzez odwo\u0142anie si\u0119 do w\u0142asnej kariery sportowej (biegi na \u015brednich i d\u0142ugich dystansach) &#8211; udokumentowanej zdj\u0119ciami na slajdach, prelegent stara\u0142 si\u0119 przekaza\u0107 uczniom jak najwi\u0119cej informacji dotycz\u0105cych wszechstronnego oddzia\u0142ywania aktywno\u015bci ruchowej na organizm cz\u0142owieka. M\u00f3wi\u0142 dlaczego warto rozwija\u0107 talenty &#8211; nie tylko w sporcie, ale tak\u017ce w innych dziedzinach \u017cycia ludzkiego. Udzieli\u0142 rad i wskaz\u00f3wek, kt\u00f3re mog\u0105 doprowadzi\u0107 do mistrzostwa sportowego &#8211; przede wszystkim obok talentu, zwr\u00f3ci\u0142 szczeg\u00f3ln\u0105 uwag\u0119 na pasj\u0119 po\u0142\u0105czon\u0105 z systematyczn\u0105 i wytrwa\u0142\u0105 prac\u0105. Podkre\u015bli\u0142, \u017ce sport pomaga w \u017cyciu, w pracy, w nauce. Doda\u0142 &#8211; nawet, gdy nie b\u0119dziemy mistrzami, to na pewno b\u0119dziemy zdrowszymi lud\u017ami. Poprzez zdalny przekaz zach\u0119ci\u0142 wszystkie dzieci do tego, aby w spos\u00f3b wytrwa\u0142y d\u0105\u017cy\u0142y do realizacji marze\u0144 i wyznaczonych cel\u00f3w, by nie w\u0105tpi\u0142y w sens pracy, by w tym trudnym okresie panuj\u0105cej pandemii &#8211; znalaz\u0142y czas na aktywno\u015b\u0107 fizyczn\u0105 &#8211; zw\u0142aszcza na \u015bwie\u017cym powietrzu. Na koniec zwr\u00f3ci\u0142 si\u0119 do uczni\u00f3w s\u0142owami ,, Teraz , a tak\u017ce w kolejnych latach &#8211; w przysz\u0142o\u015bci, w \u017cyciu osobistymi i zawodowym kierujcie si\u0119  zasad\u0105, by niczego nie czyni\u0107 jedynie dla zaszczyt\u00f3w i s\u0142awy, dla pieni\u0119dzy i zysku materialnego. Rozwijacie swoje talenty w spos\u00f3b harmonijny, \u0142\u0105cznie to co fizyczne z tym, co duchowe. Niech uprawianie aktywno\u015bci fizycznej m.in.  poprzez sport i rekreacj\u0119 b\u0119dzie wpisane w wasze \u017cycie przez wszystkie lata, a\u017c do p\u00f3\u017aniej staro\u015bci, niech sport kszta\u0142tuje wasze cia\u0142o, charakter i dusz\u0119, niech daje wam wiele satysfakcji i rado\u015bci &#8211; nie tyko z powodu zdobytych dyplom\u00f3w, puchar\u00f3w i medali, <br>ale tak\u017ce ka\u017cdej pokonanej s\u0142abo\u015bci czy pokonanego zm\u0119czenia.                Rozwijajcie swoje talenty na miar\u0119 swoich mo\u017cliwo\u015bci, zapalajcie swoj\u0105 pasj\u0105 innych. By\u0107 mo\u017ce w przysz\u0142o\u015bci o niekt\u00f3rych z was &#8211; b\u0119dzie g\u0142o\u015bno , nie tylko w mie\u015bcie Kro\u015bnie, w  wojew\u00f3dztwie, ale tak\u017ce Polsce, Europie i na \u015bwiecie &#8211; jednak w\u00f3wczas pami\u0119tajcie tak\u017ce o swoich ,,Ma\u0142ych ojczyznach&#8221; tj. miejscach, w kt\u00f3rych urodzili\u015bcie si\u0119 i wychowali\u015bcie si\u0119, o miejscach, w kt\u00f3rych pokonywali\u015bcie pierwsze progi przedszkolne i szkolne.  Z pewno\u015bci\u0105 by\u0142a to dla uczni\u00f3w bardzo po\u017cyteczna lekcja wychowawcza, ukierunkowana na sport. Sport,  kt\u00f3ry w szkole, rodzinie &#8211; najog\u00f3lniej m\u00f3wi\u0105c  w \u015brodowisku,  mo\u017ce by\u0107, albo i jest &#8211; jednym z najlepszych \u015brodk\u00f3w wychowawczych. (a.p.)<\/p>\n","protected":false},"excerpt":{"rendered":"<p>,, Sport jest z pewno\u015bci\u0105 jedn\u0105 z najbardziej popularnych dziedzin dzia\u0142alno\u015bci cz\u0142owieka i mo\u017ce wywiera\u0107 znaczy wp\u0142yw na zachowanie ludzi, zw\u0142aszcza m\u0142odych&#8221;, papie\u017c, Jan Pawe\u0142 II. 23 listopada 2020 r., pracownik Zak\u0142adu Pedagogiki, dr Adam Przybysz, na zaproszenie pani Agnieszki Bienia &#8211; wychowawcy klasy IV SP nr 3 im. Marii [\u2026] <\/p>\n<div class=\"clear\"><\/div>\n<p><a class=\"more_link clearfix\" href=\"https:\/\/pans.krosno.pl\/pedagogika\/o-wychowawczych-i-zdrowotnych-walorach-sportu\/\" rel=\"nofollow\">Read More<\/a><\/p>\n","protected":false},"author":43,"featured_media":499,"comment_status":"open","ping_status":"open","sticky":false,"template":"","format":"standard","meta":{"ngg_post_thumbnail":0,"footnotes":""},"categories":[1],"tags":[],"class_list":["post-497","post","type-post","status-publish","format-standard","has-post-thumbnail","hentry","category-bez-kategorii"],"yoast_head":"<!-- This site is optimized with the Yoast SEO Premium plugin v27.4 (Yoast SEO v27.4) - https:\/\/yoast.com\/product\/yoast-seo-premium-wordpress\/ -->\n<title>O wychowawczych i zdrowotnych walorach sportu - Pedagogika PANS w Kro\u015bnie<\/title>\n<meta name=\"robots\" content=\"index, follow, max-snippet:-1, max-image-preview:large, max-video-preview:-1\" \/>\n<link rel=\"canonical\" href=\"https:\/\/pans.krosno.pl\/pedagogika\/o-wychowawczych-i-zdrowotnych-walorach-sportu\/\" \/>\n<meta property=\"og:locale\" content=\"pl_PL\" \/>\n<meta property=\"og:type\" content=\"article\" \/>\n<meta property=\"og:title\" content=\"O wychowawczych i zdrowotnych walorach sportu\" \/>\n<meta property=\"og:description\" content=\",, Sport jest z pewno\u015bci\u0105 jedn\u0105 z najbardziej popularnych dziedzin dzia\u0142alno\u015bci cz\u0142owieka i mo\u017ce wywiera\u0107 znaczy wp\u0142yw na zachowanie ludzi, zw\u0142aszcza m\u0142odych&#8221;, papie\u017c, Jan Pawe\u0142 II. 23 listopada 2020 r., pracownik Zak\u0142adu Pedagogiki, dr Adam Przybysz, na zaproszenie pani Agnieszki Bienia &#8211; wychowawcy klasy IV SP nr 3 im. Marii [\u2026] Read More\" \/>\n<meta property=\"og:url\" content=\"https:\/\/pans.krosno.pl\/pedagogika\/o-wychowawczych-i-zdrowotnych-walorach-sportu\/\" \/>\n<meta property=\"og:site_name\" content=\"Pedagogika PANS w Kro\u015bnie\" \/>\n<meta property=\"article:published_time\" content=\"2020-11-25T10:30:03+00:00\" \/>\n<meta property=\"article:modified_time\" content=\"2021-03-08T12:26:07+00:00\" \/>\n<meta property=\"og:image\" content=\"https:\/\/pans.krosno.pl\/wp-content\/uploads\/sites\/7\/2020\/11\/statuetka-i-2-puchary-scaled.jpg\" \/>\n\t<meta property=\"og:image:width\" content=\"1920\" \/>\n\t<meta property=\"og:image:height\" content=\"2560\" \/>\n\t<meta property=\"og:image:type\" content=\"image\/jpeg\" \/>\n<meta name=\"author\" content=\"adamprzybysz\" \/>\n<meta name=\"twitter:card\" content=\"summary_large_image\" \/>\n<meta name=\"twitter:label1\" content=\"Napisane przez\" \/>\n\t<meta name=\"twitter:data1\" content=\"adamprzybysz\" \/>\n\t<meta name=\"twitter:label2\" content=\"Szacowany czas czytania\" \/>\n\t<meta name=\"twitter:data2\" content=\"3 minuty\" \/>\n<script type=\"application\/ld+json\" class=\"yoast-schema-graph\">{\"@context\":\"https:\\\/\\\/schema.org\",\"@graph\":[{\"@type\":\"Article\",\"@id\":\"https:\\\/\\\/pans.krosno.pl\\\/pedagogika\\\/o-wychowawczych-i-zdrowotnych-walorach-sportu\\\/#article\",\"isPartOf\":{\"@id\":\"https:\\\/\\\/pans.krosno.pl\\\/pedagogika\\\/o-wychowawczych-i-zdrowotnych-walorach-sportu\\\/\"},\"author\":{\"name\":\"adamprzybysz\",\"@id\":\"https:\\\/\\\/pans.krosno.pl\\\/pedagogika\\\/#\\\/schema\\\/person\\\/02afd779919c5d05dc90bea63b9cc9f8\"},\"headline\":\"O wychowawczych i zdrowotnych walorach sportu\",\"datePublished\":\"2020-11-25T10:30:03+00:00\",\"dateModified\":\"2021-03-08T12:26:07+00:00\",\"mainEntityOfPage\":{\"@id\":\"https:\\\/\\\/pans.krosno.pl\\\/pedagogika\\\/o-wychowawczych-i-zdrowotnych-walorach-sportu\\\/\"},\"wordCount\":529,\"commentCount\":0,\"publisher\":{\"@id\":\"https:\\\/\\\/pans.krosno.pl\\\/pedagogika\\\/#organization\"},\"image\":{\"@id\":\"https:\\\/\\\/pans.krosno.pl\\\/pedagogika\\\/o-wychowawczych-i-zdrowotnych-walorach-sportu\\\/#primaryimage\"},\"thumbnailUrl\":\"https:\\\/\\\/pans.krosno.pl\\\/pedagogika\\\/wp-content\\\/uploads\\\/sites\\\/7\\\/2020\\\/11\\\/statuetka-i-2-puchary-scaled.jpg\",\"inLanguage\":\"pl-PL\",\"potentialAction\":[{\"@type\":\"CommentAction\",\"name\":\"Comment\",\"target\":[\"https:\\\/\\\/pans.krosno.pl\\\/pedagogika\\\/o-wychowawczych-i-zdrowotnych-walorach-sportu\\\/#respond\"]}]},{\"@type\":\"WebPage\",\"@id\":\"https:\\\/\\\/pans.krosno.pl\\\/pedagogika\\\/o-wychowawczych-i-zdrowotnych-walorach-sportu\\\/\",\"url\":\"https:\\\/\\\/pans.krosno.pl\\\/pedagogika\\\/o-wychowawczych-i-zdrowotnych-walorach-sportu\\\/\",\"name\":\"O wychowawczych i zdrowotnych walorach sportu - Pedagogika PANS w Kro\u015bnie\",\"isPartOf\":{\"@id\":\"https:\\\/\\\/pans.krosno.pl\\\/pedagogika\\\/#website\"},\"primaryImageOfPage\":{\"@id\":\"https:\\\/\\\/pans.krosno.pl\\\/pedagogika\\\/o-wychowawczych-i-zdrowotnych-walorach-sportu\\\/#primaryimage\"},\"image\":{\"@id\":\"https:\\\/\\\/pans.krosno.pl\\\/pedagogika\\\/o-wychowawczych-i-zdrowotnych-walorach-sportu\\\/#primaryimage\"},\"thumbnailUrl\":\"https:\\\/\\\/pans.krosno.pl\\\/pedagogika\\\/wp-content\\\/uploads\\\/sites\\\/7\\\/2020\\\/11\\\/statuetka-i-2-puchary-scaled.jpg\",\"datePublished\":\"2020-11-25T10:30:03+00:00\",\"dateModified\":\"2021-03-08T12:26:07+00:00\",\"breadcrumb\":{\"@id\":\"https:\\\/\\\/pans.krosno.pl\\\/pedagogika\\\/o-wychowawczych-i-zdrowotnych-walorach-sportu\\\/#breadcrumb\"},\"inLanguage\":\"pl-PL\",\"potentialAction\":[{\"@type\":\"ReadAction\",\"target\":[\"https:\\\/\\\/pans.krosno.pl\\\/pedagogika\\\/o-wychowawczych-i-zdrowotnych-walorach-sportu\\\/\"]}]},{\"@type\":\"ImageObject\",\"inLanguage\":\"pl-PL\",\"@id\":\"https:\\\/\\\/pans.krosno.pl\\\/pedagogika\\\/o-wychowawczych-i-zdrowotnych-walorach-sportu\\\/#primaryimage\",\"url\":\"https:\\\/\\\/pans.krosno.pl\\\/pedagogika\\\/wp-content\\\/uploads\\\/sites\\\/7\\\/2020\\\/11\\\/statuetka-i-2-puchary-scaled.jpg\",\"contentUrl\":\"https:\\\/\\\/pans.krosno.pl\\\/pedagogika\\\/wp-content\\\/uploads\\\/sites\\\/7\\\/2020\\\/11\\\/statuetka-i-2-puchary-scaled.jpg\",\"width\":1920,\"height\":2560},{\"@type\":\"BreadcrumbList\",\"@id\":\"https:\\\/\\\/pans.krosno.pl\\\/pedagogika\\\/o-wychowawczych-i-zdrowotnych-walorach-sportu\\\/#breadcrumb\",\"itemListElement\":[{\"@type\":\"ListItem\",\"position\":1,\"name\":\"Strona g\u0142\u00f3wna\",\"item\":\"https:\\\/\\\/pans.krosno.pl\\\/pedagogika\\\/\"},{\"@type\":\"ListItem\",\"position\":2,\"name\":\"O wychowawczych i zdrowotnych walorach sportu\"}]},{\"@type\":\"WebSite\",\"@id\":\"https:\\\/\\\/pans.krosno.pl\\\/pedagogika\\\/#website\",\"url\":\"https:\\\/\\\/pans.krosno.pl\\\/pedagogika\\\/\",\"name\":\"Pedagogika PANS w Kro\u015bnie\",\"description\":\"Pedagogika - Pa\u0144stwowa Akademia Nauk Stosowanych\",\"publisher\":{\"@id\":\"https:\\\/\\\/pans.krosno.pl\\\/pedagogika\\\/#organization\"},\"potentialAction\":[{\"@type\":\"SearchAction\",\"target\":{\"@type\":\"EntryPoint\",\"urlTemplate\":\"https:\\\/\\\/pans.krosno.pl\\\/pedagogika\\\/?s={search_term_string}\"},\"query-input\":{\"@type\":\"PropertyValueSpecification\",\"valueRequired\":true,\"valueName\":\"search_term_string\"}}],\"inLanguage\":\"pl-PL\"},{\"@type\":\"Organization\",\"@id\":\"https:\\\/\\\/pans.krosno.pl\\\/pedagogika\\\/#organization\",\"name\":\"Pedagogika PANS w Kro\u015bnie\",\"url\":\"https:\\\/\\\/pans.krosno.pl\\\/pedagogika\\\/\",\"logo\":{\"@type\":\"ImageObject\",\"inLanguage\":\"pl-PL\",\"@id\":\"https:\\\/\\\/pans.krosno.pl\\\/pedagogika\\\/#\\\/schema\\\/logo\\\/image\\\/\",\"url\":\"https:\\\/\\\/pans.krosno.pl\\\/pedagogika\\\/wp-content\\\/uploads\\\/sites\\\/7\\\/2023\\\/01\\\/Logo-PANS-2022-pelne.png\",\"contentUrl\":\"https:\\\/\\\/pans.krosno.pl\\\/pedagogika\\\/wp-content\\\/uploads\\\/sites\\\/7\\\/2023\\\/01\\\/Logo-PANS-2022-pelne.png\",\"width\":3096,\"height\":696,\"caption\":\"Pedagogika PANS w Kro\u015bnie\"},\"image\":{\"@id\":\"https:\\\/\\\/pans.krosno.pl\\\/pedagogika\\\/#\\\/schema\\\/logo\\\/image\\\/\"}},{\"@type\":\"Person\",\"@id\":\"https:\\\/\\\/pans.krosno.pl\\\/pedagogika\\\/#\\\/schema\\\/person\\\/02afd779919c5d05dc90bea63b9cc9f8\",\"name\":\"adamprzybysz\",\"image\":{\"@type\":\"ImageObject\",\"inLanguage\":\"pl-PL\",\"@id\":\"https:\\\/\\\/secure.gravatar.com\\\/avatar\\\/6bf2c126db6403561f7b72bc719866a3321bb706228c8ed702b579a60f7f33b5?s=96&d=mm&r=g\",\"url\":\"https:\\\/\\\/secure.gravatar.com\\\/avatar\\\/6bf2c126db6403561f7b72bc719866a3321bb706228c8ed702b579a60f7f33b5?s=96&d=mm&r=g\",\"contentUrl\":\"https:\\\/\\\/secure.gravatar.com\\\/avatar\\\/6bf2c126db6403561f7b72bc719866a3321bb706228c8ed702b579a60f7f33b5?s=96&d=mm&r=g\",\"caption\":\"adamprzybysz\"},\"url\":\"https:\\\/\\\/pans.krosno.pl\\\/pedagogika\\\/author\\\/adamprzybysz\\\/\"}]}<\/script>\n<!-- \/ Yoast SEO Premium plugin. -->","yoast_head_json":{"title":"O wychowawczych i zdrowotnych walorach sportu - Pedagogika PANS w Kro\u015bnie","robots":{"index":"index","follow":"follow","max-snippet":"max-snippet:-1","max-image-preview":"max-image-preview:large","max-video-preview":"max-video-preview:-1"},"canonical":"https:\/\/pans.krosno.pl\/pedagogika\/o-wychowawczych-i-zdrowotnych-walorach-sportu\/","og_locale":"pl_PL","og_type":"article","og_title":"O wychowawczych i zdrowotnych walorach sportu","og_description":",, Sport jest z pewno\u015bci\u0105 jedn\u0105 z najbardziej popularnych dziedzin dzia\u0142alno\u015bci cz\u0142owieka i mo\u017ce wywiera\u0107 znaczy wp\u0142yw na zachowanie ludzi, zw\u0142aszcza m\u0142odych&#8221;, papie\u017c, Jan Pawe\u0142 II. 23 listopada 2020 r., pracownik Zak\u0142adu Pedagogiki, dr Adam Przybysz, na zaproszenie pani Agnieszki Bienia &#8211; wychowawcy klasy IV SP nr 3 im. Marii [\u2026] Read More","og_url":"https:\/\/pans.krosno.pl\/pedagogika\/o-wychowawczych-i-zdrowotnych-walorach-sportu\/","og_site_name":"Pedagogika PANS w Kro\u015bnie","article_published_time":"2020-11-25T10:30:03+00:00","article_modified_time":"2021-03-08T12:26:07+00:00","og_image":[{"width":1920,"height":2560,"url":"https:\/\/pans.krosno.pl\/wp-content\/uploads\/sites\/7\/2020\/11\/statuetka-i-2-puchary-scaled.jpg","type":"image\/jpeg"}],"author":"adamprzybysz","twitter_card":"summary_large_image","twitter_misc":{"Napisane przez":"adamprzybysz","Szacowany czas czytania":"3 minuty"},"schema":{"@context":"https:\/\/schema.org","@graph":[{"@type":"Article","@id":"https:\/\/pans.krosno.pl\/pedagogika\/o-wychowawczych-i-zdrowotnych-walorach-sportu\/#article","isPartOf":{"@id":"https:\/\/pans.krosno.pl\/pedagogika\/o-wychowawczych-i-zdrowotnych-walorach-sportu\/"},"author":{"name":"adamprzybysz","@id":"https:\/\/pans.krosno.pl\/pedagogika\/#\/schema\/person\/02afd779919c5d05dc90bea63b9cc9f8"},"headline":"O wychowawczych i zdrowotnych walorach sportu","datePublished":"2020-11-25T10:30:03+00:00","dateModified":"2021-03-08T12:26:07+00:00","mainEntityOfPage":{"@id":"https:\/\/pans.krosno.pl\/pedagogika\/o-wychowawczych-i-zdrowotnych-walorach-sportu\/"},"wordCount":529,"commentCount":0,"publisher":{"@id":"https:\/\/pans.krosno.pl\/pedagogika\/#organization"},"image":{"@id":"https:\/\/pans.krosno.pl\/pedagogika\/o-wychowawczych-i-zdrowotnych-walorach-sportu\/#primaryimage"},"thumbnailUrl":"https:\/\/pans.krosno.pl\/pedagogika\/wp-content\/uploads\/sites\/7\/2020\/11\/statuetka-i-2-puchary-scaled.jpg","inLanguage":"pl-PL","potentialAction":[{"@type":"CommentAction","name":"Comment","target":["https:\/\/pans.krosno.pl\/pedagogika\/o-wychowawczych-i-zdrowotnych-walorach-sportu\/#respond"]}]},{"@type":"WebPage","@id":"https:\/\/pans.krosno.pl\/pedagogika\/o-wychowawczych-i-zdrowotnych-walorach-sportu\/","url":"https:\/\/pans.krosno.pl\/pedagogika\/o-wychowawczych-i-zdrowotnych-walorach-sportu\/","name":"O wychowawczych i zdrowotnych walorach sportu - Pedagogika PANS w Kro\u015bnie","isPartOf":{"@id":"https:\/\/pans.krosno.pl\/pedagogika\/#website"},"primaryImageOfPage":{"@id":"https:\/\/pans.krosno.pl\/pedagogika\/o-wychowawczych-i-zdrowotnych-walorach-sportu\/#primaryimage"},"image":{"@id":"https:\/\/pans.krosno.pl\/pedagogika\/o-wychowawczych-i-zdrowotnych-walorach-sportu\/#primaryimage"},"thumbnailUrl":"https:\/\/pans.krosno.pl\/pedagogika\/wp-content\/uploads\/sites\/7\/2020\/11\/statuetka-i-2-puchary-scaled.jpg","datePublished":"2020-11-25T10:30:03+00:00","dateModified":"2021-03-08T12:26:07+00:00","breadcrumb":{"@id":"https:\/\/pans.krosno.pl\/pedagogika\/o-wychowawczych-i-zdrowotnych-walorach-sportu\/#breadcrumb"},"inLanguage":"pl-PL","potentialAction":[{"@type":"ReadAction","target":["https:\/\/pans.krosno.pl\/pedagogika\/o-wychowawczych-i-zdrowotnych-walorach-sportu\/"]}]},{"@type":"ImageObject","inLanguage":"pl-PL","@id":"https:\/\/pans.krosno.pl\/pedagogika\/o-wychowawczych-i-zdrowotnych-walorach-sportu\/#primaryimage","url":"https:\/\/pans.krosno.pl\/pedagogika\/wp-content\/uploads\/sites\/7\/2020\/11\/statuetka-i-2-puchary-scaled.jpg","contentUrl":"https:\/\/pans.krosno.pl\/pedagogika\/wp-content\/uploads\/sites\/7\/2020\/11\/statuetka-i-2-puchary-scaled.jpg","width":1920,"height":2560},{"@type":"BreadcrumbList","@id":"https:\/\/pans.krosno.pl\/pedagogika\/o-wychowawczych-i-zdrowotnych-walorach-sportu\/#breadcrumb","itemListElement":[{"@type":"ListItem","position":1,"name":"Strona g\u0142\u00f3wna","item":"https:\/\/pans.krosno.pl\/pedagogika\/"},{"@type":"ListItem","position":2,"name":"O wychowawczych i zdrowotnych walorach sportu"}]},{"@type":"WebSite","@id":"https:\/\/pans.krosno.pl\/pedagogika\/#website","url":"https:\/\/pans.krosno.pl\/pedagogika\/","name":"Pedagogika PANS w Kro\u015bnie","description":"Pedagogika - Pa\u0144stwowa Akademia Nauk Stosowanych","publisher":{"@id":"https:\/\/pans.krosno.pl\/pedagogika\/#organization"},"potentialAction":[{"@type":"SearchAction","target":{"@type":"EntryPoint","urlTemplate":"https:\/\/pans.krosno.pl\/pedagogika\/?s={search_term_string}"},"query-input":{"@type":"PropertyValueSpecification","valueRequired":true,"valueName":"search_term_string"}}],"inLanguage":"pl-PL"},{"@type":"Organization","@id":"https:\/\/pans.krosno.pl\/pedagogika\/#organization","name":"Pedagogika PANS w Kro\u015bnie","url":"https:\/\/pans.krosno.pl\/pedagogika\/","logo":{"@type":"ImageObject","inLanguage":"pl-PL","@id":"https:\/\/pans.krosno.pl\/pedagogika\/#\/schema\/logo\/image\/","url":"https:\/\/pans.krosno.pl\/pedagogika\/wp-content\/uploads\/sites\/7\/2023\/01\/Logo-PANS-2022-pelne.png","contentUrl":"https:\/\/pans.krosno.pl\/pedagogika\/wp-content\/uploads\/sites\/7\/2023\/01\/Logo-PANS-2022-pelne.png","width":3096,"height":696,"caption":"Pedagogika PANS w Kro\u015bnie"},"image":{"@id":"https:\/\/pans.krosno.pl\/pedagogika\/#\/schema\/logo\/image\/"}},{"@type":"Person","@id":"https:\/\/pans.krosno.pl\/pedagogika\/#\/schema\/person\/02afd779919c5d05dc90bea63b9cc9f8","name":"adamprzybysz","image":{"@type":"ImageObject","inLanguage":"pl-PL","@id":"https:\/\/secure.gravatar.com\/avatar\/6bf2c126db6403561f7b72bc719866a3321bb706228c8ed702b579a60f7f33b5?s=96&d=mm&r=g","url":"https:\/\/secure.gravatar.com\/avatar\/6bf2c126db6403561f7b72bc719866a3321bb706228c8ed702b579a60f7f33b5?s=96&d=mm&r=g","contentUrl":"https:\/\/secure.gravatar.com\/avatar\/6bf2c126db6403561f7b72bc719866a3321bb706228c8ed702b579a60f7f33b5?s=96&d=mm&r=g","caption":"adamprzybysz"},"url":"https:\/\/pans.krosno.pl\/pedagogika\/author\/adamprzybysz\/"}]}},"_links":{"self":[{"href":"https:\/\/pans.krosno.pl\/pedagogika\/wp-json\/wp\/v2\/posts\/497","targetHints":{"allow":["GET"]}}],"collection":[{"href":"https:\/\/pans.krosno.pl\/pedagogika\/wp-json\/wp\/v2\/posts"}],"about":[{"href":"https:\/\/pans.krosno.pl\/pedagogika\/wp-json\/wp\/v2\/types\/post"}],"author":[{"embeddable":true,"href":"https:\/\/pans.krosno.pl\/pedagogika\/wp-json\/wp\/v2\/users\/43"}],"replies":[{"embeddable":true,"href":"https:\/\/pans.krosno.pl\/pedagogika\/wp-json\/wp\/v2\/comments?post=497"}],"version-history":[{"count":11,"href":"https:\/\/pans.krosno.pl\/pedagogika\/wp-json\/wp\/v2\/posts\/497\/revisions"}],"predecessor-version":[{"id":1027,"href":"https:\/\/pans.krosno.pl\/pedagogika\/wp-json\/wp\/v2\/posts\/497\/revisions\/1027"}],"wp:featuredmedia":[{"embeddable":true,"href":"https:\/\/pans.krosno.pl\/pedagogika\/wp-json\/wp\/v2\/media\/499"}],"wp:attachment":[{"href":"https:\/\/pans.krosno.pl\/pedagogika\/wp-json\/wp\/v2\/media?parent=497"}],"wp:term":[{"taxonomy":"category","embeddable":true,"href":"https:\/\/pans.krosno.pl\/pedagogika\/wp-json\/wp\/v2\/categories?post=497"},{"taxonomy":"post_tag","embeddable":true,"href":"https:\/\/pans.krosno.pl\/pedagogika\/wp-json\/wp\/v2\/tags?post=497"}],"curies":[{"name":"wp","href":"https:\/\/api.w.org\/{rel}","templated":true}]}}