{"id":4272,"date":"2023-11-07T00:42:15","date_gmt":"2023-11-06T23:42:15","guid":{"rendered":"https:\/\/pans.krosno.pl\/pedagogika\/?p=4272"},"modified":"2023-11-11T17:26:56","modified_gmt":"2023-11-11T16:26:56","slug":"studenci-ii-roku-pedagogiki-przedszkolnej-i-wczesnoszkolnej-podczas-kwesty-w-dniu-1-listopada-2023r-na-rzecz-kuchni-dla-ubogich-oraz-schroniska-dla-bezdomnych","status":"publish","type":"post","link":"https:\/\/pans.krosno.pl\/pedagogika\/studenci-ii-roku-pedagogiki-przedszkolnej-i-wczesnoszkolnej-podczas-kwesty-w-dniu-1-listopada-2023r-na-rzecz-kuchni-dla-ubogich-oraz-schroniska-dla-bezdomnych\/","title":{"rendered":"Studenci II roku Pedagogiki przedszkolnej i\u00a0 wczesnoszkolnej podczas kwesty w dniu 1 listopada na rzecz kuchni dla ubogich oraz schroniska dla bezdomnych"},"content":{"rendered":"<p class=\"MsoNormal\" style=\"text-align: justify;line-height: 150%\">,,Wszystko co jest wielkie, &nbsp;jest wielkie\nprzez serce\u201d<span style=\"font-family: 'Bahnschrift Light','sans-serif'\"> Cyprian Kamil Norwid<\/span><\/p>\n<p style=\"text-align: justify;line-height: 150%\">Od wielu lat &#8211; 1 listopada w Dzie\u0144 Wszystkich \u015awi\u0119tych na Cmentarzu Komunalnym\nw Kro\u015bnie prowadzona jest kwesta na rzecz kuchni dla ubogich oraz schroniska\ndla bezdomnych m\u0119\u017cczyzn, kt\u00f3re prowadzi Towarzystwo Pomocy im. \u015bw. Brata\nAlberta. Co roku w t\u0119 bardzo cenn\u0105 i po\u017c\u0105dan\u0105 akcje anga\u017cuje si\u0119 wiele os\u00f3b,\norganizacji, stowarzysze\u0144, plac\u00f3wek edukacyjno \u2013 wychowawczych, m.in. szk\u00f3\u0142.\nPodobnie, jak mia\u0142o to miejsce rok temu, tak\u017ce i&nbsp; w tegoroczn\u0105 kwest\u0119 w\u0142\u0105czyli si\u0119 &nbsp;studenci\nz &nbsp;Zak\u0142adu Pedagogiki &nbsp;Pa\u0144stwowej Akademii Nauk Stosowanych w Kro\u015bnie.\nDzi\u0119kujemy: Weronice Czapor i Justynie Os\u0119kowskiej (obydwie, bra\u0142y r\u00f3wnie\u017c udzia\u0142 w\nkwe\u015bcie rok temu) oraz Julii Tutro i Ewie Walus \u2013 wszystkie panie s\u0105 z &nbsp;II rok Pedagogika przedszkolna i wczesnoszkolna- studia magisterskie, kt\u00f3re wraz z opiekunem dr. Adamem Przybyszem, znalaz\u0142y &nbsp;&nbsp;czas&nbsp; na to, aby w\u0142\u0105czy\u0107 si\u0119 w&nbsp; tak bardzo potrzebn\u0105 inicjatyw\u0119 &#8211; jak\u0105 jest pomoc ubogim. Z pewno\u015bci\u0105 dzi\u0119ki takim akcjom, u wielu ludzi budzi si\u0119 ch\u0119\u0107 bezinteresownej s\u0142u\u017cby czy pomocy innym, a takie cechy, kt\u00f3re nigdy nie trac\u0105 na swej aktualno\u015bci, jak duch mi\u0142o\u015bci, dobra i pi\u0119kna, pami\u0119\u0107 o osobach\nchorych, biednych, pozbawionych opieki bior\u0105 g\u00f3r\u0119 nad dzisiejszym tak bardzo materialistycznym, konsumpcyjnym i hedonistycznym&nbsp; \u015bwiatem. Niech w&nbsp; czasach coraz bardziej nastawionych na bogactwo\ni wygod\u0119 \u017cycia, b\u0119d\u0105 zawsze aktualne s\u0142owa za\u0142o\u017cyciela &#8211; \u015bw. Brata Alberta (Adama Chmielowskiego 1845- 1916): ,, <em>Ka\u017cdemu g\u0142odnemu da\u0107 je\u015b\u0107, bezdomnemu miejsce, a nagiemu odzie\u017c. Jak nie mo\u017cna du\u017co to ma\u0142o&#8221;.&nbsp; <\/em><em>&nbsp;(AP)<\/em><\/p>\n<!-- \/wp:post-content --><!-- wp:paragraph -->\n\n<!-- wp:image {\"id\":4273,\"sizeSlug\":\"full\",\"linkDestination\":\"none\"} -->\n<figure class=\"wp-block-image size-full\"><img loading=\"lazy\" decoding=\"async\" width=\"576\" height=\"1024\" class=\"wp-image-4273\" src=\"https:\/\/pans.krosno.pl\/pedagogika\/wp-content\/uploads\/sites\/7\/2023\/11\/20221108_232821-1-1-576x1024-1.jpg\" alt=\"\" srcset=\"https:\/\/pans.krosno.pl\/pedagogika\/wp-content\/uploads\/sites\/7\/2023\/11\/20221108_232821-1-1-576x1024-1.jpg 576w, https:\/\/pans.krosno.pl\/pedagogika\/wp-content\/uploads\/sites\/7\/2023\/11\/20221108_232821-1-1-576x1024-1-169x300.jpg 169w\" sizes=\"auto, (max-width: 576px) 100vw, 576px\" \/><\/figure>\n<!-- \/wp:image -->","protected":false},"excerpt":{"rendered":"<p>,,Wszystko co jest wielkie, &nbsp;jest wielkie przez serce\u201d Cyprian Kamil Norwid Od wielu lat &#8211; 1 listopada w Dzie\u0144 Wszystkich \u015awi\u0119tych na Cmentarzu Komunalnym w Kro\u015bnie prowadzona jest kwesta na rzecz kuchni dla ubogich oraz schroniska dla bezdomnych m\u0119\u017cczyzn, kt\u00f3re prowadzi Towarzystwo Pomocy im. \u015bw. Brata Alberta. Co roku w [\u2026] <\/p>\n<div class=\"clear\"><\/div>\n<p><a class=\"more_link clearfix\" href=\"https:\/\/pans.krosno.pl\/pedagogika\/studenci-ii-roku-pedagogiki-przedszkolnej-i-wczesnoszkolnej-podczas-kwesty-w-dniu-1-listopada-2023r-na-rzecz-kuchni-dla-ubogich-oraz-schroniska-dla-bezdomnych\/\" rel=\"nofollow\">Read More<\/a><\/p>\n","protected":false},"author":43,"featured_media":4273,"comment_status":"open","ping_status":"open","sticky":false,"template":"","format":"standard","meta":{"ngg_post_thumbnail":0,"footnotes":""},"categories":[1],"tags":[],"class_list":["post-4272","post","type-post","status-publish","format-standard","has-post-thumbnail","hentry","category-bez-kategorii"],"yoast_head":"<!-- This site is optimized with the Yoast SEO Premium plugin v27.4 (Yoast SEO v27.4) - https:\/\/yoast.com\/product\/yoast-seo-premium-wordpress\/ -->\n<title>Studenci II roku Pedagogiki przedszkolnej i\u00a0 wczesnoszkolnej podczas kwesty w dniu 1 listopada na rzecz kuchni dla ubogich oraz schroniska dla bezdomnych - Pedagogika PANS w Kro\u015bnie<\/title>\n<meta name=\"robots\" content=\"index, follow, max-snippet:-1, max-image-preview:large, max-video-preview:-1\" \/>\n<link rel=\"canonical\" href=\"https:\/\/pans.krosno.pl\/pedagogika\/studenci-ii-roku-pedagogiki-przedszkolnej-i-wczesnoszkolnej-podczas-kwesty-w-dniu-1-listopada-2023r-na-rzecz-kuchni-dla-ubogich-oraz-schroniska-dla-bezdomnych\/\" \/>\n<meta property=\"og:locale\" content=\"pl_PL\" \/>\n<meta property=\"og:type\" content=\"article\" \/>\n<meta property=\"og:title\" content=\"Studenci II roku Pedagogiki przedszkolnej i\u00a0 wczesnoszkolnej podczas kwesty w dniu 1 listopada na rzecz kuchni dla ubogich oraz schroniska dla bezdomnych\" \/>\n<meta property=\"og:description\" content=\",,Wszystko co jest wielkie, &nbsp;jest wielkie przez serce\u201d Cyprian Kamil Norwid Od wielu lat &#8211; 1 listopada w Dzie\u0144 Wszystkich \u015awi\u0119tych na Cmentarzu Komunalnym w Kro\u015bnie prowadzona jest kwesta na rzecz kuchni dla ubogich oraz schroniska dla bezdomnych m\u0119\u017cczyzn, kt\u00f3re prowadzi Towarzystwo Pomocy im. \u015bw. Brata Alberta. Co roku w [\u2026] Read More\" \/>\n<meta property=\"og:url\" content=\"https:\/\/pans.krosno.pl\/pedagogika\/studenci-ii-roku-pedagogiki-przedszkolnej-i-wczesnoszkolnej-podczas-kwesty-w-dniu-1-listopada-2023r-na-rzecz-kuchni-dla-ubogich-oraz-schroniska-dla-bezdomnych\/\" \/>\n<meta property=\"og:site_name\" content=\"Pedagogika PANS w Kro\u015bnie\" \/>\n<meta property=\"article:published_time\" content=\"2023-11-06T23:42:15+00:00\" \/>\n<meta property=\"article:modified_time\" content=\"2023-11-11T16:26:56+00:00\" \/>\n<meta property=\"og:image\" content=\"https:\/\/pans.krosno.pl\/wp-content\/uploads\/sites\/7\/2023\/11\/20221108_232821-1-1-576x1024-1.jpg\" \/>\n\t<meta property=\"og:image:width\" content=\"576\" \/>\n\t<meta property=\"og:image:height\" content=\"1024\" \/>\n\t<meta property=\"og:image:type\" content=\"image\/jpeg\" \/>\n<meta name=\"author\" content=\"adamprzybysz\" \/>\n<meta name=\"twitter:card\" content=\"summary_large_image\" \/>\n<meta name=\"twitter:label1\" content=\"Napisane przez\" \/>\n\t<meta name=\"twitter:data1\" content=\"adamprzybysz\" \/>\n\t<meta name=\"twitter:label2\" content=\"Szacowany czas czytania\" \/>\n\t<meta name=\"twitter:data2\" content=\"2 minuty\" \/>\n<script type=\"application\/ld+json\" class=\"yoast-schema-graph\">{\"@context\":\"https:\\\/\\\/schema.org\",\"@graph\":[{\"@type\":\"Article\",\"@id\":\"https:\\\/\\\/pans.krosno.pl\\\/pedagogika\\\/studenci-ii-roku-pedagogiki-przedszkolnej-i-wczesnoszkolnej-podczas-kwesty-w-dniu-1-listopada-2023r-na-rzecz-kuchni-dla-ubogich-oraz-schroniska-dla-bezdomnych\\\/#article\",\"isPartOf\":{\"@id\":\"https:\\\/\\\/pans.krosno.pl\\\/pedagogika\\\/studenci-ii-roku-pedagogiki-przedszkolnej-i-wczesnoszkolnej-podczas-kwesty-w-dniu-1-listopada-2023r-na-rzecz-kuchni-dla-ubogich-oraz-schroniska-dla-bezdomnych\\\/\"},\"author\":{\"name\":\"adamprzybysz\",\"@id\":\"https:\\\/\\\/pans.krosno.pl\\\/pedagogika\\\/#\\\/schema\\\/person\\\/02afd779919c5d05dc90bea63b9cc9f8\"},\"headline\":\"Studenci II roku Pedagogiki przedszkolnej i\u00a0 wczesnoszkolnej podczas kwesty w dniu 1 listopada na rzecz kuchni dla ubogich oraz schroniska dla bezdomnych\",\"datePublished\":\"2023-11-06T23:42:15+00:00\",\"dateModified\":\"2023-11-11T16:26:56+00:00\",\"mainEntityOfPage\":{\"@id\":\"https:\\\/\\\/pans.krosno.pl\\\/pedagogika\\\/studenci-ii-roku-pedagogiki-przedszkolnej-i-wczesnoszkolnej-podczas-kwesty-w-dniu-1-listopada-2023r-na-rzecz-kuchni-dla-ubogich-oraz-schroniska-dla-bezdomnych\\\/\"},\"wordCount\":312,\"commentCount\":0,\"publisher\":{\"@id\":\"https:\\\/\\\/pans.krosno.pl\\\/pedagogika\\\/#organization\"},\"image\":{\"@id\":\"https:\\\/\\\/pans.krosno.pl\\\/pedagogika\\\/studenci-ii-roku-pedagogiki-przedszkolnej-i-wczesnoszkolnej-podczas-kwesty-w-dniu-1-listopada-2023r-na-rzecz-kuchni-dla-ubogich-oraz-schroniska-dla-bezdomnych\\\/#primaryimage\"},\"thumbnailUrl\":\"https:\\\/\\\/pans.krosno.pl\\\/pedagogika\\\/wp-content\\\/uploads\\\/sites\\\/7\\\/2023\\\/11\\\/20221108_232821-1-1-576x1024-1.jpg\",\"inLanguage\":\"pl-PL\",\"potentialAction\":[{\"@type\":\"CommentAction\",\"name\":\"Comment\",\"target\":[\"https:\\\/\\\/pans.krosno.pl\\\/pedagogika\\\/studenci-ii-roku-pedagogiki-przedszkolnej-i-wczesnoszkolnej-podczas-kwesty-w-dniu-1-listopada-2023r-na-rzecz-kuchni-dla-ubogich-oraz-schroniska-dla-bezdomnych\\\/#respond\"]}]},{\"@type\":\"WebPage\",\"@id\":\"https:\\\/\\\/pans.krosno.pl\\\/pedagogika\\\/studenci-ii-roku-pedagogiki-przedszkolnej-i-wczesnoszkolnej-podczas-kwesty-w-dniu-1-listopada-2023r-na-rzecz-kuchni-dla-ubogich-oraz-schroniska-dla-bezdomnych\\\/\",\"url\":\"https:\\\/\\\/pans.krosno.pl\\\/pedagogika\\\/studenci-ii-roku-pedagogiki-przedszkolnej-i-wczesnoszkolnej-podczas-kwesty-w-dniu-1-listopada-2023r-na-rzecz-kuchni-dla-ubogich-oraz-schroniska-dla-bezdomnych\\\/\",\"name\":\"Studenci II roku Pedagogiki przedszkolnej i\u00a0 wczesnoszkolnej podczas kwesty w dniu 1 listopada na rzecz kuchni dla ubogich oraz schroniska dla bezdomnych - Pedagogika PANS w Kro\u015bnie\",\"isPartOf\":{\"@id\":\"https:\\\/\\\/pans.krosno.pl\\\/pedagogika\\\/#website\"},\"primaryImageOfPage\":{\"@id\":\"https:\\\/\\\/pans.krosno.pl\\\/pedagogika\\\/studenci-ii-roku-pedagogiki-przedszkolnej-i-wczesnoszkolnej-podczas-kwesty-w-dniu-1-listopada-2023r-na-rzecz-kuchni-dla-ubogich-oraz-schroniska-dla-bezdomnych\\\/#primaryimage\"},\"image\":{\"@id\":\"https:\\\/\\\/pans.krosno.pl\\\/pedagogika\\\/studenci-ii-roku-pedagogiki-przedszkolnej-i-wczesnoszkolnej-podczas-kwesty-w-dniu-1-listopada-2023r-na-rzecz-kuchni-dla-ubogich-oraz-schroniska-dla-bezdomnych\\\/#primaryimage\"},\"thumbnailUrl\":\"https:\\\/\\\/pans.krosno.pl\\\/pedagogika\\\/wp-content\\\/uploads\\\/sites\\\/7\\\/2023\\\/11\\\/20221108_232821-1-1-576x1024-1.jpg\",\"datePublished\":\"2023-11-06T23:42:15+00:00\",\"dateModified\":\"2023-11-11T16:26:56+00:00\",\"breadcrumb\":{\"@id\":\"https:\\\/\\\/pans.krosno.pl\\\/pedagogika\\\/studenci-ii-roku-pedagogiki-przedszkolnej-i-wczesnoszkolnej-podczas-kwesty-w-dniu-1-listopada-2023r-na-rzecz-kuchni-dla-ubogich-oraz-schroniska-dla-bezdomnych\\\/#breadcrumb\"},\"inLanguage\":\"pl-PL\",\"potentialAction\":[{\"@type\":\"ReadAction\",\"target\":[\"https:\\\/\\\/pans.krosno.pl\\\/pedagogika\\\/studenci-ii-roku-pedagogiki-przedszkolnej-i-wczesnoszkolnej-podczas-kwesty-w-dniu-1-listopada-2023r-na-rzecz-kuchni-dla-ubogich-oraz-schroniska-dla-bezdomnych\\\/\"]}]},{\"@type\":\"ImageObject\",\"inLanguage\":\"pl-PL\",\"@id\":\"https:\\\/\\\/pans.krosno.pl\\\/pedagogika\\\/studenci-ii-roku-pedagogiki-przedszkolnej-i-wczesnoszkolnej-podczas-kwesty-w-dniu-1-listopada-2023r-na-rzecz-kuchni-dla-ubogich-oraz-schroniska-dla-bezdomnych\\\/#primaryimage\",\"url\":\"https:\\\/\\\/pans.krosno.pl\\\/pedagogika\\\/wp-content\\\/uploads\\\/sites\\\/7\\\/2023\\\/11\\\/20221108_232821-1-1-576x1024-1.jpg\",\"contentUrl\":\"https:\\\/\\\/pans.krosno.pl\\\/pedagogika\\\/wp-content\\\/uploads\\\/sites\\\/7\\\/2023\\\/11\\\/20221108_232821-1-1-576x1024-1.jpg\",\"width\":576,\"height\":1024},{\"@type\":\"BreadcrumbList\",\"@id\":\"https:\\\/\\\/pans.krosno.pl\\\/pedagogika\\\/studenci-ii-roku-pedagogiki-przedszkolnej-i-wczesnoszkolnej-podczas-kwesty-w-dniu-1-listopada-2023r-na-rzecz-kuchni-dla-ubogich-oraz-schroniska-dla-bezdomnych\\\/#breadcrumb\",\"itemListElement\":[{\"@type\":\"ListItem\",\"position\":1,\"name\":\"Strona g\u0142\u00f3wna\",\"item\":\"https:\\\/\\\/pans.krosno.pl\\\/pedagogika\\\/\"},{\"@type\":\"ListItem\",\"position\":2,\"name\":\"Studenci II roku Pedagogiki przedszkolnej i\u00a0 wczesnoszkolnej podczas kwesty w dniu 1 listopada na rzecz kuchni dla ubogich oraz schroniska dla bezdomnych\"}]},{\"@type\":\"WebSite\",\"@id\":\"https:\\\/\\\/pans.krosno.pl\\\/pedagogika\\\/#website\",\"url\":\"https:\\\/\\\/pans.krosno.pl\\\/pedagogika\\\/\",\"name\":\"Pedagogika PANS w Kro\u015bnie\",\"description\":\"Pedagogika - Pa\u0144stwowa Akademia Nauk Stosowanych\",\"publisher\":{\"@id\":\"https:\\\/\\\/pans.krosno.pl\\\/pedagogika\\\/#organization\"},\"potentialAction\":[{\"@type\":\"SearchAction\",\"target\":{\"@type\":\"EntryPoint\",\"urlTemplate\":\"https:\\\/\\\/pans.krosno.pl\\\/pedagogika\\\/?s={search_term_string}\"},\"query-input\":{\"@type\":\"PropertyValueSpecification\",\"valueRequired\":true,\"valueName\":\"search_term_string\"}}],\"inLanguage\":\"pl-PL\"},{\"@type\":\"Organization\",\"@id\":\"https:\\\/\\\/pans.krosno.pl\\\/pedagogika\\\/#organization\",\"name\":\"Pedagogika PANS w Kro\u015bnie\",\"url\":\"https:\\\/\\\/pans.krosno.pl\\\/pedagogika\\\/\",\"logo\":{\"@type\":\"ImageObject\",\"inLanguage\":\"pl-PL\",\"@id\":\"https:\\\/\\\/pans.krosno.pl\\\/pedagogika\\\/#\\\/schema\\\/logo\\\/image\\\/\",\"url\":\"https:\\\/\\\/pans.krosno.pl\\\/pedagogika\\\/wp-content\\\/uploads\\\/sites\\\/7\\\/2023\\\/01\\\/Logo-PANS-2022-pelne.png\",\"contentUrl\":\"https:\\\/\\\/pans.krosno.pl\\\/pedagogika\\\/wp-content\\\/uploads\\\/sites\\\/7\\\/2023\\\/01\\\/Logo-PANS-2022-pelne.png\",\"width\":3096,\"height\":696,\"caption\":\"Pedagogika PANS w Kro\u015bnie\"},\"image\":{\"@id\":\"https:\\\/\\\/pans.krosno.pl\\\/pedagogika\\\/#\\\/schema\\\/logo\\\/image\\\/\"}},{\"@type\":\"Person\",\"@id\":\"https:\\\/\\\/pans.krosno.pl\\\/pedagogika\\\/#\\\/schema\\\/person\\\/02afd779919c5d05dc90bea63b9cc9f8\",\"name\":\"adamprzybysz\",\"image\":{\"@type\":\"ImageObject\",\"inLanguage\":\"pl-PL\",\"@id\":\"https:\\\/\\\/secure.gravatar.com\\\/avatar\\\/6bf2c126db6403561f7b72bc719866a3321bb706228c8ed702b579a60f7f33b5?s=96&d=mm&r=g\",\"url\":\"https:\\\/\\\/secure.gravatar.com\\\/avatar\\\/6bf2c126db6403561f7b72bc719866a3321bb706228c8ed702b579a60f7f33b5?s=96&d=mm&r=g\",\"contentUrl\":\"https:\\\/\\\/secure.gravatar.com\\\/avatar\\\/6bf2c126db6403561f7b72bc719866a3321bb706228c8ed702b579a60f7f33b5?s=96&d=mm&r=g\",\"caption\":\"adamprzybysz\"},\"url\":\"https:\\\/\\\/pans.krosno.pl\\\/pedagogika\\\/author\\\/adamprzybysz\\\/\"}]}<\/script>\n<!-- \/ Yoast SEO Premium plugin. -->","yoast_head_json":{"title":"Studenci II roku Pedagogiki przedszkolnej i\u00a0 wczesnoszkolnej podczas kwesty w dniu 1 listopada na rzecz kuchni dla ubogich oraz schroniska dla bezdomnych - Pedagogika PANS w Kro\u015bnie","robots":{"index":"index","follow":"follow","max-snippet":"max-snippet:-1","max-image-preview":"max-image-preview:large","max-video-preview":"max-video-preview:-1"},"canonical":"https:\/\/pans.krosno.pl\/pedagogika\/studenci-ii-roku-pedagogiki-przedszkolnej-i-wczesnoszkolnej-podczas-kwesty-w-dniu-1-listopada-2023r-na-rzecz-kuchni-dla-ubogich-oraz-schroniska-dla-bezdomnych\/","og_locale":"pl_PL","og_type":"article","og_title":"Studenci II roku Pedagogiki przedszkolnej i\u00a0 wczesnoszkolnej podczas kwesty w dniu 1 listopada na rzecz kuchni dla ubogich oraz schroniska dla bezdomnych","og_description":",,Wszystko co jest wielkie, &nbsp;jest wielkie przez serce\u201d Cyprian Kamil Norwid Od wielu lat &#8211; 1 listopada w Dzie\u0144 Wszystkich \u015awi\u0119tych na Cmentarzu Komunalnym w Kro\u015bnie prowadzona jest kwesta na rzecz kuchni dla ubogich oraz schroniska dla bezdomnych m\u0119\u017cczyzn, kt\u00f3re prowadzi Towarzystwo Pomocy im. \u015bw. Brata Alberta. Co roku w [\u2026] Read More","og_url":"https:\/\/pans.krosno.pl\/pedagogika\/studenci-ii-roku-pedagogiki-przedszkolnej-i-wczesnoszkolnej-podczas-kwesty-w-dniu-1-listopada-2023r-na-rzecz-kuchni-dla-ubogich-oraz-schroniska-dla-bezdomnych\/","og_site_name":"Pedagogika PANS w Kro\u015bnie","article_published_time":"2023-11-06T23:42:15+00:00","article_modified_time":"2023-11-11T16:26:56+00:00","og_image":[{"width":576,"height":1024,"url":"https:\/\/pans.krosno.pl\/wp-content\/uploads\/sites\/7\/2023\/11\/20221108_232821-1-1-576x1024-1.jpg","type":"image\/jpeg"}],"author":"adamprzybysz","twitter_card":"summary_large_image","twitter_misc":{"Napisane przez":"adamprzybysz","Szacowany czas czytania":"2 minuty"},"schema":{"@context":"https:\/\/schema.org","@graph":[{"@type":"Article","@id":"https:\/\/pans.krosno.pl\/pedagogika\/studenci-ii-roku-pedagogiki-przedszkolnej-i-wczesnoszkolnej-podczas-kwesty-w-dniu-1-listopada-2023r-na-rzecz-kuchni-dla-ubogich-oraz-schroniska-dla-bezdomnych\/#article","isPartOf":{"@id":"https:\/\/pans.krosno.pl\/pedagogika\/studenci-ii-roku-pedagogiki-przedszkolnej-i-wczesnoszkolnej-podczas-kwesty-w-dniu-1-listopada-2023r-na-rzecz-kuchni-dla-ubogich-oraz-schroniska-dla-bezdomnych\/"},"author":{"name":"adamprzybysz","@id":"https:\/\/pans.krosno.pl\/pedagogika\/#\/schema\/person\/02afd779919c5d05dc90bea63b9cc9f8"},"headline":"Studenci II roku Pedagogiki przedszkolnej i\u00a0 wczesnoszkolnej podczas kwesty w dniu 1 listopada na rzecz kuchni dla ubogich oraz schroniska dla bezdomnych","datePublished":"2023-11-06T23:42:15+00:00","dateModified":"2023-11-11T16:26:56+00:00","mainEntityOfPage":{"@id":"https:\/\/pans.krosno.pl\/pedagogika\/studenci-ii-roku-pedagogiki-przedszkolnej-i-wczesnoszkolnej-podczas-kwesty-w-dniu-1-listopada-2023r-na-rzecz-kuchni-dla-ubogich-oraz-schroniska-dla-bezdomnych\/"},"wordCount":312,"commentCount":0,"publisher":{"@id":"https:\/\/pans.krosno.pl\/pedagogika\/#organization"},"image":{"@id":"https:\/\/pans.krosno.pl\/pedagogika\/studenci-ii-roku-pedagogiki-przedszkolnej-i-wczesnoszkolnej-podczas-kwesty-w-dniu-1-listopada-2023r-na-rzecz-kuchni-dla-ubogich-oraz-schroniska-dla-bezdomnych\/#primaryimage"},"thumbnailUrl":"https:\/\/pans.krosno.pl\/pedagogika\/wp-content\/uploads\/sites\/7\/2023\/11\/20221108_232821-1-1-576x1024-1.jpg","inLanguage":"pl-PL","potentialAction":[{"@type":"CommentAction","name":"Comment","target":["https:\/\/pans.krosno.pl\/pedagogika\/studenci-ii-roku-pedagogiki-przedszkolnej-i-wczesnoszkolnej-podczas-kwesty-w-dniu-1-listopada-2023r-na-rzecz-kuchni-dla-ubogich-oraz-schroniska-dla-bezdomnych\/#respond"]}]},{"@type":"WebPage","@id":"https:\/\/pans.krosno.pl\/pedagogika\/studenci-ii-roku-pedagogiki-przedszkolnej-i-wczesnoszkolnej-podczas-kwesty-w-dniu-1-listopada-2023r-na-rzecz-kuchni-dla-ubogich-oraz-schroniska-dla-bezdomnych\/","url":"https:\/\/pans.krosno.pl\/pedagogika\/studenci-ii-roku-pedagogiki-przedszkolnej-i-wczesnoszkolnej-podczas-kwesty-w-dniu-1-listopada-2023r-na-rzecz-kuchni-dla-ubogich-oraz-schroniska-dla-bezdomnych\/","name":"Studenci II roku Pedagogiki przedszkolnej i\u00a0 wczesnoszkolnej podczas kwesty w dniu 1 listopada na rzecz kuchni dla ubogich oraz schroniska dla bezdomnych - Pedagogika PANS w Kro\u015bnie","isPartOf":{"@id":"https:\/\/pans.krosno.pl\/pedagogika\/#website"},"primaryImageOfPage":{"@id":"https:\/\/pans.krosno.pl\/pedagogika\/studenci-ii-roku-pedagogiki-przedszkolnej-i-wczesnoszkolnej-podczas-kwesty-w-dniu-1-listopada-2023r-na-rzecz-kuchni-dla-ubogich-oraz-schroniska-dla-bezdomnych\/#primaryimage"},"image":{"@id":"https:\/\/pans.krosno.pl\/pedagogika\/studenci-ii-roku-pedagogiki-przedszkolnej-i-wczesnoszkolnej-podczas-kwesty-w-dniu-1-listopada-2023r-na-rzecz-kuchni-dla-ubogich-oraz-schroniska-dla-bezdomnych\/#primaryimage"},"thumbnailUrl":"https:\/\/pans.krosno.pl\/pedagogika\/wp-content\/uploads\/sites\/7\/2023\/11\/20221108_232821-1-1-576x1024-1.jpg","datePublished":"2023-11-06T23:42:15+00:00","dateModified":"2023-11-11T16:26:56+00:00","breadcrumb":{"@id":"https:\/\/pans.krosno.pl\/pedagogika\/studenci-ii-roku-pedagogiki-przedszkolnej-i-wczesnoszkolnej-podczas-kwesty-w-dniu-1-listopada-2023r-na-rzecz-kuchni-dla-ubogich-oraz-schroniska-dla-bezdomnych\/#breadcrumb"},"inLanguage":"pl-PL","potentialAction":[{"@type":"ReadAction","target":["https:\/\/pans.krosno.pl\/pedagogika\/studenci-ii-roku-pedagogiki-przedszkolnej-i-wczesnoszkolnej-podczas-kwesty-w-dniu-1-listopada-2023r-na-rzecz-kuchni-dla-ubogich-oraz-schroniska-dla-bezdomnych\/"]}]},{"@type":"ImageObject","inLanguage":"pl-PL","@id":"https:\/\/pans.krosno.pl\/pedagogika\/studenci-ii-roku-pedagogiki-przedszkolnej-i-wczesnoszkolnej-podczas-kwesty-w-dniu-1-listopada-2023r-na-rzecz-kuchni-dla-ubogich-oraz-schroniska-dla-bezdomnych\/#primaryimage","url":"https:\/\/pans.krosno.pl\/pedagogika\/wp-content\/uploads\/sites\/7\/2023\/11\/20221108_232821-1-1-576x1024-1.jpg","contentUrl":"https:\/\/pans.krosno.pl\/pedagogika\/wp-content\/uploads\/sites\/7\/2023\/11\/20221108_232821-1-1-576x1024-1.jpg","width":576,"height":1024},{"@type":"BreadcrumbList","@id":"https:\/\/pans.krosno.pl\/pedagogika\/studenci-ii-roku-pedagogiki-przedszkolnej-i-wczesnoszkolnej-podczas-kwesty-w-dniu-1-listopada-2023r-na-rzecz-kuchni-dla-ubogich-oraz-schroniska-dla-bezdomnych\/#breadcrumb","itemListElement":[{"@type":"ListItem","position":1,"name":"Strona g\u0142\u00f3wna","item":"https:\/\/pans.krosno.pl\/pedagogika\/"},{"@type":"ListItem","position":2,"name":"Studenci II roku Pedagogiki przedszkolnej i\u00a0 wczesnoszkolnej podczas kwesty w dniu 1 listopada na rzecz kuchni dla ubogich oraz schroniska dla bezdomnych"}]},{"@type":"WebSite","@id":"https:\/\/pans.krosno.pl\/pedagogika\/#website","url":"https:\/\/pans.krosno.pl\/pedagogika\/","name":"Pedagogika PANS w Kro\u015bnie","description":"Pedagogika - Pa\u0144stwowa Akademia Nauk Stosowanych","publisher":{"@id":"https:\/\/pans.krosno.pl\/pedagogika\/#organization"},"potentialAction":[{"@type":"SearchAction","target":{"@type":"EntryPoint","urlTemplate":"https:\/\/pans.krosno.pl\/pedagogika\/?s={search_term_string}"},"query-input":{"@type":"PropertyValueSpecification","valueRequired":true,"valueName":"search_term_string"}}],"inLanguage":"pl-PL"},{"@type":"Organization","@id":"https:\/\/pans.krosno.pl\/pedagogika\/#organization","name":"Pedagogika PANS w Kro\u015bnie","url":"https:\/\/pans.krosno.pl\/pedagogika\/","logo":{"@type":"ImageObject","inLanguage":"pl-PL","@id":"https:\/\/pans.krosno.pl\/pedagogika\/#\/schema\/logo\/image\/","url":"https:\/\/pans.krosno.pl\/pedagogika\/wp-content\/uploads\/sites\/7\/2023\/01\/Logo-PANS-2022-pelne.png","contentUrl":"https:\/\/pans.krosno.pl\/pedagogika\/wp-content\/uploads\/sites\/7\/2023\/01\/Logo-PANS-2022-pelne.png","width":3096,"height":696,"caption":"Pedagogika PANS w Kro\u015bnie"},"image":{"@id":"https:\/\/pans.krosno.pl\/pedagogika\/#\/schema\/logo\/image\/"}},{"@type":"Person","@id":"https:\/\/pans.krosno.pl\/pedagogika\/#\/schema\/person\/02afd779919c5d05dc90bea63b9cc9f8","name":"adamprzybysz","image":{"@type":"ImageObject","inLanguage":"pl-PL","@id":"https:\/\/secure.gravatar.com\/avatar\/6bf2c126db6403561f7b72bc719866a3321bb706228c8ed702b579a60f7f33b5?s=96&d=mm&r=g","url":"https:\/\/secure.gravatar.com\/avatar\/6bf2c126db6403561f7b72bc719866a3321bb706228c8ed702b579a60f7f33b5?s=96&d=mm&r=g","contentUrl":"https:\/\/secure.gravatar.com\/avatar\/6bf2c126db6403561f7b72bc719866a3321bb706228c8ed702b579a60f7f33b5?s=96&d=mm&r=g","caption":"adamprzybysz"},"url":"https:\/\/pans.krosno.pl\/pedagogika\/author\/adamprzybysz\/"}]}},"_links":{"self":[{"href":"https:\/\/pans.krosno.pl\/pedagogika\/wp-json\/wp\/v2\/posts\/4272","targetHints":{"allow":["GET"]}}],"collection":[{"href":"https:\/\/pans.krosno.pl\/pedagogika\/wp-json\/wp\/v2\/posts"}],"about":[{"href":"https:\/\/pans.krosno.pl\/pedagogika\/wp-json\/wp\/v2\/types\/post"}],"author":[{"embeddable":true,"href":"https:\/\/pans.krosno.pl\/pedagogika\/wp-json\/wp\/v2\/users\/43"}],"replies":[{"embeddable":true,"href":"https:\/\/pans.krosno.pl\/pedagogika\/wp-json\/wp\/v2\/comments?post=4272"}],"version-history":[{"count":6,"href":"https:\/\/pans.krosno.pl\/pedagogika\/wp-json\/wp\/v2\/posts\/4272\/revisions"}],"predecessor-version":[{"id":4283,"href":"https:\/\/pans.krosno.pl\/pedagogika\/wp-json\/wp\/v2\/posts\/4272\/revisions\/4283"}],"wp:featuredmedia":[{"embeddable":true,"href":"https:\/\/pans.krosno.pl\/pedagogika\/wp-json\/wp\/v2\/media\/4273"}],"wp:attachment":[{"href":"https:\/\/pans.krosno.pl\/pedagogika\/wp-json\/wp\/v2\/media?parent=4272"}],"wp:term":[{"taxonomy":"category","embeddable":true,"href":"https:\/\/pans.krosno.pl\/pedagogika\/wp-json\/wp\/v2\/categories?post=4272"},{"taxonomy":"post_tag","embeddable":true,"href":"https:\/\/pans.krosno.pl\/pedagogika\/wp-json\/wp\/v2\/tags?post=4272"}],"curies":[{"name":"wp","href":"https:\/\/api.w.org\/{rel}","templated":true}]}}