{"id":488,"date":"2026-08-30T12:31:15","date_gmt":"2026-08-30T11:31:15","guid":{"rendered":"https:\/\/pans.krosno.pl\/pedagogika-przedszkolna-i-wczesnoszkolna\/?p=488"},"modified":"2026-08-30T12:31:17","modified_gmt":"2026-08-30T11:31:17","slug":"wsrod-nauczycieli-tych-brakuje-najbardziej","status":"publish","type":"post","link":"https:\/\/pans.krosno.pl\/pedagogika-przedszkolna-i-wczesnoszkolna\/2026\/08\/30\/wsrod-nauczycieli-tych-brakuje-najbardziej\/","title":{"rendered":"W\u015br\u00f3d nauczycieli &#8211; tych brakuje najbardziej"},"content":{"rendered":"\n<p class=\"wp-block-paragraph\">W\u015br\u00f3d nauczycieli &#8211; tych brakuje najbardziej, szczeg\u00f3\u0142y w poni\u017cszym linku  <a href=\"https:\/\/l.facebook.com\/l.php?u=https%3A%2F%2Fstrefaedukacji.pl%2Fnie-anglisci-nie-polonisci-to-tych-nauczycieli-brakuje-dzis-najbardziej%2Far%2Fc5p2-27908627%3Ffbclid%3DIwcGRvZgVleHRuA2FlbQIxMABicmlkETFFVG9WUWF6Tml5SmYyajNoc3J0YwZhcHBfaWQQMjIyMDM5MTc4ODIwMDg5MgABHpY1vXotVOjRq0HdkCkhbVNSg2g4g4St5R7EvmMftiTgfm31q-zfwkOFWCYq_aem_7xzTMvggW98uPmvohUAtpQ&amp;h=AUAZs1Qs86W3MBOjo7OPQIh_3D0mn6luoACJza1Fs8U_KEQgbwfT_2dtkvf8k8tSDgkBWYMtQkatcgnGgPtFsDOYnQsPCL5CPMD-SIBms2zecgvc_jZeJfkeM1Fydqp6Qjy2Nw\" target=\"_blank\" rel=\"noopener\">https:\/\/strefaedukacji.pl\/nie-anglisci-nie-polonisci-to-tych-nauczycieli-brakuje-dzis-najbardziej\/ar\/c5p2-27908627<\/a><\/p>\n","protected":false},"excerpt":{"rendered":"<p>W\u015br\u00f3d nauczycieli &#8211; tych brakuje najbardziej, szczeg\u00f3\u0142y w poni\u017cszym linku https:\/\/strefaedukacji.pl\/nie-anglisci-nie-polonisci-to-tych-nauczycieli-brakuje-dzis-najbardziej\/ar\/c5p2-27908627<\/p>\n","protected":false},"author":43,"featured_media":467,"comment_status":"open","ping_status":"open","sticky":false,"template":"","format":"standard","meta":{"ngg_post_thumbnail":0,"footnotes":""},"categories":[1],"tags":[],"class_list":["post-488","post","type-post","status-publish","format-standard","has-post-thumbnail","hentry","category-uncategorised"],"yoast_head":"<!-- This site is optimized with the Yoast SEO Premium plugin v28.3 (Yoast SEO v28.3) - https:\/\/yoast.com\/product\/yoast-seo-premium-wordpress\/ -->\n<title>W\u015br\u00f3d nauczycieli - tych brakuje najbardziej - Pedagogika przedszkolna i wczesnoszkolna - PANS w Kro\u015bnie<\/title>\n<meta name=\"robots\" content=\"index, follow, max-snippet:-1, max-image-preview:large, max-video-preview:-1\" \/>\n<link rel=\"canonical\" href=\"https:\/\/pans.krosno.pl\/pedagogika-przedszkolna-i-wczesnoszkolna\/2026\/08\/30\/wsrod-nauczycieli-tych-brakuje-najbardziej\/\" \/>\n<meta property=\"og:locale\" content=\"pl_PL\" \/>\n<meta property=\"og:type\" content=\"article\" \/>\n<meta property=\"og:title\" content=\"W\u015br\u00f3d nauczycieli - tych brakuje najbardziej\" \/>\n<meta property=\"og:description\" content=\"W\u015br\u00f3d nauczycieli &#8211; tych brakuje najbardziej, szczeg\u00f3\u0142y w poni\u017cszym linku https:\/\/strefaedukacji.pl\/nie-anglisci-nie-polonisci-to-tych-nauczycieli-brakuje-dzis-najbardziej\/ar\/c5p2-27908627\" \/>\n<meta property=\"og:url\" content=\"https:\/\/pans.krosno.pl\/pedagogika-przedszkolna-i-wczesnoszkolna\/2026\/08\/30\/wsrod-nauczycieli-tych-brakuje-najbardziej\/\" \/>\n<meta property=\"og:site_name\" content=\"Pedagogika przedszkolna i wczesnoszkolna - PANS w Kro\u015bnie\" \/>\n<meta property=\"article:publisher\" content=\"https:\/\/www.facebook.com\/StudiaKrosno\/\" \/>\n<meta property=\"article:published_time\" content=\"2026-08-30T11:31:15+00:00\" \/>\n<meta property=\"article:modified_time\" content=\"2026-08-30T11:31:17+00:00\" \/>\n<meta property=\"og:image\" content=\"https:\/\/pans.krosno.pl\/pedagogika-przedszkolna-i-wczesnoszkolna\/wp-content\/uploads\/sites\/68\/2026\/08\/IMG-20260827-WA0012.jpg\" \/>\n\t<meta property=\"og:image:width\" content=\"1530\" \/>\n\t<meta property=\"og:image:height\" content=\"2040\" \/>\n\t<meta property=\"og:image:type\" content=\"image\/jpeg\" \/>\n<meta name=\"author\" content=\"adamprzybysz\" \/>\n<meta name=\"twitter:card\" content=\"summary_large_image\" \/>\n<meta name=\"twitter:label1\" content=\"Napisane przez\" \/>\n\t<meta name=\"twitter:data1\" content=\"adamprzybysz\" \/>\n\t<meta name=\"twitter:label2\" content=\"Szacowany czas czytania\" \/>\n\t<meta name=\"twitter:data2\" content=\"1 minuta\" \/>\n<script type=\"application\/ld+json\" class=\"yoast-schema-graph\">{\"@context\":\"https:\\\/\\\/schema.org\",\"@graph\":[{\"@type\":\"Article\",\"@id\":\"https:\\\/\\\/pans.krosno.pl\\\/pedagogika-przedszkolna-i-wczesnoszkolna\\\/2026\\\/08\\\/30\\\/wsrod-nauczycieli-tych-brakuje-najbardziej\\\/#article\",\"isPartOf\":{\"@id\":\"https:\\\/\\\/pans.krosno.pl\\\/pedagogika-przedszkolna-i-wczesnoszkolna\\\/2026\\\/08\\\/30\\\/wsrod-nauczycieli-tych-brakuje-najbardziej\\\/\"},\"author\":{\"name\":\"adamprzybysz\",\"@id\":\"https:\\\/\\\/pans.krosno.pl\\\/pedagogika-przedszkolna-i-wczesnoszkolna\\\/#\\\/schema\\\/person\\\/02afd779919c5d05dc90bea63b9cc9f8\"},\"headline\":\"W\u015br\u00f3d nauczycieli &#8211; tych brakuje najbardziej\",\"datePublished\":\"2026-08-30T11:31:15+00:00\",\"dateModified\":\"2026-08-30T11:31:17+00:00\",\"mainEntityOfPage\":{\"@id\":\"https:\\\/\\\/pans.krosno.pl\\\/pedagogika-przedszkolna-i-wczesnoszkolna\\\/2026\\\/08\\\/30\\\/wsrod-nauczycieli-tych-brakuje-najbardziej\\\/\"},\"wordCount\":30,\"commentCount\":0,\"publisher\":{\"@id\":\"https:\\\/\\\/pans.krosno.pl\\\/pedagogika-przedszkolna-i-wczesnoszkolna\\\/#organization\"},\"image\":{\"@id\":\"https:\\\/\\\/pans.krosno.pl\\\/pedagogika-przedszkolna-i-wczesnoszkolna\\\/2026\\\/08\\\/30\\\/wsrod-nauczycieli-tych-brakuje-najbardziej\\\/#primaryimage\"},\"thumbnailUrl\":\"https:\\\/\\\/pans.krosno.pl\\\/pedagogika-przedszkolna-i-wczesnoszkolna\\\/wp-content\\\/uploads\\\/sites\\\/68\\\/2026\\\/08\\\/IMG-20260827-WA0012.jpg\",\"articleSection\":[\"Uncategorised\"],\"inLanguage\":\"pl-PL\",\"potentialAction\":[{\"@type\":\"CommentAction\",\"name\":\"Comment\",\"target\":[\"https:\\\/\\\/pans.krosno.pl\\\/pedagogika-przedszkolna-i-wczesnoszkolna\\\/2026\\\/08\\\/30\\\/wsrod-nauczycieli-tych-brakuje-najbardziej\\\/#respond\"]}]},{\"@type\":\"WebPage\",\"@id\":\"https:\\\/\\\/pans.krosno.pl\\\/pedagogika-przedszkolna-i-wczesnoszkolna\\\/2026\\\/08\\\/30\\\/wsrod-nauczycieli-tych-brakuje-najbardziej\\\/\",\"url\":\"https:\\\/\\\/pans.krosno.pl\\\/pedagogika-przedszkolna-i-wczesnoszkolna\\\/2026\\\/08\\\/30\\\/wsrod-nauczycieli-tych-brakuje-najbardziej\\\/\",\"name\":\"W\u015br\u00f3d nauczycieli - tych brakuje najbardziej - Pedagogika przedszkolna i wczesnoszkolna - PANS w Kro\u015bnie\",\"isPartOf\":{\"@id\":\"https:\\\/\\\/pans.krosno.pl\\\/pedagogika-przedszkolna-i-wczesnoszkolna\\\/#website\"},\"primaryImageOfPage\":{\"@id\":\"https:\\\/\\\/pans.krosno.pl\\\/pedagogika-przedszkolna-i-wczesnoszkolna\\\/2026\\\/08\\\/30\\\/wsrod-nauczycieli-tych-brakuje-najbardziej\\\/#primaryimage\"},\"image\":{\"@id\":\"https:\\\/\\\/pans.krosno.pl\\\/pedagogika-przedszkolna-i-wczesnoszkolna\\\/2026\\\/08\\\/30\\\/wsrod-nauczycieli-tych-brakuje-najbardziej\\\/#primaryimage\"},\"thumbnailUrl\":\"https:\\\/\\\/pans.krosno.pl\\\/pedagogika-przedszkolna-i-wczesnoszkolna\\\/wp-content\\\/uploads\\\/sites\\\/68\\\/2026\\\/08\\\/IMG-20260827-WA0012.jpg\",\"datePublished\":\"2026-08-30T11:31:15+00:00\",\"dateModified\":\"2026-08-30T11:31:17+00:00\",\"breadcrumb\":{\"@id\":\"https:\\\/\\\/pans.krosno.pl\\\/pedagogika-przedszkolna-i-wczesnoszkolna\\\/2026\\\/08\\\/30\\\/wsrod-nauczycieli-tych-brakuje-najbardziej\\\/#breadcrumb\"},\"inLanguage\":\"pl-PL\",\"potentialAction\":[{\"@type\":\"ReadAction\",\"target\":[\"https:\\\/\\\/pans.krosno.pl\\\/pedagogika-przedszkolna-i-wczesnoszkolna\\\/2026\\\/08\\\/30\\\/wsrod-nauczycieli-tych-brakuje-najbardziej\\\/\"]}]},{\"@type\":\"ImageObject\",\"inLanguage\":\"pl-PL\",\"@id\":\"https:\\\/\\\/pans.krosno.pl\\\/pedagogika-przedszkolna-i-wczesnoszkolna\\\/2026\\\/08\\\/30\\\/wsrod-nauczycieli-tych-brakuje-najbardziej\\\/#primaryimage\",\"url\":\"https:\\\/\\\/pans.krosno.pl\\\/pedagogika-przedszkolna-i-wczesnoszkolna\\\/wp-content\\\/uploads\\\/sites\\\/68\\\/2026\\\/08\\\/IMG-20260827-WA0012.jpg\",\"contentUrl\":\"https:\\\/\\\/pans.krosno.pl\\\/pedagogika-przedszkolna-i-wczesnoszkolna\\\/wp-content\\\/uploads\\\/sites\\\/68\\\/2026\\\/08\\\/IMG-20260827-WA0012.jpg\",\"width\":1530,\"height\":2040},{\"@type\":\"BreadcrumbList\",\"@id\":\"https:\\\/\\\/pans.krosno.pl\\\/pedagogika-przedszkolna-i-wczesnoszkolna\\\/2026\\\/08\\\/30\\\/wsrod-nauczycieli-tych-brakuje-najbardziej\\\/#breadcrumb\",\"itemListElement\":[{\"@type\":\"ListItem\",\"position\":1,\"name\":\"Strona g\u0142\u00f3wna\",\"item\":\"https:\\\/\\\/pans.krosno.pl\\\/pedagogika-przedszkolna-i-wczesnoszkolna\\\/\"},{\"@type\":\"ListItem\",\"position\":2,\"name\":\"Uncategorised\",\"item\":\"https:\\\/\\\/pans.krosno.pl\\\/pedagogika-przedszkolna-i-wczesnoszkolna\\\/category\\\/uncategorised\\\/\"},{\"@type\":\"ListItem\",\"position\":3,\"name\":\"W\u015br\u00f3d nauczycieli &#8211; tych brakuje najbardziej\"}]},{\"@type\":\"WebSite\",\"@id\":\"https:\\\/\\\/pans.krosno.pl\\\/pedagogika-przedszkolna-i-wczesnoszkolna\\\/#website\",\"url\":\"https:\\\/\\\/pans.krosno.pl\\\/pedagogika-przedszkolna-i-wczesnoszkolna\\\/\",\"name\":\"PANS w Kro\u015bnie\",\"description\":\"Pa\u0144stwowa Akademia Nauk Stosowanych w Kro\u015bnie\",\"publisher\":{\"@id\":\"https:\\\/\\\/pans.krosno.pl\\\/pedagogika-przedszkolna-i-wczesnoszkolna\\\/#organization\"},\"alternateName\":\"PANS Krosno\",\"potentialAction\":[{\"@type\":\"SearchAction\",\"target\":{\"@type\":\"EntryPoint\",\"urlTemplate\":\"https:\\\/\\\/pans.krosno.pl\\\/pedagogika-przedszkolna-i-wczesnoszkolna\\\/?s={search_term_string}\"},\"query-input\":{\"@type\":\"PropertyValueSpecification\",\"valueRequired\":true,\"valueName\":\"search_term_string\"}}],\"inLanguage\":\"pl-PL\"},{\"@type\":\"Organization\",\"@id\":\"https:\\\/\\\/pans.krosno.pl\\\/pedagogika-przedszkolna-i-wczesnoszkolna\\\/#organization\",\"name\":\"Pa\u0144stwowa Akademia Nauk Stosowanych w Kro\u015bnie\",\"alternateName\":\"PANS Krosno\",\"url\":\"https:\\\/\\\/pans.krosno.pl\\\/pedagogika-przedszkolna-i-wczesnoszkolna\\\/\",\"logo\":{\"@type\":\"ImageObject\",\"inLanguage\":\"pl-PL\",\"@id\":\"https:\\\/\\\/pans.krosno.pl\\\/pedagogika-przedszkolna-i-wczesnoszkolna\\\/#\\\/schema\\\/logo\\\/image\\\/\",\"url\":\"https:\\\/\\\/pans.krosno.pl\\\/wp-content\\\/uploads\\\/2023\\\/01\\\/Logo-PANS-2022-pelne-2-scaled.jpg\",\"contentUrl\":\"https:\\\/\\\/pans.krosno.pl\\\/wp-content\\\/uploads\\\/2023\\\/01\\\/Logo-PANS-2022-pelne-2-scaled.jpg\",\"width\":2560,\"height\":576,\"caption\":\"Pa\u0144stwowa Akademia Nauk Stosowanych w Kro\u015bnie\"},\"image\":{\"@id\":\"https:\\\/\\\/pans.krosno.pl\\\/pedagogika-przedszkolna-i-wczesnoszkolna\\\/#\\\/schema\\\/logo\\\/image\\\/\"},\"sameAs\":[\"https:\\\/\\\/www.facebook.com\\\/StudiaKrosno\\\/\",\"https:\\\/\\\/www.instagram.com\\\/pans.krosno\\\/\",\"https:\\\/\\\/pl.linkedin.com\\\/company\\\/pwsz-krosno\",\"https:\\\/\\\/www.youtube.com\\\/user\\\/pwszkrosno\\\/\",\"https:\\\/\\\/pl.wikipedia.org\\\/wiki\\\/Pa\u0144stwowa_Wy\u017csza_Szko\u0142a_Zawodowa_im._Stanis\u0142awa_Pigonia_w_Kro\u015bnie\"]},{\"@type\":\"Person\",\"@id\":\"https:\\\/\\\/pans.krosno.pl\\\/pedagogika-przedszkolna-i-wczesnoszkolna\\\/#\\\/schema\\\/person\\\/02afd779919c5d05dc90bea63b9cc9f8\",\"name\":\"adamprzybysz\",\"image\":{\"@type\":\"ImageObject\",\"inLanguage\":\"pl-PL\",\"@id\":\"https:\\\/\\\/secure.gravatar.com\\\/avatar\\\/6bf2c126db6403561f7b72bc719866a3321bb706228c8ed702b579a60f7f33b5?s=96&d=mm&r=g\",\"url\":\"https:\\\/\\\/secure.gravatar.com\\\/avatar\\\/6bf2c126db6403561f7b72bc719866a3321bb706228c8ed702b579a60f7f33b5?s=96&d=mm&r=g\",\"contentUrl\":\"https:\\\/\\\/secure.gravatar.com\\\/avatar\\\/6bf2c126db6403561f7b72bc719866a3321bb706228c8ed702b579a60f7f33b5?s=96&d=mm&r=g\",\"caption\":\"adamprzybysz\"},\"url\":\"https:\\\/\\\/pans.krosno.pl\\\/pedagogika-przedszkolna-i-wczesnoszkolna\\\/author\\\/adamprzybysz\\\/\"}]}<\/script>\n<!-- \/ Yoast SEO Premium plugin. -->","yoast_head_json":{"title":"W\u015br\u00f3d nauczycieli - tych brakuje najbardziej - Pedagogika przedszkolna i wczesnoszkolna - PANS w Kro\u015bnie","robots":{"index":"index","follow":"follow","max-snippet":"max-snippet:-1","max-image-preview":"max-image-preview:large","max-video-preview":"max-video-preview:-1"},"canonical":"https:\/\/pans.krosno.pl\/pedagogika-przedszkolna-i-wczesnoszkolna\/2026\/08\/30\/wsrod-nauczycieli-tych-brakuje-najbardziej\/","og_locale":"pl_PL","og_type":"article","og_title":"W\u015br\u00f3d nauczycieli - tych brakuje najbardziej","og_description":"W\u015br\u00f3d nauczycieli &#8211; tych brakuje najbardziej, szczeg\u00f3\u0142y w poni\u017cszym linku https:\/\/strefaedukacji.pl\/nie-anglisci-nie-polonisci-to-tych-nauczycieli-brakuje-dzis-najbardziej\/ar\/c5p2-27908627","og_url":"https:\/\/pans.krosno.pl\/pedagogika-przedszkolna-i-wczesnoszkolna\/2026\/08\/30\/wsrod-nauczycieli-tych-brakuje-najbardziej\/","og_site_name":"Pedagogika przedszkolna i wczesnoszkolna - PANS w Kro\u015bnie","article_publisher":"https:\/\/www.facebook.com\/StudiaKrosno\/","article_published_time":"2026-08-30T11:31:15+00:00","article_modified_time":"2026-08-30T11:31:17+00:00","og_image":[{"width":1530,"height":2040,"url":"https:\/\/pans.krosno.pl\/pedagogika-przedszkolna-i-wczesnoszkolna\/wp-content\/uploads\/sites\/68\/2026\/08\/IMG-20260827-WA0012.jpg","type":"image\/jpeg"}],"author":"adamprzybysz","twitter_card":"summary_large_image","twitter_misc":{"Napisane przez":"adamprzybysz","Szacowany czas czytania":"1 minuta"},"schema":{"@context":"https:\/\/schema.org","@graph":[{"@type":"Article","@id":"https:\/\/pans.krosno.pl\/pedagogika-przedszkolna-i-wczesnoszkolna\/2026\/08\/30\/wsrod-nauczycieli-tych-brakuje-najbardziej\/#article","isPartOf":{"@id":"https:\/\/pans.krosno.pl\/pedagogika-przedszkolna-i-wczesnoszkolna\/2026\/08\/30\/wsrod-nauczycieli-tych-brakuje-najbardziej\/"},"author":{"name":"adamprzybysz","@id":"https:\/\/pans.krosno.pl\/pedagogika-przedszkolna-i-wczesnoszkolna\/#\/schema\/person\/02afd779919c5d05dc90bea63b9cc9f8"},"headline":"W\u015br\u00f3d nauczycieli &#8211; tych brakuje najbardziej","datePublished":"2026-08-30T11:31:15+00:00","dateModified":"2026-08-30T11:31:17+00:00","mainEntityOfPage":{"@id":"https:\/\/pans.krosno.pl\/pedagogika-przedszkolna-i-wczesnoszkolna\/2026\/08\/30\/wsrod-nauczycieli-tych-brakuje-najbardziej\/"},"wordCount":30,"commentCount":0,"publisher":{"@id":"https:\/\/pans.krosno.pl\/pedagogika-przedszkolna-i-wczesnoszkolna\/#organization"},"image":{"@id":"https:\/\/pans.krosno.pl\/pedagogika-przedszkolna-i-wczesnoszkolna\/2026\/08\/30\/wsrod-nauczycieli-tych-brakuje-najbardziej\/#primaryimage"},"thumbnailUrl":"https:\/\/pans.krosno.pl\/pedagogika-przedszkolna-i-wczesnoszkolna\/wp-content\/uploads\/sites\/68\/2026\/08\/IMG-20260827-WA0012.jpg","articleSection":["Uncategorised"],"inLanguage":"pl-PL","potentialAction":[{"@type":"CommentAction","name":"Comment","target":["https:\/\/pans.krosno.pl\/pedagogika-przedszkolna-i-wczesnoszkolna\/2026\/08\/30\/wsrod-nauczycieli-tych-brakuje-najbardziej\/#respond"]}]},{"@type":"WebPage","@id":"https:\/\/pans.krosno.pl\/pedagogika-przedszkolna-i-wczesnoszkolna\/2026\/08\/30\/wsrod-nauczycieli-tych-brakuje-najbardziej\/","url":"https:\/\/pans.krosno.pl\/pedagogika-przedszkolna-i-wczesnoszkolna\/2026\/08\/30\/wsrod-nauczycieli-tych-brakuje-najbardziej\/","name":"W\u015br\u00f3d nauczycieli - tych brakuje najbardziej - Pedagogika przedszkolna i wczesnoszkolna - PANS w Kro\u015bnie","isPartOf":{"@id":"https:\/\/pans.krosno.pl\/pedagogika-przedszkolna-i-wczesnoszkolna\/#website"},"primaryImageOfPage":{"@id":"https:\/\/pans.krosno.pl\/pedagogika-przedszkolna-i-wczesnoszkolna\/2026\/08\/30\/wsrod-nauczycieli-tych-brakuje-najbardziej\/#primaryimage"},"image":{"@id":"https:\/\/pans.krosno.pl\/pedagogika-przedszkolna-i-wczesnoszkolna\/2026\/08\/30\/wsrod-nauczycieli-tych-brakuje-najbardziej\/#primaryimage"},"thumbnailUrl":"https:\/\/pans.krosno.pl\/pedagogika-przedszkolna-i-wczesnoszkolna\/wp-content\/uploads\/sites\/68\/2026\/08\/IMG-20260827-WA0012.jpg","datePublished":"2026-08-30T11:31:15+00:00","dateModified":"2026-08-30T11:31:17+00:00","breadcrumb":{"@id":"https:\/\/pans.krosno.pl\/pedagogika-przedszkolna-i-wczesnoszkolna\/2026\/08\/30\/wsrod-nauczycieli-tych-brakuje-najbardziej\/#breadcrumb"},"inLanguage":"pl-PL","potentialAction":[{"@type":"ReadAction","target":["https:\/\/pans.krosno.pl\/pedagogika-przedszkolna-i-wczesnoszkolna\/2026\/08\/30\/wsrod-nauczycieli-tych-brakuje-najbardziej\/"]}]},{"@type":"ImageObject","inLanguage":"pl-PL","@id":"https:\/\/pans.krosno.pl\/pedagogika-przedszkolna-i-wczesnoszkolna\/2026\/08\/30\/wsrod-nauczycieli-tych-brakuje-najbardziej\/#primaryimage","url":"https:\/\/pans.krosno.pl\/pedagogika-przedszkolna-i-wczesnoszkolna\/wp-content\/uploads\/sites\/68\/2026\/08\/IMG-20260827-WA0012.jpg","contentUrl":"https:\/\/pans.krosno.pl\/pedagogika-przedszkolna-i-wczesnoszkolna\/wp-content\/uploads\/sites\/68\/2026\/08\/IMG-20260827-WA0012.jpg","width":1530,"height":2040},{"@type":"BreadcrumbList","@id":"https:\/\/pans.krosno.pl\/pedagogika-przedszkolna-i-wczesnoszkolna\/2026\/08\/30\/wsrod-nauczycieli-tych-brakuje-najbardziej\/#breadcrumb","itemListElement":[{"@type":"ListItem","position":1,"name":"Strona g\u0142\u00f3wna","item":"https:\/\/pans.krosno.pl\/pedagogika-przedszkolna-i-wczesnoszkolna\/"},{"@type":"ListItem","position":2,"name":"Uncategorised","item":"https:\/\/pans.krosno.pl\/pedagogika-przedszkolna-i-wczesnoszkolna\/category\/uncategorised\/"},{"@type":"ListItem","position":3,"name":"W\u015br\u00f3d nauczycieli &#8211; tych brakuje najbardziej"}]},{"@type":"WebSite","@id":"https:\/\/pans.krosno.pl\/pedagogika-przedszkolna-i-wczesnoszkolna\/#website","url":"https:\/\/pans.krosno.pl\/pedagogika-przedszkolna-i-wczesnoszkolna\/","name":"PANS w Kro\u015bnie","description":"Pa\u0144stwowa Akademia Nauk Stosowanych w Kro\u015bnie","publisher":{"@id":"https:\/\/pans.krosno.pl\/pedagogika-przedszkolna-i-wczesnoszkolna\/#organization"},"alternateName":"PANS Krosno","potentialAction":[{"@type":"SearchAction","target":{"@type":"EntryPoint","urlTemplate":"https:\/\/pans.krosno.pl\/pedagogika-przedszkolna-i-wczesnoszkolna\/?s={search_term_string}"},"query-input":{"@type":"PropertyValueSpecification","valueRequired":true,"valueName":"search_term_string"}}],"inLanguage":"pl-PL"},{"@type":"Organization","@id":"https:\/\/pans.krosno.pl\/pedagogika-przedszkolna-i-wczesnoszkolna\/#organization","name":"Pa\u0144stwowa Akademia Nauk Stosowanych w Kro\u015bnie","alternateName":"PANS Krosno","url":"https:\/\/pans.krosno.pl\/pedagogika-przedszkolna-i-wczesnoszkolna\/","logo":{"@type":"ImageObject","inLanguage":"pl-PL","@id":"https:\/\/pans.krosno.pl\/pedagogika-przedszkolna-i-wczesnoszkolna\/#\/schema\/logo\/image\/","url":"https:\/\/pans.krosno.pl\/wp-content\/uploads\/2023\/01\/Logo-PANS-2022-pelne-2-scaled.jpg","contentUrl":"https:\/\/pans.krosno.pl\/wp-content\/uploads\/2023\/01\/Logo-PANS-2022-pelne-2-scaled.jpg","width":2560,"height":576,"caption":"Pa\u0144stwowa Akademia Nauk Stosowanych w Kro\u015bnie"},"image":{"@id":"https:\/\/pans.krosno.pl\/pedagogika-przedszkolna-i-wczesnoszkolna\/#\/schema\/logo\/image\/"},"sameAs":["https:\/\/www.facebook.com\/StudiaKrosno\/","https:\/\/www.instagram.com\/pans.krosno\/","https:\/\/pl.linkedin.com\/company\/pwsz-krosno","https:\/\/www.youtube.com\/user\/pwszkrosno\/","https:\/\/pl.wikipedia.org\/wiki\/Pa\u0144stwowa_Wy\u017csza_Szko\u0142a_Zawodowa_im._Stanis\u0142awa_Pigonia_w_Kro\u015bnie"]},{"@type":"Person","@id":"https:\/\/pans.krosno.pl\/pedagogika-przedszkolna-i-wczesnoszkolna\/#\/schema\/person\/02afd779919c5d05dc90bea63b9cc9f8","name":"adamprzybysz","image":{"@type":"ImageObject","inLanguage":"pl-PL","@id":"https:\/\/secure.gravatar.com\/avatar\/6bf2c126db6403561f7b72bc719866a3321bb706228c8ed702b579a60f7f33b5?s=96&d=mm&r=g","url":"https:\/\/secure.gravatar.com\/avatar\/6bf2c126db6403561f7b72bc719866a3321bb706228c8ed702b579a60f7f33b5?s=96&d=mm&r=g","contentUrl":"https:\/\/secure.gravatar.com\/avatar\/6bf2c126db6403561f7b72bc719866a3321bb706228c8ed702b579a60f7f33b5?s=96&d=mm&r=g","caption":"adamprzybysz"},"url":"https:\/\/pans.krosno.pl\/pedagogika-przedszkolna-i-wczesnoszkolna\/author\/adamprzybysz\/"}]}},"_links":{"self":[{"href":"https:\/\/pans.krosno.pl\/pedagogika-przedszkolna-i-wczesnoszkolna\/wp-json\/wp\/v2\/posts\/488","targetHints":{"allow":["GET"]}}],"collection":[{"href":"https:\/\/pans.krosno.pl\/pedagogika-przedszkolna-i-wczesnoszkolna\/wp-json\/wp\/v2\/posts"}],"about":[{"href":"https:\/\/pans.krosno.pl\/pedagogika-przedszkolna-i-wczesnoszkolna\/wp-json\/wp\/v2\/types\/post"}],"author":[{"embeddable":true,"href":"https:\/\/pans.krosno.pl\/pedagogika-przedszkolna-i-wczesnoszkolna\/wp-json\/wp\/v2\/users\/43"}],"replies":[{"embeddable":true,"href":"https:\/\/pans.krosno.pl\/pedagogika-przedszkolna-i-wczesnoszkolna\/wp-json\/wp\/v2\/comments?post=488"}],"version-history":[{"count":1,"href":"https:\/\/pans.krosno.pl\/pedagogika-przedszkolna-i-wczesnoszkolna\/wp-json\/wp\/v2\/posts\/488\/revisions"}],"predecessor-version":[{"id":489,"href":"https:\/\/pans.krosno.pl\/pedagogika-przedszkolna-i-wczesnoszkolna\/wp-json\/wp\/v2\/posts\/488\/revisions\/489"}],"wp:featuredmedia":[{"embeddable":true,"href":"https:\/\/pans.krosno.pl\/pedagogika-przedszkolna-i-wczesnoszkolna\/wp-json\/wp\/v2\/media\/467"}],"wp:attachment":[{"href":"https:\/\/pans.krosno.pl\/pedagogika-przedszkolna-i-wczesnoszkolna\/wp-json\/wp\/v2\/media?parent=488"}],"wp:term":[{"taxonomy":"category","embeddable":true,"href":"https:\/\/pans.krosno.pl\/pedagogika-przedszkolna-i-wczesnoszkolna\/wp-json\/wp\/v2\/categories?post=488"},{"taxonomy":"post_tag","embeddable":true,"href":"https:\/\/pans.krosno.pl\/pedagogika-przedszkolna-i-wczesnoszkolna\/wp-json\/wp\/v2\/tags?post=488"}],"curies":[{"name":"wp","href":"https:\/\/api.w.org\/{rel}","templated":true}]}}