{"id":485,"date":"2026-08-30T12:16:43","date_gmt":"2026-08-30T11:16:43","guid":{"rendered":"https:\/\/pans.krosno.pl\/pedagogika-przedszkolna-i-wczesnoszkolna\/?p=485"},"modified":"2026-08-30T12:16:44","modified_gmt":"2026-08-30T11:16:44","slug":"w-ramach-karpackich-klimatow","status":"publish","type":"post","link":"https:\/\/pans.krosno.pl\/pedagogika-przedszkolna-i-wczesnoszkolna\/2026\/08\/30\/w-ramach-karpackich-klimatow\/","title":{"rendered":"\u00a0\u00a0\u00a0\u00a0\u00a0\u00a0\u00a0\u00a0\u00a0\u00a0W ramach Karpackich Klimat\u00f3w"},"content":{"rendered":"\n<p class=\"wp-block-paragraph\"><strong>&nbsp;&nbsp;&nbsp;&nbsp;&nbsp;&nbsp;&nbsp;&nbsp;&nbsp;&nbsp;&nbsp;&nbsp;&nbsp;&nbsp;&nbsp;&nbsp;&nbsp;&nbsp;&nbsp;&nbsp; Zak\u0142adka do ksi\u0105\u017cki \u2013 ma\u0142y przedmiot, niezwyk\u0142a historia<\/strong><\/p>\n\n\n\n<p class=\"wp-block-paragraph\">W ramach <strong>Akademickich Klimat\u00f3w 2026<\/strong> <strong>studentki kierunku Pedagogika PANS w Kro\u015bnie, pod kierunkiem dr Iryny Durkalevych<\/strong> przeprowadzi\u0142y kreatywne warsztaty tworzenia <strong>zak\u0142adek do ksi\u0105\u017cek<\/strong> oraz przygotowa\u0142y wyj\u0105tkow\u0105 <strong>foto-\u015bciank\u0119.<\/strong><\/p>\n\n\n\n<p class=\"wp-block-paragraph\">Warsztaty by\u0142y r\u00f3wnie\u017c <strong>promocj\u0105 kierunku Pedagogika w PANS w Kro\u015bnie<\/strong> poprzez pokazanie, jak w praktyce mo\u017cna \u0142\u0105czy\u0107 wiedz\u0119 psychologiczn\u0105 i pedagogiczn\u0105 oraz\u00a0 kreatywno\u015b\u0107 w pracy z dzieckiem. W warsztatach uczestniczyli <strong>zar\u00f3wno doro\u015bli, jak i dzieci \u2013 ka\u017cdy, kto lubi czyta\u0107 i tw\u00f3rczo sp\u0119dza\u0107 czas<\/strong>. Tworzenie w\u0142asnej zak\u0142adki sta\u0142o si\u0119 punktem wyj\u015bcia do rozmowy z dzie\u0107mi o ksi\u0105\u017ckach i czytaniu. Uczestnicy rozmawiali o tym, czy czytaj\u0105, jakie ksi\u0105\u017cki lubi\u0105, <strong>jak\u0105 ksi\u0105\u017ck\u0119 ostatnio przeczytali<\/strong> oraz jakie historie szczeg\u00f3lnie zapad\u0142y im w pami\u0119\u0107. Dla dzieci udzia\u0142 w warsztatach by\u0142 do\u015bwiadczeniem tw\u00f3rczym. Samodzielne wykonanie zak\u0142adki pozwala\u0142o im do\u015bwiadczy\u0107, \u017ce <strong>potrafi\u0105 stworzy\u0107 co\u015b w\u0142asnego i wyj\u0105tkowego<\/strong>. Aktywno\u015b\u0107 rozwija\u0142a <strong>wyobra\u017ani\u0119 i kreatywno\u015b\u0107<\/strong>, wzmacnia\u0142a <strong>poczucie w\u0142asnej warto\u015bci<\/strong>, budowa\u0142a <strong>poczucie skuteczno\u015bci<\/strong> oraz rozwija\u0142a kompetencje komunikacyjne. Udzia\u0142 doros\u0142ych w warsztatach pokaza\u0142, \u017ce <strong>tw\u00f3rczo\u015b\u0107 i zabawa nie s\u0105 zarezerwowane wy\u0142\u0105cznie dla dzieci<\/strong>. By\u0142 to czas zatrzymania si\u0119 i nawi\u0105zania rozmowy z uczestniczkami warsztat\u00f3w i <strong>refleksji.<\/strong> Studentki kierunku <strong>Pedagogika<\/strong> mia\u0142y mo\u017cliwo\u015b\u0107 zdobycia praktycznego do\u015bwiadczenia w pracy z dzie\u0107mi i doros\u0142ymi. Uczy\u0142y si\u0119 wykorzystywania <strong>tw\u00f3rczych metod pracy z dzieckiem<\/strong> w celu rozwijania jego kreatywno\u015bci. Mia\u0142y r\u00f3wnie\u017c mo\u017cliwo\u015b\u0107 obserwowania potrzeb dziecka, jego sposobu komunikowania si\u0119 oraz reagowania w sytuacji zadaniowej. Warsztaty sprzyja\u0142y doskonaleniu umiej\u0119tno\u015bci studentek w zakresie <strong>nawi\u0105zywania kontaktu i interakcji z dzieckiem oraz z jego rodzicem<\/strong>, prowadzenia rozmowy w spos\u00f3b dostosowany do wieku dziecka, wspierania go w samodzielnym dzia\u0142aniu oraz budowania relacji opartej na akceptacji, uwa\u017cno\u015bci i zach\u0119caniu do tw\u00f3rczo\u015bci. <strong>Zak\u0142adka do ksi\u0105\u017cki sta\u0142a si\u0119 wi\u0119c czym\u015b wi\u0119cej ni\u017c tylko r\u0119kodzie\u0142em \u2013 niezwyk\u0142\u0105 histori\u0105.<\/strong> Dzi\u0119kujemy wszystkim dzieciom i rodzicom za udzia\u0142, a naszym studentkom za zaanga\u017cowanie, kreatywno\u015b\u0107 i gotowo\u015b\u0107 do zdobywania do\u015bwiadczenia w praktycznej pracy pedagogicznej.  Dr Iryna Durkalevych<\/p>\n\n\n\n<figure class=\"wp-block-image size-full\"><img loading=\"lazy\" decoding=\"async\" width=\"800\" height=\"800\" src=\"https:\/\/pans.krosno.pl\/pedagogika-przedszkolna-i-wczesnoszkolna\/wp-content\/uploads\/sites\/68\/2026\/08\/collage_I.Durkalevych.png\" alt=\"\" class=\"wp-image-486\" srcset=\"https:\/\/pans.krosno.pl\/pedagogika-przedszkolna-i-wczesnoszkolna\/wp-content\/uploads\/sites\/68\/2026\/08\/collage_I.Durkalevych.png 800w, https:\/\/pans.krosno.pl\/pedagogika-przedszkolna-i-wczesnoszkolna\/wp-content\/uploads\/sites\/68\/2026\/08\/collage_I.Durkalevych-150x150.png 150w, https:\/\/pans.krosno.pl\/pedagogika-przedszkolna-i-wczesnoszkolna\/wp-content\/uploads\/sites\/68\/2026\/08\/collage_I.Durkalevych-300x300.png 300w, https:\/\/pans.krosno.pl\/pedagogika-przedszkolna-i-wczesnoszkolna\/wp-content\/uploads\/sites\/68\/2026\/08\/collage_I.Durkalevych-768x768.png 768w, https:\/\/pans.krosno.pl\/pedagogika-przedszkolna-i-wczesnoszkolna\/wp-content\/uploads\/sites\/68\/2026\/08\/collage_I.Durkalevych-580x580.png 580w\" sizes=\"auto, (max-width: 800px) 100vw, 800px\" \/><\/figure>\n","protected":false},"excerpt":{"rendered":"<p>&nbsp;&nbsp;&nbsp;&nbsp;&nbsp;&nbsp;&nbsp;&nbsp;&nbsp;&nbsp;&nbsp;&nbsp;&nbsp;&nbsp;&nbsp;&nbsp;&nbsp;&nbsp;&nbsp;&nbsp; Zak\u0142adka do ksi\u0105\u017cki \u2013 ma\u0142y przedmiot, niezwyk\u0142a historia W ramach Akademickich Klimat\u00f3w 2026 studentki kierunku Pedagogika PANS w Kro\u015bnie, pod kierunkiem dr Iryny Durkalevych przeprowadzi\u0142y kreatywne warsztaty tworzenia zak\u0142adek do ksi\u0105\u017cek oraz przygotowa\u0142y wyj\u0105tkow\u0105 foto-\u015bciank\u0119. Warsztaty by\u0142y r\u00f3wnie\u017c promocj\u0105 kierunku Pedagogika w PANS w Kro\u015bnie poprzez pokazanie, jak w [\u2026] <\/p>\n<div class=\"clear\"><\/div>\n<p><a class=\"more_link clearfix\" href=\"https:\/\/pans.krosno.pl\/pedagogika-przedszkolna-i-wczesnoszkolna\/2026\/08\/30\/w-ramach-karpackich-klimatow\/\" rel=\"nofollow\">Read More<\/a><\/p>\n","protected":false},"author":43,"featured_media":486,"comment_status":"open","ping_status":"open","sticky":false,"template":"","format":"standard","meta":{"ngg_post_thumbnail":0,"footnotes":""},"categories":[1],"tags":[],"class_list":["post-485","post","type-post","status-publish","format-standard","has-post-thumbnail","hentry","category-uncategorised"],"yoast_head":"<!-- This site is optimized with the Yoast SEO Premium plugin v28.3 (Yoast SEO v28.3) - https:\/\/yoast.com\/product\/yoast-seo-premium-wordpress\/ -->\n<title>\u00a0\u00a0\u00a0\u00a0\u00a0\u00a0\u00a0\u00a0\u00a0\u00a0W ramach Karpackich Klimat\u00f3w - Pedagogika przedszkolna i wczesnoszkolna - PANS w Kro\u015bnie<\/title>\n<meta name=\"robots\" content=\"index, follow, max-snippet:-1, max-image-preview:large, max-video-preview:-1\" \/>\n<link rel=\"canonical\" href=\"https:\/\/pans.krosno.pl\/pedagogika-przedszkolna-i-wczesnoszkolna\/2026\/08\/30\/w-ramach-karpackich-klimatow\/\" \/>\n<meta property=\"og:locale\" content=\"pl_PL\" \/>\n<meta property=\"og:type\" content=\"article\" \/>\n<meta property=\"og:title\" content=\"\u00a0\u00a0\u00a0\u00a0\u00a0\u00a0\u00a0\u00a0\u00a0\u00a0W ramach Karpackich Klimat\u00f3w\" \/>\n<meta property=\"og:description\" content=\"&nbsp;&nbsp;&nbsp;&nbsp;&nbsp;&nbsp;&nbsp;&nbsp;&nbsp;&nbsp;&nbsp;&nbsp;&nbsp;&nbsp;&nbsp;&nbsp;&nbsp;&nbsp;&nbsp;&nbsp; Zak\u0142adka do ksi\u0105\u017cki \u2013 ma\u0142y przedmiot, niezwyk\u0142a historia W ramach Akademickich Klimat\u00f3w 2026 studentki kierunku Pedagogika PANS w Kro\u015bnie, pod kierunkiem dr Iryny Durkalevych przeprowadzi\u0142y kreatywne warsztaty tworzenia zak\u0142adek do ksi\u0105\u017cek oraz przygotowa\u0142y wyj\u0105tkow\u0105 foto-\u015bciank\u0119. Warsztaty by\u0142y r\u00f3wnie\u017c promocj\u0105 kierunku Pedagogika w PANS w Kro\u015bnie poprzez pokazanie, jak w [\u2026] Read More\" \/>\n<meta property=\"og:url\" content=\"https:\/\/pans.krosno.pl\/pedagogika-przedszkolna-i-wczesnoszkolna\/2026\/08\/30\/w-ramach-karpackich-klimatow\/\" \/>\n<meta property=\"og:site_name\" content=\"Pedagogika przedszkolna i wczesnoszkolna - PANS w Kro\u015bnie\" \/>\n<meta property=\"article:publisher\" content=\"https:\/\/www.facebook.com\/StudiaKrosno\/\" \/>\n<meta property=\"article:published_time\" content=\"2026-08-30T11:16:43+00:00\" \/>\n<meta property=\"article:modified_time\" content=\"2026-08-30T11:16:44+00:00\" \/>\n<meta property=\"og:image\" content=\"https:\/\/pans.krosno.pl\/pedagogika-przedszkolna-i-wczesnoszkolna\/wp-content\/uploads\/sites\/68\/2026\/08\/collage_I.Durkalevych.png\" \/>\n\t<meta property=\"og:image:width\" content=\"800\" \/>\n\t<meta property=\"og:image:height\" content=\"800\" \/>\n\t<meta property=\"og:image:type\" content=\"image\/png\" \/>\n<meta name=\"author\" content=\"adamprzybysz\" \/>\n<meta name=\"twitter:card\" content=\"summary_large_image\" \/>\n<meta name=\"twitter:label1\" content=\"Napisane przez\" \/>\n\t<meta name=\"twitter:data1\" content=\"adamprzybysz\" \/>\n\t<meta name=\"twitter:label2\" content=\"Szacowany czas czytania\" \/>\n\t<meta name=\"twitter:data2\" content=\"3 minuty\" \/>\n<script type=\"application\/ld+json\" class=\"yoast-schema-graph\">{\"@context\":\"https:\\\/\\\/schema.org\",\"@graph\":[{\"@type\":\"Article\",\"@id\":\"https:\\\/\\\/pans.krosno.pl\\\/pedagogika-przedszkolna-i-wczesnoszkolna\\\/2026\\\/08\\\/30\\\/w-ramach-karpackich-klimatow\\\/#article\",\"isPartOf\":{\"@id\":\"https:\\\/\\\/pans.krosno.pl\\\/pedagogika-przedszkolna-i-wczesnoszkolna\\\/2026\\\/08\\\/30\\\/w-ramach-karpackich-klimatow\\\/\"},\"author\":{\"name\":\"adamprzybysz\",\"@id\":\"https:\\\/\\\/pans.krosno.pl\\\/pedagogika-przedszkolna-i-wczesnoszkolna\\\/#\\\/schema\\\/person\\\/02afd779919c5d05dc90bea63b9cc9f8\"},\"headline\":\"\u00a0\u00a0\u00a0\u00a0\u00a0\u00a0\u00a0\u00a0\u00a0\u00a0W ramach Karpackich Klimat\u00f3w\",\"datePublished\":\"2026-08-30T11:16:43+00:00\",\"dateModified\":\"2026-08-30T11:16:44+00:00\",\"mainEntityOfPage\":{\"@id\":\"https:\\\/\\\/pans.krosno.pl\\\/pedagogika-przedszkolna-i-wczesnoszkolna\\\/2026\\\/08\\\/30\\\/w-ramach-karpackich-klimatow\\\/\"},\"wordCount\":406,\"commentCount\":0,\"publisher\":{\"@id\":\"https:\\\/\\\/pans.krosno.pl\\\/pedagogika-przedszkolna-i-wczesnoszkolna\\\/#organization\"},\"image\":{\"@id\":\"https:\\\/\\\/pans.krosno.pl\\\/pedagogika-przedszkolna-i-wczesnoszkolna\\\/2026\\\/08\\\/30\\\/w-ramach-karpackich-klimatow\\\/#primaryimage\"},\"thumbnailUrl\":\"https:\\\/\\\/pans.krosno.pl\\\/pedagogika-przedszkolna-i-wczesnoszkolna\\\/wp-content\\\/uploads\\\/sites\\\/68\\\/2026\\\/08\\\/collage_I.Durkalevych.png\",\"articleSection\":[\"Uncategorised\"],\"inLanguage\":\"pl-PL\",\"potentialAction\":[{\"@type\":\"CommentAction\",\"name\":\"Comment\",\"target\":[\"https:\\\/\\\/pans.krosno.pl\\\/pedagogika-przedszkolna-i-wczesnoszkolna\\\/2026\\\/08\\\/30\\\/w-ramach-karpackich-klimatow\\\/#respond\"]}]},{\"@type\":\"WebPage\",\"@id\":\"https:\\\/\\\/pans.krosno.pl\\\/pedagogika-przedszkolna-i-wczesnoszkolna\\\/2026\\\/08\\\/30\\\/w-ramach-karpackich-klimatow\\\/\",\"url\":\"https:\\\/\\\/pans.krosno.pl\\\/pedagogika-przedszkolna-i-wczesnoszkolna\\\/2026\\\/08\\\/30\\\/w-ramach-karpackich-klimatow\\\/\",\"name\":\"\u00a0\u00a0\u00a0\u00a0\u00a0\u00a0\u00a0\u00a0\u00a0\u00a0W ramach Karpackich Klimat\u00f3w - Pedagogika przedszkolna i wczesnoszkolna - PANS w Kro\u015bnie\",\"isPartOf\":{\"@id\":\"https:\\\/\\\/pans.krosno.pl\\\/pedagogika-przedszkolna-i-wczesnoszkolna\\\/#website\"},\"primaryImageOfPage\":{\"@id\":\"https:\\\/\\\/pans.krosno.pl\\\/pedagogika-przedszkolna-i-wczesnoszkolna\\\/2026\\\/08\\\/30\\\/w-ramach-karpackich-klimatow\\\/#primaryimage\"},\"image\":{\"@id\":\"https:\\\/\\\/pans.krosno.pl\\\/pedagogika-przedszkolna-i-wczesnoszkolna\\\/2026\\\/08\\\/30\\\/w-ramach-karpackich-klimatow\\\/#primaryimage\"},\"thumbnailUrl\":\"https:\\\/\\\/pans.krosno.pl\\\/pedagogika-przedszkolna-i-wczesnoszkolna\\\/wp-content\\\/uploads\\\/sites\\\/68\\\/2026\\\/08\\\/collage_I.Durkalevych.png\",\"datePublished\":\"2026-08-30T11:16:43+00:00\",\"dateModified\":\"2026-08-30T11:16:44+00:00\",\"breadcrumb\":{\"@id\":\"https:\\\/\\\/pans.krosno.pl\\\/pedagogika-przedszkolna-i-wczesnoszkolna\\\/2026\\\/08\\\/30\\\/w-ramach-karpackich-klimatow\\\/#breadcrumb\"},\"inLanguage\":\"pl-PL\",\"potentialAction\":[{\"@type\":\"ReadAction\",\"target\":[\"https:\\\/\\\/pans.krosno.pl\\\/pedagogika-przedszkolna-i-wczesnoszkolna\\\/2026\\\/08\\\/30\\\/w-ramach-karpackich-klimatow\\\/\"]}]},{\"@type\":\"ImageObject\",\"inLanguage\":\"pl-PL\",\"@id\":\"https:\\\/\\\/pans.krosno.pl\\\/pedagogika-przedszkolna-i-wczesnoszkolna\\\/2026\\\/08\\\/30\\\/w-ramach-karpackich-klimatow\\\/#primaryimage\",\"url\":\"https:\\\/\\\/pans.krosno.pl\\\/pedagogika-przedszkolna-i-wczesnoszkolna\\\/wp-content\\\/uploads\\\/sites\\\/68\\\/2026\\\/08\\\/collage_I.Durkalevych.png\",\"contentUrl\":\"https:\\\/\\\/pans.krosno.pl\\\/pedagogika-przedszkolna-i-wczesnoszkolna\\\/wp-content\\\/uploads\\\/sites\\\/68\\\/2026\\\/08\\\/collage_I.Durkalevych.png\",\"width\":800,\"height\":800},{\"@type\":\"BreadcrumbList\",\"@id\":\"https:\\\/\\\/pans.krosno.pl\\\/pedagogika-przedszkolna-i-wczesnoszkolna\\\/2026\\\/08\\\/30\\\/w-ramach-karpackich-klimatow\\\/#breadcrumb\",\"itemListElement\":[{\"@type\":\"ListItem\",\"position\":1,\"name\":\"Strona g\u0142\u00f3wna\",\"item\":\"https:\\\/\\\/pans.krosno.pl\\\/pedagogika-przedszkolna-i-wczesnoszkolna\\\/\"},{\"@type\":\"ListItem\",\"position\":2,\"name\":\"Uncategorised\",\"item\":\"https:\\\/\\\/pans.krosno.pl\\\/pedagogika-przedszkolna-i-wczesnoszkolna\\\/category\\\/uncategorised\\\/\"},{\"@type\":\"ListItem\",\"position\":3,\"name\":\"\u00a0\u00a0\u00a0\u00a0\u00a0\u00a0\u00a0\u00a0\u00a0\u00a0W ramach Karpackich Klimat\u00f3w\"}]},{\"@type\":\"WebSite\",\"@id\":\"https:\\\/\\\/pans.krosno.pl\\\/pedagogika-przedszkolna-i-wczesnoszkolna\\\/#website\",\"url\":\"https:\\\/\\\/pans.krosno.pl\\\/pedagogika-przedszkolna-i-wczesnoszkolna\\\/\",\"name\":\"PANS w Kro\u015bnie\",\"description\":\"Pa\u0144stwowa Akademia Nauk Stosowanych w Kro\u015bnie\",\"publisher\":{\"@id\":\"https:\\\/\\\/pans.krosno.pl\\\/pedagogika-przedszkolna-i-wczesnoszkolna\\\/#organization\"},\"alternateName\":\"PANS Krosno\",\"potentialAction\":[{\"@type\":\"SearchAction\",\"target\":{\"@type\":\"EntryPoint\",\"urlTemplate\":\"https:\\\/\\\/pans.krosno.pl\\\/pedagogika-przedszkolna-i-wczesnoszkolna\\\/?s={search_term_string}\"},\"query-input\":{\"@type\":\"PropertyValueSpecification\",\"valueRequired\":true,\"valueName\":\"search_term_string\"}}],\"inLanguage\":\"pl-PL\"},{\"@type\":\"Organization\",\"@id\":\"https:\\\/\\\/pans.krosno.pl\\\/pedagogika-przedszkolna-i-wczesnoszkolna\\\/#organization\",\"name\":\"Pa\u0144stwowa Akademia Nauk Stosowanych w Kro\u015bnie\",\"alternateName\":\"PANS Krosno\",\"url\":\"https:\\\/\\\/pans.krosno.pl\\\/pedagogika-przedszkolna-i-wczesnoszkolna\\\/\",\"logo\":{\"@type\":\"ImageObject\",\"inLanguage\":\"pl-PL\",\"@id\":\"https:\\\/\\\/pans.krosno.pl\\\/pedagogika-przedszkolna-i-wczesnoszkolna\\\/#\\\/schema\\\/logo\\\/image\\\/\",\"url\":\"https:\\\/\\\/pans.krosno.pl\\\/wp-content\\\/uploads\\\/2023\\\/01\\\/Logo-PANS-2022-pelne-2-scaled.jpg\",\"contentUrl\":\"https:\\\/\\\/pans.krosno.pl\\\/wp-content\\\/uploads\\\/2023\\\/01\\\/Logo-PANS-2022-pelne-2-scaled.jpg\",\"width\":2560,\"height\":576,\"caption\":\"Pa\u0144stwowa Akademia Nauk Stosowanych w Kro\u015bnie\"},\"image\":{\"@id\":\"https:\\\/\\\/pans.krosno.pl\\\/pedagogika-przedszkolna-i-wczesnoszkolna\\\/#\\\/schema\\\/logo\\\/image\\\/\"},\"sameAs\":[\"https:\\\/\\\/www.facebook.com\\\/StudiaKrosno\\\/\",\"https:\\\/\\\/www.instagram.com\\\/pans.krosno\\\/\",\"https:\\\/\\\/pl.linkedin.com\\\/company\\\/pwsz-krosno\",\"https:\\\/\\\/www.youtube.com\\\/user\\\/pwszkrosno\\\/\",\"https:\\\/\\\/pl.wikipedia.org\\\/wiki\\\/Pa\u0144stwowa_Wy\u017csza_Szko\u0142a_Zawodowa_im._Stanis\u0142awa_Pigonia_w_Kro\u015bnie\"]},{\"@type\":\"Person\",\"@id\":\"https:\\\/\\\/pans.krosno.pl\\\/pedagogika-przedszkolna-i-wczesnoszkolna\\\/#\\\/schema\\\/person\\\/02afd779919c5d05dc90bea63b9cc9f8\",\"name\":\"adamprzybysz\",\"image\":{\"@type\":\"ImageObject\",\"inLanguage\":\"pl-PL\",\"@id\":\"https:\\\/\\\/secure.gravatar.com\\\/avatar\\\/6bf2c126db6403561f7b72bc719866a3321bb706228c8ed702b579a60f7f33b5?s=96&d=mm&r=g\",\"url\":\"https:\\\/\\\/secure.gravatar.com\\\/avatar\\\/6bf2c126db6403561f7b72bc719866a3321bb706228c8ed702b579a60f7f33b5?s=96&d=mm&r=g\",\"contentUrl\":\"https:\\\/\\\/secure.gravatar.com\\\/avatar\\\/6bf2c126db6403561f7b72bc719866a3321bb706228c8ed702b579a60f7f33b5?s=96&d=mm&r=g\",\"caption\":\"adamprzybysz\"},\"url\":\"https:\\\/\\\/pans.krosno.pl\\\/pedagogika-przedszkolna-i-wczesnoszkolna\\\/author\\\/adamprzybysz\\\/\"}]}<\/script>\n<!-- \/ Yoast SEO Premium plugin. -->","yoast_head_json":{"title":"\u00a0\u00a0\u00a0\u00a0\u00a0\u00a0\u00a0\u00a0\u00a0\u00a0W ramach Karpackich Klimat\u00f3w - Pedagogika przedszkolna i wczesnoszkolna - PANS w Kro\u015bnie","robots":{"index":"index","follow":"follow","max-snippet":"max-snippet:-1","max-image-preview":"max-image-preview:large","max-video-preview":"max-video-preview:-1"},"canonical":"https:\/\/pans.krosno.pl\/pedagogika-przedszkolna-i-wczesnoszkolna\/2026\/08\/30\/w-ramach-karpackich-klimatow\/","og_locale":"pl_PL","og_type":"article","og_title":"\u00a0\u00a0\u00a0\u00a0\u00a0\u00a0\u00a0\u00a0\u00a0\u00a0W ramach Karpackich Klimat\u00f3w","og_description":"&nbsp;&nbsp;&nbsp;&nbsp;&nbsp;&nbsp;&nbsp;&nbsp;&nbsp;&nbsp;&nbsp;&nbsp;&nbsp;&nbsp;&nbsp;&nbsp;&nbsp;&nbsp;&nbsp;&nbsp; Zak\u0142adka do ksi\u0105\u017cki \u2013 ma\u0142y przedmiot, niezwyk\u0142a historia W ramach Akademickich Klimat\u00f3w 2026 studentki kierunku Pedagogika PANS w Kro\u015bnie, pod kierunkiem dr Iryny Durkalevych przeprowadzi\u0142y kreatywne warsztaty tworzenia zak\u0142adek do ksi\u0105\u017cek oraz przygotowa\u0142y wyj\u0105tkow\u0105 foto-\u015bciank\u0119. Warsztaty by\u0142y r\u00f3wnie\u017c promocj\u0105 kierunku Pedagogika w PANS w Kro\u015bnie poprzez pokazanie, jak w [\u2026] Read More","og_url":"https:\/\/pans.krosno.pl\/pedagogika-przedszkolna-i-wczesnoszkolna\/2026\/08\/30\/w-ramach-karpackich-klimatow\/","og_site_name":"Pedagogika przedszkolna i wczesnoszkolna - PANS w Kro\u015bnie","article_publisher":"https:\/\/www.facebook.com\/StudiaKrosno\/","article_published_time":"2026-08-30T11:16:43+00:00","article_modified_time":"2026-08-30T11:16:44+00:00","og_image":[{"width":800,"height":800,"url":"https:\/\/pans.krosno.pl\/pedagogika-przedszkolna-i-wczesnoszkolna\/wp-content\/uploads\/sites\/68\/2026\/08\/collage_I.Durkalevych.png","type":"image\/png"}],"author":"adamprzybysz","twitter_card":"summary_large_image","twitter_misc":{"Napisane przez":"adamprzybysz","Szacowany czas czytania":"3 minuty"},"schema":{"@context":"https:\/\/schema.org","@graph":[{"@type":"Article","@id":"https:\/\/pans.krosno.pl\/pedagogika-przedszkolna-i-wczesnoszkolna\/2026\/08\/30\/w-ramach-karpackich-klimatow\/#article","isPartOf":{"@id":"https:\/\/pans.krosno.pl\/pedagogika-przedszkolna-i-wczesnoszkolna\/2026\/08\/30\/w-ramach-karpackich-klimatow\/"},"author":{"name":"adamprzybysz","@id":"https:\/\/pans.krosno.pl\/pedagogika-przedszkolna-i-wczesnoszkolna\/#\/schema\/person\/02afd779919c5d05dc90bea63b9cc9f8"},"headline":"\u00a0\u00a0\u00a0\u00a0\u00a0\u00a0\u00a0\u00a0\u00a0\u00a0W ramach Karpackich Klimat\u00f3w","datePublished":"2026-08-30T11:16:43+00:00","dateModified":"2026-08-30T11:16:44+00:00","mainEntityOfPage":{"@id":"https:\/\/pans.krosno.pl\/pedagogika-przedszkolna-i-wczesnoszkolna\/2026\/08\/30\/w-ramach-karpackich-klimatow\/"},"wordCount":406,"commentCount":0,"publisher":{"@id":"https:\/\/pans.krosno.pl\/pedagogika-przedszkolna-i-wczesnoszkolna\/#organization"},"image":{"@id":"https:\/\/pans.krosno.pl\/pedagogika-przedszkolna-i-wczesnoszkolna\/2026\/08\/30\/w-ramach-karpackich-klimatow\/#primaryimage"},"thumbnailUrl":"https:\/\/pans.krosno.pl\/pedagogika-przedszkolna-i-wczesnoszkolna\/wp-content\/uploads\/sites\/68\/2026\/08\/collage_I.Durkalevych.png","articleSection":["Uncategorised"],"inLanguage":"pl-PL","potentialAction":[{"@type":"CommentAction","name":"Comment","target":["https:\/\/pans.krosno.pl\/pedagogika-przedszkolna-i-wczesnoszkolna\/2026\/08\/30\/w-ramach-karpackich-klimatow\/#respond"]}]},{"@type":"WebPage","@id":"https:\/\/pans.krosno.pl\/pedagogika-przedszkolna-i-wczesnoszkolna\/2026\/08\/30\/w-ramach-karpackich-klimatow\/","url":"https:\/\/pans.krosno.pl\/pedagogika-przedszkolna-i-wczesnoszkolna\/2026\/08\/30\/w-ramach-karpackich-klimatow\/","name":"\u00a0\u00a0\u00a0\u00a0\u00a0\u00a0\u00a0\u00a0\u00a0\u00a0W ramach Karpackich Klimat\u00f3w - Pedagogika przedszkolna i wczesnoszkolna - PANS w Kro\u015bnie","isPartOf":{"@id":"https:\/\/pans.krosno.pl\/pedagogika-przedszkolna-i-wczesnoszkolna\/#website"},"primaryImageOfPage":{"@id":"https:\/\/pans.krosno.pl\/pedagogika-przedszkolna-i-wczesnoszkolna\/2026\/08\/30\/w-ramach-karpackich-klimatow\/#primaryimage"},"image":{"@id":"https:\/\/pans.krosno.pl\/pedagogika-przedszkolna-i-wczesnoszkolna\/2026\/08\/30\/w-ramach-karpackich-klimatow\/#primaryimage"},"thumbnailUrl":"https:\/\/pans.krosno.pl\/pedagogika-przedszkolna-i-wczesnoszkolna\/wp-content\/uploads\/sites\/68\/2026\/08\/collage_I.Durkalevych.png","datePublished":"2026-08-30T11:16:43+00:00","dateModified":"2026-08-30T11:16:44+00:00","breadcrumb":{"@id":"https:\/\/pans.krosno.pl\/pedagogika-przedszkolna-i-wczesnoszkolna\/2026\/08\/30\/w-ramach-karpackich-klimatow\/#breadcrumb"},"inLanguage":"pl-PL","potentialAction":[{"@type":"ReadAction","target":["https:\/\/pans.krosno.pl\/pedagogika-przedszkolna-i-wczesnoszkolna\/2026\/08\/30\/w-ramach-karpackich-klimatow\/"]}]},{"@type":"ImageObject","inLanguage":"pl-PL","@id":"https:\/\/pans.krosno.pl\/pedagogika-przedszkolna-i-wczesnoszkolna\/2026\/08\/30\/w-ramach-karpackich-klimatow\/#primaryimage","url":"https:\/\/pans.krosno.pl\/pedagogika-przedszkolna-i-wczesnoszkolna\/wp-content\/uploads\/sites\/68\/2026\/08\/collage_I.Durkalevych.png","contentUrl":"https:\/\/pans.krosno.pl\/pedagogika-przedszkolna-i-wczesnoszkolna\/wp-content\/uploads\/sites\/68\/2026\/08\/collage_I.Durkalevych.png","width":800,"height":800},{"@type":"BreadcrumbList","@id":"https:\/\/pans.krosno.pl\/pedagogika-przedszkolna-i-wczesnoszkolna\/2026\/08\/30\/w-ramach-karpackich-klimatow\/#breadcrumb","itemListElement":[{"@type":"ListItem","position":1,"name":"Strona g\u0142\u00f3wna","item":"https:\/\/pans.krosno.pl\/pedagogika-przedszkolna-i-wczesnoszkolna\/"},{"@type":"ListItem","position":2,"name":"Uncategorised","item":"https:\/\/pans.krosno.pl\/pedagogika-przedszkolna-i-wczesnoszkolna\/category\/uncategorised\/"},{"@type":"ListItem","position":3,"name":"\u00a0\u00a0\u00a0\u00a0\u00a0\u00a0\u00a0\u00a0\u00a0\u00a0W ramach Karpackich Klimat\u00f3w"}]},{"@type":"WebSite","@id":"https:\/\/pans.krosno.pl\/pedagogika-przedszkolna-i-wczesnoszkolna\/#website","url":"https:\/\/pans.krosno.pl\/pedagogika-przedszkolna-i-wczesnoszkolna\/","name":"PANS w Kro\u015bnie","description":"Pa\u0144stwowa Akademia Nauk Stosowanych w Kro\u015bnie","publisher":{"@id":"https:\/\/pans.krosno.pl\/pedagogika-przedszkolna-i-wczesnoszkolna\/#organization"},"alternateName":"PANS Krosno","potentialAction":[{"@type":"SearchAction","target":{"@type":"EntryPoint","urlTemplate":"https:\/\/pans.krosno.pl\/pedagogika-przedszkolna-i-wczesnoszkolna\/?s={search_term_string}"},"query-input":{"@type":"PropertyValueSpecification","valueRequired":true,"valueName":"search_term_string"}}],"inLanguage":"pl-PL"},{"@type":"Organization","@id":"https:\/\/pans.krosno.pl\/pedagogika-przedszkolna-i-wczesnoszkolna\/#organization","name":"Pa\u0144stwowa Akademia Nauk Stosowanych w Kro\u015bnie","alternateName":"PANS Krosno","url":"https:\/\/pans.krosno.pl\/pedagogika-przedszkolna-i-wczesnoszkolna\/","logo":{"@type":"ImageObject","inLanguage":"pl-PL","@id":"https:\/\/pans.krosno.pl\/pedagogika-przedszkolna-i-wczesnoszkolna\/#\/schema\/logo\/image\/","url":"https:\/\/pans.krosno.pl\/wp-content\/uploads\/2023\/01\/Logo-PANS-2022-pelne-2-scaled.jpg","contentUrl":"https:\/\/pans.krosno.pl\/wp-content\/uploads\/2023\/01\/Logo-PANS-2022-pelne-2-scaled.jpg","width":2560,"height":576,"caption":"Pa\u0144stwowa Akademia Nauk Stosowanych w Kro\u015bnie"},"image":{"@id":"https:\/\/pans.krosno.pl\/pedagogika-przedszkolna-i-wczesnoszkolna\/#\/schema\/logo\/image\/"},"sameAs":["https:\/\/www.facebook.com\/StudiaKrosno\/","https:\/\/www.instagram.com\/pans.krosno\/","https:\/\/pl.linkedin.com\/company\/pwsz-krosno","https:\/\/www.youtube.com\/user\/pwszkrosno\/","https:\/\/pl.wikipedia.org\/wiki\/Pa\u0144stwowa_Wy\u017csza_Szko\u0142a_Zawodowa_im._Stanis\u0142awa_Pigonia_w_Kro\u015bnie"]},{"@type":"Person","@id":"https:\/\/pans.krosno.pl\/pedagogika-przedszkolna-i-wczesnoszkolna\/#\/schema\/person\/02afd779919c5d05dc90bea63b9cc9f8","name":"adamprzybysz","image":{"@type":"ImageObject","inLanguage":"pl-PL","@id":"https:\/\/secure.gravatar.com\/avatar\/6bf2c126db6403561f7b72bc719866a3321bb706228c8ed702b579a60f7f33b5?s=96&d=mm&r=g","url":"https:\/\/secure.gravatar.com\/avatar\/6bf2c126db6403561f7b72bc719866a3321bb706228c8ed702b579a60f7f33b5?s=96&d=mm&r=g","contentUrl":"https:\/\/secure.gravatar.com\/avatar\/6bf2c126db6403561f7b72bc719866a3321bb706228c8ed702b579a60f7f33b5?s=96&d=mm&r=g","caption":"adamprzybysz"},"url":"https:\/\/pans.krosno.pl\/pedagogika-przedszkolna-i-wczesnoszkolna\/author\/adamprzybysz\/"}]}},"_links":{"self":[{"href":"https:\/\/pans.krosno.pl\/pedagogika-przedszkolna-i-wczesnoszkolna\/wp-json\/wp\/v2\/posts\/485","targetHints":{"allow":["GET"]}}],"collection":[{"href":"https:\/\/pans.krosno.pl\/pedagogika-przedszkolna-i-wczesnoszkolna\/wp-json\/wp\/v2\/posts"}],"about":[{"href":"https:\/\/pans.krosno.pl\/pedagogika-przedszkolna-i-wczesnoszkolna\/wp-json\/wp\/v2\/types\/post"}],"author":[{"embeddable":true,"href":"https:\/\/pans.krosno.pl\/pedagogika-przedszkolna-i-wczesnoszkolna\/wp-json\/wp\/v2\/users\/43"}],"replies":[{"embeddable":true,"href":"https:\/\/pans.krosno.pl\/pedagogika-przedszkolna-i-wczesnoszkolna\/wp-json\/wp\/v2\/comments?post=485"}],"version-history":[{"count":1,"href":"https:\/\/pans.krosno.pl\/pedagogika-przedszkolna-i-wczesnoszkolna\/wp-json\/wp\/v2\/posts\/485\/revisions"}],"predecessor-version":[{"id":487,"href":"https:\/\/pans.krosno.pl\/pedagogika-przedszkolna-i-wczesnoszkolna\/wp-json\/wp\/v2\/posts\/485\/revisions\/487"}],"wp:featuredmedia":[{"embeddable":true,"href":"https:\/\/pans.krosno.pl\/pedagogika-przedszkolna-i-wczesnoszkolna\/wp-json\/wp\/v2\/media\/486"}],"wp:attachment":[{"href":"https:\/\/pans.krosno.pl\/pedagogika-przedszkolna-i-wczesnoszkolna\/wp-json\/wp\/v2\/media?parent=485"}],"wp:term":[{"taxonomy":"category","embeddable":true,"href":"https:\/\/pans.krosno.pl\/pedagogika-przedszkolna-i-wczesnoszkolna\/wp-json\/wp\/v2\/categories?post=485"},{"taxonomy":"post_tag","embeddable":true,"href":"https:\/\/pans.krosno.pl\/pedagogika-przedszkolna-i-wczesnoszkolna\/wp-json\/wp\/v2\/tags?post=485"}],"curies":[{"name":"wp","href":"https:\/\/api.w.org\/{rel}","templated":true}]}}