{"id":455,"date":"2026-08-30T11:39:14","date_gmt":"2026-08-30T10:39:14","guid":{"rendered":"https:\/\/pans.krosno.pl\/pedagogika-przedszkolna-i-wczesnoszkolna\/?p=455"},"modified":"2026-08-30T12:11:53","modified_gmt":"2026-08-30T11:11:53","slug":"karpackie-klimaty","status":"publish","type":"post","link":"https:\/\/pans.krosno.pl\/pedagogika-przedszkolna-i-wczesnoszkolna\/2026\/08\/30\/karpackie-klimaty\/","title":{"rendered":"Karpackie Klimaty"},"content":{"rendered":"\n<p class=\"wp-block-paragraph\"><strong>Pedagogika \u2013 ogr\u00f3d talent\u00f3w. O makramach, gniotkach, zak\u0142adkach, szmacianych lalkach i balonowych zwierz\u0119tach<\/strong><\/p>\n\n\n\n<p class=\"wp-block-paragraph\">Podczas Karpackich Klimat\u00f3w PANS w Kro\u015bnie (23 sierpnia 2026r.) kierunki: pedagogika oraz pedagogika przedszkolna i wczesnoszkolna przygotowa\u0142y wyj\u0105tkowe, pe\u0142ne kreatywno\u015bci stoiska. Odwiedzaj\u0105cy mogli podziwia\u0107 i w\u0142asnor\u0119cznie wykona\u0107 makramy, lalki szmaciane, zak\u0142adki do ksi\u0105\u017cek, zgniotki, zwierz\u0119ta z balon\u00f3w oraz uruchomi\u0107 wyobra\u017ani\u0119 i zajrze\u0107 przez dziurk\u0119 od klucza do \u015bwiata wyobra\u017ani. Du\u017cym zainteresowaniem cieszy\u0142a si\u0119 r\u00f3wnie\u017c oryginalna \u015bcianka, kt\u00f3ra stanowi\u0142a ciekaw\u0105 atrakcj\u0119 i doskona\u0142e miejsce do wykonywania pami\u0105tkowych zdj\u0119\u0107 dla uczestnik\u00f3w wydarzenia. Oferowane aktywno\u015bci wywo\u0142a\u0142y ogromne zainteresowanie dzieci i m\u0142odzie\u017cy, ich opiekun\u00f3w a tak\u017ce senior\u00f3w. Opiek\u0119 merytoryczn\u0105 nad stoiskami sprawowali: dr Irena Durkalevych, mgr Magdalena Gole\u0144, mgr Julita Kara\u015b \u2013 Klimek oraz mgr Szymon Uliasz.W wydarzeniu wzi\u0119\u0142y udzia\u0142 tak\u017ce dr Barbara Lulek i dr Ma\u0142gorzata \u015awidrak. Pedagogika to nie tylko nauka, ale tak\u017ce tw\u00f3rczo\u015b\u0107, pasja i dobra zabawa!<\/p>\n\n\n\n<figure class=\"wp-block-gallery has-nested-images columns-default is-cropped wp-block-gallery-1 is-layout-flex wp-block-gallery-is-layout-flex\">\n<figure class=\"wp-block-image size-large\"><img loading=\"lazy\" decoding=\"async\" width=\"768\" height=\"1024\" data-id=\"456\" src=\"https:\/\/pans.krosno.pl\/pedagogika-przedszkolna-i-wczesnoszkolna\/wp-content\/uploads\/sites\/68\/2026\/08\/IMG-20260827-WA0000-768x1024.jpg\" alt=\"\" class=\"wp-image-456\" srcset=\"https:\/\/pans.krosno.pl\/pedagogika-przedszkolna-i-wczesnoszkolna\/wp-content\/uploads\/sites\/68\/2026\/08\/IMG-20260827-WA0000-768x1024.jpg 768w, https:\/\/pans.krosno.pl\/pedagogika-przedszkolna-i-wczesnoszkolna\/wp-content\/uploads\/sites\/68\/2026\/08\/IMG-20260827-WA0000-225x300.jpg 225w, https:\/\/pans.krosno.pl\/pedagogika-przedszkolna-i-wczesnoszkolna\/wp-content\/uploads\/sites\/68\/2026\/08\/IMG-20260827-WA0000-1152x1536.jpg 1152w, https:\/\/pans.krosno.pl\/pedagogika-przedszkolna-i-wczesnoszkolna\/wp-content\/uploads\/sites\/68\/2026\/08\/IMG-20260827-WA0000-800x1067.jpg 800w, https:\/\/pans.krosno.pl\/pedagogika-przedszkolna-i-wczesnoszkolna\/wp-content\/uploads\/sites\/68\/2026\/08\/IMG-20260827-WA0000-580x773.jpg 580w, https:\/\/pans.krosno.pl\/pedagogika-przedszkolna-i-wczesnoszkolna\/wp-content\/uploads\/sites\/68\/2026\/08\/IMG-20260827-WA0000.jpg 1530w\" sizes=\"auto, (max-width: 768px) 100vw, 768px\" \/><\/figure>\n\n\n\n<figure class=\"wp-block-image size-large\"><img loading=\"lazy\" decoding=\"async\" width=\"768\" height=\"1024\" data-id=\"457\" src=\"https:\/\/pans.krosno.pl\/pedagogika-przedszkolna-i-wczesnoszkolna\/wp-content\/uploads\/sites\/68\/2026\/08\/IMG-20260827-WA0001-768x1024.jpg\" alt=\"\" class=\"wp-image-457\" srcset=\"https:\/\/pans.krosno.pl\/pedagogika-przedszkolna-i-wczesnoszkolna\/wp-content\/uploads\/sites\/68\/2026\/08\/IMG-20260827-WA0001-768x1024.jpg 768w, https:\/\/pans.krosno.pl\/pedagogika-przedszkolna-i-wczesnoszkolna\/wp-content\/uploads\/sites\/68\/2026\/08\/IMG-20260827-WA0001-225x300.jpg 225w, https:\/\/pans.krosno.pl\/pedagogika-przedszkolna-i-wczesnoszkolna\/wp-content\/uploads\/sites\/68\/2026\/08\/IMG-20260827-WA0001-1152x1536.jpg 1152w, https:\/\/pans.krosno.pl\/pedagogika-przedszkolna-i-wczesnoszkolna\/wp-content\/uploads\/sites\/68\/2026\/08\/IMG-20260827-WA0001-800x1067.jpg 800w, https:\/\/pans.krosno.pl\/pedagogika-przedszkolna-i-wczesnoszkolna\/wp-content\/uploads\/sites\/68\/2026\/08\/IMG-20260827-WA0001-580x773.jpg 580w, https:\/\/pans.krosno.pl\/pedagogika-przedszkolna-i-wczesnoszkolna\/wp-content\/uploads\/sites\/68\/2026\/08\/IMG-20260827-WA0001.jpg 1530w\" sizes=\"auto, (max-width: 768px) 100vw, 768px\" \/><\/figure>\n\n\n\n<figure class=\"wp-block-image size-large\"><img loading=\"lazy\" decoding=\"async\" width=\"768\" height=\"1024\" data-id=\"458\" src=\"https:\/\/pans.krosno.pl\/pedagogika-przedszkolna-i-wczesnoszkolna\/wp-content\/uploads\/sites\/68\/2026\/08\/IMG-20260827-WA0002-768x1024.jpg\" alt=\"\" class=\"wp-image-458\" srcset=\"https:\/\/pans.krosno.pl\/pedagogika-przedszkolna-i-wczesnoszkolna\/wp-content\/uploads\/sites\/68\/2026\/08\/IMG-20260827-WA0002-768x1024.jpg 768w, https:\/\/pans.krosno.pl\/pedagogika-przedszkolna-i-wczesnoszkolna\/wp-content\/uploads\/sites\/68\/2026\/08\/IMG-20260827-WA0002-225x300.jpg 225w, https:\/\/pans.krosno.pl\/pedagogika-przedszkolna-i-wczesnoszkolna\/wp-content\/uploads\/sites\/68\/2026\/08\/IMG-20260827-WA0002-1152x1536.jpg 1152w, https:\/\/pans.krosno.pl\/pedagogika-przedszkolna-i-wczesnoszkolna\/wp-content\/uploads\/sites\/68\/2026\/08\/IMG-20260827-WA0002-800x1067.jpg 800w, https:\/\/pans.krosno.pl\/pedagogika-przedszkolna-i-wczesnoszkolna\/wp-content\/uploads\/sites\/68\/2026\/08\/IMG-20260827-WA0002-580x773.jpg 580w, https:\/\/pans.krosno.pl\/pedagogika-przedszkolna-i-wczesnoszkolna\/wp-content\/uploads\/sites\/68\/2026\/08\/IMG-20260827-WA0002.jpg 1530w\" sizes=\"auto, (max-width: 768px) 100vw, 768px\" \/><\/figure>\n\n\n\n<figure class=\"wp-block-image size-large\"><img loading=\"lazy\" decoding=\"async\" width=\"768\" height=\"1024\" data-id=\"459\" src=\"https:\/\/pans.krosno.pl\/pedagogika-przedszkolna-i-wczesnoszkolna\/wp-content\/uploads\/sites\/68\/2026\/08\/IMG-20260827-WA0003-768x1024.jpg\" alt=\"\" class=\"wp-image-459\" srcset=\"https:\/\/pans.krosno.pl\/pedagogika-przedszkolna-i-wczesnoszkolna\/wp-content\/uploads\/sites\/68\/2026\/08\/IMG-20260827-WA0003-768x1024.jpg 768w, https:\/\/pans.krosno.pl\/pedagogika-przedszkolna-i-wczesnoszkolna\/wp-content\/uploads\/sites\/68\/2026\/08\/IMG-20260827-WA0003-225x300.jpg 225w, https:\/\/pans.krosno.pl\/pedagogika-przedszkolna-i-wczesnoszkolna\/wp-content\/uploads\/sites\/68\/2026\/08\/IMG-20260827-WA0003-1152x1536.jpg 1152w, https:\/\/pans.krosno.pl\/pedagogika-przedszkolna-i-wczesnoszkolna\/wp-content\/uploads\/sites\/68\/2026\/08\/IMG-20260827-WA0003-800x1067.jpg 800w, https:\/\/pans.krosno.pl\/pedagogika-przedszkolna-i-wczesnoszkolna\/wp-content\/uploads\/sites\/68\/2026\/08\/IMG-20260827-WA0003-580x773.jpg 580w, https:\/\/pans.krosno.pl\/pedagogika-przedszkolna-i-wczesnoszkolna\/wp-content\/uploads\/sites\/68\/2026\/08\/IMG-20260827-WA0003.jpg 1530w\" sizes=\"auto, (max-width: 768px) 100vw, 768px\" \/><\/figure>\n\n\n\n<figure class=\"wp-block-image size-large\"><img loading=\"lazy\" decoding=\"async\" width=\"768\" height=\"1024\" data-id=\"460\" src=\"https:\/\/pans.krosno.pl\/pedagogika-przedszkolna-i-wczesnoszkolna\/wp-content\/uploads\/sites\/68\/2026\/08\/IMG-20260827-WA0004-768x1024.jpg\" alt=\"\" class=\"wp-image-460\" srcset=\"https:\/\/pans.krosno.pl\/pedagogika-przedszkolna-i-wczesnoszkolna\/wp-content\/uploads\/sites\/68\/2026\/08\/IMG-20260827-WA0004-768x1024.jpg 768w, https:\/\/pans.krosno.pl\/pedagogika-przedszkolna-i-wczesnoszkolna\/wp-content\/uploads\/sites\/68\/2026\/08\/IMG-20260827-WA0004-225x300.jpg 225w, https:\/\/pans.krosno.pl\/pedagogika-przedszkolna-i-wczesnoszkolna\/wp-content\/uploads\/sites\/68\/2026\/08\/IMG-20260827-WA0004-1152x1536.jpg 1152w, https:\/\/pans.krosno.pl\/pedagogika-przedszkolna-i-wczesnoszkolna\/wp-content\/uploads\/sites\/68\/2026\/08\/IMG-20260827-WA0004-800x1067.jpg 800w, https:\/\/pans.krosno.pl\/pedagogika-przedszkolna-i-wczesnoszkolna\/wp-content\/uploads\/sites\/68\/2026\/08\/IMG-20260827-WA0004-580x773.jpg 580w, https:\/\/pans.krosno.pl\/pedagogika-przedszkolna-i-wczesnoszkolna\/wp-content\/uploads\/sites\/68\/2026\/08\/IMG-20260827-WA0004.jpg 1530w\" sizes=\"auto, (max-width: 768px) 100vw, 768px\" \/><\/figure>\n\n\n\n<figure class=\"wp-block-image size-large\"><img loading=\"lazy\" decoding=\"async\" width=\"768\" height=\"1024\" data-id=\"461\" src=\"https:\/\/pans.krosno.pl\/pedagogika-przedszkolna-i-wczesnoszkolna\/wp-content\/uploads\/sites\/68\/2026\/08\/IMG-20260827-WA0006-768x1024.jpg\" alt=\"\" class=\"wp-image-461\" srcset=\"https:\/\/pans.krosno.pl\/pedagogika-przedszkolna-i-wczesnoszkolna\/wp-content\/uploads\/sites\/68\/2026\/08\/IMG-20260827-WA0006-768x1024.jpg 768w, https:\/\/pans.krosno.pl\/pedagogika-przedszkolna-i-wczesnoszkolna\/wp-content\/uploads\/sites\/68\/2026\/08\/IMG-20260827-WA0006-225x300.jpg 225w, https:\/\/pans.krosno.pl\/pedagogika-przedszkolna-i-wczesnoszkolna\/wp-content\/uploads\/sites\/68\/2026\/08\/IMG-20260827-WA0006-1152x1536.jpg 1152w, https:\/\/pans.krosno.pl\/pedagogika-przedszkolna-i-wczesnoszkolna\/wp-content\/uploads\/sites\/68\/2026\/08\/IMG-20260827-WA0006-800x1067.jpg 800w, https:\/\/pans.krosno.pl\/pedagogika-przedszkolna-i-wczesnoszkolna\/wp-content\/uploads\/sites\/68\/2026\/08\/IMG-20260827-WA0006-580x773.jpg 580w, https:\/\/pans.krosno.pl\/pedagogika-przedszkolna-i-wczesnoszkolna\/wp-content\/uploads\/sites\/68\/2026\/08\/IMG-20260827-WA0006.jpg 1530w\" sizes=\"auto, (max-width: 768px) 100vw, 768px\" \/><\/figure>\n\n\n\n<figure class=\"wp-block-image size-large\"><img loading=\"lazy\" decoding=\"async\" width=\"768\" height=\"1024\" data-id=\"462\" src=\"https:\/\/pans.krosno.pl\/pedagogika-przedszkolna-i-wczesnoszkolna\/wp-content\/uploads\/sites\/68\/2026\/08\/IMG-20260827-WA0007-768x1024.jpg\" alt=\"\" class=\"wp-image-462\" srcset=\"https:\/\/pans.krosno.pl\/pedagogika-przedszkolna-i-wczesnoszkolna\/wp-content\/uploads\/sites\/68\/2026\/08\/IMG-20260827-WA0007-768x1024.jpg 768w, https:\/\/pans.krosno.pl\/pedagogika-przedszkolna-i-wczesnoszkolna\/wp-content\/uploads\/sites\/68\/2026\/08\/IMG-20260827-WA0007-225x300.jpg 225w, https:\/\/pans.krosno.pl\/pedagogika-przedszkolna-i-wczesnoszkolna\/wp-content\/uploads\/sites\/68\/2026\/08\/IMG-20260827-WA0007-1152x1536.jpg 1152w, https:\/\/pans.krosno.pl\/pedagogika-przedszkolna-i-wczesnoszkolna\/wp-content\/uploads\/sites\/68\/2026\/08\/IMG-20260827-WA0007-800x1067.jpg 800w, https:\/\/pans.krosno.pl\/pedagogika-przedszkolna-i-wczesnoszkolna\/wp-content\/uploads\/sites\/68\/2026\/08\/IMG-20260827-WA0007-580x773.jpg 580w, https:\/\/pans.krosno.pl\/pedagogika-przedszkolna-i-wczesnoszkolna\/wp-content\/uploads\/sites\/68\/2026\/08\/IMG-20260827-WA0007.jpg 1530w\" sizes=\"auto, (max-width: 768px) 100vw, 768px\" \/><\/figure>\n\n\n\n<figure class=\"wp-block-image size-large\"><img loading=\"lazy\" decoding=\"async\" width=\"768\" height=\"1024\" data-id=\"463\" src=\"https:\/\/pans.krosno.pl\/pedagogika-przedszkolna-i-wczesnoszkolna\/wp-content\/uploads\/sites\/68\/2026\/08\/IMG-20260827-WA0008-768x1024.jpg\" alt=\"\" class=\"wp-image-463\" srcset=\"https:\/\/pans.krosno.pl\/pedagogika-przedszkolna-i-wczesnoszkolna\/wp-content\/uploads\/sites\/68\/2026\/08\/IMG-20260827-WA0008-768x1024.jpg 768w, https:\/\/pans.krosno.pl\/pedagogika-przedszkolna-i-wczesnoszkolna\/wp-content\/uploads\/sites\/68\/2026\/08\/IMG-20260827-WA0008-225x300.jpg 225w, https:\/\/pans.krosno.pl\/pedagogika-przedszkolna-i-wczesnoszkolna\/wp-content\/uploads\/sites\/68\/2026\/08\/IMG-20260827-WA0008-1152x1536.jpg 1152w, https:\/\/pans.krosno.pl\/pedagogika-przedszkolna-i-wczesnoszkolna\/wp-content\/uploads\/sites\/68\/2026\/08\/IMG-20260827-WA0008-800x1067.jpg 800w, https:\/\/pans.krosno.pl\/pedagogika-przedszkolna-i-wczesnoszkolna\/wp-content\/uploads\/sites\/68\/2026\/08\/IMG-20260827-WA0008-580x773.jpg 580w, https:\/\/pans.krosno.pl\/pedagogika-przedszkolna-i-wczesnoszkolna\/wp-content\/uploads\/sites\/68\/2026\/08\/IMG-20260827-WA0008.jpg 1530w\" sizes=\"auto, (max-width: 768px) 100vw, 768px\" \/><\/figure>\n\n\n\n<figure class=\"wp-block-image size-large\"><img loading=\"lazy\" decoding=\"async\" width=\"768\" height=\"1024\" data-id=\"464\" src=\"https:\/\/pans.krosno.pl\/pedagogika-przedszkolna-i-wczesnoszkolna\/wp-content\/uploads\/sites\/68\/2026\/08\/IMG-20260827-WA0009-768x1024.jpg\" alt=\"\" class=\"wp-image-464\" srcset=\"https:\/\/pans.krosno.pl\/pedagogika-przedszkolna-i-wczesnoszkolna\/wp-content\/uploads\/sites\/68\/2026\/08\/IMG-20260827-WA0009-768x1024.jpg 768w, https:\/\/pans.krosno.pl\/pedagogika-przedszkolna-i-wczesnoszkolna\/wp-content\/uploads\/sites\/68\/2026\/08\/IMG-20260827-WA0009-225x300.jpg 225w, https:\/\/pans.krosno.pl\/pedagogika-przedszkolna-i-wczesnoszkolna\/wp-content\/uploads\/sites\/68\/2026\/08\/IMG-20260827-WA0009-1152x1536.jpg 1152w, https:\/\/pans.krosno.pl\/pedagogika-przedszkolna-i-wczesnoszkolna\/wp-content\/uploads\/sites\/68\/2026\/08\/IMG-20260827-WA0009-800x1067.jpg 800w, https:\/\/pans.krosno.pl\/pedagogika-przedszkolna-i-wczesnoszkolna\/wp-content\/uploads\/sites\/68\/2026\/08\/IMG-20260827-WA0009-580x773.jpg 580w, https:\/\/pans.krosno.pl\/pedagogika-przedszkolna-i-wczesnoszkolna\/wp-content\/uploads\/sites\/68\/2026\/08\/IMG-20260827-WA0009.jpg 1530w\" sizes=\"auto, (max-width: 768px) 100vw, 768px\" \/><\/figure>\n\n\n\n<figure class=\"wp-block-image size-large\"><img loading=\"lazy\" decoding=\"async\" width=\"768\" height=\"1024\" data-id=\"465\" src=\"https:\/\/pans.krosno.pl\/pedagogika-przedszkolna-i-wczesnoszkolna\/wp-content\/uploads\/sites\/68\/2026\/08\/IMG-20260827-WA0010-768x1024.jpg\" alt=\"\" class=\"wp-image-465\" srcset=\"https:\/\/pans.krosno.pl\/pedagogika-przedszkolna-i-wczesnoszkolna\/wp-content\/uploads\/sites\/68\/2026\/08\/IMG-20260827-WA0010-768x1024.jpg 768w, https:\/\/pans.krosno.pl\/pedagogika-przedszkolna-i-wczesnoszkolna\/wp-content\/uploads\/sites\/68\/2026\/08\/IMG-20260827-WA0010-225x300.jpg 225w, https:\/\/pans.krosno.pl\/pedagogika-przedszkolna-i-wczesnoszkolna\/wp-content\/uploads\/sites\/68\/2026\/08\/IMG-20260827-WA0010-1152x1536.jpg 1152w, https:\/\/pans.krosno.pl\/pedagogika-przedszkolna-i-wczesnoszkolna\/wp-content\/uploads\/sites\/68\/2026\/08\/IMG-20260827-WA0010-800x1067.jpg 800w, https:\/\/pans.krosno.pl\/pedagogika-przedszkolna-i-wczesnoszkolna\/wp-content\/uploads\/sites\/68\/2026\/08\/IMG-20260827-WA0010-580x773.jpg 580w, https:\/\/pans.krosno.pl\/pedagogika-przedszkolna-i-wczesnoszkolna\/wp-content\/uploads\/sites\/68\/2026\/08\/IMG-20260827-WA0010.jpg 1530w\" sizes=\"auto, (max-width: 768px) 100vw, 768px\" \/><\/figure>\n\n\n\n<figure class=\"wp-block-image size-large\"><img loading=\"lazy\" decoding=\"async\" width=\"768\" height=\"1024\" data-id=\"466\" src=\"https:\/\/pans.krosno.pl\/pedagogika-przedszkolna-i-wczesnoszkolna\/wp-content\/uploads\/sites\/68\/2026\/08\/IMG-20260827-WA0011-768x1024.jpg\" alt=\"\" class=\"wp-image-466\" srcset=\"https:\/\/pans.krosno.pl\/pedagogika-przedszkolna-i-wczesnoszkolna\/wp-content\/uploads\/sites\/68\/2026\/08\/IMG-20260827-WA0011-768x1024.jpg 768w, https:\/\/pans.krosno.pl\/pedagogika-przedszkolna-i-wczesnoszkolna\/wp-content\/uploads\/sites\/68\/2026\/08\/IMG-20260827-WA0011-225x300.jpg 225w, https:\/\/pans.krosno.pl\/pedagogika-przedszkolna-i-wczesnoszkolna\/wp-content\/uploads\/sites\/68\/2026\/08\/IMG-20260827-WA0011-1152x1536.jpg 1152w, https:\/\/pans.krosno.pl\/pedagogika-przedszkolna-i-wczesnoszkolna\/wp-content\/uploads\/sites\/68\/2026\/08\/IMG-20260827-WA0011-800x1067.jpg 800w, https:\/\/pans.krosno.pl\/pedagogika-przedszkolna-i-wczesnoszkolna\/wp-content\/uploads\/sites\/68\/2026\/08\/IMG-20260827-WA0011-580x773.jpg 580w, https:\/\/pans.krosno.pl\/pedagogika-przedszkolna-i-wczesnoszkolna\/wp-content\/uploads\/sites\/68\/2026\/08\/IMG-20260827-WA0011.jpg 1530w\" sizes=\"auto, (max-width: 768px) 100vw, 768px\" \/><\/figure>\n\n\n\n<figure class=\"wp-block-image size-large\"><img loading=\"lazy\" decoding=\"async\" width=\"768\" height=\"1024\" data-id=\"467\" src=\"https:\/\/pans.krosno.pl\/pedagogika-przedszkolna-i-wczesnoszkolna\/wp-content\/uploads\/sites\/68\/2026\/08\/IMG-20260827-WA0012-768x1024.jpg\" alt=\"\" class=\"wp-image-467\" srcset=\"https:\/\/pans.krosno.pl\/pedagogika-przedszkolna-i-wczesnoszkolna\/wp-content\/uploads\/sites\/68\/2026\/08\/IMG-20260827-WA0012-768x1024.jpg 768w, https:\/\/pans.krosno.pl\/pedagogika-przedszkolna-i-wczesnoszkolna\/wp-content\/uploads\/sites\/68\/2026\/08\/IMG-20260827-WA0012-225x300.jpg 225w, https:\/\/pans.krosno.pl\/pedagogika-przedszkolna-i-wczesnoszkolna\/wp-content\/uploads\/sites\/68\/2026\/08\/IMG-20260827-WA0012-1152x1536.jpg 1152w, https:\/\/pans.krosno.pl\/pedagogika-przedszkolna-i-wczesnoszkolna\/wp-content\/uploads\/sites\/68\/2026\/08\/IMG-20260827-WA0012-800x1067.jpg 800w, https:\/\/pans.krosno.pl\/pedagogika-przedszkolna-i-wczesnoszkolna\/wp-content\/uploads\/sites\/68\/2026\/08\/IMG-20260827-WA0012-580x773.jpg 580w, https:\/\/pans.krosno.pl\/pedagogika-przedszkolna-i-wczesnoszkolna\/wp-content\/uploads\/sites\/68\/2026\/08\/IMG-20260827-WA0012.jpg 1530w\" sizes=\"auto, (max-width: 768px) 100vw, 768px\" \/><\/figure>\n\n\n\n<figure class=\"wp-block-image size-large\"><img loading=\"lazy\" decoding=\"async\" width=\"768\" height=\"1024\" data-id=\"468\" src=\"https:\/\/pans.krosno.pl\/pedagogika-przedszkolna-i-wczesnoszkolna\/wp-content\/uploads\/sites\/68\/2026\/08\/IMG-20260827-WA0013-768x1024.jpg\" alt=\"\" class=\"wp-image-468\" srcset=\"https:\/\/pans.krosno.pl\/pedagogika-przedszkolna-i-wczesnoszkolna\/wp-content\/uploads\/sites\/68\/2026\/08\/IMG-20260827-WA0013-768x1024.jpg 768w, https:\/\/pans.krosno.pl\/pedagogika-przedszkolna-i-wczesnoszkolna\/wp-content\/uploads\/sites\/68\/2026\/08\/IMG-20260827-WA0013-225x300.jpg 225w, https:\/\/pans.krosno.pl\/pedagogika-przedszkolna-i-wczesnoszkolna\/wp-content\/uploads\/sites\/68\/2026\/08\/IMG-20260827-WA0013-1152x1536.jpg 1152w, https:\/\/pans.krosno.pl\/pedagogika-przedszkolna-i-wczesnoszkolna\/wp-content\/uploads\/sites\/68\/2026\/08\/IMG-20260827-WA0013-800x1067.jpg 800w, https:\/\/pans.krosno.pl\/pedagogika-przedszkolna-i-wczesnoszkolna\/wp-content\/uploads\/sites\/68\/2026\/08\/IMG-20260827-WA0013-580x773.jpg 580w, https:\/\/pans.krosno.pl\/pedagogika-przedszkolna-i-wczesnoszkolna\/wp-content\/uploads\/sites\/68\/2026\/08\/IMG-20260827-WA0013.jpg 1530w\" sizes=\"auto, (max-width: 768px) 100vw, 768px\" \/><\/figure>\n\n\n\n<figure class=\"wp-block-image size-large\"><img loading=\"lazy\" decoding=\"async\" width=\"768\" height=\"1024\" data-id=\"469\" src=\"https:\/\/pans.krosno.pl\/pedagogika-przedszkolna-i-wczesnoszkolna\/wp-content\/uploads\/sites\/68\/2026\/08\/IMG-20260827-WA0014-768x1024.jpg\" alt=\"\" class=\"wp-image-469\" srcset=\"https:\/\/pans.krosno.pl\/pedagogika-przedszkolna-i-wczesnoszkolna\/wp-content\/uploads\/sites\/68\/2026\/08\/IMG-20260827-WA0014-768x1024.jpg 768w, https:\/\/pans.krosno.pl\/pedagogika-przedszkolna-i-wczesnoszkolna\/wp-content\/uploads\/sites\/68\/2026\/08\/IMG-20260827-WA0014-225x300.jpg 225w, https:\/\/pans.krosno.pl\/pedagogika-przedszkolna-i-wczesnoszkolna\/wp-content\/uploads\/sites\/68\/2026\/08\/IMG-20260827-WA0014-1152x1536.jpg 1152w, https:\/\/pans.krosno.pl\/pedagogika-przedszkolna-i-wczesnoszkolna\/wp-content\/uploads\/sites\/68\/2026\/08\/IMG-20260827-WA0014-800x1067.jpg 800w, https:\/\/pans.krosno.pl\/pedagogika-przedszkolna-i-wczesnoszkolna\/wp-content\/uploads\/sites\/68\/2026\/08\/IMG-20260827-WA0014-580x773.jpg 580w, https:\/\/pans.krosno.pl\/pedagogika-przedszkolna-i-wczesnoszkolna\/wp-content\/uploads\/sites\/68\/2026\/08\/IMG-20260827-WA0014.jpg 1536w\" sizes=\"auto, (max-width: 768px) 100vw, 768px\" \/><\/figure>\n\n\n\n<figure class=\"wp-block-image size-large\"><img loading=\"lazy\" decoding=\"async\" width=\"768\" height=\"1024\" data-id=\"470\" src=\"https:\/\/pans.krosno.pl\/pedagogika-przedszkolna-i-wczesnoszkolna\/wp-content\/uploads\/sites\/68\/2026\/08\/IMG-20260827-WA0015-768x1024.jpg\" alt=\"\" class=\"wp-image-470\" srcset=\"https:\/\/pans.krosno.pl\/pedagogika-przedszkolna-i-wczesnoszkolna\/wp-content\/uploads\/sites\/68\/2026\/08\/IMG-20260827-WA0015-768x1024.jpg 768w, https:\/\/pans.krosno.pl\/pedagogika-przedszkolna-i-wczesnoszkolna\/wp-content\/uploads\/sites\/68\/2026\/08\/IMG-20260827-WA0015-225x300.jpg 225w, https:\/\/pans.krosno.pl\/pedagogika-przedszkolna-i-wczesnoszkolna\/wp-content\/uploads\/sites\/68\/2026\/08\/IMG-20260827-WA0015-1152x1536.jpg 1152w, https:\/\/pans.krosno.pl\/pedagogika-przedszkolna-i-wczesnoszkolna\/wp-content\/uploads\/sites\/68\/2026\/08\/IMG-20260827-WA0015-800x1067.jpg 800w, https:\/\/pans.krosno.pl\/pedagogika-przedszkolna-i-wczesnoszkolna\/wp-content\/uploads\/sites\/68\/2026\/08\/IMG-20260827-WA0015-580x773.jpg 580w, https:\/\/pans.krosno.pl\/pedagogika-przedszkolna-i-wczesnoszkolna\/wp-content\/uploads\/sites\/68\/2026\/08\/IMG-20260827-WA0015.jpg 1536w\" sizes=\"auto, (max-width: 768px) 100vw, 768px\" \/><\/figure>\n\n\n\n<figure class=\"wp-block-image size-large\"><img loading=\"lazy\" decoding=\"async\" width=\"768\" height=\"1024\" data-id=\"471\" src=\"https:\/\/pans.krosno.pl\/pedagogika-przedszkolna-i-wczesnoszkolna\/wp-content\/uploads\/sites\/68\/2026\/08\/IMG-20260827-WA0016-768x1024.jpg\" alt=\"\" class=\"wp-image-471\" srcset=\"https:\/\/pans.krosno.pl\/pedagogika-przedszkolna-i-wczesnoszkolna\/wp-content\/uploads\/sites\/68\/2026\/08\/IMG-20260827-WA0016-768x1024.jpg 768w, https:\/\/pans.krosno.pl\/pedagogika-przedszkolna-i-wczesnoszkolna\/wp-content\/uploads\/sites\/68\/2026\/08\/IMG-20260827-WA0016-225x300.jpg 225w, https:\/\/pans.krosno.pl\/pedagogika-przedszkolna-i-wczesnoszkolna\/wp-content\/uploads\/sites\/68\/2026\/08\/IMG-20260827-WA0016-1152x1536.jpg 1152w, https:\/\/pans.krosno.pl\/pedagogika-przedszkolna-i-wczesnoszkolna\/wp-content\/uploads\/sites\/68\/2026\/08\/IMG-20260827-WA0016-800x1067.jpg 800w, https:\/\/pans.krosno.pl\/pedagogika-przedszkolna-i-wczesnoszkolna\/wp-content\/uploads\/sites\/68\/2026\/08\/IMG-20260827-WA0016-580x773.jpg 580w, https:\/\/pans.krosno.pl\/pedagogika-przedszkolna-i-wczesnoszkolna\/wp-content\/uploads\/sites\/68\/2026\/08\/IMG-20260827-WA0016.jpg 1536w\" sizes=\"auto, (max-width: 768px) 100vw, 768px\" \/><\/figure>\n\n\n\n<figure class=\"wp-block-image size-large\"><img loading=\"lazy\" decoding=\"async\" width=\"768\" height=\"1024\" data-id=\"472\" src=\"https:\/\/pans.krosno.pl\/pedagogika-przedszkolna-i-wczesnoszkolna\/wp-content\/uploads\/sites\/68\/2026\/08\/IMG-20260827-WA0017-768x1024.jpg\" alt=\"\" class=\"wp-image-472\" srcset=\"https:\/\/pans.krosno.pl\/pedagogika-przedszkolna-i-wczesnoszkolna\/wp-content\/uploads\/sites\/68\/2026\/08\/IMG-20260827-WA0017-768x1024.jpg 768w, https:\/\/pans.krosno.pl\/pedagogika-przedszkolna-i-wczesnoszkolna\/wp-content\/uploads\/sites\/68\/2026\/08\/IMG-20260827-WA0017-225x300.jpg 225w, https:\/\/pans.krosno.pl\/pedagogika-przedszkolna-i-wczesnoszkolna\/wp-content\/uploads\/sites\/68\/2026\/08\/IMG-20260827-WA0017-1152x1536.jpg 1152w, https:\/\/pans.krosno.pl\/pedagogika-przedszkolna-i-wczesnoszkolna\/wp-content\/uploads\/sites\/68\/2026\/08\/IMG-20260827-WA0017-800x1067.jpg 800w, https:\/\/pans.krosno.pl\/pedagogika-przedszkolna-i-wczesnoszkolna\/wp-content\/uploads\/sites\/68\/2026\/08\/IMG-20260827-WA0017-580x773.jpg 580w, https:\/\/pans.krosno.pl\/pedagogika-przedszkolna-i-wczesnoszkolna\/wp-content\/uploads\/sites\/68\/2026\/08\/IMG-20260827-WA0017.jpg 1536w\" sizes=\"auto, (max-width: 768px) 100vw, 768px\" \/><\/figure>\n\n\n\n<figure class=\"wp-block-image size-large\"><img loading=\"lazy\" decoding=\"async\" width=\"768\" height=\"1024\" data-id=\"473\" src=\"https:\/\/pans.krosno.pl\/pedagogika-przedszkolna-i-wczesnoszkolna\/wp-content\/uploads\/sites\/68\/2026\/08\/IMG-20260827-WA0018-768x1024.jpg\" alt=\"\" class=\"wp-image-473\" srcset=\"https:\/\/pans.krosno.pl\/pedagogika-przedszkolna-i-wczesnoszkolna\/wp-content\/uploads\/sites\/68\/2026\/08\/IMG-20260827-WA0018-768x1024.jpg 768w, https:\/\/pans.krosno.pl\/pedagogika-przedszkolna-i-wczesnoszkolna\/wp-content\/uploads\/sites\/68\/2026\/08\/IMG-20260827-WA0018-225x300.jpg 225w, https:\/\/pans.krosno.pl\/pedagogika-przedszkolna-i-wczesnoszkolna\/wp-content\/uploads\/sites\/68\/2026\/08\/IMG-20260827-WA0018-1152x1536.jpg 1152w, https:\/\/pans.krosno.pl\/pedagogika-przedszkolna-i-wczesnoszkolna\/wp-content\/uploads\/sites\/68\/2026\/08\/IMG-20260827-WA0018-800x1067.jpg 800w, https:\/\/pans.krosno.pl\/pedagogika-przedszkolna-i-wczesnoszkolna\/wp-content\/uploads\/sites\/68\/2026\/08\/IMG-20260827-WA0018-580x773.jpg 580w, https:\/\/pans.krosno.pl\/pedagogika-przedszkolna-i-wczesnoszkolna\/wp-content\/uploads\/sites\/68\/2026\/08\/IMG-20260827-WA0018.jpg 1536w\" sizes=\"auto, (max-width: 768px) 100vw, 768px\" \/><\/figure>\n\n\n\n<figure class=\"wp-block-image size-large\"><img loading=\"lazy\" decoding=\"async\" width=\"768\" height=\"1024\" data-id=\"474\" src=\"https:\/\/pans.krosno.pl\/pedagogika-przedszkolna-i-wczesnoszkolna\/wp-content\/uploads\/sites\/68\/2026\/08\/IMG-20260827-WA0019-768x1024.jpg\" alt=\"\" class=\"wp-image-474\" srcset=\"https:\/\/pans.krosno.pl\/pedagogika-przedszkolna-i-wczesnoszkolna\/wp-content\/uploads\/sites\/68\/2026\/08\/IMG-20260827-WA0019-768x1024.jpg 768w, https:\/\/pans.krosno.pl\/pedagogika-przedszkolna-i-wczesnoszkolna\/wp-content\/uploads\/sites\/68\/2026\/08\/IMG-20260827-WA0019-225x300.jpg 225w, https:\/\/pans.krosno.pl\/pedagogika-przedszkolna-i-wczesnoszkolna\/wp-content\/uploads\/sites\/68\/2026\/08\/IMG-20260827-WA0019-1152x1536.jpg 1152w, https:\/\/pans.krosno.pl\/pedagogika-przedszkolna-i-wczesnoszkolna\/wp-content\/uploads\/sites\/68\/2026\/08\/IMG-20260827-WA0019-800x1067.jpg 800w, https:\/\/pans.krosno.pl\/pedagogika-przedszkolna-i-wczesnoszkolna\/wp-content\/uploads\/sites\/68\/2026\/08\/IMG-20260827-WA0019-580x773.jpg 580w, https:\/\/pans.krosno.pl\/pedagogika-przedszkolna-i-wczesnoszkolna\/wp-content\/uploads\/sites\/68\/2026\/08\/IMG-20260827-WA0019.jpg 1536w\" sizes=\"auto, (max-width: 768px) 100vw, 768px\" \/><\/figure>\n\n\n\n<figure class=\"wp-block-image size-large\"><img loading=\"lazy\" decoding=\"async\" width=\"768\" height=\"1024\" data-id=\"475\" src=\"https:\/\/pans.krosno.pl\/pedagogika-przedszkolna-i-wczesnoszkolna\/wp-content\/uploads\/sites\/68\/2026\/08\/IMG-20260827-WA0020-768x1024.jpg\" alt=\"\" class=\"wp-image-475\" srcset=\"https:\/\/pans.krosno.pl\/pedagogika-przedszkolna-i-wczesnoszkolna\/wp-content\/uploads\/sites\/68\/2026\/08\/IMG-20260827-WA0020-768x1024.jpg 768w, https:\/\/pans.krosno.pl\/pedagogika-przedszkolna-i-wczesnoszkolna\/wp-content\/uploads\/sites\/68\/2026\/08\/IMG-20260827-WA0020-225x300.jpg 225w, https:\/\/pans.krosno.pl\/pedagogika-przedszkolna-i-wczesnoszkolna\/wp-content\/uploads\/sites\/68\/2026\/08\/IMG-20260827-WA0020-1152x1536.jpg 1152w, https:\/\/pans.krosno.pl\/pedagogika-przedszkolna-i-wczesnoszkolna\/wp-content\/uploads\/sites\/68\/2026\/08\/IMG-20260827-WA0020-800x1067.jpg 800w, https:\/\/pans.krosno.pl\/pedagogika-przedszkolna-i-wczesnoszkolna\/wp-content\/uploads\/sites\/68\/2026\/08\/IMG-20260827-WA0020-580x773.jpg 580w, https:\/\/pans.krosno.pl\/pedagogika-przedszkolna-i-wczesnoszkolna\/wp-content\/uploads\/sites\/68\/2026\/08\/IMG-20260827-WA0020.jpg 1536w\" sizes=\"auto, (max-width: 768px) 100vw, 768px\" \/><\/figure>\n\n\n\n<figure class=\"wp-block-image size-large\"><img loading=\"lazy\" decoding=\"async\" width=\"768\" height=\"1024\" data-id=\"476\" src=\"https:\/\/pans.krosno.pl\/pedagogika-przedszkolna-i-wczesnoszkolna\/wp-content\/uploads\/sites\/68\/2026\/08\/IMG-20260827-WA0021-768x1024.jpg\" alt=\"\" class=\"wp-image-476\" srcset=\"https:\/\/pans.krosno.pl\/pedagogika-przedszkolna-i-wczesnoszkolna\/wp-content\/uploads\/sites\/68\/2026\/08\/IMG-20260827-WA0021-768x1024.jpg 768w, https:\/\/pans.krosno.pl\/pedagogika-przedszkolna-i-wczesnoszkolna\/wp-content\/uploads\/sites\/68\/2026\/08\/IMG-20260827-WA0021-225x300.jpg 225w, https:\/\/pans.krosno.pl\/pedagogika-przedszkolna-i-wczesnoszkolna\/wp-content\/uploads\/sites\/68\/2026\/08\/IMG-20260827-WA0021-1152x1536.jpg 1152w, https:\/\/pans.krosno.pl\/pedagogika-przedszkolna-i-wczesnoszkolna\/wp-content\/uploads\/sites\/68\/2026\/08\/IMG-20260827-WA0021-800x1067.jpg 800w, https:\/\/pans.krosno.pl\/pedagogika-przedszkolna-i-wczesnoszkolna\/wp-content\/uploads\/sites\/68\/2026\/08\/IMG-20260827-WA0021-580x773.jpg 580w, https:\/\/pans.krosno.pl\/pedagogika-przedszkolna-i-wczesnoszkolna\/wp-content\/uploads\/sites\/68\/2026\/08\/IMG-20260827-WA0021.jpg 1536w\" sizes=\"auto, (max-width: 768px) 100vw, 768px\" \/><\/figure>\n\n\n\n<figure class=\"wp-block-image size-large\"><img loading=\"lazy\" decoding=\"async\" width=\"768\" height=\"1024\" data-id=\"477\" src=\"https:\/\/pans.krosno.pl\/pedagogika-przedszkolna-i-wczesnoszkolna\/wp-content\/uploads\/sites\/68\/2026\/08\/IMG-20260827-WA0022-768x1024.jpg\" alt=\"\" class=\"wp-image-477\" srcset=\"https:\/\/pans.krosno.pl\/pedagogika-przedszkolna-i-wczesnoszkolna\/wp-content\/uploads\/sites\/68\/2026\/08\/IMG-20260827-WA0022-768x1024.jpg 768w, https:\/\/pans.krosno.pl\/pedagogika-przedszkolna-i-wczesnoszkolna\/wp-content\/uploads\/sites\/68\/2026\/08\/IMG-20260827-WA0022-225x300.jpg 225w, https:\/\/pans.krosno.pl\/pedagogika-przedszkolna-i-wczesnoszkolna\/wp-content\/uploads\/sites\/68\/2026\/08\/IMG-20260827-WA0022-1152x1536.jpg 1152w, https:\/\/pans.krosno.pl\/pedagogika-przedszkolna-i-wczesnoszkolna\/wp-content\/uploads\/sites\/68\/2026\/08\/IMG-20260827-WA0022-800x1067.jpg 800w, https:\/\/pans.krosno.pl\/pedagogika-przedszkolna-i-wczesnoszkolna\/wp-content\/uploads\/sites\/68\/2026\/08\/IMG-20260827-WA0022-580x773.jpg 580w, https:\/\/pans.krosno.pl\/pedagogika-przedszkolna-i-wczesnoszkolna\/wp-content\/uploads\/sites\/68\/2026\/08\/IMG-20260827-WA0022.jpg 1536w\" sizes=\"auto, (max-width: 768px) 100vw, 768px\" \/><\/figure>\n\n\n\n<figure class=\"wp-block-image size-large\"><img loading=\"lazy\" decoding=\"async\" width=\"768\" height=\"1024\" data-id=\"478\" src=\"https:\/\/pans.krosno.pl\/pedagogika-przedszkolna-i-wczesnoszkolna\/wp-content\/uploads\/sites\/68\/2026\/08\/IMG-20260827-WA0023-768x1024.jpg\" alt=\"\" class=\"wp-image-478\" srcset=\"https:\/\/pans.krosno.pl\/pedagogika-przedszkolna-i-wczesnoszkolna\/wp-content\/uploads\/sites\/68\/2026\/08\/IMG-20260827-WA0023-768x1024.jpg 768w, https:\/\/pans.krosno.pl\/pedagogika-przedszkolna-i-wczesnoszkolna\/wp-content\/uploads\/sites\/68\/2026\/08\/IMG-20260827-WA0023-225x300.jpg 225w, https:\/\/pans.krosno.pl\/pedagogika-przedszkolna-i-wczesnoszkolna\/wp-content\/uploads\/sites\/68\/2026\/08\/IMG-20260827-WA0023-1152x1536.jpg 1152w, https:\/\/pans.krosno.pl\/pedagogika-przedszkolna-i-wczesnoszkolna\/wp-content\/uploads\/sites\/68\/2026\/08\/IMG-20260827-WA0023-800x1067.jpg 800w, https:\/\/pans.krosno.pl\/pedagogika-przedszkolna-i-wczesnoszkolna\/wp-content\/uploads\/sites\/68\/2026\/08\/IMG-20260827-WA0023-580x773.jpg 580w, https:\/\/pans.krosno.pl\/pedagogika-przedszkolna-i-wczesnoszkolna\/wp-content\/uploads\/sites\/68\/2026\/08\/IMG-20260827-WA0023.jpg 1536w\" sizes=\"auto, (max-width: 768px) 100vw, 768px\" \/><\/figure>\n\n\n\n<figure class=\"wp-block-image size-large\"><img loading=\"lazy\" decoding=\"async\" width=\"768\" height=\"1024\" data-id=\"479\" src=\"https:\/\/pans.krosno.pl\/pedagogika-przedszkolna-i-wczesnoszkolna\/wp-content\/uploads\/sites\/68\/2026\/08\/IMG-20260827-WA0024-768x1024.jpg\" alt=\"\" class=\"wp-image-479\" srcset=\"https:\/\/pans.krosno.pl\/pedagogika-przedszkolna-i-wczesnoszkolna\/wp-content\/uploads\/sites\/68\/2026\/08\/IMG-20260827-WA0024-768x1024.jpg 768w, https:\/\/pans.krosno.pl\/pedagogika-przedszkolna-i-wczesnoszkolna\/wp-content\/uploads\/sites\/68\/2026\/08\/IMG-20260827-WA0024-225x300.jpg 225w, https:\/\/pans.krosno.pl\/pedagogika-przedszkolna-i-wczesnoszkolna\/wp-content\/uploads\/sites\/68\/2026\/08\/IMG-20260827-WA0024-1152x1536.jpg 1152w, https:\/\/pans.krosno.pl\/pedagogika-przedszkolna-i-wczesnoszkolna\/wp-content\/uploads\/sites\/68\/2026\/08\/IMG-20260827-WA0024-800x1067.jpg 800w, https:\/\/pans.krosno.pl\/pedagogika-przedszkolna-i-wczesnoszkolna\/wp-content\/uploads\/sites\/68\/2026\/08\/IMG-20260827-WA0024-580x773.jpg 580w, https:\/\/pans.krosno.pl\/pedagogika-przedszkolna-i-wczesnoszkolna\/wp-content\/uploads\/sites\/68\/2026\/08\/IMG-20260827-WA0024.jpg 1536w\" sizes=\"auto, (max-width: 768px) 100vw, 768px\" \/><\/figure>\n\n\n\n<figure class=\"wp-block-image size-large\"><img loading=\"lazy\" decoding=\"async\" width=\"768\" height=\"1024\" data-id=\"480\" src=\"https:\/\/pans.krosno.pl\/pedagogika-przedszkolna-i-wczesnoszkolna\/wp-content\/uploads\/sites\/68\/2026\/08\/IMG-20260827-WA0025-768x1024.jpg\" alt=\"\" class=\"wp-image-480\" srcset=\"https:\/\/pans.krosno.pl\/pedagogika-przedszkolna-i-wczesnoszkolna\/wp-content\/uploads\/sites\/68\/2026\/08\/IMG-20260827-WA0025-768x1024.jpg 768w, https:\/\/pans.krosno.pl\/pedagogika-przedszkolna-i-wczesnoszkolna\/wp-content\/uploads\/sites\/68\/2026\/08\/IMG-20260827-WA0025-225x300.jpg 225w, https:\/\/pans.krosno.pl\/pedagogika-przedszkolna-i-wczesnoszkolna\/wp-content\/uploads\/sites\/68\/2026\/08\/IMG-20260827-WA0025-1152x1536.jpg 1152w, https:\/\/pans.krosno.pl\/pedagogika-przedszkolna-i-wczesnoszkolna\/wp-content\/uploads\/sites\/68\/2026\/08\/IMG-20260827-WA0025-800x1067.jpg 800w, https:\/\/pans.krosno.pl\/pedagogika-przedszkolna-i-wczesnoszkolna\/wp-content\/uploads\/sites\/68\/2026\/08\/IMG-20260827-WA0025-580x773.jpg 580w, https:\/\/pans.krosno.pl\/pedagogika-przedszkolna-i-wczesnoszkolna\/wp-content\/uploads\/sites\/68\/2026\/08\/IMG-20260827-WA0025.jpg 1536w\" sizes=\"auto, (max-width: 768px) 100vw, 768px\" \/><\/figure>\n\n\n\n<figure class=\"wp-block-image size-large\"><img loading=\"lazy\" decoding=\"async\" width=\"768\" height=\"1024\" data-id=\"481\" src=\"https:\/\/pans.krosno.pl\/pedagogika-przedszkolna-i-wczesnoszkolna\/wp-content\/uploads\/sites\/68\/2026\/08\/IMG-20260827-WA0026-768x1024.jpg\" alt=\"\" class=\"wp-image-481\" srcset=\"https:\/\/pans.krosno.pl\/pedagogika-przedszkolna-i-wczesnoszkolna\/wp-content\/uploads\/sites\/68\/2026\/08\/IMG-20260827-WA0026-768x1024.jpg 768w, https:\/\/pans.krosno.pl\/pedagogika-przedszkolna-i-wczesnoszkolna\/wp-content\/uploads\/sites\/68\/2026\/08\/IMG-20260827-WA0026-225x300.jpg 225w, https:\/\/pans.krosno.pl\/pedagogika-przedszkolna-i-wczesnoszkolna\/wp-content\/uploads\/sites\/68\/2026\/08\/IMG-20260827-WA0026-1152x1536.jpg 1152w, https:\/\/pans.krosno.pl\/pedagogika-przedszkolna-i-wczesnoszkolna\/wp-content\/uploads\/sites\/68\/2026\/08\/IMG-20260827-WA0026-800x1067.jpg 800w, https:\/\/pans.krosno.pl\/pedagogika-przedszkolna-i-wczesnoszkolna\/wp-content\/uploads\/sites\/68\/2026\/08\/IMG-20260827-WA0026-580x773.jpg 580w, https:\/\/pans.krosno.pl\/pedagogika-przedszkolna-i-wczesnoszkolna\/wp-content\/uploads\/sites\/68\/2026\/08\/IMG-20260827-WA0026.jpg 1536w\" sizes=\"auto, (max-width: 768px) 100vw, 768px\" \/><\/figure>\n\n\n\n<figure class=\"wp-block-image size-large\"><img loading=\"lazy\" decoding=\"async\" width=\"768\" height=\"1024\" data-id=\"482\" src=\"https:\/\/pans.krosno.pl\/pedagogika-przedszkolna-i-wczesnoszkolna\/wp-content\/uploads\/sites\/68\/2026\/08\/IMG-20260827-WA0027-768x1024.jpg\" alt=\"\" class=\"wp-image-482\" srcset=\"https:\/\/pans.krosno.pl\/pedagogika-przedszkolna-i-wczesnoszkolna\/wp-content\/uploads\/sites\/68\/2026\/08\/IMG-20260827-WA0027-768x1024.jpg 768w, https:\/\/pans.krosno.pl\/pedagogika-przedszkolna-i-wczesnoszkolna\/wp-content\/uploads\/sites\/68\/2026\/08\/IMG-20260827-WA0027-225x300.jpg 225w, https:\/\/pans.krosno.pl\/pedagogika-przedszkolna-i-wczesnoszkolna\/wp-content\/uploads\/sites\/68\/2026\/08\/IMG-20260827-WA0027-1152x1536.jpg 1152w, https:\/\/pans.krosno.pl\/pedagogika-przedszkolna-i-wczesnoszkolna\/wp-content\/uploads\/sites\/68\/2026\/08\/IMG-20260827-WA0027-800x1067.jpg 800w, https:\/\/pans.krosno.pl\/pedagogika-przedszkolna-i-wczesnoszkolna\/wp-content\/uploads\/sites\/68\/2026\/08\/IMG-20260827-WA0027-580x773.jpg 580w, https:\/\/pans.krosno.pl\/pedagogika-przedszkolna-i-wczesnoszkolna\/wp-content\/uploads\/sites\/68\/2026\/08\/IMG-20260827-WA0027.jpg 1536w\" sizes=\"auto, (max-width: 768px) 100vw, 768px\" \/><\/figure>\n<\/figure>\n","protected":false},"excerpt":{"rendered":"<p>Pedagogika \u2013 ogr\u00f3d talent\u00f3w. O makramach, gniotkach, zak\u0142adkach, szmacianych lalkach i balonowych zwierz\u0119tach Podczas Karpackich Klimat\u00f3w PANS w Kro\u015bnie (23 sierpnia 2026r.) kierunki: pedagogika oraz pedagogika przedszkolna i wczesnoszkolna przygotowa\u0142y wyj\u0105tkowe, pe\u0142ne kreatywno\u015bci stoiska. Odwiedzaj\u0105cy mogli podziwia\u0107 i w\u0142asnor\u0119cznie wykona\u0107 makramy, lalki szmaciane, zak\u0142adki do ksi\u0105\u017cek, zgniotki, zwierz\u0119ta z balon\u00f3w [\u2026] <\/p>\n<div class=\"clear\"><\/div>\n<p><a class=\"more_link clearfix\" href=\"https:\/\/pans.krosno.pl\/pedagogika-przedszkolna-i-wczesnoszkolna\/2026\/08\/30\/karpackie-klimaty\/\" rel=\"nofollow\">Read More<\/a><\/p>\n","protected":false},"author":43,"featured_media":477,"comment_status":"open","ping_status":"open","sticky":false,"template":"","format":"standard","meta":{"ngg_post_thumbnail":0,"footnotes":""},"categories":[1],"tags":[],"class_list":["post-455","post","type-post","status-publish","format-standard","has-post-thumbnail","hentry","category-uncategorised"],"yoast_head":"<!-- This site is optimized with the Yoast SEO Premium plugin v28.3 (Yoast SEO v28.3) - https:\/\/yoast.com\/product\/yoast-seo-premium-wordpress\/ -->\n<title>Karpackie Klimaty - Pedagogika przedszkolna i wczesnoszkolna - PANS w Kro\u015bnie<\/title>\n<meta name=\"robots\" content=\"index, follow, max-snippet:-1, max-image-preview:large, max-video-preview:-1\" \/>\n<link rel=\"canonical\" href=\"https:\/\/pans.krosno.pl\/pedagogika-przedszkolna-i-wczesnoszkolna\/2026\/08\/30\/karpackie-klimaty\/\" \/>\n<meta property=\"og:locale\" content=\"pl_PL\" \/>\n<meta property=\"og:type\" content=\"article\" \/>\n<meta property=\"og:title\" content=\"Karpackie Klimaty\" \/>\n<meta property=\"og:description\" content=\"Pedagogika \u2013 ogr\u00f3d talent\u00f3w. O makramach, gniotkach, zak\u0142adkach, szmacianych lalkach i balonowych zwierz\u0119tach Podczas Karpackich Klimat\u00f3w PANS w Kro\u015bnie (23 sierpnia 2026r.) kierunki: pedagogika oraz pedagogika przedszkolna i wczesnoszkolna przygotowa\u0142y wyj\u0105tkowe, pe\u0142ne kreatywno\u015bci stoiska. Odwiedzaj\u0105cy mogli podziwia\u0107 i w\u0142asnor\u0119cznie wykona\u0107 makramy, lalki szmaciane, zak\u0142adki do ksi\u0105\u017cek, zgniotki, zwierz\u0119ta z balon\u00f3w [\u2026] Read More\" \/>\n<meta property=\"og:url\" content=\"https:\/\/pans.krosno.pl\/pedagogika-przedszkolna-i-wczesnoszkolna\/2026\/08\/30\/karpackie-klimaty\/\" \/>\n<meta property=\"og:site_name\" content=\"Pedagogika przedszkolna i wczesnoszkolna - PANS w Kro\u015bnie\" \/>\n<meta property=\"article:publisher\" content=\"https:\/\/www.facebook.com\/StudiaKrosno\/\" \/>\n<meta property=\"article:published_time\" content=\"2026-08-30T10:39:14+00:00\" \/>\n<meta property=\"article:modified_time\" content=\"2026-08-30T11:11:53+00:00\" \/>\n<meta property=\"og:image\" content=\"https:\/\/pans.krosno.pl\/pedagogika-przedszkolna-i-wczesnoszkolna\/wp-content\/uploads\/sites\/68\/2026\/08\/IMG-20260827-WA0022.jpg\" \/>\n\t<meta property=\"og:image:width\" content=\"1536\" \/>\n\t<meta property=\"og:image:height\" content=\"2048\" \/>\n\t<meta property=\"og:image:type\" content=\"image\/jpeg\" \/>\n<meta name=\"author\" content=\"adamprzybysz\" \/>\n<meta name=\"twitter:card\" content=\"summary_large_image\" \/>\n<meta name=\"twitter:label1\" content=\"Napisane przez\" \/>\n\t<meta name=\"twitter:data1\" content=\"adamprzybysz\" \/>\n\t<meta name=\"twitter:label2\" content=\"Szacowany czas czytania\" \/>\n\t<meta name=\"twitter:data2\" content=\"7 minut\" \/>\n<script type=\"application\/ld+json\" class=\"yoast-schema-graph\">{\"@context\":\"https:\\\/\\\/schema.org\",\"@graph\":[{\"@type\":\"Article\",\"@id\":\"https:\\\/\\\/pans.krosno.pl\\\/pedagogika-przedszkolna-i-wczesnoszkolna\\\/2026\\\/08\\\/30\\\/karpackie-klimaty\\\/#article\",\"isPartOf\":{\"@id\":\"https:\\\/\\\/pans.krosno.pl\\\/pedagogika-przedszkolna-i-wczesnoszkolna\\\/2026\\\/08\\\/30\\\/karpackie-klimaty\\\/\"},\"author\":{\"name\":\"adamprzybysz\",\"@id\":\"https:\\\/\\\/pans.krosno.pl\\\/pedagogika-przedszkolna-i-wczesnoszkolna\\\/#\\\/schema\\\/person\\\/02afd779919c5d05dc90bea63b9cc9f8\"},\"headline\":\"Karpackie Klimaty\",\"datePublished\":\"2026-08-30T10:39:14+00:00\",\"dateModified\":\"2026-08-30T11:11:53+00:00\",\"mainEntityOfPage\":{\"@id\":\"https:\\\/\\\/pans.krosno.pl\\\/pedagogika-przedszkolna-i-wczesnoszkolna\\\/2026\\\/08\\\/30\\\/karpackie-klimaty\\\/\"},\"wordCount\":179,\"commentCount\":0,\"publisher\":{\"@id\":\"https:\\\/\\\/pans.krosno.pl\\\/pedagogika-przedszkolna-i-wczesnoszkolna\\\/#organization\"},\"image\":{\"@id\":\"https:\\\/\\\/pans.krosno.pl\\\/pedagogika-przedszkolna-i-wczesnoszkolna\\\/2026\\\/08\\\/30\\\/karpackie-klimaty\\\/#primaryimage\"},\"thumbnailUrl\":\"https:\\\/\\\/pans.krosno.pl\\\/pedagogika-przedszkolna-i-wczesnoszkolna\\\/wp-content\\\/uploads\\\/sites\\\/68\\\/2026\\\/08\\\/IMG-20260827-WA0022.jpg\",\"articleSection\":[\"Uncategorised\"],\"inLanguage\":\"pl-PL\",\"potentialAction\":[{\"@type\":\"CommentAction\",\"name\":\"Comment\",\"target\":[\"https:\\\/\\\/pans.krosno.pl\\\/pedagogika-przedszkolna-i-wczesnoszkolna\\\/2026\\\/08\\\/30\\\/karpackie-klimaty\\\/#respond\"]}]},{\"@type\":\"WebPage\",\"@id\":\"https:\\\/\\\/pans.krosno.pl\\\/pedagogika-przedszkolna-i-wczesnoszkolna\\\/2026\\\/08\\\/30\\\/karpackie-klimaty\\\/\",\"url\":\"https:\\\/\\\/pans.krosno.pl\\\/pedagogika-przedszkolna-i-wczesnoszkolna\\\/2026\\\/08\\\/30\\\/karpackie-klimaty\\\/\",\"name\":\"Karpackie Klimaty - Pedagogika przedszkolna i wczesnoszkolna - PANS w Kro\u015bnie\",\"isPartOf\":{\"@id\":\"https:\\\/\\\/pans.krosno.pl\\\/pedagogika-przedszkolna-i-wczesnoszkolna\\\/#website\"},\"primaryImageOfPage\":{\"@id\":\"https:\\\/\\\/pans.krosno.pl\\\/pedagogika-przedszkolna-i-wczesnoszkolna\\\/2026\\\/08\\\/30\\\/karpackie-klimaty\\\/#primaryimage\"},\"image\":{\"@id\":\"https:\\\/\\\/pans.krosno.pl\\\/pedagogika-przedszkolna-i-wczesnoszkolna\\\/2026\\\/08\\\/30\\\/karpackie-klimaty\\\/#primaryimage\"},\"thumbnailUrl\":\"https:\\\/\\\/pans.krosno.pl\\\/pedagogika-przedszkolna-i-wczesnoszkolna\\\/wp-content\\\/uploads\\\/sites\\\/68\\\/2026\\\/08\\\/IMG-20260827-WA0022.jpg\",\"datePublished\":\"2026-08-30T10:39:14+00:00\",\"dateModified\":\"2026-08-30T11:11:53+00:00\",\"breadcrumb\":{\"@id\":\"https:\\\/\\\/pans.krosno.pl\\\/pedagogika-przedszkolna-i-wczesnoszkolna\\\/2026\\\/08\\\/30\\\/karpackie-klimaty\\\/#breadcrumb\"},\"inLanguage\":\"pl-PL\",\"potentialAction\":[{\"@type\":\"ReadAction\",\"target\":[\"https:\\\/\\\/pans.krosno.pl\\\/pedagogika-przedszkolna-i-wczesnoszkolna\\\/2026\\\/08\\\/30\\\/karpackie-klimaty\\\/\"]}]},{\"@type\":\"ImageObject\",\"inLanguage\":\"pl-PL\",\"@id\":\"https:\\\/\\\/pans.krosno.pl\\\/pedagogika-przedszkolna-i-wczesnoszkolna\\\/2026\\\/08\\\/30\\\/karpackie-klimaty\\\/#primaryimage\",\"url\":\"https:\\\/\\\/pans.krosno.pl\\\/pedagogika-przedszkolna-i-wczesnoszkolna\\\/wp-content\\\/uploads\\\/sites\\\/68\\\/2026\\\/08\\\/IMG-20260827-WA0022.jpg\",\"contentUrl\":\"https:\\\/\\\/pans.krosno.pl\\\/pedagogika-przedszkolna-i-wczesnoszkolna\\\/wp-content\\\/uploads\\\/sites\\\/68\\\/2026\\\/08\\\/IMG-20260827-WA0022.jpg\",\"width\":1536,\"height\":2048},{\"@type\":\"BreadcrumbList\",\"@id\":\"https:\\\/\\\/pans.krosno.pl\\\/pedagogika-przedszkolna-i-wczesnoszkolna\\\/2026\\\/08\\\/30\\\/karpackie-klimaty\\\/#breadcrumb\",\"itemListElement\":[{\"@type\":\"ListItem\",\"position\":1,\"name\":\"Strona g\u0142\u00f3wna\",\"item\":\"https:\\\/\\\/pans.krosno.pl\\\/pedagogika-przedszkolna-i-wczesnoszkolna\\\/\"},{\"@type\":\"ListItem\",\"position\":2,\"name\":\"Uncategorised\",\"item\":\"https:\\\/\\\/pans.krosno.pl\\\/pedagogika-przedszkolna-i-wczesnoszkolna\\\/category\\\/uncategorised\\\/\"},{\"@type\":\"ListItem\",\"position\":3,\"name\":\"Karpackie Klimaty\"}]},{\"@type\":\"WebSite\",\"@id\":\"https:\\\/\\\/pans.krosno.pl\\\/pedagogika-przedszkolna-i-wczesnoszkolna\\\/#website\",\"url\":\"https:\\\/\\\/pans.krosno.pl\\\/pedagogika-przedszkolna-i-wczesnoszkolna\\\/\",\"name\":\"PANS w Kro\u015bnie\",\"description\":\"Pa\u0144stwowa Akademia Nauk Stosowanych w Kro\u015bnie\",\"publisher\":{\"@id\":\"https:\\\/\\\/pans.krosno.pl\\\/pedagogika-przedszkolna-i-wczesnoszkolna\\\/#organization\"},\"alternateName\":\"PANS Krosno\",\"potentialAction\":[{\"@type\":\"SearchAction\",\"target\":{\"@type\":\"EntryPoint\",\"urlTemplate\":\"https:\\\/\\\/pans.krosno.pl\\\/pedagogika-przedszkolna-i-wczesnoszkolna\\\/?s={search_term_string}\"},\"query-input\":{\"@type\":\"PropertyValueSpecification\",\"valueRequired\":true,\"valueName\":\"search_term_string\"}}],\"inLanguage\":\"pl-PL\"},{\"@type\":\"Organization\",\"@id\":\"https:\\\/\\\/pans.krosno.pl\\\/pedagogika-przedszkolna-i-wczesnoszkolna\\\/#organization\",\"name\":\"Pa\u0144stwowa Akademia Nauk Stosowanych w Kro\u015bnie\",\"alternateName\":\"PANS Krosno\",\"url\":\"https:\\\/\\\/pans.krosno.pl\\\/pedagogika-przedszkolna-i-wczesnoszkolna\\\/\",\"logo\":{\"@type\":\"ImageObject\",\"inLanguage\":\"pl-PL\",\"@id\":\"https:\\\/\\\/pans.krosno.pl\\\/pedagogika-przedszkolna-i-wczesnoszkolna\\\/#\\\/schema\\\/logo\\\/image\\\/\",\"url\":\"https:\\\/\\\/pans.krosno.pl\\\/wp-content\\\/uploads\\\/2023\\\/01\\\/Logo-PANS-2022-pelne-2-scaled.jpg\",\"contentUrl\":\"https:\\\/\\\/pans.krosno.pl\\\/wp-content\\\/uploads\\\/2023\\\/01\\\/Logo-PANS-2022-pelne-2-scaled.jpg\",\"width\":2560,\"height\":576,\"caption\":\"Pa\u0144stwowa Akademia Nauk Stosowanych w Kro\u015bnie\"},\"image\":{\"@id\":\"https:\\\/\\\/pans.krosno.pl\\\/pedagogika-przedszkolna-i-wczesnoszkolna\\\/#\\\/schema\\\/logo\\\/image\\\/\"},\"sameAs\":[\"https:\\\/\\\/www.facebook.com\\\/StudiaKrosno\\\/\",\"https:\\\/\\\/www.instagram.com\\\/pans.krosno\\\/\",\"https:\\\/\\\/pl.linkedin.com\\\/company\\\/pwsz-krosno\",\"https:\\\/\\\/www.youtube.com\\\/user\\\/pwszkrosno\\\/\",\"https:\\\/\\\/pl.wikipedia.org\\\/wiki\\\/Pa\u0144stwowa_Wy\u017csza_Szko\u0142a_Zawodowa_im._Stanis\u0142awa_Pigonia_w_Kro\u015bnie\"]},{\"@type\":\"Person\",\"@id\":\"https:\\\/\\\/pans.krosno.pl\\\/pedagogika-przedszkolna-i-wczesnoszkolna\\\/#\\\/schema\\\/person\\\/02afd779919c5d05dc90bea63b9cc9f8\",\"name\":\"adamprzybysz\",\"image\":{\"@type\":\"ImageObject\",\"inLanguage\":\"pl-PL\",\"@id\":\"https:\\\/\\\/secure.gravatar.com\\\/avatar\\\/6bf2c126db6403561f7b72bc719866a3321bb706228c8ed702b579a60f7f33b5?s=96&d=mm&r=g\",\"url\":\"https:\\\/\\\/secure.gravatar.com\\\/avatar\\\/6bf2c126db6403561f7b72bc719866a3321bb706228c8ed702b579a60f7f33b5?s=96&d=mm&r=g\",\"contentUrl\":\"https:\\\/\\\/secure.gravatar.com\\\/avatar\\\/6bf2c126db6403561f7b72bc719866a3321bb706228c8ed702b579a60f7f33b5?s=96&d=mm&r=g\",\"caption\":\"adamprzybysz\"},\"url\":\"https:\\\/\\\/pans.krosno.pl\\\/pedagogika-przedszkolna-i-wczesnoszkolna\\\/author\\\/adamprzybysz\\\/\"}]}<\/script>\n<!-- \/ Yoast SEO Premium plugin. -->","yoast_head_json":{"title":"Karpackie Klimaty - Pedagogika przedszkolna i wczesnoszkolna - PANS w Kro\u015bnie","robots":{"index":"index","follow":"follow","max-snippet":"max-snippet:-1","max-image-preview":"max-image-preview:large","max-video-preview":"max-video-preview:-1"},"canonical":"https:\/\/pans.krosno.pl\/pedagogika-przedszkolna-i-wczesnoszkolna\/2026\/08\/30\/karpackie-klimaty\/","og_locale":"pl_PL","og_type":"article","og_title":"Karpackie Klimaty","og_description":"Pedagogika \u2013 ogr\u00f3d talent\u00f3w. O makramach, gniotkach, zak\u0142adkach, szmacianych lalkach i balonowych zwierz\u0119tach Podczas Karpackich Klimat\u00f3w PANS w Kro\u015bnie (23 sierpnia 2026r.) kierunki: pedagogika oraz pedagogika przedszkolna i wczesnoszkolna przygotowa\u0142y wyj\u0105tkowe, pe\u0142ne kreatywno\u015bci stoiska. Odwiedzaj\u0105cy mogli podziwia\u0107 i w\u0142asnor\u0119cznie wykona\u0107 makramy, lalki szmaciane, zak\u0142adki do ksi\u0105\u017cek, zgniotki, zwierz\u0119ta z balon\u00f3w [\u2026] Read More","og_url":"https:\/\/pans.krosno.pl\/pedagogika-przedszkolna-i-wczesnoszkolna\/2026\/08\/30\/karpackie-klimaty\/","og_site_name":"Pedagogika przedszkolna i wczesnoszkolna - PANS w Kro\u015bnie","article_publisher":"https:\/\/www.facebook.com\/StudiaKrosno\/","article_published_time":"2026-08-30T10:39:14+00:00","article_modified_time":"2026-08-30T11:11:53+00:00","og_image":[{"width":1536,"height":2048,"url":"https:\/\/pans.krosno.pl\/pedagogika-przedszkolna-i-wczesnoszkolna\/wp-content\/uploads\/sites\/68\/2026\/08\/IMG-20260827-WA0022.jpg","type":"image\/jpeg"}],"author":"adamprzybysz","twitter_card":"summary_large_image","twitter_misc":{"Napisane przez":"adamprzybysz","Szacowany czas czytania":"7 minut"},"schema":{"@context":"https:\/\/schema.org","@graph":[{"@type":"Article","@id":"https:\/\/pans.krosno.pl\/pedagogika-przedszkolna-i-wczesnoszkolna\/2026\/08\/30\/karpackie-klimaty\/#article","isPartOf":{"@id":"https:\/\/pans.krosno.pl\/pedagogika-przedszkolna-i-wczesnoszkolna\/2026\/08\/30\/karpackie-klimaty\/"},"author":{"name":"adamprzybysz","@id":"https:\/\/pans.krosno.pl\/pedagogika-przedszkolna-i-wczesnoszkolna\/#\/schema\/person\/02afd779919c5d05dc90bea63b9cc9f8"},"headline":"Karpackie Klimaty","datePublished":"2026-08-30T10:39:14+00:00","dateModified":"2026-08-30T11:11:53+00:00","mainEntityOfPage":{"@id":"https:\/\/pans.krosno.pl\/pedagogika-przedszkolna-i-wczesnoszkolna\/2026\/08\/30\/karpackie-klimaty\/"},"wordCount":179,"commentCount":0,"publisher":{"@id":"https:\/\/pans.krosno.pl\/pedagogika-przedszkolna-i-wczesnoszkolna\/#organization"},"image":{"@id":"https:\/\/pans.krosno.pl\/pedagogika-przedszkolna-i-wczesnoszkolna\/2026\/08\/30\/karpackie-klimaty\/#primaryimage"},"thumbnailUrl":"https:\/\/pans.krosno.pl\/pedagogika-przedszkolna-i-wczesnoszkolna\/wp-content\/uploads\/sites\/68\/2026\/08\/IMG-20260827-WA0022.jpg","articleSection":["Uncategorised"],"inLanguage":"pl-PL","potentialAction":[{"@type":"CommentAction","name":"Comment","target":["https:\/\/pans.krosno.pl\/pedagogika-przedszkolna-i-wczesnoszkolna\/2026\/08\/30\/karpackie-klimaty\/#respond"]}]},{"@type":"WebPage","@id":"https:\/\/pans.krosno.pl\/pedagogika-przedszkolna-i-wczesnoszkolna\/2026\/08\/30\/karpackie-klimaty\/","url":"https:\/\/pans.krosno.pl\/pedagogika-przedszkolna-i-wczesnoszkolna\/2026\/08\/30\/karpackie-klimaty\/","name":"Karpackie Klimaty - Pedagogika przedszkolna i wczesnoszkolna - PANS w Kro\u015bnie","isPartOf":{"@id":"https:\/\/pans.krosno.pl\/pedagogika-przedszkolna-i-wczesnoszkolna\/#website"},"primaryImageOfPage":{"@id":"https:\/\/pans.krosno.pl\/pedagogika-przedszkolna-i-wczesnoszkolna\/2026\/08\/30\/karpackie-klimaty\/#primaryimage"},"image":{"@id":"https:\/\/pans.krosno.pl\/pedagogika-przedszkolna-i-wczesnoszkolna\/2026\/08\/30\/karpackie-klimaty\/#primaryimage"},"thumbnailUrl":"https:\/\/pans.krosno.pl\/pedagogika-przedszkolna-i-wczesnoszkolna\/wp-content\/uploads\/sites\/68\/2026\/08\/IMG-20260827-WA0022.jpg","datePublished":"2026-08-30T10:39:14+00:00","dateModified":"2026-08-30T11:11:53+00:00","breadcrumb":{"@id":"https:\/\/pans.krosno.pl\/pedagogika-przedszkolna-i-wczesnoszkolna\/2026\/08\/30\/karpackie-klimaty\/#breadcrumb"},"inLanguage":"pl-PL","potentialAction":[{"@type":"ReadAction","target":["https:\/\/pans.krosno.pl\/pedagogika-przedszkolna-i-wczesnoszkolna\/2026\/08\/30\/karpackie-klimaty\/"]}]},{"@type":"ImageObject","inLanguage":"pl-PL","@id":"https:\/\/pans.krosno.pl\/pedagogika-przedszkolna-i-wczesnoszkolna\/2026\/08\/30\/karpackie-klimaty\/#primaryimage","url":"https:\/\/pans.krosno.pl\/pedagogika-przedszkolna-i-wczesnoszkolna\/wp-content\/uploads\/sites\/68\/2026\/08\/IMG-20260827-WA0022.jpg","contentUrl":"https:\/\/pans.krosno.pl\/pedagogika-przedszkolna-i-wczesnoszkolna\/wp-content\/uploads\/sites\/68\/2026\/08\/IMG-20260827-WA0022.jpg","width":1536,"height":2048},{"@type":"BreadcrumbList","@id":"https:\/\/pans.krosno.pl\/pedagogika-przedszkolna-i-wczesnoszkolna\/2026\/08\/30\/karpackie-klimaty\/#breadcrumb","itemListElement":[{"@type":"ListItem","position":1,"name":"Strona g\u0142\u00f3wna","item":"https:\/\/pans.krosno.pl\/pedagogika-przedszkolna-i-wczesnoszkolna\/"},{"@type":"ListItem","position":2,"name":"Uncategorised","item":"https:\/\/pans.krosno.pl\/pedagogika-przedszkolna-i-wczesnoszkolna\/category\/uncategorised\/"},{"@type":"ListItem","position":3,"name":"Karpackie Klimaty"}]},{"@type":"WebSite","@id":"https:\/\/pans.krosno.pl\/pedagogika-przedszkolna-i-wczesnoszkolna\/#website","url":"https:\/\/pans.krosno.pl\/pedagogika-przedszkolna-i-wczesnoszkolna\/","name":"PANS w Kro\u015bnie","description":"Pa\u0144stwowa Akademia Nauk Stosowanych w Kro\u015bnie","publisher":{"@id":"https:\/\/pans.krosno.pl\/pedagogika-przedszkolna-i-wczesnoszkolna\/#organization"},"alternateName":"PANS Krosno","potentialAction":[{"@type":"SearchAction","target":{"@type":"EntryPoint","urlTemplate":"https:\/\/pans.krosno.pl\/pedagogika-przedszkolna-i-wczesnoszkolna\/?s={search_term_string}"},"query-input":{"@type":"PropertyValueSpecification","valueRequired":true,"valueName":"search_term_string"}}],"inLanguage":"pl-PL"},{"@type":"Organization","@id":"https:\/\/pans.krosno.pl\/pedagogika-przedszkolna-i-wczesnoszkolna\/#organization","name":"Pa\u0144stwowa Akademia Nauk Stosowanych w Kro\u015bnie","alternateName":"PANS Krosno","url":"https:\/\/pans.krosno.pl\/pedagogika-przedszkolna-i-wczesnoszkolna\/","logo":{"@type":"ImageObject","inLanguage":"pl-PL","@id":"https:\/\/pans.krosno.pl\/pedagogika-przedszkolna-i-wczesnoszkolna\/#\/schema\/logo\/image\/","url":"https:\/\/pans.krosno.pl\/wp-content\/uploads\/2023\/01\/Logo-PANS-2022-pelne-2-scaled.jpg","contentUrl":"https:\/\/pans.krosno.pl\/wp-content\/uploads\/2023\/01\/Logo-PANS-2022-pelne-2-scaled.jpg","width":2560,"height":576,"caption":"Pa\u0144stwowa Akademia Nauk Stosowanych w Kro\u015bnie"},"image":{"@id":"https:\/\/pans.krosno.pl\/pedagogika-przedszkolna-i-wczesnoszkolna\/#\/schema\/logo\/image\/"},"sameAs":["https:\/\/www.facebook.com\/StudiaKrosno\/","https:\/\/www.instagram.com\/pans.krosno\/","https:\/\/pl.linkedin.com\/company\/pwsz-krosno","https:\/\/www.youtube.com\/user\/pwszkrosno\/","https:\/\/pl.wikipedia.org\/wiki\/Pa\u0144stwowa_Wy\u017csza_Szko\u0142a_Zawodowa_im._Stanis\u0142awa_Pigonia_w_Kro\u015bnie"]},{"@type":"Person","@id":"https:\/\/pans.krosno.pl\/pedagogika-przedszkolna-i-wczesnoszkolna\/#\/schema\/person\/02afd779919c5d05dc90bea63b9cc9f8","name":"adamprzybysz","image":{"@type":"ImageObject","inLanguage":"pl-PL","@id":"https:\/\/secure.gravatar.com\/avatar\/6bf2c126db6403561f7b72bc719866a3321bb706228c8ed702b579a60f7f33b5?s=96&d=mm&r=g","url":"https:\/\/secure.gravatar.com\/avatar\/6bf2c126db6403561f7b72bc719866a3321bb706228c8ed702b579a60f7f33b5?s=96&d=mm&r=g","contentUrl":"https:\/\/secure.gravatar.com\/avatar\/6bf2c126db6403561f7b72bc719866a3321bb706228c8ed702b579a60f7f33b5?s=96&d=mm&r=g","caption":"adamprzybysz"},"url":"https:\/\/pans.krosno.pl\/pedagogika-przedszkolna-i-wczesnoszkolna\/author\/adamprzybysz\/"}]}},"_links":{"self":[{"href":"https:\/\/pans.krosno.pl\/pedagogika-przedszkolna-i-wczesnoszkolna\/wp-json\/wp\/v2\/posts\/455","targetHints":{"allow":["GET"]}}],"collection":[{"href":"https:\/\/pans.krosno.pl\/pedagogika-przedszkolna-i-wczesnoszkolna\/wp-json\/wp\/v2\/posts"}],"about":[{"href":"https:\/\/pans.krosno.pl\/pedagogika-przedszkolna-i-wczesnoszkolna\/wp-json\/wp\/v2\/types\/post"}],"author":[{"embeddable":true,"href":"https:\/\/pans.krosno.pl\/pedagogika-przedszkolna-i-wczesnoszkolna\/wp-json\/wp\/v2\/users\/43"}],"replies":[{"embeddable":true,"href":"https:\/\/pans.krosno.pl\/pedagogika-przedszkolna-i-wczesnoszkolna\/wp-json\/wp\/v2\/comments?post=455"}],"version-history":[{"count":1,"href":"https:\/\/pans.krosno.pl\/pedagogika-przedszkolna-i-wczesnoszkolna\/wp-json\/wp\/v2\/posts\/455\/revisions"}],"predecessor-version":[{"id":483,"href":"https:\/\/pans.krosno.pl\/pedagogika-przedszkolna-i-wczesnoszkolna\/wp-json\/wp\/v2\/posts\/455\/revisions\/483"}],"wp:featuredmedia":[{"embeddable":true,"href":"https:\/\/pans.krosno.pl\/pedagogika-przedszkolna-i-wczesnoszkolna\/wp-json\/wp\/v2\/media\/477"}],"wp:attachment":[{"href":"https:\/\/pans.krosno.pl\/pedagogika-przedszkolna-i-wczesnoszkolna\/wp-json\/wp\/v2\/media?parent=455"}],"wp:term":[{"taxonomy":"category","embeddable":true,"href":"https:\/\/pans.krosno.pl\/pedagogika-przedszkolna-i-wczesnoszkolna\/wp-json\/wp\/v2\/categories?post=455"},{"taxonomy":"post_tag","embeddable":true,"href":"https:\/\/pans.krosno.pl\/pedagogika-przedszkolna-i-wczesnoszkolna\/wp-json\/wp\/v2\/tags?post=455"}],"curies":[{"name":"wp","href":"https:\/\/api.w.org\/{rel}","templated":true}]}}