{"id":88,"date":"2019-03-22T16:34:00","date_gmt":"2019-03-22T15:34:00","guid":{"rendered":"https:\/\/pans.krosno.pl\/kola-naukowe\/?p=88"},"modified":"2020-04-20T16:35:00","modified_gmt":"2020-04-20T14:35:00","slug":"akademickich-dni-nauki-i-vi-targi-pracy-z-kolem-naukowym-ekonomistow","status":"publish","type":"post","link":"https:\/\/pans.krosno.pl\/kola-naukowe\/akademickich-dni-nauki-i-vi-targi-pracy-z-kolem-naukowym-ekonomistow\/","title":{"rendered":"Akademickich Dni Nauki i VI Targi Pracy z Ko\u0142em Naukowym Ekonomist\u00f3w"},"content":{"rendered":"\n<figure class=\"wp-block-image size-large\"><img loading=\"lazy\" decoding=\"async\" width=\"310\" height=\"640\" src=\"https:\/\/pans.krosno.pl\/kola-naukowe\/wp-content\/uploads\/sites\/48\/2020\/04\/l3uW3JumZVWqkYlkZA54517153_384277869037353_8802131913729900544_n_2.jpg\" alt=\"\" class=\"wp-image-113\" srcset=\"https:\/\/pans.krosno.pl\/kola-naukowe\/wp-content\/uploads\/sites\/48\/2020\/04\/l3uW3JumZVWqkYlkZA54517153_384277869037353_8802131913729900544_n_2.jpg 310w, https:\/\/pans.krosno.pl\/kola-naukowe\/wp-content\/uploads\/sites\/48\/2020\/04\/l3uW3JumZVWqkYlkZA54517153_384277869037353_8802131913729900544_n_2-145x300.jpg 145w\" sizes=\"auto, (max-width: 310px) 100vw, 310px\" \/><\/figure>\n\n\n\n<p>W ramach Akademickich Dni Nauki 22 marca 2019 roku odby\u0142y si\u0119 VI Targi Pracy PWSZ w Kro\u015bnie. Podczas targ\u00f3w swoj\u0105 dzia\u0142alno\u015b\u0107 zaprezentowa\u0142o Ko\u0142o Naukowe Ekonomist\u00f3w. Studenci pod opiek\u0105 opiekuna ko\u0142a dr in\u017c. Ma\u0142gorzaty G\u00f3rki zaprezentowali warsztaty nt. \u00a0\u201eZgadnij kas\u0119\u201d. Wszystkim odwiedzaj\u0105cym dzi\u0119kujemy za obecno\u015b\u0107\u00a0J<\/p>\n\n\n\n<figure class=\"wp-block-image size-large\"><img loading=\"lazy\" decoding=\"async\" width=\"640\" height=\"359\" src=\"https:\/\/pans.krosno.pl\/kola-naukowe\/wp-content\/uploads\/sites\/48\/2020\/04\/l3uW3JumZVWqkYlkZA55625687_404919486994145_6007972417408860160_n.jpg\" alt=\"\" class=\"wp-image-114\" srcset=\"https:\/\/pans.krosno.pl\/kola-naukowe\/wp-content\/uploads\/sites\/48\/2020\/04\/l3uW3JumZVWqkYlkZA55625687_404919486994145_6007972417408860160_n.jpg 640w, https:\/\/pans.krosno.pl\/kola-naukowe\/wp-content\/uploads\/sites\/48\/2020\/04\/l3uW3JumZVWqkYlkZA55625687_404919486994145_6007972417408860160_n-300x168.jpg 300w, https:\/\/pans.krosno.pl\/kola-naukowe\/wp-content\/uploads\/sites\/48\/2020\/04\/l3uW3JumZVWqkYlkZA55625687_404919486994145_6007972417408860160_n-270x152.jpg 270w, https:\/\/pans.krosno.pl\/kola-naukowe\/wp-content\/uploads\/sites\/48\/2020\/04\/l3uW3JumZVWqkYlkZA55625687_404919486994145_6007972417408860160_n-580x325.jpg 580w\" sizes=\"auto, (max-width: 640px) 100vw, 640px\" \/><\/figure>\n\n\n\nngg_shortcode_0_placeholder\n","protected":false},"excerpt":{"rendered":"<p>W ramach Akademickich Dni Nauki 22 marca 2019 roku odby\u0142y si\u0119 VI Targi Pracy PWSZ w Kro\u015bnie. Podczas targ\u00f3w swoj\u0105 dzia\u0142alno\u015b\u0107 zaprezentowa\u0142o Ko\u0142o Naukowe Ekonomist\u00f3w. Studenci pod opiek\u0105 opiekuna ko\u0142a dr in\u017c. Ma\u0142gorzaty G\u00f3rki zaprezentowali warsztaty nt. \u00a0\u201eZgadnij kas\u0119\u201d. Wszystkim odwiedzaj\u0105cym dzi\u0119kujemy za obecno\u015b\u0107\u00a0J<\/p>\n","protected":false},"author":27,"featured_media":0,"comment_status":"open","ping_status":"open","sticky":false,"template":"","format":"standard","meta":{"ngg_post_thumbnail":0,"footnotes":""},"categories":[2],"tags":[],"class_list":["post-88","post","type-post","status-publish","format-standard","hentry","category-ekonomisci"],"yoast_head":"<!-- This site is optimized with the Yoast SEO Premium plugin v27.4 (Yoast SEO v27.4) - https:\/\/yoast.com\/product\/yoast-seo-premium-wordpress\/ -->\n<title>Akademickich Dni Nauki i VI Targi Pracy z Ko\u0142em Naukowym Ekonomist\u00f3w - Studenckie Ko\u0142a Naukowe PANS w Kro\u015bnie<\/title>\n<meta name=\"robots\" content=\"index, follow, max-snippet:-1, max-image-preview:large, max-video-preview:-1\" \/>\n<link rel=\"canonical\" href=\"https:\/\/pans.krosno.pl\/kola-naukowe\/akademickich-dni-nauki-i-vi-targi-pracy-z-kolem-naukowym-ekonomistow\/\" \/>\n<meta property=\"og:locale\" content=\"pl_PL\" \/>\n<meta property=\"og:type\" content=\"article\" \/>\n<meta property=\"og:title\" content=\"Akademickich Dni Nauki i VI Targi Pracy z Ko\u0142em Naukowym Ekonomist\u00f3w\" \/>\n<meta property=\"og:description\" content=\"W ramach Akademickich Dni Nauki 22 marca 2019 roku odby\u0142y si\u0119 VI Targi Pracy PWSZ w Kro\u015bnie. Podczas targ\u00f3w swoj\u0105 dzia\u0142alno\u015b\u0107 zaprezentowa\u0142o Ko\u0142o Naukowe Ekonomist\u00f3w. Studenci pod opiek\u0105 opiekuna ko\u0142a dr in\u017c. Ma\u0142gorzaty G\u00f3rki zaprezentowali warsztaty nt. \u00a0\u201eZgadnij kas\u0119\u201d. Wszystkim odwiedzaj\u0105cym dzi\u0119kujemy za obecno\u015b\u0107\u00a0J\" \/>\n<meta property=\"og:url\" content=\"https:\/\/pans.krosno.pl\/kola-naukowe\/akademickich-dni-nauki-i-vi-targi-pracy-z-kolem-naukowym-ekonomistow\/\" \/>\n<meta property=\"og:site_name\" content=\"Studenckie Ko\u0142a Naukowe PANS w Kro\u015bnie\" \/>\n<meta property=\"article:published_time\" content=\"2019-03-22T15:34:00+00:00\" \/>\n<meta property=\"article:modified_time\" content=\"2020-04-20T14:35:00+00:00\" \/>\n<meta property=\"og:image\" content=\"https:\/\/pans.krosno.pl\/kola-naukowe\/wp-content\/uploads\/sites\/48\/2020\/04\/l3uW3JumZVWqkYlkZA54517153_384277869037353_8802131913729900544_n_2.jpg\" \/>\n<meta name=\"author\" content=\"maciejpolchlopek\" \/>\n<meta name=\"twitter:card\" content=\"summary_large_image\" \/>\n<meta name=\"twitter:label1\" content=\"Napisane przez\" \/>\n\t<meta name=\"twitter:data1\" content=\"maciejpolchlopek\" \/>\n<script type=\"application\/ld+json\" class=\"yoast-schema-graph\">{\"@context\":\"https:\\\/\\\/schema.org\",\"@graph\":[{\"@type\":\"Article\",\"@id\":\"https:\\\/\\\/pans.krosno.pl\\\/kola-naukowe\\\/akademickich-dni-nauki-i-vi-targi-pracy-z-kolem-naukowym-ekonomistow\\\/#article\",\"isPartOf\":{\"@id\":\"https:\\\/\\\/pans.krosno.pl\\\/kola-naukowe\\\/akademickich-dni-nauki-i-vi-targi-pracy-z-kolem-naukowym-ekonomistow\\\/\"},\"author\":{\"name\":\"maciejpolchlopek\",\"@id\":\"https:\\\/\\\/pans.krosno.pl\\\/kola-naukowe\\\/#\\\/schema\\\/person\\\/c1c9d6d593d357f87d9a7d7e44daa34e\"},\"headline\":\"Akademickich Dni Nauki i VI Targi Pracy z Ko\u0142em Naukowym Ekonomist\u00f3w\",\"datePublished\":\"2019-03-22T15:34:00+00:00\",\"dateModified\":\"2020-04-20T14:35:00+00:00\",\"mainEntityOfPage\":{\"@id\":\"https:\\\/\\\/pans.krosno.pl\\\/kola-naukowe\\\/akademickich-dni-nauki-i-vi-targi-pracy-z-kolem-naukowym-ekonomistow\\\/\"},\"wordCount\":77,\"commentCount\":0,\"publisher\":{\"@id\":\"https:\\\/\\\/pans.krosno.pl\\\/kola-naukowe\\\/#organization\"},\"image\":{\"@id\":\"https:\\\/\\\/pans.krosno.pl\\\/kola-naukowe\\\/akademickich-dni-nauki-i-vi-targi-pracy-z-kolem-naukowym-ekonomistow\\\/#primaryimage\"},\"thumbnailUrl\":\"https:\\\/\\\/pans.krosno.pl\\\/kola-naukowe\\\/wp-content\\\/uploads\\\/sites\\\/48\\\/2020\\\/04\\\/l3uW3JumZVWqkYlkZA54517153_384277869037353_8802131913729900544_n_2.jpg\",\"articleSection\":[\"Ekonomi\u015bci\"],\"inLanguage\":\"pl-PL\",\"potentialAction\":[{\"@type\":\"CommentAction\",\"name\":\"Comment\",\"target\":[\"https:\\\/\\\/pans.krosno.pl\\\/kola-naukowe\\\/akademickich-dni-nauki-i-vi-targi-pracy-z-kolem-naukowym-ekonomistow\\\/#respond\"]}]},{\"@type\":\"WebPage\",\"@id\":\"https:\\\/\\\/pans.krosno.pl\\\/kola-naukowe\\\/akademickich-dni-nauki-i-vi-targi-pracy-z-kolem-naukowym-ekonomistow\\\/\",\"url\":\"https:\\\/\\\/pans.krosno.pl\\\/kola-naukowe\\\/akademickich-dni-nauki-i-vi-targi-pracy-z-kolem-naukowym-ekonomistow\\\/\",\"name\":\"Akademickich Dni Nauki i VI Targi Pracy z Ko\u0142em Naukowym Ekonomist\u00f3w - Studenckie Ko\u0142a Naukowe PANS w Kro\u015bnie\",\"isPartOf\":{\"@id\":\"https:\\\/\\\/pans.krosno.pl\\\/kola-naukowe\\\/#website\"},\"primaryImageOfPage\":{\"@id\":\"https:\\\/\\\/pans.krosno.pl\\\/kola-naukowe\\\/akademickich-dni-nauki-i-vi-targi-pracy-z-kolem-naukowym-ekonomistow\\\/#primaryimage\"},\"image\":{\"@id\":\"https:\\\/\\\/pans.krosno.pl\\\/kola-naukowe\\\/akademickich-dni-nauki-i-vi-targi-pracy-z-kolem-naukowym-ekonomistow\\\/#primaryimage\"},\"thumbnailUrl\":\"https:\\\/\\\/pans.krosno.pl\\\/kola-naukowe\\\/wp-content\\\/uploads\\\/sites\\\/48\\\/2020\\\/04\\\/l3uW3JumZVWqkYlkZA54517153_384277869037353_8802131913729900544_n_2.jpg\",\"datePublished\":\"2019-03-22T15:34:00+00:00\",\"dateModified\":\"2020-04-20T14:35:00+00:00\",\"breadcrumb\":{\"@id\":\"https:\\\/\\\/pans.krosno.pl\\\/kola-naukowe\\\/akademickich-dni-nauki-i-vi-targi-pracy-z-kolem-naukowym-ekonomistow\\\/#breadcrumb\"},\"inLanguage\":\"pl-PL\",\"potentialAction\":[{\"@type\":\"ReadAction\",\"target\":[\"https:\\\/\\\/pans.krosno.pl\\\/kola-naukowe\\\/akademickich-dni-nauki-i-vi-targi-pracy-z-kolem-naukowym-ekonomistow\\\/\"]}]},{\"@type\":\"ImageObject\",\"inLanguage\":\"pl-PL\",\"@id\":\"https:\\\/\\\/pans.krosno.pl\\\/kola-naukowe\\\/akademickich-dni-nauki-i-vi-targi-pracy-z-kolem-naukowym-ekonomistow\\\/#primaryimage\",\"url\":\"https:\\\/\\\/pans.krosno.pl\\\/kola-naukowe\\\/wp-content\\\/uploads\\\/sites\\\/48\\\/2020\\\/04\\\/l3uW3JumZVWqkYlkZA54517153_384277869037353_8802131913729900544_n_2.jpg\",\"contentUrl\":\"https:\\\/\\\/pans.krosno.pl\\\/kola-naukowe\\\/wp-content\\\/uploads\\\/sites\\\/48\\\/2020\\\/04\\\/l3uW3JumZVWqkYlkZA54517153_384277869037353_8802131913729900544_n_2.jpg\",\"width\":310,\"height\":640},{\"@type\":\"BreadcrumbList\",\"@id\":\"https:\\\/\\\/pans.krosno.pl\\\/kola-naukowe\\\/akademickich-dni-nauki-i-vi-targi-pracy-z-kolem-naukowym-ekonomistow\\\/#breadcrumb\",\"itemListElement\":[{\"@type\":\"ListItem\",\"position\":1,\"name\":\"Strona g\u0142\u00f3wna\",\"item\":\"https:\\\/\\\/pans.krosno.pl\\\/kola-naukowe\\\/\"},{\"@type\":\"ListItem\",\"position\":2,\"name\":\"Akademickich Dni Nauki i VI Targi Pracy z Ko\u0142em Naukowym Ekonomist\u00f3w\"}]},{\"@type\":\"WebSite\",\"@id\":\"https:\\\/\\\/pans.krosno.pl\\\/kola-naukowe\\\/#website\",\"url\":\"https:\\\/\\\/pans.krosno.pl\\\/kola-naukowe\\\/\",\"name\":\"Studenckie Ko\u0142a Naukowe PANS w Kro\u015bnie\",\"description\":\"Studenckie Ko\u0142a Naukowe - Pa\u0144stwowa Akademia Nauk Stosowanych\",\"publisher\":{\"@id\":\"https:\\\/\\\/pans.krosno.pl\\\/kola-naukowe\\\/#organization\"},\"potentialAction\":[{\"@type\":\"SearchAction\",\"target\":{\"@type\":\"EntryPoint\",\"urlTemplate\":\"https:\\\/\\\/pans.krosno.pl\\\/kola-naukowe\\\/?s={search_term_string}\"},\"query-input\":{\"@type\":\"PropertyValueSpecification\",\"valueRequired\":true,\"valueName\":\"search_term_string\"}}],\"inLanguage\":\"pl-PL\"},{\"@type\":\"Organization\",\"@id\":\"https:\\\/\\\/pans.krosno.pl\\\/kola-naukowe\\\/#organization\",\"name\":\"Studenckie Ko\u0142a Naukowe PANS w Kro\u015bnie\",\"url\":\"https:\\\/\\\/pans.krosno.pl\\\/kola-naukowe\\\/\",\"logo\":{\"@type\":\"ImageObject\",\"inLanguage\":\"pl-PL\",\"@id\":\"https:\\\/\\\/pans.krosno.pl\\\/kola-naukowe\\\/#\\\/schema\\\/logo\\\/image\\\/\",\"url\":\"https:\\\/\\\/pans.krosno.pl\\\/kola-naukowe\\\/wp-content\\\/uploads\\\/sites\\\/48\\\/2023\\\/01\\\/Logo-PANS-2022-pelne.png\",\"contentUrl\":\"https:\\\/\\\/pans.krosno.pl\\\/kola-naukowe\\\/wp-content\\\/uploads\\\/sites\\\/48\\\/2023\\\/01\\\/Logo-PANS-2022-pelne.png\",\"width\":3096,\"height\":696,\"caption\":\"Studenckie Ko\u0142a Naukowe PANS w Kro\u015bnie\"},\"image\":{\"@id\":\"https:\\\/\\\/pans.krosno.pl\\\/kola-naukowe\\\/#\\\/schema\\\/logo\\\/image\\\/\"}},{\"@type\":\"Person\",\"@id\":\"https:\\\/\\\/pans.krosno.pl\\\/kola-naukowe\\\/#\\\/schema\\\/person\\\/c1c9d6d593d357f87d9a7d7e44daa34e\",\"name\":\"maciejpolchlopek\",\"image\":{\"@type\":\"ImageObject\",\"inLanguage\":\"pl-PL\",\"@id\":\"https:\\\/\\\/secure.gravatar.com\\\/avatar\\\/2fadd549eeed4871c9aa96e96d8519cac8006657ce091e11a5f0ba8a8f5dca66?s=96&d=mm&r=g\",\"url\":\"https:\\\/\\\/secure.gravatar.com\\\/avatar\\\/2fadd549eeed4871c9aa96e96d8519cac8006657ce091e11a5f0ba8a8f5dca66?s=96&d=mm&r=g\",\"contentUrl\":\"https:\\\/\\\/secure.gravatar.com\\\/avatar\\\/2fadd549eeed4871c9aa96e96d8519cac8006657ce091e11a5f0ba8a8f5dca66?s=96&d=mm&r=g\",\"caption\":\"maciejpolchlopek\"},\"url\":\"https:\\\/\\\/pans.krosno.pl\\\/kola-naukowe\\\/author\\\/maciejpolchlopek\\\/\"}]}<\/script>\n<!-- \/ Yoast SEO Premium plugin. -->","yoast_head_json":{"title":"Akademickich Dni Nauki i VI Targi Pracy z Ko\u0142em Naukowym Ekonomist\u00f3w - Studenckie Ko\u0142a Naukowe PANS w Kro\u015bnie","robots":{"index":"index","follow":"follow","max-snippet":"max-snippet:-1","max-image-preview":"max-image-preview:large","max-video-preview":"max-video-preview:-1"},"canonical":"https:\/\/pans.krosno.pl\/kola-naukowe\/akademickich-dni-nauki-i-vi-targi-pracy-z-kolem-naukowym-ekonomistow\/","og_locale":"pl_PL","og_type":"article","og_title":"Akademickich Dni Nauki i VI Targi Pracy z Ko\u0142em Naukowym Ekonomist\u00f3w","og_description":"W ramach Akademickich Dni Nauki 22 marca 2019 roku odby\u0142y si\u0119 VI Targi Pracy PWSZ w Kro\u015bnie. Podczas targ\u00f3w swoj\u0105 dzia\u0142alno\u015b\u0107 zaprezentowa\u0142o Ko\u0142o Naukowe Ekonomist\u00f3w. Studenci pod opiek\u0105 opiekuna ko\u0142a dr in\u017c. Ma\u0142gorzaty G\u00f3rki zaprezentowali warsztaty nt. \u00a0\u201eZgadnij kas\u0119\u201d. Wszystkim odwiedzaj\u0105cym dzi\u0119kujemy za obecno\u015b\u0107\u00a0J","og_url":"https:\/\/pans.krosno.pl\/kola-naukowe\/akademickich-dni-nauki-i-vi-targi-pracy-z-kolem-naukowym-ekonomistow\/","og_site_name":"Studenckie Ko\u0142a Naukowe PANS w Kro\u015bnie","article_published_time":"2019-03-22T15:34:00+00:00","article_modified_time":"2020-04-20T14:35:00+00:00","og_image":[{"url":"https:\/\/pans.krosno.pl\/kola-naukowe\/wp-content\/uploads\/sites\/48\/2020\/04\/l3uW3JumZVWqkYlkZA54517153_384277869037353_8802131913729900544_n_2.jpg","type":"","width":"","height":""}],"author":"maciejpolchlopek","twitter_card":"summary_large_image","twitter_misc":{"Napisane przez":"maciejpolchlopek"},"schema":{"@context":"https:\/\/schema.org","@graph":[{"@type":"Article","@id":"https:\/\/pans.krosno.pl\/kola-naukowe\/akademickich-dni-nauki-i-vi-targi-pracy-z-kolem-naukowym-ekonomistow\/#article","isPartOf":{"@id":"https:\/\/pans.krosno.pl\/kola-naukowe\/akademickich-dni-nauki-i-vi-targi-pracy-z-kolem-naukowym-ekonomistow\/"},"author":{"name":"maciejpolchlopek","@id":"https:\/\/pans.krosno.pl\/kola-naukowe\/#\/schema\/person\/c1c9d6d593d357f87d9a7d7e44daa34e"},"headline":"Akademickich Dni Nauki i VI Targi Pracy z Ko\u0142em Naukowym Ekonomist\u00f3w","datePublished":"2019-03-22T15:34:00+00:00","dateModified":"2020-04-20T14:35:00+00:00","mainEntityOfPage":{"@id":"https:\/\/pans.krosno.pl\/kola-naukowe\/akademickich-dni-nauki-i-vi-targi-pracy-z-kolem-naukowym-ekonomistow\/"},"wordCount":77,"commentCount":0,"publisher":{"@id":"https:\/\/pans.krosno.pl\/kola-naukowe\/#organization"},"image":{"@id":"https:\/\/pans.krosno.pl\/kola-naukowe\/akademickich-dni-nauki-i-vi-targi-pracy-z-kolem-naukowym-ekonomistow\/#primaryimage"},"thumbnailUrl":"https:\/\/pans.krosno.pl\/kola-naukowe\/wp-content\/uploads\/sites\/48\/2020\/04\/l3uW3JumZVWqkYlkZA54517153_384277869037353_8802131913729900544_n_2.jpg","articleSection":["Ekonomi\u015bci"],"inLanguage":"pl-PL","potentialAction":[{"@type":"CommentAction","name":"Comment","target":["https:\/\/pans.krosno.pl\/kola-naukowe\/akademickich-dni-nauki-i-vi-targi-pracy-z-kolem-naukowym-ekonomistow\/#respond"]}]},{"@type":"WebPage","@id":"https:\/\/pans.krosno.pl\/kola-naukowe\/akademickich-dni-nauki-i-vi-targi-pracy-z-kolem-naukowym-ekonomistow\/","url":"https:\/\/pans.krosno.pl\/kola-naukowe\/akademickich-dni-nauki-i-vi-targi-pracy-z-kolem-naukowym-ekonomistow\/","name":"Akademickich Dni Nauki i VI Targi Pracy z Ko\u0142em Naukowym Ekonomist\u00f3w - Studenckie Ko\u0142a Naukowe PANS w Kro\u015bnie","isPartOf":{"@id":"https:\/\/pans.krosno.pl\/kola-naukowe\/#website"},"primaryImageOfPage":{"@id":"https:\/\/pans.krosno.pl\/kola-naukowe\/akademickich-dni-nauki-i-vi-targi-pracy-z-kolem-naukowym-ekonomistow\/#primaryimage"},"image":{"@id":"https:\/\/pans.krosno.pl\/kola-naukowe\/akademickich-dni-nauki-i-vi-targi-pracy-z-kolem-naukowym-ekonomistow\/#primaryimage"},"thumbnailUrl":"https:\/\/pans.krosno.pl\/kola-naukowe\/wp-content\/uploads\/sites\/48\/2020\/04\/l3uW3JumZVWqkYlkZA54517153_384277869037353_8802131913729900544_n_2.jpg","datePublished":"2019-03-22T15:34:00+00:00","dateModified":"2020-04-20T14:35:00+00:00","breadcrumb":{"@id":"https:\/\/pans.krosno.pl\/kola-naukowe\/akademickich-dni-nauki-i-vi-targi-pracy-z-kolem-naukowym-ekonomistow\/#breadcrumb"},"inLanguage":"pl-PL","potentialAction":[{"@type":"ReadAction","target":["https:\/\/pans.krosno.pl\/kola-naukowe\/akademickich-dni-nauki-i-vi-targi-pracy-z-kolem-naukowym-ekonomistow\/"]}]},{"@type":"ImageObject","inLanguage":"pl-PL","@id":"https:\/\/pans.krosno.pl\/kola-naukowe\/akademickich-dni-nauki-i-vi-targi-pracy-z-kolem-naukowym-ekonomistow\/#primaryimage","url":"https:\/\/pans.krosno.pl\/kola-naukowe\/wp-content\/uploads\/sites\/48\/2020\/04\/l3uW3JumZVWqkYlkZA54517153_384277869037353_8802131913729900544_n_2.jpg","contentUrl":"https:\/\/pans.krosno.pl\/kola-naukowe\/wp-content\/uploads\/sites\/48\/2020\/04\/l3uW3JumZVWqkYlkZA54517153_384277869037353_8802131913729900544_n_2.jpg","width":310,"height":640},{"@type":"BreadcrumbList","@id":"https:\/\/pans.krosno.pl\/kola-naukowe\/akademickich-dni-nauki-i-vi-targi-pracy-z-kolem-naukowym-ekonomistow\/#breadcrumb","itemListElement":[{"@type":"ListItem","position":1,"name":"Strona g\u0142\u00f3wna","item":"https:\/\/pans.krosno.pl\/kola-naukowe\/"},{"@type":"ListItem","position":2,"name":"Akademickich Dni Nauki i VI Targi Pracy z Ko\u0142em Naukowym Ekonomist\u00f3w"}]},{"@type":"WebSite","@id":"https:\/\/pans.krosno.pl\/kola-naukowe\/#website","url":"https:\/\/pans.krosno.pl\/kola-naukowe\/","name":"Studenckie Ko\u0142a Naukowe PANS w Kro\u015bnie","description":"Studenckie Ko\u0142a Naukowe - Pa\u0144stwowa Akademia Nauk Stosowanych","publisher":{"@id":"https:\/\/pans.krosno.pl\/kola-naukowe\/#organization"},"potentialAction":[{"@type":"SearchAction","target":{"@type":"EntryPoint","urlTemplate":"https:\/\/pans.krosno.pl\/kola-naukowe\/?s={search_term_string}"},"query-input":{"@type":"PropertyValueSpecification","valueRequired":true,"valueName":"search_term_string"}}],"inLanguage":"pl-PL"},{"@type":"Organization","@id":"https:\/\/pans.krosno.pl\/kola-naukowe\/#organization","name":"Studenckie Ko\u0142a Naukowe PANS w Kro\u015bnie","url":"https:\/\/pans.krosno.pl\/kola-naukowe\/","logo":{"@type":"ImageObject","inLanguage":"pl-PL","@id":"https:\/\/pans.krosno.pl\/kola-naukowe\/#\/schema\/logo\/image\/","url":"https:\/\/pans.krosno.pl\/kola-naukowe\/wp-content\/uploads\/sites\/48\/2023\/01\/Logo-PANS-2022-pelne.png","contentUrl":"https:\/\/pans.krosno.pl\/kola-naukowe\/wp-content\/uploads\/sites\/48\/2023\/01\/Logo-PANS-2022-pelne.png","width":3096,"height":696,"caption":"Studenckie Ko\u0142a Naukowe PANS w Kro\u015bnie"},"image":{"@id":"https:\/\/pans.krosno.pl\/kola-naukowe\/#\/schema\/logo\/image\/"}},{"@type":"Person","@id":"https:\/\/pans.krosno.pl\/kola-naukowe\/#\/schema\/person\/c1c9d6d593d357f87d9a7d7e44daa34e","name":"maciejpolchlopek","image":{"@type":"ImageObject","inLanguage":"pl-PL","@id":"https:\/\/secure.gravatar.com\/avatar\/2fadd549eeed4871c9aa96e96d8519cac8006657ce091e11a5f0ba8a8f5dca66?s=96&d=mm&r=g","url":"https:\/\/secure.gravatar.com\/avatar\/2fadd549eeed4871c9aa96e96d8519cac8006657ce091e11a5f0ba8a8f5dca66?s=96&d=mm&r=g","contentUrl":"https:\/\/secure.gravatar.com\/avatar\/2fadd549eeed4871c9aa96e96d8519cac8006657ce091e11a5f0ba8a8f5dca66?s=96&d=mm&r=g","caption":"maciejpolchlopek"},"url":"https:\/\/pans.krosno.pl\/kola-naukowe\/author\/maciejpolchlopek\/"}]}},"_links":{"self":[{"href":"https:\/\/pans.krosno.pl\/kola-naukowe\/wp-json\/wp\/v2\/posts\/88","targetHints":{"allow":["GET"]}}],"collection":[{"href":"https:\/\/pans.krosno.pl\/kola-naukowe\/wp-json\/wp\/v2\/posts"}],"about":[{"href":"https:\/\/pans.krosno.pl\/kola-naukowe\/wp-json\/wp\/v2\/types\/post"}],"author":[{"embeddable":true,"href":"https:\/\/pans.krosno.pl\/kola-naukowe\/wp-json\/wp\/v2\/users\/27"}],"replies":[{"embeddable":true,"href":"https:\/\/pans.krosno.pl\/kola-naukowe\/wp-json\/wp\/v2\/comments?post=88"}],"version-history":[{"count":3,"href":"https:\/\/pans.krosno.pl\/kola-naukowe\/wp-json\/wp\/v2\/posts\/88\/revisions"}],"predecessor-version":[{"id":116,"href":"https:\/\/pans.krosno.pl\/kola-naukowe\/wp-json\/wp\/v2\/posts\/88\/revisions\/116"}],"wp:attachment":[{"href":"https:\/\/pans.krosno.pl\/kola-naukowe\/wp-json\/wp\/v2\/media?parent=88"}],"wp:term":[{"taxonomy":"category","embeddable":true,"href":"https:\/\/pans.krosno.pl\/kola-naukowe\/wp-json\/wp\/v2\/categories?post=88"},{"taxonomy":"post_tag","embeddable":true,"href":"https:\/\/pans.krosno.pl\/kola-naukowe\/wp-json\/wp\/v2\/tags?post=88"}],"curies":[{"name":"wp","href":"https:\/\/api.w.org\/{rel}","templated":true}]}}