{"id":75,"date":"2019-04-24T16:29:00","date_gmt":"2019-04-24T14:29:00","guid":{"rendered":"https:\/\/pans.krosno.pl\/kola-naukowe\/?p=75"},"modified":"2020-04-20T16:31:12","modified_gmt":"2020-04-20T14:31:12","slug":"kolo-naukowe-ekonomistow-na-viii-ogolnopolskiej-konferencji-studenckich-kol-naukowych","status":"publish","type":"post","link":"https:\/\/pans.krosno.pl\/kola-naukowe\/kolo-naukowe-ekonomistow-na-viii-ogolnopolskiej-konferencji-studenckich-kol-naukowych\/","title":{"rendered":"Ko\u0142o Naukowe Ekonomist\u00f3w na VIII Og\u00f3lnopolskiej Konferencji Studenckich K\u00f3\u0142 Naukowych"},"content":{"rendered":"\n<figure class=\"wp-block-image size-large\"><img loading=\"lazy\" decoding=\"async\" width=\"480\" height=\"640\" src=\"https:\/\/pans.krosno.pl\/kola-naukowe\/wp-content\/uploads\/sites\/48\/2020\/04\/l3uW3JumZVWqkYlkZA57750923_371817443432858_6202187174926876672_n.jpg\" alt=\"\" class=\"wp-image-79\" srcset=\"https:\/\/pans.krosno.pl\/kola-naukowe\/wp-content\/uploads\/sites\/48\/2020\/04\/l3uW3JumZVWqkYlkZA57750923_371817443432858_6202187174926876672_n.jpg 480w, https:\/\/pans.krosno.pl\/kola-naukowe\/wp-content\/uploads\/sites\/48\/2020\/04\/l3uW3JumZVWqkYlkZA57750923_371817443432858_6202187174926876672_n-225x300.jpg 225w\" sizes=\"auto, (max-width: 480px) 100vw, 480px\" \/><\/figure>\n\n\n\n<p>W dniu 24 kwietnia 2019 roku cz\u0142onkowie Studenckiego Ko\u0142a Naukowego Ekonomist\u00f3w wzi\u0119li udzia\u0142 w&nbsp;VIII Og\u00f3lnopolskiej Konferencji Studenckich K\u00f3\u0142 Naukowych<strong><em>&nbsp;\u201ePrzedsi\u0119biorczo\u015b\u0107 w XXI wieku\u201d&nbsp;<\/em><\/strong>organizowanej przez Studenckie Ko\u0142o Naukowe MENAGER dzia\u0142aj\u0105ce przy Pa\u0144stwowej Wy\u017cszej Szkole Zawodowej w Tarnowie. Ko\u0142o Naukowe Ekonomist\u00f3w pod opiek\u0105 dr in\u017c. Ma\u0142gorzaty G\u00f3rki, reprezentowali studenci:<\/p>\n\n\n\n<figure class=\"wp-block-image size-large\"><img loading=\"lazy\" decoding=\"async\" width=\"640\" height=\"480\" src=\"https:\/\/pans.krosno.pl\/kola-naukowe\/wp-content\/uploads\/sites\/48\/2020\/04\/l3uW3JumZVWqkYlkZA57649329_412841602612432_2929347341469089792_n.jpg\" alt=\"\" class=\"wp-image-78\" srcset=\"https:\/\/pans.krosno.pl\/kola-naukowe\/wp-content\/uploads\/sites\/48\/2020\/04\/l3uW3JumZVWqkYlkZA57649329_412841602612432_2929347341469089792_n.jpg 640w, https:\/\/pans.krosno.pl\/kola-naukowe\/wp-content\/uploads\/sites\/48\/2020\/04\/l3uW3JumZVWqkYlkZA57649329_412841602612432_2929347341469089792_n-300x225.jpg 300w, https:\/\/pans.krosno.pl\/kola-naukowe\/wp-content\/uploads\/sites\/48\/2020\/04\/l3uW3JumZVWqkYlkZA57649329_412841602612432_2929347341469089792_n-580x435.jpg 580w\" sizes=\"auto, (max-width: 640px) 100vw, 640px\" \/><\/figure>\n\n\n\n<p>kierunku Produkcja i Bezpiecze\u0144stwo \u017bywno\u015bci<\/p>\n\n\n\n<p>Karina Zywar, Karolina Wilk, Bart\u0142omiej Bielawa, referat nt.&nbsp;<em>,,Spo\u017cycie owoc\u00f3w w\u015br\u00f3d mieszka\u0144c\u00f3w wojew\u00f3dztwa podkarpackiego\u201d<\/em><\/p>\n\n\n\n<p>oraz studentki&nbsp;kierunku In\u017cynieria Produkcji, studia magisterskie II stopnia (absolwentki kierunku Produkcja i Bezpiecze\u0144stwo \u017bywno\u015bci) :<\/p>\n\n\n\n<figure class=\"wp-block-image size-large\"><img loading=\"lazy\" decoding=\"async\" width=\"640\" height=\"480\" src=\"https:\/\/pans.krosno.pl\/kola-naukowe\/wp-content\/uploads\/sites\/48\/2020\/04\/l3uW3JumZVWqkYlkZA57649085_2491244590887381_6437162529293598720_n.jpg\" alt=\"\" class=\"wp-image-77\" srcset=\"https:\/\/pans.krosno.pl\/kola-naukowe\/wp-content\/uploads\/sites\/48\/2020\/04\/l3uW3JumZVWqkYlkZA57649085_2491244590887381_6437162529293598720_n.jpg 640w, https:\/\/pans.krosno.pl\/kola-naukowe\/wp-content\/uploads\/sites\/48\/2020\/04\/l3uW3JumZVWqkYlkZA57649085_2491244590887381_6437162529293598720_n-300x225.jpg 300w, https:\/\/pans.krosno.pl\/kola-naukowe\/wp-content\/uploads\/sites\/48\/2020\/04\/l3uW3JumZVWqkYlkZA57649085_2491244590887381_6437162529293598720_n-580x435.jpg 580w\" sizes=\"auto, (max-width: 640px) 100vw, 640px\" \/><\/figure>\n\n\n\n<p><em>2.&nbsp;&nbsp;&nbsp;&nbsp;<\/em>Ewelina Haczela, Patrycja Wojto\u0144, referat nt.&nbsp;<em>\u201eInnowacyjne rozwi\u0105zania w przemy\u015ble spo\u017cywczym na przyk\u0142adzie wybranej sp\u00f3\u0142dzielni mleczarskiej\u201d.<\/em><\/p>\n\n\n\n<p>3.&nbsp;&nbsp;&nbsp;&nbsp;&nbsp;&nbsp;&nbsp;Anna Rogowska,&nbsp;referat nt.&nbsp;<em>\u201e,Bezpiecze\u0144stwo zdrowotne produkt\u00f3w \u017cywno\u015bciowych na polskim rynku.\u201d<\/em><\/p>\n\n\n\n<figure class=\"wp-block-image size-large\"><img loading=\"lazy\" decoding=\"async\" width=\"640\" height=\"480\" src=\"https:\/\/pans.krosno.pl\/kola-naukowe\/wp-content\/uploads\/sites\/48\/2020\/04\/l3uW3JumZVWqkYlkZA57588193_2270254093291295_4682109119711150080_n.jpg\" alt=\"\" class=\"wp-image-76\" srcset=\"https:\/\/pans.krosno.pl\/kola-naukowe\/wp-content\/uploads\/sites\/48\/2020\/04\/l3uW3JumZVWqkYlkZA57588193_2270254093291295_4682109119711150080_n.jpg 640w, https:\/\/pans.krosno.pl\/kola-naukowe\/wp-content\/uploads\/sites\/48\/2020\/04\/l3uW3JumZVWqkYlkZA57588193_2270254093291295_4682109119711150080_n-300x225.jpg 300w, https:\/\/pans.krosno.pl\/kola-naukowe\/wp-content\/uploads\/sites\/48\/2020\/04\/l3uW3JumZVWqkYlkZA57588193_2270254093291295_4682109119711150080_n-580x435.jpg 580w\" sizes=\"auto, (max-width: 640px) 100vw, 640px\" \/><\/figure>\n\n\n\n<p><strong>Studentom serdecznie gratulujemy i \u017cyczymy dalszych sukces\u00f3w naukowych !!!<\/strong><\/p>\n\n\n\n<figure class=\"wp-block-image size-large\"><img loading=\"lazy\" decoding=\"async\" width=\"480\" height=\"640\" src=\"https:\/\/pans.krosno.pl\/kola-naukowe\/wp-content\/uploads\/sites\/48\/2020\/04\/l3uW3JumZVWqkYlkZA57798847_324534441520130_3966837412402823168_n.jpg\" alt=\"\" class=\"wp-image-80\" srcset=\"https:\/\/pans.krosno.pl\/kola-naukowe\/wp-content\/uploads\/sites\/48\/2020\/04\/l3uW3JumZVWqkYlkZA57798847_324534441520130_3966837412402823168_n.jpg 480w, https:\/\/pans.krosno.pl\/kola-naukowe\/wp-content\/uploads\/sites\/48\/2020\/04\/l3uW3JumZVWqkYlkZA57798847_324534441520130_3966837412402823168_n-225x300.jpg 225w\" sizes=\"auto, (max-width: 480px) 100vw, 480px\" \/><\/figure>\n","protected":false},"excerpt":{"rendered":"<p>W dniu 24 kwietnia 2019 roku cz\u0142onkowie Studenckiego Ko\u0142a Naukowego Ekonomist\u00f3w wzi\u0119li udzia\u0142 w&nbsp;VIII Og\u00f3lnopolskiej Konferencji Studenckich K\u00f3\u0142 Naukowych&nbsp;\u201ePrzedsi\u0119biorczo\u015b\u0107 w XXI wieku\u201d&nbsp;organizowanej przez Studenckie Ko\u0142o Naukowe MENAGER dzia\u0142aj\u0105ce przy Pa\u0144stwowej Wy\u017cszej Szkole Zawodowej w Tarnowie. Ko\u0142o Naukowe Ekonomist\u00f3w pod opiek\u0105 dr in\u017c. Ma\u0142gorzaty G\u00f3rki, reprezentowali studenci: kierunku Produkcja i Bezpiecze\u0144stwo [\u2026] <\/p>\n<div class=\"clear\"><\/div>\n<p><a class=\"more_link clearfix\" href=\"https:\/\/pans.krosno.pl\/kola-naukowe\/kolo-naukowe-ekonomistow-na-viii-ogolnopolskiej-konferencji-studenckich-kol-naukowych\/\" rel=\"nofollow\">Read More<\/a><\/p>\n","protected":false},"author":27,"featured_media":79,"comment_status":"open","ping_status":"open","sticky":false,"template":"","format":"standard","meta":{"ngg_post_thumbnail":0,"footnotes":""},"categories":[2],"tags":[],"class_list":["post-75","post","type-post","status-publish","format-standard","has-post-thumbnail","hentry","category-ekonomisci"],"yoast_head":"<!-- This site is optimized with the Yoast SEO Premium plugin v27.4 (Yoast SEO v27.4) - https:\/\/yoast.com\/product\/yoast-seo-premium-wordpress\/ -->\n<title>Ko\u0142o Naukowe Ekonomist\u00f3w na VIII Og\u00f3lnopolskiej Konferencji Studenckich K\u00f3\u0142 Naukowych - Studenckie Ko\u0142a Naukowe PANS w Kro\u015bnie<\/title>\n<meta name=\"robots\" content=\"index, follow, max-snippet:-1, max-image-preview:large, max-video-preview:-1\" \/>\n<link rel=\"canonical\" href=\"https:\/\/pans.krosno.pl\/kola-naukowe\/kolo-naukowe-ekonomistow-na-viii-ogolnopolskiej-konferencji-studenckich-kol-naukowych\/\" \/>\n<meta property=\"og:locale\" content=\"pl_PL\" \/>\n<meta property=\"og:type\" content=\"article\" \/>\n<meta property=\"og:title\" content=\"Ko\u0142o Naukowe Ekonomist\u00f3w na VIII Og\u00f3lnopolskiej Konferencji Studenckich K\u00f3\u0142 Naukowych\" \/>\n<meta property=\"og:description\" content=\"W dniu 24 kwietnia 2019 roku cz\u0142onkowie Studenckiego Ko\u0142a Naukowego Ekonomist\u00f3w wzi\u0119li udzia\u0142 w&nbsp;VIII Og\u00f3lnopolskiej Konferencji Studenckich K\u00f3\u0142 Naukowych&nbsp;\u201ePrzedsi\u0119biorczo\u015b\u0107 w XXI wieku\u201d&nbsp;organizowanej przez Studenckie Ko\u0142o Naukowe MENAGER dzia\u0142aj\u0105ce przy Pa\u0144stwowej Wy\u017cszej Szkole Zawodowej w Tarnowie. Ko\u0142o Naukowe Ekonomist\u00f3w pod opiek\u0105 dr in\u017c. Ma\u0142gorzaty G\u00f3rki, reprezentowali studenci: kierunku Produkcja i Bezpiecze\u0144stwo [\u2026] Read More\" \/>\n<meta property=\"og:url\" content=\"https:\/\/pans.krosno.pl\/kola-naukowe\/kolo-naukowe-ekonomistow-na-viii-ogolnopolskiej-konferencji-studenckich-kol-naukowych\/\" \/>\n<meta property=\"og:site_name\" content=\"Studenckie Ko\u0142a Naukowe PANS w Kro\u015bnie\" \/>\n<meta property=\"article:published_time\" content=\"2019-04-24T14:29:00+00:00\" \/>\n<meta property=\"article:modified_time\" content=\"2020-04-20T14:31:12+00:00\" \/>\n<meta property=\"og:image\" content=\"https:\/\/pans.krosno.pl\/wp-content\/uploads\/sites\/48\/2020\/04\/l3uW3JumZVWqkYlkZA57750923_371817443432858_6202187174926876672_n.jpg\" \/>\n\t<meta property=\"og:image:width\" content=\"480\" \/>\n\t<meta property=\"og:image:height\" content=\"640\" \/>\n\t<meta property=\"og:image:type\" content=\"image\/jpeg\" \/>\n<meta name=\"author\" content=\"maciejpolchlopek\" \/>\n<meta name=\"twitter:card\" content=\"summary_large_image\" \/>\n<meta name=\"twitter:label1\" content=\"Napisane przez\" \/>\n\t<meta name=\"twitter:data1\" content=\"maciejpolchlopek\" \/>\n\t<meta name=\"twitter:label2\" content=\"Szacowany czas czytania\" \/>\n\t<meta name=\"twitter:data2\" content=\"1 minuta\" \/>\n<script type=\"application\/ld+json\" class=\"yoast-schema-graph\">{\"@context\":\"https:\\\/\\\/schema.org\",\"@graph\":[{\"@type\":\"Article\",\"@id\":\"https:\\\/\\\/pans.krosno.pl\\\/kola-naukowe\\\/kolo-naukowe-ekonomistow-na-viii-ogolnopolskiej-konferencji-studenckich-kol-naukowych\\\/#article\",\"isPartOf\":{\"@id\":\"https:\\\/\\\/pans.krosno.pl\\\/kola-naukowe\\\/kolo-naukowe-ekonomistow-na-viii-ogolnopolskiej-konferencji-studenckich-kol-naukowych\\\/\"},\"author\":{\"name\":\"maciejpolchlopek\",\"@id\":\"https:\\\/\\\/pans.krosno.pl\\\/kola-naukowe\\\/#\\\/schema\\\/person\\\/c1c9d6d593d357f87d9a7d7e44daa34e\"},\"headline\":\"Ko\u0142o Naukowe Ekonomist\u00f3w na VIII Og\u00f3lnopolskiej Konferencji Studenckich K\u00f3\u0142 Naukowych\",\"datePublished\":\"2019-04-24T14:29:00+00:00\",\"dateModified\":\"2020-04-20T14:31:12+00:00\",\"mainEntityOfPage\":{\"@id\":\"https:\\\/\\\/pans.krosno.pl\\\/kola-naukowe\\\/kolo-naukowe-ekonomistow-na-viii-ogolnopolskiej-konferencji-studenckich-kol-naukowych\\\/\"},\"wordCount\":185,\"commentCount\":0,\"publisher\":{\"@id\":\"https:\\\/\\\/pans.krosno.pl\\\/kola-naukowe\\\/#organization\"},\"image\":{\"@id\":\"https:\\\/\\\/pans.krosno.pl\\\/kola-naukowe\\\/kolo-naukowe-ekonomistow-na-viii-ogolnopolskiej-konferencji-studenckich-kol-naukowych\\\/#primaryimage\"},\"thumbnailUrl\":\"https:\\\/\\\/pans.krosno.pl\\\/kola-naukowe\\\/wp-content\\\/uploads\\\/sites\\\/48\\\/2020\\\/04\\\/l3uW3JumZVWqkYlkZA57750923_371817443432858_6202187174926876672_n.jpg\",\"articleSection\":[\"Ekonomi\u015bci\"],\"inLanguage\":\"pl-PL\",\"potentialAction\":[{\"@type\":\"CommentAction\",\"name\":\"Comment\",\"target\":[\"https:\\\/\\\/pans.krosno.pl\\\/kola-naukowe\\\/kolo-naukowe-ekonomistow-na-viii-ogolnopolskiej-konferencji-studenckich-kol-naukowych\\\/#respond\"]}]},{\"@type\":\"WebPage\",\"@id\":\"https:\\\/\\\/pans.krosno.pl\\\/kola-naukowe\\\/kolo-naukowe-ekonomistow-na-viii-ogolnopolskiej-konferencji-studenckich-kol-naukowych\\\/\",\"url\":\"https:\\\/\\\/pans.krosno.pl\\\/kola-naukowe\\\/kolo-naukowe-ekonomistow-na-viii-ogolnopolskiej-konferencji-studenckich-kol-naukowych\\\/\",\"name\":\"Ko\u0142o Naukowe Ekonomist\u00f3w na VIII Og\u00f3lnopolskiej Konferencji Studenckich K\u00f3\u0142 Naukowych - Studenckie Ko\u0142a Naukowe PANS w Kro\u015bnie\",\"isPartOf\":{\"@id\":\"https:\\\/\\\/pans.krosno.pl\\\/kola-naukowe\\\/#website\"},\"primaryImageOfPage\":{\"@id\":\"https:\\\/\\\/pans.krosno.pl\\\/kola-naukowe\\\/kolo-naukowe-ekonomistow-na-viii-ogolnopolskiej-konferencji-studenckich-kol-naukowych\\\/#primaryimage\"},\"image\":{\"@id\":\"https:\\\/\\\/pans.krosno.pl\\\/kola-naukowe\\\/kolo-naukowe-ekonomistow-na-viii-ogolnopolskiej-konferencji-studenckich-kol-naukowych\\\/#primaryimage\"},\"thumbnailUrl\":\"https:\\\/\\\/pans.krosno.pl\\\/kola-naukowe\\\/wp-content\\\/uploads\\\/sites\\\/48\\\/2020\\\/04\\\/l3uW3JumZVWqkYlkZA57750923_371817443432858_6202187174926876672_n.jpg\",\"datePublished\":\"2019-04-24T14:29:00+00:00\",\"dateModified\":\"2020-04-20T14:31:12+00:00\",\"breadcrumb\":{\"@id\":\"https:\\\/\\\/pans.krosno.pl\\\/kola-naukowe\\\/kolo-naukowe-ekonomistow-na-viii-ogolnopolskiej-konferencji-studenckich-kol-naukowych\\\/#breadcrumb\"},\"inLanguage\":\"pl-PL\",\"potentialAction\":[{\"@type\":\"ReadAction\",\"target\":[\"https:\\\/\\\/pans.krosno.pl\\\/kola-naukowe\\\/kolo-naukowe-ekonomistow-na-viii-ogolnopolskiej-konferencji-studenckich-kol-naukowych\\\/\"]}]},{\"@type\":\"ImageObject\",\"inLanguage\":\"pl-PL\",\"@id\":\"https:\\\/\\\/pans.krosno.pl\\\/kola-naukowe\\\/kolo-naukowe-ekonomistow-na-viii-ogolnopolskiej-konferencji-studenckich-kol-naukowych\\\/#primaryimage\",\"url\":\"https:\\\/\\\/pans.krosno.pl\\\/kola-naukowe\\\/wp-content\\\/uploads\\\/sites\\\/48\\\/2020\\\/04\\\/l3uW3JumZVWqkYlkZA57750923_371817443432858_6202187174926876672_n.jpg\",\"contentUrl\":\"https:\\\/\\\/pans.krosno.pl\\\/kola-naukowe\\\/wp-content\\\/uploads\\\/sites\\\/48\\\/2020\\\/04\\\/l3uW3JumZVWqkYlkZA57750923_371817443432858_6202187174926876672_n.jpg\",\"width\":480,\"height\":640},{\"@type\":\"BreadcrumbList\",\"@id\":\"https:\\\/\\\/pans.krosno.pl\\\/kola-naukowe\\\/kolo-naukowe-ekonomistow-na-viii-ogolnopolskiej-konferencji-studenckich-kol-naukowych\\\/#breadcrumb\",\"itemListElement\":[{\"@type\":\"ListItem\",\"position\":1,\"name\":\"Strona g\u0142\u00f3wna\",\"item\":\"https:\\\/\\\/pans.krosno.pl\\\/kola-naukowe\\\/\"},{\"@type\":\"ListItem\",\"position\":2,\"name\":\"Ko\u0142o Naukowe Ekonomist\u00f3w na VIII Og\u00f3lnopolskiej Konferencji Studenckich K\u00f3\u0142 Naukowych\"}]},{\"@type\":\"WebSite\",\"@id\":\"https:\\\/\\\/pans.krosno.pl\\\/kola-naukowe\\\/#website\",\"url\":\"https:\\\/\\\/pans.krosno.pl\\\/kola-naukowe\\\/\",\"name\":\"Studenckie Ko\u0142a Naukowe PANS w Kro\u015bnie\",\"description\":\"Studenckie Ko\u0142a Naukowe - Pa\u0144stwowa Akademia Nauk Stosowanych\",\"publisher\":{\"@id\":\"https:\\\/\\\/pans.krosno.pl\\\/kola-naukowe\\\/#organization\"},\"potentialAction\":[{\"@type\":\"SearchAction\",\"target\":{\"@type\":\"EntryPoint\",\"urlTemplate\":\"https:\\\/\\\/pans.krosno.pl\\\/kola-naukowe\\\/?s={search_term_string}\"},\"query-input\":{\"@type\":\"PropertyValueSpecification\",\"valueRequired\":true,\"valueName\":\"search_term_string\"}}],\"inLanguage\":\"pl-PL\"},{\"@type\":\"Organization\",\"@id\":\"https:\\\/\\\/pans.krosno.pl\\\/kola-naukowe\\\/#organization\",\"name\":\"Studenckie Ko\u0142a Naukowe PANS w Kro\u015bnie\",\"url\":\"https:\\\/\\\/pans.krosno.pl\\\/kola-naukowe\\\/\",\"logo\":{\"@type\":\"ImageObject\",\"inLanguage\":\"pl-PL\",\"@id\":\"https:\\\/\\\/pans.krosno.pl\\\/kola-naukowe\\\/#\\\/schema\\\/logo\\\/image\\\/\",\"url\":\"https:\\\/\\\/pans.krosno.pl\\\/kola-naukowe\\\/wp-content\\\/uploads\\\/sites\\\/48\\\/2023\\\/01\\\/Logo-PANS-2022-pelne.png\",\"contentUrl\":\"https:\\\/\\\/pans.krosno.pl\\\/kola-naukowe\\\/wp-content\\\/uploads\\\/sites\\\/48\\\/2023\\\/01\\\/Logo-PANS-2022-pelne.png\",\"width\":3096,\"height\":696,\"caption\":\"Studenckie Ko\u0142a Naukowe PANS w Kro\u015bnie\"},\"image\":{\"@id\":\"https:\\\/\\\/pans.krosno.pl\\\/kola-naukowe\\\/#\\\/schema\\\/logo\\\/image\\\/\"}},{\"@type\":\"Person\",\"@id\":\"https:\\\/\\\/pans.krosno.pl\\\/kola-naukowe\\\/#\\\/schema\\\/person\\\/c1c9d6d593d357f87d9a7d7e44daa34e\",\"name\":\"maciejpolchlopek\",\"image\":{\"@type\":\"ImageObject\",\"inLanguage\":\"pl-PL\",\"@id\":\"https:\\\/\\\/secure.gravatar.com\\\/avatar\\\/2fadd549eeed4871c9aa96e96d8519cac8006657ce091e11a5f0ba8a8f5dca66?s=96&d=mm&r=g\",\"url\":\"https:\\\/\\\/secure.gravatar.com\\\/avatar\\\/2fadd549eeed4871c9aa96e96d8519cac8006657ce091e11a5f0ba8a8f5dca66?s=96&d=mm&r=g\",\"contentUrl\":\"https:\\\/\\\/secure.gravatar.com\\\/avatar\\\/2fadd549eeed4871c9aa96e96d8519cac8006657ce091e11a5f0ba8a8f5dca66?s=96&d=mm&r=g\",\"caption\":\"maciejpolchlopek\"},\"url\":\"https:\\\/\\\/pans.krosno.pl\\\/kola-naukowe\\\/author\\\/maciejpolchlopek\\\/\"}]}<\/script>\n<!-- \/ Yoast SEO Premium plugin. -->","yoast_head_json":{"title":"Ko\u0142o Naukowe Ekonomist\u00f3w na VIII Og\u00f3lnopolskiej Konferencji Studenckich K\u00f3\u0142 Naukowych - Studenckie Ko\u0142a Naukowe PANS w Kro\u015bnie","robots":{"index":"index","follow":"follow","max-snippet":"max-snippet:-1","max-image-preview":"max-image-preview:large","max-video-preview":"max-video-preview:-1"},"canonical":"https:\/\/pans.krosno.pl\/kola-naukowe\/kolo-naukowe-ekonomistow-na-viii-ogolnopolskiej-konferencji-studenckich-kol-naukowych\/","og_locale":"pl_PL","og_type":"article","og_title":"Ko\u0142o Naukowe Ekonomist\u00f3w na VIII Og\u00f3lnopolskiej Konferencji Studenckich K\u00f3\u0142 Naukowych","og_description":"W dniu 24 kwietnia 2019 roku cz\u0142onkowie Studenckiego Ko\u0142a Naukowego Ekonomist\u00f3w wzi\u0119li udzia\u0142 w&nbsp;VIII Og\u00f3lnopolskiej Konferencji Studenckich K\u00f3\u0142 Naukowych&nbsp;\u201ePrzedsi\u0119biorczo\u015b\u0107 w XXI wieku\u201d&nbsp;organizowanej przez Studenckie Ko\u0142o Naukowe MENAGER dzia\u0142aj\u0105ce przy Pa\u0144stwowej Wy\u017cszej Szkole Zawodowej w Tarnowie. Ko\u0142o Naukowe Ekonomist\u00f3w pod opiek\u0105 dr in\u017c. Ma\u0142gorzaty G\u00f3rki, reprezentowali studenci: kierunku Produkcja i Bezpiecze\u0144stwo [\u2026] Read More","og_url":"https:\/\/pans.krosno.pl\/kola-naukowe\/kolo-naukowe-ekonomistow-na-viii-ogolnopolskiej-konferencji-studenckich-kol-naukowych\/","og_site_name":"Studenckie Ko\u0142a Naukowe PANS w Kro\u015bnie","article_published_time":"2019-04-24T14:29:00+00:00","article_modified_time":"2020-04-20T14:31:12+00:00","og_image":[{"width":480,"height":640,"url":"https:\/\/pans.krosno.pl\/wp-content\/uploads\/sites\/48\/2020\/04\/l3uW3JumZVWqkYlkZA57750923_371817443432858_6202187174926876672_n.jpg","type":"image\/jpeg"}],"author":"maciejpolchlopek","twitter_card":"summary_large_image","twitter_misc":{"Napisane przez":"maciejpolchlopek","Szacowany czas czytania":"1 minuta"},"schema":{"@context":"https:\/\/schema.org","@graph":[{"@type":"Article","@id":"https:\/\/pans.krosno.pl\/kola-naukowe\/kolo-naukowe-ekonomistow-na-viii-ogolnopolskiej-konferencji-studenckich-kol-naukowych\/#article","isPartOf":{"@id":"https:\/\/pans.krosno.pl\/kola-naukowe\/kolo-naukowe-ekonomistow-na-viii-ogolnopolskiej-konferencji-studenckich-kol-naukowych\/"},"author":{"name":"maciejpolchlopek","@id":"https:\/\/pans.krosno.pl\/kola-naukowe\/#\/schema\/person\/c1c9d6d593d357f87d9a7d7e44daa34e"},"headline":"Ko\u0142o Naukowe Ekonomist\u00f3w na VIII Og\u00f3lnopolskiej Konferencji Studenckich K\u00f3\u0142 Naukowych","datePublished":"2019-04-24T14:29:00+00:00","dateModified":"2020-04-20T14:31:12+00:00","mainEntityOfPage":{"@id":"https:\/\/pans.krosno.pl\/kola-naukowe\/kolo-naukowe-ekonomistow-na-viii-ogolnopolskiej-konferencji-studenckich-kol-naukowych\/"},"wordCount":185,"commentCount":0,"publisher":{"@id":"https:\/\/pans.krosno.pl\/kola-naukowe\/#organization"},"image":{"@id":"https:\/\/pans.krosno.pl\/kola-naukowe\/kolo-naukowe-ekonomistow-na-viii-ogolnopolskiej-konferencji-studenckich-kol-naukowych\/#primaryimage"},"thumbnailUrl":"https:\/\/pans.krosno.pl\/kola-naukowe\/wp-content\/uploads\/sites\/48\/2020\/04\/l3uW3JumZVWqkYlkZA57750923_371817443432858_6202187174926876672_n.jpg","articleSection":["Ekonomi\u015bci"],"inLanguage":"pl-PL","potentialAction":[{"@type":"CommentAction","name":"Comment","target":["https:\/\/pans.krosno.pl\/kola-naukowe\/kolo-naukowe-ekonomistow-na-viii-ogolnopolskiej-konferencji-studenckich-kol-naukowych\/#respond"]}]},{"@type":"WebPage","@id":"https:\/\/pans.krosno.pl\/kola-naukowe\/kolo-naukowe-ekonomistow-na-viii-ogolnopolskiej-konferencji-studenckich-kol-naukowych\/","url":"https:\/\/pans.krosno.pl\/kola-naukowe\/kolo-naukowe-ekonomistow-na-viii-ogolnopolskiej-konferencji-studenckich-kol-naukowych\/","name":"Ko\u0142o Naukowe Ekonomist\u00f3w na VIII Og\u00f3lnopolskiej Konferencji Studenckich K\u00f3\u0142 Naukowych - Studenckie Ko\u0142a Naukowe PANS w Kro\u015bnie","isPartOf":{"@id":"https:\/\/pans.krosno.pl\/kola-naukowe\/#website"},"primaryImageOfPage":{"@id":"https:\/\/pans.krosno.pl\/kola-naukowe\/kolo-naukowe-ekonomistow-na-viii-ogolnopolskiej-konferencji-studenckich-kol-naukowych\/#primaryimage"},"image":{"@id":"https:\/\/pans.krosno.pl\/kola-naukowe\/kolo-naukowe-ekonomistow-na-viii-ogolnopolskiej-konferencji-studenckich-kol-naukowych\/#primaryimage"},"thumbnailUrl":"https:\/\/pans.krosno.pl\/kola-naukowe\/wp-content\/uploads\/sites\/48\/2020\/04\/l3uW3JumZVWqkYlkZA57750923_371817443432858_6202187174926876672_n.jpg","datePublished":"2019-04-24T14:29:00+00:00","dateModified":"2020-04-20T14:31:12+00:00","breadcrumb":{"@id":"https:\/\/pans.krosno.pl\/kola-naukowe\/kolo-naukowe-ekonomistow-na-viii-ogolnopolskiej-konferencji-studenckich-kol-naukowych\/#breadcrumb"},"inLanguage":"pl-PL","potentialAction":[{"@type":"ReadAction","target":["https:\/\/pans.krosno.pl\/kola-naukowe\/kolo-naukowe-ekonomistow-na-viii-ogolnopolskiej-konferencji-studenckich-kol-naukowych\/"]}]},{"@type":"ImageObject","inLanguage":"pl-PL","@id":"https:\/\/pans.krosno.pl\/kola-naukowe\/kolo-naukowe-ekonomistow-na-viii-ogolnopolskiej-konferencji-studenckich-kol-naukowych\/#primaryimage","url":"https:\/\/pans.krosno.pl\/kola-naukowe\/wp-content\/uploads\/sites\/48\/2020\/04\/l3uW3JumZVWqkYlkZA57750923_371817443432858_6202187174926876672_n.jpg","contentUrl":"https:\/\/pans.krosno.pl\/kola-naukowe\/wp-content\/uploads\/sites\/48\/2020\/04\/l3uW3JumZVWqkYlkZA57750923_371817443432858_6202187174926876672_n.jpg","width":480,"height":640},{"@type":"BreadcrumbList","@id":"https:\/\/pans.krosno.pl\/kola-naukowe\/kolo-naukowe-ekonomistow-na-viii-ogolnopolskiej-konferencji-studenckich-kol-naukowych\/#breadcrumb","itemListElement":[{"@type":"ListItem","position":1,"name":"Strona g\u0142\u00f3wna","item":"https:\/\/pans.krosno.pl\/kola-naukowe\/"},{"@type":"ListItem","position":2,"name":"Ko\u0142o Naukowe Ekonomist\u00f3w na VIII Og\u00f3lnopolskiej Konferencji Studenckich K\u00f3\u0142 Naukowych"}]},{"@type":"WebSite","@id":"https:\/\/pans.krosno.pl\/kola-naukowe\/#website","url":"https:\/\/pans.krosno.pl\/kola-naukowe\/","name":"Studenckie Ko\u0142a Naukowe PANS w Kro\u015bnie","description":"Studenckie Ko\u0142a Naukowe - Pa\u0144stwowa Akademia Nauk Stosowanych","publisher":{"@id":"https:\/\/pans.krosno.pl\/kola-naukowe\/#organization"},"potentialAction":[{"@type":"SearchAction","target":{"@type":"EntryPoint","urlTemplate":"https:\/\/pans.krosno.pl\/kola-naukowe\/?s={search_term_string}"},"query-input":{"@type":"PropertyValueSpecification","valueRequired":true,"valueName":"search_term_string"}}],"inLanguage":"pl-PL"},{"@type":"Organization","@id":"https:\/\/pans.krosno.pl\/kola-naukowe\/#organization","name":"Studenckie Ko\u0142a Naukowe PANS w Kro\u015bnie","url":"https:\/\/pans.krosno.pl\/kola-naukowe\/","logo":{"@type":"ImageObject","inLanguage":"pl-PL","@id":"https:\/\/pans.krosno.pl\/kola-naukowe\/#\/schema\/logo\/image\/","url":"https:\/\/pans.krosno.pl\/kola-naukowe\/wp-content\/uploads\/sites\/48\/2023\/01\/Logo-PANS-2022-pelne.png","contentUrl":"https:\/\/pans.krosno.pl\/kola-naukowe\/wp-content\/uploads\/sites\/48\/2023\/01\/Logo-PANS-2022-pelne.png","width":3096,"height":696,"caption":"Studenckie Ko\u0142a Naukowe PANS w Kro\u015bnie"},"image":{"@id":"https:\/\/pans.krosno.pl\/kola-naukowe\/#\/schema\/logo\/image\/"}},{"@type":"Person","@id":"https:\/\/pans.krosno.pl\/kola-naukowe\/#\/schema\/person\/c1c9d6d593d357f87d9a7d7e44daa34e","name":"maciejpolchlopek","image":{"@type":"ImageObject","inLanguage":"pl-PL","@id":"https:\/\/secure.gravatar.com\/avatar\/2fadd549eeed4871c9aa96e96d8519cac8006657ce091e11a5f0ba8a8f5dca66?s=96&d=mm&r=g","url":"https:\/\/secure.gravatar.com\/avatar\/2fadd549eeed4871c9aa96e96d8519cac8006657ce091e11a5f0ba8a8f5dca66?s=96&d=mm&r=g","contentUrl":"https:\/\/secure.gravatar.com\/avatar\/2fadd549eeed4871c9aa96e96d8519cac8006657ce091e11a5f0ba8a8f5dca66?s=96&d=mm&r=g","caption":"maciejpolchlopek"},"url":"https:\/\/pans.krosno.pl\/kola-naukowe\/author\/maciejpolchlopek\/"}]}},"_links":{"self":[{"href":"https:\/\/pans.krosno.pl\/kola-naukowe\/wp-json\/wp\/v2\/posts\/75","targetHints":{"allow":["GET"]}}],"collection":[{"href":"https:\/\/pans.krosno.pl\/kola-naukowe\/wp-json\/wp\/v2\/posts"}],"about":[{"href":"https:\/\/pans.krosno.pl\/kola-naukowe\/wp-json\/wp\/v2\/types\/post"}],"author":[{"embeddable":true,"href":"https:\/\/pans.krosno.pl\/kola-naukowe\/wp-json\/wp\/v2\/users\/27"}],"replies":[{"embeddable":true,"href":"https:\/\/pans.krosno.pl\/kola-naukowe\/wp-json\/wp\/v2\/comments?post=75"}],"version-history":[{"count":1,"href":"https:\/\/pans.krosno.pl\/kola-naukowe\/wp-json\/wp\/v2\/posts\/75\/revisions"}],"predecessor-version":[{"id":81,"href":"https:\/\/pans.krosno.pl\/kola-naukowe\/wp-json\/wp\/v2\/posts\/75\/revisions\/81"}],"wp:featuredmedia":[{"embeddable":true,"href":"https:\/\/pans.krosno.pl\/kola-naukowe\/wp-json\/wp\/v2\/media\/79"}],"wp:attachment":[{"href":"https:\/\/pans.krosno.pl\/kola-naukowe\/wp-json\/wp\/v2\/media?parent=75"}],"wp:term":[{"taxonomy":"category","embeddable":true,"href":"https:\/\/pans.krosno.pl\/kola-naukowe\/wp-json\/wp\/v2\/categories?post=75"},{"taxonomy":"post_tag","embeddable":true,"href":"https:\/\/pans.krosno.pl\/kola-naukowe\/wp-json\/wp\/v2\/tags?post=75"}],"curies":[{"name":"wp","href":"https:\/\/api.w.org\/{rel}","templated":true}]}}