{"id":7337,"date":"2025-04-24T14:04:30","date_gmt":"2025-04-24T12:04:30","guid":{"rendered":"https:\/\/pans.krosno.pl\/kola-naukowe\/?p=7337"},"modified":"2025-05-26T20:15:23","modified_gmt":"2025-05-26T18:15:23","slug":"studenci-z-skn-ekonomistow-na-xxxviii-miedzynarodowej-konferencji-w-dnieprze","status":"publish","type":"post","link":"https:\/\/pans.krosno.pl\/kola-naukowe\/studenci-z-skn-ekonomistow-na-xxxviii-miedzynarodowej-konferencji-w-dnieprze\/","title":{"rendered":"Studenci z SKN Ekonomist\u00f3w na XXXVIII mi\u0119dzynarodowej konferencji w Dnieprze"},"content":{"rendered":"<p>W dniach 14-15 kwietnia 2025r. odby\u0142a si\u0119 zdalnie kolejna ju\u017c XXXVIII Mi\u0119dzynarodowa Konferencja \u201eTRANSFORMATION OF ECONOMIC SYSTEMS AND INSTITUTIONS IN THE NEW GEOSTRATEGIC REALITIES\u201d w Dnieprze.&nbsp; W konferencji brali udzia\u0142 studenci z SKN Ekonomist\u00f3w.&nbsp;<\/p>\n<p>Podczas konferencji studenci z SKN Ekonomist\u00f3w wyg\u0142osili referaty:<\/p>\n<ol>\n<li>Daniel Woje\u0144ski, Patryk Noga &#8211; <strong>Produkcja i spo\u017cycie ser\u00f3w \u2013 charakterystyka wybranej grupy.<\/strong><\/li>\n<li>Szymon Borowiec &#8211; <strong>Rynek turystyczny w Polsce \u2013 miejsca najcz\u0119\u015bciej odwiedzane.<\/strong><\/li>\n<li>Julia Kami\u0144ska &#8211; <strong>Mikrop\u0142atno\u015bci i subskrypcje \u2013 jak Polacy p\u0142ac\u0105 za gry?<\/strong><\/li>\n<\/ol>\n<p>Gratulujemy wszystkim studentom ciekawych bada\u0144 i profesjonalnych wyst\u0105pie\u0144.<\/p>\n\n\n<figure class=\"wp-block-gallery has-nested-images columns-default is-cropped wp-block-gallery-1 is-layout-flex wp-block-gallery-is-layout-flex\">\n<figure class=\"wp-block-image size-large\"><img loading=\"lazy\" decoding=\"async\" width=\"1024\" height=\"486\" data-id=\"7339\" src=\"https:\/\/pans.krosno.pl\/kola-naukowe\/wp-content\/uploads\/sites\/48\/2025\/04\/Rynek-turystyczny-sb-1.pdf-Google-Chrome-15.04.2025-19_05_37-1024x486.png\" alt=\"\" class=\"wp-image-7339\" srcset=\"https:\/\/pans.krosno.pl\/kola-naukowe\/wp-content\/uploads\/sites\/48\/2025\/04\/Rynek-turystyczny-sb-1.pdf-Google-Chrome-15.04.2025-19_05_37-1024x486.png 1024w, https:\/\/pans.krosno.pl\/kola-naukowe\/wp-content\/uploads\/sites\/48\/2025\/04\/Rynek-turystyczny-sb-1.pdf-Google-Chrome-15.04.2025-19_05_37-300x143.png 300w, https:\/\/pans.krosno.pl\/kola-naukowe\/wp-content\/uploads\/sites\/48\/2025\/04\/Rynek-turystyczny-sb-1.pdf-Google-Chrome-15.04.2025-19_05_37-768x365.png 768w, https:\/\/pans.krosno.pl\/kola-naukowe\/wp-content\/uploads\/sites\/48\/2025\/04\/Rynek-turystyczny-sb-1.pdf-Google-Chrome-15.04.2025-19_05_37-800x380.png 800w, https:\/\/pans.krosno.pl\/kola-naukowe\/wp-content\/uploads\/sites\/48\/2025\/04\/Rynek-turystyczny-sb-1.pdf-Google-Chrome-15.04.2025-19_05_37-580x276.png 580w, https:\/\/pans.krosno.pl\/kola-naukowe\/wp-content\/uploads\/sites\/48\/2025\/04\/Rynek-turystyczny-sb-1.pdf-Google-Chrome-15.04.2025-19_05_37.png 1345w\" sizes=\"auto, (max-width: 1024px) 100vw, 1024px\" \/><\/figure>\n\n\n\n<figure class=\"wp-block-image size-large\"><img loading=\"lazy\" decoding=\"async\" width=\"1024\" height=\"691\" data-id=\"7338\" src=\"https:\/\/pans.krosno.pl\/kola-naukowe\/wp-content\/uploads\/sites\/48\/2025\/04\/831f1fa2-e35b-4d58-954d-2cf165c18b0f-1024x691.jpeg\" alt=\"\" class=\"wp-image-7338\" srcset=\"https:\/\/pans.krosno.pl\/kola-naukowe\/wp-content\/uploads\/sites\/48\/2025\/04\/831f1fa2-e35b-4d58-954d-2cf165c18b0f-1024x691.jpeg 1024w, https:\/\/pans.krosno.pl\/kola-naukowe\/wp-content\/uploads\/sites\/48\/2025\/04\/831f1fa2-e35b-4d58-954d-2cf165c18b0f-300x203.jpeg 300w, https:\/\/pans.krosno.pl\/kola-naukowe\/wp-content\/uploads\/sites\/48\/2025\/04\/831f1fa2-e35b-4d58-954d-2cf165c18b0f-768x519.jpeg 768w, https:\/\/pans.krosno.pl\/kola-naukowe\/wp-content\/uploads\/sites\/48\/2025\/04\/831f1fa2-e35b-4d58-954d-2cf165c18b0f-800x540.jpeg 800w, https:\/\/pans.krosno.pl\/kola-naukowe\/wp-content\/uploads\/sites\/48\/2025\/04\/831f1fa2-e35b-4d58-954d-2cf165c18b0f-580x392.jpeg 580w, https:\/\/pans.krosno.pl\/kola-naukowe\/wp-content\/uploads\/sites\/48\/2025\/04\/831f1fa2-e35b-4d58-954d-2cf165c18b0f.jpeg 1161w\" sizes=\"auto, (max-width: 1024px) 100vw, 1024px\" \/><\/figure>\n\n\n\n<figure class=\"wp-block-image size-large\"><img loading=\"lazy\" decoding=\"async\" width=\"1024\" height=\"694\" data-id=\"7340\" src=\"https:\/\/pans.krosno.pl\/kola-naukowe\/wp-content\/uploads\/sites\/48\/2025\/04\/Zoom-Spotkanie-11.04.2025-09_49_53-1024x694.png\" alt=\"\" class=\"wp-image-7340\" srcset=\"https:\/\/pans.krosno.pl\/kola-naukowe\/wp-content\/uploads\/sites\/48\/2025\/04\/Zoom-Spotkanie-11.04.2025-09_49_53-1024x694.png 1024w, https:\/\/pans.krosno.pl\/kola-naukowe\/wp-content\/uploads\/sites\/48\/2025\/04\/Zoom-Spotkanie-11.04.2025-09_49_53-300x203.png 300w, https:\/\/pans.krosno.pl\/kola-naukowe\/wp-content\/uploads\/sites\/48\/2025\/04\/Zoom-Spotkanie-11.04.2025-09_49_53-768x521.png 768w, https:\/\/pans.krosno.pl\/kola-naukowe\/wp-content\/uploads\/sites\/48\/2025\/04\/Zoom-Spotkanie-11.04.2025-09_49_53-800x543.png 800w, https:\/\/pans.krosno.pl\/kola-naukowe\/wp-content\/uploads\/sites\/48\/2025\/04\/Zoom-Spotkanie-11.04.2025-09_49_53-580x393.png 580w, https:\/\/pans.krosno.pl\/kola-naukowe\/wp-content\/uploads\/sites\/48\/2025\/04\/Zoom-Spotkanie-11.04.2025-09_49_53.png 1072w\" sizes=\"auto, (max-width: 1024px) 100vw, 1024px\" \/><\/figure>\n<\/figure>\n","protected":false},"excerpt":{"rendered":"<p>W dniach 14-15 kwietnia 2025r. odby\u0142a si\u0119 zdalnie kolejna ju\u017c XXXVIII Mi\u0119dzynarodowa Konferencja \u201eTRANSFORMATION OF ECONOMIC SYSTEMS AND INSTITUTIONS IN THE NEW GEOSTRATEGIC REALITIES\u201d w Dnieprze.&nbsp; W konferencji brali udzia\u0142 studenci z SKN Ekonomist\u00f3w.&nbsp; Podczas konferencji studenci z SKN Ekonomist\u00f3w wyg\u0142osili referaty: Daniel Woje\u0144ski, Patryk Noga &#8211; Produkcja i spo\u017cycie [\u2026] <\/p>\n<div class=\"clear\"><\/div>\n<p><a class=\"more_link clearfix\" href=\"https:\/\/pans.krosno.pl\/kola-naukowe\/studenci-z-skn-ekonomistow-na-xxxviii-miedzynarodowej-konferencji-w-dnieprze\/\" rel=\"nofollow\">Read More<\/a><\/p>\n","protected":false},"author":17,"featured_media":7341,"comment_status":"open","ping_status":"open","sticky":false,"template":"","format":"standard","meta":{"ngg_post_thumbnail":0,"footnotes":""},"categories":[2],"tags":[],"class_list":["post-7337","post","type-post","status-publish","format-standard","has-post-thumbnail","hentry","category-ekonomisci"],"yoast_head":"<!-- This site is optimized with the Yoast SEO Premium plugin v27.4 (Yoast SEO v27.4) - https:\/\/yoast.com\/product\/yoast-seo-premium-wordpress\/ -->\n<title>Studenci z SKN Ekonomist\u00f3w na XXXVIII mi\u0119dzynarodowej konferencji w Dnieprze - Studenckie Ko\u0142a Naukowe PANS w Kro\u015bnie<\/title>\n<meta name=\"robots\" content=\"index, follow, max-snippet:-1, max-image-preview:large, max-video-preview:-1\" \/>\n<link rel=\"canonical\" href=\"https:\/\/pans.krosno.pl\/kola-naukowe\/studenci-z-skn-ekonomistow-na-xxxviii-miedzynarodowej-konferencji-w-dnieprze\/\" \/>\n<meta property=\"og:locale\" content=\"pl_PL\" \/>\n<meta property=\"og:type\" content=\"article\" \/>\n<meta property=\"og:title\" content=\"Studenci z SKN Ekonomist\u00f3w na XXXVIII mi\u0119dzynarodowej konferencji w Dnieprze\" \/>\n<meta property=\"og:description\" content=\"W dniach 14-15 kwietnia 2025r. odby\u0142a si\u0119 zdalnie kolejna ju\u017c XXXVIII Mi\u0119dzynarodowa Konferencja \u201eTRANSFORMATION OF ECONOMIC SYSTEMS AND INSTITUTIONS IN THE NEW GEOSTRATEGIC REALITIES\u201d w Dnieprze.&nbsp; W konferencji brali udzia\u0142 studenci z SKN Ekonomist\u00f3w.&nbsp; Podczas konferencji studenci z SKN Ekonomist\u00f3w wyg\u0142osili referaty: Daniel Woje\u0144ski, Patryk Noga &#8211; Produkcja i spo\u017cycie [\u2026] Read More\" \/>\n<meta property=\"og:url\" content=\"https:\/\/pans.krosno.pl\/kola-naukowe\/studenci-z-skn-ekonomistow-na-xxxviii-miedzynarodowej-konferencji-w-dnieprze\/\" \/>\n<meta property=\"og:site_name\" content=\"Studenckie Ko\u0142a Naukowe PANS w Kro\u015bnie\" \/>\n<meta property=\"article:published_time\" content=\"2025-04-24T12:04:30+00:00\" \/>\n<meta property=\"article:modified_time\" content=\"2025-05-26T18:15:23+00:00\" \/>\n<meta property=\"og:image\" content=\"https:\/\/pans.krosno.pl\/kola-naukowe\/wp-content\/uploads\/sites\/48\/2025\/04\/Program.-April-2024-1.pdf-Adobe-Acrobat-Reader-64-bit-23.04.2024-19_05_12.png\" \/>\n\t<meta property=\"og:image:width\" content=\"552\" \/>\n\t<meta property=\"og:image:height\" content=\"468\" \/>\n\t<meta property=\"og:image:type\" content=\"image\/png\" \/>\n<meta name=\"author\" content=\"elzbietabragiel\" \/>\n<meta name=\"twitter:card\" content=\"summary_large_image\" \/>\n<meta name=\"twitter:label1\" content=\"Napisane przez\" \/>\n\t<meta name=\"twitter:data1\" content=\"elzbietabragiel\" \/>\n\t<meta name=\"twitter:label2\" content=\"Szacowany czas czytania\" \/>\n\t<meta name=\"twitter:data2\" content=\"2 minuty\" \/>\n<script type=\"application\/ld+json\" class=\"yoast-schema-graph\">{\"@context\":\"https:\\\/\\\/schema.org\",\"@graph\":[{\"@type\":\"Article\",\"@id\":\"https:\\\/\\\/pans.krosno.pl\\\/kola-naukowe\\\/studenci-z-skn-ekonomistow-na-xxxviii-miedzynarodowej-konferencji-w-dnieprze\\\/#article\",\"isPartOf\":{\"@id\":\"https:\\\/\\\/pans.krosno.pl\\\/kola-naukowe\\\/studenci-z-skn-ekonomistow-na-xxxviii-miedzynarodowej-konferencji-w-dnieprze\\\/\"},\"author\":{\"name\":\"elzbietabragiel\",\"@id\":\"https:\\\/\\\/pans.krosno.pl\\\/kola-naukowe\\\/#\\\/schema\\\/person\\\/5234d538b37281133cebfcf174124540\"},\"headline\":\"Studenci z SKN Ekonomist\u00f3w na XXXVIII mi\u0119dzynarodowej konferencji w Dnieprze\",\"datePublished\":\"2025-04-24T12:04:30+00:00\",\"dateModified\":\"2025-05-26T18:15:23+00:00\",\"mainEntityOfPage\":{\"@id\":\"https:\\\/\\\/pans.krosno.pl\\\/kola-naukowe\\\/studenci-z-skn-ekonomistow-na-xxxviii-miedzynarodowej-konferencji-w-dnieprze\\\/\"},\"wordCount\":111,\"commentCount\":0,\"publisher\":{\"@id\":\"https:\\\/\\\/pans.krosno.pl\\\/kola-naukowe\\\/#organization\"},\"image\":{\"@id\":\"https:\\\/\\\/pans.krosno.pl\\\/kola-naukowe\\\/studenci-z-skn-ekonomistow-na-xxxviii-miedzynarodowej-konferencji-w-dnieprze\\\/#primaryimage\"},\"thumbnailUrl\":\"https:\\\/\\\/pans.krosno.pl\\\/kola-naukowe\\\/wp-content\\\/uploads\\\/sites\\\/48\\\/2025\\\/04\\\/Program.-April-2024-1.pdf-Adobe-Acrobat-Reader-64-bit-23.04.2024-19_05_12.png\",\"articleSection\":[\"Ekonomi\u015bci\"],\"inLanguage\":\"pl-PL\",\"potentialAction\":[{\"@type\":\"CommentAction\",\"name\":\"Comment\",\"target\":[\"https:\\\/\\\/pans.krosno.pl\\\/kola-naukowe\\\/studenci-z-skn-ekonomistow-na-xxxviii-miedzynarodowej-konferencji-w-dnieprze\\\/#respond\"]}]},{\"@type\":\"WebPage\",\"@id\":\"https:\\\/\\\/pans.krosno.pl\\\/kola-naukowe\\\/studenci-z-skn-ekonomistow-na-xxxviii-miedzynarodowej-konferencji-w-dnieprze\\\/\",\"url\":\"https:\\\/\\\/pans.krosno.pl\\\/kola-naukowe\\\/studenci-z-skn-ekonomistow-na-xxxviii-miedzynarodowej-konferencji-w-dnieprze\\\/\",\"name\":\"Studenci z SKN Ekonomist\u00f3w na XXXVIII mi\u0119dzynarodowej konferencji w Dnieprze - Studenckie Ko\u0142a Naukowe PANS w Kro\u015bnie\",\"isPartOf\":{\"@id\":\"https:\\\/\\\/pans.krosno.pl\\\/kola-naukowe\\\/#website\"},\"primaryImageOfPage\":{\"@id\":\"https:\\\/\\\/pans.krosno.pl\\\/kola-naukowe\\\/studenci-z-skn-ekonomistow-na-xxxviii-miedzynarodowej-konferencji-w-dnieprze\\\/#primaryimage\"},\"image\":{\"@id\":\"https:\\\/\\\/pans.krosno.pl\\\/kola-naukowe\\\/studenci-z-skn-ekonomistow-na-xxxviii-miedzynarodowej-konferencji-w-dnieprze\\\/#primaryimage\"},\"thumbnailUrl\":\"https:\\\/\\\/pans.krosno.pl\\\/kola-naukowe\\\/wp-content\\\/uploads\\\/sites\\\/48\\\/2025\\\/04\\\/Program.-April-2024-1.pdf-Adobe-Acrobat-Reader-64-bit-23.04.2024-19_05_12.png\",\"datePublished\":\"2025-04-24T12:04:30+00:00\",\"dateModified\":\"2025-05-26T18:15:23+00:00\",\"breadcrumb\":{\"@id\":\"https:\\\/\\\/pans.krosno.pl\\\/kola-naukowe\\\/studenci-z-skn-ekonomistow-na-xxxviii-miedzynarodowej-konferencji-w-dnieprze\\\/#breadcrumb\"},\"inLanguage\":\"pl-PL\",\"potentialAction\":[{\"@type\":\"ReadAction\",\"target\":[\"https:\\\/\\\/pans.krosno.pl\\\/kola-naukowe\\\/studenci-z-skn-ekonomistow-na-xxxviii-miedzynarodowej-konferencji-w-dnieprze\\\/\"]}]},{\"@type\":\"ImageObject\",\"inLanguage\":\"pl-PL\",\"@id\":\"https:\\\/\\\/pans.krosno.pl\\\/kola-naukowe\\\/studenci-z-skn-ekonomistow-na-xxxviii-miedzynarodowej-konferencji-w-dnieprze\\\/#primaryimage\",\"url\":\"https:\\\/\\\/pans.krosno.pl\\\/kola-naukowe\\\/wp-content\\\/uploads\\\/sites\\\/48\\\/2025\\\/04\\\/Program.-April-2024-1.pdf-Adobe-Acrobat-Reader-64-bit-23.04.2024-19_05_12.png\",\"contentUrl\":\"https:\\\/\\\/pans.krosno.pl\\\/kola-naukowe\\\/wp-content\\\/uploads\\\/sites\\\/48\\\/2025\\\/04\\\/Program.-April-2024-1.pdf-Adobe-Acrobat-Reader-64-bit-23.04.2024-19_05_12.png\",\"width\":552,\"height\":468},{\"@type\":\"BreadcrumbList\",\"@id\":\"https:\\\/\\\/pans.krosno.pl\\\/kola-naukowe\\\/studenci-z-skn-ekonomistow-na-xxxviii-miedzynarodowej-konferencji-w-dnieprze\\\/#breadcrumb\",\"itemListElement\":[{\"@type\":\"ListItem\",\"position\":1,\"name\":\"Strona g\u0142\u00f3wna\",\"item\":\"https:\\\/\\\/pans.krosno.pl\\\/kola-naukowe\\\/\"},{\"@type\":\"ListItem\",\"position\":2,\"name\":\"Studenci z SKN Ekonomist\u00f3w na XXXVIII mi\u0119dzynarodowej konferencji w Dnieprze\"}]},{\"@type\":\"WebSite\",\"@id\":\"https:\\\/\\\/pans.krosno.pl\\\/kola-naukowe\\\/#website\",\"url\":\"https:\\\/\\\/pans.krosno.pl\\\/kola-naukowe\\\/\",\"name\":\"Studenckie Ko\u0142a Naukowe PANS w Kro\u015bnie\",\"description\":\"Studenckie Ko\u0142a Naukowe - Pa\u0144stwowa Akademia Nauk Stosowanych\",\"publisher\":{\"@id\":\"https:\\\/\\\/pans.krosno.pl\\\/kola-naukowe\\\/#organization\"},\"potentialAction\":[{\"@type\":\"SearchAction\",\"target\":{\"@type\":\"EntryPoint\",\"urlTemplate\":\"https:\\\/\\\/pans.krosno.pl\\\/kola-naukowe\\\/?s={search_term_string}\"},\"query-input\":{\"@type\":\"PropertyValueSpecification\",\"valueRequired\":true,\"valueName\":\"search_term_string\"}}],\"inLanguage\":\"pl-PL\"},{\"@type\":\"Organization\",\"@id\":\"https:\\\/\\\/pans.krosno.pl\\\/kola-naukowe\\\/#organization\",\"name\":\"Studenckie Ko\u0142a Naukowe PANS w Kro\u015bnie\",\"url\":\"https:\\\/\\\/pans.krosno.pl\\\/kola-naukowe\\\/\",\"logo\":{\"@type\":\"ImageObject\",\"inLanguage\":\"pl-PL\",\"@id\":\"https:\\\/\\\/pans.krosno.pl\\\/kola-naukowe\\\/#\\\/schema\\\/logo\\\/image\\\/\",\"url\":\"https:\\\/\\\/pans.krosno.pl\\\/kola-naukowe\\\/wp-content\\\/uploads\\\/sites\\\/48\\\/2023\\\/01\\\/Logo-PANS-2022-pelne.png\",\"contentUrl\":\"https:\\\/\\\/pans.krosno.pl\\\/kola-naukowe\\\/wp-content\\\/uploads\\\/sites\\\/48\\\/2023\\\/01\\\/Logo-PANS-2022-pelne.png\",\"width\":3096,\"height\":696,\"caption\":\"Studenckie Ko\u0142a Naukowe PANS w Kro\u015bnie\"},\"image\":{\"@id\":\"https:\\\/\\\/pans.krosno.pl\\\/kola-naukowe\\\/#\\\/schema\\\/logo\\\/image\\\/\"}},{\"@type\":\"Person\",\"@id\":\"https:\\\/\\\/pans.krosno.pl\\\/kola-naukowe\\\/#\\\/schema\\\/person\\\/5234d538b37281133cebfcf174124540\",\"name\":\"elzbietabragiel\",\"image\":{\"@type\":\"ImageObject\",\"inLanguage\":\"pl-PL\",\"@id\":\"https:\\\/\\\/secure.gravatar.com\\\/avatar\\\/bcc708f308dc4018a34d44dfaa286089751c22f62d1a00bda271b3333c84bc0b?s=96&d=mm&r=g\",\"url\":\"https:\\\/\\\/secure.gravatar.com\\\/avatar\\\/bcc708f308dc4018a34d44dfaa286089751c22f62d1a00bda271b3333c84bc0b?s=96&d=mm&r=g\",\"contentUrl\":\"https:\\\/\\\/secure.gravatar.com\\\/avatar\\\/bcc708f308dc4018a34d44dfaa286089751c22f62d1a00bda271b3333c84bc0b?s=96&d=mm&r=g\",\"caption\":\"elzbietabragiel\"},\"url\":\"https:\\\/\\\/pans.krosno.pl\\\/kola-naukowe\\\/author\\\/elzbietabragiel\\\/\"}]}<\/script>\n<!-- \/ Yoast SEO Premium plugin. -->","yoast_head_json":{"title":"Studenci z SKN Ekonomist\u00f3w na XXXVIII mi\u0119dzynarodowej konferencji w Dnieprze - Studenckie Ko\u0142a Naukowe PANS w Kro\u015bnie","robots":{"index":"index","follow":"follow","max-snippet":"max-snippet:-1","max-image-preview":"max-image-preview:large","max-video-preview":"max-video-preview:-1"},"canonical":"https:\/\/pans.krosno.pl\/kola-naukowe\/studenci-z-skn-ekonomistow-na-xxxviii-miedzynarodowej-konferencji-w-dnieprze\/","og_locale":"pl_PL","og_type":"article","og_title":"Studenci z SKN Ekonomist\u00f3w na XXXVIII mi\u0119dzynarodowej konferencji w Dnieprze","og_description":"W dniach 14-15 kwietnia 2025r. odby\u0142a si\u0119 zdalnie kolejna ju\u017c XXXVIII Mi\u0119dzynarodowa Konferencja \u201eTRANSFORMATION OF ECONOMIC SYSTEMS AND INSTITUTIONS IN THE NEW GEOSTRATEGIC REALITIES\u201d w Dnieprze.&nbsp; W konferencji brali udzia\u0142 studenci z SKN Ekonomist\u00f3w.&nbsp; Podczas konferencji studenci z SKN Ekonomist\u00f3w wyg\u0142osili referaty: Daniel Woje\u0144ski, Patryk Noga &#8211; Produkcja i spo\u017cycie [\u2026] Read More","og_url":"https:\/\/pans.krosno.pl\/kola-naukowe\/studenci-z-skn-ekonomistow-na-xxxviii-miedzynarodowej-konferencji-w-dnieprze\/","og_site_name":"Studenckie Ko\u0142a Naukowe PANS w Kro\u015bnie","article_published_time":"2025-04-24T12:04:30+00:00","article_modified_time":"2025-05-26T18:15:23+00:00","og_image":[{"width":552,"height":468,"url":"https:\/\/pans.krosno.pl\/kola-naukowe\/wp-content\/uploads\/sites\/48\/2025\/04\/Program.-April-2024-1.pdf-Adobe-Acrobat-Reader-64-bit-23.04.2024-19_05_12.png","type":"image\/png"}],"author":"elzbietabragiel","twitter_card":"summary_large_image","twitter_misc":{"Napisane przez":"elzbietabragiel","Szacowany czas czytania":"2 minuty"},"schema":{"@context":"https:\/\/schema.org","@graph":[{"@type":"Article","@id":"https:\/\/pans.krosno.pl\/kola-naukowe\/studenci-z-skn-ekonomistow-na-xxxviii-miedzynarodowej-konferencji-w-dnieprze\/#article","isPartOf":{"@id":"https:\/\/pans.krosno.pl\/kola-naukowe\/studenci-z-skn-ekonomistow-na-xxxviii-miedzynarodowej-konferencji-w-dnieprze\/"},"author":{"name":"elzbietabragiel","@id":"https:\/\/pans.krosno.pl\/kola-naukowe\/#\/schema\/person\/5234d538b37281133cebfcf174124540"},"headline":"Studenci z SKN Ekonomist\u00f3w na XXXVIII mi\u0119dzynarodowej konferencji w Dnieprze","datePublished":"2025-04-24T12:04:30+00:00","dateModified":"2025-05-26T18:15:23+00:00","mainEntityOfPage":{"@id":"https:\/\/pans.krosno.pl\/kola-naukowe\/studenci-z-skn-ekonomistow-na-xxxviii-miedzynarodowej-konferencji-w-dnieprze\/"},"wordCount":111,"commentCount":0,"publisher":{"@id":"https:\/\/pans.krosno.pl\/kola-naukowe\/#organization"},"image":{"@id":"https:\/\/pans.krosno.pl\/kola-naukowe\/studenci-z-skn-ekonomistow-na-xxxviii-miedzynarodowej-konferencji-w-dnieprze\/#primaryimage"},"thumbnailUrl":"https:\/\/pans.krosno.pl\/kola-naukowe\/wp-content\/uploads\/sites\/48\/2025\/04\/Program.-April-2024-1.pdf-Adobe-Acrobat-Reader-64-bit-23.04.2024-19_05_12.png","articleSection":["Ekonomi\u015bci"],"inLanguage":"pl-PL","potentialAction":[{"@type":"CommentAction","name":"Comment","target":["https:\/\/pans.krosno.pl\/kola-naukowe\/studenci-z-skn-ekonomistow-na-xxxviii-miedzynarodowej-konferencji-w-dnieprze\/#respond"]}]},{"@type":"WebPage","@id":"https:\/\/pans.krosno.pl\/kola-naukowe\/studenci-z-skn-ekonomistow-na-xxxviii-miedzynarodowej-konferencji-w-dnieprze\/","url":"https:\/\/pans.krosno.pl\/kola-naukowe\/studenci-z-skn-ekonomistow-na-xxxviii-miedzynarodowej-konferencji-w-dnieprze\/","name":"Studenci z SKN Ekonomist\u00f3w na XXXVIII mi\u0119dzynarodowej konferencji w Dnieprze - Studenckie Ko\u0142a Naukowe PANS w Kro\u015bnie","isPartOf":{"@id":"https:\/\/pans.krosno.pl\/kola-naukowe\/#website"},"primaryImageOfPage":{"@id":"https:\/\/pans.krosno.pl\/kola-naukowe\/studenci-z-skn-ekonomistow-na-xxxviii-miedzynarodowej-konferencji-w-dnieprze\/#primaryimage"},"image":{"@id":"https:\/\/pans.krosno.pl\/kola-naukowe\/studenci-z-skn-ekonomistow-na-xxxviii-miedzynarodowej-konferencji-w-dnieprze\/#primaryimage"},"thumbnailUrl":"https:\/\/pans.krosno.pl\/kola-naukowe\/wp-content\/uploads\/sites\/48\/2025\/04\/Program.-April-2024-1.pdf-Adobe-Acrobat-Reader-64-bit-23.04.2024-19_05_12.png","datePublished":"2025-04-24T12:04:30+00:00","dateModified":"2025-05-26T18:15:23+00:00","breadcrumb":{"@id":"https:\/\/pans.krosno.pl\/kola-naukowe\/studenci-z-skn-ekonomistow-na-xxxviii-miedzynarodowej-konferencji-w-dnieprze\/#breadcrumb"},"inLanguage":"pl-PL","potentialAction":[{"@type":"ReadAction","target":["https:\/\/pans.krosno.pl\/kola-naukowe\/studenci-z-skn-ekonomistow-na-xxxviii-miedzynarodowej-konferencji-w-dnieprze\/"]}]},{"@type":"ImageObject","inLanguage":"pl-PL","@id":"https:\/\/pans.krosno.pl\/kola-naukowe\/studenci-z-skn-ekonomistow-na-xxxviii-miedzynarodowej-konferencji-w-dnieprze\/#primaryimage","url":"https:\/\/pans.krosno.pl\/kola-naukowe\/wp-content\/uploads\/sites\/48\/2025\/04\/Program.-April-2024-1.pdf-Adobe-Acrobat-Reader-64-bit-23.04.2024-19_05_12.png","contentUrl":"https:\/\/pans.krosno.pl\/kola-naukowe\/wp-content\/uploads\/sites\/48\/2025\/04\/Program.-April-2024-1.pdf-Adobe-Acrobat-Reader-64-bit-23.04.2024-19_05_12.png","width":552,"height":468},{"@type":"BreadcrumbList","@id":"https:\/\/pans.krosno.pl\/kola-naukowe\/studenci-z-skn-ekonomistow-na-xxxviii-miedzynarodowej-konferencji-w-dnieprze\/#breadcrumb","itemListElement":[{"@type":"ListItem","position":1,"name":"Strona g\u0142\u00f3wna","item":"https:\/\/pans.krosno.pl\/kola-naukowe\/"},{"@type":"ListItem","position":2,"name":"Studenci z SKN Ekonomist\u00f3w na XXXVIII mi\u0119dzynarodowej konferencji w Dnieprze"}]},{"@type":"WebSite","@id":"https:\/\/pans.krosno.pl\/kola-naukowe\/#website","url":"https:\/\/pans.krosno.pl\/kola-naukowe\/","name":"Studenckie Ko\u0142a Naukowe PANS w Kro\u015bnie","description":"Studenckie Ko\u0142a Naukowe - Pa\u0144stwowa Akademia Nauk Stosowanych","publisher":{"@id":"https:\/\/pans.krosno.pl\/kola-naukowe\/#organization"},"potentialAction":[{"@type":"SearchAction","target":{"@type":"EntryPoint","urlTemplate":"https:\/\/pans.krosno.pl\/kola-naukowe\/?s={search_term_string}"},"query-input":{"@type":"PropertyValueSpecification","valueRequired":true,"valueName":"search_term_string"}}],"inLanguage":"pl-PL"},{"@type":"Organization","@id":"https:\/\/pans.krosno.pl\/kola-naukowe\/#organization","name":"Studenckie Ko\u0142a Naukowe PANS w Kro\u015bnie","url":"https:\/\/pans.krosno.pl\/kola-naukowe\/","logo":{"@type":"ImageObject","inLanguage":"pl-PL","@id":"https:\/\/pans.krosno.pl\/kola-naukowe\/#\/schema\/logo\/image\/","url":"https:\/\/pans.krosno.pl\/kola-naukowe\/wp-content\/uploads\/sites\/48\/2023\/01\/Logo-PANS-2022-pelne.png","contentUrl":"https:\/\/pans.krosno.pl\/kola-naukowe\/wp-content\/uploads\/sites\/48\/2023\/01\/Logo-PANS-2022-pelne.png","width":3096,"height":696,"caption":"Studenckie Ko\u0142a Naukowe PANS w Kro\u015bnie"},"image":{"@id":"https:\/\/pans.krosno.pl\/kola-naukowe\/#\/schema\/logo\/image\/"}},{"@type":"Person","@id":"https:\/\/pans.krosno.pl\/kola-naukowe\/#\/schema\/person\/5234d538b37281133cebfcf174124540","name":"elzbietabragiel","image":{"@type":"ImageObject","inLanguage":"pl-PL","@id":"https:\/\/secure.gravatar.com\/avatar\/bcc708f308dc4018a34d44dfaa286089751c22f62d1a00bda271b3333c84bc0b?s=96&d=mm&r=g","url":"https:\/\/secure.gravatar.com\/avatar\/bcc708f308dc4018a34d44dfaa286089751c22f62d1a00bda271b3333c84bc0b?s=96&d=mm&r=g","contentUrl":"https:\/\/secure.gravatar.com\/avatar\/bcc708f308dc4018a34d44dfaa286089751c22f62d1a00bda271b3333c84bc0b?s=96&d=mm&r=g","caption":"elzbietabragiel"},"url":"https:\/\/pans.krosno.pl\/kola-naukowe\/author\/elzbietabragiel\/"}]}},"_links":{"self":[{"href":"https:\/\/pans.krosno.pl\/kola-naukowe\/wp-json\/wp\/v2\/posts\/7337","targetHints":{"allow":["GET"]}}],"collection":[{"href":"https:\/\/pans.krosno.pl\/kola-naukowe\/wp-json\/wp\/v2\/posts"}],"about":[{"href":"https:\/\/pans.krosno.pl\/kola-naukowe\/wp-json\/wp\/v2\/types\/post"}],"author":[{"embeddable":true,"href":"https:\/\/pans.krosno.pl\/kola-naukowe\/wp-json\/wp\/v2\/users\/17"}],"replies":[{"embeddable":true,"href":"https:\/\/pans.krosno.pl\/kola-naukowe\/wp-json\/wp\/v2\/comments?post=7337"}],"version-history":[{"count":1,"href":"https:\/\/pans.krosno.pl\/kola-naukowe\/wp-json\/wp\/v2\/posts\/7337\/revisions"}],"predecessor-version":[{"id":7342,"href":"https:\/\/pans.krosno.pl\/kola-naukowe\/wp-json\/wp\/v2\/posts\/7337\/revisions\/7342"}],"wp:featuredmedia":[{"embeddable":true,"href":"https:\/\/pans.krosno.pl\/kola-naukowe\/wp-json\/wp\/v2\/media\/7341"}],"wp:attachment":[{"href":"https:\/\/pans.krosno.pl\/kola-naukowe\/wp-json\/wp\/v2\/media?parent=7337"}],"wp:term":[{"taxonomy":"category","embeddable":true,"href":"https:\/\/pans.krosno.pl\/kola-naukowe\/wp-json\/wp\/v2\/categories?post=7337"},{"taxonomy":"post_tag","embeddable":true,"href":"https:\/\/pans.krosno.pl\/kola-naukowe\/wp-json\/wp\/v2\/tags?post=7337"}],"curies":[{"name":"wp","href":"https:\/\/api.w.org\/{rel}","templated":true}]}}