{"id":7278,"date":"2025-02-17T10:10:30","date_gmt":"2025-02-17T09:10:30","guid":{"rendered":"https:\/\/pans.krosno.pl\/kola-naukowe\/?p=7278"},"modified":"2025-02-17T10:10:31","modified_gmt":"2025-02-17T09:10:31","slug":"udzial-skn-ekonomistow-na-konferencji","status":"publish","type":"post","link":"https:\/\/pans.krosno.pl\/kola-naukowe\/udzial-skn-ekonomistow-na-konferencji\/","title":{"rendered":"Udzia\u0142 SKN Ekonomist\u00f3w na konferencji"},"content":{"rendered":"<p>8 lutego br. odby\u0142a si\u0119 Og\u00f3lnopolska konferencja naukowa &#8222;Na marginesie&#8221;. Konferencja organizowana by\u0142a przez O\u015brodek Badawczy Facta Ficta i IJiL Uniwersytetu w Siedlcach. Konferencja odbywa\u0142a si\u0119 w formie online.<\/p>\n<p>Dwie studentki z SKN Ekonomist\u00f3w przygotowa\u0142y wyst\u0105pienie, kt\u00f3re zaprezentowa\u0142y na konferencji.&nbsp;<\/p>\n<ol>\n<li>Sylwia Nowak i Gabriela P\u0142odzie\u0144 pt. <strong>Ekonomiczne aspekty marginalizacji: wp\u0142yw wykluczenia ekonomiczno &#8211; spo\u0142ecznego na rozw\u00f3j lokalny i globalny.<\/strong><\/li>\n<\/ol>\n<p>Gratulujemy udzia\u0142u i profesjonalnego wyst\u0105pienia.<\/p>\n\n\n<figure class=\"wp-block-gallery has-nested-images columns-default is-cropped wp-block-gallery-1 is-layout-flex wp-block-gallery-is-layout-flex\">\n<figure class=\"wp-block-image size-large\"><img loading=\"lazy\" decoding=\"async\" width=\"1024\" height=\"665\" data-id=\"7280\" src=\"https:\/\/pans.krosno.pl\/kola-naukowe\/wp-content\/uploads\/sites\/48\/2025\/02\/235dcbbb-62c9-4ae3-b34a-a340543fbdc8-1024x665.jpeg\" alt=\"Zrzut ekranu z konferencji, okienka z uczestnikami\" class=\"wp-image-7280\" srcset=\"https:\/\/pans.krosno.pl\/kola-naukowe\/wp-content\/uploads\/sites\/48\/2025\/02\/235dcbbb-62c9-4ae3-b34a-a340543fbdc8-1024x665.jpeg 1024w, https:\/\/pans.krosno.pl\/kola-naukowe\/wp-content\/uploads\/sites\/48\/2025\/02\/235dcbbb-62c9-4ae3-b34a-a340543fbdc8-300x195.jpeg 300w, https:\/\/pans.krosno.pl\/kola-naukowe\/wp-content\/uploads\/sites\/48\/2025\/02\/235dcbbb-62c9-4ae3-b34a-a340543fbdc8-768x499.jpeg 768w, https:\/\/pans.krosno.pl\/kola-naukowe\/wp-content\/uploads\/sites\/48\/2025\/02\/235dcbbb-62c9-4ae3-b34a-a340543fbdc8-1536x998.jpeg 1536w, https:\/\/pans.krosno.pl\/kola-naukowe\/wp-content\/uploads\/sites\/48\/2025\/02\/235dcbbb-62c9-4ae3-b34a-a340543fbdc8-2048x1330.jpeg 2048w, https:\/\/pans.krosno.pl\/kola-naukowe\/wp-content\/uploads\/sites\/48\/2025\/02\/235dcbbb-62c9-4ae3-b34a-a340543fbdc8-2000x1299.jpeg 2000w, https:\/\/pans.krosno.pl\/kola-naukowe\/wp-content\/uploads\/sites\/48\/2025\/02\/235dcbbb-62c9-4ae3-b34a-a340543fbdc8-800x520.jpeg 800w, https:\/\/pans.krosno.pl\/kola-naukowe\/wp-content\/uploads\/sites\/48\/2025\/02\/235dcbbb-62c9-4ae3-b34a-a340543fbdc8-580x377.jpeg 580w\" sizes=\"auto, (max-width: 1024px) 100vw, 1024px\" \/><\/figure>\n<\/figure>\n","protected":false},"excerpt":{"rendered":"<p>8 lutego br. odby\u0142a si\u0119 Og\u00f3lnopolska konferencja naukowa &#8222;Na marginesie&#8221;. Konferencja organizowana by\u0142a przez O\u015brodek Badawczy Facta Ficta i IJiL Uniwersytetu w Siedlcach. Konferencja odbywa\u0142a si\u0119 w formie online. Dwie studentki z SKN Ekonomist\u00f3w przygotowa\u0142y wyst\u0105pienie, kt\u00f3re zaprezentowa\u0142y na konferencji.&nbsp; Sylwia Nowak i Gabriela P\u0142odzie\u0144 pt. Ekonomiczne aspekty marginalizacji: wp\u0142yw [\u2026] <\/p>\n<div class=\"clear\"><\/div>\n<p><a class=\"more_link clearfix\" href=\"https:\/\/pans.krosno.pl\/kola-naukowe\/udzial-skn-ekonomistow-na-konferencji\/\" rel=\"nofollow\">Read More<\/a><\/p>\n","protected":false},"author":17,"featured_media":7280,"comment_status":"open","ping_status":"open","sticky":false,"template":"","format":"standard","meta":{"ngg_post_thumbnail":0,"footnotes":""},"categories":[2],"tags":[],"class_list":["post-7278","post","type-post","status-publish","format-standard","has-post-thumbnail","hentry","category-ekonomisci"],"yoast_head":"<!-- This site is optimized with the Yoast SEO Premium plugin v27.4 (Yoast SEO v27.4) - https:\/\/yoast.com\/product\/yoast-seo-premium-wordpress\/ -->\n<title>Udzia\u0142 SKN Ekonomist\u00f3w na konferencji - Studenckie Ko\u0142a Naukowe PANS w Kro\u015bnie<\/title>\n<meta name=\"robots\" content=\"index, follow, max-snippet:-1, max-image-preview:large, max-video-preview:-1\" \/>\n<link rel=\"canonical\" href=\"https:\/\/pans.krosno.pl\/kola-naukowe\/udzial-skn-ekonomistow-na-konferencji\/\" \/>\n<meta property=\"og:locale\" content=\"pl_PL\" \/>\n<meta property=\"og:type\" content=\"article\" \/>\n<meta property=\"og:title\" content=\"Udzia\u0142 SKN Ekonomist\u00f3w na konferencji\" \/>\n<meta property=\"og:description\" content=\"8 lutego br. odby\u0142a si\u0119 Og\u00f3lnopolska konferencja naukowa &#8222;Na marginesie&#8221;. Konferencja organizowana by\u0142a przez O\u015brodek Badawczy Facta Ficta i IJiL Uniwersytetu w Siedlcach. Konferencja odbywa\u0142a si\u0119 w formie online. Dwie studentki z SKN Ekonomist\u00f3w przygotowa\u0142y wyst\u0105pienie, kt\u00f3re zaprezentowa\u0142y na konferencji.&nbsp; Sylwia Nowak i Gabriela P\u0142odzie\u0144 pt. Ekonomiczne aspekty marginalizacji: wp\u0142yw [\u2026] Read More\" \/>\n<meta property=\"og:url\" content=\"https:\/\/pans.krosno.pl\/kola-naukowe\/udzial-skn-ekonomistow-na-konferencji\/\" \/>\n<meta property=\"og:site_name\" content=\"Studenckie Ko\u0142a Naukowe PANS w Kro\u015bnie\" \/>\n<meta property=\"article:published_time\" content=\"2025-02-17T09:10:30+00:00\" \/>\n<meta property=\"article:modified_time\" content=\"2025-02-17T09:10:31+00:00\" \/>\n<meta property=\"og:image\" content=\"https:\/\/pans.krosno.pl\/kola-naukowe\/wp-content\/uploads\/sites\/48\/2025\/02\/235dcbbb-62c9-4ae3-b34a-a340543fbdc8-scaled.jpeg\" \/>\n\t<meta property=\"og:image:width\" content=\"2560\" \/>\n\t<meta property=\"og:image:height\" content=\"1663\" \/>\n\t<meta property=\"og:image:type\" content=\"image\/jpeg\" \/>\n<meta name=\"author\" content=\"elzbietabragiel\" \/>\n<meta name=\"twitter:card\" content=\"summary_large_image\" \/>\n<meta name=\"twitter:label1\" content=\"Napisane przez\" \/>\n\t<meta name=\"twitter:data1\" content=\"elzbietabragiel\" \/>\n\t<meta name=\"twitter:label2\" content=\"Szacowany czas czytania\" \/>\n\t<meta name=\"twitter:data2\" content=\"1 minuta\" \/>\n<script type=\"application\/ld+json\" class=\"yoast-schema-graph\">{\"@context\":\"https:\\\/\\\/schema.org\",\"@graph\":[{\"@type\":\"Article\",\"@id\":\"https:\\\/\\\/pans.krosno.pl\\\/kola-naukowe\\\/udzial-skn-ekonomistow-na-konferencji\\\/#article\",\"isPartOf\":{\"@id\":\"https:\\\/\\\/pans.krosno.pl\\\/kola-naukowe\\\/udzial-skn-ekonomistow-na-konferencji\\\/\"},\"author\":{\"name\":\"elzbietabragiel\",\"@id\":\"https:\\\/\\\/pans.krosno.pl\\\/kola-naukowe\\\/#\\\/schema\\\/person\\\/5234d538b37281133cebfcf174124540\"},\"headline\":\"Udzia\u0142 SKN Ekonomist\u00f3w na konferencji\",\"datePublished\":\"2025-02-17T09:10:30+00:00\",\"dateModified\":\"2025-02-17T09:10:31+00:00\",\"mainEntityOfPage\":{\"@id\":\"https:\\\/\\\/pans.krosno.pl\\\/kola-naukowe\\\/udzial-skn-ekonomistow-na-konferencji\\\/\"},\"wordCount\":86,\"commentCount\":0,\"publisher\":{\"@id\":\"https:\\\/\\\/pans.krosno.pl\\\/kola-naukowe\\\/#organization\"},\"image\":{\"@id\":\"https:\\\/\\\/pans.krosno.pl\\\/kola-naukowe\\\/udzial-skn-ekonomistow-na-konferencji\\\/#primaryimage\"},\"thumbnailUrl\":\"https:\\\/\\\/pans.krosno.pl\\\/kola-naukowe\\\/wp-content\\\/uploads\\\/sites\\\/48\\\/2025\\\/02\\\/235dcbbb-62c9-4ae3-b34a-a340543fbdc8-scaled.jpeg\",\"articleSection\":[\"Ekonomi\u015bci\"],\"inLanguage\":\"pl-PL\",\"potentialAction\":[{\"@type\":\"CommentAction\",\"name\":\"Comment\",\"target\":[\"https:\\\/\\\/pans.krosno.pl\\\/kola-naukowe\\\/udzial-skn-ekonomistow-na-konferencji\\\/#respond\"]}]},{\"@type\":\"WebPage\",\"@id\":\"https:\\\/\\\/pans.krosno.pl\\\/kola-naukowe\\\/udzial-skn-ekonomistow-na-konferencji\\\/\",\"url\":\"https:\\\/\\\/pans.krosno.pl\\\/kola-naukowe\\\/udzial-skn-ekonomistow-na-konferencji\\\/\",\"name\":\"Udzia\u0142 SKN Ekonomist\u00f3w na konferencji - Studenckie Ko\u0142a Naukowe PANS w Kro\u015bnie\",\"isPartOf\":{\"@id\":\"https:\\\/\\\/pans.krosno.pl\\\/kola-naukowe\\\/#website\"},\"primaryImageOfPage\":{\"@id\":\"https:\\\/\\\/pans.krosno.pl\\\/kola-naukowe\\\/udzial-skn-ekonomistow-na-konferencji\\\/#primaryimage\"},\"image\":{\"@id\":\"https:\\\/\\\/pans.krosno.pl\\\/kola-naukowe\\\/udzial-skn-ekonomistow-na-konferencji\\\/#primaryimage\"},\"thumbnailUrl\":\"https:\\\/\\\/pans.krosno.pl\\\/kola-naukowe\\\/wp-content\\\/uploads\\\/sites\\\/48\\\/2025\\\/02\\\/235dcbbb-62c9-4ae3-b34a-a340543fbdc8-scaled.jpeg\",\"datePublished\":\"2025-02-17T09:10:30+00:00\",\"dateModified\":\"2025-02-17T09:10:31+00:00\",\"breadcrumb\":{\"@id\":\"https:\\\/\\\/pans.krosno.pl\\\/kola-naukowe\\\/udzial-skn-ekonomistow-na-konferencji\\\/#breadcrumb\"},\"inLanguage\":\"pl-PL\",\"potentialAction\":[{\"@type\":\"ReadAction\",\"target\":[\"https:\\\/\\\/pans.krosno.pl\\\/kola-naukowe\\\/udzial-skn-ekonomistow-na-konferencji\\\/\"]}]},{\"@type\":\"ImageObject\",\"inLanguage\":\"pl-PL\",\"@id\":\"https:\\\/\\\/pans.krosno.pl\\\/kola-naukowe\\\/udzial-skn-ekonomistow-na-konferencji\\\/#primaryimage\",\"url\":\"https:\\\/\\\/pans.krosno.pl\\\/kola-naukowe\\\/wp-content\\\/uploads\\\/sites\\\/48\\\/2025\\\/02\\\/235dcbbb-62c9-4ae3-b34a-a340543fbdc8-scaled.jpeg\",\"contentUrl\":\"https:\\\/\\\/pans.krosno.pl\\\/kola-naukowe\\\/wp-content\\\/uploads\\\/sites\\\/48\\\/2025\\\/02\\\/235dcbbb-62c9-4ae3-b34a-a340543fbdc8-scaled.jpeg\",\"width\":2560,\"height\":1663},{\"@type\":\"BreadcrumbList\",\"@id\":\"https:\\\/\\\/pans.krosno.pl\\\/kola-naukowe\\\/udzial-skn-ekonomistow-na-konferencji\\\/#breadcrumb\",\"itemListElement\":[{\"@type\":\"ListItem\",\"position\":1,\"name\":\"Strona g\u0142\u00f3wna\",\"item\":\"https:\\\/\\\/pans.krosno.pl\\\/kola-naukowe\\\/\"},{\"@type\":\"ListItem\",\"position\":2,\"name\":\"Udzia\u0142 SKN Ekonomist\u00f3w na konferencji\"}]},{\"@type\":\"WebSite\",\"@id\":\"https:\\\/\\\/pans.krosno.pl\\\/kola-naukowe\\\/#website\",\"url\":\"https:\\\/\\\/pans.krosno.pl\\\/kola-naukowe\\\/\",\"name\":\"Studenckie Ko\u0142a Naukowe PANS w Kro\u015bnie\",\"description\":\"Studenckie Ko\u0142a Naukowe - Pa\u0144stwowa Akademia Nauk Stosowanych\",\"publisher\":{\"@id\":\"https:\\\/\\\/pans.krosno.pl\\\/kola-naukowe\\\/#organization\"},\"potentialAction\":[{\"@type\":\"SearchAction\",\"target\":{\"@type\":\"EntryPoint\",\"urlTemplate\":\"https:\\\/\\\/pans.krosno.pl\\\/kola-naukowe\\\/?s={search_term_string}\"},\"query-input\":{\"@type\":\"PropertyValueSpecification\",\"valueRequired\":true,\"valueName\":\"search_term_string\"}}],\"inLanguage\":\"pl-PL\"},{\"@type\":\"Organization\",\"@id\":\"https:\\\/\\\/pans.krosno.pl\\\/kola-naukowe\\\/#organization\",\"name\":\"Studenckie Ko\u0142a Naukowe PANS w Kro\u015bnie\",\"url\":\"https:\\\/\\\/pans.krosno.pl\\\/kola-naukowe\\\/\",\"logo\":{\"@type\":\"ImageObject\",\"inLanguage\":\"pl-PL\",\"@id\":\"https:\\\/\\\/pans.krosno.pl\\\/kola-naukowe\\\/#\\\/schema\\\/logo\\\/image\\\/\",\"url\":\"https:\\\/\\\/pans.krosno.pl\\\/kola-naukowe\\\/wp-content\\\/uploads\\\/sites\\\/48\\\/2023\\\/01\\\/Logo-PANS-2022-pelne.png\",\"contentUrl\":\"https:\\\/\\\/pans.krosno.pl\\\/kola-naukowe\\\/wp-content\\\/uploads\\\/sites\\\/48\\\/2023\\\/01\\\/Logo-PANS-2022-pelne.png\",\"width\":3096,\"height\":696,\"caption\":\"Studenckie Ko\u0142a Naukowe PANS w Kro\u015bnie\"},\"image\":{\"@id\":\"https:\\\/\\\/pans.krosno.pl\\\/kola-naukowe\\\/#\\\/schema\\\/logo\\\/image\\\/\"}},{\"@type\":\"Person\",\"@id\":\"https:\\\/\\\/pans.krosno.pl\\\/kola-naukowe\\\/#\\\/schema\\\/person\\\/5234d538b37281133cebfcf174124540\",\"name\":\"elzbietabragiel\",\"image\":{\"@type\":\"ImageObject\",\"inLanguage\":\"pl-PL\",\"@id\":\"https:\\\/\\\/secure.gravatar.com\\\/avatar\\\/bcc708f308dc4018a34d44dfaa286089751c22f62d1a00bda271b3333c84bc0b?s=96&d=mm&r=g\",\"url\":\"https:\\\/\\\/secure.gravatar.com\\\/avatar\\\/bcc708f308dc4018a34d44dfaa286089751c22f62d1a00bda271b3333c84bc0b?s=96&d=mm&r=g\",\"contentUrl\":\"https:\\\/\\\/secure.gravatar.com\\\/avatar\\\/bcc708f308dc4018a34d44dfaa286089751c22f62d1a00bda271b3333c84bc0b?s=96&d=mm&r=g\",\"caption\":\"elzbietabragiel\"},\"url\":\"https:\\\/\\\/pans.krosno.pl\\\/kola-naukowe\\\/author\\\/elzbietabragiel\\\/\"}]}<\/script>\n<!-- \/ Yoast SEO Premium plugin. -->","yoast_head_json":{"title":"Udzia\u0142 SKN Ekonomist\u00f3w na konferencji - Studenckie Ko\u0142a Naukowe PANS w Kro\u015bnie","robots":{"index":"index","follow":"follow","max-snippet":"max-snippet:-1","max-image-preview":"max-image-preview:large","max-video-preview":"max-video-preview:-1"},"canonical":"https:\/\/pans.krosno.pl\/kola-naukowe\/udzial-skn-ekonomistow-na-konferencji\/","og_locale":"pl_PL","og_type":"article","og_title":"Udzia\u0142 SKN Ekonomist\u00f3w na konferencji","og_description":"8 lutego br. odby\u0142a si\u0119 Og\u00f3lnopolska konferencja naukowa &#8222;Na marginesie&#8221;. Konferencja organizowana by\u0142a przez O\u015brodek Badawczy Facta Ficta i IJiL Uniwersytetu w Siedlcach. Konferencja odbywa\u0142a si\u0119 w formie online. Dwie studentki z SKN Ekonomist\u00f3w przygotowa\u0142y wyst\u0105pienie, kt\u00f3re zaprezentowa\u0142y na konferencji.&nbsp; Sylwia Nowak i Gabriela P\u0142odzie\u0144 pt. Ekonomiczne aspekty marginalizacji: wp\u0142yw [\u2026] Read More","og_url":"https:\/\/pans.krosno.pl\/kola-naukowe\/udzial-skn-ekonomistow-na-konferencji\/","og_site_name":"Studenckie Ko\u0142a Naukowe PANS w Kro\u015bnie","article_published_time":"2025-02-17T09:10:30+00:00","article_modified_time":"2025-02-17T09:10:31+00:00","og_image":[{"width":2560,"height":1663,"url":"https:\/\/pans.krosno.pl\/kola-naukowe\/wp-content\/uploads\/sites\/48\/2025\/02\/235dcbbb-62c9-4ae3-b34a-a340543fbdc8-scaled.jpeg","type":"image\/jpeg"}],"author":"elzbietabragiel","twitter_card":"summary_large_image","twitter_misc":{"Napisane przez":"elzbietabragiel","Szacowany czas czytania":"1 minuta"},"schema":{"@context":"https:\/\/schema.org","@graph":[{"@type":"Article","@id":"https:\/\/pans.krosno.pl\/kola-naukowe\/udzial-skn-ekonomistow-na-konferencji\/#article","isPartOf":{"@id":"https:\/\/pans.krosno.pl\/kola-naukowe\/udzial-skn-ekonomistow-na-konferencji\/"},"author":{"name":"elzbietabragiel","@id":"https:\/\/pans.krosno.pl\/kola-naukowe\/#\/schema\/person\/5234d538b37281133cebfcf174124540"},"headline":"Udzia\u0142 SKN Ekonomist\u00f3w na konferencji","datePublished":"2025-02-17T09:10:30+00:00","dateModified":"2025-02-17T09:10:31+00:00","mainEntityOfPage":{"@id":"https:\/\/pans.krosno.pl\/kola-naukowe\/udzial-skn-ekonomistow-na-konferencji\/"},"wordCount":86,"commentCount":0,"publisher":{"@id":"https:\/\/pans.krosno.pl\/kola-naukowe\/#organization"},"image":{"@id":"https:\/\/pans.krosno.pl\/kola-naukowe\/udzial-skn-ekonomistow-na-konferencji\/#primaryimage"},"thumbnailUrl":"https:\/\/pans.krosno.pl\/kola-naukowe\/wp-content\/uploads\/sites\/48\/2025\/02\/235dcbbb-62c9-4ae3-b34a-a340543fbdc8-scaled.jpeg","articleSection":["Ekonomi\u015bci"],"inLanguage":"pl-PL","potentialAction":[{"@type":"CommentAction","name":"Comment","target":["https:\/\/pans.krosno.pl\/kola-naukowe\/udzial-skn-ekonomistow-na-konferencji\/#respond"]}]},{"@type":"WebPage","@id":"https:\/\/pans.krosno.pl\/kola-naukowe\/udzial-skn-ekonomistow-na-konferencji\/","url":"https:\/\/pans.krosno.pl\/kola-naukowe\/udzial-skn-ekonomistow-na-konferencji\/","name":"Udzia\u0142 SKN Ekonomist\u00f3w na konferencji - Studenckie Ko\u0142a Naukowe PANS w Kro\u015bnie","isPartOf":{"@id":"https:\/\/pans.krosno.pl\/kola-naukowe\/#website"},"primaryImageOfPage":{"@id":"https:\/\/pans.krosno.pl\/kola-naukowe\/udzial-skn-ekonomistow-na-konferencji\/#primaryimage"},"image":{"@id":"https:\/\/pans.krosno.pl\/kola-naukowe\/udzial-skn-ekonomistow-na-konferencji\/#primaryimage"},"thumbnailUrl":"https:\/\/pans.krosno.pl\/kola-naukowe\/wp-content\/uploads\/sites\/48\/2025\/02\/235dcbbb-62c9-4ae3-b34a-a340543fbdc8-scaled.jpeg","datePublished":"2025-02-17T09:10:30+00:00","dateModified":"2025-02-17T09:10:31+00:00","breadcrumb":{"@id":"https:\/\/pans.krosno.pl\/kola-naukowe\/udzial-skn-ekonomistow-na-konferencji\/#breadcrumb"},"inLanguage":"pl-PL","potentialAction":[{"@type":"ReadAction","target":["https:\/\/pans.krosno.pl\/kola-naukowe\/udzial-skn-ekonomistow-na-konferencji\/"]}]},{"@type":"ImageObject","inLanguage":"pl-PL","@id":"https:\/\/pans.krosno.pl\/kola-naukowe\/udzial-skn-ekonomistow-na-konferencji\/#primaryimage","url":"https:\/\/pans.krosno.pl\/kola-naukowe\/wp-content\/uploads\/sites\/48\/2025\/02\/235dcbbb-62c9-4ae3-b34a-a340543fbdc8-scaled.jpeg","contentUrl":"https:\/\/pans.krosno.pl\/kola-naukowe\/wp-content\/uploads\/sites\/48\/2025\/02\/235dcbbb-62c9-4ae3-b34a-a340543fbdc8-scaled.jpeg","width":2560,"height":1663},{"@type":"BreadcrumbList","@id":"https:\/\/pans.krosno.pl\/kola-naukowe\/udzial-skn-ekonomistow-na-konferencji\/#breadcrumb","itemListElement":[{"@type":"ListItem","position":1,"name":"Strona g\u0142\u00f3wna","item":"https:\/\/pans.krosno.pl\/kola-naukowe\/"},{"@type":"ListItem","position":2,"name":"Udzia\u0142 SKN Ekonomist\u00f3w na konferencji"}]},{"@type":"WebSite","@id":"https:\/\/pans.krosno.pl\/kola-naukowe\/#website","url":"https:\/\/pans.krosno.pl\/kola-naukowe\/","name":"Studenckie Ko\u0142a Naukowe PANS w Kro\u015bnie","description":"Studenckie Ko\u0142a Naukowe - Pa\u0144stwowa Akademia Nauk Stosowanych","publisher":{"@id":"https:\/\/pans.krosno.pl\/kola-naukowe\/#organization"},"potentialAction":[{"@type":"SearchAction","target":{"@type":"EntryPoint","urlTemplate":"https:\/\/pans.krosno.pl\/kola-naukowe\/?s={search_term_string}"},"query-input":{"@type":"PropertyValueSpecification","valueRequired":true,"valueName":"search_term_string"}}],"inLanguage":"pl-PL"},{"@type":"Organization","@id":"https:\/\/pans.krosno.pl\/kola-naukowe\/#organization","name":"Studenckie Ko\u0142a Naukowe PANS w Kro\u015bnie","url":"https:\/\/pans.krosno.pl\/kola-naukowe\/","logo":{"@type":"ImageObject","inLanguage":"pl-PL","@id":"https:\/\/pans.krosno.pl\/kola-naukowe\/#\/schema\/logo\/image\/","url":"https:\/\/pans.krosno.pl\/kola-naukowe\/wp-content\/uploads\/sites\/48\/2023\/01\/Logo-PANS-2022-pelne.png","contentUrl":"https:\/\/pans.krosno.pl\/kola-naukowe\/wp-content\/uploads\/sites\/48\/2023\/01\/Logo-PANS-2022-pelne.png","width":3096,"height":696,"caption":"Studenckie Ko\u0142a Naukowe PANS w Kro\u015bnie"},"image":{"@id":"https:\/\/pans.krosno.pl\/kola-naukowe\/#\/schema\/logo\/image\/"}},{"@type":"Person","@id":"https:\/\/pans.krosno.pl\/kola-naukowe\/#\/schema\/person\/5234d538b37281133cebfcf174124540","name":"elzbietabragiel","image":{"@type":"ImageObject","inLanguage":"pl-PL","@id":"https:\/\/secure.gravatar.com\/avatar\/bcc708f308dc4018a34d44dfaa286089751c22f62d1a00bda271b3333c84bc0b?s=96&d=mm&r=g","url":"https:\/\/secure.gravatar.com\/avatar\/bcc708f308dc4018a34d44dfaa286089751c22f62d1a00bda271b3333c84bc0b?s=96&d=mm&r=g","contentUrl":"https:\/\/secure.gravatar.com\/avatar\/bcc708f308dc4018a34d44dfaa286089751c22f62d1a00bda271b3333c84bc0b?s=96&d=mm&r=g","caption":"elzbietabragiel"},"url":"https:\/\/pans.krosno.pl\/kola-naukowe\/author\/elzbietabragiel\/"}]}},"_links":{"self":[{"href":"https:\/\/pans.krosno.pl\/kola-naukowe\/wp-json\/wp\/v2\/posts\/7278","targetHints":{"allow":["GET"]}}],"collection":[{"href":"https:\/\/pans.krosno.pl\/kola-naukowe\/wp-json\/wp\/v2\/posts"}],"about":[{"href":"https:\/\/pans.krosno.pl\/kola-naukowe\/wp-json\/wp\/v2\/types\/post"}],"author":[{"embeddable":true,"href":"https:\/\/pans.krosno.pl\/kola-naukowe\/wp-json\/wp\/v2\/users\/17"}],"replies":[{"embeddable":true,"href":"https:\/\/pans.krosno.pl\/kola-naukowe\/wp-json\/wp\/v2\/comments?post=7278"}],"version-history":[{"count":1,"href":"https:\/\/pans.krosno.pl\/kola-naukowe\/wp-json\/wp\/v2\/posts\/7278\/revisions"}],"predecessor-version":[{"id":7281,"href":"https:\/\/pans.krosno.pl\/kola-naukowe\/wp-json\/wp\/v2\/posts\/7278\/revisions\/7281"}],"wp:featuredmedia":[{"embeddable":true,"href":"https:\/\/pans.krosno.pl\/kola-naukowe\/wp-json\/wp\/v2\/media\/7280"}],"wp:attachment":[{"href":"https:\/\/pans.krosno.pl\/kola-naukowe\/wp-json\/wp\/v2\/media?parent=7278"}],"wp:term":[{"taxonomy":"category","embeddable":true,"href":"https:\/\/pans.krosno.pl\/kola-naukowe\/wp-json\/wp\/v2\/categories?post=7278"},{"taxonomy":"post_tag","embeddable":true,"href":"https:\/\/pans.krosno.pl\/kola-naukowe\/wp-json\/wp\/v2\/tags?post=7278"}],"curies":[{"name":"wp","href":"https:\/\/api.w.org\/{rel}","templated":true}]}}