{"id":67,"date":"2019-11-21T16:18:00","date_gmt":"2019-11-21T15:18:00","guid":{"rendered":"https:\/\/pans.krosno.pl\/kola-naukowe\/?p=67"},"modified":"2020-04-20T16:20:24","modified_gmt":"2020-04-20T14:20:24","slug":"skn-ekonomistow-na-v-forum-gospodarczym-w-krosnie","status":"publish","type":"post","link":"https:\/\/pans.krosno.pl\/kola-naukowe\/skn-ekonomistow-na-v-forum-gospodarczym-w-krosnie\/","title":{"rendered":"SKN Ekonomist\u00f3w na V Forum Gospodarczym w Kro\u015bnie"},"content":{"rendered":"\n<figure class=\"wp-block-image size-large\"><img loading=\"lazy\" decoding=\"async\" width=\"640\" height=\"480\" src=\"https:\/\/pans.krosno.pl\/kola-naukowe\/wp-content\/uploads\/sites\/48\/2020\/04\/l3uW3JumZVWqkYlkZAforum.jpg\" alt=\"\" class=\"wp-image-69\" srcset=\"https:\/\/pans.krosno.pl\/kola-naukowe\/wp-content\/uploads\/sites\/48\/2020\/04\/l3uW3JumZVWqkYlkZAforum.jpg 640w, https:\/\/pans.krosno.pl\/kola-naukowe\/wp-content\/uploads\/sites\/48\/2020\/04\/l3uW3JumZVWqkYlkZAforum-300x225.jpg 300w, https:\/\/pans.krosno.pl\/kola-naukowe\/wp-content\/uploads\/sites\/48\/2020\/04\/l3uW3JumZVWqkYlkZAforum-580x435.jpg 580w\" sizes=\"auto, (max-width: 640px) 100vw, 640px\" \/><\/figure>\n\n\n\n<h3 class=\"wp-block-heading\">21 listopada 2019 r. studenci z&nbsp;Studenckiego Ko\u0142a Naukowego Ekonomist\u00f3w&nbsp;uczestniczyli w V Forum Gospodarczym w Kro\u015bnie. Przedsi\u0119biorczo\u015b\u0107 m\u0142odych. Szanse, inspiracje, perspektywy.<\/h3>\n\n\n\n<p>Wydarzenie odbywa\u0142o si\u0119 w ramach \u015awiatowego Tygodnia Przedsi\u0119biorczo\u015bci. Organizatorami by\u0142o Miasto Krosno i PWSZ w Kro\u015bnie.<\/p>\n\n\n\n<p>Tegoroczne Forum by\u0142o pierwszym z cyklu wydarze\u0144, jakie miasto zorganizuje z my\u015bl\u0105 o m\u0142odych, szczeg\u00f3lnie przedsi\u0119biorczych mieszka\u0144cach. Na Forum podkre\u015blano, \u017ce takie spotkania maj\u0105 przede wszystkim na celu&nbsp; inspirowa\u0107 i motywowa\u0107 m\u0142odych, &nbsp;stwarza\u0107 im perspektywy i je\u015bli ju\u017c takie s\u0105 &#8211; wspiera\u0107 we wdra\u017caniu pomys\u0142y biznesowe w \u017cycie.<\/p>\n\n\n\n<figure class=\"wp-block-image size-large\"><img loading=\"lazy\" decoding=\"async\" width=\"640\" height=\"480\" src=\"https:\/\/pans.krosno.pl\/kola-naukowe\/wp-content\/uploads\/sites\/48\/2020\/04\/l3uW3JumZVWqkYlkZAfor.jpg\" alt=\"\" class=\"wp-image-68\" srcset=\"https:\/\/pans.krosno.pl\/kola-naukowe\/wp-content\/uploads\/sites\/48\/2020\/04\/l3uW3JumZVWqkYlkZAfor.jpg 640w, https:\/\/pans.krosno.pl\/kola-naukowe\/wp-content\/uploads\/sites\/48\/2020\/04\/l3uW3JumZVWqkYlkZAfor-300x225.jpg 300w, https:\/\/pans.krosno.pl\/kola-naukowe\/wp-content\/uploads\/sites\/48\/2020\/04\/l3uW3JumZVWqkYlkZAfor-580x435.jpg 580w\" sizes=\"auto, (max-width: 640px) 100vw, 640px\" \/><\/figure>\n\n\n\n<p>Pierwszy panel dyskusyjny odbywa\u0142 si\u0119 z udzia\u0142em specjalist\u00f3w z zakresu prawa, ksi\u0119gowo\u015bci, podatk\u00f3w, kredyt\u00f3w czy wprowadzania start-up\u00f3w. Odpowiadano m.in. na pytania: sk\u0105d pozyska\u0107 \u015brodki na za\u0142o\u017cenie firmy, jakie s\u0105 rodzaje ryzyka i jak si\u0119 przed nimi zabezpieczy\u0107?, jak\u0105 wybra\u0107 form\u0119 opodatkowania? czy, gdzie znale\u017a\u0107 wsparcie biznesowe?<\/p>\n\n\n\n<p>W drugim panelu lokalni m\u0142odzi przedsi\u0119biorcy opowiadali o swoich do\u015bwiadczeniach i doradzali, na co zwr\u00f3ci\u0107 uwag\u0119 startuj\u0105c z w\u0142asnym biznesem.<\/p>\n\n\n\n<figure class=\"wp-block-image size-large\"><img loading=\"lazy\" decoding=\"async\" width=\"640\" height=\"480\" src=\"https:\/\/pans.krosno.pl\/kola-naukowe\/wp-content\/uploads\/sites\/48\/2020\/04\/l3uW3JumZVWqkYlkZAforummm.jpg\" alt=\"\" class=\"wp-image-70\" srcset=\"https:\/\/pans.krosno.pl\/kola-naukowe\/wp-content\/uploads\/sites\/48\/2020\/04\/l3uW3JumZVWqkYlkZAforummm.jpg 640w, https:\/\/pans.krosno.pl\/kola-naukowe\/wp-content\/uploads\/sites\/48\/2020\/04\/l3uW3JumZVWqkYlkZAforummm-300x225.jpg 300w, https:\/\/pans.krosno.pl\/kola-naukowe\/wp-content\/uploads\/sites\/48\/2020\/04\/l3uW3JumZVWqkYlkZAforummm-580x435.jpg 580w\" sizes=\"auto, (max-width: 640px) 100vw, 640px\" \/><\/figure>\n\n\n\n<p>Ciekawa, aktualna tematyka, wzbogacona przez \u201eludzi biznesu\u201d by\u0142a nieocenion\u0105 praktyczn\u0105 lekcj\u0105 dla wszystkich, szczeg\u00f3lnie student\u00f3w.<\/p>\n","protected":false},"excerpt":{"rendered":"<p>21 listopada 2019 r. studenci z&nbsp;Studenckiego Ko\u0142a Naukowego Ekonomist\u00f3w&nbsp;uczestniczyli w V Forum Gospodarczym w Kro\u015bnie. Przedsi\u0119biorczo\u015b\u0107 m\u0142odych. Szanse, inspiracje, perspektywy. Wydarzenie odbywa\u0142o si\u0119 w ramach \u015awiatowego Tygodnia Przedsi\u0119biorczo\u015bci. Organizatorami by\u0142o Miasto Krosno i PWSZ w Kro\u015bnie. Tegoroczne Forum by\u0142o pierwszym z cyklu wydarze\u0144, jakie miasto zorganizuje z my\u015bl\u0105 o m\u0142odych, [\u2026] <\/p>\n<div class=\"clear\"><\/div>\n<p><a class=\"more_link clearfix\" href=\"https:\/\/pans.krosno.pl\/kola-naukowe\/skn-ekonomistow-na-v-forum-gospodarczym-w-krosnie\/\" rel=\"nofollow\">Read More<\/a><\/p>\n","protected":false},"author":27,"featured_media":70,"comment_status":"open","ping_status":"open","sticky":false,"template":"","format":"standard","meta":{"ngg_post_thumbnail":0,"footnotes":""},"categories":[2],"tags":[],"class_list":["post-67","post","type-post","status-publish","format-standard","has-post-thumbnail","hentry","category-ekonomisci"],"yoast_head":"<!-- This site is optimized with the Yoast SEO Premium plugin v27.4 (Yoast SEO v27.4) - https:\/\/yoast.com\/product\/yoast-seo-premium-wordpress\/ -->\n<title>SKN Ekonomist\u00f3w na V Forum Gospodarczym w Kro\u015bnie - Studenckie Ko\u0142a Naukowe PANS w Kro\u015bnie<\/title>\n<meta name=\"robots\" content=\"index, follow, max-snippet:-1, max-image-preview:large, max-video-preview:-1\" \/>\n<link rel=\"canonical\" href=\"https:\/\/pans.krosno.pl\/kola-naukowe\/skn-ekonomistow-na-v-forum-gospodarczym-w-krosnie\/\" \/>\n<meta property=\"og:locale\" content=\"pl_PL\" \/>\n<meta property=\"og:type\" content=\"article\" \/>\n<meta property=\"og:title\" content=\"SKN Ekonomist\u00f3w na V Forum Gospodarczym w Kro\u015bnie\" \/>\n<meta property=\"og:description\" content=\"21 listopada 2019 r. studenci z&nbsp;Studenckiego Ko\u0142a Naukowego Ekonomist\u00f3w&nbsp;uczestniczyli w V Forum Gospodarczym w Kro\u015bnie. Przedsi\u0119biorczo\u015b\u0107 m\u0142odych. Szanse, inspiracje, perspektywy. Wydarzenie odbywa\u0142o si\u0119 w ramach \u015awiatowego Tygodnia Przedsi\u0119biorczo\u015bci. Organizatorami by\u0142o Miasto Krosno i PWSZ w Kro\u015bnie. Tegoroczne Forum by\u0142o pierwszym z cyklu wydarze\u0144, jakie miasto zorganizuje z my\u015bl\u0105 o m\u0142odych, [\u2026] Read More\" \/>\n<meta property=\"og:url\" content=\"https:\/\/pans.krosno.pl\/kola-naukowe\/skn-ekonomistow-na-v-forum-gospodarczym-w-krosnie\/\" \/>\n<meta property=\"og:site_name\" content=\"Studenckie Ko\u0142a Naukowe PANS w Kro\u015bnie\" \/>\n<meta property=\"article:published_time\" content=\"2019-11-21T15:18:00+00:00\" \/>\n<meta property=\"article:modified_time\" content=\"2020-04-20T14:20:24+00:00\" \/>\n<meta property=\"og:image\" content=\"https:\/\/pans.krosno.pl\/wp-content\/uploads\/sites\/48\/2020\/04\/l3uW3JumZVWqkYlkZAforummm.jpg\" \/>\n\t<meta property=\"og:image:width\" content=\"640\" \/>\n\t<meta property=\"og:image:height\" content=\"480\" \/>\n\t<meta property=\"og:image:type\" content=\"image\/jpeg\" \/>\n<meta name=\"author\" content=\"maciejpolchlopek\" \/>\n<meta name=\"twitter:card\" content=\"summary_large_image\" \/>\n<meta name=\"twitter:label1\" content=\"Napisane przez\" \/>\n\t<meta name=\"twitter:data1\" content=\"maciejpolchlopek\" \/>\n\t<meta name=\"twitter:label2\" content=\"Szacowany czas czytania\" \/>\n\t<meta name=\"twitter:data2\" content=\"1 minuta\" \/>\n<script type=\"application\/ld+json\" class=\"yoast-schema-graph\">{\"@context\":\"https:\\\/\\\/schema.org\",\"@graph\":[{\"@type\":\"Article\",\"@id\":\"https:\\\/\\\/pans.krosno.pl\\\/kola-naukowe\\\/skn-ekonomistow-na-v-forum-gospodarczym-w-krosnie\\\/#article\",\"isPartOf\":{\"@id\":\"https:\\\/\\\/pans.krosno.pl\\\/kola-naukowe\\\/skn-ekonomistow-na-v-forum-gospodarczym-w-krosnie\\\/\"},\"author\":{\"name\":\"maciejpolchlopek\",\"@id\":\"https:\\\/\\\/pans.krosno.pl\\\/kola-naukowe\\\/#\\\/schema\\\/person\\\/c1c9d6d593d357f87d9a7d7e44daa34e\"},\"headline\":\"SKN Ekonomist\u00f3w na V Forum Gospodarczym w Kro\u015bnie\",\"datePublished\":\"2019-11-21T15:18:00+00:00\",\"dateModified\":\"2020-04-20T14:20:24+00:00\",\"mainEntityOfPage\":{\"@id\":\"https:\\\/\\\/pans.krosno.pl\\\/kola-naukowe\\\/skn-ekonomistow-na-v-forum-gospodarczym-w-krosnie\\\/\"},\"wordCount\":220,\"commentCount\":0,\"publisher\":{\"@id\":\"https:\\\/\\\/pans.krosno.pl\\\/kola-naukowe\\\/#organization\"},\"image\":{\"@id\":\"https:\\\/\\\/pans.krosno.pl\\\/kola-naukowe\\\/skn-ekonomistow-na-v-forum-gospodarczym-w-krosnie\\\/#primaryimage\"},\"thumbnailUrl\":\"https:\\\/\\\/pans.krosno.pl\\\/kola-naukowe\\\/wp-content\\\/uploads\\\/sites\\\/48\\\/2020\\\/04\\\/l3uW3JumZVWqkYlkZAforummm.jpg\",\"articleSection\":[\"Ekonomi\u015bci\"],\"inLanguage\":\"pl-PL\",\"potentialAction\":[{\"@type\":\"CommentAction\",\"name\":\"Comment\",\"target\":[\"https:\\\/\\\/pans.krosno.pl\\\/kola-naukowe\\\/skn-ekonomistow-na-v-forum-gospodarczym-w-krosnie\\\/#respond\"]}]},{\"@type\":\"WebPage\",\"@id\":\"https:\\\/\\\/pans.krosno.pl\\\/kola-naukowe\\\/skn-ekonomistow-na-v-forum-gospodarczym-w-krosnie\\\/\",\"url\":\"https:\\\/\\\/pans.krosno.pl\\\/kola-naukowe\\\/skn-ekonomistow-na-v-forum-gospodarczym-w-krosnie\\\/\",\"name\":\"SKN Ekonomist\u00f3w na V Forum Gospodarczym w Kro\u015bnie - Studenckie Ko\u0142a Naukowe PANS w Kro\u015bnie\",\"isPartOf\":{\"@id\":\"https:\\\/\\\/pans.krosno.pl\\\/kola-naukowe\\\/#website\"},\"primaryImageOfPage\":{\"@id\":\"https:\\\/\\\/pans.krosno.pl\\\/kola-naukowe\\\/skn-ekonomistow-na-v-forum-gospodarczym-w-krosnie\\\/#primaryimage\"},\"image\":{\"@id\":\"https:\\\/\\\/pans.krosno.pl\\\/kola-naukowe\\\/skn-ekonomistow-na-v-forum-gospodarczym-w-krosnie\\\/#primaryimage\"},\"thumbnailUrl\":\"https:\\\/\\\/pans.krosno.pl\\\/kola-naukowe\\\/wp-content\\\/uploads\\\/sites\\\/48\\\/2020\\\/04\\\/l3uW3JumZVWqkYlkZAforummm.jpg\",\"datePublished\":\"2019-11-21T15:18:00+00:00\",\"dateModified\":\"2020-04-20T14:20:24+00:00\",\"breadcrumb\":{\"@id\":\"https:\\\/\\\/pans.krosno.pl\\\/kola-naukowe\\\/skn-ekonomistow-na-v-forum-gospodarczym-w-krosnie\\\/#breadcrumb\"},\"inLanguage\":\"pl-PL\",\"potentialAction\":[{\"@type\":\"ReadAction\",\"target\":[\"https:\\\/\\\/pans.krosno.pl\\\/kola-naukowe\\\/skn-ekonomistow-na-v-forum-gospodarczym-w-krosnie\\\/\"]}]},{\"@type\":\"ImageObject\",\"inLanguage\":\"pl-PL\",\"@id\":\"https:\\\/\\\/pans.krosno.pl\\\/kola-naukowe\\\/skn-ekonomistow-na-v-forum-gospodarczym-w-krosnie\\\/#primaryimage\",\"url\":\"https:\\\/\\\/pans.krosno.pl\\\/kola-naukowe\\\/wp-content\\\/uploads\\\/sites\\\/48\\\/2020\\\/04\\\/l3uW3JumZVWqkYlkZAforummm.jpg\",\"contentUrl\":\"https:\\\/\\\/pans.krosno.pl\\\/kola-naukowe\\\/wp-content\\\/uploads\\\/sites\\\/48\\\/2020\\\/04\\\/l3uW3JumZVWqkYlkZAforummm.jpg\",\"width\":640,\"height\":480},{\"@type\":\"BreadcrumbList\",\"@id\":\"https:\\\/\\\/pans.krosno.pl\\\/kola-naukowe\\\/skn-ekonomistow-na-v-forum-gospodarczym-w-krosnie\\\/#breadcrumb\",\"itemListElement\":[{\"@type\":\"ListItem\",\"position\":1,\"name\":\"Strona g\u0142\u00f3wna\",\"item\":\"https:\\\/\\\/pans.krosno.pl\\\/kola-naukowe\\\/\"},{\"@type\":\"ListItem\",\"position\":2,\"name\":\"SKN Ekonomist\u00f3w na V Forum Gospodarczym w Kro\u015bnie\"}]},{\"@type\":\"WebSite\",\"@id\":\"https:\\\/\\\/pans.krosno.pl\\\/kola-naukowe\\\/#website\",\"url\":\"https:\\\/\\\/pans.krosno.pl\\\/kola-naukowe\\\/\",\"name\":\"Studenckie Ko\u0142a Naukowe PANS w Kro\u015bnie\",\"description\":\"Studenckie Ko\u0142a Naukowe - Pa\u0144stwowa Akademia Nauk Stosowanych\",\"publisher\":{\"@id\":\"https:\\\/\\\/pans.krosno.pl\\\/kola-naukowe\\\/#organization\"},\"potentialAction\":[{\"@type\":\"SearchAction\",\"target\":{\"@type\":\"EntryPoint\",\"urlTemplate\":\"https:\\\/\\\/pans.krosno.pl\\\/kola-naukowe\\\/?s={search_term_string}\"},\"query-input\":{\"@type\":\"PropertyValueSpecification\",\"valueRequired\":true,\"valueName\":\"search_term_string\"}}],\"inLanguage\":\"pl-PL\"},{\"@type\":\"Organization\",\"@id\":\"https:\\\/\\\/pans.krosno.pl\\\/kola-naukowe\\\/#organization\",\"name\":\"Studenckie Ko\u0142a Naukowe PANS w Kro\u015bnie\",\"url\":\"https:\\\/\\\/pans.krosno.pl\\\/kola-naukowe\\\/\",\"logo\":{\"@type\":\"ImageObject\",\"inLanguage\":\"pl-PL\",\"@id\":\"https:\\\/\\\/pans.krosno.pl\\\/kola-naukowe\\\/#\\\/schema\\\/logo\\\/image\\\/\",\"url\":\"https:\\\/\\\/pans.krosno.pl\\\/kola-naukowe\\\/wp-content\\\/uploads\\\/sites\\\/48\\\/2023\\\/01\\\/Logo-PANS-2022-pelne.png\",\"contentUrl\":\"https:\\\/\\\/pans.krosno.pl\\\/kola-naukowe\\\/wp-content\\\/uploads\\\/sites\\\/48\\\/2023\\\/01\\\/Logo-PANS-2022-pelne.png\",\"width\":3096,\"height\":696,\"caption\":\"Studenckie Ko\u0142a Naukowe PANS w Kro\u015bnie\"},\"image\":{\"@id\":\"https:\\\/\\\/pans.krosno.pl\\\/kola-naukowe\\\/#\\\/schema\\\/logo\\\/image\\\/\"}},{\"@type\":\"Person\",\"@id\":\"https:\\\/\\\/pans.krosno.pl\\\/kola-naukowe\\\/#\\\/schema\\\/person\\\/c1c9d6d593d357f87d9a7d7e44daa34e\",\"name\":\"maciejpolchlopek\",\"image\":{\"@type\":\"ImageObject\",\"inLanguage\":\"pl-PL\",\"@id\":\"https:\\\/\\\/secure.gravatar.com\\\/avatar\\\/2fadd549eeed4871c9aa96e96d8519cac8006657ce091e11a5f0ba8a8f5dca66?s=96&d=mm&r=g\",\"url\":\"https:\\\/\\\/secure.gravatar.com\\\/avatar\\\/2fadd549eeed4871c9aa96e96d8519cac8006657ce091e11a5f0ba8a8f5dca66?s=96&d=mm&r=g\",\"contentUrl\":\"https:\\\/\\\/secure.gravatar.com\\\/avatar\\\/2fadd549eeed4871c9aa96e96d8519cac8006657ce091e11a5f0ba8a8f5dca66?s=96&d=mm&r=g\",\"caption\":\"maciejpolchlopek\"},\"url\":\"https:\\\/\\\/pans.krosno.pl\\\/kola-naukowe\\\/author\\\/maciejpolchlopek\\\/\"}]}<\/script>\n<!-- \/ Yoast SEO Premium plugin. -->","yoast_head_json":{"title":"SKN Ekonomist\u00f3w na V Forum Gospodarczym w Kro\u015bnie - Studenckie Ko\u0142a Naukowe PANS w Kro\u015bnie","robots":{"index":"index","follow":"follow","max-snippet":"max-snippet:-1","max-image-preview":"max-image-preview:large","max-video-preview":"max-video-preview:-1"},"canonical":"https:\/\/pans.krosno.pl\/kola-naukowe\/skn-ekonomistow-na-v-forum-gospodarczym-w-krosnie\/","og_locale":"pl_PL","og_type":"article","og_title":"SKN Ekonomist\u00f3w na V Forum Gospodarczym w Kro\u015bnie","og_description":"21 listopada 2019 r. studenci z&nbsp;Studenckiego Ko\u0142a Naukowego Ekonomist\u00f3w&nbsp;uczestniczyli w V Forum Gospodarczym w Kro\u015bnie. Przedsi\u0119biorczo\u015b\u0107 m\u0142odych. Szanse, inspiracje, perspektywy. Wydarzenie odbywa\u0142o si\u0119 w ramach \u015awiatowego Tygodnia Przedsi\u0119biorczo\u015bci. Organizatorami by\u0142o Miasto Krosno i PWSZ w Kro\u015bnie. Tegoroczne Forum by\u0142o pierwszym z cyklu wydarze\u0144, jakie miasto zorganizuje z my\u015bl\u0105 o m\u0142odych, [\u2026] Read More","og_url":"https:\/\/pans.krosno.pl\/kola-naukowe\/skn-ekonomistow-na-v-forum-gospodarczym-w-krosnie\/","og_site_name":"Studenckie Ko\u0142a Naukowe PANS w Kro\u015bnie","article_published_time":"2019-11-21T15:18:00+00:00","article_modified_time":"2020-04-20T14:20:24+00:00","og_image":[{"width":640,"height":480,"url":"https:\/\/pans.krosno.pl\/wp-content\/uploads\/sites\/48\/2020\/04\/l3uW3JumZVWqkYlkZAforummm.jpg","type":"image\/jpeg"}],"author":"maciejpolchlopek","twitter_card":"summary_large_image","twitter_misc":{"Napisane przez":"maciejpolchlopek","Szacowany czas czytania":"1 minuta"},"schema":{"@context":"https:\/\/schema.org","@graph":[{"@type":"Article","@id":"https:\/\/pans.krosno.pl\/kola-naukowe\/skn-ekonomistow-na-v-forum-gospodarczym-w-krosnie\/#article","isPartOf":{"@id":"https:\/\/pans.krosno.pl\/kola-naukowe\/skn-ekonomistow-na-v-forum-gospodarczym-w-krosnie\/"},"author":{"name":"maciejpolchlopek","@id":"https:\/\/pans.krosno.pl\/kola-naukowe\/#\/schema\/person\/c1c9d6d593d357f87d9a7d7e44daa34e"},"headline":"SKN Ekonomist\u00f3w na V Forum Gospodarczym w Kro\u015bnie","datePublished":"2019-11-21T15:18:00+00:00","dateModified":"2020-04-20T14:20:24+00:00","mainEntityOfPage":{"@id":"https:\/\/pans.krosno.pl\/kola-naukowe\/skn-ekonomistow-na-v-forum-gospodarczym-w-krosnie\/"},"wordCount":220,"commentCount":0,"publisher":{"@id":"https:\/\/pans.krosno.pl\/kola-naukowe\/#organization"},"image":{"@id":"https:\/\/pans.krosno.pl\/kola-naukowe\/skn-ekonomistow-na-v-forum-gospodarczym-w-krosnie\/#primaryimage"},"thumbnailUrl":"https:\/\/pans.krosno.pl\/kola-naukowe\/wp-content\/uploads\/sites\/48\/2020\/04\/l3uW3JumZVWqkYlkZAforummm.jpg","articleSection":["Ekonomi\u015bci"],"inLanguage":"pl-PL","potentialAction":[{"@type":"CommentAction","name":"Comment","target":["https:\/\/pans.krosno.pl\/kola-naukowe\/skn-ekonomistow-na-v-forum-gospodarczym-w-krosnie\/#respond"]}]},{"@type":"WebPage","@id":"https:\/\/pans.krosno.pl\/kola-naukowe\/skn-ekonomistow-na-v-forum-gospodarczym-w-krosnie\/","url":"https:\/\/pans.krosno.pl\/kola-naukowe\/skn-ekonomistow-na-v-forum-gospodarczym-w-krosnie\/","name":"SKN Ekonomist\u00f3w na V Forum Gospodarczym w Kro\u015bnie - Studenckie Ko\u0142a Naukowe PANS w Kro\u015bnie","isPartOf":{"@id":"https:\/\/pans.krosno.pl\/kola-naukowe\/#website"},"primaryImageOfPage":{"@id":"https:\/\/pans.krosno.pl\/kola-naukowe\/skn-ekonomistow-na-v-forum-gospodarczym-w-krosnie\/#primaryimage"},"image":{"@id":"https:\/\/pans.krosno.pl\/kola-naukowe\/skn-ekonomistow-na-v-forum-gospodarczym-w-krosnie\/#primaryimage"},"thumbnailUrl":"https:\/\/pans.krosno.pl\/kola-naukowe\/wp-content\/uploads\/sites\/48\/2020\/04\/l3uW3JumZVWqkYlkZAforummm.jpg","datePublished":"2019-11-21T15:18:00+00:00","dateModified":"2020-04-20T14:20:24+00:00","breadcrumb":{"@id":"https:\/\/pans.krosno.pl\/kola-naukowe\/skn-ekonomistow-na-v-forum-gospodarczym-w-krosnie\/#breadcrumb"},"inLanguage":"pl-PL","potentialAction":[{"@type":"ReadAction","target":["https:\/\/pans.krosno.pl\/kola-naukowe\/skn-ekonomistow-na-v-forum-gospodarczym-w-krosnie\/"]}]},{"@type":"ImageObject","inLanguage":"pl-PL","@id":"https:\/\/pans.krosno.pl\/kola-naukowe\/skn-ekonomistow-na-v-forum-gospodarczym-w-krosnie\/#primaryimage","url":"https:\/\/pans.krosno.pl\/kola-naukowe\/wp-content\/uploads\/sites\/48\/2020\/04\/l3uW3JumZVWqkYlkZAforummm.jpg","contentUrl":"https:\/\/pans.krosno.pl\/kola-naukowe\/wp-content\/uploads\/sites\/48\/2020\/04\/l3uW3JumZVWqkYlkZAforummm.jpg","width":640,"height":480},{"@type":"BreadcrumbList","@id":"https:\/\/pans.krosno.pl\/kola-naukowe\/skn-ekonomistow-na-v-forum-gospodarczym-w-krosnie\/#breadcrumb","itemListElement":[{"@type":"ListItem","position":1,"name":"Strona g\u0142\u00f3wna","item":"https:\/\/pans.krosno.pl\/kola-naukowe\/"},{"@type":"ListItem","position":2,"name":"SKN Ekonomist\u00f3w na V Forum Gospodarczym w Kro\u015bnie"}]},{"@type":"WebSite","@id":"https:\/\/pans.krosno.pl\/kola-naukowe\/#website","url":"https:\/\/pans.krosno.pl\/kola-naukowe\/","name":"Studenckie Ko\u0142a Naukowe PANS w Kro\u015bnie","description":"Studenckie Ko\u0142a Naukowe - Pa\u0144stwowa Akademia Nauk Stosowanych","publisher":{"@id":"https:\/\/pans.krosno.pl\/kola-naukowe\/#organization"},"potentialAction":[{"@type":"SearchAction","target":{"@type":"EntryPoint","urlTemplate":"https:\/\/pans.krosno.pl\/kola-naukowe\/?s={search_term_string}"},"query-input":{"@type":"PropertyValueSpecification","valueRequired":true,"valueName":"search_term_string"}}],"inLanguage":"pl-PL"},{"@type":"Organization","@id":"https:\/\/pans.krosno.pl\/kola-naukowe\/#organization","name":"Studenckie Ko\u0142a Naukowe PANS w Kro\u015bnie","url":"https:\/\/pans.krosno.pl\/kola-naukowe\/","logo":{"@type":"ImageObject","inLanguage":"pl-PL","@id":"https:\/\/pans.krosno.pl\/kola-naukowe\/#\/schema\/logo\/image\/","url":"https:\/\/pans.krosno.pl\/kola-naukowe\/wp-content\/uploads\/sites\/48\/2023\/01\/Logo-PANS-2022-pelne.png","contentUrl":"https:\/\/pans.krosno.pl\/kola-naukowe\/wp-content\/uploads\/sites\/48\/2023\/01\/Logo-PANS-2022-pelne.png","width":3096,"height":696,"caption":"Studenckie Ko\u0142a Naukowe PANS w Kro\u015bnie"},"image":{"@id":"https:\/\/pans.krosno.pl\/kola-naukowe\/#\/schema\/logo\/image\/"}},{"@type":"Person","@id":"https:\/\/pans.krosno.pl\/kola-naukowe\/#\/schema\/person\/c1c9d6d593d357f87d9a7d7e44daa34e","name":"maciejpolchlopek","image":{"@type":"ImageObject","inLanguage":"pl-PL","@id":"https:\/\/secure.gravatar.com\/avatar\/2fadd549eeed4871c9aa96e96d8519cac8006657ce091e11a5f0ba8a8f5dca66?s=96&d=mm&r=g","url":"https:\/\/secure.gravatar.com\/avatar\/2fadd549eeed4871c9aa96e96d8519cac8006657ce091e11a5f0ba8a8f5dca66?s=96&d=mm&r=g","contentUrl":"https:\/\/secure.gravatar.com\/avatar\/2fadd549eeed4871c9aa96e96d8519cac8006657ce091e11a5f0ba8a8f5dca66?s=96&d=mm&r=g","caption":"maciejpolchlopek"},"url":"https:\/\/pans.krosno.pl\/kola-naukowe\/author\/maciejpolchlopek\/"}]}},"_links":{"self":[{"href":"https:\/\/pans.krosno.pl\/kola-naukowe\/wp-json\/wp\/v2\/posts\/67","targetHints":{"allow":["GET"]}}],"collection":[{"href":"https:\/\/pans.krosno.pl\/kola-naukowe\/wp-json\/wp\/v2\/posts"}],"about":[{"href":"https:\/\/pans.krosno.pl\/kola-naukowe\/wp-json\/wp\/v2\/types\/post"}],"author":[{"embeddable":true,"href":"https:\/\/pans.krosno.pl\/kola-naukowe\/wp-json\/wp\/v2\/users\/27"}],"replies":[{"embeddable":true,"href":"https:\/\/pans.krosno.pl\/kola-naukowe\/wp-json\/wp\/v2\/comments?post=67"}],"version-history":[{"count":1,"href":"https:\/\/pans.krosno.pl\/kola-naukowe\/wp-json\/wp\/v2\/posts\/67\/revisions"}],"predecessor-version":[{"id":71,"href":"https:\/\/pans.krosno.pl\/kola-naukowe\/wp-json\/wp\/v2\/posts\/67\/revisions\/71"}],"wp:featuredmedia":[{"embeddable":true,"href":"https:\/\/pans.krosno.pl\/kola-naukowe\/wp-json\/wp\/v2\/media\/70"}],"wp:attachment":[{"href":"https:\/\/pans.krosno.pl\/kola-naukowe\/wp-json\/wp\/v2\/media?parent=67"}],"wp:term":[{"taxonomy":"category","embeddable":true,"href":"https:\/\/pans.krosno.pl\/kola-naukowe\/wp-json\/wp\/v2\/categories?post=67"},{"taxonomy":"post_tag","embeddable":true,"href":"https:\/\/pans.krosno.pl\/kola-naukowe\/wp-json\/wp\/v2\/tags?post=67"}],"curies":[{"name":"wp","href":"https:\/\/api.w.org\/{rel}","templated":true}]}}