{"id":6591,"date":"2024-04-23T19:44:09","date_gmt":"2024-04-23T17:44:09","guid":{"rendered":"https:\/\/pans.krosno.pl\/kola-naukowe\/?p=6591"},"modified":"2024-04-23T19:48:00","modified_gmt":"2024-04-23T17:48:00","slug":"udzial-skn-ekonomistow-na-konferencji-naukowej-w-dnieprze","status":"publish","type":"post","link":"https:\/\/pans.krosno.pl\/kola-naukowe\/udzial-skn-ekonomistow-na-konferencji-naukowej-w-dnieprze\/","title":{"rendered":"Udzia\u0142 SKN Ekonomist\u00f3w na konferencji naukowej w Dnieprze"},"content":{"rendered":"<p>Sze\u015bciu student\u00f3w, cz\u0142onk\u00f3w SKN Ekonomist\u00f3w wzi\u0119\u0142o czynny udzia\u0142 (online) w The 36th Annual International Conference for Young Scientists and Students \u201eTransformation of economic systems and institutions in the new geostrategic realities\u201d<br \/>Konferencja odby\u0142a si\u0119 22-23 kwietnia 2024r. w Dnieprze, organizatorem by\u0142 ALFRED NOBEL UNIVERSITY, DNIPRO (UKRAINE) DEPARTMENT OF THE GLOBAL ECONOMICS.<\/p>\n\n\n<figure class=\"wp-block-image aligncenter size-full\"><img loading=\"lazy\" decoding=\"async\" width=\"552\" height=\"468\" src=\"https:\/\/pans.krosno.pl\/kola-naukowe\/wp-content\/uploads\/sites\/48\/2024\/04\/uczelnia.png\" alt=\"zdj\u0119cie frontu uniwersytetu w Dnieprze\" class=\"wp-image-6592\" srcset=\"https:\/\/pans.krosno.pl\/kola-naukowe\/wp-content\/uploads\/sites\/48\/2024\/04\/uczelnia.png 552w, https:\/\/pans.krosno.pl\/kola-naukowe\/wp-content\/uploads\/sites\/48\/2024\/04\/uczelnia-300x254.png 300w\" sizes=\"auto, (max-width: 552px) 100vw, 552px\" \/><\/figure>\n\n\n<p>Podczas konferencji w sesji referatowej wyst\u0105pili: Natalia Uliasz, Sylwia Nowak, Natalia Baran, Karolina Sondej, Dominika Zbylut, Sebastian Such.&nbsp;<\/p>\n<p>Wyg\u0142osili prezentacje b\u0119d\u0105ce ich wynikami bada\u0144.<\/p>\n<p>1. Sylwia Nowak, Natalia Baran, Natalia Uliasz &#8222;Ocena sytuacji finansowej student\u00f3w PANS w Kro\u015bnie\u201d. Ukaza\u0142 si\u0119 r\u00f3wnie\u017c artyku\u0142 naukowy.<br \/>2. Natalia Uliasz, Sylwia Nowak &#8222;Funkcje opakowa\u0144 a bezpiecze\u0144stwo \u017cywno\u015bci.&#8221;<br \/>3. Karolina Sondej, Dominika Zbylut &#8222;Innowacje w bran\u017cy e-commerce- analiza trend\u00f3w, wyzwa\u0144 i perspektyw przysz\u0142o\u015bciowych.&#8221;<br \/>4. Sebastian Such. Rynek, uprawa, zastosowanie i op\u0142acalno\u015b\u0107 konopi siewnych (w\u0142\u00f3knistych).<\/p>\n\n\n<figure class=\"wp-block-image size-large\"><img loading=\"lazy\" decoding=\"async\" width=\"1024\" height=\"576\" src=\"https:\/\/pans.krosno.pl\/kola-naukowe\/wp-content\/uploads\/sites\/48\/2024\/04\/image4-1-1024x576.jpeg\" alt=\"Sylwia Nowak referuje prezentacj\u0119-slajd tytu\u0142owy\" class=\"wp-image-6593\" srcset=\"https:\/\/pans.krosno.pl\/kola-naukowe\/wp-content\/uploads\/sites\/48\/2024\/04\/image4-1-1024x576.jpeg 1024w, https:\/\/pans.krosno.pl\/kola-naukowe\/wp-content\/uploads\/sites\/48\/2024\/04\/image4-1-300x169.jpeg 300w, https:\/\/pans.krosno.pl\/kola-naukowe\/wp-content\/uploads\/sites\/48\/2024\/04\/image4-1-768x432.jpeg 768w, https:\/\/pans.krosno.pl\/kola-naukowe\/wp-content\/uploads\/sites\/48\/2024\/04\/image4-1-1536x864.jpeg 1536w, https:\/\/pans.krosno.pl\/kola-naukowe\/wp-content\/uploads\/sites\/48\/2024\/04\/image4-1-800x450.jpeg 800w, https:\/\/pans.krosno.pl\/kola-naukowe\/wp-content\/uploads\/sites\/48\/2024\/04\/image4-1-270x152.jpeg 270w, https:\/\/pans.krosno.pl\/kola-naukowe\/wp-content\/uploads\/sites\/48\/2024\/04\/image4-1-580x326.jpeg 580w, https:\/\/pans.krosno.pl\/kola-naukowe\/wp-content\/uploads\/sites\/48\/2024\/04\/image4-1.jpeg 1920w\" sizes=\"auto, (max-width: 1024px) 100vw, 1024px\" \/><\/figure>\n\n\n\n<figure class=\"wp-block-image size-large\"><img loading=\"lazy\" decoding=\"async\" width=\"1024\" height=\"576\" src=\"https:\/\/pans.krosno.pl\/kola-naukowe\/wp-content\/uploads\/sites\/48\/2024\/04\/image2-1-1024x576.jpeg\" alt=\"Natalia Uliasz referuje prezentacj\u0119-slajd tytu\u0142owy\" class=\"wp-image-6594\" srcset=\"https:\/\/pans.krosno.pl\/kola-naukowe\/wp-content\/uploads\/sites\/48\/2024\/04\/image2-1-1024x576.jpeg 1024w, https:\/\/pans.krosno.pl\/kola-naukowe\/wp-content\/uploads\/sites\/48\/2024\/04\/image2-1-300x169.jpeg 300w, https:\/\/pans.krosno.pl\/kola-naukowe\/wp-content\/uploads\/sites\/48\/2024\/04\/image2-1-768x432.jpeg 768w, https:\/\/pans.krosno.pl\/kola-naukowe\/wp-content\/uploads\/sites\/48\/2024\/04\/image2-1-1536x864.jpeg 1536w, https:\/\/pans.krosno.pl\/kola-naukowe\/wp-content\/uploads\/sites\/48\/2024\/04\/image2-1-800x450.jpeg 800w, https:\/\/pans.krosno.pl\/kola-naukowe\/wp-content\/uploads\/sites\/48\/2024\/04\/image2-1-270x152.jpeg 270w, https:\/\/pans.krosno.pl\/kola-naukowe\/wp-content\/uploads\/sites\/48\/2024\/04\/image2-1-580x326.jpeg 580w, https:\/\/pans.krosno.pl\/kola-naukowe\/wp-content\/uploads\/sites\/48\/2024\/04\/image2-1.jpeg 1920w\" sizes=\"auto, (max-width: 1024px) 100vw, 1024px\" \/><\/figure>\n\n\n\n<figure class=\"wp-block-image size-large\"><img loading=\"lazy\" decoding=\"async\" width=\"1024\" height=\"544\" src=\"https:\/\/pans.krosno.pl\/kola-naukowe\/wp-content\/uploads\/sites\/48\/2024\/04\/Karolina-2-1024x544.jpg\" alt=\"Studentki  referuj\u0105 prezentacj\u0119-slajd wst\u0119p, wykres rozwoju rynku e-handlu w 2013-2021\" class=\"wp-image-6596\" srcset=\"https:\/\/pans.krosno.pl\/kola-naukowe\/wp-content\/uploads\/sites\/48\/2024\/04\/Karolina-2-1024x544.jpg 1024w, https:\/\/pans.krosno.pl\/kola-naukowe\/wp-content\/uploads\/sites\/48\/2024\/04\/Karolina-2-300x159.jpg 300w, https:\/\/pans.krosno.pl\/kola-naukowe\/wp-content\/uploads\/sites\/48\/2024\/04\/Karolina-2-768x408.jpg 768w, https:\/\/pans.krosno.pl\/kola-naukowe\/wp-content\/uploads\/sites\/48\/2024\/04\/Karolina-2-1536x816.jpg 1536w, https:\/\/pans.krosno.pl\/kola-naukowe\/wp-content\/uploads\/sites\/48\/2024\/04\/Karolina-2-800x425.jpg 800w, https:\/\/pans.krosno.pl\/kola-naukowe\/wp-content\/uploads\/sites\/48\/2024\/04\/Karolina-2-580x308.jpg 580w, https:\/\/pans.krosno.pl\/kola-naukowe\/wp-content\/uploads\/sites\/48\/2024\/04\/Karolina-2.jpg 1919w\" sizes=\"auto, (max-width: 1024px) 100vw, 1024px\" \/><\/figure>\n\n\n\n<figure class=\"wp-block-image size-large\"><img loading=\"lazy\" decoding=\"async\" width=\"1024\" height=\"576\" src=\"https:\/\/pans.krosno.pl\/kola-naukowe\/wp-content\/uploads\/sites\/48\/2024\/04\/such-1024x576.jpg\" alt=\"Sebastian Such referuje prezentacj\u0119\" class=\"wp-image-6597\" srcset=\"https:\/\/pans.krosno.pl\/kola-naukowe\/wp-content\/uploads\/sites\/48\/2024\/04\/such-1024x576.jpg 1024w, https:\/\/pans.krosno.pl\/kola-naukowe\/wp-content\/uploads\/sites\/48\/2024\/04\/such-300x169.jpg 300w, https:\/\/pans.krosno.pl\/kola-naukowe\/wp-content\/uploads\/sites\/48\/2024\/04\/such-768x432.jpg 768w, https:\/\/pans.krosno.pl\/kola-naukowe\/wp-content\/uploads\/sites\/48\/2024\/04\/such-1536x864.jpg 1536w, https:\/\/pans.krosno.pl\/kola-naukowe\/wp-content\/uploads\/sites\/48\/2024\/04\/such-800x450.jpg 800w, https:\/\/pans.krosno.pl\/kola-naukowe\/wp-content\/uploads\/sites\/48\/2024\/04\/such-270x152.jpg 270w, https:\/\/pans.krosno.pl\/kola-naukowe\/wp-content\/uploads\/sites\/48\/2024\/04\/such-580x326.jpg 580w, https:\/\/pans.krosno.pl\/kola-naukowe\/wp-content\/uploads\/sites\/48\/2024\/04\/such.jpg 1920w\" sizes=\"auto, (max-width: 1024px) 100vw, 1024px\" \/><\/figure>\n\n\n<p style=\"text-align: right\">Wszystkim bardzo gratulujemy.<\/p>\n<p style=\"text-align: right\">Opiekun ko\u0142a SKN Ekonomist\u00f3w: El\u017cbieta Br\u0105giel<\/p>","protected":false},"excerpt":{"rendered":"<p>Sze\u015bciu student\u00f3w, cz\u0142onk\u00f3w SKN Ekonomist\u00f3w wzi\u0119\u0142o czynny udzia\u0142 (online) w The 36th Annual International Conference for Young Scientists and Students \u201eTransformation of economic systems and institutions in the new geostrategic realities\u201dKonferencja odby\u0142a si\u0119 22-23 kwietnia 2024r. w Dnieprze, organizatorem by\u0142 ALFRED NOBEL UNIVERSITY, DNIPRO (UKRAINE) DEPARTMENT OF THE GLOBAL ECONOMICS. [\u2026] <\/p>\n<div class=\"clear\"><\/div>\n<p><a class=\"more_link clearfix\" href=\"https:\/\/pans.krosno.pl\/kola-naukowe\/udzial-skn-ekonomistow-na-konferencji-naukowej-w-dnieprze\/\" rel=\"nofollow\">Read More<\/a><\/p>\n","protected":false},"author":17,"featured_media":6592,"comment_status":"open","ping_status":"open","sticky":false,"template":"","format":"standard","meta":{"ngg_post_thumbnail":0,"footnotes":""},"categories":[2],"tags":[],"class_list":["post-6591","post","type-post","status-publish","format-standard","has-post-thumbnail","hentry","category-ekonomisci"],"yoast_head":"<!-- This site is optimized with the Yoast SEO Premium plugin v27.4 (Yoast SEO v27.4) - https:\/\/yoast.com\/product\/yoast-seo-premium-wordpress\/ -->\n<title>Udzia\u0142 SKN Ekonomist\u00f3w na konferencji naukowej w Dnieprze - Studenckie Ko\u0142a Naukowe PANS w Kro\u015bnie<\/title>\n<meta name=\"robots\" content=\"index, follow, max-snippet:-1, max-image-preview:large, max-video-preview:-1\" \/>\n<link rel=\"canonical\" href=\"https:\/\/pans.krosno.pl\/kola-naukowe\/udzial-skn-ekonomistow-na-konferencji-naukowej-w-dnieprze\/\" \/>\n<meta property=\"og:locale\" content=\"pl_PL\" \/>\n<meta property=\"og:type\" content=\"article\" \/>\n<meta property=\"og:title\" content=\"Udzia\u0142 SKN Ekonomist\u00f3w na konferencji naukowej w Dnieprze\" \/>\n<meta property=\"og:description\" content=\"Sze\u015bciu student\u00f3w, cz\u0142onk\u00f3w SKN Ekonomist\u00f3w wzi\u0119\u0142o czynny udzia\u0142 (online) w The 36th Annual International Conference for Young Scientists and Students \u201eTransformation of economic systems and institutions in the new geostrategic realities\u201dKonferencja odby\u0142a si\u0119 22-23 kwietnia 2024r. w Dnieprze, organizatorem by\u0142 ALFRED NOBEL UNIVERSITY, DNIPRO (UKRAINE) DEPARTMENT OF THE GLOBAL ECONOMICS. [\u2026] Read More\" \/>\n<meta property=\"og:url\" content=\"https:\/\/pans.krosno.pl\/kola-naukowe\/udzial-skn-ekonomistow-na-konferencji-naukowej-w-dnieprze\/\" \/>\n<meta property=\"og:site_name\" content=\"Studenckie Ko\u0142a Naukowe PANS w Kro\u015bnie\" \/>\n<meta property=\"article:published_time\" content=\"2024-04-23T17:44:09+00:00\" \/>\n<meta property=\"article:modified_time\" content=\"2024-04-23T17:48:00+00:00\" \/>\n<meta property=\"og:image\" content=\"https:\/\/pans.krosno.pl\/wp-content\/uploads\/sites\/48\/2024\/04\/uczelnia.png\" \/>\n\t<meta property=\"og:image:width\" content=\"552\" \/>\n\t<meta property=\"og:image:height\" content=\"468\" \/>\n\t<meta property=\"og:image:type\" content=\"image\/png\" \/>\n<meta name=\"author\" content=\"elzbietabragiel\" \/>\n<meta name=\"twitter:card\" content=\"summary_large_image\" \/>\n<meta name=\"twitter:label1\" content=\"Napisane przez\" \/>\n\t<meta name=\"twitter:data1\" content=\"elzbietabragiel\" \/>\n\t<meta name=\"twitter:label2\" content=\"Szacowany czas czytania\" \/>\n\t<meta name=\"twitter:data2\" content=\"3 minuty\" \/>\n<script type=\"application\/ld+json\" class=\"yoast-schema-graph\">{\"@context\":\"https:\\\/\\\/schema.org\",\"@graph\":[{\"@type\":\"Article\",\"@id\":\"https:\\\/\\\/pans.krosno.pl\\\/kola-naukowe\\\/udzial-skn-ekonomistow-na-konferencji-naukowej-w-dnieprze\\\/#article\",\"isPartOf\":{\"@id\":\"https:\\\/\\\/pans.krosno.pl\\\/kola-naukowe\\\/udzial-skn-ekonomistow-na-konferencji-naukowej-w-dnieprze\\\/\"},\"author\":{\"name\":\"elzbietabragiel\",\"@id\":\"https:\\\/\\\/pans.krosno.pl\\\/kola-naukowe\\\/#\\\/schema\\\/person\\\/5234d538b37281133cebfcf174124540\"},\"headline\":\"Udzia\u0142 SKN Ekonomist\u00f3w na konferencji naukowej w Dnieprze\",\"datePublished\":\"2024-04-23T17:44:09+00:00\",\"dateModified\":\"2024-04-23T17:48:00+00:00\",\"mainEntityOfPage\":{\"@id\":\"https:\\\/\\\/pans.krosno.pl\\\/kola-naukowe\\\/udzial-skn-ekonomistow-na-konferencji-naukowej-w-dnieprze\\\/\"},\"wordCount\":171,\"commentCount\":0,\"publisher\":{\"@id\":\"https:\\\/\\\/pans.krosno.pl\\\/kola-naukowe\\\/#organization\"},\"image\":{\"@id\":\"https:\\\/\\\/pans.krosno.pl\\\/kola-naukowe\\\/udzial-skn-ekonomistow-na-konferencji-naukowej-w-dnieprze\\\/#primaryimage\"},\"thumbnailUrl\":\"https:\\\/\\\/pans.krosno.pl\\\/kola-naukowe\\\/wp-content\\\/uploads\\\/sites\\\/48\\\/2024\\\/04\\\/uczelnia.png\",\"articleSection\":[\"Ekonomi\u015bci\"],\"inLanguage\":\"pl-PL\",\"potentialAction\":[{\"@type\":\"CommentAction\",\"name\":\"Comment\",\"target\":[\"https:\\\/\\\/pans.krosno.pl\\\/kola-naukowe\\\/udzial-skn-ekonomistow-na-konferencji-naukowej-w-dnieprze\\\/#respond\"]}]},{\"@type\":\"WebPage\",\"@id\":\"https:\\\/\\\/pans.krosno.pl\\\/kola-naukowe\\\/udzial-skn-ekonomistow-na-konferencji-naukowej-w-dnieprze\\\/\",\"url\":\"https:\\\/\\\/pans.krosno.pl\\\/kola-naukowe\\\/udzial-skn-ekonomistow-na-konferencji-naukowej-w-dnieprze\\\/\",\"name\":\"Udzia\u0142 SKN Ekonomist\u00f3w na konferencji naukowej w Dnieprze - Studenckie Ko\u0142a Naukowe PANS w Kro\u015bnie\",\"isPartOf\":{\"@id\":\"https:\\\/\\\/pans.krosno.pl\\\/kola-naukowe\\\/#website\"},\"primaryImageOfPage\":{\"@id\":\"https:\\\/\\\/pans.krosno.pl\\\/kola-naukowe\\\/udzial-skn-ekonomistow-na-konferencji-naukowej-w-dnieprze\\\/#primaryimage\"},\"image\":{\"@id\":\"https:\\\/\\\/pans.krosno.pl\\\/kola-naukowe\\\/udzial-skn-ekonomistow-na-konferencji-naukowej-w-dnieprze\\\/#primaryimage\"},\"thumbnailUrl\":\"https:\\\/\\\/pans.krosno.pl\\\/kola-naukowe\\\/wp-content\\\/uploads\\\/sites\\\/48\\\/2024\\\/04\\\/uczelnia.png\",\"datePublished\":\"2024-04-23T17:44:09+00:00\",\"dateModified\":\"2024-04-23T17:48:00+00:00\",\"breadcrumb\":{\"@id\":\"https:\\\/\\\/pans.krosno.pl\\\/kola-naukowe\\\/udzial-skn-ekonomistow-na-konferencji-naukowej-w-dnieprze\\\/#breadcrumb\"},\"inLanguage\":\"pl-PL\",\"potentialAction\":[{\"@type\":\"ReadAction\",\"target\":[\"https:\\\/\\\/pans.krosno.pl\\\/kola-naukowe\\\/udzial-skn-ekonomistow-na-konferencji-naukowej-w-dnieprze\\\/\"]}]},{\"@type\":\"ImageObject\",\"inLanguage\":\"pl-PL\",\"@id\":\"https:\\\/\\\/pans.krosno.pl\\\/kola-naukowe\\\/udzial-skn-ekonomistow-na-konferencji-naukowej-w-dnieprze\\\/#primaryimage\",\"url\":\"https:\\\/\\\/pans.krosno.pl\\\/kola-naukowe\\\/wp-content\\\/uploads\\\/sites\\\/48\\\/2024\\\/04\\\/uczelnia.png\",\"contentUrl\":\"https:\\\/\\\/pans.krosno.pl\\\/kola-naukowe\\\/wp-content\\\/uploads\\\/sites\\\/48\\\/2024\\\/04\\\/uczelnia.png\",\"width\":552,\"height\":468},{\"@type\":\"BreadcrumbList\",\"@id\":\"https:\\\/\\\/pans.krosno.pl\\\/kola-naukowe\\\/udzial-skn-ekonomistow-na-konferencji-naukowej-w-dnieprze\\\/#breadcrumb\",\"itemListElement\":[{\"@type\":\"ListItem\",\"position\":1,\"name\":\"Strona g\u0142\u00f3wna\",\"item\":\"https:\\\/\\\/pans.krosno.pl\\\/kola-naukowe\\\/\"},{\"@type\":\"ListItem\",\"position\":2,\"name\":\"Udzia\u0142 SKN Ekonomist\u00f3w na konferencji naukowej w Dnieprze\"}]},{\"@type\":\"WebSite\",\"@id\":\"https:\\\/\\\/pans.krosno.pl\\\/kola-naukowe\\\/#website\",\"url\":\"https:\\\/\\\/pans.krosno.pl\\\/kola-naukowe\\\/\",\"name\":\"Studenckie Ko\u0142a Naukowe PANS w Kro\u015bnie\",\"description\":\"Studenckie Ko\u0142a Naukowe - Pa\u0144stwowa Akademia Nauk Stosowanych\",\"publisher\":{\"@id\":\"https:\\\/\\\/pans.krosno.pl\\\/kola-naukowe\\\/#organization\"},\"potentialAction\":[{\"@type\":\"SearchAction\",\"target\":{\"@type\":\"EntryPoint\",\"urlTemplate\":\"https:\\\/\\\/pans.krosno.pl\\\/kola-naukowe\\\/?s={search_term_string}\"},\"query-input\":{\"@type\":\"PropertyValueSpecification\",\"valueRequired\":true,\"valueName\":\"search_term_string\"}}],\"inLanguage\":\"pl-PL\"},{\"@type\":\"Organization\",\"@id\":\"https:\\\/\\\/pans.krosno.pl\\\/kola-naukowe\\\/#organization\",\"name\":\"Studenckie Ko\u0142a Naukowe PANS w Kro\u015bnie\",\"url\":\"https:\\\/\\\/pans.krosno.pl\\\/kola-naukowe\\\/\",\"logo\":{\"@type\":\"ImageObject\",\"inLanguage\":\"pl-PL\",\"@id\":\"https:\\\/\\\/pans.krosno.pl\\\/kola-naukowe\\\/#\\\/schema\\\/logo\\\/image\\\/\",\"url\":\"https:\\\/\\\/pans.krosno.pl\\\/kola-naukowe\\\/wp-content\\\/uploads\\\/sites\\\/48\\\/2023\\\/01\\\/Logo-PANS-2022-pelne.png\",\"contentUrl\":\"https:\\\/\\\/pans.krosno.pl\\\/kola-naukowe\\\/wp-content\\\/uploads\\\/sites\\\/48\\\/2023\\\/01\\\/Logo-PANS-2022-pelne.png\",\"width\":3096,\"height\":696,\"caption\":\"Studenckie Ko\u0142a Naukowe PANS w Kro\u015bnie\"},\"image\":{\"@id\":\"https:\\\/\\\/pans.krosno.pl\\\/kola-naukowe\\\/#\\\/schema\\\/logo\\\/image\\\/\"}},{\"@type\":\"Person\",\"@id\":\"https:\\\/\\\/pans.krosno.pl\\\/kola-naukowe\\\/#\\\/schema\\\/person\\\/5234d538b37281133cebfcf174124540\",\"name\":\"elzbietabragiel\",\"image\":{\"@type\":\"ImageObject\",\"inLanguage\":\"pl-PL\",\"@id\":\"https:\\\/\\\/secure.gravatar.com\\\/avatar\\\/bcc708f308dc4018a34d44dfaa286089751c22f62d1a00bda271b3333c84bc0b?s=96&d=mm&r=g\",\"url\":\"https:\\\/\\\/secure.gravatar.com\\\/avatar\\\/bcc708f308dc4018a34d44dfaa286089751c22f62d1a00bda271b3333c84bc0b?s=96&d=mm&r=g\",\"contentUrl\":\"https:\\\/\\\/secure.gravatar.com\\\/avatar\\\/bcc708f308dc4018a34d44dfaa286089751c22f62d1a00bda271b3333c84bc0b?s=96&d=mm&r=g\",\"caption\":\"elzbietabragiel\"},\"url\":\"https:\\\/\\\/pans.krosno.pl\\\/kola-naukowe\\\/author\\\/elzbietabragiel\\\/\"}]}<\/script>\n<!-- \/ Yoast SEO Premium plugin. -->","yoast_head_json":{"title":"Udzia\u0142 SKN Ekonomist\u00f3w na konferencji naukowej w Dnieprze - Studenckie Ko\u0142a Naukowe PANS w Kro\u015bnie","robots":{"index":"index","follow":"follow","max-snippet":"max-snippet:-1","max-image-preview":"max-image-preview:large","max-video-preview":"max-video-preview:-1"},"canonical":"https:\/\/pans.krosno.pl\/kola-naukowe\/udzial-skn-ekonomistow-na-konferencji-naukowej-w-dnieprze\/","og_locale":"pl_PL","og_type":"article","og_title":"Udzia\u0142 SKN Ekonomist\u00f3w na konferencji naukowej w Dnieprze","og_description":"Sze\u015bciu student\u00f3w, cz\u0142onk\u00f3w SKN Ekonomist\u00f3w wzi\u0119\u0142o czynny udzia\u0142 (online) w The 36th Annual International Conference for Young Scientists and Students \u201eTransformation of economic systems and institutions in the new geostrategic realities\u201dKonferencja odby\u0142a si\u0119 22-23 kwietnia 2024r. w Dnieprze, organizatorem by\u0142 ALFRED NOBEL UNIVERSITY, DNIPRO (UKRAINE) DEPARTMENT OF THE GLOBAL ECONOMICS. [\u2026] Read More","og_url":"https:\/\/pans.krosno.pl\/kola-naukowe\/udzial-skn-ekonomistow-na-konferencji-naukowej-w-dnieprze\/","og_site_name":"Studenckie Ko\u0142a Naukowe PANS w Kro\u015bnie","article_published_time":"2024-04-23T17:44:09+00:00","article_modified_time":"2024-04-23T17:48:00+00:00","og_image":[{"width":552,"height":468,"url":"https:\/\/pans.krosno.pl\/wp-content\/uploads\/sites\/48\/2024\/04\/uczelnia.png","type":"image\/png"}],"author":"elzbietabragiel","twitter_card":"summary_large_image","twitter_misc":{"Napisane przez":"elzbietabragiel","Szacowany czas czytania":"3 minuty"},"schema":{"@context":"https:\/\/schema.org","@graph":[{"@type":"Article","@id":"https:\/\/pans.krosno.pl\/kola-naukowe\/udzial-skn-ekonomistow-na-konferencji-naukowej-w-dnieprze\/#article","isPartOf":{"@id":"https:\/\/pans.krosno.pl\/kola-naukowe\/udzial-skn-ekonomistow-na-konferencji-naukowej-w-dnieprze\/"},"author":{"name":"elzbietabragiel","@id":"https:\/\/pans.krosno.pl\/kola-naukowe\/#\/schema\/person\/5234d538b37281133cebfcf174124540"},"headline":"Udzia\u0142 SKN Ekonomist\u00f3w na konferencji naukowej w Dnieprze","datePublished":"2024-04-23T17:44:09+00:00","dateModified":"2024-04-23T17:48:00+00:00","mainEntityOfPage":{"@id":"https:\/\/pans.krosno.pl\/kola-naukowe\/udzial-skn-ekonomistow-na-konferencji-naukowej-w-dnieprze\/"},"wordCount":171,"commentCount":0,"publisher":{"@id":"https:\/\/pans.krosno.pl\/kola-naukowe\/#organization"},"image":{"@id":"https:\/\/pans.krosno.pl\/kola-naukowe\/udzial-skn-ekonomistow-na-konferencji-naukowej-w-dnieprze\/#primaryimage"},"thumbnailUrl":"https:\/\/pans.krosno.pl\/kola-naukowe\/wp-content\/uploads\/sites\/48\/2024\/04\/uczelnia.png","articleSection":["Ekonomi\u015bci"],"inLanguage":"pl-PL","potentialAction":[{"@type":"CommentAction","name":"Comment","target":["https:\/\/pans.krosno.pl\/kola-naukowe\/udzial-skn-ekonomistow-na-konferencji-naukowej-w-dnieprze\/#respond"]}]},{"@type":"WebPage","@id":"https:\/\/pans.krosno.pl\/kola-naukowe\/udzial-skn-ekonomistow-na-konferencji-naukowej-w-dnieprze\/","url":"https:\/\/pans.krosno.pl\/kola-naukowe\/udzial-skn-ekonomistow-na-konferencji-naukowej-w-dnieprze\/","name":"Udzia\u0142 SKN Ekonomist\u00f3w na konferencji naukowej w Dnieprze - Studenckie Ko\u0142a Naukowe PANS w Kro\u015bnie","isPartOf":{"@id":"https:\/\/pans.krosno.pl\/kola-naukowe\/#website"},"primaryImageOfPage":{"@id":"https:\/\/pans.krosno.pl\/kola-naukowe\/udzial-skn-ekonomistow-na-konferencji-naukowej-w-dnieprze\/#primaryimage"},"image":{"@id":"https:\/\/pans.krosno.pl\/kola-naukowe\/udzial-skn-ekonomistow-na-konferencji-naukowej-w-dnieprze\/#primaryimage"},"thumbnailUrl":"https:\/\/pans.krosno.pl\/kola-naukowe\/wp-content\/uploads\/sites\/48\/2024\/04\/uczelnia.png","datePublished":"2024-04-23T17:44:09+00:00","dateModified":"2024-04-23T17:48:00+00:00","breadcrumb":{"@id":"https:\/\/pans.krosno.pl\/kola-naukowe\/udzial-skn-ekonomistow-na-konferencji-naukowej-w-dnieprze\/#breadcrumb"},"inLanguage":"pl-PL","potentialAction":[{"@type":"ReadAction","target":["https:\/\/pans.krosno.pl\/kola-naukowe\/udzial-skn-ekonomistow-na-konferencji-naukowej-w-dnieprze\/"]}]},{"@type":"ImageObject","inLanguage":"pl-PL","@id":"https:\/\/pans.krosno.pl\/kola-naukowe\/udzial-skn-ekonomistow-na-konferencji-naukowej-w-dnieprze\/#primaryimage","url":"https:\/\/pans.krosno.pl\/kola-naukowe\/wp-content\/uploads\/sites\/48\/2024\/04\/uczelnia.png","contentUrl":"https:\/\/pans.krosno.pl\/kola-naukowe\/wp-content\/uploads\/sites\/48\/2024\/04\/uczelnia.png","width":552,"height":468},{"@type":"BreadcrumbList","@id":"https:\/\/pans.krosno.pl\/kola-naukowe\/udzial-skn-ekonomistow-na-konferencji-naukowej-w-dnieprze\/#breadcrumb","itemListElement":[{"@type":"ListItem","position":1,"name":"Strona g\u0142\u00f3wna","item":"https:\/\/pans.krosno.pl\/kola-naukowe\/"},{"@type":"ListItem","position":2,"name":"Udzia\u0142 SKN Ekonomist\u00f3w na konferencji naukowej w Dnieprze"}]},{"@type":"WebSite","@id":"https:\/\/pans.krosno.pl\/kola-naukowe\/#website","url":"https:\/\/pans.krosno.pl\/kola-naukowe\/","name":"Studenckie Ko\u0142a Naukowe PANS w Kro\u015bnie","description":"Studenckie Ko\u0142a Naukowe - Pa\u0144stwowa Akademia Nauk Stosowanych","publisher":{"@id":"https:\/\/pans.krosno.pl\/kola-naukowe\/#organization"},"potentialAction":[{"@type":"SearchAction","target":{"@type":"EntryPoint","urlTemplate":"https:\/\/pans.krosno.pl\/kola-naukowe\/?s={search_term_string}"},"query-input":{"@type":"PropertyValueSpecification","valueRequired":true,"valueName":"search_term_string"}}],"inLanguage":"pl-PL"},{"@type":"Organization","@id":"https:\/\/pans.krosno.pl\/kola-naukowe\/#organization","name":"Studenckie Ko\u0142a Naukowe PANS w Kro\u015bnie","url":"https:\/\/pans.krosno.pl\/kola-naukowe\/","logo":{"@type":"ImageObject","inLanguage":"pl-PL","@id":"https:\/\/pans.krosno.pl\/kola-naukowe\/#\/schema\/logo\/image\/","url":"https:\/\/pans.krosno.pl\/kola-naukowe\/wp-content\/uploads\/sites\/48\/2023\/01\/Logo-PANS-2022-pelne.png","contentUrl":"https:\/\/pans.krosno.pl\/kola-naukowe\/wp-content\/uploads\/sites\/48\/2023\/01\/Logo-PANS-2022-pelne.png","width":3096,"height":696,"caption":"Studenckie Ko\u0142a Naukowe PANS w Kro\u015bnie"},"image":{"@id":"https:\/\/pans.krosno.pl\/kola-naukowe\/#\/schema\/logo\/image\/"}},{"@type":"Person","@id":"https:\/\/pans.krosno.pl\/kola-naukowe\/#\/schema\/person\/5234d538b37281133cebfcf174124540","name":"elzbietabragiel","image":{"@type":"ImageObject","inLanguage":"pl-PL","@id":"https:\/\/secure.gravatar.com\/avatar\/bcc708f308dc4018a34d44dfaa286089751c22f62d1a00bda271b3333c84bc0b?s=96&d=mm&r=g","url":"https:\/\/secure.gravatar.com\/avatar\/bcc708f308dc4018a34d44dfaa286089751c22f62d1a00bda271b3333c84bc0b?s=96&d=mm&r=g","contentUrl":"https:\/\/secure.gravatar.com\/avatar\/bcc708f308dc4018a34d44dfaa286089751c22f62d1a00bda271b3333c84bc0b?s=96&d=mm&r=g","caption":"elzbietabragiel"},"url":"https:\/\/pans.krosno.pl\/kola-naukowe\/author\/elzbietabragiel\/"}]}},"_links":{"self":[{"href":"https:\/\/pans.krosno.pl\/kola-naukowe\/wp-json\/wp\/v2\/posts\/6591","targetHints":{"allow":["GET"]}}],"collection":[{"href":"https:\/\/pans.krosno.pl\/kola-naukowe\/wp-json\/wp\/v2\/posts"}],"about":[{"href":"https:\/\/pans.krosno.pl\/kola-naukowe\/wp-json\/wp\/v2\/types\/post"}],"author":[{"embeddable":true,"href":"https:\/\/pans.krosno.pl\/kola-naukowe\/wp-json\/wp\/v2\/users\/17"}],"replies":[{"embeddable":true,"href":"https:\/\/pans.krosno.pl\/kola-naukowe\/wp-json\/wp\/v2\/comments?post=6591"}],"version-history":[{"count":2,"href":"https:\/\/pans.krosno.pl\/kola-naukowe\/wp-json\/wp\/v2\/posts\/6591\/revisions"}],"predecessor-version":[{"id":6600,"href":"https:\/\/pans.krosno.pl\/kola-naukowe\/wp-json\/wp\/v2\/posts\/6591\/revisions\/6600"}],"wp:featuredmedia":[{"embeddable":true,"href":"https:\/\/pans.krosno.pl\/kola-naukowe\/wp-json\/wp\/v2\/media\/6592"}],"wp:attachment":[{"href":"https:\/\/pans.krosno.pl\/kola-naukowe\/wp-json\/wp\/v2\/media?parent=6591"}],"wp:term":[{"taxonomy":"category","embeddable":true,"href":"https:\/\/pans.krosno.pl\/kola-naukowe\/wp-json\/wp\/v2\/categories?post=6591"},{"taxonomy":"post_tag","embeddable":true,"href":"https:\/\/pans.krosno.pl\/kola-naukowe\/wp-json\/wp\/v2\/tags?post=6591"}],"curies":[{"name":"wp","href":"https:\/\/api.w.org\/{rel}","templated":true}]}}